{"id":13012,"date":"2021-06-11T16:05:06","date_gmt":"2021-06-11T16:05:06","guid":{"rendered":"http:\/\/www.lichen.pl\/?p=13012"},"modified":"2021-06-16T13:07:57","modified_gmt":"2021-06-16T13:07:57","slug":"uroczystosc-najswietszego-serca-pana-jezusa","status":"publish","type":"post","link":"https:\/\/www.lichen.pl\/it\/uroczystosc-najswietszego-serca-pana-jezusa\/","title":{"rendered":"Solennit\u00e0 del Sacro Cuore di Ges\u00f9"},"content":{"rendered":"<div data-elementor-type=\"wp-post\" data-elementor-id=\"13012\" class=\"elementor elementor-13012\" data-elementor-post-type=\"post\">\n\t\t\t\t\t\t<section class=\"elementor-section elementor-top-section elementor-element elementor-element-45158c17 elementor-section-boxed elementor-section-height-default elementor-section-height-default\" data-id=\"45158c17\" data-element_type=\"section\" data-e-type=\"section\">\n\t\t\t\t\t\t<div class=\"elementor-container elementor-column-gap-default\">\n\t\t\t\t\t<div class=\"elementor-column elementor-col-100 elementor-top-column elementor-element elementor-element-1b4ac0dc\" data-id=\"1b4ac0dc\" data-element_type=\"column\" data-e-type=\"column\">\n\t\t\t<div class=\"elementor-widget-wrap elementor-element-populated\">\n\t\t\t\t\t\t<div class=\"elementor-element elementor-element-5ce9d7a elementor-widget elementor-widget-heading\" data-id=\"5ce9d7a\" data-element_type=\"widget\" data-e-type=\"widget\" data-widget_type=\"heading.default\">\n\t\t\t\t<div class=\"elementor-widget-container\">\n\t\t\t\t\t<h2 class=\"elementor-heading-title elementor-size-default\">Nella festa del Sacro Cuore di Ges\u00f9 \u00e8 stato rinnovato l&#039;Atto di Dedicazione della Nazione Polacca al Sacro Cuore di Ges\u00f9<\/h2>\t\t\t\t<\/div>\n\t\t\t\t<\/div>\n\t\t\t\t<section class=\"elementor-section elementor-inner-section elementor-element elementor-element-6b33ab8 elementor-section-boxed elementor-section-height-default elementor-section-height-default\" data-id=\"6b33ab8\" data-element_type=\"section\" data-e-type=\"section\">\n\t\t\t\t\t\t<div class=\"elementor-container elementor-column-gap-default\">\n\t\t\t\t\t<div class=\"elementor-column elementor-col-50 elementor-inner-column elementor-element elementor-element-65783a5\" data-id=\"65783a5\" data-element_type=\"column\" data-e-type=\"column\">\n\t\t\t<div class=\"elementor-widget-wrap elementor-element-populated\">\n\t\t\t\t\t\t<div class=\"elementor-element elementor-element-9744b5c elementor-blockquote--skin-quotation elementor-blockquote--align-center elementor-widget elementor-widget-blockquote\" data-id=\"9744b5c\" data-element_type=\"widget\" data-e-type=\"widget\" data-widget_type=\"blockquote.default\">\n\t\t\t\t<div class=\"elementor-widget-container\">\n\t\t\t\t\t\t\t<blockquote class=\"elementor-blockquote\">\n\t\t\t<p class=\"elementor-blockquote__content\">\n\t\t\t\tOgnuno ha un cuore, ma \u00e8 diverso con esso. Qualcuno pu\u00f2 avere un cuore d&#039;oro e qualcun altro ha un cuore di pietra. Il Signore Ges\u00f9 \u00e8 capace di guarire i nostri cuori perch\u00e9 Egli \u00e8 il modello dell&#039;amore pi\u00f9 perfetto. \u00c8 oggi, in questa solennit\u00e0, che meditiamo l&#039;infinito amore di Dio manifestato nel suo cuore. ... Dio ci ama. \u00c8 Lui che ci ha chiamato ad esistere per sempre. E vivremo per sempre - questa \u00e8 la Sua volont\u00e0. Dio vuole che stiamo con Lui per tutta l&#039;eternit\u00e0\t\t\t<\/p>\n\t\t\t\t\t\t\t<div class=\"e-q-footer\">\n\t\t\t\t\t\t\t\t\t\t\t<cite class=\"elementor-blockquote__author\">Fr. Janusz Kumala, MIC, 11 giugno 2021<\/cite>\n\t\t\t\t\t\t\t\t\t\t\t\t\t\t<\/div>\n\t\t\t\t\t<\/blockquote>\n\t\t\t\t\t\t<\/div>\n\t\t\t\t<\/div>\n\t\t\t\t\t<\/div>\n\t\t<\/div>\n\t\t\t\t<div class=\"elementor-column elementor-col-50 elementor-inner-column elementor-element elementor-element-b454a57\" data-id=\"b454a57\" data-element_type=\"column\" data-e-type=\"column\">\n\t\t\t<div class=\"elementor-widget-wrap elementor-element-populated\">\n\t\t\t\t\t\t<div class=\"elementor-element elementor-element-689539f elementor-widget elementor-widget-image\" data-id=\"689539f\" data-element_type=\"widget\" data-e-type=\"widget\" data-widget_type=\"image.default\">\n\t\t\t\t<div class=\"elementor-widget-container\">\n\t\t\t\t\t\t\t\t\t\t\t\t\t\t\t<img fetchpriority=\"high\" decoding=\"async\" width=\"768\" height=\"512\" src=\"https:\/\/www.lichen.pl\/wp-content\/uploads\/2021\/06\/Serce-Jezusa-768x512.jpg\" class=\"attachment-medium_large size-medium_large wp-image-13025\" alt=\"\" srcset=\"https:\/\/www.lichen.pl\/wp-content\/uploads\/2021\/06\/Serce-Jezusa-768x512.jpg 768w, https:\/\/www.lichen.pl\/wp-content\/uploads\/2021\/06\/Serce-Jezusa-800x534.jpg 800w, https:\/\/www.lichen.pl\/wp-content\/uploads\/2021\/06\/Serce-Jezusa-300x200.jpg 300w, https:\/\/www.lichen.pl\/wp-content\/uploads\/2021\/06\/Serce-Jezusa.jpg 1024w\" sizes=\"(max-width: 768px) 100vw, 768px\" \/>\t\t\t\t\t\t\t\t\t\t\t\t\t\t\t<\/div>\n\t\t\t\t<\/div>\n\t\t\t\t\t<\/div>\n\t\t<\/div>\n\t\t\t\t\t<\/div>\n\t\t<\/section>\n\t\t\t\t<div class=\"elementor-element elementor-element-7081e47 elementor-widget elementor-widget-spacer\" data-id=\"7081e47\" data-element_type=\"widget\" data-e-type=\"widget\" data-widget_type=\"spacer.default\">\n\t\t\t\t<div class=\"elementor-widget-container\">\n\t\t\t\t\t\t\t<div class=\"elementor-spacer\">\n\t\t\t<div class=\"elementor-spacer-inner\"><\/div>\n\t\t<\/div>\n\t\t\t\t\t\t<\/div>\n\t\t\t\t<\/div>\n\t\t\t\t<div class=\"elementor-element elementor-element-b31d1d3 elementor-widget elementor-widget-text-editor\" data-id=\"b31d1d3\" data-element_type=\"widget\" data-e-type=\"widget\" data-widget_type=\"text-editor.default\">\n\t\t\t\t<div class=\"elementor-widget-container\">\n\t\t\t\t\t\t\t\t\t<p>Prima dell&#039;inizio della Santa Messa, alle 11.30, nel tempio di Liche\u0144, \u00e8 stato recitato il rosario nell&#039;ambito della staffetta del rosario annuale mondiale per la santificazione dei sacerdoti. La preghiera \u00e8 stata guidata da p. Adam Stankiewicz, MIC, vice-curatore del santuario.<\/p><p>Messa meridionale. \u00e8 stato presieduto da p. Janusz Kumala, MIC, che ha letto l&#039;Atto di Dedicazione della Nazione Polacca al Sacro Cuore di Ges\u00f9 Cristo a nome dei fedeli.<\/p><p>Nell&#039;omelia di p. Kumala ha sottolineato che la nostra presenza nel santuario mariano ci incoraggia a migliorare il nostro rapporto con Ges\u00f9 in modo da poter vivere la vita con Lui. Riferendosi all&#039;odierna Solennit\u00e0 del Sacro Cuore di Ges\u00f9, la Mariana ha detto che guardando il Cuore di Ges\u00f9, dovremmo riflettere sul nostro stesso cuore. Ha anche sottolineato che Dio ci d\u00e0 la libert\u00e0 di scegliere. E proprio come i genitori si prendono cura dei loro figli, Dio si prende cura di noi. - <em>\u201cDio ci guarda con gioia e speranza mentre camminiamo sulla via dei comandamenti. Ci ama sempre ed \u00e8 felice che, nonostante tante difficolt\u00e0, rimaniamo con lui&quot;<\/em>.<\/p><p>Alla messa hanno partecipato i bambini della comunione, giunti al santuario per ringraziare del dono di aver accolto per la prima volta Ges\u00f9 nel loro cuore. Il sacerdote ha sottolineato che ringraziano Dio in primo luogo per averli chiamati alla vita nel suo amore infinito. Poi, la gratitudine \u00e8 dovuta a tutti coloro che hanno aiutato i bambini a raggiungere la Prima Comunione: genitori, padrini, catechisti e sacerdoti che li guidano nel cammino della fede.<\/p><p>Prima della fine della Messa, Si rinnova l&#039;Atto di Dedicazione della Nazione Polacca al Sacro Cuore di Ges\u00f9. A nome suo e dei fedeli presenti nella basilica del Lichene, p. Janusz Kumala, MIC. La lettura dell&#039;atto \u00e8 stata preceduta dall&#039;esposizione del Santissimo Sacramento e delle litanie al Cuore di Ges\u00f9.<\/p>\t\t\t\t\t\t\t\t<\/div>\n\t\t\t\t<\/div>\n\t\t\t\t<div class=\"elementor-element elementor-element-d1dea37 elementor-blockquote--skin-quotation elementor-blockquote--align-center elementor-widget elementor-widget-blockquote\" data-id=\"d1dea37\" data-element_type=\"widget\" data-e-type=\"widget\" data-widget_type=\"blockquote.default\">\n\t\t\t\t<div class=\"elementor-widget-container\">\n\t\t\t\t\t\t\t<blockquote class=\"elementor-blockquote\">\n\t\t\t<p class=\"elementor-blockquote__content\">\n\t\t\t\tNon abbiamo paura di essere migliori. Questo \u00e8 realizzabile. Se Ges\u00f9 \u00e8 nel tuo cuore, ti guider\u00e0 e ti rafforzer\u00e0 con il suo amore\t\t\t<\/p>\n\t\t\t\t\t\t\t<div class=\"e-q-footer\">\n\t\t\t\t\t\t\t\t\t\t\t<cite class=\"elementor-blockquote__author\">Fr. Janusz Kumala, MIC, 11 giugno 2021<\/cite>\n\t\t\t\t\t\t\t\t\t\t\t\t\t\t<\/div>\n\t\t\t\t\t<\/blockquote>\n\t\t\t\t\t\t<\/div>\n\t\t\t\t<\/div>\n\t\t\t\t<div class=\"elementor-element elementor-element-e8b507a elementor-widget elementor-widget-text-editor\" data-id=\"e8b507a\" data-element_type=\"widget\" data-e-type=\"widget\" data-widget_type=\"text-editor.default\">\n\t\t\t\t<div class=\"elementor-widget-container\">\n\t\t\t\t\t\t\t\t\t<p>Testo: Robert Adamczyk, Ufficio stampa del Santuario<\/p>\t\t\t\t\t\t\t\t<\/div>\n\t\t\t\t<\/div>\n\t\t\t\t<div class=\"elementor-element elementor-element-f4802a5 elementor-widget-divider--view-line_icon elementor-view-default elementor-widget-divider--element-align-center elementor-widget elementor-widget-divider\" data-id=\"f4802a5\" data-element_type=\"widget\" data-e-type=\"widget\" data-widget_type=\"divider.default\">\n\t\t\t\t<div class=\"elementor-widget-container\">\n\t\t\t\t\t\t\t<div class=\"elementor-divider\">\n\t\t\t<span class=\"elementor-divider-separator\">\n\t\t\t\t\t\t\t<div class=\"elementor-icon elementor-divider__element\">\n\t\t\t\t\t<i aria-hidden=\"true\" class=\"fas fa-camera\"><\/i><\/div>\n\t\t\t\t\t\t<\/span>\n\t\t<\/div>\n\t\t\t\t\t\t<\/div>\n\t\t\t\t<\/div>\n\t\t\t\t<div class=\"elementor-element elementor-element-6f69838 elementor-widget elementor-widget-gallery\" data-id=\"6f69838\" data-element_type=\"widget\" data-e-type=\"widget\" data-settings=\"{&quot;columns&quot;:5,&quot;gap&quot;:{&quot;unit&quot;:&quot;px&quot;,&quot;size&quot;:24,&quot;sizes&quot;:[]},&quot;lazyload&quot;:&quot;yes&quot;,&quot;gallery_layout&quot;:&quot;grid&quot;,&quot;columns_tablet&quot;:2,&quot;columns_mobile&quot;:1,&quot;gap_tablet&quot;:{&quot;unit&quot;:&quot;px&quot;,&quot;size&quot;:10,&quot;sizes&quot;:[]},&quot;gap_mobile&quot;:{&quot;unit&quot;:&quot;px&quot;,&quot;size&quot;:10,&quot;sizes&quot;:[]},&quot;link_to&quot;:&quot;file&quot;,&quot;aspect_ratio&quot;:&quot;3:2&quot;,&quot;overlay_background&quot;:&quot;yes&quot;,&quot;content_hover_animation&quot;:&quot;fade-in&quot;}\" data-widget_type=\"gallery.default\">\n\t\t\t\t<div class=\"elementor-widget-container\">\n\t\t\t\t\t\t\t<div class=\"elementor-gallery__container\">\n\t\t\t\t\t\t\t<a class=\"e-gallery-item elementor-gallery-item elementor-animated-content\" href=\"https:\/\/www.lichen.pl\/wp-content\/uploads\/2021\/06\/IMG_7010.jpg\" data-elementor-open-lightbox=\"yes\" data-elementor-lightbox-slideshow=\"6f69838\" data-elementor-lightbox-title=\"IMG_7010\" data-e-action-hash=\"#elementor-action%3Aaction%3Dlightbox%26settings%3DeyJpZCI6MTMyNDQsInVybCI6Imh0dHBzOlwvXC93d3cubGljaGVuLnBsXC93cC1jb250ZW50XC91cGxvYWRzXC8yMDIxXC8wNlwvSU1HXzcwMTAuanBnIiwic2xpZGVzaG93IjoiNmY2OTgzOCJ9\">\n\t\t\t\t\t<div class=\"e-gallery-image elementor-gallery-item__image\" data-thumbnail=\"https:\/\/www.lichen.pl\/wp-content\/uploads\/2021\/06\/IMG_7010-200x300.jpg\" data-width=\"200\" data-height=\"300\" aria-label=\"\" role=\"img\" ><\/div>\n\t\t\t\t\t\t\t\t\t\t\t<div class=\"elementor-gallery-item__overlay\"><\/div>\n\t\t\t\t\t\t\t\t\t\t\t\t\t\t<\/a>\n\t\t\t\t\t\t\t<a class=\"e-gallery-item elementor-gallery-item elementor-animated-content\" href=\"https:\/\/www.lichen.pl\/wp-content\/uploads\/2021\/06\/IMG_6988.jpg\" data-elementor-open-lightbox=\"yes\" data-elementor-lightbox-slideshow=\"6f69838\" data-elementor-lightbox-title=\"IMG_6988\" data-e-action-hash=\"#elementor-action%3Aaction%3Dlightbox%26settings%3DeyJpZCI6MTMyMjQsInVybCI6Imh0dHBzOlwvXC93d3cubGljaGVuLnBsXC93cC1jb250ZW50XC91cGxvYWRzXC8yMDIxXC8wNlwvSU1HXzY5ODguanBnIiwic2xpZGVzaG93IjoiNmY2OTgzOCJ9\">\n\t\t\t\t\t<div class=\"e-gallery-image elementor-gallery-item__image\" data-thumbnail=\"https:\/\/www.lichen.pl\/wp-content\/uploads\/2021\/06\/IMG_6988-200x300.jpg\" data-width=\"200\" data-height=\"300\" aria-label=\"\" role=\"img\" ><\/div>\n\t\t\t\t\t\t\t\t\t\t\t<div class=\"elementor-gallery-item__overlay\"><\/div>\n\t\t\t\t\t\t\t\t\t\t\t\t\t\t<\/a>\n\t\t\t\t\t\t\t<a class=\"e-gallery-item elementor-gallery-item elementor-animated-content\" href=\"https:\/\/www.lichen.pl\/wp-content\/uploads\/2021\/06\/IMG_6967.jpg\" data-elementor-open-lightbox=\"yes\" data-elementor-lightbox-slideshow=\"6f69838\" data-elementor-lightbox-title=\"IMG_6967\" data-e-action-hash=\"#elementor-action%3Aaction%3Dlightbox%26settings%3DeyJpZCI6MTMyMDksInVybCI6Imh0dHBzOlwvXC93d3cubGljaGVuLnBsXC93cC1jb250ZW50XC91cGxvYWRzXC8yMDIxXC8wNlwvSU1HXzY5NjcuanBnIiwic2xpZGVzaG93IjoiNmY2OTgzOCJ9\">\n\t\t\t\t\t<div class=\"e-gallery-image elementor-gallery-item__image\" data-thumbnail=\"https:\/\/www.lichen.pl\/wp-content\/uploads\/2021\/06\/IMG_6967-200x300.jpg\" data-width=\"200\" data-height=\"300\" aria-label=\"\" role=\"img\" ><\/div>\n\t\t\t\t\t\t\t\t\t\t\t<div class=\"elementor-gallery-item__overlay\"><\/div>\n\t\t\t\t\t\t\t\t\t\t\t\t\t\t<\/a>\n\t\t\t\t\t\t\t<a class=\"e-gallery-item elementor-gallery-item elementor-animated-content\" href=\"https:\/\/www.lichen.pl\/wp-content\/uploads\/2021\/06\/IMG_6966.jpg\" data-elementor-open-lightbox=\"yes\" data-elementor-lightbox-slideshow=\"6f69838\" data-elementor-lightbox-title=\"IMG_6966\" data-e-action-hash=\"#elementor-action%3Aaction%3Dlightbox%26settings%3DeyJpZCI6MTMyMDQsInVybCI6Imh0dHBzOlwvXC93d3cubGljaGVuLnBsXC93cC1jb250ZW50XC91cGxvYWRzXC8yMDIxXC8wNlwvSU1HXzY5NjYuanBnIiwic2xpZGVzaG93IjoiNmY2OTgzOCJ9\">\n\t\t\t\t\t<div class=\"e-gallery-image elementor-gallery-item__image\" data-thumbnail=\"https:\/\/www.lichen.pl\/wp-content\/uploads\/2021\/06\/IMG_6966-300x200.jpg\" data-width=\"300\" data-height=\"200\" aria-label=\"\" role=\"img\" ><\/div>\n\t\t\t\t\t\t\t\t\t\t\t<div class=\"elementor-gallery-item__overlay\"><\/div>\n\t\t\t\t\t\t\t\t\t\t\t\t\t\t<\/a>\n\t\t\t\t\t\t\t<a class=\"e-gallery-item elementor-gallery-item elementor-animated-content\" href=\"https:\/\/www.lichen.pl\/wp-content\/uploads\/2021\/06\/IMG_6919.jpg\" data-elementor-open-lightbox=\"yes\" data-elementor-lightbox-slideshow=\"6f69838\" data-elementor-lightbox-title=\"IMG_6919\" data-e-action-hash=\"#elementor-action%3Aaction%3Dlightbox%26settings%3DeyJpZCI6MTMxNjQsInVybCI6Imh0dHBzOlwvXC93d3cubGljaGVuLnBsXC93cC1jb250ZW50XC91cGxvYWRzXC8yMDIxXC8wNlwvSU1HXzY5MTkuanBnIiwic2xpZGVzaG93IjoiNmY2OTgzOCJ9\">\n\t\t\t\t\t<div class=\"e-gallery-image elementor-gallery-item__image\" data-thumbnail=\"https:\/\/www.lichen.pl\/wp-content\/uploads\/2021\/06\/IMG_6919-300x200.jpg\" data-width=\"300\" data-height=\"200\" aria-label=\"\" role=\"img\" ><\/div>\n\t\t\t\t\t\t\t\t\t\t\t<div class=\"elementor-gallery-item__overlay\"><\/div>\n\t\t\t\t\t\t\t\t\t\t\t\t\t\t<\/a>\n\t\t\t\t\t\t\t<a class=\"e-gallery-item elementor-gallery-item elementor-animated-content\" href=\"https:\/\/www.lichen.pl\/wp-content\/uploads\/2021\/06\/IMG_6925.jpg\" data-elementor-open-lightbox=\"yes\" data-elementor-lightbox-slideshow=\"6f69838\" data-elementor-lightbox-title=\"IMG_6925\" data-e-action-hash=\"#elementor-action%3Aaction%3Dlightbox%26settings%3DeyJpZCI6MTMxNjksInVybCI6Imh0dHBzOlwvXC93d3cubGljaGVuLnBsXC93cC1jb250ZW50XC91cGxvYWRzXC8yMDIxXC8wNlwvSU1HXzY5MjUuanBnIiwic2xpZGVzaG93IjoiNmY2OTgzOCJ9\">\n\t\t\t\t\t<div class=\"e-gallery-image elementor-gallery-item__image\" data-thumbnail=\"https:\/\/www.lichen.pl\/wp-content\/uploads\/2021\/06\/IMG_6925-200x300.jpg\" data-width=\"200\" data-height=\"300\" aria-label=\"\" role=\"img\" ><\/div>\n\t\t\t\t\t\t\t\t\t\t\t<div class=\"elementor-gallery-item__overlay\"><\/div>\n\t\t\t\t\t\t\t\t\t\t\t\t\t\t<\/a>\n\t\t\t\t\t\t\t<a class=\"e-gallery-item elementor-gallery-item elementor-animated-content\" href=\"https:\/\/www.lichen.pl\/wp-content\/uploads\/2021\/06\/IMG_6906.jpg\" data-elementor-open-lightbox=\"yes\" data-elementor-lightbox-slideshow=\"6f69838\" data-elementor-lightbox-title=\"IMG_6906\" data-e-action-hash=\"#elementor-action%3Aaction%3Dlightbox%26settings%3DeyJpZCI6MTMxNTQsInVybCI6Imh0dHBzOlwvXC93d3cubGljaGVuLnBsXC93cC1jb250ZW50XC91cGxvYWRzXC8yMDIxXC8wNlwvSU1HXzY5MDYuanBnIiwic2xpZGVzaG93IjoiNmY2OTgzOCJ9\">\n\t\t\t\t\t<div class=\"e-gallery-image elementor-gallery-item__image\" data-thumbnail=\"https:\/\/www.lichen.pl\/wp-content\/uploads\/2021\/06\/IMG_6906-300x200.jpg\" data-width=\"300\" data-height=\"200\" aria-label=\"\" role=\"img\" ><\/div>\n\t\t\t\t\t\t\t\t\t\t\t<div class=\"elementor-gallery-item__overlay\"><\/div>\n\t\t\t\t\t\t\t\t\t\t\t\t\t\t<\/a>\n\t\t\t\t\t\t\t<a class=\"e-gallery-item elementor-gallery-item elementor-animated-content\" href=\"https:\/\/www.lichen.pl\/wp-content\/uploads\/2021\/06\/IMG_6897.jpg\" data-elementor-open-lightbox=\"yes\" data-elementor-lightbox-slideshow=\"6f69838\" data-elementor-lightbox-title=\"IMG_6897\" data-e-action-hash=\"#elementor-action%3Aaction%3Dlightbox%26settings%3DeyJpZCI6MTMxNDksInVybCI6Imh0dHBzOlwvXC93d3cubGljaGVuLnBsXC93cC1jb250ZW50XC91cGxvYWRzXC8yMDIxXC8wNlwvSU1HXzY4OTcuanBnIiwic2xpZGVzaG93IjoiNmY2OTgzOCJ9\">\n\t\t\t\t\t<div class=\"e-gallery-image elementor-gallery-item__image\" data-thumbnail=\"https:\/\/www.lichen.pl\/wp-content\/uploads\/2021\/06\/IMG_6897-300x200.jpg\" data-width=\"300\" data-height=\"200\" aria-label=\"\" role=\"img\" ><\/div>\n\t\t\t\t\t\t\t\t\t\t\t<div class=\"elementor-gallery-item__overlay\"><\/div>\n\t\t\t\t\t\t\t\t\t\t\t\t\t\t<\/a>\n\t\t\t\t\t\t\t<a class=\"e-gallery-item elementor-gallery-item elementor-animated-content\" href=\"https:\/\/www.lichen.pl\/wp-content\/uploads\/2021\/06\/IMG_6881.jpg\" data-elementor-open-lightbox=\"yes\" data-elementor-lightbox-slideshow=\"6f69838\" data-elementor-lightbox-title=\"IMG_6881\" data-e-action-hash=\"#elementor-action%3Aaction%3Dlightbox%26settings%3DeyJpZCI6MTMxMzQsInVybCI6Imh0dHBzOlwvXC93d3cubGljaGVuLnBsXC93cC1jb250ZW50XC91cGxvYWRzXC8yMDIxXC8wNlwvSU1HXzY4ODEuanBnIiwic2xpZGVzaG93IjoiNmY2OTgzOCJ9\">\n\t\t\t\t\t<div class=\"e-gallery-image elementor-gallery-item__image\" data-thumbnail=\"https:\/\/www.lichen.pl\/wp-content\/uploads\/2021\/06\/IMG_6881-300x200.jpg\" data-width=\"300\" data-height=\"200\" aria-label=\"\" role=\"img\" ><\/div>\n\t\t\t\t\t\t\t\t\t\t\t<div class=\"elementor-gallery-item__overlay\"><\/div>\n\t\t\t\t\t\t\t\t\t\t\t\t\t\t<\/a>\n\t\t\t\t\t\t\t<a class=\"e-gallery-item elementor-gallery-item elementor-animated-content\" href=\"https:\/\/www.lichen.pl\/wp-content\/uploads\/2021\/06\/IMG_6870.jpg\" data-elementor-open-lightbox=\"yes\" data-elementor-lightbox-slideshow=\"6f69838\" data-elementor-lightbox-title=\"IMG_6870\" data-e-action-hash=\"#elementor-action%3Aaction%3Dlightbox%26settings%3DeyJpZCI6MTMxMjQsInVybCI6Imh0dHBzOlwvXC93d3cubGljaGVuLnBsXC93cC1jb250ZW50XC91cGxvYWRzXC8yMDIxXC8wNlwvSU1HXzY4NzAuanBnIiwic2xpZGVzaG93IjoiNmY2OTgzOCJ9\">\n\t\t\t\t\t<div class=\"e-gallery-image elementor-gallery-item__image\" data-thumbnail=\"https:\/\/www.lichen.pl\/wp-content\/uploads\/2021\/06\/IMG_6870-200x300.jpg\" data-width=\"200\" data-height=\"300\" aria-label=\"\" role=\"img\" ><\/div>\n\t\t\t\t\t\t\t\t\t\t\t<div class=\"elementor-gallery-item__overlay\"><\/div>\n\t\t\t\t\t\t\t\t\t\t\t\t\t\t<\/a>\n\t\t\t\t\t<\/div>\n\t\t\t\t\t<\/div>\n\t\t\t\t<\/div>\n\t\t\t\t<div class=\"elementor-element elementor-element-ef773fb elementor-widget-divider--view-line elementor-widget elementor-widget-divider\" data-id=\"ef773fb\" data-element_type=\"widget\" data-e-type=\"widget\" data-widget_type=\"divider.default\">\n\t\t\t\t<div class=\"elementor-widget-container\">\n\t\t\t\t\t\t\t<div class=\"elementor-divider\">\n\t\t\t<span class=\"elementor-divider-separator\">\n\t\t\t\t\t\t<\/span>\n\t\t<\/div>\n\t\t\t\t\t\t<\/div>\n\t\t\t\t<\/div>\n\t\t\t\t\t<\/div>\n\t\t<\/div>\n\t\t\t\t\t<\/div>\n\t\t<\/section>\n\t\t\t\t<\/div>","protected":false},"excerpt":{"rendered":"<p>W przypadaj\u0105c\u0105 Uroczysto\u015b\u0107 Naj\u015bwi\u0119tszego Serca Pana Jezusa zosta\u0142 odnowiony Akt Oddania Narodu Polskiego Naj\u015bwi\u0119tszemu Sercu Pana Jezusa Ka\u017cdy cz\u0142owiek ma serce, ale r\u00f3\u017cnie z nim bywa. Kto\u015b mo\u017ce mie\u0107 z\u0142ote serce, a kto\u015b inny ma serce z kamienia. Pan Jezus potrafi uleczy\u0107 nasze serca, gdy\u017c jest wzorem mi\u0142o\u015bci najdoskonalszej. To w\u0142a\u015bnie dzi\u015b, w t\u0119 uroczysto\u015b\u0107, [&hellip;]<\/p>\n","protected":false},"author":2,"featured_media":13025,"comment_status":"open","ping_status":"open","sticky":false,"template":"","format":"standard","meta":{"footnotes":""},"categories":[1],"tags":[],"class_list":["post-13012","post","type-post","status-publish","format-standard","has-post-thumbnail","hentry","category-aktualnosci","wpbf-post"],"yoast_head":"<!-- This site is optimized with the Yoast SEO plugin v27.4 - https:\/\/yoast.com\/product\/yoast-seo-wordpress\/ -->\n<title>Uroczysto\u015b\u0107 Naj\u015bwi\u0119tszego Serca Pana Jezusa - SANKTUARIUM W LICHENIU<\/title>\n<meta name=\"robots\" content=\"index, follow, max-snippet:-1, max-image-preview:large, max-video-preview:-1\" \/>\n<link rel=\"canonical\" href=\"http:\/\/www.lichen.pl\/it\/uroczystosc-najswietszego-serca-pana-jezusa\/\" \/>\n<meta property=\"og:locale\" content=\"it_IT\" \/>\n<meta property=\"og:type\" content=\"article\" \/>\n<meta property=\"og:title\" content=\"Uroczysto\u015b\u0107 Naj\u015bwi\u0119tszego Serca Pana Jezusa - SANKTUARIUM W LICHENIU\" \/>\n<meta property=\"og:description\" content=\"W przypadaj\u0105c\u0105 Uroczysto\u015b\u0107 Naj\u015bwi\u0119tszego Serca Pana Jezusa zosta\u0142 odnowiony Akt Oddania Narodu Polskiego Naj\u015bwi\u0119tszemu Sercu Pana Jezusa Ka\u017cdy cz\u0142owiek ma serce, ale r\u00f3\u017cnie z nim bywa. Kto\u015b mo\u017ce mie\u0107 z\u0142ote serce, a kto\u015b inny ma serce z kamienia. Pan Jezus potrafi uleczy\u0107 nasze serca, gdy\u017c jest wzorem mi\u0142o\u015bci najdoskonalszej. To w\u0142a\u015bnie dzi\u015b, w t\u0119 uroczysto\u015b\u0107, [&hellip;]\" \/>\n<meta property=\"og:url\" content=\"http:\/\/www.lichen.pl\/it\/uroczystosc-najswietszego-serca-pana-jezusa\/\" \/>\n<meta property=\"og:site_name\" content=\"SANKTUARIUM W LICHENIU\" \/>\n<meta property=\"article:published_time\" content=\"2021-06-11T16:05:06+00:00\" \/>\n<meta property=\"article:modified_time\" content=\"2021-06-16T13:07:57+00:00\" \/>\n<meta property=\"og:image\" content=\"http:\/\/www.lichen.pl\/wp-content\/uploads\/2021\/06\/Serce-Jezusa.jpg\" \/>\n\t<meta property=\"og:image:width\" content=\"1024\" \/>\n\t<meta property=\"og:image:height\" content=\"683\" \/>\n\t<meta property=\"og:image:type\" content=\"image\/jpeg\" \/>\n<meta name=\"author\" content=\"Arkadiusz Gorgolewski\" \/>\n<meta name=\"twitter:card\" content=\"summary_large_image\" \/>\n<meta name=\"twitter:label1\" content=\"Scritto da\" \/>\n\t<meta name=\"twitter:data1\" content=\"Arkadiusz Gorgolewski\" \/>\n\t<meta name=\"twitter:label2\" content=\"Tempo di lettura stimato\" \/>\n\t<meta name=\"twitter:data2\" content=\"2 minuti\" \/>\n<script type=\"application\/ld+json\" class=\"yoast-schema-graph\">{\"@context\":\"https:\\\/\\\/schema.org\",\"@graph\":[{\"@type\":\"Article\",\"@id\":\"http:\\\/\\\/www.lichen.pl\\\/uroczystosc-najswietszego-serca-pana-jezusa\\\/#article\",\"isPartOf\":{\"@id\":\"http:\\\/\\\/www.lichen.pl\\\/uroczystosc-najswietszego-serca-pana-jezusa\\\/\"},\"author\":{\"name\":\"Arkadiusz Gorgolewski\",\"@id\":\"https:\\\/\\\/www.lichen.pl\\\/fr\\\/#\\\/schema\\\/person\\\/56fc5b38d70a2b34983408f9a457fd9d\"},\"headline\":\"Uroczysto\u015b\u0107 Naj\u015bwi\u0119tszego Serca Pana Jezusa\",\"datePublished\":\"2021-06-11T16:05:06+00:00\",\"dateModified\":\"2021-06-16T13:07:57+00:00\",\"mainEntityOfPage\":{\"@id\":\"http:\\\/\\\/www.lichen.pl\\\/uroczystosc-najswietszego-serca-pana-jezusa\\\/\"},\"wordCount\":498,\"commentCount\":0,\"image\":{\"@id\":\"http:\\\/\\\/www.lichen.pl\\\/uroczystosc-najswietszego-serca-pana-jezusa\\\/#primaryimage\"},\"thumbnailUrl\":\"https:\\\/\\\/www.lichen.pl\\\/wp-content\\\/uploads\\\/2021\\\/06\\\/Serce-Jezusa.jpg\",\"articleSection\":[\"Aktualno\u015bci\"],\"inLanguage\":\"it-IT\",\"potentialAction\":[{\"@type\":\"CommentAction\",\"name\":\"Comment\",\"target\":[\"http:\\\/\\\/www.lichen.pl\\\/uroczystosc-najswietszego-serca-pana-jezusa\\\/#respond\"]}]},{\"@type\":\"WebPage\",\"@id\":\"http:\\\/\\\/www.lichen.pl\\\/uroczystosc-najswietszego-serca-pana-jezusa\\\/\",\"url\":\"http:\\\/\\\/www.lichen.pl\\\/uroczystosc-najswietszego-serca-pana-jezusa\\\/\",\"name\":\"Uroczysto\u015b\u0107 Naj\u015bwi\u0119tszego Serca Pana Jezusa - SANKTUARIUM W LICHENIU\",\"isPartOf\":{\"@id\":\"https:\\\/\\\/www.lichen.pl\\\/fr\\\/#website\"},\"primaryImageOfPage\":{\"@id\":\"http:\\\/\\\/www.lichen.pl\\\/uroczystosc-najswietszego-serca-pana-jezusa\\\/#primaryimage\"},\"image\":{\"@id\":\"http:\\\/\\\/www.lichen.pl\\\/uroczystosc-najswietszego-serca-pana-jezusa\\\/#primaryimage\"},\"thumbnailUrl\":\"https:\\\/\\\/www.lichen.pl\\\/wp-content\\\/uploads\\\/2021\\\/06\\\/Serce-Jezusa.jpg\",\"datePublished\":\"2021-06-11T16:05:06+00:00\",\"dateModified\":\"2021-06-16T13:07:57+00:00\",\"author\":{\"@id\":\"https:\\\/\\\/www.lichen.pl\\\/fr\\\/#\\\/schema\\\/person\\\/56fc5b38d70a2b34983408f9a457fd9d\"},\"breadcrumb\":{\"@id\":\"http:\\\/\\\/www.lichen.pl\\\/uroczystosc-najswietszego-serca-pana-jezusa\\\/#breadcrumb\"},\"inLanguage\":\"it-IT\",\"potentialAction\":[{\"@type\":\"ReadAction\",\"target\":[\"http:\\\/\\\/www.lichen.pl\\\/uroczystosc-najswietszego-serca-pana-jezusa\\\/\"]}]},{\"@type\":\"ImageObject\",\"inLanguage\":\"it-IT\",\"@id\":\"http:\\\/\\\/www.lichen.pl\\\/uroczystosc-najswietszego-serca-pana-jezusa\\\/#primaryimage\",\"url\":\"https:\\\/\\\/www.lichen.pl\\\/wp-content\\\/uploads\\\/2021\\\/06\\\/Serce-Jezusa.jpg\",\"contentUrl\":\"https:\\\/\\\/www.lichen.pl\\\/wp-content\\\/uploads\\\/2021\\\/06\\\/Serce-Jezusa.jpg\",\"width\":1024,\"height\":683},{\"@type\":\"BreadcrumbList\",\"@id\":\"http:\\\/\\\/www.lichen.pl\\\/uroczystosc-najswietszego-serca-pana-jezusa\\\/#breadcrumb\",\"itemListElement\":[{\"@type\":\"ListItem\",\"position\":1,\"name\":\"Strona g\u0142\u00f3wna\",\"item\":\"https:\\\/\\\/www.lichen.pl\\\/\"},{\"@type\":\"ListItem\",\"position\":2,\"name\":\"Uroczysto\u015b\u0107 Naj\u015bwi\u0119tszego Serca Pana Jezusa\"}]},{\"@type\":\"WebSite\",\"@id\":\"https:\\\/\\\/www.lichen.pl\\\/fr\\\/#website\",\"url\":\"https:\\\/\\\/www.lichen.pl\\\/fr\\\/\",\"name\":\"SANKTUARIUM W LICHENIU\",\"description\":\"MATKI BO\u017bEJ LICHE\u0143SKIEJ BOLESNEJ KR\u00d3LOWEJ POLSKI\",\"potentialAction\":[{\"@type\":\"SearchAction\",\"target\":{\"@type\":\"EntryPoint\",\"urlTemplate\":\"https:\\\/\\\/www.lichen.pl\\\/fr\\\/?s={search_term_string}\"},\"query-input\":{\"@type\":\"PropertyValueSpecification\",\"valueRequired\":true,\"valueName\":\"search_term_string\"}}],\"inLanguage\":\"it-IT\"},{\"@type\":\"Person\",\"@id\":\"https:\\\/\\\/www.lichen.pl\\\/fr\\\/#\\\/schema\\\/person\\\/56fc5b38d70a2b34983408f9a457fd9d\",\"name\":\"Arkadiusz Gorgolewski\",\"image\":{\"@type\":\"ImageObject\",\"inLanguage\":\"it-IT\",\"@id\":\"https:\\\/\\\/secure.gravatar.com\\\/avatar\\\/0f571b370f5aa245b1fd3b9c945511b004fe17579bdefd5054d99f0ba315149c?s=96&d=retro&r=g\",\"url\":\"https:\\\/\\\/secure.gravatar.com\\\/avatar\\\/0f571b370f5aa245b1fd3b9c945511b004fe17579bdefd5054d99f0ba315149c?s=96&d=retro&r=g\",\"contentUrl\":\"https:\\\/\\\/secure.gravatar.com\\\/avatar\\\/0f571b370f5aa245b1fd3b9c945511b004fe17579bdefd5054d99f0ba315149c?s=96&d=retro&r=g\",\"caption\":\"Arkadiusz Gorgolewski\"},\"url\":\"https:\\\/\\\/www.lichen.pl\\\/it\\\/author\\\/sanadmin\\\/\"}]}<\/script>\n<!-- \/ Yoast SEO plugin. -->","yoast_head_json":{"title":"Uroczysto\u015b\u0107 Naj\u015bwi\u0119tszego Serca Pana Jezusa - SANKTUARIUM W LICHENIU","robots":{"index":"index","follow":"follow","max-snippet":"max-snippet:-1","max-image-preview":"max-image-preview:large","max-video-preview":"max-video-preview:-1"},"canonical":"http:\/\/www.lichen.pl\/it\/uroczystosc-najswietszego-serca-pana-jezusa\/","og_locale":"it_IT","og_type":"article","og_title":"Uroczysto\u015b\u0107 Naj\u015bwi\u0119tszego Serca Pana Jezusa - SANKTUARIUM W LICHENIU","og_description":"W przypadaj\u0105c\u0105 Uroczysto\u015b\u0107 Naj\u015bwi\u0119tszego Serca Pana Jezusa zosta\u0142 odnowiony Akt Oddania Narodu Polskiego Naj\u015bwi\u0119tszemu Sercu Pana Jezusa Ka\u017cdy cz\u0142owiek ma serce, ale r\u00f3\u017cnie z nim bywa. Kto\u015b mo\u017ce mie\u0107 z\u0142ote serce, a kto\u015b inny ma serce z kamienia. Pan Jezus potrafi uleczy\u0107 nasze serca, gdy\u017c jest wzorem mi\u0142o\u015bci najdoskonalszej. To w\u0142a\u015bnie dzi\u015b, w t\u0119 uroczysto\u015b\u0107, [&hellip;]","og_url":"http:\/\/www.lichen.pl\/it\/uroczystosc-najswietszego-serca-pana-jezusa\/","og_site_name":"SANKTUARIUM W LICHENIU","article_published_time":"2021-06-11T16:05:06+00:00","article_modified_time":"2021-06-16T13:07:57+00:00","og_image":[{"width":1024,"height":683,"url":"http:\/\/www.lichen.pl\/wp-content\/uploads\/2021\/06\/Serce-Jezusa.jpg","type":"image\/jpeg"}],"author":"Arkadiusz Gorgolewski","twitter_card":"summary_large_image","twitter_misc":{"Scritto da":"Arkadiusz Gorgolewski","Tempo di lettura stimato":"2 minuti"},"schema":{"@context":"https:\/\/schema.org","@graph":[{"@type":"Article","@id":"http:\/\/www.lichen.pl\/uroczystosc-najswietszego-serca-pana-jezusa\/#article","isPartOf":{"@id":"http:\/\/www.lichen.pl\/uroczystosc-najswietszego-serca-pana-jezusa\/"},"author":{"name":"Arkadiusz Gorgolewski","@id":"https:\/\/www.lichen.pl\/fr\/#\/schema\/person\/56fc5b38d70a2b34983408f9a457fd9d"},"headline":"Uroczysto\u015b\u0107 Naj\u015bwi\u0119tszego Serca Pana Jezusa","datePublished":"2021-06-11T16:05:06+00:00","dateModified":"2021-06-16T13:07:57+00:00","mainEntityOfPage":{"@id":"http:\/\/www.lichen.pl\/uroczystosc-najswietszego-serca-pana-jezusa\/"},"wordCount":498,"commentCount":0,"image":{"@id":"http:\/\/www.lichen.pl\/uroczystosc-najswietszego-serca-pana-jezusa\/#primaryimage"},"thumbnailUrl":"https:\/\/www.lichen.pl\/wp-content\/uploads\/2021\/06\/Serce-Jezusa.jpg","articleSection":["Aktualno\u015bci"],"inLanguage":"it-IT","potentialAction":[{"@type":"CommentAction","name":"Comment","target":["http:\/\/www.lichen.pl\/uroczystosc-najswietszego-serca-pana-jezusa\/#respond"]}]},{"@type":"WebPage","@id":"http:\/\/www.lichen.pl\/uroczystosc-najswietszego-serca-pana-jezusa\/","url":"http:\/\/www.lichen.pl\/uroczystosc-najswietszego-serca-pana-jezusa\/","name":"Uroczysto\u015b\u0107 Naj\u015bwi\u0119tszego Serca Pana Jezusa - SANKTUARIUM W LICHENIU","isPartOf":{"@id":"https:\/\/www.lichen.pl\/fr\/#website"},"primaryImageOfPage":{"@id":"http:\/\/www.lichen.pl\/uroczystosc-najswietszego-serca-pana-jezusa\/#primaryimage"},"image":{"@id":"http:\/\/www.lichen.pl\/uroczystosc-najswietszego-serca-pana-jezusa\/#primaryimage"},"thumbnailUrl":"https:\/\/www.lichen.pl\/wp-content\/uploads\/2021\/06\/Serce-Jezusa.jpg","datePublished":"2021-06-11T16:05:06+00:00","dateModified":"2021-06-16T13:07:57+00:00","author":{"@id":"https:\/\/www.lichen.pl\/fr\/#\/schema\/person\/56fc5b38d70a2b34983408f9a457fd9d"},"breadcrumb":{"@id":"http:\/\/www.lichen.pl\/uroczystosc-najswietszego-serca-pana-jezusa\/#breadcrumb"},"inLanguage":"it-IT","potentialAction":[{"@type":"ReadAction","target":["http:\/\/www.lichen.pl\/uroczystosc-najswietszego-serca-pana-jezusa\/"]}]},{"@type":"ImageObject","inLanguage":"it-IT","@id":"http:\/\/www.lichen.pl\/uroczystosc-najswietszego-serca-pana-jezusa\/#primaryimage","url":"https:\/\/www.lichen.pl\/wp-content\/uploads\/2021\/06\/Serce-Jezusa.jpg","contentUrl":"https:\/\/www.lichen.pl\/wp-content\/uploads\/2021\/06\/Serce-Jezusa.jpg","width":1024,"height":683},{"@type":"BreadcrumbList","@id":"http:\/\/www.lichen.pl\/uroczystosc-najswietszego-serca-pana-jezusa\/#breadcrumb","itemListElement":[{"@type":"ListItem","position":1,"name":"Strona g\u0142\u00f3wna","item":"https:\/\/www.lichen.pl\/"},{"@type":"ListItem","position":2,"name":"Uroczysto\u015b\u0107 Naj\u015bwi\u0119tszego Serca Pana Jezusa"}]},{"@type":"WebSite","@id":"https:\/\/www.lichen.pl\/fr\/#website","url":"https:\/\/www.lichen.pl\/fr\/","name":"SANTUARIO IN LICHENIA","description":"LA REGINA ADOLORATA DEL NOSTRO LICHENE DI POLONIA","potentialAction":[{"@type":"SearchAction","target":{"@type":"EntryPoint","urlTemplate":"https:\/\/www.lichen.pl\/fr\/?s={search_term_string}"},"query-input":{"@type":"PropertyValueSpecification","valueRequired":true,"valueName":"search_term_string"}}],"inLanguage":"it-IT"},{"@type":"Person","@id":"https:\/\/www.lichen.pl\/fr\/#\/schema\/person\/56fc5b38d70a2b34983408f9a457fd9d","name":"Arkadiusz Gorgolewski","image":{"@type":"ImageObject","inLanguage":"it-IT","@id":"https:\/\/secure.gravatar.com\/avatar\/0f571b370f5aa245b1fd3b9c945511b004fe17579bdefd5054d99f0ba315149c?s=96&d=retro&r=g","url":"https:\/\/secure.gravatar.com\/avatar\/0f571b370f5aa245b1fd3b9c945511b004fe17579bdefd5054d99f0ba315149c?s=96&d=retro&r=g","contentUrl":"https:\/\/secure.gravatar.com\/avatar\/0f571b370f5aa245b1fd3b9c945511b004fe17579bdefd5054d99f0ba315149c?s=96&d=retro&r=g","caption":"Arkadiusz Gorgolewski"},"url":"https:\/\/www.lichen.pl\/it\/author\/sanadmin\/"}]}},"_links":{"self":[{"href":"https:\/\/www.lichen.pl\/it\/wp-json\/wp\/v2\/posts\/13012","targetHints":{"allow":["GET"]}}],"collection":[{"href":"https:\/\/www.lichen.pl\/it\/wp-json\/wp\/v2\/posts"}],"about":[{"href":"https:\/\/www.lichen.pl\/it\/wp-json\/wp\/v2\/types\/post"}],"author":[{"embeddable":true,"href":"https:\/\/www.lichen.pl\/it\/wp-json\/wp\/v2\/users\/2"}],"replies":[{"embeddable":true,"href":"https:\/\/www.lichen.pl\/it\/wp-json\/wp\/v2\/comments?post=13012"}],"version-history":[{"count":18,"href":"https:\/\/www.lichen.pl\/it\/wp-json\/wp\/v2\/posts\/13012\/revisions"}],"predecessor-version":[{"id":14067,"href":"https:\/\/www.lichen.pl\/it\/wp-json\/wp\/v2\/posts\/13012\/revisions\/14067"}],"wp:featuredmedia":[{"embeddable":true,"href":"https:\/\/www.lichen.pl\/it\/wp-json\/wp\/v2\/media\/13025"}],"wp:attachment":[{"href":"https:\/\/www.lichen.pl\/it\/wp-json\/wp\/v2\/media?parent=13012"}],"wp:term":[{"taxonomy":"category","embeddable":true,"href":"https:\/\/www.lichen.pl\/it\/wp-json\/wp\/v2\/categories?post=13012"},{"taxonomy":"post_tag","embeddable":true,"href":"https:\/\/www.lichen.pl\/it\/wp-json\/wp\/v2\/tags?post=13012"}],"curies":[{"name":"wp","href":"https:\/\/api.w.org\/{rel}","templated":true}]}}