{"id":14231,"date":"2021-06-26T16:36:40","date_gmt":"2021-06-26T16:36:40","guid":{"rendered":"http:\/\/www.lichen.pl\/?p=14231"},"modified":"2021-06-28T16:54:43","modified_gmt":"2021-06-28T16:54:43","slug":"ii-rodzinny-rajd-rowerowy-wokol-lichenia","status":"publish","type":"post","link":"https:\/\/www.lichen.pl\/it\/ii-rodzinny-rajd-rowerowy-wokol-lichenia\/","title":{"rendered":"Il secondo Family Bike Rally intorno a Liche\u0144 \u00e8 terminato."},"content":{"rendered":"<div data-elementor-type=\"wp-post\" data-elementor-id=\"14231\" class=\"elementor elementor-14231\" data-elementor-post-type=\"post\">\n\t\t\t\t\t\t<section class=\"elementor-section elementor-top-section elementor-element elementor-element-c371c71 elementor-section-boxed elementor-section-height-default elementor-section-height-default\" data-id=\"c371c71\" data-element_type=\"section\" data-e-type=\"section\">\n\t\t\t\t\t\t<div class=\"elementor-container elementor-column-gap-default\">\n\t\t\t\t\t<div class=\"elementor-column elementor-col-100 elementor-top-column elementor-element elementor-element-0f648c3\" data-id=\"0f648c3\" data-element_type=\"column\" data-e-type=\"column\">\n\t\t\t<div class=\"elementor-widget-wrap elementor-element-populated\">\n\t\t\t\t\t\t<div class=\"elementor-element elementor-element-b8c7e4e elementor-widget elementor-widget-heading\" data-id=\"b8c7e4e\" data-element_type=\"widget\" data-e-type=\"widget\" data-widget_type=\"heading.default\">\n\t\t\t\t<div class=\"elementor-widget-container\">\n\t\t\t\t\t<h1 class=\"elementor-heading-title elementor-size-default\">Il 26 giugno 2021 si \u00e8 tenuto per la seconda volta il 2\u00b0 Family Bike Rally intorno a Lichen. Alla manifestazione hanno preso parte circa 40 ciclisti.<\/h1>\t\t\t\t<\/div>\n\t\t\t\t<\/div>\n\t\t\t\t<div class=\"elementor-element elementor-element-d33fa6c elementor-widget elementor-widget-text-editor\" data-id=\"d33fa6c\" data-element_type=\"widget\" data-e-type=\"widget\" data-widget_type=\"text-editor.default\">\n\t\t\t\t<div class=\"elementor-widget-container\">\n\t\t\t\t\t\t\t\t\t<div class=\"o9v6fnle cxmmr5t8 oygrvhab hcukyx3x c1et5uql ii04i59q\"><div dir=\"auto\">Nell&#039;edizione di quest&#039;anno del rally, un gruppo pi\u00f9 numeroso di ciclisti ha deciso di inaugurare le vacanze in modo attivo e sportivo.<\/div><div dir=\"auto\">L&#039;inizio del viaggio \u00e8 avvenuto nel parcheggio interno adiacente alla basilica, proprio accanto all&#039;ingresso del Museo. Fr. J\u00f3zef Jarzebowski, MIC.<\/div><div dir=\"auto\">Prima di fare un giro con i ciclisti, p. Janusz Kumala, MIC, il curatore del santuario dei licheni, che ha augurato a tutti un viaggio di successo e sicuro.<\/div><div dir=\"auto\">\u00a0<\/div><div dir=\"auto\">Il percorso si snoda lungo le strade e la natura selvaggia della parrocchia di Liche\u0144. Il primo punto del viaggio \u00e8 stato il villaggio di Wygoda, poi Helen\u00f3w Pierwszy e Drugi, Trzy Borki, Gr\u0105blin e infine - un ritorno a Liche\u0144.<\/div><div dir=\"auto\">\u00a0<\/div><div dir=\"auto\">\u00a0<\/div><div dir=\"auto\">Alla manifestazione hanno preso parte ciclisti di Golina, S\u0142awsk, Rudzica e Liche\u0144. Erano sia individui che membri del club ciclistico, cos\u00ec come intere famiglie. Prima della partenza, ogni partecipante ha ricevuto un pacchetto di partenza e, dopo aver raggiunto Liche\u0144, un pasto caldo aspettava i ciclisti del viaggio.<\/div><div dir=\"auto\">\u00a0<\/div><div dir=\"auto\">Gli organizzatori della manifestazione desiderano ringraziare i vigili del fuoco volontari di Liche\u0144 Stary, i cui amici hanno assicurato il percorso della manifestazione.<\/div><div dir=\"auto\">\u00a0<\/div><div dir=\"auto\">L&#039;organizzatore del 2\u00b0 Raduno della Famiglia \u00e8 stato il Santuario Mariano di Liche\u0144 Stary.<\/div><\/div>\t\t\t\t\t\t\t\t<\/div>\n\t\t\t\t<\/div>\n\t\t\t\t<div class=\"elementor-element elementor-element-94289a7 elementor-widget-divider--view-line_icon elementor-view-default elementor-widget-divider--element-align-center elementor-widget elementor-widget-divider\" data-id=\"94289a7\" data-element_type=\"widget\" data-e-type=\"widget\" data-widget_type=\"divider.default\">\n\t\t\t\t<div class=\"elementor-widget-container\">\n\t\t\t\t\t\t\t<div class=\"elementor-divider\">\n\t\t\t<span class=\"elementor-divider-separator\">\n\t\t\t\t\t\t\t<div class=\"elementor-icon elementor-divider__element\">\n\t\t\t\t\t<i aria-hidden=\"true\" class=\"fas fa-camera\"><\/i><\/div>\n\t\t\t\t\t\t<\/span>\n\t\t<\/div>\n\t\t\t\t\t\t<\/div>\n\t\t\t\t<\/div>\n\t\t\t\t<div class=\"elementor-element elementor-element-ea1c787 elementor-widget elementor-widget-gallery\" data-id=\"ea1c787\" data-element_type=\"widget\" data-e-type=\"widget\" data-settings=\"{&quot;lazyload&quot;:&quot;yes&quot;,&quot;gallery_layout&quot;:&quot;grid&quot;,&quot;columns&quot;:4,&quot;columns_tablet&quot;:2,&quot;columns_mobile&quot;:1,&quot;gap&quot;:{&quot;unit&quot;:&quot;px&quot;,&quot;size&quot;:10,&quot;sizes&quot;:[]},&quot;gap_tablet&quot;:{&quot;unit&quot;:&quot;px&quot;,&quot;size&quot;:10,&quot;sizes&quot;:[]},&quot;gap_mobile&quot;:{&quot;unit&quot;:&quot;px&quot;,&quot;size&quot;:10,&quot;sizes&quot;:[]},&quot;link_to&quot;:&quot;file&quot;,&quot;aspect_ratio&quot;:&quot;3:2&quot;,&quot;overlay_background&quot;:&quot;yes&quot;,&quot;content_hover_animation&quot;:&quot;fade-in&quot;}\" data-widget_type=\"gallery.default\">\n\t\t\t\t<div class=\"elementor-widget-container\">\n\t\t\t\t\t\t\t<div class=\"elementor-gallery__container\">\n\t\t\t\t\t\t\t<a class=\"e-gallery-item elementor-gallery-item elementor-animated-content\" href=\"https:\/\/www.lichen.pl\/wp-content\/uploads\/2021\/06\/II-Rodzinny-Rajd-Rowerowy-5.jpg\" data-elementor-open-lightbox=\"yes\" data-elementor-lightbox-slideshow=\"ea1c787\" data-elementor-lightbox-title=\"II Rodzinny Rajd Rowerowy wok\u00f3\u0142 Lichenia, 26 czerwca 2021r.\" data-elementor-lightbox-description=\"II Rodzinny Rajd Rowerowy wok\u00f3\u0142 Lichenia, 26 czerwca 2021r.\" data-e-action-hash=\"#elementor-action%3Aaction%3Dlightbox%26settings%3DeyJpZCI6MTU2MDcsInVybCI6Imh0dHBzOlwvXC93d3cubGljaGVuLnBsXC93cC1jb250ZW50XC91cGxvYWRzXC8yMDIxXC8wNlwvSUktUm9kemlubnktUmFqZC1Sb3dlcm93eS01LmpwZyIsInNsaWRlc2hvdyI6ImVhMWM3ODcifQ%3D%3D\">\n\t\t\t\t\t<div class=\"e-gallery-image elementor-gallery-item__image\" data-thumbnail=\"https:\/\/www.lichen.pl\/wp-content\/uploads\/2021\/06\/II-Rodzinny-Rajd-Rowerowy-5-225x300.jpg\" data-width=\"225\" data-height=\"300\" aria-label=\"\" role=\"img\" ><\/div>\n\t\t\t\t\t\t\t\t\t\t\t<div class=\"elementor-gallery-item__overlay\"><\/div>\n\t\t\t\t\t\t\t\t\t\t\t\t\t\t<\/a>\n\t\t\t\t\t\t\t<a class=\"e-gallery-item elementor-gallery-item elementor-animated-content\" href=\"https:\/\/www.lichen.pl\/wp-content\/uploads\/2021\/06\/II-Rodzinny-Rajd-Rowerowy-2.jpg\" data-elementor-open-lightbox=\"yes\" data-elementor-lightbox-slideshow=\"ea1c787\" data-elementor-lightbox-title=\"II Rodzinny Rajd Rowerowy wok\u00f3\u0142 Lichenia, 26 czerwca 2021r.\" data-elementor-lightbox-description=\"II Rodzinny Rajd Rowerowy wok\u00f3\u0142 Lichenia, 26 czerwca 2021r.\" data-e-action-hash=\"#elementor-action%3Aaction%3Dlightbox%26settings%3DeyJpZCI6MTU1OTIsInVybCI6Imh0dHBzOlwvXC93d3cubGljaGVuLnBsXC93cC1jb250ZW50XC91cGxvYWRzXC8yMDIxXC8wNlwvSUktUm9kemlubnktUmFqZC1Sb3dlcm93eS0yLmpwZyIsInNsaWRlc2hvdyI6ImVhMWM3ODcifQ%3D%3D\">\n\t\t\t\t\t<div class=\"e-gallery-image elementor-gallery-item__image\" data-thumbnail=\"https:\/\/www.lichen.pl\/wp-content\/uploads\/2021\/06\/II-Rodzinny-Rajd-Rowerowy-2-300x225.jpg\" data-width=\"300\" data-height=\"225\" aria-label=\"\" role=\"img\" ><\/div>\n\t\t\t\t\t\t\t\t\t\t\t<div class=\"elementor-gallery-item__overlay\"><\/div>\n\t\t\t\t\t\t\t\t\t\t\t\t\t\t<\/a>\n\t\t\t\t\t\t\t<a class=\"e-gallery-item elementor-gallery-item elementor-animated-content\" href=\"https:\/\/www.lichen.pl\/wp-content\/uploads\/2021\/06\/II-Rodzinny-Rajd-Rowerowy-3.jpg\" data-elementor-open-lightbox=\"yes\" data-elementor-lightbox-slideshow=\"ea1c787\" data-elementor-lightbox-title=\"II Rodzinny Rajd Rowerowy wok\u00f3\u0142 Lichenia, 26 czerwca 2021r.\" data-elementor-lightbox-description=\"II Rodzinny Rajd Rowerowy wok\u00f3\u0142 Lichenia, 26 czerwca 2021r.\" data-e-action-hash=\"#elementor-action%3Aaction%3Dlightbox%26settings%3DeyJpZCI6MTU1OTcsInVybCI6Imh0dHBzOlwvXC93d3cubGljaGVuLnBsXC93cC1jb250ZW50XC91cGxvYWRzXC8yMDIxXC8wNlwvSUktUm9kemlubnktUmFqZC1Sb3dlcm93eS0zLmpwZyIsInNsaWRlc2hvdyI6ImVhMWM3ODcifQ%3D%3D\">\n\t\t\t\t\t<div class=\"e-gallery-image elementor-gallery-item__image\" data-thumbnail=\"https:\/\/www.lichen.pl\/wp-content\/uploads\/2021\/06\/II-Rodzinny-Rajd-Rowerowy-3-300x225.jpg\" data-width=\"300\" data-height=\"225\" aria-label=\"\" role=\"img\" ><\/div>\n\t\t\t\t\t\t\t\t\t\t\t<div class=\"elementor-gallery-item__overlay\"><\/div>\n\t\t\t\t\t\t\t\t\t\t\t\t\t\t<\/a>\n\t\t\t\t\t\t\t<a class=\"e-gallery-item elementor-gallery-item elementor-animated-content\" href=\"https:\/\/www.lichen.pl\/wp-content\/uploads\/2021\/06\/II-Rodzinny-Rajd-Rowerowy-7.jpg\" data-elementor-open-lightbox=\"yes\" data-elementor-lightbox-slideshow=\"ea1c787\" data-elementor-lightbox-title=\"II Rodzinny Rajd Rowerowy wok\u00f3\u0142 Lichenia, 26 czerwca 2021r.\" data-elementor-lightbox-description=\"II Rodzinny Rajd Rowerowy wok\u00f3\u0142 Lichenia, 26 czerwca 2021r.\" data-e-action-hash=\"#elementor-action%3Aaction%3Dlightbox%26settings%3DeyJpZCI6MTU2MTcsInVybCI6Imh0dHBzOlwvXC93d3cubGljaGVuLnBsXC93cC1jb250ZW50XC91cGxvYWRzXC8yMDIxXC8wNlwvSUktUm9kemlubnktUmFqZC1Sb3dlcm93eS03LmpwZyIsInNsaWRlc2hvdyI6ImVhMWM3ODcifQ%3D%3D\">\n\t\t\t\t\t<div class=\"e-gallery-image elementor-gallery-item__image\" data-thumbnail=\"https:\/\/www.lichen.pl\/wp-content\/uploads\/2021\/06\/II-Rodzinny-Rajd-Rowerowy-7-300x225.jpg\" data-width=\"300\" data-height=\"225\" aria-label=\"\" role=\"img\" ><\/div>\n\t\t\t\t\t\t\t\t\t\t\t<div class=\"elementor-gallery-item__overlay\"><\/div>\n\t\t\t\t\t\t\t\t\t\t\t\t\t\t<\/a>\n\t\t\t\t\t\t\t<a class=\"e-gallery-item elementor-gallery-item elementor-animated-content\" href=\"https:\/\/www.lichen.pl\/wp-content\/uploads\/2021\/06\/II-Rodzinny-Rajd-Rowerowy-8.jpg\" data-elementor-open-lightbox=\"yes\" data-elementor-lightbox-slideshow=\"ea1c787\" data-elementor-lightbox-title=\"II Rodzinny Rajd Rowerowy wok\u00f3\u0142 Lichenia, 26 czerwca 2021r.\" data-elementor-lightbox-description=\"II Rodzinny Rajd Rowerowy wok\u00f3\u0142 Lichenia, 26 czerwca 2021r.\" data-e-action-hash=\"#elementor-action%3Aaction%3Dlightbox%26settings%3DeyJpZCI6MTU2MjIsInVybCI6Imh0dHBzOlwvXC93d3cubGljaGVuLnBsXC93cC1jb250ZW50XC91cGxvYWRzXC8yMDIxXC8wNlwvSUktUm9kemlubnktUmFqZC1Sb3dlcm93eS04LmpwZyIsInNsaWRlc2hvdyI6ImVhMWM3ODcifQ%3D%3D\">\n\t\t\t\t\t<div class=\"e-gallery-image elementor-gallery-item__image\" data-thumbnail=\"https:\/\/www.lichen.pl\/wp-content\/uploads\/2021\/06\/II-Rodzinny-Rajd-Rowerowy-8-300x225.jpg\" data-width=\"300\" data-height=\"225\" aria-label=\"\" role=\"img\" ><\/div>\n\t\t\t\t\t\t\t\t\t\t\t<div class=\"elementor-gallery-item__overlay\"><\/div>\n\t\t\t\t\t\t\t\t\t\t\t\t\t\t<\/a>\n\t\t\t\t\t\t\t<a class=\"e-gallery-item elementor-gallery-item elementor-animated-content\" href=\"https:\/\/www.lichen.pl\/wp-content\/uploads\/2021\/06\/II-Rodzinny-Rajd-Rowerowy-10.jpg\" data-elementor-open-lightbox=\"yes\" data-elementor-lightbox-slideshow=\"ea1c787\" data-elementor-lightbox-title=\"II Rodzinny Rajd Rowerowy wok\u00f3\u0142 Lichenia, 26 czerwca 2021r.\" data-elementor-lightbox-description=\"II Rodzinny Rajd Rowerowy wok\u00f3\u0142 Lichenia, 26 czerwca 2021r.\" data-e-action-hash=\"#elementor-action%3Aaction%3Dlightbox%26settings%3DeyJpZCI6MTU2MzIsInVybCI6Imh0dHBzOlwvXC93d3cubGljaGVuLnBsXC93cC1jb250ZW50XC91cGxvYWRzXC8yMDIxXC8wNlwvSUktUm9kemlubnktUmFqZC1Sb3dlcm93eS0xMC5qcGciLCJzbGlkZXNob3ciOiJlYTFjNzg3In0%3D\">\n\t\t\t\t\t<div class=\"e-gallery-image elementor-gallery-item__image\" data-thumbnail=\"https:\/\/www.lichen.pl\/wp-content\/uploads\/2021\/06\/II-Rodzinny-Rajd-Rowerowy-10-300x225.jpg\" data-width=\"300\" data-height=\"225\" aria-label=\"\" role=\"img\" ><\/div>\n\t\t\t\t\t\t\t\t\t\t\t<div class=\"elementor-gallery-item__overlay\"><\/div>\n\t\t\t\t\t\t\t\t\t\t\t\t\t\t<\/a>\n\t\t\t\t\t\t\t<a class=\"e-gallery-item elementor-gallery-item elementor-animated-content\" href=\"https:\/\/www.lichen.pl\/wp-content\/uploads\/2021\/06\/II-Rodzinny-Rajd-Rowerowy-14.jpg\" data-elementor-open-lightbox=\"yes\" data-elementor-lightbox-slideshow=\"ea1c787\" data-elementor-lightbox-title=\"II Rodzinny Rajd Rowerowy wok\u00f3\u0142 Lichenia, 26 czerwca 2021r.\" data-elementor-lightbox-description=\"II Rodzinny Rajd Rowerowy wok\u00f3\u0142 Lichenia, 26 czerwca 2021r.\" data-e-action-hash=\"#elementor-action%3Aaction%3Dlightbox%26settings%3DeyJpZCI6MTU2NTIsInVybCI6Imh0dHBzOlwvXC93d3cubGljaGVuLnBsXC93cC1jb250ZW50XC91cGxvYWRzXC8yMDIxXC8wNlwvSUktUm9kemlubnktUmFqZC1Sb3dlcm93eS0xNC5qcGciLCJzbGlkZXNob3ciOiJlYTFjNzg3In0%3D\">\n\t\t\t\t\t<div class=\"e-gallery-image elementor-gallery-item__image\" data-thumbnail=\"https:\/\/www.lichen.pl\/wp-content\/uploads\/2021\/06\/II-Rodzinny-Rajd-Rowerowy-14-300x225.jpg\" data-width=\"300\" data-height=\"225\" aria-label=\"\" role=\"img\" ><\/div>\n\t\t\t\t\t\t\t\t\t\t\t<div class=\"elementor-gallery-item__overlay\"><\/div>\n\t\t\t\t\t\t\t\t\t\t\t\t\t\t<\/a>\n\t\t\t\t\t\t\t<a class=\"e-gallery-item elementor-gallery-item elementor-animated-content\" href=\"https:\/\/www.lichen.pl\/wp-content\/uploads\/2021\/06\/II-Rodzinny-Rajd-Rowerowy-16.jpg\" data-elementor-open-lightbox=\"yes\" data-elementor-lightbox-slideshow=\"ea1c787\" data-elementor-lightbox-title=\"II Rodzinny Rajd Rowerowy wok\u00f3\u0142 Lichenia, 26 czerwca 2021r.\" data-elementor-lightbox-description=\"II Rodzinny Rajd Rowerowy wok\u00f3\u0142 Lichenia, 26 czerwca 2021r.\" data-e-action-hash=\"#elementor-action%3Aaction%3Dlightbox%26settings%3DeyJpZCI6MTU2NjIsInVybCI6Imh0dHBzOlwvXC93d3cubGljaGVuLnBsXC93cC1jb250ZW50XC91cGxvYWRzXC8yMDIxXC8wNlwvSUktUm9kemlubnktUmFqZC1Sb3dlcm93eS0xNi5qcGciLCJzbGlkZXNob3ciOiJlYTFjNzg3In0%3D\">\n\t\t\t\t\t<div class=\"e-gallery-image elementor-gallery-item__image\" data-thumbnail=\"https:\/\/www.lichen.pl\/wp-content\/uploads\/2021\/06\/II-Rodzinny-Rajd-Rowerowy-16-300x225.jpg\" data-width=\"300\" data-height=\"225\" aria-label=\"\" role=\"img\" ><\/div>\n\t\t\t\t\t\t\t\t\t\t\t<div class=\"elementor-gallery-item__overlay\"><\/div>\n\t\t\t\t\t\t\t\t\t\t\t\t\t\t<\/a>\n\t\t\t\t\t\t\t<a class=\"e-gallery-item elementor-gallery-item elementor-animated-content\" href=\"https:\/\/www.lichen.pl\/wp-content\/uploads\/2021\/06\/II-Rodzinny-Rajd-Rowerowy-17.jpg\" data-elementor-open-lightbox=\"yes\" data-elementor-lightbox-slideshow=\"ea1c787\" data-elementor-lightbox-title=\"II Rodzinny Rajd Rowerowy wok\u00f3\u0142 Lichenia, 26 czerwca 2021r.\" data-elementor-lightbox-description=\"II Rodzinny Rajd Rowerowy wok\u00f3\u0142 Lichenia, 26 czerwca 2021r.\" data-e-action-hash=\"#elementor-action%3Aaction%3Dlightbox%26settings%3DeyJpZCI6MTU2NjcsInVybCI6Imh0dHBzOlwvXC93d3cubGljaGVuLnBsXC93cC1jb250ZW50XC91cGxvYWRzXC8yMDIxXC8wNlwvSUktUm9kemlubnktUmFqZC1Sb3dlcm93eS0xNy5qcGciLCJzbGlkZXNob3ciOiJlYTFjNzg3In0%3D\">\n\t\t\t\t\t<div class=\"e-gallery-image elementor-gallery-item__image\" data-thumbnail=\"https:\/\/www.lichen.pl\/wp-content\/uploads\/2021\/06\/II-Rodzinny-Rajd-Rowerowy-17-300x225.jpg\" data-width=\"300\" data-height=\"225\" aria-label=\"\" role=\"img\" ><\/div>\n\t\t\t\t\t\t\t\t\t\t\t<div class=\"elementor-gallery-item__overlay\"><\/div>\n\t\t\t\t\t\t\t\t\t\t\t\t\t\t<\/a>\n\t\t\t\t\t\t\t<a class=\"e-gallery-item elementor-gallery-item elementor-animated-content\" href=\"https:\/\/www.lichen.pl\/wp-content\/uploads\/2021\/06\/II-Rodzinny-Rajd-Rowerowy-19.jpg\" data-elementor-open-lightbox=\"yes\" data-elementor-lightbox-slideshow=\"ea1c787\" data-elementor-lightbox-title=\"II Rodzinny Rajd Rowerowy wok\u00f3\u0142 Lichenia, 26 czerwca 2021r.\" data-elementor-lightbox-description=\"II Rodzinny Rajd Rowerowy wok\u00f3\u0142 Lichenia, 26 czerwca 2021r.\" data-e-action-hash=\"#elementor-action%3Aaction%3Dlightbox%26settings%3DeyJpZCI6MTU2NzcsInVybCI6Imh0dHBzOlwvXC93d3cubGljaGVuLnBsXC93cC1jb250ZW50XC91cGxvYWRzXC8yMDIxXC8wNlwvSUktUm9kemlubnktUmFqZC1Sb3dlcm93eS0xOS5qcGciLCJzbGlkZXNob3ciOiJlYTFjNzg3In0%3D\">\n\t\t\t\t\t<div class=\"e-gallery-image elementor-gallery-item__image\" data-thumbnail=\"https:\/\/www.lichen.pl\/wp-content\/uploads\/2021\/06\/II-Rodzinny-Rajd-Rowerowy-19-300x225.jpg\" data-width=\"300\" data-height=\"225\" aria-label=\"\" role=\"img\" ><\/div>\n\t\t\t\t\t\t\t\t\t\t\t<div class=\"elementor-gallery-item__overlay\"><\/div>\n\t\t\t\t\t\t\t\t\t\t\t\t\t\t<\/a>\n\t\t\t\t\t\t\t<a class=\"e-gallery-item elementor-gallery-item elementor-animated-content\" href=\"https:\/\/www.lichen.pl\/wp-content\/uploads\/2021\/06\/II-Rodzinny-Rajd-Rowerowy-20.jpg\" data-elementor-open-lightbox=\"yes\" data-elementor-lightbox-slideshow=\"ea1c787\" data-elementor-lightbox-title=\"II Rodzinny Rajd Rowerowy wok\u00f3\u0142 Lichenia, 26 czerwca 2021r.\" data-elementor-lightbox-description=\"II Rodzinny Rajd Rowerowy wok\u00f3\u0142 Lichenia, 26 czerwca 2021r.\" data-e-action-hash=\"#elementor-action%3Aaction%3Dlightbox%26settings%3DeyJpZCI6MTU2ODIsInVybCI6Imh0dHBzOlwvXC93d3cubGljaGVuLnBsXC93cC1jb250ZW50XC91cGxvYWRzXC8yMDIxXC8wNlwvSUktUm9kemlubnktUmFqZC1Sb3dlcm93eS0yMC5qcGciLCJzbGlkZXNob3ciOiJlYTFjNzg3In0%3D\">\n\t\t\t\t\t<div class=\"e-gallery-image elementor-gallery-item__image\" data-thumbnail=\"https:\/\/www.lichen.pl\/wp-content\/uploads\/2021\/06\/II-Rodzinny-Rajd-Rowerowy-20-300x225.jpg\" data-width=\"300\" data-height=\"225\" aria-label=\"\" role=\"img\" ><\/div>\n\t\t\t\t\t\t\t\t\t\t\t<div class=\"elementor-gallery-item__overlay\"><\/div>\n\t\t\t\t\t\t\t\t\t\t\t\t\t\t<\/a>\n\t\t\t\t\t\t\t<a class=\"e-gallery-item elementor-gallery-item elementor-animated-content\" href=\"https:\/\/www.lichen.pl\/wp-content\/uploads\/2021\/06\/II-Rodzinny-Rajd-Rowerowy-21.jpg\" data-elementor-open-lightbox=\"yes\" data-elementor-lightbox-slideshow=\"ea1c787\" data-elementor-lightbox-title=\"II Rodzinny Rajd Rowerowy wok\u00f3\u0142 Lichenia, 26 czerwca 2021r.\" data-elementor-lightbox-description=\"II Rodzinny Rajd Rowerowy wok\u00f3\u0142 Lichenia, 26 czerwca 2021r.\" data-e-action-hash=\"#elementor-action%3Aaction%3Dlightbox%26settings%3DeyJpZCI6MTU2ODcsInVybCI6Imh0dHBzOlwvXC93d3cubGljaGVuLnBsXC93cC1jb250ZW50XC91cGxvYWRzXC8yMDIxXC8wNlwvSUktUm9kemlubnktUmFqZC1Sb3dlcm93eS0yMS5qcGciLCJzbGlkZXNob3ciOiJlYTFjNzg3In0%3D\">\n\t\t\t\t\t<div class=\"e-gallery-image elementor-gallery-item__image\" data-thumbnail=\"https:\/\/www.lichen.pl\/wp-content\/uploads\/2021\/06\/II-Rodzinny-Rajd-Rowerowy-21-300x225.jpg\" data-width=\"300\" data-height=\"225\" aria-label=\"\" role=\"img\" ><\/div>\n\t\t\t\t\t\t\t\t\t\t\t<div class=\"elementor-gallery-item__overlay\"><\/div>\n\t\t\t\t\t\t\t\t\t\t\t\t\t\t<\/a>\n\t\t\t\t\t<\/div>\n\t\t\t\t\t<\/div>\n\t\t\t\t<\/div>\n\t\t\t\t<div class=\"elementor-element elementor-element-3d60682 elementor-widget-divider--view-line elementor-widget elementor-widget-divider\" data-id=\"3d60682\" data-element_type=\"widget\" data-e-type=\"widget\" data-widget_type=\"divider.default\">\n\t\t\t\t<div class=\"elementor-widget-container\">\n\t\t\t\t\t\t\t<div class=\"elementor-divider\">\n\t\t\t<span class=\"elementor-divider-separator\">\n\t\t\t\t\t\t<\/span>\n\t\t<\/div>\n\t\t\t\t\t\t<\/div>\n\t\t\t\t<\/div>\n\t\t\t\t<section class=\"elementor-section elementor-inner-section elementor-element elementor-element-ccd0533 elementor-section-boxed elementor-section-height-default elementor-section-height-default\" data-id=\"ccd0533\" data-element_type=\"section\" data-e-type=\"section\">\n\t\t\t\t\t\t<div class=\"elementor-container elementor-column-gap-default\">\n\t\t\t\t\t<div class=\"elementor-column elementor-col-50 elementor-inner-column elementor-element elementor-element-ef72710\" data-id=\"ef72710\" data-element_type=\"column\" data-e-type=\"column\">\n\t\t\t<div class=\"elementor-widget-wrap elementor-element-populated\">\n\t\t\t\t\t\t<div class=\"elementor-element elementor-element-e89a650 elementor-widget elementor-widget-image\" data-id=\"e89a650\" data-element_type=\"widget\" data-e-type=\"widget\" data-widget_type=\"image.default\">\n\t\t\t\t<div class=\"elementor-widget-container\">\n\t\t\t\t\t\t\t\t\t\t\t\t<figure class=\"wp-caption\">\n\t\t\t\t\t\t\t\t\t\t<img fetchpriority=\"high\" decoding=\"async\" width=\"768\" height=\"1082\" src=\"https:\/\/www.lichen.pl\/wp-content\/uploads\/2021\/06\/II-Rodzinny-Rajd-Rowerowy-2021-1-768x1082.jpg\" class=\"attachment-medium_large size-medium_large wp-image-14237\" alt=\"\" srcset=\"https:\/\/www.lichen.pl\/wp-content\/uploads\/2021\/06\/II-Rodzinny-Rajd-Rowerowy-2021-1-768x1082.jpg 768w, https:\/\/www.lichen.pl\/wp-content\/uploads\/2021\/06\/II-Rodzinny-Rajd-Rowerowy-2021-1-scaled-800x1127.jpg 800w, https:\/\/www.lichen.pl\/wp-content\/uploads\/2021\/06\/II-Rodzinny-Rajd-Rowerowy-2021-1-213x300.jpg 213w, https:\/\/www.lichen.pl\/wp-content\/uploads\/2021\/06\/II-Rodzinny-Rajd-Rowerowy-2021-1-727x1024.jpg 727w, https:\/\/www.lichen.pl\/wp-content\/uploads\/2021\/06\/II-Rodzinny-Rajd-Rowerowy-2021-1-1454x2048.jpg 1454w, https:\/\/www.lichen.pl\/wp-content\/uploads\/2021\/06\/II-Rodzinny-Rajd-Rowerowy-2021-1-scaled.jpg 909w\" sizes=\"(max-width: 768px) 100vw, 768px\" \/>\t\t\t\t\t\t\t\t\t\t\t<figcaption class=\"widget-image-caption wp-caption-text\">Poster del 2\u00b0 Raduno di Biciclette per Famiglie intorno a Lichen<\/figcaption>\n\t\t\t\t\t\t\t\t\t\t<\/figure>\n\t\t\t\t\t\t\t\t\t<\/div>\n\t\t\t\t<\/div>\n\t\t\t\t\t<\/div>\n\t\t<\/div>\n\t\t\t\t<div class=\"elementor-column elementor-col-50 elementor-inner-column elementor-element elementor-element-3637002\" data-id=\"3637002\" data-element_type=\"column\" data-e-type=\"column\">\n\t\t\t<div class=\"elementor-widget-wrap elementor-element-populated\">\n\t\t\t\t\t\t<div class=\"elementor-element elementor-element-4fc4d94 elementor-widget elementor-widget-image\" data-id=\"4fc4d94\" data-element_type=\"widget\" data-e-type=\"widget\" data-widget_type=\"image.default\">\n\t\t\t\t<div class=\"elementor-widget-container\">\n\t\t\t\t\t\t\t\t\t\t\t\t<figure class=\"wp-caption\">\n\t\t\t\t\t\t\t\t\t\t<img decoding=\"async\" width=\"724\" height=\"1024\" src=\"https:\/\/www.lichen.pl\/wp-content\/uploads\/2021\/06\/mapka-rajd-724x1024.jpg\" class=\"attachment-large size-large wp-image-14268\" alt=\"\" srcset=\"https:\/\/www.lichen.pl\/wp-content\/uploads\/2021\/06\/mapka-rajd-724x1024.jpg 724w, https:\/\/www.lichen.pl\/wp-content\/uploads\/2021\/06\/mapka-rajd-800x1130.jpg 800w, https:\/\/www.lichen.pl\/wp-content\/uploads\/2021\/06\/mapka-rajd-212x300.jpg 212w, https:\/\/www.lichen.pl\/wp-content\/uploads\/2021\/06\/mapka-rajd-768x1086.jpg 768w, https:\/\/www.lichen.pl\/wp-content\/uploads\/2021\/06\/mapka-rajd-1087x1536.jpg 1087w, https:\/\/www.lichen.pl\/wp-content\/uploads\/2021\/06\/mapka-rajd.jpg 906w\" sizes=\"(max-width: 724px) 100vw, 724px\" \/>\t\t\t\t\t\t\t\t\t\t\t<figcaption class=\"widget-image-caption wp-caption-text\">Il percorso del 2\u00b0 Raduno di Biciclette per Famiglie intorno a Lichen<\/figcaption>\n\t\t\t\t\t\t\t\t\t\t<\/figure>\n\t\t\t\t\t\t\t\t\t<\/div>\n\t\t\t\t<\/div>\n\t\t\t\t\t<\/div>\n\t\t<\/div>\n\t\t\t\t\t<\/div>\n\t\t<\/section>\n\t\t\t\t<div class=\"elementor-element elementor-element-408e4eb elementor-widget-divider--view-line elementor-widget elementor-widget-divider\" data-id=\"408e4eb\" data-element_type=\"widget\" data-e-type=\"widget\" data-widget_type=\"divider.default\">\n\t\t\t\t<div class=\"elementor-widget-container\">\n\t\t\t\t\t\t\t<div class=\"elementor-divider\">\n\t\t\t<span class=\"elementor-divider-separator\">\n\t\t\t\t\t\t<\/span>\n\t\t<\/div>\n\t\t\t\t\t\t<\/div>\n\t\t\t\t<\/div>\n\t\t\t\t\t<\/div>\n\t\t<\/div>\n\t\t\t\t\t<\/div>\n\t\t<\/section>\n\t\t\t\t<\/div>","protected":false},"excerpt":{"rendered":"<p>26 czerwca 2021 r. ju\u017c po raz drugi odby\u0142 si\u0119 II Rodzinny Rajd Rowerowy wok\u00f3\u0142 Lichenia. W rajdzie wzi\u0119\u0142o udzia\u0142 ok. 40 rowerzyst\u00f3w. W tegorocznej edycji rajdu, na aktywn\u0105 i sportow\u0105 inauguracj\u0119 wakacji zdecydowa\u0142a si\u0119 wi\u0119ksza grupa rowerzyst\u00f3w.Pocz\u0105tek wycieczki odby\u0142 si\u0119 na parkingu wewn\u0119trznym przy bazylice, tu\u017c przy wej\u015bciu do Muzeum im. ks. J\u00f3zefa Jarz\u0119bowskiego [&hellip;]<\/p>\n","protected":false},"author":4,"featured_media":15723,"comment_status":"open","ping_status":"open","sticky":false,"template":"","format":"standard","meta":{"footnotes":""},"categories":[1],"tags":[],"class_list":["post-14231","post","type-post","status-publish","format-standard","has-post-thumbnail","hentry","category-aktualnosci","wpbf-post"],"yoast_head":"<!-- This site is optimized with the Yoast SEO plugin v27.4 - https:\/\/yoast.com\/product\/yoast-seo-wordpress\/ -->\n<title>II Rodzinny Rajd Rowerowy wok\u00f3\u0142 Lichenia zako\u0144czony. - SANKTUARIUM W LICHENIU<\/title>\n<meta name=\"robots\" content=\"index, follow, max-snippet:-1, max-image-preview:large, max-video-preview:-1\" \/>\n<link rel=\"canonical\" href=\"http:\/\/www.lichen.pl\/it\/ii-rodzinny-rajd-rowerowy-wokol-lichenia\/\" \/>\n<meta property=\"og:locale\" content=\"it_IT\" \/>\n<meta property=\"og:type\" content=\"article\" \/>\n<meta property=\"og:title\" content=\"II Rodzinny Rajd Rowerowy wok\u00f3\u0142 Lichenia zako\u0144czony. - SANKTUARIUM W LICHENIU\" \/>\n<meta property=\"og:description\" content=\"26 czerwca 2021 r. ju\u017c po raz drugi odby\u0142 si\u0119 II Rodzinny Rajd Rowerowy wok\u00f3\u0142 Lichenia. W rajdzie wzi\u0119\u0142o udzia\u0142 ok. 40 rowerzyst\u00f3w. W tegorocznej edycji rajdu, na aktywn\u0105 i sportow\u0105 inauguracj\u0119 wakacji zdecydowa\u0142a si\u0119 wi\u0119ksza grupa rowerzyst\u00f3w.Pocz\u0105tek wycieczki odby\u0142 si\u0119 na parkingu wewn\u0119trznym przy bazylice, tu\u017c przy wej\u015bciu do Muzeum im. ks. J\u00f3zefa Jarz\u0119bowskiego [&hellip;]\" \/>\n<meta property=\"og:url\" content=\"http:\/\/www.lichen.pl\/it\/ii-rodzinny-rajd-rowerowy-wokol-lichenia\/\" \/>\n<meta property=\"og:site_name\" content=\"SANKTUARIUM W LICHENIU\" \/>\n<meta property=\"article:published_time\" content=\"2021-06-26T16:36:40+00:00\" \/>\n<meta property=\"article:modified_time\" content=\"2021-06-28T16:54:43+00:00\" \/>\n<meta property=\"og:image\" content=\"http:\/\/www.lichen.pl\/wp-content\/uploads\/2021\/06\/20210626_101029-scaled.jpg\" \/>\n\t<meta property=\"og:image:width\" content=\"1920\" \/>\n\t<meta property=\"og:image:height\" content=\"1440\" \/>\n\t<meta property=\"og:image:type\" content=\"image\/jpeg\" \/>\n<meta name=\"author\" content=\"ROBERT ADAMCZYK\" \/>\n<meta name=\"twitter:card\" content=\"summary_large_image\" \/>\n<meta name=\"twitter:label1\" content=\"Scritto da\" \/>\n\t<meta name=\"twitter:data1\" content=\"ROBERT ADAMCZYK\" \/>\n\t<meta name=\"twitter:label2\" content=\"Tempo di lettura stimato\" \/>\n\t<meta name=\"twitter:data2\" content=\"2 minuti\" \/>\n<script type=\"application\/ld+json\" class=\"yoast-schema-graph\">{\"@context\":\"https:\\\/\\\/schema.org\",\"@graph\":[{\"@type\":\"Article\",\"@id\":\"http:\\\/\\\/www.lichen.pl\\\/de\\\/ii-rodzinny-rajd-rowerowy-wokol-lichenia\\\/#article\",\"isPartOf\":{\"@id\":\"http:\\\/\\\/www.lichen.pl\\\/de\\\/ii-rodzinny-rajd-rowerowy-wokol-lichenia\\\/\"},\"author\":{\"name\":\"ROBERT ADAMCZYK\",\"@id\":\"https:\\\/\\\/www.lichen.pl\\\/fr\\\/#\\\/schema\\\/person\\\/c06cd926b95870cc59f18d6ee6e33da5\"},\"headline\":\"II Rodzinny Rajd Rowerowy wok\u00f3\u0142 Lichenia zako\u0144czony.\",\"datePublished\":\"2021-06-26T16:36:40+00:00\",\"dateModified\":\"2021-06-28T16:54:43+00:00\",\"mainEntityOfPage\":{\"@id\":\"http:\\\/\\\/www.lichen.pl\\\/de\\\/ii-rodzinny-rajd-rowerowy-wokol-lichenia\\\/\"},\"wordCount\":237,\"commentCount\":0,\"image\":{\"@id\":\"http:\\\/\\\/www.lichen.pl\\\/de\\\/ii-rodzinny-rajd-rowerowy-wokol-lichenia\\\/#primaryimage\"},\"thumbnailUrl\":\"https:\\\/\\\/www.lichen.pl\\\/wp-content\\\/uploads\\\/2021\\\/06\\\/20210626_101029-scaled.jpg\",\"articleSection\":[\"Aktualno\u015bci\"],\"inLanguage\":\"it-IT\",\"potentialAction\":[{\"@type\":\"CommentAction\",\"name\":\"Comment\",\"target\":[\"http:\\\/\\\/www.lichen.pl\\\/de\\\/ii-rodzinny-rajd-rowerowy-wokol-lichenia\\\/#respond\"]}]},{\"@type\":\"WebPage\",\"@id\":\"http:\\\/\\\/www.lichen.pl\\\/de\\\/ii-rodzinny-rajd-rowerowy-wokol-lichenia\\\/\",\"url\":\"http:\\\/\\\/www.lichen.pl\\\/de\\\/ii-rodzinny-rajd-rowerowy-wokol-lichenia\\\/\",\"name\":\"II Rodzinny Rajd Rowerowy wok\u00f3\u0142 Lichenia zako\u0144czony. - SANKTUARIUM W LICHENIU\",\"isPartOf\":{\"@id\":\"https:\\\/\\\/www.lichen.pl\\\/fr\\\/#website\"},\"primaryImageOfPage\":{\"@id\":\"http:\\\/\\\/www.lichen.pl\\\/de\\\/ii-rodzinny-rajd-rowerowy-wokol-lichenia\\\/#primaryimage\"},\"image\":{\"@id\":\"http:\\\/\\\/www.lichen.pl\\\/de\\\/ii-rodzinny-rajd-rowerowy-wokol-lichenia\\\/#primaryimage\"},\"thumbnailUrl\":\"https:\\\/\\\/www.lichen.pl\\\/wp-content\\\/uploads\\\/2021\\\/06\\\/20210626_101029-scaled.jpg\",\"datePublished\":\"2021-06-26T16:36:40+00:00\",\"dateModified\":\"2021-06-28T16:54:43+00:00\",\"author\":{\"@id\":\"https:\\\/\\\/www.lichen.pl\\\/fr\\\/#\\\/schema\\\/person\\\/c06cd926b95870cc59f18d6ee6e33da5\"},\"breadcrumb\":{\"@id\":\"http:\\\/\\\/www.lichen.pl\\\/de\\\/ii-rodzinny-rajd-rowerowy-wokol-lichenia\\\/#breadcrumb\"},\"inLanguage\":\"it-IT\",\"potentialAction\":[{\"@type\":\"ReadAction\",\"target\":[\"http:\\\/\\\/www.lichen.pl\\\/de\\\/ii-rodzinny-rajd-rowerowy-wokol-lichenia\\\/\"]}]},{\"@type\":\"ImageObject\",\"inLanguage\":\"it-IT\",\"@id\":\"http:\\\/\\\/www.lichen.pl\\\/de\\\/ii-rodzinny-rajd-rowerowy-wokol-lichenia\\\/#primaryimage\",\"url\":\"https:\\\/\\\/www.lichen.pl\\\/wp-content\\\/uploads\\\/2021\\\/06\\\/20210626_101029-scaled.jpg\",\"contentUrl\":\"https:\\\/\\\/www.lichen.pl\\\/wp-content\\\/uploads\\\/2021\\\/06\\\/20210626_101029-scaled.jpg\",\"width\":1920,\"height\":1440},{\"@type\":\"BreadcrumbList\",\"@id\":\"http:\\\/\\\/www.lichen.pl\\\/de\\\/ii-rodzinny-rajd-rowerowy-wokol-lichenia\\\/#breadcrumb\",\"itemListElement\":[{\"@type\":\"ListItem\",\"position\":1,\"name\":\"Strona g\u0142\u00f3wna\",\"item\":\"https:\\\/\\\/www.lichen.pl\\\/\"},{\"@type\":\"ListItem\",\"position\":2,\"name\":\"II Rodzinny Rajd Rowerowy wok\u00f3\u0142 Lichenia zako\u0144czony.\"}]},{\"@type\":\"WebSite\",\"@id\":\"https:\\\/\\\/www.lichen.pl\\\/fr\\\/#website\",\"url\":\"https:\\\/\\\/www.lichen.pl\\\/fr\\\/\",\"name\":\"SANKTUARIUM W LICHENIU\",\"description\":\"MATKI BO\u017bEJ LICHE\u0143SKIEJ BOLESNEJ KR\u00d3LOWEJ POLSKI\",\"potentialAction\":[{\"@type\":\"SearchAction\",\"target\":{\"@type\":\"EntryPoint\",\"urlTemplate\":\"https:\\\/\\\/www.lichen.pl\\\/fr\\\/?s={search_term_string}\"},\"query-input\":{\"@type\":\"PropertyValueSpecification\",\"valueRequired\":true,\"valueName\":\"search_term_string\"}}],\"inLanguage\":\"it-IT\"},{\"@type\":\"Person\",\"@id\":\"https:\\\/\\\/www.lichen.pl\\\/fr\\\/#\\\/schema\\\/person\\\/c06cd926b95870cc59f18d6ee6e33da5\",\"name\":\"ROBERT ADAMCZYK\",\"image\":{\"@type\":\"ImageObject\",\"inLanguage\":\"it-IT\",\"@id\":\"https:\\\/\\\/secure.gravatar.com\\\/avatar\\\/53c330430596e73552f4c356c2e47c209ff8f6352a5106011c9b6abcce5e00df?s=96&d=retro&r=g\",\"url\":\"https:\\\/\\\/secure.gravatar.com\\\/avatar\\\/53c330430596e73552f4c356c2e47c209ff8f6352a5106011c9b6abcce5e00df?s=96&d=retro&r=g\",\"contentUrl\":\"https:\\\/\\\/secure.gravatar.com\\\/avatar\\\/53c330430596e73552f4c356c2e47c209ff8f6352a5106011c9b6abcce5e00df?s=96&d=retro&r=g\",\"caption\":\"ROBERT ADAMCZYK\"},\"url\":\"https:\\\/\\\/www.lichen.pl\\\/it\\\/author\\\/press\\\/\"}]}<\/script>\n<!-- \/ Yoast SEO plugin. -->","yoast_head_json":{"title":"II Rodzinny Rajd Rowerowy wok\u00f3\u0142 Lichenia zako\u0144czony. - SANKTUARIUM W LICHENIU","robots":{"index":"index","follow":"follow","max-snippet":"max-snippet:-1","max-image-preview":"max-image-preview:large","max-video-preview":"max-video-preview:-1"},"canonical":"http:\/\/www.lichen.pl\/it\/ii-rodzinny-rajd-rowerowy-wokol-lichenia\/","og_locale":"it_IT","og_type":"article","og_title":"II Rodzinny Rajd Rowerowy wok\u00f3\u0142 Lichenia zako\u0144czony. - SANKTUARIUM W LICHENIU","og_description":"26 czerwca 2021 r. ju\u017c po raz drugi odby\u0142 si\u0119 II Rodzinny Rajd Rowerowy wok\u00f3\u0142 Lichenia. W rajdzie wzi\u0119\u0142o udzia\u0142 ok. 40 rowerzyst\u00f3w. W tegorocznej edycji rajdu, na aktywn\u0105 i sportow\u0105 inauguracj\u0119 wakacji zdecydowa\u0142a si\u0119 wi\u0119ksza grupa rowerzyst\u00f3w.Pocz\u0105tek wycieczki odby\u0142 si\u0119 na parkingu wewn\u0119trznym przy bazylice, tu\u017c przy wej\u015bciu do Muzeum im. ks. J\u00f3zefa Jarz\u0119bowskiego [&hellip;]","og_url":"http:\/\/www.lichen.pl\/it\/ii-rodzinny-rajd-rowerowy-wokol-lichenia\/","og_site_name":"SANKTUARIUM W LICHENIU","article_published_time":"2021-06-26T16:36:40+00:00","article_modified_time":"2021-06-28T16:54:43+00:00","og_image":[{"width":1920,"height":1440,"url":"http:\/\/www.lichen.pl\/wp-content\/uploads\/2021\/06\/20210626_101029-scaled.jpg","type":"image\/jpeg"}],"author":"ROBERT ADAMCZYK","twitter_card":"summary_large_image","twitter_misc":{"Scritto da":"ROBERT ADAMCZYK","Tempo di lettura stimato":"2 minuti"},"schema":{"@context":"https:\/\/schema.org","@graph":[{"@type":"Article","@id":"http:\/\/www.lichen.pl\/de\/ii-rodzinny-rajd-rowerowy-wokol-lichenia\/#article","isPartOf":{"@id":"http:\/\/www.lichen.pl\/de\/ii-rodzinny-rajd-rowerowy-wokol-lichenia\/"},"author":{"name":"ROBERT ADAMCZYK","@id":"https:\/\/www.lichen.pl\/fr\/#\/schema\/person\/c06cd926b95870cc59f18d6ee6e33da5"},"headline":"II Rodzinny Rajd Rowerowy wok\u00f3\u0142 Lichenia zako\u0144czony.","datePublished":"2021-06-26T16:36:40+00:00","dateModified":"2021-06-28T16:54:43+00:00","mainEntityOfPage":{"@id":"http:\/\/www.lichen.pl\/de\/ii-rodzinny-rajd-rowerowy-wokol-lichenia\/"},"wordCount":237,"commentCount":0,"image":{"@id":"http:\/\/www.lichen.pl\/de\/ii-rodzinny-rajd-rowerowy-wokol-lichenia\/#primaryimage"},"thumbnailUrl":"https:\/\/www.lichen.pl\/wp-content\/uploads\/2021\/06\/20210626_101029-scaled.jpg","articleSection":["Aktualno\u015bci"],"inLanguage":"it-IT","potentialAction":[{"@type":"CommentAction","name":"Comment","target":["http:\/\/www.lichen.pl\/de\/ii-rodzinny-rajd-rowerowy-wokol-lichenia\/#respond"]}]},{"@type":"WebPage","@id":"http:\/\/www.lichen.pl\/de\/ii-rodzinny-rajd-rowerowy-wokol-lichenia\/","url":"http:\/\/www.lichen.pl\/de\/ii-rodzinny-rajd-rowerowy-wokol-lichenia\/","name":"II Rodzinny Rajd Rowerowy wok\u00f3\u0142 Lichenia zako\u0144czony. - SANKTUARIUM W LICHENIU","isPartOf":{"@id":"https:\/\/www.lichen.pl\/fr\/#website"},"primaryImageOfPage":{"@id":"http:\/\/www.lichen.pl\/de\/ii-rodzinny-rajd-rowerowy-wokol-lichenia\/#primaryimage"},"image":{"@id":"http:\/\/www.lichen.pl\/de\/ii-rodzinny-rajd-rowerowy-wokol-lichenia\/#primaryimage"},"thumbnailUrl":"https:\/\/www.lichen.pl\/wp-content\/uploads\/2021\/06\/20210626_101029-scaled.jpg","datePublished":"2021-06-26T16:36:40+00:00","dateModified":"2021-06-28T16:54:43+00:00","author":{"@id":"https:\/\/www.lichen.pl\/fr\/#\/schema\/person\/c06cd926b95870cc59f18d6ee6e33da5"},"breadcrumb":{"@id":"http:\/\/www.lichen.pl\/de\/ii-rodzinny-rajd-rowerowy-wokol-lichenia\/#breadcrumb"},"inLanguage":"it-IT","potentialAction":[{"@type":"ReadAction","target":["http:\/\/www.lichen.pl\/de\/ii-rodzinny-rajd-rowerowy-wokol-lichenia\/"]}]},{"@type":"ImageObject","inLanguage":"it-IT","@id":"http:\/\/www.lichen.pl\/de\/ii-rodzinny-rajd-rowerowy-wokol-lichenia\/#primaryimage","url":"https:\/\/www.lichen.pl\/wp-content\/uploads\/2021\/06\/20210626_101029-scaled.jpg","contentUrl":"https:\/\/www.lichen.pl\/wp-content\/uploads\/2021\/06\/20210626_101029-scaled.jpg","width":1920,"height":1440},{"@type":"BreadcrumbList","@id":"http:\/\/www.lichen.pl\/de\/ii-rodzinny-rajd-rowerowy-wokol-lichenia\/#breadcrumb","itemListElement":[{"@type":"ListItem","position":1,"name":"Strona g\u0142\u00f3wna","item":"https:\/\/www.lichen.pl\/"},{"@type":"ListItem","position":2,"name":"II Rodzinny Rajd Rowerowy wok\u00f3\u0142 Lichenia zako\u0144czony."}]},{"@type":"WebSite","@id":"https:\/\/www.lichen.pl\/fr\/#website","url":"https:\/\/www.lichen.pl\/fr\/","name":"SANTUARIO IN LICHENIA","description":"LA REGINA ADOLORATA DEL NOSTRO LICHENE DI POLONIA","potentialAction":[{"@type":"SearchAction","target":{"@type":"EntryPoint","urlTemplate":"https:\/\/www.lichen.pl\/fr\/?s={search_term_string}"},"query-input":{"@type":"PropertyValueSpecification","valueRequired":true,"valueName":"search_term_string"}}],"inLanguage":"it-IT"},{"@type":"Person","@id":"https:\/\/www.lichen.pl\/fr\/#\/schema\/person\/c06cd926b95870cc59f18d6ee6e33da5","name":"ROBERT ADAMCZYK","image":{"@type":"ImageObject","inLanguage":"it-IT","@id":"https:\/\/secure.gravatar.com\/avatar\/53c330430596e73552f4c356c2e47c209ff8f6352a5106011c9b6abcce5e00df?s=96&d=retro&r=g","url":"https:\/\/secure.gravatar.com\/avatar\/53c330430596e73552f4c356c2e47c209ff8f6352a5106011c9b6abcce5e00df?s=96&d=retro&r=g","contentUrl":"https:\/\/secure.gravatar.com\/avatar\/53c330430596e73552f4c356c2e47c209ff8f6352a5106011c9b6abcce5e00df?s=96&d=retro&r=g","caption":"ROBERT ADAMCZYK"},"url":"https:\/\/www.lichen.pl\/it\/author\/press\/"}]}},"_links":{"self":[{"href":"https:\/\/www.lichen.pl\/it\/wp-json\/wp\/v2\/posts\/14231","targetHints":{"allow":["GET"]}}],"collection":[{"href":"https:\/\/www.lichen.pl\/it\/wp-json\/wp\/v2\/posts"}],"about":[{"href":"https:\/\/www.lichen.pl\/it\/wp-json\/wp\/v2\/types\/post"}],"author":[{"embeddable":true,"href":"https:\/\/www.lichen.pl\/it\/wp-json\/wp\/v2\/users\/4"}],"replies":[{"embeddable":true,"href":"https:\/\/www.lichen.pl\/it\/wp-json\/wp\/v2\/comments?post=14231"}],"version-history":[{"count":25,"href":"https:\/\/www.lichen.pl\/it\/wp-json\/wp\/v2\/posts\/14231\/revisions"}],"predecessor-version":[{"id":15807,"href":"https:\/\/www.lichen.pl\/it\/wp-json\/wp\/v2\/posts\/14231\/revisions\/15807"}],"wp:featuredmedia":[{"embeddable":true,"href":"https:\/\/www.lichen.pl\/it\/wp-json\/wp\/v2\/media\/15723"}],"wp:attachment":[{"href":"https:\/\/www.lichen.pl\/it\/wp-json\/wp\/v2\/media?parent=14231"}],"wp:term":[{"taxonomy":"category","embeddable":true,"href":"https:\/\/www.lichen.pl\/it\/wp-json\/wp\/v2\/categories?post=14231"},{"taxonomy":"post_tag","embeddable":true,"href":"https:\/\/www.lichen.pl\/it\/wp-json\/wp\/v2\/tags?post=14231"}],"curies":[{"name":"wp","href":"https:\/\/api.w.org\/{rel}","templated":true}]}}