{"id":15180,"date":"2019-03-16T15:29:30","date_gmt":"2019-03-16T15:29:30","guid":{"rendered":"http:\/\/www.lichen.pl\/?p=15180"},"modified":"2021-06-29T14:11:45","modified_gmt":"2021-06-29T14:11:45","slug":"pogrzeb-sp-ks-wiktora-krawczyka-mic","status":"publish","type":"post","link":"https:\/\/www.lichen.pl\/it\/pogrzeb-sp-ks-wiktora-krawczyka-mic\/","title":{"rendered":"Le cerimonie funebri degli ultimi FR. Wiktor Krawczyk, MIC."},"content":{"rendered":"<div data-elementor-type=\"wp-post\" data-elementor-id=\"15180\" class=\"elementor elementor-15180\" data-elementor-post-type=\"post\">\n\t\t\t\t\t\t<section class=\"elementor-section elementor-top-section elementor-element elementor-element-4bb5cf6 elementor-section-boxed elementor-section-height-default elementor-section-height-default\" data-id=\"4bb5cf6\" data-element_type=\"section\" data-e-type=\"section\">\n\t\t\t\t\t\t<div class=\"elementor-container elementor-column-gap-default\">\n\t\t\t\t\t<div class=\"elementor-column elementor-col-100 elementor-top-column elementor-element elementor-element-c7459a8\" data-id=\"c7459a8\" data-element_type=\"column\" data-e-type=\"column\">\n\t\t\t<div class=\"elementor-widget-wrap elementor-element-populated\">\n\t\t\t\t\t\t<div class=\"elementor-element elementor-element-0798311 elementor-widget elementor-widget-heading\" data-id=\"0798311\" data-element_type=\"widget\" data-e-type=\"widget\" data-widget_type=\"heading.default\">\n\t\t\t\t<div class=\"elementor-widget-container\">\n\t\t\t\t\t<h2 class=\"elementor-heading-title elementor-size-default\">&quot;Essere un anello della catena della salvezza di altre persone \u00e8 la pi\u00f9 grande benedizione possibile&quot;. Con queste parole, p. Tomasz Nowaczek, MIC, Superiore Provinciale della Congregazione dei Padri Mariani, ha concluso la sua omelia durante la Santa Messa. funerale FR. Wiktor Krawczyk, MIC. <\/h2>\t\t\t\t<\/div>\n\t\t\t\t<\/div>\n\t\t\t\t<div class=\"elementor-element elementor-element-4b2bc11 elementor-widget elementor-widget-text-editor\" data-id=\"4b2bc11\" data-element_type=\"widget\" data-e-type=\"widget\" data-widget_type=\"text-editor.default\">\n\t\t\t\t<div class=\"elementor-widget-container\">\n\t\t\t\t\t\t\t\t\t<p>Nell&#039;ultimo viaggio, p. Krawczyk, morto il 13 marzo, era accompagnato da confratelli della casa religiosa dei sacerdoti e dei fratelli mariani di Liche\u0144 e di altre case religiose mariane in Polonia, familiari, amici, parrocchiani di Liche\u0144 e dipendenti del santuario.<\/p><p>Le cerimonie funebri sono iniziate a 13:00 con preghiera del rosario nella chiesa parrocchiale di st. Dorothy, presieduta da p. Krzysztof Jagoda, MIC. Mezz&#039;ora dopo inizi\u00f2 la messa. funerali del defunto mariano, concelebrati dai sacerdoti presenti alla cerimonia presieduta da p. Andrzej Paku\u0142a, MIC, Superiore Generale della Congregazione dei Padri Mariani.<\/p>\t\t\t\t\t\t\t\t<\/div>\n\t\t\t\t<\/div>\n\t\t\t\t<section class=\"elementor-section elementor-inner-section elementor-element elementor-element-11af94b elementor-section-boxed elementor-section-height-default elementor-section-height-default\" data-id=\"11af94b\" data-element_type=\"section\" data-e-type=\"section\">\n\t\t\t\t\t\t<div class=\"elementor-container elementor-column-gap-default\">\n\t\t\t\t\t<div class=\"elementor-column elementor-col-50 elementor-inner-column elementor-element elementor-element-1f19b88\" data-id=\"1f19b88\" data-element_type=\"column\" data-e-type=\"column\">\n\t\t\t<div class=\"elementor-widget-wrap elementor-element-populated\">\n\t\t\t\t\t\t<div class=\"elementor-element elementor-element-532a111 elementor-widget elementor-widget-image\" data-id=\"532a111\" data-element_type=\"widget\" data-e-type=\"widget\" data-widget_type=\"image.default\">\n\t\t\t\t<div class=\"elementor-widget-container\">\n\t\t\t\t\t\t\t\t\t\t\t\t<figure class=\"wp-caption\">\n\t\t\t\t\t\t\t\t\t\t<img fetchpriority=\"high\" decoding=\"async\" width=\"768\" height=\"512\" src=\"https:\/\/www.lichen.pl\/wp-content\/uploads\/2021\/06\/IMG_1919-768x512.jpg\" class=\"attachment-medium_large size-medium_large wp-image-15246\" alt=\"\" srcset=\"https:\/\/www.lichen.pl\/wp-content\/uploads\/2021\/06\/IMG_1919-768x512.jpg 768w, https:\/\/www.lichen.pl\/wp-content\/uploads\/2021\/06\/IMG_1919-800x533.jpg 800w, https:\/\/www.lichen.pl\/wp-content\/uploads\/2021\/06\/IMG_1919-300x200.jpg 300w, https:\/\/www.lichen.pl\/wp-content\/uploads\/2021\/06\/IMG_1919-1024x683.jpg 1024w, https:\/\/www.lichen.pl\/wp-content\/uploads\/2021\/06\/IMG_1919.jpg 1152w\" sizes=\"(max-width: 768px) 100vw, 768px\" \/>\t\t\t\t\t\t\t\t\t\t\t<figcaption class=\"widget-image-caption wp-caption-text\">FR. Tomasz Nowaczek, MIC durante l&#039;omelia funebre<\/figcaption>\n\t\t\t\t\t\t\t\t\t\t<\/figure>\n\t\t\t\t\t\t\t\t\t<\/div>\n\t\t\t\t<\/div>\n\t\t\t\t\t<\/div>\n\t\t<\/div>\n\t\t\t\t<div class=\"elementor-column elementor-col-50 elementor-inner-column elementor-element elementor-element-c2b8859\" data-id=\"c2b8859\" data-element_type=\"column\" data-e-type=\"column\">\n\t\t\t<div class=\"elementor-widget-wrap elementor-element-populated\">\n\t\t\t\t\t\t<div class=\"elementor-element elementor-element-cbb75f1 elementor-blockquote--skin-border elementor-widget elementor-widget-blockquote\" data-id=\"cbb75f1\" data-element_type=\"widget\" data-e-type=\"widget\" data-widget_type=\"blockquote.default\">\n\t\t\t\t<div class=\"elementor-widget-container\">\n\t\t\t\t\t\t\t<blockquote class=\"elementor-blockquote\">\n\t\t\t<p class=\"elementor-blockquote__content\">\n\t\t\t\tSiamo strappati da tutto ci\u00f2 che non siamo riusciti a realizzare, che abbiamo rimandato a pi\u00f9 tardi. Il compianto Wiktor \u00e8 uno dei nostri confratelli che \u00e8 lentamente scomparso. C&#039;era un filo nella sua vita che il suo sacerdozio non era suo, ma Colui che lo aveva scelto - Ges\u00f9 Cristo.\t\t\t<\/p>\n\t\t\t\t\t\t\t<div class=\"e-q-footer\">\n\t\t\t\t\t\t\t\t\t\t\t<cite class=\"elementor-blockquote__author\">FR. Tomasz Nowaczek, MIC, Superiore della Provincia Divina Provvidenza, 13 marzo 2019.<\/cite>\n\t\t\t\t\t\t\t\t\t\t\t\t\t\t<\/div>\n\t\t\t\t\t<\/blockquote>\n\t\t\t\t\t\t<\/div>\n\t\t\t\t<\/div>\n\t\t\t\t\t<\/div>\n\t\t<\/div>\n\t\t\t\t\t<\/div>\n\t\t<\/section>\n\t\t\t\t<div class=\"elementor-element elementor-element-e5f403c elementor-widget elementor-widget-text-editor\" data-id=\"e5f403c\" data-element_type=\"widget\" data-e-type=\"widget\" data-widget_type=\"text-editor.default\">\n\t\t\t\t<div class=\"elementor-widget-container\">\n\t\t\t\t\t\t\t\t\t<p>Al termine dell&#039;omelia, p. Nowaczek ha presentato la testimonianza di p. Maciej Zachary, MIC, riguardo alla persona deceduta. Nella sua testimonianza, il mariano ha descritto la grande influenza del defunto padre sulla fede del suo defunto padre. FR. Krawczyk. - <em>&quot;Sono convinto che al giudizio di Dio, davanti al quale p. Wiktor, pap\u00e0 \u00e8 uno dei testimoni della difesa. Essere un anello nella catena della salvezza di altre persone \u00e8 il pi\u00f9 grande<\/em> <em>una possibile benedizione&quot;<\/em>.<\/p><p>Al termine dell&#039;Eucaristia, la bara con il corpo del sacerdote defunto \u00e8 stata trasportata al cimitero parrocchiale, dove sono state tumulate le sue spoglie mortali nel quartiere mariano.<\/p>\t\t\t\t\t\t\t\t<\/div>\n\t\t\t\t<\/div>\n\t\t\t\t<div class=\"elementor-element elementor-element-1499932 elementor-widget-divider--view-line_icon elementor-view-default elementor-widget-divider--element-align-center elementor-widget elementor-widget-divider\" data-id=\"1499932\" data-element_type=\"widget\" data-e-type=\"widget\" data-widget_type=\"divider.default\">\n\t\t\t\t<div class=\"elementor-widget-container\">\n\t\t\t\t\t\t\t<div class=\"elementor-divider\">\n\t\t\t<span class=\"elementor-divider-separator\">\n\t\t\t\t\t\t\t<div class=\"elementor-icon elementor-divider__element\">\n\t\t\t\t\t<i aria-hidden=\"true\" class=\"fas fa-camera\"><\/i><\/div>\n\t\t\t\t\t\t<\/span>\n\t\t<\/div>\n\t\t\t\t\t\t<\/div>\n\t\t\t\t<\/div>\n\t\t\t\t<div class=\"elementor-element elementor-element-0b90324 elementor-widget elementor-widget-gallery\" data-id=\"0b90324\" data-element_type=\"widget\" data-e-type=\"widget\" data-settings=\"{&quot;columns&quot;:5,&quot;gap&quot;:{&quot;unit&quot;:&quot;px&quot;,&quot;size&quot;:2,&quot;sizes&quot;:[]},&quot;lazyload&quot;:&quot;yes&quot;,&quot;gallery_layout&quot;:&quot;grid&quot;,&quot;columns_tablet&quot;:2,&quot;columns_mobile&quot;:1,&quot;gap_tablet&quot;:{&quot;unit&quot;:&quot;px&quot;,&quot;size&quot;:10,&quot;sizes&quot;:[]},&quot;gap_mobile&quot;:{&quot;unit&quot;:&quot;px&quot;,&quot;size&quot;:10,&quot;sizes&quot;:[]},&quot;link_to&quot;:&quot;file&quot;,&quot;aspect_ratio&quot;:&quot;3:2&quot;,&quot;overlay_background&quot;:&quot;yes&quot;,&quot;content_hover_animation&quot;:&quot;fade-in&quot;}\" data-widget_type=\"gallery.default\">\n\t\t\t\t<div class=\"elementor-widget-container\">\n\t\t\t\t\t\t\t<div class=\"elementor-gallery__container\">\n\t\t\t\t\t\t\t<a class=\"e-gallery-item elementor-gallery-item elementor-animated-content\" href=\"https:\/\/www.lichen.pl\/wp-content\/uploads\/2021\/06\/IMG_1979-rotated.jpg\" data-elementor-open-lightbox=\"yes\" data-elementor-lightbox-slideshow=\"0b90324\" data-elementor-lightbox-title=\"Uroczysto\u015bci pogrzebowe \u015bp. ks. Wiktora Krawczyka MIC, 13 marca 2019\" data-e-action-hash=\"#elementor-action%3Aaction%3Dlightbox%26settings%3DeyJpZCI6MTUyNzYsInVybCI6Imh0dHBzOlwvXC93d3cubGljaGVuLnBsXC93cC1jb250ZW50XC91cGxvYWRzXC8yMDIxXC8wNlwvSU1HXzE5Nzktcm90YXRlZC5qcGciLCJzbGlkZXNob3ciOiIwYjkwMzI0In0%3D\">\n\t\t\t\t\t<div class=\"e-gallery-image elementor-gallery-item__image\" data-thumbnail=\"https:\/\/www.lichen.pl\/wp-content\/uploads\/2021\/06\/IMG_1979-200x300.jpg\" data-width=\"200\" data-height=\"300\" aria-label=\"\" role=\"img\" ><\/div>\n\t\t\t\t\t\t\t\t\t\t\t<div class=\"elementor-gallery-item__overlay\"><\/div>\n\t\t\t\t\t\t\t\t\t\t\t\t\t\t<\/a>\n\t\t\t\t\t\t\t<a class=\"e-gallery-item elementor-gallery-item elementor-animated-content\" href=\"https:\/\/www.lichen.pl\/wp-content\/uploads\/2021\/06\/IMG_1934.jpg\" data-elementor-open-lightbox=\"yes\" data-elementor-lightbox-slideshow=\"0b90324\" data-elementor-lightbox-title=\"Uroczysto\u015bci pogrzebowe \u015bp. ks. Wiktora Krawczyka MIC, 13 marca 2019\" data-e-action-hash=\"#elementor-action%3Aaction%3Dlightbox%26settings%3DeyJpZCI6MTUyNTYsInVybCI6Imh0dHBzOlwvXC93d3cubGljaGVuLnBsXC93cC1jb250ZW50XC91cGxvYWRzXC8yMDIxXC8wNlwvSU1HXzE5MzQuanBnIiwic2xpZGVzaG93IjoiMGI5MDMyNCJ9\">\n\t\t\t\t\t<div class=\"e-gallery-image elementor-gallery-item__image\" data-thumbnail=\"https:\/\/www.lichen.pl\/wp-content\/uploads\/2021\/06\/IMG_1934-300x200.jpg\" data-width=\"300\" data-height=\"200\" aria-label=\"\" role=\"img\" ><\/div>\n\t\t\t\t\t\t\t\t\t\t\t<div class=\"elementor-gallery-item__overlay\"><\/div>\n\t\t\t\t\t\t\t\t\t\t\t\t\t\t<\/a>\n\t\t\t\t\t\t\t<a class=\"e-gallery-item elementor-gallery-item elementor-animated-content\" href=\"https:\/\/www.lichen.pl\/wp-content\/uploads\/2021\/06\/IMG_2004.jpg\" data-elementor-open-lightbox=\"yes\" data-elementor-lightbox-slideshow=\"0b90324\" data-elementor-lightbox-title=\"Uroczysto\u015bci pogrzebowe \u015bp. ks. Wiktora Krawczyka MIC, 13 marca 2019\" data-e-action-hash=\"#elementor-action%3Aaction%3Dlightbox%26settings%3DeyJpZCI6MTUyODYsInVybCI6Imh0dHBzOlwvXC93d3cubGljaGVuLnBsXC93cC1jb250ZW50XC91cGxvYWRzXC8yMDIxXC8wNlwvSU1HXzIwMDQuanBnIiwic2xpZGVzaG93IjoiMGI5MDMyNCJ9\">\n\t\t\t\t\t<div class=\"e-gallery-image elementor-gallery-item__image\" data-thumbnail=\"https:\/\/www.lichen.pl\/wp-content\/uploads\/2021\/06\/IMG_2004-300x200.jpg\" data-width=\"300\" data-height=\"200\" aria-label=\"\" role=\"img\" ><\/div>\n\t\t\t\t\t\t\t\t\t\t\t<div class=\"elementor-gallery-item__overlay\"><\/div>\n\t\t\t\t\t\t\t\t\t\t\t\t\t\t<\/a>\n\t\t\t\t\t\t\t<a class=\"e-gallery-item elementor-gallery-item elementor-animated-content\" href=\"https:\/\/www.lichen.pl\/wp-content\/uploads\/2021\/06\/IMG_2006.jpg\" data-elementor-open-lightbox=\"yes\" data-elementor-lightbox-slideshow=\"0b90324\" data-elementor-lightbox-title=\"Uroczysto\u015bci pogrzebowe \u015bp. ks. Wiktora Krawczyka MIC, 13 marca 2019\" data-e-action-hash=\"#elementor-action%3Aaction%3Dlightbox%26settings%3DeyJpZCI6MTUyOTEsInVybCI6Imh0dHBzOlwvXC93d3cubGljaGVuLnBsXC93cC1jb250ZW50XC91cGxvYWRzXC8yMDIxXC8wNlwvSU1HXzIwMDYuanBnIiwic2xpZGVzaG93IjoiMGI5MDMyNCJ9\">\n\t\t\t\t\t<div class=\"e-gallery-image elementor-gallery-item__image\" data-thumbnail=\"https:\/\/www.lichen.pl\/wp-content\/uploads\/2021\/06\/IMG_2006-300x200.jpg\" data-width=\"300\" data-height=\"200\" aria-label=\"\" role=\"img\" ><\/div>\n\t\t\t\t\t\t\t\t\t\t\t<div class=\"elementor-gallery-item__overlay\"><\/div>\n\t\t\t\t\t\t\t\t\t\t\t\t\t\t<\/a>\n\t\t\t\t\t\t\t<a class=\"e-gallery-item elementor-gallery-item elementor-animated-content\" href=\"https:\/\/www.lichen.pl\/wp-content\/uploads\/2021\/06\/IMG_2029.jpg\" data-elementor-open-lightbox=\"yes\" data-elementor-lightbox-slideshow=\"0b90324\" data-elementor-lightbox-title=\"Uroczysto\u015bci pogrzebowe \u015bp. ks. Wiktora Krawczyka MIC, 13 marca 2019\" data-e-action-hash=\"#elementor-action%3Aaction%3Dlightbox%26settings%3DeyJpZCI6MTUzMTEsInVybCI6Imh0dHBzOlwvXC93d3cubGljaGVuLnBsXC93cC1jb250ZW50XC91cGxvYWRzXC8yMDIxXC8wNlwvSU1HXzIwMjkuanBnIiwic2xpZGVzaG93IjoiMGI5MDMyNCJ9\">\n\t\t\t\t\t<div class=\"e-gallery-image elementor-gallery-item__image\" data-thumbnail=\"https:\/\/www.lichen.pl\/wp-content\/uploads\/2021\/06\/IMG_2029-300x200.jpg\" data-width=\"300\" data-height=\"200\" aria-label=\"\" role=\"img\" ><\/div>\n\t\t\t\t\t\t\t\t\t\t\t<div class=\"elementor-gallery-item__overlay\"><\/div>\n\t\t\t\t\t\t\t\t\t\t\t\t\t\t<\/a>\n\t\t\t\t\t\t\t<a class=\"e-gallery-item elementor-gallery-item elementor-animated-content\" href=\"https:\/\/www.lichen.pl\/wp-content\/uploads\/2021\/06\/IMG_2065.jpg\" data-elementor-open-lightbox=\"yes\" data-elementor-lightbox-slideshow=\"0b90324\" data-elementor-lightbox-title=\"Uroczysto\u015bci pogrzebowe \u015bp. ks. Wiktora Krawczyka MIC, 13 marca 2019\" data-e-action-hash=\"#elementor-action%3Aaction%3Dlightbox%26settings%3DeyJpZCI6MTUzNDEsInVybCI6Imh0dHBzOlwvXC93d3cubGljaGVuLnBsXC93cC1jb250ZW50XC91cGxvYWRzXC8yMDIxXC8wNlwvSU1HXzIwNjUuanBnIiwic2xpZGVzaG93IjoiMGI5MDMyNCJ9\">\n\t\t\t\t\t<div class=\"e-gallery-image elementor-gallery-item__image\" data-thumbnail=\"https:\/\/www.lichen.pl\/wp-content\/uploads\/2021\/06\/IMG_2065-200x300.jpg\" data-width=\"200\" data-height=\"300\" aria-label=\"\" role=\"img\" ><\/div>\n\t\t\t\t\t\t\t\t\t\t\t<div class=\"elementor-gallery-item__overlay\"><\/div>\n\t\t\t\t\t\t\t\t\t\t\t\t\t\t<\/a>\n\t\t\t\t\t\t\t<a class=\"e-gallery-item elementor-gallery-item elementor-animated-content\" href=\"https:\/\/www.lichen.pl\/wp-content\/uploads\/2021\/06\/IMG_2054.jpg\" data-elementor-open-lightbox=\"yes\" data-elementor-lightbox-slideshow=\"0b90324\" data-elementor-lightbox-title=\"Uroczysto\u015bci pogrzebowe \u015bp. ks. Wiktora Krawczyka MIC, 13 marca 2019\" data-e-action-hash=\"#elementor-action%3Aaction%3Dlightbox%26settings%3DeyJpZCI6MTUzMzYsInVybCI6Imh0dHBzOlwvXC93d3cubGljaGVuLnBsXC93cC1jb250ZW50XC91cGxvYWRzXC8yMDIxXC8wNlwvSU1HXzIwNTQuanBnIiwic2xpZGVzaG93IjoiMGI5MDMyNCJ9\">\n\t\t\t\t\t<div class=\"e-gallery-image elementor-gallery-item__image\" data-thumbnail=\"https:\/\/www.lichen.pl\/wp-content\/uploads\/2021\/06\/IMG_2054-300x200.jpg\" data-width=\"300\" data-height=\"200\" aria-label=\"\" role=\"img\" ><\/div>\n\t\t\t\t\t\t\t\t\t\t\t<div class=\"elementor-gallery-item__overlay\"><\/div>\n\t\t\t\t\t\t\t\t\t\t\t\t\t\t<\/a>\n\t\t\t\t\t\t\t<a class=\"e-gallery-item elementor-gallery-item elementor-animated-content\" href=\"https:\/\/www.lichen.pl\/wp-content\/uploads\/2021\/06\/IMG_2042.jpg\" data-elementor-open-lightbox=\"yes\" data-elementor-lightbox-slideshow=\"0b90324\" data-elementor-lightbox-title=\"Uroczysto\u015bci pogrzebowe \u015bp. ks. Wiktora Krawczyka MIC, 13 marca 2019\" data-e-action-hash=\"#elementor-action%3Aaction%3Dlightbox%26settings%3DeyJpZCI6MTUzMjYsInVybCI6Imh0dHBzOlwvXC93d3cubGljaGVuLnBsXC93cC1jb250ZW50XC91cGxvYWRzXC8yMDIxXC8wNlwvSU1HXzIwNDIuanBnIiwic2xpZGVzaG93IjoiMGI5MDMyNCJ9\">\n\t\t\t\t\t<div class=\"e-gallery-image elementor-gallery-item__image\" data-thumbnail=\"https:\/\/www.lichen.pl\/wp-content\/uploads\/2021\/06\/IMG_2042-300x200.jpg\" data-width=\"300\" data-height=\"200\" aria-label=\"\" role=\"img\" ><\/div>\n\t\t\t\t\t\t\t\t\t\t\t<div class=\"elementor-gallery-item__overlay\"><\/div>\n\t\t\t\t\t\t\t\t\t\t\t\t\t\t<\/a>\n\t\t\t\t\t\t\t<a class=\"e-gallery-item elementor-gallery-item elementor-animated-content\" href=\"https:\/\/www.lichen.pl\/wp-content\/uploads\/2021\/06\/IMG_2038.jpg\" data-elementor-open-lightbox=\"yes\" data-elementor-lightbox-slideshow=\"0b90324\" data-elementor-lightbox-title=\"Uroczysto\u015bci pogrzebowe \u015bp. ks. Wiktora Krawczyka MIC, 13 marca 2019\" data-e-action-hash=\"#elementor-action%3Aaction%3Dlightbox%26settings%3DeyJpZCI6MTUzMjEsInVybCI6Imh0dHBzOlwvXC93d3cubGljaGVuLnBsXC93cC1jb250ZW50XC91cGxvYWRzXC8yMDIxXC8wNlwvSU1HXzIwMzguanBnIiwic2xpZGVzaG93IjoiMGI5MDMyNCJ9\">\n\t\t\t\t\t<div class=\"e-gallery-image elementor-gallery-item__image\" data-thumbnail=\"https:\/\/www.lichen.pl\/wp-content\/uploads\/2021\/06\/IMG_2038-300x200.jpg\" data-width=\"300\" data-height=\"200\" aria-label=\"\" role=\"img\" ><\/div>\n\t\t\t\t\t\t\t\t\t\t\t<div class=\"elementor-gallery-item__overlay\"><\/div>\n\t\t\t\t\t\t\t\t\t\t\t\t\t\t<\/a>\n\t\t\t\t\t\t\t<a class=\"e-gallery-item elementor-gallery-item elementor-animated-content\" href=\"https:\/\/www.lichen.pl\/wp-content\/uploads\/2021\/06\/IMG_2035.jpg\" data-elementor-open-lightbox=\"yes\" data-elementor-lightbox-slideshow=\"0b90324\" data-elementor-lightbox-title=\"Uroczysto\u015bci pogrzebowe \u015bp. ks. Wiktora Krawczyka MIC, 13 marca 2019\" data-e-action-hash=\"#elementor-action%3Aaction%3Dlightbox%26settings%3DeyJpZCI6MTUzMTYsInVybCI6Imh0dHBzOlwvXC93d3cubGljaGVuLnBsXC93cC1jb250ZW50XC91cGxvYWRzXC8yMDIxXC8wNlwvSU1HXzIwMzUuanBnIiwic2xpZGVzaG93IjoiMGI5MDMyNCJ9\">\n\t\t\t\t\t<div class=\"e-gallery-image elementor-gallery-item__image\" data-thumbnail=\"https:\/\/www.lichen.pl\/wp-content\/uploads\/2021\/06\/IMG_2035-300x200.jpg\" data-width=\"300\" data-height=\"200\" aria-label=\"\" role=\"img\" ><\/div>\n\t\t\t\t\t\t\t\t\t\t\t<div class=\"elementor-gallery-item__overlay\"><\/div>\n\t\t\t\t\t\t\t\t\t\t\t\t\t\t<\/a>\n\t\t\t\t\t<\/div>\n\t\t\t\t\t<\/div>\n\t\t\t\t<\/div>\n\t\t\t\t<div class=\"elementor-element elementor-element-9165d68 elementor-widget-divider--view-line elementor-widget elementor-widget-divider\" data-id=\"9165d68\" data-element_type=\"widget\" data-e-type=\"widget\" data-widget_type=\"divider.default\">\n\t\t\t\t<div class=\"elementor-widget-container\">\n\t\t\t\t\t\t\t<div class=\"elementor-divider\">\n\t\t\t<span class=\"elementor-divider-separator\">\n\t\t\t\t\t\t<\/span>\n\t\t<\/div>\n\t\t\t\t\t\t<\/div>\n\t\t\t\t<\/div>\n\t\t\t\t\t<\/div>\n\t\t<\/div>\n\t\t\t\t\t<\/div>\n\t\t<\/section>\n\t\t\t\t<\/div>","protected":false},"excerpt":{"rendered":"<p>\u201eBy\u0107 ogniwem w \u0142a\u0144cuchu zbawienia innych os\u00f3b to najwi\u0119ksze b\u0142ogos\u0142awie\u0144stwo z mo\u017cliwych\u201d. Tymi s\u0142owami, ks. Tomasz Nowaczek MIC, prze\u0142o\u017cony prowincjalny Zgromadzenia Ksi\u0119\u017cy Marian\u00f3w zako\u0144czy\u0142 homili\u0119 podczas Mszy \u015bw. pogrzebowej \u015bp. ks. Wiktora Krawczyka MIC. W ostatniej drodze ks. Krawczykowi, zmar\u0142emu w dniu 13 marca, towarzyszyli wsp\u00f3\u0142bracia z domu zakonnego ksi\u0119\u017cy i braci marian\u00f3w w Licheniu [&hellip;]<\/p>\n","protected":false},"author":4,"featured_media":15956,"comment_status":"open","ping_status":"open","sticky":false,"template":"","format":"standard","meta":{"footnotes":""},"categories":[1],"tags":[],"class_list":["post-15180","post","type-post","status-publish","format-standard","has-post-thumbnail","hentry","category-aktualnosci","wpbf-post"],"yoast_head":"<!-- This site is optimized with the Yoast SEO plugin v27.4 - https:\/\/yoast.com\/product\/yoast-seo-wordpress\/ -->\n<title>Uroczysto\u015bci pogrzebowe \u015bp. ks. Wiktora Krawczyka MIC. - SANKTUARIUM W LICHENIU<\/title>\n<meta name=\"robots\" content=\"index, follow, max-snippet:-1, max-image-preview:large, max-video-preview:-1\" \/>\n<link rel=\"canonical\" href=\"http:\/\/www.lichen.pl\/it\/pogrzeb-sp-ks-wiktora-krawczyka-mic\/\" \/>\n<meta property=\"og:locale\" content=\"it_IT\" \/>\n<meta property=\"og:type\" content=\"article\" \/>\n<meta property=\"og:title\" content=\"Uroczysto\u015bci pogrzebowe \u015bp. ks. Wiktora Krawczyka MIC. - SANKTUARIUM W LICHENIU\" \/>\n<meta property=\"og:description\" content=\"\u201eBy\u0107 ogniwem w \u0142a\u0144cuchu zbawienia innych os\u00f3b to najwi\u0119ksze b\u0142ogos\u0142awie\u0144stwo z mo\u017cliwych\u201d. Tymi s\u0142owami, ks. Tomasz Nowaczek MIC, prze\u0142o\u017cony prowincjalny Zgromadzenia Ksi\u0119\u017cy Marian\u00f3w zako\u0144czy\u0142 homili\u0119 podczas Mszy \u015bw. pogrzebowej \u015bp. ks. Wiktora Krawczyka MIC. W ostatniej drodze ks. Krawczykowi, zmar\u0142emu w dniu 13 marca, towarzyszyli wsp\u00f3\u0142bracia z domu zakonnego ksi\u0119\u017cy i braci marian\u00f3w w Licheniu [&hellip;]\" \/>\n<meta property=\"og:url\" content=\"http:\/\/www.lichen.pl\/it\/pogrzeb-sp-ks-wiktora-krawczyka-mic\/\" \/>\n<meta property=\"og:site_name\" content=\"SANKTUARIUM W LICHENIU\" \/>\n<meta property=\"article:published_time\" content=\"2019-03-16T15:29:30+00:00\" \/>\n<meta property=\"article:modified_time\" content=\"2021-06-29T14:11:45+00:00\" \/>\n<meta property=\"og:image\" content=\"http:\/\/www.lichen.pl\/wp-content\/uploads\/2019\/03\/Sp.-ks.-Wiktor-Krawczyk-MIC.jpg\" \/>\n\t<meta property=\"og:image:width\" content=\"886\" \/>\n\t<meta property=\"og:image:height\" content=\"510\" \/>\n\t<meta property=\"og:image:type\" content=\"image\/jpeg\" \/>\n<meta name=\"author\" content=\"ROBERT ADAMCZYK\" \/>\n<meta name=\"twitter:card\" content=\"summary_large_image\" \/>\n<meta name=\"twitter:label1\" content=\"Scritto da\" \/>\n\t<meta name=\"twitter:data1\" content=\"ROBERT ADAMCZYK\" \/>\n\t<meta name=\"twitter:label2\" content=\"Tempo di lettura stimato\" \/>\n\t<meta name=\"twitter:data2\" content=\"2 minuti\" \/>\n<script type=\"application\/ld+json\" class=\"yoast-schema-graph\">{\"@context\":\"https:\\\/\\\/schema.org\",\"@graph\":[{\"@type\":\"Article\",\"@id\":\"http:\\\/\\\/www.lichen.pl\\\/es\\\/pogrzeb-sp-ks-wiktora-krawczyka-mic\\\/#article\",\"isPartOf\":{\"@id\":\"http:\\\/\\\/www.lichen.pl\\\/es\\\/pogrzeb-sp-ks-wiktora-krawczyka-mic\\\/\"},\"author\":{\"name\":\"ROBERT ADAMCZYK\",\"@id\":\"https:\\\/\\\/www.lichen.pl\\\/fr\\\/#\\\/schema\\\/person\\\/c06cd926b95870cc59f18d6ee6e33da5\"},\"headline\":\"Uroczysto\u015bci pogrzebowe \u015bp. ks. Wiktora Krawczyka MIC.\",\"datePublished\":\"2019-03-16T15:29:30+00:00\",\"dateModified\":\"2021-06-29T14:11:45+00:00\",\"mainEntityOfPage\":{\"@id\":\"http:\\\/\\\/www.lichen.pl\\\/es\\\/pogrzeb-sp-ks-wiktora-krawczyka-mic\\\/\"},\"wordCount\":354,\"commentCount\":0,\"image\":{\"@id\":\"http:\\\/\\\/www.lichen.pl\\\/es\\\/pogrzeb-sp-ks-wiktora-krawczyka-mic\\\/#primaryimage\"},\"thumbnailUrl\":\"https:\\\/\\\/www.lichen.pl\\\/wp-content\\\/uploads\\\/2019\\\/03\\\/Sp.-ks.-Wiktor-Krawczyk-MIC.jpg\",\"articleSection\":[\"Aktualno\u015bci\"],\"inLanguage\":\"it-IT\",\"potentialAction\":[{\"@type\":\"CommentAction\",\"name\":\"Comment\",\"target\":[\"http:\\\/\\\/www.lichen.pl\\\/es\\\/pogrzeb-sp-ks-wiktora-krawczyka-mic\\\/#respond\"]}]},{\"@type\":\"WebPage\",\"@id\":\"http:\\\/\\\/www.lichen.pl\\\/es\\\/pogrzeb-sp-ks-wiktora-krawczyka-mic\\\/\",\"url\":\"http:\\\/\\\/www.lichen.pl\\\/es\\\/pogrzeb-sp-ks-wiktora-krawczyka-mic\\\/\",\"name\":\"Uroczysto\u015bci pogrzebowe \u015bp. ks. Wiktora Krawczyka MIC. - SANKTUARIUM W LICHENIU\",\"isPartOf\":{\"@id\":\"https:\\\/\\\/www.lichen.pl\\\/fr\\\/#website\"},\"primaryImageOfPage\":{\"@id\":\"http:\\\/\\\/www.lichen.pl\\\/es\\\/pogrzeb-sp-ks-wiktora-krawczyka-mic\\\/#primaryimage\"},\"image\":{\"@id\":\"http:\\\/\\\/www.lichen.pl\\\/es\\\/pogrzeb-sp-ks-wiktora-krawczyka-mic\\\/#primaryimage\"},\"thumbnailUrl\":\"https:\\\/\\\/www.lichen.pl\\\/wp-content\\\/uploads\\\/2019\\\/03\\\/Sp.-ks.-Wiktor-Krawczyk-MIC.jpg\",\"datePublished\":\"2019-03-16T15:29:30+00:00\",\"dateModified\":\"2021-06-29T14:11:45+00:00\",\"author\":{\"@id\":\"https:\\\/\\\/www.lichen.pl\\\/fr\\\/#\\\/schema\\\/person\\\/c06cd926b95870cc59f18d6ee6e33da5\"},\"breadcrumb\":{\"@id\":\"http:\\\/\\\/www.lichen.pl\\\/es\\\/pogrzeb-sp-ks-wiktora-krawczyka-mic\\\/#breadcrumb\"},\"inLanguage\":\"it-IT\",\"potentialAction\":[{\"@type\":\"ReadAction\",\"target\":[\"http:\\\/\\\/www.lichen.pl\\\/es\\\/pogrzeb-sp-ks-wiktora-krawczyka-mic\\\/\"]}]},{\"@type\":\"ImageObject\",\"inLanguage\":\"it-IT\",\"@id\":\"http:\\\/\\\/www.lichen.pl\\\/es\\\/pogrzeb-sp-ks-wiktora-krawczyka-mic\\\/#primaryimage\",\"url\":\"https:\\\/\\\/www.lichen.pl\\\/wp-content\\\/uploads\\\/2019\\\/03\\\/Sp.-ks.-Wiktor-Krawczyk-MIC.jpg\",\"contentUrl\":\"https:\\\/\\\/www.lichen.pl\\\/wp-content\\\/uploads\\\/2019\\\/03\\\/Sp.-ks.-Wiktor-Krawczyk-MIC.jpg\",\"width\":886,\"height\":510},{\"@type\":\"BreadcrumbList\",\"@id\":\"http:\\\/\\\/www.lichen.pl\\\/es\\\/pogrzeb-sp-ks-wiktora-krawczyka-mic\\\/#breadcrumb\",\"itemListElement\":[{\"@type\":\"ListItem\",\"position\":1,\"name\":\"Strona g\u0142\u00f3wna\",\"item\":\"https:\\\/\\\/www.lichen.pl\\\/\"},{\"@type\":\"ListItem\",\"position\":2,\"name\":\"Uroczysto\u015bci pogrzebowe \u015bp. ks. Wiktora Krawczyka MIC.\"}]},{\"@type\":\"WebSite\",\"@id\":\"https:\\\/\\\/www.lichen.pl\\\/fr\\\/#website\",\"url\":\"https:\\\/\\\/www.lichen.pl\\\/fr\\\/\",\"name\":\"SANKTUARIUM W LICHENIU\",\"description\":\"MATKI BO\u017bEJ LICHE\u0143SKIEJ BOLESNEJ KR\u00d3LOWEJ POLSKI\",\"potentialAction\":[{\"@type\":\"SearchAction\",\"target\":{\"@type\":\"EntryPoint\",\"urlTemplate\":\"https:\\\/\\\/www.lichen.pl\\\/fr\\\/?s={search_term_string}\"},\"query-input\":{\"@type\":\"PropertyValueSpecification\",\"valueRequired\":true,\"valueName\":\"search_term_string\"}}],\"inLanguage\":\"it-IT\"},{\"@type\":\"Person\",\"@id\":\"https:\\\/\\\/www.lichen.pl\\\/fr\\\/#\\\/schema\\\/person\\\/c06cd926b95870cc59f18d6ee6e33da5\",\"name\":\"ROBERT ADAMCZYK\",\"image\":{\"@type\":\"ImageObject\",\"inLanguage\":\"it-IT\",\"@id\":\"https:\\\/\\\/secure.gravatar.com\\\/avatar\\\/53c330430596e73552f4c356c2e47c209ff8f6352a5106011c9b6abcce5e00df?s=96&d=retro&r=g\",\"url\":\"https:\\\/\\\/secure.gravatar.com\\\/avatar\\\/53c330430596e73552f4c356c2e47c209ff8f6352a5106011c9b6abcce5e00df?s=96&d=retro&r=g\",\"contentUrl\":\"https:\\\/\\\/secure.gravatar.com\\\/avatar\\\/53c330430596e73552f4c356c2e47c209ff8f6352a5106011c9b6abcce5e00df?s=96&d=retro&r=g\",\"caption\":\"ROBERT ADAMCZYK\"},\"url\":\"https:\\\/\\\/www.lichen.pl\\\/it\\\/author\\\/press\\\/\"}]}<\/script>\n<!-- \/ Yoast SEO plugin. -->","yoast_head_json":{"title":"Uroczysto\u015bci pogrzebowe \u015bp. ks. Wiktora Krawczyka MIC. - SANKTUARIUM W LICHENIU","robots":{"index":"index","follow":"follow","max-snippet":"max-snippet:-1","max-image-preview":"max-image-preview:large","max-video-preview":"max-video-preview:-1"},"canonical":"http:\/\/www.lichen.pl\/it\/pogrzeb-sp-ks-wiktora-krawczyka-mic\/","og_locale":"it_IT","og_type":"article","og_title":"Uroczysto\u015bci pogrzebowe \u015bp. ks. Wiktora Krawczyka MIC. - SANKTUARIUM W LICHENIU","og_description":"\u201eBy\u0107 ogniwem w \u0142a\u0144cuchu zbawienia innych os\u00f3b to najwi\u0119ksze b\u0142ogos\u0142awie\u0144stwo z mo\u017cliwych\u201d. Tymi s\u0142owami, ks. Tomasz Nowaczek MIC, prze\u0142o\u017cony prowincjalny Zgromadzenia Ksi\u0119\u017cy Marian\u00f3w zako\u0144czy\u0142 homili\u0119 podczas Mszy \u015bw. pogrzebowej \u015bp. ks. Wiktora Krawczyka MIC. W ostatniej drodze ks. Krawczykowi, zmar\u0142emu w dniu 13 marca, towarzyszyli wsp\u00f3\u0142bracia z domu zakonnego ksi\u0119\u017cy i braci marian\u00f3w w Licheniu [&hellip;]","og_url":"http:\/\/www.lichen.pl\/it\/pogrzeb-sp-ks-wiktora-krawczyka-mic\/","og_site_name":"SANKTUARIUM W LICHENIU","article_published_time":"2019-03-16T15:29:30+00:00","article_modified_time":"2021-06-29T14:11:45+00:00","og_image":[{"width":886,"height":510,"url":"http:\/\/www.lichen.pl\/wp-content\/uploads\/2019\/03\/Sp.-ks.-Wiktor-Krawczyk-MIC.jpg","type":"image\/jpeg"}],"author":"ROBERT ADAMCZYK","twitter_card":"summary_large_image","twitter_misc":{"Scritto da":"ROBERT ADAMCZYK","Tempo di lettura stimato":"2 minuti"},"schema":{"@context":"https:\/\/schema.org","@graph":[{"@type":"Article","@id":"http:\/\/www.lichen.pl\/es\/pogrzeb-sp-ks-wiktora-krawczyka-mic\/#article","isPartOf":{"@id":"http:\/\/www.lichen.pl\/es\/pogrzeb-sp-ks-wiktora-krawczyka-mic\/"},"author":{"name":"ROBERT ADAMCZYK","@id":"https:\/\/www.lichen.pl\/fr\/#\/schema\/person\/c06cd926b95870cc59f18d6ee6e33da5"},"headline":"Uroczysto\u015bci pogrzebowe \u015bp. ks. Wiktora Krawczyka MIC.","datePublished":"2019-03-16T15:29:30+00:00","dateModified":"2021-06-29T14:11:45+00:00","mainEntityOfPage":{"@id":"http:\/\/www.lichen.pl\/es\/pogrzeb-sp-ks-wiktora-krawczyka-mic\/"},"wordCount":354,"commentCount":0,"image":{"@id":"http:\/\/www.lichen.pl\/es\/pogrzeb-sp-ks-wiktora-krawczyka-mic\/#primaryimage"},"thumbnailUrl":"https:\/\/www.lichen.pl\/wp-content\/uploads\/2019\/03\/Sp.-ks.-Wiktor-Krawczyk-MIC.jpg","articleSection":["Aktualno\u015bci"],"inLanguage":"it-IT","potentialAction":[{"@type":"CommentAction","name":"Comment","target":["http:\/\/www.lichen.pl\/es\/pogrzeb-sp-ks-wiktora-krawczyka-mic\/#respond"]}]},{"@type":"WebPage","@id":"http:\/\/www.lichen.pl\/es\/pogrzeb-sp-ks-wiktora-krawczyka-mic\/","url":"http:\/\/www.lichen.pl\/es\/pogrzeb-sp-ks-wiktora-krawczyka-mic\/","name":"Uroczysto\u015bci pogrzebowe \u015bp. ks. Wiktora Krawczyka MIC. - SANKTUARIUM W LICHENIU","isPartOf":{"@id":"https:\/\/www.lichen.pl\/fr\/#website"},"primaryImageOfPage":{"@id":"http:\/\/www.lichen.pl\/es\/pogrzeb-sp-ks-wiktora-krawczyka-mic\/#primaryimage"},"image":{"@id":"http:\/\/www.lichen.pl\/es\/pogrzeb-sp-ks-wiktora-krawczyka-mic\/#primaryimage"},"thumbnailUrl":"https:\/\/www.lichen.pl\/wp-content\/uploads\/2019\/03\/Sp.-ks.-Wiktor-Krawczyk-MIC.jpg","datePublished":"2019-03-16T15:29:30+00:00","dateModified":"2021-06-29T14:11:45+00:00","author":{"@id":"https:\/\/www.lichen.pl\/fr\/#\/schema\/person\/c06cd926b95870cc59f18d6ee6e33da5"},"breadcrumb":{"@id":"http:\/\/www.lichen.pl\/es\/pogrzeb-sp-ks-wiktora-krawczyka-mic\/#breadcrumb"},"inLanguage":"it-IT","potentialAction":[{"@type":"ReadAction","target":["http:\/\/www.lichen.pl\/es\/pogrzeb-sp-ks-wiktora-krawczyka-mic\/"]}]},{"@type":"ImageObject","inLanguage":"it-IT","@id":"http:\/\/www.lichen.pl\/es\/pogrzeb-sp-ks-wiktora-krawczyka-mic\/#primaryimage","url":"https:\/\/www.lichen.pl\/wp-content\/uploads\/2019\/03\/Sp.-ks.-Wiktor-Krawczyk-MIC.jpg","contentUrl":"https:\/\/www.lichen.pl\/wp-content\/uploads\/2019\/03\/Sp.-ks.-Wiktor-Krawczyk-MIC.jpg","width":886,"height":510},{"@type":"BreadcrumbList","@id":"http:\/\/www.lichen.pl\/es\/pogrzeb-sp-ks-wiktora-krawczyka-mic\/#breadcrumb","itemListElement":[{"@type":"ListItem","position":1,"name":"Strona g\u0142\u00f3wna","item":"https:\/\/www.lichen.pl\/"},{"@type":"ListItem","position":2,"name":"Uroczysto\u015bci pogrzebowe \u015bp. ks. Wiktora Krawczyka MIC."}]},{"@type":"WebSite","@id":"https:\/\/www.lichen.pl\/fr\/#website","url":"https:\/\/www.lichen.pl\/fr\/","name":"SANTUARIO IN LICHENIA","description":"LA REGINA ADOLORATA DEL NOSTRO LICHENE DI POLONIA","potentialAction":[{"@type":"SearchAction","target":{"@type":"EntryPoint","urlTemplate":"https:\/\/www.lichen.pl\/fr\/?s={search_term_string}"},"query-input":{"@type":"PropertyValueSpecification","valueRequired":true,"valueName":"search_term_string"}}],"inLanguage":"it-IT"},{"@type":"Person","@id":"https:\/\/www.lichen.pl\/fr\/#\/schema\/person\/c06cd926b95870cc59f18d6ee6e33da5","name":"ROBERT ADAMCZYK","image":{"@type":"ImageObject","inLanguage":"it-IT","@id":"https:\/\/secure.gravatar.com\/avatar\/53c330430596e73552f4c356c2e47c209ff8f6352a5106011c9b6abcce5e00df?s=96&d=retro&r=g","url":"https:\/\/secure.gravatar.com\/avatar\/53c330430596e73552f4c356c2e47c209ff8f6352a5106011c9b6abcce5e00df?s=96&d=retro&r=g","contentUrl":"https:\/\/secure.gravatar.com\/avatar\/53c330430596e73552f4c356c2e47c209ff8f6352a5106011c9b6abcce5e00df?s=96&d=retro&r=g","caption":"ROBERT ADAMCZYK"},"url":"https:\/\/www.lichen.pl\/it\/author\/press\/"}]}},"_links":{"self":[{"href":"https:\/\/www.lichen.pl\/it\/wp-json\/wp\/v2\/posts\/15180","targetHints":{"allow":["GET"]}}],"collection":[{"href":"https:\/\/www.lichen.pl\/it\/wp-json\/wp\/v2\/posts"}],"about":[{"href":"https:\/\/www.lichen.pl\/it\/wp-json\/wp\/v2\/types\/post"}],"author":[{"embeddable":true,"href":"https:\/\/www.lichen.pl\/it\/wp-json\/wp\/v2\/users\/4"}],"replies":[{"embeddable":true,"href":"https:\/\/www.lichen.pl\/it\/wp-json\/wp\/v2\/comments?post=15180"}],"version-history":[{"count":11,"href":"https:\/\/www.lichen.pl\/it\/wp-json\/wp\/v2\/posts\/15180\/revisions"}],"predecessor-version":[{"id":15968,"href":"https:\/\/www.lichen.pl\/it\/wp-json\/wp\/v2\/posts\/15180\/revisions\/15968"}],"wp:featuredmedia":[{"embeddable":true,"href":"https:\/\/www.lichen.pl\/it\/wp-json\/wp\/v2\/media\/15956"}],"wp:attachment":[{"href":"https:\/\/www.lichen.pl\/it\/wp-json\/wp\/v2\/media?parent=15180"}],"wp:term":[{"taxonomy":"category","embeddable":true,"href":"https:\/\/www.lichen.pl\/it\/wp-json\/wp\/v2\/categories?post=15180"},{"taxonomy":"post_tag","embeddable":true,"href":"https:\/\/www.lichen.pl\/it\/wp-json\/wp\/v2\/tags?post=15180"}],"curies":[{"name":"wp","href":"https:\/\/api.w.org\/{rel}","templated":true}]}}