{"id":16453,"date":"2020-05-25T09:44:54","date_gmt":"2020-05-25T09:44:54","guid":{"rendered":"http:\/\/www.lichen.pl\/?p=16453"},"modified":"2022-08-03T14:02:08","modified_gmt":"2022-08-03T12:02:08","slug":"dzien-matki-w-domu-matki","status":"publish","type":"post","link":"https:\/\/www.lichen.pl\/it\/dzien-matki-w-domu-matki\/","title":{"rendered":"Festa della mamma a casa della mamma"},"content":{"rendered":"<div data-elementor-type=\"wp-post\" data-elementor-id=\"16453\" class=\"elementor elementor-16453\" data-elementor-post-type=\"post\">\n\t\t\t\t\t\t<section class=\"elementor-section elementor-top-section elementor-element elementor-element-be24497 elementor-section-boxed elementor-section-height-default elementor-section-height-default\" data-id=\"be24497\" data-element_type=\"section\" data-e-type=\"section\">\n\t\t\t\t\t\t<div class=\"elementor-container elementor-column-gap-default\">\n\t\t\t\t\t<div class=\"elementor-column elementor-col-100 elementor-top-column elementor-element elementor-element-8db2afd\" data-id=\"8db2afd\" data-element_type=\"column\" data-e-type=\"column\">\n\t\t\t<div class=\"elementor-widget-wrap elementor-element-populated\">\n\t\t\t\t\t\t<div class=\"elementor-element elementor-element-6e7e88b elementor-widget elementor-widget-text-editor\" data-id=\"6e7e88b\" data-element_type=\"widget\" data-e-type=\"widget\" data-widget_type=\"text-editor.default\">\n\t\t\t\t<div class=\"elementor-widget-container\">\n\t\t\t\t\t\t\t\t\t<p class=\"MsoNormal\" style=\"text-align: justify; text-indent: 35.4pt;\"><span style=\"color: #000000;\"><b>Diverse centinaia di fedeli al Santuario di Nostra Signora di Liche\u0144 hanno celebrato l&#039;Ascensione di Nostro Signore e pregato tutte le mamme in occasione della festa della mamma il 26 maggio.\u00a0 <\/b><\/span><\/p><p class=\"MsoNormal\" style=\"text-align: justify; text-indent: 35.4pt;\"><span style=\"color: #000000;\">- Oggi tutta la Chiesa guarda al cielo, guarda Cristo che ritorna alla Casa del Padre e assicura: &quot;Ed eccomi qui con voi tutti i giorni, fino alla fine del mondo&quot; - ha detto p. Janusz Kumala, MIC, custode del Santuario dei Lichen, accoglie i fedeli durante l&#039;Eucaristia di mezzogiorno nella basilica davanti a Nostra Signora dei Lichen, Patrona della felicit\u00e0 familiare. - Auspichiamo che il dono della maternit\u00e0, che Dio concede alle donne, sia da loro accolto e rispettato da tutti, per poter andare insieme in cielo - ha sottolineato.<\/span><\/p><p class=\"MsoNormal\" style=\"text-align: justify; text-indent: 35.4pt;\"><span style=\"color: #000000;\">Il celebrante ha sottolineato nell&#039;omelia che non si pu\u00f2 vivere senza incontrare Cristo. Ad un certo punto sorgono domande sul significato della vita. - Se non guardiamo il cielo, alla meta del nostro peregrinare, la nostra quotidianit\u00e0 pu\u00f2 travolgerci. La cerimonia dell&#039;Ascensione ci ricorda che siamo pellegrini nella vita, ha detto la mariana. Questa dimensione della vita \u00e8 indicata anche dal santuario e dal tempio. - L&#039;altare e l&#039;Eucaristia su di esso celebrata rendono presente la trasfigurazione di Cristo, il sacrificio e la festa della risurrezione. \u00c8 anche un simbolo dell&#039;Ascensione - ha sottolineato. Facendo riferimento al Vangelo letto secondo S. Mateusz, p. Kumala ha spiegato che Cristo non ha rimproverato i suoi discepoli quando dubitava, ma si \u00e8 avvicinato a loro e ha voluto stabilire un rapporto pi\u00f9 profondo con loro. - Sa che quando si avvicina, aiuter\u00e0 i discepoli, vincer\u00e0 i nostri dubbi e affider\u00e0 la missione: &quot;Andate, dunque, e fate discepoli tutti i popoli&quot;. Gli studenti non possono stare fermi. Devono andare e proclamare la verit\u00e0 su Cristo - ha sottolineato.<\/span><\/p><p class=\"MsoNormal\" style=\"text-align: justify; text-indent: 35.4pt;\"><span style=\"color: #000000;\">La festa della mamma \u00e8 un evento che ci ricorda che le persone presenti nella nostra vita sono segni della presenza e dell&#039;azione di Dio, ha ammesso la curatrice. - La grande gioia di una madre quando apprende la vita nuova che porta sotto il suo cuore e accoglie con amore \u00e8 un segno dell&#039;amore creatore di Dio all&#039;inizio della nostra vita. La gioia e l&#039;amore disinteressato di Dio si rivelano nell&#039;atteggiamento di una madre amorevole - ha affermato p. Kumala. - L&#039;essenza della maternit\u00e0 \u00e8 l&#039;amore, dall&#039;inizio all&#039;infinito. La vita non finisce, l&#039;amore materno, che \u00e8 incondizionato, rimane per l&#039;eternit\u00e0. Pertanto, la pi\u00f9 grande sofferenza di una madre \u00e8 il rifiuto di Dio da parte dei suoi figli quando la loro salvezza \u00e8 minacciata - ha detto la mariana. Il custode del santuario dei licheni ha sensibilizzato le fedeli ai diversi volti della maternit\u00e0: le madri sole, quelle vittime di violenze domestiche o che non hanno potuto compiere la loro missione materna. - O \u00e8 ora di perdonare una madre che ci ha ferito in qualche modo? O dire &quot;mi dispiace&quot; se noi stessi abbiamo mancato di rispettarla? Ci sono diverse storie di vita delle madri, abbracciamole tutte con la preghiera, l&#039;amore e l&#039;aiuto - ha ordinato.<\/span><\/p><p class=\"MsoNormal\" style=\"text-align: justify; text-indent: 35.4pt;\"><span style=\"color: #000000;\">Le madri, anche con le loro famiglie, sono state attivamente coinvolte nell&#039;Eucaristia. Hanno partecipato alla liturgia delle parole, hanno portato i doni all&#039;altare e hanno letto, insieme al sacerdote custode, l&#039;atto di affidare le madri alla Madonna di Liche\u0144. Dopo la Santa Messa. Le madri presenti all&#039;Eucaristia hanno ricevuto una cartella con la preghiera quotidiana della madre alla Madonna di Liche\u0144.\u00a0<\/span><\/p>\t\t\t\t\t\t\t\t<\/div>\n\t\t\t\t<\/div>\n\t\t\t\t\t<\/div>\n\t\t<\/div>\n\t\t\t\t\t<\/div>\n\t\t<\/section>\n\t\t\t\t<\/div>","protected":false},"excerpt":{"rendered":"<p>Kilkuset wiernych w Sanktuarium Matki Bo\u017cej Liche\u0144skiej \u015bwi\u0119towa\u0142o uroczysto\u015b\u0107 Wniebowst\u0105pienia Pa\u0144skiego i otacza\u0142o modlitw\u0105 wszystkie matki, z okazji przypadaj\u0105cego 26 maja Dnia Matki. \u2013 Dzi\u015b ca\u0142y Ko\u015bci\u00f3\u0142 patrzy w niebo, wpatruje si\u0119 w Chrystusa, kt\u00f3ry wraca do Domu Ojca i zapewnia: \u201eA oto Ja jestem z wami przez wszystkie dni, a\u017c do sko\u0144czenia \u015bwiata\u201d \u2013 [&hellip;]<\/p>\n","protected":false},"author":6,"featured_media":43741,"comment_status":"open","ping_status":"open","sticky":false,"template":"","format":"standard","meta":{"footnotes":""},"categories":[1],"tags":[],"class_list":["post-16453","post","type-post","status-publish","format-standard","has-post-thumbnail","hentry","category-aktualnosci","wpbf-post"],"yoast_head":"<!-- This site is optimized with the Yoast SEO plugin v27.4 - https:\/\/yoast.com\/product\/yoast-seo-wordpress\/ -->\n<title>Dzie\u0144 Matki w Domu Matki - SANKTUARIUM W LICHENIU<\/title>\n<meta name=\"robots\" content=\"index, follow, max-snippet:-1, max-image-preview:large, max-video-preview:-1\" \/>\n<link rel=\"canonical\" href=\"https:\/\/www.lichen.pl\/it\/dzien-matki-w-domu-matki\/\" \/>\n<meta property=\"og:locale\" content=\"it_IT\" \/>\n<meta property=\"og:type\" content=\"article\" \/>\n<meta property=\"og:title\" content=\"Dzie\u0144 Matki w Domu Matki - SANKTUARIUM W LICHENIU\" \/>\n<meta property=\"og:description\" content=\"Kilkuset wiernych w Sanktuarium Matki Bo\u017cej Liche\u0144skiej \u015bwi\u0119towa\u0142o uroczysto\u015b\u0107 Wniebowst\u0105pienia Pa\u0144skiego i otacza\u0142o modlitw\u0105 wszystkie matki, z okazji przypadaj\u0105cego 26 maja Dnia Matki. \u2013 Dzi\u015b ca\u0142y Ko\u015bci\u00f3\u0142 patrzy w niebo, wpatruje si\u0119 w Chrystusa, kt\u00f3ry wraca do Domu Ojca i zapewnia: \u201eA oto Ja jestem z wami przez wszystkie dni, a\u017c do sko\u0144czenia \u015bwiata\u201d \u2013 [&hellip;]\" \/>\n<meta property=\"og:url\" content=\"https:\/\/www.lichen.pl\/it\/dzien-matki-w-domu-matki\/\" \/>\n<meta property=\"og:site_name\" content=\"SANKTUARIUM W LICHENIU\" \/>\n<meta property=\"article:published_time\" content=\"2020-05-25T09:44:54+00:00\" \/>\n<meta property=\"article:modified_time\" content=\"2022-08-03T12:02:08+00:00\" \/>\n<meta property=\"og:image\" content=\"https:\/\/www.lichen.pl\/wp-content\/uploads\/2020\/05\/Dzien-Matki-w-Domu-Matki-25-maja-2020-r.-kadr.jpg\" \/>\n\t<meta property=\"og:image:width\" content=\"1207\" \/>\n\t<meta property=\"og:image:height\" content=\"736\" \/>\n\t<meta property=\"og:image:type\" content=\"image\/jpeg\" \/>\n<meta name=\"author\" content=\"AMELIA SIUDA-KOSZELA\" \/>\n<meta name=\"twitter:card\" content=\"summary_large_image\" \/>\n<meta name=\"twitter:label1\" content=\"Scritto da\" \/>\n\t<meta name=\"twitter:data1\" content=\"AMELIA SIUDA-KOSZELA\" \/>\n\t<meta name=\"twitter:label2\" content=\"Tempo di lettura stimato\" \/>\n\t<meta name=\"twitter:data2\" content=\"2 minuti\" \/>\n<script type=\"application\/ld+json\" class=\"yoast-schema-graph\">{\"@context\":\"https:\\\/\\\/schema.org\",\"@graph\":[{\"@type\":\"Article\",\"@id\":\"https:\\\/\\\/www.lichen.pl\\\/dzien-matki-w-domu-matki\\\/#article\",\"isPartOf\":{\"@id\":\"https:\\\/\\\/www.lichen.pl\\\/dzien-matki-w-domu-matki\\\/\"},\"author\":{\"name\":\"AMELIA SIUDA-KOSZELA\",\"@id\":\"https:\\\/\\\/www.lichen.pl\\\/fr\\\/#\\\/schema\\\/person\\\/70bf824c102f176cf976b0d90af0d62a\"},\"headline\":\"Dzie\u0144 Matki w Domu Matki\",\"datePublished\":\"2020-05-25T09:44:54+00:00\",\"dateModified\":\"2022-08-03T12:02:08+00:00\",\"mainEntityOfPage\":{\"@id\":\"https:\\\/\\\/www.lichen.pl\\\/dzien-matki-w-domu-matki\\\/\"},\"wordCount\":566,\"commentCount\":0,\"image\":{\"@id\":\"https:\\\/\\\/www.lichen.pl\\\/dzien-matki-w-domu-matki\\\/#primaryimage\"},\"thumbnailUrl\":\"https:\\\/\\\/www.lichen.pl\\\/wp-content\\\/uploads\\\/2020\\\/05\\\/Dzien-Matki-w-Domu-Matki-25-maja-2020-r.-kadr.jpg\",\"articleSection\":[\"Aktualno\u015bci\"],\"inLanguage\":\"it-IT\",\"potentialAction\":[{\"@type\":\"CommentAction\",\"name\":\"Comment\",\"target\":[\"https:\\\/\\\/www.lichen.pl\\\/dzien-matki-w-domu-matki\\\/#respond\"]}]},{\"@type\":\"WebPage\",\"@id\":\"https:\\\/\\\/www.lichen.pl\\\/dzien-matki-w-domu-matki\\\/\",\"url\":\"https:\\\/\\\/www.lichen.pl\\\/dzien-matki-w-domu-matki\\\/\",\"name\":\"Dzie\u0144 Matki w Domu Matki - SANKTUARIUM W LICHENIU\",\"isPartOf\":{\"@id\":\"https:\\\/\\\/www.lichen.pl\\\/fr\\\/#website\"},\"primaryImageOfPage\":{\"@id\":\"https:\\\/\\\/www.lichen.pl\\\/dzien-matki-w-domu-matki\\\/#primaryimage\"},\"image\":{\"@id\":\"https:\\\/\\\/www.lichen.pl\\\/dzien-matki-w-domu-matki\\\/#primaryimage\"},\"thumbnailUrl\":\"https:\\\/\\\/www.lichen.pl\\\/wp-content\\\/uploads\\\/2020\\\/05\\\/Dzien-Matki-w-Domu-Matki-25-maja-2020-r.-kadr.jpg\",\"datePublished\":\"2020-05-25T09:44:54+00:00\",\"dateModified\":\"2022-08-03T12:02:08+00:00\",\"author\":{\"@id\":\"https:\\\/\\\/www.lichen.pl\\\/fr\\\/#\\\/schema\\\/person\\\/70bf824c102f176cf976b0d90af0d62a\"},\"breadcrumb\":{\"@id\":\"https:\\\/\\\/www.lichen.pl\\\/dzien-matki-w-domu-matki\\\/#breadcrumb\"},\"inLanguage\":\"it-IT\",\"potentialAction\":[{\"@type\":\"ReadAction\",\"target\":[\"https:\\\/\\\/www.lichen.pl\\\/dzien-matki-w-domu-matki\\\/\"]}]},{\"@type\":\"ImageObject\",\"inLanguage\":\"it-IT\",\"@id\":\"https:\\\/\\\/www.lichen.pl\\\/dzien-matki-w-domu-matki\\\/#primaryimage\",\"url\":\"https:\\\/\\\/www.lichen.pl\\\/wp-content\\\/uploads\\\/2020\\\/05\\\/Dzien-Matki-w-Domu-Matki-25-maja-2020-r.-kadr.jpg\",\"contentUrl\":\"https:\\\/\\\/www.lichen.pl\\\/wp-content\\\/uploads\\\/2020\\\/05\\\/Dzien-Matki-w-Domu-Matki-25-maja-2020-r.-kadr.jpg\",\"width\":1207,\"height\":736},{\"@type\":\"BreadcrumbList\",\"@id\":\"https:\\\/\\\/www.lichen.pl\\\/dzien-matki-w-domu-matki\\\/#breadcrumb\",\"itemListElement\":[{\"@type\":\"ListItem\",\"position\":1,\"name\":\"Strona g\u0142\u00f3wna\",\"item\":\"https:\\\/\\\/www.lichen.pl\\\/\"},{\"@type\":\"ListItem\",\"position\":2,\"name\":\"Dzie\u0144 Matki w Domu Matki\"}]},{\"@type\":\"WebSite\",\"@id\":\"https:\\\/\\\/www.lichen.pl\\\/fr\\\/#website\",\"url\":\"https:\\\/\\\/www.lichen.pl\\\/fr\\\/\",\"name\":\"SANKTUARIUM W LICHENIU\",\"description\":\"MATKI BO\u017bEJ LICHE\u0143SKIEJ BOLESNEJ KR\u00d3LOWEJ POLSKI\",\"potentialAction\":[{\"@type\":\"SearchAction\",\"target\":{\"@type\":\"EntryPoint\",\"urlTemplate\":\"https:\\\/\\\/www.lichen.pl\\\/fr\\\/?s={search_term_string}\"},\"query-input\":{\"@type\":\"PropertyValueSpecification\",\"valueRequired\":true,\"valueName\":\"search_term_string\"}}],\"inLanguage\":\"it-IT\"},{\"@type\":\"Person\",\"@id\":\"https:\\\/\\\/www.lichen.pl\\\/fr\\\/#\\\/schema\\\/person\\\/70bf824c102f176cf976b0d90af0d62a\",\"name\":\"AMELIA SIUDA-KOSZELA\",\"image\":{\"@type\":\"ImageObject\",\"inLanguage\":\"it-IT\",\"@id\":\"https:\\\/\\\/secure.gravatar.com\\\/avatar\\\/a0f9a92186ab02fb8db116f5388e3bc7280dd7bd01565c5d6b7ceb07ff27d6d9?s=96&d=retro&r=g\",\"url\":\"https:\\\/\\\/secure.gravatar.com\\\/avatar\\\/a0f9a92186ab02fb8db116f5388e3bc7280dd7bd01565c5d6b7ceb07ff27d6d9?s=96&d=retro&r=g\",\"contentUrl\":\"https:\\\/\\\/secure.gravatar.com\\\/avatar\\\/a0f9a92186ab02fb8db116f5388e3bc7280dd7bd01565c5d6b7ceb07ff27d6d9?s=96&d=retro&r=g\",\"caption\":\"AMELIA SIUDA-KOSZELA\"},\"url\":\"https:\\\/\\\/www.lichen.pl\\\/it\\\/author\\\/amelia\\\/\"}]}<\/script>\n<!-- \/ Yoast SEO plugin. -->","yoast_head_json":{"title":"Dzie\u0144 Matki w Domu Matki - SANKTUARIUM W LICHENIU","robots":{"index":"index","follow":"follow","max-snippet":"max-snippet:-1","max-image-preview":"max-image-preview:large","max-video-preview":"max-video-preview:-1"},"canonical":"https:\/\/www.lichen.pl\/it\/dzien-matki-w-domu-matki\/","og_locale":"it_IT","og_type":"article","og_title":"Dzie\u0144 Matki w Domu Matki - SANKTUARIUM W LICHENIU","og_description":"Kilkuset wiernych w Sanktuarium Matki Bo\u017cej Liche\u0144skiej \u015bwi\u0119towa\u0142o uroczysto\u015b\u0107 Wniebowst\u0105pienia Pa\u0144skiego i otacza\u0142o modlitw\u0105 wszystkie matki, z okazji przypadaj\u0105cego 26 maja Dnia Matki. \u2013 Dzi\u015b ca\u0142y Ko\u015bci\u00f3\u0142 patrzy w niebo, wpatruje si\u0119 w Chrystusa, kt\u00f3ry wraca do Domu Ojca i zapewnia: \u201eA oto Ja jestem z wami przez wszystkie dni, a\u017c do sko\u0144czenia \u015bwiata\u201d \u2013 [&hellip;]","og_url":"https:\/\/www.lichen.pl\/it\/dzien-matki-w-domu-matki\/","og_site_name":"SANKTUARIUM W LICHENIU","article_published_time":"2020-05-25T09:44:54+00:00","article_modified_time":"2022-08-03T12:02:08+00:00","og_image":[{"width":1207,"height":736,"url":"https:\/\/www.lichen.pl\/wp-content\/uploads\/2020\/05\/Dzien-Matki-w-Domu-Matki-25-maja-2020-r.-kadr.jpg","type":"image\/jpeg"}],"author":"AMELIA SIUDA-KOSZELA","twitter_card":"summary_large_image","twitter_misc":{"Scritto da":"AMELIA SIUDA-KOSZELA","Tempo di lettura stimato":"2 minuti"},"schema":{"@context":"https:\/\/schema.org","@graph":[{"@type":"Article","@id":"https:\/\/www.lichen.pl\/dzien-matki-w-domu-matki\/#article","isPartOf":{"@id":"https:\/\/www.lichen.pl\/dzien-matki-w-domu-matki\/"},"author":{"name":"AMELIA SIUDA-KOSZELA","@id":"https:\/\/www.lichen.pl\/fr\/#\/schema\/person\/70bf824c102f176cf976b0d90af0d62a"},"headline":"Dzie\u0144 Matki w Domu Matki","datePublished":"2020-05-25T09:44:54+00:00","dateModified":"2022-08-03T12:02:08+00:00","mainEntityOfPage":{"@id":"https:\/\/www.lichen.pl\/dzien-matki-w-domu-matki\/"},"wordCount":566,"commentCount":0,"image":{"@id":"https:\/\/www.lichen.pl\/dzien-matki-w-domu-matki\/#primaryimage"},"thumbnailUrl":"https:\/\/www.lichen.pl\/wp-content\/uploads\/2020\/05\/Dzien-Matki-w-Domu-Matki-25-maja-2020-r.-kadr.jpg","articleSection":["Aktualno\u015bci"],"inLanguage":"it-IT","potentialAction":[{"@type":"CommentAction","name":"Comment","target":["https:\/\/www.lichen.pl\/dzien-matki-w-domu-matki\/#respond"]}]},{"@type":"WebPage","@id":"https:\/\/www.lichen.pl\/dzien-matki-w-domu-matki\/","url":"https:\/\/www.lichen.pl\/dzien-matki-w-domu-matki\/","name":"Dzie\u0144 Matki w Domu Matki - SANKTUARIUM W LICHENIU","isPartOf":{"@id":"https:\/\/www.lichen.pl\/fr\/#website"},"primaryImageOfPage":{"@id":"https:\/\/www.lichen.pl\/dzien-matki-w-domu-matki\/#primaryimage"},"image":{"@id":"https:\/\/www.lichen.pl\/dzien-matki-w-domu-matki\/#primaryimage"},"thumbnailUrl":"https:\/\/www.lichen.pl\/wp-content\/uploads\/2020\/05\/Dzien-Matki-w-Domu-Matki-25-maja-2020-r.-kadr.jpg","datePublished":"2020-05-25T09:44:54+00:00","dateModified":"2022-08-03T12:02:08+00:00","author":{"@id":"https:\/\/www.lichen.pl\/fr\/#\/schema\/person\/70bf824c102f176cf976b0d90af0d62a"},"breadcrumb":{"@id":"https:\/\/www.lichen.pl\/dzien-matki-w-domu-matki\/#breadcrumb"},"inLanguage":"it-IT","potentialAction":[{"@type":"ReadAction","target":["https:\/\/www.lichen.pl\/dzien-matki-w-domu-matki\/"]}]},{"@type":"ImageObject","inLanguage":"it-IT","@id":"https:\/\/www.lichen.pl\/dzien-matki-w-domu-matki\/#primaryimage","url":"https:\/\/www.lichen.pl\/wp-content\/uploads\/2020\/05\/Dzien-Matki-w-Domu-Matki-25-maja-2020-r.-kadr.jpg","contentUrl":"https:\/\/www.lichen.pl\/wp-content\/uploads\/2020\/05\/Dzien-Matki-w-Domu-Matki-25-maja-2020-r.-kadr.jpg","width":1207,"height":736},{"@type":"BreadcrumbList","@id":"https:\/\/www.lichen.pl\/dzien-matki-w-domu-matki\/#breadcrumb","itemListElement":[{"@type":"ListItem","position":1,"name":"Strona g\u0142\u00f3wna","item":"https:\/\/www.lichen.pl\/"},{"@type":"ListItem","position":2,"name":"Dzie\u0144 Matki w Domu Matki"}]},{"@type":"WebSite","@id":"https:\/\/www.lichen.pl\/fr\/#website","url":"https:\/\/www.lichen.pl\/fr\/","name":"SANTUARIO IN LICHENIA","description":"LA REGINA ADOLORATA DEL NOSTRO LICHENE DI POLONIA","potentialAction":[{"@type":"SearchAction","target":{"@type":"EntryPoint","urlTemplate":"https:\/\/www.lichen.pl\/fr\/?s={search_term_string}"},"query-input":{"@type":"PropertyValueSpecification","valueRequired":true,"valueName":"search_term_string"}}],"inLanguage":"it-IT"},{"@type":"Person","@id":"https:\/\/www.lichen.pl\/fr\/#\/schema\/person\/70bf824c102f176cf976b0d90af0d62a","name":"AMELIA SIUDA-KOSZELA","image":{"@type":"ImageObject","inLanguage":"it-IT","@id":"https:\/\/secure.gravatar.com\/avatar\/a0f9a92186ab02fb8db116f5388e3bc7280dd7bd01565c5d6b7ceb07ff27d6d9?s=96&d=retro&r=g","url":"https:\/\/secure.gravatar.com\/avatar\/a0f9a92186ab02fb8db116f5388e3bc7280dd7bd01565c5d6b7ceb07ff27d6d9?s=96&d=retro&r=g","contentUrl":"https:\/\/secure.gravatar.com\/avatar\/a0f9a92186ab02fb8db116f5388e3bc7280dd7bd01565c5d6b7ceb07ff27d6d9?s=96&d=retro&r=g","caption":"AMELIA SIUDA-KOSZELA"},"url":"https:\/\/www.lichen.pl\/it\/author\/amelia\/"}]}},"_links":{"self":[{"href":"https:\/\/www.lichen.pl\/it\/wp-json\/wp\/v2\/posts\/16453","targetHints":{"allow":["GET"]}}],"collection":[{"href":"https:\/\/www.lichen.pl\/it\/wp-json\/wp\/v2\/posts"}],"about":[{"href":"https:\/\/www.lichen.pl\/it\/wp-json\/wp\/v2\/types\/post"}],"author":[{"embeddable":true,"href":"https:\/\/www.lichen.pl\/it\/wp-json\/wp\/v2\/users\/6"}],"replies":[{"embeddable":true,"href":"https:\/\/www.lichen.pl\/it\/wp-json\/wp\/v2\/comments?post=16453"}],"version-history":[{"count":5,"href":"https:\/\/www.lichen.pl\/it\/wp-json\/wp\/v2\/posts\/16453\/revisions"}],"predecessor-version":[{"id":43742,"href":"https:\/\/www.lichen.pl\/it\/wp-json\/wp\/v2\/posts\/16453\/revisions\/43742"}],"wp:featuredmedia":[{"embeddable":true,"href":"https:\/\/www.lichen.pl\/it\/wp-json\/wp\/v2\/media\/43741"}],"wp:attachment":[{"href":"https:\/\/www.lichen.pl\/it\/wp-json\/wp\/v2\/media?parent=16453"}],"wp:term":[{"taxonomy":"category","embeddable":true,"href":"https:\/\/www.lichen.pl\/it\/wp-json\/wp\/v2\/categories?post=16453"},{"taxonomy":"post_tag","embeddable":true,"href":"https:\/\/www.lichen.pl\/it\/wp-json\/wp\/v2\/tags?post=16453"}],"curies":[{"name":"wp","href":"https:\/\/api.w.org\/{rel}","templated":true}]}}