{"id":16463,"date":"2020-10-04T09:50:05","date_gmt":"2020-10-04T09:50:05","guid":{"rendered":"http:\/\/www.lichen.pl\/?p=16463"},"modified":"2021-06-30T11:10:04","modified_gmt":"2021-06-30T11:10:04","slug":"za-poszukujacych-meza-lub-zony","status":"publish","type":"post","link":"https:\/\/www.lichen.pl\/it\/za-poszukujacych-meza-lub-zony\/","title":{"rendered":"Per chi cerca marito o moglie"},"content":{"rendered":"<div data-elementor-type=\"wp-post\" data-elementor-id=\"16463\" class=\"elementor elementor-16463\" data-elementor-post-type=\"post\">\n\t\t\t\t\t\t<section class=\"elementor-section elementor-top-section elementor-element elementor-element-d4b5a0c elementor-section-boxed elementor-section-height-default elementor-section-height-default\" data-id=\"d4b5a0c\" data-element_type=\"section\" data-e-type=\"section\">\n\t\t\t\t\t\t<div class=\"elementor-container elementor-column-gap-default\">\n\t\t\t\t\t<div class=\"elementor-column elementor-col-100 elementor-top-column elementor-element elementor-element-000c19b\" data-id=\"000c19b\" data-element_type=\"column\" data-e-type=\"column\">\n\t\t\t<div class=\"elementor-widget-wrap elementor-element-populated\">\n\t\t\t\t\t\t<div class=\"elementor-element elementor-element-31229dc elementor-widget elementor-widget-text-editor\" data-id=\"31229dc\" data-element_type=\"widget\" data-e-type=\"widget\" data-widget_type=\"text-editor.default\">\n\t\t\t\t<div class=\"elementor-widget-container\">\n\t\t\t\t\t\t\t\t\t<p class=\"MsoNormal\" style=\"text-align: justify;\"><span style=\"color: #000000;\"><b>- Devi avere un cuore aperto a Dio per vederlo negli altri. \u00c8 importante preparare un posto per le altre persone nella tua vita e renderle felici - ha affermato p. Janusz Kumala, MIC, custode del santuario dei licheni il 4 ottobre durante la domenica a cui hanno partecipato ca. pellegrini nella Giornata di preghiera dei single in cerca di marito o moglie.<\/b><\/span><\/p><p class=\"MsoNormal\" style=\"text-align: justify;\"><span style=\"color: #000000;\">Nella prima domenica di ottobre, anche i radunati nella basilica del Lichene hanno pregato affinch\u00e9 tutti gli sposi superino le crisi che si sono presentate sul loro cammino. Il custode del Santuario di Nostra Signora del Lichene, accogliendo i pellegrini, ha ricordato che l&#039;Eucaristia \u00e8 segno dell&#039;amore di Dio, e quindi li ha incoraggiati a rispondere a questo amore, a ricevere il sacramento della penitenza e della riconciliazione, e al tempo stesso tempo per partecipare pienamente alla Santa Messa. Durante il pellegrinaggio a Liche\u0144 nel 1999, S. Giovanni Paolo II ha ammesso che il santuario mariano \u00e8 &quot;il luogo dove viene Maria&quot;. - Il Santo Padre ha voluto che in questo luogo santo, Maria, Patrona della felicit\u00e0 familiare, ci venga incontro, come una Madre preoccupata. S. Nella sua lettera ai Filippesi, Paolo scrisse: &quot;Non preoccuparti pi\u00f9&quot;! La chiave per non preoccuparsi \u00e8 un rapporto di fiducia con Dio, ha affermato il curatore. Ha aggiunto che l&#039;unica cosa che pu\u00f2 preoccuparci \u00e8 il peccato, che porta alla necrosi spirituale.<\/span><\/p>\t\t\t\t\t\t\t\t<\/div>\n\t\t\t\t<\/div>\n\t\t\t\t<div class=\"elementor-element elementor-element-67ebd94 elementor-widget elementor-widget-image\" data-id=\"67ebd94\" data-element_type=\"widget\" data-e-type=\"widget\" data-widget_type=\"image.default\">\n\t\t\t\t<div class=\"elementor-widget-container\">\n\t\t\t\t\t\t\t\t\t\t\t\t\t\t\t<img fetchpriority=\"high\" decoding=\"async\" width=\"768\" height=\"1024\" src=\"https:\/\/www.lichen.pl\/wp-content\/uploads\/2020\/10\/Koncert-i-modlitwa-o-meza-zone040-768x1024.jpg\" class=\"attachment-large size-large wp-image-16964\" alt=\"\" srcset=\"https:\/\/www.lichen.pl\/wp-content\/uploads\/2020\/10\/Koncert-i-modlitwa-o-meza-zone040-768x1024.jpg 768w, https:\/\/www.lichen.pl\/wp-content\/uploads\/2020\/10\/Koncert-i-modlitwa-o-meza-zone040-800x1067.jpg 800w, https:\/\/www.lichen.pl\/wp-content\/uploads\/2020\/10\/Koncert-i-modlitwa-o-meza-zone040-225x300.jpg 225w, https:\/\/www.lichen.pl\/wp-content\/uploads\/2020\/10\/Koncert-i-modlitwa-o-meza-zone040-1152x1536.jpg 1152w, https:\/\/www.lichen.pl\/wp-content\/uploads\/2020\/10\/Koncert-i-modlitwa-o-meza-zone040.jpg 960w\" sizes=\"(max-width: 768px) 100vw, 768px\" \/>\t\t\t\t\t\t\t\t\t\t\t\t\t\t\t<\/div>\n\t\t\t\t<\/div>\n\t\t\t\t\t<\/div>\n\t\t<\/div>\n\t\t\t\t\t<\/div>\n\t\t<\/section>\n\t\t\t\t<section class=\"elementor-section elementor-top-section elementor-element elementor-element-b0335be elementor-section-boxed elementor-section-height-default elementor-section-height-default\" data-id=\"b0335be\" data-element_type=\"section\" data-e-type=\"section\">\n\t\t\t\t\t\t<div class=\"elementor-container elementor-column-gap-default\">\n\t\t\t\t\t<div class=\"elementor-column elementor-col-100 elementor-top-column elementor-element elementor-element-7165cc9\" data-id=\"7165cc9\" data-element_type=\"column\" data-e-type=\"column\">\n\t\t\t<div class=\"elementor-widget-wrap elementor-element-populated\">\n\t\t\t\t\t\t<div class=\"elementor-element elementor-element-9b1a46b elementor-widget elementor-widget-text-editor\" data-id=\"9b1a46b\" data-element_type=\"widget\" data-e-type=\"widget\" data-widget_type=\"text-editor.default\">\n\t\t\t\t<div class=\"elementor-widget-container\">\n\t\t\t\t\t\t\t\t\t<p class=\"MsoNormal\" style=\"text-align: justify;\"><span style=\"color: #000000;\">Nel Santuario di Liche\u0144, Maria chiede costantemente penitenza e conversione, e questa \u00e8 un&#039;occasione per iniziare un nuovo cammino di vita. - Aprire il cuore a Dio \u00e8 un&#039;esperienza di pace interiore - ha spiegato il curatore del Santuario dei Licheni che questo \u00e8 stato il primo passo nella ricerca della moglie o del marito e nella realizzazione della vocazione alla vita matrimoniale. \u00c8 importante aprirsi a Dio e all&#039;uomo allo stesso tempo. Abbandona l&#039;egoismo e aspettati che l&#039;altra persona ti renda felice. Fai spazio nel tuo cuore e rendi felice la tua met\u00e0, per essere associato a loro per tutta la vita. - \u00c8 possibile quando Ges\u00f9 viene da me ogni giorno, ecco perch\u00e9 \u00e8 cos\u00ec importante prendersi cura della bellezza del cuore. Prega che ogni marito sia consapevole che Dio gli ha dato la moglie migliore e che la moglie sappia di avere il marito migliore. Questo non significa che non ci saranno preoccupazioni sul loro cammino comune, ma tutto deve essere donato a Dio - ha spiegato p. Kumala.<\/span><\/p><p class=\"MsoNormal\" style=\"text-align: justify;\"><span style=\"color: #000000;\">Al termine della Messa. furono solennemente consacrati dei rosari, che furono poi distribuiti ai pellegrini.<\/span><\/p>\t\t\t\t\t\t\t\t<\/div>\n\t\t\t\t<\/div>\n\t\t\t\t<div class=\"elementor-element elementor-element-7f2900e elementor-skin-carousel elementor-arrows-yes elementor-pagination-type-bullets elementor-pagination-position-outside elementor-widget elementor-widget-media-carousel\" data-id=\"7f2900e\" data-element_type=\"widget\" data-e-type=\"widget\" data-settings=\"{&quot;skin&quot;:&quot;carousel&quot;,&quot;effect&quot;:&quot;slide&quot;,&quot;show_arrows&quot;:&quot;yes&quot;,&quot;pagination&quot;:&quot;bullets&quot;,&quot;speed&quot;:500,&quot;autoplay&quot;:&quot;yes&quot;,&quot;autoplay_speed&quot;:5000,&quot;loop&quot;:&quot;yes&quot;,&quot;pause_on_hover&quot;:&quot;yes&quot;,&quot;pause_on_interaction&quot;:&quot;yes&quot;,&quot;space_between&quot;:{&quot;unit&quot;:&quot;px&quot;,&quot;size&quot;:10,&quot;sizes&quot;:[]},&quot;space_between_tablet&quot;:{&quot;unit&quot;:&quot;px&quot;,&quot;size&quot;:10,&quot;sizes&quot;:[]},&quot;space_between_mobile&quot;:{&quot;unit&quot;:&quot;px&quot;,&quot;size&quot;:10,&quot;sizes&quot;:[]}}\" data-widget_type=\"media-carousel.default\">\n\t\t\t\t<div class=\"elementor-widget-container\">\n\t\t\t\t\t\t\t\t\t<div class=\"elementor-swiper\">\n\t\t\t\t\t<div class=\"elementor-main-swiper swiper\" role=\"region\" aria-roledescription=\"carousel\" aria-label=\"Diapositives\">\n\t\t\t\t<div class=\"swiper-wrapper\">\n\t\t\t\t\t\t\t\t\t\t\t<div class=\"swiper-slide\" role=\"group\" aria-roledescription=\"slide\">\n\t\t\t\t\t\t\t\t\t<div class=\"elementor-carousel-image\" role=\"img\" aria-label=\"Koncert i modlitwa o m\u0119\u017ca \u017con\u0119014\" style=\"background-image: url(&#039;https:\/\/www.lichen.pl\/wp-content\/uploads\/2020\/10\/Koncert-i-modlitwa-o-meza-zone014.jpg&#039;)\">\n\n\t\t\t\n\t\t\t\t\t<\/div>\n\t\t\t\t\t\t\t\t<\/div>\n\t\t\t\t\t\t\t\t\t\t\t<div class=\"swiper-slide\" role=\"group\" aria-roledescription=\"slide\">\n\t\t\t\t\t\t\t\t\t<div class=\"elementor-carousel-image\" role=\"img\" aria-label=\"Koncert i modlitwa o m\u0119\u017ca \u017con\u0119037\" style=\"background-image: url(&#039;https:\/\/www.lichen.pl\/wp-content\/uploads\/2020\/10\/Koncert-i-modlitwa-o-meza-zone037.jpg&#039;)\">\n\n\t\t\t\n\t\t\t\t\t<\/div>\n\t\t\t\t\t\t\t\t<\/div>\n\t\t\t\t\t\t\t\t\t\t\t<div class=\"swiper-slide\" role=\"group\" aria-roledescription=\"slide\">\n\t\t\t\t\t\t\t\t\t<div class=\"elementor-carousel-image\" role=\"img\" aria-label=\"Koncert i modlitwa o m\u0119\u017ca \u017con\u0119088\" style=\"background-image: url(&#039;https:\/\/www.lichen.pl\/wp-content\/uploads\/2020\/10\/Koncert-i-modlitwa-o-meza-zone088.jpg&#039;)\">\n\n\t\t\t\n\t\t\t\t\t<\/div>\n\t\t\t\t\t\t\t\t<\/div>\n\t\t\t\t\t\t\t\t\t\t\t<div class=\"swiper-slide\" role=\"group\" aria-roledescription=\"slide\">\n\t\t\t\t\t\t\t\t\t<div class=\"elementor-carousel-image\" role=\"img\" aria-label=\"Koncert i modlitwa o m\u0119\u017ca \u017con\u0119016\" style=\"background-image: url(&#039;https:\/\/www.lichen.pl\/wp-content\/uploads\/2020\/10\/Koncert-i-modlitwa-o-meza-zone016.jpg&#039;)\">\n\n\t\t\t\n\t\t\t\t\t<\/div>\n\t\t\t\t\t\t\t\t<\/div>\n\t\t\t\t\t\t\t\t\t<\/div>\n\t\t\t\t\t\t\t\t\t\t\t\t\t\t\t<div class=\"elementor-swiper-button elementor-swiper-button-prev\" role=\"button\" tabindex=\"0\" aria-label=\"Pr\u00e9c\u00e9dent\">\n\t\t\t\t\t\t\t<i aria-hidden=\"true\" class=\"eicon-chevron-left\"><\/i>\t\t\t\t\t\t<\/div>\n\t\t\t\t\t\t<div class=\"elementor-swiper-button elementor-swiper-button-next\" role=\"button\" tabindex=\"0\" aria-label=\"Suivant\">\n\t\t\t\t\t\t\t<i aria-hidden=\"true\" class=\"eicon-chevron-right\"><\/i>\t\t\t\t\t\t<\/div>\n\t\t\t\t\t\t\t\t\t\t\t\t\t\t\t\t<div class=\"swiper-pagination\"><\/div>\n\t\t\t\t\t\t\t\t\t\t\t\t<\/div>\n\t\t\t\t<\/div>\n\t\t\t\t\t\t\t\t<\/div>\n\t\t\t\t<\/div>\n\t\t\t\t\t<\/div>\n\t\t<\/div>\n\t\t\t\t\t<\/div>\n\t\t<\/section>\n\t\t\t\t<section class=\"elementor-section elementor-top-section elementor-element elementor-element-fbfb3ec elementor-section-boxed elementor-section-height-default elementor-section-height-default\" data-id=\"fbfb3ec\" data-element_type=\"section\" data-e-type=\"section\">\n\t\t\t\t\t\t<div class=\"elementor-container elementor-column-gap-default\">\n\t\t\t\t\t<div class=\"elementor-column elementor-col-100 elementor-top-column elementor-element elementor-element-9a7ba25\" data-id=\"9a7ba25\" data-element_type=\"column\" data-e-type=\"column\">\n\t\t\t<div class=\"elementor-widget-wrap elementor-element-populated\">\n\t\t\t\t\t\t<div class=\"elementor-element elementor-element-c4fdbd4 elementor-widget elementor-widget-text-editor\" data-id=\"c4fdbd4\" data-element_type=\"widget\" data-e-type=\"widget\" data-widget_type=\"text-editor.default\">\n\t\t\t\t<div class=\"elementor-widget-container\">\n\t\t\t\t\t\t\t\t\t<p><span style=\"color: #000000; text-align: justify;\">Messa di mezzogiorno Il Coro della Basilica di Liche\u0144 &quot;Stabat Mater&quot; ha onorato il palco e, dopo l&#039;Eucaristia, ha avuto luogo il suo concerto inaugurale. Il concerto \u00e8 stato eseguito dal Coro &quot;Stabat Mater&quot; diretto da Jacek Hy\u017cny insieme ai solisti: Anita Furgol-Kownacka (soprano) ed Ewa Budzi\u0144ska (soprano) e Andrzej Chorosi\u0144ski (organo), professore presso l&#039;Universit\u00e0 di Musica Fryderyk Chopin di Varsavia e ideatore del concetto sonoro dell&#039;organo nel lichene della basilica. I pellegrini hanno avuto l&#039;opportunit\u00e0 di ascoltare, tra gli altri opere di Wolfgang Amadeus Mozart, Cesar Franck o Jan Henryk Botor.<\/span><\/p>\t\t\t\t\t\t\t\t<\/div>\n\t\t\t\t<\/div>\n\t\t\t\t<div class=\"elementor-element elementor-element-f15ac75 elementor-widget elementor-widget-gallery\" data-id=\"f15ac75\" data-element_type=\"widget\" data-e-type=\"widget\" data-settings=\"{&quot;lazyload&quot;:&quot;yes&quot;,&quot;gallery_layout&quot;:&quot;grid&quot;,&quot;columns&quot;:4,&quot;columns_tablet&quot;:2,&quot;columns_mobile&quot;:1,&quot;gap&quot;:{&quot;unit&quot;:&quot;px&quot;,&quot;size&quot;:10,&quot;sizes&quot;:[]},&quot;gap_tablet&quot;:{&quot;unit&quot;:&quot;px&quot;,&quot;size&quot;:10,&quot;sizes&quot;:[]},&quot;gap_mobile&quot;:{&quot;unit&quot;:&quot;px&quot;,&quot;size&quot;:10,&quot;sizes&quot;:[]},&quot;link_to&quot;:&quot;file&quot;,&quot;aspect_ratio&quot;:&quot;3:2&quot;,&quot;overlay_background&quot;:&quot;yes&quot;,&quot;content_hover_animation&quot;:&quot;fade-in&quot;}\" data-widget_type=\"gallery.default\">\n\t\t\t\t<div class=\"elementor-widget-container\">\n\t\t\t\t\t\t\t<div class=\"elementor-gallery__container\">\n\t\t\t\t\t\t\t<a class=\"e-gallery-item elementor-gallery-item elementor-animated-content\" href=\"https:\/\/www.lichen.pl\/wp-content\/uploads\/2020\/10\/Koncert-i-modlitwa-o-meza-zone055.jpg\" data-elementor-open-lightbox=\"yes\" data-elementor-lightbox-slideshow=\"f15ac75\" data-elementor-lightbox-title=\"Koncert i modlitwa o m\u0119\u017ca \u017con\u0119055\" data-e-action-hash=\"#elementor-action%3Aaction%3Dlightbox%26settings%3DeyJpZCI6MTY5NjksInVybCI6Imh0dHBzOlwvXC93d3cubGljaGVuLnBsXC93cC1jb250ZW50XC91cGxvYWRzXC8yMDIwXC8xMFwvS29uY2VydC1pLW1vZGxpdHdhLW8tbWV6YS16b25lMDU1LmpwZyIsInNsaWRlc2hvdyI6ImYxNWFjNzUifQ%3D%3D\">\n\t\t\t\t\t<div class=\"e-gallery-image elementor-gallery-item__image\" data-thumbnail=\"https:\/\/www.lichen.pl\/wp-content\/uploads\/2020\/10\/Koncert-i-modlitwa-o-meza-zone055-200x300.jpg\" data-width=\"200\" data-height=\"300\" aria-label=\"\" role=\"img\" ><\/div>\n\t\t\t\t\t\t\t\t\t\t\t<div class=\"elementor-gallery-item__overlay\"><\/div>\n\t\t\t\t\t\t\t\t\t\t\t\t\t\t<\/a>\n\t\t\t\t\t\t\t<a class=\"e-gallery-item elementor-gallery-item elementor-animated-content\" href=\"https:\/\/www.lichen.pl\/wp-content\/uploads\/2020\/10\/Koncert-i-modlitwa-o-meza-zone060.jpg\" data-elementor-open-lightbox=\"yes\" data-elementor-lightbox-slideshow=\"f15ac75\" data-elementor-lightbox-title=\"Koncert i modlitwa o m\u0119\u017ca \u017con\u0119060\" data-e-action-hash=\"#elementor-action%3Aaction%3Dlightbox%26settings%3DeyJpZCI6MTY5NzUsInVybCI6Imh0dHBzOlwvXC93d3cubGljaGVuLnBsXC93cC1jb250ZW50XC91cGxvYWRzXC8yMDIwXC8xMFwvS29uY2VydC1pLW1vZGxpdHdhLW8tbWV6YS16b25lMDYwLmpwZyIsInNsaWRlc2hvdyI6ImYxNWFjNzUifQ%3D%3D\">\n\t\t\t\t\t<div class=\"e-gallery-image elementor-gallery-item__image\" data-thumbnail=\"https:\/\/www.lichen.pl\/wp-content\/uploads\/2020\/10\/Koncert-i-modlitwa-o-meza-zone060-200x300.jpg\" data-width=\"200\" data-height=\"300\" aria-label=\"\" role=\"img\" ><\/div>\n\t\t\t\t\t\t\t\t\t\t\t<div class=\"elementor-gallery-item__overlay\"><\/div>\n\t\t\t\t\t\t\t\t\t\t\t\t\t\t<\/a>\n\t\t\t\t\t\t\t<a class=\"e-gallery-item elementor-gallery-item elementor-animated-content\" href=\"https:\/\/www.lichen.pl\/wp-content\/uploads\/2020\/10\/Koncert-i-modlitwa-o-meza-zone119.jpg\" data-elementor-open-lightbox=\"yes\" data-elementor-lightbox-slideshow=\"f15ac75\" data-elementor-lightbox-title=\"Koncert i modlitwa o m\u0119\u017ca \u017con\u0119119\" data-e-action-hash=\"#elementor-action%3Aaction%3Dlightbox%26settings%3DeyJpZCI6MTY5OTUsInVybCI6Imh0dHBzOlwvXC93d3cubGljaGVuLnBsXC93cC1jb250ZW50XC91cGxvYWRzXC8yMDIwXC8xMFwvS29uY2VydC1pLW1vZGxpdHdhLW8tbWV6YS16b25lMTE5LmpwZyIsInNsaWRlc2hvdyI6ImYxNWFjNzUifQ%3D%3D\">\n\t\t\t\t\t<div class=\"e-gallery-image elementor-gallery-item__image\" data-thumbnail=\"https:\/\/www.lichen.pl\/wp-content\/uploads\/2020\/10\/Koncert-i-modlitwa-o-meza-zone119-300x200.jpg\" data-width=\"300\" data-height=\"200\" aria-label=\"\" role=\"img\" ><\/div>\n\t\t\t\t\t\t\t\t\t\t\t<div class=\"elementor-gallery-item__overlay\"><\/div>\n\t\t\t\t\t\t\t\t\t\t\t\t\t\t<\/a>\n\t\t\t\t\t\t\t<a class=\"e-gallery-item elementor-gallery-item elementor-animated-content\" href=\"https:\/\/www.lichen.pl\/wp-content\/uploads\/2020\/10\/Koncert-i-modlitwa-o-meza-zone124.jpg\" data-elementor-open-lightbox=\"yes\" data-elementor-lightbox-slideshow=\"f15ac75\" data-elementor-lightbox-title=\"Koncert i modlitwa o m\u0119\u017ca \u017con\u0119124\" data-e-action-hash=\"#elementor-action%3Aaction%3Dlightbox%26settings%3DeyJpZCI6MTcwMDAsInVybCI6Imh0dHBzOlwvXC93d3cubGljaGVuLnBsXC93cC1jb250ZW50XC91cGxvYWRzXC8yMDIwXC8xMFwvS29uY2VydC1pLW1vZGxpdHdhLW8tbWV6YS16b25lMTI0LmpwZyIsInNsaWRlc2hvdyI6ImYxNWFjNzUifQ%3D%3D\">\n\t\t\t\t\t<div class=\"e-gallery-image elementor-gallery-item__image\" data-thumbnail=\"https:\/\/www.lichen.pl\/wp-content\/uploads\/2020\/10\/Koncert-i-modlitwa-o-meza-zone124-300x225.jpg\" data-width=\"300\" data-height=\"225\" aria-label=\"\" role=\"img\" ><\/div>\n\t\t\t\t\t\t\t\t\t\t\t<div class=\"elementor-gallery-item__overlay\"><\/div>\n\t\t\t\t\t\t\t\t\t\t\t\t\t\t<\/a>\n\t\t\t\t\t<\/div>\n\t\t\t\t\t<\/div>\n\t\t\t\t<\/div>\n\t\t\t\t\t<\/div>\n\t\t<\/div>\n\t\t\t\t\t<\/div>\n\t\t<\/section>\n\t\t\t\t<\/div>","protected":false},"excerpt":{"rendered":"<p>\u2013 Trzeba mie\u0107 otwarte serce na Boga, by zobaczy\u0107 Go w innych. Wa\u017cne, by przygotowa\u0107 drugiemu cz\u0142owiekowi miejsce w swoim \u017cyciu i go uszcz\u0119\u015bliwi\u0107 \u2013 m\u00f3wi\u0142 ks. Janusz Kumala MIC, kustosz liche\u0144skiego sanktuarium 4 pa\u017adziernika podczas niedzielnej sumy, w kt\u00f3rej uczestniczy\u0142o ok. 2 tys. pielgrzym\u00f3w w Dzie\u0144 modlitw os\u00f3b stanu wolnego poszukuj\u0105cych m\u0119\u017ca lub \u017cony. [&hellip;]<\/p>\n","protected":false},"author":6,"featured_media":16990,"comment_status":"open","ping_status":"open","sticky":false,"template":"","format":"standard","meta":{"footnotes":""},"categories":[1],"tags":[],"class_list":["post-16463","post","type-post","status-publish","format-standard","has-post-thumbnail","hentry","category-aktualnosci","wpbf-post"],"yoast_head":"<!-- This site is optimized with the Yoast SEO plugin v27.4 - https:\/\/yoast.com\/product\/yoast-seo-wordpress\/ -->\n<title>Za poszukuj\u0105cych m\u0119\u017ca lub \u017cony - SANKTUARIUM W LICHENIU<\/title>\n<meta name=\"robots\" content=\"index, follow, max-snippet:-1, max-image-preview:large, max-video-preview:-1\" \/>\n<link rel=\"canonical\" href=\"https:\/\/www.lichen.pl\/it\/za-poszukujacych-meza-lub-zony\/\" \/>\n<meta property=\"og:locale\" content=\"it_IT\" \/>\n<meta property=\"og:type\" content=\"article\" \/>\n<meta property=\"og:title\" content=\"Za poszukuj\u0105cych m\u0119\u017ca lub \u017cony - SANKTUARIUM W LICHENIU\" \/>\n<meta property=\"og:description\" content=\"\u2013 Trzeba mie\u0107 otwarte serce na Boga, by zobaczy\u0107 Go w innych. Wa\u017cne, by przygotowa\u0107 drugiemu cz\u0142owiekowi miejsce w swoim \u017cyciu i go uszcz\u0119\u015bliwi\u0107 \u2013 m\u00f3wi\u0142 ks. Janusz Kumala MIC, kustosz liche\u0144skiego sanktuarium 4 pa\u017adziernika podczas niedzielnej sumy, w kt\u00f3rej uczestniczy\u0142o ok. 2 tys. pielgrzym\u00f3w w Dzie\u0144 modlitw os\u00f3b stanu wolnego poszukuj\u0105cych m\u0119\u017ca lub \u017cony. [&hellip;]\" \/>\n<meta property=\"og:url\" content=\"https:\/\/www.lichen.pl\/it\/za-poszukujacych-meza-lub-zony\/\" \/>\n<meta property=\"og:site_name\" content=\"SANKTUARIUM W LICHENIU\" \/>\n<meta property=\"article:published_time\" content=\"2020-10-04T09:50:05+00:00\" \/>\n<meta property=\"article:modified_time\" content=\"2021-06-30T11:10:04+00:00\" \/>\n<meta property=\"og:image\" content=\"https:\/\/www.lichen.pl\/wp-content\/uploads\/2020\/10\/Koncert-i-modlitwa-o-meza-zone088.jpg\" \/>\n\t<meta property=\"og:image:width\" content=\"853\" \/>\n\t<meta property=\"og:image:height\" content=\"1280\" \/>\n\t<meta property=\"og:image:type\" content=\"image\/jpeg\" \/>\n<meta name=\"author\" content=\"AMELIA SIUDA-KOSZELA\" \/>\n<meta name=\"twitter:card\" content=\"summary_large_image\" \/>\n<meta name=\"twitter:label1\" content=\"Scritto da\" \/>\n\t<meta name=\"twitter:data1\" content=\"AMELIA SIUDA-KOSZELA\" \/>\n\t<meta name=\"twitter:label2\" content=\"Tempo di lettura stimato\" \/>\n\t<meta name=\"twitter:data2\" content=\"3 minuti\" \/>\n<script type=\"application\/ld+json\" class=\"yoast-schema-graph\">{\"@context\":\"https:\\\/\\\/schema.org\",\"@graph\":[{\"@type\":\"Article\",\"@id\":\"https:\\\/\\\/www.lichen.pl\\\/es\\\/za-poszukujacych-meza-lub-zony\\\/#article\",\"isPartOf\":{\"@id\":\"https:\\\/\\\/www.lichen.pl\\\/es\\\/za-poszukujacych-meza-lub-zony\\\/\"},\"author\":{\"name\":\"AMELIA SIUDA-KOSZELA\",\"@id\":\"https:\\\/\\\/www.lichen.pl\\\/fr\\\/#\\\/schema\\\/person\\\/70bf824c102f176cf976b0d90af0d62a\"},\"headline\":\"Za poszukuj\u0105cych m\u0119\u017ca lub \u017cony\",\"datePublished\":\"2020-10-04T09:50:05+00:00\",\"dateModified\":\"2021-06-30T11:10:04+00:00\",\"mainEntityOfPage\":{\"@id\":\"https:\\\/\\\/www.lichen.pl\\\/es\\\/za-poszukujacych-meza-lub-zony\\\/\"},\"wordCount\":521,\"commentCount\":0,\"image\":{\"@id\":\"https:\\\/\\\/www.lichen.pl\\\/es\\\/za-poszukujacych-meza-lub-zony\\\/#primaryimage\"},\"thumbnailUrl\":\"https:\\\/\\\/www.lichen.pl\\\/wp-content\\\/uploads\\\/2020\\\/10\\\/Koncert-i-modlitwa-o-meza-zone088.jpg\",\"articleSection\":[\"Aktualno\u015bci\"],\"inLanguage\":\"it-IT\",\"potentialAction\":[{\"@type\":\"CommentAction\",\"name\":\"Comment\",\"target\":[\"https:\\\/\\\/www.lichen.pl\\\/es\\\/za-poszukujacych-meza-lub-zony\\\/#respond\"]}]},{\"@type\":\"WebPage\",\"@id\":\"https:\\\/\\\/www.lichen.pl\\\/es\\\/za-poszukujacych-meza-lub-zony\\\/\",\"url\":\"https:\\\/\\\/www.lichen.pl\\\/es\\\/za-poszukujacych-meza-lub-zony\\\/\",\"name\":\"Za poszukuj\u0105cych m\u0119\u017ca lub \u017cony - SANKTUARIUM W LICHENIU\",\"isPartOf\":{\"@id\":\"https:\\\/\\\/www.lichen.pl\\\/fr\\\/#website\"},\"primaryImageOfPage\":{\"@id\":\"https:\\\/\\\/www.lichen.pl\\\/es\\\/za-poszukujacych-meza-lub-zony\\\/#primaryimage\"},\"image\":{\"@id\":\"https:\\\/\\\/www.lichen.pl\\\/es\\\/za-poszukujacych-meza-lub-zony\\\/#primaryimage\"},\"thumbnailUrl\":\"https:\\\/\\\/www.lichen.pl\\\/wp-content\\\/uploads\\\/2020\\\/10\\\/Koncert-i-modlitwa-o-meza-zone088.jpg\",\"datePublished\":\"2020-10-04T09:50:05+00:00\",\"dateModified\":\"2021-06-30T11:10:04+00:00\",\"author\":{\"@id\":\"https:\\\/\\\/www.lichen.pl\\\/fr\\\/#\\\/schema\\\/person\\\/70bf824c102f176cf976b0d90af0d62a\"},\"breadcrumb\":{\"@id\":\"https:\\\/\\\/www.lichen.pl\\\/es\\\/za-poszukujacych-meza-lub-zony\\\/#breadcrumb\"},\"inLanguage\":\"it-IT\",\"potentialAction\":[{\"@type\":\"ReadAction\",\"target\":[\"https:\\\/\\\/www.lichen.pl\\\/es\\\/za-poszukujacych-meza-lub-zony\\\/\"]}]},{\"@type\":\"ImageObject\",\"inLanguage\":\"it-IT\",\"@id\":\"https:\\\/\\\/www.lichen.pl\\\/es\\\/za-poszukujacych-meza-lub-zony\\\/#primaryimage\",\"url\":\"https:\\\/\\\/www.lichen.pl\\\/wp-content\\\/uploads\\\/2020\\\/10\\\/Koncert-i-modlitwa-o-meza-zone088.jpg\",\"contentUrl\":\"https:\\\/\\\/www.lichen.pl\\\/wp-content\\\/uploads\\\/2020\\\/10\\\/Koncert-i-modlitwa-o-meza-zone088.jpg\",\"width\":853,\"height\":1280},{\"@type\":\"BreadcrumbList\",\"@id\":\"https:\\\/\\\/www.lichen.pl\\\/es\\\/za-poszukujacych-meza-lub-zony\\\/#breadcrumb\",\"itemListElement\":[{\"@type\":\"ListItem\",\"position\":1,\"name\":\"Strona g\u0142\u00f3wna\",\"item\":\"https:\\\/\\\/www.lichen.pl\\\/\"},{\"@type\":\"ListItem\",\"position\":2,\"name\":\"Za poszukuj\u0105cych m\u0119\u017ca lub \u017cony\"}]},{\"@type\":\"WebSite\",\"@id\":\"https:\\\/\\\/www.lichen.pl\\\/fr\\\/#website\",\"url\":\"https:\\\/\\\/www.lichen.pl\\\/fr\\\/\",\"name\":\"SANKTUARIUM W LICHENIU\",\"description\":\"MATKI BO\u017bEJ LICHE\u0143SKIEJ BOLESNEJ KR\u00d3LOWEJ POLSKI\",\"potentialAction\":[{\"@type\":\"SearchAction\",\"target\":{\"@type\":\"EntryPoint\",\"urlTemplate\":\"https:\\\/\\\/www.lichen.pl\\\/fr\\\/?s={search_term_string}\"},\"query-input\":{\"@type\":\"PropertyValueSpecification\",\"valueRequired\":true,\"valueName\":\"search_term_string\"}}],\"inLanguage\":\"it-IT\"},{\"@type\":\"Person\",\"@id\":\"https:\\\/\\\/www.lichen.pl\\\/fr\\\/#\\\/schema\\\/person\\\/70bf824c102f176cf976b0d90af0d62a\",\"name\":\"AMELIA SIUDA-KOSZELA\",\"image\":{\"@type\":\"ImageObject\",\"inLanguage\":\"it-IT\",\"@id\":\"https:\\\/\\\/secure.gravatar.com\\\/avatar\\\/a0f9a92186ab02fb8db116f5388e3bc7280dd7bd01565c5d6b7ceb07ff27d6d9?s=96&d=retro&r=g\",\"url\":\"https:\\\/\\\/secure.gravatar.com\\\/avatar\\\/a0f9a92186ab02fb8db116f5388e3bc7280dd7bd01565c5d6b7ceb07ff27d6d9?s=96&d=retro&r=g\",\"contentUrl\":\"https:\\\/\\\/secure.gravatar.com\\\/avatar\\\/a0f9a92186ab02fb8db116f5388e3bc7280dd7bd01565c5d6b7ceb07ff27d6d9?s=96&d=retro&r=g\",\"caption\":\"AMELIA SIUDA-KOSZELA\"},\"url\":\"https:\\\/\\\/www.lichen.pl\\\/it\\\/author\\\/amelia\\\/\"}]}<\/script>\n<!-- \/ Yoast SEO plugin. -->","yoast_head_json":{"title":"Za poszukuj\u0105cych m\u0119\u017ca lub \u017cony - SANKTUARIUM W LICHENIU","robots":{"index":"index","follow":"follow","max-snippet":"max-snippet:-1","max-image-preview":"max-image-preview:large","max-video-preview":"max-video-preview:-1"},"canonical":"https:\/\/www.lichen.pl\/it\/za-poszukujacych-meza-lub-zony\/","og_locale":"it_IT","og_type":"article","og_title":"Za poszukuj\u0105cych m\u0119\u017ca lub \u017cony - SANKTUARIUM W LICHENIU","og_description":"\u2013 Trzeba mie\u0107 otwarte serce na Boga, by zobaczy\u0107 Go w innych. Wa\u017cne, by przygotowa\u0107 drugiemu cz\u0142owiekowi miejsce w swoim \u017cyciu i go uszcz\u0119\u015bliwi\u0107 \u2013 m\u00f3wi\u0142 ks. Janusz Kumala MIC, kustosz liche\u0144skiego sanktuarium 4 pa\u017adziernika podczas niedzielnej sumy, w kt\u00f3rej uczestniczy\u0142o ok. 2 tys. pielgrzym\u00f3w w Dzie\u0144 modlitw os\u00f3b stanu wolnego poszukuj\u0105cych m\u0119\u017ca lub \u017cony. [&hellip;]","og_url":"https:\/\/www.lichen.pl\/it\/za-poszukujacych-meza-lub-zony\/","og_site_name":"SANKTUARIUM W LICHENIU","article_published_time":"2020-10-04T09:50:05+00:00","article_modified_time":"2021-06-30T11:10:04+00:00","og_image":[{"width":853,"height":1280,"url":"https:\/\/www.lichen.pl\/wp-content\/uploads\/2020\/10\/Koncert-i-modlitwa-o-meza-zone088.jpg","type":"image\/jpeg"}],"author":"AMELIA SIUDA-KOSZELA","twitter_card":"summary_large_image","twitter_misc":{"Scritto da":"AMELIA SIUDA-KOSZELA","Tempo di lettura stimato":"3 minuti"},"schema":{"@context":"https:\/\/schema.org","@graph":[{"@type":"Article","@id":"https:\/\/www.lichen.pl\/es\/za-poszukujacych-meza-lub-zony\/#article","isPartOf":{"@id":"https:\/\/www.lichen.pl\/es\/za-poszukujacych-meza-lub-zony\/"},"author":{"name":"AMELIA SIUDA-KOSZELA","@id":"https:\/\/www.lichen.pl\/fr\/#\/schema\/person\/70bf824c102f176cf976b0d90af0d62a"},"headline":"Za poszukuj\u0105cych m\u0119\u017ca lub \u017cony","datePublished":"2020-10-04T09:50:05+00:00","dateModified":"2021-06-30T11:10:04+00:00","mainEntityOfPage":{"@id":"https:\/\/www.lichen.pl\/es\/za-poszukujacych-meza-lub-zony\/"},"wordCount":521,"commentCount":0,"image":{"@id":"https:\/\/www.lichen.pl\/es\/za-poszukujacych-meza-lub-zony\/#primaryimage"},"thumbnailUrl":"https:\/\/www.lichen.pl\/wp-content\/uploads\/2020\/10\/Koncert-i-modlitwa-o-meza-zone088.jpg","articleSection":["Aktualno\u015bci"],"inLanguage":"it-IT","potentialAction":[{"@type":"CommentAction","name":"Comment","target":["https:\/\/www.lichen.pl\/es\/za-poszukujacych-meza-lub-zony\/#respond"]}]},{"@type":"WebPage","@id":"https:\/\/www.lichen.pl\/es\/za-poszukujacych-meza-lub-zony\/","url":"https:\/\/www.lichen.pl\/es\/za-poszukujacych-meza-lub-zony\/","name":"Za poszukuj\u0105cych m\u0119\u017ca lub \u017cony - SANKTUARIUM W LICHENIU","isPartOf":{"@id":"https:\/\/www.lichen.pl\/fr\/#website"},"primaryImageOfPage":{"@id":"https:\/\/www.lichen.pl\/es\/za-poszukujacych-meza-lub-zony\/#primaryimage"},"image":{"@id":"https:\/\/www.lichen.pl\/es\/za-poszukujacych-meza-lub-zony\/#primaryimage"},"thumbnailUrl":"https:\/\/www.lichen.pl\/wp-content\/uploads\/2020\/10\/Koncert-i-modlitwa-o-meza-zone088.jpg","datePublished":"2020-10-04T09:50:05+00:00","dateModified":"2021-06-30T11:10:04+00:00","author":{"@id":"https:\/\/www.lichen.pl\/fr\/#\/schema\/person\/70bf824c102f176cf976b0d90af0d62a"},"breadcrumb":{"@id":"https:\/\/www.lichen.pl\/es\/za-poszukujacych-meza-lub-zony\/#breadcrumb"},"inLanguage":"it-IT","potentialAction":[{"@type":"ReadAction","target":["https:\/\/www.lichen.pl\/es\/za-poszukujacych-meza-lub-zony\/"]}]},{"@type":"ImageObject","inLanguage":"it-IT","@id":"https:\/\/www.lichen.pl\/es\/za-poszukujacych-meza-lub-zony\/#primaryimage","url":"https:\/\/www.lichen.pl\/wp-content\/uploads\/2020\/10\/Koncert-i-modlitwa-o-meza-zone088.jpg","contentUrl":"https:\/\/www.lichen.pl\/wp-content\/uploads\/2020\/10\/Koncert-i-modlitwa-o-meza-zone088.jpg","width":853,"height":1280},{"@type":"BreadcrumbList","@id":"https:\/\/www.lichen.pl\/es\/za-poszukujacych-meza-lub-zony\/#breadcrumb","itemListElement":[{"@type":"ListItem","position":1,"name":"Strona g\u0142\u00f3wna","item":"https:\/\/www.lichen.pl\/"},{"@type":"ListItem","position":2,"name":"Za poszukuj\u0105cych m\u0119\u017ca lub \u017cony"}]},{"@type":"WebSite","@id":"https:\/\/www.lichen.pl\/fr\/#website","url":"https:\/\/www.lichen.pl\/fr\/","name":"SANTUARIO IN LICHENIA","description":"LA REGINA ADOLORATA DEL NOSTRO LICHENE DI POLONIA","potentialAction":[{"@type":"SearchAction","target":{"@type":"EntryPoint","urlTemplate":"https:\/\/www.lichen.pl\/fr\/?s={search_term_string}"},"query-input":{"@type":"PropertyValueSpecification","valueRequired":true,"valueName":"search_term_string"}}],"inLanguage":"it-IT"},{"@type":"Person","@id":"https:\/\/www.lichen.pl\/fr\/#\/schema\/person\/70bf824c102f176cf976b0d90af0d62a","name":"AMELIA SIUDA-KOSZELA","image":{"@type":"ImageObject","inLanguage":"it-IT","@id":"https:\/\/secure.gravatar.com\/avatar\/a0f9a92186ab02fb8db116f5388e3bc7280dd7bd01565c5d6b7ceb07ff27d6d9?s=96&d=retro&r=g","url":"https:\/\/secure.gravatar.com\/avatar\/a0f9a92186ab02fb8db116f5388e3bc7280dd7bd01565c5d6b7ceb07ff27d6d9?s=96&d=retro&r=g","contentUrl":"https:\/\/secure.gravatar.com\/avatar\/a0f9a92186ab02fb8db116f5388e3bc7280dd7bd01565c5d6b7ceb07ff27d6d9?s=96&d=retro&r=g","caption":"AMELIA SIUDA-KOSZELA"},"url":"https:\/\/www.lichen.pl\/it\/author\/amelia\/"}]}},"_links":{"self":[{"href":"https:\/\/www.lichen.pl\/it\/wp-json\/wp\/v2\/posts\/16463","targetHints":{"allow":["GET"]}}],"collection":[{"href":"https:\/\/www.lichen.pl\/it\/wp-json\/wp\/v2\/posts"}],"about":[{"href":"https:\/\/www.lichen.pl\/it\/wp-json\/wp\/v2\/types\/post"}],"author":[{"embeddable":true,"href":"https:\/\/www.lichen.pl\/it\/wp-json\/wp\/v2\/users\/6"}],"replies":[{"embeddable":true,"href":"https:\/\/www.lichen.pl\/it\/wp-json\/wp\/v2\/comments?post=16463"}],"version-history":[{"count":8,"href":"https:\/\/www.lichen.pl\/it\/wp-json\/wp\/v2\/posts\/16463\/revisions"}],"predecessor-version":[{"id":17018,"href":"https:\/\/www.lichen.pl\/it\/wp-json\/wp\/v2\/posts\/16463\/revisions\/17018"}],"wp:featuredmedia":[{"embeddable":true,"href":"https:\/\/www.lichen.pl\/it\/wp-json\/wp\/v2\/media\/16990"}],"wp:attachment":[{"href":"https:\/\/www.lichen.pl\/it\/wp-json\/wp\/v2\/media?parent=16463"}],"wp:term":[{"taxonomy":"category","embeddable":true,"href":"https:\/\/www.lichen.pl\/it\/wp-json\/wp\/v2\/categories?post=16463"},{"taxonomy":"post_tag","embeddable":true,"href":"https:\/\/www.lichen.pl\/it\/wp-json\/wp\/v2\/tags?post=16463"}],"curies":[{"name":"wp","href":"https:\/\/api.w.org\/{rel}","templated":true}]}}