{"id":1763,"date":"2020-08-11T16:44:47","date_gmt":"2020-08-11T16:44:47","guid":{"rendered":"http:\/\/www.lichen.pl\/lichen-spotkanie-rodzin-copy\/"},"modified":"2021-06-15T17:51:19","modified_gmt":"2021-06-15T17:51:19","slug":"lichen-rowerowa-pielgrzymka-z-diecezji-pelplinskiej","status":"publish","type":"post","link":"https:\/\/www.lichen.pl\/it\/lichen-rowerowa-pielgrzymka-z-diecezji-pelplinskiej\/","title":{"rendered":"22. Pellegrinaggio in bicicletta dalla diocesi di Pelplin a Liche\u0144"},"content":{"rendered":"<div data-elementor-type=\"wp-post\" data-elementor-id=\"1763\" class=\"elementor elementor-1763\" data-elementor-post-type=\"post\">\n\t\t\t\t\t\t<section class=\"elementor-section elementor-top-section elementor-element elementor-element-dcc57a2 elementor-section-boxed elementor-section-height-default elementor-section-height-default\" data-id=\"dcc57a2\" data-element_type=\"section\" data-e-type=\"section\">\n\t\t\t\t\t\t<div class=\"elementor-container elementor-column-gap-default\">\n\t\t\t\t\t<div class=\"elementor-column elementor-col-100 elementor-top-column elementor-element elementor-element-1e909ff1\" data-id=\"1e909ff1\" data-element_type=\"column\" data-e-type=\"column\">\n\t\t\t<div class=\"elementor-widget-wrap elementor-element-populated\">\n\t\t\t\t\t\t<div class=\"elementor-element elementor-element-de5bab1 elementor-widget elementor-widget-heading\" data-id=\"de5bab1\" data-element_type=\"widget\" data-e-type=\"widget\" data-widget_type=\"heading.default\">\n\t\t\t\t<div class=\"elementor-widget-container\">\n\t\t\t\t\t<h2 class=\"elementor-heading-title elementor-size-default\">Il 22\u00b0 pellegrinaggio in bicicletta dalla diocesi di Pelplin \u00e8 entrato a Lichen<\/h2>\t\t\t\t<\/div>\n\t\t\t\t<\/div>\n\t\t\t\t<div class=\"elementor-element elementor-element-256fd994 elementor-widget elementor-widget-text-editor\" data-id=\"256fd994\" data-element_type=\"widget\" data-e-type=\"widget\" data-widget_type=\"text-editor.default\">\n\t\t\t\t<div class=\"elementor-widget-container\">\n\t\t\t\t\t\t\t\t\t<p>I pellegrini radunati sui gradini della basilica sono stati accolti da p. Adam Stankiewicz, MIC, vice-custode del Santuario dei licheni. Hanno ancora da 450 a 600 km da percorrere, a seconda del gruppo. Quest&#039;anno, a causa della pandemia, diretti a Jasna G\u00f3ra, viaggiano attraverso la Polonia in modo diverso, in cinque gruppi di 15 persone.<\/p><p><em>Ogni gruppo segue la propria strada, ma ci incontriamo in punti importanti. Tale \u00e8 senza dubbio il santuario dei licheni. Veniamo qui da diversi anni per pregare almeno un momento davanti al Quadro Miracoloso di Nostra Signora di Liche\u0144<\/em>\u00a0- ha informato il responsabile del pellegrinaggio in bicicletta, p. Tomasz Syldatk. Contano di raggiungere Jasna G\u00f3ra il 13 agosto, per entrare e inchinarsi alla Madonna Nera con il pellegrinaggio dalla diocesi di Pelplin.<\/p>\t\t\t\t\t\t\t\t<\/div>\n\t\t\t\t<\/div>\n\t\t\t\t<div class=\"elementor-element elementor-element-25557df elementor-widget elementor-widget-text-editor\" data-id=\"25557df\" data-element_type=\"widget\" data-e-type=\"widget\" data-widget_type=\"text-editor.default\">\n\t\t\t\t<div class=\"elementor-widget-container\">\n\t\t\t\t\t\t\t\t\t<p>Testo: Nikola Gruszczy\u0144ska<\/p>\t\t\t\t\t\t\t\t<\/div>\n\t\t\t\t<\/div>\n\t\t\t\t<div class=\"elementor-element elementor-element-fe37599 elementor-widget-divider--view-line_icon elementor-view-default elementor-widget-divider--element-align-center elementor-widget elementor-widget-divider\" data-id=\"fe37599\" data-element_type=\"widget\" data-e-type=\"widget\" data-widget_type=\"divider.default\">\n\t\t\t\t<div class=\"elementor-widget-container\">\n\t\t\t\t\t\t\t<div class=\"elementor-divider\">\n\t\t\t<span class=\"elementor-divider-separator\">\n\t\t\t\t\t\t\t<div class=\"elementor-icon elementor-divider__element\">\n\t\t\t\t\t<i aria-hidden=\"true\" class=\"fas fa-camera\"><\/i><\/div>\n\t\t\t\t\t\t<\/span>\n\t\t<\/div>\n\t\t\t\t\t\t<\/div>\n\t\t\t\t<\/div>\n\t\t\t\t<div class=\"elementor-element elementor-element-6a98f2d elementor-widget elementor-widget-gallery\" data-id=\"6a98f2d\" data-element_type=\"widget\" data-e-type=\"widget\" data-settings=\"{&quot;lazyload&quot;:&quot;yes&quot;,&quot;gallery_layout&quot;:&quot;grid&quot;,&quot;columns&quot;:4,&quot;columns_tablet&quot;:2,&quot;columns_mobile&quot;:1,&quot;gap&quot;:{&quot;unit&quot;:&quot;px&quot;,&quot;size&quot;:10,&quot;sizes&quot;:[]},&quot;gap_tablet&quot;:{&quot;unit&quot;:&quot;px&quot;,&quot;size&quot;:10,&quot;sizes&quot;:[]},&quot;gap_mobile&quot;:{&quot;unit&quot;:&quot;px&quot;,&quot;size&quot;:10,&quot;sizes&quot;:[]},&quot;link_to&quot;:&quot;file&quot;,&quot;aspect_ratio&quot;:&quot;3:2&quot;,&quot;overlay_background&quot;:&quot;yes&quot;,&quot;content_hover_animation&quot;:&quot;fade-in&quot;}\" data-widget_type=\"gallery.default\">\n\t\t\t\t<div class=\"elementor-widget-container\">\n\t\t\t\t\t\t\t<div class=\"elementor-gallery__container\">\n\t\t\t\t\t\t\t<a class=\"e-gallery-item elementor-gallery-item elementor-animated-content\" href=\"https:\/\/www.lichen.pl\/wp-content\/uploads\/2020\/08\/4d451a1a-bfbe-4f9b-a16d-ad68ebbd75c6.jpg\" data-elementor-open-lightbox=\"yes\" data-elementor-lightbox-slideshow=\"6a98f2d\" data-elementor-lightbox-title=\"4d451a1a-bfbe-4f9b-a16d-ad68ebbd75c6\" data-e-action-hash=\"#elementor-action%3Aaction%3Dlightbox%26settings%3DeyJpZCI6MTc3NSwidXJsIjoiaHR0cHM6XC9cL3d3dy5saWNoZW4ucGxcL3dwLWNvbnRlbnRcL3VwbG9hZHNcLzIwMjBcLzA4XC80ZDQ1MWExYS1iZmJlLTRmOWItYTE2ZC1hZDY4ZWJiZDc1YzYuanBnIiwic2xpZGVzaG93IjoiNmE5OGYyZCJ9\">\n\t\t\t\t\t<div class=\"e-gallery-image elementor-gallery-item__image\" data-thumbnail=\"https:\/\/www.lichen.pl\/wp-content\/uploads\/2020\/08\/4d451a1a-bfbe-4f9b-a16d-ad68ebbd75c6-300x225.jpg\" data-width=\"300\" data-height=\"225\" aria-label=\"\" role=\"img\" ><\/div>\n\t\t\t\t\t\t\t\t\t\t\t<div class=\"elementor-gallery-item__overlay\"><\/div>\n\t\t\t\t\t\t\t\t\t\t\t\t\t\t<\/a>\n\t\t\t\t\t\t\t<a class=\"e-gallery-item elementor-gallery-item elementor-animated-content\" href=\"https:\/\/www.lichen.pl\/wp-content\/uploads\/2020\/08\/6c283441-6c08-4d6d-8e68-ac75dc4cd9b5.jpg\" data-elementor-open-lightbox=\"yes\" data-elementor-lightbox-slideshow=\"6a98f2d\" data-elementor-lightbox-title=\"6c283441-6c08-4d6d-8e68-ac75dc4cd9b5\" data-e-action-hash=\"#elementor-action%3Aaction%3Dlightbox%26settings%3DeyJpZCI6MTc4MCwidXJsIjoiaHR0cHM6XC9cL3d3dy5saWNoZW4ucGxcL3dwLWNvbnRlbnRcL3VwbG9hZHNcLzIwMjBcLzA4XC82YzI4MzQ0MS02YzA4LTRkNmQtOGU2OC1hYzc1ZGM0Y2Q5YjUuanBnIiwic2xpZGVzaG93IjoiNmE5OGYyZCJ9\">\n\t\t\t\t\t<div class=\"e-gallery-image elementor-gallery-item__image\" data-thumbnail=\"https:\/\/www.lichen.pl\/wp-content\/uploads\/2020\/08\/6c283441-6c08-4d6d-8e68-ac75dc4cd9b5-300x225.jpg\" data-width=\"300\" data-height=\"225\" aria-label=\"\" role=\"img\" ><\/div>\n\t\t\t\t\t\t\t\t\t\t\t<div class=\"elementor-gallery-item__overlay\"><\/div>\n\t\t\t\t\t\t\t\t\t\t\t\t\t\t<\/a>\n\t\t\t\t\t\t\t<a class=\"e-gallery-item elementor-gallery-item elementor-animated-content\" href=\"https:\/\/www.lichen.pl\/wp-content\/uploads\/2020\/08\/155a34d7-8980-453a-9b4b-cdafe071c619.jpg\" data-elementor-open-lightbox=\"yes\" data-elementor-lightbox-slideshow=\"6a98f2d\" data-elementor-lightbox-title=\"155a34d7-8980-453a-9b4b-cdafe071c619\" data-e-action-hash=\"#elementor-action%3Aaction%3Dlightbox%26settings%3DeyJpZCI6MTc4NSwidXJsIjoiaHR0cHM6XC9cL3d3dy5saWNoZW4ucGxcL3dwLWNvbnRlbnRcL3VwbG9hZHNcLzIwMjBcLzA4XC8xNTVhMzRkNy04OTgwLTQ1M2EtOWI0Yi1jZGFmZTA3MWM2MTkuanBnIiwic2xpZGVzaG93IjoiNmE5OGYyZCJ9\">\n\t\t\t\t\t<div class=\"e-gallery-image elementor-gallery-item__image\" data-thumbnail=\"https:\/\/www.lichen.pl\/wp-content\/uploads\/2020\/08\/155a34d7-8980-453a-9b4b-cdafe071c619-300x225.jpg\" data-width=\"300\" data-height=\"225\" aria-label=\"\" role=\"img\" ><\/div>\n\t\t\t\t\t\t\t\t\t\t\t<div class=\"elementor-gallery-item__overlay\"><\/div>\n\t\t\t\t\t\t\t\t\t\t\t\t\t\t<\/a>\n\t\t\t\t\t\t\t<a class=\"e-gallery-item elementor-gallery-item elementor-animated-content\" href=\"https:\/\/www.lichen.pl\/wp-content\/uploads\/2020\/08\/a0a5e62c-52ca-4fbf-9d64-a9cf0ab5489b.jpg\" data-elementor-open-lightbox=\"yes\" data-elementor-lightbox-slideshow=\"6a98f2d\" data-elementor-lightbox-title=\"a0a5e62c-52ca-4fbf-9d64-a9cf0ab5489b\" data-e-action-hash=\"#elementor-action%3Aaction%3Dlightbox%26settings%3DeyJpZCI6MTc5MSwidXJsIjoiaHR0cHM6XC9cL3d3dy5saWNoZW4ucGxcL3dwLWNvbnRlbnRcL3VwbG9hZHNcLzIwMjBcLzA4XC9hMGE1ZTYyYy01MmNhLTRmYmYtOWQ2NC1hOWNmMGFiNTQ4OWIuanBnIiwic2xpZGVzaG93IjoiNmE5OGYyZCJ9\">\n\t\t\t\t\t<div class=\"e-gallery-image elementor-gallery-item__image\" data-thumbnail=\"https:\/\/www.lichen.pl\/wp-content\/uploads\/2020\/08\/a0a5e62c-52ca-4fbf-9d64-a9cf0ab5489b-300x225.jpg\" data-width=\"300\" data-height=\"225\" aria-label=\"\" role=\"img\" ><\/div>\n\t\t\t\t\t\t\t\t\t\t\t<div class=\"elementor-gallery-item__overlay\"><\/div>\n\t\t\t\t\t\t\t\t\t\t\t\t\t\t<\/a>\n\t\t\t\t\t\t\t<a class=\"e-gallery-item elementor-gallery-item elementor-animated-content\" href=\"https:\/\/www.lichen.pl\/wp-content\/uploads\/2020\/08\/a3930b50-5c64-4ea2-b72c-771c5567d402.jpg\" data-elementor-open-lightbox=\"yes\" data-elementor-lightbox-slideshow=\"6a98f2d\" data-elementor-lightbox-title=\"a3930b50-5c64-4ea2-b72c-771c5567d402\" data-e-action-hash=\"#elementor-action%3Aaction%3Dlightbox%26settings%3DeyJpZCI6MTc5NiwidXJsIjoiaHR0cHM6XC9cL3d3dy5saWNoZW4ucGxcL3dwLWNvbnRlbnRcL3VwbG9hZHNcLzIwMjBcLzA4XC9hMzkzMGI1MC01YzY0LTRlYTItYjcyYy03NzFjNTU2N2Q0MDIuanBnIiwic2xpZGVzaG93IjoiNmE5OGYyZCJ9\">\n\t\t\t\t\t<div class=\"e-gallery-image elementor-gallery-item__image\" data-thumbnail=\"https:\/\/www.lichen.pl\/wp-content\/uploads\/2020\/08\/a3930b50-5c64-4ea2-b72c-771c5567d402.jpg\" data-width=\"300\" data-height=\"225\" aria-label=\"\" role=\"img\" ><\/div>\n\t\t\t\t\t\t\t\t\t\t\t<div class=\"elementor-gallery-item__overlay\"><\/div>\n\t\t\t\t\t\t\t\t\t\t\t\t\t\t<\/a>\n\t\t\t\t\t\t\t<a class=\"e-gallery-item elementor-gallery-item elementor-animated-content\" href=\"https:\/\/www.lichen.pl\/wp-content\/uploads\/2020\/08\/bfa4eb3c-f7d2-4d05-b40d-2e5a59c4bb9a.jpg\" data-elementor-open-lightbox=\"yes\" data-elementor-lightbox-slideshow=\"6a98f2d\" data-elementor-lightbox-title=\"bfa4eb3c-f7d2-4d05-b40d-2e5a59c4bb9a\" data-e-action-hash=\"#elementor-action%3Aaction%3Dlightbox%26settings%3DeyJpZCI6MTgwMSwidXJsIjoiaHR0cHM6XC9cL3d3dy5saWNoZW4ucGxcL3dwLWNvbnRlbnRcL3VwbG9hZHNcLzIwMjBcLzA4XC9iZmE0ZWIzYy1mN2QyLTRkMDUtYjQwZC0yZTVhNTljNGJiOWEuanBnIiwic2xpZGVzaG93IjoiNmE5OGYyZCJ9\">\n\t\t\t\t\t<div class=\"e-gallery-image elementor-gallery-item__image\" data-thumbnail=\"https:\/\/www.lichen.pl\/wp-content\/uploads\/2020\/08\/bfa4eb3c-f7d2-4d05-b40d-2e5a59c4bb9a-300x225.jpg\" data-width=\"300\" data-height=\"225\" aria-label=\"\" role=\"img\" ><\/div>\n\t\t\t\t\t\t\t\t\t\t\t<div class=\"elementor-gallery-item__overlay\"><\/div>\n\t\t\t\t\t\t\t\t\t\t\t\t\t\t<\/a>\n\t\t\t\t\t\t\t<a class=\"e-gallery-item elementor-gallery-item elementor-animated-content\" href=\"https:\/\/www.lichen.pl\/wp-content\/uploads\/2020\/08\/d6aee952-b2c6-4e7b-b90a-7e46cd2786f4.jpg\" data-elementor-open-lightbox=\"yes\" data-elementor-lightbox-slideshow=\"6a98f2d\" data-elementor-lightbox-title=\"d6aee952-b2c6-4e7b-b90a-7e46cd2786f4\" data-e-action-hash=\"#elementor-action%3Aaction%3Dlightbox%26settings%3DeyJpZCI6MTgwNiwidXJsIjoiaHR0cHM6XC9cL3d3dy5saWNoZW4ucGxcL3dwLWNvbnRlbnRcL3VwbG9hZHNcLzIwMjBcLzA4XC9kNmFlZTk1Mi1iMmM2LTRlN2ItYjkwYS03ZTQ2Y2QyNzg2ZjQuanBnIiwic2xpZGVzaG93IjoiNmE5OGYyZCJ9\">\n\t\t\t\t\t<div class=\"e-gallery-image elementor-gallery-item__image\" data-thumbnail=\"https:\/\/www.lichen.pl\/wp-content\/uploads\/2020\/08\/d6aee952-b2c6-4e7b-b90a-7e46cd2786f4-300x225.jpg\" data-width=\"300\" data-height=\"225\" aria-label=\"\" role=\"img\" ><\/div>\n\t\t\t\t\t\t\t\t\t\t\t<div class=\"elementor-gallery-item__overlay\"><\/div>\n\t\t\t\t\t\t\t\t\t\t\t\t\t\t<\/a>\n\t\t\t\t\t\t\t<a class=\"e-gallery-item elementor-gallery-item elementor-animated-content\" href=\"https:\/\/www.lichen.pl\/wp-content\/uploads\/2020\/08\/f545c521-5135-41ab-ad83-7fdb51d32f8b.jpg\" data-elementor-open-lightbox=\"yes\" data-elementor-lightbox-slideshow=\"6a98f2d\" data-elementor-lightbox-title=\"f545c521-5135-41ab-ad83-7fdb51d32f8b\" data-e-action-hash=\"#elementor-action%3Aaction%3Dlightbox%26settings%3DeyJpZCI6MTgxMSwidXJsIjoiaHR0cHM6XC9cL3d3dy5saWNoZW4ucGxcL3dwLWNvbnRlbnRcL3VwbG9hZHNcLzIwMjBcLzA4XC9mNTQ1YzUyMS01MTM1LTQxYWItYWQ4My03ZmRiNTFkMzJmOGIuanBnIiwic2xpZGVzaG93IjoiNmE5OGYyZCJ9\">\n\t\t\t\t\t<div class=\"e-gallery-image elementor-gallery-item__image\" data-thumbnail=\"https:\/\/www.lichen.pl\/wp-content\/uploads\/2020\/08\/f545c521-5135-41ab-ad83-7fdb51d32f8b-300x225.jpg\" data-width=\"300\" data-height=\"225\" aria-label=\"\" role=\"img\" ><\/div>\n\t\t\t\t\t\t\t\t\t\t\t<div class=\"elementor-gallery-item__overlay\"><\/div>\n\t\t\t\t\t\t\t\t\t\t\t\t\t\t<\/a>\n\t\t\t\t\t<\/div>\n\t\t\t\t\t<\/div>\n\t\t\t\t<\/div>\n\t\t\t\t<div class=\"elementor-element elementor-element-246dc48 elementor-widget-divider--view-line elementor-widget elementor-widget-divider\" data-id=\"246dc48\" data-element_type=\"widget\" data-e-type=\"widget\" data-widget_type=\"divider.default\">\n\t\t\t\t<div class=\"elementor-widget-container\">\n\t\t\t\t\t\t\t<div class=\"elementor-divider\">\n\t\t\t<span class=\"elementor-divider-separator\">\n\t\t\t\t\t\t<\/span>\n\t\t<\/div>\n\t\t\t\t\t\t<\/div>\n\t\t\t\t<\/div>\n\t\t\t\t\t<\/div>\n\t\t<\/div>\n\t\t\t\t\t<\/div>\n\t\t<\/section>\n\t\t\t\t<\/div>","protected":false},"excerpt":{"rendered":"<p>22. Rowerowa Pielgrzymka z Diecezji Pelpli\u0144skiej wjecha\u0142a do Lichenia Pielgrzym\u00f3w zebranych na schodach bazyliki przywita\u0142 ks. Adam Stankiewicz MIC, wicekustosz liche\u0144skiego sanktuarium. Przed nimi zosta\u0142o jeszcze do pokonania od 450 do 600 km, w zale\u017cno\u015bci od grupy. W tym roku, w zwi\u0105zku z pandemi\u0105 w drodze na Jasn\u0105 G\u00f3r\u0119 przemierzaj\u0105 Polsk\u0119 nieco inaczej bo w [&hellip;]<\/p>\n","protected":false},"author":2,"featured_media":1764,"comment_status":"open","ping_status":"open","sticky":false,"template":"","format":"standard","meta":{"footnotes":""},"categories":[1],"tags":[],"class_list":["post-1763","post","type-post","status-publish","format-standard","has-post-thumbnail","hentry","category-aktualnosci","wpbf-post"],"yoast_head":"<!-- This site is optimized with the Yoast SEO plugin v27.4 - https:\/\/yoast.com\/product\/yoast-seo-wordpress\/ -->\n<title>22. Rowerowa Pielgrzymka z Diecezji Pelpli\u0144skiej w Licheniu - SANKTUARIUM W LICHENIU<\/title>\n<meta name=\"robots\" content=\"index, follow, max-snippet:-1, max-image-preview:large, max-video-preview:-1\" \/>\n<link rel=\"canonical\" href=\"http:\/\/www.lichen.pl\/it\/lichen-rowerowa-pielgrzymka-z-diecezji-pelplinskiej\/\" \/>\n<meta property=\"og:locale\" content=\"it_IT\" \/>\n<meta property=\"og:type\" content=\"article\" \/>\n<meta property=\"og:title\" content=\"22. Rowerowa Pielgrzymka z Diecezji Pelpli\u0144skiej w Licheniu - SANKTUARIUM W LICHENIU\" \/>\n<meta property=\"og:description\" content=\"22. Rowerowa Pielgrzymka z Diecezji Pelpli\u0144skiej wjecha\u0142a do Lichenia Pielgrzym\u00f3w zebranych na schodach bazyliki przywita\u0142 ks. Adam Stankiewicz MIC, wicekustosz liche\u0144skiego sanktuarium. Przed nimi zosta\u0142o jeszcze do pokonania od 450 do 600 km, w zale\u017cno\u015bci od grupy. W tym roku, w zwi\u0105zku z pandemi\u0105 w drodze na Jasn\u0105 G\u00f3r\u0119 przemierzaj\u0105 Polsk\u0119 nieco inaczej bo w [&hellip;]\" \/>\n<meta property=\"og:url\" content=\"http:\/\/www.lichen.pl\/it\/lichen-rowerowa-pielgrzymka-z-diecezji-pelplinskiej\/\" \/>\n<meta property=\"og:site_name\" content=\"SANKTUARIUM W LICHENIU\" \/>\n<meta property=\"article:published_time\" content=\"2020-08-11T16:44:47+00:00\" \/>\n<meta property=\"article:modified_time\" content=\"2021-06-15T17:51:19+00:00\" \/>\n<meta property=\"og:image\" content=\"http:\/\/www.lichen.pl\/wp-content\/uploads\/2020\/08\/0ce99de7-c0d3-4253-822a-b1e7f79f4f34.jpg\" \/>\n\t<meta property=\"og:image:width\" content=\"1333\" \/>\n\t<meta property=\"og:image:height\" content=\"1000\" \/>\n\t<meta property=\"og:image:type\" content=\"image\/jpeg\" \/>\n<meta name=\"author\" content=\"Arkadiusz Gorgolewski\" \/>\n<meta name=\"twitter:card\" content=\"summary_large_image\" \/>\n<meta name=\"twitter:label1\" content=\"Scritto da\" \/>\n\t<meta name=\"twitter:data1\" content=\"Arkadiusz Gorgolewski\" \/>\n\t<meta name=\"twitter:label2\" content=\"Tempo di lettura stimato\" \/>\n\t<meta name=\"twitter:data2\" content=\"1 minuto\" \/>\n<script type=\"application\/ld+json\" class=\"yoast-schema-graph\">{\"@context\":\"https:\\\/\\\/schema.org\",\"@graph\":[{\"@type\":\"Article\",\"@id\":\"http:\\\/\\\/www.lichen.pl\\\/it\\\/lichen-rowerowa-pielgrzymka-z-diecezji-pelplinskiej\\\/#article\",\"isPartOf\":{\"@id\":\"http:\\\/\\\/www.lichen.pl\\\/it\\\/lichen-rowerowa-pielgrzymka-z-diecezji-pelplinskiej\\\/\"},\"author\":{\"name\":\"Arkadiusz Gorgolewski\",\"@id\":\"https:\\\/\\\/www.lichen.pl\\\/fr\\\/#\\\/schema\\\/person\\\/56fc5b38d70a2b34983408f9a457fd9d\"},\"headline\":\"22. Rowerowa Pielgrzymka z Diecezji Pelpli\u0144skiej w Licheniu\",\"datePublished\":\"2020-08-11T16:44:47+00:00\",\"dateModified\":\"2021-06-15T17:51:19+00:00\",\"mainEntityOfPage\":{\"@id\":\"http:\\\/\\\/www.lichen.pl\\\/it\\\/lichen-rowerowa-pielgrzymka-z-diecezji-pelplinskiej\\\/\"},\"wordCount\":150,\"commentCount\":0,\"image\":{\"@id\":\"http:\\\/\\\/www.lichen.pl\\\/it\\\/lichen-rowerowa-pielgrzymka-z-diecezji-pelplinskiej\\\/#primaryimage\"},\"thumbnailUrl\":\"https:\\\/\\\/www.lichen.pl\\\/wp-content\\\/uploads\\\/2020\\\/08\\\/0ce99de7-c0d3-4253-822a-b1e7f79f4f34.jpg\",\"articleSection\":[\"Aktualno\u015bci\"],\"inLanguage\":\"it-IT\",\"potentialAction\":[{\"@type\":\"CommentAction\",\"name\":\"Comment\",\"target\":[\"http:\\\/\\\/www.lichen.pl\\\/it\\\/lichen-rowerowa-pielgrzymka-z-diecezji-pelplinskiej\\\/#respond\"]}]},{\"@type\":\"WebPage\",\"@id\":\"http:\\\/\\\/www.lichen.pl\\\/it\\\/lichen-rowerowa-pielgrzymka-z-diecezji-pelplinskiej\\\/\",\"url\":\"http:\\\/\\\/www.lichen.pl\\\/it\\\/lichen-rowerowa-pielgrzymka-z-diecezji-pelplinskiej\\\/\",\"name\":\"22. Rowerowa Pielgrzymka z Diecezji Pelpli\u0144skiej w Licheniu - SANKTUARIUM W LICHENIU\",\"isPartOf\":{\"@id\":\"https:\\\/\\\/www.lichen.pl\\\/fr\\\/#website\"},\"primaryImageOfPage\":{\"@id\":\"http:\\\/\\\/www.lichen.pl\\\/it\\\/lichen-rowerowa-pielgrzymka-z-diecezji-pelplinskiej\\\/#primaryimage\"},\"image\":{\"@id\":\"http:\\\/\\\/www.lichen.pl\\\/it\\\/lichen-rowerowa-pielgrzymka-z-diecezji-pelplinskiej\\\/#primaryimage\"},\"thumbnailUrl\":\"https:\\\/\\\/www.lichen.pl\\\/wp-content\\\/uploads\\\/2020\\\/08\\\/0ce99de7-c0d3-4253-822a-b1e7f79f4f34.jpg\",\"datePublished\":\"2020-08-11T16:44:47+00:00\",\"dateModified\":\"2021-06-15T17:51:19+00:00\",\"author\":{\"@id\":\"https:\\\/\\\/www.lichen.pl\\\/fr\\\/#\\\/schema\\\/person\\\/56fc5b38d70a2b34983408f9a457fd9d\"},\"breadcrumb\":{\"@id\":\"http:\\\/\\\/www.lichen.pl\\\/it\\\/lichen-rowerowa-pielgrzymka-z-diecezji-pelplinskiej\\\/#breadcrumb\"},\"inLanguage\":\"it-IT\",\"potentialAction\":[{\"@type\":\"ReadAction\",\"target\":[\"http:\\\/\\\/www.lichen.pl\\\/it\\\/lichen-rowerowa-pielgrzymka-z-diecezji-pelplinskiej\\\/\"]}]},{\"@type\":\"ImageObject\",\"inLanguage\":\"it-IT\",\"@id\":\"http:\\\/\\\/www.lichen.pl\\\/it\\\/lichen-rowerowa-pielgrzymka-z-diecezji-pelplinskiej\\\/#primaryimage\",\"url\":\"https:\\\/\\\/www.lichen.pl\\\/wp-content\\\/uploads\\\/2020\\\/08\\\/0ce99de7-c0d3-4253-822a-b1e7f79f4f34.jpg\",\"contentUrl\":\"https:\\\/\\\/www.lichen.pl\\\/wp-content\\\/uploads\\\/2020\\\/08\\\/0ce99de7-c0d3-4253-822a-b1e7f79f4f34.jpg\",\"width\":1333,\"height\":1000},{\"@type\":\"BreadcrumbList\",\"@id\":\"http:\\\/\\\/www.lichen.pl\\\/it\\\/lichen-rowerowa-pielgrzymka-z-diecezji-pelplinskiej\\\/#breadcrumb\",\"itemListElement\":[{\"@type\":\"ListItem\",\"position\":1,\"name\":\"Strona g\u0142\u00f3wna\",\"item\":\"https:\\\/\\\/www.lichen.pl\\\/\"},{\"@type\":\"ListItem\",\"position\":2,\"name\":\"22. Rowerowa Pielgrzymka z Diecezji Pelpli\u0144skiej w Licheniu\"}]},{\"@type\":\"WebSite\",\"@id\":\"https:\\\/\\\/www.lichen.pl\\\/fr\\\/#website\",\"url\":\"https:\\\/\\\/www.lichen.pl\\\/fr\\\/\",\"name\":\"SANKTUARIUM W LICHENIU\",\"description\":\"MATKI BO\u017bEJ LICHE\u0143SKIEJ BOLESNEJ KR\u00d3LOWEJ POLSKI\",\"potentialAction\":[{\"@type\":\"SearchAction\",\"target\":{\"@type\":\"EntryPoint\",\"urlTemplate\":\"https:\\\/\\\/www.lichen.pl\\\/fr\\\/?s={search_term_string}\"},\"query-input\":{\"@type\":\"PropertyValueSpecification\",\"valueRequired\":true,\"valueName\":\"search_term_string\"}}],\"inLanguage\":\"it-IT\"},{\"@type\":\"Person\",\"@id\":\"https:\\\/\\\/www.lichen.pl\\\/fr\\\/#\\\/schema\\\/person\\\/56fc5b38d70a2b34983408f9a457fd9d\",\"name\":\"Arkadiusz Gorgolewski\",\"image\":{\"@type\":\"ImageObject\",\"inLanguage\":\"it-IT\",\"@id\":\"https:\\\/\\\/secure.gravatar.com\\\/avatar\\\/0f571b370f5aa245b1fd3b9c945511b004fe17579bdefd5054d99f0ba315149c?s=96&d=retro&r=g\",\"url\":\"https:\\\/\\\/secure.gravatar.com\\\/avatar\\\/0f571b370f5aa245b1fd3b9c945511b004fe17579bdefd5054d99f0ba315149c?s=96&d=retro&r=g\",\"contentUrl\":\"https:\\\/\\\/secure.gravatar.com\\\/avatar\\\/0f571b370f5aa245b1fd3b9c945511b004fe17579bdefd5054d99f0ba315149c?s=96&d=retro&r=g\",\"caption\":\"Arkadiusz Gorgolewski\"},\"url\":\"https:\\\/\\\/www.lichen.pl\\\/it\\\/author\\\/sanadmin\\\/\"}]}<\/script>\n<!-- \/ Yoast SEO plugin. -->","yoast_head_json":{"title":"22. Rowerowa Pielgrzymka z Diecezji Pelpli\u0144skiej w Licheniu - SANKTUARIUM W LICHENIU","robots":{"index":"index","follow":"follow","max-snippet":"max-snippet:-1","max-image-preview":"max-image-preview:large","max-video-preview":"max-video-preview:-1"},"canonical":"http:\/\/www.lichen.pl\/it\/lichen-rowerowa-pielgrzymka-z-diecezji-pelplinskiej\/","og_locale":"it_IT","og_type":"article","og_title":"22. Rowerowa Pielgrzymka z Diecezji Pelpli\u0144skiej w Licheniu - SANKTUARIUM W LICHENIU","og_description":"22. Rowerowa Pielgrzymka z Diecezji Pelpli\u0144skiej wjecha\u0142a do Lichenia Pielgrzym\u00f3w zebranych na schodach bazyliki przywita\u0142 ks. Adam Stankiewicz MIC, wicekustosz liche\u0144skiego sanktuarium. Przed nimi zosta\u0142o jeszcze do pokonania od 450 do 600 km, w zale\u017cno\u015bci od grupy. W tym roku, w zwi\u0105zku z pandemi\u0105 w drodze na Jasn\u0105 G\u00f3r\u0119 przemierzaj\u0105 Polsk\u0119 nieco inaczej bo w [&hellip;]","og_url":"http:\/\/www.lichen.pl\/it\/lichen-rowerowa-pielgrzymka-z-diecezji-pelplinskiej\/","og_site_name":"SANKTUARIUM W LICHENIU","article_published_time":"2020-08-11T16:44:47+00:00","article_modified_time":"2021-06-15T17:51:19+00:00","og_image":[{"width":1333,"height":1000,"url":"http:\/\/www.lichen.pl\/wp-content\/uploads\/2020\/08\/0ce99de7-c0d3-4253-822a-b1e7f79f4f34.jpg","type":"image\/jpeg"}],"author":"Arkadiusz Gorgolewski","twitter_card":"summary_large_image","twitter_misc":{"Scritto da":"Arkadiusz Gorgolewski","Tempo di lettura stimato":"1 minuto"},"schema":{"@context":"https:\/\/schema.org","@graph":[{"@type":"Article","@id":"http:\/\/www.lichen.pl\/it\/lichen-rowerowa-pielgrzymka-z-diecezji-pelplinskiej\/#article","isPartOf":{"@id":"http:\/\/www.lichen.pl\/it\/lichen-rowerowa-pielgrzymka-z-diecezji-pelplinskiej\/"},"author":{"name":"Arkadiusz Gorgolewski","@id":"https:\/\/www.lichen.pl\/fr\/#\/schema\/person\/56fc5b38d70a2b34983408f9a457fd9d"},"headline":"22. Rowerowa Pielgrzymka z Diecezji Pelpli\u0144skiej w Licheniu","datePublished":"2020-08-11T16:44:47+00:00","dateModified":"2021-06-15T17:51:19+00:00","mainEntityOfPage":{"@id":"http:\/\/www.lichen.pl\/it\/lichen-rowerowa-pielgrzymka-z-diecezji-pelplinskiej\/"},"wordCount":150,"commentCount":0,"image":{"@id":"http:\/\/www.lichen.pl\/it\/lichen-rowerowa-pielgrzymka-z-diecezji-pelplinskiej\/#primaryimage"},"thumbnailUrl":"https:\/\/www.lichen.pl\/wp-content\/uploads\/2020\/08\/0ce99de7-c0d3-4253-822a-b1e7f79f4f34.jpg","articleSection":["Aktualno\u015bci"],"inLanguage":"it-IT","potentialAction":[{"@type":"CommentAction","name":"Comment","target":["http:\/\/www.lichen.pl\/it\/lichen-rowerowa-pielgrzymka-z-diecezji-pelplinskiej\/#respond"]}]},{"@type":"WebPage","@id":"http:\/\/www.lichen.pl\/it\/lichen-rowerowa-pielgrzymka-z-diecezji-pelplinskiej\/","url":"http:\/\/www.lichen.pl\/it\/lichen-rowerowa-pielgrzymka-z-diecezji-pelplinskiej\/","name":"22. Rowerowa Pielgrzymka z Diecezji Pelpli\u0144skiej w Licheniu - SANKTUARIUM W LICHENIU","isPartOf":{"@id":"https:\/\/www.lichen.pl\/fr\/#website"},"primaryImageOfPage":{"@id":"http:\/\/www.lichen.pl\/it\/lichen-rowerowa-pielgrzymka-z-diecezji-pelplinskiej\/#primaryimage"},"image":{"@id":"http:\/\/www.lichen.pl\/it\/lichen-rowerowa-pielgrzymka-z-diecezji-pelplinskiej\/#primaryimage"},"thumbnailUrl":"https:\/\/www.lichen.pl\/wp-content\/uploads\/2020\/08\/0ce99de7-c0d3-4253-822a-b1e7f79f4f34.jpg","datePublished":"2020-08-11T16:44:47+00:00","dateModified":"2021-06-15T17:51:19+00:00","author":{"@id":"https:\/\/www.lichen.pl\/fr\/#\/schema\/person\/56fc5b38d70a2b34983408f9a457fd9d"},"breadcrumb":{"@id":"http:\/\/www.lichen.pl\/it\/lichen-rowerowa-pielgrzymka-z-diecezji-pelplinskiej\/#breadcrumb"},"inLanguage":"it-IT","potentialAction":[{"@type":"ReadAction","target":["http:\/\/www.lichen.pl\/it\/lichen-rowerowa-pielgrzymka-z-diecezji-pelplinskiej\/"]}]},{"@type":"ImageObject","inLanguage":"it-IT","@id":"http:\/\/www.lichen.pl\/it\/lichen-rowerowa-pielgrzymka-z-diecezji-pelplinskiej\/#primaryimage","url":"https:\/\/www.lichen.pl\/wp-content\/uploads\/2020\/08\/0ce99de7-c0d3-4253-822a-b1e7f79f4f34.jpg","contentUrl":"https:\/\/www.lichen.pl\/wp-content\/uploads\/2020\/08\/0ce99de7-c0d3-4253-822a-b1e7f79f4f34.jpg","width":1333,"height":1000},{"@type":"BreadcrumbList","@id":"http:\/\/www.lichen.pl\/it\/lichen-rowerowa-pielgrzymka-z-diecezji-pelplinskiej\/#breadcrumb","itemListElement":[{"@type":"ListItem","position":1,"name":"Strona g\u0142\u00f3wna","item":"https:\/\/www.lichen.pl\/"},{"@type":"ListItem","position":2,"name":"22. Rowerowa Pielgrzymka z Diecezji Pelpli\u0144skiej w Licheniu"}]},{"@type":"WebSite","@id":"https:\/\/www.lichen.pl\/fr\/#website","url":"https:\/\/www.lichen.pl\/fr\/","name":"SANTUARIO IN LICHENIA","description":"LA REGINA ADOLORATA DEL NOSTRO LICHENE DI POLONIA","potentialAction":[{"@type":"SearchAction","target":{"@type":"EntryPoint","urlTemplate":"https:\/\/www.lichen.pl\/fr\/?s={search_term_string}"},"query-input":{"@type":"PropertyValueSpecification","valueRequired":true,"valueName":"search_term_string"}}],"inLanguage":"it-IT"},{"@type":"Person","@id":"https:\/\/www.lichen.pl\/fr\/#\/schema\/person\/56fc5b38d70a2b34983408f9a457fd9d","name":"Arkadiusz Gorgolewski","image":{"@type":"ImageObject","inLanguage":"it-IT","@id":"https:\/\/secure.gravatar.com\/avatar\/0f571b370f5aa245b1fd3b9c945511b004fe17579bdefd5054d99f0ba315149c?s=96&d=retro&r=g","url":"https:\/\/secure.gravatar.com\/avatar\/0f571b370f5aa245b1fd3b9c945511b004fe17579bdefd5054d99f0ba315149c?s=96&d=retro&r=g","contentUrl":"https:\/\/secure.gravatar.com\/avatar\/0f571b370f5aa245b1fd3b9c945511b004fe17579bdefd5054d99f0ba315149c?s=96&d=retro&r=g","caption":"Arkadiusz Gorgolewski"},"url":"https:\/\/www.lichen.pl\/it\/author\/sanadmin\/"}]}},"_links":{"self":[{"href":"https:\/\/www.lichen.pl\/it\/wp-json\/wp\/v2\/posts\/1763","targetHints":{"allow":["GET"]}}],"collection":[{"href":"https:\/\/www.lichen.pl\/it\/wp-json\/wp\/v2\/posts"}],"about":[{"href":"https:\/\/www.lichen.pl\/it\/wp-json\/wp\/v2\/types\/post"}],"author":[{"embeddable":true,"href":"https:\/\/www.lichen.pl\/it\/wp-json\/wp\/v2\/users\/2"}],"replies":[{"embeddable":true,"href":"https:\/\/www.lichen.pl\/it\/wp-json\/wp\/v2\/comments?post=1763"}],"version-history":[{"count":7,"href":"https:\/\/www.lichen.pl\/it\/wp-json\/wp\/v2\/posts\/1763\/revisions"}],"predecessor-version":[{"id":13915,"href":"https:\/\/www.lichen.pl\/it\/wp-json\/wp\/v2\/posts\/1763\/revisions\/13915"}],"wp:featuredmedia":[{"embeddable":true,"href":"https:\/\/www.lichen.pl\/it\/wp-json\/wp\/v2\/media\/1764"}],"wp:attachment":[{"href":"https:\/\/www.lichen.pl\/it\/wp-json\/wp\/v2\/media?parent=1763"}],"wp:term":[{"taxonomy":"category","embeddable":true,"href":"https:\/\/www.lichen.pl\/it\/wp-json\/wp\/v2\/categories?post=1763"},{"taxonomy":"post_tag","embeddable":true,"href":"https:\/\/www.lichen.pl\/it\/wp-json\/wp\/v2\/tags?post=1763"}],"curies":[{"name":"wp","href":"https:\/\/api.w.org\/{rel}","templated":true}]}}