{"id":18188,"date":"2021-07-08T17:03:36","date_gmt":"2021-07-08T17:03:36","guid":{"rendered":"http:\/\/www.lichen.pl\/?p=18188"},"modified":"2021-07-28T18:09:35","modified_gmt":"2021-07-28T18:09:35","slug":"w-licheniu-rozpoczely-sie-warsztaty-ars-celebrandi","status":"publish","type":"post","link":"https:\/\/www.lichen.pl\/it\/w-licheniu-rozpoczely-sie-warsztaty-ars-celebrandi\/","title":{"rendered":"Laboratorio di Liturgia Tradizionale &quot;Ars Celebrandi&quot; a Liche\u0144"},"content":{"rendered":"<div data-elementor-type=\"wp-post\" data-elementor-id=\"18188\" class=\"elementor elementor-18188\" data-elementor-post-type=\"post\">\n\t\t\t\t\t\t<section class=\"elementor-section elementor-top-section elementor-element elementor-element-9077e4f elementor-section-boxed elementor-section-height-default elementor-section-height-default\" data-id=\"9077e4f\" data-element_type=\"section\" data-e-type=\"section\">\n\t\t\t\t\t\t<div class=\"elementor-container elementor-column-gap-default\">\n\t\t\t\t\t<div class=\"elementor-column elementor-col-100 elementor-top-column elementor-element elementor-element-08bb483\" data-id=\"08bb483\" data-element_type=\"column\" data-e-type=\"column\">\n\t\t\t<div class=\"elementor-widget-wrap elementor-element-populated\">\n\t\t\t\t\t\t<div class=\"elementor-element elementor-element-b28a545 elementor-widget elementor-widget-heading\" data-id=\"b28a545\" data-element_type=\"widget\" data-e-type=\"widget\" data-widget_type=\"heading.default\">\n\t\t\t\t<div class=\"elementor-widget-container\">\n\t\t\t\t\t<h2 class=\"elementor-heading-title elementor-size-default\">Gioved\u00ec 8 luglio, con una messa solenne con processione, ha avuto inizio presso il santuario di Liche\u0144 il pi\u00f9 grande laboratorio di liturgia tradizionale d&#039;Europa, &quot;Ars Celebrandi&quot;.<\/h2>\t\t\t\t<\/div>\n\t\t\t\t<\/div>\n\t\t\t\t<div class=\"elementor-element elementor-element-37a7497 elementor-widget elementor-widget-spacer\" data-id=\"37a7497\" data-element_type=\"widget\" data-e-type=\"widget\" data-widget_type=\"spacer.default\">\n\t\t\t\t<div class=\"elementor-widget-container\">\n\t\t\t\t\t\t\t<div class=\"elementor-spacer\">\n\t\t\t<div class=\"elementor-spacer-inner\"><\/div>\n\t\t<\/div>\n\t\t\t\t\t\t<\/div>\n\t\t\t\t<\/div>\n\t\t\t\t<section class=\"elementor-section elementor-inner-section elementor-element elementor-element-6b6583a elementor-section-boxed elementor-section-height-default elementor-section-height-default\" data-id=\"6b6583a\" data-element_type=\"section\" data-e-type=\"section\">\n\t\t\t\t\t\t<div class=\"elementor-container elementor-column-gap-default\">\n\t\t\t\t\t<div class=\"elementor-column elementor-col-50 elementor-inner-column elementor-element elementor-element-0a94660\" data-id=\"0a94660\" data-element_type=\"column\" data-e-type=\"column\">\n\t\t\t<div class=\"elementor-widget-wrap elementor-element-populated\">\n\t\t\t\t\t\t<div class=\"elementor-element elementor-element-946f3cd elementor-widget elementor-widget-image\" data-id=\"946f3cd\" data-element_type=\"widget\" data-e-type=\"widget\" data-widget_type=\"image.default\">\n\t\t\t\t<div class=\"elementor-widget-container\">\n\t\t\t\t\t\t\t\t\t\t\t\t\t\t\t<img fetchpriority=\"high\" decoding=\"async\" width=\"768\" height=\"1152\" src=\"https:\/\/www.lichen.pl\/wp-content\/uploads\/2021\/07\/11-Ars-Celebrandi-2021-768x1152.jpg\" class=\"attachment-medium_large size-medium_large wp-image-18197\" alt=\"\" srcset=\"https:\/\/www.lichen.pl\/wp-content\/uploads\/2021\/07\/11-Ars-Celebrandi-2021-768x1152.jpg 768w, https:\/\/www.lichen.pl\/wp-content\/uploads\/2021\/07\/11-Ars-Celebrandi-2021-800x1200.jpg 800w, https:\/\/www.lichen.pl\/wp-content\/uploads\/2021\/07\/11-Ars-Celebrandi-2021-200x300.jpg 200w, https:\/\/www.lichen.pl\/wp-content\/uploads\/2021\/07\/11-Ars-Celebrandi-2021-682x1024.jpg 682w, https:\/\/www.lichen.pl\/wp-content\/uploads\/2021\/07\/11-Ars-Celebrandi-2021-1024x1536.jpg 1024w, https:\/\/www.lichen.pl\/wp-content\/uploads\/2021\/07\/11-Ars-Celebrandi-2021.jpg 853w\" sizes=\"(max-width: 768px) 100vw, 768px\" \/>\t\t\t\t\t\t\t\t\t\t\t\t\t\t\t<\/div>\n\t\t\t\t<\/div>\n\t\t\t\t\t<\/div>\n\t\t<\/div>\n\t\t\t\t<div class=\"elementor-column elementor-col-50 elementor-inner-column elementor-element elementor-element-f109e72\" data-id=\"f109e72\" data-element_type=\"column\" data-e-type=\"column\">\n\t\t\t<div class=\"elementor-widget-wrap elementor-element-populated\">\n\t\t\t\t\t\t<div class=\"elementor-element elementor-element-fcf0fcd elementor-widget elementor-widget-text-editor\" data-id=\"fcf0fcd\" data-element_type=\"widget\" data-e-type=\"widget\" data-widget_type=\"text-editor.default\">\n\t\t\t\t<div class=\"elementor-widget-container\">\n\t\t\t\t\t\t\t\t\t<p>Quest&#039;anno al workshop partecipano un numero record di sessanta sacerdoti (non solo clero diocesano, ma anche religiosi di varie congregazioni)! Eccezionalmente ampio anche il numero complessivo dei partecipanti, circa 235. Ci sono persone provenienti da Polonia, Francia, Belgio e Germania. Per una persona della diocesi militare negli USA sono state preparate lezioni in inglese. Il partecipante pi\u00f9 giovane di quest&#039;anno al gruppo dell&#039;altare ha 13 anni, mentre il pi\u00f9 anziano - 72 anni.<\/p>\t\t\t\t\t\t\t\t<\/div>\n\t\t\t\t<\/div>\n\t\t\t\t<div class=\"elementor-element elementor-element-e23105f elementor-widget elementor-widget-text-editor\" data-id=\"e23105f\" data-element_type=\"widget\" data-e-type=\"widget\" data-widget_type=\"text-editor.default\">\n\t\t\t\t<div class=\"elementor-widget-container\">\n\t\t\t\t\t\t\t\t\t<p>Per sette giorni di laboratori, liturgie secondo una forma straordinaria del rito romano. Come assicura la dott.ssa Dominika Krupi\u0144ska, portavoce dei workshop &quot;Ars celebrandi&quot;, gli organizzatori si adoperano affinch\u00e9 l&#039;evento sia anche un ritiro per i partecipanti. Durante la messa di quest&#039;anno, un salvatoriano, p. Jacek Nowak SDS.<\/p>\t\t\t\t\t\t\t\t<\/div>\n\t\t\t\t<\/div>\n\t\t\t\t<div class=\"elementor-element elementor-element-8a3152f elementor-widget elementor-widget-text-editor\" data-id=\"8a3152f\" data-element_type=\"widget\" data-e-type=\"widget\" data-widget_type=\"text-editor.default\">\n\t\t\t\t<div class=\"elementor-widget-container\">\n\t\t\t\t\t\t\t\t\t<p><strong>Scarica:<\/strong> <a href=\"http:\/\/www.lichen.pl\/wp-content\/uploads\/2021\/07\/Ars-Celebrandi-2021-program.pdf\" target=\"_blank\" rel=\"noopener\"><span style=\"color: #ff0000;\">Programma workshop Ars Celebrandi<\/span><\/a><\/p>\t\t\t\t\t\t\t\t<\/div>\n\t\t\t\t<\/div>\n\t\t\t\t\t<\/div>\n\t\t<\/div>\n\t\t\t\t\t<\/div>\n\t\t<\/section>\n\t\t\t\t<div class=\"elementor-element elementor-element-8a16bf5 elementor-widget elementor-widget-text-editor\" data-id=\"8a16bf5\" data-element_type=\"widget\" data-e-type=\"widget\" data-widget_type=\"text-editor.default\">\n\t\t\t\t<div class=\"elementor-widget-container\">\n\t\t\t\t\t\t\t\t\t<p>Il secondo giorno del laboratorio, ci sar\u00e0 una messa votiva per rimuovere la peste. Tutte le mattine nella chiesa parrocchiale di Liche\u0144 di S. Dorothy, saranno celebrate messe recitate con canti popolari. Questo sabato e domenica le messe saranno celebrate in rito domenicano. Luned\u00ec 12 luglio, durante una solenne messa da requiem con processione in stazione, i partecipanti pregheranno per coloro che riposano nel cimitero parrocchiale. Gioved\u00ec (14.07, 17:00, Chiesa di Nostra Signora di Cz\u0119stochowa) si terr\u00e0 la seconda messa da Requiem durante il workshop di quest&#039;anno - per il Vescovo Piotr Gembicki nel 364\u00b0 anniversario della sua morte. La Santa Messa principale sar\u00e0 celebrata nella Basilica della Beata Vergine Maria di Liche\u0144 il 14 luglio alle 13:40. I laboratori si concluderanno venerd\u00ec 15 luglio con una messa solenne con processione teoforica e canto &quot;Te Deum&quot;.<\/p>\t\t\t\t\t\t\t\t<\/div>\n\t\t\t\t<\/div>\n\t\t\t\t<div class=\"elementor-element elementor-element-39a6c29 elementor-widget elementor-widget-text-editor\" data-id=\"39a6c29\" data-element_type=\"widget\" data-e-type=\"widget\" data-widget_type=\"text-editor.default\">\n\t\t\t\t<div class=\"elementor-widget-container\">\n\t\t\t\t\t\t\t\t\t<p><strong>Leggi anche:<\/strong> <span style=\"color: #ff0000;\"><a style=\"color: #ff0000;\" href=\"https:\/\/arscelebrandi.pl\/\" target=\"_blank\" rel=\"noopener\">arscelebrandi.pl<\/a><\/span><\/p>\t\t\t\t\t\t\t\t<\/div>\n\t\t\t\t<\/div>\n\t\t\t\t<section class=\"elementor-section elementor-inner-section elementor-element elementor-element-dcfd856 elementor-section-boxed elementor-section-height-default elementor-section-height-default\" data-id=\"dcfd856\" data-element_type=\"section\" data-e-type=\"section\">\n\t\t\t\t\t\t<div class=\"elementor-container elementor-column-gap-default\">\n\t\t\t\t\t<div class=\"elementor-column elementor-col-50 elementor-inner-column elementor-element elementor-element-503b93b\" data-id=\"503b93b\" data-element_type=\"column\" data-e-type=\"column\">\n\t\t\t<div class=\"elementor-widget-wrap elementor-element-populated\">\n\t\t\t\t\t\t<div class=\"elementor-element elementor-element-ac0e619 elementor-widget elementor-widget-image\" data-id=\"ac0e619\" data-element_type=\"widget\" data-e-type=\"widget\" data-widget_type=\"image.default\">\n\t\t\t\t<div class=\"elementor-widget-container\">\n\t\t\t\t\t\t\t\t\t\t\t\t\t\t\t<img decoding=\"async\" width=\"768\" height=\"1152\" src=\"https:\/\/www.lichen.pl\/wp-content\/uploads\/2021\/07\/10-Ars-Celebrandi-2021-768x1152.jpg\" class=\"attachment-medium_large size-medium_large wp-image-18202\" alt=\"\" srcset=\"https:\/\/www.lichen.pl\/wp-content\/uploads\/2021\/07\/10-Ars-Celebrandi-2021-768x1152.jpg 768w, https:\/\/www.lichen.pl\/wp-content\/uploads\/2021\/07\/10-Ars-Celebrandi-2021-800x1200.jpg 800w, https:\/\/www.lichen.pl\/wp-content\/uploads\/2021\/07\/10-Ars-Celebrandi-2021-200x300.jpg 200w, https:\/\/www.lichen.pl\/wp-content\/uploads\/2021\/07\/10-Ars-Celebrandi-2021-682x1024.jpg 682w, https:\/\/www.lichen.pl\/wp-content\/uploads\/2021\/07\/10-Ars-Celebrandi-2021-1024x1536.jpg 1024w, https:\/\/www.lichen.pl\/wp-content\/uploads\/2021\/07\/10-Ars-Celebrandi-2021.jpg 853w\" sizes=\"(max-width: 768px) 100vw, 768px\" \/>\t\t\t\t\t\t\t\t\t\t\t\t\t\t\t<\/div>\n\t\t\t\t<\/div>\n\t\t\t\t\t<\/div>\n\t\t<\/div>\n\t\t\t\t<div class=\"elementor-column elementor-col-50 elementor-inner-column elementor-element elementor-element-a8fd5c4\" data-id=\"a8fd5c4\" data-element_type=\"column\" data-e-type=\"column\">\n\t\t\t<div class=\"elementor-widget-wrap elementor-element-populated\">\n\t\t\t\t\t\t<div class=\"elementor-element elementor-element-3a00f6a elementor-widget elementor-widget-text-editor\" data-id=\"3a00f6a\" data-element_type=\"widget\" data-e-type=\"widget\" data-widget_type=\"text-editor.default\">\n\t\t\t\t<div class=\"elementor-widget-container\">\n\t\t\t\t\t\t\t\t\t<p>I partecipanti hanno l&#039;opportunit\u00e0 di imparare a celebrare, servire e partecipare, oltre che a cantare. I blocchi di workshop giornalieri sono stati suddivisi in gruppi tematici e in base al livello di avanzamento. Sono stati organizzati 3 gruppi di sacerdoti, 3 chierichetti e un coro maschile e femminile, dove i partecipanti impareranno il canto gregoriano. I workshop intendono essere olistici e complementari. - Oltre alla celebrazione, sono previsti anche un gruppo di canto, un presbiterio e un coro. Oltre a sacerdoti, seminaristi e chierichetti, all&#039;evento partecipano anche cantanti (sia principianti che avanzati), la cui musica aggiunge sublime e maestosit\u00e0 ai riti.<\/p>\t\t\t\t\t\t\t\t<\/div>\n\t\t\t\t<\/div>\n\t\t\t\t<div class=\"elementor-element elementor-element-fc3030b elementor-widget elementor-widget-text-editor\" data-id=\"fc3030b\" data-element_type=\"widget\" data-e-type=\"widget\" data-widget_type=\"text-editor.default\">\n\t\t\t\t<div class=\"elementor-widget-container\">\n\t\t\t\t\t\t\t\t\t<p>Dalle prime ore del mattino fino a tarda sera, oltre alle lezioni di laboratorio, il ritmo della giornata \u00e8 determinato da numerose messe, servizi e orari canonici. In via informale \u00e8 presente anche una sarta in pensione, che consiglia ai partecipanti l&#039;abito liturgico - rivela la signora Krupi\u0144ska - I laboratori prevedono anche vocazioni sacerdotali - Finora oltre 20 partecipanti hanno scelto la strada delle vocazioni sacerdotali o religiose.<br \/>Da anni i laboratori contribuiscono ad approfondire sia la conoscenza pratica dei riti della forma straordinaria del Rito Romano sia il loro significato spirituale. Gli organizzatori di questa iniziativa vogliono contribuire all&#039;attuazione dell&#039;incoraggiamento di Papa Benedetto XVI a &quot;preservare e proteggere le ricchezze che sono il frutto della fede e della preghiera della Chiesa&quot;. L&#039;idea alla base di &quot;Ars celebrandi&quot; \u00e8 scoprire la ricchezza e la bellezza della liturgia tradizionale.<\/p>\t\t\t\t\t\t\t\t<\/div>\n\t\t\t\t<\/div>\n\t\t\t\t\t<\/div>\n\t\t<\/div>\n\t\t\t\t\t<\/div>\n\t\t<\/section>\n\t\t\t\t<div class=\"elementor-element elementor-element-fed20be elementor-widget elementor-widget-text-editor\" data-id=\"fed20be\" data-element_type=\"widget\" data-e-type=\"widget\" data-widget_type=\"text-editor.default\">\n\t\t\t\t<div class=\"elementor-widget-container\">\n\t\t\t\t\t\t\t\t\t<p>Testo e foto: Ufficio Stampa Santuario<\/p>\t\t\t\t\t\t\t\t<\/div>\n\t\t\t\t<\/div>\n\t\t\t\t<div class=\"elementor-element elementor-element-dda1d5f elementor-widget-divider--view-line_icon elementor-view-default elementor-widget-divider--element-align-center elementor-widget elementor-widget-divider\" data-id=\"dda1d5f\" data-element_type=\"widget\" data-e-type=\"widget\" data-widget_type=\"divider.default\">\n\t\t\t\t<div class=\"elementor-widget-container\">\n\t\t\t\t\t\t\t<div class=\"elementor-divider\">\n\t\t\t<span class=\"elementor-divider-separator\">\n\t\t\t\t\t\t\t<div class=\"elementor-icon elementor-divider__element\">\n\t\t\t\t\t<i aria-hidden=\"true\" class=\"fas fa-camera\"><\/i><\/div>\n\t\t\t\t\t\t<\/span>\n\t\t<\/div>\n\t\t\t\t\t\t<\/div>\n\t\t\t\t<\/div>\n\t\t\t\t<div class=\"elementor-element elementor-element-8ca278c elementor-widget elementor-widget-gallery\" data-id=\"8ca278c\" data-element_type=\"widget\" data-e-type=\"widget\" data-settings=\"{&quot;columns&quot;:6,&quot;lazyload&quot;:&quot;yes&quot;,&quot;gallery_layout&quot;:&quot;grid&quot;,&quot;columns_tablet&quot;:2,&quot;columns_mobile&quot;:1,&quot;gap&quot;:{&quot;unit&quot;:&quot;px&quot;,&quot;size&quot;:10,&quot;sizes&quot;:[]},&quot;gap_tablet&quot;:{&quot;unit&quot;:&quot;px&quot;,&quot;size&quot;:10,&quot;sizes&quot;:[]},&quot;gap_mobile&quot;:{&quot;unit&quot;:&quot;px&quot;,&quot;size&quot;:10,&quot;sizes&quot;:[]},&quot;link_to&quot;:&quot;file&quot;,&quot;aspect_ratio&quot;:&quot;3:2&quot;,&quot;overlay_background&quot;:&quot;yes&quot;,&quot;content_hover_animation&quot;:&quot;fade-in&quot;}\" data-widget_type=\"gallery.default\">\n\t\t\t\t<div class=\"elementor-widget-container\">\n\t\t\t\t\t\t\t<div class=\"elementor-gallery__container\">\n\t\t\t\t\t\t\t<a class=\"e-gallery-item elementor-gallery-item elementor-animated-content\" href=\"https:\/\/www.lichen.pl\/wp-content\/uploads\/2021\/07\/1-Ars-Celebrandi-2021.jpg\" data-elementor-open-lightbox=\"yes\" data-elementor-lightbox-slideshow=\"8ca278c\" data-elementor-lightbox-title=\"Warsztaty Ars Celebrandi 8-15 lipca 2021\" data-e-action-hash=\"#elementor-action%3Aaction%3Dlightbox%26settings%3DeyJpZCI6MTgyMDcsInVybCI6Imh0dHBzOlwvXC93d3cubGljaGVuLnBsXC93cC1jb250ZW50XC91cGxvYWRzXC8yMDIxXC8wN1wvMS1BcnMtQ2VsZWJyYW5kaS0yMDIxLmpwZyIsInNsaWRlc2hvdyI6IjhjYTI3OGMifQ%3D%3D\">\n\t\t\t\t\t<div class=\"e-gallery-image elementor-gallery-item__image\" data-thumbnail=\"https:\/\/www.lichen.pl\/wp-content\/uploads\/2021\/07\/1-Ars-Celebrandi-2021-300x200.jpg\" data-width=\"300\" data-height=\"200\" aria-label=\"\" role=\"img\" ><\/div>\n\t\t\t\t\t\t\t\t\t\t\t<div class=\"elementor-gallery-item__overlay\"><\/div>\n\t\t\t\t\t\t\t\t\t\t\t\t\t\t<\/a>\n\t\t\t\t\t\t\t<a class=\"e-gallery-item elementor-gallery-item elementor-animated-content\" href=\"https:\/\/www.lichen.pl\/wp-content\/uploads\/2021\/07\/1a-Ars-Celebrandi-2021.jpg\" data-elementor-open-lightbox=\"yes\" data-elementor-lightbox-slideshow=\"8ca278c\" data-elementor-lightbox-title=\"Warsztaty Ars Celebrandi 8-15 lipca 2021\" data-e-action-hash=\"#elementor-action%3Aaction%3Dlightbox%26settings%3DeyJpZCI6MTgyMTIsInVybCI6Imh0dHBzOlwvXC93d3cubGljaGVuLnBsXC93cC1jb250ZW50XC91cGxvYWRzXC8yMDIxXC8wN1wvMWEtQXJzLUNlbGVicmFuZGktMjAyMS5qcGciLCJzbGlkZXNob3ciOiI4Y2EyNzhjIn0%3D\">\n\t\t\t\t\t<div class=\"e-gallery-image elementor-gallery-item__image\" data-thumbnail=\"https:\/\/www.lichen.pl\/wp-content\/uploads\/2021\/07\/1a-Ars-Celebrandi-2021-200x300.jpg\" data-width=\"200\" data-height=\"300\" aria-label=\"\" role=\"img\" ><\/div>\n\t\t\t\t\t\t\t\t\t\t\t<div class=\"elementor-gallery-item__overlay\"><\/div>\n\t\t\t\t\t\t\t\t\t\t\t\t\t\t<\/a>\n\t\t\t\t\t\t\t<a class=\"e-gallery-item elementor-gallery-item elementor-animated-content\" href=\"https:\/\/www.lichen.pl\/wp-content\/uploads\/2021\/07\/1b-Ars-Celebrandi-2021.jpg\" data-elementor-open-lightbox=\"yes\" data-elementor-lightbox-slideshow=\"8ca278c\" data-elementor-lightbox-title=\"Warsztaty Ars Celebrandi 8-15 lipca 2021\" data-e-action-hash=\"#elementor-action%3Aaction%3Dlightbox%26settings%3DeyJpZCI6MTgyMTcsInVybCI6Imh0dHBzOlwvXC93d3cubGljaGVuLnBsXC93cC1jb250ZW50XC91cGxvYWRzXC8yMDIxXC8wN1wvMWItQXJzLUNlbGVicmFuZGktMjAyMS5qcGciLCJzbGlkZXNob3ciOiI4Y2EyNzhjIn0%3D\">\n\t\t\t\t\t<div class=\"e-gallery-image elementor-gallery-item__image\" data-thumbnail=\"https:\/\/www.lichen.pl\/wp-content\/uploads\/2021\/07\/1b-Ars-Celebrandi-2021-200x300.jpg\" data-width=\"200\" data-height=\"300\" aria-label=\"\" role=\"img\" ><\/div>\n\t\t\t\t\t\t\t\t\t\t\t<div class=\"elementor-gallery-item__overlay\"><\/div>\n\t\t\t\t\t\t\t\t\t\t\t\t\t\t<\/a>\n\t\t\t\t\t\t\t<a class=\"e-gallery-item elementor-gallery-item elementor-animated-content\" href=\"https:\/\/www.lichen.pl\/wp-content\/uploads\/2021\/07\/2-Ars-Celebrandi-2021.jpg\" data-elementor-open-lightbox=\"yes\" data-elementor-lightbox-slideshow=\"8ca278c\" data-elementor-lightbox-title=\"Warsztaty Ars Celebrandi 8-15 lipca 2021\" data-e-action-hash=\"#elementor-action%3Aaction%3Dlightbox%26settings%3DeyJpZCI6MTgyMjIsInVybCI6Imh0dHBzOlwvXC93d3cubGljaGVuLnBsXC93cC1jb250ZW50XC91cGxvYWRzXC8yMDIxXC8wN1wvMi1BcnMtQ2VsZWJyYW5kaS0yMDIxLmpwZyIsInNsaWRlc2hvdyI6IjhjYTI3OGMifQ%3D%3D\">\n\t\t\t\t\t<div class=\"e-gallery-image elementor-gallery-item__image\" data-thumbnail=\"https:\/\/www.lichen.pl\/wp-content\/uploads\/2021\/07\/2-Ars-Celebrandi-2021-200x300.jpg\" data-width=\"200\" data-height=\"300\" aria-label=\"\" role=\"img\" ><\/div>\n\t\t\t\t\t\t\t\t\t\t\t<div class=\"elementor-gallery-item__overlay\"><\/div>\n\t\t\t\t\t\t\t\t\t\t\t\t\t\t<\/a>\n\t\t\t\t\t\t\t<a class=\"e-gallery-item elementor-gallery-item elementor-animated-content\" href=\"https:\/\/www.lichen.pl\/wp-content\/uploads\/2021\/07\/3-Ars-Celebrandi-2021.jpg\" data-elementor-open-lightbox=\"yes\" data-elementor-lightbox-slideshow=\"8ca278c\" data-elementor-lightbox-title=\"Warsztaty Ars Celebrandi 8-15 lipca 2021\" data-e-action-hash=\"#elementor-action%3Aaction%3Dlightbox%26settings%3DeyJpZCI6MTgyMjcsInVybCI6Imh0dHBzOlwvXC93d3cubGljaGVuLnBsXC93cC1jb250ZW50XC91cGxvYWRzXC8yMDIxXC8wN1wvMy1BcnMtQ2VsZWJyYW5kaS0yMDIxLmpwZyIsInNsaWRlc2hvdyI6IjhjYTI3OGMifQ%3D%3D\">\n\t\t\t\t\t<div class=\"e-gallery-image elementor-gallery-item__image\" data-thumbnail=\"https:\/\/www.lichen.pl\/wp-content\/uploads\/2021\/07\/3-Ars-Celebrandi-2021-200x300.jpg\" data-width=\"200\" data-height=\"300\" aria-label=\"\" role=\"img\" ><\/div>\n\t\t\t\t\t\t\t\t\t\t\t<div class=\"elementor-gallery-item__overlay\"><\/div>\n\t\t\t\t\t\t\t\t\t\t\t\t\t\t<\/a>\n\t\t\t\t\t\t\t<a class=\"e-gallery-item elementor-gallery-item elementor-animated-content\" href=\"https:\/\/www.lichen.pl\/wp-content\/uploads\/2021\/07\/4-Ars-Celebrandi-2021.jpg\" data-elementor-open-lightbox=\"yes\" data-elementor-lightbox-slideshow=\"8ca278c\" data-elementor-lightbox-title=\"Warsztaty Ars Celebrandi 8-15 lipca 2021\" data-e-action-hash=\"#elementor-action%3Aaction%3Dlightbox%26settings%3DeyJpZCI6MTgyMzIsInVybCI6Imh0dHBzOlwvXC93d3cubGljaGVuLnBsXC93cC1jb250ZW50XC91cGxvYWRzXC8yMDIxXC8wN1wvNC1BcnMtQ2VsZWJyYW5kaS0yMDIxLmpwZyIsInNsaWRlc2hvdyI6IjhjYTI3OGMifQ%3D%3D\">\n\t\t\t\t\t<div class=\"e-gallery-image elementor-gallery-item__image\" data-thumbnail=\"https:\/\/www.lichen.pl\/wp-content\/uploads\/2021\/07\/4-Ars-Celebrandi-2021-200x300.jpg\" data-width=\"200\" data-height=\"300\" aria-label=\"\" role=\"img\" ><\/div>\n\t\t\t\t\t\t\t\t\t\t\t<div class=\"elementor-gallery-item__overlay\"><\/div>\n\t\t\t\t\t\t\t\t\t\t\t\t\t\t<\/a>\n\t\t\t\t\t\t\t<a class=\"e-gallery-item elementor-gallery-item elementor-animated-content\" href=\"https:\/\/www.lichen.pl\/wp-content\/uploads\/2021\/07\/5-Ars-Celebrandi-2021.jpg\" data-elementor-open-lightbox=\"yes\" data-elementor-lightbox-slideshow=\"8ca278c\" data-elementor-lightbox-title=\"Warsztaty Ars Celebrandi 8-15 lipca 2021\" data-e-action-hash=\"#elementor-action%3Aaction%3Dlightbox%26settings%3DeyJpZCI6MTgyMzcsInVybCI6Imh0dHBzOlwvXC93d3cubGljaGVuLnBsXC93cC1jb250ZW50XC91cGxvYWRzXC8yMDIxXC8wN1wvNS1BcnMtQ2VsZWJyYW5kaS0yMDIxLmpwZyIsInNsaWRlc2hvdyI6IjhjYTI3OGMifQ%3D%3D\">\n\t\t\t\t\t<div class=\"e-gallery-image elementor-gallery-item__image\" data-thumbnail=\"https:\/\/www.lichen.pl\/wp-content\/uploads\/2021\/07\/5-Ars-Celebrandi-2021-300x200.jpg\" data-width=\"300\" data-height=\"200\" aria-label=\"\" role=\"img\" ><\/div>\n\t\t\t\t\t\t\t\t\t\t\t<div class=\"elementor-gallery-item__overlay\"><\/div>\n\t\t\t\t\t\t\t\t\t\t\t\t\t\t<\/a>\n\t\t\t\t\t\t\t<a class=\"e-gallery-item elementor-gallery-item elementor-animated-content\" href=\"https:\/\/www.lichen.pl\/wp-content\/uploads\/2021\/07\/6-Ars-Celebrandi-2021.jpg\" data-elementor-open-lightbox=\"yes\" data-elementor-lightbox-slideshow=\"8ca278c\" data-elementor-lightbox-title=\"Warsztaty Ars Celebrandi 8-15 lipca 2021\" data-e-action-hash=\"#elementor-action%3Aaction%3Dlightbox%26settings%3DeyJpZCI6MTgyNDIsInVybCI6Imh0dHBzOlwvXC93d3cubGljaGVuLnBsXC93cC1jb250ZW50XC91cGxvYWRzXC8yMDIxXC8wN1wvNi1BcnMtQ2VsZWJyYW5kaS0yMDIxLmpwZyIsInNsaWRlc2hvdyI6IjhjYTI3OGMifQ%3D%3D\">\n\t\t\t\t\t<div class=\"e-gallery-image elementor-gallery-item__image\" data-thumbnail=\"https:\/\/www.lichen.pl\/wp-content\/uploads\/2021\/07\/6-Ars-Celebrandi-2021-200x300.jpg\" data-width=\"200\" data-height=\"300\" aria-label=\"\" role=\"img\" ><\/div>\n\t\t\t\t\t\t\t\t\t\t\t<div class=\"elementor-gallery-item__overlay\"><\/div>\n\t\t\t\t\t\t\t\t\t\t\t\t\t\t<\/a>\n\t\t\t\t\t\t\t<a class=\"e-gallery-item elementor-gallery-item elementor-animated-content\" href=\"https:\/\/www.lichen.pl\/wp-content\/uploads\/2021\/07\/7-Ars-Celebrandi-2021.jpg\" data-elementor-open-lightbox=\"yes\" data-elementor-lightbox-slideshow=\"8ca278c\" data-elementor-lightbox-title=\"Warsztaty Ars Celebrandi 8-15 lipca 2021\" data-e-action-hash=\"#elementor-action%3Aaction%3Dlightbox%26settings%3DeyJpZCI6MTgyNDcsInVybCI6Imh0dHBzOlwvXC93d3cubGljaGVuLnBsXC93cC1jb250ZW50XC91cGxvYWRzXC8yMDIxXC8wN1wvNy1BcnMtQ2VsZWJyYW5kaS0yMDIxLmpwZyIsInNsaWRlc2hvdyI6IjhjYTI3OGMifQ%3D%3D\">\n\t\t\t\t\t<div class=\"e-gallery-image elementor-gallery-item__image\" data-thumbnail=\"https:\/\/www.lichen.pl\/wp-content\/uploads\/2021\/07\/7-Ars-Celebrandi-2021-300x200.jpg\" data-width=\"300\" data-height=\"200\" aria-label=\"\" role=\"img\" ><\/div>\n\t\t\t\t\t\t\t\t\t\t\t<div class=\"elementor-gallery-item__overlay\"><\/div>\n\t\t\t\t\t\t\t\t\t\t\t\t\t\t<\/a>\n\t\t\t\t\t\t\t<a class=\"e-gallery-item elementor-gallery-item elementor-animated-content\" href=\"https:\/\/www.lichen.pl\/wp-content\/uploads\/2021\/07\/8-Ars-Celebrandi-2021.jpg\" data-elementor-open-lightbox=\"yes\" data-elementor-lightbox-slideshow=\"8ca278c\" data-elementor-lightbox-title=\"Warsztaty Ars Celebrandi 8-15 lipca 2021\" data-e-action-hash=\"#elementor-action%3Aaction%3Dlightbox%26settings%3DeyJpZCI6MTgyNTIsInVybCI6Imh0dHBzOlwvXC93d3cubGljaGVuLnBsXC93cC1jb250ZW50XC91cGxvYWRzXC8yMDIxXC8wN1wvOC1BcnMtQ2VsZWJyYW5kaS0yMDIxLmpwZyIsInNsaWRlc2hvdyI6IjhjYTI3OGMifQ%3D%3D\">\n\t\t\t\t\t<div class=\"e-gallery-image elementor-gallery-item__image\" data-thumbnail=\"https:\/\/www.lichen.pl\/wp-content\/uploads\/2021\/07\/8-Ars-Celebrandi-2021-200x300.jpg\" data-width=\"200\" data-height=\"300\" aria-label=\"\" role=\"img\" ><\/div>\n\t\t\t\t\t\t\t\t\t\t\t<div class=\"elementor-gallery-item__overlay\"><\/div>\n\t\t\t\t\t\t\t\t\t\t\t\t\t\t<\/a>\n\t\t\t\t\t\t\t<a class=\"e-gallery-item elementor-gallery-item elementor-animated-content\" href=\"https:\/\/www.lichen.pl\/wp-content\/uploads\/2021\/07\/9-Ars-Celebrandi-2021.jpg\" data-elementor-open-lightbox=\"yes\" data-elementor-lightbox-slideshow=\"8ca278c\" data-elementor-lightbox-title=\"Warsztaty Ars Celebrandi 8-15 lipca 2021\" data-e-action-hash=\"#elementor-action%3Aaction%3Dlightbox%26settings%3DeyJpZCI6MTgyNTcsInVybCI6Imh0dHBzOlwvXC93d3cubGljaGVuLnBsXC93cC1jb250ZW50XC91cGxvYWRzXC8yMDIxXC8wN1wvOS1BcnMtQ2VsZWJyYW5kaS0yMDIxLmpwZyIsInNsaWRlc2hvdyI6IjhjYTI3OGMifQ%3D%3D\">\n\t\t\t\t\t<div class=\"e-gallery-image elementor-gallery-item__image\" data-thumbnail=\"https:\/\/www.lichen.pl\/wp-content\/uploads\/2021\/07\/9-Ars-Celebrandi-2021-300x200.jpg\" data-width=\"300\" data-height=\"200\" aria-label=\"\" role=\"img\" ><\/div>\n\t\t\t\t\t\t\t\t\t\t\t<div class=\"elementor-gallery-item__overlay\"><\/div>\n\t\t\t\t\t\t\t\t\t\t\t\t\t\t<\/a>\n\t\t\t\t\t\t\t<a class=\"e-gallery-item elementor-gallery-item elementor-animated-content\" href=\"https:\/\/www.lichen.pl\/wp-content\/uploads\/2021\/07\/11-Ars-Celebrandi-2021.jpg\" data-elementor-open-lightbox=\"yes\" data-elementor-lightbox-slideshow=\"8ca278c\" data-elementor-lightbox-title=\"Warsztaty Ars Celebrandi 8-15 lipca 2021\" data-e-action-hash=\"#elementor-action%3Aaction%3Dlightbox%26settings%3DeyJpZCI6MTgxOTcsInVybCI6Imh0dHBzOlwvXC93d3cubGljaGVuLnBsXC93cC1jb250ZW50XC91cGxvYWRzXC8yMDIxXC8wN1wvMTEtQXJzLUNlbGVicmFuZGktMjAyMS5qcGciLCJzbGlkZXNob3ciOiI4Y2EyNzhjIn0%3D\">\n\t\t\t\t\t<div class=\"e-gallery-image elementor-gallery-item__image\" data-thumbnail=\"https:\/\/www.lichen.pl\/wp-content\/uploads\/2021\/07\/11-Ars-Celebrandi-2021-200x300.jpg\" data-width=\"200\" data-height=\"300\" aria-label=\"\" role=\"img\" ><\/div>\n\t\t\t\t\t\t\t\t\t\t\t<div class=\"elementor-gallery-item__overlay\"><\/div>\n\t\t\t\t\t\t\t\t\t\t\t\t\t\t<\/a>\n\t\t\t\t\t<\/div>\n\t\t\t\t\t<\/div>\n\t\t\t\t<\/div>\n\t\t\t\t\t<\/div>\n\t\t<\/div>\n\t\t\t\t\t<\/div>\n\t\t<\/section>\n\t\t\t\t<section class=\"elementor-section elementor-top-section elementor-element elementor-element-4b10594 elementor-section-boxed elementor-section-height-default elementor-section-height-default\" data-id=\"4b10594\" data-element_type=\"section\" data-e-type=\"section\">\n\t\t\t\t\t\t<div class=\"elementor-container elementor-column-gap-default\">\n\t\t\t\t\t<div class=\"elementor-column elementor-col-100 elementor-top-column elementor-element elementor-element-d6bc525\" data-id=\"d6bc525\" data-element_type=\"column\" data-e-type=\"column\">\n\t\t\t<div class=\"elementor-widget-wrap elementor-element-populated\">\n\t\t\t\t\t\t<div class=\"elementor-element elementor-element-8f9e8e2 elementor-widget-divider--view-line elementor-widget elementor-widget-divider\" data-id=\"8f9e8e2\" data-element_type=\"widget\" data-e-type=\"widget\" data-widget_type=\"divider.default\">\n\t\t\t\t<div class=\"elementor-widget-container\">\n\t\t\t\t\t\t\t<div class=\"elementor-divider\">\n\t\t\t<span class=\"elementor-divider-separator\">\n\t\t\t\t\t\t<\/span>\n\t\t<\/div>\n\t\t\t\t\t\t<\/div>\n\t\t\t\t<\/div>\n\t\t\t\t\t<\/div>\n\t\t<\/div>\n\t\t\t\t\t<\/div>\n\t\t<\/section>\n\t\t\t\t<section class=\"elementor-section elementor-top-section elementor-element elementor-element-057e9eb elementor-section-boxed elementor-section-height-default elementor-section-height-default\" data-id=\"057e9eb\" data-element_type=\"section\" data-e-type=\"section\">\n\t\t\t\t\t\t<div class=\"elementor-container elementor-column-gap-default\">\n\t\t\t\t\t<div class=\"elementor-column elementor-col-100 elementor-top-column elementor-element elementor-element-f605d8f\" data-id=\"f605d8f\" data-element_type=\"column\" data-e-type=\"column\">\n\t\t\t<div class=\"elementor-widget-wrap elementor-element-populated\">\n\t\t\t\t\t\t<div class=\"elementor-element elementor-element-006057e elementor-widget elementor-widget-image\" data-id=\"006057e\" data-element_type=\"widget\" data-e-type=\"widget\" data-widget_type=\"image.default\">\n\t\t\t\t<div class=\"elementor-widget-container\">\n\t\t\t\t\t\t\t\t\t\t\t\t<figure class=\"wp-caption\">\n\t\t\t\t\t\t\t\t\t\t\t<a href=\"https:\/\/arscelebrandi.pl\/\" target=\"_blank\">\n\t\t\t\t\t\t\t<img decoding=\"async\" width=\"526\" height=\"526\" src=\"https:\/\/www.lichen.pl\/wp-content\/uploads\/2021\/07\/Ars-Celebrandi-plakat.jpg\" class=\"attachment-large size-large wp-image-18189\" alt=\"\" srcset=\"https:\/\/www.lichen.pl\/wp-content\/uploads\/2021\/07\/Ars-Celebrandi-plakat.jpg 526w, https:\/\/www.lichen.pl\/wp-content\/uploads\/2021\/07\/Ars-Celebrandi-plakat-300x300.jpg 300w, https:\/\/www.lichen.pl\/wp-content\/uploads\/2021\/07\/Ars-Celebrandi-plakat-150x150.jpg 150w\" sizes=\"(max-width: 526px) 100vw, 526px\" \/>\t\t\t\t\t\t\t\t<\/a>\n\t\t\t\t\t\t\t\t\t\t\t<figcaption class=\"widget-image-caption wp-caption-text\">Ars Celebrandi, Lichen 8-15 luglio 2021, poster<\/figcaption>\n\t\t\t\t\t\t\t\t\t\t<\/figure>\n\t\t\t\t\t\t\t\t\t<\/div>\n\t\t\t\t<\/div>\n\t\t\t\t<div class=\"elementor-element elementor-element-3c2fbb5 elementor-widget-divider--view-line elementor-widget elementor-widget-divider\" data-id=\"3c2fbb5\" data-element_type=\"widget\" data-e-type=\"widget\" data-widget_type=\"divider.default\">\n\t\t\t\t<div class=\"elementor-widget-container\">\n\t\t\t\t\t\t\t<div class=\"elementor-divider\">\n\t\t\t<span class=\"elementor-divider-separator\">\n\t\t\t\t\t\t<\/span>\n\t\t<\/div>\n\t\t\t\t\t\t<\/div>\n\t\t\t\t<\/div>\n\t\t\t\t\t<\/div>\n\t\t<\/div>\n\t\t\t\t\t<\/div>\n\t\t<\/section>\n\t\t\t\t<\/div>","protected":false},"excerpt":{"rendered":"<p>Uroczyst\u0105 msz\u0105 z procesj\u0105 w czwartek, 8 lipca w liche\u0144skim sanktuarium rozpocz\u0119\u0142y si\u0119 najwi\u0119ksze w Europie warsztaty liturgii tradycyjnej \u201eArs Celebrandi\u201d. W tym roku udzia\u0142 w warsztatach bierze rekordowa liczba sze\u015b\u0107dziesi\u0119ciu duchownych (s\u0105 to nie tylko duchowni diecezjalni, ale tak\u017ce zakonnicy z r\u00f3\u017cnych zgromadze\u0144)! A og\u00f3lna liczba uczestnik\u00f3w, oko\u0142o 235, te\u017c jest wyj\u0105tkowo du\u017ca. S\u0105 [&hellip;]<\/p>\n","protected":false},"author":2,"featured_media":18189,"comment_status":"open","ping_status":"open","sticky":false,"template":"","format":"standard","meta":{"footnotes":""},"categories":[1],"tags":[],"class_list":["post-18188","post","type-post","status-publish","format-standard","has-post-thumbnail","hentry","category-aktualnosci","wpbf-post"],"yoast_head":"<!-- This site is optimized with the Yoast SEO plugin v27.4 - https:\/\/yoast.com\/product\/yoast-seo-wordpress\/ -->\n<title>Warsztaty Liturgii Tradycyjnej &quot;Ars Celebrandi&quot; w Licheniu - SANKTUARIUM W LICHENIU<\/title>\n<meta name=\"robots\" content=\"index, follow, max-snippet:-1, max-image-preview:large, max-video-preview:-1\" \/>\n<link rel=\"canonical\" href=\"https:\/\/www.lichen.pl\/it\/w-licheniu-rozpoczely-sie-warsztaty-ars-celebrandi\/\" \/>\n<meta property=\"og:locale\" content=\"it_IT\" \/>\n<meta property=\"og:type\" content=\"article\" \/>\n<meta property=\"og:title\" content=\"Warsztaty Liturgii Tradycyjnej &quot;Ars Celebrandi&quot; w Licheniu - SANKTUARIUM W LICHENIU\" \/>\n<meta property=\"og:description\" content=\"Uroczyst\u0105 msz\u0105 z procesj\u0105 w czwartek, 8 lipca w liche\u0144skim sanktuarium rozpocz\u0119\u0142y si\u0119 najwi\u0119ksze w Europie warsztaty liturgii tradycyjnej \u201eArs Celebrandi\u201d. W tym roku udzia\u0142 w warsztatach bierze rekordowa liczba sze\u015b\u0107dziesi\u0119ciu duchownych (s\u0105 to nie tylko duchowni diecezjalni, ale tak\u017ce zakonnicy z r\u00f3\u017cnych zgromadze\u0144)! A og\u00f3lna liczba uczestnik\u00f3w, oko\u0142o 235, te\u017c jest wyj\u0105tkowo du\u017ca. S\u0105 [&hellip;]\" \/>\n<meta property=\"og:url\" content=\"https:\/\/www.lichen.pl\/it\/w-licheniu-rozpoczely-sie-warsztaty-ars-celebrandi\/\" \/>\n<meta property=\"og:site_name\" content=\"SANKTUARIUM W LICHENIU\" \/>\n<meta property=\"article:published_time\" content=\"2021-07-08T17:03:36+00:00\" \/>\n<meta property=\"article:modified_time\" content=\"2021-07-28T18:09:35+00:00\" \/>\n<meta property=\"og:image\" content=\"https:\/\/www.lichen.pl\/wp-content\/uploads\/2021\/07\/Ars-Celebrandi-plakat.jpg\" \/>\n\t<meta property=\"og:image:width\" content=\"526\" \/>\n\t<meta property=\"og:image:height\" content=\"526\" \/>\n\t<meta property=\"og:image:type\" content=\"image\/jpeg\" \/>\n<meta name=\"author\" content=\"Arkadiusz Gorgolewski\" \/>\n<meta name=\"twitter:card\" content=\"summary_large_image\" \/>\n<meta name=\"twitter:label1\" content=\"Scritto da\" \/>\n\t<meta name=\"twitter:data1\" content=\"Arkadiusz Gorgolewski\" \/>\n\t<meta name=\"twitter:label2\" content=\"Tempo di lettura stimato\" \/>\n\t<meta name=\"twitter:data2\" content=\"3 minuti\" \/>\n<script type=\"application\/ld+json\" class=\"yoast-schema-graph\">{\"@context\":\"https:\\\/\\\/schema.org\",\"@graph\":[{\"@type\":\"Article\",\"@id\":\"https:\\\/\\\/www.lichen.pl\\\/en\\\/w-licheniu-rozpoczely-sie-warsztaty-ars-celebrandi\\\/#article\",\"isPartOf\":{\"@id\":\"https:\\\/\\\/www.lichen.pl\\\/en\\\/w-licheniu-rozpoczely-sie-warsztaty-ars-celebrandi\\\/\"},\"author\":{\"name\":\"Arkadiusz Gorgolewski\",\"@id\":\"https:\\\/\\\/www.lichen.pl\\\/fr\\\/#\\\/schema\\\/person\\\/56fc5b38d70a2b34983408f9a457fd9d\"},\"headline\":\"Warsztaty Liturgii Tradycyjnej &#8220;Ars Celebrandi&#8221; w Licheniu\",\"datePublished\":\"2021-07-08T17:03:36+00:00\",\"dateModified\":\"2021-07-28T18:09:35+00:00\",\"mainEntityOfPage\":{\"@id\":\"https:\\\/\\\/www.lichen.pl\\\/en\\\/w-licheniu-rozpoczely-sie-warsztaty-ars-celebrandi\\\/\"},\"wordCount\":577,\"commentCount\":2,\"image\":{\"@id\":\"https:\\\/\\\/www.lichen.pl\\\/en\\\/w-licheniu-rozpoczely-sie-warsztaty-ars-celebrandi\\\/#primaryimage\"},\"thumbnailUrl\":\"https:\\\/\\\/www.lichen.pl\\\/wp-content\\\/uploads\\\/2021\\\/07\\\/Ars-Celebrandi-plakat.jpg\",\"articleSection\":[\"Aktualno\u015bci\"],\"inLanguage\":\"it-IT\",\"potentialAction\":[{\"@type\":\"CommentAction\",\"name\":\"Comment\",\"target\":[\"https:\\\/\\\/www.lichen.pl\\\/en\\\/w-licheniu-rozpoczely-sie-warsztaty-ars-celebrandi\\\/#respond\"]}]},{\"@type\":\"WebPage\",\"@id\":\"https:\\\/\\\/www.lichen.pl\\\/en\\\/w-licheniu-rozpoczely-sie-warsztaty-ars-celebrandi\\\/\",\"url\":\"https:\\\/\\\/www.lichen.pl\\\/en\\\/w-licheniu-rozpoczely-sie-warsztaty-ars-celebrandi\\\/\",\"name\":\"Warsztaty Liturgii Tradycyjnej \\\"Ars Celebrandi\\\" w Licheniu - SANKTUARIUM W LICHENIU\",\"isPartOf\":{\"@id\":\"https:\\\/\\\/www.lichen.pl\\\/fr\\\/#website\"},\"primaryImageOfPage\":{\"@id\":\"https:\\\/\\\/www.lichen.pl\\\/en\\\/w-licheniu-rozpoczely-sie-warsztaty-ars-celebrandi\\\/#primaryimage\"},\"image\":{\"@id\":\"https:\\\/\\\/www.lichen.pl\\\/en\\\/w-licheniu-rozpoczely-sie-warsztaty-ars-celebrandi\\\/#primaryimage\"},\"thumbnailUrl\":\"https:\\\/\\\/www.lichen.pl\\\/wp-content\\\/uploads\\\/2021\\\/07\\\/Ars-Celebrandi-plakat.jpg\",\"datePublished\":\"2021-07-08T17:03:36+00:00\",\"dateModified\":\"2021-07-28T18:09:35+00:00\",\"author\":{\"@id\":\"https:\\\/\\\/www.lichen.pl\\\/fr\\\/#\\\/schema\\\/person\\\/56fc5b38d70a2b34983408f9a457fd9d\"},\"breadcrumb\":{\"@id\":\"https:\\\/\\\/www.lichen.pl\\\/en\\\/w-licheniu-rozpoczely-sie-warsztaty-ars-celebrandi\\\/#breadcrumb\"},\"inLanguage\":\"it-IT\",\"potentialAction\":[{\"@type\":\"ReadAction\",\"target\":[\"https:\\\/\\\/www.lichen.pl\\\/en\\\/w-licheniu-rozpoczely-sie-warsztaty-ars-celebrandi\\\/\"]}]},{\"@type\":\"ImageObject\",\"inLanguage\":\"it-IT\",\"@id\":\"https:\\\/\\\/www.lichen.pl\\\/en\\\/w-licheniu-rozpoczely-sie-warsztaty-ars-celebrandi\\\/#primaryimage\",\"url\":\"https:\\\/\\\/www.lichen.pl\\\/wp-content\\\/uploads\\\/2021\\\/07\\\/Ars-Celebrandi-plakat.jpg\",\"contentUrl\":\"https:\\\/\\\/www.lichen.pl\\\/wp-content\\\/uploads\\\/2021\\\/07\\\/Ars-Celebrandi-plakat.jpg\",\"width\":526,\"height\":526},{\"@type\":\"BreadcrumbList\",\"@id\":\"https:\\\/\\\/www.lichen.pl\\\/en\\\/w-licheniu-rozpoczely-sie-warsztaty-ars-celebrandi\\\/#breadcrumb\",\"itemListElement\":[{\"@type\":\"ListItem\",\"position\":1,\"name\":\"Strona g\u0142\u00f3wna\",\"item\":\"https:\\\/\\\/www.lichen.pl\\\/\"},{\"@type\":\"ListItem\",\"position\":2,\"name\":\"Warsztaty Liturgii Tradycyjnej &#8220;Ars Celebrandi&#8221; w Licheniu\"}]},{\"@type\":\"WebSite\",\"@id\":\"https:\\\/\\\/www.lichen.pl\\\/fr\\\/#website\",\"url\":\"https:\\\/\\\/www.lichen.pl\\\/fr\\\/\",\"name\":\"SANKTUARIUM W LICHENIU\",\"description\":\"MATKI BO\u017bEJ LICHE\u0143SKIEJ BOLESNEJ KR\u00d3LOWEJ POLSKI\",\"potentialAction\":[{\"@type\":\"SearchAction\",\"target\":{\"@type\":\"EntryPoint\",\"urlTemplate\":\"https:\\\/\\\/www.lichen.pl\\\/fr\\\/?s={search_term_string}\"},\"query-input\":{\"@type\":\"PropertyValueSpecification\",\"valueRequired\":true,\"valueName\":\"search_term_string\"}}],\"inLanguage\":\"it-IT\"},{\"@type\":\"Person\",\"@id\":\"https:\\\/\\\/www.lichen.pl\\\/fr\\\/#\\\/schema\\\/person\\\/56fc5b38d70a2b34983408f9a457fd9d\",\"name\":\"Arkadiusz Gorgolewski\",\"image\":{\"@type\":\"ImageObject\",\"inLanguage\":\"it-IT\",\"@id\":\"https:\\\/\\\/secure.gravatar.com\\\/avatar\\\/0f571b370f5aa245b1fd3b9c945511b004fe17579bdefd5054d99f0ba315149c?s=96&d=retro&r=g\",\"url\":\"https:\\\/\\\/secure.gravatar.com\\\/avatar\\\/0f571b370f5aa245b1fd3b9c945511b004fe17579bdefd5054d99f0ba315149c?s=96&d=retro&r=g\",\"contentUrl\":\"https:\\\/\\\/secure.gravatar.com\\\/avatar\\\/0f571b370f5aa245b1fd3b9c945511b004fe17579bdefd5054d99f0ba315149c?s=96&d=retro&r=g\",\"caption\":\"Arkadiusz Gorgolewski\"},\"url\":\"https:\\\/\\\/www.lichen.pl\\\/it\\\/author\\\/sanadmin\\\/\"}]}<\/script>\n<!-- \/ Yoast SEO plugin. -->","yoast_head_json":{"title":"Warsztaty Liturgii Tradycyjnej \"Ars Celebrandi\" w Licheniu - SANKTUARIUM W LICHENIU","robots":{"index":"index","follow":"follow","max-snippet":"max-snippet:-1","max-image-preview":"max-image-preview:large","max-video-preview":"max-video-preview:-1"},"canonical":"https:\/\/www.lichen.pl\/it\/w-licheniu-rozpoczely-sie-warsztaty-ars-celebrandi\/","og_locale":"it_IT","og_type":"article","og_title":"Warsztaty Liturgii Tradycyjnej \"Ars Celebrandi\" w Licheniu - SANKTUARIUM W LICHENIU","og_description":"Uroczyst\u0105 msz\u0105 z procesj\u0105 w czwartek, 8 lipca w liche\u0144skim sanktuarium rozpocz\u0119\u0142y si\u0119 najwi\u0119ksze w Europie warsztaty liturgii tradycyjnej \u201eArs Celebrandi\u201d. W tym roku udzia\u0142 w warsztatach bierze rekordowa liczba sze\u015b\u0107dziesi\u0119ciu duchownych (s\u0105 to nie tylko duchowni diecezjalni, ale tak\u017ce zakonnicy z r\u00f3\u017cnych zgromadze\u0144)! A og\u00f3lna liczba uczestnik\u00f3w, oko\u0142o 235, te\u017c jest wyj\u0105tkowo du\u017ca. S\u0105 [&hellip;]","og_url":"https:\/\/www.lichen.pl\/it\/w-licheniu-rozpoczely-sie-warsztaty-ars-celebrandi\/","og_site_name":"SANKTUARIUM W LICHENIU","article_published_time":"2021-07-08T17:03:36+00:00","article_modified_time":"2021-07-28T18:09:35+00:00","og_image":[{"width":526,"height":526,"url":"https:\/\/www.lichen.pl\/wp-content\/uploads\/2021\/07\/Ars-Celebrandi-plakat.jpg","type":"image\/jpeg"}],"author":"Arkadiusz Gorgolewski","twitter_card":"summary_large_image","twitter_misc":{"Scritto da":"Arkadiusz Gorgolewski","Tempo di lettura stimato":"3 minuti"},"schema":{"@context":"https:\/\/schema.org","@graph":[{"@type":"Article","@id":"https:\/\/www.lichen.pl\/en\/w-licheniu-rozpoczely-sie-warsztaty-ars-celebrandi\/#article","isPartOf":{"@id":"https:\/\/www.lichen.pl\/en\/w-licheniu-rozpoczely-sie-warsztaty-ars-celebrandi\/"},"author":{"name":"Arkadiusz Gorgolewski","@id":"https:\/\/www.lichen.pl\/fr\/#\/schema\/person\/56fc5b38d70a2b34983408f9a457fd9d"},"headline":"Warsztaty Liturgii Tradycyjnej &#8220;Ars Celebrandi&#8221; w Licheniu","datePublished":"2021-07-08T17:03:36+00:00","dateModified":"2021-07-28T18:09:35+00:00","mainEntityOfPage":{"@id":"https:\/\/www.lichen.pl\/en\/w-licheniu-rozpoczely-sie-warsztaty-ars-celebrandi\/"},"wordCount":577,"commentCount":2,"image":{"@id":"https:\/\/www.lichen.pl\/en\/w-licheniu-rozpoczely-sie-warsztaty-ars-celebrandi\/#primaryimage"},"thumbnailUrl":"https:\/\/www.lichen.pl\/wp-content\/uploads\/2021\/07\/Ars-Celebrandi-plakat.jpg","articleSection":["Aktualno\u015bci"],"inLanguage":"it-IT","potentialAction":[{"@type":"CommentAction","name":"Comment","target":["https:\/\/www.lichen.pl\/en\/w-licheniu-rozpoczely-sie-warsztaty-ars-celebrandi\/#respond"]}]},{"@type":"WebPage","@id":"https:\/\/www.lichen.pl\/en\/w-licheniu-rozpoczely-sie-warsztaty-ars-celebrandi\/","url":"https:\/\/www.lichen.pl\/en\/w-licheniu-rozpoczely-sie-warsztaty-ars-celebrandi\/","name":"Warsztaty Liturgii Tradycyjnej \"Ars Celebrandi\" w Licheniu - SANKTUARIUM W LICHENIU","isPartOf":{"@id":"https:\/\/www.lichen.pl\/fr\/#website"},"primaryImageOfPage":{"@id":"https:\/\/www.lichen.pl\/en\/w-licheniu-rozpoczely-sie-warsztaty-ars-celebrandi\/#primaryimage"},"image":{"@id":"https:\/\/www.lichen.pl\/en\/w-licheniu-rozpoczely-sie-warsztaty-ars-celebrandi\/#primaryimage"},"thumbnailUrl":"https:\/\/www.lichen.pl\/wp-content\/uploads\/2021\/07\/Ars-Celebrandi-plakat.jpg","datePublished":"2021-07-08T17:03:36+00:00","dateModified":"2021-07-28T18:09:35+00:00","author":{"@id":"https:\/\/www.lichen.pl\/fr\/#\/schema\/person\/56fc5b38d70a2b34983408f9a457fd9d"},"breadcrumb":{"@id":"https:\/\/www.lichen.pl\/en\/w-licheniu-rozpoczely-sie-warsztaty-ars-celebrandi\/#breadcrumb"},"inLanguage":"it-IT","potentialAction":[{"@type":"ReadAction","target":["https:\/\/www.lichen.pl\/en\/w-licheniu-rozpoczely-sie-warsztaty-ars-celebrandi\/"]}]},{"@type":"ImageObject","inLanguage":"it-IT","@id":"https:\/\/www.lichen.pl\/en\/w-licheniu-rozpoczely-sie-warsztaty-ars-celebrandi\/#primaryimage","url":"https:\/\/www.lichen.pl\/wp-content\/uploads\/2021\/07\/Ars-Celebrandi-plakat.jpg","contentUrl":"https:\/\/www.lichen.pl\/wp-content\/uploads\/2021\/07\/Ars-Celebrandi-plakat.jpg","width":526,"height":526},{"@type":"BreadcrumbList","@id":"https:\/\/www.lichen.pl\/en\/w-licheniu-rozpoczely-sie-warsztaty-ars-celebrandi\/#breadcrumb","itemListElement":[{"@type":"ListItem","position":1,"name":"Strona g\u0142\u00f3wna","item":"https:\/\/www.lichen.pl\/"},{"@type":"ListItem","position":2,"name":"Warsztaty Liturgii Tradycyjnej &#8220;Ars Celebrandi&#8221; w Licheniu"}]},{"@type":"WebSite","@id":"https:\/\/www.lichen.pl\/fr\/#website","url":"https:\/\/www.lichen.pl\/fr\/","name":"SANTUARIO IN LICHENIA","description":"LA REGINA ADOLORATA DEL NOSTRO LICHENE DI POLONIA","potentialAction":[{"@type":"SearchAction","target":{"@type":"EntryPoint","urlTemplate":"https:\/\/www.lichen.pl\/fr\/?s={search_term_string}"},"query-input":{"@type":"PropertyValueSpecification","valueRequired":true,"valueName":"search_term_string"}}],"inLanguage":"it-IT"},{"@type":"Person","@id":"https:\/\/www.lichen.pl\/fr\/#\/schema\/person\/56fc5b38d70a2b34983408f9a457fd9d","name":"Arkadiusz Gorgolewski","image":{"@type":"ImageObject","inLanguage":"it-IT","@id":"https:\/\/secure.gravatar.com\/avatar\/0f571b370f5aa245b1fd3b9c945511b004fe17579bdefd5054d99f0ba315149c?s=96&d=retro&r=g","url":"https:\/\/secure.gravatar.com\/avatar\/0f571b370f5aa245b1fd3b9c945511b004fe17579bdefd5054d99f0ba315149c?s=96&d=retro&r=g","contentUrl":"https:\/\/secure.gravatar.com\/avatar\/0f571b370f5aa245b1fd3b9c945511b004fe17579bdefd5054d99f0ba315149c?s=96&d=retro&r=g","caption":"Arkadiusz Gorgolewski"},"url":"https:\/\/www.lichen.pl\/it\/author\/sanadmin\/"}]}},"_links":{"self":[{"href":"https:\/\/www.lichen.pl\/it\/wp-json\/wp\/v2\/posts\/18188","targetHints":{"allow":["GET"]}}],"collection":[{"href":"https:\/\/www.lichen.pl\/it\/wp-json\/wp\/v2\/posts"}],"about":[{"href":"https:\/\/www.lichen.pl\/it\/wp-json\/wp\/v2\/types\/post"}],"author":[{"embeddable":true,"href":"https:\/\/www.lichen.pl\/it\/wp-json\/wp\/v2\/users\/2"}],"replies":[{"embeddable":true,"href":"https:\/\/www.lichen.pl\/it\/wp-json\/wp\/v2\/comments?post=18188"}],"version-history":[{"count":15,"href":"https:\/\/www.lichen.pl\/it\/wp-json\/wp\/v2\/posts\/18188\/revisions"}],"predecessor-version":[{"id":22600,"href":"https:\/\/www.lichen.pl\/it\/wp-json\/wp\/v2\/posts\/18188\/revisions\/22600"}],"wp:featuredmedia":[{"embeddable":true,"href":"https:\/\/www.lichen.pl\/it\/wp-json\/wp\/v2\/media\/18189"}],"wp:attachment":[{"href":"https:\/\/www.lichen.pl\/it\/wp-json\/wp\/v2\/media?parent=18188"}],"wp:term":[{"taxonomy":"category","embeddable":true,"href":"https:\/\/www.lichen.pl\/it\/wp-json\/wp\/v2\/categories?post=18188"},{"taxonomy":"post_tag","embeddable":true,"href":"https:\/\/www.lichen.pl\/it\/wp-json\/wp\/v2\/tags?post=18188"}],"curies":[{"name":"wp","href":"https:\/\/api.w.org\/{rel}","templated":true}]}}