{"id":26703,"date":"2021-08-08T14:15:00","date_gmt":"2021-08-08T14:15:00","guid":{"rendered":"http:\/\/www.lichen.pl\/?p=26703"},"modified":"2021-08-10T11:52:41","modified_gmt":"2021-08-10T11:52:41","slug":"rozpoznac-wole-boza-rekolekcje-maryjne","status":"publish","type":"post","link":"https:\/\/www.lichen.pl\/it\/rozpoznac-wole-boza-rekolekcje-maryjne\/","title":{"rendered":"Ritiro mariano sul riconoscimento della volont\u00e0 di Dio &quot;Come avverr\u00e0?&quot;, 6-8 agosto"},"content":{"rendered":"<div data-elementor-type=\"wp-post\" data-elementor-id=\"26703\" class=\"elementor elementor-26703\" data-elementor-post-type=\"post\">\n\t\t\t\t\t\t<section class=\"elementor-section elementor-top-section elementor-element elementor-element-7a3f9ca elementor-section-boxed elementor-section-height-default elementor-section-height-default\" data-id=\"7a3f9ca\" data-element_type=\"section\" data-e-type=\"section\">\n\t\t\t\t\t\t<div class=\"elementor-container elementor-column-gap-default\">\n\t\t\t\t\t<div class=\"elementor-column elementor-col-100 elementor-top-column elementor-element elementor-element-6782e9e\" data-id=\"6782e9e\" data-element_type=\"column\" data-e-type=\"column\">\n\t\t\t<div class=\"elementor-widget-wrap elementor-element-populated\">\n\t\t\t\t\t\t<div class=\"elementor-element elementor-element-ae33f96 elementor-widget elementor-widget-text-editor\" data-id=\"ae33f96\" data-element_type=\"widget\" data-e-type=\"widget\" data-widget_type=\"text-editor.default\">\n\t\t\t\t<div class=\"elementor-widget-container\">\n\t\t\t\t\t\t\t\t\t<p class=\"MsoNormal\"><b style=\"color: #000000; font-family: var( --e-global-typography-text-font-family ), aleo;\">Sessanta persone provenienti da diverse parti della Polonia si sono concentrate sul tema del riconoscimento della volont\u00e0 di Dio nel santuario di Liche\u0144 durante il ritiro del 6-8 agosto.<\/b><\/p>\n<p class=\"MsoNormal\"><span style=\"color: #000000;\">Le conferenze di ritiro sono state condotte da p. Janusz Kumala, MIC, custode del Santuario del Lichen e direttore del Centro di Formazione Mariana \u201cSalvatoris Mater\u201d di Liche\u0144. Ha sottolineato quanto sia importante nella propria vita spirituale seguire l&#039;esempio della Madonna. - Il nostro compito \u00e8 conoscere il progetto di Dio, Dio ci ha creati per amore e per il cielo. Ci ha indicato la via nel sacramento del battesimo - ha sottolineato che vale la pena cercare momenti di silenzio e di essere sensibili alle ispirazioni dello Spirito Santo, perch\u00e9 nel rumore del mondo non ascolteremo Dio che non si impone . Ha anche messo in guardia dal rischio di seguire teorie del complotto o di interessarsi alla divinazione.<\/span><\/p>\n<p class=\"MsoNormal\"><span style=\"color: #000000;\">L&#039;esigenza di un sapiente discernimento della volont\u00e0 di Dio si manifesta ogni giorno, soprattutto con temi difficili, come l&#039;uso dei sacramenti nell&#039;era delle restrizioni sanitarie. - Non c&#039;\u00e8 Chiesa senza Eucaristia. Cristo \u00e8 cibo per la vita eterna. \u00c8 una vita innamorata, perch\u00e9 l&#039;eternit\u00e0 \u00e8 amore. Puoi usare i sacramenti anche nei giorni feriali, ha ricordato. Ha sottolineato l&#039;importanza della responsabilit\u00e0 personale e del confronto con la volont\u00e0 di Dio. Puoi avere punti di vista diversi, ma esprimili con amore.&nbsp;<\/span><\/p>\n<p class=\"MsoNormal\"><span style=\"color: #000000;\">Una coppia sposata di 34 anni, Dagmara e Adam, originari di Luzin, partecipa per la seconda volta al ritiro mariano. - Il ritiro sul riconoscimento della volont\u00e0 di Dio \u00e8 stato utile. Nella fretta della vita quotidiana, l&#039;uomo dimentica che dovrebbe essere guidato da ci\u00f2 che Dio dice. Crediamo che tali incontri rafforzino il nostro matrimonio, dicono.<\/span><\/p>\n<p class=\"MsoNormal\"><span style=\"color: #000000;\">Dal 20 al 22 agosto \u00e8 previsto un altro della serie di ritiri mariani: un ritiro presso la Scuola dell&#039;Immacolata Concezione &quot;Circondato dall&#039;amore di Dio&quot;.<\/span><\/p>\t\t\t\t\t\t\t\t<\/div>\n\t\t\t\t<\/div>\n\t\t\t\t<div class=\"elementor-element elementor-element-d020689 elementor-widget-divider--view-line_icon elementor-view-default elementor-widget-divider--element-align-center elementor-widget elementor-widget-divider\" data-id=\"d020689\" data-element_type=\"widget\" data-e-type=\"widget\" data-widget_type=\"divider.default\">\n\t\t\t\t<div class=\"elementor-widget-container\">\n\t\t\t\t\t\t\t<div class=\"elementor-divider\">\n\t\t\t<span class=\"elementor-divider-separator\">\n\t\t\t\t\t\t\t<div class=\"elementor-icon elementor-divider__element\">\n\t\t\t\t\t<i aria-hidden=\"true\" class=\"fas fa-camera\"><\/i><\/div>\n\t\t\t\t\t\t<\/span>\n\t\t<\/div>\n\t\t\t\t\t\t<\/div>\n\t\t\t\t<\/div>\n\t\t\t\t<div class=\"elementor-element elementor-element-7a09364 elementor-widget elementor-widget-gallery\" data-id=\"7a09364\" data-element_type=\"widget\" data-e-type=\"widget\" data-settings=\"{&quot;columns&quot;:7,&quot;lazyload&quot;:&quot;yes&quot;,&quot;gallery_layout&quot;:&quot;grid&quot;,&quot;columns_tablet&quot;:2,&quot;columns_mobile&quot;:1,&quot;gap&quot;:{&quot;unit&quot;:&quot;px&quot;,&quot;size&quot;:10,&quot;sizes&quot;:[]},&quot;gap_tablet&quot;:{&quot;unit&quot;:&quot;px&quot;,&quot;size&quot;:10,&quot;sizes&quot;:[]},&quot;gap_mobile&quot;:{&quot;unit&quot;:&quot;px&quot;,&quot;size&quot;:10,&quot;sizes&quot;:[]},&quot;link_to&quot;:&quot;file&quot;,&quot;aspect_ratio&quot;:&quot;3:2&quot;,&quot;overlay_background&quot;:&quot;yes&quot;,&quot;content_hover_animation&quot;:&quot;fade-in&quot;}\" data-widget_type=\"gallery.default\">\n\t\t\t\t<div class=\"elementor-widget-container\">\n\t\t\t\t\t\t\t<div class=\"elementor-gallery__container\">\n\t\t\t\t\t\t\t<a class=\"e-gallery-item elementor-gallery-item elementor-animated-content\" href=\"https:\/\/www.lichen.pl\/wp-content\/uploads\/2021\/08\/P1370020.jpg\" data-elementor-open-lightbox=\"yes\" data-elementor-lightbox-slideshow=\"7a09364\" data-elementor-lightbox-title=\"P1370020\" data-e-action-hash=\"#elementor-action%3Aaction%3Dlightbox%26settings%3DeyJpZCI6MjY3MzQsInVybCI6Imh0dHBzOlwvXC93d3cubGljaGVuLnBsXC93cC1jb250ZW50XC91cGxvYWRzXC8yMDIxXC8wOFwvUDEzNzAwMjAuanBnIiwic2xpZGVzaG93IjoiN2EwOTM2NCJ9\">\n\t\t\t\t\t<div class=\"e-gallery-image elementor-gallery-item__image\" data-thumbnail=\"https:\/\/www.lichen.pl\/wp-content\/uploads\/2021\/08\/P1370020-300x225.jpg\" data-width=\"300\" data-height=\"225\" aria-label=\"\" role=\"img\" ><\/div>\n\t\t\t\t\t\t\t\t\t\t\t<div class=\"elementor-gallery-item__overlay\"><\/div>\n\t\t\t\t\t\t\t\t\t\t\t\t\t\t<\/a>\n\t\t\t\t\t\t\t<a class=\"e-gallery-item elementor-gallery-item elementor-animated-content\" href=\"https:\/\/www.lichen.pl\/wp-content\/uploads\/2021\/08\/P1370016.jpg\" data-elementor-open-lightbox=\"yes\" data-elementor-lightbox-slideshow=\"7a09364\" data-elementor-lightbox-title=\"P1370016\" data-e-action-hash=\"#elementor-action%3Aaction%3Dlightbox%26settings%3DeyJpZCI6MjY3MjksInVybCI6Imh0dHBzOlwvXC93d3cubGljaGVuLnBsXC93cC1jb250ZW50XC91cGxvYWRzXC8yMDIxXC8wOFwvUDEzNzAwMTYuanBnIiwic2xpZGVzaG93IjoiN2EwOTM2NCJ9\">\n\t\t\t\t\t<div class=\"e-gallery-image elementor-gallery-item__image\" data-thumbnail=\"https:\/\/www.lichen.pl\/wp-content\/uploads\/2021\/08\/P1370016-300x225.jpg\" data-width=\"300\" data-height=\"225\" aria-label=\"\" role=\"img\" ><\/div>\n\t\t\t\t\t\t\t\t\t\t\t<div class=\"elementor-gallery-item__overlay\"><\/div>\n\t\t\t\t\t\t\t\t\t\t\t\t\t\t<\/a>\n\t\t\t\t\t\t\t<a class=\"e-gallery-item elementor-gallery-item elementor-animated-content\" href=\"https:\/\/www.lichen.pl\/wp-content\/uploads\/2021\/08\/P1370015.jpg\" data-elementor-open-lightbox=\"yes\" data-elementor-lightbox-slideshow=\"7a09364\" data-elementor-lightbox-title=\"P1370015\" data-e-action-hash=\"#elementor-action%3Aaction%3Dlightbox%26settings%3DeyJpZCI6MjY3MjQsInVybCI6Imh0dHBzOlwvXC93d3cubGljaGVuLnBsXC93cC1jb250ZW50XC91cGxvYWRzXC8yMDIxXC8wOFwvUDEzNzAwMTUuanBnIiwic2xpZGVzaG93IjoiN2EwOTM2NCJ9\">\n\t\t\t\t\t<div class=\"e-gallery-image elementor-gallery-item__image\" data-thumbnail=\"https:\/\/www.lichen.pl\/wp-content\/uploads\/2021\/08\/P1370015-300x225.jpg\" data-width=\"300\" data-height=\"225\" aria-label=\"\" role=\"img\" ><\/div>\n\t\t\t\t\t\t\t\t\t\t\t<div class=\"elementor-gallery-item__overlay\"><\/div>\n\t\t\t\t\t\t\t\t\t\t\t\t\t\t<\/a>\n\t\t\t\t\t\t\t<a class=\"e-gallery-item elementor-gallery-item elementor-animated-content\" href=\"https:\/\/www.lichen.pl\/wp-content\/uploads\/2021\/08\/P1370014.jpg\" data-elementor-open-lightbox=\"yes\" data-elementor-lightbox-slideshow=\"7a09364\" data-elementor-lightbox-title=\"P1370014\" data-e-action-hash=\"#elementor-action%3Aaction%3Dlightbox%26settings%3DeyJpZCI6MjY3MTksInVybCI6Imh0dHBzOlwvXC93d3cubGljaGVuLnBsXC93cC1jb250ZW50XC91cGxvYWRzXC8yMDIxXC8wOFwvUDEzNzAwMTQuanBnIiwic2xpZGVzaG93IjoiN2EwOTM2NCJ9\">\n\t\t\t\t\t<div class=\"e-gallery-image elementor-gallery-item__image\" data-thumbnail=\"https:\/\/www.lichen.pl\/wp-content\/uploads\/2021\/08\/P1370014-300x225.jpg\" data-width=\"300\" data-height=\"225\" aria-label=\"\" role=\"img\" ><\/div>\n\t\t\t\t\t\t\t\t\t\t\t<div class=\"elementor-gallery-item__overlay\"><\/div>\n\t\t\t\t\t\t\t\t\t\t\t\t\t\t<\/a>\n\t\t\t\t\t\t\t<a class=\"e-gallery-item elementor-gallery-item elementor-animated-content\" href=\"https:\/\/www.lichen.pl\/wp-content\/uploads\/2021\/08\/P1370013.jpg\" data-elementor-open-lightbox=\"yes\" data-elementor-lightbox-slideshow=\"7a09364\" data-elementor-lightbox-title=\"P1370013\" data-e-action-hash=\"#elementor-action%3Aaction%3Dlightbox%26settings%3DeyJpZCI6MjY3MTQsInVybCI6Imh0dHBzOlwvXC93d3cubGljaGVuLnBsXC93cC1jb250ZW50XC91cGxvYWRzXC8yMDIxXC8wOFwvUDEzNzAwMTMuanBnIiwic2xpZGVzaG93IjoiN2EwOTM2NCJ9\">\n\t\t\t\t\t<div class=\"e-gallery-image elementor-gallery-item__image\" data-thumbnail=\"https:\/\/www.lichen.pl\/wp-content\/uploads\/2021\/08\/P1370013-300x225.jpg\" data-width=\"300\" data-height=\"225\" aria-label=\"\" role=\"img\" ><\/div>\n\t\t\t\t\t\t\t\t\t\t\t<div class=\"elementor-gallery-item__overlay\"><\/div>\n\t\t\t\t\t\t\t\t\t\t\t\t\t\t<\/a>\n\t\t\t\t\t\t\t<a class=\"e-gallery-item elementor-gallery-item elementor-animated-content\" href=\"https:\/\/www.lichen.pl\/wp-content\/uploads\/2021\/08\/P1370011.jpg\" data-elementor-open-lightbox=\"yes\" data-elementor-lightbox-slideshow=\"7a09364\" data-elementor-lightbox-title=\"P1370011\" data-e-action-hash=\"#elementor-action%3Aaction%3Dlightbox%26settings%3DeyJpZCI6MjY3MDksInVybCI6Imh0dHBzOlwvXC93d3cubGljaGVuLnBsXC93cC1jb250ZW50XC91cGxvYWRzXC8yMDIxXC8wOFwvUDEzNzAwMTEuanBnIiwic2xpZGVzaG93IjoiN2EwOTM2NCJ9\">\n\t\t\t\t\t<div class=\"e-gallery-image elementor-gallery-item__image\" data-thumbnail=\"https:\/\/www.lichen.pl\/wp-content\/uploads\/2021\/08\/P1370011-300x225.jpg\" data-width=\"300\" data-height=\"225\" aria-label=\"\" role=\"img\" ><\/div>\n\t\t\t\t\t\t\t\t\t\t\t<div class=\"elementor-gallery-item__overlay\"><\/div>\n\t\t\t\t\t\t\t\t\t\t\t\t\t\t<\/a>\n\t\t\t\t\t\t\t<a class=\"e-gallery-item elementor-gallery-item elementor-animated-content\" href=\"https:\/\/www.lichen.pl\/wp-content\/uploads\/2021\/08\/P1370009.jpg\" data-elementor-open-lightbox=\"yes\" data-elementor-lightbox-slideshow=\"7a09364\" data-elementor-lightbox-title=\"P1370009\" data-e-action-hash=\"#elementor-action%3Aaction%3Dlightbox%26settings%3DeyJpZCI6MjY3MDQsInVybCI6Imh0dHBzOlwvXC93d3cubGljaGVuLnBsXC93cC1jb250ZW50XC91cGxvYWRzXC8yMDIxXC8wOFwvUDEzNzAwMDkuanBnIiwic2xpZGVzaG93IjoiN2EwOTM2NCJ9\">\n\t\t\t\t\t<div class=\"e-gallery-image elementor-gallery-item__image\" data-thumbnail=\"https:\/\/www.lichen.pl\/wp-content\/uploads\/2021\/08\/P1370009-225x300.jpg\" data-width=\"225\" data-height=\"300\" aria-label=\"\" role=\"img\" ><\/div>\n\t\t\t\t\t\t\t\t\t\t\t<div class=\"elementor-gallery-item__overlay\"><\/div>\n\t\t\t\t\t\t\t\t\t\t\t\t\t\t<\/a>\n\t\t\t\t\t<\/div>\n\t\t\t\t\t<\/div>\n\t\t\t\t<\/div>\n\t\t\t\t\t<\/div>\n\t\t<\/div>\n\t\t\t\t\t<\/div>\n\t\t<\/section>\n\t\t\t\t<section class=\"elementor-section elementor-top-section elementor-element elementor-element-5b1f5c4 elementor-section-boxed elementor-section-height-default elementor-section-height-default\" data-id=\"5b1f5c4\" data-element_type=\"section\" data-e-type=\"section\">\n\t\t\t\t\t\t<div class=\"elementor-container elementor-column-gap-default\">\n\t\t\t\t\t<div class=\"elementor-column elementor-col-100 elementor-top-column elementor-element elementor-element-8ed0b57\" data-id=\"8ed0b57\" data-element_type=\"column\" data-e-type=\"column\">\n\t\t\t<div class=\"elementor-widget-wrap elementor-element-populated\">\n\t\t\t\t\t\t<div class=\"elementor-element elementor-element-03393ba elementor-widget-divider--view-line elementor-widget elementor-widget-divider\" data-id=\"03393ba\" data-element_type=\"widget\" data-e-type=\"widget\" data-widget_type=\"divider.default\">\n\t\t\t\t<div class=\"elementor-widget-container\">\n\t\t\t\t\t\t\t<div class=\"elementor-divider\">\n\t\t\t<span class=\"elementor-divider-separator\">\n\t\t\t\t\t\t<\/span>\n\t\t<\/div>\n\t\t\t\t\t\t<\/div>\n\t\t\t\t<\/div>\n\t\t\t\t\t<\/div>\n\t\t<\/div>\n\t\t\t\t\t<\/div>\n\t\t<\/section>\n\t\t\t\t<\/div>","protected":false},"excerpt":{"rendered":"<p>Sze\u015b\u0107dziesi\u0105t os\u00f3b z r\u00f3\u017cnych stron Polski pochyla\u0142o si\u0119 nad tematem rozpoznawania woli Bo\u017cej w liche\u0144skim sanktuarium podczas rekolekcji w dniach 6-8 sierpnia. Konferencje rekolekcyjne prowadzi\u0142 ks. Janusz Kumala MIC, kustosz liche\u0144skiego sanktuarium&nbsp; i dyrektor Centrum Formacji Maryjnej \u201eSalvatoris Mater\u201d w Licheniu. Podkre\u015bla\u0142, jak wa\u017cne w \u017cyciu duchowym jest rozeznanie za przyk\u0142adem Matki Bo\u017cej. \u2013 Naszym [&hellip;]<\/p>\n","protected":false},"author":6,"featured_media":26724,"comment_status":"open","ping_status":"open","sticky":false,"template":"","format":"standard","meta":{"footnotes":""},"categories":[1],"tags":[],"class_list":["post-26703","post","type-post","status-publish","format-standard","has-post-thumbnail","hentry","category-aktualnosci","wpbf-post"],"yoast_head":"<!-- This site is optimized with the Yoast SEO plugin v27.4 - https:\/\/yoast.com\/product\/yoast-seo-wordpress\/ -->\n<title>Rekolekcje Maryjne o rozpoznawaniu Bo\u017cej woli &quot;Jak\u017ce si\u0119 to stanie ?&quot;, 6-8 sierpnia - SANKTUARIUM W LICHENIU<\/title>\n<meta name=\"robots\" content=\"index, follow, max-snippet:-1, max-image-preview:large, max-video-preview:-1\" \/>\n<link rel=\"canonical\" href=\"http:\/\/www.lichen.pl\/it\/rozpoznac-wole-boza-rekolekcje-maryjne\/\" \/>\n<meta property=\"og:locale\" content=\"it_IT\" \/>\n<meta property=\"og:type\" content=\"article\" \/>\n<meta property=\"og:title\" content=\"Rekolekcje Maryjne o rozpoznawaniu Bo\u017cej woli &quot;Jak\u017ce si\u0119 to stanie ?&quot;, 6-8 sierpnia - SANKTUARIUM W LICHENIU\" \/>\n<meta property=\"og:description\" content=\"Sze\u015b\u0107dziesi\u0105t os\u00f3b z r\u00f3\u017cnych stron Polski pochyla\u0142o si\u0119 nad tematem rozpoznawania woli Bo\u017cej w liche\u0144skim sanktuarium podczas rekolekcji w dniach 6-8 sierpnia. Konferencje rekolekcyjne prowadzi\u0142 ks. Janusz Kumala MIC, kustosz liche\u0144skiego sanktuarium&nbsp; i dyrektor Centrum Formacji Maryjnej \u201eSalvatoris Mater\u201d w Licheniu. Podkre\u015bla\u0142, jak wa\u017cne w \u017cyciu duchowym jest rozeznanie za przyk\u0142adem Matki Bo\u017cej. \u2013 Naszym [&hellip;]\" \/>\n<meta property=\"og:url\" content=\"http:\/\/www.lichen.pl\/it\/rozpoznac-wole-boza-rekolekcje-maryjne\/\" \/>\n<meta property=\"og:site_name\" content=\"SANKTUARIUM W LICHENIU\" \/>\n<meta property=\"article:published_time\" content=\"2021-08-08T14:15:00+00:00\" \/>\n<meta property=\"article:modified_time\" content=\"2021-08-10T11:52:41+00:00\" \/>\n<meta property=\"og:image\" content=\"http:\/\/www.lichen.pl\/wp-content\/uploads\/2021\/08\/P1370015.jpg\" \/>\n\t<meta property=\"og:image:width\" content=\"1200\" \/>\n\t<meta property=\"og:image:height\" content=\"901\" \/>\n\t<meta property=\"og:image:type\" content=\"image\/jpeg\" \/>\n<meta name=\"author\" content=\"AMELIA SIUDA-KOSZELA\" \/>\n<meta name=\"twitter:card\" content=\"summary_large_image\" \/>\n<meta name=\"twitter:label1\" content=\"Scritto da\" \/>\n\t<meta name=\"twitter:data1\" content=\"AMELIA SIUDA-KOSZELA\" \/>\n\t<meta name=\"twitter:label2\" content=\"Tempo di lettura stimato\" \/>\n\t<meta name=\"twitter:data2\" content=\"2 minuti\" \/>\n<script type=\"application\/ld+json\" class=\"yoast-schema-graph\">{\"@context\":\"https:\\\/\\\/schema.org\",\"@graph\":[{\"@type\":\"Article\",\"@id\":\"http:\\\/\\\/www.lichen.pl\\\/fr\\\/rozpoznac-wole-boza-rekolekcje-maryjne\\\/#article\",\"isPartOf\":{\"@id\":\"http:\\\/\\\/www.lichen.pl\\\/fr\\\/rozpoznac-wole-boza-rekolekcje-maryjne\\\/\"},\"author\":{\"name\":\"AMELIA SIUDA-KOSZELA\",\"@id\":\"https:\\\/\\\/www.lichen.pl\\\/fr\\\/#\\\/schema\\\/person\\\/70bf824c102f176cf976b0d90af0d62a\"},\"headline\":\"Rekolekcje Maryjne o rozpoznawaniu Bo\u017cej woli &#8220;Jak\u017ce si\u0119 to stanie ?&#8221;, 6-8 sierpnia\",\"datePublished\":\"2021-08-08T14:15:00+00:00\",\"dateModified\":\"2021-08-10T11:52:41+00:00\",\"mainEntityOfPage\":{\"@id\":\"http:\\\/\\\/www.lichen.pl\\\/fr\\\/rozpoznac-wole-boza-rekolekcje-maryjne\\\/\"},\"wordCount\":329,\"commentCount\":0,\"image\":{\"@id\":\"http:\\\/\\\/www.lichen.pl\\\/fr\\\/rozpoznac-wole-boza-rekolekcje-maryjne\\\/#primaryimage\"},\"thumbnailUrl\":\"https:\\\/\\\/www.lichen.pl\\\/wp-content\\\/uploads\\\/2021\\\/08\\\/P1370015.jpg\",\"articleSection\":[\"Aktualno\u015bci\"],\"inLanguage\":\"it-IT\",\"potentialAction\":[{\"@type\":\"CommentAction\",\"name\":\"Comment\",\"target\":[\"http:\\\/\\\/www.lichen.pl\\\/fr\\\/rozpoznac-wole-boza-rekolekcje-maryjne\\\/#respond\"]}]},{\"@type\":\"WebPage\",\"@id\":\"http:\\\/\\\/www.lichen.pl\\\/fr\\\/rozpoznac-wole-boza-rekolekcje-maryjne\\\/\",\"url\":\"http:\\\/\\\/www.lichen.pl\\\/fr\\\/rozpoznac-wole-boza-rekolekcje-maryjne\\\/\",\"name\":\"Rekolekcje Maryjne o rozpoznawaniu Bo\u017cej woli \\\"Jak\u017ce si\u0119 to stanie ?\\\", 6-8 sierpnia - SANKTUARIUM W LICHENIU\",\"isPartOf\":{\"@id\":\"https:\\\/\\\/www.lichen.pl\\\/fr\\\/#website\"},\"primaryImageOfPage\":{\"@id\":\"http:\\\/\\\/www.lichen.pl\\\/fr\\\/rozpoznac-wole-boza-rekolekcje-maryjne\\\/#primaryimage\"},\"image\":{\"@id\":\"http:\\\/\\\/www.lichen.pl\\\/fr\\\/rozpoznac-wole-boza-rekolekcje-maryjne\\\/#primaryimage\"},\"thumbnailUrl\":\"https:\\\/\\\/www.lichen.pl\\\/wp-content\\\/uploads\\\/2021\\\/08\\\/P1370015.jpg\",\"datePublished\":\"2021-08-08T14:15:00+00:00\",\"dateModified\":\"2021-08-10T11:52:41+00:00\",\"author\":{\"@id\":\"https:\\\/\\\/www.lichen.pl\\\/fr\\\/#\\\/schema\\\/person\\\/70bf824c102f176cf976b0d90af0d62a\"},\"breadcrumb\":{\"@id\":\"http:\\\/\\\/www.lichen.pl\\\/fr\\\/rozpoznac-wole-boza-rekolekcje-maryjne\\\/#breadcrumb\"},\"inLanguage\":\"it-IT\",\"potentialAction\":[{\"@type\":\"ReadAction\",\"target\":[\"http:\\\/\\\/www.lichen.pl\\\/fr\\\/rozpoznac-wole-boza-rekolekcje-maryjne\\\/\"]}]},{\"@type\":\"ImageObject\",\"inLanguage\":\"it-IT\",\"@id\":\"http:\\\/\\\/www.lichen.pl\\\/fr\\\/rozpoznac-wole-boza-rekolekcje-maryjne\\\/#primaryimage\",\"url\":\"https:\\\/\\\/www.lichen.pl\\\/wp-content\\\/uploads\\\/2021\\\/08\\\/P1370015.jpg\",\"contentUrl\":\"https:\\\/\\\/www.lichen.pl\\\/wp-content\\\/uploads\\\/2021\\\/08\\\/P1370015.jpg\",\"width\":1200,\"height\":901},{\"@type\":\"BreadcrumbList\",\"@id\":\"http:\\\/\\\/www.lichen.pl\\\/fr\\\/rozpoznac-wole-boza-rekolekcje-maryjne\\\/#breadcrumb\",\"itemListElement\":[{\"@type\":\"ListItem\",\"position\":1,\"name\":\"Strona g\u0142\u00f3wna\",\"item\":\"https:\\\/\\\/www.lichen.pl\\\/\"},{\"@type\":\"ListItem\",\"position\":2,\"name\":\"Rekolekcje Maryjne o rozpoznawaniu Bo\u017cej woli &#8220;Jak\u017ce si\u0119 to stanie ?&#8221;, 6-8 sierpnia\"}]},{\"@type\":\"WebSite\",\"@id\":\"https:\\\/\\\/www.lichen.pl\\\/fr\\\/#website\",\"url\":\"https:\\\/\\\/www.lichen.pl\\\/fr\\\/\",\"name\":\"SANKTUARIUM W LICHENIU\",\"description\":\"MATKI BO\u017bEJ LICHE\u0143SKIEJ BOLESNEJ KR\u00d3LOWEJ POLSKI\",\"potentialAction\":[{\"@type\":\"SearchAction\",\"target\":{\"@type\":\"EntryPoint\",\"urlTemplate\":\"https:\\\/\\\/www.lichen.pl\\\/fr\\\/?s={search_term_string}\"},\"query-input\":{\"@type\":\"PropertyValueSpecification\",\"valueRequired\":true,\"valueName\":\"search_term_string\"}}],\"inLanguage\":\"it-IT\"},{\"@type\":\"Person\",\"@id\":\"https:\\\/\\\/www.lichen.pl\\\/fr\\\/#\\\/schema\\\/person\\\/70bf824c102f176cf976b0d90af0d62a\",\"name\":\"AMELIA SIUDA-KOSZELA\",\"image\":{\"@type\":\"ImageObject\",\"inLanguage\":\"it-IT\",\"@id\":\"https:\\\/\\\/secure.gravatar.com\\\/avatar\\\/a0f9a92186ab02fb8db116f5388e3bc7280dd7bd01565c5d6b7ceb07ff27d6d9?s=96&d=retro&r=g\",\"url\":\"https:\\\/\\\/secure.gravatar.com\\\/avatar\\\/a0f9a92186ab02fb8db116f5388e3bc7280dd7bd01565c5d6b7ceb07ff27d6d9?s=96&d=retro&r=g\",\"contentUrl\":\"https:\\\/\\\/secure.gravatar.com\\\/avatar\\\/a0f9a92186ab02fb8db116f5388e3bc7280dd7bd01565c5d6b7ceb07ff27d6d9?s=96&d=retro&r=g\",\"caption\":\"AMELIA SIUDA-KOSZELA\"},\"url\":\"https:\\\/\\\/www.lichen.pl\\\/it\\\/author\\\/amelia\\\/\"}]}<\/script>\n<!-- \/ Yoast SEO plugin. -->","yoast_head_json":{"title":"Rekolekcje Maryjne o rozpoznawaniu Bo\u017cej woli \"Jak\u017ce si\u0119 to stanie ?\", 6-8 sierpnia - SANKTUARIUM W LICHENIU","robots":{"index":"index","follow":"follow","max-snippet":"max-snippet:-1","max-image-preview":"max-image-preview:large","max-video-preview":"max-video-preview:-1"},"canonical":"http:\/\/www.lichen.pl\/it\/rozpoznac-wole-boza-rekolekcje-maryjne\/","og_locale":"it_IT","og_type":"article","og_title":"Rekolekcje Maryjne o rozpoznawaniu Bo\u017cej woli \"Jak\u017ce si\u0119 to stanie ?\", 6-8 sierpnia - SANKTUARIUM W LICHENIU","og_description":"Sze\u015b\u0107dziesi\u0105t os\u00f3b z r\u00f3\u017cnych stron Polski pochyla\u0142o si\u0119 nad tematem rozpoznawania woli Bo\u017cej w liche\u0144skim sanktuarium podczas rekolekcji w dniach 6-8 sierpnia. Konferencje rekolekcyjne prowadzi\u0142 ks. Janusz Kumala MIC, kustosz liche\u0144skiego sanktuarium&nbsp; i dyrektor Centrum Formacji Maryjnej \u201eSalvatoris Mater\u201d w Licheniu. Podkre\u015bla\u0142, jak wa\u017cne w \u017cyciu duchowym jest rozeznanie za przyk\u0142adem Matki Bo\u017cej. \u2013 Naszym [&hellip;]","og_url":"http:\/\/www.lichen.pl\/it\/rozpoznac-wole-boza-rekolekcje-maryjne\/","og_site_name":"SANKTUARIUM W LICHENIU","article_published_time":"2021-08-08T14:15:00+00:00","article_modified_time":"2021-08-10T11:52:41+00:00","og_image":[{"width":1200,"height":901,"url":"http:\/\/www.lichen.pl\/wp-content\/uploads\/2021\/08\/P1370015.jpg","type":"image\/jpeg"}],"author":"AMELIA SIUDA-KOSZELA","twitter_card":"summary_large_image","twitter_misc":{"Scritto da":"AMELIA SIUDA-KOSZELA","Tempo di lettura stimato":"2 minuti"},"schema":{"@context":"https:\/\/schema.org","@graph":[{"@type":"Article","@id":"http:\/\/www.lichen.pl\/fr\/rozpoznac-wole-boza-rekolekcje-maryjne\/#article","isPartOf":{"@id":"http:\/\/www.lichen.pl\/fr\/rozpoznac-wole-boza-rekolekcje-maryjne\/"},"author":{"name":"AMELIA SIUDA-KOSZELA","@id":"https:\/\/www.lichen.pl\/fr\/#\/schema\/person\/70bf824c102f176cf976b0d90af0d62a"},"headline":"Rekolekcje Maryjne o rozpoznawaniu Bo\u017cej woli &#8220;Jak\u017ce si\u0119 to stanie ?&#8221;, 6-8 sierpnia","datePublished":"2021-08-08T14:15:00+00:00","dateModified":"2021-08-10T11:52:41+00:00","mainEntityOfPage":{"@id":"http:\/\/www.lichen.pl\/fr\/rozpoznac-wole-boza-rekolekcje-maryjne\/"},"wordCount":329,"commentCount":0,"image":{"@id":"http:\/\/www.lichen.pl\/fr\/rozpoznac-wole-boza-rekolekcje-maryjne\/#primaryimage"},"thumbnailUrl":"https:\/\/www.lichen.pl\/wp-content\/uploads\/2021\/08\/P1370015.jpg","articleSection":["Aktualno\u015bci"],"inLanguage":"it-IT","potentialAction":[{"@type":"CommentAction","name":"Comment","target":["http:\/\/www.lichen.pl\/fr\/rozpoznac-wole-boza-rekolekcje-maryjne\/#respond"]}]},{"@type":"WebPage","@id":"http:\/\/www.lichen.pl\/fr\/rozpoznac-wole-boza-rekolekcje-maryjne\/","url":"http:\/\/www.lichen.pl\/fr\/rozpoznac-wole-boza-rekolekcje-maryjne\/","name":"Rekolekcje Maryjne o rozpoznawaniu Bo\u017cej woli \"Jak\u017ce si\u0119 to stanie ?\", 6-8 sierpnia - SANKTUARIUM W LICHENIU","isPartOf":{"@id":"https:\/\/www.lichen.pl\/fr\/#website"},"primaryImageOfPage":{"@id":"http:\/\/www.lichen.pl\/fr\/rozpoznac-wole-boza-rekolekcje-maryjne\/#primaryimage"},"image":{"@id":"http:\/\/www.lichen.pl\/fr\/rozpoznac-wole-boza-rekolekcje-maryjne\/#primaryimage"},"thumbnailUrl":"https:\/\/www.lichen.pl\/wp-content\/uploads\/2021\/08\/P1370015.jpg","datePublished":"2021-08-08T14:15:00+00:00","dateModified":"2021-08-10T11:52:41+00:00","author":{"@id":"https:\/\/www.lichen.pl\/fr\/#\/schema\/person\/70bf824c102f176cf976b0d90af0d62a"},"breadcrumb":{"@id":"http:\/\/www.lichen.pl\/fr\/rozpoznac-wole-boza-rekolekcje-maryjne\/#breadcrumb"},"inLanguage":"it-IT","potentialAction":[{"@type":"ReadAction","target":["http:\/\/www.lichen.pl\/fr\/rozpoznac-wole-boza-rekolekcje-maryjne\/"]}]},{"@type":"ImageObject","inLanguage":"it-IT","@id":"http:\/\/www.lichen.pl\/fr\/rozpoznac-wole-boza-rekolekcje-maryjne\/#primaryimage","url":"https:\/\/www.lichen.pl\/wp-content\/uploads\/2021\/08\/P1370015.jpg","contentUrl":"https:\/\/www.lichen.pl\/wp-content\/uploads\/2021\/08\/P1370015.jpg","width":1200,"height":901},{"@type":"BreadcrumbList","@id":"http:\/\/www.lichen.pl\/fr\/rozpoznac-wole-boza-rekolekcje-maryjne\/#breadcrumb","itemListElement":[{"@type":"ListItem","position":1,"name":"Strona g\u0142\u00f3wna","item":"https:\/\/www.lichen.pl\/"},{"@type":"ListItem","position":2,"name":"Rekolekcje Maryjne o rozpoznawaniu Bo\u017cej woli &#8220;Jak\u017ce si\u0119 to stanie ?&#8221;, 6-8 sierpnia"}]},{"@type":"WebSite","@id":"https:\/\/www.lichen.pl\/fr\/#website","url":"https:\/\/www.lichen.pl\/fr\/","name":"SANTUARIO IN LICHENIA","description":"LA REGINA ADOLORATA DEL NOSTRO LICHENE DI POLONIA","potentialAction":[{"@type":"SearchAction","target":{"@type":"EntryPoint","urlTemplate":"https:\/\/www.lichen.pl\/fr\/?s={search_term_string}"},"query-input":{"@type":"PropertyValueSpecification","valueRequired":true,"valueName":"search_term_string"}}],"inLanguage":"it-IT"},{"@type":"Person","@id":"https:\/\/www.lichen.pl\/fr\/#\/schema\/person\/70bf824c102f176cf976b0d90af0d62a","name":"AMELIA SIUDA-KOSZELA","image":{"@type":"ImageObject","inLanguage":"it-IT","@id":"https:\/\/secure.gravatar.com\/avatar\/a0f9a92186ab02fb8db116f5388e3bc7280dd7bd01565c5d6b7ceb07ff27d6d9?s=96&d=retro&r=g","url":"https:\/\/secure.gravatar.com\/avatar\/a0f9a92186ab02fb8db116f5388e3bc7280dd7bd01565c5d6b7ceb07ff27d6d9?s=96&d=retro&r=g","contentUrl":"https:\/\/secure.gravatar.com\/avatar\/a0f9a92186ab02fb8db116f5388e3bc7280dd7bd01565c5d6b7ceb07ff27d6d9?s=96&d=retro&r=g","caption":"AMELIA SIUDA-KOSZELA"},"url":"https:\/\/www.lichen.pl\/it\/author\/amelia\/"}]}},"_links":{"self":[{"href":"https:\/\/www.lichen.pl\/it\/wp-json\/wp\/v2\/posts\/26703","targetHints":{"allow":["GET"]}}],"collection":[{"href":"https:\/\/www.lichen.pl\/it\/wp-json\/wp\/v2\/posts"}],"about":[{"href":"https:\/\/www.lichen.pl\/it\/wp-json\/wp\/v2\/types\/post"}],"author":[{"embeddable":true,"href":"https:\/\/www.lichen.pl\/it\/wp-json\/wp\/v2\/users\/6"}],"replies":[{"embeddable":true,"href":"https:\/\/www.lichen.pl\/it\/wp-json\/wp\/v2\/comments?post=26703"}],"version-history":[{"count":14,"href":"https:\/\/www.lichen.pl\/it\/wp-json\/wp\/v2\/posts\/26703\/revisions"}],"predecessor-version":[{"id":26754,"href":"https:\/\/www.lichen.pl\/it\/wp-json\/wp\/v2\/posts\/26703\/revisions\/26754"}],"wp:featuredmedia":[{"embeddable":true,"href":"https:\/\/www.lichen.pl\/it\/wp-json\/wp\/v2\/media\/26724"}],"wp:attachment":[{"href":"https:\/\/www.lichen.pl\/it\/wp-json\/wp\/v2\/media?parent=26703"}],"wp:term":[{"taxonomy":"category","embeddable":true,"href":"https:\/\/www.lichen.pl\/it\/wp-json\/wp\/v2\/categories?post=26703"},{"taxonomy":"post_tag","embeddable":true,"href":"https:\/\/www.lichen.pl\/it\/wp-json\/wp\/v2\/tags?post=26703"}],"curies":[{"name":"wp","href":"https:\/\/api.w.org\/{rel}","templated":true}]}}