{"id":29113,"date":"2021-08-22T10:19:19","date_gmt":"2021-08-22T10:19:19","guid":{"rendered":"http:\/\/www.lichen.pl\/?p=29113"},"modified":"2021-09-01T10:24:06","modified_gmt":"2021-09-01T10:24:06","slug":"zakonczenie-uroczystosci-odpustowych-wniebowziecia-matki-bozej-22-sierpnia-2021-r","status":"publish","type":"post","link":"https:\/\/www.lichen.pl\/it\/zakonczenie-uroczystosci-odpustowych-wniebowziecia-matki-bozej-22-sierpnia-2021-r\/","title":{"rendered":"La fine della cerimonia di pellegrinaggio dell&#039;Assunzione della Madre di Dio il 22 agosto 2021."},"content":{"rendered":"<div data-elementor-type=\"wp-post\" data-elementor-id=\"29113\" class=\"elementor elementor-29113\" data-elementor-post-type=\"post\">\n\t\t\t\t\t\t<section class=\"elementor-section elementor-top-section elementor-element elementor-element-e355384 elementor-section-boxed elementor-section-height-default elementor-section-height-default\" data-id=\"e355384\" data-element_type=\"section\" data-e-type=\"section\">\n\t\t\t\t\t\t<div class=\"elementor-container elementor-column-gap-default\">\n\t\t\t\t\t<div class=\"elementor-column elementor-col-100 elementor-top-column elementor-element elementor-element-bda7d01\" data-id=\"bda7d01\" data-element_type=\"column\" data-e-type=\"column\">\n\t\t\t<div class=\"elementor-widget-wrap elementor-element-populated\">\n\t\t\t\t\t\t<div class=\"elementor-element elementor-element-4e2aa22 elementor-widget elementor-widget-image\" data-id=\"4e2aa22\" data-element_type=\"widget\" data-e-type=\"widget\" data-widget_type=\"image.default\">\n\t\t\t\t<div class=\"elementor-widget-container\">\n\t\t\t\t\t\t\t\t\t\t\t\t\t\t\t<img fetchpriority=\"high\" decoding=\"async\" width=\"1024\" height=\"769\" src=\"https:\/\/www.lichen.pl\/wp-content\/uploads\/2021\/09\/P1380280-1024x769.jpg\" class=\"attachment-large size-large wp-image-29165\" alt=\"\" srcset=\"https:\/\/www.lichen.pl\/wp-content\/uploads\/2021\/09\/P1380280-1024x769.jpg 1024w, https:\/\/www.lichen.pl\/wp-content\/uploads\/2021\/09\/P1380280-800x601.jpg 800w, https:\/\/www.lichen.pl\/wp-content\/uploads\/2021\/09\/P1380280-300x225.jpg 300w, https:\/\/www.lichen.pl\/wp-content\/uploads\/2021\/09\/P1380280-768x577.jpg 768w, https:\/\/www.lichen.pl\/wp-content\/uploads\/2021\/09\/P1380280.jpg 1200w\" sizes=\"(max-width: 1024px) 100vw, 1024px\" \/>\t\t\t\t\t\t\t\t\t\t\t\t\t\t\t<\/div>\n\t\t\t\t<\/div>\n\t\t\t\t<div class=\"elementor-element elementor-element-6530ddb elementor-widget elementor-widget-text-editor\" data-id=\"6530ddb\" data-element_type=\"widget\" data-e-type=\"widget\" data-widget_type=\"text-editor.default\">\n\t\t\t\t<div class=\"elementor-widget-container\">\n\t\t\t\t\t\t\t\t\t<p class=\"MsoNormal\" style=\"text-align: justify;\"><span style=\"color: #000000;\">Processione dalla Chiesa di S. Dorothy a Liche\u0144 Stary alla foresta di Gr\u0105blin e alla Santa Messa. presso la cappella, i pini hanno costituito la conclusione della cerimonia di pellegrinaggio dell&#039;Assunzione della Madre di Dio nel Santuario di Nostra Signora di Liche\u0144.<\/span><\/p><p class=\"MsoNormal\" style=\"text-align: justify;\"><span style=\"color: #000000;\">I partecipanti alla processione domenicale hanno viaggiato insieme a p. Adam Stankiewicz, vicecustode del santuario dei licheni, recita il rosario e canta canti mariani. A Gr\u0105blin si sono uniti ai numerosi residenti e pellegrini locali per partecipare all&#039;Eucaristia pomeridiana.<\/span><\/p><p class=\"MsoNormal\" style=\"text-align: justify;\"><span style=\"color: #000000;\">- Ancora una volta, come \u00e8 avvenuto nella festa dell&#039;Assunzione della Beata Vergine Maria, il 15 agosto, oggi guardiamo il cielo, dove ognuno di noi ha un appartamento preparato da Dio. Guardando verso il cielo, possiamo vedere Maria, la Madre di Ges\u00f9, che \u00e8 anche nostra Madre e Sorella, esultare nella gloria celeste - nell&#039;omelia di p. Stankiewicz ha delineato il sentiero che conduce al paradiso. Ha sottolineato che siamo invitati ogni giorno a lasciare che Cristo risieda nel nostro cuore, ma le nostre assicurazioni di amore per Ges\u00f9 sono sostenute dai fatti? - Ricordiamo che ogni peccato, soprattutto grave, gli chiude la porta del nostro cuore - ha ricordato, incoraggiando a usare il sacramento della penitenza e della riconciliazione e affidando a Dio la nostra vita quotidiana. - Cristo sa che siamo deboli, esposti alla nostra mediocrit\u00e0, perci\u00f2 viene con le sue grazie a fortificarci. Quando Dio ci ha chiamati all&#039;esistenza, ci ha dato la vocazione alla paternit\u00e0, al matrimonio, al sacerdozio e alla vita religiosa. Vivendo questa vocazione, raggiungiamo la santit\u00e0. Nell&#039;adempimento della sua vocazione, Maria ha fatto tutto pensando a Cristo, ha detto il Vicecustode del Santuario del Lichen. Tuttavia, era consapevole che il Figlio che aveva accolto nel suo cuore non le apparteneva, e lo ha trasmesso ad altri. - Questo \u00e8 un altro consiglio per noi. Se invitiamo Cristo nella nostra vita, vuole che lo portiamo anche agli altri. \u00c8 un segno di cura e amore per un altro essere umano. Maria ha svolto questo compito nel modo pi\u00f9 bello. Ogni giorno porta tante situazioni in cui possiamo donare Cristo e il suo Vangelo ad altre persone che incontriamo - ha ammesso p. Adam Stankiewicz, MIC.<\/span><\/p><p>\u00a0<\/p><p class=\"MsoNormal\" style=\"text-align: justify;\">\u00a0<\/p>\t\t\t\t\t\t\t\t<\/div>\n\t\t\t\t<\/div>\n\t\t\t\t<div class=\"elementor-element elementor-element-162a9ea elementor-widget elementor-widget-gallery\" data-id=\"162a9ea\" data-element_type=\"widget\" data-e-type=\"widget\" data-settings=\"{&quot;lazyload&quot;:&quot;yes&quot;,&quot;gallery_layout&quot;:&quot;grid&quot;,&quot;columns&quot;:4,&quot;columns_tablet&quot;:2,&quot;columns_mobile&quot;:1,&quot;gap&quot;:{&quot;unit&quot;:&quot;px&quot;,&quot;size&quot;:10,&quot;sizes&quot;:[]},&quot;gap_tablet&quot;:{&quot;unit&quot;:&quot;px&quot;,&quot;size&quot;:10,&quot;sizes&quot;:[]},&quot;gap_mobile&quot;:{&quot;unit&quot;:&quot;px&quot;,&quot;size&quot;:10,&quot;sizes&quot;:[]},&quot;link_to&quot;:&quot;file&quot;,&quot;aspect_ratio&quot;:&quot;3:2&quot;,&quot;overlay_background&quot;:&quot;yes&quot;,&quot;content_hover_animation&quot;:&quot;fade-in&quot;}\" data-widget_type=\"gallery.default\">\n\t\t\t\t<div class=\"elementor-widget-container\">\n\t\t\t\t\t\t\t<div class=\"elementor-gallery__container\">\n\t\t\t\t\t\t\t<a class=\"e-gallery-item elementor-gallery-item elementor-animated-content\" href=\"https:\/\/www.lichen.pl\/wp-content\/uploads\/2021\/09\/P1380220.jpg\" data-elementor-open-lightbox=\"yes\" data-elementor-lightbox-slideshow=\"162a9ea\" data-elementor-lightbox-title=\"P1380220\" data-e-action-hash=\"#elementor-action%3Aaction%3Dlightbox%26settings%3DeyJpZCI6MjkxMTUsInVybCI6Imh0dHBzOlwvXC93d3cubGljaGVuLnBsXC93cC1jb250ZW50XC91cGxvYWRzXC8yMDIxXC8wOVwvUDEzODAyMjAuanBnIiwic2xpZGVzaG93IjoiMTYyYTllYSJ9\">\n\t\t\t\t\t<div class=\"e-gallery-image elementor-gallery-item__image\" data-thumbnail=\"https:\/\/www.lichen.pl\/wp-content\/uploads\/2021\/09\/P1380220-300x225.jpg\" data-width=\"300\" data-height=\"225\" aria-label=\"\" role=\"img\" ><\/div>\n\t\t\t\t\t\t\t\t\t\t\t<div class=\"elementor-gallery-item__overlay\"><\/div>\n\t\t\t\t\t\t\t\t\t\t\t\t\t\t<\/a>\n\t\t\t\t\t\t\t<a class=\"e-gallery-item elementor-gallery-item elementor-animated-content\" href=\"https:\/\/www.lichen.pl\/wp-content\/uploads\/2021\/09\/P1380227.jpg\" data-elementor-open-lightbox=\"yes\" data-elementor-lightbox-slideshow=\"162a9ea\" data-elementor-lightbox-title=\"P1380227\" data-e-action-hash=\"#elementor-action%3Aaction%3Dlightbox%26settings%3DeyJpZCI6MjkxMjAsInVybCI6Imh0dHBzOlwvXC93d3cubGljaGVuLnBsXC93cC1jb250ZW50XC91cGxvYWRzXC8yMDIxXC8wOVwvUDEzODAyMjcuanBnIiwic2xpZGVzaG93IjoiMTYyYTllYSJ9\">\n\t\t\t\t\t<div class=\"e-gallery-image elementor-gallery-item__image\" data-thumbnail=\"https:\/\/www.lichen.pl\/wp-content\/uploads\/2021\/09\/P1380227-225x300.jpg\" data-width=\"225\" data-height=\"300\" aria-label=\"\" role=\"img\" ><\/div>\n\t\t\t\t\t\t\t\t\t\t\t<div class=\"elementor-gallery-item__overlay\"><\/div>\n\t\t\t\t\t\t\t\t\t\t\t\t\t\t<\/a>\n\t\t\t\t\t\t\t<a class=\"e-gallery-item elementor-gallery-item elementor-animated-content\" href=\"https:\/\/www.lichen.pl\/wp-content\/uploads\/2021\/09\/P1380242.jpg\" data-elementor-open-lightbox=\"yes\" data-elementor-lightbox-slideshow=\"162a9ea\" data-elementor-lightbox-title=\"P1380242\" data-e-action-hash=\"#elementor-action%3Aaction%3Dlightbox%26settings%3DeyJpZCI6MjkxMzAsInVybCI6Imh0dHBzOlwvXC93d3cubGljaGVuLnBsXC93cC1jb250ZW50XC91cGxvYWRzXC8yMDIxXC8wOVwvUDEzODAyNDIuanBnIiwic2xpZGVzaG93IjoiMTYyYTllYSJ9\">\n\t\t\t\t\t<div class=\"e-gallery-image elementor-gallery-item__image\" data-thumbnail=\"https:\/\/www.lichen.pl\/wp-content\/uploads\/2021\/09\/P1380242-300x225.jpg\" data-width=\"300\" data-height=\"225\" aria-label=\"\" role=\"img\" ><\/div>\n\t\t\t\t\t\t\t\t\t\t\t<div class=\"elementor-gallery-item__overlay\"><\/div>\n\t\t\t\t\t\t\t\t\t\t\t\t\t\t<\/a>\n\t\t\t\t\t\t\t<a class=\"e-gallery-item elementor-gallery-item elementor-animated-content\" href=\"https:\/\/www.lichen.pl\/wp-content\/uploads\/2021\/09\/P1380246.jpg\" data-elementor-open-lightbox=\"yes\" data-elementor-lightbox-slideshow=\"162a9ea\" data-elementor-lightbox-title=\"P1380246\" data-e-action-hash=\"#elementor-action%3Aaction%3Dlightbox%26settings%3DeyJpZCI6MjkxMzUsInVybCI6Imh0dHBzOlwvXC93d3cubGljaGVuLnBsXC93cC1jb250ZW50XC91cGxvYWRzXC8yMDIxXC8wOVwvUDEzODAyNDYuanBnIiwic2xpZGVzaG93IjoiMTYyYTllYSJ9\">\n\t\t\t\t\t<div class=\"e-gallery-image elementor-gallery-item__image\" data-thumbnail=\"https:\/\/www.lichen.pl\/wp-content\/uploads\/2021\/09\/P1380246-300x225.jpg\" data-width=\"300\" data-height=\"225\" aria-label=\"\" role=\"img\" ><\/div>\n\t\t\t\t\t\t\t\t\t\t\t<div class=\"elementor-gallery-item__overlay\"><\/div>\n\t\t\t\t\t\t\t\t\t\t\t\t\t\t<\/a>\n\t\t\t\t\t\t\t<a class=\"e-gallery-item elementor-gallery-item elementor-animated-content\" href=\"https:\/\/www.lichen.pl\/wp-content\/uploads\/2021\/09\/P1380253.jpg\" data-elementor-open-lightbox=\"yes\" data-elementor-lightbox-slideshow=\"162a9ea\" data-elementor-lightbox-title=\"P1380253\" data-e-action-hash=\"#elementor-action%3Aaction%3Dlightbox%26settings%3DeyJpZCI6MjkxNDAsInVybCI6Imh0dHBzOlwvXC93d3cubGljaGVuLnBsXC93cC1jb250ZW50XC91cGxvYWRzXC8yMDIxXC8wOVwvUDEzODAyNTMuanBnIiwic2xpZGVzaG93IjoiMTYyYTllYSJ9\">\n\t\t\t\t\t<div class=\"e-gallery-image elementor-gallery-item__image\" data-thumbnail=\"https:\/\/www.lichen.pl\/wp-content\/uploads\/2021\/09\/P1380253-300x225.jpg\" data-width=\"300\" data-height=\"225\" aria-label=\"\" role=\"img\" ><\/div>\n\t\t\t\t\t\t\t\t\t\t\t<div class=\"elementor-gallery-item__overlay\"><\/div>\n\t\t\t\t\t\t\t\t\t\t\t\t\t\t<\/a>\n\t\t\t\t\t\t\t<a class=\"e-gallery-item elementor-gallery-item elementor-animated-content\" href=\"https:\/\/www.lichen.pl\/wp-content\/uploads\/2021\/09\/P1380258.jpg\" data-elementor-open-lightbox=\"yes\" data-elementor-lightbox-slideshow=\"162a9ea\" data-elementor-lightbox-title=\"P1380258\" data-e-action-hash=\"#elementor-action%3Aaction%3Dlightbox%26settings%3DeyJpZCI6MjkxNDUsInVybCI6Imh0dHBzOlwvXC93d3cubGljaGVuLnBsXC93cC1jb250ZW50XC91cGxvYWRzXC8yMDIxXC8wOVwvUDEzODAyNTguanBnIiwic2xpZGVzaG93IjoiMTYyYTllYSJ9\">\n\t\t\t\t\t<div class=\"e-gallery-image elementor-gallery-item__image\" data-thumbnail=\"https:\/\/www.lichen.pl\/wp-content\/uploads\/2021\/09\/P1380258-300x225.jpg\" data-width=\"300\" data-height=\"225\" aria-label=\"\" role=\"img\" ><\/div>\n\t\t\t\t\t\t\t\t\t\t\t<div class=\"elementor-gallery-item__overlay\"><\/div>\n\t\t\t\t\t\t\t\t\t\t\t\t\t\t<\/a>\n\t\t\t\t\t\t\t<a class=\"e-gallery-item elementor-gallery-item elementor-animated-content\" href=\"https:\/\/www.lichen.pl\/wp-content\/uploads\/2021\/09\/P1380268.jpg\" data-elementor-open-lightbox=\"yes\" data-elementor-lightbox-slideshow=\"162a9ea\" data-elementor-lightbox-title=\"P1380268\" data-e-action-hash=\"#elementor-action%3Aaction%3Dlightbox%26settings%3DeyJpZCI6MjkxNTAsInVybCI6Imh0dHBzOlwvXC93d3cubGljaGVuLnBsXC93cC1jb250ZW50XC91cGxvYWRzXC8yMDIxXC8wOVwvUDEzODAyNjguanBnIiwic2xpZGVzaG93IjoiMTYyYTllYSJ9\">\n\t\t\t\t\t<div class=\"e-gallery-image elementor-gallery-item__image\" data-thumbnail=\"https:\/\/www.lichen.pl\/wp-content\/uploads\/2021\/09\/P1380268-300x225.jpg\" data-width=\"300\" data-height=\"225\" aria-label=\"\" role=\"img\" ><\/div>\n\t\t\t\t\t\t\t\t\t\t\t<div class=\"elementor-gallery-item__overlay\"><\/div>\n\t\t\t\t\t\t\t\t\t\t\t\t\t\t<\/a>\n\t\t\t\t\t\t\t<a class=\"e-gallery-item elementor-gallery-item elementor-animated-content\" href=\"https:\/\/www.lichen.pl\/wp-content\/uploads\/2021\/09\/P1380269.jpg\" data-elementor-open-lightbox=\"yes\" data-elementor-lightbox-slideshow=\"162a9ea\" data-elementor-lightbox-title=\"P1380269\" data-e-action-hash=\"#elementor-action%3Aaction%3Dlightbox%26settings%3DeyJpZCI6MjkxNTUsInVybCI6Imh0dHBzOlwvXC93d3cubGljaGVuLnBsXC93cC1jb250ZW50XC91cGxvYWRzXC8yMDIxXC8wOVwvUDEzODAyNjkuanBnIiwic2xpZGVzaG93IjoiMTYyYTllYSJ9\">\n\t\t\t\t\t<div class=\"e-gallery-image elementor-gallery-item__image\" data-thumbnail=\"https:\/\/www.lichen.pl\/wp-content\/uploads\/2021\/09\/P1380269-225x300.jpg\" data-width=\"225\" data-height=\"300\" aria-label=\"\" role=\"img\" ><\/div>\n\t\t\t\t\t\t\t\t\t\t\t<div class=\"elementor-gallery-item__overlay\"><\/div>\n\t\t\t\t\t\t\t\t\t\t\t\t\t\t<\/a>\n\t\t\t\t\t\t\t<a class=\"e-gallery-item elementor-gallery-item elementor-animated-content\" href=\"https:\/\/www.lichen.pl\/wp-content\/uploads\/2021\/09\/P1380276.jpg\" data-elementor-open-lightbox=\"yes\" data-elementor-lightbox-slideshow=\"162a9ea\" data-elementor-lightbox-title=\"P1380276\" data-e-action-hash=\"#elementor-action%3Aaction%3Dlightbox%26settings%3DeyJpZCI6MjkxNjAsInVybCI6Imh0dHBzOlwvXC93d3cubGljaGVuLnBsXC93cC1jb250ZW50XC91cGxvYWRzXC8yMDIxXC8wOVwvUDEzODAyNzYuanBnIiwic2xpZGVzaG93IjoiMTYyYTllYSJ9\">\n\t\t\t\t\t<div class=\"e-gallery-image elementor-gallery-item__image\" data-thumbnail=\"https:\/\/www.lichen.pl\/wp-content\/uploads\/2021\/09\/P1380276-300x225.jpg\" data-width=\"300\" data-height=\"225\" aria-label=\"\" role=\"img\" ><\/div>\n\t\t\t\t\t\t\t\t\t\t\t<div class=\"elementor-gallery-item__overlay\"><\/div>\n\t\t\t\t\t\t\t\t\t\t\t\t\t\t<\/a>\n\t\t\t\t\t\t\t<a class=\"e-gallery-item elementor-gallery-item elementor-animated-content\" href=\"https:\/\/www.lichen.pl\/wp-content\/uploads\/2021\/09\/P1380281.jpg\" data-elementor-open-lightbox=\"yes\" data-elementor-lightbox-slideshow=\"162a9ea\" data-elementor-lightbox-title=\"P1380281\" data-e-action-hash=\"#elementor-action%3Aaction%3Dlightbox%26settings%3DeyJpZCI6MjkxNzAsInVybCI6Imh0dHBzOlwvXC93d3cubGljaGVuLnBsXC93cC1jb250ZW50XC91cGxvYWRzXC8yMDIxXC8wOVwvUDEzODAyODEuanBnIiwic2xpZGVzaG93IjoiMTYyYTllYSJ9\">\n\t\t\t\t\t<div class=\"e-gallery-image elementor-gallery-item__image\" data-thumbnail=\"https:\/\/www.lichen.pl\/wp-content\/uploads\/2021\/09\/P1380281-300x225.jpg\" data-width=\"300\" data-height=\"225\" aria-label=\"\" role=\"img\" ><\/div>\n\t\t\t\t\t\t\t\t\t\t\t<div class=\"elementor-gallery-item__overlay\"><\/div>\n\t\t\t\t\t\t\t\t\t\t\t\t\t\t<\/a>\n\t\t\t\t\t\t\t<a class=\"e-gallery-item elementor-gallery-item elementor-animated-content\" href=\"https:\/\/www.lichen.pl\/wp-content\/uploads\/2021\/09\/P1380283.jpg\" data-elementor-open-lightbox=\"yes\" data-elementor-lightbox-slideshow=\"162a9ea\" data-elementor-lightbox-title=\"P1380283\" data-e-action-hash=\"#elementor-action%3Aaction%3Dlightbox%26settings%3DeyJpZCI6MjkxNzUsInVybCI6Imh0dHBzOlwvXC93d3cubGljaGVuLnBsXC93cC1jb250ZW50XC91cGxvYWRzXC8yMDIxXC8wOVwvUDEzODAyODMuanBnIiwic2xpZGVzaG93IjoiMTYyYTllYSJ9\">\n\t\t\t\t\t<div class=\"e-gallery-image elementor-gallery-item__image\" data-thumbnail=\"https:\/\/www.lichen.pl\/wp-content\/uploads\/2021\/09\/P1380283-300x225.jpg\" data-width=\"300\" data-height=\"225\" aria-label=\"\" role=\"img\" ><\/div>\n\t\t\t\t\t\t\t\t\t\t\t<div class=\"elementor-gallery-item__overlay\"><\/div>\n\t\t\t\t\t\t\t\t\t\t\t\t\t\t<\/a>\n\t\t\t\t\t<\/div>\n\t\t\t\t\t<\/div>\n\t\t\t\t<\/div>\n\t\t\t\t\t<\/div>\n\t\t<\/div>\n\t\t\t\t\t<\/div>\n\t\t<\/section>\n\t\t\t\t<\/div>","protected":false},"excerpt":{"rendered":"<p>Procesja z ko\u015bcio\u0142a \u015bw. Doroty w Licheniu Starym do lasu gr\u0105bli\u0144skiego i Msza \u015bw. przy kaplicy sosny z\u0142o\u017cy\u0142y si\u0119 na zako\u0144czenie uroczysto\u015bci odpustowych Wniebowzi\u0119cia Matki Bo\u017cej w Sanktuarium Matki Bo\u017cej Liche\u0144skiej. Uczestnicy niedzielnej procesji pokonywali drog\u0119 razem z ks. Adamem Stankiewiczem, wicekustoszem liche\u0144skiego sanktuarium, modl\u0105c si\u0119 na r\u00f3\u017ca\u0144cu i \u015bpiewaj\u0105c pie\u015bni maryjne. W Gr\u0105blinie do\u0142\u0105czyli [&hellip;]<\/p>\n","protected":false},"author":6,"featured_media":29125,"comment_status":"open","ping_status":"open","sticky":false,"template":"","format":"standard","meta":{"footnotes":""},"categories":[1],"tags":[],"class_list":["post-29113","post","type-post","status-publish","format-standard","has-post-thumbnail","hentry","category-aktualnosci","wpbf-post"],"yoast_head":"<!-- This site is optimized with the Yoast SEO plugin v27.4 - https:\/\/yoast.com\/product\/yoast-seo-wordpress\/ -->\n<title>Zako\u0144czenie uroczysto\u015bci odpustowych Wniebowzi\u0119cia Matki Bo\u017cej 22 sierpnia 2021 r. - SANKTUARIUM W LICHENIU<\/title>\n<meta name=\"robots\" content=\"index, follow, max-snippet:-1, max-image-preview:large, max-video-preview:-1\" \/>\n<link rel=\"canonical\" href=\"http:\/\/www.lichen.pl\/it\/zakonczenie-uroczystosci-odpustowych-wniebowziecia-matki-bozej-22-sierpnia-2021-r\/\" \/>\n<meta property=\"og:locale\" content=\"it_IT\" \/>\n<meta property=\"og:type\" content=\"article\" \/>\n<meta property=\"og:title\" content=\"Zako\u0144czenie uroczysto\u015bci odpustowych Wniebowzi\u0119cia Matki Bo\u017cej 22 sierpnia 2021 r. - SANKTUARIUM W LICHENIU\" \/>\n<meta property=\"og:description\" content=\"Procesja z ko\u015bcio\u0142a \u015bw. Doroty w Licheniu Starym do lasu gr\u0105bli\u0144skiego i Msza \u015bw. przy kaplicy sosny z\u0142o\u017cy\u0142y si\u0119 na zako\u0144czenie uroczysto\u015bci odpustowych Wniebowzi\u0119cia Matki Bo\u017cej w Sanktuarium Matki Bo\u017cej Liche\u0144skiej. Uczestnicy niedzielnej procesji pokonywali drog\u0119 razem z ks. Adamem Stankiewiczem, wicekustoszem liche\u0144skiego sanktuarium, modl\u0105c si\u0119 na r\u00f3\u017ca\u0144cu i \u015bpiewaj\u0105c pie\u015bni maryjne. W Gr\u0105blinie do\u0142\u0105czyli [&hellip;]\" \/>\n<meta property=\"og:url\" content=\"http:\/\/www.lichen.pl\/it\/zakonczenie-uroczystosci-odpustowych-wniebowziecia-matki-bozej-22-sierpnia-2021-r\/\" \/>\n<meta property=\"og:site_name\" content=\"SANKTUARIUM W LICHENIU\" \/>\n<meta property=\"article:published_time\" content=\"2021-08-22T10:19:19+00:00\" \/>\n<meta property=\"article:modified_time\" content=\"2021-09-01T10:24:06+00:00\" \/>\n<meta property=\"og:image\" content=\"http:\/\/www.lichen.pl\/wp-content\/uploads\/2021\/09\/P1380231.jpg\" \/>\n\t<meta property=\"og:image:width\" content=\"901\" \/>\n\t<meta property=\"og:image:height\" content=\"1200\" \/>\n\t<meta property=\"og:image:type\" content=\"image\/jpeg\" \/>\n<meta name=\"author\" content=\"AMELIA SIUDA-KOSZELA\" \/>\n<meta name=\"twitter:card\" content=\"summary_large_image\" \/>\n<meta name=\"twitter:label1\" content=\"Scritto da\" \/>\n\t<meta name=\"twitter:data1\" content=\"AMELIA SIUDA-KOSZELA\" \/>\n\t<meta name=\"twitter:label2\" content=\"Tempo di lettura stimato\" \/>\n\t<meta name=\"twitter:data2\" content=\"2 minuti\" \/>\n<script type=\"application\/ld+json\" class=\"yoast-schema-graph\">{\"@context\":\"https:\\\/\\\/schema.org\",\"@graph\":[{\"@type\":\"Article\",\"@id\":\"http:\\\/\\\/www.lichen.pl\\\/it\\\/zakonczenie-uroczystosci-odpustowych-wniebowziecia-matki-bozej-22-sierpnia-2021-r\\\/#article\",\"isPartOf\":{\"@id\":\"http:\\\/\\\/www.lichen.pl\\\/it\\\/zakonczenie-uroczystosci-odpustowych-wniebowziecia-matki-bozej-22-sierpnia-2021-r\\\/\"},\"author\":{\"name\":\"AMELIA SIUDA-KOSZELA\",\"@id\":\"https:\\\/\\\/www.lichen.pl\\\/fr\\\/#\\\/schema\\\/person\\\/70bf824c102f176cf976b0d90af0d62a\"},\"headline\":\"Zako\u0144czenie uroczysto\u015bci odpustowych Wniebowzi\u0119cia Matki Bo\u017cej 22 sierpnia 2021 r.\",\"datePublished\":\"2021-08-22T10:19:19+00:00\",\"dateModified\":\"2021-09-01T10:24:06+00:00\",\"mainEntityOfPage\":{\"@id\":\"http:\\\/\\\/www.lichen.pl\\\/it\\\/zakonczenie-uroczystosci-odpustowych-wniebowziecia-matki-bozej-22-sierpnia-2021-r\\\/\"},\"wordCount\":394,\"commentCount\":0,\"image\":{\"@id\":\"http:\\\/\\\/www.lichen.pl\\\/it\\\/zakonczenie-uroczystosci-odpustowych-wniebowziecia-matki-bozej-22-sierpnia-2021-r\\\/#primaryimage\"},\"thumbnailUrl\":\"https:\\\/\\\/www.lichen.pl\\\/wp-content\\\/uploads\\\/2021\\\/09\\\/P1380231.jpg\",\"articleSection\":[\"Aktualno\u015bci\"],\"inLanguage\":\"it-IT\",\"potentialAction\":[{\"@type\":\"CommentAction\",\"name\":\"Comment\",\"target\":[\"http:\\\/\\\/www.lichen.pl\\\/it\\\/zakonczenie-uroczystosci-odpustowych-wniebowziecia-matki-bozej-22-sierpnia-2021-r\\\/#respond\"]}]},{\"@type\":\"WebPage\",\"@id\":\"http:\\\/\\\/www.lichen.pl\\\/it\\\/zakonczenie-uroczystosci-odpustowych-wniebowziecia-matki-bozej-22-sierpnia-2021-r\\\/\",\"url\":\"http:\\\/\\\/www.lichen.pl\\\/it\\\/zakonczenie-uroczystosci-odpustowych-wniebowziecia-matki-bozej-22-sierpnia-2021-r\\\/\",\"name\":\"Zako\u0144czenie uroczysto\u015bci odpustowych Wniebowzi\u0119cia Matki Bo\u017cej 22 sierpnia 2021 r. - SANKTUARIUM W LICHENIU\",\"isPartOf\":{\"@id\":\"https:\\\/\\\/www.lichen.pl\\\/fr\\\/#website\"},\"primaryImageOfPage\":{\"@id\":\"http:\\\/\\\/www.lichen.pl\\\/it\\\/zakonczenie-uroczystosci-odpustowych-wniebowziecia-matki-bozej-22-sierpnia-2021-r\\\/#primaryimage\"},\"image\":{\"@id\":\"http:\\\/\\\/www.lichen.pl\\\/it\\\/zakonczenie-uroczystosci-odpustowych-wniebowziecia-matki-bozej-22-sierpnia-2021-r\\\/#primaryimage\"},\"thumbnailUrl\":\"https:\\\/\\\/www.lichen.pl\\\/wp-content\\\/uploads\\\/2021\\\/09\\\/P1380231.jpg\",\"datePublished\":\"2021-08-22T10:19:19+00:00\",\"dateModified\":\"2021-09-01T10:24:06+00:00\",\"author\":{\"@id\":\"https:\\\/\\\/www.lichen.pl\\\/fr\\\/#\\\/schema\\\/person\\\/70bf824c102f176cf976b0d90af0d62a\"},\"breadcrumb\":{\"@id\":\"http:\\\/\\\/www.lichen.pl\\\/it\\\/zakonczenie-uroczystosci-odpustowych-wniebowziecia-matki-bozej-22-sierpnia-2021-r\\\/#breadcrumb\"},\"inLanguage\":\"it-IT\",\"potentialAction\":[{\"@type\":\"ReadAction\",\"target\":[\"http:\\\/\\\/www.lichen.pl\\\/it\\\/zakonczenie-uroczystosci-odpustowych-wniebowziecia-matki-bozej-22-sierpnia-2021-r\\\/\"]}]},{\"@type\":\"ImageObject\",\"inLanguage\":\"it-IT\",\"@id\":\"http:\\\/\\\/www.lichen.pl\\\/it\\\/zakonczenie-uroczystosci-odpustowych-wniebowziecia-matki-bozej-22-sierpnia-2021-r\\\/#primaryimage\",\"url\":\"https:\\\/\\\/www.lichen.pl\\\/wp-content\\\/uploads\\\/2021\\\/09\\\/P1380231.jpg\",\"contentUrl\":\"https:\\\/\\\/www.lichen.pl\\\/wp-content\\\/uploads\\\/2021\\\/09\\\/P1380231.jpg\",\"width\":901,\"height\":1200},{\"@type\":\"BreadcrumbList\",\"@id\":\"http:\\\/\\\/www.lichen.pl\\\/it\\\/zakonczenie-uroczystosci-odpustowych-wniebowziecia-matki-bozej-22-sierpnia-2021-r\\\/#breadcrumb\",\"itemListElement\":[{\"@type\":\"ListItem\",\"position\":1,\"name\":\"Strona g\u0142\u00f3wna\",\"item\":\"https:\\\/\\\/www.lichen.pl\\\/\"},{\"@type\":\"ListItem\",\"position\":2,\"name\":\"Zako\u0144czenie uroczysto\u015bci odpustowych Wniebowzi\u0119cia Matki Bo\u017cej 22 sierpnia 2021 r.\"}]},{\"@type\":\"WebSite\",\"@id\":\"https:\\\/\\\/www.lichen.pl\\\/fr\\\/#website\",\"url\":\"https:\\\/\\\/www.lichen.pl\\\/fr\\\/\",\"name\":\"SANKTUARIUM W LICHENIU\",\"description\":\"MATKI BO\u017bEJ LICHE\u0143SKIEJ BOLESNEJ KR\u00d3LOWEJ POLSKI\",\"potentialAction\":[{\"@type\":\"SearchAction\",\"target\":{\"@type\":\"EntryPoint\",\"urlTemplate\":\"https:\\\/\\\/www.lichen.pl\\\/fr\\\/?s={search_term_string}\"},\"query-input\":{\"@type\":\"PropertyValueSpecification\",\"valueRequired\":true,\"valueName\":\"search_term_string\"}}],\"inLanguage\":\"it-IT\"},{\"@type\":\"Person\",\"@id\":\"https:\\\/\\\/www.lichen.pl\\\/fr\\\/#\\\/schema\\\/person\\\/70bf824c102f176cf976b0d90af0d62a\",\"name\":\"AMELIA SIUDA-KOSZELA\",\"image\":{\"@type\":\"ImageObject\",\"inLanguage\":\"it-IT\",\"@id\":\"https:\\\/\\\/secure.gravatar.com\\\/avatar\\\/a0f9a92186ab02fb8db116f5388e3bc7280dd7bd01565c5d6b7ceb07ff27d6d9?s=96&d=retro&r=g\",\"url\":\"https:\\\/\\\/secure.gravatar.com\\\/avatar\\\/a0f9a92186ab02fb8db116f5388e3bc7280dd7bd01565c5d6b7ceb07ff27d6d9?s=96&d=retro&r=g\",\"contentUrl\":\"https:\\\/\\\/secure.gravatar.com\\\/avatar\\\/a0f9a92186ab02fb8db116f5388e3bc7280dd7bd01565c5d6b7ceb07ff27d6d9?s=96&d=retro&r=g\",\"caption\":\"AMELIA SIUDA-KOSZELA\"},\"url\":\"https:\\\/\\\/www.lichen.pl\\\/it\\\/author\\\/amelia\\\/\"}]}<\/script>\n<!-- \/ Yoast SEO plugin. -->","yoast_head_json":{"title":"Zako\u0144czenie uroczysto\u015bci odpustowych Wniebowzi\u0119cia Matki Bo\u017cej 22 sierpnia 2021 r. - SANKTUARIUM W LICHENIU","robots":{"index":"index","follow":"follow","max-snippet":"max-snippet:-1","max-image-preview":"max-image-preview:large","max-video-preview":"max-video-preview:-1"},"canonical":"http:\/\/www.lichen.pl\/it\/zakonczenie-uroczystosci-odpustowych-wniebowziecia-matki-bozej-22-sierpnia-2021-r\/","og_locale":"it_IT","og_type":"article","og_title":"Zako\u0144czenie uroczysto\u015bci odpustowych Wniebowzi\u0119cia Matki Bo\u017cej 22 sierpnia 2021 r. - SANKTUARIUM W LICHENIU","og_description":"Procesja z ko\u015bcio\u0142a \u015bw. Doroty w Licheniu Starym do lasu gr\u0105bli\u0144skiego i Msza \u015bw. przy kaplicy sosny z\u0142o\u017cy\u0142y si\u0119 na zako\u0144czenie uroczysto\u015bci odpustowych Wniebowzi\u0119cia Matki Bo\u017cej w Sanktuarium Matki Bo\u017cej Liche\u0144skiej. Uczestnicy niedzielnej procesji pokonywali drog\u0119 razem z ks. Adamem Stankiewiczem, wicekustoszem liche\u0144skiego sanktuarium, modl\u0105c si\u0119 na r\u00f3\u017ca\u0144cu i \u015bpiewaj\u0105c pie\u015bni maryjne. W Gr\u0105blinie do\u0142\u0105czyli [&hellip;]","og_url":"http:\/\/www.lichen.pl\/it\/zakonczenie-uroczystosci-odpustowych-wniebowziecia-matki-bozej-22-sierpnia-2021-r\/","og_site_name":"SANKTUARIUM W LICHENIU","article_published_time":"2021-08-22T10:19:19+00:00","article_modified_time":"2021-09-01T10:24:06+00:00","og_image":[{"width":901,"height":1200,"url":"http:\/\/www.lichen.pl\/wp-content\/uploads\/2021\/09\/P1380231.jpg","type":"image\/jpeg"}],"author":"AMELIA SIUDA-KOSZELA","twitter_card":"summary_large_image","twitter_misc":{"Scritto da":"AMELIA SIUDA-KOSZELA","Tempo di lettura stimato":"2 minuti"},"schema":{"@context":"https:\/\/schema.org","@graph":[{"@type":"Article","@id":"http:\/\/www.lichen.pl\/it\/zakonczenie-uroczystosci-odpustowych-wniebowziecia-matki-bozej-22-sierpnia-2021-r\/#article","isPartOf":{"@id":"http:\/\/www.lichen.pl\/it\/zakonczenie-uroczystosci-odpustowych-wniebowziecia-matki-bozej-22-sierpnia-2021-r\/"},"author":{"name":"AMELIA SIUDA-KOSZELA","@id":"https:\/\/www.lichen.pl\/fr\/#\/schema\/person\/70bf824c102f176cf976b0d90af0d62a"},"headline":"Zako\u0144czenie uroczysto\u015bci odpustowych Wniebowzi\u0119cia Matki Bo\u017cej 22 sierpnia 2021 r.","datePublished":"2021-08-22T10:19:19+00:00","dateModified":"2021-09-01T10:24:06+00:00","mainEntityOfPage":{"@id":"http:\/\/www.lichen.pl\/it\/zakonczenie-uroczystosci-odpustowych-wniebowziecia-matki-bozej-22-sierpnia-2021-r\/"},"wordCount":394,"commentCount":0,"image":{"@id":"http:\/\/www.lichen.pl\/it\/zakonczenie-uroczystosci-odpustowych-wniebowziecia-matki-bozej-22-sierpnia-2021-r\/#primaryimage"},"thumbnailUrl":"https:\/\/www.lichen.pl\/wp-content\/uploads\/2021\/09\/P1380231.jpg","articleSection":["Aktualno\u015bci"],"inLanguage":"it-IT","potentialAction":[{"@type":"CommentAction","name":"Comment","target":["http:\/\/www.lichen.pl\/it\/zakonczenie-uroczystosci-odpustowych-wniebowziecia-matki-bozej-22-sierpnia-2021-r\/#respond"]}]},{"@type":"WebPage","@id":"http:\/\/www.lichen.pl\/it\/zakonczenie-uroczystosci-odpustowych-wniebowziecia-matki-bozej-22-sierpnia-2021-r\/","url":"http:\/\/www.lichen.pl\/it\/zakonczenie-uroczystosci-odpustowych-wniebowziecia-matki-bozej-22-sierpnia-2021-r\/","name":"Zako\u0144czenie uroczysto\u015bci odpustowych Wniebowzi\u0119cia Matki Bo\u017cej 22 sierpnia 2021 r. - SANKTUARIUM W LICHENIU","isPartOf":{"@id":"https:\/\/www.lichen.pl\/fr\/#website"},"primaryImageOfPage":{"@id":"http:\/\/www.lichen.pl\/it\/zakonczenie-uroczystosci-odpustowych-wniebowziecia-matki-bozej-22-sierpnia-2021-r\/#primaryimage"},"image":{"@id":"http:\/\/www.lichen.pl\/it\/zakonczenie-uroczystosci-odpustowych-wniebowziecia-matki-bozej-22-sierpnia-2021-r\/#primaryimage"},"thumbnailUrl":"https:\/\/www.lichen.pl\/wp-content\/uploads\/2021\/09\/P1380231.jpg","datePublished":"2021-08-22T10:19:19+00:00","dateModified":"2021-09-01T10:24:06+00:00","author":{"@id":"https:\/\/www.lichen.pl\/fr\/#\/schema\/person\/70bf824c102f176cf976b0d90af0d62a"},"breadcrumb":{"@id":"http:\/\/www.lichen.pl\/it\/zakonczenie-uroczystosci-odpustowych-wniebowziecia-matki-bozej-22-sierpnia-2021-r\/#breadcrumb"},"inLanguage":"it-IT","potentialAction":[{"@type":"ReadAction","target":["http:\/\/www.lichen.pl\/it\/zakonczenie-uroczystosci-odpustowych-wniebowziecia-matki-bozej-22-sierpnia-2021-r\/"]}]},{"@type":"ImageObject","inLanguage":"it-IT","@id":"http:\/\/www.lichen.pl\/it\/zakonczenie-uroczystosci-odpustowych-wniebowziecia-matki-bozej-22-sierpnia-2021-r\/#primaryimage","url":"https:\/\/www.lichen.pl\/wp-content\/uploads\/2021\/09\/P1380231.jpg","contentUrl":"https:\/\/www.lichen.pl\/wp-content\/uploads\/2021\/09\/P1380231.jpg","width":901,"height":1200},{"@type":"BreadcrumbList","@id":"http:\/\/www.lichen.pl\/it\/zakonczenie-uroczystosci-odpustowych-wniebowziecia-matki-bozej-22-sierpnia-2021-r\/#breadcrumb","itemListElement":[{"@type":"ListItem","position":1,"name":"Strona g\u0142\u00f3wna","item":"https:\/\/www.lichen.pl\/"},{"@type":"ListItem","position":2,"name":"Zako\u0144czenie uroczysto\u015bci odpustowych Wniebowzi\u0119cia Matki Bo\u017cej 22 sierpnia 2021 r."}]},{"@type":"WebSite","@id":"https:\/\/www.lichen.pl\/fr\/#website","url":"https:\/\/www.lichen.pl\/fr\/","name":"SANTUARIO IN LICHENIA","description":"LA REGINA ADOLORATA DEL NOSTRO LICHENE DI POLONIA","potentialAction":[{"@type":"SearchAction","target":{"@type":"EntryPoint","urlTemplate":"https:\/\/www.lichen.pl\/fr\/?s={search_term_string}"},"query-input":{"@type":"PropertyValueSpecification","valueRequired":true,"valueName":"search_term_string"}}],"inLanguage":"it-IT"},{"@type":"Person","@id":"https:\/\/www.lichen.pl\/fr\/#\/schema\/person\/70bf824c102f176cf976b0d90af0d62a","name":"AMELIA SIUDA-KOSZELA","image":{"@type":"ImageObject","inLanguage":"it-IT","@id":"https:\/\/secure.gravatar.com\/avatar\/a0f9a92186ab02fb8db116f5388e3bc7280dd7bd01565c5d6b7ceb07ff27d6d9?s=96&d=retro&r=g","url":"https:\/\/secure.gravatar.com\/avatar\/a0f9a92186ab02fb8db116f5388e3bc7280dd7bd01565c5d6b7ceb07ff27d6d9?s=96&d=retro&r=g","contentUrl":"https:\/\/secure.gravatar.com\/avatar\/a0f9a92186ab02fb8db116f5388e3bc7280dd7bd01565c5d6b7ceb07ff27d6d9?s=96&d=retro&r=g","caption":"AMELIA SIUDA-KOSZELA"},"url":"https:\/\/www.lichen.pl\/it\/author\/amelia\/"}]}},"_links":{"self":[{"href":"https:\/\/www.lichen.pl\/it\/wp-json\/wp\/v2\/posts\/29113","targetHints":{"allow":["GET"]}}],"collection":[{"href":"https:\/\/www.lichen.pl\/it\/wp-json\/wp\/v2\/posts"}],"about":[{"href":"https:\/\/www.lichen.pl\/it\/wp-json\/wp\/v2\/types\/post"}],"author":[{"embeddable":true,"href":"https:\/\/www.lichen.pl\/it\/wp-json\/wp\/v2\/users\/6"}],"replies":[{"embeddable":true,"href":"https:\/\/www.lichen.pl\/it\/wp-json\/wp\/v2\/comments?post=29113"}],"version-history":[{"count":4,"href":"https:\/\/www.lichen.pl\/it\/wp-json\/wp\/v2\/posts\/29113\/revisions"}],"predecessor-version":[{"id":29183,"href":"https:\/\/www.lichen.pl\/it\/wp-json\/wp\/v2\/posts\/29113\/revisions\/29183"}],"wp:featuredmedia":[{"embeddable":true,"href":"https:\/\/www.lichen.pl\/it\/wp-json\/wp\/v2\/media\/29125"}],"wp:attachment":[{"href":"https:\/\/www.lichen.pl\/it\/wp-json\/wp\/v2\/media?parent=29113"}],"wp:term":[{"taxonomy":"category","embeddable":true,"href":"https:\/\/www.lichen.pl\/it\/wp-json\/wp\/v2\/categories?post=29113"},{"taxonomy":"post_tag","embeddable":true,"href":"https:\/\/www.lichen.pl\/it\/wp-json\/wp\/v2\/tags?post=29113"}],"curies":[{"name":"wp","href":"https:\/\/api.w.org\/{rel}","templated":true}]}}