{"id":30728,"date":"2021-09-11T14:30:58","date_gmt":"2021-09-11T14:30:58","guid":{"rendered":"http:\/\/www.lichen.pl\/noc-walki-o-blogoslawienstwo-dla-polski-6-7-sierpnia-2021-r-copy\/"},"modified":"2021-09-16T12:04:09","modified_gmt":"2021-09-16T12:04:09","slug":"18-ogolnopolska-pielgrzymka-honorowych-dawcow-krwi","status":"publish","type":"post","link":"https:\/\/www.lichen.pl\/it\/18-ogolnopolska-pielgrzymka-honorowych-dawcow-krwi\/","title":{"rendered":"18\u00b0 Pellegrinaggio Nazionale dei Donatori Onorari del Sangue"},"content":{"rendered":"<div data-elementor-type=\"wp-post\" data-elementor-id=\"30728\" class=\"elementor elementor-30728\" data-elementor-post-type=\"post\">\n\t\t\t\t\t\t<section class=\"elementor-section elementor-top-section elementor-element elementor-element-d269677 elementor-section-boxed elementor-section-height-default elementor-section-height-default\" data-id=\"d269677\" data-element_type=\"section\" data-e-type=\"section\">\n\t\t\t\t\t\t<div class=\"elementor-container elementor-column-gap-default\">\n\t\t\t\t\t<div class=\"elementor-column elementor-col-100 elementor-top-column elementor-element elementor-element-56bb580\" data-id=\"56bb580\" data-element_type=\"column\" data-e-type=\"column\">\n\t\t\t<div class=\"elementor-widget-wrap elementor-element-populated\">\n\t\t\t\t\t\t<div class=\"elementor-element elementor-element-218ff14 elementor-widget elementor-widget-heading\" data-id=\"218ff14\" data-element_type=\"widget\" data-e-type=\"widget\" data-widget_type=\"heading.default\">\n\t\t\t\t<div class=\"elementor-widget-container\">\n\t\t\t\t\t<h2 class=\"elementor-heading-title elementor-size-default\">I partecipanti al pellegrinaggio di quest&#039;anno sono stati accolti da p. Adam Stankiewicz, MIC, vicecustode del santuario di Liche\u0144, ringraziando per la loro testimonianza. La liturgia delle ore 12.00 \u00e8 stata presieduta dal cappellano HDK, p. canonico Miros\u0142aw Frankowski, parroco della parrocchia di S. Barbara a Turku. <\/h2>\t\t\t\t<\/div>\n\t\t\t\t<\/div>\n\t\t\t\t<div class=\"elementor-element elementor-element-a11c8a6 elementor-widget elementor-widget-spacer\" data-id=\"a11c8a6\" data-element_type=\"widget\" data-e-type=\"widget\" data-widget_type=\"spacer.default\">\n\t\t\t\t<div class=\"elementor-widget-container\">\n\t\t\t\t\t\t\t<div class=\"elementor-spacer\">\n\t\t\t<div class=\"elementor-spacer-inner\"><\/div>\n\t\t<\/div>\n\t\t\t\t\t\t<\/div>\n\t\t\t\t<\/div>\n\t\t\t\t<section class=\"elementor-section elementor-inner-section elementor-element elementor-element-8fd7737 elementor-section-boxed elementor-section-height-default elementor-section-height-default\" data-id=\"8fd7737\" data-element_type=\"section\" data-e-type=\"section\">\n\t\t\t\t\t\t<div class=\"elementor-container elementor-column-gap-default\">\n\t\t\t\t\t<div class=\"elementor-column elementor-col-50 elementor-inner-column elementor-element elementor-element-c51f171\" data-id=\"c51f171\" data-element_type=\"column\" data-e-type=\"column\">\n\t\t\t<div class=\"elementor-widget-wrap elementor-element-populated\">\n\t\t\t\t\t\t<div class=\"elementor-element elementor-element-344f555 elementor-blockquote--skin-quotation elementor-blockquote--align-center elementor-widget elementor-widget-blockquote\" data-id=\"344f555\" data-element_type=\"widget\" data-e-type=\"widget\" data-widget_type=\"blockquote.default\">\n\t\t\t\t<div class=\"elementor-widget-container\">\n\t\t\t\t\t\t\t<blockquote class=\"elementor-blockquote\">\n\t\t\t<p class=\"elementor-blockquote__content\">\n\t\t\t\tCome persona ragionevole e onesta, il cristiano ha il dovere di cercare di ridurre la sofferenza e recuperare in termini reali, sia verso se stesso che verso gli altri. Siete voi, cari donatori di sangue, che, attraverso la vostra donazione di sangue, partecipate a questo recupero di tante persone sofferenti. L&#039;Addolorata Regina di Polonia ci aiuta in modo significativo a comprendere e ad accettare la croce. Ci introduce a questo mistero con amore materno. Anche nella nostra quotidianit\u00e0\t\t\t<\/p>\n\t\t\t\t\t\t\t<div class=\"e-q-footer\">\n\t\t\t\t\t\t\t\t\t\t\t<cite class=\"elementor-blockquote__author\">FR. canonico Miros\u0142aw Frankowski, cappellano dell&#039;HDK, 11 settembre 2021<\/cite>\n\t\t\t\t\t\t\t\t\t\t\t\t\t\t<\/div>\n\t\t\t\t\t<\/blockquote>\n\t\t\t\t\t\t<\/div>\n\t\t\t\t<\/div>\n\t\t\t\t\t<\/div>\n\t\t<\/div>\n\t\t\t\t<div class=\"elementor-column elementor-col-50 elementor-inner-column elementor-element elementor-element-0db7802\" data-id=\"0db7802\" data-element_type=\"column\" data-e-type=\"column\">\n\t\t\t<div class=\"elementor-widget-wrap elementor-element-populated\">\n\t\t\t\t\t\t<div class=\"elementor-element elementor-element-9e56fc1 elementor-widget elementor-widget-image\" data-id=\"9e56fc1\" data-element_type=\"widget\" data-e-type=\"widget\" data-widget_type=\"image.default\">\n\t\t\t\t<div class=\"elementor-widget-container\">\n\t\t\t\t\t\t\t\t\t\t\t\t\t\t\t\t<a href=\"http:\/\/www.lichen.pl\/wp-content\/uploads\/2021\/09\/ks.-kanonik-Miroslaw-Frankowski-kapelan-HDK.jpg\" data-elementor-open-lightbox=\"yes\" data-elementor-lightbox-title=\"ks. kanonik Miros\u0142aw Frankowski, kapelan HDK\" data-e-action-hash=\"#elementor-action%3Aaction%3Dlightbox%26settings%3DeyJpZCI6MzA3MzcsInVybCI6Imh0dHBzOlwvXC93d3cubGljaGVuLnBsXC93cC1jb250ZW50XC91cGxvYWRzXC8yMDIxXC8wOVwva3MuLWthbm9uaWstTWlyb3NsYXctRnJhbmtvd3NraS1rYXBlbGFuLUhESy5qcGcifQ%3D%3D\">\n\t\t\t\t\t\t\t<img fetchpriority=\"high\" decoding=\"async\" width=\"768\" height=\"759\" src=\"https:\/\/www.lichen.pl\/wp-content\/uploads\/2021\/09\/ks.-kanonik-Miroslaw-Frankowski-kapelan-HDK-768x759.jpg\" class=\"attachment-medium_large size-medium_large wp-image-30737\" alt=\"\" srcset=\"https:\/\/www.lichen.pl\/wp-content\/uploads\/2021\/09\/ks.-kanonik-Miroslaw-Frankowski-kapelan-HDK-768x759.jpg 768w, https:\/\/www.lichen.pl\/wp-content\/uploads\/2021\/09\/ks.-kanonik-Miroslaw-Frankowski-kapelan-HDK-800x791.jpg 800w, https:\/\/www.lichen.pl\/wp-content\/uploads\/2021\/09\/ks.-kanonik-Miroslaw-Frankowski-kapelan-HDK-300x297.jpg 300w, https:\/\/www.lichen.pl\/wp-content\/uploads\/2021\/09\/ks.-kanonik-Miroslaw-Frankowski-kapelan-HDK-1024x1012.jpg 1024w, https:\/\/www.lichen.pl\/wp-content\/uploads\/2021\/09\/ks.-kanonik-Miroslaw-Frankowski-kapelan-HDK.jpg 1322w\" sizes=\"(max-width: 768px) 100vw, 768px\" \/>\t\t\t\t\t\t\t\t<\/a>\n\t\t\t\t\t\t\t\t\t\t\t\t\t\t\t<\/div>\n\t\t\t\t<\/div>\n\t\t\t\t\t<\/div>\n\t\t<\/div>\n\t\t\t\t\t<\/div>\n\t\t<\/section>\n\t\t\t\t<div class=\"elementor-element elementor-element-f258572 elementor-widget elementor-widget-spacer\" data-id=\"f258572\" data-element_type=\"widget\" data-e-type=\"widget\" data-widget_type=\"spacer.default\">\n\t\t\t\t<div class=\"elementor-widget-container\">\n\t\t\t\t\t\t\t<div class=\"elementor-spacer\">\n\t\t\t<div class=\"elementor-spacer-inner\"><\/div>\n\t\t<\/div>\n\t\t\t\t\t\t<\/div>\n\t\t\t\t<\/div>\n\t\t\t\t<div class=\"elementor-element elementor-element-097ca8a elementor-widget elementor-widget-text-editor\" data-id=\"097ca8a\" data-element_type=\"widget\" data-e-type=\"widget\" data-widget_type=\"text-editor.default\">\n\t\t\t\t<div class=\"elementor-widget-container\">\n\t\t\t\t\t\t\t\t\t<div class=\"kvgmc6g5 cxmmr5t8 oygrvhab hcukyx3x c1et5uql ii04i59q\"><div dir=\"auto\">Sabato 11 settembre si \u00e8 svolto presso il Santuario di Nostra Signora di Liche\u0144 il 18\u00b0 Pellegrinaggio Nazionale Polacco dei Donatori Onorari del Sangue. I partecipanti sono stati accolti da p. Adam Stankiewicz, MIC, vicecustode del santuario di Liche\u0144, ringraziando per la loro testimonianza. La liturgia delle ore 12.00 \u00e8 stata presieduta dal cappellano HDK, p. canonico Miros\u0142aw Frankowski, parroco della parrocchia di S. Barbara a Turku.<\/div><\/div><div class=\"o9v6fnle cxmmr5t8 oygrvhab hcukyx3x c1et5uql ii04i59q\"><div dir=\"auto\">Nell&#039;omelia di p. Frankowski ha menzionato i collegamenti del card. Wyszy\u0144ski dal Santuario di Nostra Signora di Liche\u0144, dove, come seminarista del seminario di W\u0142oc\u0142awek, il giovane Stefan soggiorn\u00f2 per migliorare la sua salute, insegnando catechesi e trascrivendo le testimonianze delle grazie vissute per intercessione della Madre di Dio. \u00c8 il Primate del Millennio, la cui beatificazione avverr\u00e0 domenica 12 settembre a Varsavia, che nel 1967 ha incoronato l&#039;Immagine Miracolosa di Nostra Signora di Liche\u0144, l&#039;Addolorata Regina della Polonia. Padre Frankowski ha sottolineato che i Donatori Onorari del Sangue si recano in pellegrinaggio in questo luogo, fissando l&#039;immagine miracolosa della Madonna di Liche\u0144, l&#039;Addolorata Regina della Polonia, per affidare il loro servizio al bene degli altri. Ha definito questo servizio \u201ctranquillo e umile, quanto necessario e spesso non rispettato, senza clamore e senza sprazzi. Senza i quali le vite dei fratelli sofferenti sarebbero in pericolo, e spesso addirittura impossibili da salvare. \u00c8 la vostra donazione di sangue, questo preziosissimo medicinale, che reca sollievo ai cuori addolorati, alle famiglie che soffrono. La tua dedizione a un&#039;altra persona mostra il significato della sofferenza nel piano di redenzione di Dio, ha affermato il parroco di Turkow. \u201cMaria per prima ha potuto e ha voluto partecipare al mistero di Dio. Ella si \u00e8 unita al sacrificio di Cristo con il suo spirito materno, accogliendo con amore, affinch\u00e9 subisse la devastazione della vittima da lei nata. Maria, arricchita da questa esperienza, sta al fianco dell&#039;uomo, lo prende per mano e lo invita a venire con lei al Calvario ea stare davanti al Figlio crocifisso. Sperimentando la morte di suo Figlio, Maria comprese che la gloria della sua maternit\u00e0 divina raggiungeva il culmine proprio in questo momento, perch\u00e9 le permetteva di partecipare direttamente all&#039;opera della redenzione. Comprese anche che la sofferenza umana accettata dal suo Figlio crocifisso acquistava ora un valore inestimabile\u00bb.<\/div><\/div>\t\t\t\t\t\t\t\t<\/div>\n\t\t\t\t<\/div>\n\t\t\t\t<div class=\"elementor-element elementor-element-3facb80 elementor-widget elementor-widget-image\" data-id=\"3facb80\" data-element_type=\"widget\" data-e-type=\"widget\" data-widget_type=\"image.default\">\n\t\t\t\t<div class=\"elementor-widget-container\">\n\t\t\t\t\t\t\t\t\t\t\t\t<figure class=\"wp-caption\">\n\t\t\t\t\t\t\t\t\t\t<img decoding=\"async\" width=\"768\" height=\"464\" src=\"https:\/\/www.lichen.pl\/wp-content\/uploads\/2021\/09\/18.-Pielgrzymka-Honorowych-Dawcow-Krwi-Wrzesien-2021-KADR-768x464.jpg\" class=\"attachment-medium_large size-medium_large wp-image-30732\" alt=\"\" srcset=\"https:\/\/www.lichen.pl\/wp-content\/uploads\/2021\/09\/18.-Pielgrzymka-Honorowych-Dawcow-Krwi-Wrzesien-2021-KADR-768x464.jpg 768w, https:\/\/www.lichen.pl\/wp-content\/uploads\/2021\/09\/18.-Pielgrzymka-Honorowych-Dawcow-Krwi-Wrzesien-2021-KADR-800x483.jpg 800w, https:\/\/www.lichen.pl\/wp-content\/uploads\/2021\/09\/18.-Pielgrzymka-Honorowych-Dawcow-Krwi-Wrzesien-2021-KADR-300x181.jpg 300w, https:\/\/www.lichen.pl\/wp-content\/uploads\/2021\/09\/18.-Pielgrzymka-Honorowych-Dawcow-Krwi-Wrzesien-2021-KADR.jpg 891w\" sizes=\"(max-width: 768px) 100vw, 768px\" \/>\t\t\t\t\t\t\t\t\t\t\t<figcaption class=\"widget-image-caption wp-caption-text\">Rappresentazione dei banner post HDK, 11 settembre 2021.<\/figcaption>\n\t\t\t\t\t\t\t\t\t\t<\/figure>\n\t\t\t\t\t\t\t\t\t<\/div>\n\t\t\t\t<\/div>\n\t\t\t\t<div class=\"elementor-element elementor-element-5ace16f elementor-widget elementor-widget-text-editor\" data-id=\"5ace16f\" data-element_type=\"widget\" data-e-type=\"widget\" data-widget_type=\"text-editor.default\">\n\t\t\t\t<div class=\"elementor-widget-container\">\n\t\t\t\t\t\t\t\t\t<div class=\"o9v6fnle cxmmr5t8 oygrvhab hcukyx3x c1et5uql ii04i59q\"><div dir=\"auto\">Il canone ha sottolineato che raccogliendosi nel santuario ci accorgiamo che Maria \u00e8 ancora presente nella storia della Chiesa. Liche\u0144 defin\u00ec &quot;un segno speciale di questa azione di Maria nella storia del mondo&quot;.<\/div><\/div><div class=\"o9v6fnle cxmmr5t8 oygrvhab hcukyx3x c1et5uql ii04i59q\"><div dir=\"auto\">\u201cIl cristiano come persona ragionevole e onesta ha il dovere di fare del suo meglio per ridurre la sofferenza e recuperare in termini reali, sia verso se stesso che verso gli altri. Siete voi, cari donatori di sangue, che partecipate a questo recupero di tante sofferenze attraverso la vostra donazione. L&#039;Addolorata Regina di Polonia ci aiuta in modo significativo a comprendere e ad accettare la croce. Ci introduce a questo mistero con amore materno. Anche nella nostra quotidianit\u00e0\u201d \u2013 ha affermato p. Frankowski.<\/div><\/div>\t\t\t\t\t\t\t\t<\/div>\n\t\t\t\t<\/div>\n\t\t\t\t<div class=\"elementor-element elementor-element-e37973f elementor-widget elementor-widget-text-editor\" data-id=\"e37973f\" data-element_type=\"widget\" data-e-type=\"widget\" data-widget_type=\"text-editor.default\">\n\t\t\t\t<div class=\"elementor-widget-container\">\n\t\t\t\t\t\t\t\t\t<p>Testo e foto: Ufficio Stampa Santuario<\/p>\t\t\t\t\t\t\t\t<\/div>\n\t\t\t\t<\/div>\n\t\t\t\t<div class=\"elementor-element elementor-element-2b688d0 elementor-widget-divider--view-line_icon elementor-view-default elementor-widget-divider--element-align-center elementor-widget elementor-widget-divider\" data-id=\"2b688d0\" data-element_type=\"widget\" data-e-type=\"widget\" data-widget_type=\"divider.default\">\n\t\t\t\t<div class=\"elementor-widget-container\">\n\t\t\t\t\t\t\t<div class=\"elementor-divider\">\n\t\t\t<span class=\"elementor-divider-separator\">\n\t\t\t\t\t\t\t<div class=\"elementor-icon elementor-divider__element\">\n\t\t\t\t\t<i aria-hidden=\"true\" class=\"fas fa-camera\"><\/i><\/div>\n\t\t\t\t\t\t<\/span>\n\t\t<\/div>\n\t\t\t\t\t\t<\/div>\n\t\t\t\t<\/div>\n\t\t\t\t<div class=\"elementor-element elementor-element-c90b849 elementor-widget elementor-widget-gallery\" data-id=\"c90b849\" data-element_type=\"widget\" data-e-type=\"widget\" data-settings=\"{&quot;columns&quot;:6,&quot;lazyload&quot;:&quot;yes&quot;,&quot;gallery_layout&quot;:&quot;grid&quot;,&quot;columns_tablet&quot;:2,&quot;columns_mobile&quot;:1,&quot;gap&quot;:{&quot;unit&quot;:&quot;px&quot;,&quot;size&quot;:10,&quot;sizes&quot;:[]},&quot;gap_tablet&quot;:{&quot;unit&quot;:&quot;px&quot;,&quot;size&quot;:10,&quot;sizes&quot;:[]},&quot;gap_mobile&quot;:{&quot;unit&quot;:&quot;px&quot;,&quot;size&quot;:10,&quot;sizes&quot;:[]},&quot;link_to&quot;:&quot;file&quot;,&quot;aspect_ratio&quot;:&quot;3:2&quot;,&quot;overlay_background&quot;:&quot;yes&quot;,&quot;content_hover_animation&quot;:&quot;fade-in&quot;}\" data-widget_type=\"gallery.default\">\n\t\t\t\t<div class=\"elementor-widget-container\">\n\t\t\t\t\t\t\t<div class=\"elementor-gallery__container\">\n\t\t\t\t\t\t\t<a class=\"e-gallery-item elementor-gallery-item elementor-animated-content\" href=\"https:\/\/www.lichen.pl\/wp-content\/uploads\/2021\/09\/18.-Pielgrzymka-Honorowych-Dawcow-Krwi-Wrzesien-2021-1.jpg\" data-elementor-open-lightbox=\"yes\" data-elementor-lightbox-slideshow=\"c90b849\" data-elementor-lightbox-title=\"18. Pielgrzymka Honorowych Dawc\u00f3w Krwi, Wrzesie\u0144 2021 1\" data-e-action-hash=\"#elementor-action%3Aaction%3Dlightbox%26settings%3DeyJpZCI6MzA1MDQsInVybCI6Imh0dHBzOlwvXC93d3cubGljaGVuLnBsXC93cC1jb250ZW50XC91cGxvYWRzXC8yMDIxXC8wOVwvMTguLVBpZWxncnp5bWthLUhvbm9yb3d5Y2gtRGF3Y293LUtyd2ktV3J6ZXNpZW4tMjAyMS0xLmpwZyIsInNsaWRlc2hvdyI6ImM5MGI4NDkifQ%3D%3D\">\n\t\t\t\t\t<div class=\"e-gallery-image elementor-gallery-item__image\" data-thumbnail=\"https:\/\/www.lichen.pl\/wp-content\/uploads\/2021\/09\/18.-Pielgrzymka-Honorowych-Dawcow-Krwi-Wrzesien-2021-1-200x300.jpg\" data-width=\"200\" data-height=\"300\" aria-label=\"\" role=\"img\" ><\/div>\n\t\t\t\t\t\t\t\t\t\t\t<div class=\"elementor-gallery-item__overlay\"><\/div>\n\t\t\t\t\t\t\t\t\t\t\t\t\t\t<\/a>\n\t\t\t\t\t\t\t<a class=\"e-gallery-item elementor-gallery-item elementor-animated-content\" href=\"https:\/\/www.lichen.pl\/wp-content\/uploads\/2021\/09\/18.-Pielgrzymka-Honorowych-Dawcow-Krwi-Wrzesien-2021-2.jpg\" data-elementor-open-lightbox=\"yes\" data-elementor-lightbox-slideshow=\"c90b849\" data-elementor-lightbox-title=\"18. Pielgrzymka Honorowych Dawc\u00f3w Krwi, Wrzesie\u0144 2021 2\" data-e-action-hash=\"#elementor-action%3Aaction%3Dlightbox%26settings%3DeyJpZCI6MzA1MDksInVybCI6Imh0dHBzOlwvXC93d3cubGljaGVuLnBsXC93cC1jb250ZW50XC91cGxvYWRzXC8yMDIxXC8wOVwvMTguLVBpZWxncnp5bWthLUhvbm9yb3d5Y2gtRGF3Y293LUtyd2ktV3J6ZXNpZW4tMjAyMS0yLmpwZyIsInNsaWRlc2hvdyI6ImM5MGI4NDkifQ%3D%3D\">\n\t\t\t\t\t<div class=\"e-gallery-image elementor-gallery-item__image\" data-thumbnail=\"https:\/\/www.lichen.pl\/wp-content\/uploads\/2021\/09\/18.-Pielgrzymka-Honorowych-Dawcow-Krwi-Wrzesien-2021-2-300x200.jpg\" data-width=\"300\" data-height=\"200\" aria-label=\"\" role=\"img\" ><\/div>\n\t\t\t\t\t\t\t\t\t\t\t<div class=\"elementor-gallery-item__overlay\"><\/div>\n\t\t\t\t\t\t\t\t\t\t\t\t\t\t<\/a>\n\t\t\t\t\t\t\t<a class=\"e-gallery-item elementor-gallery-item elementor-animated-content\" href=\"https:\/\/www.lichen.pl\/wp-content\/uploads\/2021\/09\/18.-Pielgrzymka-Honorowych-Dawcow-Krwi-Wrzesien-2021-3.jpg\" data-elementor-open-lightbox=\"yes\" data-elementor-lightbox-slideshow=\"c90b849\" data-elementor-lightbox-title=\"18. Pielgrzymka Honorowych Dawc\u00f3w Krwi, Wrzesie\u0144 2021 3\" data-e-action-hash=\"#elementor-action%3Aaction%3Dlightbox%26settings%3DeyJpZCI6MzA1MTQsInVybCI6Imh0dHBzOlwvXC93d3cubGljaGVuLnBsXC93cC1jb250ZW50XC91cGxvYWRzXC8yMDIxXC8wOVwvMTguLVBpZWxncnp5bWthLUhvbm9yb3d5Y2gtRGF3Y293LUtyd2ktV3J6ZXNpZW4tMjAyMS0zLmpwZyIsInNsaWRlc2hvdyI6ImM5MGI4NDkifQ%3D%3D\">\n\t\t\t\t\t<div class=\"e-gallery-image elementor-gallery-item__image\" data-thumbnail=\"https:\/\/www.lichen.pl\/wp-content\/uploads\/2021\/09\/18.-Pielgrzymka-Honorowych-Dawcow-Krwi-Wrzesien-2021-3-200x300.jpg\" data-width=\"200\" data-height=\"300\" aria-label=\"\" role=\"img\" ><\/div>\n\t\t\t\t\t\t\t\t\t\t\t<div class=\"elementor-gallery-item__overlay\"><\/div>\n\t\t\t\t\t\t\t\t\t\t\t\t\t\t<\/a>\n\t\t\t\t\t\t\t<a class=\"e-gallery-item elementor-gallery-item elementor-animated-content\" href=\"https:\/\/www.lichen.pl\/wp-content\/uploads\/2021\/09\/18.-Pielgrzymka-Honorowych-Dawcow-Krwi-Wrzesien-2021-4.jpg\" data-elementor-open-lightbox=\"yes\" data-elementor-lightbox-slideshow=\"c90b849\" data-elementor-lightbox-title=\"18. Pielgrzymka Honorowych Dawc\u00f3w Krwi, Wrzesie\u0144 2021 4\" data-e-action-hash=\"#elementor-action%3Aaction%3Dlightbox%26settings%3DeyJpZCI6MzA1MTksInVybCI6Imh0dHBzOlwvXC93d3cubGljaGVuLnBsXC93cC1jb250ZW50XC91cGxvYWRzXC8yMDIxXC8wOVwvMTguLVBpZWxncnp5bWthLUhvbm9yb3d5Y2gtRGF3Y293LUtyd2ktV3J6ZXNpZW4tMjAyMS00LmpwZyIsInNsaWRlc2hvdyI6ImM5MGI4NDkifQ%3D%3D\">\n\t\t\t\t\t<div class=\"e-gallery-image elementor-gallery-item__image\" data-thumbnail=\"https:\/\/www.lichen.pl\/wp-content\/uploads\/2021\/09\/18.-Pielgrzymka-Honorowych-Dawcow-Krwi-Wrzesien-2021-4-300x200.jpg\" data-width=\"300\" data-height=\"200\" aria-label=\"\" role=\"img\" ><\/div>\n\t\t\t\t\t\t\t\t\t\t\t<div class=\"elementor-gallery-item__overlay\"><\/div>\n\t\t\t\t\t\t\t\t\t\t\t\t\t\t<\/a>\n\t\t\t\t\t\t\t<a class=\"e-gallery-item elementor-gallery-item elementor-animated-content\" href=\"https:\/\/www.lichen.pl\/wp-content\/uploads\/2021\/09\/18.-Pielgrzymka-Honorowych-Dawcow-Krwi-Wrzesien-2021-5.jpg\" data-elementor-open-lightbox=\"yes\" data-elementor-lightbox-slideshow=\"c90b849\" data-elementor-lightbox-title=\"18. Pielgrzymka Honorowych Dawc\u00f3w Krwi, Wrzesie\u0144 2021 5\" data-e-action-hash=\"#elementor-action%3Aaction%3Dlightbox%26settings%3DeyJpZCI6MzA1MjQsInVybCI6Imh0dHBzOlwvXC93d3cubGljaGVuLnBsXC93cC1jb250ZW50XC91cGxvYWRzXC8yMDIxXC8wOVwvMTguLVBpZWxncnp5bWthLUhvbm9yb3d5Y2gtRGF3Y293LUtyd2ktV3J6ZXNpZW4tMjAyMS01LmpwZyIsInNsaWRlc2hvdyI6ImM5MGI4NDkifQ%3D%3D\">\n\t\t\t\t\t<div class=\"e-gallery-image elementor-gallery-item__image\" data-thumbnail=\"https:\/\/www.lichen.pl\/wp-content\/uploads\/2021\/09\/18.-Pielgrzymka-Honorowych-Dawcow-Krwi-Wrzesien-2021-5-300x200.jpg\" data-width=\"300\" data-height=\"200\" aria-label=\"\" role=\"img\" ><\/div>\n\t\t\t\t\t\t\t\t\t\t\t<div class=\"elementor-gallery-item__overlay\"><\/div>\n\t\t\t\t\t\t\t\t\t\t\t\t\t\t<\/a>\n\t\t\t\t\t\t\t<a class=\"e-gallery-item elementor-gallery-item elementor-animated-content\" href=\"https:\/\/www.lichen.pl\/wp-content\/uploads\/2021\/09\/18.-Pielgrzymka-Honorowych-Dawcow-Krwi-Wrzesien-2021-7.jpg\" data-elementor-open-lightbox=\"yes\" data-elementor-lightbox-slideshow=\"c90b849\" data-elementor-lightbox-title=\"18. Pielgrzymka Honorowych Dawc\u00f3w Krwi, Wrzesie\u0144 2021 7\" data-e-action-hash=\"#elementor-action%3Aaction%3Dlightbox%26settings%3DeyJpZCI6MzA1MzQsInVybCI6Imh0dHBzOlwvXC93d3cubGljaGVuLnBsXC93cC1jb250ZW50XC91cGxvYWRzXC8yMDIxXC8wOVwvMTguLVBpZWxncnp5bWthLUhvbm9yb3d5Y2gtRGF3Y293LUtyd2ktV3J6ZXNpZW4tMjAyMS03LmpwZyIsInNsaWRlc2hvdyI6ImM5MGI4NDkifQ%3D%3D\">\n\t\t\t\t\t<div class=\"e-gallery-image elementor-gallery-item__image\" data-thumbnail=\"https:\/\/www.lichen.pl\/wp-content\/uploads\/2021\/09\/18.-Pielgrzymka-Honorowych-Dawcow-Krwi-Wrzesien-2021-7-300x200.jpg\" data-width=\"300\" data-height=\"200\" aria-label=\"\" role=\"img\" ><\/div>\n\t\t\t\t\t\t\t\t\t\t\t<div class=\"elementor-gallery-item__overlay\"><\/div>\n\t\t\t\t\t\t\t\t\t\t\t\t\t\t<\/a>\n\t\t\t\t\t\t\t<a class=\"e-gallery-item elementor-gallery-item elementor-animated-content\" href=\"https:\/\/www.lichen.pl\/wp-content\/uploads\/2021\/09\/18.-Pielgrzymka-Honorowych-Dawcow-Krwi-Wrzesien-2021-8.jpg\" data-elementor-open-lightbox=\"yes\" data-elementor-lightbox-slideshow=\"c90b849\" data-elementor-lightbox-title=\"18. Pielgrzymka Honorowych Dawc\u00f3w Krwi, Wrzesie\u0144 2021 8\" data-e-action-hash=\"#elementor-action%3Aaction%3Dlightbox%26settings%3DeyJpZCI6MzA1MzksInVybCI6Imh0dHBzOlwvXC93d3cubGljaGVuLnBsXC93cC1jb250ZW50XC91cGxvYWRzXC8yMDIxXC8wOVwvMTguLVBpZWxncnp5bWthLUhvbm9yb3d5Y2gtRGF3Y293LUtyd2ktV3J6ZXNpZW4tMjAyMS04LmpwZyIsInNsaWRlc2hvdyI6ImM5MGI4NDkifQ%3D%3D\">\n\t\t\t\t\t<div class=\"e-gallery-image elementor-gallery-item__image\" data-thumbnail=\"https:\/\/www.lichen.pl\/wp-content\/uploads\/2021\/09\/18.-Pielgrzymka-Honorowych-Dawcow-Krwi-Wrzesien-2021-8-200x300.jpg\" data-width=\"200\" data-height=\"300\" aria-label=\"\" role=\"img\" ><\/div>\n\t\t\t\t\t\t\t\t\t\t\t<div class=\"elementor-gallery-item__overlay\"><\/div>\n\t\t\t\t\t\t\t\t\t\t\t\t\t\t<\/a>\n\t\t\t\t\t\t\t<a class=\"e-gallery-item elementor-gallery-item elementor-animated-content\" href=\"https:\/\/www.lichen.pl\/wp-content\/uploads\/2021\/09\/18.-Pielgrzymka-Honorowych-Dawcow-Krwi-Wrzesien-2021-9.jpg\" data-elementor-open-lightbox=\"yes\" data-elementor-lightbox-slideshow=\"c90b849\" data-elementor-lightbox-title=\"18. Pielgrzymka Honorowych Dawc\u00f3w Krwi, Wrzesie\u0144 2021 9\" data-e-action-hash=\"#elementor-action%3Aaction%3Dlightbox%26settings%3DeyJpZCI6MzA1NDQsInVybCI6Imh0dHBzOlwvXC93d3cubGljaGVuLnBsXC93cC1jb250ZW50XC91cGxvYWRzXC8yMDIxXC8wOVwvMTguLVBpZWxncnp5bWthLUhvbm9yb3d5Y2gtRGF3Y293LUtyd2ktV3J6ZXNpZW4tMjAyMS05LmpwZyIsInNsaWRlc2hvdyI6ImM5MGI4NDkifQ%3D%3D\">\n\t\t\t\t\t<div class=\"e-gallery-image elementor-gallery-item__image\" data-thumbnail=\"https:\/\/www.lichen.pl\/wp-content\/uploads\/2021\/09\/18.-Pielgrzymka-Honorowych-Dawcow-Krwi-Wrzesien-2021-9-200x300.jpg\" data-width=\"200\" data-height=\"300\" aria-label=\"\" role=\"img\" ><\/div>\n\t\t\t\t\t\t\t\t\t\t\t<div class=\"elementor-gallery-item__overlay\"><\/div>\n\t\t\t\t\t\t\t\t\t\t\t\t\t\t<\/a>\n\t\t\t\t\t\t\t<a class=\"e-gallery-item elementor-gallery-item elementor-animated-content\" href=\"https:\/\/www.lichen.pl\/wp-content\/uploads\/2021\/09\/18.-Pielgrzymka-Honorowych-Dawcow-Krwi-Wrzesien-2021-11.jpg\" data-elementor-open-lightbox=\"yes\" data-elementor-lightbox-slideshow=\"c90b849\" data-elementor-lightbox-title=\"18. Pielgrzymka Honorowych Dawc\u00f3w Krwi, Wrzesie\u0144 2021 11\" data-e-action-hash=\"#elementor-action%3Aaction%3Dlightbox%26settings%3DeyJpZCI6MzA1NTQsInVybCI6Imh0dHBzOlwvXC93d3cubGljaGVuLnBsXC93cC1jb250ZW50XC91cGxvYWRzXC8yMDIxXC8wOVwvMTguLVBpZWxncnp5bWthLUhvbm9yb3d5Y2gtRGF3Y293LUtyd2ktV3J6ZXNpZW4tMjAyMS0xMS5qcGciLCJzbGlkZXNob3ciOiJjOTBiODQ5In0%3D\">\n\t\t\t\t\t<div class=\"e-gallery-image elementor-gallery-item__image\" data-thumbnail=\"https:\/\/www.lichen.pl\/wp-content\/uploads\/2021\/09\/18.-Pielgrzymka-Honorowych-Dawcow-Krwi-Wrzesien-2021-11-300x200.jpg\" data-width=\"300\" data-height=\"200\" aria-label=\"\" role=\"img\" ><\/div>\n\t\t\t\t\t\t\t\t\t\t\t<div class=\"elementor-gallery-item__overlay\"><\/div>\n\t\t\t\t\t\t\t\t\t\t\t\t\t\t<\/a>\n\t\t\t\t\t\t\t<a class=\"e-gallery-item elementor-gallery-item elementor-animated-content\" href=\"https:\/\/www.lichen.pl\/wp-content\/uploads\/2021\/09\/18.-Pielgrzymka-Honorowych-Dawcow-Krwi-Wrzesien-2021-12.jpg\" data-elementor-open-lightbox=\"yes\" data-elementor-lightbox-slideshow=\"c90b849\" data-elementor-lightbox-title=\"18. Pielgrzymka Honorowych Dawc\u00f3w Krwi, Wrzesie\u0144 2021 12\" data-e-action-hash=\"#elementor-action%3Aaction%3Dlightbox%26settings%3DeyJpZCI6MzA1NTksInVybCI6Imh0dHBzOlwvXC93d3cubGljaGVuLnBsXC93cC1jb250ZW50XC91cGxvYWRzXC8yMDIxXC8wOVwvMTguLVBpZWxncnp5bWthLUhvbm9yb3d5Y2gtRGF3Y293LUtyd2ktV3J6ZXNpZW4tMjAyMS0xMi5qcGciLCJzbGlkZXNob3ciOiJjOTBiODQ5In0%3D\">\n\t\t\t\t\t<div class=\"e-gallery-image elementor-gallery-item__image\" data-thumbnail=\"https:\/\/www.lichen.pl\/wp-content\/uploads\/2021\/09\/18.-Pielgrzymka-Honorowych-Dawcow-Krwi-Wrzesien-2021-12-300x200.jpg\" data-width=\"300\" data-height=\"200\" aria-label=\"\" role=\"img\" ><\/div>\n\t\t\t\t\t\t\t\t\t\t\t<div class=\"elementor-gallery-item__overlay\"><\/div>\n\t\t\t\t\t\t\t\t\t\t\t\t\t\t<\/a>\n\t\t\t\t\t\t\t<a class=\"e-gallery-item elementor-gallery-item elementor-animated-content\" href=\"https:\/\/www.lichen.pl\/wp-content\/uploads\/2021\/09\/18.-Pielgrzymka-Honorowych-Dawcow-Krwi-Wrzesien-2021-16.jpg\" data-elementor-open-lightbox=\"yes\" data-elementor-lightbox-slideshow=\"c90b849\" data-elementor-lightbox-title=\"18. Pielgrzymka Honorowych Dawc\u00f3w Krwi, Wrzesie\u0144 2021 16\" data-e-action-hash=\"#elementor-action%3Aaction%3Dlightbox%26settings%3DeyJpZCI6MzA1NzksInVybCI6Imh0dHBzOlwvXC93d3cubGljaGVuLnBsXC93cC1jb250ZW50XC91cGxvYWRzXC8yMDIxXC8wOVwvMTguLVBpZWxncnp5bWthLUhvbm9yb3d5Y2gtRGF3Y293LUtyd2ktV3J6ZXNpZW4tMjAyMS0xNi5qcGciLCJzbGlkZXNob3ciOiJjOTBiODQ5In0%3D\">\n\t\t\t\t\t<div class=\"e-gallery-image elementor-gallery-item__image\" data-thumbnail=\"https:\/\/www.lichen.pl\/wp-content\/uploads\/2021\/09\/18.-Pielgrzymka-Honorowych-Dawcow-Krwi-Wrzesien-2021-16-200x300.jpg\" data-width=\"200\" data-height=\"300\" aria-label=\"\" role=\"img\" ><\/div>\n\t\t\t\t\t\t\t\t\t\t\t<div class=\"elementor-gallery-item__overlay\"><\/div>\n\t\t\t\t\t\t\t\t\t\t\t\t\t\t<\/a>\n\t\t\t\t\t\t\t<a class=\"e-gallery-item elementor-gallery-item elementor-animated-content\" href=\"https:\/\/www.lichen.pl\/wp-content\/uploads\/2021\/09\/18.-Pielgrzymka-Honorowych-Dawcow-Krwi-Wrzesien-2021-10.jpg\" data-elementor-open-lightbox=\"yes\" data-elementor-lightbox-slideshow=\"c90b849\" data-elementor-lightbox-title=\"18. Pielgrzymka Honorowych Dawc\u00f3w Krwi, Wrzesie\u0144 2021 10\" data-e-action-hash=\"#elementor-action%3Aaction%3Dlightbox%26settings%3DeyJpZCI6MzA1NDksInVybCI6Imh0dHBzOlwvXC93d3cubGljaGVuLnBsXC93cC1jb250ZW50XC91cGxvYWRzXC8yMDIxXC8wOVwvMTguLVBpZWxncnp5bWthLUhvbm9yb3d5Y2gtRGF3Y293LUtyd2ktV3J6ZXNpZW4tMjAyMS0xMC5qcGciLCJzbGlkZXNob3ciOiJjOTBiODQ5In0%3D\">\n\t\t\t\t\t<div class=\"e-gallery-image elementor-gallery-item__image\" data-thumbnail=\"https:\/\/www.lichen.pl\/wp-content\/uploads\/2021\/09\/18.-Pielgrzymka-Honorowych-Dawcow-Krwi-Wrzesien-2021-10-300x200.jpg\" data-width=\"300\" data-height=\"200\" aria-label=\"\" role=\"img\" ><\/div>\n\t\t\t\t\t\t\t\t\t\t\t<div class=\"elementor-gallery-item__overlay\"><\/div>\n\t\t\t\t\t\t\t\t\t\t\t\t\t\t<\/a>\n\t\t\t\t\t<\/div>\n\t\t\t\t\t<\/div>\n\t\t\t\t<\/div>\n\t\t\t\t\t<\/div>\n\t\t<\/div>\n\t\t\t\t\t<\/div>\n\t\t<\/section>\n\t\t\t\t<section class=\"elementor-section elementor-top-section elementor-element elementor-element-e509a01 elementor-section-boxed elementor-section-height-default elementor-section-height-default\" data-id=\"e509a01\" data-element_type=\"section\" data-e-type=\"section\">\n\t\t\t\t\t\t<div class=\"elementor-container elementor-column-gap-default\">\n\t\t\t\t\t<div class=\"elementor-column elementor-col-100 elementor-top-column elementor-element elementor-element-5011668\" data-id=\"5011668\" data-element_type=\"column\" data-e-type=\"column\">\n\t\t\t<div class=\"elementor-widget-wrap elementor-element-populated\">\n\t\t\t\t\t\t<div class=\"elementor-element elementor-element-4e1eaff elementor-widget-divider--view-line elementor-widget elementor-widget-divider\" data-id=\"4e1eaff\" data-element_type=\"widget\" data-e-type=\"widget\" data-widget_type=\"divider.default\">\n\t\t\t\t<div class=\"elementor-widget-container\">\n\t\t\t\t\t\t\t<div class=\"elementor-divider\">\n\t\t\t<span class=\"elementor-divider-separator\">\n\t\t\t\t\t\t<\/span>\n\t\t<\/div>\n\t\t\t\t\t\t<\/div>\n\t\t\t\t<\/div>\n\t\t\t\t\t<\/div>\n\t\t<\/div>\n\t\t\t\t\t<\/div>\n\t\t<\/section>\n\t\t\t\t<\/div>","protected":false},"excerpt":{"rendered":"<p>Uczestnik\u00f3w tegorocznej pielgrzymki powita\u0142 ks. Adam Stankiewicz MIC, wicekustosz liche\u0144skiego sanktuarium, dzi\u0119kuj\u0105c za ich \u015bwiadectwo. Liturgii o godzinie 12.00 przewodniczy\u0142 kapelan HDK, ks. kanonik Miros\u0142aw Frankowski, proboszcz parafii \u015bw. Barbary w Turku. Chrze\u015bcijanin jako cz\u0142owiek rozs\u0105dny i uczciwy ma obowi\u0105zek stara\u0107 si\u0119 zar\u00f3wno w stosunku do siebie jak i do innych o rzeczywiste zmniejszenie cierpienia [&hellip;]<\/p>\n","protected":false},"author":2,"featured_media":30732,"comment_status":"open","ping_status":"open","sticky":false,"template":"","format":"standard","meta":{"footnotes":""},"categories":[1],"tags":[],"class_list":["post-30728","post","type-post","status-publish","format-standard","has-post-thumbnail","hentry","category-aktualnosci","wpbf-post"],"yoast_head":"<!-- This site is optimized with the Yoast SEO plugin v27.4 - https:\/\/yoast.com\/product\/yoast-seo-wordpress\/ -->\n<title>18.Og\u00f3lnopolska Pielgrzymka Honorowych Dawc\u00f3w Krwi - SANKTUARIUM W LICHENIU<\/title>\n<meta name=\"robots\" content=\"index, follow, max-snippet:-1, max-image-preview:large, max-video-preview:-1\" \/>\n<link rel=\"canonical\" href=\"https:\/\/www.lichen.pl\/it\/18-ogolnopolska-pielgrzymka-honorowych-dawcow-krwi\/\" \/>\n<meta property=\"og:locale\" content=\"it_IT\" \/>\n<meta property=\"og:type\" content=\"article\" \/>\n<meta property=\"og:title\" content=\"18.Og\u00f3lnopolska Pielgrzymka Honorowych Dawc\u00f3w Krwi - SANKTUARIUM W LICHENIU\" \/>\n<meta property=\"og:description\" content=\"Uczestnik\u00f3w tegorocznej pielgrzymki powita\u0142 ks. Adam Stankiewicz MIC, wicekustosz liche\u0144skiego sanktuarium, dzi\u0119kuj\u0105c za ich \u015bwiadectwo. Liturgii o godzinie 12.00 przewodniczy\u0142 kapelan HDK, ks. kanonik Miros\u0142aw Frankowski, proboszcz parafii \u015bw. Barbary w Turku. Chrze\u015bcijanin jako cz\u0142owiek rozs\u0105dny i uczciwy ma obowi\u0105zek stara\u0107 si\u0119 zar\u00f3wno w stosunku do siebie jak i do innych o rzeczywiste zmniejszenie cierpienia [&hellip;]\" \/>\n<meta property=\"og:url\" content=\"https:\/\/www.lichen.pl\/it\/18-ogolnopolska-pielgrzymka-honorowych-dawcow-krwi\/\" \/>\n<meta property=\"og:site_name\" content=\"SANKTUARIUM W LICHENIU\" \/>\n<meta property=\"article:published_time\" content=\"2021-09-11T14:30:58+00:00\" \/>\n<meta property=\"article:modified_time\" content=\"2021-09-16T12:04:09+00:00\" \/>\n<meta property=\"og:image\" content=\"https:\/\/www.lichen.pl\/wp-content\/uploads\/2021\/09\/18.-Pielgrzymka-Honorowych-Dawcow-Krwi-Wrzesien-2021-KADR.jpg\" \/>\n\t<meta property=\"og:image:width\" content=\"891\" \/>\n\t<meta property=\"og:image:height\" content=\"538\" \/>\n\t<meta property=\"og:image:type\" content=\"image\/jpeg\" \/>\n<meta name=\"author\" content=\"Arkadiusz Gorgolewski\" \/>\n<meta name=\"twitter:card\" content=\"summary_large_image\" \/>\n<meta name=\"twitter:label1\" content=\"Scritto da\" \/>\n\t<meta name=\"twitter:data1\" content=\"Arkadiusz Gorgolewski\" \/>\n\t<meta name=\"twitter:label2\" content=\"Tempo di lettura stimato\" \/>\n\t<meta name=\"twitter:data2\" content=\"3 minuti\" \/>\n<script type=\"application\/ld+json\" class=\"yoast-schema-graph\">{\"@context\":\"https:\\\/\\\/schema.org\",\"@graph\":[{\"@type\":\"Article\",\"@id\":\"https:\\\/\\\/www.lichen.pl\\\/de\\\/18-ogolnopolska-pielgrzymka-honorowych-dawcow-krwi\\\/#article\",\"isPartOf\":{\"@id\":\"https:\\\/\\\/www.lichen.pl\\\/de\\\/18-ogolnopolska-pielgrzymka-honorowych-dawcow-krwi\\\/\"},\"author\":{\"name\":\"Arkadiusz Gorgolewski\",\"@id\":\"https:\\\/\\\/www.lichen.pl\\\/fr\\\/#\\\/schema\\\/person\\\/56fc5b38d70a2b34983408f9a457fd9d\"},\"headline\":\"18.Og\u00f3lnopolska Pielgrzymka Honorowych Dawc\u00f3w Krwi\",\"datePublished\":\"2021-09-11T14:30:58+00:00\",\"dateModified\":\"2021-09-16T12:04:09+00:00\",\"mainEntityOfPage\":{\"@id\":\"https:\\\/\\\/www.lichen.pl\\\/de\\\/18-ogolnopolska-pielgrzymka-honorowych-dawcow-krwi\\\/\"},\"wordCount\":654,\"commentCount\":0,\"image\":{\"@id\":\"https:\\\/\\\/www.lichen.pl\\\/de\\\/18-ogolnopolska-pielgrzymka-honorowych-dawcow-krwi\\\/#primaryimage\"},\"thumbnailUrl\":\"https:\\\/\\\/www.lichen.pl\\\/wp-content\\\/uploads\\\/2021\\\/09\\\/18.-Pielgrzymka-Honorowych-Dawcow-Krwi-Wrzesien-2021-KADR.jpg\",\"articleSection\":[\"Aktualno\u015bci\"],\"inLanguage\":\"it-IT\",\"potentialAction\":[{\"@type\":\"CommentAction\",\"name\":\"Comment\",\"target\":[\"https:\\\/\\\/www.lichen.pl\\\/de\\\/18-ogolnopolska-pielgrzymka-honorowych-dawcow-krwi\\\/#respond\"]}]},{\"@type\":\"WebPage\",\"@id\":\"https:\\\/\\\/www.lichen.pl\\\/de\\\/18-ogolnopolska-pielgrzymka-honorowych-dawcow-krwi\\\/\",\"url\":\"https:\\\/\\\/www.lichen.pl\\\/de\\\/18-ogolnopolska-pielgrzymka-honorowych-dawcow-krwi\\\/\",\"name\":\"18.Og\u00f3lnopolska Pielgrzymka Honorowych Dawc\u00f3w Krwi - SANKTUARIUM W LICHENIU\",\"isPartOf\":{\"@id\":\"https:\\\/\\\/www.lichen.pl\\\/fr\\\/#website\"},\"primaryImageOfPage\":{\"@id\":\"https:\\\/\\\/www.lichen.pl\\\/de\\\/18-ogolnopolska-pielgrzymka-honorowych-dawcow-krwi\\\/#primaryimage\"},\"image\":{\"@id\":\"https:\\\/\\\/www.lichen.pl\\\/de\\\/18-ogolnopolska-pielgrzymka-honorowych-dawcow-krwi\\\/#primaryimage\"},\"thumbnailUrl\":\"https:\\\/\\\/www.lichen.pl\\\/wp-content\\\/uploads\\\/2021\\\/09\\\/18.-Pielgrzymka-Honorowych-Dawcow-Krwi-Wrzesien-2021-KADR.jpg\",\"datePublished\":\"2021-09-11T14:30:58+00:00\",\"dateModified\":\"2021-09-16T12:04:09+00:00\",\"author\":{\"@id\":\"https:\\\/\\\/www.lichen.pl\\\/fr\\\/#\\\/schema\\\/person\\\/56fc5b38d70a2b34983408f9a457fd9d\"},\"breadcrumb\":{\"@id\":\"https:\\\/\\\/www.lichen.pl\\\/de\\\/18-ogolnopolska-pielgrzymka-honorowych-dawcow-krwi\\\/#breadcrumb\"},\"inLanguage\":\"it-IT\",\"potentialAction\":[{\"@type\":\"ReadAction\",\"target\":[\"https:\\\/\\\/www.lichen.pl\\\/de\\\/18-ogolnopolska-pielgrzymka-honorowych-dawcow-krwi\\\/\"]}]},{\"@type\":\"ImageObject\",\"inLanguage\":\"it-IT\",\"@id\":\"https:\\\/\\\/www.lichen.pl\\\/de\\\/18-ogolnopolska-pielgrzymka-honorowych-dawcow-krwi\\\/#primaryimage\",\"url\":\"https:\\\/\\\/www.lichen.pl\\\/wp-content\\\/uploads\\\/2021\\\/09\\\/18.-Pielgrzymka-Honorowych-Dawcow-Krwi-Wrzesien-2021-KADR.jpg\",\"contentUrl\":\"https:\\\/\\\/www.lichen.pl\\\/wp-content\\\/uploads\\\/2021\\\/09\\\/18.-Pielgrzymka-Honorowych-Dawcow-Krwi-Wrzesien-2021-KADR.jpg\",\"width\":891,\"height\":538},{\"@type\":\"BreadcrumbList\",\"@id\":\"https:\\\/\\\/www.lichen.pl\\\/de\\\/18-ogolnopolska-pielgrzymka-honorowych-dawcow-krwi\\\/#breadcrumb\",\"itemListElement\":[{\"@type\":\"ListItem\",\"position\":1,\"name\":\"Strona g\u0142\u00f3wna\",\"item\":\"https:\\\/\\\/www.lichen.pl\\\/\"},{\"@type\":\"ListItem\",\"position\":2,\"name\":\"18.Og\u00f3lnopolska Pielgrzymka Honorowych Dawc\u00f3w Krwi\"}]},{\"@type\":\"WebSite\",\"@id\":\"https:\\\/\\\/www.lichen.pl\\\/fr\\\/#website\",\"url\":\"https:\\\/\\\/www.lichen.pl\\\/fr\\\/\",\"name\":\"SANKTUARIUM W LICHENIU\",\"description\":\"MATKI BO\u017bEJ LICHE\u0143SKIEJ BOLESNEJ KR\u00d3LOWEJ POLSKI\",\"potentialAction\":[{\"@type\":\"SearchAction\",\"target\":{\"@type\":\"EntryPoint\",\"urlTemplate\":\"https:\\\/\\\/www.lichen.pl\\\/fr\\\/?s={search_term_string}\"},\"query-input\":{\"@type\":\"PropertyValueSpecification\",\"valueRequired\":true,\"valueName\":\"search_term_string\"}}],\"inLanguage\":\"it-IT\"},{\"@type\":\"Person\",\"@id\":\"https:\\\/\\\/www.lichen.pl\\\/fr\\\/#\\\/schema\\\/person\\\/56fc5b38d70a2b34983408f9a457fd9d\",\"name\":\"Arkadiusz Gorgolewski\",\"image\":{\"@type\":\"ImageObject\",\"inLanguage\":\"it-IT\",\"@id\":\"https:\\\/\\\/secure.gravatar.com\\\/avatar\\\/0f571b370f5aa245b1fd3b9c945511b004fe17579bdefd5054d99f0ba315149c?s=96&d=retro&r=g\",\"url\":\"https:\\\/\\\/secure.gravatar.com\\\/avatar\\\/0f571b370f5aa245b1fd3b9c945511b004fe17579bdefd5054d99f0ba315149c?s=96&d=retro&r=g\",\"contentUrl\":\"https:\\\/\\\/secure.gravatar.com\\\/avatar\\\/0f571b370f5aa245b1fd3b9c945511b004fe17579bdefd5054d99f0ba315149c?s=96&d=retro&r=g\",\"caption\":\"Arkadiusz Gorgolewski\"},\"url\":\"https:\\\/\\\/www.lichen.pl\\\/it\\\/author\\\/sanadmin\\\/\"}]}<\/script>\n<!-- \/ Yoast SEO plugin. -->","yoast_head_json":{"title":"18.Og\u00f3lnopolska Pielgrzymka Honorowych Dawc\u00f3w Krwi - SANKTUARIUM W LICHENIU","robots":{"index":"index","follow":"follow","max-snippet":"max-snippet:-1","max-image-preview":"max-image-preview:large","max-video-preview":"max-video-preview:-1"},"canonical":"https:\/\/www.lichen.pl\/it\/18-ogolnopolska-pielgrzymka-honorowych-dawcow-krwi\/","og_locale":"it_IT","og_type":"article","og_title":"18.Og\u00f3lnopolska Pielgrzymka Honorowych Dawc\u00f3w Krwi - SANKTUARIUM W LICHENIU","og_description":"Uczestnik\u00f3w tegorocznej pielgrzymki powita\u0142 ks. Adam Stankiewicz MIC, wicekustosz liche\u0144skiego sanktuarium, dzi\u0119kuj\u0105c za ich \u015bwiadectwo. Liturgii o godzinie 12.00 przewodniczy\u0142 kapelan HDK, ks. kanonik Miros\u0142aw Frankowski, proboszcz parafii \u015bw. Barbary w Turku. Chrze\u015bcijanin jako cz\u0142owiek rozs\u0105dny i uczciwy ma obowi\u0105zek stara\u0107 si\u0119 zar\u00f3wno w stosunku do siebie jak i do innych o rzeczywiste zmniejszenie cierpienia [&hellip;]","og_url":"https:\/\/www.lichen.pl\/it\/18-ogolnopolska-pielgrzymka-honorowych-dawcow-krwi\/","og_site_name":"SANKTUARIUM W LICHENIU","article_published_time":"2021-09-11T14:30:58+00:00","article_modified_time":"2021-09-16T12:04:09+00:00","og_image":[{"width":891,"height":538,"url":"https:\/\/www.lichen.pl\/wp-content\/uploads\/2021\/09\/18.-Pielgrzymka-Honorowych-Dawcow-Krwi-Wrzesien-2021-KADR.jpg","type":"image\/jpeg"}],"author":"Arkadiusz Gorgolewski","twitter_card":"summary_large_image","twitter_misc":{"Scritto da":"Arkadiusz Gorgolewski","Tempo di lettura stimato":"3 minuti"},"schema":{"@context":"https:\/\/schema.org","@graph":[{"@type":"Article","@id":"https:\/\/www.lichen.pl\/de\/18-ogolnopolska-pielgrzymka-honorowych-dawcow-krwi\/#article","isPartOf":{"@id":"https:\/\/www.lichen.pl\/de\/18-ogolnopolska-pielgrzymka-honorowych-dawcow-krwi\/"},"author":{"name":"Arkadiusz Gorgolewski","@id":"https:\/\/www.lichen.pl\/fr\/#\/schema\/person\/56fc5b38d70a2b34983408f9a457fd9d"},"headline":"18.Og\u00f3lnopolska Pielgrzymka Honorowych Dawc\u00f3w Krwi","datePublished":"2021-09-11T14:30:58+00:00","dateModified":"2021-09-16T12:04:09+00:00","mainEntityOfPage":{"@id":"https:\/\/www.lichen.pl\/de\/18-ogolnopolska-pielgrzymka-honorowych-dawcow-krwi\/"},"wordCount":654,"commentCount":0,"image":{"@id":"https:\/\/www.lichen.pl\/de\/18-ogolnopolska-pielgrzymka-honorowych-dawcow-krwi\/#primaryimage"},"thumbnailUrl":"https:\/\/www.lichen.pl\/wp-content\/uploads\/2021\/09\/18.-Pielgrzymka-Honorowych-Dawcow-Krwi-Wrzesien-2021-KADR.jpg","articleSection":["Aktualno\u015bci"],"inLanguage":"it-IT","potentialAction":[{"@type":"CommentAction","name":"Comment","target":["https:\/\/www.lichen.pl\/de\/18-ogolnopolska-pielgrzymka-honorowych-dawcow-krwi\/#respond"]}]},{"@type":"WebPage","@id":"https:\/\/www.lichen.pl\/de\/18-ogolnopolska-pielgrzymka-honorowych-dawcow-krwi\/","url":"https:\/\/www.lichen.pl\/de\/18-ogolnopolska-pielgrzymka-honorowych-dawcow-krwi\/","name":"18.Og\u00f3lnopolska Pielgrzymka Honorowych Dawc\u00f3w Krwi - SANKTUARIUM W LICHENIU","isPartOf":{"@id":"https:\/\/www.lichen.pl\/fr\/#website"},"primaryImageOfPage":{"@id":"https:\/\/www.lichen.pl\/de\/18-ogolnopolska-pielgrzymka-honorowych-dawcow-krwi\/#primaryimage"},"image":{"@id":"https:\/\/www.lichen.pl\/de\/18-ogolnopolska-pielgrzymka-honorowych-dawcow-krwi\/#primaryimage"},"thumbnailUrl":"https:\/\/www.lichen.pl\/wp-content\/uploads\/2021\/09\/18.-Pielgrzymka-Honorowych-Dawcow-Krwi-Wrzesien-2021-KADR.jpg","datePublished":"2021-09-11T14:30:58+00:00","dateModified":"2021-09-16T12:04:09+00:00","author":{"@id":"https:\/\/www.lichen.pl\/fr\/#\/schema\/person\/56fc5b38d70a2b34983408f9a457fd9d"},"breadcrumb":{"@id":"https:\/\/www.lichen.pl\/de\/18-ogolnopolska-pielgrzymka-honorowych-dawcow-krwi\/#breadcrumb"},"inLanguage":"it-IT","potentialAction":[{"@type":"ReadAction","target":["https:\/\/www.lichen.pl\/de\/18-ogolnopolska-pielgrzymka-honorowych-dawcow-krwi\/"]}]},{"@type":"ImageObject","inLanguage":"it-IT","@id":"https:\/\/www.lichen.pl\/de\/18-ogolnopolska-pielgrzymka-honorowych-dawcow-krwi\/#primaryimage","url":"https:\/\/www.lichen.pl\/wp-content\/uploads\/2021\/09\/18.-Pielgrzymka-Honorowych-Dawcow-Krwi-Wrzesien-2021-KADR.jpg","contentUrl":"https:\/\/www.lichen.pl\/wp-content\/uploads\/2021\/09\/18.-Pielgrzymka-Honorowych-Dawcow-Krwi-Wrzesien-2021-KADR.jpg","width":891,"height":538},{"@type":"BreadcrumbList","@id":"https:\/\/www.lichen.pl\/de\/18-ogolnopolska-pielgrzymka-honorowych-dawcow-krwi\/#breadcrumb","itemListElement":[{"@type":"ListItem","position":1,"name":"Strona g\u0142\u00f3wna","item":"https:\/\/www.lichen.pl\/"},{"@type":"ListItem","position":2,"name":"18.Og\u00f3lnopolska Pielgrzymka Honorowych Dawc\u00f3w Krwi"}]},{"@type":"WebSite","@id":"https:\/\/www.lichen.pl\/fr\/#website","url":"https:\/\/www.lichen.pl\/fr\/","name":"SANTUARIO IN LICHENIA","description":"LA REGINA ADOLORATA DEL NOSTRO LICHENE DI POLONIA","potentialAction":[{"@type":"SearchAction","target":{"@type":"EntryPoint","urlTemplate":"https:\/\/www.lichen.pl\/fr\/?s={search_term_string}"},"query-input":{"@type":"PropertyValueSpecification","valueRequired":true,"valueName":"search_term_string"}}],"inLanguage":"it-IT"},{"@type":"Person","@id":"https:\/\/www.lichen.pl\/fr\/#\/schema\/person\/56fc5b38d70a2b34983408f9a457fd9d","name":"Arkadiusz Gorgolewski","image":{"@type":"ImageObject","inLanguage":"it-IT","@id":"https:\/\/secure.gravatar.com\/avatar\/0f571b370f5aa245b1fd3b9c945511b004fe17579bdefd5054d99f0ba315149c?s=96&d=retro&r=g","url":"https:\/\/secure.gravatar.com\/avatar\/0f571b370f5aa245b1fd3b9c945511b004fe17579bdefd5054d99f0ba315149c?s=96&d=retro&r=g","contentUrl":"https:\/\/secure.gravatar.com\/avatar\/0f571b370f5aa245b1fd3b9c945511b004fe17579bdefd5054d99f0ba315149c?s=96&d=retro&r=g","caption":"Arkadiusz Gorgolewski"},"url":"https:\/\/www.lichen.pl\/it\/author\/sanadmin\/"}]}},"_links":{"self":[{"href":"https:\/\/www.lichen.pl\/it\/wp-json\/wp\/v2\/posts\/30728","targetHints":{"allow":["GET"]}}],"collection":[{"href":"https:\/\/www.lichen.pl\/it\/wp-json\/wp\/v2\/posts"}],"about":[{"href":"https:\/\/www.lichen.pl\/it\/wp-json\/wp\/v2\/types\/post"}],"author":[{"embeddable":true,"href":"https:\/\/www.lichen.pl\/it\/wp-json\/wp\/v2\/users\/2"}],"replies":[{"embeddable":true,"href":"https:\/\/www.lichen.pl\/it\/wp-json\/wp\/v2\/comments?post=30728"}],"version-history":[{"count":7,"href":"https:\/\/www.lichen.pl\/it\/wp-json\/wp\/v2\/posts\/30728\/revisions"}],"predecessor-version":[{"id":30747,"href":"https:\/\/www.lichen.pl\/it\/wp-json\/wp\/v2\/posts\/30728\/revisions\/30747"}],"wp:featuredmedia":[{"embeddable":true,"href":"https:\/\/www.lichen.pl\/it\/wp-json\/wp\/v2\/media\/30732"}],"wp:attachment":[{"href":"https:\/\/www.lichen.pl\/it\/wp-json\/wp\/v2\/media?parent=30728"}],"wp:term":[{"taxonomy":"category","embeddable":true,"href":"https:\/\/www.lichen.pl\/it\/wp-json\/wp\/v2\/categories?post=30728"},{"taxonomy":"post_tag","embeddable":true,"href":"https:\/\/www.lichen.pl\/it\/wp-json\/wp\/v2\/tags?post=30728"}],"curies":[{"name":"wp","href":"https:\/\/api.w.org\/{rel}","templated":true}]}}