{"id":30749,"date":"2021-09-12T14:00:32","date_gmt":"2021-09-12T14:00:32","guid":{"rendered":"http:\/\/www.lichen.pl\/noc-walki-o-blogoslawienstwo-dla-polski-6-7-sierpnia-2021-r-copy\/"},"modified":"2021-09-16T13:08:37","modified_gmt":"2021-09-16T13:08:37","slug":"beatyfikacja-kard-stefana-wyszynskiego-i-matki-elzbiety-czackiej","status":"publish","type":"post","link":"https:\/\/www.lichen.pl\/it\/beatyfikacja-kard-stefana-wyszynskiego-i-matki-elzbiety-czackiej\/","title":{"rendered":"Beatificazione del card. Stefan Wyszy\u0144ski e la madre El\u017cbieta Czacka"},"content":{"rendered":"<div data-elementor-type=\"wp-post\" data-elementor-id=\"30749\" class=\"elementor elementor-30749\" data-elementor-post-type=\"post\">\n\t\t\t\t\t\t<section class=\"elementor-section elementor-top-section elementor-element elementor-element-d269677 elementor-section-boxed elementor-section-height-default elementor-section-height-default\" data-id=\"d269677\" data-element_type=\"section\" data-e-type=\"section\">\n\t\t\t\t\t\t<div class=\"elementor-container elementor-column-gap-default\">\n\t\t\t\t\t<div class=\"elementor-column elementor-col-100 elementor-top-column elementor-element elementor-element-56bb580\" data-id=\"56bb580\" data-element_type=\"column\" data-e-type=\"column\">\n\t\t\t<div class=\"elementor-widget-wrap elementor-element-populated\">\n\t\t\t\t\t\t<div class=\"elementor-element elementor-element-218ff14 elementor-widget elementor-widget-heading\" data-id=\"218ff14\" data-element_type=\"widget\" data-e-type=\"widget\" data-widget_type=\"heading.default\">\n\t\t\t\t<div class=\"elementor-widget-container\">\n\t\t\t\t\t<h2 class=\"elementor-heading-title elementor-size-default\">Al Santuario di Liche\u0144 si attendeva con ansia la beatificazione del Cardinale Stefan Wyszy\u0144ski. In questi giorni ci siamo preparati a questo evento pregando nella novena.<\/h2>\t\t\t\t<\/div>\n\t\t\t\t<\/div>\n\t\t\t\t<div class=\"elementor-element elementor-element-25df724 elementor-widget elementor-widget-spacer\" data-id=\"25df724\" data-element_type=\"widget\" data-e-type=\"widget\" data-widget_type=\"spacer.default\">\n\t\t\t\t<div class=\"elementor-widget-container\">\n\t\t\t\t\t\t\t<div class=\"elementor-spacer\">\n\t\t\t<div class=\"elementor-spacer-inner\"><\/div>\n\t\t<\/div>\n\t\t\t\t\t\t<\/div>\n\t\t\t\t<\/div>\n\t\t\t\t<section class=\"elementor-section elementor-inner-section elementor-element elementor-element-8fd7737 elementor-section-boxed elementor-section-height-default elementor-section-height-default\" data-id=\"8fd7737\" data-element_type=\"section\" data-e-type=\"section\">\n\t\t\t\t\t\t<div class=\"elementor-container elementor-column-gap-default\">\n\t\t\t\t\t<div class=\"elementor-column elementor-col-50 elementor-inner-column elementor-element elementor-element-c51f171\" data-id=\"c51f171\" data-element_type=\"column\" data-e-type=\"column\">\n\t\t\t<div class=\"elementor-widget-wrap elementor-element-populated\">\n\t\t\t\t\t\t<div class=\"elementor-element elementor-element-344f555 elementor-blockquote--skin-clean elementor-blockquote--align-left elementor-widget elementor-widget-blockquote\" data-id=\"344f555\" data-element_type=\"widget\" data-e-type=\"widget\" data-widget_type=\"blockquote.default\">\n\t\t\t\t<div class=\"elementor-widget-container\">\n\t\t\t\t\t\t\t<blockquote class=\"elementor-blockquote\">\n\t\t\t<p class=\"elementor-blockquote__content\">\n\t\t\t\tIl Primate del Millennio \u00e8 stato una persona importante nella storia dei licheni. \u201cRicordo che quando sono stato qui anni fa, mi \u00e8 stato affidato il compito di annotare i favori vissuti dai devoti di Maria di Liche\u0144. Nel cimitero funerario, accanto alla cappella, c&#039;era un tavolo, al quale mi sono seduto per diverse ore, annotando in un libro tutto ci\u00f2 che il popolo di Dio ha vissuto e vissuto qui. Era un grande libro &quot;, ha ricordato Cardinal Wyszy\u0144ski in un discorso ai giovani nel 1967 a Liche\u0144. Sfortunatamente, le note sopra menzionate non sono sopravvissute - sono state distrutte durante la seconda guerra mondiale. Questo fu uno dei motivi per cui il vescovo Antoni Paw\u0142owski, mentre preparava l&#039;incoronazione dell&#039;icona del lichene, chiese al Primate del Millennio di sostenere la sua richiesta al Papa. Durante l&#039;incoronazione, Wyszy\u0144ski ha ricordato questo fatto come segue: \u201cHo avuto l&#039;opportunit\u00e0 di ripagare il debito di gratitudine per aver trascorso mesi su questo altare come giovane alunno. In quel tempo insegnavo il tuo catechismo ai tuoi piccoli. Forse oggi sono genitori con i propri figli. Fu allora che mi associ\u00f2 pi\u00f9 strettamente al santuario di Nostra Signora di Liche\u0144&quot;.\t\t\t<\/p>\n\t\t\t\t\t<\/blockquote>\n\t\t\t\t\t\t<\/div>\n\t\t\t\t<\/div>\n\t\t\t\t\t<\/div>\n\t\t<\/div>\n\t\t\t\t<div class=\"elementor-column elementor-col-50 elementor-inner-column elementor-element elementor-element-0db7802\" data-id=\"0db7802\" data-element_type=\"column\" data-e-type=\"column\">\n\t\t\t<div class=\"elementor-widget-wrap elementor-element-populated\">\n\t\t\t\t\t\t<div class=\"elementor-element elementor-element-9e56fc1 elementor-widget elementor-widget-image\" data-id=\"9e56fc1\" data-element_type=\"widget\" data-e-type=\"widget\" data-widget_type=\"image.default\">\n\t\t\t\t<div class=\"elementor-widget-container\">\n\t\t\t\t\t\t\t\t\t\t\t\t\t\t\t\t<a href=\"http:\/\/www.lichen.pl\/wp-content\/uploads\/2021\/09\/Beatyfikacja-ks.-kard.-Stefana-Wyszynskiego-1.jpg\" data-elementor-open-lightbox=\"yes\" data-elementor-lightbox-title=\"Beatyfikacja ks. kard. Stefana Wyszy\u0144skiego\" data-e-action-hash=\"#elementor-action%3Aaction%3Dlightbox%26settings%3DeyJpZCI6MzA3NTcsInVybCI6Imh0dHBzOlwvXC93d3cubGljaGVuLnBsXC93cC1jb250ZW50XC91cGxvYWRzXC8yMDIxXC8wOVwvQmVhdHlmaWthY2phLWtzLi1rYXJkLi1TdGVmYW5hLVd5c3p5bnNraWVnby0xLmpwZyJ9\">\n\t\t\t\t\t\t\t<img fetchpriority=\"high\" decoding=\"async\" width=\"526\" height=\"790\" src=\"https:\/\/www.lichen.pl\/wp-content\/uploads\/2021\/09\/Beatyfikacja-ks.-kard.-Stefana-Wyszynskiego-1.jpg\" class=\"attachment-medium_large size-medium_large wp-image-30757\" alt=\"\" srcset=\"https:\/\/www.lichen.pl\/wp-content\/uploads\/2021\/09\/Beatyfikacja-ks.-kard.-Stefana-Wyszynskiego-1.jpg 526w, https:\/\/www.lichen.pl\/wp-content\/uploads\/2021\/09\/Beatyfikacja-ks.-kard.-Stefana-Wyszynskiego-1-200x300.jpg 200w\" sizes=\"(max-width: 526px) 100vw, 526px\" \/>\t\t\t\t\t\t\t\t<\/a>\n\t\t\t\t\t\t\t\t\t\t\t\t\t\t\t<\/div>\n\t\t\t\t<\/div>\n\t\t\t\t\t<\/div>\n\t\t<\/div>\n\t\t\t\t\t<\/div>\n\t\t<\/section>\n\t\t\t\t<div class=\"elementor-element elementor-element-f258572 elementor-widget elementor-widget-spacer\" data-id=\"f258572\" data-element_type=\"widget\" data-e-type=\"widget\" data-widget_type=\"spacer.default\">\n\t\t\t\t<div class=\"elementor-widget-container\">\n\t\t\t\t\t\t\t<div class=\"elementor-spacer\">\n\t\t\t<div class=\"elementor-spacer-inner\"><\/div>\n\t\t<\/div>\n\t\t\t\t\t\t<\/div>\n\t\t\t\t<\/div>\n\t\t\t\t<div class=\"elementor-element elementor-element-097ca8a elementor-widget elementor-widget-text-editor\" data-id=\"097ca8a\" data-element_type=\"widget\" data-e-type=\"widget\" data-widget_type=\"text-editor.default\">\n\t\t\t\t<div class=\"elementor-widget-container\">\n\t\t\t\t\t\t\t\t\t<div dir=\"auto\">Come chierico, fu inviato pi\u00f9 volte a Liche\u0144 per migliorare la sua salute. A quel tempo il santuario era curato dai sacerdoti diocesani (dal 1949 - Mariani), e il parroco era p. Ignacy Rudzi\u0144ski. Wyszy\u0144ski aveva problemi ai polmoni gi\u00e0 nel 1920. Quando nel 1924 i preparativi per l&#039;ordinazione erano in pieno svolgimento, al diacono Wyszy\u0144ski, affetto da una malattia polmonare progressiva, fu diagnosticato il tifo. \u00c8 stato portato in un ospedale per malattie infettive, il che ha reso impossibile per lui essere ordinato il 29 giugno per il resto degli studenti. Non si sapeva se sarebbe stato ordinato o meno! Dopo una grave malattia, fu rimandato a Liche\u0144 per la convalescenza. Come lui stesso ha sottolineato, la guarigione \u00e8 avvenuta per intercessione della Madonna. Cresciuto nello spirito della piet\u00e0 mariana, Stefan non aveva dubbi su chi chiedere l&#039;intercessione presso Dio.<\/div><div dir=\"auto\">Fu ordinato sacerdote il 3 agosto 1924, il giorno del suo 23\u00b0 compleanno, nella cappella di Nostra Signora nella cattedrale di W\u0142oc\u0142awek dal vescovo Wojciech Owczarek, che soffriva di tubercolosi polmonare avanzata. Nel 1965 lui stesso descrisse la condizione in cui si trovava allora: \u201cNon sapevo se sarei rimasto in piedi (...) Era mio desiderio poter celebrare almeno qualche S. Messe nella mia vita. (...) Per molto tempo ogni giorno mi \u00e8 sembrato di celebrare l&#039;ultima Messa. nella mia vita&quot;. Subito dopo la sua ordinazione, ha aiutato nelle cerimonie di pellegrinaggio a Liche\u0144, che si celebravano il 15 agosto.<\/div>\t\t\t\t\t\t\t\t<\/div>\n\t\t\t\t<\/div>\n\t\t\t\t<div class=\"elementor-element elementor-element-3facb80 elementor-widget elementor-widget-image\" data-id=\"3facb80\" data-element_type=\"widget\" data-e-type=\"widget\" data-widget_type=\"image.default\">\n\t\t\t\t<div class=\"elementor-widget-container\">\n\t\t\t\t\t\t\t\t\t\t\t\t<figure class=\"wp-caption\">\n\t\t\t\t\t\t\t\t\t\t<img decoding=\"async\" width=\"768\" height=\"1153\" src=\"https:\/\/www.lichen.pl\/wp-content\/uploads\/2021\/07\/1-Koronacja-1967-768x1153.jpg\" class=\"attachment-medium_large size-medium_large wp-image-18290\" alt=\"\" srcset=\"https:\/\/www.lichen.pl\/wp-content\/uploads\/2021\/07\/1-Koronacja-1967-768x1153.jpg 768w, https:\/\/www.lichen.pl\/wp-content\/uploads\/2021\/07\/1-Koronacja-1967-200x300.jpg 200w, https:\/\/www.lichen.pl\/wp-content\/uploads\/2021\/07\/1-Koronacja-1967-682x1024.jpg 682w, https:\/\/www.lichen.pl\/wp-content\/uploads\/2021\/07\/1-Koronacja-1967.jpg 799w\" sizes=\"(max-width: 768px) 100vw, 768px\" \/>\t\t\t\t\t\t\t\t\t\t\t<figcaption class=\"widget-image-caption wp-caption-text\">FR. Il cardinale Stefan Wyszy\u0144ski durante l&#039;incoronazione dell&#039;immagine della Madonna del Lichen, 15 agosto 1967.<\/figcaption>\n\t\t\t\t\t\t\t\t\t\t<\/figure>\n\t\t\t\t\t\t\t\t\t<\/div>\n\t\t\t\t<\/div>\n\t\t\t\t<div class=\"elementor-element elementor-element-3c5a9cd elementor-widget elementor-widget-text-editor\" data-id=\"3c5a9cd\" data-element_type=\"widget\" data-e-type=\"widget\" data-widget_type=\"text-editor.default\">\n\t\t\t\t<div class=\"elementor-widget-container\">\n\t\t\t\t\t\t\t\t\t<div dir=\"auto\"><p>L&#039;elevazione dei Servi di Dio agli altari \u00e8 stata preceduta da una dichiarazione del Cardinale Kazimierz Nycz, una richiesta al Santo Padre per includere tra i beati il primate Wyszy\u0144ski e madre Czacka. Anche il metropolita di Varsavia ha presentato le proprie biografie.<\/p><p>Poi il prefetto della Congregazione delle Cause dei Santi, card. Marcello Semeraro ha consegnato in latino la formula di beatificazione.<\/p><p>La sua traduzione polacca \u00e8 stata letta ai fedeli dal vescovo Micha\u0142 Janocha:<\/p><p>\u201cNoi, Papa Francesco, esaudiamo i desideri del Nostro Fratello Kazimierz Nycz, Cardinale di Santa Romana Chiesa, Arcivescovo Metropolita di Varsavia, cos\u00ec come di tanti altri confratelli vescovili e di numerosi fedeli laici, su consiglio della Congregazione delle Cause dei Santi , autorizzi con la nostra autorit\u00e0 apostolica che il Venerabile Servo di Dio STEFAN WYSZY\u0143SKI, Arcivescovo di Gniezno e Varsavia, Primate di Polonia, Cardinale di Santa Romana Chiesa, Pastore secondo il Cuore di Cristo, che dedic\u00f2 la sua vita all&#039;unico Dio e fu instancabile difensore e araldo della dignit\u00e0 di ogni essere umano, nonch\u00e9 Venerabile Ancella di Dio EL\u017bBIETA CZACKA (al mondo: la Rosa) Fondatrice della Congregazione delle Suore Francescane Ancelle della Croce, che, priva l&#039;uso della luce dei suoi occhi, riconobbe Cristo con gli occhi della fede - la luce del mondo e con amorosa fedelt\u00e0 rese testimonianza di Lui a coloro che camminavano nelle tenebre del corpo e dello spirito, furono d&#039;ora innanzi chiamati Beati e che i loro ricordi potevano essere celebrato ogni anno in luoghi e nei modi prescritti dalla legge, e precisamente: per il primo giorno del ventotto maggio e per il secondo giorno del diciannovesimo maggio. Nel nome del Padre, e del Figlio, e dello Spirito Santo. Amen.<\/p><p>Dato a Roma, in Laterano, il quindici di agosto, solennit\u00e0 dell&#039;Assunzione della Beata Vergine Maria, Anno del Signore 2021, nell&#039;anno nono del Nostro Pontificato\u00bb.<\/p><p>I partecipanti alla cerimonia hanno risposto cantando la preghiera &quot;Gloria al Padre e al Figlio e allo Spirito Santo&quot;. In quel momento furono svelate le immagini dei nuovi beati.<\/p><p>L&#039;immagine di Bl. Stefan Wyszy\u0144ski \u00e8 stato svelato dai membri del Movimento Apostolico &quot;Famiglia delle Famiglie&quot; da lui fondato nel 1952 - Hanna Kordyasz e Piotr Kordyasz, il famoso autore del libro &quot;Stefek&quot; sull&#039;infanzia del card. Stefan Wyszy\u0144ski.<\/p><p>L&#039;immagine di Bl. El\u017cbieta Czacka \u00e8 stata presentata da Sr. Aleksandra Maczuga e Sr. Klara Zosik, insegnanti e tutor del Centro Scolastico ed Educativo della Societ\u00e0 per la Cura dei Ciechi di Laski.<\/p><\/div>\t\t\t\t\t\t\t\t<\/div>\n\t\t\t\t<\/div>\n\t\t\t\t<section class=\"elementor-section elementor-inner-section elementor-element elementor-element-0f01478 elementor-section-boxed elementor-section-height-default elementor-section-height-default\" data-id=\"0f01478\" data-element_type=\"section\" data-e-type=\"section\">\n\t\t\t\t\t\t<div class=\"elementor-container elementor-column-gap-default\">\n\t\t\t\t\t<div class=\"elementor-column elementor-col-50 elementor-inner-column elementor-element elementor-element-c115307\" data-id=\"c115307\" data-element_type=\"column\" data-e-type=\"column\">\n\t\t\t<div class=\"elementor-widget-wrap elementor-element-populated\">\n\t\t\t\t\t\t<div class=\"elementor-element elementor-element-4414e4b elementor-widget elementor-widget-text-editor\" data-id=\"4414e4b\" data-element_type=\"widget\" data-e-type=\"widget\" data-widget_type=\"text-editor.default\">\n\t\t\t\t<div class=\"elementor-widget-container\">\n\t\t\t\t\t\t\t\t\t<div dir=\"auto\"><p>L&#039;immagine di Bl. Stefan Wyszy\u0144ski \u00e8 stato svelato dai membri del Movimento Apostolico &quot;Famiglia delle Famiglie&quot; da lui fondato nel 1952 - Hanna Kordyasz e Piotr Kordyasz, il famoso autore del libro &quot;Stefek&quot; sull&#039;infanzia del card. Stefan Wyszy\u0144ski.<\/p><p>L&#039;immagine di Bl. El\u017cbieta Czacka \u00e8 stata presentata da Sr. Aleksandra Maczuga e Sr. Klara Zosik, insegnanti e tutor del Centro Scolastico ed Educativo della Societ\u00e0 per la Cura dei Ciechi di Laski.<\/p><\/div>\t\t\t\t\t\t\t\t<\/div>\n\t\t\t\t<\/div>\n\t\t\t\t\t<\/div>\n\t\t<\/div>\n\t\t\t\t<div class=\"elementor-column elementor-col-50 elementor-inner-column elementor-element elementor-element-2c2273c\" data-id=\"2c2273c\" data-element_type=\"column\" data-e-type=\"column\">\n\t\t\t<div class=\"elementor-widget-wrap elementor-element-populated\">\n\t\t\t\t\t\t<div class=\"elementor-element elementor-element-b14785b elementor-widget elementor-widget-image\" data-id=\"b14785b\" data-element_type=\"widget\" data-e-type=\"widget\" data-widget_type=\"image.default\">\n\t\t\t\t<div class=\"elementor-widget-container\">\n\t\t\t\t\t\t\t\t\t\t\t\t\t\t\t<img decoding=\"async\" width=\"324\" height=\"235\" src=\"https:\/\/www.lichen.pl\/wp-content\/uploads\/2021\/09\/Beatyfikacja-kard.-Wyszynskiego-i-matki-Czackiej.jpg\" class=\"attachment-medium_large size-medium_large wp-image-30751\" alt=\"\" srcset=\"https:\/\/www.lichen.pl\/wp-content\/uploads\/2021\/09\/Beatyfikacja-kard.-Wyszynskiego-i-matki-Czackiej.jpg 324w, https:\/\/www.lichen.pl\/wp-content\/uploads\/2021\/09\/Beatyfikacja-kard.-Wyszynskiego-i-matki-Czackiej-300x218.jpg 300w\" sizes=\"(max-width: 324px) 100vw, 324px\" \/>\t\t\t\t\t\t\t\t\t\t\t\t\t\t\t<\/div>\n\t\t\t\t<\/div>\n\t\t\t\t\t<\/div>\n\t\t<\/div>\n\t\t\t\t\t<\/div>\n\t\t<\/section>\n\t\t\t\t\t<\/div>\n\t\t<\/div>\n\t\t\t\t\t<\/div>\n\t\t<\/section>\n\t\t\t\t<section class=\"elementor-section elementor-top-section elementor-element elementor-element-e509a01 elementor-section-boxed elementor-section-height-default elementor-section-height-default\" data-id=\"e509a01\" data-element_type=\"section\" data-e-type=\"section\">\n\t\t\t\t\t\t<div class=\"elementor-container elementor-column-gap-default\">\n\t\t\t\t\t<div class=\"elementor-column elementor-col-100 elementor-top-column elementor-element elementor-element-5011668\" data-id=\"5011668\" data-element_type=\"column\" data-e-type=\"column\">\n\t\t\t<div class=\"elementor-widget-wrap elementor-element-populated\">\n\t\t\t\t\t\t<section class=\"elementor-section elementor-inner-section elementor-element elementor-element-85fa497 elementor-section-boxed elementor-section-height-default elementor-section-height-default\" data-id=\"85fa497\" data-element_type=\"section\" data-e-type=\"section\">\n\t\t\t\t\t\t<div class=\"elementor-container elementor-column-gap-default\">\n\t\t\t\t\t<div class=\"elementor-column elementor-col-50 elementor-inner-column elementor-element elementor-element-de531cb\" data-id=\"de531cb\" data-element_type=\"column\" data-e-type=\"column\">\n\t\t\t<div class=\"elementor-widget-wrap elementor-element-populated\">\n\t\t\t\t\t\t<div class=\"elementor-element elementor-element-e30c436 elementor-view-default elementor-widget elementor-widget-icon\" data-id=\"e30c436\" data-element_type=\"widget\" data-e-type=\"widget\" data-widget_type=\"icon.default\">\n\t\t\t\t<div class=\"elementor-widget-container\">\n\t\t\t\t\t\t\t<div class=\"elementor-icon-wrapper\">\n\t\t\t<a class=\"elementor-icon\" href=\"https:\/\/www.youtube.com\/watch?v=baSWh5B45J8\" target=\"_blank\">\n\t\t\t<i aria-hidden=\"true\" class=\"fas fa-film\"><\/i>\t\t\t<\/a>\n\t\t<\/div>\n\t\t\t\t\t\t<\/div>\n\t\t\t\t<\/div>\n\t\t\t\t\t<\/div>\n\t\t<\/div>\n\t\t\t\t<div class=\"elementor-column elementor-col-50 elementor-inner-column elementor-element elementor-element-27cd4ef\" data-id=\"27cd4ef\" data-element_type=\"column\" data-e-type=\"column\">\n\t\t\t<div class=\"elementor-widget-wrap elementor-element-populated\">\n\t\t\t\t\t\t<div class=\"elementor-element elementor-element-dee6bfb elementor-widget elementor-widget-text-editor\" data-id=\"dee6bfb\" data-element_type=\"widget\" data-e-type=\"widget\" data-widget_type=\"text-editor.default\">\n\t\t\t\t<div class=\"elementor-widget-container\">\n\t\t\t\t\t\t\t\t\t<p>Vai alla trasmissione della beatificazione&gt; <a href=\"https:\/\/bit.ly\/3tPnV8P\" target=\"_blank\" rel=\"noopener\">qui<\/a><\/p>\t\t\t\t\t\t\t\t<\/div>\n\t\t\t\t<\/div>\n\t\t\t\t\t<\/div>\n\t\t<\/div>\n\t\t\t\t\t<\/div>\n\t\t<\/section>\n\t\t\t\t<div class=\"elementor-element elementor-element-4e1eaff elementor-widget-divider--view-line elementor-widget elementor-widget-divider\" data-id=\"4e1eaff\" data-element_type=\"widget\" data-e-type=\"widget\" data-widget_type=\"divider.default\">\n\t\t\t\t<div class=\"elementor-widget-container\">\n\t\t\t\t\t\t\t<div class=\"elementor-divider\">\n\t\t\t<span class=\"elementor-divider-separator\">\n\t\t\t\t\t\t<\/span>\n\t\t<\/div>\n\t\t\t\t\t\t<\/div>\n\t\t\t\t<\/div>\n\t\t\t\t\t<\/div>\n\t\t<\/div>\n\t\t\t\t\t<\/div>\n\t\t<\/section>\n\t\t\t\t<\/div>","protected":false},"excerpt":{"rendered":"<p>W Liche\u0144skim Sanktuarium z rado\u015bci\u0105 oczekiwali\u015bmy na beatyfikacj\u0119 kard. Stefana Wyszy\u0144skiego. W ostatnich dniach przygotowywali\u015bmy si\u0119 do tego wydarzenia trwaj\u0105c na modlitwie nowenn\u0105. Prymas Tysi\u0105clecia by\u0142 wa\u017cn\u0105 osob\u0105 w historii Lichenia. \u201ePami\u0119tam, \u017ce gdy by\u0142em tutaj przed laty, dano mi jako zadanie, wpisywa\u0107 \u0142aski, kt\u00f3rych doznali czciciele Maryi Liche\u0144skiej. Na cmentarzu grzebalnym, przy kaplicy postawiono [&hellip;]<\/p>\n","protected":false},"author":2,"featured_media":30751,"comment_status":"open","ping_status":"open","sticky":false,"template":"","format":"standard","meta":{"footnotes":""},"categories":[1],"tags":[],"class_list":["post-30749","post","type-post","status-publish","format-standard","has-post-thumbnail","hentry","category-aktualnosci","wpbf-post"],"yoast_head":"<!-- This site is optimized with the Yoast SEO plugin v27.4 - https:\/\/yoast.com\/product\/yoast-seo-wordpress\/ -->\n<title>Beatyfikacja kard. Stefana Wyszy\u0144skiego i matki El\u017cbiety Czackiej - SANKTUARIUM W LICHENIU<\/title>\n<meta name=\"robots\" content=\"index, follow, max-snippet:-1, max-image-preview:large, max-video-preview:-1\" \/>\n<link rel=\"canonical\" href=\"https:\/\/www.lichen.pl\/it\/beatyfikacja-kard-stefana-wyszynskiego-i-matki-elzbiety-czackiej\/\" \/>\n<meta property=\"og:locale\" content=\"it_IT\" \/>\n<meta property=\"og:type\" content=\"article\" \/>\n<meta property=\"og:title\" content=\"Beatyfikacja kard. Stefana Wyszy\u0144skiego i matki El\u017cbiety Czackiej - SANKTUARIUM W LICHENIU\" \/>\n<meta property=\"og:description\" content=\"W Liche\u0144skim Sanktuarium z rado\u015bci\u0105 oczekiwali\u015bmy na beatyfikacj\u0119 kard. Stefana Wyszy\u0144skiego. W ostatnich dniach przygotowywali\u015bmy si\u0119 do tego wydarzenia trwaj\u0105c na modlitwie nowenn\u0105. Prymas Tysi\u0105clecia by\u0142 wa\u017cn\u0105 osob\u0105 w historii Lichenia. \u201ePami\u0119tam, \u017ce gdy by\u0142em tutaj przed laty, dano mi jako zadanie, wpisywa\u0107 \u0142aski, kt\u00f3rych doznali czciciele Maryi Liche\u0144skiej. Na cmentarzu grzebalnym, przy kaplicy postawiono [&hellip;]\" \/>\n<meta property=\"og:url\" content=\"https:\/\/www.lichen.pl\/it\/beatyfikacja-kard-stefana-wyszynskiego-i-matki-elzbiety-czackiej\/\" \/>\n<meta property=\"og:site_name\" content=\"SANKTUARIUM W LICHENIU\" \/>\n<meta property=\"article:published_time\" content=\"2021-09-12T14:00:32+00:00\" \/>\n<meta property=\"article:modified_time\" content=\"2021-09-16T13:08:37+00:00\" \/>\n<meta property=\"og:image\" content=\"https:\/\/www.lichen.pl\/wp-content\/uploads\/2021\/09\/Beatyfikacja-kard.-Wyszynskiego-i-matki-Czackiej.jpg\" \/>\n\t<meta property=\"og:image:width\" content=\"324\" \/>\n\t<meta property=\"og:image:height\" content=\"235\" \/>\n\t<meta property=\"og:image:type\" content=\"image\/jpeg\" \/>\n<meta name=\"author\" content=\"Arkadiusz Gorgolewski\" \/>\n<meta name=\"twitter:card\" content=\"summary_large_image\" \/>\n<meta name=\"twitter:label1\" content=\"Scritto da\" \/>\n\t<meta name=\"twitter:data1\" content=\"Arkadiusz Gorgolewski\" \/>\n\t<meta name=\"twitter:label2\" content=\"Tempo di lettura stimato\" \/>\n\t<meta name=\"twitter:data2\" content=\"4 minuti\" \/>\n<script type=\"application\/ld+json\" class=\"yoast-schema-graph\">{\"@context\":\"https:\\\/\\\/schema.org\",\"@graph\":[{\"@type\":\"Article\",\"@id\":\"https:\\\/\\\/www.lichen.pl\\\/beatyfikacja-kard-stefana-wyszynskiego-i-matki-elzbiety-czackiej\\\/#article\",\"isPartOf\":{\"@id\":\"https:\\\/\\\/www.lichen.pl\\\/beatyfikacja-kard-stefana-wyszynskiego-i-matki-elzbiety-czackiej\\\/\"},\"author\":{\"name\":\"Arkadiusz Gorgolewski\",\"@id\":\"https:\\\/\\\/www.lichen.pl\\\/fr\\\/#\\\/schema\\\/person\\\/56fc5b38d70a2b34983408f9a457fd9d\"},\"headline\":\"Beatyfikacja kard. Stefana Wyszy\u0144skiego i matki El\u017cbiety Czackiej\",\"datePublished\":\"2021-09-12T14:00:32+00:00\",\"dateModified\":\"2021-09-16T13:08:37+00:00\",\"mainEntityOfPage\":{\"@id\":\"https:\\\/\\\/www.lichen.pl\\\/beatyfikacja-kard-stefana-wyszynskiego-i-matki-elzbiety-czackiej\\\/\"},\"wordCount\":975,\"commentCount\":0,\"image\":{\"@id\":\"https:\\\/\\\/www.lichen.pl\\\/beatyfikacja-kard-stefana-wyszynskiego-i-matki-elzbiety-czackiej\\\/#primaryimage\"},\"thumbnailUrl\":\"https:\\\/\\\/www.lichen.pl\\\/wp-content\\\/uploads\\\/2021\\\/09\\\/Beatyfikacja-kard.-Wyszynskiego-i-matki-Czackiej.jpg\",\"articleSection\":[\"Aktualno\u015bci\"],\"inLanguage\":\"it-IT\",\"potentialAction\":[{\"@type\":\"CommentAction\",\"name\":\"Comment\",\"target\":[\"https:\\\/\\\/www.lichen.pl\\\/beatyfikacja-kard-stefana-wyszynskiego-i-matki-elzbiety-czackiej\\\/#respond\"]}]},{\"@type\":\"WebPage\",\"@id\":\"https:\\\/\\\/www.lichen.pl\\\/beatyfikacja-kard-stefana-wyszynskiego-i-matki-elzbiety-czackiej\\\/\",\"url\":\"https:\\\/\\\/www.lichen.pl\\\/beatyfikacja-kard-stefana-wyszynskiego-i-matki-elzbiety-czackiej\\\/\",\"name\":\"Beatyfikacja kard. Stefana Wyszy\u0144skiego i matki El\u017cbiety Czackiej - SANKTUARIUM W LICHENIU\",\"isPartOf\":{\"@id\":\"https:\\\/\\\/www.lichen.pl\\\/fr\\\/#website\"},\"primaryImageOfPage\":{\"@id\":\"https:\\\/\\\/www.lichen.pl\\\/beatyfikacja-kard-stefana-wyszynskiego-i-matki-elzbiety-czackiej\\\/#primaryimage\"},\"image\":{\"@id\":\"https:\\\/\\\/www.lichen.pl\\\/beatyfikacja-kard-stefana-wyszynskiego-i-matki-elzbiety-czackiej\\\/#primaryimage\"},\"thumbnailUrl\":\"https:\\\/\\\/www.lichen.pl\\\/wp-content\\\/uploads\\\/2021\\\/09\\\/Beatyfikacja-kard.-Wyszynskiego-i-matki-Czackiej.jpg\",\"datePublished\":\"2021-09-12T14:00:32+00:00\",\"dateModified\":\"2021-09-16T13:08:37+00:00\",\"author\":{\"@id\":\"https:\\\/\\\/www.lichen.pl\\\/fr\\\/#\\\/schema\\\/person\\\/56fc5b38d70a2b34983408f9a457fd9d\"},\"breadcrumb\":{\"@id\":\"https:\\\/\\\/www.lichen.pl\\\/beatyfikacja-kard-stefana-wyszynskiego-i-matki-elzbiety-czackiej\\\/#breadcrumb\"},\"inLanguage\":\"it-IT\",\"potentialAction\":[{\"@type\":\"ReadAction\",\"target\":[\"https:\\\/\\\/www.lichen.pl\\\/beatyfikacja-kard-stefana-wyszynskiego-i-matki-elzbiety-czackiej\\\/\"]}]},{\"@type\":\"ImageObject\",\"inLanguage\":\"it-IT\",\"@id\":\"https:\\\/\\\/www.lichen.pl\\\/beatyfikacja-kard-stefana-wyszynskiego-i-matki-elzbiety-czackiej\\\/#primaryimage\",\"url\":\"https:\\\/\\\/www.lichen.pl\\\/wp-content\\\/uploads\\\/2021\\\/09\\\/Beatyfikacja-kard.-Wyszynskiego-i-matki-Czackiej.jpg\",\"contentUrl\":\"https:\\\/\\\/www.lichen.pl\\\/wp-content\\\/uploads\\\/2021\\\/09\\\/Beatyfikacja-kard.-Wyszynskiego-i-matki-Czackiej.jpg\",\"width\":324,\"height\":235},{\"@type\":\"BreadcrumbList\",\"@id\":\"https:\\\/\\\/www.lichen.pl\\\/beatyfikacja-kard-stefana-wyszynskiego-i-matki-elzbiety-czackiej\\\/#breadcrumb\",\"itemListElement\":[{\"@type\":\"ListItem\",\"position\":1,\"name\":\"Strona g\u0142\u00f3wna\",\"item\":\"https:\\\/\\\/www.lichen.pl\\\/\"},{\"@type\":\"ListItem\",\"position\":2,\"name\":\"Beatyfikacja kard. Stefana Wyszy\u0144skiego i matki El\u017cbiety Czackiej\"}]},{\"@type\":\"WebSite\",\"@id\":\"https:\\\/\\\/www.lichen.pl\\\/fr\\\/#website\",\"url\":\"https:\\\/\\\/www.lichen.pl\\\/fr\\\/\",\"name\":\"SANKTUARIUM W LICHENIU\",\"description\":\"MATKI BO\u017bEJ LICHE\u0143SKIEJ BOLESNEJ KR\u00d3LOWEJ POLSKI\",\"potentialAction\":[{\"@type\":\"SearchAction\",\"target\":{\"@type\":\"EntryPoint\",\"urlTemplate\":\"https:\\\/\\\/www.lichen.pl\\\/fr\\\/?s={search_term_string}\"},\"query-input\":{\"@type\":\"PropertyValueSpecification\",\"valueRequired\":true,\"valueName\":\"search_term_string\"}}],\"inLanguage\":\"it-IT\"},{\"@type\":\"Person\",\"@id\":\"https:\\\/\\\/www.lichen.pl\\\/fr\\\/#\\\/schema\\\/person\\\/56fc5b38d70a2b34983408f9a457fd9d\",\"name\":\"Arkadiusz Gorgolewski\",\"image\":{\"@type\":\"ImageObject\",\"inLanguage\":\"it-IT\",\"@id\":\"https:\\\/\\\/secure.gravatar.com\\\/avatar\\\/0f571b370f5aa245b1fd3b9c945511b004fe17579bdefd5054d99f0ba315149c?s=96&d=retro&r=g\",\"url\":\"https:\\\/\\\/secure.gravatar.com\\\/avatar\\\/0f571b370f5aa245b1fd3b9c945511b004fe17579bdefd5054d99f0ba315149c?s=96&d=retro&r=g\",\"contentUrl\":\"https:\\\/\\\/secure.gravatar.com\\\/avatar\\\/0f571b370f5aa245b1fd3b9c945511b004fe17579bdefd5054d99f0ba315149c?s=96&d=retro&r=g\",\"caption\":\"Arkadiusz Gorgolewski\"},\"url\":\"https:\\\/\\\/www.lichen.pl\\\/it\\\/author\\\/sanadmin\\\/\"}]}<\/script>\n<!-- \/ Yoast SEO plugin. -->","yoast_head_json":{"title":"Beatyfikacja kard. Stefana Wyszy\u0144skiego i matki El\u017cbiety Czackiej - SANKTUARIUM W LICHENIU","robots":{"index":"index","follow":"follow","max-snippet":"max-snippet:-1","max-image-preview":"max-image-preview:large","max-video-preview":"max-video-preview:-1"},"canonical":"https:\/\/www.lichen.pl\/it\/beatyfikacja-kard-stefana-wyszynskiego-i-matki-elzbiety-czackiej\/","og_locale":"it_IT","og_type":"article","og_title":"Beatyfikacja kard. Stefana Wyszy\u0144skiego i matki El\u017cbiety Czackiej - SANKTUARIUM W LICHENIU","og_description":"W Liche\u0144skim Sanktuarium z rado\u015bci\u0105 oczekiwali\u015bmy na beatyfikacj\u0119 kard. Stefana Wyszy\u0144skiego. W ostatnich dniach przygotowywali\u015bmy si\u0119 do tego wydarzenia trwaj\u0105c na modlitwie nowenn\u0105. Prymas Tysi\u0105clecia by\u0142 wa\u017cn\u0105 osob\u0105 w historii Lichenia. \u201ePami\u0119tam, \u017ce gdy by\u0142em tutaj przed laty, dano mi jako zadanie, wpisywa\u0107 \u0142aski, kt\u00f3rych doznali czciciele Maryi Liche\u0144skiej. Na cmentarzu grzebalnym, przy kaplicy postawiono [&hellip;]","og_url":"https:\/\/www.lichen.pl\/it\/beatyfikacja-kard-stefana-wyszynskiego-i-matki-elzbiety-czackiej\/","og_site_name":"SANKTUARIUM W LICHENIU","article_published_time":"2021-09-12T14:00:32+00:00","article_modified_time":"2021-09-16T13:08:37+00:00","og_image":[{"width":324,"height":235,"url":"https:\/\/www.lichen.pl\/wp-content\/uploads\/2021\/09\/Beatyfikacja-kard.-Wyszynskiego-i-matki-Czackiej.jpg","type":"image\/jpeg"}],"author":"Arkadiusz Gorgolewski","twitter_card":"summary_large_image","twitter_misc":{"Scritto da":"Arkadiusz Gorgolewski","Tempo di lettura stimato":"4 minuti"},"schema":{"@context":"https:\/\/schema.org","@graph":[{"@type":"Article","@id":"https:\/\/www.lichen.pl\/beatyfikacja-kard-stefana-wyszynskiego-i-matki-elzbiety-czackiej\/#article","isPartOf":{"@id":"https:\/\/www.lichen.pl\/beatyfikacja-kard-stefana-wyszynskiego-i-matki-elzbiety-czackiej\/"},"author":{"name":"Arkadiusz Gorgolewski","@id":"https:\/\/www.lichen.pl\/fr\/#\/schema\/person\/56fc5b38d70a2b34983408f9a457fd9d"},"headline":"Beatyfikacja kard. Stefana Wyszy\u0144skiego i matki El\u017cbiety Czackiej","datePublished":"2021-09-12T14:00:32+00:00","dateModified":"2021-09-16T13:08:37+00:00","mainEntityOfPage":{"@id":"https:\/\/www.lichen.pl\/beatyfikacja-kard-stefana-wyszynskiego-i-matki-elzbiety-czackiej\/"},"wordCount":975,"commentCount":0,"image":{"@id":"https:\/\/www.lichen.pl\/beatyfikacja-kard-stefana-wyszynskiego-i-matki-elzbiety-czackiej\/#primaryimage"},"thumbnailUrl":"https:\/\/www.lichen.pl\/wp-content\/uploads\/2021\/09\/Beatyfikacja-kard.-Wyszynskiego-i-matki-Czackiej.jpg","articleSection":["Aktualno\u015bci"],"inLanguage":"it-IT","potentialAction":[{"@type":"CommentAction","name":"Comment","target":["https:\/\/www.lichen.pl\/beatyfikacja-kard-stefana-wyszynskiego-i-matki-elzbiety-czackiej\/#respond"]}]},{"@type":"WebPage","@id":"https:\/\/www.lichen.pl\/beatyfikacja-kard-stefana-wyszynskiego-i-matki-elzbiety-czackiej\/","url":"https:\/\/www.lichen.pl\/beatyfikacja-kard-stefana-wyszynskiego-i-matki-elzbiety-czackiej\/","name":"Beatyfikacja kard. Stefana Wyszy\u0144skiego i matki El\u017cbiety Czackiej - SANKTUARIUM W LICHENIU","isPartOf":{"@id":"https:\/\/www.lichen.pl\/fr\/#website"},"primaryImageOfPage":{"@id":"https:\/\/www.lichen.pl\/beatyfikacja-kard-stefana-wyszynskiego-i-matki-elzbiety-czackiej\/#primaryimage"},"image":{"@id":"https:\/\/www.lichen.pl\/beatyfikacja-kard-stefana-wyszynskiego-i-matki-elzbiety-czackiej\/#primaryimage"},"thumbnailUrl":"https:\/\/www.lichen.pl\/wp-content\/uploads\/2021\/09\/Beatyfikacja-kard.-Wyszynskiego-i-matki-Czackiej.jpg","datePublished":"2021-09-12T14:00:32+00:00","dateModified":"2021-09-16T13:08:37+00:00","author":{"@id":"https:\/\/www.lichen.pl\/fr\/#\/schema\/person\/56fc5b38d70a2b34983408f9a457fd9d"},"breadcrumb":{"@id":"https:\/\/www.lichen.pl\/beatyfikacja-kard-stefana-wyszynskiego-i-matki-elzbiety-czackiej\/#breadcrumb"},"inLanguage":"it-IT","potentialAction":[{"@type":"ReadAction","target":["https:\/\/www.lichen.pl\/beatyfikacja-kard-stefana-wyszynskiego-i-matki-elzbiety-czackiej\/"]}]},{"@type":"ImageObject","inLanguage":"it-IT","@id":"https:\/\/www.lichen.pl\/beatyfikacja-kard-stefana-wyszynskiego-i-matki-elzbiety-czackiej\/#primaryimage","url":"https:\/\/www.lichen.pl\/wp-content\/uploads\/2021\/09\/Beatyfikacja-kard.-Wyszynskiego-i-matki-Czackiej.jpg","contentUrl":"https:\/\/www.lichen.pl\/wp-content\/uploads\/2021\/09\/Beatyfikacja-kard.-Wyszynskiego-i-matki-Czackiej.jpg","width":324,"height":235},{"@type":"BreadcrumbList","@id":"https:\/\/www.lichen.pl\/beatyfikacja-kard-stefana-wyszynskiego-i-matki-elzbiety-czackiej\/#breadcrumb","itemListElement":[{"@type":"ListItem","position":1,"name":"Strona g\u0142\u00f3wna","item":"https:\/\/www.lichen.pl\/"},{"@type":"ListItem","position":2,"name":"Beatyfikacja kard. Stefana Wyszy\u0144skiego i matki El\u017cbiety Czackiej"}]},{"@type":"WebSite","@id":"https:\/\/www.lichen.pl\/fr\/#website","url":"https:\/\/www.lichen.pl\/fr\/","name":"SANTUARIO IN LICHENIA","description":"LA REGINA ADOLORATA DEL NOSTRO LICHENE DI POLONIA","potentialAction":[{"@type":"SearchAction","target":{"@type":"EntryPoint","urlTemplate":"https:\/\/www.lichen.pl\/fr\/?s={search_term_string}"},"query-input":{"@type":"PropertyValueSpecification","valueRequired":true,"valueName":"search_term_string"}}],"inLanguage":"it-IT"},{"@type":"Person","@id":"https:\/\/www.lichen.pl\/fr\/#\/schema\/person\/56fc5b38d70a2b34983408f9a457fd9d","name":"Arkadiusz Gorgolewski","image":{"@type":"ImageObject","inLanguage":"it-IT","@id":"https:\/\/secure.gravatar.com\/avatar\/0f571b370f5aa245b1fd3b9c945511b004fe17579bdefd5054d99f0ba315149c?s=96&d=retro&r=g","url":"https:\/\/secure.gravatar.com\/avatar\/0f571b370f5aa245b1fd3b9c945511b004fe17579bdefd5054d99f0ba315149c?s=96&d=retro&r=g","contentUrl":"https:\/\/secure.gravatar.com\/avatar\/0f571b370f5aa245b1fd3b9c945511b004fe17579bdefd5054d99f0ba315149c?s=96&d=retro&r=g","caption":"Arkadiusz Gorgolewski"},"url":"https:\/\/www.lichen.pl\/it\/author\/sanadmin\/"}]}},"_links":{"self":[{"href":"https:\/\/www.lichen.pl\/it\/wp-json\/wp\/v2\/posts\/30749","targetHints":{"allow":["GET"]}}],"collection":[{"href":"https:\/\/www.lichen.pl\/it\/wp-json\/wp\/v2\/posts"}],"about":[{"href":"https:\/\/www.lichen.pl\/it\/wp-json\/wp\/v2\/types\/post"}],"author":[{"embeddable":true,"href":"https:\/\/www.lichen.pl\/it\/wp-json\/wp\/v2\/users\/2"}],"replies":[{"embeddable":true,"href":"https:\/\/www.lichen.pl\/it\/wp-json\/wp\/v2\/comments?post=30749"}],"version-history":[{"count":16,"href":"https:\/\/www.lichen.pl\/it\/wp-json\/wp\/v2\/posts\/30749\/revisions"}],"predecessor-version":[{"id":30776,"href":"https:\/\/www.lichen.pl\/it\/wp-json\/wp\/v2\/posts\/30749\/revisions\/30776"}],"wp:featuredmedia":[{"embeddable":true,"href":"https:\/\/www.lichen.pl\/it\/wp-json\/wp\/v2\/media\/30751"}],"wp:attachment":[{"href":"https:\/\/www.lichen.pl\/it\/wp-json\/wp\/v2\/media?parent=30749"}],"wp:term":[{"taxonomy":"category","embeddable":true,"href":"https:\/\/www.lichen.pl\/it\/wp-json\/wp\/v2\/categories?post=30749"},{"taxonomy":"post_tag","embeddable":true,"href":"https:\/\/www.lichen.pl\/it\/wp-json\/wp\/v2\/tags?post=30749"}],"curies":[{"name":"wp","href":"https:\/\/api.w.org\/{rel}","templated":true}]}}