{"id":32518,"date":"2021-10-15T20:30:29","date_gmt":"2021-10-15T20:30:29","guid":{"rendered":"http:\/\/www.lichen.pl\/10-lipca-dzien-modlitw-w-intencji-rodzicow-dzieci-utraconych-copy\/"},"modified":"2021-10-19T11:54:38","modified_gmt":"2021-10-19T11:54:38","slug":"dzien-dziecka-utraconego-modlitwa-w-intencji-dzieci-nienarodzonych-i-zmarlych","status":"publish","type":"post","link":"https:\/\/www.lichen.pl\/it\/dzien-dziecka-utraconego-modlitwa-w-intencji-dzieci-nienarodzonych-i-zmarlych\/","title":{"rendered":"Giornata dei bambini perduti - preghiera per i bambini non nati e deceduti"},"content":{"rendered":"<div data-elementor-type=\"wp-post\" data-elementor-id=\"32518\" class=\"elementor elementor-32518\" data-elementor-post-type=\"post\">\n\t\t\t\t\t\t<section class=\"elementor-section elementor-top-section elementor-element elementor-element-5496fe0 elementor-section-boxed elementor-section-height-default elementor-section-height-default\" data-id=\"5496fe0\" data-element_type=\"section\" data-e-type=\"section\">\n\t\t\t\t\t\t<div class=\"elementor-container elementor-column-gap-default\">\n\t\t\t\t\t<div class=\"elementor-column elementor-col-100 elementor-top-column elementor-element elementor-element-1a9f7d3\" data-id=\"1a9f7d3\" data-element_type=\"column\" data-e-type=\"column\">\n\t\t\t<div class=\"elementor-widget-wrap elementor-element-populated\">\n\t\t\t\t\t\t<div class=\"elementor-element elementor-element-643bb27 elementor-widget elementor-widget-heading\" data-id=\"643bb27\" data-element_type=\"widget\" data-e-type=\"widget\" data-widget_type=\"heading.default\">\n\t\t\t\t<div class=\"elementor-widget-container\">\n\t\t\t\t\t<h2 class=\"elementor-heading-title elementor-size-default\">In occasione della Giornata dei bambini perduti celebrata in tutto il mondo il 15 ottobre, nella basilica del Lichene sono state recitate preghiere per i genitori dei bambini non nati e deceduti.<\/h2>\t\t\t\t<\/div>\n\t\t\t\t<\/div>\n\t\t\t\t<section class=\"elementor-section elementor-inner-section elementor-element elementor-element-19b082a elementor-section-boxed elementor-section-height-default elementor-section-height-default\" data-id=\"19b082a\" data-element_type=\"section\" data-e-type=\"section\">\n\t\t\t\t\t\t<div class=\"elementor-container elementor-column-gap-default\">\n\t\t\t\t\t<div class=\"elementor-column elementor-col-50 elementor-inner-column elementor-element elementor-element-051d2e0\" data-id=\"051d2e0\" data-element_type=\"column\" data-e-type=\"column\">\n\t\t\t<div class=\"elementor-widget-wrap elementor-element-populated\">\n\t\t\t\t\t\t<div class=\"elementor-element elementor-element-8661b71 elementor-widget elementor-widget-image\" data-id=\"8661b71\" data-element_type=\"widget\" data-e-type=\"widget\" data-widget_type=\"image.default\">\n\t\t\t\t<div class=\"elementor-widget-container\">\n\t\t\t\t\t\t\t\t\t\t\t\t<figure class=\"wp-caption\">\n\t\t\t\t\t\t\t\t\t\t<img fetchpriority=\"high\" decoding=\"async\" width=\"768\" height=\"1152\" src=\"https:\/\/www.lichen.pl\/wp-content\/uploads\/2021\/10\/Dzien-Dziecka-Utraconego-15-pazdziernika-2021-2-768x1152.jpg\" class=\"attachment-medium_large size-medium_large wp-image-32526\" alt=\"\" srcset=\"https:\/\/www.lichen.pl\/wp-content\/uploads\/2021\/10\/Dzien-Dziecka-Utraconego-15-pazdziernika-2021-2-768x1152.jpg 768w, https:\/\/www.lichen.pl\/wp-content\/uploads\/2021\/10\/Dzien-Dziecka-Utraconego-15-pazdziernika-2021-2-800x1200.jpg 800w, https:\/\/www.lichen.pl\/wp-content\/uploads\/2021\/10\/Dzien-Dziecka-Utraconego-15-pazdziernika-2021-2-200x300.jpg 200w, https:\/\/www.lichen.pl\/wp-content\/uploads\/2021\/10\/Dzien-Dziecka-Utraconego-15-pazdziernika-2021-2-682x1024.jpg 682w, https:\/\/www.lichen.pl\/wp-content\/uploads\/2021\/10\/Dzien-Dziecka-Utraconego-15-pazdziernika-2021-2-1024x1536.jpg 1024w, https:\/\/www.lichen.pl\/wp-content\/uploads\/2021\/10\/Dzien-Dziecka-Utraconego-15-pazdziernika-2021-2.jpg 853w\" sizes=\"(max-width: 768px) 100vw, 768px\" \/>\t\t\t\t\t\t\t\t\t\t\t<figcaption class=\"widget-image-caption wp-caption-text\"><\/figcaption>\n\t\t\t\t\t\t\t\t\t\t<\/figure>\n\t\t\t\t\t\t\t\t\t<\/div>\n\t\t\t\t<\/div>\n\t\t\t\t\t<\/div>\n\t\t<\/div>\n\t\t\t\t<div class=\"elementor-column elementor-col-50 elementor-inner-column elementor-element elementor-element-5e340c8\" data-id=\"5e340c8\" data-element_type=\"column\" data-e-type=\"column\">\n\t\t\t<div class=\"elementor-widget-wrap elementor-element-populated\">\n\t\t\t\t\t\t<div class=\"elementor-element elementor-element-13f8bc4 elementor-blockquote--skin-border elementor-widget elementor-widget-blockquote\" data-id=\"13f8bc4\" data-element_type=\"widget\" data-e-type=\"widget\" data-widget_type=\"blockquote.default\">\n\t\t\t\t<div class=\"elementor-widget-container\">\n\t\t\t\t\t\t\t<blockquote class=\"elementor-blockquote\">\n\t\t\t<p class=\"elementor-blockquote__content\">\n\t\t\t\t\u201cCi circondiamo in modo speciale delle nostre preghiere e della gentilezza dei genitori che hanno vissuto la perdita di un figlio prima della nascita. Questo \u00e8 un giorno speciale per tutti i genitori che hanno vissuto la perdita del proprio figlio. Milioni di genitori in tutto il mondo si chiedono - forse ancora una volta - perch\u00e9 \u00e8 successo, perch\u00e9 a noi? A questa domanda, a cui \u00e8 difficile rispondere, i genitori chiedono a Dio, a volte con risentimento o rabbia. Certamente parlato con grande dolore e sofferenza. Ci vuole molto tempo per ritrovare la pace del cuore e di me stesso dopo questa dolorosa esperienza&quot;\t\t\t<\/p>\n\t\t\t\t\t\t\t<div class=\"e-q-footer\">\n\t\t\t\t\t\t\t\t\t\t\t<cite class=\"elementor-blockquote__author\">FR. Janusz Kumala, MIC, 15 ottobre 2021<\/cite>\n\t\t\t\t\t\t\t\t\t\t\t\t\t\t<\/div>\n\t\t\t\t\t<\/blockquote>\n\t\t\t\t\t\t<\/div>\n\t\t\t\t<\/div>\n\t\t\t\t\t<\/div>\n\t\t<\/div>\n\t\t\t\t\t<\/div>\n\t\t<\/section>\n\t\t\t\t<div class=\"elementor-element elementor-element-c5e53b5 elementor-widget elementor-widget-text-editor\" data-id=\"c5e53b5\" data-element_type=\"widget\" data-e-type=\"widget\" data-widget_type=\"text-editor.default\">\n\t\t\t\t<div class=\"elementor-widget-container\">\n\t\t\t\t\t\t\t\t\t<div class=\"elementor-element elementor-element-ad174d3 elementor-widget elementor-widget-text-editor\" data-id=\"ad174d3\" data-element_type=\"widget\" data-widget_type=\"text-editor.default\"><div class=\"elementor-widget-container\"><div class=\"elementor-text-editor elementor-clearfix\"><div class=\"o9v6fnle cxmmr5t8 oygrvhab hcukyx3x c1et5uql ii04i59q\"><div dir=\"auto\">\u00c8 stato chiesto loro che l&#039;amore di Dio sanasse le loro ferite ei bambini sono stati accolti nella Casa del Padre: \u00abCrediamo che la forza della tua croce copra la loro breve vita sulla terra e che la tua risurrezione apra loro le porte del Cielo. Vi benediciamo per tutti coloro che hanno rispettato la dignit\u00e0 di questi bambini attraverso un funerale degno dell&#039;uomo. Ti chiediamo che i genitori di ciascuno di questi bambini li consoli e li riempia della tua grazia\u00bb.<\/div><\/div><div class=\"o9v6fnle cxmmr5t8 oygrvhab hcukyx3x c1et5uql ii04i59q\"><div dir=\"auto\">La preghiera \u00e8 stata data anche ai bambini concepiti, che oggi crescono nel grembo materno. Dopo la Santa Messa celebrata alle 19.00 davanti all&#039;Immagine Miracolosa di Nostra Signora di Liche\u0144, la Regina Addolorata di Polonia, i genitori e i parenti dei bambini prematuramente scomparsi hanno avuto l&#039;opportunit\u00e0 di accendere la luce in segno della loro memoria e della loro preghiera. Questa usanza \u00e8 praticata ogni anno nella basilica di Liche\u0144 dal 2018.<\/div><\/div><\/div><\/div><\/div><div class=\"elementor-element elementor-element-d80ce44 elementor-widget elementor-widget-text-editor\" data-id=\"d80ce44\" data-element_type=\"widget\" data-widget_type=\"text-editor.default\"><div class=\"elementor-widget-container\"><div class=\"elementor-text-editor elementor-clearfix\"><div class=\"o9v6fnle cxmmr5t8 oygrvhab hcukyx3x c1et5uql ii04i59q\"><div dir=\"auto\">\u201cDio non dimentica nessuno\u201d \u2013 ha sottolineato, commentando il Vangelo del venerd\u00ec, incoraggiando la riflessione sulla vita: \u201cOgni vita umana viene da Dio, perch\u00e9 Dio ha voluto che viviamo. Siamo stati circondati dall&#039;amore di Dio fin dai primi istanti. Non smetter\u00e0 mai di amarci. Ci amer\u00e0 per sempre. Questa riflessione ci aiuta a capire un po&#039; la situazione dei bambini che sono scomparsi da questo mondo. Le loro vite furono molto brevi, ma ci\u00f2 non significa che fossero meno importanti o accidentali. Dio ha voluto anche l&#039;esistenza di quei bambini che sono morti prima della nascita\u00bb.<\/div><\/div><div class=\"o9v6fnle cxmmr5t8 oygrvhab hcukyx3x c1et5uql ii04i59q\"><div dir=\"auto\">\u201cDio ha chiamato ogni uomo all&#039;eternit\u00e0, all&#039;immortalit\u00e0, alla vita in cielo. Non importa quanto ha vissuto sulla terra, se ha vissuto per cento anni o per diverse ore. Stiamo parlando dell&#039;inizio della vita umana che inizia nel silenzio. Dio chiama un uomo e per un po&#039; nessuno lo sa. Anche la madre, ma Dio lo sa fin dal primo momento della sua esistenza\u00bb, ha osservato il sacerdote custode.<\/div><\/div><\/div><\/div><\/div><div class=\"elementor-element elementor-element-fa13dea elementor-widget elementor-widget-text-editor\" data-id=\"fa13dea\" data-element_type=\"widget\" data-widget_type=\"text-editor.default\"><div class=\"elementor-widget-container\"><div class=\"elementor-text-editor elementor-clearfix\"><div class=\"o9v6fnle cxmmr5t8 oygrvhab hcukyx3x c1et5uql ii04i59q\"><div dir=\"auto\"><div class=\"o9v6fnle cxmmr5t8 oygrvhab hcukyx3x c1et5uql ii04i59q\"><div dir=\"auto\">S. Giovanni Paolo II: &quot;Questi bambini vivono in Dio&quot; - ha ricordato p. Kumala. - \u201cLa loro vita \u00e8 infinita. Anche loro hanno ricevuto il dono dell&#039;immortalit\u00e0, sono stati chiamati ad essere felici con Dio. Anche se i genitori non hanno visto il volto del loro bambino, non lo hanno riconosciuto, quando il tempo della loro vita \u00e8 finito e completano il loro viaggio terreno, si trovano in paradiso e riconoscono i loro figli: questo \u00e8 un segreto in cui crediamo. Non pu\u00f2 essere altrimenti, ha detto, incoraggiandoli a pregare per i genitori che hanno perso i loro figli.<\/div><\/div><div class=\"o9v6fnle cxmmr5t8 oygrvhab hcukyx3x c1et5uql ii04i59q\"><div dir=\"auto\">Sottolineando il loro dramma e il loro dolore, il sacerdote ha citato statistiche che mostrano circa 2 milioni di aborti spontanei ogni anno. Il curatore ha anche fatto riferimento alla situazione in uno dei paesi europei in cui 10% dei neonati sono sottoposti a eutanasia neonatale, che, secondo i medici, non hanno speranze per un futuro sopportabile (come riportato da Archives of Disease in Childhood Fetal and Neonatal, citando casi del 2016\/2017).<\/div><\/div><div class=\"o9v6fnle cxmmr5t8 oygrvhab hcukyx3x c1et5uql ii04i59q\"><div dir=\"auto\">La Giornata della memoria dei bambini non nati e morti si celebra negli Stati Uniti dal 1988. Dal 2004, su iniziativa dell&#039;Organizzazione dei genitori dopo la perdita e dei genitori di bambini malati &quot;Perch\u00e9&quot;, il 15 ottobre, la Polonia celebra la Giornata dei bambini perduti. Questa giornata richiama anche l&#039;attenzione sui genitori che spesso non hanno avuto la possibilit\u00e0 di conoscere la loro prole e di piangere adeguatamente la loro perdita. Ogni anno in Polonia si verificano fino a 40.000 aborti spontanei. Al Santuario di Liche\u0144 si trova il Centro Liche\u0144 per l&#039;assistenza alle famiglie e ai tossicodipendenti e la clinica NaProTechnology, dove \u00e8 possibile ricevere supporto spirituale e psicologico.<\/div><\/div><\/div><\/div><\/div><\/div><\/div><div class=\"elementor-element elementor-element-b7e9ed5 elementor-widget elementor-widget-text-editor\" data-id=\"b7e9ed5\" data-element_type=\"widget\" data-widget_type=\"text-editor.default\"><div class=\"elementor-widget-container\"><div class=\"elementor-text-editor elementor-clearfix\"><div class=\"o9v6fnle cxmmr5t8 oygrvhab hcukyx3x c1et5uql ii04i59q\"><div dir=\"auto\"><div class=\"o9v6fnle cxmmr5t8 oygrvhab hcukyx3x c1et5uql ii04i59q\"><div dir=\"auto\">\u00a0<\/div><\/div><\/div><\/div><\/div><\/div><\/div>\t\t\t\t\t\t\t\t<\/div>\n\t\t\t\t<\/div>\n\t\t\t\t<div class=\"elementor-element elementor-element-54bdc0a elementor-widget elementor-widget-text-editor\" data-id=\"54bdc0a\" data-element_type=\"widget\" data-e-type=\"widget\" data-widget_type=\"text-editor.default\">\n\t\t\t\t<div class=\"elementor-widget-container\">\n\t\t\t\t\t\t\t\t\t<p>Testo: Ufficio Stampa Santuario<\/p>\t\t\t\t\t\t\t\t<\/div>\n\t\t\t\t<\/div>\n\t\t\t\t<div class=\"elementor-element elementor-element-6f92869 elementor-widget-divider--view-line_icon elementor-view-default elementor-widget-divider--element-align-center elementor-widget elementor-widget-divider\" data-id=\"6f92869\" data-element_type=\"widget\" data-e-type=\"widget\" data-widget_type=\"divider.default\">\n\t\t\t\t<div class=\"elementor-widget-container\">\n\t\t\t\t\t\t\t<div class=\"elementor-divider\">\n\t\t\t<span class=\"elementor-divider-separator\">\n\t\t\t\t\t\t\t<div class=\"elementor-icon elementor-divider__element\">\n\t\t\t\t\t<i aria-hidden=\"true\" class=\"fas fa-camera\"><\/i><\/div>\n\t\t\t\t\t\t<\/span>\n\t\t<\/div>\n\t\t\t\t\t\t<\/div>\n\t\t\t\t<\/div>\n\t\t\t\t<div class=\"elementor-element elementor-element-b260771 elementor-widget elementor-widget-gallery\" data-id=\"b260771\" data-element_type=\"widget\" data-e-type=\"widget\" data-settings=\"{&quot;columns&quot;:5,&quot;lazyload&quot;:&quot;yes&quot;,&quot;gallery_layout&quot;:&quot;grid&quot;,&quot;columns_tablet&quot;:2,&quot;columns_mobile&quot;:1,&quot;gap&quot;:{&quot;unit&quot;:&quot;px&quot;,&quot;size&quot;:10,&quot;sizes&quot;:[]},&quot;gap_tablet&quot;:{&quot;unit&quot;:&quot;px&quot;,&quot;size&quot;:10,&quot;sizes&quot;:[]},&quot;gap_mobile&quot;:{&quot;unit&quot;:&quot;px&quot;,&quot;size&quot;:10,&quot;sizes&quot;:[]},&quot;link_to&quot;:&quot;file&quot;,&quot;aspect_ratio&quot;:&quot;3:2&quot;,&quot;overlay_background&quot;:&quot;yes&quot;,&quot;content_hover_animation&quot;:&quot;fade-in&quot;}\" data-widget_type=\"gallery.default\">\n\t\t\t\t<div class=\"elementor-widget-container\">\n\t\t\t\t\t\t\t<div class=\"elementor-gallery__container\">\n\t\t\t\t\t\t\t<a class=\"e-gallery-item elementor-gallery-item elementor-animated-content\" href=\"https:\/\/www.lichen.pl\/wp-content\/uploads\/2021\/10\/Dzien-Dziecka-Utraconego-15-pazdziernika-2021-1.jpg\" data-elementor-open-lightbox=\"yes\" data-elementor-lightbox-slideshow=\"b260771\" data-elementor-lightbox-title=\"Dzie\u0144 Dziecka Utraconego 15 pa\u017adziernika 2021 1\" data-e-action-hash=\"#elementor-action%3Aaction%3Dlightbox%26settings%3DeyJpZCI6MzI1MjEsInVybCI6Imh0dHBzOlwvXC93d3cubGljaGVuLnBsXC93cC1jb250ZW50XC91cGxvYWRzXC8yMDIxXC8xMFwvRHppZW4tRHppZWNrYS1VdHJhY29uZWdvLTE1LXBhemR6aWVybmlrYS0yMDIxLTEuanBnIiwic2xpZGVzaG93IjoiYjI2MDc3MSJ9\">\n\t\t\t\t\t<div class=\"e-gallery-image elementor-gallery-item__image\" data-thumbnail=\"https:\/\/www.lichen.pl\/wp-content\/uploads\/2021\/10\/Dzien-Dziecka-Utraconego-15-pazdziernika-2021-1-300x200.jpg\" data-width=\"300\" data-height=\"200\" aria-label=\"\" role=\"img\" ><\/div>\n\t\t\t\t\t\t\t\t\t\t\t<div class=\"elementor-gallery-item__overlay\"><\/div>\n\t\t\t\t\t\t\t\t\t\t\t\t\t\t<\/a>\n\t\t\t\t\t\t\t<a class=\"e-gallery-item elementor-gallery-item elementor-animated-content\" href=\"https:\/\/www.lichen.pl\/wp-content\/uploads\/2021\/10\/Dzien-Dziecka-Utraconego-15-pazdziernika-2021-3.jpg\" data-elementor-open-lightbox=\"yes\" data-elementor-lightbox-slideshow=\"b260771\" data-elementor-lightbox-title=\"Dzie\u0144 Dziecka Utraconego 15 pa\u017adziernika 2021 3\" data-e-action-hash=\"#elementor-action%3Aaction%3Dlightbox%26settings%3DeyJpZCI6MzI1MzEsInVybCI6Imh0dHBzOlwvXC93d3cubGljaGVuLnBsXC93cC1jb250ZW50XC91cGxvYWRzXC8yMDIxXC8xMFwvRHppZW4tRHppZWNrYS1VdHJhY29uZWdvLTE1LXBhemR6aWVybmlrYS0yMDIxLTMuanBnIiwic2xpZGVzaG93IjoiYjI2MDc3MSJ9\">\n\t\t\t\t\t<div class=\"e-gallery-image elementor-gallery-item__image\" data-thumbnail=\"https:\/\/www.lichen.pl\/wp-content\/uploads\/2021\/10\/Dzien-Dziecka-Utraconego-15-pazdziernika-2021-3-300x200.jpg\" data-width=\"300\" data-height=\"200\" aria-label=\"\" role=\"img\" ><\/div>\n\t\t\t\t\t\t\t\t\t\t\t<div class=\"elementor-gallery-item__overlay\"><\/div>\n\t\t\t\t\t\t\t\t\t\t\t\t\t\t<\/a>\n\t\t\t\t\t\t\t<a class=\"e-gallery-item elementor-gallery-item elementor-animated-content\" href=\"https:\/\/www.lichen.pl\/wp-content\/uploads\/2021\/10\/Dzien-Dziecka-Utraconego-15-pazdziernika-2021-4.jpg\" data-elementor-open-lightbox=\"yes\" data-elementor-lightbox-slideshow=\"b260771\" data-elementor-lightbox-title=\"Dzie\u0144 Dziecka Utraconego 15 pa\u017adziernika 2021 4\" data-e-action-hash=\"#elementor-action%3Aaction%3Dlightbox%26settings%3DeyJpZCI6MzI1MzYsInVybCI6Imh0dHBzOlwvXC93d3cubGljaGVuLnBsXC93cC1jb250ZW50XC91cGxvYWRzXC8yMDIxXC8xMFwvRHppZW4tRHppZWNrYS1VdHJhY29uZWdvLTE1LXBhemR6aWVybmlrYS0yMDIxLTQuanBnIiwic2xpZGVzaG93IjoiYjI2MDc3MSJ9\">\n\t\t\t\t\t<div class=\"e-gallery-image elementor-gallery-item__image\" data-thumbnail=\"https:\/\/www.lichen.pl\/wp-content\/uploads\/2021\/10\/Dzien-Dziecka-Utraconego-15-pazdziernika-2021-4-300x200.jpg\" data-width=\"300\" data-height=\"200\" aria-label=\"\" role=\"img\" ><\/div>\n\t\t\t\t\t\t\t\t\t\t\t<div class=\"elementor-gallery-item__overlay\"><\/div>\n\t\t\t\t\t\t\t\t\t\t\t\t\t\t<\/a>\n\t\t\t\t\t\t\t<a class=\"e-gallery-item elementor-gallery-item elementor-animated-content\" href=\"https:\/\/www.lichen.pl\/wp-content\/uploads\/2021\/10\/Dzien-Dziecka-Utraconego-15-pazdziernika-2021-5.jpg\" data-elementor-open-lightbox=\"yes\" data-elementor-lightbox-slideshow=\"b260771\" data-elementor-lightbox-title=\"Dzie\u0144 Dziecka Utraconego 15 pa\u017adziernika 2021 5\" data-e-action-hash=\"#elementor-action%3Aaction%3Dlightbox%26settings%3DeyJpZCI6MzI1NDEsInVybCI6Imh0dHBzOlwvXC93d3cubGljaGVuLnBsXC93cC1jb250ZW50XC91cGxvYWRzXC8yMDIxXC8xMFwvRHppZW4tRHppZWNrYS1VdHJhY29uZWdvLTE1LXBhemR6aWVybmlrYS0yMDIxLTUuanBnIiwic2xpZGVzaG93IjoiYjI2MDc3MSJ9\">\n\t\t\t\t\t<div class=\"e-gallery-image elementor-gallery-item__image\" data-thumbnail=\"https:\/\/www.lichen.pl\/wp-content\/uploads\/2021\/10\/Dzien-Dziecka-Utraconego-15-pazdziernika-2021-5-300x200.jpg\" data-width=\"300\" data-height=\"200\" aria-label=\"\" role=\"img\" ><\/div>\n\t\t\t\t\t\t\t\t\t\t\t<div class=\"elementor-gallery-item__overlay\"><\/div>\n\t\t\t\t\t\t\t\t\t\t\t\t\t\t<\/a>\n\t\t\t\t\t\t\t<a class=\"e-gallery-item elementor-gallery-item elementor-animated-content\" href=\"https:\/\/www.lichen.pl\/wp-content\/uploads\/2021\/10\/Dzien-Dziecka-Utraconego-15-pazdziernika-2021-6.jpg\" data-elementor-open-lightbox=\"yes\" data-elementor-lightbox-slideshow=\"b260771\" data-elementor-lightbox-title=\"Dzie\u0144 Dziecka Utraconego 15 pa\u017adziernika 2021 6\" data-e-action-hash=\"#elementor-action%3Aaction%3Dlightbox%26settings%3DeyJpZCI6MzI1NDYsInVybCI6Imh0dHBzOlwvXC93d3cubGljaGVuLnBsXC93cC1jb250ZW50XC91cGxvYWRzXC8yMDIxXC8xMFwvRHppZW4tRHppZWNrYS1VdHJhY29uZWdvLTE1LXBhemR6aWVybmlrYS0yMDIxLTYuanBnIiwic2xpZGVzaG93IjoiYjI2MDc3MSJ9\">\n\t\t\t\t\t<div class=\"e-gallery-image elementor-gallery-item__image\" data-thumbnail=\"https:\/\/www.lichen.pl\/wp-content\/uploads\/2021\/10\/Dzien-Dziecka-Utraconego-15-pazdziernika-2021-6-300x200.jpg\" data-width=\"300\" data-height=\"200\" aria-label=\"\" role=\"img\" ><\/div>\n\t\t\t\t\t\t\t\t\t\t\t<div class=\"elementor-gallery-item__overlay\"><\/div>\n\t\t\t\t\t\t\t\t\t\t\t\t\t\t<\/a>\n\t\t\t\t\t\t\t<a class=\"e-gallery-item elementor-gallery-item elementor-animated-content\" href=\"https:\/\/www.lichen.pl\/wp-content\/uploads\/2021\/10\/Dzien-Dziecka-Utraconego-15-pazdziernika-2021-7.jpg\" data-elementor-open-lightbox=\"yes\" data-elementor-lightbox-slideshow=\"b260771\" data-elementor-lightbox-title=\"Dzie\u0144 Dziecka Utraconego 15 pa\u017adziernika 2021 7\" data-e-action-hash=\"#elementor-action%3Aaction%3Dlightbox%26settings%3DeyJpZCI6MzI1NTEsInVybCI6Imh0dHBzOlwvXC93d3cubGljaGVuLnBsXC93cC1jb250ZW50XC91cGxvYWRzXC8yMDIxXC8xMFwvRHppZW4tRHppZWNrYS1VdHJhY29uZWdvLTE1LXBhemR6aWVybmlrYS0yMDIxLTcuanBnIiwic2xpZGVzaG93IjoiYjI2MDc3MSJ9\">\n\t\t\t\t\t<div class=\"e-gallery-image elementor-gallery-item__image\" data-thumbnail=\"https:\/\/www.lichen.pl\/wp-content\/uploads\/2021\/10\/Dzien-Dziecka-Utraconego-15-pazdziernika-2021-7-300x200.jpg\" data-width=\"300\" data-height=\"200\" aria-label=\"\" role=\"img\" ><\/div>\n\t\t\t\t\t\t\t\t\t\t\t<div class=\"elementor-gallery-item__overlay\"><\/div>\n\t\t\t\t\t\t\t\t\t\t\t\t\t\t<\/a>\n\t\t\t\t\t\t\t<a class=\"e-gallery-item elementor-gallery-item elementor-animated-content\" href=\"https:\/\/www.lichen.pl\/wp-content\/uploads\/2021\/10\/Dzien-Dziecka-Utraconego-15-pazdziernika-2021-8.jpg\" data-elementor-open-lightbox=\"yes\" data-elementor-lightbox-slideshow=\"b260771\" data-elementor-lightbox-title=\"Dzie\u0144 Dziecka Utraconego 15 pa\u017adziernika 2021 8\" data-e-action-hash=\"#elementor-action%3Aaction%3Dlightbox%26settings%3DeyJpZCI6MzI1NTYsInVybCI6Imh0dHBzOlwvXC93d3cubGljaGVuLnBsXC93cC1jb250ZW50XC91cGxvYWRzXC8yMDIxXC8xMFwvRHppZW4tRHppZWNrYS1VdHJhY29uZWdvLTE1LXBhemR6aWVybmlrYS0yMDIxLTguanBnIiwic2xpZGVzaG93IjoiYjI2MDc3MSJ9\">\n\t\t\t\t\t<div class=\"e-gallery-image elementor-gallery-item__image\" data-thumbnail=\"https:\/\/www.lichen.pl\/wp-content\/uploads\/2021\/10\/Dzien-Dziecka-Utraconego-15-pazdziernika-2021-8-300x200.jpg\" data-width=\"300\" data-height=\"200\" aria-label=\"\" role=\"img\" ><\/div>\n\t\t\t\t\t\t\t\t\t\t\t<div class=\"elementor-gallery-item__overlay\"><\/div>\n\t\t\t\t\t\t\t\t\t\t\t\t\t\t<\/a>\n\t\t\t\t\t\t\t<a class=\"e-gallery-item elementor-gallery-item elementor-animated-content\" href=\"https:\/\/www.lichen.pl\/wp-content\/uploads\/2021\/10\/Dzien-Dziecka-Utraconego-15-pazdziernika-2021-9.jpg\" data-elementor-open-lightbox=\"yes\" data-elementor-lightbox-slideshow=\"b260771\" data-elementor-lightbox-title=\"Dzie\u0144 Dziecka Utraconego 15 pa\u017adziernika 2021 9\" data-e-action-hash=\"#elementor-action%3Aaction%3Dlightbox%26settings%3DeyJpZCI6MzI1NjEsInVybCI6Imh0dHBzOlwvXC93d3cubGljaGVuLnBsXC93cC1jb250ZW50XC91cGxvYWRzXC8yMDIxXC8xMFwvRHppZW4tRHppZWNrYS1VdHJhY29uZWdvLTE1LXBhemR6aWVybmlrYS0yMDIxLTkuanBnIiwic2xpZGVzaG93IjoiYjI2MDc3MSJ9\">\n\t\t\t\t\t<div class=\"e-gallery-image elementor-gallery-item__image\" data-thumbnail=\"https:\/\/www.lichen.pl\/wp-content\/uploads\/2021\/10\/Dzien-Dziecka-Utraconego-15-pazdziernika-2021-9-300x200.jpg\" data-width=\"300\" data-height=\"200\" aria-label=\"\" role=\"img\" ><\/div>\n\t\t\t\t\t\t\t\t\t\t\t<div class=\"elementor-gallery-item__overlay\"><\/div>\n\t\t\t\t\t\t\t\t\t\t\t\t\t\t<\/a>\n\t\t\t\t\t\t\t<a class=\"e-gallery-item elementor-gallery-item elementor-animated-content\" href=\"https:\/\/www.lichen.pl\/wp-content\/uploads\/2021\/10\/Dzien-Dziecka-Utraconego-15-pazdziernika-2021-10.jpg\" data-elementor-open-lightbox=\"yes\" data-elementor-lightbox-slideshow=\"b260771\" data-elementor-lightbox-title=\"Dzie\u0144 Dziecka Utraconego 15 pa\u017adziernika 2021 10\" data-e-action-hash=\"#elementor-action%3Aaction%3Dlightbox%26settings%3DeyJpZCI6MzI1NjYsInVybCI6Imh0dHBzOlwvXC93d3cubGljaGVuLnBsXC93cC1jb250ZW50XC91cGxvYWRzXC8yMDIxXC8xMFwvRHppZW4tRHppZWNrYS1VdHJhY29uZWdvLTE1LXBhemR6aWVybmlrYS0yMDIxLTEwLmpwZyIsInNsaWRlc2hvdyI6ImIyNjA3NzEifQ%3D%3D\">\n\t\t\t\t\t<div class=\"e-gallery-image elementor-gallery-item__image\" data-thumbnail=\"https:\/\/www.lichen.pl\/wp-content\/uploads\/2021\/10\/Dzien-Dziecka-Utraconego-15-pazdziernika-2021-10-200x300.jpg\" data-width=\"200\" data-height=\"300\" aria-label=\"\" role=\"img\" ><\/div>\n\t\t\t\t\t\t\t\t\t\t\t<div class=\"elementor-gallery-item__overlay\"><\/div>\n\t\t\t\t\t\t\t\t\t\t\t\t\t\t<\/a>\n\t\t\t\t\t\t\t<a class=\"e-gallery-item elementor-gallery-item elementor-animated-content\" href=\"https:\/\/www.lichen.pl\/wp-content\/uploads\/2021\/10\/Dzien-Dziecka-Utraconego-15-pazdziernika-2021-11.jpg\" data-elementor-open-lightbox=\"yes\" data-elementor-lightbox-slideshow=\"b260771\" data-elementor-lightbox-title=\"Dzie\u0144 Dziecka Utraconego 15 pa\u017adziernika 2021 11\" data-e-action-hash=\"#elementor-action%3Aaction%3Dlightbox%26settings%3DeyJpZCI6MzI1NzEsInVybCI6Imh0dHBzOlwvXC93d3cubGljaGVuLnBsXC93cC1jb250ZW50XC91cGxvYWRzXC8yMDIxXC8xMFwvRHppZW4tRHppZWNrYS1VdHJhY29uZWdvLTE1LXBhemR6aWVybmlrYS0yMDIxLTExLmpwZyIsInNsaWRlc2hvdyI6ImIyNjA3NzEifQ%3D%3D\">\n\t\t\t\t\t<div class=\"e-gallery-image elementor-gallery-item__image\" data-thumbnail=\"https:\/\/www.lichen.pl\/wp-content\/uploads\/2021\/10\/Dzien-Dziecka-Utraconego-15-pazdziernika-2021-11-200x300.jpg\" data-width=\"200\" data-height=\"300\" aria-label=\"\" role=\"img\" ><\/div>\n\t\t\t\t\t\t\t\t\t\t\t<div class=\"elementor-gallery-item__overlay\"><\/div>\n\t\t\t\t\t\t\t\t\t\t\t\t\t\t<\/a>\n\t\t\t\t\t<\/div>\n\t\t\t\t\t<\/div>\n\t\t\t\t<\/div>\n\t\t\t\t<div class=\"elementor-element elementor-element-c736e4a elementor-widget-divider--view-line elementor-widget elementor-widget-divider\" data-id=\"c736e4a\" data-element_type=\"widget\" data-e-type=\"widget\" data-widget_type=\"divider.default\">\n\t\t\t\t<div class=\"elementor-widget-container\">\n\t\t\t\t\t\t\t<div class=\"elementor-divider\">\n\t\t\t<span class=\"elementor-divider-separator\">\n\t\t\t\t\t\t<\/span>\n\t\t<\/div>\n\t\t\t\t\t\t<\/div>\n\t\t\t\t<\/div>\n\t\t\t\t\t<\/div>\n\t\t<\/div>\n\t\t\t\t\t<\/div>\n\t\t<\/section>\n\t\t\t\t<\/div>","protected":false},"excerpt":{"rendered":"<p>W Dzie\u0144 Dziecka Utraconego obchodzonego na ca\u0142ym \u015bwiecie dnia 15 pa\u017adziernika, w liche\u0144skiej bazylice modlono si\u0119 w intencjach rodzic\u00f3w dzieci nienarodzonych oraz zmar\u0142ych. \u201eW spos\u00f3b szczeg\u00f3lny otaczamy nasz\u0105 modlitw\u0105, \u017cyczliwo\u015bci\u0105 rodzic\u00f3w, kt\u00f3rzy do\u015bwiadczyli utraty dziecka przed urodzeniem. To wyj\u0105tkowy dzie\u0144 dla wszystkich rodzic\u00f3w, kt\u00f3rych do\u015bwiadczyli utraty swojego dziecka. Miliony rodzic\u00f3w na \u015bwiecie zadaje sobie &#8211; [&hellip;]<\/p>\n","protected":false},"author":2,"featured_media":32411,"comment_status":"open","ping_status":"open","sticky":false,"template":"","format":"standard","meta":{"footnotes":""},"categories":[1],"tags":[],"class_list":["post-32518","post","type-post","status-publish","format-standard","has-post-thumbnail","hentry","category-aktualnosci","wpbf-post"],"yoast_head":"<!-- This site is optimized with the Yoast SEO plugin v27.5 - https:\/\/yoast.com\/product\/yoast-seo-wordpress\/ -->\n<title>Dzie\u0144 Dziecka Utraconego \u2013 modlitwa w intencji dzieci nienarodzonych i zmar\u0142ych - SANKTUARIUM W LICHENIU<\/title>\n<meta name=\"robots\" content=\"index, follow, max-snippet:-1, max-image-preview:large, max-video-preview:-1\" \/>\n<link rel=\"canonical\" href=\"https:\/\/www.lichen.pl\/it\/dzien-dziecka-utraconego-modlitwa-w-intencji-dzieci-nienarodzonych-i-zmarlych\/\" \/>\n<meta property=\"og:locale\" content=\"it_IT\" \/>\n<meta property=\"og:type\" content=\"article\" \/>\n<meta property=\"og:title\" content=\"Dzie\u0144 Dziecka Utraconego \u2013 modlitwa w intencji dzieci nienarodzonych i zmar\u0142ych - SANKTUARIUM W LICHENIU\" \/>\n<meta property=\"og:description\" content=\"W Dzie\u0144 Dziecka Utraconego obchodzonego na ca\u0142ym \u015bwiecie dnia 15 pa\u017adziernika, w liche\u0144skiej bazylice modlono si\u0119 w intencjach rodzic\u00f3w dzieci nienarodzonych oraz zmar\u0142ych. \u201eW spos\u00f3b szczeg\u00f3lny otaczamy nasz\u0105 modlitw\u0105, \u017cyczliwo\u015bci\u0105 rodzic\u00f3w, kt\u00f3rzy do\u015bwiadczyli utraty dziecka przed urodzeniem. To wyj\u0105tkowy dzie\u0144 dla wszystkich rodzic\u00f3w, kt\u00f3rych do\u015bwiadczyli utraty swojego dziecka. Miliony rodzic\u00f3w na \u015bwiecie zadaje sobie &#8211; [&hellip;]\" \/>\n<meta property=\"og:url\" content=\"https:\/\/www.lichen.pl\/it\/dzien-dziecka-utraconego-modlitwa-w-intencji-dzieci-nienarodzonych-i-zmarlych\/\" \/>\n<meta property=\"og:site_name\" content=\"SANKTUARIUM W LICHENIU\" \/>\n<meta property=\"article:published_time\" content=\"2021-10-15T20:30:29+00:00\" \/>\n<meta property=\"article:modified_time\" content=\"2021-10-19T11:54:38+00:00\" \/>\n<meta property=\"og:image\" content=\"https:\/\/www.lichen.pl\/wp-content\/uploads\/2021\/05\/Dzien-Dziecka-Utraconego.jpg\" \/>\n\t<meta property=\"og:image:width\" content=\"807\" \/>\n\t<meta property=\"og:image:height\" content=\"388\" \/>\n\t<meta property=\"og:image:type\" content=\"image\/jpeg\" \/>\n<meta name=\"author\" content=\"Arkadiusz Gorgolewski\" \/>\n<meta name=\"twitter:card\" content=\"summary_large_image\" \/>\n<meta name=\"twitter:label1\" content=\"Scritto da\" \/>\n\t<meta name=\"twitter:data1\" content=\"Arkadiusz Gorgolewski\" \/>\n\t<meta name=\"twitter:label2\" content=\"Tempo di lettura stimato\" \/>\n\t<meta name=\"twitter:data2\" content=\"6 minuti\" \/>\n<script type=\"application\/ld+json\" class=\"yoast-schema-graph\">{\"@context\":\"https:\\\/\\\/schema.org\",\"@graph\":[{\"@type\":\"Article\",\"@id\":\"https:\\\/\\\/www.lichen.pl\\\/it\\\/dzien-dziecka-utraconego-modlitwa-w-intencji-dzieci-nienarodzonych-i-zmarlych\\\/#article\",\"isPartOf\":{\"@id\":\"https:\\\/\\\/www.lichen.pl\\\/it\\\/dzien-dziecka-utraconego-modlitwa-w-intencji-dzieci-nienarodzonych-i-zmarlych\\\/\"},\"author\":{\"name\":\"Arkadiusz Gorgolewski\",\"@id\":\"https:\\\/\\\/www.lichen.pl\\\/fr\\\/#\\\/schema\\\/person\\\/56fc5b38d70a2b34983408f9a457fd9d\"},\"headline\":\"Dzie\u0144 Dziecka Utraconego \u2013 modlitwa w intencji dzieci nienarodzonych i zmar\u0142ych\",\"datePublished\":\"2021-10-15T20:30:29+00:00\",\"dateModified\":\"2021-10-19T11:54:38+00:00\",\"mainEntityOfPage\":{\"@id\":\"https:\\\/\\\/www.lichen.pl\\\/it\\\/dzien-dziecka-utraconego-modlitwa-w-intencji-dzieci-nienarodzonych-i-zmarlych\\\/\"},\"wordCount\":754,\"commentCount\":0,\"image\":{\"@id\":\"https:\\\/\\\/www.lichen.pl\\\/it\\\/dzien-dziecka-utraconego-modlitwa-w-intencji-dzieci-nienarodzonych-i-zmarlych\\\/#primaryimage\"},\"thumbnailUrl\":\"https:\\\/\\\/www.lichen.pl\\\/wp-content\\\/uploads\\\/2021\\\/05\\\/Dzien-Dziecka-Utraconego.jpg\",\"articleSection\":[\"Aktualno\u015bci\"],\"inLanguage\":\"it-IT\",\"potentialAction\":[{\"@type\":\"CommentAction\",\"name\":\"Comment\",\"target\":[\"https:\\\/\\\/www.lichen.pl\\\/it\\\/dzien-dziecka-utraconego-modlitwa-w-intencji-dzieci-nienarodzonych-i-zmarlych\\\/#respond\"]}]},{\"@type\":\"WebPage\",\"@id\":\"https:\\\/\\\/www.lichen.pl\\\/it\\\/dzien-dziecka-utraconego-modlitwa-w-intencji-dzieci-nienarodzonych-i-zmarlych\\\/\",\"url\":\"https:\\\/\\\/www.lichen.pl\\\/it\\\/dzien-dziecka-utraconego-modlitwa-w-intencji-dzieci-nienarodzonych-i-zmarlych\\\/\",\"name\":\"Dzie\u0144 Dziecka Utraconego \u2013 modlitwa w intencji dzieci nienarodzonych i zmar\u0142ych - SANKTUARIUM W LICHENIU\",\"isPartOf\":{\"@id\":\"https:\\\/\\\/www.lichen.pl\\\/fr\\\/#website\"},\"primaryImageOfPage\":{\"@id\":\"https:\\\/\\\/www.lichen.pl\\\/it\\\/dzien-dziecka-utraconego-modlitwa-w-intencji-dzieci-nienarodzonych-i-zmarlych\\\/#primaryimage\"},\"image\":{\"@id\":\"https:\\\/\\\/www.lichen.pl\\\/it\\\/dzien-dziecka-utraconego-modlitwa-w-intencji-dzieci-nienarodzonych-i-zmarlych\\\/#primaryimage\"},\"thumbnailUrl\":\"https:\\\/\\\/www.lichen.pl\\\/wp-content\\\/uploads\\\/2021\\\/05\\\/Dzien-Dziecka-Utraconego.jpg\",\"datePublished\":\"2021-10-15T20:30:29+00:00\",\"dateModified\":\"2021-10-19T11:54:38+00:00\",\"author\":{\"@id\":\"https:\\\/\\\/www.lichen.pl\\\/fr\\\/#\\\/schema\\\/person\\\/56fc5b38d70a2b34983408f9a457fd9d\"},\"breadcrumb\":{\"@id\":\"https:\\\/\\\/www.lichen.pl\\\/it\\\/dzien-dziecka-utraconego-modlitwa-w-intencji-dzieci-nienarodzonych-i-zmarlych\\\/#breadcrumb\"},\"inLanguage\":\"it-IT\",\"potentialAction\":[{\"@type\":\"ReadAction\",\"target\":[\"https:\\\/\\\/www.lichen.pl\\\/it\\\/dzien-dziecka-utraconego-modlitwa-w-intencji-dzieci-nienarodzonych-i-zmarlych\\\/\"]}]},{\"@type\":\"ImageObject\",\"inLanguage\":\"it-IT\",\"@id\":\"https:\\\/\\\/www.lichen.pl\\\/it\\\/dzien-dziecka-utraconego-modlitwa-w-intencji-dzieci-nienarodzonych-i-zmarlych\\\/#primaryimage\",\"url\":\"https:\\\/\\\/www.lichen.pl\\\/wp-content\\\/uploads\\\/2021\\\/05\\\/Dzien-Dziecka-Utraconego.jpg\",\"contentUrl\":\"https:\\\/\\\/www.lichen.pl\\\/wp-content\\\/uploads\\\/2021\\\/05\\\/Dzien-Dziecka-Utraconego.jpg\",\"width\":807,\"height\":388},{\"@type\":\"BreadcrumbList\",\"@id\":\"https:\\\/\\\/www.lichen.pl\\\/it\\\/dzien-dziecka-utraconego-modlitwa-w-intencji-dzieci-nienarodzonych-i-zmarlych\\\/#breadcrumb\",\"itemListElement\":[{\"@type\":\"ListItem\",\"position\":1,\"name\":\"Strona g\u0142\u00f3wna\",\"item\":\"https:\\\/\\\/www.lichen.pl\\\/\"},{\"@type\":\"ListItem\",\"position\":2,\"name\":\"Dzie\u0144 Dziecka Utraconego \u2013 modlitwa w intencji dzieci nienarodzonych i zmar\u0142ych\"}]},{\"@type\":\"WebSite\",\"@id\":\"https:\\\/\\\/www.lichen.pl\\\/fr\\\/#website\",\"url\":\"https:\\\/\\\/www.lichen.pl\\\/fr\\\/\",\"name\":\"SANKTUARIUM W LICHENIU\",\"description\":\"MATKI BO\u017bEJ LICHE\u0143SKIEJ BOLESNEJ KR\u00d3LOWEJ POLSKI\",\"potentialAction\":[{\"@type\":\"SearchAction\",\"target\":{\"@type\":\"EntryPoint\",\"urlTemplate\":\"https:\\\/\\\/www.lichen.pl\\\/fr\\\/?s={search_term_string}\"},\"query-input\":{\"@type\":\"PropertyValueSpecification\",\"valueRequired\":true,\"valueName\":\"search_term_string\"}}],\"inLanguage\":\"it-IT\"},{\"@type\":\"Person\",\"@id\":\"https:\\\/\\\/www.lichen.pl\\\/fr\\\/#\\\/schema\\\/person\\\/56fc5b38d70a2b34983408f9a457fd9d\",\"name\":\"Arkadiusz Gorgolewski\",\"image\":{\"@type\":\"ImageObject\",\"inLanguage\":\"it-IT\",\"@id\":\"https:\\\/\\\/secure.gravatar.com\\\/avatar\\\/0f571b370f5aa245b1fd3b9c945511b004fe17579bdefd5054d99f0ba315149c?s=96&d=retro&r=g\",\"url\":\"https:\\\/\\\/secure.gravatar.com\\\/avatar\\\/0f571b370f5aa245b1fd3b9c945511b004fe17579bdefd5054d99f0ba315149c?s=96&d=retro&r=g\",\"contentUrl\":\"https:\\\/\\\/secure.gravatar.com\\\/avatar\\\/0f571b370f5aa245b1fd3b9c945511b004fe17579bdefd5054d99f0ba315149c?s=96&d=retro&r=g\",\"caption\":\"Arkadiusz Gorgolewski\"},\"url\":\"https:\\\/\\\/www.lichen.pl\\\/it\\\/author\\\/sanadmin\\\/\"}]}<\/script>\n<!-- \/ Yoast SEO plugin. -->","yoast_head_json":{"title":"Dzie\u0144 Dziecka Utraconego \u2013 modlitwa w intencji dzieci nienarodzonych i zmar\u0142ych - SANKTUARIUM W LICHENIU","robots":{"index":"index","follow":"follow","max-snippet":"max-snippet:-1","max-image-preview":"max-image-preview:large","max-video-preview":"max-video-preview:-1"},"canonical":"https:\/\/www.lichen.pl\/it\/dzien-dziecka-utraconego-modlitwa-w-intencji-dzieci-nienarodzonych-i-zmarlych\/","og_locale":"it_IT","og_type":"article","og_title":"Dzie\u0144 Dziecka Utraconego \u2013 modlitwa w intencji dzieci nienarodzonych i zmar\u0142ych - SANKTUARIUM W LICHENIU","og_description":"W Dzie\u0144 Dziecka Utraconego obchodzonego na ca\u0142ym \u015bwiecie dnia 15 pa\u017adziernika, w liche\u0144skiej bazylice modlono si\u0119 w intencjach rodzic\u00f3w dzieci nienarodzonych oraz zmar\u0142ych. \u201eW spos\u00f3b szczeg\u00f3lny otaczamy nasz\u0105 modlitw\u0105, \u017cyczliwo\u015bci\u0105 rodzic\u00f3w, kt\u00f3rzy do\u015bwiadczyli utraty dziecka przed urodzeniem. To wyj\u0105tkowy dzie\u0144 dla wszystkich rodzic\u00f3w, kt\u00f3rych do\u015bwiadczyli utraty swojego dziecka. Miliony rodzic\u00f3w na \u015bwiecie zadaje sobie &#8211; [&hellip;]","og_url":"https:\/\/www.lichen.pl\/it\/dzien-dziecka-utraconego-modlitwa-w-intencji-dzieci-nienarodzonych-i-zmarlych\/","og_site_name":"SANKTUARIUM W LICHENIU","article_published_time":"2021-10-15T20:30:29+00:00","article_modified_time":"2021-10-19T11:54:38+00:00","og_image":[{"width":807,"height":388,"url":"https:\/\/www.lichen.pl\/wp-content\/uploads\/2021\/05\/Dzien-Dziecka-Utraconego.jpg","type":"image\/jpeg"}],"author":"Arkadiusz Gorgolewski","twitter_card":"summary_large_image","twitter_misc":{"Scritto da":"Arkadiusz Gorgolewski","Tempo di lettura stimato":"6 minuti"},"schema":{"@context":"https:\/\/schema.org","@graph":[{"@type":"Article","@id":"https:\/\/www.lichen.pl\/it\/dzien-dziecka-utraconego-modlitwa-w-intencji-dzieci-nienarodzonych-i-zmarlych\/#article","isPartOf":{"@id":"https:\/\/www.lichen.pl\/it\/dzien-dziecka-utraconego-modlitwa-w-intencji-dzieci-nienarodzonych-i-zmarlych\/"},"author":{"name":"Arkadiusz Gorgolewski","@id":"https:\/\/www.lichen.pl\/fr\/#\/schema\/person\/56fc5b38d70a2b34983408f9a457fd9d"},"headline":"Dzie\u0144 Dziecka Utraconego \u2013 modlitwa w intencji dzieci nienarodzonych i zmar\u0142ych","datePublished":"2021-10-15T20:30:29+00:00","dateModified":"2021-10-19T11:54:38+00:00","mainEntityOfPage":{"@id":"https:\/\/www.lichen.pl\/it\/dzien-dziecka-utraconego-modlitwa-w-intencji-dzieci-nienarodzonych-i-zmarlych\/"},"wordCount":754,"commentCount":0,"image":{"@id":"https:\/\/www.lichen.pl\/it\/dzien-dziecka-utraconego-modlitwa-w-intencji-dzieci-nienarodzonych-i-zmarlych\/#primaryimage"},"thumbnailUrl":"https:\/\/www.lichen.pl\/wp-content\/uploads\/2021\/05\/Dzien-Dziecka-Utraconego.jpg","articleSection":["Aktualno\u015bci"],"inLanguage":"it-IT","potentialAction":[{"@type":"CommentAction","name":"Comment","target":["https:\/\/www.lichen.pl\/it\/dzien-dziecka-utraconego-modlitwa-w-intencji-dzieci-nienarodzonych-i-zmarlych\/#respond"]}]},{"@type":"WebPage","@id":"https:\/\/www.lichen.pl\/it\/dzien-dziecka-utraconego-modlitwa-w-intencji-dzieci-nienarodzonych-i-zmarlych\/","url":"https:\/\/www.lichen.pl\/it\/dzien-dziecka-utraconego-modlitwa-w-intencji-dzieci-nienarodzonych-i-zmarlych\/","name":"Dzie\u0144 Dziecka Utraconego \u2013 modlitwa w intencji dzieci nienarodzonych i zmar\u0142ych - SANKTUARIUM W LICHENIU","isPartOf":{"@id":"https:\/\/www.lichen.pl\/fr\/#website"},"primaryImageOfPage":{"@id":"https:\/\/www.lichen.pl\/it\/dzien-dziecka-utraconego-modlitwa-w-intencji-dzieci-nienarodzonych-i-zmarlych\/#primaryimage"},"image":{"@id":"https:\/\/www.lichen.pl\/it\/dzien-dziecka-utraconego-modlitwa-w-intencji-dzieci-nienarodzonych-i-zmarlych\/#primaryimage"},"thumbnailUrl":"https:\/\/www.lichen.pl\/wp-content\/uploads\/2021\/05\/Dzien-Dziecka-Utraconego.jpg","datePublished":"2021-10-15T20:30:29+00:00","dateModified":"2021-10-19T11:54:38+00:00","author":{"@id":"https:\/\/www.lichen.pl\/fr\/#\/schema\/person\/56fc5b38d70a2b34983408f9a457fd9d"},"breadcrumb":{"@id":"https:\/\/www.lichen.pl\/it\/dzien-dziecka-utraconego-modlitwa-w-intencji-dzieci-nienarodzonych-i-zmarlych\/#breadcrumb"},"inLanguage":"it-IT","potentialAction":[{"@type":"ReadAction","target":["https:\/\/www.lichen.pl\/it\/dzien-dziecka-utraconego-modlitwa-w-intencji-dzieci-nienarodzonych-i-zmarlych\/"]}]},{"@type":"ImageObject","inLanguage":"it-IT","@id":"https:\/\/www.lichen.pl\/it\/dzien-dziecka-utraconego-modlitwa-w-intencji-dzieci-nienarodzonych-i-zmarlych\/#primaryimage","url":"https:\/\/www.lichen.pl\/wp-content\/uploads\/2021\/05\/Dzien-Dziecka-Utraconego.jpg","contentUrl":"https:\/\/www.lichen.pl\/wp-content\/uploads\/2021\/05\/Dzien-Dziecka-Utraconego.jpg","width":807,"height":388},{"@type":"BreadcrumbList","@id":"https:\/\/www.lichen.pl\/it\/dzien-dziecka-utraconego-modlitwa-w-intencji-dzieci-nienarodzonych-i-zmarlych\/#breadcrumb","itemListElement":[{"@type":"ListItem","position":1,"name":"Strona g\u0142\u00f3wna","item":"https:\/\/www.lichen.pl\/"},{"@type":"ListItem","position":2,"name":"Dzie\u0144 Dziecka Utraconego \u2013 modlitwa w intencji dzieci nienarodzonych i zmar\u0142ych"}]},{"@type":"WebSite","@id":"https:\/\/www.lichen.pl\/fr\/#website","url":"https:\/\/www.lichen.pl\/fr\/","name":"SANTUARIO IN LICHENIA","description":"LA REGINA ADOLORATA DEL NOSTRO LICHENE DI POLONIA","potentialAction":[{"@type":"SearchAction","target":{"@type":"EntryPoint","urlTemplate":"https:\/\/www.lichen.pl\/fr\/?s={search_term_string}"},"query-input":{"@type":"PropertyValueSpecification","valueRequired":true,"valueName":"search_term_string"}}],"inLanguage":"it-IT"},{"@type":"Person","@id":"https:\/\/www.lichen.pl\/fr\/#\/schema\/person\/56fc5b38d70a2b34983408f9a457fd9d","name":"Arkadiusz Gorgolewski","image":{"@type":"ImageObject","inLanguage":"it-IT","@id":"https:\/\/secure.gravatar.com\/avatar\/0f571b370f5aa245b1fd3b9c945511b004fe17579bdefd5054d99f0ba315149c?s=96&d=retro&r=g","url":"https:\/\/secure.gravatar.com\/avatar\/0f571b370f5aa245b1fd3b9c945511b004fe17579bdefd5054d99f0ba315149c?s=96&d=retro&r=g","contentUrl":"https:\/\/secure.gravatar.com\/avatar\/0f571b370f5aa245b1fd3b9c945511b004fe17579bdefd5054d99f0ba315149c?s=96&d=retro&r=g","caption":"Arkadiusz Gorgolewski"},"url":"https:\/\/www.lichen.pl\/it\/author\/sanadmin\/"}]}},"_links":{"self":[{"href":"https:\/\/www.lichen.pl\/it\/wp-json\/wp\/v2\/posts\/32518","targetHints":{"allow":["GET"]}}],"collection":[{"href":"https:\/\/www.lichen.pl\/it\/wp-json\/wp\/v2\/posts"}],"about":[{"href":"https:\/\/www.lichen.pl\/it\/wp-json\/wp\/v2\/types\/post"}],"author":[{"embeddable":true,"href":"https:\/\/www.lichen.pl\/it\/wp-json\/wp\/v2\/users\/2"}],"replies":[{"embeddable":true,"href":"https:\/\/www.lichen.pl\/it\/wp-json\/wp\/v2\/comments?post=32518"}],"version-history":[{"count":7,"href":"https:\/\/www.lichen.pl\/it\/wp-json\/wp\/v2\/posts\/32518\/revisions"}],"predecessor-version":[{"id":32581,"href":"https:\/\/www.lichen.pl\/it\/wp-json\/wp\/v2\/posts\/32518\/revisions\/32581"}],"wp:featuredmedia":[{"embeddable":true,"href":"https:\/\/www.lichen.pl\/it\/wp-json\/wp\/v2\/media\/32411"}],"wp:attachment":[{"href":"https:\/\/www.lichen.pl\/it\/wp-json\/wp\/v2\/media?parent=32518"}],"wp:term":[{"taxonomy":"category","embeddable":true,"href":"https:\/\/www.lichen.pl\/it\/wp-json\/wp\/v2\/categories?post=32518"},{"taxonomy":"post_tag","embeddable":true,"href":"https:\/\/www.lichen.pl\/it\/wp-json\/wp\/v2\/tags?post=32518"}],"curies":[{"name":"wp","href":"https:\/\/api.w.org\/{rel}","templated":true}]}}