{"id":43043,"date":"2022-07-24T16:06:39","date_gmt":"2022-07-24T14:06:39","guid":{"rendered":"https:\/\/www.lichen.pl\/iv-miedzynarodowy-lichenski-festiwal-muzyki-organowej-basilica-sonans-bernhard-gfrerer-10-lipca-2022-r-copy-copy\/"},"modified":"2022-07-25T14:43:31","modified_gmt":"2022-07-25T12:43:31","slug":"emanuel-baczkowski-wykonawca-piatego-koncertu-iv-miedzynarodowego-lichenskiego-festiwalu-muzyki-organowej-basilica-sonans","status":"publish","type":"post","link":"https:\/\/www.lichen.pl\/it\/emanuel-baczkowski-wykonawca-piatego-koncertu-iv-miedzynarodowego-lichenskiego-festiwalu-muzyki-organowej-basilica-sonans\/","title":{"rendered":"Emanuel B\u0105czkowski wykonawc\u0105 pi\u0105tego koncertu IV Mi\u0119dzynarodowego Liche\u0144skiego Festiwalu Muzyki Organowej &#8220;Basilica Sonans&#8221;"},"content":{"rendered":"<div data-elementor-type=\"wp-post\" data-elementor-id=\"43043\" class=\"elementor elementor-43043\" data-elementor-post-type=\"post\">\n\t\t\t\t\t\t<section class=\"elementor-section elementor-top-section elementor-element elementor-element-e9efdf5 elementor-section-boxed elementor-section-height-default elementor-section-height-default\" data-id=\"e9efdf5\" data-element_type=\"section\" data-e-type=\"section\">\n\t\t\t\t\t\t<div class=\"elementor-container elementor-column-gap-default\">\n\t\t\t\t\t<div class=\"elementor-column elementor-col-100 elementor-top-column elementor-element elementor-element-a1a9922\" data-id=\"a1a9922\" data-element_type=\"column\" data-e-type=\"column\">\n\t\t\t<div class=\"elementor-widget-wrap elementor-element-populated\">\n\t\t\t\t\t\t<div class=\"elementor-element elementor-element-fbe3fa6 elementor-widget elementor-widget-heading\" data-id=\"fbe3fa6\" data-element_type=\"widget\" data-e-type=\"widget\" data-widget_type=\"heading.default\">\n\t\t\t\t<div class=\"elementor-widget-container\">\n\t\t\t\t\t<h2 class=\"elementor-heading-title elementor-size-default\">W niedziel\u0119, 24 lipca wys\u0142uchali\u015bmy pi\u0105tego koncertu IV Liche\u0144skiego Festiwalu Muzyki Organowej \u201eBasilica Sonans\u201d. Na liche\u0144skich organach zagra\u0142 Emanuel B\u0105czkowski. <\/h2>\t\t\t\t<\/div>\n\t\t\t\t<\/div>\n\t\t\t\t<div class=\"elementor-element elementor-element-011805a elementor-widget elementor-widget-spacer\" data-id=\"011805a\" data-element_type=\"widget\" data-e-type=\"widget\" data-widget_type=\"spacer.default\">\n\t\t\t\t<div class=\"elementor-widget-container\">\n\t\t\t\t\t\t\t<div class=\"elementor-spacer\">\n\t\t\t<div class=\"elementor-spacer-inner\"><\/div>\n\t\t<\/div>\n\t\t\t\t\t\t<\/div>\n\t\t\t\t<\/div>\n\t\t\t\t<section class=\"elementor-section elementor-inner-section elementor-element elementor-element-f92085c elementor-section-boxed elementor-section-height-default elementor-section-height-default\" data-id=\"f92085c\" data-element_type=\"section\" data-e-type=\"section\">\n\t\t\t\t\t\t<div class=\"elementor-container elementor-column-gap-default\">\n\t\t\t\t\t<div class=\"elementor-column elementor-col-50 elementor-inner-column elementor-element elementor-element-cfd0e7f\" data-id=\"cfd0e7f\" data-element_type=\"column\" data-e-type=\"column\">\n\t\t\t<div class=\"elementor-widget-wrap elementor-element-populated\">\n\t\t\t\t\t\t<div class=\"elementor-element elementor-element-308eea1 elementor-widget elementor-widget-image\" data-id=\"308eea1\" data-element_type=\"widget\" data-e-type=\"widget\" data-widget_type=\"image.default\">\n\t\t\t\t<div class=\"elementor-widget-container\">\n\t\t\t\t\t\t\t\t\t\t\t\t\t\t\t\t<a href=\"https:\/\/www.lichen.pl\/wp-content\/uploads\/2022\/07\/Emanuel-Baczkowski-24-lipca-2022-pion.jpg\" data-elementor-open-lightbox=\"yes\" data-elementor-lightbox-title=\"Emanuel B\u0105czkowski 24 lipca 2022- pion\" data-e-action-hash=\"#elementor-action%3Aaction%3Dlightbox%26settings%3DeyJpZCI6NDMwNDYsInVybCI6Imh0dHBzOlwvXC93d3cubGljaGVuLnBsXC93cC1jb250ZW50XC91cGxvYWRzXC8yMDIyXC8wN1wvRW1hbnVlbC1CYWN6a293c2tpLTI0LWxpcGNhLTIwMjItcGlvbi5qcGcifQ%3D%3D\">\n\t\t\t\t\t\t\t<img fetchpriority=\"high\" decoding=\"async\" width=\"724\" height=\"1024\" src=\"https:\/\/www.lichen.pl\/wp-content\/uploads\/2022\/07\/Emanuel-Baczkowski-24-lipca-2022-pion-724x1024.jpg\" class=\"attachment-large size-large wp-image-43046\" alt=\"\" srcset=\"https:\/\/www.lichen.pl\/wp-content\/uploads\/2022\/07\/Emanuel-Baczkowski-24-lipca-2022-pion-724x1024.jpg 724w, https:\/\/www.lichen.pl\/wp-content\/uploads\/2022\/07\/Emanuel-Baczkowski-24-lipca-2022-pion-800x1131.jpg 800w, https:\/\/www.lichen.pl\/wp-content\/uploads\/2022\/07\/Emanuel-Baczkowski-24-lipca-2022-pion-212x300.jpg 212w, https:\/\/www.lichen.pl\/wp-content\/uploads\/2022\/07\/Emanuel-Baczkowski-24-lipca-2022-pion-768x1086.jpg 768w, https:\/\/www.lichen.pl\/wp-content\/uploads\/2022\/07\/Emanuel-Baczkowski-24-lipca-2022-pion-1086x1536.jpg 1086w, https:\/\/www.lichen.pl\/wp-content\/uploads\/2022\/07\/Emanuel-Baczkowski-24-lipca-2022-pion-1448x2048.jpg 1448w, https:\/\/www.lichen.pl\/wp-content\/uploads\/2022\/07\/Emanuel-Baczkowski-24-lipca-2022-pion-8x12.jpg 8w, https:\/\/www.lichen.pl\/wp-content\/uploads\/2022\/07\/Emanuel-Baczkowski-24-lipca-2022-pion.jpg 905w\" sizes=\"(max-width: 724px) 100vw, 724px\" \/>\t\t\t\t\t\t\t\t<\/a>\n\t\t\t\t\t\t\t\t\t\t\t\t\t\t\t<\/div>\n\t\t\t\t<\/div>\n\t\t\t\t\t<\/div>\n\t\t<\/div>\n\t\t\t\t<div class=\"elementor-column elementor-col-50 elementor-inner-column elementor-element elementor-element-b59ac30\" data-id=\"b59ac30\" data-element_type=\"column\" data-e-type=\"column\">\n\t\t\t<div class=\"elementor-widget-wrap elementor-element-populated\">\n\t\t\t\t\t\t<div class=\"elementor-element elementor-element-a7b9f22 elementor-widget elementor-widget-text-editor\" data-id=\"a7b9f22\" data-element_type=\"widget\" data-e-type=\"widget\" data-widget_type=\"text-editor.default\">\n\t\t\t\t<div class=\"elementor-widget-container\">\n\t\t\t\t\t\t\t\t\t<div class=\"o9v6fnle cxmmr5t8 oygrvhab hcukyx3x c1et5uql ii04i59q\"><div dir=\"auto\"><p>Absolwent Uniwersytetu Muzycznego\u00a0 Fryderyka Chopina w Warszawie, Wydzia\u0142u Instrumentalnego &#8211;\u00a0 w klasie organ\u00f3w prof. Andrzeja Chorosi\u0144skiego (2010) oraz Wydzia\u0142u Dyrygentury Ch\u00f3ralnej, Edukacji Muzycznej, Muzyki Ko\u015bcielnej, Rytmiki i Ta\u0144ca w specjalno\u015bci muzyka ko\u015bcielna.<\/p><p>Studiowa\u0142 organy i kompozycj\u0119 organow\u0105 w Conservatorio di Musica Santa Cella w Rzymie w klasie Maestro Alessandro Licata. Uko\u0144czy\u0142 Mi\u0119dzywydzia\u0142owe Studium Pedagogiczne w UMFC (2009). Odby\u0142 dwuletni sta\u017c artystyczny na Uniwersytecie Muzycznym Fryderyka Chopina w Warszawie (2010-2012).<\/p><p>Absolwent Studi\u00f3w Menad\u017cerskich dla Artyst\u00f3w, Tw\u00f3rc\u00f3w i Animator\u00f3w Kultury na Wydziale Zarz\u0105dzania Uniwersytetu Warszawskiego. Absolwent Podyplomowych Studi\u00f3w Formacji Biblijnej (20212-2014) oraz Podyplomowych Studi\u00f3w Duchowo\u015bci (2014-2016) na Uniwersytecie Kard. Stefana Wyszy\u0144skiego w Warszawie. Podyplomowego studium z zakresu filozofii i metafizyki w Wy\u017cszej Szkole Kultury Spo\u0142ecznej i Medialnej w Toruniu (2011-2012).<\/p><p>Uczestnik i finalista mi\u0119dzynarodowych i og\u00f3lnopolskich konkurs\u00f3w organowych. Koncertuje jako solista i kameralista (Izrael, Niemcy, W\u0142ochy, Francja). Wielokrotnie wyst\u0119powa\u0142w ramach Europejskich i Mi\u0119dzynarodowych Festiwali Organowych.<\/p><p>Odznaczony odznak\u0105 honorow\u0105 &#8220;Zas\u0142u\u017cony dla Kultury Polskiej&#8221;, &#8220;Orderem Grobu \u015awi\u0119tego&#8221;, &#8220;Orderem Jasnog\u00f3rskiej Bogurodzicy&#8221;.<\/p><\/div><\/div>\t\t\t\t\t\t\t\t<\/div>\n\t\t\t\t<\/div>\n\t\t\t\t\t<\/div>\n\t\t<\/div>\n\t\t\t\t\t<\/div>\n\t\t<\/section>\n\t\t\t\t<div class=\"elementor-element elementor-element-abb1bef elementor-widget elementor-widget-spacer\" data-id=\"abb1bef\" data-element_type=\"widget\" data-e-type=\"widget\" data-widget_type=\"spacer.default\">\n\t\t\t\t<div class=\"elementor-widget-container\">\n\t\t\t\t\t\t\t<div class=\"elementor-spacer\">\n\t\t\t<div class=\"elementor-spacer-inner\"><\/div>\n\t\t<\/div>\n\t\t\t\t\t\t<\/div>\n\t\t\t\t<\/div>\n\t\t\t\t<div class=\"elementor-element elementor-element-f7a980b elementor-widget elementor-widget-text-editor\" data-id=\"f7a980b\" data-element_type=\"widget\" data-e-type=\"widget\" data-widget_type=\"text-editor.default\">\n\t\t\t\t<div class=\"elementor-widget-container\">\n\t\t\t\t\t\t\t\t\t<p><strong>Leggi anche:<\/strong>\u00a0 <span style=\"color: #ff0000;\"><a style=\"color: #ff0000;\" href=\"http:\/\/www.lichen.pl\/it\/koncerty-organowe\/\" target=\"_blank\" rel=\"noopener\">Organo di lichene<\/a><\/span><\/p>\t\t\t\t\t\t\t\t<\/div>\n\t\t\t\t<\/div>\n\t\t\t\t<div class=\"elementor-element elementor-element-69f5a2a elementor-widget-divider--view-line elementor-widget elementor-widget-divider\" data-id=\"69f5a2a\" data-element_type=\"widget\" data-e-type=\"widget\" data-widget_type=\"divider.default\">\n\t\t\t\t<div class=\"elementor-widget-container\">\n\t\t\t\t\t\t\t<div class=\"elementor-divider\">\n\t\t\t<span class=\"elementor-divider-separator\">\n\t\t\t\t\t\t<\/span>\n\t\t<\/div>\n\t\t\t\t\t\t<\/div>\n\t\t\t\t<\/div>\n\t\t\t\t\t<\/div>\n\t\t<\/div>\n\t\t\t\t\t<\/div>\n\t\t<\/section>\n\t\t\t\t<\/div>","protected":false},"excerpt":{"rendered":"<p>W niedziel\u0119, 24 lipca wys\u0142uchali\u015bmy pi\u0105tego koncertu IV Liche\u0144skiego Festiwalu Muzyki Organowej \u201eBasilica Sonans\u201d. Na liche\u0144skich organach zagra\u0142 Emanuel B\u0105czkowski. Absolwent Uniwersytetu Muzycznego\u00a0 Fryderyka Chopina w Warszawie, Wydzia\u0142u Instrumentalnego &#8211;\u00a0 w klasie organ\u00f3w prof. Andrzeja Chorosi\u0144skiego (2010) oraz Wydzia\u0142u Dyrygentury Ch\u00f3ralnej, Edukacji Muzycznej, Muzyki Ko\u015bcielnej, Rytmiki i Ta\u0144ca w specjalno\u015bci muzyka ko\u015bcielna. Studiowa\u0142 organy i [&hellip;]<\/p>\n","protected":false},"author":7,"featured_media":43048,"comment_status":"open","ping_status":"open","sticky":false,"template":"","format":"standard","meta":{"footnotes":""},"categories":[1],"tags":[],"class_list":["post-43043","post","type-post","status-publish","format-standard","has-post-thumbnail","hentry","category-aktualnosci","wpbf-post"],"yoast_head":"<!-- This site is optimized with the Yoast SEO plugin v27.4 - https:\/\/yoast.com\/product\/yoast-seo-wordpress\/ -->\n<title>Emanuel B\u0105czkowski wykonawc\u0105 pi\u0105tego koncertu IV Mi\u0119dzynarodowego Liche\u0144skiego Festiwalu Muzyki Organowej &quot;Basilica Sonans&quot; - SANKTUARIUM W LICHENIU<\/title>\n<meta name=\"robots\" content=\"index, follow, max-snippet:-1, max-image-preview:large, max-video-preview:-1\" \/>\n<link rel=\"canonical\" href=\"https:\/\/www.lichen.pl\/it\/emanuel-baczkowski-wykonawca-piatego-koncertu-iv-miedzynarodowego-lichenskiego-festiwalu-muzyki-organowej-basilica-sonans\/\" \/>\n<meta property=\"og:locale\" content=\"it_IT\" \/>\n<meta property=\"og:type\" content=\"article\" \/>\n<meta property=\"og:title\" content=\"Emanuel B\u0105czkowski wykonawc\u0105 pi\u0105tego koncertu IV Mi\u0119dzynarodowego Liche\u0144skiego Festiwalu Muzyki Organowej &quot;Basilica Sonans&quot; - SANKTUARIUM W LICHENIU\" \/>\n<meta property=\"og:description\" content=\"W niedziel\u0119, 24 lipca wys\u0142uchali\u015bmy pi\u0105tego koncertu IV Liche\u0144skiego Festiwalu Muzyki Organowej \u201eBasilica Sonans\u201d. Na liche\u0144skich organach zagra\u0142 Emanuel B\u0105czkowski. Absolwent Uniwersytetu Muzycznego\u00a0 Fryderyka Chopina w Warszawie, Wydzia\u0142u Instrumentalnego &#8211;\u00a0 w klasie organ\u00f3w prof. Andrzeja Chorosi\u0144skiego (2010) oraz Wydzia\u0142u Dyrygentury Ch\u00f3ralnej, Edukacji Muzycznej, Muzyki Ko\u015bcielnej, Rytmiki i Ta\u0144ca w specjalno\u015bci muzyka ko\u015bcielna. Studiowa\u0142 organy i [&hellip;]\" \/>\n<meta property=\"og:url\" content=\"https:\/\/www.lichen.pl\/it\/emanuel-baczkowski-wykonawca-piatego-koncertu-iv-miedzynarodowego-lichenskiego-festiwalu-muzyki-organowej-basilica-sonans\/\" \/>\n<meta property=\"og:site_name\" content=\"SANKTUARIUM W LICHENIU\" \/>\n<meta property=\"article:published_time\" content=\"2022-07-24T14:06:39+00:00\" \/>\n<meta property=\"article:modified_time\" content=\"2022-07-25T12:43:31+00:00\" \/>\n<meta property=\"og:image\" content=\"https:\/\/www.lichen.pl\/wp-content\/uploads\/2022\/07\/Emanuel-Baczkowski-24-lipca-2022-kadr.jpg\" \/>\n\t<meta property=\"og:image:width\" content=\"1920\" \/>\n\t<meta property=\"og:image:height\" content=\"1284\" \/>\n\t<meta property=\"og:image:type\" content=\"image\/jpeg\" \/>\n<meta name=\"author\" content=\"Biuro Obs\u0142ugi Pielgrzyma Sanktuarium w Licheniu\" \/>\n<meta name=\"twitter:card\" content=\"summary_large_image\" \/>\n<meta name=\"twitter:label1\" content=\"Scritto da\" \/>\n\t<meta name=\"twitter:data1\" content=\"Biuro Obs\u0142ugi Pielgrzyma Sanktuarium w Licheniu\" \/>\n\t<meta name=\"twitter:label2\" content=\"Tempo di lettura stimato\" \/>\n\t<meta name=\"twitter:data2\" content=\"2 minuti\" \/>\n<script type=\"application\/ld+json\" class=\"yoast-schema-graph\">{\"@context\":\"https:\\\/\\\/schema.org\",\"@graph\":[{\"@type\":\"Article\",\"@id\":\"https:\\\/\\\/www.lichen.pl\\\/emanuel-baczkowski-wykonawca-piatego-koncertu-iv-miedzynarodowego-lichenskiego-festiwalu-muzyki-organowej-basilica-sonans\\\/#article\",\"isPartOf\":{\"@id\":\"https:\\\/\\\/www.lichen.pl\\\/emanuel-baczkowski-wykonawca-piatego-koncertu-iv-miedzynarodowego-lichenskiego-festiwalu-muzyki-organowej-basilica-sonans\\\/\"},\"author\":{\"name\":\"Biuro Obs\u0142ugi Pielgrzyma Sanktuarium w Licheniu\",\"@id\":\"https:\\\/\\\/www.lichen.pl\\\/fr\\\/#\\\/schema\\\/person\\\/74807fd8a5ff88290bdcd13783c210b2\"},\"headline\":\"Emanuel B\u0105czkowski wykonawc\u0105 pi\u0105tego koncertu IV Mi\u0119dzynarodowego Liche\u0144skiego Festiwalu Muzyki Organowej &#8220;Basilica Sonans&#8221;\",\"datePublished\":\"2022-07-24T14:06:39+00:00\",\"dateModified\":\"2022-07-25T12:43:31+00:00\",\"mainEntityOfPage\":{\"@id\":\"https:\\\/\\\/www.lichen.pl\\\/emanuel-baczkowski-wykonawca-piatego-koncertu-iv-miedzynarodowego-lichenskiego-festiwalu-muzyki-organowej-basilica-sonans\\\/\"},\"wordCount\":238,\"commentCount\":0,\"image\":{\"@id\":\"https:\\\/\\\/www.lichen.pl\\\/emanuel-baczkowski-wykonawca-piatego-koncertu-iv-miedzynarodowego-lichenskiego-festiwalu-muzyki-organowej-basilica-sonans\\\/#primaryimage\"},\"thumbnailUrl\":\"https:\\\/\\\/www.lichen.pl\\\/wp-content\\\/uploads\\\/2022\\\/07\\\/Emanuel-Baczkowski-24-lipca-2022-kadr.jpg\",\"articleSection\":[\"Aktualno\u015bci\"],\"inLanguage\":\"it-IT\",\"potentialAction\":[{\"@type\":\"CommentAction\",\"name\":\"Comment\",\"target\":[\"https:\\\/\\\/www.lichen.pl\\\/emanuel-baczkowski-wykonawca-piatego-koncertu-iv-miedzynarodowego-lichenskiego-festiwalu-muzyki-organowej-basilica-sonans\\\/#respond\"]}]},{\"@type\":\"WebPage\",\"@id\":\"https:\\\/\\\/www.lichen.pl\\\/emanuel-baczkowski-wykonawca-piatego-koncertu-iv-miedzynarodowego-lichenskiego-festiwalu-muzyki-organowej-basilica-sonans\\\/\",\"url\":\"https:\\\/\\\/www.lichen.pl\\\/emanuel-baczkowski-wykonawca-piatego-koncertu-iv-miedzynarodowego-lichenskiego-festiwalu-muzyki-organowej-basilica-sonans\\\/\",\"name\":\"Emanuel B\u0105czkowski wykonawc\u0105 pi\u0105tego koncertu IV Mi\u0119dzynarodowego Liche\u0144skiego Festiwalu Muzyki Organowej \\\"Basilica Sonans\\\" - SANKTUARIUM W LICHENIU\",\"isPartOf\":{\"@id\":\"https:\\\/\\\/www.lichen.pl\\\/fr\\\/#website\"},\"primaryImageOfPage\":{\"@id\":\"https:\\\/\\\/www.lichen.pl\\\/emanuel-baczkowski-wykonawca-piatego-koncertu-iv-miedzynarodowego-lichenskiego-festiwalu-muzyki-organowej-basilica-sonans\\\/#primaryimage\"},\"image\":{\"@id\":\"https:\\\/\\\/www.lichen.pl\\\/emanuel-baczkowski-wykonawca-piatego-koncertu-iv-miedzynarodowego-lichenskiego-festiwalu-muzyki-organowej-basilica-sonans\\\/#primaryimage\"},\"thumbnailUrl\":\"https:\\\/\\\/www.lichen.pl\\\/wp-content\\\/uploads\\\/2022\\\/07\\\/Emanuel-Baczkowski-24-lipca-2022-kadr.jpg\",\"datePublished\":\"2022-07-24T14:06:39+00:00\",\"dateModified\":\"2022-07-25T12:43:31+00:00\",\"author\":{\"@id\":\"https:\\\/\\\/www.lichen.pl\\\/fr\\\/#\\\/schema\\\/person\\\/74807fd8a5ff88290bdcd13783c210b2\"},\"breadcrumb\":{\"@id\":\"https:\\\/\\\/www.lichen.pl\\\/emanuel-baczkowski-wykonawca-piatego-koncertu-iv-miedzynarodowego-lichenskiego-festiwalu-muzyki-organowej-basilica-sonans\\\/#breadcrumb\"},\"inLanguage\":\"it-IT\",\"potentialAction\":[{\"@type\":\"ReadAction\",\"target\":[\"https:\\\/\\\/www.lichen.pl\\\/emanuel-baczkowski-wykonawca-piatego-koncertu-iv-miedzynarodowego-lichenskiego-festiwalu-muzyki-organowej-basilica-sonans\\\/\"]}]},{\"@type\":\"ImageObject\",\"inLanguage\":\"it-IT\",\"@id\":\"https:\\\/\\\/www.lichen.pl\\\/emanuel-baczkowski-wykonawca-piatego-koncertu-iv-miedzynarodowego-lichenskiego-festiwalu-muzyki-organowej-basilica-sonans\\\/#primaryimage\",\"url\":\"https:\\\/\\\/www.lichen.pl\\\/wp-content\\\/uploads\\\/2022\\\/07\\\/Emanuel-Baczkowski-24-lipca-2022-kadr.jpg\",\"contentUrl\":\"https:\\\/\\\/www.lichen.pl\\\/wp-content\\\/uploads\\\/2022\\\/07\\\/Emanuel-Baczkowski-24-lipca-2022-kadr.jpg\",\"width\":1920,\"height\":1284},{\"@type\":\"BreadcrumbList\",\"@id\":\"https:\\\/\\\/www.lichen.pl\\\/emanuel-baczkowski-wykonawca-piatego-koncertu-iv-miedzynarodowego-lichenskiego-festiwalu-muzyki-organowej-basilica-sonans\\\/#breadcrumb\",\"itemListElement\":[{\"@type\":\"ListItem\",\"position\":1,\"name\":\"Strona g\u0142\u00f3wna\",\"item\":\"https:\\\/\\\/www.lichen.pl\\\/\"},{\"@type\":\"ListItem\",\"position\":2,\"name\":\"Emanuel B\u0105czkowski wykonawc\u0105 pi\u0105tego koncertu IV Mi\u0119dzynarodowego Liche\u0144skiego Festiwalu Muzyki Organowej &#8220;Basilica Sonans&#8221;\"}]},{\"@type\":\"WebSite\",\"@id\":\"https:\\\/\\\/www.lichen.pl\\\/fr\\\/#website\",\"url\":\"https:\\\/\\\/www.lichen.pl\\\/fr\\\/\",\"name\":\"SANKTUARIUM W LICHENIU\",\"description\":\"MATKI BO\u017bEJ LICHE\u0143SKIEJ BOLESNEJ KR\u00d3LOWEJ POLSKI\",\"potentialAction\":[{\"@type\":\"SearchAction\",\"target\":{\"@type\":\"EntryPoint\",\"urlTemplate\":\"https:\\\/\\\/www.lichen.pl\\\/fr\\\/?s={search_term_string}\"},\"query-input\":{\"@type\":\"PropertyValueSpecification\",\"valueRequired\":true,\"valueName\":\"search_term_string\"}}],\"inLanguage\":\"it-IT\"},{\"@type\":\"Person\",\"@id\":\"https:\\\/\\\/www.lichen.pl\\\/fr\\\/#\\\/schema\\\/person\\\/74807fd8a5ff88290bdcd13783c210b2\",\"name\":\"Biuro Obs\u0142ugi Pielgrzyma Sanktuarium w Licheniu\",\"image\":{\"@type\":\"ImageObject\",\"inLanguage\":\"it-IT\",\"@id\":\"https:\\\/\\\/secure.gravatar.com\\\/avatar\\\/fb9e022907597294678e24de843782c45d0ddff6946a4f9fd77c55a760091d51?s=96&d=retro&r=g\",\"url\":\"https:\\\/\\\/secure.gravatar.com\\\/avatar\\\/fb9e022907597294678e24de843782c45d0ddff6946a4f9fd77c55a760091d51?s=96&d=retro&r=g\",\"contentUrl\":\"https:\\\/\\\/secure.gravatar.com\\\/avatar\\\/fb9e022907597294678e24de843782c45d0ddff6946a4f9fd77c55a760091d51?s=96&d=retro&r=g\",\"caption\":\"Biuro Obs\u0142ugi Pielgrzyma Sanktuarium w Licheniu\"},\"description\":\"Biuro Obs\u0142ugi Pielgrzyma zaprasza, je\u015bli to tylko mo\u017cliwe, do odwiedzenia liche\u0144skiego sanktuarium , w kt\u00f3rym czeka Maryja. Pragniemy, aby\u015b w pe\u0142ni wykorzysta\u0142 czas, kt\u00f3ry postanowi\u0142e\u015b sp\u0119dzi\u0107 w tym miejscu. Zach\u0119camy do kontaktu z nami. W naszym biurze udzielamy aktualnych informacji dotycz\u0105cych liturgii, \u017cycia religijnego i kulturalnego sanktuarium oraz bie\u017c\u0105cych wydarze\u0144. Oferujemy pomoc osobom indywidualnym, organizatorom pielgrzymek oraz instytucjom. Znajdziesz nas: http:\\\/\\\/www.lichen.pl\\\/biuro-obslugi-pielgrzyma\\\/\",\"url\":\"https:\\\/\\\/www.lichen.pl\\\/it\\\/author\\\/bop\\\/\"}]}<\/script>\n<!-- \/ Yoast SEO plugin. -->","yoast_head_json":{"title":"Emanuel B\u0105czkowski wykonawc\u0105 pi\u0105tego koncertu IV Mi\u0119dzynarodowego Liche\u0144skiego Festiwalu Muzyki Organowej \"Basilica Sonans\" - SANKTUARIUM W LICHENIU","robots":{"index":"index","follow":"follow","max-snippet":"max-snippet:-1","max-image-preview":"max-image-preview:large","max-video-preview":"max-video-preview:-1"},"canonical":"https:\/\/www.lichen.pl\/it\/emanuel-baczkowski-wykonawca-piatego-koncertu-iv-miedzynarodowego-lichenskiego-festiwalu-muzyki-organowej-basilica-sonans\/","og_locale":"it_IT","og_type":"article","og_title":"Emanuel B\u0105czkowski wykonawc\u0105 pi\u0105tego koncertu IV Mi\u0119dzynarodowego Liche\u0144skiego Festiwalu Muzyki Organowej \"Basilica Sonans\" - SANKTUARIUM W LICHENIU","og_description":"W niedziel\u0119, 24 lipca wys\u0142uchali\u015bmy pi\u0105tego koncertu IV Liche\u0144skiego Festiwalu Muzyki Organowej \u201eBasilica Sonans\u201d. Na liche\u0144skich organach zagra\u0142 Emanuel B\u0105czkowski. Absolwent Uniwersytetu Muzycznego\u00a0 Fryderyka Chopina w Warszawie, Wydzia\u0142u Instrumentalnego &#8211;\u00a0 w klasie organ\u00f3w prof. Andrzeja Chorosi\u0144skiego (2010) oraz Wydzia\u0142u Dyrygentury Ch\u00f3ralnej, Edukacji Muzycznej, Muzyki Ko\u015bcielnej, Rytmiki i Ta\u0144ca w specjalno\u015bci muzyka ko\u015bcielna. Studiowa\u0142 organy i [&hellip;]","og_url":"https:\/\/www.lichen.pl\/it\/emanuel-baczkowski-wykonawca-piatego-koncertu-iv-miedzynarodowego-lichenskiego-festiwalu-muzyki-organowej-basilica-sonans\/","og_site_name":"SANKTUARIUM W LICHENIU","article_published_time":"2022-07-24T14:06:39+00:00","article_modified_time":"2022-07-25T12:43:31+00:00","og_image":[{"width":1920,"height":1284,"url":"https:\/\/www.lichen.pl\/wp-content\/uploads\/2022\/07\/Emanuel-Baczkowski-24-lipca-2022-kadr.jpg","type":"image\/jpeg"}],"author":"Biuro Obs\u0142ugi Pielgrzyma Sanktuarium w Licheniu","twitter_card":"summary_large_image","twitter_misc":{"Scritto da":"Biuro Obs\u0142ugi Pielgrzyma Sanktuarium w Licheniu","Tempo di lettura stimato":"2 minuti"},"schema":{"@context":"https:\/\/schema.org","@graph":[{"@type":"Article","@id":"https:\/\/www.lichen.pl\/emanuel-baczkowski-wykonawca-piatego-koncertu-iv-miedzynarodowego-lichenskiego-festiwalu-muzyki-organowej-basilica-sonans\/#article","isPartOf":{"@id":"https:\/\/www.lichen.pl\/emanuel-baczkowski-wykonawca-piatego-koncertu-iv-miedzynarodowego-lichenskiego-festiwalu-muzyki-organowej-basilica-sonans\/"},"author":{"name":"Biuro Obs\u0142ugi Pielgrzyma Sanktuarium w Licheniu","@id":"https:\/\/www.lichen.pl\/fr\/#\/schema\/person\/74807fd8a5ff88290bdcd13783c210b2"},"headline":"Emanuel B\u0105czkowski wykonawc\u0105 pi\u0105tego koncertu IV Mi\u0119dzynarodowego Liche\u0144skiego Festiwalu Muzyki Organowej &#8220;Basilica Sonans&#8221;","datePublished":"2022-07-24T14:06:39+00:00","dateModified":"2022-07-25T12:43:31+00:00","mainEntityOfPage":{"@id":"https:\/\/www.lichen.pl\/emanuel-baczkowski-wykonawca-piatego-koncertu-iv-miedzynarodowego-lichenskiego-festiwalu-muzyki-organowej-basilica-sonans\/"},"wordCount":238,"commentCount":0,"image":{"@id":"https:\/\/www.lichen.pl\/emanuel-baczkowski-wykonawca-piatego-koncertu-iv-miedzynarodowego-lichenskiego-festiwalu-muzyki-organowej-basilica-sonans\/#primaryimage"},"thumbnailUrl":"https:\/\/www.lichen.pl\/wp-content\/uploads\/2022\/07\/Emanuel-Baczkowski-24-lipca-2022-kadr.jpg","articleSection":["Aktualno\u015bci"],"inLanguage":"it-IT","potentialAction":[{"@type":"CommentAction","name":"Comment","target":["https:\/\/www.lichen.pl\/emanuel-baczkowski-wykonawca-piatego-koncertu-iv-miedzynarodowego-lichenskiego-festiwalu-muzyki-organowej-basilica-sonans\/#respond"]}]},{"@type":"WebPage","@id":"https:\/\/www.lichen.pl\/emanuel-baczkowski-wykonawca-piatego-koncertu-iv-miedzynarodowego-lichenskiego-festiwalu-muzyki-organowej-basilica-sonans\/","url":"https:\/\/www.lichen.pl\/emanuel-baczkowski-wykonawca-piatego-koncertu-iv-miedzynarodowego-lichenskiego-festiwalu-muzyki-organowej-basilica-sonans\/","name":"Emanuel B\u0105czkowski wykonawc\u0105 pi\u0105tego koncertu IV Mi\u0119dzynarodowego Liche\u0144skiego Festiwalu Muzyki Organowej \"Basilica Sonans\" - SANKTUARIUM W LICHENIU","isPartOf":{"@id":"https:\/\/www.lichen.pl\/fr\/#website"},"primaryImageOfPage":{"@id":"https:\/\/www.lichen.pl\/emanuel-baczkowski-wykonawca-piatego-koncertu-iv-miedzynarodowego-lichenskiego-festiwalu-muzyki-organowej-basilica-sonans\/#primaryimage"},"image":{"@id":"https:\/\/www.lichen.pl\/emanuel-baczkowski-wykonawca-piatego-koncertu-iv-miedzynarodowego-lichenskiego-festiwalu-muzyki-organowej-basilica-sonans\/#primaryimage"},"thumbnailUrl":"https:\/\/www.lichen.pl\/wp-content\/uploads\/2022\/07\/Emanuel-Baczkowski-24-lipca-2022-kadr.jpg","datePublished":"2022-07-24T14:06:39+00:00","dateModified":"2022-07-25T12:43:31+00:00","author":{"@id":"https:\/\/www.lichen.pl\/fr\/#\/schema\/person\/74807fd8a5ff88290bdcd13783c210b2"},"breadcrumb":{"@id":"https:\/\/www.lichen.pl\/emanuel-baczkowski-wykonawca-piatego-koncertu-iv-miedzynarodowego-lichenskiego-festiwalu-muzyki-organowej-basilica-sonans\/#breadcrumb"},"inLanguage":"it-IT","potentialAction":[{"@type":"ReadAction","target":["https:\/\/www.lichen.pl\/emanuel-baczkowski-wykonawca-piatego-koncertu-iv-miedzynarodowego-lichenskiego-festiwalu-muzyki-organowej-basilica-sonans\/"]}]},{"@type":"ImageObject","inLanguage":"it-IT","@id":"https:\/\/www.lichen.pl\/emanuel-baczkowski-wykonawca-piatego-koncertu-iv-miedzynarodowego-lichenskiego-festiwalu-muzyki-organowej-basilica-sonans\/#primaryimage","url":"https:\/\/www.lichen.pl\/wp-content\/uploads\/2022\/07\/Emanuel-Baczkowski-24-lipca-2022-kadr.jpg","contentUrl":"https:\/\/www.lichen.pl\/wp-content\/uploads\/2022\/07\/Emanuel-Baczkowski-24-lipca-2022-kadr.jpg","width":1920,"height":1284},{"@type":"BreadcrumbList","@id":"https:\/\/www.lichen.pl\/emanuel-baczkowski-wykonawca-piatego-koncertu-iv-miedzynarodowego-lichenskiego-festiwalu-muzyki-organowej-basilica-sonans\/#breadcrumb","itemListElement":[{"@type":"ListItem","position":1,"name":"Strona g\u0142\u00f3wna","item":"https:\/\/www.lichen.pl\/"},{"@type":"ListItem","position":2,"name":"Emanuel B\u0105czkowski wykonawc\u0105 pi\u0105tego koncertu IV Mi\u0119dzynarodowego Liche\u0144skiego Festiwalu Muzyki Organowej &#8220;Basilica Sonans&#8221;"}]},{"@type":"WebSite","@id":"https:\/\/www.lichen.pl\/fr\/#website","url":"https:\/\/www.lichen.pl\/fr\/","name":"SANTUARIO IN LICHENIA","description":"LA REGINA ADOLORATA DEL NOSTRO LICHENE DI POLONIA","potentialAction":[{"@type":"SearchAction","target":{"@type":"EntryPoint","urlTemplate":"https:\/\/www.lichen.pl\/fr\/?s={search_term_string}"},"query-input":{"@type":"PropertyValueSpecification","valueRequired":true,"valueName":"search_term_string"}}],"inLanguage":"it-IT"},{"@type":"Person","@id":"https:\/\/www.lichen.pl\/fr\/#\/schema\/person\/74807fd8a5ff88290bdcd13783c210b2","name":"Ufficio Servizio Pellegrini del Santuario di Liche\u0144","image":{"@type":"ImageObject","inLanguage":"it-IT","@id":"https:\/\/secure.gravatar.com\/avatar\/fb9e022907597294678e24de843782c45d0ddff6946a4f9fd77c55a760091d51?s=96&d=retro&r=g","url":"https:\/\/secure.gravatar.com\/avatar\/fb9e022907597294678e24de843782c45d0ddff6946a4f9fd77c55a760091d51?s=96&d=retro&r=g","contentUrl":"https:\/\/secure.gravatar.com\/avatar\/fb9e022907597294678e24de843782c45d0ddff6946a4f9fd77c55a760091d51?s=96&d=retro&r=g","caption":"Biuro Obs\u0142ugi Pielgrzyma Sanktuarium w Licheniu"},"description":"Biuro Obs\u0142ugi Pielgrzyma zaprasza, je\u015bli to tylko mo\u017cliwe, do odwiedzenia liche\u0144skiego sanktuarium , w kt\u00f3rym czeka Maryja. Pragniemy, aby\u015b w pe\u0142ni wykorzysta\u0142 czas, kt\u00f3ry postanowi\u0142e\u015b sp\u0119dzi\u0107 w tym miejscu. Zach\u0119camy do kontaktu z nami. W naszym biurze udzielamy aktualnych informacji dotycz\u0105cych liturgii, \u017cycia religijnego i kulturalnego sanktuarium oraz bie\u017c\u0105cych wydarze\u0144. Oferujemy pomoc osobom indywidualnym, organizatorom pielgrzymek oraz instytucjom. Znajdziesz nas: http:\/\/www.lichen.pl\/biuro-obslugi-pielgrzyma\/","url":"https:\/\/www.lichen.pl\/it\/author\/bop\/"}]}},"_links":{"self":[{"href":"https:\/\/www.lichen.pl\/it\/wp-json\/wp\/v2\/posts\/43043","targetHints":{"allow":["GET"]}}],"collection":[{"href":"https:\/\/www.lichen.pl\/it\/wp-json\/wp\/v2\/posts"}],"about":[{"href":"https:\/\/www.lichen.pl\/it\/wp-json\/wp\/v2\/types\/post"}],"author":[{"embeddable":true,"href":"https:\/\/www.lichen.pl\/it\/wp-json\/wp\/v2\/users\/7"}],"replies":[{"embeddable":true,"href":"https:\/\/www.lichen.pl\/it\/wp-json\/wp\/v2\/comments?post=43043"}],"version-history":[{"count":10,"href":"https:\/\/www.lichen.pl\/it\/wp-json\/wp\/v2\/posts\/43043\/revisions"}],"predecessor-version":[{"id":43187,"href":"https:\/\/www.lichen.pl\/it\/wp-json\/wp\/v2\/posts\/43043\/revisions\/43187"}],"wp:featuredmedia":[{"embeddable":true,"href":"https:\/\/www.lichen.pl\/it\/wp-json\/wp\/v2\/media\/43048"}],"wp:attachment":[{"href":"https:\/\/www.lichen.pl\/it\/wp-json\/wp\/v2\/media?parent=43043"}],"wp:term":[{"taxonomy":"category","embeddable":true,"href":"https:\/\/www.lichen.pl\/it\/wp-json\/wp\/v2\/categories?post=43043"},{"taxonomy":"post_tag","embeddable":true,"href":"https:\/\/www.lichen.pl\/it\/wp-json\/wp\/v2\/tags?post=43043"}],"curies":[{"name":"wp","href":"https:\/\/api.w.org\/{rel}","templated":true}]}}