{"id":52172,"date":"2023-04-17T21:33:15","date_gmt":"2023-04-17T19:33:15","guid":{"rendered":"https:\/\/www.lichen.pl\/22-pielgrzymka-solidarnosci-copy\/"},"modified":"2023-04-17T21:51:29","modified_gmt":"2023-04-17T19:51:29","slug":"promienny-slad","status":"publish","type":"post","link":"https:\/\/www.lichen.pl\/it\/promienny-slad\/","title":{"rendered":"Promienny \u015blad &#8211; wystawa w Muzeum im. ks. J\u00f3zefa Jarz\u0119bowskiego MIC"},"content":{"rendered":"<div data-elementor-type=\"wp-post\" data-elementor-id=\"52172\" class=\"elementor elementor-52172\" data-elementor-post-type=\"post\">\n\t\t\t\t\t\t<section class=\"elementor-section elementor-top-section elementor-element elementor-element-a482be5 elementor-section-boxed elementor-section-height-default elementor-section-height-default\" data-id=\"a482be5\" data-element_type=\"section\" data-e-type=\"section\">\n\t\t\t\t\t\t<div class=\"elementor-container elementor-column-gap-default\">\n\t\t\t\t\t<div class=\"elementor-column elementor-col-100 elementor-top-column elementor-element elementor-element-d07a658\" data-id=\"d07a658\" data-element_type=\"column\" data-e-type=\"column\">\n\t\t\t<div class=\"elementor-widget-wrap elementor-element-populated\">\n\t\t\t\t\t\t<div class=\"elementor-element elementor-element-560b426 elementor-widget elementor-widget-text-editor\" data-id=\"560b426\" data-element_type=\"widget\" data-e-type=\"widget\" data-widget_type=\"text-editor.default\">\n\t\t\t\t<div class=\"elementor-widget-container\">\n\t\t\t\t\t\t\t\t\t<div class=\"x11i5rnm xat24cr x1mh8g0r x1vvkbs xdj266r x126k92a\"><div dir=\"auto\"><strong>&#8220;Promienny \u015blad&#8221; to tytu\u0142, jaki nadano wystawie po\u015bwi\u0119conej osobie ks. J\u00f3zefa Jarz\u0119bowskiego MIC, Aposto\u0142a Bo\u017cego Mi\u0142osierdzia, za\u0142o\u017cyciela m<span class=\"xt0psk2\">uzeum<\/span>, kt\u00f3re od 2010 roku mie\u015bci si\u0119 w bazylice. Wystaw\u0119 w liche\u0144skim muzeum mo\u017cna ogl\u0105da\u0107 od 16 kwietnia. Pierwszego dnia, w Niedziel\u0119 Bo\u017cego Mi\u0142osierdzia zwiedzi\u0142y j\u0105 132 osoby.<\/strong><\/div><\/div>\t\t\t\t\t\t\t\t<\/div>\n\t\t\t\t<\/div>\n\t\t\t\t<section class=\"elementor-section elementor-inner-section elementor-element elementor-element-af56cd9 elementor-section-boxed elementor-section-height-default elementor-section-height-default\" data-id=\"af56cd9\" data-element_type=\"section\" data-e-type=\"section\">\n\t\t\t\t\t\t<div class=\"elementor-container elementor-column-gap-default\">\n\t\t\t\t\t<div class=\"elementor-column elementor-col-50 elementor-inner-column elementor-element elementor-element-6b30530\" data-id=\"6b30530\" data-element_type=\"column\" data-e-type=\"column\">\n\t\t\t<div class=\"elementor-widget-wrap elementor-element-populated\">\n\t\t\t\t\t\t<div class=\"elementor-element elementor-element-0795885 elementor-widget elementor-widget-image\" data-id=\"0795885\" data-element_type=\"widget\" data-e-type=\"widget\" data-widget_type=\"image.default\">\n\t\t\t\t<div class=\"elementor-widget-container\">\n\t\t\t\t\t\t\t\t\t\t\t\t\t\t\t<img fetchpriority=\"high\" decoding=\"async\" width=\"1024\" height=\"683\" src=\"https:\/\/www.lichen.pl\/wp-content\/uploads\/2023\/04\/Wystawa-Promienny-slad-2-1024x683.jpg\" class=\"attachment-large size-large wp-image-52175\" alt=\"\" srcset=\"https:\/\/www.lichen.pl\/wp-content\/uploads\/2023\/04\/Wystawa-Promienny-slad-2-1024x683.jpg 1024w, https:\/\/www.lichen.pl\/wp-content\/uploads\/2023\/04\/Wystawa-Promienny-slad-2-800x533.jpg 800w, https:\/\/www.lichen.pl\/wp-content\/uploads\/2023\/04\/Wystawa-Promienny-slad-2-300x200.jpg 300w, https:\/\/www.lichen.pl\/wp-content\/uploads\/2023\/04\/Wystawa-Promienny-slad-2-768x512.jpg 768w, https:\/\/www.lichen.pl\/wp-content\/uploads\/2023\/04\/Wystawa-Promienny-slad-2-1536x1024.jpg 1536w, https:\/\/www.lichen.pl\/wp-content\/uploads\/2023\/04\/Wystawa-Promienny-slad-2-2048x1365.jpg 2048w, https:\/\/www.lichen.pl\/wp-content\/uploads\/2023\/04\/Wystawa-Promienny-slad-2-18x12.jpg 18w, https:\/\/www.lichen.pl\/wp-content\/uploads\/2023\/04\/Wystawa-Promienny-slad-2.jpg 1920w\" sizes=\"(max-width: 1024px) 100vw, 1024px\" \/>\t\t\t\t\t\t\t\t\t\t\t\t\t\t\t<\/div>\n\t\t\t\t<\/div>\n\t\t\t\t\t<\/div>\n\t\t<\/div>\n\t\t\t\t<div class=\"elementor-column elementor-col-50 elementor-inner-column elementor-element elementor-element-6729c1a\" data-id=\"6729c1a\" data-element_type=\"column\" data-e-type=\"column\">\n\t\t\t<div class=\"elementor-widget-wrap elementor-element-populated\">\n\t\t\t\t\t\t<div class=\"elementor-element elementor-element-c6ec7fc elementor-widget elementor-widget-text-editor\" data-id=\"c6ec7fc\" data-element_type=\"widget\" data-e-type=\"widget\" data-widget_type=\"text-editor.default\">\n\t\t\t\t<div class=\"elementor-widget-container\">\n\t\t\t\t\t\t\t\t\t<div class=\"x11i5rnm xat24cr x1mh8g0r x1vvkbs xdj266r x126k92a\"><div dir=\"auto\">W trwaj\u0105cym 79. Tygodniu Mi\u0142osierdzia warto przypomnie\u0107 sylwetk\u0119 marianina, kt\u00f3ry codziennie odmawia\u0142 modlitw\u0119 do Mi\u0142osierdzia Bo\u017cego.<\/div><div dir=\"auto\">&#8220;Gdy wybuch\u0142a II wojna \u015bwiatowa, ks. J\u00f3zef Jarz\u0119bowski, dotar\u0142 z Warszawy do Wilna, gdzie spotka\u0142 ks. Micha\u0142a Sopo\u0107k\u0119, spowiednika i kierownika duchowego s. Faustyny&#8221; &#8211; opowiada Anita Rossa z liche\u0144skiego Muzeum &#8211; &#8220;Od niego otrzyma\u0142 traktat pt. <em>De Misericordia Dei deque eiusdem festo instituendo. Tractatus dogmaticus ac liturgicus<\/em>.<\/div><\/div><div class=\"x11i5rnm xat24cr x1mh8g0r x1vvkbs xtlvy1s x126k92a\"><div dir=\"auto\">By\u0142o to dzie\u0142o teologiczne uzasadniaj\u0105ce konieczno\u015b\u0107 wprowadzenia do kalendarza liturgicznego nowego \u015bwi\u0119ta \u2013 Mi\u0142osierdzia Bo\u017cego. Ksi\u0105dz Sopo\u0107ko napisa\u0142 prac\u0119 zach\u0119cony przez prymasa Augusta Hlonda i wyda\u0142 j\u0105 w konspiracji, w nak\u0142adzie 500 egzemplarzy. Za po\u015brednictwem zaufanych ludzi wyje\u017cd\u017caj\u0105cych z Wilna, ks. Sopo\u0107ko rozsy\u0142a\u0142 traktat do biskup\u00f3w na ca\u0142ym \u015bwiecie.&#8221;<\/div><\/div>\t\t\t\t\t\t\t\t<\/div>\n\t\t\t\t<\/div>\n\t\t\t\t\t<\/div>\n\t\t<\/div>\n\t\t\t\t\t<\/div>\n\t\t<\/section>\n\t\t\t\t<section class=\"elementor-section elementor-inner-section elementor-element elementor-element-9a4930e elementor-section-boxed elementor-section-height-default elementor-section-height-default\" data-id=\"9a4930e\" data-element_type=\"section\" data-e-type=\"section\">\n\t\t\t\t\t\t<div class=\"elementor-container elementor-column-gap-default\">\n\t\t\t\t\t<div class=\"elementor-column elementor-col-50 elementor-inner-column elementor-element elementor-element-cfa3d96\" data-id=\"cfa3d96\" data-element_type=\"column\" data-e-type=\"column\">\n\t\t\t<div class=\"elementor-widget-wrap elementor-element-populated\">\n\t\t\t\t\t\t<div class=\"elementor-element elementor-element-bf01789 elementor-widget elementor-widget-text-editor\" data-id=\"bf01789\" data-element_type=\"widget\" data-e-type=\"widget\" data-widget_type=\"text-editor.default\">\n\t\t\t\t<div class=\"elementor-widget-container\">\n\t\t\t\t\t\t\t\t\t<div class=\"x11i5rnm xat24cr x1mh8g0r x1vvkbs xtlvy1s x126k92a\"><div dir=\"auto\">Jeden z egzemplarzy traktatu otrzyma\u0142 w\u0142a\u015bnie ks. Jarz\u0119bowski. Zakonnik po wybuchu II wojny \u015bwiatowej uda\u0142 si\u0119 na Litw\u0119, kt\u00f3r\u0105 zaj\u0119li bolszewicy i dotar\u0142 tylko do Wilna. Tam pozna\u0142 beatyfikowanego w 2009 r. ks. Micha\u0142a Sopo\u0107k\u0119, spowiednika siostry Faustyny Kowalskiej, kt\u00f3ry opowiedzia\u0142 mu o nabo\u017ce\u0144stwie do Mi\u0142osierdzia Bo\u017cego. Po zamkni\u0119ciu obozu dla internowanych Polak\u00f3w w Wi\u0142komierzu, w kt\u00f3rym pos\u0142ugiwa\u0142, znalaz\u0142 si\u0119 na ulicy.<\/div><\/div><div class=\"x11i5rnm xat24cr x1mh8g0r x1vvkbs xtlvy1s x126k92a\"><div dir=\"auto\">Ks. Sopo\u0107ko doradzi\u0142 mu, \u017ceby zwraca\u0142 si\u0119 do Jezusa Mi\u0142osiernego zawsze gdy b\u0119dzie w potrzebie. Po pe\u0142nej ufno\u015bci modlitwie, problem mieszkania rozwi\u0105za\u0142 si\u0119. Nast\u0119pnie pojecha\u0142 do Wilna i w ko\u015bciele \u015bw. Micha\u0142a przed obrazem Chrystusa Mi\u0142osiernego \u015blubowa\u0142 sta\u0107 si\u0119 aposto\u0142em Mi\u0142osierdzia Bo\u017cego w \u015bwiecie, je\u017celi uda mu si\u0119 uciec przed bolszewikami za granic\u0119.<\/div><\/div><div class=\"x11i5rnm xat24cr x1mh8g0r x1vvkbs xtlvy1s x126k92a\"><div dir=\"auto\">Mimo niewa\u017cnej wizy ks. Jarz\u0119bowskiemu uda\u0142o si\u0119 wyjecha\u0107 z okupowanej przez Sowiet\u00f3w Litwy. Przeby\u0142 ca\u0142\u0105 Rosj\u0119 i Daleki Wsch\u00f3d, docieraj\u0105c do Stan\u00f3w Zjednoczonych.<\/div><\/div><div class=\"x11i5rnm xat24cr x1mh8g0r x1vvkbs xtlvy1s x126k92a\"><div dir=\"auto\">Podkre\u015bla\u0142, \u017ce ratunek zawdzi\u0119cza\u0142 Bo\u017cemu Mi\u0142osierdziu.<\/div><\/div><div class=\"x11i5rnm xat24cr x1mh8g0r x1vvkbs xtlvy1s x126k92a\"><div dir=\"auto\">Marianin po przybyciu do USA trafi\u0142 do Stockbridge w stanie Massachusetts, gdzie Zgromadzenie otworzy\u0142o sw\u00f3j dom zakonny. Dzi\u0119ki marianinowi traktat ks. Sopo\u0107ki zosta\u0142 wydany drukiem w 1943 r. w Detroit i dotar\u0142 do biskup\u00f3w ameryka\u0144skich. Trafi\u0142 r\u00f3wnie\u017c do Piusa XII, kt\u00f3ry zapozna\u0142 si\u0119 z jego tre\u015bci\u0105.<\/div><\/div><div class=\"x11i5rnm xat24cr x1mh8g0r x1vvkbs xtlvy1s x126k92a\"><div dir=\"auto\">Ks. J\u00f3zef w kolejnych latach pos\u0142ugiwa\u0142 m.in. w Meksyku i Wielkiej Brytanii, gdzie tak\u017ce szerzy\u0142 nabo\u017ce\u0144stwo ku czci Bo\u017cego Mi\u0142osierdzia.<\/div><\/div><div class=\"x11i5rnm xat24cr x1mh8g0r x1vvkbs xtlvy1s x126k92a\"><div dir=\"auto\">\u00a0<\/div><\/div>\t\t\t\t\t\t\t\t<\/div>\n\t\t\t\t<\/div>\n\t\t\t\t\t<\/div>\n\t\t<\/div>\n\t\t\t\t<div class=\"elementor-column elementor-col-50 elementor-inner-column elementor-element elementor-element-bf690a7\" data-id=\"bf690a7\" data-element_type=\"column\" data-e-type=\"column\">\n\t\t\t<div class=\"elementor-widget-wrap elementor-element-populated\">\n\t\t\t\t\t\t<div class=\"elementor-element elementor-element-4a9e9c3 elementor-widget elementor-widget-image\" data-id=\"4a9e9c3\" data-element_type=\"widget\" data-e-type=\"widget\" data-widget_type=\"image.default\">\n\t\t\t\t<div class=\"elementor-widget-container\">\n\t\t\t\t\t\t\t\t\t\t\t\t\t\t\t<img decoding=\"async\" width=\"683\" height=\"1024\" src=\"https:\/\/www.lichen.pl\/wp-content\/uploads\/2023\/04\/Wystawa-Promienny-slad-1-683x1024.jpg\" class=\"attachment-large size-large wp-image-52176\" alt=\"\" srcset=\"https:\/\/www.lichen.pl\/wp-content\/uploads\/2023\/04\/Wystawa-Promienny-slad-1-683x1024.jpg 683w, https:\/\/www.lichen.pl\/wp-content\/uploads\/2023\/04\/Wystawa-Promienny-slad-1-800x1200.jpg 800w, https:\/\/www.lichen.pl\/wp-content\/uploads\/2023\/04\/Wystawa-Promienny-slad-1-200x300.jpg 200w, https:\/\/www.lichen.pl\/wp-content\/uploads\/2023\/04\/Wystawa-Promienny-slad-1-768x1152.jpg 768w, https:\/\/www.lichen.pl\/wp-content\/uploads\/2023\/04\/Wystawa-Promienny-slad-1-1024x1536.jpg 1024w, https:\/\/www.lichen.pl\/wp-content\/uploads\/2023\/04\/Wystawa-Promienny-slad-1-1365x2048.jpg 1365w, https:\/\/www.lichen.pl\/wp-content\/uploads\/2023\/04\/Wystawa-Promienny-slad-1-8x12.jpg 8w, https:\/\/www.lichen.pl\/wp-content\/uploads\/2023\/04\/Wystawa-Promienny-slad-1.jpg 853w\" sizes=\"(max-width: 683px) 100vw, 683px\" \/>\t\t\t\t\t\t\t\t\t\t\t\t\t\t\t<\/div>\n\t\t\t\t<\/div>\n\t\t\t\t\t<\/div>\n\t\t<\/div>\n\t\t\t\t\t<\/div>\n\t\t<\/section>\n\t\t\t\t<div class=\"elementor-element elementor-element-a336d6b elementor-widget elementor-widget-text-editor\" data-id=\"a336d6b\" data-element_type=\"widget\" data-e-type=\"widget\" data-widget_type=\"text-editor.default\">\n\t\t\t\t<div class=\"elementor-widget-container\">\n\t\t\t\t\t\t\t\t\t<p>\u2013\u00a0 Przygl\u0105daj\u0105c si\u0119 dzie\u0142om, jakie w ci\u0105gu swojego \u017cycia prowadzi\u0142 ks. Jarz\u0119bowski, temu, co zostawi\u0142 po sobie, dosz\u0142y\u015bmy do wniosku, \u017ce to w\u0142a\u015bnie promienny \u015blad \u2013 wyja\u015bnia Irena Wawrzyniak, dyrektor Muzeum im. ks. J\u00f3zefa Jarz\u0119bowskiego MIC w Licheniu Starym. Wystaw\u0119 tworzy\u0142a wraz z Anit\u0105 Ross\u0105, historyczk\u0105 sztuki pracuj\u0105c\u0105 w plac\u00f3wce. Pracuj\u0105c nad ekspozycj\u0105, muzealniczki dostrzeg\u0142y, jak wielka grupa m\u0142odych ludzi zosta\u0142a przez niego uratowana, zaopiekowana i wykszta\u0142cona. \u2013 Wiele os\u00f3b korespondowa\u0142o z nim, by\u0142o z nim zwi\u0105zanych emocjonalnie. Mia\u0142 wielu zaprzyja\u017anionych antykwaryst\u00f3w jako kolekcjoner. Wiele os\u00f3b by\u0142o zwi\u0105zanych z ka\u017cdym miejscem, w jakim on funkcjonowa\u0142. Tym, co tych wszystkich ludzi to ksi\u0119dza przyci\u0105ga\u0142o by\u0142a promienno\u015b\u0107. Zostawi\u0142 po sobie taki promienny \u015blad \u2013 wyja\u015bnia pani dyrektor \u2013 Wystawa powsta\u0142a, by wyrazi\u0107 wdzi\u0119czno\u015b\u0107. Wykorzystuj\u0105c okazj\u0119 stulecia jego \u015bwi\u0119ce\u0144, chcia\u0142y\u015bmy pokaza\u0107 posta\u0107 ksi\u0119dza J\u00f3zefa Jarz\u0119bowskiego, bez kt\u00f3rego osobowo\u015bci i aktywno\u015bci, umiej\u0119tno\u015bci zjednywania sobie przyjaci\u00f3\u0142, nie by\u0142oby tego muzeum.<\/p><p>Otwarta w liche\u0144skim muzeum niedu\u017ca wystawa zaprasza, by p\u00f3j\u015b\u0107 drog\u0105 \u017cycia ksi\u0119dza Jarz\u0119bowskiego. W pod\u0105\u017caniu za nim pomagaj\u0105 pami\u0105tki, pierwsze zebrane materia\u0142y a tak\u017ce mapa z zapisem podr\u00f3\u017cy i linia \u017cycia \u2013 biogram zakonnika. Patrzymy, jak si\u0119 kszta\u0142ci\u0142, zacz\u0105\u0142 prac\u0119 na Bielanach i zbieranie pami\u0105tek. Pojedziemy z nim przez Syberi\u0119, Japoni\u0119.\u00a0 Zajrzymy do Stan\u00f3w Zjednoczonych, pod pomnik Waszyngtona, \u017ceby zazna\u0107 odrobiny wolno\u015bci, potem do Santa Rosa, gdzie pracowa\u0142 z Polakami.<\/p><p>Wraz z ks. J\u00f3zefem trafiamy do Fawley Court, gdzie za\u0142o\u017cy\u0142 kolegium dla polskich dzieci, a na samym ko\u0144cu stajemy przed gablot\u0105 po\u015bwi\u0119con\u0105 jego publikacjom, dzie\u0142om, jakie po nim pozosta\u0142y. S\u0105 to ksi\u0105\u017cki o Powstaniu Styczniowym, kazania, jakie g\u0142osi\u0142.<\/p>\t\t\t\t\t\t\t\t<\/div>\n\t\t\t\t<\/div>\n\t\t\t\t<div class=\"elementor-element elementor-element-8fbd08b elementor-widget elementor-widget-text-editor\" data-id=\"8fbd08b\" data-element_type=\"widget\" data-e-type=\"widget\" data-widget_type=\"text-editor.default\">\n\t\t\t\t<div class=\"elementor-widget-container\">\n\t\t\t\t\t\t\t\t\t<p>Muzeum im. ks. J\u00f3zefa Jarz\u0119bowkiego MIC mie\u015bci si\u0119 na II i III pi\u0119trze bazyliki (wej\u015bcie od strony p\u00f3\u0142nocnej, od strony absydy).<\/p><p>Plac\u00f3wka w kwietniu czynna b\u0119dzie w godzinach 10-16 w dniach: 23.04, 29.04 i 30.04. W maju muzeum zwiedza\u0107 mo\u017cna b\u0119dzie od wtorku do niedzieli w godzinach 10-16.<\/p>\t\t\t\t\t\t\t\t<\/div>\n\t\t\t\t<\/div>\n\t\t\t\t\t<\/div>\n\t\t<\/div>\n\t\t\t\t\t<\/div>\n\t\t<\/section>\n\t\t\t\t<\/div>","protected":false},"excerpt":{"rendered":"<p>&#8220;Promienny \u015blad&#8221; to tytu\u0142, jaki nadano wystawie po\u015bwi\u0119conej osobie ks. J\u00f3zefa Jarz\u0119bowskiego MIC, Aposto\u0142a Bo\u017cego Mi\u0142osierdzia, za\u0142o\u017cyciela muzeum, kt\u00f3re od 2010 roku mie\u015bci si\u0119 w bazylice. Wystaw\u0119 w liche\u0144skim muzeum mo\u017cna ogl\u0105da\u0107 od 16 kwietnia. Pierwszego dnia, w Niedziel\u0119 Bo\u017cego Mi\u0142osierdzia zwiedzi\u0142y j\u0105 132 osoby. W trwaj\u0105cym 79. Tygodniu Mi\u0142osierdzia warto przypomnie\u0107 sylwetk\u0119 marianina, kt\u00f3ry [&hellip;]<\/p>\n","protected":false},"author":5,"featured_media":52175,"comment_status":"open","ping_status":"open","sticky":false,"template":"","format":"standard","meta":{"footnotes":""},"categories":[1],"tags":[],"class_list":["post-52172","post","type-post","status-publish","format-standard","has-post-thumbnail","hentry","category-aktualnosci","wpbf-post"],"yoast_head":"<!-- This site is optimized with the Yoast SEO plugin v27.4 - https:\/\/yoast.com\/product\/yoast-seo-wordpress\/ -->\n<title>Promienny \u015blad - wystawa w Muzeum im. ks. J\u00f3zefa Jarz\u0119bowskiego MIC - SANKTUARIUM W LICHENIU<\/title>\n<meta name=\"robots\" content=\"index, follow, max-snippet:-1, max-image-preview:large, max-video-preview:-1\" \/>\n<link rel=\"canonical\" href=\"https:\/\/www.lichen.pl\/it\/promienny-slad\/\" \/>\n<meta property=\"og:locale\" content=\"it_IT\" \/>\n<meta property=\"og:type\" content=\"article\" \/>\n<meta property=\"og:title\" content=\"Promienny \u015blad - wystawa w Muzeum im. ks. J\u00f3zefa Jarz\u0119bowskiego MIC - SANKTUARIUM W LICHENIU\" \/>\n<meta property=\"og:description\" content=\"&#8220;Promienny \u015blad&#8221; to tytu\u0142, jaki nadano wystawie po\u015bwi\u0119conej osobie ks. J\u00f3zefa Jarz\u0119bowskiego MIC, Aposto\u0142a Bo\u017cego Mi\u0142osierdzia, za\u0142o\u017cyciela muzeum, kt\u00f3re od 2010 roku mie\u015bci si\u0119 w bazylice. Wystaw\u0119 w liche\u0144skim muzeum mo\u017cna ogl\u0105da\u0107 od 16 kwietnia. Pierwszego dnia, w Niedziel\u0119 Bo\u017cego Mi\u0142osierdzia zwiedzi\u0142y j\u0105 132 osoby. W trwaj\u0105cym 79. Tygodniu Mi\u0142osierdzia warto przypomnie\u0107 sylwetk\u0119 marianina, kt\u00f3ry [&hellip;]\" \/>\n<meta property=\"og:url\" content=\"https:\/\/www.lichen.pl\/it\/promienny-slad\/\" \/>\n<meta property=\"og:site_name\" content=\"SANKTUARIUM W LICHENIU\" \/>\n<meta property=\"article:published_time\" content=\"2023-04-17T19:33:15+00:00\" \/>\n<meta property=\"article:modified_time\" content=\"2023-04-17T19:51:29+00:00\" \/>\n<meta property=\"og:image\" content=\"https:\/\/www.lichen.pl\/wp-content\/uploads\/2023\/04\/Wystawa-Promienny-slad-2-1024x683.jpg\" \/>\n\t<meta property=\"og:image:width\" content=\"1024\" \/>\n\t<meta property=\"og:image:height\" content=\"683\" \/>\n\t<meta property=\"og:image:type\" content=\"image\/jpeg\" \/>\n<meta name=\"author\" content=\"Justyna Zacharek\" \/>\n<meta name=\"twitter:card\" content=\"summary_large_image\" \/>\n<meta name=\"twitter:label1\" content=\"Scritto da\" \/>\n\t<meta name=\"twitter:data1\" content=\"Justyna Zacharek\" \/>\n\t<meta name=\"twitter:label2\" content=\"Tempo di lettura stimato\" \/>\n\t<meta name=\"twitter:data2\" content=\"5 minuti\" \/>\n<script type=\"application\/ld+json\" class=\"yoast-schema-graph\">{\"@context\":\"https:\\\/\\\/schema.org\",\"@graph\":[{\"@type\":\"Article\",\"@id\":\"https:\\\/\\\/www.lichen.pl\\\/promienny-slad\\\/#article\",\"isPartOf\":{\"@id\":\"https:\\\/\\\/www.lichen.pl\\\/promienny-slad\\\/\"},\"author\":{\"name\":\"Justyna Zacharek\",\"@id\":\"https:\\\/\\\/www.lichen.pl\\\/fr\\\/#\\\/schema\\\/person\\\/9f57a1408d363022abd305da0323b703\"},\"headline\":\"Promienny \u015blad &#8211; wystawa w Muzeum im. ks. J\u00f3zefa Jarz\u0119bowskiego MIC\",\"datePublished\":\"2023-04-17T19:33:15+00:00\",\"dateModified\":\"2023-04-17T19:51:29+00:00\",\"mainEntityOfPage\":{\"@id\":\"https:\\\/\\\/www.lichen.pl\\\/promienny-slad\\\/\"},\"wordCount\":854,\"commentCount\":0,\"image\":{\"@id\":\"https:\\\/\\\/www.lichen.pl\\\/promienny-slad\\\/#primaryimage\"},\"thumbnailUrl\":\"https:\\\/\\\/www.lichen.pl\\\/wp-content\\\/uploads\\\/2023\\\/04\\\/Wystawa-Promienny-slad-2.jpg\",\"articleSection\":[\"Aktualno\u015bci\"],\"inLanguage\":\"it-IT\",\"potentialAction\":[{\"@type\":\"CommentAction\",\"name\":\"Comment\",\"target\":[\"https:\\\/\\\/www.lichen.pl\\\/promienny-slad\\\/#respond\"]}]},{\"@type\":\"WebPage\",\"@id\":\"https:\\\/\\\/www.lichen.pl\\\/promienny-slad\\\/\",\"url\":\"https:\\\/\\\/www.lichen.pl\\\/promienny-slad\\\/\",\"name\":\"Promienny \u015blad - wystawa w Muzeum im. ks. J\u00f3zefa Jarz\u0119bowskiego MIC - SANKTUARIUM W LICHENIU\",\"isPartOf\":{\"@id\":\"https:\\\/\\\/www.lichen.pl\\\/fr\\\/#website\"},\"primaryImageOfPage\":{\"@id\":\"https:\\\/\\\/www.lichen.pl\\\/promienny-slad\\\/#primaryimage\"},\"image\":{\"@id\":\"https:\\\/\\\/www.lichen.pl\\\/promienny-slad\\\/#primaryimage\"},\"thumbnailUrl\":\"https:\\\/\\\/www.lichen.pl\\\/wp-content\\\/uploads\\\/2023\\\/04\\\/Wystawa-Promienny-slad-2.jpg\",\"datePublished\":\"2023-04-17T19:33:15+00:00\",\"dateModified\":\"2023-04-17T19:51:29+00:00\",\"author\":{\"@id\":\"https:\\\/\\\/www.lichen.pl\\\/fr\\\/#\\\/schema\\\/person\\\/9f57a1408d363022abd305da0323b703\"},\"breadcrumb\":{\"@id\":\"https:\\\/\\\/www.lichen.pl\\\/promienny-slad\\\/#breadcrumb\"},\"inLanguage\":\"it-IT\",\"potentialAction\":[{\"@type\":\"ReadAction\",\"target\":[\"https:\\\/\\\/www.lichen.pl\\\/promienny-slad\\\/\"]}]},{\"@type\":\"ImageObject\",\"inLanguage\":\"it-IT\",\"@id\":\"https:\\\/\\\/www.lichen.pl\\\/promienny-slad\\\/#primaryimage\",\"url\":\"https:\\\/\\\/www.lichen.pl\\\/wp-content\\\/uploads\\\/2023\\\/04\\\/Wystawa-Promienny-slad-2.jpg\",\"contentUrl\":\"https:\\\/\\\/www.lichen.pl\\\/wp-content\\\/uploads\\\/2023\\\/04\\\/Wystawa-Promienny-slad-2.jpg\",\"width\":1920,\"height\":1280},{\"@type\":\"BreadcrumbList\",\"@id\":\"https:\\\/\\\/www.lichen.pl\\\/promienny-slad\\\/#breadcrumb\",\"itemListElement\":[{\"@type\":\"ListItem\",\"position\":1,\"name\":\"Strona g\u0142\u00f3wna\",\"item\":\"https:\\\/\\\/www.lichen.pl\\\/\"},{\"@type\":\"ListItem\",\"position\":2,\"name\":\"Promienny \u015blad &#8211; wystawa w Muzeum im. ks. J\u00f3zefa Jarz\u0119bowskiego MIC\"}]},{\"@type\":\"WebSite\",\"@id\":\"https:\\\/\\\/www.lichen.pl\\\/fr\\\/#website\",\"url\":\"https:\\\/\\\/www.lichen.pl\\\/fr\\\/\",\"name\":\"SANKTUARIUM W LICHENIU\",\"description\":\"MATKI BO\u017bEJ LICHE\u0143SKIEJ BOLESNEJ KR\u00d3LOWEJ POLSKI\",\"potentialAction\":[{\"@type\":\"SearchAction\",\"target\":{\"@type\":\"EntryPoint\",\"urlTemplate\":\"https:\\\/\\\/www.lichen.pl\\\/fr\\\/?s={search_term_string}\"},\"query-input\":{\"@type\":\"PropertyValueSpecification\",\"valueRequired\":true,\"valueName\":\"search_term_string\"}}],\"inLanguage\":\"it-IT\"},{\"@type\":\"Person\",\"@id\":\"https:\\\/\\\/www.lichen.pl\\\/fr\\\/#\\\/schema\\\/person\\\/9f57a1408d363022abd305da0323b703\",\"name\":\"Justyna Zacharek\",\"image\":{\"@type\":\"ImageObject\",\"inLanguage\":\"it-IT\",\"@id\":\"https:\\\/\\\/secure.gravatar.com\\\/avatar\\\/7be193626a4fb4d6a7d53a7686c3bbf938efff653c427e0182457b838e9d2c3b?s=96&d=retro&r=g\",\"url\":\"https:\\\/\\\/secure.gravatar.com\\\/avatar\\\/7be193626a4fb4d6a7d53a7686c3bbf938efff653c427e0182457b838e9d2c3b?s=96&d=retro&r=g\",\"contentUrl\":\"https:\\\/\\\/secure.gravatar.com\\\/avatar\\\/7be193626a4fb4d6a7d53a7686c3bbf938efff653c427e0182457b838e9d2c3b?s=96&d=retro&r=g\",\"caption\":\"Justyna Zacharek\"},\"url\":\"https:\\\/\\\/www.lichen.pl\\\/it\\\/author\\\/justyna\\\/\"}]}<\/script>\n<!-- \/ Yoast SEO plugin. -->","yoast_head_json":{"title":"Promienny \u015blad - wystawa w Muzeum im. ks. J\u00f3zefa Jarz\u0119bowskiego MIC - SANKTUARIUM W LICHENIU","robots":{"index":"index","follow":"follow","max-snippet":"max-snippet:-1","max-image-preview":"max-image-preview:large","max-video-preview":"max-video-preview:-1"},"canonical":"https:\/\/www.lichen.pl\/it\/promienny-slad\/","og_locale":"it_IT","og_type":"article","og_title":"Promienny \u015blad - wystawa w Muzeum im. ks. J\u00f3zefa Jarz\u0119bowskiego MIC - SANKTUARIUM W LICHENIU","og_description":"&#8220;Promienny \u015blad&#8221; to tytu\u0142, jaki nadano wystawie po\u015bwi\u0119conej osobie ks. J\u00f3zefa Jarz\u0119bowskiego MIC, Aposto\u0142a Bo\u017cego Mi\u0142osierdzia, za\u0142o\u017cyciela muzeum, kt\u00f3re od 2010 roku mie\u015bci si\u0119 w bazylice. Wystaw\u0119 w liche\u0144skim muzeum mo\u017cna ogl\u0105da\u0107 od 16 kwietnia. Pierwszego dnia, w Niedziel\u0119 Bo\u017cego Mi\u0142osierdzia zwiedzi\u0142y j\u0105 132 osoby. W trwaj\u0105cym 79. Tygodniu Mi\u0142osierdzia warto przypomnie\u0107 sylwetk\u0119 marianina, kt\u00f3ry [&hellip;]","og_url":"https:\/\/www.lichen.pl\/it\/promienny-slad\/","og_site_name":"SANKTUARIUM W LICHENIU","article_published_time":"2023-04-17T19:33:15+00:00","article_modified_time":"2023-04-17T19:51:29+00:00","og_image":[{"width":1024,"height":683,"url":"https:\/\/www.lichen.pl\/wp-content\/uploads\/2023\/04\/Wystawa-Promienny-slad-2-1024x683.jpg","type":"image\/jpeg"}],"author":"Justyna Zacharek","twitter_card":"summary_large_image","twitter_misc":{"Scritto da":"Justyna Zacharek","Tempo di lettura stimato":"5 minuti"},"schema":{"@context":"https:\/\/schema.org","@graph":[{"@type":"Article","@id":"https:\/\/www.lichen.pl\/promienny-slad\/#article","isPartOf":{"@id":"https:\/\/www.lichen.pl\/promienny-slad\/"},"author":{"name":"Justyna Zacharek","@id":"https:\/\/www.lichen.pl\/fr\/#\/schema\/person\/9f57a1408d363022abd305da0323b703"},"headline":"Promienny \u015blad &#8211; wystawa w Muzeum im. ks. J\u00f3zefa Jarz\u0119bowskiego MIC","datePublished":"2023-04-17T19:33:15+00:00","dateModified":"2023-04-17T19:51:29+00:00","mainEntityOfPage":{"@id":"https:\/\/www.lichen.pl\/promienny-slad\/"},"wordCount":854,"commentCount":0,"image":{"@id":"https:\/\/www.lichen.pl\/promienny-slad\/#primaryimage"},"thumbnailUrl":"https:\/\/www.lichen.pl\/wp-content\/uploads\/2023\/04\/Wystawa-Promienny-slad-2.jpg","articleSection":["Aktualno\u015bci"],"inLanguage":"it-IT","potentialAction":[{"@type":"CommentAction","name":"Comment","target":["https:\/\/www.lichen.pl\/promienny-slad\/#respond"]}]},{"@type":"WebPage","@id":"https:\/\/www.lichen.pl\/promienny-slad\/","url":"https:\/\/www.lichen.pl\/promienny-slad\/","name":"Promienny \u015blad - wystawa w Muzeum im. ks. J\u00f3zefa Jarz\u0119bowskiego MIC - SANKTUARIUM W LICHENIU","isPartOf":{"@id":"https:\/\/www.lichen.pl\/fr\/#website"},"primaryImageOfPage":{"@id":"https:\/\/www.lichen.pl\/promienny-slad\/#primaryimage"},"image":{"@id":"https:\/\/www.lichen.pl\/promienny-slad\/#primaryimage"},"thumbnailUrl":"https:\/\/www.lichen.pl\/wp-content\/uploads\/2023\/04\/Wystawa-Promienny-slad-2.jpg","datePublished":"2023-04-17T19:33:15+00:00","dateModified":"2023-04-17T19:51:29+00:00","author":{"@id":"https:\/\/www.lichen.pl\/fr\/#\/schema\/person\/9f57a1408d363022abd305da0323b703"},"breadcrumb":{"@id":"https:\/\/www.lichen.pl\/promienny-slad\/#breadcrumb"},"inLanguage":"it-IT","potentialAction":[{"@type":"ReadAction","target":["https:\/\/www.lichen.pl\/promienny-slad\/"]}]},{"@type":"ImageObject","inLanguage":"it-IT","@id":"https:\/\/www.lichen.pl\/promienny-slad\/#primaryimage","url":"https:\/\/www.lichen.pl\/wp-content\/uploads\/2023\/04\/Wystawa-Promienny-slad-2.jpg","contentUrl":"https:\/\/www.lichen.pl\/wp-content\/uploads\/2023\/04\/Wystawa-Promienny-slad-2.jpg","width":1920,"height":1280},{"@type":"BreadcrumbList","@id":"https:\/\/www.lichen.pl\/promienny-slad\/#breadcrumb","itemListElement":[{"@type":"ListItem","position":1,"name":"Strona g\u0142\u00f3wna","item":"https:\/\/www.lichen.pl\/"},{"@type":"ListItem","position":2,"name":"Promienny \u015blad &#8211; wystawa w Muzeum im. ks. J\u00f3zefa Jarz\u0119bowskiego MIC"}]},{"@type":"WebSite","@id":"https:\/\/www.lichen.pl\/fr\/#website","url":"https:\/\/www.lichen.pl\/fr\/","name":"SANTUARIO IN LICHENIA","description":"LA REGINA ADOLORATA DEL NOSTRO LICHENE DI POLONIA","potentialAction":[{"@type":"SearchAction","target":{"@type":"EntryPoint","urlTemplate":"https:\/\/www.lichen.pl\/fr\/?s={search_term_string}"},"query-input":{"@type":"PropertyValueSpecification","valueRequired":true,"valueName":"search_term_string"}}],"inLanguage":"it-IT"},{"@type":"Person","@id":"https:\/\/www.lichen.pl\/fr\/#\/schema\/person\/9f57a1408d363022abd305da0323b703","name":"Justyna Zacharek","image":{"@type":"ImageObject","inLanguage":"it-IT","@id":"https:\/\/secure.gravatar.com\/avatar\/7be193626a4fb4d6a7d53a7686c3bbf938efff653c427e0182457b838e9d2c3b?s=96&d=retro&r=g","url":"https:\/\/secure.gravatar.com\/avatar\/7be193626a4fb4d6a7d53a7686c3bbf938efff653c427e0182457b838e9d2c3b?s=96&d=retro&r=g","contentUrl":"https:\/\/secure.gravatar.com\/avatar\/7be193626a4fb4d6a7d53a7686c3bbf938efff653c427e0182457b838e9d2c3b?s=96&d=retro&r=g","caption":"Justyna Zacharek"},"url":"https:\/\/www.lichen.pl\/it\/author\/justyna\/"}]}},"_links":{"self":[{"href":"https:\/\/www.lichen.pl\/it\/wp-json\/wp\/v2\/posts\/52172","targetHints":{"allow":["GET"]}}],"collection":[{"href":"https:\/\/www.lichen.pl\/it\/wp-json\/wp\/v2\/posts"}],"about":[{"href":"https:\/\/www.lichen.pl\/it\/wp-json\/wp\/v2\/types\/post"}],"author":[{"embeddable":true,"href":"https:\/\/www.lichen.pl\/it\/wp-json\/wp\/v2\/users\/5"}],"replies":[{"embeddable":true,"href":"https:\/\/www.lichen.pl\/it\/wp-json\/wp\/v2\/comments?post=52172"}],"version-history":[{"count":8,"href":"https:\/\/www.lichen.pl\/it\/wp-json\/wp\/v2\/posts\/52172\/revisions"}],"predecessor-version":[{"id":52182,"href":"https:\/\/www.lichen.pl\/it\/wp-json\/wp\/v2\/posts\/52172\/revisions\/52182"}],"wp:featuredmedia":[{"embeddable":true,"href":"https:\/\/www.lichen.pl\/it\/wp-json\/wp\/v2\/media\/52175"}],"wp:attachment":[{"href":"https:\/\/www.lichen.pl\/it\/wp-json\/wp\/v2\/media?parent=52172"}],"wp:term":[{"taxonomy":"category","embeddable":true,"href":"https:\/\/www.lichen.pl\/it\/wp-json\/wp\/v2\/categories?post=52172"},{"taxonomy":"post_tag","embeddable":true,"href":"https:\/\/www.lichen.pl\/it\/wp-json\/wp\/v2\/tags?post=52172"}],"curies":[{"name":"wp","href":"https:\/\/api.w.org\/{rel}","templated":true}]}}