{"id":54036,"date":"2023-06-19T20:31:04","date_gmt":"2023-06-19T18:31:04","guid":{"rendered":"https:\/\/www.lichen.pl\/spowiedz-generalna-vi-23-copy\/"},"modified":"2023-06-19T20:38:44","modified_gmt":"2023-06-19T18:38:44","slug":"pielgrzymka-do-gietrzwaldu-23","status":"publish","type":"post","link":"https:\/\/www.lichen.pl\/it\/pielgrzymka-do-gietrzwaldu-23\/","title":{"rendered":"Warto \u017cy\u0107 inaczej &#8211; pielgrzymi w drodze na Gietrzwa\u0142d"},"content":{"rendered":"<div data-elementor-type=\"wp-post\" data-elementor-id=\"54036\" class=\"elementor elementor-54036\" data-elementor-post-type=\"post\">\n\t\t\t\t\t\t<section class=\"elementor-section elementor-top-section elementor-element elementor-element-8e3f9f5 elementor-section-boxed elementor-section-height-default elementor-section-height-default\" data-id=\"8e3f9f5\" data-element_type=\"section\" data-e-type=\"section\">\n\t\t\t\t\t\t<div class=\"elementor-container elementor-column-gap-default\">\n\t\t\t\t\t<div class=\"elementor-column elementor-col-100 elementor-top-column elementor-element elementor-element-5892fca\" data-id=\"5892fca\" data-element_type=\"column\" data-e-type=\"column\">\n\t\t\t<div class=\"elementor-widget-wrap elementor-element-populated\">\n\t\t\t\t\t\t<div class=\"elementor-element elementor-element-8793fb9 elementor-widget elementor-widget-text-editor\" data-id=\"8793fb9\" data-element_type=\"widget\" data-e-type=\"widget\" data-widget_type=\"text-editor.default\">\n\t\t\t\t<div class=\"elementor-widget-container\">\n\t\t\t\t\t\t\t\t\t<p><strong>24 osoby wzi\u0119\u0142y udzia\u0142 w rekolekcjach przygotowuj\u0105cych do spowiedzi generalnej, jakie w miniony weekend odby\u0142y si\u0119 w Sanktuarium Maryjnym w Licheniu Starym. Ca\u0142a grupa rekolekcyjna pochodzi\u0142a z O\u0142awy i okolic. W ka\u017cd\u0105 pierwsz\u0105 sobot\u0119 miesi\u0105ca przyje\u017cd\u017caj\u0105 ze swojego miejsca zamieszkania do Konina, aby pod os\u0142on\u0105 nocy pielgrzymowa\u0107 pieszo do liche\u0144skiego sanktuarium.<\/strong><\/p>\t\t\t\t\t\t\t\t<\/div>\n\t\t\t\t<\/div>\n\t\t\t\t<section class=\"elementor-section elementor-inner-section elementor-element elementor-element-d50a9ad elementor-section-boxed elementor-section-height-default elementor-section-height-default\" data-id=\"d50a9ad\" data-element_type=\"section\" data-e-type=\"section\">\n\t\t\t\t\t\t<div class=\"elementor-container elementor-column-gap-default\">\n\t\t\t\t\t<div class=\"elementor-column elementor-col-50 elementor-inner-column elementor-element elementor-element-5483fa9\" data-id=\"5483fa9\" data-element_type=\"column\" data-e-type=\"column\">\n\t\t\t<div class=\"elementor-widget-wrap elementor-element-populated\">\n\t\t\t\t\t\t<div class=\"elementor-element elementor-element-bada0a3 elementor-widget elementor-widget-image\" data-id=\"bada0a3\" data-element_type=\"widget\" data-e-type=\"widget\" data-widget_type=\"image.default\">\n\t\t\t\t<div class=\"elementor-widget-container\">\n\t\t\t\t\t\t\t\t\t\t\t\t\t\t\t<img fetchpriority=\"high\" decoding=\"async\" width=\"1024\" height=\"683\" src=\"https:\/\/www.lichen.pl\/wp-content\/uploads\/2023\/06\/IMG_9174-1024x683.jpg\" class=\"attachment-large size-large wp-image-54038\" alt=\"\" srcset=\"https:\/\/www.lichen.pl\/wp-content\/uploads\/2023\/06\/IMG_9174-1024x683.jpg 1024w, https:\/\/www.lichen.pl\/wp-content\/uploads\/2023\/06\/IMG_9174-800x533.jpg 800w, https:\/\/www.lichen.pl\/wp-content\/uploads\/2023\/06\/IMG_9174-300x200.jpg 300w, https:\/\/www.lichen.pl\/wp-content\/uploads\/2023\/06\/IMG_9174-768x512.jpg 768w, https:\/\/www.lichen.pl\/wp-content\/uploads\/2023\/06\/IMG_9174-1536x1024.jpg 1536w, https:\/\/www.lichen.pl\/wp-content\/uploads\/2023\/06\/IMG_9174-2048x1365.jpg 2048w, https:\/\/www.lichen.pl\/wp-content\/uploads\/2023\/06\/IMG_9174-18x12.jpg 18w, https:\/\/www.lichen.pl\/wp-content\/uploads\/2023\/06\/IMG_9174.jpg 1920w\" sizes=\"(max-width: 1024px) 100vw, 1024px\" \/>\t\t\t\t\t\t\t\t\t\t\t\t\t\t\t<\/div>\n\t\t\t\t<\/div>\n\t\t\t\t\t<\/div>\n\t\t<\/div>\n\t\t\t\t<div class=\"elementor-column elementor-col-50 elementor-inner-column elementor-element elementor-element-f0c35f0\" data-id=\"f0c35f0\" data-element_type=\"column\" data-e-type=\"column\">\n\t\t\t<div class=\"elementor-widget-wrap elementor-element-populated\">\n\t\t\t\t\t\t<div class=\"elementor-element elementor-element-dc9d0d7 elementor-widget elementor-widget-text-editor\" data-id=\"dc9d0d7\" data-element_type=\"widget\" data-e-type=\"widget\" data-widget_type=\"text-editor.default\">\n\t\t\t\t<div class=\"elementor-widget-container\">\n\t\t\t\t\t\t\t\t\t<p>Podczas 10 dni pielgrzymowania przejd\u0105 555 km. Z Lubina wyruszyli ju\u017c po raz pi\u0105ty, by 27 czerwca dotrze\u0107 do Gietrzwa\u0142du, w rocznic\u0119 objawie\u0144 maryjnych, kt\u00f3re mia\u0142y tam miejsce w 1877 roku. Po drodze pielgrzymi odwiedzaj\u0105 Liche\u0144. W tym roku, w niedziel\u0119, 18 czerwca do liche\u0144skiego sanktuarium dotar\u0142y 22 osoby, w tym dwie sze\u015bcioletnie dziewczynki. P\u0105tnik\u00f3w przywita\u0142 ks. Adam Stankiewicz MIC, wicekustosz liche\u0144skiego sanktuarium.<\/p><p>\u2013 Po drodze dojd\u0105 jeszcze kolejne osoby. Ze wzgl\u0119d\u00f3w rodzinnych czy urlopowych nie wszyscy mog\u0105 wzi\u0105\u0107 udzia\u0142 w ca\u0142ej trasie \u2013 wyja\u015bnia Piotr Socha, pomys\u0142odawca jednej z najd\u0142u\u017cszych pielgrzymek w Polsce.<\/p>\t\t\t\t\t\t\t\t<\/div>\n\t\t\t\t<\/div>\n\t\t\t\t\t<\/div>\n\t\t<\/div>\n\t\t\t\t\t<\/div>\n\t\t<\/section>\n\t\t\t\t<div class=\"elementor-element elementor-element-e51c60e elementor-widget elementor-widget-text-editor\" data-id=\"e51c60e\" data-element_type=\"widget\" data-e-type=\"widget\" data-widget_type=\"text-editor.default\">\n\t\t\t\t<div class=\"elementor-widget-container\">\n\t\t\t\t\t\t\t\t\t<p>\u2013 Mieli\u015bmy takie natchnienie od Ducha \u015awi\u0119tego, by zorganizowa\u0107 pielgrzymk\u0119 do tego miejsca objawie\u0144. Na pocz\u0105tku to by\u0142a pielgrzymka autokarowa. Zrozumia\u0142em jednak, \u017ce to jest nie to, \u017ce sta\u0107 nas na co innego. Dlatego zorganizowali\u015bmy t\u0119 pielgrzymk\u0119 na pieszo.<\/p><p>Najm\u0142odsze uczestniczki pielgrzymuj\u0105 z ojcami. Emilka na pielgrzymce jest ju\u017c po raz si\u00f3dmy, trzeci raz do Gietrzwa\u0142du i cztery razy na Jasn\u0105 G\u00f3r\u0119. Dla Ali to druga w \u017cyciu pielgrzymka do Gietrzwa\u0142du. \u2013 Mamy specjalny w\u00f3zek dla dzieci, bo wiadomo, \u017ce nie s\u0105 w stanie tyle same przej\u015b\u0107. Cieszymy si\u0119 jednak z ka\u017cdego kilometra, kt\u00f3ry pokonaj\u0105. My\u015bl\u0119, \u017ce \u015bwiadczymy dla nich, jako ojcowie, \u017ce warto \u017cy\u0107 inaczej. Bez telewizji, bez medi\u00f3w, we wsp\u00f3lnocie, kt\u00f3ra \u017cywi si\u0119 Eucharysti\u0105. Codzienna Msza \u015awi\u0119ta jest dla nas codzienno\u015bci\u0105. Post\u0119puj\u0105ca laicyzacja powoduje, \u017ce coraz mniej ludzi jest w ko\u015bcio\u0142ach. Mamy nadziej\u0119, ze nasze dzieci nas kiedy\u015b zast\u0105pi\u0105.<\/p><p>Dziennie pielgrzymi przechodz\u0105 oko\u0142o 30 km. Wyj\u0105tkiem by\u0142a niedziela, gdy do Lichenia dotarli po 17 km marszu \u2013 by\u0142 to ich dzie\u0144 odpoczynku. Ka\u017cdego dnia pielgrzymki staraj\u0105 si\u0119 odm\u00f3wi\u0107 cztery cz\u0119\u015bci r\u00f3\u017ca\u0144ca, Koronk\u0119 do Mi\u0142osierdzia Bo\u017cego, s\u0142uchaj\u0105 konferencji, uczestnicz\u0105 w Eucharystii. Dziewi\u0119\u0107 ostatnich dni b\u0119d\u0105 trwa\u0107 na nowennie do Matki Bo\u017cej Gietrzwa\u0142dzkiej.<\/p><p>Gietrzwa\u0142d to miejsce po\u0142o\u017cone na skraju po\u0142udniowej Warmii. Od 27 czerwca do 16 wrze\u015bnia 1877 roku Maryja objawia\u0142a si\u0119 tam dziewczynkom: Justynie Szafry\u0144skiej i Basi Samulowskiej, m\u00f3wi\u0105c w j\u0119zyku polskim i przedstawiaj\u0105c si\u0119 jako Niepokalanie Pocz\u0119ta.<\/p><p>\u2013 Pochodzimy z Dolnego \u015al\u0105ska. Okaza\u0142o si\u0119, ze wiele os\u00f3b nie wiedzia\u0142o, gdzie jest Gietrzwa\u0142d i co si\u0119 tam sta\u0142o. Propagujemy t\u0119 my\u015bl Matki Bo\u017cej, ewangelizujemy \u2013 opowiada pan Socha \u2013 Jeste\u015bmy niewielk\u0105 grup\u0105. Pomimo, ze s\u0105 tu osoby z ca\u0142ej Polski, trudno by\u0107 anonimowym, znamy si\u0119 wszyscy z imienia. W tym roku mamy, mo\u017cna powiedzie\u0107, pe\u0142en luksus. Wsz\u0119dzie na nas czekaj\u0105, mamy posi\u0142ki, noclegi w \u0142\u00f3\u017ckach. Dwa razy tylko nocujemy pod namiotami.<\/p>\t\t\t\t\t\t\t\t<\/div>\n\t\t\t\t<\/div>\n\t\t\t\t<div class=\"elementor-element elementor-element-c947442 elementor-widget elementor-widget-image-gallery\" data-id=\"c947442\" data-element_type=\"widget\" data-e-type=\"widget\" data-widget_type=\"image-gallery.default\">\n\t\t\t\t<div class=\"elementor-widget-container\">\n\t\t\t\t\t\t\t<div class=\"elementor-image-gallery\">\n\t\t\t<div id='gallery-1' class='gallery galleryid-54036 gallery-columns-3 gallery-size-thumbnail'><figure class='gallery-item'>\n\t\t\t<div class='gallery-icon landscape'>\n\t\t\t\t<a data-elementor-open-lightbox=\"yes\" data-elementor-lightbox-slideshow=\"c947442\" data-elementor-lightbox-title=\"Pielgrzymka do Gietrzwa\u0142du\" data-e-action-hash=\"#elementor-action%3Aaction%3Dlightbox%26settings%3DeyJpZCI6NTQwNDAsInVybCI6Imh0dHBzOlwvXC93d3cubGljaGVuLnBsXC93cC1jb250ZW50XC91cGxvYWRzXC8yMDIzXC8wNlwvSU1HXzkxNTMuanBnIiwic2xpZGVzaG93IjoiYzk0NzQ0MiJ9\" href='https:\/\/www.lichen.pl\/wp-content\/uploads\/2023\/06\/IMG_9153.jpg'><img width=\"150\" height=\"150\" src=\"https:\/\/www.lichen.pl\/wp-content\/uploads\/2023\/06\/IMG_9153-150x150.jpg\" class=\"attachment-thumbnail size-thumbnail\" alt=\"\" decoding=\"async\" srcset=\"https:\/\/www.lichen.pl\/wp-content\/uploads\/2023\/06\/IMG_9153-150x150.jpg 150w, https:\/\/www.lichen.pl\/wp-content\/uploads\/2023\/06\/IMG_9153-300x300.jpg 300w\" sizes=\"(max-width: 150px) 100vw, 150px\" \/><\/a>\n\t\t\t<\/div><\/figure><figure class='gallery-item'>\n\t\t\t<div class='gallery-icon landscape'>\n\t\t\t\t<a data-elementor-open-lightbox=\"yes\" data-elementor-lightbox-slideshow=\"c947442\" data-elementor-lightbox-title=\"Pielgrzymka do Gietrzwa\u0142du\" data-e-action-hash=\"#elementor-action%3Aaction%3Dlightbox%26settings%3DeyJpZCI6NTQwNDEsInVybCI6Imh0dHBzOlwvXC93d3cubGljaGVuLnBsXC93cC1jb250ZW50XC91cGxvYWRzXC8yMDIzXC8wNlwvSU1HXzkxNTQuanBnIiwic2xpZGVzaG93IjoiYzk0NzQ0MiJ9\" href='https:\/\/www.lichen.pl\/wp-content\/uploads\/2023\/06\/IMG_9154.jpg'><img width=\"150\" height=\"150\" src=\"https:\/\/www.lichen.pl\/wp-content\/uploads\/2023\/06\/IMG_9154-150x150.jpg\" class=\"attachment-thumbnail size-thumbnail\" alt=\"\" decoding=\"async\" srcset=\"https:\/\/www.lichen.pl\/wp-content\/uploads\/2023\/06\/IMG_9154-150x150.jpg 150w, https:\/\/www.lichen.pl\/wp-content\/uploads\/2023\/06\/IMG_9154-300x300.jpg 300w\" sizes=\"(max-width: 150px) 100vw, 150px\" \/><\/a>\n\t\t\t<\/div><\/figure><figure class='gallery-item'>\n\t\t\t<div class='gallery-icon landscape'>\n\t\t\t\t<a data-elementor-open-lightbox=\"yes\" data-elementor-lightbox-slideshow=\"c947442\" data-elementor-lightbox-title=\"Pielgrzymka do Gietrzwa\u0142du\" data-e-action-hash=\"#elementor-action%3Aaction%3Dlightbox%26settings%3DeyJpZCI6NTQwNDQsInVybCI6Imh0dHBzOlwvXC93d3cubGljaGVuLnBsXC93cC1jb250ZW50XC91cGxvYWRzXC8yMDIzXC8wNlwvSU1HXzkxNTkuanBnIiwic2xpZGVzaG93IjoiYzk0NzQ0MiJ9\" href='https:\/\/www.lichen.pl\/wp-content\/uploads\/2023\/06\/IMG_9159.jpg'><img loading=\"lazy\" width=\"150\" height=\"150\" src=\"https:\/\/www.lichen.pl\/wp-content\/uploads\/2023\/06\/IMG_9159-150x150.jpg\" class=\"attachment-thumbnail size-thumbnail\" alt=\"\" decoding=\"async\" srcset=\"https:\/\/www.lichen.pl\/wp-content\/uploads\/2023\/06\/IMG_9159-150x150.jpg 150w, https:\/\/www.lichen.pl\/wp-content\/uploads\/2023\/06\/IMG_9159-300x300.jpg 300w\" sizes=\"(max-width: 150px) 100vw, 150px\" \/><\/a>\n\t\t\t<\/div><\/figure><figure class='gallery-item'>\n\t\t\t<div class='gallery-icon landscape'>\n\t\t\t\t<a data-elementor-open-lightbox=\"yes\" data-elementor-lightbox-slideshow=\"c947442\" data-elementor-lightbox-title=\"Pielgrzymka do Gietrzwa\u0142du\" data-e-action-hash=\"#elementor-action%3Aaction%3Dlightbox%26settings%3DeyJpZCI6NTQwNDUsInVybCI6Imh0dHBzOlwvXC93d3cubGljaGVuLnBsXC93cC1jb250ZW50XC91cGxvYWRzXC8yMDIzXC8wNlwvSU1HXzkxNjEuanBnIiwic2xpZGVzaG93IjoiYzk0NzQ0MiJ9\" href='https:\/\/www.lichen.pl\/wp-content\/uploads\/2023\/06\/IMG_9161.jpg'><img loading=\"lazy\" width=\"150\" height=\"150\" src=\"https:\/\/www.lichen.pl\/wp-content\/uploads\/2023\/06\/IMG_9161-150x150.jpg\" class=\"attachment-thumbnail size-thumbnail\" alt=\"\" decoding=\"async\" srcset=\"https:\/\/www.lichen.pl\/wp-content\/uploads\/2023\/06\/IMG_9161-150x150.jpg 150w, https:\/\/www.lichen.pl\/wp-content\/uploads\/2023\/06\/IMG_9161-300x300.jpg 300w\" sizes=\"(max-width: 150px) 100vw, 150px\" \/><\/a>\n\t\t\t<\/div><\/figure><figure class='gallery-item'>\n\t\t\t<div class='gallery-icon portrait'>\n\t\t\t\t<a data-elementor-open-lightbox=\"yes\" data-elementor-lightbox-slideshow=\"c947442\" data-elementor-lightbox-title=\"Pielgrzymka do Gietrzwa\u0142du\" data-e-action-hash=\"#elementor-action%3Aaction%3Dlightbox%26settings%3DeyJpZCI6NTQwNDIsInVybCI6Imh0dHBzOlwvXC93d3cubGljaGVuLnBsXC93cC1jb250ZW50XC91cGxvYWRzXC8yMDIzXC8wNlwvSU1HXzkxNjguanBnIiwic2xpZGVzaG93IjoiYzk0NzQ0MiJ9\" href='https:\/\/www.lichen.pl\/wp-content\/uploads\/2023\/06\/IMG_9168.jpg'><img loading=\"lazy\" width=\"150\" height=\"150\" src=\"https:\/\/www.lichen.pl\/wp-content\/uploads\/2023\/06\/IMG_9168-150x150.jpg\" class=\"attachment-thumbnail size-thumbnail\" alt=\"\" decoding=\"async\" srcset=\"https:\/\/www.lichen.pl\/wp-content\/uploads\/2023\/06\/IMG_9168-150x150.jpg 150w, https:\/\/www.lichen.pl\/wp-content\/uploads\/2023\/06\/IMG_9168-300x300.jpg 300w\" sizes=\"(max-width: 150px) 100vw, 150px\" \/><\/a>\n\t\t\t<\/div><\/figure><figure class='gallery-item'>\n\t\t\t<div class='gallery-icon landscape'>\n\t\t\t\t<a data-elementor-open-lightbox=\"yes\" data-elementor-lightbox-slideshow=\"c947442\" data-elementor-lightbox-title=\"Pielgrzymka do Gietrzwa\u0142du\" data-e-action-hash=\"#elementor-action%3Aaction%3Dlightbox%26settings%3DeyJpZCI6NTQwNDMsInVybCI6Imh0dHBzOlwvXC93d3cubGljaGVuLnBsXC93cC1jb250ZW50XC91cGxvYWRzXC8yMDIzXC8wNlwvSU1HXzkxNjkuanBnIiwic2xpZGVzaG93IjoiYzk0NzQ0MiJ9\" href='https:\/\/www.lichen.pl\/wp-content\/uploads\/2023\/06\/IMG_9169.jpg'><img loading=\"lazy\" width=\"150\" height=\"150\" src=\"https:\/\/www.lichen.pl\/wp-content\/uploads\/2023\/06\/IMG_9169-150x150.jpg\" class=\"attachment-thumbnail size-thumbnail\" alt=\"\" decoding=\"async\" srcset=\"https:\/\/www.lichen.pl\/wp-content\/uploads\/2023\/06\/IMG_9169-150x150.jpg 150w, https:\/\/www.lichen.pl\/wp-content\/uploads\/2023\/06\/IMG_9169-300x300.jpg 300w\" sizes=\"(max-width: 150px) 100vw, 150px\" \/><\/a>\n\t\t\t<\/div><\/figure>\n\t\t<\/div>\n\t\t<\/div>\n\t\t\t\t\t\t<\/div>\n\t\t\t\t<\/div>\n\t\t\t\t\t<\/div>\n\t\t<\/div>\n\t\t\t\t\t<\/div>\n\t\t<\/section>\n\t\t\t\t<\/div>","protected":false},"excerpt":{"rendered":"<p>24 osoby wzi\u0119\u0142y udzia\u0142 w rekolekcjach przygotowuj\u0105cych do spowiedzi generalnej, jakie w miniony weekend odby\u0142y si\u0119 w Sanktuarium Maryjnym w Licheniu Starym. Ca\u0142a grupa rekolekcyjna pochodzi\u0142a z O\u0142awy i okolic. W ka\u017cd\u0105 pierwsz\u0105 sobot\u0119 miesi\u0105ca przyje\u017cd\u017caj\u0105 ze swojego miejsca zamieszkania do Konina, aby pod os\u0142on\u0105 nocy pielgrzymowa\u0107 pieszo do liche\u0144skiego sanktuarium. Podczas 10 dni pielgrzymowania [&hellip;]<\/p>\n","protected":false},"author":5,"featured_media":54038,"comment_status":"closed","ping_status":"closed","sticky":false,"template":"","format":"standard","meta":{"footnotes":""},"categories":[1],"tags":[],"class_list":["post-54036","post","type-post","status-publish","format-standard","has-post-thumbnail","hentry","category-aktualnosci","wpbf-post"],"yoast_head":"<!-- This site is optimized with the Yoast SEO plugin v27.4 - https:\/\/yoast.com\/product\/yoast-seo-wordpress\/ -->\n<title>Warto \u017cy\u0107 inaczej - pielgrzymi w drodze na Gietrzwa\u0142d - SANKTUARIUM W LICHENIU<\/title>\n<meta name=\"robots\" content=\"index, follow, max-snippet:-1, max-image-preview:large, max-video-preview:-1\" \/>\n<link rel=\"canonical\" href=\"https:\/\/www.lichen.pl\/it\/pielgrzymka-do-gietrzwaldu-23\/\" \/>\n<meta property=\"og:locale\" content=\"it_IT\" \/>\n<meta property=\"og:type\" content=\"article\" \/>\n<meta property=\"og:title\" content=\"Warto \u017cy\u0107 inaczej - pielgrzymi w drodze na Gietrzwa\u0142d - SANKTUARIUM W LICHENIU\" \/>\n<meta property=\"og:description\" content=\"24 osoby wzi\u0119\u0142y udzia\u0142 w rekolekcjach przygotowuj\u0105cych do spowiedzi generalnej, jakie w miniony weekend odby\u0142y si\u0119 w Sanktuarium Maryjnym w Licheniu Starym. Ca\u0142a grupa rekolekcyjna pochodzi\u0142a z O\u0142awy i okolic. W ka\u017cd\u0105 pierwsz\u0105 sobot\u0119 miesi\u0105ca przyje\u017cd\u017caj\u0105 ze swojego miejsca zamieszkania do Konina, aby pod os\u0142on\u0105 nocy pielgrzymowa\u0107 pieszo do liche\u0144skiego sanktuarium. Podczas 10 dni pielgrzymowania [&hellip;]\" \/>\n<meta property=\"og:url\" content=\"https:\/\/www.lichen.pl\/it\/pielgrzymka-do-gietrzwaldu-23\/\" \/>\n<meta property=\"og:site_name\" content=\"SANKTUARIUM W LICHENIU\" \/>\n<meta property=\"article:published_time\" content=\"2023-06-19T18:31:04+00:00\" \/>\n<meta property=\"article:modified_time\" content=\"2023-06-19T18:38:44+00:00\" \/>\n<meta property=\"og:image\" content=\"https:\/\/www.lichen.pl\/wp-content\/uploads\/2023\/06\/IMG_9174-1024x683.jpg\" \/>\n\t<meta property=\"og:image:width\" content=\"1024\" \/>\n\t<meta property=\"og:image:height\" content=\"683\" \/>\n\t<meta property=\"og:image:type\" content=\"image\/jpeg\" \/>\n<meta name=\"author\" content=\"Justyna Zacharek\" \/>\n<meta name=\"twitter:card\" content=\"summary_large_image\" \/>\n<meta name=\"twitter:label1\" content=\"Scritto da\" \/>\n\t<meta name=\"twitter:data1\" content=\"Justyna Zacharek\" \/>\n\t<meta name=\"twitter:label2\" content=\"Tempo di lettura stimato\" \/>\n\t<meta name=\"twitter:data2\" content=\"5 minuti\" \/>\n<script type=\"application\/ld+json\" class=\"yoast-schema-graph\">{\"@context\":\"https:\\\/\\\/schema.org\",\"@graph\":[{\"@type\":\"Article\",\"@id\":\"https:\\\/\\\/www.lichen.pl\\\/pielgrzymka-do-gietrzwaldu-23\\\/#article\",\"isPartOf\":{\"@id\":\"https:\\\/\\\/www.lichen.pl\\\/pielgrzymka-do-gietrzwaldu-23\\\/\"},\"author\":{\"name\":\"Justyna Zacharek\",\"@id\":\"https:\\\/\\\/www.lichen.pl\\\/fr\\\/#\\\/schema\\\/person\\\/9f57a1408d363022abd305da0323b703\"},\"headline\":\"Warto \u017cy\u0107 inaczej &#8211; pielgrzymi w drodze na Gietrzwa\u0142d\",\"datePublished\":\"2023-06-19T18:31:04+00:00\",\"dateModified\":\"2023-06-19T18:38:44+00:00\",\"mainEntityOfPage\":{\"@id\":\"https:\\\/\\\/www.lichen.pl\\\/pielgrzymka-do-gietrzwaldu-23\\\/\"},\"wordCount\":531,\"image\":{\"@id\":\"https:\\\/\\\/www.lichen.pl\\\/pielgrzymka-do-gietrzwaldu-23\\\/#primaryimage\"},\"thumbnailUrl\":\"https:\\\/\\\/www.lichen.pl\\\/wp-content\\\/uploads\\\/2023\\\/06\\\/IMG_9174.jpg\",\"articleSection\":[\"Aktualno\u015bci\"],\"inLanguage\":\"it-IT\"},{\"@type\":\"WebPage\",\"@id\":\"https:\\\/\\\/www.lichen.pl\\\/pielgrzymka-do-gietrzwaldu-23\\\/\",\"url\":\"https:\\\/\\\/www.lichen.pl\\\/pielgrzymka-do-gietrzwaldu-23\\\/\",\"name\":\"Warto \u017cy\u0107 inaczej - pielgrzymi w drodze na Gietrzwa\u0142d - SANKTUARIUM W LICHENIU\",\"isPartOf\":{\"@id\":\"https:\\\/\\\/www.lichen.pl\\\/fr\\\/#website\"},\"primaryImageOfPage\":{\"@id\":\"https:\\\/\\\/www.lichen.pl\\\/pielgrzymka-do-gietrzwaldu-23\\\/#primaryimage\"},\"image\":{\"@id\":\"https:\\\/\\\/www.lichen.pl\\\/pielgrzymka-do-gietrzwaldu-23\\\/#primaryimage\"},\"thumbnailUrl\":\"https:\\\/\\\/www.lichen.pl\\\/wp-content\\\/uploads\\\/2023\\\/06\\\/IMG_9174.jpg\",\"datePublished\":\"2023-06-19T18:31:04+00:00\",\"dateModified\":\"2023-06-19T18:38:44+00:00\",\"author\":{\"@id\":\"https:\\\/\\\/www.lichen.pl\\\/fr\\\/#\\\/schema\\\/person\\\/9f57a1408d363022abd305da0323b703\"},\"breadcrumb\":{\"@id\":\"https:\\\/\\\/www.lichen.pl\\\/pielgrzymka-do-gietrzwaldu-23\\\/#breadcrumb\"},\"inLanguage\":\"it-IT\",\"potentialAction\":[{\"@type\":\"ReadAction\",\"target\":[\"https:\\\/\\\/www.lichen.pl\\\/pielgrzymka-do-gietrzwaldu-23\\\/\"]}]},{\"@type\":\"ImageObject\",\"inLanguage\":\"it-IT\",\"@id\":\"https:\\\/\\\/www.lichen.pl\\\/pielgrzymka-do-gietrzwaldu-23\\\/#primaryimage\",\"url\":\"https:\\\/\\\/www.lichen.pl\\\/wp-content\\\/uploads\\\/2023\\\/06\\\/IMG_9174.jpg\",\"contentUrl\":\"https:\\\/\\\/www.lichen.pl\\\/wp-content\\\/uploads\\\/2023\\\/06\\\/IMG_9174.jpg\",\"width\":1920,\"height\":1280},{\"@type\":\"BreadcrumbList\",\"@id\":\"https:\\\/\\\/www.lichen.pl\\\/pielgrzymka-do-gietrzwaldu-23\\\/#breadcrumb\",\"itemListElement\":[{\"@type\":\"ListItem\",\"position\":1,\"name\":\"Strona g\u0142\u00f3wna\",\"item\":\"https:\\\/\\\/www.lichen.pl\\\/\"},{\"@type\":\"ListItem\",\"position\":2,\"name\":\"Warto \u017cy\u0107 inaczej &#8211; pielgrzymi w drodze na Gietrzwa\u0142d\"}]},{\"@type\":\"WebSite\",\"@id\":\"https:\\\/\\\/www.lichen.pl\\\/fr\\\/#website\",\"url\":\"https:\\\/\\\/www.lichen.pl\\\/fr\\\/\",\"name\":\"SANKTUARIUM W LICHENIU\",\"description\":\"MATKI BO\u017bEJ LICHE\u0143SKIEJ BOLESNEJ KR\u00d3LOWEJ POLSKI\",\"potentialAction\":[{\"@type\":\"SearchAction\",\"target\":{\"@type\":\"EntryPoint\",\"urlTemplate\":\"https:\\\/\\\/www.lichen.pl\\\/fr\\\/?s={search_term_string}\"},\"query-input\":{\"@type\":\"PropertyValueSpecification\",\"valueRequired\":true,\"valueName\":\"search_term_string\"}}],\"inLanguage\":\"it-IT\"},{\"@type\":\"Person\",\"@id\":\"https:\\\/\\\/www.lichen.pl\\\/fr\\\/#\\\/schema\\\/person\\\/9f57a1408d363022abd305da0323b703\",\"name\":\"Justyna Zacharek\",\"image\":{\"@type\":\"ImageObject\",\"inLanguage\":\"it-IT\",\"@id\":\"https:\\\/\\\/secure.gravatar.com\\\/avatar\\\/7be193626a4fb4d6a7d53a7686c3bbf938efff653c427e0182457b838e9d2c3b?s=96&d=retro&r=g\",\"url\":\"https:\\\/\\\/secure.gravatar.com\\\/avatar\\\/7be193626a4fb4d6a7d53a7686c3bbf938efff653c427e0182457b838e9d2c3b?s=96&d=retro&r=g\",\"contentUrl\":\"https:\\\/\\\/secure.gravatar.com\\\/avatar\\\/7be193626a4fb4d6a7d53a7686c3bbf938efff653c427e0182457b838e9d2c3b?s=96&d=retro&r=g\",\"caption\":\"Justyna Zacharek\"},\"url\":\"https:\\\/\\\/www.lichen.pl\\\/it\\\/author\\\/justyna\\\/\"}]}<\/script>\n<!-- \/ Yoast SEO plugin. -->","yoast_head_json":{"title":"Warto \u017cy\u0107 inaczej - pielgrzymi w drodze na Gietrzwa\u0142d - SANKTUARIUM W LICHENIU","robots":{"index":"index","follow":"follow","max-snippet":"max-snippet:-1","max-image-preview":"max-image-preview:large","max-video-preview":"max-video-preview:-1"},"canonical":"https:\/\/www.lichen.pl\/it\/pielgrzymka-do-gietrzwaldu-23\/","og_locale":"it_IT","og_type":"article","og_title":"Warto \u017cy\u0107 inaczej - pielgrzymi w drodze na Gietrzwa\u0142d - SANKTUARIUM W LICHENIU","og_description":"24 osoby wzi\u0119\u0142y udzia\u0142 w rekolekcjach przygotowuj\u0105cych do spowiedzi generalnej, jakie w miniony weekend odby\u0142y si\u0119 w Sanktuarium Maryjnym w Licheniu Starym. Ca\u0142a grupa rekolekcyjna pochodzi\u0142a z O\u0142awy i okolic. W ka\u017cd\u0105 pierwsz\u0105 sobot\u0119 miesi\u0105ca przyje\u017cd\u017caj\u0105 ze swojego miejsca zamieszkania do Konina, aby pod os\u0142on\u0105 nocy pielgrzymowa\u0107 pieszo do liche\u0144skiego sanktuarium. Podczas 10 dni pielgrzymowania [&hellip;]","og_url":"https:\/\/www.lichen.pl\/it\/pielgrzymka-do-gietrzwaldu-23\/","og_site_name":"SANKTUARIUM W LICHENIU","article_published_time":"2023-06-19T18:31:04+00:00","article_modified_time":"2023-06-19T18:38:44+00:00","og_image":[{"width":1024,"height":683,"url":"https:\/\/www.lichen.pl\/wp-content\/uploads\/2023\/06\/IMG_9174-1024x683.jpg","type":"image\/jpeg"}],"author":"Justyna Zacharek","twitter_card":"summary_large_image","twitter_misc":{"Scritto da":"Justyna Zacharek","Tempo di lettura stimato":"5 minuti"},"schema":{"@context":"https:\/\/schema.org","@graph":[{"@type":"Article","@id":"https:\/\/www.lichen.pl\/pielgrzymka-do-gietrzwaldu-23\/#article","isPartOf":{"@id":"https:\/\/www.lichen.pl\/pielgrzymka-do-gietrzwaldu-23\/"},"author":{"name":"Justyna Zacharek","@id":"https:\/\/www.lichen.pl\/fr\/#\/schema\/person\/9f57a1408d363022abd305da0323b703"},"headline":"Warto \u017cy\u0107 inaczej &#8211; pielgrzymi w drodze na Gietrzwa\u0142d","datePublished":"2023-06-19T18:31:04+00:00","dateModified":"2023-06-19T18:38:44+00:00","mainEntityOfPage":{"@id":"https:\/\/www.lichen.pl\/pielgrzymka-do-gietrzwaldu-23\/"},"wordCount":531,"image":{"@id":"https:\/\/www.lichen.pl\/pielgrzymka-do-gietrzwaldu-23\/#primaryimage"},"thumbnailUrl":"https:\/\/www.lichen.pl\/wp-content\/uploads\/2023\/06\/IMG_9174.jpg","articleSection":["Aktualno\u015bci"],"inLanguage":"it-IT"},{"@type":"WebPage","@id":"https:\/\/www.lichen.pl\/pielgrzymka-do-gietrzwaldu-23\/","url":"https:\/\/www.lichen.pl\/pielgrzymka-do-gietrzwaldu-23\/","name":"Warto \u017cy\u0107 inaczej - pielgrzymi w drodze na Gietrzwa\u0142d - SANKTUARIUM W LICHENIU","isPartOf":{"@id":"https:\/\/www.lichen.pl\/fr\/#website"},"primaryImageOfPage":{"@id":"https:\/\/www.lichen.pl\/pielgrzymka-do-gietrzwaldu-23\/#primaryimage"},"image":{"@id":"https:\/\/www.lichen.pl\/pielgrzymka-do-gietrzwaldu-23\/#primaryimage"},"thumbnailUrl":"https:\/\/www.lichen.pl\/wp-content\/uploads\/2023\/06\/IMG_9174.jpg","datePublished":"2023-06-19T18:31:04+00:00","dateModified":"2023-06-19T18:38:44+00:00","author":{"@id":"https:\/\/www.lichen.pl\/fr\/#\/schema\/person\/9f57a1408d363022abd305da0323b703"},"breadcrumb":{"@id":"https:\/\/www.lichen.pl\/pielgrzymka-do-gietrzwaldu-23\/#breadcrumb"},"inLanguage":"it-IT","potentialAction":[{"@type":"ReadAction","target":["https:\/\/www.lichen.pl\/pielgrzymka-do-gietrzwaldu-23\/"]}]},{"@type":"ImageObject","inLanguage":"it-IT","@id":"https:\/\/www.lichen.pl\/pielgrzymka-do-gietrzwaldu-23\/#primaryimage","url":"https:\/\/www.lichen.pl\/wp-content\/uploads\/2023\/06\/IMG_9174.jpg","contentUrl":"https:\/\/www.lichen.pl\/wp-content\/uploads\/2023\/06\/IMG_9174.jpg","width":1920,"height":1280},{"@type":"BreadcrumbList","@id":"https:\/\/www.lichen.pl\/pielgrzymka-do-gietrzwaldu-23\/#breadcrumb","itemListElement":[{"@type":"ListItem","position":1,"name":"Strona g\u0142\u00f3wna","item":"https:\/\/www.lichen.pl\/"},{"@type":"ListItem","position":2,"name":"Warto \u017cy\u0107 inaczej &#8211; pielgrzymi w drodze na Gietrzwa\u0142d"}]},{"@type":"WebSite","@id":"https:\/\/www.lichen.pl\/fr\/#website","url":"https:\/\/www.lichen.pl\/fr\/","name":"SANTUARIO IN LICHENIA","description":"LA REGINA ADOLORATA DEL NOSTRO LICHENE DI POLONIA","potentialAction":[{"@type":"SearchAction","target":{"@type":"EntryPoint","urlTemplate":"https:\/\/www.lichen.pl\/fr\/?s={search_term_string}"},"query-input":{"@type":"PropertyValueSpecification","valueRequired":true,"valueName":"search_term_string"}}],"inLanguage":"it-IT"},{"@type":"Person","@id":"https:\/\/www.lichen.pl\/fr\/#\/schema\/person\/9f57a1408d363022abd305da0323b703","name":"Justyna Zacharek","image":{"@type":"ImageObject","inLanguage":"it-IT","@id":"https:\/\/secure.gravatar.com\/avatar\/7be193626a4fb4d6a7d53a7686c3bbf938efff653c427e0182457b838e9d2c3b?s=96&d=retro&r=g","url":"https:\/\/secure.gravatar.com\/avatar\/7be193626a4fb4d6a7d53a7686c3bbf938efff653c427e0182457b838e9d2c3b?s=96&d=retro&r=g","contentUrl":"https:\/\/secure.gravatar.com\/avatar\/7be193626a4fb4d6a7d53a7686c3bbf938efff653c427e0182457b838e9d2c3b?s=96&d=retro&r=g","caption":"Justyna Zacharek"},"url":"https:\/\/www.lichen.pl\/it\/author\/justyna\/"}]}},"_links":{"self":[{"href":"https:\/\/www.lichen.pl\/it\/wp-json\/wp\/v2\/posts\/54036","targetHints":{"allow":["GET"]}}],"collection":[{"href":"https:\/\/www.lichen.pl\/it\/wp-json\/wp\/v2\/posts"}],"about":[{"href":"https:\/\/www.lichen.pl\/it\/wp-json\/wp\/v2\/types\/post"}],"author":[{"embeddable":true,"href":"https:\/\/www.lichen.pl\/it\/wp-json\/wp\/v2\/users\/5"}],"replies":[{"embeddable":true,"href":"https:\/\/www.lichen.pl\/it\/wp-json\/wp\/v2\/comments?post=54036"}],"version-history":[{"count":4,"href":"https:\/\/www.lichen.pl\/it\/wp-json\/wp\/v2\/posts\/54036\/revisions"}],"predecessor-version":[{"id":54048,"href":"https:\/\/www.lichen.pl\/it\/wp-json\/wp\/v2\/posts\/54036\/revisions\/54048"}],"wp:featuredmedia":[{"embeddable":true,"href":"https:\/\/www.lichen.pl\/it\/wp-json\/wp\/v2\/media\/54038"}],"wp:attachment":[{"href":"https:\/\/www.lichen.pl\/it\/wp-json\/wp\/v2\/media?parent=54036"}],"wp:term":[{"taxonomy":"category","embeddable":true,"href":"https:\/\/www.lichen.pl\/it\/wp-json\/wp\/v2\/categories?post=54036"},{"taxonomy":"post_tag","embeddable":true,"href":"https:\/\/www.lichen.pl\/it\/wp-json\/wp\/v2\/tags?post=54036"}],"curies":[{"name":"wp","href":"https:\/\/api.w.org\/{rel}","templated":true}]}}