{"id":54599,"date":"2023-06-30T15:39:40","date_gmt":"2023-06-30T13:39:40","guid":{"rendered":"https:\/\/www.lichen.pl\/?p=54599"},"modified":"2023-07-02T07:47:18","modified_gmt":"2023-07-02T05:47:18","slug":"rekolekcje-o-rozeznaniu-powolania-dla-mezczyzn","status":"publish","type":"post","link":"https:\/\/www.lichen.pl\/it\/rekolekcje-o-rozeznaniu-powolania-dla-mezczyzn\/","title":{"rendered":"Rekolekcje o rozeznaniu powo\u0142ania dla m\u0119\u017cczyzn"},"content":{"rendered":"<div data-elementor-type=\"wp-post\" data-elementor-id=\"54599\" class=\"elementor elementor-54599\" data-elementor-post-type=\"post\">\n\t\t\t\t\t\t<section class=\"elementor-section elementor-top-section elementor-element elementor-element-9d9a1d6 elementor-section-boxed elementor-section-height-default elementor-section-height-default\" data-id=\"9d9a1d6\" data-element_type=\"section\" data-e-type=\"section\">\n\t\t\t\t\t\t<div class=\"elementor-container elementor-column-gap-default\">\n\t\t\t\t\t<div class=\"elementor-column elementor-col-100 elementor-top-column elementor-element elementor-element-c8f7b94\" data-id=\"c8f7b94\" data-element_type=\"column\" data-e-type=\"column\">\n\t\t\t<div class=\"elementor-widget-wrap elementor-element-populated\">\n\t\t\t\t\t\t<div class=\"elementor-element elementor-element-1e090b3 elementor-widget elementor-widget-heading\" data-id=\"1e090b3\" data-element_type=\"widget\" data-e-type=\"widget\" data-widget_type=\"heading.default\">\n\t\t\t\t<div class=\"elementor-widget-container\">\n\t\t\t\t\t<h2 class=\"elementor-heading-title elementor-size-default\">W Sanktuarium Maryjnym w Licheniu Starym trwaj\u0105 rekolekcje o rozeznaniu powo\u0142ania. Uczestniczy w nich 4 m\u0119\u017cczyzn, kt\u00f3rzy zastanawiaj\u0105 si\u0119 nad wyborem drogi kap\u0142a\u0144skiej. Rekolekcje prowadzi ks. Jan Czupry\u0144ski MIC, wikariusz parafii pw. \u015bw. Doroty w Licheniu Starym. \n<\/h2>\t\t\t\t<\/div>\n\t\t\t\t<\/div>\n\t\t\t\t<section class=\"elementor-section elementor-inner-section elementor-element elementor-element-3691cef elementor-section-boxed elementor-section-height-default elementor-section-height-default\" data-id=\"3691cef\" data-element_type=\"section\" data-e-type=\"section\">\n\t\t\t\t\t\t<div class=\"elementor-container elementor-column-gap-default\">\n\t\t\t\t\t<div class=\"elementor-column elementor-col-50 elementor-inner-column elementor-element elementor-element-8255c60\" data-id=\"8255c60\" data-element_type=\"column\" data-e-type=\"column\">\n\t\t\t<div class=\"elementor-widget-wrap elementor-element-populated\">\n\t\t\t\t\t\t<div class=\"elementor-element elementor-element-c866981 elementor-widget elementor-widget-image\" data-id=\"c866981\" data-element_type=\"widget\" data-e-type=\"widget\" data-widget_type=\"image.default\">\n\t\t\t\t<div class=\"elementor-widget-container\">\n\t\t\t\t\t\t\t\t\t\t\t\t\t\t\t<img fetchpriority=\"high\" decoding=\"async\" width=\"851\" height=\"751\" src=\"https:\/\/www.lichen.pl\/wp-content\/uploads\/2023\/07\/Rekolekcje-powolaniowe.jpg\" class=\"attachment-large size-large wp-image-54600\" alt=\"\" srcset=\"https:\/\/www.lichen.pl\/wp-content\/uploads\/2023\/07\/Rekolekcje-powolaniowe.jpg 851w, https:\/\/www.lichen.pl\/wp-content\/uploads\/2023\/07\/Rekolekcje-powolaniowe-800x706.jpg 800w, https:\/\/www.lichen.pl\/wp-content\/uploads\/2023\/07\/Rekolekcje-powolaniowe-300x265.jpg 300w, https:\/\/www.lichen.pl\/wp-content\/uploads\/2023\/07\/Rekolekcje-powolaniowe-768x678.jpg 768w, https:\/\/www.lichen.pl\/wp-content\/uploads\/2023\/07\/Rekolekcje-powolaniowe-14x12.jpg 14w\" sizes=\"(max-width: 851px) 100vw, 851px\" \/>\t\t\t\t\t\t\t\t\t\t\t\t\t\t\t<\/div>\n\t\t\t\t<\/div>\n\t\t\t\t\t<\/div>\n\t\t<\/div>\n\t\t\t\t<div class=\"elementor-column elementor-col-50 elementor-inner-column elementor-element elementor-element-6d634c8\" data-id=\"6d634c8\" data-element_type=\"column\" data-e-type=\"column\">\n\t\t\t<div class=\"elementor-widget-wrap elementor-element-populated\">\n\t\t\t\t\t\t<div class=\"elementor-element elementor-element-6086c5c elementor-widget elementor-widget-text-editor\" data-id=\"6086c5c\" data-element_type=\"widget\" data-e-type=\"widget\" data-widget_type=\"text-editor.default\">\n\t\t\t\t<div class=\"elementor-widget-container\">\n\t\t\t\t\t\t\t\t\t<div class=\"x11i5rnm xat24cr x1mh8g0r x1vvkbs xtlvy1s x126k92a\"><div dir=\"auto\">&#8211; \u201eGdy otrzyma\u0142em nominacj\u0119 na wikariusza w liche\u0144skiej parafii, zadzwoni\u0142 do mnie ks. Micha\u0142 Garbecki MIC, kt\u00f3ry w polskiej prowincji Zgromadzenia Ksi\u0119\u017cy Marian\u00f3w jest odpowiedzialny za powo\u0142ania. Ze wzgl\u0119du na liczne obowi\u0105zki w swojej parafii, osobi\u015bcie nie m\u00f3g\u0142 zorganizowa\u0107 i poprowadzi\u0107 tych rekolekcji. Dlatego poprosi\u0142 o to mnie. Musz\u0119 przyzna\u0107, \u017ce bardzo ucieszy\u0142a mnie ta informacja, gdy\u017c wiele si\u0119 m\u00f3wi o kryzysie powo\u0142a\u0144, ale ma\u0142o si\u0119 robi w tym wzgl\u0119dzie, aby zach\u0119ci\u0107 m\u0142odych m\u0119\u017cczyzn do wst\u0105pienia na drog\u0119 \u017cycia kap\u0142a\u0144skiego\u201d \u2013 powiedzia\u0142 ks. Czupry\u0144ski.<\/div><\/div><div class=\"x11i5rnm xat24cr x1mh8g0r x1vvkbs xtlvy1s x126k92a\"><div dir=\"auto\">Pomocy w organizacji rekolekcji udzieli\u0142 wikariuszowi, poza ks. Garbeckim, tak\u017ce ks. Rafa\u0142 Krauze MIC, proboszcz liche\u0144skiej parafii. Przed rozpocz\u0119ciem rekolekcji informacja o wydarzeniu zosta\u0142a przekazana w r\u00f3\u017cne miejsca, a ks. Czupry\u0144ski nie kry\u0142 rado\u015bci z odzewu:<\/div><\/div>\t\t\t\t\t\t\t\t<\/div>\n\t\t\t\t<\/div>\n\t\t\t\t\t<\/div>\n\t\t<\/div>\n\t\t\t\t\t<\/div>\n\t\t<\/section>\n\t\t\t\t\t<\/div>\n\t\t<\/div>\n\t\t\t\t\t<\/div>\n\t\t<\/section>\n\t\t\t\t<section class=\"elementor-section elementor-top-section elementor-element elementor-element-4818b2a elementor-section-boxed elementor-section-height-default elementor-section-height-default\" data-id=\"4818b2a\" data-element_type=\"section\" data-e-type=\"section\">\n\t\t\t\t\t\t<div class=\"elementor-container elementor-column-gap-default\">\n\t\t\t\t\t<div class=\"elementor-column elementor-col-100 elementor-top-column elementor-element elementor-element-96d8d7b\" data-id=\"96d8d7b\" data-element_type=\"column\" data-e-type=\"column\">\n\t\t\t<div class=\"elementor-widget-wrap elementor-element-populated\">\n\t\t\t\t\t\t<div class=\"elementor-element elementor-element-16c48e5 elementor-widget elementor-widget-text-editor\" data-id=\"16c48e5\" data-element_type=\"widget\" data-e-type=\"widget\" data-widget_type=\"text-editor.default\">\n\t\t\t\t<div class=\"elementor-widget-container\">\n\t\t\t\t\t\t\t\t\t<div class=\"x11i5rnm xat24cr x1mh8g0r x1vvkbs xtlvy1s x126k92a\"><div dir=\"auto\"><div class=\"x11i5rnm xat24cr x1mh8g0r x1vvkbs xtlvy1s x126k92a\">\u00a0<\/div><div class=\"x11i5rnm xat24cr x1mh8g0r x1vvkbs xtlvy1s x126k92a\"><div dir=\"auto\">&#8211; \u201eKto\u015b us\u0142ysza\u0142 og\u0142oszenie podczas og\u0142osze\u0144 duszpasterskich, m.in. w liche\u0144skiej bazylice, kto\u015b inny zosta\u0142 wys\u0142any przez duszpasterza z maria\u0144skiej plac\u00f3wki, kto\u015b z kolei przeczyta\u0142 zaproszenie na profilu facebookowym. \u0141\u0105cznie zg\u0142osi\u0142o si\u0119 5 m\u0119\u017cczyzn w wieku pomi\u0119dzy 18 a 33 rokiem \u017cycia. Niestety z r\u00f3\u017cnych przyczyn osobistych do Lichenia na rekolekcje dotar\u0142o 4 a nich\u201d.<\/div><div dir=\"auto\"><div class=\"x11i5rnm xat24cr x1mh8g0r x1vvkbs xtlvy1s x126k92a\"><div dir=\"auto\">Podczas rekolekcji czas up\u0142ywa na rozmowach, czytaniu i kontemplacji S\u0142owa Bo\u017cego. Nie bez znaczenia jest tak\u017ce blisko\u015b\u0107 liche\u0144skiego sanktuarium oraz Matki Bo\u017cej Liche\u0144skiej.<\/div><div dir=\"auto\">Do g\u0142oszenia konferencji ks. Jan zaprasza ksi\u0119\u017cy marian\u00f3w, kt\u00f3rzy dziel\u0105 si\u0119 swoimi do\u015bwiadczeniami \u017cycia zakonnego. Poza tym program jest tak skonstruowany, aby uczestnicy mieli czas na wyciszenie, kontemplacj\u0119 i zastanowienie si\u0119 nad swoim przysz\u0142ym \u017cyciem.<\/div><div dir=\"auto\">&#8211; Panowie maj\u0105 du\u017co czasu dla siebie na przemy\u015blenia, aby us\u0142ysze\u0107 g\u0142os Boga. Od rana jest jutrznia i medytacja s\u0142owa z dnia (I czytanie oraz Ewangelia); po \u015bniadaniu konferencja g\u0142oszona przez zaproszonego ksi\u0119dza marianina dotycz\u0105ca r\u00f3\u017cnych aspekt\u00f3w pos\u0142ugi; nast\u0119pnie godzinna refleksja w ciszy, aby s\u0142owo zas\u0142yszane prze\u017cy\u0107 w ciszy swego serca; potem skrutacja. Po obiedzie plan jest lu\u017aniejszy \u2013 jednego dnia byli\u015bmy m.in. u ojc\u00f3w kamedu\u0142\u00f3w w Bieniszewie, innego &#8211; u si\u00f3str anuncjatek w Gr\u0105blinie. Wieczorem uczestnicy rekolekcji modl\u0105 si\u0119 podczas msza \u015bw. w ko\u015bciele parafialnym pw. \u015bw. Doroty. Po kolacji film lub udzia\u0142 apelu maryjnym w bazylice\u201d \u2013 wyja\u015bni\u0142 szczeg\u00f3\u0142owo ks. Czupry\u0144ski.<\/div><\/div><div class=\"x11i5rnm xat24cr x1mh8g0r x1vvkbs xtlvy1s x126k92a\"><div dir=\"auto\">Rekolekcje rozpocz\u0119\u0142y si\u0119 we wtorek wieczorem, 27 czerwca, a zako\u0144cz\u0105 udzia\u0142em we mszy \u015bw. odpustowej w niedziel\u0119, 2 lipca, o godz. 12.00 we wspomnienie Naj\u015bwi\u0119tszej Maryi Panny Liche\u0144skiej.<\/div><\/div><div class=\"x11i5rnm xat24cr x1mh8g0r x1vvkbs xtlvy1s x126k92a\"><div dir=\"auto\">Kolejne rekolekcje o rozeznaniu powo\u0142ania dla m\u0119\u017cczyzn planowane s\u0105 na prze\u0142omie sierpnia i wrze\u015bnia.<\/div><\/div><\/div><\/div><\/div><\/div>\t\t\t\t\t\t\t\t<\/div>\n\t\t\t\t<\/div>\n\t\t\t\t\t<\/div>\n\t\t<\/div>\n\t\t\t\t\t<\/div>\n\t\t<\/section>\n\t\t\t\t<\/div>","protected":false},"excerpt":{"rendered":"<p>W Sanktuarium Maryjnym w Licheniu Starym trwaj\u0105 rekolekcje o rozeznaniu powo\u0142ania. Uczestniczy w nich 4 m\u0119\u017cczyzn, kt\u00f3rzy zastanawiaj\u0105 si\u0119 nad wyborem drogi kap\u0142a\u0144skiej. Rekolekcje prowadzi ks. Jan Czupry\u0144ski MIC, wikariusz parafii pw. \u015bw. Doroty w Licheniu Starym. &#8211; \u201eGdy otrzyma\u0142em nominacj\u0119 na wikariusza w liche\u0144skiej parafii, zadzwoni\u0142 do mnie ks. Micha\u0142 Garbecki MIC, kt\u00f3ry w [&hellip;]<\/p>\n","protected":false},"author":4,"featured_media":54600,"comment_status":"closed","ping_status":"closed","sticky":false,"template":"","format":"standard","meta":{"footnotes":""},"categories":[1],"tags":[],"class_list":["post-54599","post","type-post","status-publish","format-standard","has-post-thumbnail","hentry","category-aktualnosci","wpbf-post"],"yoast_head":"<!-- This site is optimized with the Yoast SEO plugin v27.4 - https:\/\/yoast.com\/product\/yoast-seo-wordpress\/ -->\n<title>Rekolekcje o rozeznaniu powo\u0142ania dla m\u0119\u017cczyzn - SANKTUARIUM W LICHENIU<\/title>\n<meta name=\"robots\" content=\"index, follow, max-snippet:-1, max-image-preview:large, max-video-preview:-1\" \/>\n<link rel=\"canonical\" href=\"https:\/\/www.lichen.pl\/it\/rekolekcje-o-rozeznaniu-powolania-dla-mezczyzn\/\" \/>\n<meta property=\"og:locale\" content=\"it_IT\" \/>\n<meta property=\"og:type\" content=\"article\" \/>\n<meta property=\"og:title\" content=\"Rekolekcje o rozeznaniu powo\u0142ania dla m\u0119\u017cczyzn - SANKTUARIUM W LICHENIU\" \/>\n<meta property=\"og:description\" content=\"W Sanktuarium Maryjnym w Licheniu Starym trwaj\u0105 rekolekcje o rozeznaniu powo\u0142ania. Uczestniczy w nich 4 m\u0119\u017cczyzn, kt\u00f3rzy zastanawiaj\u0105 si\u0119 nad wyborem drogi kap\u0142a\u0144skiej. Rekolekcje prowadzi ks. Jan Czupry\u0144ski MIC, wikariusz parafii pw. \u015bw. Doroty w Licheniu Starym. &#8211; \u201eGdy otrzyma\u0142em nominacj\u0119 na wikariusza w liche\u0144skiej parafii, zadzwoni\u0142 do mnie ks. Micha\u0142 Garbecki MIC, kt\u00f3ry w [&hellip;]\" \/>\n<meta property=\"og:url\" content=\"https:\/\/www.lichen.pl\/it\/rekolekcje-o-rozeznaniu-powolania-dla-mezczyzn\/\" \/>\n<meta property=\"og:site_name\" content=\"SANKTUARIUM W LICHENIU\" \/>\n<meta property=\"article:published_time\" content=\"2023-06-30T13:39:40+00:00\" \/>\n<meta property=\"article:modified_time\" content=\"2023-07-02T05:47:18+00:00\" \/>\n<meta property=\"og:image\" content=\"https:\/\/www.lichen.pl\/wp-content\/uploads\/2023\/07\/Rekolekcje-powolaniowe.jpg\" \/>\n\t<meta property=\"og:image:width\" content=\"851\" \/>\n\t<meta property=\"og:image:height\" content=\"751\" \/>\n\t<meta property=\"og:image:type\" content=\"image\/jpeg\" \/>\n<meta name=\"author\" content=\"ROBERT ADAMCZYK\" \/>\n<meta name=\"twitter:card\" content=\"summary_large_image\" \/>\n<meta name=\"twitter:label1\" content=\"Scritto da\" \/>\n\t<meta name=\"twitter:data1\" content=\"ROBERT ADAMCZYK\" \/>\n\t<meta name=\"twitter:label2\" content=\"Tempo di lettura stimato\" \/>\n\t<meta name=\"twitter:data2\" content=\"3 minuti\" \/>\n<script type=\"application\/ld+json\" class=\"yoast-schema-graph\">{\"@context\":\"https:\\\/\\\/schema.org\",\"@graph\":[{\"@type\":\"Article\",\"@id\":\"https:\\\/\\\/www.lichen.pl\\\/rekolekcje-o-rozeznaniu-powolania-dla-mezczyzn\\\/#article\",\"isPartOf\":{\"@id\":\"https:\\\/\\\/www.lichen.pl\\\/rekolekcje-o-rozeznaniu-powolania-dla-mezczyzn\\\/\"},\"author\":{\"name\":\"ROBERT ADAMCZYK\",\"@id\":\"https:\\\/\\\/www.lichen.pl\\\/fr\\\/#\\\/schema\\\/person\\\/c06cd926b95870cc59f18d6ee6e33da5\"},\"headline\":\"Rekolekcje o rozeznaniu powo\u0142ania dla m\u0119\u017cczyzn\",\"datePublished\":\"2023-06-30T13:39:40+00:00\",\"dateModified\":\"2023-07-02T05:47:18+00:00\",\"mainEntityOfPage\":{\"@id\":\"https:\\\/\\\/www.lichen.pl\\\/rekolekcje-o-rozeznaniu-powolania-dla-mezczyzn\\\/\"},\"wordCount\":509,\"image\":{\"@id\":\"https:\\\/\\\/www.lichen.pl\\\/rekolekcje-o-rozeznaniu-powolania-dla-mezczyzn\\\/#primaryimage\"},\"thumbnailUrl\":\"https:\\\/\\\/www.lichen.pl\\\/wp-content\\\/uploads\\\/2023\\\/07\\\/Rekolekcje-powolaniowe.jpg\",\"articleSection\":[\"Aktualno\u015bci\"],\"inLanguage\":\"it-IT\"},{\"@type\":\"WebPage\",\"@id\":\"https:\\\/\\\/www.lichen.pl\\\/rekolekcje-o-rozeznaniu-powolania-dla-mezczyzn\\\/\",\"url\":\"https:\\\/\\\/www.lichen.pl\\\/rekolekcje-o-rozeznaniu-powolania-dla-mezczyzn\\\/\",\"name\":\"Rekolekcje o rozeznaniu powo\u0142ania dla m\u0119\u017cczyzn - SANKTUARIUM W LICHENIU\",\"isPartOf\":{\"@id\":\"https:\\\/\\\/www.lichen.pl\\\/fr\\\/#website\"},\"primaryImageOfPage\":{\"@id\":\"https:\\\/\\\/www.lichen.pl\\\/rekolekcje-o-rozeznaniu-powolania-dla-mezczyzn\\\/#primaryimage\"},\"image\":{\"@id\":\"https:\\\/\\\/www.lichen.pl\\\/rekolekcje-o-rozeznaniu-powolania-dla-mezczyzn\\\/#primaryimage\"},\"thumbnailUrl\":\"https:\\\/\\\/www.lichen.pl\\\/wp-content\\\/uploads\\\/2023\\\/07\\\/Rekolekcje-powolaniowe.jpg\",\"datePublished\":\"2023-06-30T13:39:40+00:00\",\"dateModified\":\"2023-07-02T05:47:18+00:00\",\"author\":{\"@id\":\"https:\\\/\\\/www.lichen.pl\\\/fr\\\/#\\\/schema\\\/person\\\/c06cd926b95870cc59f18d6ee6e33da5\"},\"breadcrumb\":{\"@id\":\"https:\\\/\\\/www.lichen.pl\\\/rekolekcje-o-rozeznaniu-powolania-dla-mezczyzn\\\/#breadcrumb\"},\"inLanguage\":\"it-IT\",\"potentialAction\":[{\"@type\":\"ReadAction\",\"target\":[\"https:\\\/\\\/www.lichen.pl\\\/rekolekcje-o-rozeznaniu-powolania-dla-mezczyzn\\\/\"]}]},{\"@type\":\"ImageObject\",\"inLanguage\":\"it-IT\",\"@id\":\"https:\\\/\\\/www.lichen.pl\\\/rekolekcje-o-rozeznaniu-powolania-dla-mezczyzn\\\/#primaryimage\",\"url\":\"https:\\\/\\\/www.lichen.pl\\\/wp-content\\\/uploads\\\/2023\\\/07\\\/Rekolekcje-powolaniowe.jpg\",\"contentUrl\":\"https:\\\/\\\/www.lichen.pl\\\/wp-content\\\/uploads\\\/2023\\\/07\\\/Rekolekcje-powolaniowe.jpg\",\"width\":851,\"height\":751},{\"@type\":\"BreadcrumbList\",\"@id\":\"https:\\\/\\\/www.lichen.pl\\\/rekolekcje-o-rozeznaniu-powolania-dla-mezczyzn\\\/#breadcrumb\",\"itemListElement\":[{\"@type\":\"ListItem\",\"position\":1,\"name\":\"Strona g\u0142\u00f3wna\",\"item\":\"https:\\\/\\\/www.lichen.pl\\\/\"},{\"@type\":\"ListItem\",\"position\":2,\"name\":\"Rekolekcje o rozeznaniu powo\u0142ania dla m\u0119\u017cczyzn\"}]},{\"@type\":\"WebSite\",\"@id\":\"https:\\\/\\\/www.lichen.pl\\\/fr\\\/#website\",\"url\":\"https:\\\/\\\/www.lichen.pl\\\/fr\\\/\",\"name\":\"SANKTUARIUM W LICHENIU\",\"description\":\"MATKI BO\u017bEJ LICHE\u0143SKIEJ BOLESNEJ KR\u00d3LOWEJ POLSKI\",\"potentialAction\":[{\"@type\":\"SearchAction\",\"target\":{\"@type\":\"EntryPoint\",\"urlTemplate\":\"https:\\\/\\\/www.lichen.pl\\\/fr\\\/?s={search_term_string}\"},\"query-input\":{\"@type\":\"PropertyValueSpecification\",\"valueRequired\":true,\"valueName\":\"search_term_string\"}}],\"inLanguage\":\"it-IT\"},{\"@type\":\"Person\",\"@id\":\"https:\\\/\\\/www.lichen.pl\\\/fr\\\/#\\\/schema\\\/person\\\/c06cd926b95870cc59f18d6ee6e33da5\",\"name\":\"ROBERT ADAMCZYK\",\"image\":{\"@type\":\"ImageObject\",\"inLanguage\":\"it-IT\",\"@id\":\"https:\\\/\\\/secure.gravatar.com\\\/avatar\\\/53c330430596e73552f4c356c2e47c209ff8f6352a5106011c9b6abcce5e00df?s=96&d=retro&r=g\",\"url\":\"https:\\\/\\\/secure.gravatar.com\\\/avatar\\\/53c330430596e73552f4c356c2e47c209ff8f6352a5106011c9b6abcce5e00df?s=96&d=retro&r=g\",\"contentUrl\":\"https:\\\/\\\/secure.gravatar.com\\\/avatar\\\/53c330430596e73552f4c356c2e47c209ff8f6352a5106011c9b6abcce5e00df?s=96&d=retro&r=g\",\"caption\":\"ROBERT ADAMCZYK\"},\"url\":\"https:\\\/\\\/www.lichen.pl\\\/it\\\/author\\\/press\\\/\"}]}<\/script>\n<!-- \/ Yoast SEO plugin. -->","yoast_head_json":{"title":"Rekolekcje o rozeznaniu powo\u0142ania dla m\u0119\u017cczyzn - SANKTUARIUM W LICHENIU","robots":{"index":"index","follow":"follow","max-snippet":"max-snippet:-1","max-image-preview":"max-image-preview:large","max-video-preview":"max-video-preview:-1"},"canonical":"https:\/\/www.lichen.pl\/it\/rekolekcje-o-rozeznaniu-powolania-dla-mezczyzn\/","og_locale":"it_IT","og_type":"article","og_title":"Rekolekcje o rozeznaniu powo\u0142ania dla m\u0119\u017cczyzn - SANKTUARIUM W LICHENIU","og_description":"W Sanktuarium Maryjnym w Licheniu Starym trwaj\u0105 rekolekcje o rozeznaniu powo\u0142ania. Uczestniczy w nich 4 m\u0119\u017cczyzn, kt\u00f3rzy zastanawiaj\u0105 si\u0119 nad wyborem drogi kap\u0142a\u0144skiej. Rekolekcje prowadzi ks. Jan Czupry\u0144ski MIC, wikariusz parafii pw. \u015bw. Doroty w Licheniu Starym. &#8211; \u201eGdy otrzyma\u0142em nominacj\u0119 na wikariusza w liche\u0144skiej parafii, zadzwoni\u0142 do mnie ks. Micha\u0142 Garbecki MIC, kt\u00f3ry w [&hellip;]","og_url":"https:\/\/www.lichen.pl\/it\/rekolekcje-o-rozeznaniu-powolania-dla-mezczyzn\/","og_site_name":"SANKTUARIUM W LICHENIU","article_published_time":"2023-06-30T13:39:40+00:00","article_modified_time":"2023-07-02T05:47:18+00:00","og_image":[{"width":851,"height":751,"url":"https:\/\/www.lichen.pl\/wp-content\/uploads\/2023\/07\/Rekolekcje-powolaniowe.jpg","type":"image\/jpeg"}],"author":"ROBERT ADAMCZYK","twitter_card":"summary_large_image","twitter_misc":{"Scritto da":"ROBERT ADAMCZYK","Tempo di lettura stimato":"3 minuti"},"schema":{"@context":"https:\/\/schema.org","@graph":[{"@type":"Article","@id":"https:\/\/www.lichen.pl\/rekolekcje-o-rozeznaniu-powolania-dla-mezczyzn\/#article","isPartOf":{"@id":"https:\/\/www.lichen.pl\/rekolekcje-o-rozeznaniu-powolania-dla-mezczyzn\/"},"author":{"name":"ROBERT ADAMCZYK","@id":"https:\/\/www.lichen.pl\/fr\/#\/schema\/person\/c06cd926b95870cc59f18d6ee6e33da5"},"headline":"Rekolekcje o rozeznaniu powo\u0142ania dla m\u0119\u017cczyzn","datePublished":"2023-06-30T13:39:40+00:00","dateModified":"2023-07-02T05:47:18+00:00","mainEntityOfPage":{"@id":"https:\/\/www.lichen.pl\/rekolekcje-o-rozeznaniu-powolania-dla-mezczyzn\/"},"wordCount":509,"image":{"@id":"https:\/\/www.lichen.pl\/rekolekcje-o-rozeznaniu-powolania-dla-mezczyzn\/#primaryimage"},"thumbnailUrl":"https:\/\/www.lichen.pl\/wp-content\/uploads\/2023\/07\/Rekolekcje-powolaniowe.jpg","articleSection":["Aktualno\u015bci"],"inLanguage":"it-IT"},{"@type":"WebPage","@id":"https:\/\/www.lichen.pl\/rekolekcje-o-rozeznaniu-powolania-dla-mezczyzn\/","url":"https:\/\/www.lichen.pl\/rekolekcje-o-rozeznaniu-powolania-dla-mezczyzn\/","name":"Rekolekcje o rozeznaniu powo\u0142ania dla m\u0119\u017cczyzn - SANKTUARIUM W LICHENIU","isPartOf":{"@id":"https:\/\/www.lichen.pl\/fr\/#website"},"primaryImageOfPage":{"@id":"https:\/\/www.lichen.pl\/rekolekcje-o-rozeznaniu-powolania-dla-mezczyzn\/#primaryimage"},"image":{"@id":"https:\/\/www.lichen.pl\/rekolekcje-o-rozeznaniu-powolania-dla-mezczyzn\/#primaryimage"},"thumbnailUrl":"https:\/\/www.lichen.pl\/wp-content\/uploads\/2023\/07\/Rekolekcje-powolaniowe.jpg","datePublished":"2023-06-30T13:39:40+00:00","dateModified":"2023-07-02T05:47:18+00:00","author":{"@id":"https:\/\/www.lichen.pl\/fr\/#\/schema\/person\/c06cd926b95870cc59f18d6ee6e33da5"},"breadcrumb":{"@id":"https:\/\/www.lichen.pl\/rekolekcje-o-rozeznaniu-powolania-dla-mezczyzn\/#breadcrumb"},"inLanguage":"it-IT","potentialAction":[{"@type":"ReadAction","target":["https:\/\/www.lichen.pl\/rekolekcje-o-rozeznaniu-powolania-dla-mezczyzn\/"]}]},{"@type":"ImageObject","inLanguage":"it-IT","@id":"https:\/\/www.lichen.pl\/rekolekcje-o-rozeznaniu-powolania-dla-mezczyzn\/#primaryimage","url":"https:\/\/www.lichen.pl\/wp-content\/uploads\/2023\/07\/Rekolekcje-powolaniowe.jpg","contentUrl":"https:\/\/www.lichen.pl\/wp-content\/uploads\/2023\/07\/Rekolekcje-powolaniowe.jpg","width":851,"height":751},{"@type":"BreadcrumbList","@id":"https:\/\/www.lichen.pl\/rekolekcje-o-rozeznaniu-powolania-dla-mezczyzn\/#breadcrumb","itemListElement":[{"@type":"ListItem","position":1,"name":"Strona g\u0142\u00f3wna","item":"https:\/\/www.lichen.pl\/"},{"@type":"ListItem","position":2,"name":"Rekolekcje o rozeznaniu powo\u0142ania dla m\u0119\u017cczyzn"}]},{"@type":"WebSite","@id":"https:\/\/www.lichen.pl\/fr\/#website","url":"https:\/\/www.lichen.pl\/fr\/","name":"SANTUARIO IN LICHENIA","description":"LA REGINA ADOLORATA DEL NOSTRO LICHENE DI POLONIA","potentialAction":[{"@type":"SearchAction","target":{"@type":"EntryPoint","urlTemplate":"https:\/\/www.lichen.pl\/fr\/?s={search_term_string}"},"query-input":{"@type":"PropertyValueSpecification","valueRequired":true,"valueName":"search_term_string"}}],"inLanguage":"it-IT"},{"@type":"Person","@id":"https:\/\/www.lichen.pl\/fr\/#\/schema\/person\/c06cd926b95870cc59f18d6ee6e33da5","name":"ROBERT ADAMCZYK","image":{"@type":"ImageObject","inLanguage":"it-IT","@id":"https:\/\/secure.gravatar.com\/avatar\/53c330430596e73552f4c356c2e47c209ff8f6352a5106011c9b6abcce5e00df?s=96&d=retro&r=g","url":"https:\/\/secure.gravatar.com\/avatar\/53c330430596e73552f4c356c2e47c209ff8f6352a5106011c9b6abcce5e00df?s=96&d=retro&r=g","contentUrl":"https:\/\/secure.gravatar.com\/avatar\/53c330430596e73552f4c356c2e47c209ff8f6352a5106011c9b6abcce5e00df?s=96&d=retro&r=g","caption":"ROBERT ADAMCZYK"},"url":"https:\/\/www.lichen.pl\/it\/author\/press\/"}]}},"_links":{"self":[{"href":"https:\/\/www.lichen.pl\/it\/wp-json\/wp\/v2\/posts\/54599","targetHints":{"allow":["GET"]}}],"collection":[{"href":"https:\/\/www.lichen.pl\/it\/wp-json\/wp\/v2\/posts"}],"about":[{"href":"https:\/\/www.lichen.pl\/it\/wp-json\/wp\/v2\/types\/post"}],"author":[{"embeddable":true,"href":"https:\/\/www.lichen.pl\/it\/wp-json\/wp\/v2\/users\/4"}],"replies":[{"embeddable":true,"href":"https:\/\/www.lichen.pl\/it\/wp-json\/wp\/v2\/comments?post=54599"}],"version-history":[{"count":4,"href":"https:\/\/www.lichen.pl\/it\/wp-json\/wp\/v2\/posts\/54599\/revisions"}],"predecessor-version":[{"id":54605,"href":"https:\/\/www.lichen.pl\/it\/wp-json\/wp\/v2\/posts\/54599\/revisions\/54605"}],"wp:featuredmedia":[{"embeddable":true,"href":"https:\/\/www.lichen.pl\/it\/wp-json\/wp\/v2\/media\/54600"}],"wp:attachment":[{"href":"https:\/\/www.lichen.pl\/it\/wp-json\/wp\/v2\/media?parent=54599"}],"wp:term":[{"taxonomy":"category","embeddable":true,"href":"https:\/\/www.lichen.pl\/it\/wp-json\/wp\/v2\/categories?post=54599"},{"taxonomy":"post_tag","embeddable":true,"href":"https:\/\/www.lichen.pl\/it\/wp-json\/wp\/v2\/tags?post=54599"}],"curies":[{"name":"wp","href":"https:\/\/api.w.org\/{rel}","templated":true}]}}