{"id":55424,"date":"2023-07-13T13:37:42","date_gmt":"2023-07-13T11:37:42","guid":{"rendered":"https:\/\/www.lichen.pl\/?p=55424"},"modified":"2023-07-15T10:03:47","modified_gmt":"2023-07-15T08:03:47","slug":"pielgrzymka-rowerowa-z-gdanska-na-jasna-gore","status":"publish","type":"post","link":"https:\/\/www.lichen.pl\/it\/pielgrzymka-rowerowa-z-gdanska-na-jasna-gore\/","title":{"rendered":"Pielgrzymka Rowerowa z Gda\u0144ska na Jasn\u0105 G\u00f3r\u0119"},"content":{"rendered":"<div data-elementor-type=\"wp-post\" data-elementor-id=\"55424\" class=\"elementor elementor-55424\" data-elementor-post-type=\"post\">\n\t\t\t\t\t\t<section class=\"elementor-section elementor-top-section elementor-element elementor-element-dd1c272 elementor-section-boxed elementor-section-height-default elementor-section-height-default\" data-id=\"dd1c272\" data-element_type=\"section\" data-e-type=\"section\">\n\t\t\t\t\t\t<div class=\"elementor-container elementor-column-gap-default\">\n\t\t\t\t\t<div class=\"elementor-column elementor-col-100 elementor-top-column elementor-element elementor-element-45aa7fd\" data-id=\"45aa7fd\" data-element_type=\"column\" data-e-type=\"column\">\n\t\t\t<div class=\"elementor-widget-wrap elementor-element-populated\">\n\t\t\t\t\t\t<div class=\"elementor-element elementor-element-964f17d elementor-widget elementor-widget-heading\" data-id=\"964f17d\" data-element_type=\"widget\" data-e-type=\"widget\" data-widget_type=\"heading.default\">\n\t\t\t\t<div class=\"elementor-widget-container\">\n\t\t\t\t\t<h2 class=\"elementor-heading-title elementor-size-default\">Rowerowa Pielgrzymka z Gda\u0144ska na Jasn\u0105 G\u00f3r\u0119 zatrzyma\u0142a si\u0119 dzi\u015b przed po\u0142udniem w Sanktuarium Maryjnym w Licheniu Starym. Liche\u0144ski etap jest 4 dniem ich pielgrzymowania do Pani Jasnog\u00f3rskiej. <\/h2>\t\t\t\t<\/div>\n\t\t\t\t<\/div>\n\t\t\t\t\t<\/div>\n\t\t<\/div>\n\t\t\t\t\t<\/div>\n\t\t<\/section>\n\t\t\t\t<section class=\"elementor-section elementor-top-section elementor-element elementor-element-1da5025 elementor-section-boxed elementor-section-height-default elementor-section-height-default\" data-id=\"1da5025\" data-element_type=\"section\" data-e-type=\"section\">\n\t\t\t\t\t\t<div class=\"elementor-container elementor-column-gap-default\">\n\t\t\t\t\t<div class=\"elementor-column elementor-col-100 elementor-top-column elementor-element elementor-element-dc9e938\" data-id=\"dc9e938\" data-element_type=\"column\" data-e-type=\"column\">\n\t\t\t<div class=\"elementor-widget-wrap elementor-element-populated\">\n\t\t\t\t\t\t<div class=\"elementor-element elementor-element-ce1f5d3 elementor-widget elementor-widget-text-editor\" data-id=\"ce1f5d3\" data-element_type=\"widget\" data-e-type=\"widget\" data-widget_type=\"text-editor.default\">\n\t\t\t\t<div class=\"elementor-widget-container\">\n\t\t\t\t\t\t\t\t\t<div class=\"x11i5rnm xat24cr x1mh8g0r x1vvkbs xtlvy1s x126k92a\"><div dir=\"auto\">&#8211; Wyjechali\u015bmy w poniedzia\u0142ek rano z Gda\u0144ska-\u017babianki. W naszej pielgrzymce podr\u00f3\u017cuje \u0142\u0105cznie 80 os\u00f3b pomi\u0119dzy 16 a 76 rokiem \u017cycia. Ka\u017cdego dnia pokonujemy dystans kilkudziesi\u0119ciu kilometr\u00f3w \u2013 od 64 do 108. Na Jasn\u0105 G\u00f3r\u0119 dotrzemy w najbli\u017csz\u0105 sobot\u0119, w godzinach po\u0142udniowych. Wczoraj w Pako\u015bci spotka\u0142a nas burza, jednak nie przeszkodzi\u0142a w pielgrzymowaniu. Po schronienie si\u0119 i przeczekaniu nawa\u0142nicy, ruszyli\u015bmy w dalsz\u0105 drog\u0119 \u2013 powiedzia\u0142 pan Mateusz Kuchci\u0144ski, kwatermistrz pielgrzymki.<\/div><\/div><div class=\"x11i5rnm xat24cr x1mh8g0r x1vvkbs xtlvy1s x126k92a\"><div dir=\"auto\">W czwartkowe przedpo\u0142udnie p\u0105tnicy zatrzymali si\u0119 w Licheniu. O godz. 10.00 uczestniczyli we Mszy \u015awi\u0119tej sprawowanej przed Cudownym Obrazem Matki Bo\u017cej Liche\u0144skiej, kt\u00f3rej przewodniczy\u0142 ks. Jaros\u0142aw Hybza MIC, sanktuaryjny duszpasterz. Podczas Eucharystii zanosili Matce Bo\u017cej Liche\u0144skiej intencje, z kt\u00f3rymi podr\u00f3\u017cuj\u0105 \u2013 przede wszystkim t\u0119 dotycz\u0105c\u0105 powo\u0142a\u0144 do \u017cycia kap\u0142a\u0144skiego i zakonnego. Przy o\u0142tarzu modli\u0142o si\u0119 trzech ksi\u0119\u017cy uczestnicz\u0105cych w pielgrzymce, m. in. jej kierownik, ks. Wojciech Lange, proboszcz parafii \u015bw. Andrzeja Boboli w Sopocie.<\/div><\/div>\t\t\t\t\t\t\t\t<\/div>\n\t\t\t\t<\/div>\n\t\t\t\t<div class=\"elementor-element elementor-element-bfe3fdc elementor-widget elementor-widget-image-gallery\" data-id=\"bfe3fdc\" data-element_type=\"widget\" data-e-type=\"widget\" data-widget_type=\"image-gallery.default\">\n\t\t\t\t<div class=\"elementor-widget-container\">\n\t\t\t\t\t\t\t<div class=\"elementor-image-gallery\">\n\t\t\t<div id='gallery-1' class='gallery galleryid-55424 gallery-columns-6 gallery-size-thumbnail'><figure class='gallery-item'>\n\t\t\t<div class='gallery-icon landscape'>\n\t\t\t\t<a data-elementor-open-lightbox=\"yes\" data-elementor-lightbox-slideshow=\"bfe3fdc\" data-elementor-lightbox-title=\"Gda\u0144sk-Jasna G\u00f3ra (6)\" data-e-action-hash=\"#elementor-action%3Aaction%3Dlightbox%26settings%3DeyJpZCI6NTU0NDQsInVybCI6Imh0dHBzOlwvXC93d3cubGljaGVuLnBsXC93cC1jb250ZW50XC91cGxvYWRzXC8yMDIzXC8wN1wvR2RhbnNrLUphc25hLUdvcmEtNi5qcGciLCJzbGlkZXNob3ciOiJiZmUzZmRjIn0%3D\" href='https:\/\/www.lichen.pl\/wp-content\/uploads\/2023\/07\/Gdansk-Jasna-Gora-6.jpg'><img width=\"150\" height=\"150\" src=\"https:\/\/www.lichen.pl\/wp-content\/uploads\/2023\/07\/Gdansk-Jasna-Gora-6-150x150.jpg\" class=\"attachment-thumbnail size-thumbnail\" alt=\"\" decoding=\"async\" srcset=\"https:\/\/www.lichen.pl\/wp-content\/uploads\/2023\/07\/Gdansk-Jasna-Gora-6-150x150.jpg 150w, https:\/\/www.lichen.pl\/wp-content\/uploads\/2023\/07\/Gdansk-Jasna-Gora-6-300x300.jpg 300w\" sizes=\"(max-width: 150px) 100vw, 150px\" \/><\/a>\n\t\t\t<\/div><\/figure><figure class='gallery-item'>\n\t\t\t<div class='gallery-icon landscape'>\n\t\t\t\t<a data-elementor-open-lightbox=\"yes\" data-elementor-lightbox-slideshow=\"bfe3fdc\" data-elementor-lightbox-title=\"Gda\u0144sk-Jasna G\u00f3ra (5)\" data-e-action-hash=\"#elementor-action%3Aaction%3Dlightbox%26settings%3DeyJpZCI6NTU0NDIsInVybCI6Imh0dHBzOlwvXC93d3cubGljaGVuLnBsXC93cC1jb250ZW50XC91cGxvYWRzXC8yMDIzXC8wN1wvR2RhbnNrLUphc25hLUdvcmEtNS5qcGciLCJzbGlkZXNob3ciOiJiZmUzZmRjIn0%3D\" href='https:\/\/www.lichen.pl\/wp-content\/uploads\/2023\/07\/Gdansk-Jasna-Gora-5.jpg'><img width=\"150\" height=\"150\" src=\"https:\/\/www.lichen.pl\/wp-content\/uploads\/2023\/07\/Gdansk-Jasna-Gora-5-150x150.jpg\" class=\"attachment-thumbnail size-thumbnail\" alt=\"\" decoding=\"async\" srcset=\"https:\/\/www.lichen.pl\/wp-content\/uploads\/2023\/07\/Gdansk-Jasna-Gora-5-150x150.jpg 150w, https:\/\/www.lichen.pl\/wp-content\/uploads\/2023\/07\/Gdansk-Jasna-Gora-5-300x300.jpg 300w\" sizes=\"(max-width: 150px) 100vw, 150px\" \/><\/a>\n\t\t\t<\/div><\/figure><figure class='gallery-item'>\n\t\t\t<div class='gallery-icon landscape'>\n\t\t\t\t<a data-elementor-open-lightbox=\"yes\" data-elementor-lightbox-slideshow=\"bfe3fdc\" data-elementor-lightbox-title=\"Gda\u0144sk-Jasna G\u00f3ra (3)\" data-e-action-hash=\"#elementor-action%3Aaction%3Dlightbox%26settings%3DeyJpZCI6NTU0NDAsInVybCI6Imh0dHBzOlwvXC93d3cubGljaGVuLnBsXC93cC1jb250ZW50XC91cGxvYWRzXC8yMDIzXC8wN1wvR2RhbnNrLUphc25hLUdvcmEtMy5qcGciLCJzbGlkZXNob3ciOiJiZmUzZmRjIn0%3D\" href='https:\/\/www.lichen.pl\/wp-content\/uploads\/2023\/07\/Gdansk-Jasna-Gora-3.jpg'><img width=\"150\" height=\"150\" src=\"https:\/\/www.lichen.pl\/wp-content\/uploads\/2023\/07\/Gdansk-Jasna-Gora-3-150x150.jpg\" class=\"attachment-thumbnail size-thumbnail\" alt=\"\" decoding=\"async\" srcset=\"https:\/\/www.lichen.pl\/wp-content\/uploads\/2023\/07\/Gdansk-Jasna-Gora-3-150x150.jpg 150w, https:\/\/www.lichen.pl\/wp-content\/uploads\/2023\/07\/Gdansk-Jasna-Gora-3-300x300.jpg 300w\" sizes=\"(max-width: 150px) 100vw, 150px\" \/><\/a>\n\t\t\t<\/div><\/figure><figure class='gallery-item'>\n\t\t\t<div class='gallery-icon landscape'>\n\t\t\t\t<a data-elementor-open-lightbox=\"yes\" data-elementor-lightbox-slideshow=\"bfe3fdc\" data-elementor-lightbox-title=\"Gda\u0144sk-Jasna G\u00f3ra (2)\" data-e-action-hash=\"#elementor-action%3Aaction%3Dlightbox%26settings%3DeyJpZCI6NTU0MzksInVybCI6Imh0dHBzOlwvXC93d3cubGljaGVuLnBsXC93cC1jb250ZW50XC91cGxvYWRzXC8yMDIzXC8wN1wvR2RhbnNrLUphc25hLUdvcmEtMi5qcGciLCJzbGlkZXNob3ciOiJiZmUzZmRjIn0%3D\" href='https:\/\/www.lichen.pl\/wp-content\/uploads\/2023\/07\/Gdansk-Jasna-Gora-2.jpg'><img loading=\"lazy\" width=\"150\" height=\"150\" src=\"https:\/\/www.lichen.pl\/wp-content\/uploads\/2023\/07\/Gdansk-Jasna-Gora-2-150x150.jpg\" class=\"attachment-thumbnail size-thumbnail\" alt=\"\" decoding=\"async\" srcset=\"https:\/\/www.lichen.pl\/wp-content\/uploads\/2023\/07\/Gdansk-Jasna-Gora-2-150x150.jpg 150w, https:\/\/www.lichen.pl\/wp-content\/uploads\/2023\/07\/Gdansk-Jasna-Gora-2-300x300.jpg 300w\" sizes=\"(max-width: 150px) 100vw, 150px\" \/><\/a>\n\t\t\t<\/div><\/figure><figure class='gallery-item'>\n\t\t\t<div class='gallery-icon landscape'>\n\t\t\t\t<a data-elementor-open-lightbox=\"yes\" data-elementor-lightbox-slideshow=\"bfe3fdc\" data-elementor-lightbox-title=\"Gda\u0144sk-Jasna G\u00f3ra (1)\" data-e-action-hash=\"#elementor-action%3Aaction%3Dlightbox%26settings%3DeyJpZCI6NTU0MzgsInVybCI6Imh0dHBzOlwvXC93d3cubGljaGVuLnBsXC93cC1jb250ZW50XC91cGxvYWRzXC8yMDIzXC8wN1wvR2RhbnNrLUphc25hLUdvcmEtMS5qcGciLCJzbGlkZXNob3ciOiJiZmUzZmRjIn0%3D\" href='https:\/\/www.lichen.pl\/wp-content\/uploads\/2023\/07\/Gdansk-Jasna-Gora-1.jpg'><img loading=\"lazy\" width=\"150\" height=\"150\" src=\"https:\/\/www.lichen.pl\/wp-content\/uploads\/2023\/07\/Gdansk-Jasna-Gora-1-150x150.jpg\" class=\"attachment-thumbnail size-thumbnail\" alt=\"\" decoding=\"async\" srcset=\"https:\/\/www.lichen.pl\/wp-content\/uploads\/2023\/07\/Gdansk-Jasna-Gora-1-150x150.jpg 150w, https:\/\/www.lichen.pl\/wp-content\/uploads\/2023\/07\/Gdansk-Jasna-Gora-1-300x300.jpg 300w\" sizes=\"(max-width: 150px) 100vw, 150px\" \/><\/a>\n\t\t\t<\/div><\/figure><figure class='gallery-item'>\n\t\t\t<div class='gallery-icon landscape'>\n\t\t\t\t<a data-elementor-open-lightbox=\"yes\" data-elementor-lightbox-slideshow=\"bfe3fdc\" data-elementor-lightbox-title=\"Gda\u0144sk-Jasna G\u00f3ra (4)\" data-e-action-hash=\"#elementor-action%3Aaction%3Dlightbox%26settings%3DeyJpZCI6NTU0NDEsInVybCI6Imh0dHBzOlwvXC93d3cubGljaGVuLnBsXC93cC1jb250ZW50XC91cGxvYWRzXC8yMDIzXC8wN1wvR2RhbnNrLUphc25hLUdvcmEtNC5qcGciLCJzbGlkZXNob3ciOiJiZmUzZmRjIn0%3D\" href='https:\/\/www.lichen.pl\/wp-content\/uploads\/2023\/07\/Gdansk-Jasna-Gora-4.jpg'><img loading=\"lazy\" width=\"150\" height=\"150\" src=\"https:\/\/www.lichen.pl\/wp-content\/uploads\/2023\/07\/Gdansk-Jasna-Gora-4-150x150.jpg\" class=\"attachment-thumbnail size-thumbnail\" alt=\"\" decoding=\"async\" srcset=\"https:\/\/www.lichen.pl\/wp-content\/uploads\/2023\/07\/Gdansk-Jasna-Gora-4-150x150.jpg 150w, https:\/\/www.lichen.pl\/wp-content\/uploads\/2023\/07\/Gdansk-Jasna-Gora-4-300x300.jpg 300w\" sizes=\"(max-width: 150px) 100vw, 150px\" \/><\/a>\n\t\t\t<\/div><\/figure>\n\t\t<\/div>\n\t\t<\/div>\n\t\t\t\t\t\t<\/div>\n\t\t\t\t<\/div>\n\t\t\t\t<div class=\"elementor-element elementor-element-570227a elementor-widget elementor-widget-text-editor\" data-id=\"570227a\" data-element_type=\"widget\" data-e-type=\"widget\" data-widget_type=\"text-editor.default\">\n\t\t\t\t<div class=\"elementor-widget-container\">\n\t\t\t\t\t\t\t\t\t<div class=\"x11i5rnm xat24cr x1mh8g0r x1vvkbs xtlvy1s x126k92a\"><div dir=\"auto\">O \u015bwiadectwie, jakim jest pielgrzymowanie opowiada\u0142 Roman \u0141uczak, jeden z organizator\u00f3w\u2013 To jest dobre do\u015bwiadczenie, \u017ce gdy m\u00f3wimy \u201eSzcz\u0119\u015b\u0107 Bo\u017ce\u201d ludzie nam odpowiadaj\u0105. Gdy spotykamy ludzi na trasie, mo\u017cemy z nimi porozmawia\u0107, podzieli\u0107 si\u0119 do\u015bwiadczeniami z rekolekcji w drodze. M\u0119\u017cczyzna wspomina\u0142 sytuacj\u0119, gdy jeden z uczestnik\u00f3w z\u0142apa\u0142 \u201egum\u0119\u201d, a kobieta pracuj\u0105ca w ogrodzie, kt\u00f3ra ich dostrzeg\u0142a, przerwa\u0142a swoje zaj\u0119cia i zaprosi\u0142a rowerzyst\u00f3w na odpoczynek przy kawie, kt\u00f3ry by\u0142 okazj\u0105 do mi\u0142ej rozmowy.<\/div><div dir=\"auto\">\u2013 Ten czas bardzo szybko mija. Sze\u015b\u0107 dni pielgrzymowania to bardzo ma\u0142o. Zawieramy przyja\u017anie, niemal\u017ce stajemy si\u0119 jedn\u0105 rodzin\u0105 \u2013 dodaje Roman \u0141uczak.<\/div><\/div><div class=\"x11i5rnm xat24cr x1mh8g0r x1vvkbs xtlvy1s x126k92a\"><div dir=\"auto\">Jeszcze dzi\u015b pielgrzymi pokonaj\u0105 64 km w drodze do Turku. P\u0105tnicy \u0142\u0105cznie przeb\u0119d\u0105 540 km w 6 dni. Na Jasnej G\u00f3rze zamelduj\u0105 si\u0119 w sobot\u0119, 15 lipca.<\/div><\/div>\t\t\t\t\t\t\t\t<\/div>\n\t\t\t\t<\/div>\n\t\t\t\t\t<\/div>\n\t\t<\/div>\n\t\t\t\t\t<\/div>\n\t\t<\/section>\n\t\t\t\t<\/div>","protected":false},"excerpt":{"rendered":"<p>Rowerowa Pielgrzymka z Gda\u0144ska na Jasn\u0105 G\u00f3r\u0119 zatrzyma\u0142a si\u0119 dzi\u015b przed po\u0142udniem w Sanktuarium Maryjnym w Licheniu Starym. Liche\u0144ski etap jest 4 dniem ich pielgrzymowania do Pani Jasnog\u00f3rskiej. &#8211; Wyjechali\u015bmy w poniedzia\u0142ek rano z Gda\u0144ska-\u017babianki. W naszej pielgrzymce podr\u00f3\u017cuje \u0142\u0105cznie 80 os\u00f3b pomi\u0119dzy 16 a 76 rokiem \u017cycia. Ka\u017cdego dnia pokonujemy dystans kilkudziesi\u0119ciu kilometr\u00f3w \u2013 [&hellip;]<\/p>\n","protected":false},"author":5,"featured_media":55441,"comment_status":"closed","ping_status":"closed","sticky":false,"template":"","format":"standard","meta":{"footnotes":""},"categories":[1],"tags":[],"class_list":["post-55424","post","type-post","status-publish","format-standard","has-post-thumbnail","hentry","category-aktualnosci","wpbf-post"],"yoast_head":"<!-- This site is optimized with the Yoast SEO plugin v27.4 - https:\/\/yoast.com\/product\/yoast-seo-wordpress\/ -->\n<title>Pielgrzymka Rowerowa z Gda\u0144ska na Jasn\u0105 G\u00f3r\u0119 - SANKTUARIUM W LICHENIU<\/title>\n<meta name=\"robots\" content=\"index, follow, max-snippet:-1, max-image-preview:large, max-video-preview:-1\" \/>\n<link rel=\"canonical\" href=\"https:\/\/www.lichen.pl\/it\/pielgrzymka-rowerowa-z-gdanska-na-jasna-gore\/\" \/>\n<meta property=\"og:locale\" content=\"it_IT\" \/>\n<meta property=\"og:type\" content=\"article\" \/>\n<meta property=\"og:title\" content=\"Pielgrzymka Rowerowa z Gda\u0144ska na Jasn\u0105 G\u00f3r\u0119 - SANKTUARIUM W LICHENIU\" \/>\n<meta property=\"og:description\" content=\"Rowerowa Pielgrzymka z Gda\u0144ska na Jasn\u0105 G\u00f3r\u0119 zatrzyma\u0142a si\u0119 dzi\u015b przed po\u0142udniem w Sanktuarium Maryjnym w Licheniu Starym. Liche\u0144ski etap jest 4 dniem ich pielgrzymowania do Pani Jasnog\u00f3rskiej. &#8211; Wyjechali\u015bmy w poniedzia\u0142ek rano z Gda\u0144ska-\u017babianki. W naszej pielgrzymce podr\u00f3\u017cuje \u0142\u0105cznie 80 os\u00f3b pomi\u0119dzy 16 a 76 rokiem \u017cycia. Ka\u017cdego dnia pokonujemy dystans kilkudziesi\u0119ciu kilometr\u00f3w \u2013 [&hellip;]\" \/>\n<meta property=\"og:url\" content=\"https:\/\/www.lichen.pl\/it\/pielgrzymka-rowerowa-z-gdanska-na-jasna-gore\/\" \/>\n<meta property=\"og:site_name\" content=\"SANKTUARIUM W LICHENIU\" \/>\n<meta property=\"article:published_time\" content=\"2023-07-13T11:37:42+00:00\" \/>\n<meta property=\"article:modified_time\" content=\"2023-07-15T08:03:47+00:00\" \/>\n<meta property=\"og:image\" content=\"https:\/\/www.lichen.pl\/wp-content\/uploads\/2023\/07\/Gdansk-Jasna-Gora-4-1024x768.jpg\" \/>\n\t<meta property=\"og:image:width\" content=\"1024\" \/>\n\t<meta property=\"og:image:height\" content=\"768\" \/>\n\t<meta property=\"og:image:type\" content=\"image\/jpeg\" \/>\n<meta name=\"author\" content=\"Justyna Zacharek\" \/>\n<meta name=\"twitter:card\" content=\"summary_large_image\" \/>\n<meta name=\"twitter:label1\" content=\"Scritto da\" \/>\n\t<meta name=\"twitter:data1\" content=\"Justyna Zacharek\" \/>\n\t<meta name=\"twitter:label2\" content=\"Tempo di lettura stimato\" \/>\n\t<meta name=\"twitter:data2\" content=\"3 minuti\" \/>\n<script type=\"application\/ld+json\" class=\"yoast-schema-graph\">{\"@context\":\"https:\\\/\\\/schema.org\",\"@graph\":[{\"@type\":\"Article\",\"@id\":\"https:\\\/\\\/www.lichen.pl\\\/pielgrzymka-rowerowa-z-gdanska-na-jasna-gore\\\/#article\",\"isPartOf\":{\"@id\":\"https:\\\/\\\/www.lichen.pl\\\/pielgrzymka-rowerowa-z-gdanska-na-jasna-gore\\\/\"},\"author\":{\"name\":\"Justyna Zacharek\",\"@id\":\"https:\\\/\\\/www.lichen.pl\\\/fr\\\/#\\\/schema\\\/person\\\/9f57a1408d363022abd305da0323b703\"},\"headline\":\"Pielgrzymka Rowerowa z Gda\u0144ska na Jasn\u0105 G\u00f3r\u0119\",\"datePublished\":\"2023-07-13T11:37:42+00:00\",\"dateModified\":\"2023-07-15T08:03:47+00:00\",\"mainEntityOfPage\":{\"@id\":\"https:\\\/\\\/www.lichen.pl\\\/pielgrzymka-rowerowa-z-gdanska-na-jasna-gore\\\/\"},\"wordCount\":354,\"image\":{\"@id\":\"https:\\\/\\\/www.lichen.pl\\\/pielgrzymka-rowerowa-z-gdanska-na-jasna-gore\\\/#primaryimage\"},\"thumbnailUrl\":\"https:\\\/\\\/www.lichen.pl\\\/wp-content\\\/uploads\\\/2023\\\/07\\\/Gdansk-Jasna-Gora-4.jpg\",\"articleSection\":[\"Aktualno\u015bci\"],\"inLanguage\":\"it-IT\"},{\"@type\":\"WebPage\",\"@id\":\"https:\\\/\\\/www.lichen.pl\\\/pielgrzymka-rowerowa-z-gdanska-na-jasna-gore\\\/\",\"url\":\"https:\\\/\\\/www.lichen.pl\\\/pielgrzymka-rowerowa-z-gdanska-na-jasna-gore\\\/\",\"name\":\"Pielgrzymka Rowerowa z Gda\u0144ska na Jasn\u0105 G\u00f3r\u0119 - SANKTUARIUM W LICHENIU\",\"isPartOf\":{\"@id\":\"https:\\\/\\\/www.lichen.pl\\\/fr\\\/#website\"},\"primaryImageOfPage\":{\"@id\":\"https:\\\/\\\/www.lichen.pl\\\/pielgrzymka-rowerowa-z-gdanska-na-jasna-gore\\\/#primaryimage\"},\"image\":{\"@id\":\"https:\\\/\\\/www.lichen.pl\\\/pielgrzymka-rowerowa-z-gdanska-na-jasna-gore\\\/#primaryimage\"},\"thumbnailUrl\":\"https:\\\/\\\/www.lichen.pl\\\/wp-content\\\/uploads\\\/2023\\\/07\\\/Gdansk-Jasna-Gora-4.jpg\",\"datePublished\":\"2023-07-13T11:37:42+00:00\",\"dateModified\":\"2023-07-15T08:03:47+00:00\",\"author\":{\"@id\":\"https:\\\/\\\/www.lichen.pl\\\/fr\\\/#\\\/schema\\\/person\\\/9f57a1408d363022abd305da0323b703\"},\"breadcrumb\":{\"@id\":\"https:\\\/\\\/www.lichen.pl\\\/pielgrzymka-rowerowa-z-gdanska-na-jasna-gore\\\/#breadcrumb\"},\"inLanguage\":\"it-IT\",\"potentialAction\":[{\"@type\":\"ReadAction\",\"target\":[\"https:\\\/\\\/www.lichen.pl\\\/pielgrzymka-rowerowa-z-gdanska-na-jasna-gore\\\/\"]}]},{\"@type\":\"ImageObject\",\"inLanguage\":\"it-IT\",\"@id\":\"https:\\\/\\\/www.lichen.pl\\\/pielgrzymka-rowerowa-z-gdanska-na-jasna-gore\\\/#primaryimage\",\"url\":\"https:\\\/\\\/www.lichen.pl\\\/wp-content\\\/uploads\\\/2023\\\/07\\\/Gdansk-Jasna-Gora-4.jpg\",\"contentUrl\":\"https:\\\/\\\/www.lichen.pl\\\/wp-content\\\/uploads\\\/2023\\\/07\\\/Gdansk-Jasna-Gora-4.jpg\",\"width\":1920,\"height\":1440},{\"@type\":\"BreadcrumbList\",\"@id\":\"https:\\\/\\\/www.lichen.pl\\\/pielgrzymka-rowerowa-z-gdanska-na-jasna-gore\\\/#breadcrumb\",\"itemListElement\":[{\"@type\":\"ListItem\",\"position\":1,\"name\":\"Strona g\u0142\u00f3wna\",\"item\":\"https:\\\/\\\/www.lichen.pl\\\/\"},{\"@type\":\"ListItem\",\"position\":2,\"name\":\"Pielgrzymka Rowerowa z Gda\u0144ska na Jasn\u0105 G\u00f3r\u0119\"}]},{\"@type\":\"WebSite\",\"@id\":\"https:\\\/\\\/www.lichen.pl\\\/fr\\\/#website\",\"url\":\"https:\\\/\\\/www.lichen.pl\\\/fr\\\/\",\"name\":\"SANKTUARIUM W LICHENIU\",\"description\":\"MATKI BO\u017bEJ LICHE\u0143SKIEJ BOLESNEJ KR\u00d3LOWEJ POLSKI\",\"potentialAction\":[{\"@type\":\"SearchAction\",\"target\":{\"@type\":\"EntryPoint\",\"urlTemplate\":\"https:\\\/\\\/www.lichen.pl\\\/fr\\\/?s={search_term_string}\"},\"query-input\":{\"@type\":\"PropertyValueSpecification\",\"valueRequired\":true,\"valueName\":\"search_term_string\"}}],\"inLanguage\":\"it-IT\"},{\"@type\":\"Person\",\"@id\":\"https:\\\/\\\/www.lichen.pl\\\/fr\\\/#\\\/schema\\\/person\\\/9f57a1408d363022abd305da0323b703\",\"name\":\"Justyna Zacharek\",\"image\":{\"@type\":\"ImageObject\",\"inLanguage\":\"it-IT\",\"@id\":\"https:\\\/\\\/secure.gravatar.com\\\/avatar\\\/7be193626a4fb4d6a7d53a7686c3bbf938efff653c427e0182457b838e9d2c3b?s=96&d=retro&r=g\",\"url\":\"https:\\\/\\\/secure.gravatar.com\\\/avatar\\\/7be193626a4fb4d6a7d53a7686c3bbf938efff653c427e0182457b838e9d2c3b?s=96&d=retro&r=g\",\"contentUrl\":\"https:\\\/\\\/secure.gravatar.com\\\/avatar\\\/7be193626a4fb4d6a7d53a7686c3bbf938efff653c427e0182457b838e9d2c3b?s=96&d=retro&r=g\",\"caption\":\"Justyna Zacharek\"},\"url\":\"https:\\\/\\\/www.lichen.pl\\\/it\\\/author\\\/justyna\\\/\"}]}<\/script>\n<!-- \/ Yoast SEO plugin. -->","yoast_head_json":{"title":"Pielgrzymka Rowerowa z Gda\u0144ska na Jasn\u0105 G\u00f3r\u0119 - SANKTUARIUM W LICHENIU","robots":{"index":"index","follow":"follow","max-snippet":"max-snippet:-1","max-image-preview":"max-image-preview:large","max-video-preview":"max-video-preview:-1"},"canonical":"https:\/\/www.lichen.pl\/it\/pielgrzymka-rowerowa-z-gdanska-na-jasna-gore\/","og_locale":"it_IT","og_type":"article","og_title":"Pielgrzymka Rowerowa z Gda\u0144ska na Jasn\u0105 G\u00f3r\u0119 - SANKTUARIUM W LICHENIU","og_description":"Rowerowa Pielgrzymka z Gda\u0144ska na Jasn\u0105 G\u00f3r\u0119 zatrzyma\u0142a si\u0119 dzi\u015b przed po\u0142udniem w Sanktuarium Maryjnym w Licheniu Starym. Liche\u0144ski etap jest 4 dniem ich pielgrzymowania do Pani Jasnog\u00f3rskiej. &#8211; Wyjechali\u015bmy w poniedzia\u0142ek rano z Gda\u0144ska-\u017babianki. W naszej pielgrzymce podr\u00f3\u017cuje \u0142\u0105cznie 80 os\u00f3b pomi\u0119dzy 16 a 76 rokiem \u017cycia. Ka\u017cdego dnia pokonujemy dystans kilkudziesi\u0119ciu kilometr\u00f3w \u2013 [&hellip;]","og_url":"https:\/\/www.lichen.pl\/it\/pielgrzymka-rowerowa-z-gdanska-na-jasna-gore\/","og_site_name":"SANKTUARIUM W LICHENIU","article_published_time":"2023-07-13T11:37:42+00:00","article_modified_time":"2023-07-15T08:03:47+00:00","og_image":[{"width":1024,"height":768,"url":"https:\/\/www.lichen.pl\/wp-content\/uploads\/2023\/07\/Gdansk-Jasna-Gora-4-1024x768.jpg","type":"image\/jpeg"}],"author":"Justyna Zacharek","twitter_card":"summary_large_image","twitter_misc":{"Scritto da":"Justyna Zacharek","Tempo di lettura stimato":"3 minuti"},"schema":{"@context":"https:\/\/schema.org","@graph":[{"@type":"Article","@id":"https:\/\/www.lichen.pl\/pielgrzymka-rowerowa-z-gdanska-na-jasna-gore\/#article","isPartOf":{"@id":"https:\/\/www.lichen.pl\/pielgrzymka-rowerowa-z-gdanska-na-jasna-gore\/"},"author":{"name":"Justyna Zacharek","@id":"https:\/\/www.lichen.pl\/fr\/#\/schema\/person\/9f57a1408d363022abd305da0323b703"},"headline":"Pielgrzymka Rowerowa z Gda\u0144ska na Jasn\u0105 G\u00f3r\u0119","datePublished":"2023-07-13T11:37:42+00:00","dateModified":"2023-07-15T08:03:47+00:00","mainEntityOfPage":{"@id":"https:\/\/www.lichen.pl\/pielgrzymka-rowerowa-z-gdanska-na-jasna-gore\/"},"wordCount":354,"image":{"@id":"https:\/\/www.lichen.pl\/pielgrzymka-rowerowa-z-gdanska-na-jasna-gore\/#primaryimage"},"thumbnailUrl":"https:\/\/www.lichen.pl\/wp-content\/uploads\/2023\/07\/Gdansk-Jasna-Gora-4.jpg","articleSection":["Aktualno\u015bci"],"inLanguage":"it-IT"},{"@type":"WebPage","@id":"https:\/\/www.lichen.pl\/pielgrzymka-rowerowa-z-gdanska-na-jasna-gore\/","url":"https:\/\/www.lichen.pl\/pielgrzymka-rowerowa-z-gdanska-na-jasna-gore\/","name":"Pielgrzymka Rowerowa z Gda\u0144ska na Jasn\u0105 G\u00f3r\u0119 - SANKTUARIUM W LICHENIU","isPartOf":{"@id":"https:\/\/www.lichen.pl\/fr\/#website"},"primaryImageOfPage":{"@id":"https:\/\/www.lichen.pl\/pielgrzymka-rowerowa-z-gdanska-na-jasna-gore\/#primaryimage"},"image":{"@id":"https:\/\/www.lichen.pl\/pielgrzymka-rowerowa-z-gdanska-na-jasna-gore\/#primaryimage"},"thumbnailUrl":"https:\/\/www.lichen.pl\/wp-content\/uploads\/2023\/07\/Gdansk-Jasna-Gora-4.jpg","datePublished":"2023-07-13T11:37:42+00:00","dateModified":"2023-07-15T08:03:47+00:00","author":{"@id":"https:\/\/www.lichen.pl\/fr\/#\/schema\/person\/9f57a1408d363022abd305da0323b703"},"breadcrumb":{"@id":"https:\/\/www.lichen.pl\/pielgrzymka-rowerowa-z-gdanska-na-jasna-gore\/#breadcrumb"},"inLanguage":"it-IT","potentialAction":[{"@type":"ReadAction","target":["https:\/\/www.lichen.pl\/pielgrzymka-rowerowa-z-gdanska-na-jasna-gore\/"]}]},{"@type":"ImageObject","inLanguage":"it-IT","@id":"https:\/\/www.lichen.pl\/pielgrzymka-rowerowa-z-gdanska-na-jasna-gore\/#primaryimage","url":"https:\/\/www.lichen.pl\/wp-content\/uploads\/2023\/07\/Gdansk-Jasna-Gora-4.jpg","contentUrl":"https:\/\/www.lichen.pl\/wp-content\/uploads\/2023\/07\/Gdansk-Jasna-Gora-4.jpg","width":1920,"height":1440},{"@type":"BreadcrumbList","@id":"https:\/\/www.lichen.pl\/pielgrzymka-rowerowa-z-gdanska-na-jasna-gore\/#breadcrumb","itemListElement":[{"@type":"ListItem","position":1,"name":"Strona g\u0142\u00f3wna","item":"https:\/\/www.lichen.pl\/"},{"@type":"ListItem","position":2,"name":"Pielgrzymka Rowerowa z Gda\u0144ska na Jasn\u0105 G\u00f3r\u0119"}]},{"@type":"WebSite","@id":"https:\/\/www.lichen.pl\/fr\/#website","url":"https:\/\/www.lichen.pl\/fr\/","name":"SANTUARIO IN LICHENIA","description":"LA REGINA ADOLORATA DEL NOSTRO LICHENE DI POLONIA","potentialAction":[{"@type":"SearchAction","target":{"@type":"EntryPoint","urlTemplate":"https:\/\/www.lichen.pl\/fr\/?s={search_term_string}"},"query-input":{"@type":"PropertyValueSpecification","valueRequired":true,"valueName":"search_term_string"}}],"inLanguage":"it-IT"},{"@type":"Person","@id":"https:\/\/www.lichen.pl\/fr\/#\/schema\/person\/9f57a1408d363022abd305da0323b703","name":"Justyna Zacharek","image":{"@type":"ImageObject","inLanguage":"it-IT","@id":"https:\/\/secure.gravatar.com\/avatar\/7be193626a4fb4d6a7d53a7686c3bbf938efff653c427e0182457b838e9d2c3b?s=96&d=retro&r=g","url":"https:\/\/secure.gravatar.com\/avatar\/7be193626a4fb4d6a7d53a7686c3bbf938efff653c427e0182457b838e9d2c3b?s=96&d=retro&r=g","contentUrl":"https:\/\/secure.gravatar.com\/avatar\/7be193626a4fb4d6a7d53a7686c3bbf938efff653c427e0182457b838e9d2c3b?s=96&d=retro&r=g","caption":"Justyna Zacharek"},"url":"https:\/\/www.lichen.pl\/it\/author\/justyna\/"}]}},"_links":{"self":[{"href":"https:\/\/www.lichen.pl\/it\/wp-json\/wp\/v2\/posts\/55424","targetHints":{"allow":["GET"]}}],"collection":[{"href":"https:\/\/www.lichen.pl\/it\/wp-json\/wp\/v2\/posts"}],"about":[{"href":"https:\/\/www.lichen.pl\/it\/wp-json\/wp\/v2\/types\/post"}],"author":[{"embeddable":true,"href":"https:\/\/www.lichen.pl\/it\/wp-json\/wp\/v2\/users\/5"}],"replies":[{"embeddable":true,"href":"https:\/\/www.lichen.pl\/it\/wp-json\/wp\/v2\/comments?post=55424"}],"version-history":[{"count":4,"href":"https:\/\/www.lichen.pl\/it\/wp-json\/wp\/v2\/posts\/55424\/revisions"}],"predecessor-version":[{"id":55451,"href":"https:\/\/www.lichen.pl\/it\/wp-json\/wp\/v2\/posts\/55424\/revisions\/55451"}],"wp:featuredmedia":[{"embeddable":true,"href":"https:\/\/www.lichen.pl\/it\/wp-json\/wp\/v2\/media\/55441"}],"wp:attachment":[{"href":"https:\/\/www.lichen.pl\/it\/wp-json\/wp\/v2\/media?parent=55424"}],"wp:term":[{"taxonomy":"category","embeddable":true,"href":"https:\/\/www.lichen.pl\/it\/wp-json\/wp\/v2\/categories?post=55424"},{"taxonomy":"post_tag","embeddable":true,"href":"https:\/\/www.lichen.pl\/it\/wp-json\/wp\/v2\/tags?post=55424"}],"curies":[{"name":"wp","href":"https:\/\/api.w.org\/{rel}","templated":true}]}}