{"id":56445,"date":"2023-08-03T18:47:52","date_gmt":"2023-08-03T16:47:52","guid":{"rendered":"https:\/\/www.lichen.pl\/?p=56445"},"modified":"2023-08-03T19:00:41","modified_gmt":"2023-08-03T17:00:41","slug":"nawiedzenie-w-parafii","status":"publish","type":"post","link":"https:\/\/www.lichen.pl\/it\/nawiedzenie-w-parafii\/","title":{"rendered":"Nawiedzenie Matki Bo\u017cej w kopii Ikony Jasnog\u00f3rskiej w liche\u0144skiej parafii"},"content":{"rendered":"<div data-elementor-type=\"wp-post\" data-elementor-id=\"56445\" class=\"elementor elementor-56445\" data-elementor-post-type=\"post\">\n\t\t\t\t\t\t<section class=\"elementor-section elementor-top-section elementor-element elementor-element-abd7acb elementor-section-boxed elementor-section-height-default elementor-section-height-default\" data-id=\"abd7acb\" data-element_type=\"section\" data-e-type=\"section\">\n\t\t\t\t\t\t<div class=\"elementor-container elementor-column-gap-default\">\n\t\t\t\t\t<div class=\"elementor-column elementor-col-100 elementor-top-column elementor-element elementor-element-3b8caa8\" data-id=\"3b8caa8\" data-element_type=\"column\" data-e-type=\"column\">\n\t\t\t<div class=\"elementor-widget-wrap elementor-element-populated\">\n\t\t\t\t\t\t<div class=\"elementor-element elementor-element-764de68 elementor-widget elementor-widget-heading\" data-id=\"764de68\" data-element_type=\"widget\" data-e-type=\"widget\" data-widget_type=\"heading.default\">\n\t\t\t\t<div class=\"elementor-widget-container\">\n\t\t\t\t\t<h2 class=\"elementor-heading-title elementor-size-default\">Matka Bo\u017ca w kopii Cudownego Obrazu Jasnog\u00f3rskiego go\u015bci\u0142a w Licheniu. W \u015brod\u0119 wieczorem, 2 sierpnia, w dniu wspomnienia Matki Bo\u017cej Anielskiej, kopi\u0119 Cudownego Obrazu Matki Bo\u017cej Cz\u0119stochowskiej w liche\u0144skiej parafii przywitali przedstawiciele duchowie\u0144stwa oraz wierny lud Bo\u017cy. <\/h2>\t\t\t\t<\/div>\n\t\t\t\t<\/div>\n\t\t\t\t\t<\/div>\n\t\t<\/div>\n\t\t\t\t\t<\/div>\n\t\t<\/section>\n\t\t\t\t<section class=\"elementor-section elementor-top-section elementor-element elementor-element-6bcb710 elementor-section-boxed elementor-section-height-default elementor-section-height-default\" data-id=\"6bcb710\" data-element_type=\"section\" data-e-type=\"section\">\n\t\t\t\t\t\t<div class=\"elementor-container elementor-column-gap-default\">\n\t\t\t\t\t<div class=\"elementor-column elementor-col-100 elementor-top-column elementor-element elementor-element-f909fc1\" data-id=\"f909fc1\" data-element_type=\"column\" data-e-type=\"column\">\n\t\t\t<div class=\"elementor-widget-wrap elementor-element-populated\">\n\t\t\t\t\t\t<section class=\"elementor-section elementor-inner-section elementor-element elementor-element-cf21a48 elementor-section-boxed elementor-section-height-default elementor-section-height-default\" data-id=\"cf21a48\" data-element_type=\"section\" data-e-type=\"section\">\n\t\t\t\t\t\t<div class=\"elementor-container elementor-column-gap-default\">\n\t\t\t\t\t<div class=\"elementor-column elementor-col-50 elementor-inner-column elementor-element elementor-element-8150b27\" data-id=\"8150b27\" data-element_type=\"column\" data-e-type=\"column\">\n\t\t\t<div class=\"elementor-widget-wrap elementor-element-populated\">\n\t\t\t\t\t\t<div class=\"elementor-element elementor-element-73ba7cd elementor-widget elementor-widget-image\" data-id=\"73ba7cd\" data-element_type=\"widget\" data-e-type=\"widget\" data-widget_type=\"image.default\">\n\t\t\t\t<div class=\"elementor-widget-container\">\n\t\t\t\t\t\t\t\t\t\t\t\t\t\t\t<img fetchpriority=\"high\" decoding=\"async\" width=\"1024\" height=\"682\" src=\"https:\/\/www.lichen.pl\/wp-content\/uploads\/2023\/08\/peregrynacja-Lichen-18-1024x682.jpg\" class=\"attachment-large size-large wp-image-56466\" alt=\"\" srcset=\"https:\/\/www.lichen.pl\/wp-content\/uploads\/2023\/08\/peregrynacja-Lichen-18-1024x682.jpg 1024w, https:\/\/www.lichen.pl\/wp-content\/uploads\/2023\/08\/peregrynacja-Lichen-18-800x533.jpg 800w, https:\/\/www.lichen.pl\/wp-content\/uploads\/2023\/08\/peregrynacja-Lichen-18-300x200.jpg 300w, https:\/\/www.lichen.pl\/wp-content\/uploads\/2023\/08\/peregrynacja-Lichen-18-768x512.jpg 768w, https:\/\/www.lichen.pl\/wp-content\/uploads\/2023\/08\/peregrynacja-Lichen-18-1536x1024.jpg 1536w, https:\/\/www.lichen.pl\/wp-content\/uploads\/2023\/08\/peregrynacja-Lichen-18-18x12.jpg 18w, https:\/\/www.lichen.pl\/wp-content\/uploads\/2023\/08\/peregrynacja-Lichen-18.jpg 1920w\" sizes=\"(max-width: 1024px) 100vw, 1024px\" \/>\t\t\t\t\t\t\t\t\t\t\t\t\t\t\t<\/div>\n\t\t\t\t<\/div>\n\t\t\t\t\t<\/div>\n\t\t<\/div>\n\t\t\t\t<div class=\"elementor-column elementor-col-50 elementor-inner-column elementor-element elementor-element-6bd885a\" data-id=\"6bd885a\" data-element_type=\"column\" data-e-type=\"column\">\n\t\t\t<div class=\"elementor-widget-wrap elementor-element-populated\">\n\t\t\t\t\t\t<div class=\"elementor-element elementor-element-d3a0e7a elementor-widget elementor-widget-text-editor\" data-id=\"d3a0e7a\" data-element_type=\"widget\" data-e-type=\"widget\" data-widget_type=\"text-editor.default\">\n\t\t\t\t<div class=\"elementor-widget-container\">\n\t\t\t\t\t\t\t\t\t<p>Wizerunek Jasnog\u00f3rskiej Madonny zosta\u0142 przywieziony do parafii pw. \u015bw. Doroty z pobliskiej parafii pw. b\u0142. Jerzego Matulewicza w Koninie-Lask\u00f3wcu. Obraz w imieniu parafii na liche\u0144skim rynku przyj\u0105\u0142 i powita\u0142 ks. Rafa\u0142 Krauze MIC wraz z ks. dziekanem Zbigniewem Caba\u0144skim, proboszczem parafii pw. Naj\u015bwi\u0119tszej Maryi Panny w Koninie. Ks. Krauze przej\u0105\u0142 tak\u017ce Ewangeliarz od ks. Artura Krzy\u017canowskiego, proboszcza koni\u0144skiej wsp\u00f3lnoty parafialnej, kt\u00f3ra po\u017cegna\u0142a Maryj\u0119. Nast\u0119pnie wizerunek zosta\u0142 przeniesiony procesyjnie do ko\u015bcio\u0142a parafialnego pw. \u015bw. Doroty ulicami Lichenia. Obraz kolejno by\u0142 niesiony przez: ojc\u00f3w, matki, ministrant\u00f3w oraz druh\u00f3w z jednostek OSP z terenu parafii.<\/p>\t\t\t\t\t\t\t\t<\/div>\n\t\t\t\t<\/div>\n\t\t\t\t\t<\/div>\n\t\t<\/div>\n\t\t\t\t\t<\/div>\n\t\t<\/section>\n\t\t\t\t<div class=\"elementor-element elementor-element-13c8d0f elementor-widget elementor-widget-text-editor\" data-id=\"13c8d0f\" data-element_type=\"widget\" data-e-type=\"widget\" data-widget_type=\"text-editor.default\">\n\t\t\t\t<div class=\"elementor-widget-container\">\n\t\t\t\t\t\t\t\t\t<p>W \u015bwi\u0105tyni parafialnej ks. Caba\u0144ski odczyta\u0142 telegram od ojca \u015bwi\u0119tego Franciszka z okazji nawiedzenia obrazu w diecezji w\u0142oc\u0142awskiej.<\/p><p>Nast\u0119pnie obraz powita\u0142 ks. Rafa\u0142 Krauze MIC, a tak\u017ce \u00a0przedstawiciele liche\u0144skiej parafii: rodzice, m\u0142odzie\u017c i dzieci.<\/p><p>Po godz. 18 rozpocz\u0119\u0142a si\u0119 uroczysta Msza \u015bw. pod przewodnictwem ks. dziekana Zbigniewa Caba\u0144skiego. W koncelebrze modlili si\u0119 wszyscy ksi\u0119\u017ca obecni na uroczysto\u015bciach, w tym, m.in. ks. Janusz Kumala MIC, kustosz liche\u0144skiego sanktuarium, ks. Bogus\u0142aw Binda MIC, prze\u0142o\u017cony liche\u0144skiej wsp\u00f3lnoty ksi\u0119\u017cy i braci marian\u00f3w, ks. Hanryk Witczak, proboszcz parafii pw. \u015bw. Wojciecha w Koninie-Morzys\u0142awiu a tak\u017ce ks. S\u0142awomir Kasprzak, proboszcz parafii pw. \u015bw. Stanis\u0142awa BM w Kramsku, gdzie ikona jasnog\u00f3rska uda w dalszej kolejno\u015bci.<\/p>\t\t\t\t\t\t\t\t<\/div>\n\t\t\t\t<\/div>\n\t\t\t\t\t<\/div>\n\t\t<\/div>\n\t\t\t\t\t<\/div>\n\t\t<\/section>\n\t\t\t\t<section class=\"elementor-section elementor-top-section elementor-element elementor-element-f019028 elementor-section-boxed elementor-section-height-default elementor-section-height-default\" data-id=\"f019028\" data-element_type=\"section\" data-e-type=\"section\">\n\t\t\t\t\t\t<div class=\"elementor-container elementor-column-gap-default\">\n\t\t\t\t\t<div class=\"elementor-column elementor-col-100 elementor-top-column elementor-element elementor-element-cc5147a\" data-id=\"cc5147a\" data-element_type=\"column\" data-e-type=\"column\">\n\t\t\t<div class=\"elementor-widget-wrap elementor-element-populated\">\n\t\t\t\t\t\t<section class=\"elementor-section elementor-inner-section elementor-element elementor-element-b9942b0 elementor-section-boxed elementor-section-height-default elementor-section-height-default\" data-id=\"b9942b0\" data-element_type=\"section\" data-e-type=\"section\">\n\t\t\t\t\t\t<div class=\"elementor-container elementor-column-gap-default\">\n\t\t\t\t\t<div class=\"elementor-column elementor-col-50 elementor-inner-column elementor-element elementor-element-e661792\" data-id=\"e661792\" data-element_type=\"column\" data-e-type=\"column\">\n\t\t\t<div class=\"elementor-widget-wrap elementor-element-populated\">\n\t\t\t\t\t\t<div class=\"elementor-element elementor-element-3d60313 elementor-widget elementor-widget-image\" data-id=\"3d60313\" data-element_type=\"widget\" data-e-type=\"widget\" data-widget_type=\"image.default\">\n\t\t\t\t<div class=\"elementor-widget-container\">\n\t\t\t\t\t\t\t\t\t\t\t\t\t\t\t<img decoding=\"async\" width=\"1024\" height=\"682\" src=\"https:\/\/www.lichen.pl\/wp-content\/uploads\/2023\/08\/peregrynacja-Lichen-11-1024x682.jpg\" class=\"attachment-large size-large wp-image-56459\" alt=\"\" srcset=\"https:\/\/www.lichen.pl\/wp-content\/uploads\/2023\/08\/peregrynacja-Lichen-11-1024x682.jpg 1024w, https:\/\/www.lichen.pl\/wp-content\/uploads\/2023\/08\/peregrynacja-Lichen-11-800x533.jpg 800w, https:\/\/www.lichen.pl\/wp-content\/uploads\/2023\/08\/peregrynacja-Lichen-11-300x200.jpg 300w, https:\/\/www.lichen.pl\/wp-content\/uploads\/2023\/08\/peregrynacja-Lichen-11-768x512.jpg 768w, https:\/\/www.lichen.pl\/wp-content\/uploads\/2023\/08\/peregrynacja-Lichen-11-1536x1024.jpg 1536w, https:\/\/www.lichen.pl\/wp-content\/uploads\/2023\/08\/peregrynacja-Lichen-11-18x12.jpg 18w, https:\/\/www.lichen.pl\/wp-content\/uploads\/2023\/08\/peregrynacja-Lichen-11.jpg 1920w\" sizes=\"(max-width: 1024px) 100vw, 1024px\" \/>\t\t\t\t\t\t\t\t\t\t\t\t\t\t\t<\/div>\n\t\t\t\t<\/div>\n\t\t\t\t\t<\/div>\n\t\t<\/div>\n\t\t\t\t<div class=\"elementor-column elementor-col-50 elementor-inner-column elementor-element elementor-element-7ef0f64\" data-id=\"7ef0f64\" data-element_type=\"column\" data-e-type=\"column\">\n\t\t\t<div class=\"elementor-widget-wrap elementor-element-populated\">\n\t\t\t\t\t\t<div class=\"elementor-element elementor-element-521bb59 elementor-widget elementor-widget-text-editor\" data-id=\"521bb59\" data-element_type=\"widget\" data-e-type=\"widget\" data-widget_type=\"text-editor.default\">\n\t\t\t\t<div class=\"elementor-widget-container\">\n\t\t\t\t\t\t\t\t\t<p>Homili\u0119 podczas uroczysto\u015bci wyg\u0142osi\u0142 ks. Adam Stankiewicz MIC, wicekustosz\u00a0 liche\u0144skiego sanktuarium.<\/p><p>&#8211; Maryja w ikonie jasnog\u00f3rskiej spogl\u0105da na nas tym samym spojrzeniem, gdy przynios\u0142a Jezusa do \u015bwi\u0105tyni, \u017ceby przedstawi\u0107 Go Ojcu. Tym samym matczynym spojrzeniem szuka\u0142a Syna, gdy zgubi\u0142 si\u0119 w \u015bwi\u0105tyni. To spojrzenie by\u0142o zawsze przy Jezusie, zw\u0142aszcza na golgocie. To samo spojrzenie skierowane jest dzi\u015b na nas; spojrzenie cierpi\u0105cej Matki, kt\u00f3ra kocha. Przychodzi, aby nauczy\u0107 nas Jezusa, by ka\u017cdemu Go da\u0107 \u2013 m\u00f3wi\u0142 ks. Stankiewicz.<\/p>\t\t\t\t\t\t\t\t<\/div>\n\t\t\t\t<\/div>\n\t\t\t\t\t<\/div>\n\t\t<\/div>\n\t\t\t\t\t<\/div>\n\t\t<\/section>\n\t\t\t\t<div class=\"elementor-element elementor-element-edb1f38 elementor-widget elementor-widget-text-editor\" data-id=\"edb1f38\" data-element_type=\"widget\" data-e-type=\"widget\" data-widget_type=\"text-editor.default\">\n\t\t\t\t<div class=\"elementor-widget-container\">\n\t\t\t\t\t\t\t\t\t<p>Zwr\u00f3ci\u0142 uwag\u0119, aby\u015bmy zadali sobie pytanie: czego Maryja od nas oczekuje?<br \/>&#8211; Je\u015bli otworzymy Ewangeli\u0119 Jej Syna, w\u00f3wczas ukazuje si\u0119 naszym oczom jeden obraz: mi\u0142o\u015b\u0107. Maryja oczekuje od nas, ludzi wierz\u0105cych, mi\u0142o\u015bci do Boga i cz\u0142owieka; tej mi\u0142o\u015bci, kt\u00f3rej nam dzi\u015b brakuje, a kt\u00f3rej Jezus jest \u017ar\u00f3d\u0142em.<\/p><p>Kap\u0142an podkre\u015bli\u0142, \u017ce Maryja przychodzi do nas, jako matka, ale i nauczycielka. I obdarza nas mi\u0142o\u015bci\u0105 dojrza\u0142\u0105, wyra\u017caj\u0105c\u0105 si\u0119 przez konkretne czyny, w kt\u00f3rej mamy zapomnie\u0107 o sobie, ale mamy by\u0107 dla innych i dawa\u0107 innym Jezusa.<\/p><p>&#8211; \u017byj\u0105c na wz\u00f3r Maryi oznacza spala\u0107 si\u0119 z mi\u0142o\u015bci dla innych. Dlatego warto podczas tego nawiedzenia prosi\u0107 o tak\u0105 postaw\u0119. Aby zapomina\u0107 o sobie, i dawa\u0107 siebie innym, jak Jezus Chrystus. Maryja oczekuje od nas mi\u0142o\u015bci wytrwalej, wiernej po sam krzy\u017c.<\/p><p>Ko\u0144cz\u0105c rozwa\u017cania, ks. Stankiewicz zach\u0119ca\u0142 do dzi\u0119kowania Bogu za ten wyj\u0105tkowy czas nawiedzania.<\/p><p>&#8211; Jest to czas \u0142aski. Jutro po\u017cegnamy ikon\u0119, ale nie Matk\u0119, bo Matka, gdy przychodzi do swych dzieci, nigdy nie odchodzi. Pro\u015bmy, aby ka\u017cdego dnia bra\u0142a nas na Swoje r\u0119ce i uczy\u0142a prawdziwej mi\u0142o\u015bci.<\/p><p>Przed zako\u0144czeniem Eucharystii g\u0142os zabra\u0142 o. Dariusz Nowicki OSPPE, jeden z kustosz\u00f3w jasnog\u00f3rskiej ikony nawiedzenia, kt\u00f3ry przyni\u00f3s\u0142 ze sob\u0105 pami\u0105tkow\u0105 kronik\u0119 liche\u0144skiej parafii znajduj\u0105c\u0105 si\u0119 na Jasnej G\u00f3rze od lat sze\u015b\u0107dziesi\u0105tych ub. wieku. Odczyta\u0142 kilka fragment\u00f3w dotycz\u0105cych Lichenia, jakie si\u0119 w niej znajduj\u0105. Wybrzmia\u0142 w nich tytu\u0142 Bolesna Kr\u00f3lowa Polski w odniesieniu do obrazu Matki Bo\u017cej Liche\u0144skiej, za\u015b \u00f3wczesny proboszcz liche\u0144ski nazwa\u0142 Liche\u0144 \u201eNow\u0105 Cz\u0119stochow\u0105\u201d. Zach\u0119ci\u0142 wiernych do wpisywania si\u0119 do ksi\u0119gi, kt\u00f3ra pozostanie w ko\u015bciele parafialnym do ko\u0144ca nawiedzenia Maryi w wizerunku ikony jasnog\u00f3rskiej.<\/p><p>Po zako\u0144czonej Eucharystii rozpocz\u0119\u0142a si\u0119 ca\u0142onocna adoracja, w kt\u00f3rej uczestniczyli mieszka\u0144cy liche\u0144skiej parafii.<\/p>\t\t\t\t\t\t\t\t<\/div>\n\t\t\t\t<\/div>\n\t\t\t\t\t<\/div>\n\t\t<\/div>\n\t\t\t\t\t<\/div>\n\t\t<\/section>\n\t\t\t\t<section class=\"elementor-section elementor-top-section elementor-element elementor-element-8110c49 elementor-section-boxed elementor-section-height-default elementor-section-height-default\" data-id=\"8110c49\" data-element_type=\"section\" data-e-type=\"section\">\n\t\t\t\t\t\t<div class=\"elementor-container elementor-column-gap-default\">\n\t\t\t\t\t<div class=\"elementor-column elementor-col-100 elementor-top-column elementor-element elementor-element-c655f69\" data-id=\"c655f69\" data-element_type=\"column\" data-e-type=\"column\">\n\t\t\t<div class=\"elementor-widget-wrap elementor-element-populated\">\n\t\t\t\t\t\t<section class=\"elementor-section elementor-inner-section elementor-element elementor-element-87c1c18 elementor-section-boxed elementor-section-height-default elementor-section-height-default\" data-id=\"87c1c18\" data-element_type=\"section\" data-e-type=\"section\">\n\t\t\t\t\t\t<div class=\"elementor-container elementor-column-gap-default\">\n\t\t\t\t\t<div class=\"elementor-column elementor-col-50 elementor-inner-column elementor-element elementor-element-e3157f4\" data-id=\"e3157f4\" data-element_type=\"column\" data-e-type=\"column\">\n\t\t\t<div class=\"elementor-widget-wrap elementor-element-populated\">\n\t\t\t\t\t\t<div class=\"elementor-element elementor-element-b7fab33 elementor-widget elementor-widget-image\" data-id=\"b7fab33\" data-element_type=\"widget\" data-e-type=\"widget\" data-widget_type=\"image.default\">\n\t\t\t\t<div class=\"elementor-widget-container\">\n\t\t\t\t\t\t\t\t\t\t\t\t\t\t\t<img decoding=\"async\" width=\"682\" height=\"1024\" src=\"https:\/\/www.lichen.pl\/wp-content\/uploads\/2023\/08\/peregrynacja-Lichen-9-682x1024.jpg\" class=\"attachment-large size-large wp-image-56457\" alt=\"\" srcset=\"https:\/\/www.lichen.pl\/wp-content\/uploads\/2023\/08\/peregrynacja-Lichen-9-682x1024.jpg 682w, https:\/\/www.lichen.pl\/wp-content\/uploads\/2023\/08\/peregrynacja-Lichen-9-800x1200.jpg 800w, https:\/\/www.lichen.pl\/wp-content\/uploads\/2023\/08\/peregrynacja-Lichen-9-200x300.jpg 200w, https:\/\/www.lichen.pl\/wp-content\/uploads\/2023\/08\/peregrynacja-Lichen-9-768x1152.jpg 768w, https:\/\/www.lichen.pl\/wp-content\/uploads\/2023\/08\/peregrynacja-Lichen-9-1024x1536.jpg 1024w, https:\/\/www.lichen.pl\/wp-content\/uploads\/2023\/08\/peregrynacja-Lichen-9-8x12.jpg 8w, https:\/\/www.lichen.pl\/wp-content\/uploads\/2023\/08\/peregrynacja-Lichen-9.jpg 853w\" sizes=\"(max-width: 682px) 100vw, 682px\" \/>\t\t\t\t\t\t\t\t\t\t\t\t\t\t\t<\/div>\n\t\t\t\t<\/div>\n\t\t\t\t\t<\/div>\n\t\t<\/div>\n\t\t\t\t<div class=\"elementor-column elementor-col-50 elementor-inner-column elementor-element elementor-element-5e637e7\" data-id=\"5e637e7\" data-element_type=\"column\" data-e-type=\"column\">\n\t\t\t<div class=\"elementor-widget-wrap elementor-element-populated\">\n\t\t\t\t\t\t<div class=\"elementor-element elementor-element-21914d3 elementor-widget elementor-widget-text-editor\" data-id=\"21914d3\" data-element_type=\"widget\" data-e-type=\"widget\" data-widget_type=\"text-editor.default\">\n\t\t\t\t<div class=\"elementor-widget-container\">\n\t\t\t\t\t\t\t\t\t<p>Drugiego dnia peregrynacji wierni uczestniczyli we Mszy \u015bw. dla os\u00f3b starszych i chorych po\u0142\u0105czonej z sakramentem namaszczenia chorych o godz. 9.00. Przez ca\u0142y dzie\u0144 trwa\u0142a tak\u017ce adoracja i czuwanie przy kopii obrazu Matki Bo\u017cej Cz\u0119stochowskiej.<\/p><p>O godz. 16.00 rozpocz\u0119\u0142a si\u0119 Msza \u015bw. dzi\u0119kczynna za nawiedzenie, kt\u00f3rej przewodniczy\u0142 biskup senior diecezji w\u0142oc\u0142awskiej, Wies\u0142aw Mering. Homili\u0119 podczas Eucharystii wyg\u0142osi\u0142 ks. Mariusz Budkiewicz z parafii pw. Wniebowst\u0105pienia Pa\u0144skiego w miejscowo\u015bci Ochle. Kap\u0142an m\u00f3wi\u0142 o wzajemnym przenikaniu si\u0119 obydwu sanktuari\u00f3w \u2013 liche\u0144skiego i jasnog\u00f3rskiego. Przywo\u0142a\u0142 posta\u0107 b\u0142. kard. Stefana Wyszy\u0144skiego, kt\u00f3ry by\u0142 zwi\u0105zany z obydwoma tymi \u015bwi\u0119tymi miejscami. Na koniec przywo\u0142a\u0142 s\u0142owa Kardyna\u0142a Tysi\u0105clecia, m\u00f3wi\u0105c, \u017ce \u201eobraz Matki Bo\u017cej Liche\u0144skiej to obraz nowego tysi\u0105clecia\u201d.<\/p><p>Po zako\u0144czonej mszy \u015bw. i podzi\u0119kowaniach ksi\u0119dza proboszcza oraz przedstawicieli parafii, kopia ikony jasnog\u00f3rskiej odjecha\u0142a do s\u0105siedniej parafii pw. \u015bw. Stanis\u0142awa BM w Kramsku.<\/p>\t\t\t\t\t\t\t\t<\/div>\n\t\t\t\t<\/div>\n\t\t\t\t\t<\/div>\n\t\t<\/div>\n\t\t\t\t\t<\/div>\n\t\t<\/section>\n\t\t\t\t<div class=\"elementor-element elementor-element-a21cbda elementor-widget-divider--view-line_icon elementor-view-default elementor-widget-divider--element-align-center elementor-widget elementor-widget-divider\" data-id=\"a21cbda\" data-element_type=\"widget\" data-e-type=\"widget\" data-widget_type=\"divider.default\">\n\t\t\t\t<div class=\"elementor-widget-container\">\n\t\t\t\t\t\t\t<div class=\"elementor-divider\">\n\t\t\t<span class=\"elementor-divider-separator\">\n\t\t\t\t\t\t\t<div class=\"elementor-icon elementor-divider__element\">\n\t\t\t\t\t<i aria-hidden=\"true\" class=\"fas fa-camera\"><\/i><\/div>\n\t\t\t\t\t\t<\/span>\n\t\t<\/div>\n\t\t\t\t\t\t<\/div>\n\t\t\t\t<\/div>\n\t\t\t\t<div class=\"elementor-element elementor-element-6d41352 elementor-widget elementor-widget-image-gallery\" data-id=\"6d41352\" data-element_type=\"widget\" data-e-type=\"widget\" data-widget_type=\"image-gallery.default\">\n\t\t\t\t<div class=\"elementor-widget-container\">\n\t\t\t\t\t\t\t<div class=\"elementor-image-gallery\">\n\t\t\t<div id='gallery-1' class='gallery galleryid-56445 gallery-columns-6 gallery-size-thumbnail'><figure class='gallery-item'>\n\t\t\t<div class='gallery-icon landscape'>\n\t\t\t\t<a data-elementor-open-lightbox=\"yes\" data-elementor-lightbox-slideshow=\"6d41352\" data-elementor-lightbox-title=\"peregrynacja Lichen (38)\" data-e-action-hash=\"#elementor-action%3Aaction%3Dlightbox%26settings%3DeyJpZCI6NTY0ODYsInVybCI6Imh0dHBzOlwvXC93d3cubGljaGVuLnBsXC93cC1jb250ZW50XC91cGxvYWRzXC8yMDIzXC8wOFwvcGVyZWdyeW5hY2phLUxpY2hlbi0zOC5qcGciLCJzbGlkZXNob3ciOiI2ZDQxMzUyIn0%3D\" href='https:\/\/www.lichen.pl\/wp-content\/uploads\/2023\/08\/peregrynacja-Lichen-38.jpg'><img loading=\"lazy\" width=\"150\" height=\"150\" src=\"https:\/\/www.lichen.pl\/wp-content\/uploads\/2023\/08\/peregrynacja-Lichen-38-150x150.jpg\" class=\"attachment-thumbnail size-thumbnail\" alt=\"\" decoding=\"async\" srcset=\"https:\/\/www.lichen.pl\/wp-content\/uploads\/2023\/08\/peregrynacja-Lichen-38-150x150.jpg 150w, https:\/\/www.lichen.pl\/wp-content\/uploads\/2023\/08\/peregrynacja-Lichen-38-300x300.jpg 300w\" sizes=\"(max-width: 150px) 100vw, 150px\" \/><\/a>\n\t\t\t<\/div><\/figure><figure class='gallery-item'>\n\t\t\t<div class='gallery-icon landscape'>\n\t\t\t\t<a data-elementor-open-lightbox=\"yes\" data-elementor-lightbox-slideshow=\"6d41352\" data-elementor-lightbox-title=\"peregrynacja Lichen (37)\" data-e-action-hash=\"#elementor-action%3Aaction%3Dlightbox%26settings%3DeyJpZCI6NTY0ODUsInVybCI6Imh0dHBzOlwvXC93d3cubGljaGVuLnBsXC93cC1jb250ZW50XC91cGxvYWRzXC8yMDIzXC8wOFwvcGVyZWdyeW5hY2phLUxpY2hlbi0zNy5qcGciLCJzbGlkZXNob3ciOiI2ZDQxMzUyIn0%3D\" href='https:\/\/www.lichen.pl\/wp-content\/uploads\/2023\/08\/peregrynacja-Lichen-37.jpg'><img loading=\"lazy\" width=\"150\" height=\"150\" src=\"https:\/\/www.lichen.pl\/wp-content\/uploads\/2023\/08\/peregrynacja-Lichen-37-150x150.jpg\" class=\"attachment-thumbnail size-thumbnail\" alt=\"\" decoding=\"async\" srcset=\"https:\/\/www.lichen.pl\/wp-content\/uploads\/2023\/08\/peregrynacja-Lichen-37-150x150.jpg 150w, https:\/\/www.lichen.pl\/wp-content\/uploads\/2023\/08\/peregrynacja-Lichen-37-300x300.jpg 300w\" sizes=\"(max-width: 150px) 100vw, 150px\" \/><\/a>\n\t\t\t<\/div><\/figure><figure class='gallery-item'>\n\t\t\t<div class='gallery-icon portrait'>\n\t\t\t\t<a data-elementor-open-lightbox=\"yes\" data-elementor-lightbox-slideshow=\"6d41352\" data-elementor-lightbox-title=\"peregrynacja Lichen (36)\" data-e-action-hash=\"#elementor-action%3Aaction%3Dlightbox%26settings%3DeyJpZCI6NTY0ODQsInVybCI6Imh0dHBzOlwvXC93d3cubGljaGVuLnBsXC93cC1jb250ZW50XC91cGxvYWRzXC8yMDIzXC8wOFwvcGVyZWdyeW5hY2phLUxpY2hlbi0zNi5qcGciLCJzbGlkZXNob3ciOiI2ZDQxMzUyIn0%3D\" href='https:\/\/www.lichen.pl\/wp-content\/uploads\/2023\/08\/peregrynacja-Lichen-36.jpg'><img loading=\"lazy\" width=\"150\" height=\"150\" src=\"https:\/\/www.lichen.pl\/wp-content\/uploads\/2023\/08\/peregrynacja-Lichen-36-150x150.jpg\" class=\"attachment-thumbnail size-thumbnail\" alt=\"\" decoding=\"async\" srcset=\"https:\/\/www.lichen.pl\/wp-content\/uploads\/2023\/08\/peregrynacja-Lichen-36-150x150.jpg 150w, https:\/\/www.lichen.pl\/wp-content\/uploads\/2023\/08\/peregrynacja-Lichen-36-300x300.jpg 300w\" sizes=\"(max-width: 150px) 100vw, 150px\" \/><\/a>\n\t\t\t<\/div><\/figure><figure class='gallery-item'>\n\t\t\t<div class='gallery-icon landscape'>\n\t\t\t\t<a data-elementor-open-lightbox=\"yes\" data-elementor-lightbox-slideshow=\"6d41352\" data-elementor-lightbox-title=\"peregrynacja Lichen (35)\" data-e-action-hash=\"#elementor-action%3Aaction%3Dlightbox%26settings%3DeyJpZCI6NTY0ODMsInVybCI6Imh0dHBzOlwvXC93d3cubGljaGVuLnBsXC93cC1jb250ZW50XC91cGxvYWRzXC8yMDIzXC8wOFwvcGVyZWdyeW5hY2phLUxpY2hlbi0zNS5qcGciLCJzbGlkZXNob3ciOiI2ZDQxMzUyIn0%3D\" href='https:\/\/www.lichen.pl\/wp-content\/uploads\/2023\/08\/peregrynacja-Lichen-35.jpg'><img loading=\"lazy\" width=\"150\" height=\"150\" src=\"https:\/\/www.lichen.pl\/wp-content\/uploads\/2023\/08\/peregrynacja-Lichen-35-150x150.jpg\" class=\"attachment-thumbnail size-thumbnail\" alt=\"\" decoding=\"async\" srcset=\"https:\/\/www.lichen.pl\/wp-content\/uploads\/2023\/08\/peregrynacja-Lichen-35-150x150.jpg 150w, https:\/\/www.lichen.pl\/wp-content\/uploads\/2023\/08\/peregrynacja-Lichen-35-300x300.jpg 300w\" sizes=\"(max-width: 150px) 100vw, 150px\" \/><\/a>\n\t\t\t<\/div><\/figure><figure class='gallery-item'>\n\t\t\t<div class='gallery-icon landscape'>\n\t\t\t\t<a data-elementor-open-lightbox=\"yes\" data-elementor-lightbox-slideshow=\"6d41352\" data-elementor-lightbox-title=\"peregrynacja Lichen (34)\" data-e-action-hash=\"#elementor-action%3Aaction%3Dlightbox%26settings%3DeyJpZCI6NTY0ODIsInVybCI6Imh0dHBzOlwvXC93d3cubGljaGVuLnBsXC93cC1jb250ZW50XC91cGxvYWRzXC8yMDIzXC8wOFwvcGVyZWdyeW5hY2phLUxpY2hlbi0zNC5qcGciLCJzbGlkZXNob3ciOiI2ZDQxMzUyIn0%3D\" href='https:\/\/www.lichen.pl\/wp-content\/uploads\/2023\/08\/peregrynacja-Lichen-34.jpg'><img loading=\"lazy\" width=\"150\" height=\"150\" src=\"https:\/\/www.lichen.pl\/wp-content\/uploads\/2023\/08\/peregrynacja-Lichen-34-150x150.jpg\" class=\"attachment-thumbnail size-thumbnail\" alt=\"\" decoding=\"async\" srcset=\"https:\/\/www.lichen.pl\/wp-content\/uploads\/2023\/08\/peregrynacja-Lichen-34-150x150.jpg 150w, https:\/\/www.lichen.pl\/wp-content\/uploads\/2023\/08\/peregrynacja-Lichen-34-300x300.jpg 300w\" sizes=\"(max-width: 150px) 100vw, 150px\" \/><\/a>\n\t\t\t<\/div><\/figure><figure class='gallery-item'>\n\t\t\t<div class='gallery-icon landscape'>\n\t\t\t\t<a data-elementor-open-lightbox=\"yes\" data-elementor-lightbox-slideshow=\"6d41352\" data-elementor-lightbox-title=\"peregrynacja Lichen (33)\" data-e-action-hash=\"#elementor-action%3Aaction%3Dlightbox%26settings%3DeyJpZCI6NTY0ODEsInVybCI6Imh0dHBzOlwvXC93d3cubGljaGVuLnBsXC93cC1jb250ZW50XC91cGxvYWRzXC8yMDIzXC8wOFwvcGVyZWdyeW5hY2phLUxpY2hlbi0zMy5qcGciLCJzbGlkZXNob3ciOiI2ZDQxMzUyIn0%3D\" href='https:\/\/www.lichen.pl\/wp-content\/uploads\/2023\/08\/peregrynacja-Lichen-33.jpg'><img loading=\"lazy\" width=\"150\" height=\"150\" src=\"https:\/\/www.lichen.pl\/wp-content\/uploads\/2023\/08\/peregrynacja-Lichen-33-150x150.jpg\" class=\"attachment-thumbnail size-thumbnail\" alt=\"\" decoding=\"async\" srcset=\"https:\/\/www.lichen.pl\/wp-content\/uploads\/2023\/08\/peregrynacja-Lichen-33-150x150.jpg 150w, https:\/\/www.lichen.pl\/wp-content\/uploads\/2023\/08\/peregrynacja-Lichen-33-300x300.jpg 300w\" sizes=\"(max-width: 150px) 100vw, 150px\" \/><\/a>\n\t\t\t<\/div><\/figure><figure class='gallery-item'>\n\t\t\t<div class='gallery-icon landscape'>\n\t\t\t\t<a data-elementor-open-lightbox=\"yes\" data-elementor-lightbox-slideshow=\"6d41352\" data-elementor-lightbox-title=\"peregrynacja Lichen (32)\" data-e-action-hash=\"#elementor-action%3Aaction%3Dlightbox%26settings%3DeyJpZCI6NTY0ODAsInVybCI6Imh0dHBzOlwvXC93d3cubGljaGVuLnBsXC93cC1jb250ZW50XC91cGxvYWRzXC8yMDIzXC8wOFwvcGVyZWdyeW5hY2phLUxpY2hlbi0zMi5qcGciLCJzbGlkZXNob3ciOiI2ZDQxMzUyIn0%3D\" href='https:\/\/www.lichen.pl\/wp-content\/uploads\/2023\/08\/peregrynacja-Lichen-32.jpg'><img loading=\"lazy\" width=\"150\" height=\"150\" src=\"https:\/\/www.lichen.pl\/wp-content\/uploads\/2023\/08\/peregrynacja-Lichen-32-150x150.jpg\" class=\"attachment-thumbnail size-thumbnail\" alt=\"\" decoding=\"async\" srcset=\"https:\/\/www.lichen.pl\/wp-content\/uploads\/2023\/08\/peregrynacja-Lichen-32-150x150.jpg 150w, https:\/\/www.lichen.pl\/wp-content\/uploads\/2023\/08\/peregrynacja-Lichen-32-300x300.jpg 300w\" sizes=\"(max-width: 150px) 100vw, 150px\" \/><\/a>\n\t\t\t<\/div><\/figure><figure class='gallery-item'>\n\t\t\t<div class='gallery-icon landscape'>\n\t\t\t\t<a data-elementor-open-lightbox=\"yes\" data-elementor-lightbox-slideshow=\"6d41352\" data-elementor-lightbox-title=\"peregrynacja Lichen (31)\" data-e-action-hash=\"#elementor-action%3Aaction%3Dlightbox%26settings%3DeyJpZCI6NTY0NzksInVybCI6Imh0dHBzOlwvXC93d3cubGljaGVuLnBsXC93cC1jb250ZW50XC91cGxvYWRzXC8yMDIzXC8wOFwvcGVyZWdyeW5hY2phLUxpY2hlbi0zMS5qcGciLCJzbGlkZXNob3ciOiI2ZDQxMzUyIn0%3D\" href='https:\/\/www.lichen.pl\/wp-content\/uploads\/2023\/08\/peregrynacja-Lichen-31.jpg'><img loading=\"lazy\" width=\"150\" height=\"150\" src=\"https:\/\/www.lichen.pl\/wp-content\/uploads\/2023\/08\/peregrynacja-Lichen-31-150x150.jpg\" class=\"attachment-thumbnail size-thumbnail\" alt=\"\" decoding=\"async\" srcset=\"https:\/\/www.lichen.pl\/wp-content\/uploads\/2023\/08\/peregrynacja-Lichen-31-150x150.jpg 150w, https:\/\/www.lichen.pl\/wp-content\/uploads\/2023\/08\/peregrynacja-Lichen-31-300x300.jpg 300w\" sizes=\"(max-width: 150px) 100vw, 150px\" \/><\/a>\n\t\t\t<\/div><\/figure><figure class='gallery-item'>\n\t\t\t<div class='gallery-icon portrait'>\n\t\t\t\t<a data-elementor-open-lightbox=\"yes\" data-elementor-lightbox-slideshow=\"6d41352\" data-elementor-lightbox-title=\"peregrynacja Lichen (30)\" data-e-action-hash=\"#elementor-action%3Aaction%3Dlightbox%26settings%3DeyJpZCI6NTY0NzgsInVybCI6Imh0dHBzOlwvXC93d3cubGljaGVuLnBsXC93cC1jb250ZW50XC91cGxvYWRzXC8yMDIzXC8wOFwvcGVyZWdyeW5hY2phLUxpY2hlbi0zMC5qcGciLCJzbGlkZXNob3ciOiI2ZDQxMzUyIn0%3D\" href='https:\/\/www.lichen.pl\/wp-content\/uploads\/2023\/08\/peregrynacja-Lichen-30.jpg'><img loading=\"lazy\" width=\"150\" height=\"150\" src=\"https:\/\/www.lichen.pl\/wp-content\/uploads\/2023\/08\/peregrynacja-Lichen-30-150x150.jpg\" class=\"attachment-thumbnail size-thumbnail\" alt=\"\" decoding=\"async\" srcset=\"https:\/\/www.lichen.pl\/wp-content\/uploads\/2023\/08\/peregrynacja-Lichen-30-150x150.jpg 150w, https:\/\/www.lichen.pl\/wp-content\/uploads\/2023\/08\/peregrynacja-Lichen-30-300x300.jpg 300w\" sizes=\"(max-width: 150px) 100vw, 150px\" \/><\/a>\n\t\t\t<\/div><\/figure><figure class='gallery-item'>\n\t\t\t<div class='gallery-icon landscape'>\n\t\t\t\t<a data-elementor-open-lightbox=\"yes\" data-elementor-lightbox-slideshow=\"6d41352\" data-elementor-lightbox-title=\"peregrynacja Lichen (29)\" data-e-action-hash=\"#elementor-action%3Aaction%3Dlightbox%26settings%3DeyJpZCI6NTY0NzcsInVybCI6Imh0dHBzOlwvXC93d3cubGljaGVuLnBsXC93cC1jb250ZW50XC91cGxvYWRzXC8yMDIzXC8wOFwvcGVyZWdyeW5hY2phLUxpY2hlbi0yOS5qcGciLCJzbGlkZXNob3ciOiI2ZDQxMzUyIn0%3D\" href='https:\/\/www.lichen.pl\/wp-content\/uploads\/2023\/08\/peregrynacja-Lichen-29.jpg'><img loading=\"lazy\" width=\"150\" height=\"150\" src=\"https:\/\/www.lichen.pl\/wp-content\/uploads\/2023\/08\/peregrynacja-Lichen-29-150x150.jpg\" class=\"attachment-thumbnail size-thumbnail\" alt=\"\" decoding=\"async\" srcset=\"https:\/\/www.lichen.pl\/wp-content\/uploads\/2023\/08\/peregrynacja-Lichen-29-150x150.jpg 150w, https:\/\/www.lichen.pl\/wp-content\/uploads\/2023\/08\/peregrynacja-Lichen-29-300x300.jpg 300w\" sizes=\"(max-width: 150px) 100vw, 150px\" \/><\/a>\n\t\t\t<\/div><\/figure><figure class='gallery-item'>\n\t\t\t<div class='gallery-icon portrait'>\n\t\t\t\t<a data-elementor-open-lightbox=\"yes\" data-elementor-lightbox-slideshow=\"6d41352\" data-elementor-lightbox-title=\"peregrynacja Lichen (28)\" data-e-action-hash=\"#elementor-action%3Aaction%3Dlightbox%26settings%3DeyJpZCI6NTY0NzYsInVybCI6Imh0dHBzOlwvXC93d3cubGljaGVuLnBsXC93cC1jb250ZW50XC91cGxvYWRzXC8yMDIzXC8wOFwvcGVyZWdyeW5hY2phLUxpY2hlbi0yOC5qcGciLCJzbGlkZXNob3ciOiI2ZDQxMzUyIn0%3D\" href='https:\/\/www.lichen.pl\/wp-content\/uploads\/2023\/08\/peregrynacja-Lichen-28.jpg'><img loading=\"lazy\" width=\"150\" height=\"150\" src=\"https:\/\/www.lichen.pl\/wp-content\/uploads\/2023\/08\/peregrynacja-Lichen-28-150x150.jpg\" class=\"attachment-thumbnail size-thumbnail\" alt=\"\" decoding=\"async\" srcset=\"https:\/\/www.lichen.pl\/wp-content\/uploads\/2023\/08\/peregrynacja-Lichen-28-150x150.jpg 150w, https:\/\/www.lichen.pl\/wp-content\/uploads\/2023\/08\/peregrynacja-Lichen-28-300x300.jpg 300w\" sizes=\"(max-width: 150px) 100vw, 150px\" \/><\/a>\n\t\t\t<\/div><\/figure><figure class='gallery-item'>\n\t\t\t<div class='gallery-icon landscape'>\n\t\t\t\t<a data-elementor-open-lightbox=\"yes\" data-elementor-lightbox-slideshow=\"6d41352\" data-elementor-lightbox-title=\"peregrynacja Lichen (27)\" data-e-action-hash=\"#elementor-action%3Aaction%3Dlightbox%26settings%3DeyJpZCI6NTY0NzUsInVybCI6Imh0dHBzOlwvXC93d3cubGljaGVuLnBsXC93cC1jb250ZW50XC91cGxvYWRzXC8yMDIzXC8wOFwvcGVyZWdyeW5hY2phLUxpY2hlbi0yNy5qcGciLCJzbGlkZXNob3ciOiI2ZDQxMzUyIn0%3D\" href='https:\/\/www.lichen.pl\/wp-content\/uploads\/2023\/08\/peregrynacja-Lichen-27.jpg'><img loading=\"lazy\" width=\"150\" height=\"150\" src=\"https:\/\/www.lichen.pl\/wp-content\/uploads\/2023\/08\/peregrynacja-Lichen-27-150x150.jpg\" class=\"attachment-thumbnail size-thumbnail\" alt=\"\" decoding=\"async\" srcset=\"https:\/\/www.lichen.pl\/wp-content\/uploads\/2023\/08\/peregrynacja-Lichen-27-150x150.jpg 150w, https:\/\/www.lichen.pl\/wp-content\/uploads\/2023\/08\/peregrynacja-Lichen-27-300x300.jpg 300w\" sizes=\"(max-width: 150px) 100vw, 150px\" \/><\/a>\n\t\t\t<\/div><\/figure><figure class='gallery-item'>\n\t\t\t<div class='gallery-icon landscape'>\n\t\t\t\t<a data-elementor-open-lightbox=\"yes\" data-elementor-lightbox-slideshow=\"6d41352\" data-elementor-lightbox-title=\"peregrynacja Lichen (26)\" data-e-action-hash=\"#elementor-action%3Aaction%3Dlightbox%26settings%3DeyJpZCI6NTY0NzQsInVybCI6Imh0dHBzOlwvXC93d3cubGljaGVuLnBsXC93cC1jb250ZW50XC91cGxvYWRzXC8yMDIzXC8wOFwvcGVyZWdyeW5hY2phLUxpY2hlbi0yNi5qcGciLCJzbGlkZXNob3ciOiI2ZDQxMzUyIn0%3D\" href='https:\/\/www.lichen.pl\/wp-content\/uploads\/2023\/08\/peregrynacja-Lichen-26.jpg'><img loading=\"lazy\" width=\"150\" height=\"150\" src=\"https:\/\/www.lichen.pl\/wp-content\/uploads\/2023\/08\/peregrynacja-Lichen-26-150x150.jpg\" class=\"attachment-thumbnail size-thumbnail\" alt=\"\" decoding=\"async\" srcset=\"https:\/\/www.lichen.pl\/wp-content\/uploads\/2023\/08\/peregrynacja-Lichen-26-150x150.jpg 150w, https:\/\/www.lichen.pl\/wp-content\/uploads\/2023\/08\/peregrynacja-Lichen-26-300x300.jpg 300w\" sizes=\"(max-width: 150px) 100vw, 150px\" \/><\/a>\n\t\t\t<\/div><\/figure><figure class='gallery-item'>\n\t\t\t<div class='gallery-icon portrait'>\n\t\t\t\t<a data-elementor-open-lightbox=\"yes\" data-elementor-lightbox-slideshow=\"6d41352\" data-elementor-lightbox-title=\"peregrynacja Lichen (25)\" data-e-action-hash=\"#elementor-action%3Aaction%3Dlightbox%26settings%3DeyJpZCI6NTY0NzMsInVybCI6Imh0dHBzOlwvXC93d3cubGljaGVuLnBsXC93cC1jb250ZW50XC91cGxvYWRzXC8yMDIzXC8wOFwvcGVyZWdyeW5hY2phLUxpY2hlbi0yNS5qcGciLCJzbGlkZXNob3ciOiI2ZDQxMzUyIn0%3D\" href='https:\/\/www.lichen.pl\/wp-content\/uploads\/2023\/08\/peregrynacja-Lichen-25.jpg'><img loading=\"lazy\" width=\"150\" height=\"150\" src=\"https:\/\/www.lichen.pl\/wp-content\/uploads\/2023\/08\/peregrynacja-Lichen-25-150x150.jpg\" class=\"attachment-thumbnail size-thumbnail\" alt=\"\" decoding=\"async\" srcset=\"https:\/\/www.lichen.pl\/wp-content\/uploads\/2023\/08\/peregrynacja-Lichen-25-150x150.jpg 150w, https:\/\/www.lichen.pl\/wp-content\/uploads\/2023\/08\/peregrynacja-Lichen-25-300x300.jpg 300w\" sizes=\"(max-width: 150px) 100vw, 150px\" \/><\/a>\n\t\t\t<\/div><\/figure><figure class='gallery-item'>\n\t\t\t<div class='gallery-icon landscape'>\n\t\t\t\t<a data-elementor-open-lightbox=\"yes\" data-elementor-lightbox-slideshow=\"6d41352\" data-elementor-lightbox-title=\"peregrynacja Lichen (24)\" data-e-action-hash=\"#elementor-action%3Aaction%3Dlightbox%26settings%3DeyJpZCI6NTY0NzIsInVybCI6Imh0dHBzOlwvXC93d3cubGljaGVuLnBsXC93cC1jb250ZW50XC91cGxvYWRzXC8yMDIzXC8wOFwvcGVyZWdyeW5hY2phLUxpY2hlbi0yNC5qcGciLCJzbGlkZXNob3ciOiI2ZDQxMzUyIn0%3D\" href='https:\/\/www.lichen.pl\/wp-content\/uploads\/2023\/08\/peregrynacja-Lichen-24.jpg'><img loading=\"lazy\" width=\"150\" height=\"150\" src=\"https:\/\/www.lichen.pl\/wp-content\/uploads\/2023\/08\/peregrynacja-Lichen-24-150x150.jpg\" class=\"attachment-thumbnail size-thumbnail\" alt=\"\" decoding=\"async\" srcset=\"https:\/\/www.lichen.pl\/wp-content\/uploads\/2023\/08\/peregrynacja-Lichen-24-150x150.jpg 150w, https:\/\/www.lichen.pl\/wp-content\/uploads\/2023\/08\/peregrynacja-Lichen-24-300x300.jpg 300w\" sizes=\"(max-width: 150px) 100vw, 150px\" \/><\/a>\n\t\t\t<\/div><\/figure><figure class='gallery-item'>\n\t\t\t<div class='gallery-icon portrait'>\n\t\t\t\t<a data-elementor-open-lightbox=\"yes\" data-elementor-lightbox-slideshow=\"6d41352\" data-elementor-lightbox-title=\"peregrynacja Lichen (23)\" data-e-action-hash=\"#elementor-action%3Aaction%3Dlightbox%26settings%3DeyJpZCI6NTY0NzEsInVybCI6Imh0dHBzOlwvXC93d3cubGljaGVuLnBsXC93cC1jb250ZW50XC91cGxvYWRzXC8yMDIzXC8wOFwvcGVyZWdyeW5hY2phLUxpY2hlbi0yMy5qcGciLCJzbGlkZXNob3ciOiI2ZDQxMzUyIn0%3D\" href='https:\/\/www.lichen.pl\/wp-content\/uploads\/2023\/08\/peregrynacja-Lichen-23.jpg'><img loading=\"lazy\" width=\"150\" height=\"150\" src=\"https:\/\/www.lichen.pl\/wp-content\/uploads\/2023\/08\/peregrynacja-Lichen-23-150x150.jpg\" class=\"attachment-thumbnail size-thumbnail\" alt=\"\" decoding=\"async\" srcset=\"https:\/\/www.lichen.pl\/wp-content\/uploads\/2023\/08\/peregrynacja-Lichen-23-150x150.jpg 150w, https:\/\/www.lichen.pl\/wp-content\/uploads\/2023\/08\/peregrynacja-Lichen-23-300x300.jpg 300w\" sizes=\"(max-width: 150px) 100vw, 150px\" \/><\/a>\n\t\t\t<\/div><\/figure><figure class='gallery-item'>\n\t\t\t<div class='gallery-icon portrait'>\n\t\t\t\t<a data-elementor-open-lightbox=\"yes\" data-elementor-lightbox-slideshow=\"6d41352\" data-elementor-lightbox-title=\"peregrynacja Lichen (22)\" data-e-action-hash=\"#elementor-action%3Aaction%3Dlightbox%26settings%3DeyJpZCI6NTY0NzAsInVybCI6Imh0dHBzOlwvXC93d3cubGljaGVuLnBsXC93cC1jb250ZW50XC91cGxvYWRzXC8yMDIzXC8wOFwvcGVyZWdyeW5hY2phLUxpY2hlbi0yMi5qcGciLCJzbGlkZXNob3ciOiI2ZDQxMzUyIn0%3D\" href='https:\/\/www.lichen.pl\/wp-content\/uploads\/2023\/08\/peregrynacja-Lichen-22.jpg'><img loading=\"lazy\" width=\"150\" height=\"150\" src=\"https:\/\/www.lichen.pl\/wp-content\/uploads\/2023\/08\/peregrynacja-Lichen-22-150x150.jpg\" class=\"attachment-thumbnail size-thumbnail\" alt=\"\" decoding=\"async\" srcset=\"https:\/\/www.lichen.pl\/wp-content\/uploads\/2023\/08\/peregrynacja-Lichen-22-150x150.jpg 150w, https:\/\/www.lichen.pl\/wp-content\/uploads\/2023\/08\/peregrynacja-Lichen-22-300x300.jpg 300w\" sizes=\"(max-width: 150px) 100vw, 150px\" \/><\/a>\n\t\t\t<\/div><\/figure><figure class='gallery-item'>\n\t\t\t<div class='gallery-icon portrait'>\n\t\t\t\t<a data-elementor-open-lightbox=\"yes\" data-elementor-lightbox-slideshow=\"6d41352\" data-elementor-lightbox-title=\"peregrynacja Lichen (21)\" data-e-action-hash=\"#elementor-action%3Aaction%3Dlightbox%26settings%3DeyJpZCI6NTY0NjksInVybCI6Imh0dHBzOlwvXC93d3cubGljaGVuLnBsXC93cC1jb250ZW50XC91cGxvYWRzXC8yMDIzXC8wOFwvcGVyZWdyeW5hY2phLUxpY2hlbi0yMS5qcGciLCJzbGlkZXNob3ciOiI2ZDQxMzUyIn0%3D\" href='https:\/\/www.lichen.pl\/wp-content\/uploads\/2023\/08\/peregrynacja-Lichen-21.jpg'><img loading=\"lazy\" width=\"150\" height=\"150\" src=\"https:\/\/www.lichen.pl\/wp-content\/uploads\/2023\/08\/peregrynacja-Lichen-21-150x150.jpg\" class=\"attachment-thumbnail size-thumbnail\" alt=\"\" decoding=\"async\" srcset=\"https:\/\/www.lichen.pl\/wp-content\/uploads\/2023\/08\/peregrynacja-Lichen-21-150x150.jpg 150w, https:\/\/www.lichen.pl\/wp-content\/uploads\/2023\/08\/peregrynacja-Lichen-21-300x300.jpg 300w\" sizes=\"(max-width: 150px) 100vw, 150px\" \/><\/a>\n\t\t\t<\/div><\/figure><figure class='gallery-item'>\n\t\t\t<div class='gallery-icon landscape'>\n\t\t\t\t<a data-elementor-open-lightbox=\"yes\" data-elementor-lightbox-slideshow=\"6d41352\" data-elementor-lightbox-title=\"peregrynacja Lichen (20)\" data-e-action-hash=\"#elementor-action%3Aaction%3Dlightbox%26settings%3DeyJpZCI6NTY0NjgsInVybCI6Imh0dHBzOlwvXC93d3cubGljaGVuLnBsXC93cC1jb250ZW50XC91cGxvYWRzXC8yMDIzXC8wOFwvcGVyZWdyeW5hY2phLUxpY2hlbi0yMC5qcGciLCJzbGlkZXNob3ciOiI2ZDQxMzUyIn0%3D\" href='https:\/\/www.lichen.pl\/wp-content\/uploads\/2023\/08\/peregrynacja-Lichen-20.jpg'><img loading=\"lazy\" width=\"150\" height=\"150\" src=\"https:\/\/www.lichen.pl\/wp-content\/uploads\/2023\/08\/peregrynacja-Lichen-20-150x150.jpg\" class=\"attachment-thumbnail size-thumbnail\" alt=\"\" decoding=\"async\" srcset=\"https:\/\/www.lichen.pl\/wp-content\/uploads\/2023\/08\/peregrynacja-Lichen-20-150x150.jpg 150w, https:\/\/www.lichen.pl\/wp-content\/uploads\/2023\/08\/peregrynacja-Lichen-20-300x300.jpg 300w\" sizes=\"(max-width: 150px) 100vw, 150px\" \/><\/a>\n\t\t\t<\/div><\/figure><figure class='gallery-item'>\n\t\t\t<div class='gallery-icon portrait'>\n\t\t\t\t<a data-elementor-open-lightbox=\"yes\" data-elementor-lightbox-slideshow=\"6d41352\" data-elementor-lightbox-title=\"peregrynacja Lichen (19)\" data-e-action-hash=\"#elementor-action%3Aaction%3Dlightbox%26settings%3DeyJpZCI6NTY0NjcsInVybCI6Imh0dHBzOlwvXC93d3cubGljaGVuLnBsXC93cC1jb250ZW50XC91cGxvYWRzXC8yMDIzXC8wOFwvcGVyZWdyeW5hY2phLUxpY2hlbi0xOS5qcGciLCJzbGlkZXNob3ciOiI2ZDQxMzUyIn0%3D\" href='https:\/\/www.lichen.pl\/wp-content\/uploads\/2023\/08\/peregrynacja-Lichen-19.jpg'><img loading=\"lazy\" width=\"150\" height=\"150\" src=\"https:\/\/www.lichen.pl\/wp-content\/uploads\/2023\/08\/peregrynacja-Lichen-19-150x150.jpg\" class=\"attachment-thumbnail size-thumbnail\" alt=\"\" decoding=\"async\" srcset=\"https:\/\/www.lichen.pl\/wp-content\/uploads\/2023\/08\/peregrynacja-Lichen-19-150x150.jpg 150w, https:\/\/www.lichen.pl\/wp-content\/uploads\/2023\/08\/peregrynacja-Lichen-19-300x300.jpg 300w\" sizes=\"(max-width: 150px) 100vw, 150px\" \/><\/a>\n\t\t\t<\/div><\/figure><figure class='gallery-item'>\n\t\t\t<div class='gallery-icon landscape'>\n\t\t\t\t<a data-elementor-open-lightbox=\"yes\" data-elementor-lightbox-slideshow=\"6d41352\" data-elementor-lightbox-title=\"peregrynacja Lichen (17)\" data-e-action-hash=\"#elementor-action%3Aaction%3Dlightbox%26settings%3DeyJpZCI6NTY0NjUsInVybCI6Imh0dHBzOlwvXC93d3cubGljaGVuLnBsXC93cC1jb250ZW50XC91cGxvYWRzXC8yMDIzXC8wOFwvcGVyZWdyeW5hY2phLUxpY2hlbi0xNy5qcGciLCJzbGlkZXNob3ciOiI2ZDQxMzUyIn0%3D\" href='https:\/\/www.lichen.pl\/wp-content\/uploads\/2023\/08\/peregrynacja-Lichen-17.jpg'><img loading=\"lazy\" width=\"150\" height=\"150\" src=\"https:\/\/www.lichen.pl\/wp-content\/uploads\/2023\/08\/peregrynacja-Lichen-17-150x150.jpg\" class=\"attachment-thumbnail size-thumbnail\" alt=\"\" decoding=\"async\" srcset=\"https:\/\/www.lichen.pl\/wp-content\/uploads\/2023\/08\/peregrynacja-Lichen-17-150x150.jpg 150w, https:\/\/www.lichen.pl\/wp-content\/uploads\/2023\/08\/peregrynacja-Lichen-17-300x300.jpg 300w\" sizes=\"(max-width: 150px) 100vw, 150px\" \/><\/a>\n\t\t\t<\/div><\/figure><figure class='gallery-item'>\n\t\t\t<div class='gallery-icon landscape'>\n\t\t\t\t<a data-elementor-open-lightbox=\"yes\" data-elementor-lightbox-slideshow=\"6d41352\" data-elementor-lightbox-title=\"peregrynacja Lichen (16)\" data-e-action-hash=\"#elementor-action%3Aaction%3Dlightbox%26settings%3DeyJpZCI6NTY0NjQsInVybCI6Imh0dHBzOlwvXC93d3cubGljaGVuLnBsXC93cC1jb250ZW50XC91cGxvYWRzXC8yMDIzXC8wOFwvcGVyZWdyeW5hY2phLUxpY2hlbi0xNi5qcGciLCJzbGlkZXNob3ciOiI2ZDQxMzUyIn0%3D\" href='https:\/\/www.lichen.pl\/wp-content\/uploads\/2023\/08\/peregrynacja-Lichen-16.jpg'><img loading=\"lazy\" width=\"150\" height=\"150\" src=\"https:\/\/www.lichen.pl\/wp-content\/uploads\/2023\/08\/peregrynacja-Lichen-16-150x150.jpg\" class=\"attachment-thumbnail size-thumbnail\" alt=\"\" decoding=\"async\" srcset=\"https:\/\/www.lichen.pl\/wp-content\/uploads\/2023\/08\/peregrynacja-Lichen-16-150x150.jpg 150w, https:\/\/www.lichen.pl\/wp-content\/uploads\/2023\/08\/peregrynacja-Lichen-16-300x300.jpg 300w\" sizes=\"(max-width: 150px) 100vw, 150px\" \/><\/a>\n\t\t\t<\/div><\/figure><figure class='gallery-item'>\n\t\t\t<div class='gallery-icon portrait'>\n\t\t\t\t<a data-elementor-open-lightbox=\"yes\" data-elementor-lightbox-slideshow=\"6d41352\" data-elementor-lightbox-title=\"peregrynacja Lichen (15)\" data-e-action-hash=\"#elementor-action%3Aaction%3Dlightbox%26settings%3DeyJpZCI6NTY0NjMsInVybCI6Imh0dHBzOlwvXC93d3cubGljaGVuLnBsXC93cC1jb250ZW50XC91cGxvYWRzXC8yMDIzXC8wOFwvcGVyZWdyeW5hY2phLUxpY2hlbi0xNS5qcGciLCJzbGlkZXNob3ciOiI2ZDQxMzUyIn0%3D\" href='https:\/\/www.lichen.pl\/wp-content\/uploads\/2023\/08\/peregrynacja-Lichen-15.jpg'><img loading=\"lazy\" width=\"150\" height=\"150\" src=\"https:\/\/www.lichen.pl\/wp-content\/uploads\/2023\/08\/peregrynacja-Lichen-15-150x150.jpg\" class=\"attachment-thumbnail size-thumbnail\" alt=\"\" decoding=\"async\" srcset=\"https:\/\/www.lichen.pl\/wp-content\/uploads\/2023\/08\/peregrynacja-Lichen-15-150x150.jpg 150w, https:\/\/www.lichen.pl\/wp-content\/uploads\/2023\/08\/peregrynacja-Lichen-15-300x300.jpg 300w\" sizes=\"(max-width: 150px) 100vw, 150px\" \/><\/a>\n\t\t\t<\/div><\/figure><figure class='gallery-item'>\n\t\t\t<div class='gallery-icon portrait'>\n\t\t\t\t<a data-elementor-open-lightbox=\"yes\" data-elementor-lightbox-slideshow=\"6d41352\" data-elementor-lightbox-title=\"peregrynacja Lichen (14)\" data-e-action-hash=\"#elementor-action%3Aaction%3Dlightbox%26settings%3DeyJpZCI6NTY0NjIsInVybCI6Imh0dHBzOlwvXC93d3cubGljaGVuLnBsXC93cC1jb250ZW50XC91cGxvYWRzXC8yMDIzXC8wOFwvcGVyZWdyeW5hY2phLUxpY2hlbi0xNC5qcGciLCJzbGlkZXNob3ciOiI2ZDQxMzUyIn0%3D\" href='https:\/\/www.lichen.pl\/wp-content\/uploads\/2023\/08\/peregrynacja-Lichen-14.jpg'><img loading=\"lazy\" width=\"150\" height=\"150\" src=\"https:\/\/www.lichen.pl\/wp-content\/uploads\/2023\/08\/peregrynacja-Lichen-14-150x150.jpg\" class=\"attachment-thumbnail size-thumbnail\" alt=\"\" decoding=\"async\" srcset=\"https:\/\/www.lichen.pl\/wp-content\/uploads\/2023\/08\/peregrynacja-Lichen-14-150x150.jpg 150w, https:\/\/www.lichen.pl\/wp-content\/uploads\/2023\/08\/peregrynacja-Lichen-14-300x300.jpg 300w\" sizes=\"(max-width: 150px) 100vw, 150px\" \/><\/a>\n\t\t\t<\/div><\/figure><figure class='gallery-item'>\n\t\t\t<div class='gallery-icon landscape'>\n\t\t\t\t<a data-elementor-open-lightbox=\"yes\" data-elementor-lightbox-slideshow=\"6d41352\" data-elementor-lightbox-title=\"peregrynacja Lichen (13)\" data-e-action-hash=\"#elementor-action%3Aaction%3Dlightbox%26settings%3DeyJpZCI6NTY0NjEsInVybCI6Imh0dHBzOlwvXC93d3cubGljaGVuLnBsXC93cC1jb250ZW50XC91cGxvYWRzXC8yMDIzXC8wOFwvcGVyZWdyeW5hY2phLUxpY2hlbi0xMy5qcGciLCJzbGlkZXNob3ciOiI2ZDQxMzUyIn0%3D\" href='https:\/\/www.lichen.pl\/wp-content\/uploads\/2023\/08\/peregrynacja-Lichen-13.jpg'><img loading=\"lazy\" width=\"150\" height=\"150\" src=\"https:\/\/www.lichen.pl\/wp-content\/uploads\/2023\/08\/peregrynacja-Lichen-13-150x150.jpg\" class=\"attachment-thumbnail size-thumbnail\" alt=\"\" decoding=\"async\" srcset=\"https:\/\/www.lichen.pl\/wp-content\/uploads\/2023\/08\/peregrynacja-Lichen-13-150x150.jpg 150w, https:\/\/www.lichen.pl\/wp-content\/uploads\/2023\/08\/peregrynacja-Lichen-13-300x300.jpg 300w\" sizes=\"(max-width: 150px) 100vw, 150px\" \/><\/a>\n\t\t\t<\/div><\/figure><figure class='gallery-item'>\n\t\t\t<div class='gallery-icon landscape'>\n\t\t\t\t<a data-elementor-open-lightbox=\"yes\" data-elementor-lightbox-slideshow=\"6d41352\" data-elementor-lightbox-title=\"peregrynacja Lichen (12)\" data-e-action-hash=\"#elementor-action%3Aaction%3Dlightbox%26settings%3DeyJpZCI6NTY0NjAsInVybCI6Imh0dHBzOlwvXC93d3cubGljaGVuLnBsXC93cC1jb250ZW50XC91cGxvYWRzXC8yMDIzXC8wOFwvcGVyZWdyeW5hY2phLUxpY2hlbi0xMi5qcGciLCJzbGlkZXNob3ciOiI2ZDQxMzUyIn0%3D\" href='https:\/\/www.lichen.pl\/wp-content\/uploads\/2023\/08\/peregrynacja-Lichen-12.jpg'><img loading=\"lazy\" width=\"150\" height=\"150\" src=\"https:\/\/www.lichen.pl\/wp-content\/uploads\/2023\/08\/peregrynacja-Lichen-12-150x150.jpg\" class=\"attachment-thumbnail size-thumbnail\" alt=\"\" decoding=\"async\" srcset=\"https:\/\/www.lichen.pl\/wp-content\/uploads\/2023\/08\/peregrynacja-Lichen-12-150x150.jpg 150w, https:\/\/www.lichen.pl\/wp-content\/uploads\/2023\/08\/peregrynacja-Lichen-12-300x300.jpg 300w\" sizes=\"(max-width: 150px) 100vw, 150px\" \/><\/a>\n\t\t\t<\/div><\/figure><figure class='gallery-item'>\n\t\t\t<div class='gallery-icon portrait'>\n\t\t\t\t<a data-elementor-open-lightbox=\"yes\" data-elementor-lightbox-slideshow=\"6d41352\" data-elementor-lightbox-title=\"peregrynacja Lichen (10)\" data-e-action-hash=\"#elementor-action%3Aaction%3Dlightbox%26settings%3DeyJpZCI6NTY0NTgsInVybCI6Imh0dHBzOlwvXC93d3cubGljaGVuLnBsXC93cC1jb250ZW50XC91cGxvYWRzXC8yMDIzXC8wOFwvcGVyZWdyeW5hY2phLUxpY2hlbi0xMC5qcGciLCJzbGlkZXNob3ciOiI2ZDQxMzUyIn0%3D\" href='https:\/\/www.lichen.pl\/wp-content\/uploads\/2023\/08\/peregrynacja-Lichen-10.jpg'><img loading=\"lazy\" width=\"150\" height=\"150\" src=\"https:\/\/www.lichen.pl\/wp-content\/uploads\/2023\/08\/peregrynacja-Lichen-10-150x150.jpg\" class=\"attachment-thumbnail size-thumbnail\" alt=\"\" decoding=\"async\" srcset=\"https:\/\/www.lichen.pl\/wp-content\/uploads\/2023\/08\/peregrynacja-Lichen-10-150x150.jpg 150w, https:\/\/www.lichen.pl\/wp-content\/uploads\/2023\/08\/peregrynacja-Lichen-10-300x300.jpg 300w\" sizes=\"(max-width: 150px) 100vw, 150px\" \/><\/a>\n\t\t\t<\/div><\/figure><figure class='gallery-item'>\n\t\t\t<div class='gallery-icon portrait'>\n\t\t\t\t<a data-elementor-open-lightbox=\"yes\" data-elementor-lightbox-slideshow=\"6d41352\" data-elementor-lightbox-title=\"peregrynacja Lichen (9)\" data-e-action-hash=\"#elementor-action%3Aaction%3Dlightbox%26settings%3DeyJpZCI6NTY0NTcsInVybCI6Imh0dHBzOlwvXC93d3cubGljaGVuLnBsXC93cC1jb250ZW50XC91cGxvYWRzXC8yMDIzXC8wOFwvcGVyZWdyeW5hY2phLUxpY2hlbi05LmpwZyIsInNsaWRlc2hvdyI6IjZkNDEzNTIifQ%3D%3D\" href='https:\/\/www.lichen.pl\/wp-content\/uploads\/2023\/08\/peregrynacja-Lichen-9.jpg'><img loading=\"lazy\" width=\"150\" height=\"150\" src=\"https:\/\/www.lichen.pl\/wp-content\/uploads\/2023\/08\/peregrynacja-Lichen-9-150x150.jpg\" class=\"attachment-thumbnail size-thumbnail\" alt=\"\" decoding=\"async\" srcset=\"https:\/\/www.lichen.pl\/wp-content\/uploads\/2023\/08\/peregrynacja-Lichen-9-150x150.jpg 150w, https:\/\/www.lichen.pl\/wp-content\/uploads\/2023\/08\/peregrynacja-Lichen-9-300x300.jpg 300w\" sizes=\"(max-width: 150px) 100vw, 150px\" \/><\/a>\n\t\t\t<\/div><\/figure><figure class='gallery-item'>\n\t\t\t<div class='gallery-icon portrait'>\n\t\t\t\t<a data-elementor-open-lightbox=\"yes\" data-elementor-lightbox-slideshow=\"6d41352\" data-elementor-lightbox-title=\"peregrynacja Lichen (8)\" data-e-action-hash=\"#elementor-action%3Aaction%3Dlightbox%26settings%3DeyJpZCI6NTY0NTYsInVybCI6Imh0dHBzOlwvXC93d3cubGljaGVuLnBsXC93cC1jb250ZW50XC91cGxvYWRzXC8yMDIzXC8wOFwvcGVyZWdyeW5hY2phLUxpY2hlbi04LmpwZyIsInNsaWRlc2hvdyI6IjZkNDEzNTIifQ%3D%3D\" href='https:\/\/www.lichen.pl\/wp-content\/uploads\/2023\/08\/peregrynacja-Lichen-8.jpg'><img loading=\"lazy\" width=\"150\" height=\"150\" src=\"https:\/\/www.lichen.pl\/wp-content\/uploads\/2023\/08\/peregrynacja-Lichen-8-150x150.jpg\" class=\"attachment-thumbnail size-thumbnail\" alt=\"\" decoding=\"async\" srcset=\"https:\/\/www.lichen.pl\/wp-content\/uploads\/2023\/08\/peregrynacja-Lichen-8-150x150.jpg 150w, https:\/\/www.lichen.pl\/wp-content\/uploads\/2023\/08\/peregrynacja-Lichen-8-300x300.jpg 300w\" sizes=\"(max-width: 150px) 100vw, 150px\" \/><\/a>\n\t\t\t<\/div><\/figure><figure class='gallery-item'>\n\t\t\t<div class='gallery-icon portrait'>\n\t\t\t\t<a data-elementor-open-lightbox=\"yes\" data-elementor-lightbox-slideshow=\"6d41352\" data-elementor-lightbox-title=\"peregrynacja Lichen (7)\" data-e-action-hash=\"#elementor-action%3Aaction%3Dlightbox%26settings%3DeyJpZCI6NTY0NTUsInVybCI6Imh0dHBzOlwvXC93d3cubGljaGVuLnBsXC93cC1jb250ZW50XC91cGxvYWRzXC8yMDIzXC8wOFwvcGVyZWdyeW5hY2phLUxpY2hlbi03LmpwZyIsInNsaWRlc2hvdyI6IjZkNDEzNTIifQ%3D%3D\" href='https:\/\/www.lichen.pl\/wp-content\/uploads\/2023\/08\/peregrynacja-Lichen-7.jpg'><img loading=\"lazy\" width=\"150\" height=\"150\" src=\"https:\/\/www.lichen.pl\/wp-content\/uploads\/2023\/08\/peregrynacja-Lichen-7-150x150.jpg\" class=\"attachment-thumbnail size-thumbnail\" alt=\"\" decoding=\"async\" srcset=\"https:\/\/www.lichen.pl\/wp-content\/uploads\/2023\/08\/peregrynacja-Lichen-7-150x150.jpg 150w, https:\/\/www.lichen.pl\/wp-content\/uploads\/2023\/08\/peregrynacja-Lichen-7-300x300.jpg 300w\" sizes=\"(max-width: 150px) 100vw, 150px\" \/><\/a>\n\t\t\t<\/div><\/figure><figure class='gallery-item'>\n\t\t\t<div class='gallery-icon landscape'>\n\t\t\t\t<a data-elementor-open-lightbox=\"yes\" data-elementor-lightbox-slideshow=\"6d41352\" data-elementor-lightbox-title=\"peregrynacja Lichen (6)\" data-e-action-hash=\"#elementor-action%3Aaction%3Dlightbox%26settings%3DeyJpZCI6NTY0NTQsInVybCI6Imh0dHBzOlwvXC93d3cubGljaGVuLnBsXC93cC1jb250ZW50XC91cGxvYWRzXC8yMDIzXC8wOFwvcGVyZWdyeW5hY2phLUxpY2hlbi02LmpwZyIsInNsaWRlc2hvdyI6IjZkNDEzNTIifQ%3D%3D\" href='https:\/\/www.lichen.pl\/wp-content\/uploads\/2023\/08\/peregrynacja-Lichen-6.jpg'><img loading=\"lazy\" width=\"150\" height=\"150\" src=\"https:\/\/www.lichen.pl\/wp-content\/uploads\/2023\/08\/peregrynacja-Lichen-6-150x150.jpg\" class=\"attachment-thumbnail size-thumbnail\" alt=\"\" decoding=\"async\" srcset=\"https:\/\/www.lichen.pl\/wp-content\/uploads\/2023\/08\/peregrynacja-Lichen-6-150x150.jpg 150w, https:\/\/www.lichen.pl\/wp-content\/uploads\/2023\/08\/peregrynacja-Lichen-6-300x300.jpg 300w\" sizes=\"(max-width: 150px) 100vw, 150px\" \/><\/a>\n\t\t\t<\/div><\/figure><figure class='gallery-item'>\n\t\t\t<div class='gallery-icon landscape'>\n\t\t\t\t<a data-elementor-open-lightbox=\"yes\" data-elementor-lightbox-slideshow=\"6d41352\" data-elementor-lightbox-title=\"peregrynacja Lichen (5)\" data-e-action-hash=\"#elementor-action%3Aaction%3Dlightbox%26settings%3DeyJpZCI6NTY0NTMsInVybCI6Imh0dHBzOlwvXC93d3cubGljaGVuLnBsXC93cC1jb250ZW50XC91cGxvYWRzXC8yMDIzXC8wOFwvcGVyZWdyeW5hY2phLUxpY2hlbi01LmpwZyIsInNsaWRlc2hvdyI6IjZkNDEzNTIifQ%3D%3D\" href='https:\/\/www.lichen.pl\/wp-content\/uploads\/2023\/08\/peregrynacja-Lichen-5.jpg'><img loading=\"lazy\" width=\"150\" height=\"150\" src=\"https:\/\/www.lichen.pl\/wp-content\/uploads\/2023\/08\/peregrynacja-Lichen-5-150x150.jpg\" class=\"attachment-thumbnail size-thumbnail\" alt=\"\" decoding=\"async\" srcset=\"https:\/\/www.lichen.pl\/wp-content\/uploads\/2023\/08\/peregrynacja-Lichen-5-150x150.jpg 150w, https:\/\/www.lichen.pl\/wp-content\/uploads\/2023\/08\/peregrynacja-Lichen-5-300x300.jpg 300w\" sizes=\"(max-width: 150px) 100vw, 150px\" \/><\/a>\n\t\t\t<\/div><\/figure><figure class='gallery-item'>\n\t\t\t<div class='gallery-icon landscape'>\n\t\t\t\t<a data-elementor-open-lightbox=\"yes\" data-elementor-lightbox-slideshow=\"6d41352\" data-elementor-lightbox-title=\"peregrynacja Lichen (4)\" data-e-action-hash=\"#elementor-action%3Aaction%3Dlightbox%26settings%3DeyJpZCI6NTY0NTIsInVybCI6Imh0dHBzOlwvXC93d3cubGljaGVuLnBsXC93cC1jb250ZW50XC91cGxvYWRzXC8yMDIzXC8wOFwvcGVyZWdyeW5hY2phLUxpY2hlbi00LmpwZyIsInNsaWRlc2hvdyI6IjZkNDEzNTIifQ%3D%3D\" href='https:\/\/www.lichen.pl\/wp-content\/uploads\/2023\/08\/peregrynacja-Lichen-4.jpg'><img loading=\"lazy\" width=\"150\" height=\"150\" src=\"https:\/\/www.lichen.pl\/wp-content\/uploads\/2023\/08\/peregrynacja-Lichen-4-150x150.jpg\" class=\"attachment-thumbnail size-thumbnail\" alt=\"\" decoding=\"async\" srcset=\"https:\/\/www.lichen.pl\/wp-content\/uploads\/2023\/08\/peregrynacja-Lichen-4-150x150.jpg 150w, https:\/\/www.lichen.pl\/wp-content\/uploads\/2023\/08\/peregrynacja-Lichen-4-300x300.jpg 300w\" sizes=\"(max-width: 150px) 100vw, 150px\" \/><\/a>\n\t\t\t<\/div><\/figure><figure class='gallery-item'>\n\t\t\t<div class='gallery-icon landscape'>\n\t\t\t\t<a data-elementor-open-lightbox=\"yes\" data-elementor-lightbox-slideshow=\"6d41352\" data-elementor-lightbox-title=\"peregrynacja Lichen (3)\" data-e-action-hash=\"#elementor-action%3Aaction%3Dlightbox%26settings%3DeyJpZCI6NTY0NTEsInVybCI6Imh0dHBzOlwvXC93d3cubGljaGVuLnBsXC93cC1jb250ZW50XC91cGxvYWRzXC8yMDIzXC8wOFwvcGVyZWdyeW5hY2phLUxpY2hlbi0zLmpwZyIsInNsaWRlc2hvdyI6IjZkNDEzNTIifQ%3D%3D\" href='https:\/\/www.lichen.pl\/wp-content\/uploads\/2023\/08\/peregrynacja-Lichen-3.jpg'><img loading=\"lazy\" width=\"150\" height=\"150\" src=\"https:\/\/www.lichen.pl\/wp-content\/uploads\/2023\/08\/peregrynacja-Lichen-3-150x150.jpg\" class=\"attachment-thumbnail size-thumbnail\" alt=\"\" decoding=\"async\" srcset=\"https:\/\/www.lichen.pl\/wp-content\/uploads\/2023\/08\/peregrynacja-Lichen-3-150x150.jpg 150w, https:\/\/www.lichen.pl\/wp-content\/uploads\/2023\/08\/peregrynacja-Lichen-3-300x300.jpg 300w\" sizes=\"(max-width: 150px) 100vw, 150px\" \/><\/a>\n\t\t\t<\/div><\/figure><figure class='gallery-item'>\n\t\t\t<div class='gallery-icon landscape'>\n\t\t\t\t<a data-elementor-open-lightbox=\"yes\" data-elementor-lightbox-slideshow=\"6d41352\" data-elementor-lightbox-title=\"peregrynacja Lichen (2)\" data-e-action-hash=\"#elementor-action%3Aaction%3Dlightbox%26settings%3DeyJpZCI6NTY0NTAsInVybCI6Imh0dHBzOlwvXC93d3cubGljaGVuLnBsXC93cC1jb250ZW50XC91cGxvYWRzXC8yMDIzXC8wOFwvcGVyZWdyeW5hY2phLUxpY2hlbi0yLmpwZyIsInNsaWRlc2hvdyI6IjZkNDEzNTIifQ%3D%3D\" href='https:\/\/www.lichen.pl\/wp-content\/uploads\/2023\/08\/peregrynacja-Lichen-2.jpg'><img loading=\"lazy\" width=\"150\" height=\"150\" src=\"https:\/\/www.lichen.pl\/wp-content\/uploads\/2023\/08\/peregrynacja-Lichen-2-150x150.jpg\" class=\"attachment-thumbnail size-thumbnail\" alt=\"\" decoding=\"async\" srcset=\"https:\/\/www.lichen.pl\/wp-content\/uploads\/2023\/08\/peregrynacja-Lichen-2-150x150.jpg 150w, https:\/\/www.lichen.pl\/wp-content\/uploads\/2023\/08\/peregrynacja-Lichen-2-300x300.jpg 300w\" sizes=\"(max-width: 150px) 100vw, 150px\" \/><\/a>\n\t\t\t<\/div><\/figure><figure class='gallery-item'>\n\t\t\t<div class='gallery-icon portrait'>\n\t\t\t\t<a data-elementor-open-lightbox=\"yes\" data-elementor-lightbox-slideshow=\"6d41352\" data-elementor-lightbox-title=\"peregrynacja Lichen (1)\" data-e-action-hash=\"#elementor-action%3Aaction%3Dlightbox%26settings%3DeyJpZCI6NTY0NDksInVybCI6Imh0dHBzOlwvXC93d3cubGljaGVuLnBsXC93cC1jb250ZW50XC91cGxvYWRzXC8yMDIzXC8wOFwvcGVyZWdyeW5hY2phLUxpY2hlbi0xLmpwZyIsInNsaWRlc2hvdyI6IjZkNDEzNTIifQ%3D%3D\" href='https:\/\/www.lichen.pl\/wp-content\/uploads\/2023\/08\/peregrynacja-Lichen-1.jpg'><img loading=\"lazy\" width=\"150\" height=\"150\" src=\"https:\/\/www.lichen.pl\/wp-content\/uploads\/2023\/08\/peregrynacja-Lichen-1-150x150.jpg\" class=\"attachment-thumbnail size-thumbnail\" alt=\"\" decoding=\"async\" srcset=\"https:\/\/www.lichen.pl\/wp-content\/uploads\/2023\/08\/peregrynacja-Lichen-1-150x150.jpg 150w, https:\/\/www.lichen.pl\/wp-content\/uploads\/2023\/08\/peregrynacja-Lichen-1-300x300.jpg 300w\" sizes=\"(max-width: 150px) 100vw, 150px\" \/><\/a>\n\t\t\t<\/div><\/figure>\n\t\t<\/div>\n\t\t<\/div>\n\t\t\t\t\t\t<\/div>\n\t\t\t\t<\/div>\n\t\t\t\t\t<\/div>\n\t\t<\/div>\n\t\t\t\t\t<\/div>\n\t\t<\/section>\n\t\t\t\t<\/div>","protected":false},"excerpt":{"rendered":"<p>Matka Bo\u017ca w kopii Cudownego Obrazu Jasnog\u00f3rskiego go\u015bci\u0142a w Licheniu. W \u015brod\u0119 wieczorem, 2 sierpnia, w dniu wspomnienia Matki Bo\u017cej Anielskiej, kopi\u0119 Cudownego Obrazu Matki Bo\u017cej Cz\u0119stochowskiej w liche\u0144skiej parafii przywitali przedstawiciele duchowie\u0144stwa oraz wierny lud Bo\u017cy. Wizerunek Jasnog\u00f3rskiej Madonny zosta\u0142 przywieziony do parafii pw. \u015bw. Doroty z pobliskiej parafii pw. b\u0142. Jerzego Matulewicza w [&hellip;]<\/p>\n","protected":false},"author":5,"featured_media":56446,"comment_status":"closed","ping_status":"closed","sticky":false,"template":"","format":"standard","meta":{"footnotes":""},"categories":[1],"tags":[],"class_list":["post-56445","post","type-post","status-publish","format-standard","has-post-thumbnail","hentry","category-aktualnosci","wpbf-post"],"yoast_head":"<!-- This site is optimized with the Yoast SEO plugin v27.4 - https:\/\/yoast.com\/product\/yoast-seo-wordpress\/ -->\n<title>Nawiedzenie Matki Bo\u017cej w kopii Ikony Jasnog\u00f3rskiej w liche\u0144skiej parafii - SANKTUARIUM W LICHENIU<\/title>\n<meta name=\"robots\" content=\"index, follow, max-snippet:-1, max-image-preview:large, max-video-preview:-1\" \/>\n<link rel=\"canonical\" href=\"https:\/\/www.lichen.pl\/it\/nawiedzenie-w-parafii\/\" \/>\n<meta property=\"og:locale\" content=\"it_IT\" \/>\n<meta property=\"og:type\" content=\"article\" \/>\n<meta property=\"og:title\" content=\"Nawiedzenie Matki Bo\u017cej w kopii Ikony Jasnog\u00f3rskiej w liche\u0144skiej parafii - SANKTUARIUM W LICHENIU\" \/>\n<meta property=\"og:description\" content=\"Matka Bo\u017ca w kopii Cudownego Obrazu Jasnog\u00f3rskiego go\u015bci\u0142a w Licheniu. W \u015brod\u0119 wieczorem, 2 sierpnia, w dniu wspomnienia Matki Bo\u017cej Anielskiej, kopi\u0119 Cudownego Obrazu Matki Bo\u017cej Cz\u0119stochowskiej w liche\u0144skiej parafii przywitali przedstawiciele duchowie\u0144stwa oraz wierny lud Bo\u017cy. Wizerunek Jasnog\u00f3rskiej Madonny zosta\u0142 przywieziony do parafii pw. \u015bw. Doroty z pobliskiej parafii pw. b\u0142. Jerzego Matulewicza w [&hellip;]\" \/>\n<meta property=\"og:url\" content=\"https:\/\/www.lichen.pl\/it\/nawiedzenie-w-parafii\/\" \/>\n<meta property=\"og:site_name\" content=\"SANKTUARIUM W LICHENIU\" \/>\n<meta property=\"article:published_time\" content=\"2023-08-03T16:47:52+00:00\" \/>\n<meta property=\"article:modified_time\" content=\"2023-08-03T17:00:41+00:00\" \/>\n<meta property=\"og:image\" content=\"https:\/\/www.lichen.pl\/wp-content\/uploads\/2023\/08\/IMG_0184-1024x683.jpg\" \/>\n\t<meta property=\"og:image:width\" content=\"1024\" \/>\n\t<meta property=\"og:image:height\" content=\"683\" \/>\n\t<meta property=\"og:image:type\" content=\"image\/jpeg\" \/>\n<meta name=\"author\" content=\"Justyna Zacharek\" \/>\n<meta name=\"twitter:card\" content=\"summary_large_image\" \/>\n<meta name=\"twitter:label1\" content=\"Scritto da\" \/>\n\t<meta name=\"twitter:data1\" content=\"Justyna Zacharek\" \/>\n\t<meta name=\"twitter:label2\" content=\"Tempo di lettura stimato\" \/>\n\t<meta name=\"twitter:data2\" content=\"13 minuti\" \/>\n<script type=\"application\/ld+json\" class=\"yoast-schema-graph\">{\"@context\":\"https:\\\/\\\/schema.org\",\"@graph\":[{\"@type\":\"Article\",\"@id\":\"https:\\\/\\\/www.lichen.pl\\\/nawiedzenie-w-parafii\\\/#article\",\"isPartOf\":{\"@id\":\"https:\\\/\\\/www.lichen.pl\\\/nawiedzenie-w-parafii\\\/\"},\"author\":{\"name\":\"Justyna Zacharek\",\"@id\":\"https:\\\/\\\/www.lichen.pl\\\/fr\\\/#\\\/schema\\\/person\\\/9f57a1408d363022abd305da0323b703\"},\"headline\":\"Nawiedzenie Matki Bo\u017cej w kopii Ikony Jasnog\u00f3rskiej w liche\u0144skiej parafii\",\"datePublished\":\"2023-08-03T16:47:52+00:00\",\"dateModified\":\"2023-08-03T17:00:41+00:00\",\"mainEntityOfPage\":{\"@id\":\"https:\\\/\\\/www.lichen.pl\\\/nawiedzenie-w-parafii\\\/\"},\"wordCount\":914,\"image\":{\"@id\":\"https:\\\/\\\/www.lichen.pl\\\/nawiedzenie-w-parafii\\\/#primaryimage\"},\"thumbnailUrl\":\"https:\\\/\\\/www.lichen.pl\\\/wp-content\\\/uploads\\\/2023\\\/08\\\/IMG_0184.jpg\",\"articleSection\":[\"Aktualno\u015bci\"],\"inLanguage\":\"it-IT\"},{\"@type\":\"WebPage\",\"@id\":\"https:\\\/\\\/www.lichen.pl\\\/nawiedzenie-w-parafii\\\/\",\"url\":\"https:\\\/\\\/www.lichen.pl\\\/nawiedzenie-w-parafii\\\/\",\"name\":\"Nawiedzenie Matki Bo\u017cej w kopii Ikony Jasnog\u00f3rskiej w liche\u0144skiej parafii - SANKTUARIUM W LICHENIU\",\"isPartOf\":{\"@id\":\"https:\\\/\\\/www.lichen.pl\\\/fr\\\/#website\"},\"primaryImageOfPage\":{\"@id\":\"https:\\\/\\\/www.lichen.pl\\\/nawiedzenie-w-parafii\\\/#primaryimage\"},\"image\":{\"@id\":\"https:\\\/\\\/www.lichen.pl\\\/nawiedzenie-w-parafii\\\/#primaryimage\"},\"thumbnailUrl\":\"https:\\\/\\\/www.lichen.pl\\\/wp-content\\\/uploads\\\/2023\\\/08\\\/IMG_0184.jpg\",\"datePublished\":\"2023-08-03T16:47:52+00:00\",\"dateModified\":\"2023-08-03T17:00:41+00:00\",\"author\":{\"@id\":\"https:\\\/\\\/www.lichen.pl\\\/fr\\\/#\\\/schema\\\/person\\\/9f57a1408d363022abd305da0323b703\"},\"breadcrumb\":{\"@id\":\"https:\\\/\\\/www.lichen.pl\\\/nawiedzenie-w-parafii\\\/#breadcrumb\"},\"inLanguage\":\"it-IT\",\"potentialAction\":[{\"@type\":\"ReadAction\",\"target\":[\"https:\\\/\\\/www.lichen.pl\\\/nawiedzenie-w-parafii\\\/\"]}]},{\"@type\":\"ImageObject\",\"inLanguage\":\"it-IT\",\"@id\":\"https:\\\/\\\/www.lichen.pl\\\/nawiedzenie-w-parafii\\\/#primaryimage\",\"url\":\"https:\\\/\\\/www.lichen.pl\\\/wp-content\\\/uploads\\\/2023\\\/08\\\/IMG_0184.jpg\",\"contentUrl\":\"https:\\\/\\\/www.lichen.pl\\\/wp-content\\\/uploads\\\/2023\\\/08\\\/IMG_0184.jpg\",\"width\":1920,\"height\":1280},{\"@type\":\"BreadcrumbList\",\"@id\":\"https:\\\/\\\/www.lichen.pl\\\/nawiedzenie-w-parafii\\\/#breadcrumb\",\"itemListElement\":[{\"@type\":\"ListItem\",\"position\":1,\"name\":\"Strona g\u0142\u00f3wna\",\"item\":\"https:\\\/\\\/www.lichen.pl\\\/\"},{\"@type\":\"ListItem\",\"position\":2,\"name\":\"Nawiedzenie Matki Bo\u017cej w kopii Ikony Jasnog\u00f3rskiej w liche\u0144skiej parafii\"}]},{\"@type\":\"WebSite\",\"@id\":\"https:\\\/\\\/www.lichen.pl\\\/fr\\\/#website\",\"url\":\"https:\\\/\\\/www.lichen.pl\\\/fr\\\/\",\"name\":\"SANKTUARIUM W LICHENIU\",\"description\":\"MATKI BO\u017bEJ LICHE\u0143SKIEJ BOLESNEJ KR\u00d3LOWEJ POLSKI\",\"potentialAction\":[{\"@type\":\"SearchAction\",\"target\":{\"@type\":\"EntryPoint\",\"urlTemplate\":\"https:\\\/\\\/www.lichen.pl\\\/fr\\\/?s={search_term_string}\"},\"query-input\":{\"@type\":\"PropertyValueSpecification\",\"valueRequired\":true,\"valueName\":\"search_term_string\"}}],\"inLanguage\":\"it-IT\"},{\"@type\":\"Person\",\"@id\":\"https:\\\/\\\/www.lichen.pl\\\/fr\\\/#\\\/schema\\\/person\\\/9f57a1408d363022abd305da0323b703\",\"name\":\"Justyna Zacharek\",\"image\":{\"@type\":\"ImageObject\",\"inLanguage\":\"it-IT\",\"@id\":\"https:\\\/\\\/secure.gravatar.com\\\/avatar\\\/7be193626a4fb4d6a7d53a7686c3bbf938efff653c427e0182457b838e9d2c3b?s=96&d=retro&r=g\",\"url\":\"https:\\\/\\\/secure.gravatar.com\\\/avatar\\\/7be193626a4fb4d6a7d53a7686c3bbf938efff653c427e0182457b838e9d2c3b?s=96&d=retro&r=g\",\"contentUrl\":\"https:\\\/\\\/secure.gravatar.com\\\/avatar\\\/7be193626a4fb4d6a7d53a7686c3bbf938efff653c427e0182457b838e9d2c3b?s=96&d=retro&r=g\",\"caption\":\"Justyna Zacharek\"},\"url\":\"https:\\\/\\\/www.lichen.pl\\\/it\\\/author\\\/justyna\\\/\"}]}<\/script>\n<!-- \/ Yoast SEO plugin. -->","yoast_head_json":{"title":"Nawiedzenie Matki Bo\u017cej w kopii Ikony Jasnog\u00f3rskiej w liche\u0144skiej parafii - SANKTUARIUM W LICHENIU","robots":{"index":"index","follow":"follow","max-snippet":"max-snippet:-1","max-image-preview":"max-image-preview:large","max-video-preview":"max-video-preview:-1"},"canonical":"https:\/\/www.lichen.pl\/it\/nawiedzenie-w-parafii\/","og_locale":"it_IT","og_type":"article","og_title":"Nawiedzenie Matki Bo\u017cej w kopii Ikony Jasnog\u00f3rskiej w liche\u0144skiej parafii - SANKTUARIUM W LICHENIU","og_description":"Matka Bo\u017ca w kopii Cudownego Obrazu Jasnog\u00f3rskiego go\u015bci\u0142a w Licheniu. W \u015brod\u0119 wieczorem, 2 sierpnia, w dniu wspomnienia Matki Bo\u017cej Anielskiej, kopi\u0119 Cudownego Obrazu Matki Bo\u017cej Cz\u0119stochowskiej w liche\u0144skiej parafii przywitali przedstawiciele duchowie\u0144stwa oraz wierny lud Bo\u017cy. Wizerunek Jasnog\u00f3rskiej Madonny zosta\u0142 przywieziony do parafii pw. \u015bw. Doroty z pobliskiej parafii pw. b\u0142. Jerzego Matulewicza w [&hellip;]","og_url":"https:\/\/www.lichen.pl\/it\/nawiedzenie-w-parafii\/","og_site_name":"SANKTUARIUM W LICHENIU","article_published_time":"2023-08-03T16:47:52+00:00","article_modified_time":"2023-08-03T17:00:41+00:00","og_image":[{"width":1024,"height":683,"url":"https:\/\/www.lichen.pl\/wp-content\/uploads\/2023\/08\/IMG_0184-1024x683.jpg","type":"image\/jpeg"}],"author":"Justyna Zacharek","twitter_card":"summary_large_image","twitter_misc":{"Scritto da":"Justyna Zacharek","Tempo di lettura stimato":"13 minuti"},"schema":{"@context":"https:\/\/schema.org","@graph":[{"@type":"Article","@id":"https:\/\/www.lichen.pl\/nawiedzenie-w-parafii\/#article","isPartOf":{"@id":"https:\/\/www.lichen.pl\/nawiedzenie-w-parafii\/"},"author":{"name":"Justyna Zacharek","@id":"https:\/\/www.lichen.pl\/fr\/#\/schema\/person\/9f57a1408d363022abd305da0323b703"},"headline":"Nawiedzenie Matki Bo\u017cej w kopii Ikony Jasnog\u00f3rskiej w liche\u0144skiej parafii","datePublished":"2023-08-03T16:47:52+00:00","dateModified":"2023-08-03T17:00:41+00:00","mainEntityOfPage":{"@id":"https:\/\/www.lichen.pl\/nawiedzenie-w-parafii\/"},"wordCount":914,"image":{"@id":"https:\/\/www.lichen.pl\/nawiedzenie-w-parafii\/#primaryimage"},"thumbnailUrl":"https:\/\/www.lichen.pl\/wp-content\/uploads\/2023\/08\/IMG_0184.jpg","articleSection":["Aktualno\u015bci"],"inLanguage":"it-IT"},{"@type":"WebPage","@id":"https:\/\/www.lichen.pl\/nawiedzenie-w-parafii\/","url":"https:\/\/www.lichen.pl\/nawiedzenie-w-parafii\/","name":"Nawiedzenie Matki Bo\u017cej w kopii Ikony Jasnog\u00f3rskiej w liche\u0144skiej parafii - SANKTUARIUM W LICHENIU","isPartOf":{"@id":"https:\/\/www.lichen.pl\/fr\/#website"},"primaryImageOfPage":{"@id":"https:\/\/www.lichen.pl\/nawiedzenie-w-parafii\/#primaryimage"},"image":{"@id":"https:\/\/www.lichen.pl\/nawiedzenie-w-parafii\/#primaryimage"},"thumbnailUrl":"https:\/\/www.lichen.pl\/wp-content\/uploads\/2023\/08\/IMG_0184.jpg","datePublished":"2023-08-03T16:47:52+00:00","dateModified":"2023-08-03T17:00:41+00:00","author":{"@id":"https:\/\/www.lichen.pl\/fr\/#\/schema\/person\/9f57a1408d363022abd305da0323b703"},"breadcrumb":{"@id":"https:\/\/www.lichen.pl\/nawiedzenie-w-parafii\/#breadcrumb"},"inLanguage":"it-IT","potentialAction":[{"@type":"ReadAction","target":["https:\/\/www.lichen.pl\/nawiedzenie-w-parafii\/"]}]},{"@type":"ImageObject","inLanguage":"it-IT","@id":"https:\/\/www.lichen.pl\/nawiedzenie-w-parafii\/#primaryimage","url":"https:\/\/www.lichen.pl\/wp-content\/uploads\/2023\/08\/IMG_0184.jpg","contentUrl":"https:\/\/www.lichen.pl\/wp-content\/uploads\/2023\/08\/IMG_0184.jpg","width":1920,"height":1280},{"@type":"BreadcrumbList","@id":"https:\/\/www.lichen.pl\/nawiedzenie-w-parafii\/#breadcrumb","itemListElement":[{"@type":"ListItem","position":1,"name":"Strona g\u0142\u00f3wna","item":"https:\/\/www.lichen.pl\/"},{"@type":"ListItem","position":2,"name":"Nawiedzenie Matki Bo\u017cej w kopii Ikony Jasnog\u00f3rskiej w liche\u0144skiej parafii"}]},{"@type":"WebSite","@id":"https:\/\/www.lichen.pl\/fr\/#website","url":"https:\/\/www.lichen.pl\/fr\/","name":"SANTUARIO IN LICHENIA","description":"LA REGINA ADOLORATA DEL NOSTRO LICHENE DI POLONIA","potentialAction":[{"@type":"SearchAction","target":{"@type":"EntryPoint","urlTemplate":"https:\/\/www.lichen.pl\/fr\/?s={search_term_string}"},"query-input":{"@type":"PropertyValueSpecification","valueRequired":true,"valueName":"search_term_string"}}],"inLanguage":"it-IT"},{"@type":"Person","@id":"https:\/\/www.lichen.pl\/fr\/#\/schema\/person\/9f57a1408d363022abd305da0323b703","name":"Justyna Zacharek","image":{"@type":"ImageObject","inLanguage":"it-IT","@id":"https:\/\/secure.gravatar.com\/avatar\/7be193626a4fb4d6a7d53a7686c3bbf938efff653c427e0182457b838e9d2c3b?s=96&d=retro&r=g","url":"https:\/\/secure.gravatar.com\/avatar\/7be193626a4fb4d6a7d53a7686c3bbf938efff653c427e0182457b838e9d2c3b?s=96&d=retro&r=g","contentUrl":"https:\/\/secure.gravatar.com\/avatar\/7be193626a4fb4d6a7d53a7686c3bbf938efff653c427e0182457b838e9d2c3b?s=96&d=retro&r=g","caption":"Justyna Zacharek"},"url":"https:\/\/www.lichen.pl\/it\/author\/justyna\/"}]}},"_links":{"self":[{"href":"https:\/\/www.lichen.pl\/it\/wp-json\/wp\/v2\/posts\/56445","targetHints":{"allow":["GET"]}}],"collection":[{"href":"https:\/\/www.lichen.pl\/it\/wp-json\/wp\/v2\/posts"}],"about":[{"href":"https:\/\/www.lichen.pl\/it\/wp-json\/wp\/v2\/types\/post"}],"author":[{"embeddable":true,"href":"https:\/\/www.lichen.pl\/it\/wp-json\/wp\/v2\/users\/5"}],"replies":[{"embeddable":true,"href":"https:\/\/www.lichen.pl\/it\/wp-json\/wp\/v2\/comments?post=56445"}],"version-history":[{"count":4,"href":"https:\/\/www.lichen.pl\/it\/wp-json\/wp\/v2\/posts\/56445\/revisions"}],"predecessor-version":[{"id":56489,"href":"https:\/\/www.lichen.pl\/it\/wp-json\/wp\/v2\/posts\/56445\/revisions\/56489"}],"wp:featuredmedia":[{"embeddable":true,"href":"https:\/\/www.lichen.pl\/it\/wp-json\/wp\/v2\/media\/56446"}],"wp:attachment":[{"href":"https:\/\/www.lichen.pl\/it\/wp-json\/wp\/v2\/media?parent=56445"}],"wp:term":[{"taxonomy":"category","embeddable":true,"href":"https:\/\/www.lichen.pl\/it\/wp-json\/wp\/v2\/categories?post=56445"},{"taxonomy":"post_tag","embeddable":true,"href":"https:\/\/www.lichen.pl\/it\/wp-json\/wp\/v2\/tags?post=56445"}],"curies":[{"name":"wp","href":"https:\/\/api.w.org\/{rel}","templated":true}]}}