{"id":57008,"date":"2023-08-08T10:40:14","date_gmt":"2023-08-08T08:40:14","guid":{"rendered":"https:\/\/www.lichen.pl\/?p=57008"},"modified":"2023-08-08T10:42:17","modified_gmt":"2023-08-08T08:42:17","slug":"rekolekcje-maryjne-dla-malzenstw-kocham-bo-wierze","status":"publish","type":"post","link":"https:\/\/www.lichen.pl\/it\/rekolekcje-maryjne-dla-malzenstw-kocham-bo-wierze\/","title":{"rendered":"Rekolekcje maryjne dla ma\u0142\u017ce\u0144stw \u201eKocham, bo wierz\u0119\u201d"},"content":{"rendered":"<div data-elementor-type=\"wp-post\" data-elementor-id=\"57008\" class=\"elementor elementor-57008\" data-elementor-post-type=\"post\">\n\t\t\t\t\t\t<section class=\"elementor-section elementor-top-section elementor-element elementor-element-98ac73d elementor-section-boxed elementor-section-height-default elementor-section-height-default\" data-id=\"98ac73d\" data-element_type=\"section\" data-e-type=\"section\">\n\t\t\t\t\t\t<div class=\"elementor-container elementor-column-gap-default\">\n\t\t\t\t\t<div class=\"elementor-column elementor-col-100 elementor-top-column elementor-element elementor-element-9c0c820\" data-id=\"9c0c820\" data-element_type=\"column\" data-e-type=\"column\">\n\t\t\t<div class=\"elementor-widget-wrap elementor-element-populated\">\n\t\t\t\t\t\t<div class=\"elementor-element elementor-element-d5dec7e elementor-widget elementor-widget-text-editor\" data-id=\"d5dec7e\" data-element_type=\"widget\" data-e-type=\"widget\" data-widget_type=\"text-editor.default\">\n\t\t\t\t<div class=\"elementor-widget-container\">\n\t\t\t\t\t\t\t\t\t<p><span style=\"color: #000000;\">Czy moc\u0105 waszej ma\u0142\u017ce\u0144skiej mi\u0142o\u015bci jest wiara? Czy kochasz swojego ma\u0142\u017conka tak\u0105 mi\u0142o\u015bci\u0105, jak\u0105 umi\u0142owa\u0142 ciebie B\u00f3g? Czy \u017cyjecie na co dzie\u0144 \u0142ask\u0105 sakramentu ma\u0142\u017ce\u0144stwa? Te pytania stawia\u0142o przed sob\u0105 19 par ma\u0142\u017ce\u0144skich, kt\u00f3re uczestniczy\u0142y w rekolekcjach pt. \u201eKocham, bo wierz\u0119\u201d <br>w Sanktuarium Matki Bo\u017cej Liche\u0144skiej.<\/span><\/p>\t\t\t\t\t\t\t\t<\/div>\n\t\t\t\t<\/div>\n\t\t\t\t<div class=\"elementor-element elementor-element-0d77a60 elementor-widget elementor-widget-image\" data-id=\"0d77a60\" data-element_type=\"widget\" data-e-type=\"widget\" data-widget_type=\"image.default\">\n\t\t\t\t<div class=\"elementor-widget-container\">\n\t\t\t\t\t\t\t\t\t\t\t\t\t\t\t<img fetchpriority=\"high\" decoding=\"async\" width=\"1024\" height=\"683\" src=\"https:\/\/www.lichen.pl\/wp-content\/uploads\/2023\/08\/IMG_1128-1024x683.jpg\" class=\"attachment-large size-large wp-image-57009\" alt=\"\" srcset=\"https:\/\/www.lichen.pl\/wp-content\/uploads\/2023\/08\/IMG_1128-1024x683.jpg 1024w, https:\/\/www.lichen.pl\/wp-content\/uploads\/2023\/08\/IMG_1128-800x533.jpg 800w, https:\/\/www.lichen.pl\/wp-content\/uploads\/2023\/08\/IMG_1128-300x200.jpg 300w, https:\/\/www.lichen.pl\/wp-content\/uploads\/2023\/08\/IMG_1128-768x512.jpg 768w, https:\/\/www.lichen.pl\/wp-content\/uploads\/2023\/08\/IMG_1128-1536x1024.jpg 1536w, https:\/\/www.lichen.pl\/wp-content\/uploads\/2023\/08\/IMG_1128-18x12.jpg 18w, https:\/\/www.lichen.pl\/wp-content\/uploads\/2023\/08\/IMG_1128.jpg 1920w\" sizes=\"(max-width: 1024px) 100vw, 1024px\" \/>\t\t\t\t\t\t\t\t\t\t\t\t\t\t\t<\/div>\n\t\t\t\t<\/div>\n\t\t\t\t<div class=\"elementor-element elementor-element-00c0da6 elementor-widget elementor-widget-text-editor\" data-id=\"00c0da6\" data-element_type=\"widget\" data-e-type=\"widget\" data-widget_type=\"text-editor.default\">\n\t\t\t\t<div class=\"elementor-widget-container\">\n\t\t\t\t\t\t\t\t\t<p><span style=\"color: #000000;\">Rozwa\u017cania rekolekcyjne prowadzi\u0142 ks. Janusz Kumala MIC, kustosz liche\u0144skiego sanktuarium. \u2013 O fundament wiary trzeba nieustannie dba\u0107, to niezwykle wa\u017cne w kontek\u015bcie ma\u0142\u017ce\u0144stwa. Je\u015bli zabraknie wiary, to wyga\u015bnie mi\u0142o\u015b\u0107, a codzienno\u015b\u0107 bycia razem straci sens. Dlatego warto piel\u0119gnowa\u0107 \u0142ask\u0119 wiary, kt\u00f3r\u0105 otrzymali\u015bmy na chrzcie \u015bwi\u0119tym, jej \u017ar\u00f3d\u0142em jest do\u015bwiadczenie Boga. Prze\u017cywaj\u0105c wiar\u0119, odkrywamy \u017ar\u00f3d\u0142o mi\u0142o\u015bci. Czy naprawd\u0119 potrafimy kocha\u0107 i mamy moc, by przezwyci\u0119\u017ca\u0107 kryzysy? \u2013 ksi\u0105dz kustosz sk\u0142ania\u0142 s\u0142uchaczy do refleksji i zach\u0119ca\u0142, by przyjrze\u0107 si\u0119 swojej ma\u0142\u017ce\u0144skiej mi\u0142o\u015bci.<\/span><\/p><p><span style=\"color: #000000;\">Artur z \u017con\u0105 Ani\u0105 staraj\u0105 si\u0119 i\u015b\u0107 drog\u0105 Chrystusow\u0105, dlatego dla nich liche\u0144skie sanktuarium to idealne miejsce, by si\u0119 pomodli\u0107 i odpocz\u0105\u0107. \u2013 G\u0142\u00f3wnym powodem udzia\u0142u w rekolekcjach s\u0105 moje problemy, kt\u00f3re rzutuj\u0105 na nasze ma\u0142\u017ce\u0144stwo. W tamtym roku odwiedzili\u015bmy Fatim\u0119, w tym nie mieli\u015bmy czasu na dalsze podr\u00f3\u017ce, a okaza\u0142o si\u0119, \u017ce w liche\u0144skim sanktuarium jest \u0142adniej i lepiej. Kiedy czasem zapominam o tym, co to jest rodzina i mi\u0142o\u015b\u0107, to nawet kilka dni rekolekcji potrafi wzmocni\u0107, przywr\u00f3ci\u0107 na w\u0142a\u015bciwe tory. Za dwa, trzy tygodnie planujemy tu przyjecha\u0107 rodzinnie z dzie\u0107mi i babci\u0105 \u2013 opowiada Artur.<\/span><\/p><p><span style=\"color: #000000;\">Pani Bernadeta znalaz\u0142a informacj\u0119 o rekolekcjach ma\u0142\u017ce\u0144skich na stronie internetowej liche\u0144skiego sanktuarium. Tak pojawi\u0142 si\u0119 pomys\u0142 uczestnictwa, a m\u0105\u017c przyklasn\u0105\u0142 tej propozycji. \u2013 To trzy dni bycia ze sob\u0105, oderwania si\u0119 od codzienno\u015bci. Mamy mn\u00f3stwo problem\u00f3w, jak wi\u0119kszo\u015b\u0107 rodzin, ale tu czujemy si\u0119 \u015bwietnie. Wiele razy bywali\u015bmy w Licheniu, ale po raz pierwszy jeste\u015bmy d\u0142u\u017cej, na rekolekcjach \u2013 m\u00f3wi\u0105 Bernadeta i Wies\u0142aw, ma\u0142\u017ce\u0144stwo z 41-letnim sta\u017cem. \u2013 Na pocz\u0105tku ma\u0142\u017ce\u0144stwa prze\u017cywali\u015bmy powa\u017cny kryzys, chcia\u0142am odej\u015b\u0107 od m\u0119\u017ca. Zwr\u00f3ci\u0142am si\u0119 wtedy do Boga i zrozumia\u0142am, \u017ce ma\u0142\u017ce\u0144stwo to moja jedyna droga w \u017cyciu. Kryzysy ma\u0142\u017ce\u0144skie musz\u0105 by\u0107 pokonywane, bo one maj\u0105 szans\u0119 wzmocni\u0107 ma\u0142\u017ce\u0144stwo. Trzeba poszukiwa\u0107 rozwi\u0105za\u0144 i podejmowa\u0107 wysi\u0142ek. Mamy wsp\u00f3lne dzieci, wnucz\u0119ta i dzi\u015b rozumiemy si\u0119 bez s\u0142\u00f3w \u2013 opowiada Bernadeta.<\/span><\/p><p><span style=\"color: #000000;\">Najbli\u017csze rekolekcje maryjne \u2013 w Szkole Niepokalanego Pocz\u0119cia \u2013 odb\u0119d\u0105 si\u0119 w dniach 18-20 sierpnia pod has\u0142em \u201eOtuleni Bo\u017c\u0105 mi\u0142o\u015bci\u0105, czyli chciani i kochani\u201d. Zapisy na rekolekcje przyjmuje <a href=\"http:\/\/www.maryja.pl\/\">Centro di Formazione Mariana<\/a> w liche\u0144skim sanktuarium.<\/span><\/p>\t\t\t\t\t\t\t\t<\/div>\n\t\t\t\t<\/div>\n\t\t\t\t\t<\/div>\n\t\t<\/div>\n\t\t\t\t\t<\/div>\n\t\t<\/section>\n\t\t\t\t<\/div>","protected":false},"excerpt":{"rendered":"<p>Czy moc\u0105 waszej ma\u0142\u017ce\u0144skiej mi\u0142o\u015bci jest wiara? Czy kochasz swojego ma\u0142\u017conka tak\u0105 mi\u0142o\u015bci\u0105, jak\u0105 umi\u0142owa\u0142 ciebie B\u00f3g? Czy \u017cyjecie na co dzie\u0144 \u0142ask\u0105 sakramentu ma\u0142\u017ce\u0144stwa? Te pytania stawia\u0142o przed sob\u0105 19 par ma\u0142\u017ce\u0144skich, kt\u00f3re uczestniczy\u0142y w rekolekcjach pt. \u201eKocham, bo wierz\u0119\u201d w Sanktuarium Matki Bo\u017cej Liche\u0144skiej. Rozwa\u017cania rekolekcyjne prowadzi\u0142 ks. Janusz Kumala MIC, kustosz liche\u0144skiego [&hellip;]<\/p>\n","protected":false},"author":6,"featured_media":57009,"comment_status":"closed","ping_status":"closed","sticky":false,"template":"","format":"standard","meta":{"footnotes":""},"categories":[1],"tags":[],"class_list":["post-57008","post","type-post","status-publish","format-standard","has-post-thumbnail","hentry","category-aktualnosci","wpbf-post"],"yoast_head":"<!-- This site is optimized with the Yoast SEO plugin v27.4 - https:\/\/yoast.com\/product\/yoast-seo-wordpress\/ -->\n<title>Rekolekcje maryjne dla ma\u0142\u017ce\u0144stw \u201eKocham, bo wierz\u0119\u201d - SANKTUARIUM W LICHENIU<\/title>\n<meta name=\"robots\" content=\"index, follow, max-snippet:-1, max-image-preview:large, max-video-preview:-1\" \/>\n<link rel=\"canonical\" href=\"https:\/\/www.lichen.pl\/it\/rekolekcje-maryjne-dla-malzenstw-kocham-bo-wierze\/\" \/>\n<meta property=\"og:locale\" content=\"it_IT\" \/>\n<meta property=\"og:type\" content=\"article\" \/>\n<meta property=\"og:title\" content=\"Rekolekcje maryjne dla ma\u0142\u017ce\u0144stw \u201eKocham, bo wierz\u0119\u201d - SANKTUARIUM W LICHENIU\" \/>\n<meta property=\"og:description\" content=\"Czy moc\u0105 waszej ma\u0142\u017ce\u0144skiej mi\u0142o\u015bci jest wiara? Czy kochasz swojego ma\u0142\u017conka tak\u0105 mi\u0142o\u015bci\u0105, jak\u0105 umi\u0142owa\u0142 ciebie B\u00f3g? Czy \u017cyjecie na co dzie\u0144 \u0142ask\u0105 sakramentu ma\u0142\u017ce\u0144stwa? Te pytania stawia\u0142o przed sob\u0105 19 par ma\u0142\u017ce\u0144skich, kt\u00f3re uczestniczy\u0142y w rekolekcjach pt. \u201eKocham, bo wierz\u0119\u201d w Sanktuarium Matki Bo\u017cej Liche\u0144skiej. Rozwa\u017cania rekolekcyjne prowadzi\u0142 ks. Janusz Kumala MIC, kustosz liche\u0144skiego [&hellip;]\" \/>\n<meta property=\"og:url\" content=\"https:\/\/www.lichen.pl\/it\/rekolekcje-maryjne-dla-malzenstw-kocham-bo-wierze\/\" \/>\n<meta property=\"og:site_name\" content=\"SANKTUARIUM W LICHENIU\" \/>\n<meta property=\"article:published_time\" content=\"2023-08-08T08:40:14+00:00\" \/>\n<meta property=\"article:modified_time\" content=\"2023-08-08T08:42:17+00:00\" \/>\n<meta property=\"og:image\" content=\"https:\/\/www.lichen.pl\/wp-content\/uploads\/2023\/08\/IMG_1128.jpg\" \/>\n\t<meta property=\"og:image:width\" content=\"1920\" \/>\n\t<meta property=\"og:image:height\" content=\"1280\" \/>\n\t<meta property=\"og:image:type\" content=\"image\/jpeg\" \/>\n<meta name=\"author\" content=\"AMELIA SIUDA-KOSZELA\" \/>\n<meta name=\"twitter:card\" content=\"summary_large_image\" \/>\n<meta name=\"twitter:label1\" content=\"Scritto da\" \/>\n\t<meta name=\"twitter:data1\" content=\"AMELIA SIUDA-KOSZELA\" \/>\n\t<meta name=\"twitter:label2\" content=\"Tempo di lettura stimato\" \/>\n\t<meta name=\"twitter:data2\" content=\"3 minuti\" \/>\n<script type=\"application\/ld+json\" class=\"yoast-schema-graph\">{\"@context\":\"https:\\\/\\\/schema.org\",\"@graph\":[{\"@type\":\"Article\",\"@id\":\"https:\\\/\\\/www.lichen.pl\\\/rekolekcje-maryjne-dla-malzenstw-kocham-bo-wierze\\\/#article\",\"isPartOf\":{\"@id\":\"https:\\\/\\\/www.lichen.pl\\\/rekolekcje-maryjne-dla-malzenstw-kocham-bo-wierze\\\/\"},\"author\":{\"name\":\"AMELIA SIUDA-KOSZELA\",\"@id\":\"https:\\\/\\\/www.lichen.pl\\\/fr\\\/#\\\/schema\\\/person\\\/70bf824c102f176cf976b0d90af0d62a\"},\"headline\":\"Rekolekcje maryjne dla ma\u0142\u017ce\u0144stw \u201eKocham, bo wierz\u0119\u201d\",\"datePublished\":\"2023-08-08T08:40:14+00:00\",\"dateModified\":\"2023-08-08T08:42:17+00:00\",\"mainEntityOfPage\":{\"@id\":\"https:\\\/\\\/www.lichen.pl\\\/rekolekcje-maryjne-dla-malzenstw-kocham-bo-wierze\\\/\"},\"wordCount\":488,\"image\":{\"@id\":\"https:\\\/\\\/www.lichen.pl\\\/rekolekcje-maryjne-dla-malzenstw-kocham-bo-wierze\\\/#primaryimage\"},\"thumbnailUrl\":\"https:\\\/\\\/www.lichen.pl\\\/wp-content\\\/uploads\\\/2023\\\/08\\\/IMG_1128.jpg\",\"articleSection\":[\"Aktualno\u015bci\"],\"inLanguage\":\"it-IT\"},{\"@type\":\"WebPage\",\"@id\":\"https:\\\/\\\/www.lichen.pl\\\/rekolekcje-maryjne-dla-malzenstw-kocham-bo-wierze\\\/\",\"url\":\"https:\\\/\\\/www.lichen.pl\\\/rekolekcje-maryjne-dla-malzenstw-kocham-bo-wierze\\\/\",\"name\":\"Rekolekcje maryjne dla ma\u0142\u017ce\u0144stw \u201eKocham, bo wierz\u0119\u201d - SANKTUARIUM W LICHENIU\",\"isPartOf\":{\"@id\":\"https:\\\/\\\/www.lichen.pl\\\/fr\\\/#website\"},\"primaryImageOfPage\":{\"@id\":\"https:\\\/\\\/www.lichen.pl\\\/rekolekcje-maryjne-dla-malzenstw-kocham-bo-wierze\\\/#primaryimage\"},\"image\":{\"@id\":\"https:\\\/\\\/www.lichen.pl\\\/rekolekcje-maryjne-dla-malzenstw-kocham-bo-wierze\\\/#primaryimage\"},\"thumbnailUrl\":\"https:\\\/\\\/www.lichen.pl\\\/wp-content\\\/uploads\\\/2023\\\/08\\\/IMG_1128.jpg\",\"datePublished\":\"2023-08-08T08:40:14+00:00\",\"dateModified\":\"2023-08-08T08:42:17+00:00\",\"author\":{\"@id\":\"https:\\\/\\\/www.lichen.pl\\\/fr\\\/#\\\/schema\\\/person\\\/70bf824c102f176cf976b0d90af0d62a\"},\"breadcrumb\":{\"@id\":\"https:\\\/\\\/www.lichen.pl\\\/rekolekcje-maryjne-dla-malzenstw-kocham-bo-wierze\\\/#breadcrumb\"},\"inLanguage\":\"it-IT\",\"potentialAction\":[{\"@type\":\"ReadAction\",\"target\":[\"https:\\\/\\\/www.lichen.pl\\\/rekolekcje-maryjne-dla-malzenstw-kocham-bo-wierze\\\/\"]}]},{\"@type\":\"ImageObject\",\"inLanguage\":\"it-IT\",\"@id\":\"https:\\\/\\\/www.lichen.pl\\\/rekolekcje-maryjne-dla-malzenstw-kocham-bo-wierze\\\/#primaryimage\",\"url\":\"https:\\\/\\\/www.lichen.pl\\\/wp-content\\\/uploads\\\/2023\\\/08\\\/IMG_1128.jpg\",\"contentUrl\":\"https:\\\/\\\/www.lichen.pl\\\/wp-content\\\/uploads\\\/2023\\\/08\\\/IMG_1128.jpg\",\"width\":1920,\"height\":1280},{\"@type\":\"BreadcrumbList\",\"@id\":\"https:\\\/\\\/www.lichen.pl\\\/rekolekcje-maryjne-dla-malzenstw-kocham-bo-wierze\\\/#breadcrumb\",\"itemListElement\":[{\"@type\":\"ListItem\",\"position\":1,\"name\":\"Strona g\u0142\u00f3wna\",\"item\":\"https:\\\/\\\/www.lichen.pl\\\/\"},{\"@type\":\"ListItem\",\"position\":2,\"name\":\"Rekolekcje maryjne dla ma\u0142\u017ce\u0144stw \u201eKocham, bo wierz\u0119\u201d\"}]},{\"@type\":\"WebSite\",\"@id\":\"https:\\\/\\\/www.lichen.pl\\\/fr\\\/#website\",\"url\":\"https:\\\/\\\/www.lichen.pl\\\/fr\\\/\",\"name\":\"SANKTUARIUM W LICHENIU\",\"description\":\"MATKI BO\u017bEJ LICHE\u0143SKIEJ BOLESNEJ KR\u00d3LOWEJ POLSKI\",\"potentialAction\":[{\"@type\":\"SearchAction\",\"target\":{\"@type\":\"EntryPoint\",\"urlTemplate\":\"https:\\\/\\\/www.lichen.pl\\\/fr\\\/?s={search_term_string}\"},\"query-input\":{\"@type\":\"PropertyValueSpecification\",\"valueRequired\":true,\"valueName\":\"search_term_string\"}}],\"inLanguage\":\"it-IT\"},{\"@type\":\"Person\",\"@id\":\"https:\\\/\\\/www.lichen.pl\\\/fr\\\/#\\\/schema\\\/person\\\/70bf824c102f176cf976b0d90af0d62a\",\"name\":\"AMELIA SIUDA-KOSZELA\",\"image\":{\"@type\":\"ImageObject\",\"inLanguage\":\"it-IT\",\"@id\":\"https:\\\/\\\/secure.gravatar.com\\\/avatar\\\/a0f9a92186ab02fb8db116f5388e3bc7280dd7bd01565c5d6b7ceb07ff27d6d9?s=96&d=retro&r=g\",\"url\":\"https:\\\/\\\/secure.gravatar.com\\\/avatar\\\/a0f9a92186ab02fb8db116f5388e3bc7280dd7bd01565c5d6b7ceb07ff27d6d9?s=96&d=retro&r=g\",\"contentUrl\":\"https:\\\/\\\/secure.gravatar.com\\\/avatar\\\/a0f9a92186ab02fb8db116f5388e3bc7280dd7bd01565c5d6b7ceb07ff27d6d9?s=96&d=retro&r=g\",\"caption\":\"AMELIA SIUDA-KOSZELA\"},\"url\":\"https:\\\/\\\/www.lichen.pl\\\/it\\\/author\\\/amelia\\\/\"}]}<\/script>\n<!-- \/ Yoast SEO plugin. -->","yoast_head_json":{"title":"Rekolekcje maryjne dla ma\u0142\u017ce\u0144stw \u201eKocham, bo wierz\u0119\u201d - SANKTUARIUM W LICHENIU","robots":{"index":"index","follow":"follow","max-snippet":"max-snippet:-1","max-image-preview":"max-image-preview:large","max-video-preview":"max-video-preview:-1"},"canonical":"https:\/\/www.lichen.pl\/it\/rekolekcje-maryjne-dla-malzenstw-kocham-bo-wierze\/","og_locale":"it_IT","og_type":"article","og_title":"Rekolekcje maryjne dla ma\u0142\u017ce\u0144stw \u201eKocham, bo wierz\u0119\u201d - SANKTUARIUM W LICHENIU","og_description":"Czy moc\u0105 waszej ma\u0142\u017ce\u0144skiej mi\u0142o\u015bci jest wiara? Czy kochasz swojego ma\u0142\u017conka tak\u0105 mi\u0142o\u015bci\u0105, jak\u0105 umi\u0142owa\u0142 ciebie B\u00f3g? Czy \u017cyjecie na co dzie\u0144 \u0142ask\u0105 sakramentu ma\u0142\u017ce\u0144stwa? Te pytania stawia\u0142o przed sob\u0105 19 par ma\u0142\u017ce\u0144skich, kt\u00f3re uczestniczy\u0142y w rekolekcjach pt. \u201eKocham, bo wierz\u0119\u201d w Sanktuarium Matki Bo\u017cej Liche\u0144skiej. Rozwa\u017cania rekolekcyjne prowadzi\u0142 ks. Janusz Kumala MIC, kustosz liche\u0144skiego [&hellip;]","og_url":"https:\/\/www.lichen.pl\/it\/rekolekcje-maryjne-dla-malzenstw-kocham-bo-wierze\/","og_site_name":"SANKTUARIUM W LICHENIU","article_published_time":"2023-08-08T08:40:14+00:00","article_modified_time":"2023-08-08T08:42:17+00:00","og_image":[{"width":1920,"height":1280,"url":"https:\/\/www.lichen.pl\/wp-content\/uploads\/2023\/08\/IMG_1128.jpg","type":"image\/jpeg"}],"author":"AMELIA SIUDA-KOSZELA","twitter_card":"summary_large_image","twitter_misc":{"Scritto da":"AMELIA SIUDA-KOSZELA","Tempo di lettura stimato":"3 minuti"},"schema":{"@context":"https:\/\/schema.org","@graph":[{"@type":"Article","@id":"https:\/\/www.lichen.pl\/rekolekcje-maryjne-dla-malzenstw-kocham-bo-wierze\/#article","isPartOf":{"@id":"https:\/\/www.lichen.pl\/rekolekcje-maryjne-dla-malzenstw-kocham-bo-wierze\/"},"author":{"name":"AMELIA SIUDA-KOSZELA","@id":"https:\/\/www.lichen.pl\/fr\/#\/schema\/person\/70bf824c102f176cf976b0d90af0d62a"},"headline":"Rekolekcje maryjne dla ma\u0142\u017ce\u0144stw \u201eKocham, bo wierz\u0119\u201d","datePublished":"2023-08-08T08:40:14+00:00","dateModified":"2023-08-08T08:42:17+00:00","mainEntityOfPage":{"@id":"https:\/\/www.lichen.pl\/rekolekcje-maryjne-dla-malzenstw-kocham-bo-wierze\/"},"wordCount":488,"image":{"@id":"https:\/\/www.lichen.pl\/rekolekcje-maryjne-dla-malzenstw-kocham-bo-wierze\/#primaryimage"},"thumbnailUrl":"https:\/\/www.lichen.pl\/wp-content\/uploads\/2023\/08\/IMG_1128.jpg","articleSection":["Aktualno\u015bci"],"inLanguage":"it-IT"},{"@type":"WebPage","@id":"https:\/\/www.lichen.pl\/rekolekcje-maryjne-dla-malzenstw-kocham-bo-wierze\/","url":"https:\/\/www.lichen.pl\/rekolekcje-maryjne-dla-malzenstw-kocham-bo-wierze\/","name":"Rekolekcje maryjne dla ma\u0142\u017ce\u0144stw \u201eKocham, bo wierz\u0119\u201d - SANKTUARIUM W LICHENIU","isPartOf":{"@id":"https:\/\/www.lichen.pl\/fr\/#website"},"primaryImageOfPage":{"@id":"https:\/\/www.lichen.pl\/rekolekcje-maryjne-dla-malzenstw-kocham-bo-wierze\/#primaryimage"},"image":{"@id":"https:\/\/www.lichen.pl\/rekolekcje-maryjne-dla-malzenstw-kocham-bo-wierze\/#primaryimage"},"thumbnailUrl":"https:\/\/www.lichen.pl\/wp-content\/uploads\/2023\/08\/IMG_1128.jpg","datePublished":"2023-08-08T08:40:14+00:00","dateModified":"2023-08-08T08:42:17+00:00","author":{"@id":"https:\/\/www.lichen.pl\/fr\/#\/schema\/person\/70bf824c102f176cf976b0d90af0d62a"},"breadcrumb":{"@id":"https:\/\/www.lichen.pl\/rekolekcje-maryjne-dla-malzenstw-kocham-bo-wierze\/#breadcrumb"},"inLanguage":"it-IT","potentialAction":[{"@type":"ReadAction","target":["https:\/\/www.lichen.pl\/rekolekcje-maryjne-dla-malzenstw-kocham-bo-wierze\/"]}]},{"@type":"ImageObject","inLanguage":"it-IT","@id":"https:\/\/www.lichen.pl\/rekolekcje-maryjne-dla-malzenstw-kocham-bo-wierze\/#primaryimage","url":"https:\/\/www.lichen.pl\/wp-content\/uploads\/2023\/08\/IMG_1128.jpg","contentUrl":"https:\/\/www.lichen.pl\/wp-content\/uploads\/2023\/08\/IMG_1128.jpg","width":1920,"height":1280},{"@type":"BreadcrumbList","@id":"https:\/\/www.lichen.pl\/rekolekcje-maryjne-dla-malzenstw-kocham-bo-wierze\/#breadcrumb","itemListElement":[{"@type":"ListItem","position":1,"name":"Strona g\u0142\u00f3wna","item":"https:\/\/www.lichen.pl\/"},{"@type":"ListItem","position":2,"name":"Rekolekcje maryjne dla ma\u0142\u017ce\u0144stw \u201eKocham, bo wierz\u0119\u201d"}]},{"@type":"WebSite","@id":"https:\/\/www.lichen.pl\/fr\/#website","url":"https:\/\/www.lichen.pl\/fr\/","name":"SANTUARIO IN LICHENIA","description":"LA REGINA ADOLORATA DEL NOSTRO LICHENE DI POLONIA","potentialAction":[{"@type":"SearchAction","target":{"@type":"EntryPoint","urlTemplate":"https:\/\/www.lichen.pl\/fr\/?s={search_term_string}"},"query-input":{"@type":"PropertyValueSpecification","valueRequired":true,"valueName":"search_term_string"}}],"inLanguage":"it-IT"},{"@type":"Person","@id":"https:\/\/www.lichen.pl\/fr\/#\/schema\/person\/70bf824c102f176cf976b0d90af0d62a","name":"AMELIA SIUDA-KOSZELA","image":{"@type":"ImageObject","inLanguage":"it-IT","@id":"https:\/\/secure.gravatar.com\/avatar\/a0f9a92186ab02fb8db116f5388e3bc7280dd7bd01565c5d6b7ceb07ff27d6d9?s=96&d=retro&r=g","url":"https:\/\/secure.gravatar.com\/avatar\/a0f9a92186ab02fb8db116f5388e3bc7280dd7bd01565c5d6b7ceb07ff27d6d9?s=96&d=retro&r=g","contentUrl":"https:\/\/secure.gravatar.com\/avatar\/a0f9a92186ab02fb8db116f5388e3bc7280dd7bd01565c5d6b7ceb07ff27d6d9?s=96&d=retro&r=g","caption":"AMELIA SIUDA-KOSZELA"},"url":"https:\/\/www.lichen.pl\/it\/author\/amelia\/"}]}},"_links":{"self":[{"href":"https:\/\/www.lichen.pl\/it\/wp-json\/wp\/v2\/posts\/57008","targetHints":{"allow":["GET"]}}],"collection":[{"href":"https:\/\/www.lichen.pl\/it\/wp-json\/wp\/v2\/posts"}],"about":[{"href":"https:\/\/www.lichen.pl\/it\/wp-json\/wp\/v2\/types\/post"}],"author":[{"embeddable":true,"href":"https:\/\/www.lichen.pl\/it\/wp-json\/wp\/v2\/users\/6"}],"replies":[{"embeddable":true,"href":"https:\/\/www.lichen.pl\/it\/wp-json\/wp\/v2\/comments?post=57008"}],"version-history":[{"count":4,"href":"https:\/\/www.lichen.pl\/it\/wp-json\/wp\/v2\/posts\/57008\/revisions"}],"predecessor-version":[{"id":57013,"href":"https:\/\/www.lichen.pl\/it\/wp-json\/wp\/v2\/posts\/57008\/revisions\/57013"}],"wp:featuredmedia":[{"embeddable":true,"href":"https:\/\/www.lichen.pl\/it\/wp-json\/wp\/v2\/media\/57009"}],"wp:attachment":[{"href":"https:\/\/www.lichen.pl\/it\/wp-json\/wp\/v2\/media?parent=57008"}],"wp:term":[{"taxonomy":"category","embeddable":true,"href":"https:\/\/www.lichen.pl\/it\/wp-json\/wp\/v2\/categories?post=57008"},{"taxonomy":"post_tag","embeddable":true,"href":"https:\/\/www.lichen.pl\/it\/wp-json\/wp\/v2\/tags?post=57008"}],"curies":[{"name":"wp","href":"https:\/\/api.w.org\/{rel}","templated":true}]}}