{"id":57641,"date":"2023-08-27T21:00:13","date_gmt":"2023-08-27T19:00:13","guid":{"rendered":"https:\/\/www.lichen.pl\/?p=57641"},"modified":"2023-08-27T21:24:56","modified_gmt":"2023-08-27T19:24:56","slug":"piesza-pielgrzymka-ludzi-pracy-do-lichenia","status":"publish","type":"post","link":"https:\/\/www.lichen.pl\/it\/piesza-pielgrzymka-ludzi-pracy-do-lichenia\/","title":{"rendered":"Piesza pielgrzymka ludzi pracy do Lichenia"},"content":{"rendered":"<div data-elementor-type=\"wp-post\" data-elementor-id=\"57641\" class=\"elementor elementor-57641\" data-elementor-post-type=\"post\">\n\t\t\t\t\t\t<section class=\"elementor-section elementor-top-section elementor-element elementor-element-61cffc5 elementor-section-boxed elementor-section-height-default elementor-section-height-default\" data-id=\"61cffc5\" data-element_type=\"section\" data-e-type=\"section\">\n\t\t\t\t\t\t<div class=\"elementor-container elementor-column-gap-default\">\n\t\t\t\t\t<div class=\"elementor-column elementor-col-100 elementor-top-column elementor-element elementor-element-9ecb25b\" data-id=\"9ecb25b\" data-element_type=\"column\" data-e-type=\"column\">\n\t\t\t<div class=\"elementor-widget-wrap elementor-element-populated\">\n\t\t\t\t\t\t<div class=\"elementor-element elementor-element-fdab4fc elementor-widget elementor-widget-text-editor\" data-id=\"fdab4fc\" data-element_type=\"widget\" data-e-type=\"widget\" data-widget_type=\"text-editor.default\">\n\t\t\t\t<div class=\"elementor-widget-container\">\n\t\t\t\t\t\t\t\t\t<p><span style=\"color: #000000;\"><strong>Pod has\u0142em \u201eZ Tob\u0105 Matko w Ko\u015bciele Chrystusa\u201d w niedziel\u0119, 27 sierpnia, wyruszy\u0142a 41. Pielgrzymka Ludzi Pracy do Matki Bo\u017cej Liche\u0144skiej.<\/strong><\/span><\/p>\t\t\t\t\t\t\t\t<\/div>\n\t\t\t\t<\/div>\n\t\t\t\t<section class=\"elementor-section elementor-inner-section elementor-element elementor-element-aa58fc3 elementor-section-boxed elementor-section-height-default elementor-section-height-default\" data-id=\"aa58fc3\" data-element_type=\"section\" data-e-type=\"section\">\n\t\t\t\t\t\t<div class=\"elementor-container elementor-column-gap-default\">\n\t\t\t\t\t<div class=\"elementor-column elementor-col-50 elementor-inner-column elementor-element elementor-element-224c5c9\" data-id=\"224c5c9\" data-element_type=\"column\" data-e-type=\"column\">\n\t\t\t<div class=\"elementor-widget-wrap elementor-element-populated\">\n\t\t\t\t\t\t<div class=\"elementor-element elementor-element-6fdf98e elementor-widget elementor-widget-image\" data-id=\"6fdf98e\" data-element_type=\"widget\" data-e-type=\"widget\" data-widget_type=\"image.default\">\n\t\t\t\t<div class=\"elementor-widget-container\">\n\t\t\t\t\t\t\t\t\t\t\t\t\t\t\t<img fetchpriority=\"high\" decoding=\"async\" width=\"1024\" height=\"769\" src=\"https:\/\/www.lichen.pl\/wp-content\/uploads\/2023\/08\/IMG_2260-1024x769.jpg\" class=\"attachment-large size-large wp-image-57644\" alt=\"\" srcset=\"https:\/\/www.lichen.pl\/wp-content\/uploads\/2023\/08\/IMG_2260-1024x769.jpg 1024w, https:\/\/www.lichen.pl\/wp-content\/uploads\/2023\/08\/IMG_2260-800x601.jpg 800w, https:\/\/www.lichen.pl\/wp-content\/uploads\/2023\/08\/IMG_2260-300x225.jpg 300w, https:\/\/www.lichen.pl\/wp-content\/uploads\/2023\/08\/IMG_2260-768x577.jpg 768w, https:\/\/www.lichen.pl\/wp-content\/uploads\/2023\/08\/IMG_2260-1536x1154.jpg 1536w, https:\/\/www.lichen.pl\/wp-content\/uploads\/2023\/08\/IMG_2260-16x12.jpg 16w, https:\/\/www.lichen.pl\/wp-content\/uploads\/2023\/08\/IMG_2260.jpg 1600w\" sizes=\"(max-width: 1024px) 100vw, 1024px\" \/>\t\t\t\t\t\t\t\t\t\t\t\t\t\t\t<\/div>\n\t\t\t\t<\/div>\n\t\t\t\t\t<\/div>\n\t\t<\/div>\n\t\t\t\t<div class=\"elementor-column elementor-col-50 elementor-inner-column elementor-element elementor-element-27e7e35\" data-id=\"27e7e35\" data-element_type=\"column\" data-e-type=\"column\">\n\t\t\t<div class=\"elementor-widget-wrap elementor-element-populated\">\n\t\t\t\t\t\t<div class=\"elementor-element elementor-element-c6bd7e5 elementor-widget elementor-widget-text-editor\" data-id=\"c6bd7e5\" data-element_type=\"widget\" data-e-type=\"widget\" data-widget_type=\"text-editor.default\">\n\t\t\t\t<div class=\"elementor-widget-container\">\n\t\t\t\t\t\t\t\t\t<p><span style=\"color: #000000;\">Pielgrzymki ludzi pracy to inicjatywa ks. Jerzego Popie\u0142uszki. W Koninie zapocz\u0105tkowa\u0142a je NSZZ \u201eSolidarno\u015b\u0107\u201d 41 lat temu. Do inicjatywy przy\u0142\u0105czy\u0142y si\u0119 Konfraternia ks. Jerzego Popie\u0142uszki przy parafii \u015bw. Wojciecha w Koninie i Akcja Katolicka, kt\u00f3rych misj\u0105 jest niesienie \u015bwiadectwa wiary i Ewangelii.\u00a0 W czasach PRL, kiedy pielgrzymki by\u0142y zakazane, do Matki Bo\u017cej w\u0119drowa\u0142o nawet tysi\u0105c os\u00f3b.<\/span><\/p><p><span style=\"color: #000000;\">W ostatni\u0105 niedziel\u0119 sierpnia do Matki Bo\u017cej liche\u0144skiej pielgrzymowali wieloletni p\u0105tnicy, ale te\u017c m\u0142odzi i ca\u0142e rodziny z ks. Piotrem Stannym, wikariuszem parafii \u015bw. Wojciecha w Koninie. Indywidualnie w liche\u0144skiej bazylice do\u0142\u0105czyli starsi, kt\u00f3rym trudno dotrze\u0107 o w\u0142asnych si\u0142ach do Lichenia. Przyjechali te\u017c cz\u0142onkowie akcji katolickiej z Osi\u0119cin i Dobrej. <\/span><\/p>\t\t\t\t\t\t\t\t<\/div>\n\t\t\t\t<\/div>\n\t\t\t\t\t<\/div>\n\t\t<\/div>\n\t\t\t\t\t<\/div>\n\t\t<\/section>\n\t\t\t\t<div class=\"elementor-element elementor-element-c940382 elementor-widget elementor-widget-text-editor\" data-id=\"c940382\" data-element_type=\"widget\" data-e-type=\"widget\" data-widget_type=\"text-editor.default\">\n\t\t\t\t<div class=\"elementor-widget-container\">\n\t\t\t\t\t\t\t\t\t<p><span style=\"color: #000000;\">\u2013 Zanosimy do Matki Bo\u017cej Liche\u0144skiej nasze dzi\u0119kczynienie, pro\u015bby o dobro dla naszej ojczyzny i dla rodzin. Wymiar patriotyczny i troska o rodziny s\u0105 bardzo wa\u017cne w naszej dzia\u0142alno\u015bci. Jak m\u00f3wi Pismo \u015awi\u0119te, Maryja b\u0119dzie b\u0142ogos\u0142awiona przez wszystkie pokolenia \u2013 cieszymy si\u0119, bo do naszej pielgrzymki do\u0142\u0105czaj\u0105 m\u0142ode osoby \u2013 zauwa\u017cy\u0142a Mariola Rakiewicz, prezes Akcji Katolickiej w diecezji w\u0142oc\u0142awskiej. \u2013 Wiara daje nam si\u0142\u0119, a Maryja jest wzorem, by S\u0142owo Bo\u017ce i modlitwa by\u0142y obecne w naszym \u017cyciu.<\/span><\/p><p><span style=\"color: #000000;\">Pielgrzymi weszli na szlak przy ko\u015bciele \u015bw. Wojciecha w Koninie, a w liche\u0144skim sanktuarium powita\u0142 ich ks. Jan Czupry\u0144ski MIC, wikariusz parafii \u015bw. Doroty w Licheniu.<\/span><\/p>\t\t\t\t\t\t\t\t<\/div>\n\t\t\t\t<\/div>\n\t\t\t\t<div class=\"elementor-element elementor-element-82dead1 elementor-skin-carousel elementor-arrows-yes elementor-pagination-type-bullets elementor-pagination-position-outside elementor-widget elementor-widget-media-carousel\" data-id=\"82dead1\" data-element_type=\"widget\" data-e-type=\"widget\" data-settings=\"{&quot;skin&quot;:&quot;carousel&quot;,&quot;effect&quot;:&quot;slide&quot;,&quot;show_arrows&quot;:&quot;yes&quot;,&quot;pagination&quot;:&quot;bullets&quot;,&quot;speed&quot;:500,&quot;autoplay&quot;:&quot;yes&quot;,&quot;autoplay_speed&quot;:5000,&quot;loop&quot;:&quot;yes&quot;,&quot;pause_on_hover&quot;:&quot;yes&quot;,&quot;pause_on_interaction&quot;:&quot;yes&quot;,&quot;space_between&quot;:{&quot;unit&quot;:&quot;px&quot;,&quot;size&quot;:10,&quot;sizes&quot;:[]},&quot;space_between_tablet&quot;:{&quot;unit&quot;:&quot;px&quot;,&quot;size&quot;:10,&quot;sizes&quot;:[]},&quot;space_between_mobile&quot;:{&quot;unit&quot;:&quot;px&quot;,&quot;size&quot;:10,&quot;sizes&quot;:[]}}\" data-widget_type=\"media-carousel.default\">\n\t\t\t\t<div class=\"elementor-widget-container\">\n\t\t\t\t\t\t\t\t\t<div class=\"elementor-swiper\">\n\t\t\t\t\t<div class=\"elementor-main-swiper swiper\" role=\"region\" aria-roledescription=\"carousel\" aria-label=\"Slides\">\n\t\t\t\t<div class=\"swiper-wrapper\">\n\t\t\t\t\t\t\t\t\t\t\t<div class=\"swiper-slide\" role=\"group\" aria-roledescription=\"slide\">\n\t\t\t\t\t\t\t\t\t<div class=\"elementor-carousel-image\" role=\"img\" aria-label=\"IMG_2253\" style=\"background-image: url(&#039;https:\/\/www.lichen.pl\/wp-content\/uploads\/2023\/08\/IMG_2253.jpg&#039;)\">\n\n\t\t\t\n\t\t\t\t\t<\/div>\n\t\t\t\t\t\t\t\t<\/div>\n\t\t\t\t\t\t\t\t\t\t\t<div class=\"swiper-slide\" role=\"group\" aria-roledescription=\"slide\">\n\t\t\t\t\t\t\t\t\t<div class=\"elementor-carousel-image\" role=\"img\" aria-label=\"IMG_2259\" style=\"background-image: url(&#039;https:\/\/www.lichen.pl\/wp-content\/uploads\/2023\/08\/IMG_2259.jpg&#039;)\">\n\n\t\t\t\n\t\t\t\t\t<\/div>\n\t\t\t\t\t\t\t\t<\/div>\n\t\t\t\t\t\t\t\t\t\t\t<div class=\"swiper-slide\" role=\"group\" aria-roledescription=\"slide\">\n\t\t\t\t\t\t\t\t\t<div class=\"elementor-carousel-image\" role=\"img\" aria-label=\"IMG_2266\" style=\"background-image: url(&#039;https:\/\/www.lichen.pl\/wp-content\/uploads\/2023\/08\/IMG_2266.jpg&#039;)\">\n\n\t\t\t\n\t\t\t\t\t<\/div>\n\t\t\t\t\t\t\t\t<\/div>\n\t\t\t\t\t\t\t\t\t\t\t<div class=\"swiper-slide\" role=\"group\" aria-roledescription=\"slide\">\n\t\t\t\t\t\t\t\t\t<div class=\"elementor-carousel-image\" role=\"img\" aria-label=\"IMG_2268\" style=\"background-image: url(&#039;https:\/\/www.lichen.pl\/wp-content\/uploads\/2023\/08\/IMG_2268.jpg&#039;)\">\n\n\t\t\t\n\t\t\t\t\t<\/div>\n\t\t\t\t\t\t\t\t<\/div>\n\t\t\t\t\t\t\t\t\t<\/div>\n\t\t\t\t\t\t\t\t\t\t\t\t\t\t\t<div class=\"elementor-swiper-button elementor-swiper-button-prev\" role=\"button\" tabindex=\"0\" aria-label=\"Precedente\" data-no-translation-aria-label=\"\">\n\t\t\t\t\t\t\t<i aria-hidden=\"true\" class=\"eicon-chevron-left\"><\/i>\t\t\t\t\t\t<\/div>\n\t\t\t\t\t\t<div class=\"elementor-swiper-button elementor-swiper-button-next\" role=\"button\" tabindex=\"0\" aria-label=\"Successivo\" data-no-translation-aria-label=\"\">\n\t\t\t\t\t\t\t<i aria-hidden=\"true\" class=\"eicon-chevron-right\"><\/i>\t\t\t\t\t\t<\/div>\n\t\t\t\t\t\t\t\t\t\t\t\t\t\t\t\t<div class=\"swiper-pagination\"><\/div>\n\t\t\t\t\t\t\t\t\t\t\t\t<\/div>\n\t\t\t\t<\/div>\n\t\t\t\t\t\t\t\t<\/div>\n\t\t\t\t<\/div>\n\t\t\t\t<div class=\"elementor-element elementor-element-44f9956 elementor-widget elementor-widget-text-editor\" data-id=\"44f9956\" data-element_type=\"widget\" data-e-type=\"widget\" data-widget_type=\"text-editor.default\">\n\t\t\t\t<div class=\"elementor-widget-container\">\n\t\t\t\t\t\t\t\t\t<p><span style=\"color: #000000;\">Mszy \u015bw. w liche\u0144skiej bazylice odprawionej w intencji rodziny i ojczyzny przewodniczy\u0142 ks. Henryk Witczak, proboszcz parafii \u015bw. Wojciecha w Koninie. Liturgi\u0119 celebrowali ks. Adam Stankiewicz MIC, prze\u0142o\u017cony liche\u0144skiej wsp\u00f3lnoty ksi\u0119\u017cy marian\u00f3w i ks. \u0141ukasz Grabiasz, dyrektor Wydawnictwa Duszpasterstwa Rolnik\u00f3w i asystent Akcji Katolickiej Diecezji W\u0142oc\u0142awskiej.<\/span><\/p>\t\t\t\t\t\t\t\t<\/div>\n\t\t\t\t<\/div>\n\t\t\t\t<section class=\"elementor-section elementor-inner-section elementor-element elementor-element-2fb6a21 elementor-section-boxed elementor-section-height-default elementor-section-height-default\" data-id=\"2fb6a21\" data-element_type=\"section\" data-e-type=\"section\">\n\t\t\t\t\t\t<div class=\"elementor-container elementor-column-gap-default\">\n\t\t\t\t\t<div class=\"elementor-column elementor-col-50 elementor-inner-column elementor-element elementor-element-932b0dd\" data-id=\"932b0dd\" data-element_type=\"column\" data-e-type=\"column\">\n\t\t\t<div class=\"elementor-widget-wrap elementor-element-populated\">\n\t\t\t\t\t\t<div class=\"elementor-element elementor-element-39b96f4 elementor-widget elementor-widget-image\" data-id=\"39b96f4\" data-element_type=\"widget\" data-e-type=\"widget\" data-widget_type=\"image.default\">\n\t\t\t\t<div class=\"elementor-widget-container\">\n\t\t\t\t\t\t\t\t\t\t\t\t\t\t\t<img decoding=\"async\" width=\"1024\" height=\"769\" src=\"https:\/\/www.lichen.pl\/wp-content\/uploads\/2023\/08\/IMG_2323-1-1024x769.jpg\" class=\"attachment-large size-large wp-image-57651\" alt=\"\" srcset=\"https:\/\/www.lichen.pl\/wp-content\/uploads\/2023\/08\/IMG_2323-1-1024x769.jpg 1024w, https:\/\/www.lichen.pl\/wp-content\/uploads\/2023\/08\/IMG_2323-1-800x601.jpg 800w, https:\/\/www.lichen.pl\/wp-content\/uploads\/2023\/08\/IMG_2323-1-300x225.jpg 300w, https:\/\/www.lichen.pl\/wp-content\/uploads\/2023\/08\/IMG_2323-1-768x577.jpg 768w, https:\/\/www.lichen.pl\/wp-content\/uploads\/2023\/08\/IMG_2323-1-1536x1154.jpg 1536w, https:\/\/www.lichen.pl\/wp-content\/uploads\/2023\/08\/IMG_2323-1-16x12.jpg 16w, https:\/\/www.lichen.pl\/wp-content\/uploads\/2023\/08\/IMG_2323-1.jpg 1600w\" sizes=\"(max-width: 1024px) 100vw, 1024px\" \/>\t\t\t\t\t\t\t\t\t\t\t\t\t\t\t<\/div>\n\t\t\t\t<\/div>\n\t\t\t\t\t<\/div>\n\t\t<\/div>\n\t\t\t\t<div class=\"elementor-column elementor-col-50 elementor-inner-column elementor-element elementor-element-40735e2\" data-id=\"40735e2\" data-element_type=\"column\" data-e-type=\"column\">\n\t\t\t<div class=\"elementor-widget-wrap elementor-element-populated\">\n\t\t\t\t\t\t<div class=\"elementor-element elementor-element-29bbe2d elementor-widget elementor-widget-text-editor\" data-id=\"29bbe2d\" data-element_type=\"widget\" data-e-type=\"widget\" data-widget_type=\"text-editor.default\">\n\t\t\t\t<div class=\"elementor-widget-container\">\n\t\t\t\t\t\t\t\t\t<p><span style=\"color: #000000;\">\u2013 Cz\u0142owiek wsp\u00f3\u0142czesny wie, kim jest Jezus Chrystus. Jednak kiedy przychodzi czas wype\u0142nienia obowi\u0105zk\u00f3w, kt\u00f3re stawia przed nim Chrystus, to szuka sposobu, by odej\u015b\u0107, nie bra\u0107 na siebie \u017cadnej odpowiedzialno\u015bci. W tym niewiele r\u00f3\u017cnimy si\u0119 od \u015bw. Piotra. Warto zauwa\u017cy\u0107, \u017ce chwiejnemu w swojej wierze Piotrowi Chrystus m\u00f3wi: \u201eTy b\u0119dziesz ska\u0142\u0105, na tej skale zbuduj\u0119 m\u00f3j Ko\u015bci\u00f3\u0142\u201d. Nie na doskona\u0142o\u015bci wiary, doskona\u0142o\u015bci moralnej, ale na Tobie jako takim. Ty masz by\u0107 cz\u0142owiekiem, kt\u00f3ry sam zg\u0142\u0119bia tajemnice Chrystusa, po to, by uwierzy\u0107 w Niego. Jednocze\u015bnie jeste\u015b tym, kt\u00f3ry dla cz\u0142owieka ma stanowi\u0107 opok\u0119. Jak Chrystus powo\u0142a\u0142 Piotra, by by\u0142 ska\u0142\u0105, na kt\u00f3rej ma by\u0107 utwierdzony Ko\u015bci\u00f3\u0142, tak powo\u0142uje r\u00f3wnie\u017c nas, by\u015bmy na\u015bladowali Chrystusa \u2013 zaznaczy\u0142 ks. Witczak.<\/span><\/p>\t\t\t\t\t\t\t\t<\/div>\n\t\t\t\t<\/div>\n\t\t\t\t\t<\/div>\n\t\t<\/div>\n\t\t\t\t\t<\/div>\n\t\t<\/section>\n\t\t\t\t<div class=\"elementor-element elementor-element-4cfb4f7 elementor-widget elementor-widget-text-editor\" data-id=\"4cfb4f7\" data-element_type=\"widget\" data-e-type=\"widget\" data-widget_type=\"text-editor.default\">\n\t\t\t\t<div class=\"elementor-widget-container\">\n\t\t\t\t\t\t\t\t\t<p><span style=\"color: #000000;\">Do pielgrzym\u00f3w s\u0142owo w li\u015bcie skierowa\u0142 biskup w\u0142oc\u0142awski Krzysztof W\u0119tkowski. \u201eNadzieja w Panu nigdy nie zawodzi. Najlepszym wzorem zawierzenia Bogu jest Maryja. W tym roku nawiedza ona parafie naszej diecezji w znaku ikony jasnog\u00f3rskiej, staj\u0105c po\u015br\u00f3d nas wskazuje na Jezusa. Wpatruj\u0105c si\u0119 w oblicze Bolesnej Kr\u00f3lowej Polski pro\u015bmy, by Maryja wspiera\u0142a nas swoim wstawiennictwem\u201d \u2013 odczyta\u0142 ks. \u0141ukasz Grabiasz.<\/span><\/p><p><span style=\"color: #000000;\">W liturgii uczestniczy\u0142 poczet sztandarowy NSZZ \u201eSolidarno\u015b\u0107\u201d koni\u0144skiej kopalni. Po Mszy \u015bw. pielgrzymi zatrzymali si\u0119 przy pomniku \u015bw. Jana Paw\u0142a II, swojego patrona. Modlili si\u0119 i z\u0142o\u017cyli kwiaty r\u00f3wnie\u017c przy pomniku ks. Jerzego Popie\u0142uszki.<\/span><\/p>\t\t\t\t\t\t\t\t<\/div>\n\t\t\t\t<\/div>\n\t\t\t\t<div class=\"elementor-element elementor-element-ad56cdc elementor-widget-divider--view-line elementor-widget elementor-widget-divider\" data-id=\"ad56cdc\" data-element_type=\"widget\" data-e-type=\"widget\" data-widget_type=\"divider.default\">\n\t\t\t\t<div class=\"elementor-widget-container\">\n\t\t\t\t\t\t\t<div class=\"elementor-divider\">\n\t\t\t<span class=\"elementor-divider-separator\">\n\t\t\t\t\t\t<\/span>\n\t\t<\/div>\n\t\t\t\t\t\t<\/div>\n\t\t\t\t<\/div>\n\t\t\t\t<div class=\"elementor-element elementor-element-f75fb71 elementor-widget elementor-widget-gallery\" data-id=\"f75fb71\" data-element_type=\"widget\" data-e-type=\"widget\" data-settings=\"{&quot;lazyload&quot;:&quot;yes&quot;,&quot;gallery_layout&quot;:&quot;grid&quot;,&quot;columns&quot;:4,&quot;columns_tablet&quot;:2,&quot;columns_mobile&quot;:1,&quot;gap&quot;:{&quot;unit&quot;:&quot;px&quot;,&quot;size&quot;:10,&quot;sizes&quot;:[]},&quot;gap_tablet&quot;:{&quot;unit&quot;:&quot;px&quot;,&quot;size&quot;:10,&quot;sizes&quot;:[]},&quot;gap_mobile&quot;:{&quot;unit&quot;:&quot;px&quot;,&quot;size&quot;:10,&quot;sizes&quot;:[]},&quot;link_to&quot;:&quot;file&quot;,&quot;aspect_ratio&quot;:&quot;3:2&quot;,&quot;overlay_background&quot;:&quot;yes&quot;,&quot;content_hover_animation&quot;:&quot;fade-in&quot;}\" data-widget_type=\"gallery.default\">\n\t\t\t\t<div class=\"elementor-widget-container\">\n\t\t\t\t\t\t\t<div class=\"elementor-gallery__container\">\n\t\t\t\t\t\t\t<a class=\"e-gallery-item elementor-gallery-item elementor-animated-content\" href=\"https:\/\/www.lichen.pl\/wp-content\/uploads\/2023\/08\/IMG_2286-2.jpg\" data-elementor-open-lightbox=\"yes\" data-elementor-lightbox-slideshow=\"f75fb71\" data-elementor-lightbox-title=\"IMG_2286\" data-e-action-hash=\"#elementor-action%3Aaction%3Dlightbox%26settings%3DeyJpZCI6NTc2NTQsInVybCI6Imh0dHBzOlwvXC93d3cubGljaGVuLnBsXC93cC1jb250ZW50XC91cGxvYWRzXC8yMDIzXC8wOFwvSU1HXzIyODYtMi5qcGciLCJzbGlkZXNob3ciOiJmNzVmYjcxIn0%3D\">\n\t\t\t\t\t<div class=\"e-gallery-image elementor-gallery-item__image\" data-thumbnail=\"https:\/\/www.lichen.pl\/wp-content\/uploads\/2023\/08\/IMG_2286-2-225x300.jpg\" data-width=\"225\" data-height=\"300\" aria-label=\"\" role=\"img\" ><\/div>\n\t\t\t\t\t\t\t\t\t\t\t<div class=\"elementor-gallery-item__overlay\"><\/div>\n\t\t\t\t\t\t\t\t\t\t\t\t\t\t<\/a>\n\t\t\t\t\t\t\t<a class=\"e-gallery-item elementor-gallery-item elementor-animated-content\" href=\"https:\/\/www.lichen.pl\/wp-content\/uploads\/2023\/08\/IMG_2292.jpg\" data-elementor-open-lightbox=\"yes\" data-elementor-lightbox-slideshow=\"f75fb71\" data-elementor-lightbox-title=\"IMG_2292\" data-e-action-hash=\"#elementor-action%3Aaction%3Dlightbox%26settings%3DeyJpZCI6NTc2NTUsInVybCI6Imh0dHBzOlwvXC93d3cubGljaGVuLnBsXC93cC1jb250ZW50XC91cGxvYWRzXC8yMDIzXC8wOFwvSU1HXzIyOTIuanBnIiwic2xpZGVzaG93IjoiZjc1ZmI3MSJ9\">\n\t\t\t\t\t<div class=\"e-gallery-image elementor-gallery-item__image\" data-thumbnail=\"https:\/\/www.lichen.pl\/wp-content\/uploads\/2023\/08\/IMG_2292-300x225.jpg\" data-width=\"300\" data-height=\"225\" aria-label=\"\" role=\"img\" ><\/div>\n\t\t\t\t\t\t\t\t\t\t\t<div class=\"elementor-gallery-item__overlay\"><\/div>\n\t\t\t\t\t\t\t\t\t\t\t\t\t\t<\/a>\n\t\t\t\t\t\t\t<a class=\"e-gallery-item elementor-gallery-item elementor-animated-content\" href=\"https:\/\/www.lichen.pl\/wp-content\/uploads\/2023\/08\/IMG_2294.jpg\" data-elementor-open-lightbox=\"yes\" data-elementor-lightbox-slideshow=\"f75fb71\" data-elementor-lightbox-title=\"IMG_2294\" data-e-action-hash=\"#elementor-action%3Aaction%3Dlightbox%26settings%3DeyJpZCI6NTc2NTYsInVybCI6Imh0dHBzOlwvXC93d3cubGljaGVuLnBsXC93cC1jb250ZW50XC91cGxvYWRzXC8yMDIzXC8wOFwvSU1HXzIyOTQuanBnIiwic2xpZGVzaG93IjoiZjc1ZmI3MSJ9\">\n\t\t\t\t\t<div class=\"e-gallery-image elementor-gallery-item__image\" data-thumbnail=\"https:\/\/www.lichen.pl\/wp-content\/uploads\/2023\/08\/IMG_2294-300x225.jpg\" data-width=\"300\" data-height=\"225\" aria-label=\"\" role=\"img\" ><\/div>\n\t\t\t\t\t\t\t\t\t\t\t<div class=\"elementor-gallery-item__overlay\"><\/div>\n\t\t\t\t\t\t\t\t\t\t\t\t\t\t<\/a>\n\t\t\t\t\t\t\t<a class=\"e-gallery-item elementor-gallery-item elementor-animated-content\" href=\"https:\/\/www.lichen.pl\/wp-content\/uploads\/2023\/08\/IMG_2299.jpg\" data-elementor-open-lightbox=\"yes\" data-elementor-lightbox-slideshow=\"f75fb71\" data-elementor-lightbox-title=\"IMG_2299\" data-e-action-hash=\"#elementor-action%3Aaction%3Dlightbox%26settings%3DeyJpZCI6NTc2NTcsInVybCI6Imh0dHBzOlwvXC93d3cubGljaGVuLnBsXC93cC1jb250ZW50XC91cGxvYWRzXC8yMDIzXC8wOFwvSU1HXzIyOTkuanBnIiwic2xpZGVzaG93IjoiZjc1ZmI3MSJ9\">\n\t\t\t\t\t<div class=\"e-gallery-image elementor-gallery-item__image\" data-thumbnail=\"https:\/\/www.lichen.pl\/wp-content\/uploads\/2023\/08\/IMG_2299-300x225.jpg\" data-width=\"300\" data-height=\"225\" aria-label=\"\" role=\"img\" ><\/div>\n\t\t\t\t\t\t\t\t\t\t\t<div class=\"elementor-gallery-item__overlay\"><\/div>\n\t\t\t\t\t\t\t\t\t\t\t\t\t\t<\/a>\n\t\t\t\t\t\t\t<a class=\"e-gallery-item elementor-gallery-item elementor-animated-content\" href=\"https:\/\/www.lichen.pl\/wp-content\/uploads\/2023\/08\/IMG_2300.jpg\" data-elementor-open-lightbox=\"yes\" data-elementor-lightbox-slideshow=\"f75fb71\" data-elementor-lightbox-title=\"IMG_2300\" data-e-action-hash=\"#elementor-action%3Aaction%3Dlightbox%26settings%3DeyJpZCI6NTc2NTgsInVybCI6Imh0dHBzOlwvXC93d3cubGljaGVuLnBsXC93cC1jb250ZW50XC91cGxvYWRzXC8yMDIzXC8wOFwvSU1HXzIzMDAuanBnIiwic2xpZGVzaG93IjoiZjc1ZmI3MSJ9\">\n\t\t\t\t\t<div class=\"e-gallery-image elementor-gallery-item__image\" data-thumbnail=\"https:\/\/www.lichen.pl\/wp-content\/uploads\/2023\/08\/IMG_2300-300x225.jpg\" data-width=\"300\" data-height=\"225\" aria-label=\"\" role=\"img\" ><\/div>\n\t\t\t\t\t\t\t\t\t\t\t<div class=\"elementor-gallery-item__overlay\"><\/div>\n\t\t\t\t\t\t\t\t\t\t\t\t\t\t<\/a>\n\t\t\t\t\t\t\t<a class=\"e-gallery-item elementor-gallery-item elementor-animated-content\" href=\"https:\/\/www.lichen.pl\/wp-content\/uploads\/2023\/08\/IMG_2302.jpg\" data-elementor-open-lightbox=\"yes\" data-elementor-lightbox-slideshow=\"f75fb71\" data-elementor-lightbox-title=\"IMG_2302\" data-e-action-hash=\"#elementor-action%3Aaction%3Dlightbox%26settings%3DeyJpZCI6NTc2NTksInVybCI6Imh0dHBzOlwvXC93d3cubGljaGVuLnBsXC93cC1jb250ZW50XC91cGxvYWRzXC8yMDIzXC8wOFwvSU1HXzIzMDIuanBnIiwic2xpZGVzaG93IjoiZjc1ZmI3MSJ9\">\n\t\t\t\t\t<div class=\"e-gallery-image elementor-gallery-item__image\" data-thumbnail=\"https:\/\/www.lichen.pl\/wp-content\/uploads\/2023\/08\/IMG_2302-300x225.jpg\" data-width=\"300\" data-height=\"225\" aria-label=\"\" role=\"img\" ><\/div>\n\t\t\t\t\t\t\t\t\t\t\t<div class=\"elementor-gallery-item__overlay\"><\/div>\n\t\t\t\t\t\t\t\t\t\t\t\t\t\t<\/a>\n\t\t\t\t\t\t\t<a class=\"e-gallery-item elementor-gallery-item elementor-animated-content\" href=\"https:\/\/www.lichen.pl\/wp-content\/uploads\/2023\/08\/IMG_2308.jpg\" data-elementor-open-lightbox=\"yes\" data-elementor-lightbox-slideshow=\"f75fb71\" data-elementor-lightbox-title=\"IMG_2308\" data-e-action-hash=\"#elementor-action%3Aaction%3Dlightbox%26settings%3DeyJpZCI6NTc2NjAsInVybCI6Imh0dHBzOlwvXC93d3cubGljaGVuLnBsXC93cC1jb250ZW50XC91cGxvYWRzXC8yMDIzXC8wOFwvSU1HXzIzMDguanBnIiwic2xpZGVzaG93IjoiZjc1ZmI3MSJ9\">\n\t\t\t\t\t<div class=\"e-gallery-image elementor-gallery-item__image\" data-thumbnail=\"https:\/\/www.lichen.pl\/wp-content\/uploads\/2023\/08\/IMG_2308-300x225.jpg\" data-width=\"300\" data-height=\"225\" aria-label=\"\" role=\"img\" ><\/div>\n\t\t\t\t\t\t\t\t\t\t\t<div class=\"elementor-gallery-item__overlay\"><\/div>\n\t\t\t\t\t\t\t\t\t\t\t\t\t\t<\/a>\n\t\t\t\t\t\t\t<a class=\"e-gallery-item elementor-gallery-item elementor-animated-content\" href=\"https:\/\/www.lichen.pl\/wp-content\/uploads\/2023\/08\/IMG_2310.jpg\" data-elementor-open-lightbox=\"yes\" data-elementor-lightbox-slideshow=\"f75fb71\" data-elementor-lightbox-title=\"IMG_2310\" data-e-action-hash=\"#elementor-action%3Aaction%3Dlightbox%26settings%3DeyJpZCI6NTc2NjEsInVybCI6Imh0dHBzOlwvXC93d3cubGljaGVuLnBsXC93cC1jb250ZW50XC91cGxvYWRzXC8yMDIzXC8wOFwvSU1HXzIzMTAuanBnIiwic2xpZGVzaG93IjoiZjc1ZmI3MSJ9\">\n\t\t\t\t\t<div class=\"e-gallery-image elementor-gallery-item__image\" data-thumbnail=\"https:\/\/www.lichen.pl\/wp-content\/uploads\/2023\/08\/IMG_2310-300x225.jpg\" data-width=\"300\" data-height=\"225\" aria-label=\"\" role=\"img\" ><\/div>\n\t\t\t\t\t\t\t\t\t\t\t<div class=\"elementor-gallery-item__overlay\"><\/div>\n\t\t\t\t\t\t\t\t\t\t\t\t\t\t<\/a>\n\t\t\t\t\t\t\t<a class=\"e-gallery-item elementor-gallery-item elementor-animated-content\" href=\"https:\/\/www.lichen.pl\/wp-content\/uploads\/2023\/08\/IMG_2312.jpg\" data-elementor-open-lightbox=\"yes\" data-elementor-lightbox-slideshow=\"f75fb71\" data-elementor-lightbox-title=\"IMG_2312\" data-e-action-hash=\"#elementor-action%3Aaction%3Dlightbox%26settings%3DeyJpZCI6NTc2NjIsInVybCI6Imh0dHBzOlwvXC93d3cubGljaGVuLnBsXC93cC1jb250ZW50XC91cGxvYWRzXC8yMDIzXC8wOFwvSU1HXzIzMTIuanBnIiwic2xpZGVzaG93IjoiZjc1ZmI3MSJ9\">\n\t\t\t\t\t<div class=\"e-gallery-image elementor-gallery-item__image\" data-thumbnail=\"https:\/\/www.lichen.pl\/wp-content\/uploads\/2023\/08\/IMG_2312-300x225.jpg\" data-width=\"300\" data-height=\"225\" aria-label=\"\" role=\"img\" ><\/div>\n\t\t\t\t\t\t\t\t\t\t\t<div class=\"elementor-gallery-item__overlay\"><\/div>\n\t\t\t\t\t\t\t\t\t\t\t\t\t\t<\/a>\n\t\t\t\t\t\t\t<a class=\"e-gallery-item elementor-gallery-item elementor-animated-content\" href=\"https:\/\/www.lichen.pl\/wp-content\/uploads\/2023\/08\/IMG_2314.jpg\" data-elementor-open-lightbox=\"yes\" data-elementor-lightbox-slideshow=\"f75fb71\" data-elementor-lightbox-title=\"IMG_2314\" data-e-action-hash=\"#elementor-action%3Aaction%3Dlightbox%26settings%3DeyJpZCI6NTc2NjMsInVybCI6Imh0dHBzOlwvXC93d3cubGljaGVuLnBsXC93cC1jb250ZW50XC91cGxvYWRzXC8yMDIzXC8wOFwvSU1HXzIzMTQuanBnIiwic2xpZGVzaG93IjoiZjc1ZmI3MSJ9\">\n\t\t\t\t\t<div class=\"e-gallery-image elementor-gallery-item__image\" data-thumbnail=\"https:\/\/www.lichen.pl\/wp-content\/uploads\/2023\/08\/IMG_2314-225x300.jpg\" data-width=\"225\" data-height=\"300\" aria-label=\"\" role=\"img\" ><\/div>\n\t\t\t\t\t\t\t\t\t\t\t<div class=\"elementor-gallery-item__overlay\"><\/div>\n\t\t\t\t\t\t\t\t\t\t\t\t\t\t<\/a>\n\t\t\t\t\t\t\t<a class=\"e-gallery-item elementor-gallery-item elementor-animated-content\" href=\"https:\/\/www.lichen.pl\/wp-content\/uploads\/2023\/08\/IMG_2327.jpg\" data-elementor-open-lightbox=\"yes\" data-elementor-lightbox-slideshow=\"f75fb71\" data-elementor-lightbox-title=\"IMG_2327\" data-e-action-hash=\"#elementor-action%3Aaction%3Dlightbox%26settings%3DeyJpZCI6NTc2NjQsInVybCI6Imh0dHBzOlwvXC93d3cubGljaGVuLnBsXC93cC1jb250ZW50XC91cGxvYWRzXC8yMDIzXC8wOFwvSU1HXzIzMjcuanBnIiwic2xpZGVzaG93IjoiZjc1ZmI3MSJ9\">\n\t\t\t\t\t<div class=\"e-gallery-image elementor-gallery-item__image\" data-thumbnail=\"https:\/\/www.lichen.pl\/wp-content\/uploads\/2023\/08\/IMG_2327-300x225.jpg\" data-width=\"300\" data-height=\"225\" aria-label=\"\" role=\"img\" ><\/div>\n\t\t\t\t\t\t\t\t\t\t\t<div class=\"elementor-gallery-item__overlay\"><\/div>\n\t\t\t\t\t\t\t\t\t\t\t\t\t\t<\/a>\n\t\t\t\t\t\t\t<a class=\"e-gallery-item elementor-gallery-item elementor-animated-content\" href=\"https:\/\/www.lichen.pl\/wp-content\/uploads\/2023\/08\/IMG_2330.jpg\" data-elementor-open-lightbox=\"yes\" data-elementor-lightbox-slideshow=\"f75fb71\" data-elementor-lightbox-title=\"IMG_2330\" data-e-action-hash=\"#elementor-action%3Aaction%3Dlightbox%26settings%3DeyJpZCI6NTc2NjUsInVybCI6Imh0dHBzOlwvXC93d3cubGljaGVuLnBsXC93cC1jb250ZW50XC91cGxvYWRzXC8yMDIzXC8wOFwvSU1HXzIzMzAuanBnIiwic2xpZGVzaG93IjoiZjc1ZmI3MSJ9\">\n\t\t\t\t\t<div class=\"e-gallery-image elementor-gallery-item__image\" data-thumbnail=\"https:\/\/www.lichen.pl\/wp-content\/uploads\/2023\/08\/IMG_2330-300x225.jpg\" data-width=\"300\" data-height=\"225\" aria-label=\"\" role=\"img\" ><\/div>\n\t\t\t\t\t\t\t\t\t\t\t<div class=\"elementor-gallery-item__overlay\"><\/div>\n\t\t\t\t\t\t\t\t\t\t\t\t\t\t<\/a>\n\t\t\t\t\t\t\t<a class=\"e-gallery-item elementor-gallery-item elementor-animated-content\" href=\"https:\/\/www.lichen.pl\/wp-content\/uploads\/2023\/08\/IMG_2334.jpg\" data-elementor-open-lightbox=\"yes\" data-elementor-lightbox-slideshow=\"f75fb71\" data-elementor-lightbox-title=\"IMG_2334\" data-e-action-hash=\"#elementor-action%3Aaction%3Dlightbox%26settings%3DeyJpZCI6NTc2NjYsInVybCI6Imh0dHBzOlwvXC93d3cubGljaGVuLnBsXC93cC1jb250ZW50XC91cGxvYWRzXC8yMDIzXC8wOFwvSU1HXzIzMzQuanBnIiwic2xpZGVzaG93IjoiZjc1ZmI3MSJ9\">\n\t\t\t\t\t<div class=\"e-gallery-image elementor-gallery-item__image\" data-thumbnail=\"https:\/\/www.lichen.pl\/wp-content\/uploads\/2023\/08\/IMG_2334-300x225.jpg\" data-width=\"300\" data-height=\"225\" aria-label=\"\" role=\"img\" ><\/div>\n\t\t\t\t\t\t\t\t\t\t\t<div class=\"elementor-gallery-item__overlay\"><\/div>\n\t\t\t\t\t\t\t\t\t\t\t\t\t\t<\/a>\n\t\t\t\t\t\t\t<a class=\"e-gallery-item elementor-gallery-item elementor-animated-content\" href=\"https:\/\/www.lichen.pl\/wp-content\/uploads\/2023\/08\/IMG_2335.jpg\" data-elementor-open-lightbox=\"yes\" data-elementor-lightbox-slideshow=\"f75fb71\" data-elementor-lightbox-title=\"IMG_2335\" data-e-action-hash=\"#elementor-action%3Aaction%3Dlightbox%26settings%3DeyJpZCI6NTc2NjcsInVybCI6Imh0dHBzOlwvXC93d3cubGljaGVuLnBsXC93cC1jb250ZW50XC91cGxvYWRzXC8yMDIzXC8wOFwvSU1HXzIzMzUuanBnIiwic2xpZGVzaG93IjoiZjc1ZmI3MSJ9\">\n\t\t\t\t\t<div class=\"e-gallery-image elementor-gallery-item__image\" data-thumbnail=\"https:\/\/www.lichen.pl\/wp-content\/uploads\/2023\/08\/IMG_2335-300x225.jpg\" data-width=\"300\" data-height=\"225\" aria-label=\"\" role=\"img\" ><\/div>\n\t\t\t\t\t\t\t\t\t\t\t<div class=\"elementor-gallery-item__overlay\"><\/div>\n\t\t\t\t\t\t\t\t\t\t\t\t\t\t<\/a>\n\t\t\t\t\t\t\t<a class=\"e-gallery-item elementor-gallery-item elementor-animated-content\" href=\"https:\/\/www.lichen.pl\/wp-content\/uploads\/2023\/08\/IMG_2344.jpg\" data-elementor-open-lightbox=\"yes\" data-elementor-lightbox-slideshow=\"f75fb71\" data-elementor-lightbox-title=\"IMG_2344\" data-e-action-hash=\"#elementor-action%3Aaction%3Dlightbox%26settings%3DeyJpZCI6NTc2NjgsInVybCI6Imh0dHBzOlwvXC93d3cubGljaGVuLnBsXC93cC1jb250ZW50XC91cGxvYWRzXC8yMDIzXC8wOFwvSU1HXzIzNDQuanBnIiwic2xpZGVzaG93IjoiZjc1ZmI3MSJ9\">\n\t\t\t\t\t<div class=\"e-gallery-image elementor-gallery-item__image\" data-thumbnail=\"https:\/\/www.lichen.pl\/wp-content\/uploads\/2023\/08\/IMG_2344-300x225.jpg\" data-width=\"300\" data-height=\"225\" aria-label=\"\" role=\"img\" ><\/div>\n\t\t\t\t\t\t\t\t\t\t\t<div class=\"elementor-gallery-item__overlay\"><\/div>\n\t\t\t\t\t\t\t\t\t\t\t\t\t\t<\/a>\n\t\t\t\t\t\t\t<a class=\"e-gallery-item elementor-gallery-item elementor-animated-content\" href=\"https:\/\/www.lichen.pl\/wp-content\/uploads\/2023\/08\/IMG_2355.jpg\" data-elementor-open-lightbox=\"yes\" data-elementor-lightbox-slideshow=\"f75fb71\" data-elementor-lightbox-title=\"IMG_2355\" data-e-action-hash=\"#elementor-action%3Aaction%3Dlightbox%26settings%3DeyJpZCI6NTc2NjksInVybCI6Imh0dHBzOlwvXC93d3cubGljaGVuLnBsXC93cC1jb250ZW50XC91cGxvYWRzXC8yMDIzXC8wOFwvSU1HXzIzNTUuanBnIiwic2xpZGVzaG93IjoiZjc1ZmI3MSJ9\">\n\t\t\t\t\t<div class=\"e-gallery-image elementor-gallery-item__image\" data-thumbnail=\"https:\/\/www.lichen.pl\/wp-content\/uploads\/2023\/08\/IMG_2355-225x300.jpg\" data-width=\"225\" data-height=\"300\" aria-label=\"\" role=\"img\" ><\/div>\n\t\t\t\t\t\t\t\t\t\t\t<div class=\"elementor-gallery-item__overlay\"><\/div>\n\t\t\t\t\t\t\t\t\t\t\t\t\t\t<\/a>\n\t\t\t\t\t\t\t<a class=\"e-gallery-item elementor-gallery-item elementor-animated-content\" href=\"https:\/\/www.lichen.pl\/wp-content\/uploads\/2023\/08\/IMG_2361.jpg\" data-elementor-open-lightbox=\"yes\" data-elementor-lightbox-slideshow=\"f75fb71\" data-elementor-lightbox-title=\"IMG_2361\" data-e-action-hash=\"#elementor-action%3Aaction%3Dlightbox%26settings%3DeyJpZCI6NTc2NzAsInVybCI6Imh0dHBzOlwvXC93d3cubGljaGVuLnBsXC93cC1jb250ZW50XC91cGxvYWRzXC8yMDIzXC8wOFwvSU1HXzIzNjEuanBnIiwic2xpZGVzaG93IjoiZjc1ZmI3MSJ9\">\n\t\t\t\t\t<div class=\"e-gallery-image elementor-gallery-item__image\" data-thumbnail=\"https:\/\/www.lichen.pl\/wp-content\/uploads\/2023\/08\/IMG_2361-300x225.jpg\" data-width=\"300\" data-height=\"225\" aria-label=\"\" role=\"img\" ><\/div>\n\t\t\t\t\t\t\t\t\t\t\t<div class=\"elementor-gallery-item__overlay\"><\/div>\n\t\t\t\t\t\t\t\t\t\t\t\t\t\t<\/a>\n\t\t\t\t\t\t\t<a class=\"e-gallery-item elementor-gallery-item elementor-animated-content\" href=\"https:\/\/www.lichen.pl\/wp-content\/uploads\/2023\/08\/IMG_2370.jpg\" data-elementor-open-lightbox=\"yes\" data-elementor-lightbox-slideshow=\"f75fb71\" data-elementor-lightbox-title=\"IMG_2370\" data-e-action-hash=\"#elementor-action%3Aaction%3Dlightbox%26settings%3DeyJpZCI6NTc2NzEsInVybCI6Imh0dHBzOlwvXC93d3cubGljaGVuLnBsXC93cC1jb250ZW50XC91cGxvYWRzXC8yMDIzXC8wOFwvSU1HXzIzNzAuanBnIiwic2xpZGVzaG93IjoiZjc1ZmI3MSJ9\">\n\t\t\t\t\t<div class=\"e-gallery-image elementor-gallery-item__image\" data-thumbnail=\"https:\/\/www.lichen.pl\/wp-content\/uploads\/2023\/08\/IMG_2370-225x300.jpg\" data-width=\"225\" data-height=\"300\" aria-label=\"\" role=\"img\" ><\/div>\n\t\t\t\t\t\t\t\t\t\t\t<div class=\"elementor-gallery-item__overlay\"><\/div>\n\t\t\t\t\t\t\t\t\t\t\t\t\t\t<\/a>\n\t\t\t\t\t\t\t<a class=\"e-gallery-item elementor-gallery-item elementor-animated-content\" href=\"https:\/\/www.lichen.pl\/wp-content\/uploads\/2023\/08\/IMG_2372.jpg\" data-elementor-open-lightbox=\"yes\" data-elementor-lightbox-slideshow=\"f75fb71\" data-elementor-lightbox-title=\"IMG_2372\" data-e-action-hash=\"#elementor-action%3Aaction%3Dlightbox%26settings%3DeyJpZCI6NTc2NzIsInVybCI6Imh0dHBzOlwvXC93d3cubGljaGVuLnBsXC93cC1jb250ZW50XC91cGxvYWRzXC8yMDIzXC8wOFwvSU1HXzIzNzIuanBnIiwic2xpZGVzaG93IjoiZjc1ZmI3MSJ9\">\n\t\t\t\t\t<div class=\"e-gallery-image elementor-gallery-item__image\" data-thumbnail=\"https:\/\/www.lichen.pl\/wp-content\/uploads\/2023\/08\/IMG_2372-225x300.jpg\" data-width=\"225\" data-height=\"300\" aria-label=\"\" role=\"img\" ><\/div>\n\t\t\t\t\t\t\t\t\t\t\t<div class=\"elementor-gallery-item__overlay\"><\/div>\n\t\t\t\t\t\t\t\t\t\t\t\t\t\t<\/a>\n\t\t\t\t\t\t\t<a class=\"e-gallery-item elementor-gallery-item elementor-animated-content\" href=\"https:\/\/www.lichen.pl\/wp-content\/uploads\/2023\/08\/IMG_2376-1.jpg\" data-elementor-open-lightbox=\"yes\" data-elementor-lightbox-slideshow=\"f75fb71\" data-elementor-lightbox-title=\"IMG_2376\" data-e-action-hash=\"#elementor-action%3Aaction%3Dlightbox%26settings%3DeyJpZCI6NTc2NzQsInVybCI6Imh0dHBzOlwvXC93d3cubGljaGVuLnBsXC93cC1jb250ZW50XC91cGxvYWRzXC8yMDIzXC8wOFwvSU1HXzIzNzYtMS5qcGciLCJzbGlkZXNob3ciOiJmNzVmYjcxIn0%3D\">\n\t\t\t\t\t<div class=\"e-gallery-image elementor-gallery-item__image\" data-thumbnail=\"https:\/\/www.lichen.pl\/wp-content\/uploads\/2023\/08\/IMG_2376-1-225x300.jpg\" data-width=\"225\" data-height=\"300\" aria-label=\"\" role=\"img\" ><\/div>\n\t\t\t\t\t\t\t\t\t\t\t<div class=\"elementor-gallery-item__overlay\"><\/div>\n\t\t\t\t\t\t\t\t\t\t\t\t\t\t<\/a>\n\t\t\t\t\t\t\t<a class=\"e-gallery-item elementor-gallery-item elementor-animated-content\" href=\"https:\/\/www.lichen.pl\/wp-content\/uploads\/2023\/08\/IMG_2378.jpg\" data-elementor-open-lightbox=\"yes\" data-elementor-lightbox-slideshow=\"f75fb71\" data-elementor-lightbox-title=\"IMG_2378\" data-e-action-hash=\"#elementor-action%3Aaction%3Dlightbox%26settings%3DeyJpZCI6NTc2NzUsInVybCI6Imh0dHBzOlwvXC93d3cubGljaGVuLnBsXC93cC1jb250ZW50XC91cGxvYWRzXC8yMDIzXC8wOFwvSU1HXzIzNzguanBnIiwic2xpZGVzaG93IjoiZjc1ZmI3MSJ9\">\n\t\t\t\t\t<div class=\"e-gallery-image elementor-gallery-item__image\" data-thumbnail=\"https:\/\/www.lichen.pl\/wp-content\/uploads\/2023\/08\/IMG_2378-300x225.jpg\" data-width=\"300\" data-height=\"225\" aria-label=\"\" role=\"img\" ><\/div>\n\t\t\t\t\t\t\t\t\t\t\t<div class=\"elementor-gallery-item__overlay\"><\/div>\n\t\t\t\t\t\t\t\t\t\t\t\t\t\t<\/a>\n\t\t\t\t\t\t\t<a class=\"e-gallery-item elementor-gallery-item elementor-animated-content\" href=\"https:\/\/www.lichen.pl\/wp-content\/uploads\/2023\/08\/IMG_2379.jpg\" data-elementor-open-lightbox=\"yes\" data-elementor-lightbox-slideshow=\"f75fb71\" data-elementor-lightbox-title=\"IMG_2379\" data-e-action-hash=\"#elementor-action%3Aaction%3Dlightbox%26settings%3DeyJpZCI6NTc2NzYsInVybCI6Imh0dHBzOlwvXC93d3cubGljaGVuLnBsXC93cC1jb250ZW50XC91cGxvYWRzXC8yMDIzXC8wOFwvSU1HXzIzNzkuanBnIiwic2xpZGVzaG93IjoiZjc1ZmI3MSJ9\">\n\t\t\t\t\t<div class=\"e-gallery-image elementor-gallery-item__image\" data-thumbnail=\"https:\/\/www.lichen.pl\/wp-content\/uploads\/2023\/08\/IMG_2379-300x225.jpg\" data-width=\"300\" data-height=\"225\" aria-label=\"\" role=\"img\" ><\/div>\n\t\t\t\t\t\t\t\t\t\t\t<div class=\"elementor-gallery-item__overlay\"><\/div>\n\t\t\t\t\t\t\t\t\t\t\t\t\t\t<\/a>\n\t\t\t\t\t\t\t<a class=\"e-gallery-item elementor-gallery-item elementor-animated-content\" href=\"https:\/\/www.lichen.pl\/wp-content\/uploads\/2023\/08\/IMG_2380.jpg\" data-elementor-open-lightbox=\"yes\" data-elementor-lightbox-slideshow=\"f75fb71\" data-elementor-lightbox-title=\"IMG_2380\" data-e-action-hash=\"#elementor-action%3Aaction%3Dlightbox%26settings%3DeyJpZCI6NTc2NzcsInVybCI6Imh0dHBzOlwvXC93d3cubGljaGVuLnBsXC93cC1jb250ZW50XC91cGxvYWRzXC8yMDIzXC8wOFwvSU1HXzIzODAuanBnIiwic2xpZGVzaG93IjoiZjc1ZmI3MSJ9\">\n\t\t\t\t\t<div class=\"e-gallery-image elementor-gallery-item__image\" data-thumbnail=\"https:\/\/www.lichen.pl\/wp-content\/uploads\/2023\/08\/IMG_2380-225x300.jpg\" data-width=\"225\" data-height=\"300\" aria-label=\"\" role=\"img\" ><\/div>\n\t\t\t\t\t\t\t\t\t\t\t<div class=\"elementor-gallery-item__overlay\"><\/div>\n\t\t\t\t\t\t\t\t\t\t\t\t\t\t<\/a>\n\t\t\t\t\t<\/div>\n\t\t\t\t\t<\/div>\n\t\t\t\t<\/div>\n\t\t\t\t\t<\/div>\n\t\t<\/div>\n\t\t\t\t\t<\/div>\n\t\t<\/section>\n\t\t\t\t<\/div>","protected":false},"excerpt":{"rendered":"<p>Pod has\u0142em \u201eZ Tob\u0105 Matko w Ko\u015bciele Chrystusa\u201d w niedziel\u0119, 27 sierpnia, wyruszy\u0142a 41. Pielgrzymka Ludzi Pracy do Matki Bo\u017cej Liche\u0144skiej. Pielgrzymki ludzi pracy to inicjatywa ks. Jerzego Popie\u0142uszki. W Koninie zapocz\u0105tkowa\u0142a je NSZZ \u201eSolidarno\u015b\u0107\u201d 41 lat temu. Do inicjatywy przy\u0142\u0105czy\u0142y si\u0119 Konfraternia ks. Jerzego Popie\u0142uszki przy parafii \u015bw. Wojciecha w Koninie i Akcja Katolicka, [&hellip;]<\/p>\n","protected":false},"author":6,"featured_media":57642,"comment_status":"closed","ping_status":"closed","sticky":false,"template":"","format":"standard","meta":{"footnotes":""},"categories":[1],"tags":[],"class_list":["post-57641","post","type-post","status-publish","format-standard","has-post-thumbnail","hentry","category-aktualnosci","wpbf-post"],"yoast_head":"<!-- This site is optimized with the Yoast SEO plugin v27.4 - https:\/\/yoast.com\/product\/yoast-seo-wordpress\/ -->\n<title>Piesza pielgrzymka ludzi pracy do Lichenia - SANKTUARIUM W LICHENIU<\/title>\n<meta name=\"robots\" content=\"index, follow, max-snippet:-1, max-image-preview:large, max-video-preview:-1\" \/>\n<link rel=\"canonical\" href=\"https:\/\/www.lichen.pl\/it\/piesza-pielgrzymka-ludzi-pracy-do-lichenia\/\" \/>\n<meta property=\"og:locale\" content=\"it_IT\" \/>\n<meta property=\"og:type\" content=\"article\" \/>\n<meta property=\"og:title\" content=\"Piesza pielgrzymka ludzi pracy do Lichenia - SANKTUARIUM W LICHENIU\" \/>\n<meta property=\"og:description\" content=\"Pod has\u0142em \u201eZ Tob\u0105 Matko w Ko\u015bciele Chrystusa\u201d w niedziel\u0119, 27 sierpnia, wyruszy\u0142a 41. Pielgrzymka Ludzi Pracy do Matki Bo\u017cej Liche\u0144skiej. Pielgrzymki ludzi pracy to inicjatywa ks. Jerzego Popie\u0142uszki. W Koninie zapocz\u0105tkowa\u0142a je NSZZ \u201eSolidarno\u015b\u0107\u201d 41 lat temu. Do inicjatywy przy\u0142\u0105czy\u0142y si\u0119 Konfraternia ks. Jerzego Popie\u0142uszki przy parafii \u015bw. Wojciecha w Koninie i Akcja Katolicka, [&hellip;]\" \/>\n<meta property=\"og:url\" content=\"https:\/\/www.lichen.pl\/it\/piesza-pielgrzymka-ludzi-pracy-do-lichenia\/\" \/>\n<meta property=\"og:site_name\" content=\"SANKTUARIUM W LICHENIU\" \/>\n<meta property=\"article:published_time\" content=\"2023-08-27T19:00:13+00:00\" \/>\n<meta property=\"article:modified_time\" content=\"2023-08-27T19:24:56+00:00\" \/>\n<meta property=\"og:image\" content=\"https:\/\/www.lichen.pl\/wp-content\/uploads\/2023\/08\/IMG_20230827_173246.jpg\" \/>\n\t<meta property=\"og:image:width\" content=\"1600\" \/>\n\t<meta property=\"og:image:height\" content=\"1200\" \/>\n\t<meta property=\"og:image:type\" content=\"image\/jpeg\" \/>\n<meta name=\"author\" content=\"AMELIA SIUDA-KOSZELA\" \/>\n<meta name=\"twitter:card\" content=\"summary_large_image\" \/>\n<meta name=\"twitter:label1\" content=\"Scritto da\" \/>\n\t<meta name=\"twitter:data1\" content=\"AMELIA SIUDA-KOSZELA\" \/>\n\t<meta name=\"twitter:label2\" content=\"Tempo di lettura stimato\" \/>\n\t<meta name=\"twitter:data2\" content=\"4 minuti\" \/>\n<script type=\"application\/ld+json\" class=\"yoast-schema-graph\">{\"@context\":\"https:\\\/\\\/schema.org\",\"@graph\":[{\"@type\":\"Article\",\"@id\":\"https:\\\/\\\/www.lichen.pl\\\/piesza-pielgrzymka-ludzi-pracy-do-lichenia\\\/#article\",\"isPartOf\":{\"@id\":\"https:\\\/\\\/www.lichen.pl\\\/piesza-pielgrzymka-ludzi-pracy-do-lichenia\\\/\"},\"author\":{\"name\":\"AMELIA SIUDA-KOSZELA\",\"@id\":\"https:\\\/\\\/www.lichen.pl\\\/fr\\\/#\\\/schema\\\/person\\\/70bf824c102f176cf976b0d90af0d62a\"},\"headline\":\"Piesza pielgrzymka ludzi pracy do Lichenia\",\"datePublished\":\"2023-08-27T19:00:13+00:00\",\"dateModified\":\"2023-08-27T19:24:56+00:00\",\"mainEntityOfPage\":{\"@id\":\"https:\\\/\\\/www.lichen.pl\\\/piesza-pielgrzymka-ludzi-pracy-do-lichenia\\\/\"},\"wordCount\":599,\"image\":{\"@id\":\"https:\\\/\\\/www.lichen.pl\\\/piesza-pielgrzymka-ludzi-pracy-do-lichenia\\\/#primaryimage\"},\"thumbnailUrl\":\"https:\\\/\\\/www.lichen.pl\\\/wp-content\\\/uploads\\\/2023\\\/08\\\/IMG_20230827_173246.jpg\",\"articleSection\":[\"Aktualno\u015bci\"],\"inLanguage\":\"it-IT\"},{\"@type\":\"WebPage\",\"@id\":\"https:\\\/\\\/www.lichen.pl\\\/piesza-pielgrzymka-ludzi-pracy-do-lichenia\\\/\",\"url\":\"https:\\\/\\\/www.lichen.pl\\\/piesza-pielgrzymka-ludzi-pracy-do-lichenia\\\/\",\"name\":\"Piesza pielgrzymka ludzi pracy do Lichenia - SANKTUARIUM W LICHENIU\",\"isPartOf\":{\"@id\":\"https:\\\/\\\/www.lichen.pl\\\/fr\\\/#website\"},\"primaryImageOfPage\":{\"@id\":\"https:\\\/\\\/www.lichen.pl\\\/piesza-pielgrzymka-ludzi-pracy-do-lichenia\\\/#primaryimage\"},\"image\":{\"@id\":\"https:\\\/\\\/www.lichen.pl\\\/piesza-pielgrzymka-ludzi-pracy-do-lichenia\\\/#primaryimage\"},\"thumbnailUrl\":\"https:\\\/\\\/www.lichen.pl\\\/wp-content\\\/uploads\\\/2023\\\/08\\\/IMG_20230827_173246.jpg\",\"datePublished\":\"2023-08-27T19:00:13+00:00\",\"dateModified\":\"2023-08-27T19:24:56+00:00\",\"author\":{\"@id\":\"https:\\\/\\\/www.lichen.pl\\\/fr\\\/#\\\/schema\\\/person\\\/70bf824c102f176cf976b0d90af0d62a\"},\"breadcrumb\":{\"@id\":\"https:\\\/\\\/www.lichen.pl\\\/piesza-pielgrzymka-ludzi-pracy-do-lichenia\\\/#breadcrumb\"},\"inLanguage\":\"it-IT\",\"potentialAction\":[{\"@type\":\"ReadAction\",\"target\":[\"https:\\\/\\\/www.lichen.pl\\\/piesza-pielgrzymka-ludzi-pracy-do-lichenia\\\/\"]}]},{\"@type\":\"ImageObject\",\"inLanguage\":\"it-IT\",\"@id\":\"https:\\\/\\\/www.lichen.pl\\\/piesza-pielgrzymka-ludzi-pracy-do-lichenia\\\/#primaryimage\",\"url\":\"https:\\\/\\\/www.lichen.pl\\\/wp-content\\\/uploads\\\/2023\\\/08\\\/IMG_20230827_173246.jpg\",\"contentUrl\":\"https:\\\/\\\/www.lichen.pl\\\/wp-content\\\/uploads\\\/2023\\\/08\\\/IMG_20230827_173246.jpg\",\"width\":1600,\"height\":1200},{\"@type\":\"BreadcrumbList\",\"@id\":\"https:\\\/\\\/www.lichen.pl\\\/piesza-pielgrzymka-ludzi-pracy-do-lichenia\\\/#breadcrumb\",\"itemListElement\":[{\"@type\":\"ListItem\",\"position\":1,\"name\":\"Strona g\u0142\u00f3wna\",\"item\":\"https:\\\/\\\/www.lichen.pl\\\/\"},{\"@type\":\"ListItem\",\"position\":2,\"name\":\"Piesza pielgrzymka ludzi pracy do Lichenia\"}]},{\"@type\":\"WebSite\",\"@id\":\"https:\\\/\\\/www.lichen.pl\\\/fr\\\/#website\",\"url\":\"https:\\\/\\\/www.lichen.pl\\\/fr\\\/\",\"name\":\"SANKTUARIUM W LICHENIU\",\"description\":\"MATKI BO\u017bEJ LICHE\u0143SKIEJ BOLESNEJ KR\u00d3LOWEJ POLSKI\",\"potentialAction\":[{\"@type\":\"SearchAction\",\"target\":{\"@type\":\"EntryPoint\",\"urlTemplate\":\"https:\\\/\\\/www.lichen.pl\\\/fr\\\/?s={search_term_string}\"},\"query-input\":{\"@type\":\"PropertyValueSpecification\",\"valueRequired\":true,\"valueName\":\"search_term_string\"}}],\"inLanguage\":\"it-IT\"},{\"@type\":\"Person\",\"@id\":\"https:\\\/\\\/www.lichen.pl\\\/fr\\\/#\\\/schema\\\/person\\\/70bf824c102f176cf976b0d90af0d62a\",\"name\":\"AMELIA SIUDA-KOSZELA\",\"image\":{\"@type\":\"ImageObject\",\"inLanguage\":\"it-IT\",\"@id\":\"https:\\\/\\\/secure.gravatar.com\\\/avatar\\\/a0f9a92186ab02fb8db116f5388e3bc7280dd7bd01565c5d6b7ceb07ff27d6d9?s=96&d=retro&r=g\",\"url\":\"https:\\\/\\\/secure.gravatar.com\\\/avatar\\\/a0f9a92186ab02fb8db116f5388e3bc7280dd7bd01565c5d6b7ceb07ff27d6d9?s=96&d=retro&r=g\",\"contentUrl\":\"https:\\\/\\\/secure.gravatar.com\\\/avatar\\\/a0f9a92186ab02fb8db116f5388e3bc7280dd7bd01565c5d6b7ceb07ff27d6d9?s=96&d=retro&r=g\",\"caption\":\"AMELIA SIUDA-KOSZELA\"},\"url\":\"https:\\\/\\\/www.lichen.pl\\\/it\\\/author\\\/amelia\\\/\"}]}<\/script>\n<!-- \/ Yoast SEO plugin. -->","yoast_head_json":{"title":"Piesza pielgrzymka ludzi pracy do Lichenia - SANKTUARIUM W LICHENIU","robots":{"index":"index","follow":"follow","max-snippet":"max-snippet:-1","max-image-preview":"max-image-preview:large","max-video-preview":"max-video-preview:-1"},"canonical":"https:\/\/www.lichen.pl\/it\/piesza-pielgrzymka-ludzi-pracy-do-lichenia\/","og_locale":"it_IT","og_type":"article","og_title":"Piesza pielgrzymka ludzi pracy do Lichenia - SANKTUARIUM W LICHENIU","og_description":"Pod has\u0142em \u201eZ Tob\u0105 Matko w Ko\u015bciele Chrystusa\u201d w niedziel\u0119, 27 sierpnia, wyruszy\u0142a 41. Pielgrzymka Ludzi Pracy do Matki Bo\u017cej Liche\u0144skiej. Pielgrzymki ludzi pracy to inicjatywa ks. Jerzego Popie\u0142uszki. W Koninie zapocz\u0105tkowa\u0142a je NSZZ \u201eSolidarno\u015b\u0107\u201d 41 lat temu. Do inicjatywy przy\u0142\u0105czy\u0142y si\u0119 Konfraternia ks. Jerzego Popie\u0142uszki przy parafii \u015bw. Wojciecha w Koninie i Akcja Katolicka, [&hellip;]","og_url":"https:\/\/www.lichen.pl\/it\/piesza-pielgrzymka-ludzi-pracy-do-lichenia\/","og_site_name":"SANKTUARIUM W LICHENIU","article_published_time":"2023-08-27T19:00:13+00:00","article_modified_time":"2023-08-27T19:24:56+00:00","og_image":[{"width":1600,"height":1200,"url":"https:\/\/www.lichen.pl\/wp-content\/uploads\/2023\/08\/IMG_20230827_173246.jpg","type":"image\/jpeg"}],"author":"AMELIA SIUDA-KOSZELA","twitter_card":"summary_large_image","twitter_misc":{"Scritto da":"AMELIA SIUDA-KOSZELA","Tempo di lettura stimato":"4 minuti"},"schema":{"@context":"https:\/\/schema.org","@graph":[{"@type":"Article","@id":"https:\/\/www.lichen.pl\/piesza-pielgrzymka-ludzi-pracy-do-lichenia\/#article","isPartOf":{"@id":"https:\/\/www.lichen.pl\/piesza-pielgrzymka-ludzi-pracy-do-lichenia\/"},"author":{"name":"AMELIA SIUDA-KOSZELA","@id":"https:\/\/www.lichen.pl\/fr\/#\/schema\/person\/70bf824c102f176cf976b0d90af0d62a"},"headline":"Piesza pielgrzymka ludzi pracy do Lichenia","datePublished":"2023-08-27T19:00:13+00:00","dateModified":"2023-08-27T19:24:56+00:00","mainEntityOfPage":{"@id":"https:\/\/www.lichen.pl\/piesza-pielgrzymka-ludzi-pracy-do-lichenia\/"},"wordCount":599,"image":{"@id":"https:\/\/www.lichen.pl\/piesza-pielgrzymka-ludzi-pracy-do-lichenia\/#primaryimage"},"thumbnailUrl":"https:\/\/www.lichen.pl\/wp-content\/uploads\/2023\/08\/IMG_20230827_173246.jpg","articleSection":["Aktualno\u015bci"],"inLanguage":"it-IT"},{"@type":"WebPage","@id":"https:\/\/www.lichen.pl\/piesza-pielgrzymka-ludzi-pracy-do-lichenia\/","url":"https:\/\/www.lichen.pl\/piesza-pielgrzymka-ludzi-pracy-do-lichenia\/","name":"Piesza pielgrzymka ludzi pracy do Lichenia - SANKTUARIUM W LICHENIU","isPartOf":{"@id":"https:\/\/www.lichen.pl\/fr\/#website"},"primaryImageOfPage":{"@id":"https:\/\/www.lichen.pl\/piesza-pielgrzymka-ludzi-pracy-do-lichenia\/#primaryimage"},"image":{"@id":"https:\/\/www.lichen.pl\/piesza-pielgrzymka-ludzi-pracy-do-lichenia\/#primaryimage"},"thumbnailUrl":"https:\/\/www.lichen.pl\/wp-content\/uploads\/2023\/08\/IMG_20230827_173246.jpg","datePublished":"2023-08-27T19:00:13+00:00","dateModified":"2023-08-27T19:24:56+00:00","author":{"@id":"https:\/\/www.lichen.pl\/fr\/#\/schema\/person\/70bf824c102f176cf976b0d90af0d62a"},"breadcrumb":{"@id":"https:\/\/www.lichen.pl\/piesza-pielgrzymka-ludzi-pracy-do-lichenia\/#breadcrumb"},"inLanguage":"it-IT","potentialAction":[{"@type":"ReadAction","target":["https:\/\/www.lichen.pl\/piesza-pielgrzymka-ludzi-pracy-do-lichenia\/"]}]},{"@type":"ImageObject","inLanguage":"it-IT","@id":"https:\/\/www.lichen.pl\/piesza-pielgrzymka-ludzi-pracy-do-lichenia\/#primaryimage","url":"https:\/\/www.lichen.pl\/wp-content\/uploads\/2023\/08\/IMG_20230827_173246.jpg","contentUrl":"https:\/\/www.lichen.pl\/wp-content\/uploads\/2023\/08\/IMG_20230827_173246.jpg","width":1600,"height":1200},{"@type":"BreadcrumbList","@id":"https:\/\/www.lichen.pl\/piesza-pielgrzymka-ludzi-pracy-do-lichenia\/#breadcrumb","itemListElement":[{"@type":"ListItem","position":1,"name":"Strona g\u0142\u00f3wna","item":"https:\/\/www.lichen.pl\/"},{"@type":"ListItem","position":2,"name":"Piesza pielgrzymka ludzi pracy do Lichenia"}]},{"@type":"WebSite","@id":"https:\/\/www.lichen.pl\/fr\/#website","url":"https:\/\/www.lichen.pl\/fr\/","name":"SANTUARIO IN LICHENIA","description":"LA REGINA ADOLORATA DEL NOSTRO LICHENE DI POLONIA","potentialAction":[{"@type":"SearchAction","target":{"@type":"EntryPoint","urlTemplate":"https:\/\/www.lichen.pl\/fr\/?s={search_term_string}"},"query-input":{"@type":"PropertyValueSpecification","valueRequired":true,"valueName":"search_term_string"}}],"inLanguage":"it-IT"},{"@type":"Person","@id":"https:\/\/www.lichen.pl\/fr\/#\/schema\/person\/70bf824c102f176cf976b0d90af0d62a","name":"AMELIA SIUDA-KOSZELA","image":{"@type":"ImageObject","inLanguage":"it-IT","@id":"https:\/\/secure.gravatar.com\/avatar\/a0f9a92186ab02fb8db116f5388e3bc7280dd7bd01565c5d6b7ceb07ff27d6d9?s=96&d=retro&r=g","url":"https:\/\/secure.gravatar.com\/avatar\/a0f9a92186ab02fb8db116f5388e3bc7280dd7bd01565c5d6b7ceb07ff27d6d9?s=96&d=retro&r=g","contentUrl":"https:\/\/secure.gravatar.com\/avatar\/a0f9a92186ab02fb8db116f5388e3bc7280dd7bd01565c5d6b7ceb07ff27d6d9?s=96&d=retro&r=g","caption":"AMELIA SIUDA-KOSZELA"},"url":"https:\/\/www.lichen.pl\/it\/author\/amelia\/"}]}},"_links":{"self":[{"href":"https:\/\/www.lichen.pl\/it\/wp-json\/wp\/v2\/posts\/57641","targetHints":{"allow":["GET"]}}],"collection":[{"href":"https:\/\/www.lichen.pl\/it\/wp-json\/wp\/v2\/posts"}],"about":[{"href":"https:\/\/www.lichen.pl\/it\/wp-json\/wp\/v2\/types\/post"}],"author":[{"embeddable":true,"href":"https:\/\/www.lichen.pl\/it\/wp-json\/wp\/v2\/users\/6"}],"replies":[{"embeddable":true,"href":"https:\/\/www.lichen.pl\/it\/wp-json\/wp\/v2\/comments?post=57641"}],"version-history":[{"count":5,"href":"https:\/\/www.lichen.pl\/it\/wp-json\/wp\/v2\/posts\/57641\/revisions"}],"predecessor-version":[{"id":57681,"href":"https:\/\/www.lichen.pl\/it\/wp-json\/wp\/v2\/posts\/57641\/revisions\/57681"}],"wp:featuredmedia":[{"embeddable":true,"href":"https:\/\/www.lichen.pl\/it\/wp-json\/wp\/v2\/media\/57642"}],"wp:attachment":[{"href":"https:\/\/www.lichen.pl\/it\/wp-json\/wp\/v2\/media?parent=57641"}],"wp:term":[{"taxonomy":"category","embeddable":true,"href":"https:\/\/www.lichen.pl\/it\/wp-json\/wp\/v2\/categories?post=57641"},{"taxonomy":"post_tag","embeddable":true,"href":"https:\/\/www.lichen.pl\/it\/wp-json\/wp\/v2\/tags?post=57641"}],"curies":[{"name":"wp","href":"https:\/\/api.w.org\/{rel}","templated":true}]}}