{"id":58544,"date":"2023-09-19T17:55:55","date_gmt":"2023-09-19T15:55:55","guid":{"rendered":"https:\/\/www.lichen.pl\/?p=58544"},"modified":"2023-09-21T20:15:58","modified_gmt":"2023-09-21T18:15:58","slug":"parafia-jutra-2","status":"publish","type":"post","link":"https:\/\/www.lichen.pl\/it\/parafia-jutra-2\/","title":{"rendered":"Szukaj\u0105 dr\u00f3g odnowy polskiej parafii"},"content":{"rendered":"<div data-elementor-type=\"wp-post\" data-elementor-id=\"58544\" class=\"elementor elementor-58544\" data-elementor-post-type=\"post\">\n\t\t\t\t\t\t<section class=\"elementor-section elementor-top-section elementor-element elementor-element-5b32752 elementor-section-boxed elementor-section-height-default elementor-section-height-default\" data-id=\"5b32752\" data-element_type=\"section\" data-e-type=\"section\">\n\t\t\t\t\t\t<div class=\"elementor-container elementor-column-gap-default\">\n\t\t\t\t\t<div class=\"elementor-column elementor-col-100 elementor-top-column elementor-element elementor-element-ff2f59a\" data-id=\"ff2f59a\" data-element_type=\"column\" data-e-type=\"column\">\n\t\t\t<div class=\"elementor-widget-wrap elementor-element-populated\">\n\t\t\t\t\t\t<div class=\"elementor-element elementor-element-47eb7ed elementor-widget elementor-widget-heading\" data-id=\"47eb7ed\" data-element_type=\"widget\" data-e-type=\"widget\" data-widget_type=\"heading.default\">\n\t\t\t\t<div class=\"elementor-widget-container\">\n\t\t\t\t\t<h2 class=\"elementor-heading-title elementor-size-default\">Duchowni i \u015bwieccy spotkali si\u0119 w liche\u0144skim sanktuarium, by podj\u0105\u0107 synodaln\u0105 refleksj\u0119 nad sytuacj\u0105 polskich parafii i wytyczy\u0107 kierunki ich odnowy. Okazj\u0105 do dyskusji i wsp\u00f3lnego poszukiwania rozwi\u0105za\u0144 jest II Kongres Teologii Praktycznej Parafia Jutra, kt\u00f3rego has\u0142o to: \u201eRazem odnawiajmy nasze parafie\u201d.<\/h2>\t\t\t\t<\/div>\n\t\t\t\t<\/div>\n\t\t\t\t\t<\/div>\n\t\t<\/div>\n\t\t\t\t\t<\/div>\n\t\t<\/section>\n\t\t\t\t<section class=\"elementor-section elementor-top-section elementor-element elementor-element-5bc4a57 elementor-section-boxed elementor-section-height-default elementor-section-height-default\" data-id=\"5bc4a57\" data-element_type=\"section\" data-e-type=\"section\">\n\t\t\t\t\t\t<div class=\"elementor-container elementor-column-gap-default\">\n\t\t\t\t\t<div class=\"elementor-column elementor-col-100 elementor-top-column elementor-element elementor-element-db0e504\" data-id=\"db0e504\" data-element_type=\"column\" data-e-type=\"column\">\n\t\t\t<div class=\"elementor-widget-wrap elementor-element-populated\">\n\t\t\t\t\t\t<div class=\"elementor-element elementor-element-62b309a elementor-widget elementor-widget-text-editor\" data-id=\"62b309a\" data-element_type=\"widget\" data-e-type=\"widget\" data-widget_type=\"text-editor.default\">\n\t\t\t\t<div class=\"elementor-widget-container\">\n\t\t\t\t\t\t\t\t\t<p>Wydarzenie zgromadzi\u0142o ponad 150 os\u00f3b, przedstawicieli r\u00f3\u017cnych o\u015brodk\u00f3w naukowych, stowarzysze\u0144, parafii. W kongresie bior\u0105 udzia\u0142 przedstawiciele Komisji Duszpasterstwa KEP, Zespo\u0142u ds. Nowej Ewangelizacji KEP, Komisji ds. Kultu Bo\u017cego i Dyscypliny Sakrament\u00f3w KEP, Komisji ds. Wychowania Katolickiego KEP, Rady ds. Rodziny KEP, Og\u00f3lnopolskiej Rady Ruch\u00f3w, Rady ds. Apostolstwa \u015awieckich.<\/p>\t\t\t\t\t\t\t\t<\/div>\n\t\t\t\t<\/div>\n\t\t\t\t\t<\/div>\n\t\t<\/div>\n\t\t\t\t\t<\/div>\n\t\t<\/section>\n\t\t\t\t<section class=\"elementor-section elementor-top-section elementor-element elementor-element-530ba5d elementor-section-boxed elementor-section-height-default elementor-section-height-default\" data-id=\"530ba5d\" data-element_type=\"section\" data-e-type=\"section\">\n\t\t\t\t\t\t<div class=\"elementor-container elementor-column-gap-default\">\n\t\t\t\t\t<div class=\"elementor-column elementor-col-100 elementor-top-column elementor-element elementor-element-40c093f\" data-id=\"40c093f\" data-element_type=\"column\" data-e-type=\"column\">\n\t\t\t<div class=\"elementor-widget-wrap elementor-element-populated\">\n\t\t\t\t\t\t<section class=\"elementor-section elementor-inner-section elementor-element elementor-element-25df12b elementor-section-boxed elementor-section-height-default elementor-section-height-default\" data-id=\"25df12b\" data-element_type=\"section\" data-e-type=\"section\">\n\t\t\t\t\t\t<div class=\"elementor-container elementor-column-gap-default\">\n\t\t\t\t\t<div class=\"elementor-column elementor-col-50 elementor-inner-column elementor-element elementor-element-7eb3fec\" data-id=\"7eb3fec\" data-element_type=\"column\" data-e-type=\"column\">\n\t\t\t<div class=\"elementor-widget-wrap elementor-element-populated\">\n\t\t\t\t\t\t<div class=\"elementor-element elementor-element-e49709a elementor-widget elementor-widget-image\" data-id=\"e49709a\" data-element_type=\"widget\" data-e-type=\"widget\" data-widget_type=\"image.default\">\n\t\t\t\t<div class=\"elementor-widget-container\">\n\t\t\t\t\t\t\t\t\t\t\t\t\t\t\t<img fetchpriority=\"high\" decoding=\"async\" width=\"1024\" height=\"683\" src=\"https:\/\/www.lichen.pl\/wp-content\/uploads\/2023\/09\/IMG_4779-1024x683.jpg\" class=\"attachment-large size-large wp-image-58572\" alt=\"\" srcset=\"https:\/\/www.lichen.pl\/wp-content\/uploads\/2023\/09\/IMG_4779-1024x683.jpg 1024w, https:\/\/www.lichen.pl\/wp-content\/uploads\/2023\/09\/IMG_4779-800x533.jpg 800w, https:\/\/www.lichen.pl\/wp-content\/uploads\/2023\/09\/IMG_4779-300x200.jpg 300w, https:\/\/www.lichen.pl\/wp-content\/uploads\/2023\/09\/IMG_4779-768x512.jpg 768w, https:\/\/www.lichen.pl\/wp-content\/uploads\/2023\/09\/IMG_4779-1536x1024.jpg 1536w, https:\/\/www.lichen.pl\/wp-content\/uploads\/2023\/09\/IMG_4779-2048x1365.jpg 2048w, https:\/\/www.lichen.pl\/wp-content\/uploads\/2023\/09\/IMG_4779-18x12.jpg 18w, https:\/\/www.lichen.pl\/wp-content\/uploads\/2023\/09\/IMG_4779.jpg 1920w\" sizes=\"(max-width: 1024px) 100vw, 1024px\" \/>\t\t\t\t\t\t\t\t\t\t\t\t\t\t\t<\/div>\n\t\t\t\t<\/div>\n\t\t\t\t\t<\/div>\n\t\t<\/div>\n\t\t\t\t<div class=\"elementor-column elementor-col-50 elementor-inner-column elementor-element elementor-element-578e421\" data-id=\"578e421\" data-element_type=\"column\" data-e-type=\"column\">\n\t\t\t<div class=\"elementor-widget-wrap elementor-element-populated\">\n\t\t\t\t\t\t<div class=\"elementor-element elementor-element-696128b elementor-widget elementor-widget-text-editor\" data-id=\"696128b\" data-element_type=\"widget\" data-e-type=\"widget\" data-widget_type=\"text-editor.default\">\n\t\t\t\t<div class=\"elementor-widget-container\">\n\t\t\t\t\t\t\t\t\t<p class=\"MsoNormal\">\u2013 Spotykamy si\u0119, by podj\u0105\u0107 refleksj\u0119 nt. odnowy polskich parafii. Ta refleksja jest zwi\u0105zana z nasz\u0105 modlitw\u0105, pro\u015bb\u0105 do Ducha \u015awi\u0119tego o o\u015bwiecenie, ale te\u017c z relacyjnym spotkaniem. Opr\u00f3cz dzia\u0142ania Pana Boga potrzeba r\u00f3wnie\u017c relacji, st\u0105d has\u0142o kongresu \u201eRazem odnawiajmy nasze parafie\u201d \u2013 razem: biskupi, proboszczowie, teolodzy i wierni \u015bwieccy \u2013 wyja\u015bnia ks. prof. UKSW dr hab. Tomasz Wielebski, organizator kongresu. Z my\u015bl\u0105 o wydarzeniu wiosn\u0105 tego roku w\u015br\u00f3d\u00a0 ksi\u0119\u017cy proboszcz\u00f3w zosta\u0142y przeprowadzone przez Instytut Statystyki Ko\u015bcio\u0142a Katolickiego i Wydzia\u0142 Teologiczny UKSW badania socjologiczne. \u2013 Wynika z nich, \u017ce proboszczowie s\u0105 zagubieni w nowej rzeczywisto\u015bci. Ksi\u0119\u017ca ze sta\u017cem ok. 25 lat kap\u0142a\u0144stwa m\u00f3wili, \u017ce byli przygotowywani do pracy w zupe\u0142nie innych warunkach i nie nad\u0105\u017caj\u0105 za zmianami. Jednak chc\u0105 si\u0119 rozwija\u0107 i prosz\u0105 o narz\u0119dzia, by mogli si\u0119 dobrze komunikowa\u0107 z parafianami \u2013 opowiada ks. Wielebski.<\/p>\t\t\t\t\t\t\t\t<\/div>\n\t\t\t\t<\/div>\n\t\t\t\t\t<\/div>\n\t\t<\/div>\n\t\t\t\t\t<\/div>\n\t\t<\/section>\n\t\t\t\t<div class=\"elementor-element elementor-element-f3c6707 elementor-widget elementor-widget-text-editor\" data-id=\"f3c6707\" data-element_type=\"widget\" data-e-type=\"widget\" data-widget_type=\"text-editor.default\">\n\t\t\t\t<div class=\"elementor-widget-container\">\n\t\t\t\t\t\t\t\t\t<p>Wa\u017cn\u0105 cech\u0105 kongresu jest interdyscyplinarno\u015b\u0107. Do problematyki odnowy parafii uczestnik\u00f3w wprowadzaj\u0105 prelegenci specjalizuj\u0105cy si\u0119 w r\u00f3\u017cnorodnych dziedzinach nauki: socjologii, psychologii oraz teologii: katechetyki, homiletyki, liturgiki, eklezjologii, teologii pastoralnej czy nauk biblijnych. Podczas kongresu odb\u0119dzie si\u0119 praca w grupach, gdzie uczestnicy \u2013 proboszczowie, wierni \u015bwieccy \u2013 b\u0119d\u0105 mogli zabra\u0107 g\u0142os. Na podstawie wniosk\u00f3w z tego elementu spotkania zostan\u0105 sformu\u0142owane postulaty stanowi\u0105ce punkt wyj\u015bcia do budowania strategii odnowy parafii w Polsce.<\/p><p>Nie tylko refleksja intelektualna b\u0119dzie istot\u0105 kongresu. Niezwykle wa\u017cn\u0105 cz\u0119\u015bci\u0105 jest modlitwa o Ducha \u015awi\u0119tego, w intencji odnowy polskich parafii. W programie wydarzenia przewidziano codzienn\u0105 Eucharysti\u0119, modlitw\u0119 Liturgi\u0105 Godzin oraz adoracj\u0119 i modlitw\u0119 uwielbienia. Uczestnicy spotkali si\u0119 ju\u017c w poniedzia\u0142ek na wieczornej Mszy \u015awi\u0119tej w kaplicy Tr\u00f3jcy \u015awi\u0119tej w dolnej bazylice. Liturgii przewodniczy\u0142 bp Wojciech Osial, biskup pomocniczy diecezji \u0142owickiej, przewodnicz\u0105cy Komisji Wychowania Katolickiego. Zebranych powita\u0142 ks. S\u0142awomir Homoncik MIC, kustosz sanktuarium oraz ks. prof. ucz. dr hab. Tomasz Wielebski, organizator kongresu. \u00a0W homilii ksi\u0105dz biskup nazwa\u0142 parafi\u0119 szczeg\u00f3lnym miejscem przynale\u017cno\u015bci do Ojca. Poda\u0142 tak\u017ce trzy my\u015bli, kierunki, ku kt\u00f3rym powinna kierowa\u0107 si\u0119 refleksja dotycz\u0105ca odnowy polskich parafii: liturgi\u0119, ewangelizacj\u0119 i nawr\u00f3cenie, bez kt\u00f3rego wszelkie wizje odnowy staj\u0105 si\u0119 bezu\u017cyteczne.<\/p>\t\t\t\t\t\t\t\t<\/div>\n\t\t\t\t<\/div>\n\t\t\t\t\t<\/div>\n\t\t<\/div>\n\t\t\t\t\t<\/div>\n\t\t<\/section>\n\t\t\t\t<section class=\"elementor-section elementor-top-section elementor-element elementor-element-c08261f elementor-section-boxed elementor-section-height-default elementor-section-height-default\" data-id=\"c08261f\" data-element_type=\"section\" data-e-type=\"section\">\n\t\t\t\t\t\t<div class=\"elementor-container elementor-column-gap-default\">\n\t\t\t\t\t<div class=\"elementor-column elementor-col-100 elementor-top-column elementor-element elementor-element-dd84266\" data-id=\"dd84266\" data-element_type=\"column\" data-e-type=\"column\">\n\t\t\t<div class=\"elementor-widget-wrap elementor-element-populated\">\n\t\t\t\t\t\t<section class=\"elementor-section elementor-inner-section elementor-element elementor-element-d220979 elementor-section-boxed elementor-section-height-default elementor-section-height-default\" data-id=\"d220979\" data-element_type=\"section\" data-e-type=\"section\">\n\t\t\t\t\t\t<div class=\"elementor-container elementor-column-gap-default\">\n\t\t\t\t\t<div class=\"elementor-column elementor-col-50 elementor-inner-column elementor-element elementor-element-2a3afa4\" data-id=\"2a3afa4\" data-element_type=\"column\" data-e-type=\"column\">\n\t\t\t<div class=\"elementor-widget-wrap elementor-element-populated\">\n\t\t\t\t\t\t<div class=\"elementor-element elementor-element-3416fa5 elementor-widget elementor-widget-image\" data-id=\"3416fa5\" data-element_type=\"widget\" data-e-type=\"widget\" data-widget_type=\"image.default\">\n\t\t\t\t<div class=\"elementor-widget-container\">\n\t\t\t\t\t\t\t\t\t\t\t\t\t\t\t<img decoding=\"async\" width=\"1024\" height=\"683\" src=\"https:\/\/www.lichen.pl\/wp-content\/uploads\/2023\/09\/IMG_4593-1024x683.jpg\" class=\"attachment-large size-large wp-image-58579\" alt=\"\" srcset=\"https:\/\/www.lichen.pl\/wp-content\/uploads\/2023\/09\/IMG_4593-1024x683.jpg 1024w, https:\/\/www.lichen.pl\/wp-content\/uploads\/2023\/09\/IMG_4593-800x533.jpg 800w, https:\/\/www.lichen.pl\/wp-content\/uploads\/2023\/09\/IMG_4593-300x200.jpg 300w, https:\/\/www.lichen.pl\/wp-content\/uploads\/2023\/09\/IMG_4593-768x512.jpg 768w, https:\/\/www.lichen.pl\/wp-content\/uploads\/2023\/09\/IMG_4593-1536x1024.jpg 1536w, https:\/\/www.lichen.pl\/wp-content\/uploads\/2023\/09\/IMG_4593-2048x1365.jpg 2048w, https:\/\/www.lichen.pl\/wp-content\/uploads\/2023\/09\/IMG_4593-18x12.jpg 18w, https:\/\/www.lichen.pl\/wp-content\/uploads\/2023\/09\/IMG_4593.jpg 1920w\" sizes=\"(max-width: 1024px) 100vw, 1024px\" \/>\t\t\t\t\t\t\t\t\t\t\t\t\t\t\t<\/div>\n\t\t\t\t<\/div>\n\t\t\t\t\t<\/div>\n\t\t<\/div>\n\t\t\t\t<div class=\"elementor-column elementor-col-50 elementor-inner-column elementor-element elementor-element-9e1828c\" data-id=\"9e1828c\" data-element_type=\"column\" data-e-type=\"column\">\n\t\t\t<div class=\"elementor-widget-wrap elementor-element-populated\">\n\t\t\t\t\t\t<div class=\"elementor-element elementor-element-fbae149 elementor-widget elementor-widget-text-editor\" data-id=\"fbae149\" data-element_type=\"widget\" data-e-type=\"widget\" data-widget_type=\"text-editor.default\">\n\t\t\t\t<div class=\"elementor-widget-container\">\n\t\t\t\t\t\t\t\t\t<p>Podczas pierwszej sesji plenarnej we wtorek, 19 wrze\u015bnia uczestnicy mieli okazj\u0119 wys\u0142ucha\u0107 trzech wyst\u0105pie\u0144 dotycz\u0105cych uwarunkowa\u0144 pracy polskich parafii. Refleksje i obserwacje na temat uwarunkowa\u0144 polskiego duszpasterstwa przedstawi\u0142 bp prof. ucz. dr hab. Wies\u0142aw \u015amigiel (UMK), biskup diecezji toru\u0144skiej, przewodnicz\u0105cy Rady do spraw Rodziny oraz cz\u0142onek Rady Sta\u0142ej i Komisji Duszpasterstwa. O tym, jak do\u015bwiadczenia pandemii i migracji uchod\u017ac\u00f3w wojennych z Ukrainy wp\u0142ywaj\u0105 na jako\u015b\u0107 \u017cycia kszta\u0142towan\u0105 w du\u017cej mierze przez poczucie bezpiecze\u0144stwa, s\u0142uchacze dowiedzie\u0107 si\u0119 mogli z prelekcji Joanny Chwaszcz, doktor nauk humanistycznych w zakresie psychologii.<\/p>\t\t\t\t\t\t\t\t<\/div>\n\t\t\t\t<\/div>\n\t\t\t\t\t<\/div>\n\t\t<\/div>\n\t\t\t\t\t<\/div>\n\t\t<\/section>\n\t\t\t\t<div class=\"elementor-element elementor-element-310584a elementor-widget elementor-widget-text-editor\" data-id=\"310584a\" data-element_type=\"widget\" data-e-type=\"widget\" data-widget_type=\"text-editor.default\">\n\t\t\t\t<div class=\"elementor-widget-container\">\n\t\t\t\t\t\t\t\t\t<p>Prof. dr hab. Miros\u0142awa Grabowska, kt\u00f3ra w latach 2008-2023 by\u0142a trzykrotnie wybierana na stanowisko dyrektora Centrum Badania Opinii Spo\u0142ecznej nakre\u015bli\u0142a problematyk\u0119 zmian poziomu religijno\u015bci spo\u0142ecze\u0144stwa polskiego. Analizuj\u0105c dane sonda\u017cowe z bada\u0144 CBOS (1992-2022) mo\u017cna zaobserwowa\u0107 powolny spadek poziomu wiary religijnej i szybszy spadek poziomu praktykowania.<\/p><p>II Kongres Teologii Praktycznej trwa\u0142 w liche\u0144skim sanktuarium do czwartku, 21 wrze\u015bnia. Cel spotkania zawrze\u0107 mo\u017cna w trzech czynno\u015bciach: widzie\u0107 (diagnoza obecnej sytuacji spo\u0142eczno-religijnej oraz stanu duszpasterstwa w Polsce, ocenia\u0107 (analiza w \u015bwietle nauczania magisterium Ko\u015bcio\u0142a) oraz dzia\u0142a\u0107 (wytyczanie kierunkowych dzia\u0142a\u0144). Kongres zorganizowany zosta\u0142 przez Wydzia\u0142 Teologiczny Uniwersytetu Kardyna\u0142a Stefana Wyszy\u0144skiego we wsp\u00f3\u0142pracy z czterema stowarzyszeniami teologii praktycznej: Polskiego Stowarzyszenia Pastoralist\u00f3w, Stowarzyszenia Katechetyk\u00f3w Polskich, Stowarzyszenia Liturgist\u00f3w Polskich oraz Stowarzyszenia Homilet\u00f3w Polskich. Pierwszy Kongres Teologii Praktycznej odby\u0142 si\u0119 7 lat temu w Warszawie w kontek\u015bcie obchod\u00f3w 1050. rocznicy chrztu Polski. Szukano wtedy odpowiedzi na pytanie, czy Polska jest ju\u017c krajem misyjnym.<\/p>\t\t\t\t\t\t\t\t<\/div>\n\t\t\t\t<\/div>\n\t\t\t\t\t<\/div>\n\t\t<\/div>\n\t\t\t\t\t<\/div>\n\t\t<\/section>\n\t\t\t\t<section class=\"elementor-section elementor-top-section elementor-element elementor-element-3da5636 elementor-section-boxed elementor-section-height-default elementor-section-height-default\" data-id=\"3da5636\" data-element_type=\"section\" data-e-type=\"section\">\n\t\t\t\t\t\t<div class=\"elementor-container elementor-column-gap-default\">\n\t\t\t\t\t<div class=\"elementor-column elementor-col-100 elementor-top-column elementor-element elementor-element-27ebb8c\" data-id=\"27ebb8c\" data-element_type=\"column\" data-e-type=\"column\">\n\t\t\t<div class=\"elementor-widget-wrap elementor-element-populated\">\n\t\t\t\t\t\t<section class=\"elementor-section elementor-inner-section elementor-element elementor-element-7e5f10c elementor-section-boxed elementor-section-height-default elementor-section-height-default\" data-id=\"7e5f10c\" data-element_type=\"section\" data-e-type=\"section\">\n\t\t\t\t\t\t<div class=\"elementor-container elementor-column-gap-default\">\n\t\t\t\t\t<div class=\"elementor-column elementor-col-50 elementor-inner-column elementor-element elementor-element-eff7596\" data-id=\"eff7596\" data-element_type=\"column\" data-e-type=\"column\">\n\t\t\t<div class=\"elementor-widget-wrap elementor-element-populated\">\n\t\t\t\t\t\t<div class=\"elementor-element elementor-element-3969235 elementor-widget elementor-widget-image\" data-id=\"3969235\" data-element_type=\"widget\" data-e-type=\"widget\" data-widget_type=\"image.default\">\n\t\t\t\t<div class=\"elementor-widget-container\">\n\t\t\t\t\t\t\t\t\t\t\t\t\t\t\t<img decoding=\"async\" width=\"1024\" height=\"683\" src=\"https:\/\/www.lichen.pl\/wp-content\/uploads\/2023\/09\/IMG_4672-1024x683.jpg\" class=\"attachment-large size-large wp-image-58550\" alt=\"\" srcset=\"https:\/\/www.lichen.pl\/wp-content\/uploads\/2023\/09\/IMG_4672-1024x683.jpg 1024w, https:\/\/www.lichen.pl\/wp-content\/uploads\/2023\/09\/IMG_4672-800x533.jpg 800w, https:\/\/www.lichen.pl\/wp-content\/uploads\/2023\/09\/IMG_4672-300x200.jpg 300w, https:\/\/www.lichen.pl\/wp-content\/uploads\/2023\/09\/IMG_4672-768x512.jpg 768w, https:\/\/www.lichen.pl\/wp-content\/uploads\/2023\/09\/IMG_4672-1536x1024.jpg 1536w, https:\/\/www.lichen.pl\/wp-content\/uploads\/2023\/09\/IMG_4672-2048x1365.jpg 2048w, https:\/\/www.lichen.pl\/wp-content\/uploads\/2023\/09\/IMG_4672-18x12.jpg 18w, https:\/\/www.lichen.pl\/wp-content\/uploads\/2023\/09\/IMG_4672.jpg 1920w\" sizes=\"(max-width: 1024px) 100vw, 1024px\" \/>\t\t\t\t\t\t\t\t\t\t\t\t\t\t\t<\/div>\n\t\t\t\t<\/div>\n\t\t\t\t\t<\/div>\n\t\t<\/div>\n\t\t\t\t<div class=\"elementor-column elementor-col-50 elementor-inner-column elementor-element elementor-element-0853d5b\" data-id=\"0853d5b\" data-element_type=\"column\" data-e-type=\"column\">\n\t\t\t<div class=\"elementor-widget-wrap elementor-element-populated\">\n\t\t\t\t\t\t<div class=\"elementor-element elementor-element-5195aec elementor-widget elementor-widget-text-editor\" data-id=\"5195aec\" data-element_type=\"widget\" data-e-type=\"widget\" data-widget_type=\"text-editor.default\">\n\t\t\t\t<div class=\"elementor-widget-container\">\n\t\t\t\t\t\t\t\t\t<p class=\"MsoNormal\"><span style=\"font-size: 12.0pt; line-height: 107%; font-family: 'Times New Roman',serif;\">\u2013 Papie\u017c Franciszek wzywa nas do reformy parafii. Zauwa\u017ca, \u017ce nieraz nie s\u0105 one blisko ludzi, nie s\u0105 ukierunkowane na misj\u0119 ewangelizacyjn\u0105. Odpowiadaj\u0105c na to wezwanie, przyjechali\u015bmy do Lichenia. Przeprowadzamy diagnoz\u0119, zastanawiamy si\u0119, co zmienia\u0107. Ten wymiar intelektualny jest bardzo wa\u017cny, ale przecie\u017c nie b\u0119dzie \u017cadnej odnowy, nie zbuduje si\u0119 \u017cadnej wsp\u00f3lnoty, je\u017celi najpierw nie zwr\u00f3cimy si\u0119 do Pana Boga, je\u015bli nie skupimy si\u0119 wok\u00f3\u0142 Chrystusa obecnego w Eucharystii, bo On jest \u0179r\u00f3d\u0142em budowania ka\u017cdej wsp\u00f3lnoty i ka\u017cdej komunii \u2013 m\u00f3wi\u0142 ks. prof. UKSW dr hab. Tomasz Wielebski, organizator kongresu, prezes Polskiego Stowarzyszenia Pastoralist\u00f3w.<\/span><\/p>\t\t\t\t\t\t\t\t<\/div>\n\t\t\t\t<\/div>\n\t\t\t\t\t<\/div>\n\t\t<\/div>\n\t\t\t\t\t<\/div>\n\t\t<\/section>\n\t\t\t\t<div class=\"elementor-element elementor-element-389684c elementor-widget elementor-widget-text-editor\" data-id=\"389684c\" data-element_type=\"widget\" data-e-type=\"widget\" data-widget_type=\"text-editor.default\">\n\t\t\t\t<div class=\"elementor-widget-container\">\n\t\t\t\t\t\t\t\t\t<p>W kongresie wzi\u0119li udzia\u0142 polscy biskupi. Bp Wojciech Osial, biskup pomocniczy diecezji \u0142owickiej, przewodnicz\u0105cy Komisji Wychowania Katolickiego KEP podczas otwieraj\u0105cej spotkanie Mszy \u015awi\u0119tej zwraca\u0142 uwag\u0119 na potrzeb\u0119 nawr\u00f3cenia, bez kt\u00f3rego wszelkie wizje odnowy staj\u0105 si\u0119 bezu\u017cyteczne. Bp Wies\u0142aw \u015amigiel, biskup toru\u0144ski, b\u0119d\u0105cy m.in. przewodnicz\u0105cym Rady ds. Rodziny KEP przedstawi\u0142 prelekcj\u0119 dotycz\u0105c\u0105 uwarunkowa\u0144 duszpasterstwa w Polsce. W imieniu bp Andrzeja Czai bp Waldemar Musio\u0142\u00a0 wyg\u0142osi\u0142 referat pt. \u201eKomunijna wizja parafii otwartej i s\u0142u\u017cebnej\u201d. Abp Adrian Galbas, metropolita katowicki, przewodnicz\u0105cy Rady ds. Apostolstwa \u015awieckich KEP podkre\u015bla\u0142, \u017ce parafia ma by\u0107 miejscem spotkania. Musi by\u0107 \u201ewcielona\u201d, urealniona, a nie odrealniona. Bp Krzysztof W\u0119tkowski, ordynariusz w\u0142oc\u0142awski m\u00f3wi\u0142, \u017ce podejmuj\u0105c temat przysz\u0142o\u015bci polskich parafii, nale\u017cy odkre\u015bli\u0107 rzeczywisto\u015b\u0107, w kt\u00f3rej \u017cyjemy.\u00a0 Bp Marek Mendyk, biskup \u015bwidnicki, cz\u0142onek Komisji Wychowania Katolickiego KEP obecny by\u0142 w czasie ca\u0142ego kongresu i przewodniczy\u0142 Mszy \u015awi\u0119tej ko\u0144cz\u0105cej wydarzenie.<\/p><p>Wa\u017cnym momentem kongresu by\u0142a praca w grupach podczas sesji tematycznych. Na podstawie wniosk\u00f3w z tych spotka\u0144 starano si\u0119 sformu\u0142owa\u0107 postulaty stanowi\u0105ce punkt wyj\u015bcia do budowania strategii odnowy parafii w Polsce. Wszystkim, zar\u00f3wno \u015bwieckim, jak i duchownym, potrzebne jest nawr\u00f3cenie pastoralne, do kt\u00f3rego wzywa papie\u017c Franciszek. Wyra\u017cono nadziej\u0119 na stworzenie \u015brodowiska kreatywnej wsp\u00f3\u0142pracy mi\u0119dzy \u015bwieckimi a ksi\u0119\u017cmi. Podkre\u015blano piln\u0105 potrzeb\u0119 katechezy doros\u0142ych, kt\u00f3ra nie by\u0142aby teoretycznym przekazem, ale prowadzi\u0142a do osobistej relacji z Chrystusem. Cho\u0107 bez otwarto\u015bci ksi\u0119\u017cy w parafii nie da si\u0119 zrobi\u0107 niczego, nie mo\u017cna te\u017c bagatelizowa\u0107 roli \u015bwieckich we wsp\u00f3lnocie i funkcji przewidzianych dla nich w liturgii. Zauwa\u017cono konieczno\u015b\u0107 wypracowania program\u00f3w pracy duszpasterskiej, czy zmian w sposobie przygotowywania wiernych do sakrament\u00f3w, szczeg\u00f3lnie ma\u0142\u017ce\u0144stwa. Potrzeba tak\u017ce nowego modelu formacji prezbiter\u00f3w.<\/p>\t\t\t\t\t\t\t\t<\/div>\n\t\t\t\t<\/div>\n\t\t\t\t\t<\/div>\n\t\t<\/div>\n\t\t\t\t\t<\/div>\n\t\t<\/section>\n\t\t\t\t<section class=\"elementor-section elementor-top-section elementor-element elementor-element-522ccda elementor-section-boxed elementor-section-height-default elementor-section-height-default\" data-id=\"522ccda\" data-element_type=\"section\" data-e-type=\"section\">\n\t\t\t\t\t\t<div class=\"elementor-container elementor-column-gap-default\">\n\t\t\t\t\t<div class=\"elementor-column elementor-col-100 elementor-top-column elementor-element elementor-element-2cae25f\" data-id=\"2cae25f\" data-element_type=\"column\" data-e-type=\"column\">\n\t\t\t<div class=\"elementor-widget-wrap elementor-element-populated\">\n\t\t\t\t\t\t<div class=\"elementor-element elementor-element-8586a78 elementor-widget elementor-widget-image-gallery\" data-id=\"8586a78\" data-element_type=\"widget\" data-e-type=\"widget\" data-widget_type=\"image-gallery.default\">\n\t\t\t\t<div class=\"elementor-widget-container\">\n\t\t\t\t\t\t\t<div class=\"elementor-image-gallery\">\n\t\t\t<div id='gallery-1' class='gallery galleryid-58544 gallery-columns-6 gallery-size-thumbnail'><figure class='gallery-item'>\n\t\t\t<div class='gallery-icon portrait'>\n\t\t\t\t<a data-elementor-open-lightbox=\"yes\" data-elementor-lightbox-slideshow=\"8586a78\" data-elementor-lightbox-title=\"Kongres teologii praktycznej\" data-e-action-hash=\"#elementor-action%3Aaction%3Dlightbox%26settings%3DeyJpZCI6NTg1NzcsInVybCI6Imh0dHBzOlwvXC93d3cubGljaGVuLnBsXC93cC1jb250ZW50XC91cGxvYWRzXC8yMDIzXC8wOVwvSU1HXzQ1NzAuanBnIiwic2xpZGVzaG93IjoiODU4NmE3OCJ9\" href='https:\/\/www.lichen.pl\/wp-content\/uploads\/2023\/09\/IMG_4570.jpg'><img loading=\"lazy\" width=\"150\" height=\"150\" src=\"https:\/\/www.lichen.pl\/wp-content\/uploads\/2023\/09\/IMG_4570-150x150.jpg\" class=\"attachment-thumbnail size-thumbnail\" alt=\"\" decoding=\"async\" srcset=\"https:\/\/www.lichen.pl\/wp-content\/uploads\/2023\/09\/IMG_4570-150x150.jpg 150w, https:\/\/www.lichen.pl\/wp-content\/uploads\/2023\/09\/IMG_4570-300x300.jpg 300w\" sizes=\"(max-width: 150px) 100vw, 150px\" \/><\/a>\n\t\t\t<\/div><\/figure><figure class='gallery-item'>\n\t\t\t<div class='gallery-icon portrait'>\n\t\t\t\t<a data-elementor-open-lightbox=\"yes\" data-elementor-lightbox-slideshow=\"8586a78\" data-elementor-lightbox-title=\"Kongres teologii praktycznej\" data-e-action-hash=\"#elementor-action%3Aaction%3Dlightbox%26settings%3DeyJpZCI6NTg1NzQsInVybCI6Imh0dHBzOlwvXC93d3cubGljaGVuLnBsXC93cC1jb250ZW50XC91cGxvYWRzXC8yMDIzXC8wOVwvSU1HXzQ1NjEuanBnIiwic2xpZGVzaG93IjoiODU4NmE3OCJ9\" href='https:\/\/www.lichen.pl\/wp-content\/uploads\/2023\/09\/IMG_4561.jpg'><img loading=\"lazy\" width=\"150\" height=\"150\" src=\"https:\/\/www.lichen.pl\/wp-content\/uploads\/2023\/09\/IMG_4561-150x150.jpg\" class=\"attachment-thumbnail size-thumbnail\" alt=\"\" decoding=\"async\" srcset=\"https:\/\/www.lichen.pl\/wp-content\/uploads\/2023\/09\/IMG_4561-150x150.jpg 150w, https:\/\/www.lichen.pl\/wp-content\/uploads\/2023\/09\/IMG_4561-300x300.jpg 300w\" sizes=\"(max-width: 150px) 100vw, 150px\" \/><\/a>\n\t\t\t<\/div><\/figure><figure class='gallery-item'>\n\t\t\t<div class='gallery-icon landscape'>\n\t\t\t\t<a data-elementor-open-lightbox=\"yes\" data-elementor-lightbox-slideshow=\"8586a78\" data-elementor-lightbox-title=\"Kongres teologii praktycznej\" data-e-action-hash=\"#elementor-action%3Aaction%3Dlightbox%26settings%3DeyJpZCI6NTg1NzYsInVybCI6Imh0dHBzOlwvXC93d3cubGljaGVuLnBsXC93cC1jb250ZW50XC91cGxvYWRzXC8yMDIzXC8wOVwvSU1HXzQ1NjkuanBnIiwic2xpZGVzaG93IjoiODU4NmE3OCJ9\" href='https:\/\/www.lichen.pl\/wp-content\/uploads\/2023\/09\/IMG_4569.jpg'><img loading=\"lazy\" width=\"150\" height=\"150\" src=\"https:\/\/www.lichen.pl\/wp-content\/uploads\/2023\/09\/IMG_4569-150x150.jpg\" class=\"attachment-thumbnail size-thumbnail\" alt=\"\" decoding=\"async\" srcset=\"https:\/\/www.lichen.pl\/wp-content\/uploads\/2023\/09\/IMG_4569-150x150.jpg 150w, https:\/\/www.lichen.pl\/wp-content\/uploads\/2023\/09\/IMG_4569-300x300.jpg 300w\" sizes=\"(max-width: 150px) 100vw, 150px\" \/><\/a>\n\t\t\t<\/div><\/figure><figure class='gallery-item'>\n\t\t\t<div class='gallery-icon landscape'>\n\t\t\t\t<a data-elementor-open-lightbox=\"yes\" data-elementor-lightbox-slideshow=\"8586a78\" data-elementor-lightbox-title=\"Kongres teologii praktycznej\" data-e-action-hash=\"#elementor-action%3Aaction%3Dlightbox%26settings%3DeyJpZCI6NTg1NzUsInVybCI6Imh0dHBzOlwvXC93d3cubGljaGVuLnBsXC93cC1jb250ZW50XC91cGxvYWRzXC8yMDIzXC8wOVwvSU1HXzQ1NjQuanBnIiwic2xpZGVzaG93IjoiODU4NmE3OCJ9\" href='https:\/\/www.lichen.pl\/wp-content\/uploads\/2023\/09\/IMG_4564.jpg'><img loading=\"lazy\" width=\"150\" height=\"150\" src=\"https:\/\/www.lichen.pl\/wp-content\/uploads\/2023\/09\/IMG_4564-150x150.jpg\" class=\"attachment-thumbnail size-thumbnail\" alt=\"\" decoding=\"async\" srcset=\"https:\/\/www.lichen.pl\/wp-content\/uploads\/2023\/09\/IMG_4564-150x150.jpg 150w, https:\/\/www.lichen.pl\/wp-content\/uploads\/2023\/09\/IMG_4564-300x300.jpg 300w\" sizes=\"(max-width: 150px) 100vw, 150px\" \/><\/a>\n\t\t\t<\/div><\/figure><figure class='gallery-item'>\n\t\t\t<div class='gallery-icon portrait'>\n\t\t\t\t<a data-elementor-open-lightbox=\"yes\" data-elementor-lightbox-slideshow=\"8586a78\" data-elementor-lightbox-title=\"Kongres teologii praktycznej\" data-e-action-hash=\"#elementor-action%3Aaction%3Dlightbox%26settings%3DeyJpZCI6NTg1NzgsInVybCI6Imh0dHBzOlwvXC93d3cubGljaGVuLnBsXC93cC1jb250ZW50XC91cGxvYWRzXC8yMDIzXC8wOVwvSU1HXzQ1ODIuanBnIiwic2xpZGVzaG93IjoiODU4NmE3OCJ9\" href='https:\/\/www.lichen.pl\/wp-content\/uploads\/2023\/09\/IMG_4582.jpg'><img loading=\"lazy\" width=\"150\" height=\"150\" src=\"https:\/\/www.lichen.pl\/wp-content\/uploads\/2023\/09\/IMG_4582-150x150.jpg\" class=\"attachment-thumbnail size-thumbnail\" alt=\"\" decoding=\"async\" srcset=\"https:\/\/www.lichen.pl\/wp-content\/uploads\/2023\/09\/IMG_4582-150x150.jpg 150w, https:\/\/www.lichen.pl\/wp-content\/uploads\/2023\/09\/IMG_4582-300x300.jpg 300w\" sizes=\"(max-width: 150px) 100vw, 150px\" \/><\/a>\n\t\t\t<\/div><\/figure><figure class='gallery-item'>\n\t\t\t<div class='gallery-icon landscape'>\n\t\t\t\t<a data-elementor-open-lightbox=\"yes\" data-elementor-lightbox-slideshow=\"8586a78\" data-elementor-lightbox-title=\"Kongres teologii praktycznej\" data-e-action-hash=\"#elementor-action%3Aaction%3Dlightbox%26settings%3DeyJpZCI6NTg1ODAsInVybCI6Imh0dHBzOlwvXC93d3cubGljaGVuLnBsXC93cC1jb250ZW50XC91cGxvYWRzXC8yMDIzXC8wOVwvSU1HXzQ2MDMuanBnIiwic2xpZGVzaG93IjoiODU4NmE3OCJ9\" href='https:\/\/www.lichen.pl\/wp-content\/uploads\/2023\/09\/IMG_4603.jpg'><img loading=\"lazy\" width=\"150\" height=\"150\" src=\"https:\/\/www.lichen.pl\/wp-content\/uploads\/2023\/09\/IMG_4603-150x150.jpg\" class=\"attachment-thumbnail size-thumbnail\" alt=\"\" decoding=\"async\" srcset=\"https:\/\/www.lichen.pl\/wp-content\/uploads\/2023\/09\/IMG_4603-150x150.jpg 150w, https:\/\/www.lichen.pl\/wp-content\/uploads\/2023\/09\/IMG_4603-300x300.jpg 300w\" sizes=\"(max-width: 150px) 100vw, 150px\" \/><\/a>\n\t\t\t<\/div><\/figure><figure class='gallery-item'>\n\t\t\t<div class='gallery-icon landscape'>\n\t\t\t\t<a data-elementor-open-lightbox=\"yes\" data-elementor-lightbox-slideshow=\"8586a78\" data-elementor-lightbox-title=\"Kongres teologii praktycznej\" data-e-action-hash=\"#elementor-action%3Aaction%3Dlightbox%26settings%3DeyJpZCI6NTg1ODEsInVybCI6Imh0dHBzOlwvXC93d3cubGljaGVuLnBsXC93cC1jb250ZW50XC91cGxvYWRzXC8yMDIzXC8wOVwvSU1HXzQ2MDYuanBnIiwic2xpZGVzaG93IjoiODU4NmE3OCJ9\" href='https:\/\/www.lichen.pl\/wp-content\/uploads\/2023\/09\/IMG_4606.jpg'><img loading=\"lazy\" width=\"150\" height=\"150\" src=\"https:\/\/www.lichen.pl\/wp-content\/uploads\/2023\/09\/IMG_4606-150x150.jpg\" class=\"attachment-thumbnail size-thumbnail\" alt=\"\" decoding=\"async\" srcset=\"https:\/\/www.lichen.pl\/wp-content\/uploads\/2023\/09\/IMG_4606-150x150.jpg 150w, https:\/\/www.lichen.pl\/wp-content\/uploads\/2023\/09\/IMG_4606-300x300.jpg 300w\" sizes=\"(max-width: 150px) 100vw, 150px\" \/><\/a>\n\t\t\t<\/div><\/figure><figure class='gallery-item'>\n\t\t\t<div class='gallery-icon portrait'>\n\t\t\t\t<a data-elementor-open-lightbox=\"yes\" data-elementor-lightbox-slideshow=\"8586a78\" data-elementor-lightbox-title=\"Kongres teologii praktycznej\" data-e-action-hash=\"#elementor-action%3Aaction%3Dlightbox%26settings%3DeyJpZCI6NTg1ODIsInVybCI6Imh0dHBzOlwvXC93d3cubGljaGVuLnBsXC93cC1jb250ZW50XC91cGxvYWRzXC8yMDIzXC8wOVwvSU1HXzQ2MTkuanBnIiwic2xpZGVzaG93IjoiODU4NmE3OCJ9\" href='https:\/\/www.lichen.pl\/wp-content\/uploads\/2023\/09\/IMG_4619.jpg'><img loading=\"lazy\" width=\"150\" height=\"150\" src=\"https:\/\/www.lichen.pl\/wp-content\/uploads\/2023\/09\/IMG_4619-150x150.jpg\" class=\"attachment-thumbnail size-thumbnail\" alt=\"\" decoding=\"async\" srcset=\"https:\/\/www.lichen.pl\/wp-content\/uploads\/2023\/09\/IMG_4619-150x150.jpg 150w, https:\/\/www.lichen.pl\/wp-content\/uploads\/2023\/09\/IMG_4619-300x300.jpg 300w\" sizes=\"(max-width: 150px) 100vw, 150px\" \/><\/a>\n\t\t\t<\/div><\/figure><figure class='gallery-item'>\n\t\t\t<div class='gallery-icon portrait'>\n\t\t\t\t<a data-elementor-open-lightbox=\"yes\" data-elementor-lightbox-slideshow=\"8586a78\" data-elementor-lightbox-title=\"Kongres teologii praktycznej\" data-e-action-hash=\"#elementor-action%3Aaction%3Dlightbox%26settings%3DeyJpZCI6NTg1NzMsInVybCI6Imh0dHBzOlwvXC93d3cubGljaGVuLnBsXC93cC1jb250ZW50XC91cGxvYWRzXC8yMDIzXC8wOVwvSU1HXzQ3OTkuanBnIiwic2xpZGVzaG93IjoiODU4NmE3OCJ9\" href='https:\/\/www.lichen.pl\/wp-content\/uploads\/2023\/09\/IMG_4799.jpg'><img loading=\"lazy\" width=\"150\" height=\"150\" src=\"https:\/\/www.lichen.pl\/wp-content\/uploads\/2023\/09\/IMG_4799-150x150.jpg\" class=\"attachment-thumbnail size-thumbnail\" alt=\"\" decoding=\"async\" srcset=\"https:\/\/www.lichen.pl\/wp-content\/uploads\/2023\/09\/IMG_4799-150x150.jpg 150w, https:\/\/www.lichen.pl\/wp-content\/uploads\/2023\/09\/IMG_4799-300x300.jpg 300w\" sizes=\"(max-width: 150px) 100vw, 150px\" \/><\/a>\n\t\t\t<\/div><\/figure><figure class='gallery-item'>\n\t\t\t<div class='gallery-icon portrait'>\n\t\t\t\t<a data-elementor-open-lightbox=\"yes\" data-elementor-lightbox-slideshow=\"8586a78\" data-elementor-lightbox-title=\"Kongres teologii praktycznej\" data-e-action-hash=\"#elementor-action%3Aaction%3Dlightbox%26settings%3DeyJpZCI6NTg1ODMsInVybCI6Imh0dHBzOlwvXC93d3cubGljaGVuLnBsXC93cC1jb250ZW50XC91cGxvYWRzXC8yMDIzXC8wOVwvSU1HXzQ2MjQuanBnIiwic2xpZGVzaG93IjoiODU4NmE3OCJ9\" href='https:\/\/www.lichen.pl\/wp-content\/uploads\/2023\/09\/IMG_4624.jpg'><img loading=\"lazy\" width=\"150\" height=\"150\" src=\"https:\/\/www.lichen.pl\/wp-content\/uploads\/2023\/09\/IMG_4624-150x150.jpg\" class=\"attachment-thumbnail size-thumbnail\" alt=\"\" decoding=\"async\" srcset=\"https:\/\/www.lichen.pl\/wp-content\/uploads\/2023\/09\/IMG_4624-150x150.jpg 150w, https:\/\/www.lichen.pl\/wp-content\/uploads\/2023\/09\/IMG_4624-300x300.jpg 300w\" sizes=\"(max-width: 150px) 100vw, 150px\" \/><\/a>\n\t\t\t<\/div><\/figure><figure class='gallery-item'>\n\t\t\t<div class='gallery-icon portrait'>\n\t\t\t\t<a data-elementor-open-lightbox=\"yes\" data-elementor-lightbox-slideshow=\"8586a78\" data-elementor-lightbox-title=\"Kongres teologii praktycznej\" data-e-action-hash=\"#elementor-action%3Aaction%3Dlightbox%26settings%3DeyJpZCI6NTg1ODUsInVybCI6Imh0dHBzOlwvXC93d3cubGljaGVuLnBsXC93cC1jb250ZW50XC91cGxvYWRzXC8yMDIzXC8wOVwvSU1HXzQ2MzEuanBnIiwic2xpZGVzaG93IjoiODU4NmE3OCJ9\" href='https:\/\/www.lichen.pl\/wp-content\/uploads\/2023\/09\/IMG_4631.jpg'><img loading=\"lazy\" width=\"150\" height=\"150\" src=\"https:\/\/www.lichen.pl\/wp-content\/uploads\/2023\/09\/IMG_4631-150x150.jpg\" class=\"attachment-thumbnail size-thumbnail\" alt=\"\" decoding=\"async\" srcset=\"https:\/\/www.lichen.pl\/wp-content\/uploads\/2023\/09\/IMG_4631-150x150.jpg 150w, https:\/\/www.lichen.pl\/wp-content\/uploads\/2023\/09\/IMG_4631-300x300.jpg 300w\" sizes=\"(max-width: 150px) 100vw, 150px\" \/><\/a>\n\t\t\t<\/div><\/figure><figure class='gallery-item'>\n\t\t\t<div class='gallery-icon portrait'>\n\t\t\t\t<a data-elementor-open-lightbox=\"yes\" data-elementor-lightbox-slideshow=\"8586a78\" data-elementor-lightbox-title=\"Kongres teologii praktycznej\" data-e-action-hash=\"#elementor-action%3Aaction%3Dlightbox%26settings%3DeyJpZCI6NTg1ODQsInVybCI6Imh0dHBzOlwvXC93d3cubGljaGVuLnBsXC93cC1jb250ZW50XC91cGxvYWRzXC8yMDIzXC8wOVwvSU1HXzQ2MjguanBnIiwic2xpZGVzaG93IjoiODU4NmE3OCJ9\" href='https:\/\/www.lichen.pl\/wp-content\/uploads\/2023\/09\/IMG_4628.jpg'><img loading=\"lazy\" width=\"150\" height=\"150\" src=\"https:\/\/www.lichen.pl\/wp-content\/uploads\/2023\/09\/IMG_4628-150x150.jpg\" class=\"attachment-thumbnail size-thumbnail\" alt=\"\" decoding=\"async\" srcset=\"https:\/\/www.lichen.pl\/wp-content\/uploads\/2023\/09\/IMG_4628-150x150.jpg 150w, https:\/\/www.lichen.pl\/wp-content\/uploads\/2023\/09\/IMG_4628-300x300.jpg 300w\" sizes=\"(max-width: 150px) 100vw, 150px\" \/><\/a>\n\t\t\t<\/div><\/figure><figure class='gallery-item'>\n\t\t\t<div class='gallery-icon landscape'>\n\t\t\t\t<a data-elementor-open-lightbox=\"yes\" data-elementor-lightbox-slideshow=\"8586a78\" data-elementor-lightbox-title=\"Kongres teologii praktycznej\" data-e-action-hash=\"#elementor-action%3Aaction%3Dlightbox%26settings%3DeyJpZCI6NTg1NTQsInVybCI6Imh0dHBzOlwvXC93d3cubGljaGVuLnBsXC93cC1jb250ZW50XC91cGxvYWRzXC8yMDIzXC8wOVwvSU1HXzQ2ODUuanBnIiwic2xpZGVzaG93IjoiODU4NmE3OCJ9\" href='https:\/\/www.lichen.pl\/wp-content\/uploads\/2023\/09\/IMG_4685.jpg'><img loading=\"lazy\" width=\"150\" height=\"150\" src=\"https:\/\/www.lichen.pl\/wp-content\/uploads\/2023\/09\/IMG_4685-150x150.jpg\" class=\"attachment-thumbnail size-thumbnail\" alt=\"\" decoding=\"async\" srcset=\"https:\/\/www.lichen.pl\/wp-content\/uploads\/2023\/09\/IMG_4685-150x150.jpg 150w, https:\/\/www.lichen.pl\/wp-content\/uploads\/2023\/09\/IMG_4685-300x300.jpg 300w\" sizes=\"(max-width: 150px) 100vw, 150px\" \/><\/a>\n\t\t\t<\/div><\/figure><figure class='gallery-item'>\n\t\t\t<div class='gallery-icon landscape'>\n\t\t\t\t<a data-elementor-open-lightbox=\"yes\" data-elementor-lightbox-slideshow=\"8586a78\" data-elementor-lightbox-title=\"Kongres teologii praktycznej\" data-e-action-hash=\"#elementor-action%3Aaction%3Dlightbox%26settings%3DeyJpZCI6NTg1NTAsInVybCI6Imh0dHBzOlwvXC93d3cubGljaGVuLnBsXC93cC1jb250ZW50XC91cGxvYWRzXC8yMDIzXC8wOVwvSU1HXzQ2NzIuanBnIiwic2xpZGVzaG93IjoiODU4NmE3OCJ9\" href='https:\/\/www.lichen.pl\/wp-content\/uploads\/2023\/09\/IMG_4672.jpg'><img loading=\"lazy\" width=\"150\" height=\"150\" src=\"https:\/\/www.lichen.pl\/wp-content\/uploads\/2023\/09\/IMG_4672-150x150.jpg\" class=\"attachment-thumbnail size-thumbnail\" alt=\"\" decoding=\"async\" srcset=\"https:\/\/www.lichen.pl\/wp-content\/uploads\/2023\/09\/IMG_4672-150x150.jpg 150w, https:\/\/www.lichen.pl\/wp-content\/uploads\/2023\/09\/IMG_4672-300x300.jpg 300w\" sizes=\"(max-width: 150px) 100vw, 150px\" \/><\/a>\n\t\t\t<\/div><\/figure><figure class='gallery-item'>\n\t\t\t<div class='gallery-icon landscape'>\n\t\t\t\t<a data-elementor-open-lightbox=\"yes\" data-elementor-lightbox-slideshow=\"8586a78\" data-elementor-lightbox-title=\"Kongres teologii praktycznej\" data-e-action-hash=\"#elementor-action%3Aaction%3Dlightbox%26settings%3DeyJpZCI6NTg1NDksInVybCI6Imh0dHBzOlwvXC93d3cubGljaGVuLnBsXC93cC1jb250ZW50XC91cGxvYWRzXC8yMDIzXC8wOVwvSU1HXzQ2NjUuanBnIiwic2xpZGVzaG93IjoiODU4NmE3OCJ9\" href='https:\/\/www.lichen.pl\/wp-content\/uploads\/2023\/09\/IMG_4665.jpg'><img loading=\"lazy\" width=\"150\" height=\"150\" src=\"https:\/\/www.lichen.pl\/wp-content\/uploads\/2023\/09\/IMG_4665-150x150.jpg\" class=\"attachment-thumbnail size-thumbnail\" alt=\"\" decoding=\"async\" srcset=\"https:\/\/www.lichen.pl\/wp-content\/uploads\/2023\/09\/IMG_4665-150x150.jpg 150w, https:\/\/www.lichen.pl\/wp-content\/uploads\/2023\/09\/IMG_4665-300x300.jpg 300w\" sizes=\"(max-width: 150px) 100vw, 150px\" \/><\/a>\n\t\t\t<\/div><\/figure><figure class='gallery-item'>\n\t\t\t<div class='gallery-icon landscape'>\n\t\t\t\t<a data-elementor-open-lightbox=\"yes\" data-elementor-lightbox-slideshow=\"8586a78\" data-elementor-lightbox-title=\"Kongres teologii praktycznej\" data-e-action-hash=\"#elementor-action%3Aaction%3Dlightbox%26settings%3DeyJpZCI6NTg1NTEsInVybCI6Imh0dHBzOlwvXC93d3cubGljaGVuLnBsXC93cC1jb250ZW50XC91cGxvYWRzXC8yMDIzXC8wOVwvSU1HXzQ2NzMuanBnIiwic2xpZGVzaG93IjoiODU4NmE3OCJ9\" href='https:\/\/www.lichen.pl\/wp-content\/uploads\/2023\/09\/IMG_4673.jpg'><img loading=\"lazy\" width=\"150\" height=\"150\" src=\"https:\/\/www.lichen.pl\/wp-content\/uploads\/2023\/09\/IMG_4673-150x150.jpg\" class=\"attachment-thumbnail size-thumbnail\" alt=\"\" decoding=\"async\" srcset=\"https:\/\/www.lichen.pl\/wp-content\/uploads\/2023\/09\/IMG_4673-150x150.jpg 150w, https:\/\/www.lichen.pl\/wp-content\/uploads\/2023\/09\/IMG_4673-300x300.jpg 300w\" sizes=\"(max-width: 150px) 100vw, 150px\" \/><\/a>\n\t\t\t<\/div><\/figure><figure class='gallery-item'>\n\t\t\t<div class='gallery-icon landscape'>\n\t\t\t\t<a data-elementor-open-lightbox=\"yes\" data-elementor-lightbox-slideshow=\"8586a78\" data-elementor-lightbox-title=\"Kongres teologii praktycznej\" data-e-action-hash=\"#elementor-action%3Aaction%3Dlightbox%26settings%3DeyJpZCI6NTg1NTIsInVybCI6Imh0dHBzOlwvXC93d3cubGljaGVuLnBsXC93cC1jb250ZW50XC91cGxvYWRzXC8yMDIzXC8wOVwvSU1HXzQ2ODEuanBnIiwic2xpZGVzaG93IjoiODU4NmE3OCJ9\" href='https:\/\/www.lichen.pl\/wp-content\/uploads\/2023\/09\/IMG_4681.jpg'><img loading=\"lazy\" width=\"150\" height=\"150\" src=\"https:\/\/www.lichen.pl\/wp-content\/uploads\/2023\/09\/IMG_4681-150x150.jpg\" class=\"attachment-thumbnail size-thumbnail\" alt=\"\" decoding=\"async\" srcset=\"https:\/\/www.lichen.pl\/wp-content\/uploads\/2023\/09\/IMG_4681-150x150.jpg 150w, https:\/\/www.lichen.pl\/wp-content\/uploads\/2023\/09\/IMG_4681-300x300.jpg 300w\" sizes=\"(max-width: 150px) 100vw, 150px\" \/><\/a>\n\t\t\t<\/div><\/figure><figure class='gallery-item'>\n\t\t\t<div class='gallery-icon portrait'>\n\t\t\t\t<a data-elementor-open-lightbox=\"yes\" data-elementor-lightbox-slideshow=\"8586a78\" data-elementor-lightbox-title=\"Kongres teologii praktycznej\" data-e-action-hash=\"#elementor-action%3Aaction%3Dlightbox%26settings%3DeyJpZCI6NTg1NTMsInVybCI6Imh0dHBzOlwvXC93d3cubGljaGVuLnBsXC93cC1jb250ZW50XC91cGxvYWRzXC8yMDIzXC8wOVwvSU1HXzQ2ODIuanBnIiwic2xpZGVzaG93IjoiODU4NmE3OCJ9\" href='https:\/\/www.lichen.pl\/wp-content\/uploads\/2023\/09\/IMG_4682.jpg'><img loading=\"lazy\" width=\"150\" height=\"150\" src=\"https:\/\/www.lichen.pl\/wp-content\/uploads\/2023\/09\/IMG_4682-150x150.jpg\" class=\"attachment-thumbnail size-thumbnail\" alt=\"\" decoding=\"async\" srcset=\"https:\/\/www.lichen.pl\/wp-content\/uploads\/2023\/09\/IMG_4682-150x150.jpg 150w, https:\/\/www.lichen.pl\/wp-content\/uploads\/2023\/09\/IMG_4682-300x300.jpg 300w\" sizes=\"(max-width: 150px) 100vw, 150px\" \/><\/a>\n\t\t\t<\/div><\/figure><figure class='gallery-item'>\n\t\t\t<div class='gallery-icon landscape'>\n\t\t\t\t<a data-elementor-open-lightbox=\"yes\" data-elementor-lightbox-slideshow=\"8586a78\" data-elementor-lightbox-title=\"Kongres teologii praktycznej\" data-e-action-hash=\"#elementor-action%3Aaction%3Dlightbox%26settings%3DeyJpZCI6NTg1NTUsInVybCI6Imh0dHBzOlwvXC93d3cubGljaGVuLnBsXC93cC1jb250ZW50XC91cGxvYWRzXC8yMDIzXC8wOVwvSU1HXzQ2OTkuanBnIiwic2xpZGVzaG93IjoiODU4NmE3OCJ9\" href='https:\/\/www.lichen.pl\/wp-content\/uploads\/2023\/09\/IMG_4699.jpg'><img loading=\"lazy\" width=\"150\" height=\"150\" src=\"https:\/\/www.lichen.pl\/wp-content\/uploads\/2023\/09\/IMG_4699-150x150.jpg\" class=\"attachment-thumbnail size-thumbnail\" alt=\"\" decoding=\"async\" srcset=\"https:\/\/www.lichen.pl\/wp-content\/uploads\/2023\/09\/IMG_4699-150x150.jpg 150w, https:\/\/www.lichen.pl\/wp-content\/uploads\/2023\/09\/IMG_4699-300x300.jpg 300w\" sizes=\"(max-width: 150px) 100vw, 150px\" \/><\/a>\n\t\t\t<\/div><\/figure><figure class='gallery-item'>\n\t\t\t<div class='gallery-icon landscape'>\n\t\t\t\t<a data-elementor-open-lightbox=\"yes\" data-elementor-lightbox-slideshow=\"8586a78\" data-elementor-lightbox-title=\"Kongres teologii praktycznej\" data-e-action-hash=\"#elementor-action%3Aaction%3Dlightbox%26settings%3DeyJpZCI6NTg1NTYsInVybCI6Imh0dHBzOlwvXC93d3cubGljaGVuLnBsXC93cC1jb250ZW50XC91cGxvYWRzXC8yMDIzXC8wOVwvSU1HXzQ3MDcuanBnIiwic2xpZGVzaG93IjoiODU4NmE3OCJ9\" href='https:\/\/www.lichen.pl\/wp-content\/uploads\/2023\/09\/IMG_4707.jpg'><img loading=\"lazy\" width=\"150\" height=\"150\" src=\"https:\/\/www.lichen.pl\/wp-content\/uploads\/2023\/09\/IMG_4707-150x150.jpg\" class=\"attachment-thumbnail size-thumbnail\" alt=\"\" decoding=\"async\" srcset=\"https:\/\/www.lichen.pl\/wp-content\/uploads\/2023\/09\/IMG_4707-150x150.jpg 150w, https:\/\/www.lichen.pl\/wp-content\/uploads\/2023\/09\/IMG_4707-300x300.jpg 300w\" sizes=\"(max-width: 150px) 100vw, 150px\" \/><\/a>\n\t\t\t<\/div><\/figure><figure class='gallery-item'>\n\t\t\t<div class='gallery-icon landscape'>\n\t\t\t\t<a data-elementor-open-lightbox=\"yes\" data-elementor-lightbox-slideshow=\"8586a78\" data-elementor-lightbox-title=\"Kongres teologii praktycznej\" data-e-action-hash=\"#elementor-action%3Aaction%3Dlightbox%26settings%3DeyJpZCI6NTg1NTcsInVybCI6Imh0dHBzOlwvXC93d3cubGljaGVuLnBsXC93cC1jb250ZW50XC91cGxvYWRzXC8yMDIzXC8wOVwvSU1HXzQ3MDktMS5qcGciLCJzbGlkZXNob3ciOiI4NTg2YTc4In0%3D\" href='https:\/\/www.lichen.pl\/wp-content\/uploads\/2023\/09\/IMG_4709-1.jpg'><img loading=\"lazy\" width=\"150\" height=\"150\" src=\"https:\/\/www.lichen.pl\/wp-content\/uploads\/2023\/09\/IMG_4709-1-150x150.jpg\" class=\"attachment-thumbnail size-thumbnail\" alt=\"\" decoding=\"async\" srcset=\"https:\/\/www.lichen.pl\/wp-content\/uploads\/2023\/09\/IMG_4709-1-150x150.jpg 150w, https:\/\/www.lichen.pl\/wp-content\/uploads\/2023\/09\/IMG_4709-1-300x300.jpg 300w\" sizes=\"(max-width: 150px) 100vw, 150px\" \/><\/a>\n\t\t\t<\/div><\/figure><figure class='gallery-item'>\n\t\t\t<div class='gallery-icon landscape'>\n\t\t\t\t<a data-elementor-open-lightbox=\"yes\" data-elementor-lightbox-slideshow=\"8586a78\" data-elementor-lightbox-title=\"Kongres teologii praktycznej\" data-e-action-hash=\"#elementor-action%3Aaction%3Dlightbox%26settings%3DeyJpZCI6NTg1NTgsInVybCI6Imh0dHBzOlwvXC93d3cubGljaGVuLnBsXC93cC1jb250ZW50XC91cGxvYWRzXC8yMDIzXC8wOVwvSU1HXzQ3MTIuanBnIiwic2xpZGVzaG93IjoiODU4NmE3OCJ9\" href='https:\/\/www.lichen.pl\/wp-content\/uploads\/2023\/09\/IMG_4712.jpg'><img loading=\"lazy\" width=\"150\" height=\"150\" src=\"https:\/\/www.lichen.pl\/wp-content\/uploads\/2023\/09\/IMG_4712-150x150.jpg\" class=\"attachment-thumbnail size-thumbnail\" alt=\"\" decoding=\"async\" srcset=\"https:\/\/www.lichen.pl\/wp-content\/uploads\/2023\/09\/IMG_4712-150x150.jpg 150w, https:\/\/www.lichen.pl\/wp-content\/uploads\/2023\/09\/IMG_4712-300x300.jpg 300w\" sizes=\"(max-width: 150px) 100vw, 150px\" \/><\/a>\n\t\t\t<\/div><\/figure><figure class='gallery-item'>\n\t\t\t<div class='gallery-icon landscape'>\n\t\t\t\t<a data-elementor-open-lightbox=\"yes\" data-elementor-lightbox-slideshow=\"8586a78\" data-elementor-lightbox-title=\"Kongres teologii praktycznej\" data-e-action-hash=\"#elementor-action%3Aaction%3Dlightbox%26settings%3DeyJpZCI6NTg1NTksInVybCI6Imh0dHBzOlwvXC93d3cubGljaGVuLnBsXC93cC1jb250ZW50XC91cGxvYWRzXC8yMDIzXC8wOVwvSU1HXzQ3MTguanBnIiwic2xpZGVzaG93IjoiODU4NmE3OCJ9\" href='https:\/\/www.lichen.pl\/wp-content\/uploads\/2023\/09\/IMG_4718.jpg'><img loading=\"lazy\" width=\"150\" height=\"150\" src=\"https:\/\/www.lichen.pl\/wp-content\/uploads\/2023\/09\/IMG_4718-150x150.jpg\" class=\"attachment-thumbnail size-thumbnail\" alt=\"\" decoding=\"async\" srcset=\"https:\/\/www.lichen.pl\/wp-content\/uploads\/2023\/09\/IMG_4718-150x150.jpg 150w, https:\/\/www.lichen.pl\/wp-content\/uploads\/2023\/09\/IMG_4718-300x300.jpg 300w\" sizes=\"(max-width: 150px) 100vw, 150px\" \/><\/a>\n\t\t\t<\/div><\/figure><figure class='gallery-item'>\n\t\t\t<div class='gallery-icon landscape'>\n\t\t\t\t<a data-elementor-open-lightbox=\"yes\" data-elementor-lightbox-slideshow=\"8586a78\" data-elementor-lightbox-title=\"Kongres teologii praktycznej\" data-e-action-hash=\"#elementor-action%3Aaction%3Dlightbox%26settings%3DeyJpZCI6NTg1NjAsInVybCI6Imh0dHBzOlwvXC93d3cubGljaGVuLnBsXC93cC1jb250ZW50XC91cGxvYWRzXC8yMDIzXC8wOVwvSU1HXzQ3MjEuanBnIiwic2xpZGVzaG93IjoiODU4NmE3OCJ9\" href='https:\/\/www.lichen.pl\/wp-content\/uploads\/2023\/09\/IMG_4721.jpg'><img loading=\"lazy\" width=\"150\" height=\"150\" src=\"https:\/\/www.lichen.pl\/wp-content\/uploads\/2023\/09\/IMG_4721-150x150.jpg\" class=\"attachment-thumbnail size-thumbnail\" alt=\"\" decoding=\"async\" srcset=\"https:\/\/www.lichen.pl\/wp-content\/uploads\/2023\/09\/IMG_4721-150x150.jpg 150w, https:\/\/www.lichen.pl\/wp-content\/uploads\/2023\/09\/IMG_4721-300x300.jpg 300w\" sizes=\"(max-width: 150px) 100vw, 150px\" \/><\/a>\n\t\t\t<\/div><\/figure><figure class='gallery-item'>\n\t\t\t<div class='gallery-icon landscape'>\n\t\t\t\t<a data-elementor-open-lightbox=\"yes\" data-elementor-lightbox-slideshow=\"8586a78\" data-elementor-lightbox-title=\"Kongres teologii praktycznej\" data-e-action-hash=\"#elementor-action%3Aaction%3Dlightbox%26settings%3DeyJpZCI6NTg1NjEsInVybCI6Imh0dHBzOlwvXC93d3cubGljaGVuLnBsXC93cC1jb250ZW50XC91cGxvYWRzXC8yMDIzXC8wOVwvSU1HXzQ3MjcuanBnIiwic2xpZGVzaG93IjoiODU4NmE3OCJ9\" href='https:\/\/www.lichen.pl\/wp-content\/uploads\/2023\/09\/IMG_4727.jpg'><img loading=\"lazy\" width=\"150\" height=\"150\" src=\"https:\/\/www.lichen.pl\/wp-content\/uploads\/2023\/09\/IMG_4727-150x150.jpg\" class=\"attachment-thumbnail size-thumbnail\" alt=\"\" decoding=\"async\" srcset=\"https:\/\/www.lichen.pl\/wp-content\/uploads\/2023\/09\/IMG_4727-150x150.jpg 150w, https:\/\/www.lichen.pl\/wp-content\/uploads\/2023\/09\/IMG_4727-300x300.jpg 300w\" sizes=\"(max-width: 150px) 100vw, 150px\" \/><\/a>\n\t\t\t<\/div><\/figure><figure class='gallery-item'>\n\t\t\t<div class='gallery-icon landscape'>\n\t\t\t\t<a data-elementor-open-lightbox=\"yes\" data-elementor-lightbox-slideshow=\"8586a78\" data-elementor-lightbox-title=\"Kongres teologii praktycznej\" data-e-action-hash=\"#elementor-action%3Aaction%3Dlightbox%26settings%3DeyJpZCI6NTg1NjMsInVybCI6Imh0dHBzOlwvXC93d3cubGljaGVuLnBsXC93cC1jb250ZW50XC91cGxvYWRzXC8yMDIzXC8wOVwvSU1HXzQ3MzUuanBnIiwic2xpZGVzaG93IjoiODU4NmE3OCJ9\" href='https:\/\/www.lichen.pl\/wp-content\/uploads\/2023\/09\/IMG_4735.jpg'><img loading=\"lazy\" width=\"150\" height=\"150\" src=\"https:\/\/www.lichen.pl\/wp-content\/uploads\/2023\/09\/IMG_4735-150x150.jpg\" class=\"attachment-thumbnail size-thumbnail\" alt=\"\" decoding=\"async\" srcset=\"https:\/\/www.lichen.pl\/wp-content\/uploads\/2023\/09\/IMG_4735-150x150.jpg 150w, https:\/\/www.lichen.pl\/wp-content\/uploads\/2023\/09\/IMG_4735-300x300.jpg 300w\" sizes=\"(max-width: 150px) 100vw, 150px\" \/><\/a>\n\t\t\t<\/div><\/figure><figure class='gallery-item'>\n\t\t\t<div class='gallery-icon landscape'>\n\t\t\t\t<a data-elementor-open-lightbox=\"yes\" data-elementor-lightbox-slideshow=\"8586a78\" data-elementor-lightbox-title=\"Kongres teologii praktycznej\" data-e-action-hash=\"#elementor-action%3Aaction%3Dlightbox%26settings%3DeyJpZCI6NTg1NjQsInVybCI6Imh0dHBzOlwvXC93d3cubGljaGVuLnBsXC93cC1jb250ZW50XC91cGxvYWRzXC8yMDIzXC8wOVwvSU1HXzQ3MzguanBnIiwic2xpZGVzaG93IjoiODU4NmE3OCJ9\" href='https:\/\/www.lichen.pl\/wp-content\/uploads\/2023\/09\/IMG_4738.jpg'><img loading=\"lazy\" width=\"150\" height=\"150\" src=\"https:\/\/www.lichen.pl\/wp-content\/uploads\/2023\/09\/IMG_4738-150x150.jpg\" class=\"attachment-thumbnail size-thumbnail\" alt=\"\" decoding=\"async\" srcset=\"https:\/\/www.lichen.pl\/wp-content\/uploads\/2023\/09\/IMG_4738-150x150.jpg 150w, https:\/\/www.lichen.pl\/wp-content\/uploads\/2023\/09\/IMG_4738-300x300.jpg 300w\" sizes=\"(max-width: 150px) 100vw, 150px\" \/><\/a>\n\t\t\t<\/div><\/figure><figure class='gallery-item'>\n\t\t\t<div class='gallery-icon landscape'>\n\t\t\t\t<a data-elementor-open-lightbox=\"yes\" data-elementor-lightbox-slideshow=\"8586a78\" data-elementor-lightbox-title=\"Kongres teologii praktycznej\" data-e-action-hash=\"#elementor-action%3Aaction%3Dlightbox%26settings%3DeyJpZCI6NTg1NjIsInVybCI6Imh0dHBzOlwvXC93d3cubGljaGVuLnBsXC93cC1jb250ZW50XC91cGxvYWRzXC8yMDIzXC8wOVwvSU1HXzQ3MjguanBnIiwic2xpZGVzaG93IjoiODU4NmE3OCJ9\" href='https:\/\/www.lichen.pl\/wp-content\/uploads\/2023\/09\/IMG_4728.jpg'><img loading=\"lazy\" width=\"150\" height=\"150\" src=\"https:\/\/www.lichen.pl\/wp-content\/uploads\/2023\/09\/IMG_4728-150x150.jpg\" class=\"attachment-thumbnail size-thumbnail\" alt=\"\" decoding=\"async\" srcset=\"https:\/\/www.lichen.pl\/wp-content\/uploads\/2023\/09\/IMG_4728-150x150.jpg 150w, https:\/\/www.lichen.pl\/wp-content\/uploads\/2023\/09\/IMG_4728-300x300.jpg 300w\" sizes=\"(max-width: 150px) 100vw, 150px\" \/><\/a>\n\t\t\t<\/div><\/figure><figure class='gallery-item'>\n\t\t\t<div class='gallery-icon landscape'>\n\t\t\t\t<a data-elementor-open-lightbox=\"yes\" data-elementor-lightbox-slideshow=\"8586a78\" data-elementor-lightbox-title=\"Kongres teologii praktycznej\" data-e-action-hash=\"#elementor-action%3Aaction%3Dlightbox%26settings%3DeyJpZCI6NTg1NjUsInVybCI6Imh0dHBzOlwvXC93d3cubGljaGVuLnBsXC93cC1jb250ZW50XC91cGxvYWRzXC8yMDIzXC8wOVwvSU1HXzQ3NDIuanBnIiwic2xpZGVzaG93IjoiODU4NmE3OCJ9\" href='https:\/\/www.lichen.pl\/wp-content\/uploads\/2023\/09\/IMG_4742.jpg'><img loading=\"lazy\" width=\"150\" height=\"150\" src=\"https:\/\/www.lichen.pl\/wp-content\/uploads\/2023\/09\/IMG_4742-150x150.jpg\" class=\"attachment-thumbnail size-thumbnail\" alt=\"\" decoding=\"async\" srcset=\"https:\/\/www.lichen.pl\/wp-content\/uploads\/2023\/09\/IMG_4742-150x150.jpg 150w, https:\/\/www.lichen.pl\/wp-content\/uploads\/2023\/09\/IMG_4742-300x300.jpg 300w\" sizes=\"(max-width: 150px) 100vw, 150px\" \/><\/a>\n\t\t\t<\/div><\/figure><figure class='gallery-item'>\n\t\t\t<div class='gallery-icon portrait'>\n\t\t\t\t<a data-elementor-open-lightbox=\"yes\" data-elementor-lightbox-slideshow=\"8586a78\" data-elementor-lightbox-title=\"Kongres teologii praktycznej\" data-e-action-hash=\"#elementor-action%3Aaction%3Dlightbox%26settings%3DeyJpZCI6NTg1NjYsInVybCI6Imh0dHBzOlwvXC93d3cubGljaGVuLnBsXC93cC1jb250ZW50XC91cGxvYWRzXC8yMDIzXC8wOVwvSU1HXzQ3NDMuanBnIiwic2xpZGVzaG93IjoiODU4NmE3OCJ9\" href='https:\/\/www.lichen.pl\/wp-content\/uploads\/2023\/09\/IMG_4743.jpg'><img loading=\"lazy\" width=\"150\" height=\"150\" src=\"https:\/\/www.lichen.pl\/wp-content\/uploads\/2023\/09\/IMG_4743-150x150.jpg\" class=\"attachment-thumbnail size-thumbnail\" alt=\"\" decoding=\"async\" srcset=\"https:\/\/www.lichen.pl\/wp-content\/uploads\/2023\/09\/IMG_4743-150x150.jpg 150w, https:\/\/www.lichen.pl\/wp-content\/uploads\/2023\/09\/IMG_4743-300x300.jpg 300w\" sizes=\"(max-width: 150px) 100vw, 150px\" \/><\/a>\n\t\t\t<\/div><\/figure><figure class='gallery-item'>\n\t\t\t<div class='gallery-icon landscape'>\n\t\t\t\t<a data-elementor-open-lightbox=\"yes\" data-elementor-lightbox-slideshow=\"8586a78\" data-elementor-lightbox-title=\"Kongres teologii praktycznej\" data-e-action-hash=\"#elementor-action%3Aaction%3Dlightbox%26settings%3DeyJpZCI6NTg1NjcsInVybCI6Imh0dHBzOlwvXC93d3cubGljaGVuLnBsXC93cC1jb250ZW50XC91cGxvYWRzXC8yMDIzXC8wOVwvSU1HXzQ3NTIuanBnIiwic2xpZGVzaG93IjoiODU4NmE3OCJ9\" href='https:\/\/www.lichen.pl\/wp-content\/uploads\/2023\/09\/IMG_4752.jpg'><img loading=\"lazy\" width=\"150\" height=\"150\" src=\"https:\/\/www.lichen.pl\/wp-content\/uploads\/2023\/09\/IMG_4752-150x150.jpg\" class=\"attachment-thumbnail size-thumbnail\" alt=\"\" decoding=\"async\" srcset=\"https:\/\/www.lichen.pl\/wp-content\/uploads\/2023\/09\/IMG_4752-150x150.jpg 150w, https:\/\/www.lichen.pl\/wp-content\/uploads\/2023\/09\/IMG_4752-300x300.jpg 300w\" sizes=\"(max-width: 150px) 100vw, 150px\" \/><\/a>\n\t\t\t<\/div><\/figure><figure class='gallery-item'>\n\t\t\t<div class='gallery-icon landscape'>\n\t\t\t\t<a data-elementor-open-lightbox=\"yes\" data-elementor-lightbox-slideshow=\"8586a78\" data-elementor-lightbox-title=\"Kongres teologii praktycznej\" data-e-action-hash=\"#elementor-action%3Aaction%3Dlightbox%26settings%3DeyJpZCI6NTg1NjgsInVybCI6Imh0dHBzOlwvXC93d3cubGljaGVuLnBsXC93cC1jb250ZW50XC91cGxvYWRzXC8yMDIzXC8wOVwvSU1HXzQ3NjAuanBnIiwic2xpZGVzaG93IjoiODU4NmE3OCJ9\" href='https:\/\/www.lichen.pl\/wp-content\/uploads\/2023\/09\/IMG_4760.jpg'><img loading=\"lazy\" width=\"150\" height=\"150\" src=\"https:\/\/www.lichen.pl\/wp-content\/uploads\/2023\/09\/IMG_4760-150x150.jpg\" class=\"attachment-thumbnail size-thumbnail\" alt=\"\" decoding=\"async\" srcset=\"https:\/\/www.lichen.pl\/wp-content\/uploads\/2023\/09\/IMG_4760-150x150.jpg 150w, https:\/\/www.lichen.pl\/wp-content\/uploads\/2023\/09\/IMG_4760-300x300.jpg 300w\" sizes=\"(max-width: 150px) 100vw, 150px\" \/><\/a>\n\t\t\t<\/div><\/figure><figure class='gallery-item'>\n\t\t\t<div class='gallery-icon landscape'>\n\t\t\t\t<a data-elementor-open-lightbox=\"yes\" data-elementor-lightbox-slideshow=\"8586a78\" data-elementor-lightbox-title=\"Kongres teologii praktycznej\" data-e-action-hash=\"#elementor-action%3Aaction%3Dlightbox%26settings%3DeyJpZCI6NTg1NjksInVybCI6Imh0dHBzOlwvXC93d3cubGljaGVuLnBsXC93cC1jb250ZW50XC91cGxvYWRzXC8yMDIzXC8wOVwvSU1HXzQ3NjQuanBnIiwic2xpZGVzaG93IjoiODU4NmE3OCJ9\" href='https:\/\/www.lichen.pl\/wp-content\/uploads\/2023\/09\/IMG_4764.jpg'><img loading=\"lazy\" width=\"150\" height=\"150\" src=\"https:\/\/www.lichen.pl\/wp-content\/uploads\/2023\/09\/IMG_4764-150x150.jpg\" class=\"attachment-thumbnail size-thumbnail\" alt=\"\" decoding=\"async\" srcset=\"https:\/\/www.lichen.pl\/wp-content\/uploads\/2023\/09\/IMG_4764-150x150.jpg 150w, https:\/\/www.lichen.pl\/wp-content\/uploads\/2023\/09\/IMG_4764-300x300.jpg 300w\" sizes=\"(max-width: 150px) 100vw, 150px\" \/><\/a>\n\t\t\t<\/div><\/figure><figure class='gallery-item'>\n\t\t\t<div class='gallery-icon landscape'>\n\t\t\t\t<a data-elementor-open-lightbox=\"yes\" data-elementor-lightbox-slideshow=\"8586a78\" data-elementor-lightbox-title=\"Kongres teologii praktycznej\" data-e-action-hash=\"#elementor-action%3Aaction%3Dlightbox%26settings%3DeyJpZCI6NTg1NzAsInVybCI6Imh0dHBzOlwvXC93d3cubGljaGVuLnBsXC93cC1jb250ZW50XC91cGxvYWRzXC8yMDIzXC8wOVwvSU1HXzQ3NjcuanBnIiwic2xpZGVzaG93IjoiODU4NmE3OCJ9\" href='https:\/\/www.lichen.pl\/wp-content\/uploads\/2023\/09\/IMG_4767.jpg'><img loading=\"lazy\" width=\"150\" height=\"150\" src=\"https:\/\/www.lichen.pl\/wp-content\/uploads\/2023\/09\/IMG_4767-150x150.jpg\" class=\"attachment-thumbnail size-thumbnail\" alt=\"\" decoding=\"async\" srcset=\"https:\/\/www.lichen.pl\/wp-content\/uploads\/2023\/09\/IMG_4767-150x150.jpg 150w, https:\/\/www.lichen.pl\/wp-content\/uploads\/2023\/09\/IMG_4767-300x300.jpg 300w\" sizes=\"(max-width: 150px) 100vw, 150px\" \/><\/a>\n\t\t\t<\/div><\/figure><figure class='gallery-item'>\n\t\t\t<div class='gallery-icon landscape'>\n\t\t\t\t<a data-elementor-open-lightbox=\"yes\" data-elementor-lightbox-slideshow=\"8586a78\" data-elementor-lightbox-title=\"Kongres teologii praktycznej\" data-e-action-hash=\"#elementor-action%3Aaction%3Dlightbox%26settings%3DeyJpZCI6NTg1NzEsInVybCI6Imh0dHBzOlwvXC93d3cubGljaGVuLnBsXC93cC1jb250ZW50XC91cGxvYWRzXC8yMDIzXC8wOVwvSU1HXzQ3NjguanBnIiwic2xpZGVzaG93IjoiODU4NmE3OCJ9\" href='https:\/\/www.lichen.pl\/wp-content\/uploads\/2023\/09\/IMG_4768.jpg'><img loading=\"lazy\" width=\"150\" height=\"150\" src=\"https:\/\/www.lichen.pl\/wp-content\/uploads\/2023\/09\/IMG_4768-150x150.jpg\" class=\"attachment-thumbnail size-thumbnail\" alt=\"\" decoding=\"async\" srcset=\"https:\/\/www.lichen.pl\/wp-content\/uploads\/2023\/09\/IMG_4768-150x150.jpg 150w, https:\/\/www.lichen.pl\/wp-content\/uploads\/2023\/09\/IMG_4768-300x300.jpg 300w\" sizes=\"(max-width: 150px) 100vw, 150px\" \/><\/a>\n\t\t\t<\/div><\/figure><figure class='gallery-item'>\n\t\t\t<div class='gallery-icon landscape'>\n\t\t\t\t<a data-elementor-open-lightbox=\"yes\" data-elementor-lightbox-slideshow=\"8586a78\" data-elementor-lightbox-title=\"Kongres teologii praktycznej\" data-e-action-hash=\"#elementor-action%3Aaction%3Dlightbox%26settings%3DeyJpZCI6NTg1NzIsInVybCI6Imh0dHBzOlwvXC93d3cubGljaGVuLnBsXC93cC1jb250ZW50XC91cGxvYWRzXC8yMDIzXC8wOVwvSU1HXzQ3NzkuanBnIiwic2xpZGVzaG93IjoiODU4NmE3OCJ9\" href='https:\/\/www.lichen.pl\/wp-content\/uploads\/2023\/09\/IMG_4779.jpg'><img loading=\"lazy\" width=\"150\" height=\"150\" src=\"https:\/\/www.lichen.pl\/wp-content\/uploads\/2023\/09\/IMG_4779-150x150.jpg\" class=\"attachment-thumbnail size-thumbnail\" alt=\"\" decoding=\"async\" srcset=\"https:\/\/www.lichen.pl\/wp-content\/uploads\/2023\/09\/IMG_4779-150x150.jpg 150w, https:\/\/www.lichen.pl\/wp-content\/uploads\/2023\/09\/IMG_4779-300x300.jpg 300w\" sizes=\"(max-width: 150px) 100vw, 150px\" \/><\/a>\n\t\t\t<\/div><\/figure><figure class='gallery-item'>\n\t\t\t<div class='gallery-icon portrait'>\n\t\t\t\t<a data-elementor-open-lightbox=\"yes\" data-elementor-lightbox-slideshow=\"8586a78\" data-elementor-lightbox-title=\"IMG_5049\" data-e-action-hash=\"#elementor-action%3Aaction%3Dlightbox%26settings%3DeyJpZCI6NTg2ODEsInVybCI6Imh0dHBzOlwvXC93d3cubGljaGVuLnBsXC93cC1jb250ZW50XC91cGxvYWRzXC8yMDIzXC8wOVwvSU1HXzUwNDkuanBnIiwic2xpZGVzaG93IjoiODU4NmE3OCJ9\" href='https:\/\/www.lichen.pl\/wp-content\/uploads\/2023\/09\/IMG_5049.jpg'><img loading=\"lazy\" width=\"150\" height=\"150\" src=\"https:\/\/www.lichen.pl\/wp-content\/uploads\/2023\/09\/IMG_5049-150x150.jpg\" class=\"attachment-thumbnail size-thumbnail\" alt=\"\" decoding=\"async\" srcset=\"https:\/\/www.lichen.pl\/wp-content\/uploads\/2023\/09\/IMG_5049-150x150.jpg 150w, https:\/\/www.lichen.pl\/wp-content\/uploads\/2023\/09\/IMG_5049-300x300.jpg 300w\" sizes=\"(max-width: 150px) 100vw, 150px\" \/><\/a>\n\t\t\t<\/div><\/figure><figure class='gallery-item'>\n\t\t\t<div class='gallery-icon landscape'>\n\t\t\t\t<a data-elementor-open-lightbox=\"yes\" data-elementor-lightbox-slideshow=\"8586a78\" data-elementor-lightbox-title=\"IMG_5050\" data-e-action-hash=\"#elementor-action%3Aaction%3Dlightbox%26settings%3DeyJpZCI6NTg2ODIsInVybCI6Imh0dHBzOlwvXC93d3cubGljaGVuLnBsXC93cC1jb250ZW50XC91cGxvYWRzXC8yMDIzXC8wOVwvSU1HXzUwNTAuanBnIiwic2xpZGVzaG93IjoiODU4NmE3OCJ9\" href='https:\/\/www.lichen.pl\/wp-content\/uploads\/2023\/09\/IMG_5050.jpg'><img loading=\"lazy\" width=\"150\" height=\"150\" src=\"https:\/\/www.lichen.pl\/wp-content\/uploads\/2023\/09\/IMG_5050-150x150.jpg\" class=\"attachment-thumbnail size-thumbnail\" alt=\"\" decoding=\"async\" srcset=\"https:\/\/www.lichen.pl\/wp-content\/uploads\/2023\/09\/IMG_5050-150x150.jpg 150w, https:\/\/www.lichen.pl\/wp-content\/uploads\/2023\/09\/IMG_5050-300x300.jpg 300w\" sizes=\"(max-width: 150px) 100vw, 150px\" \/><\/a>\n\t\t\t<\/div><\/figure><figure class='gallery-item'>\n\t\t\t<div class='gallery-icon landscape'>\n\t\t\t\t<a data-elementor-open-lightbox=\"yes\" data-elementor-lightbox-slideshow=\"8586a78\" data-elementor-lightbox-title=\"IMG_5056\" data-e-action-hash=\"#elementor-action%3Aaction%3Dlightbox%26settings%3DeyJpZCI6NTg2ODMsInVybCI6Imh0dHBzOlwvXC93d3cubGljaGVuLnBsXC93cC1jb250ZW50XC91cGxvYWRzXC8yMDIzXC8wOVwvSU1HXzUwNTYuanBnIiwic2xpZGVzaG93IjoiODU4NmE3OCJ9\" href='https:\/\/www.lichen.pl\/wp-content\/uploads\/2023\/09\/IMG_5056.jpg'><img loading=\"lazy\" width=\"150\" height=\"150\" src=\"https:\/\/www.lichen.pl\/wp-content\/uploads\/2023\/09\/IMG_5056-150x150.jpg\" class=\"attachment-thumbnail size-thumbnail\" alt=\"\" decoding=\"async\" srcset=\"https:\/\/www.lichen.pl\/wp-content\/uploads\/2023\/09\/IMG_5056-150x150.jpg 150w, https:\/\/www.lichen.pl\/wp-content\/uploads\/2023\/09\/IMG_5056-300x300.jpg 300w\" sizes=\"(max-width: 150px) 100vw, 150px\" \/><\/a>\n\t\t\t<\/div><\/figure><figure class='gallery-item'>\n\t\t\t<div class='gallery-icon landscape'>\n\t\t\t\t<a data-elementor-open-lightbox=\"yes\" data-elementor-lightbox-slideshow=\"8586a78\" data-elementor-lightbox-title=\"IMG_5064\" data-e-action-hash=\"#elementor-action%3Aaction%3Dlightbox%26settings%3DeyJpZCI6NTg2ODQsInVybCI6Imh0dHBzOlwvXC93d3cubGljaGVuLnBsXC93cC1jb250ZW50XC91cGxvYWRzXC8yMDIzXC8wOVwvSU1HXzUwNjQuanBnIiwic2xpZGVzaG93IjoiODU4NmE3OCJ9\" href='https:\/\/www.lichen.pl\/wp-content\/uploads\/2023\/09\/IMG_5064.jpg'><img loading=\"lazy\" width=\"150\" height=\"150\" src=\"https:\/\/www.lichen.pl\/wp-content\/uploads\/2023\/09\/IMG_5064-150x150.jpg\" class=\"attachment-thumbnail size-thumbnail\" alt=\"\" decoding=\"async\" srcset=\"https:\/\/www.lichen.pl\/wp-content\/uploads\/2023\/09\/IMG_5064-150x150.jpg 150w, https:\/\/www.lichen.pl\/wp-content\/uploads\/2023\/09\/IMG_5064-300x300.jpg 300w\" sizes=\"(max-width: 150px) 100vw, 150px\" \/><\/a>\n\t\t\t<\/div><\/figure><figure class='gallery-item'>\n\t\t\t<div class='gallery-icon portrait'>\n\t\t\t\t<a data-elementor-open-lightbox=\"yes\" data-elementor-lightbox-slideshow=\"8586a78\" data-elementor-lightbox-title=\"IMG_5067\" data-e-action-hash=\"#elementor-action%3Aaction%3Dlightbox%26settings%3DeyJpZCI6NTg2ODUsInVybCI6Imh0dHBzOlwvXC93d3cubGljaGVuLnBsXC93cC1jb250ZW50XC91cGxvYWRzXC8yMDIzXC8wOVwvSU1HXzUwNjcuanBnIiwic2xpZGVzaG93IjoiODU4NmE3OCJ9\" href='https:\/\/www.lichen.pl\/wp-content\/uploads\/2023\/09\/IMG_5067.jpg'><img loading=\"lazy\" width=\"150\" height=\"150\" src=\"https:\/\/www.lichen.pl\/wp-content\/uploads\/2023\/09\/IMG_5067-150x150.jpg\" class=\"attachment-thumbnail size-thumbnail\" alt=\"\" decoding=\"async\" srcset=\"https:\/\/www.lichen.pl\/wp-content\/uploads\/2023\/09\/IMG_5067-150x150.jpg 150w, https:\/\/www.lichen.pl\/wp-content\/uploads\/2023\/09\/IMG_5067-300x300.jpg 300w\" sizes=\"(max-width: 150px) 100vw, 150px\" \/><\/a>\n\t\t\t<\/div><\/figure><figure class='gallery-item'>\n\t\t\t<div class='gallery-icon landscape'>\n\t\t\t\t<a data-elementor-open-lightbox=\"yes\" data-elementor-lightbox-slideshow=\"8586a78\" data-elementor-lightbox-title=\"IMG_5068\" data-e-action-hash=\"#elementor-action%3Aaction%3Dlightbox%26settings%3DeyJpZCI6NTg2ODYsInVybCI6Imh0dHBzOlwvXC93d3cubGljaGVuLnBsXC93cC1jb250ZW50XC91cGxvYWRzXC8yMDIzXC8wOVwvSU1HXzUwNjguanBnIiwic2xpZGVzaG93IjoiODU4NmE3OCJ9\" href='https:\/\/www.lichen.pl\/wp-content\/uploads\/2023\/09\/IMG_5068.jpg'><img loading=\"lazy\" width=\"150\" height=\"150\" src=\"https:\/\/www.lichen.pl\/wp-content\/uploads\/2023\/09\/IMG_5068-150x150.jpg\" class=\"attachment-thumbnail size-thumbnail\" alt=\"\" decoding=\"async\" srcset=\"https:\/\/www.lichen.pl\/wp-content\/uploads\/2023\/09\/IMG_5068-150x150.jpg 150w, https:\/\/www.lichen.pl\/wp-content\/uploads\/2023\/09\/IMG_5068-300x300.jpg 300w\" sizes=\"(max-width: 150px) 100vw, 150px\" \/><\/a>\n\t\t\t<\/div><\/figure><figure class='gallery-item'>\n\t\t\t<div class='gallery-icon landscape'>\n\t\t\t\t<a data-elementor-open-lightbox=\"yes\" data-elementor-lightbox-slideshow=\"8586a78\" data-elementor-lightbox-title=\"kongres Parafia Jutra (5)\" data-e-action-hash=\"#elementor-action%3Aaction%3Dlightbox%26settings%3DeyJpZCI6NTg2ODcsInVybCI6Imh0dHBzOlwvXC93d3cubGljaGVuLnBsXC93cC1jb250ZW50XC91cGxvYWRzXC8yMDIzXC8wOVwva29uZ3Jlcy1QYXJhZmlhLUp1dHJhLTUuanBnIiwic2xpZGVzaG93IjoiODU4NmE3OCJ9\" href='https:\/\/www.lichen.pl\/wp-content\/uploads\/2023\/09\/kongres-Parafia-Jutra-5.jpg'><img loading=\"lazy\" width=\"150\" height=\"150\" src=\"https:\/\/www.lichen.pl\/wp-content\/uploads\/2023\/09\/kongres-Parafia-Jutra-5-150x150.jpg\" class=\"attachment-thumbnail size-thumbnail\" alt=\"\" decoding=\"async\" srcset=\"https:\/\/www.lichen.pl\/wp-content\/uploads\/2023\/09\/kongres-Parafia-Jutra-5-150x150.jpg 150w, https:\/\/www.lichen.pl\/wp-content\/uploads\/2023\/09\/kongres-Parafia-Jutra-5-300x300.jpg 300w\" sizes=\"(max-width: 150px) 100vw, 150px\" \/><\/a>\n\t\t\t<\/div><\/figure><figure class='gallery-item'>\n\t\t\t<div class='gallery-icon portrait'>\n\t\t\t\t<a data-elementor-open-lightbox=\"yes\" data-elementor-lightbox-slideshow=\"8586a78\" data-elementor-lightbox-title=\"kongres Parafia Jutra (11)\" data-e-action-hash=\"#elementor-action%3Aaction%3Dlightbox%26settings%3DeyJpZCI6NTg2ODgsInVybCI6Imh0dHBzOlwvXC93d3cubGljaGVuLnBsXC93cC1jb250ZW50XC91cGxvYWRzXC8yMDIzXC8wOVwva29uZ3Jlcy1QYXJhZmlhLUp1dHJhLTExLmpwZyIsInNsaWRlc2hvdyI6Ijg1ODZhNzgifQ%3D%3D\" href='https:\/\/www.lichen.pl\/wp-content\/uploads\/2023\/09\/kongres-Parafia-Jutra-11.jpg'><img loading=\"lazy\" width=\"150\" height=\"150\" src=\"https:\/\/www.lichen.pl\/wp-content\/uploads\/2023\/09\/kongres-Parafia-Jutra-11-150x150.jpg\" class=\"attachment-thumbnail size-thumbnail\" alt=\"\" decoding=\"async\" srcset=\"https:\/\/www.lichen.pl\/wp-content\/uploads\/2023\/09\/kongres-Parafia-Jutra-11-150x150.jpg 150w, https:\/\/www.lichen.pl\/wp-content\/uploads\/2023\/09\/kongres-Parafia-Jutra-11-300x300.jpg 300w\" sizes=\"(max-width: 150px) 100vw, 150px\" \/><\/a>\n\t\t\t<\/div><\/figure><figure class='gallery-item'>\n\t\t\t<div class='gallery-icon portrait'>\n\t\t\t\t<a data-elementor-open-lightbox=\"yes\" data-elementor-lightbox-slideshow=\"8586a78\" data-elementor-lightbox-title=\"kongres Parafia Jutra (14)\" data-e-action-hash=\"#elementor-action%3Aaction%3Dlightbox%26settings%3DeyJpZCI6NTg2ODksInVybCI6Imh0dHBzOlwvXC93d3cubGljaGVuLnBsXC93cC1jb250ZW50XC91cGxvYWRzXC8yMDIzXC8wOVwva29uZ3Jlcy1QYXJhZmlhLUp1dHJhLTE0LmpwZyIsInNsaWRlc2hvdyI6Ijg1ODZhNzgifQ%3D%3D\" href='https:\/\/www.lichen.pl\/wp-content\/uploads\/2023\/09\/kongres-Parafia-Jutra-14.jpg'><img loading=\"lazy\" width=\"150\" height=\"150\" src=\"https:\/\/www.lichen.pl\/wp-content\/uploads\/2023\/09\/kongres-Parafia-Jutra-14-150x150.jpg\" class=\"attachment-thumbnail size-thumbnail\" alt=\"\" decoding=\"async\" srcset=\"https:\/\/www.lichen.pl\/wp-content\/uploads\/2023\/09\/kongres-Parafia-Jutra-14-150x150.jpg 150w, https:\/\/www.lichen.pl\/wp-content\/uploads\/2023\/09\/kongres-Parafia-Jutra-14-300x300.jpg 300w\" sizes=\"(max-width: 150px) 100vw, 150px\" \/><\/a>\n\t\t\t<\/div><\/figure><figure class='gallery-item'>\n\t\t\t<div class='gallery-icon landscape'>\n\t\t\t\t<a data-elementor-open-lightbox=\"yes\" data-elementor-lightbox-slideshow=\"8586a78\" data-elementor-lightbox-title=\"kongres Parafia Jutra (15)\" data-e-action-hash=\"#elementor-action%3Aaction%3Dlightbox%26settings%3DeyJpZCI6NTg2OTAsInVybCI6Imh0dHBzOlwvXC93d3cubGljaGVuLnBsXC93cC1jb250ZW50XC91cGxvYWRzXC8yMDIzXC8wOVwva29uZ3Jlcy1QYXJhZmlhLUp1dHJhLTE1LmpwZyIsInNsaWRlc2hvdyI6Ijg1ODZhNzgifQ%3D%3D\" href='https:\/\/www.lichen.pl\/wp-content\/uploads\/2023\/09\/kongres-Parafia-Jutra-15.jpg'><img loading=\"lazy\" width=\"150\" height=\"150\" src=\"https:\/\/www.lichen.pl\/wp-content\/uploads\/2023\/09\/kongres-Parafia-Jutra-15-150x150.jpg\" class=\"attachment-thumbnail size-thumbnail\" alt=\"\" decoding=\"async\" srcset=\"https:\/\/www.lichen.pl\/wp-content\/uploads\/2023\/09\/kongres-Parafia-Jutra-15-150x150.jpg 150w, https:\/\/www.lichen.pl\/wp-content\/uploads\/2023\/09\/kongres-Parafia-Jutra-15-300x300.jpg 300w\" sizes=\"(max-width: 150px) 100vw, 150px\" \/><\/a>\n\t\t\t<\/div><\/figure><figure class='gallery-item'>\n\t\t\t<div class='gallery-icon landscape'>\n\t\t\t\t<a data-elementor-open-lightbox=\"yes\" data-elementor-lightbox-slideshow=\"8586a78\" data-elementor-lightbox-title=\"kongres Parafia Jutra (16)\" data-e-action-hash=\"#elementor-action%3Aaction%3Dlightbox%26settings%3DeyJpZCI6NTg2OTEsInVybCI6Imh0dHBzOlwvXC93d3cubGljaGVuLnBsXC93cC1jb250ZW50XC91cGxvYWRzXC8yMDIzXC8wOVwva29uZ3Jlcy1QYXJhZmlhLUp1dHJhLTE2LmpwZyIsInNsaWRlc2hvdyI6Ijg1ODZhNzgifQ%3D%3D\" href='https:\/\/www.lichen.pl\/wp-content\/uploads\/2023\/09\/kongres-Parafia-Jutra-16.jpg'><img loading=\"lazy\" width=\"150\" height=\"150\" src=\"https:\/\/www.lichen.pl\/wp-content\/uploads\/2023\/09\/kongres-Parafia-Jutra-16-150x150.jpg\" class=\"attachment-thumbnail size-thumbnail\" alt=\"\" decoding=\"async\" srcset=\"https:\/\/www.lichen.pl\/wp-content\/uploads\/2023\/09\/kongres-Parafia-Jutra-16-150x150.jpg 150w, https:\/\/www.lichen.pl\/wp-content\/uploads\/2023\/09\/kongres-Parafia-Jutra-16-300x300.jpg 300w\" sizes=\"(max-width: 150px) 100vw, 150px\" \/><\/a>\n\t\t\t<\/div><\/figure><figure class='gallery-item'>\n\t\t\t<div class='gallery-icon landscape'>\n\t\t\t\t<a data-elementor-open-lightbox=\"yes\" data-elementor-lightbox-slideshow=\"8586a78\" data-elementor-lightbox-title=\"kongres Parafia Jutra (17)\" data-e-action-hash=\"#elementor-action%3Aaction%3Dlightbox%26settings%3DeyJpZCI6NTg2OTIsInVybCI6Imh0dHBzOlwvXC93d3cubGljaGVuLnBsXC93cC1jb250ZW50XC91cGxvYWRzXC8yMDIzXC8wOVwva29uZ3Jlcy1QYXJhZmlhLUp1dHJhLTE3LmpwZyIsInNsaWRlc2hvdyI6Ijg1ODZhNzgifQ%3D%3D\" href='https:\/\/www.lichen.pl\/wp-content\/uploads\/2023\/09\/kongres-Parafia-Jutra-17.jpg'><img loading=\"lazy\" width=\"150\" height=\"150\" src=\"https:\/\/www.lichen.pl\/wp-content\/uploads\/2023\/09\/kongres-Parafia-Jutra-17-150x150.jpg\" class=\"attachment-thumbnail size-thumbnail\" alt=\"\" decoding=\"async\" srcset=\"https:\/\/www.lichen.pl\/wp-content\/uploads\/2023\/09\/kongres-Parafia-Jutra-17-150x150.jpg 150w, https:\/\/www.lichen.pl\/wp-content\/uploads\/2023\/09\/kongres-Parafia-Jutra-17-300x300.jpg 300w\" sizes=\"(max-width: 150px) 100vw, 150px\" \/><\/a>\n\t\t\t<\/div><\/figure><figure class='gallery-item'>\n\t\t\t<div class='gallery-icon landscape'>\n\t\t\t\t<a data-elementor-open-lightbox=\"yes\" data-elementor-lightbox-slideshow=\"8586a78\" data-elementor-lightbox-title=\"kongres Parafia Jutra (18)\" data-e-action-hash=\"#elementor-action%3Aaction%3Dlightbox%26settings%3DeyJpZCI6NTg2OTMsInVybCI6Imh0dHBzOlwvXC93d3cubGljaGVuLnBsXC93cC1jb250ZW50XC91cGxvYWRzXC8yMDIzXC8wOVwva29uZ3Jlcy1QYXJhZmlhLUp1dHJhLTE4LmpwZyIsInNsaWRlc2hvdyI6Ijg1ODZhNzgifQ%3D%3D\" href='https:\/\/www.lichen.pl\/wp-content\/uploads\/2023\/09\/kongres-Parafia-Jutra-18.jpg'><img loading=\"lazy\" width=\"150\" height=\"150\" src=\"https:\/\/www.lichen.pl\/wp-content\/uploads\/2023\/09\/kongres-Parafia-Jutra-18-150x150.jpg\" class=\"attachment-thumbnail size-thumbnail\" alt=\"\" decoding=\"async\" srcset=\"https:\/\/www.lichen.pl\/wp-content\/uploads\/2023\/09\/kongres-Parafia-Jutra-18-150x150.jpg 150w, https:\/\/www.lichen.pl\/wp-content\/uploads\/2023\/09\/kongres-Parafia-Jutra-18-300x300.jpg 300w\" sizes=\"(max-width: 150px) 100vw, 150px\" \/><\/a>\n\t\t\t<\/div><\/figure><figure class='gallery-item'>\n\t\t\t<div class='gallery-icon landscape'>\n\t\t\t\t<a data-elementor-open-lightbox=\"yes\" data-elementor-lightbox-slideshow=\"8586a78\" data-elementor-lightbox-title=\"kongres Parafia Jutra (19)\" data-e-action-hash=\"#elementor-action%3Aaction%3Dlightbox%26settings%3DeyJpZCI6NTg2OTQsInVybCI6Imh0dHBzOlwvXC93d3cubGljaGVuLnBsXC93cC1jb250ZW50XC91cGxvYWRzXC8yMDIzXC8wOVwva29uZ3Jlcy1QYXJhZmlhLUp1dHJhLTE5LmpwZyIsInNsaWRlc2hvdyI6Ijg1ODZhNzgifQ%3D%3D\" href='https:\/\/www.lichen.pl\/wp-content\/uploads\/2023\/09\/kongres-Parafia-Jutra-19.jpg'><img loading=\"lazy\" width=\"150\" height=\"150\" src=\"https:\/\/www.lichen.pl\/wp-content\/uploads\/2023\/09\/kongres-Parafia-Jutra-19-150x150.jpg\" class=\"attachment-thumbnail size-thumbnail\" alt=\"\" decoding=\"async\" srcset=\"https:\/\/www.lichen.pl\/wp-content\/uploads\/2023\/09\/kongres-Parafia-Jutra-19-150x150.jpg 150w, https:\/\/www.lichen.pl\/wp-content\/uploads\/2023\/09\/kongres-Parafia-Jutra-19-300x300.jpg 300w\" sizes=\"(max-width: 150px) 100vw, 150px\" \/><\/a>\n\t\t\t<\/div><\/figure><figure class='gallery-item'>\n\t\t\t<div class='gallery-icon landscape'>\n\t\t\t\t<a data-elementor-open-lightbox=\"yes\" data-elementor-lightbox-slideshow=\"8586a78\" data-elementor-lightbox-title=\"kongres Parafia Jutra (20)\" data-e-action-hash=\"#elementor-action%3Aaction%3Dlightbox%26settings%3DeyJpZCI6NTg2OTUsInVybCI6Imh0dHBzOlwvXC93d3cubGljaGVuLnBsXC93cC1jb250ZW50XC91cGxvYWRzXC8yMDIzXC8wOVwva29uZ3Jlcy1QYXJhZmlhLUp1dHJhLTIwLmpwZyIsInNsaWRlc2hvdyI6Ijg1ODZhNzgifQ%3D%3D\" href='https:\/\/www.lichen.pl\/wp-content\/uploads\/2023\/09\/kongres-Parafia-Jutra-20.jpg'><img loading=\"lazy\" width=\"150\" height=\"150\" src=\"https:\/\/www.lichen.pl\/wp-content\/uploads\/2023\/09\/kongres-Parafia-Jutra-20-150x150.jpg\" class=\"attachment-thumbnail size-thumbnail\" alt=\"\" decoding=\"async\" srcset=\"https:\/\/www.lichen.pl\/wp-content\/uploads\/2023\/09\/kongres-Parafia-Jutra-20-150x150.jpg 150w, https:\/\/www.lichen.pl\/wp-content\/uploads\/2023\/09\/kongres-Parafia-Jutra-20-300x300.jpg 300w\" sizes=\"(max-width: 150px) 100vw, 150px\" \/><\/a>\n\t\t\t<\/div><\/figure><figure class='gallery-item'>\n\t\t\t<div class='gallery-icon landscape'>\n\t\t\t\t<a data-elementor-open-lightbox=\"yes\" data-elementor-lightbox-slideshow=\"8586a78\" data-elementor-lightbox-title=\"kongres Parafia Jutra (21)\" data-e-action-hash=\"#elementor-action%3Aaction%3Dlightbox%26settings%3DeyJpZCI6NTg2OTYsInVybCI6Imh0dHBzOlwvXC93d3cubGljaGVuLnBsXC93cC1jb250ZW50XC91cGxvYWRzXC8yMDIzXC8wOVwva29uZ3Jlcy1QYXJhZmlhLUp1dHJhLTIxLmpwZyIsInNsaWRlc2hvdyI6Ijg1ODZhNzgifQ%3D%3D\" href='https:\/\/www.lichen.pl\/wp-content\/uploads\/2023\/09\/kongres-Parafia-Jutra-21.jpg'><img loading=\"lazy\" width=\"150\" height=\"150\" src=\"https:\/\/www.lichen.pl\/wp-content\/uploads\/2023\/09\/kongres-Parafia-Jutra-21-150x150.jpg\" class=\"attachment-thumbnail size-thumbnail\" alt=\"\" decoding=\"async\" srcset=\"https:\/\/www.lichen.pl\/wp-content\/uploads\/2023\/09\/kongres-Parafia-Jutra-21-150x150.jpg 150w, https:\/\/www.lichen.pl\/wp-content\/uploads\/2023\/09\/kongres-Parafia-Jutra-21-300x300.jpg 300w\" sizes=\"(max-width: 150px) 100vw, 150px\" \/><\/a>\n\t\t\t<\/div><\/figure><figure class='gallery-item'>\n\t\t\t<div class='gallery-icon landscape'>\n\t\t\t\t<a data-elementor-open-lightbox=\"yes\" data-elementor-lightbox-slideshow=\"8586a78\" data-elementor-lightbox-title=\"kongres Parafia Jutra (22)\" data-e-action-hash=\"#elementor-action%3Aaction%3Dlightbox%26settings%3DeyJpZCI6NTg2OTcsInVybCI6Imh0dHBzOlwvXC93d3cubGljaGVuLnBsXC93cC1jb250ZW50XC91cGxvYWRzXC8yMDIzXC8wOVwva29uZ3Jlcy1QYXJhZmlhLUp1dHJhLTIyLmpwZyIsInNsaWRlc2hvdyI6Ijg1ODZhNzgifQ%3D%3D\" href='https:\/\/www.lichen.pl\/wp-content\/uploads\/2023\/09\/kongres-Parafia-Jutra-22.jpg'><img loading=\"lazy\" width=\"150\" height=\"150\" src=\"https:\/\/www.lichen.pl\/wp-content\/uploads\/2023\/09\/kongres-Parafia-Jutra-22-150x150.jpg\" class=\"attachment-thumbnail size-thumbnail\" alt=\"\" decoding=\"async\" srcset=\"https:\/\/www.lichen.pl\/wp-content\/uploads\/2023\/09\/kongres-Parafia-Jutra-22-150x150.jpg 150w, https:\/\/www.lichen.pl\/wp-content\/uploads\/2023\/09\/kongres-Parafia-Jutra-22-300x300.jpg 300w\" sizes=\"(max-width: 150px) 100vw, 150px\" \/><\/a>\n\t\t\t<\/div><\/figure><figure class='gallery-item'>\n\t\t\t<div class='gallery-icon landscape'>\n\t\t\t\t<a data-elementor-open-lightbox=\"yes\" data-elementor-lightbox-slideshow=\"8586a78\" data-elementor-lightbox-title=\"kongres Parafia Jutra (23)\" data-e-action-hash=\"#elementor-action%3Aaction%3Dlightbox%26settings%3DeyJpZCI6NTg2OTgsInVybCI6Imh0dHBzOlwvXC93d3cubGljaGVuLnBsXC93cC1jb250ZW50XC91cGxvYWRzXC8yMDIzXC8wOVwva29uZ3Jlcy1QYXJhZmlhLUp1dHJhLTIzLmpwZyIsInNsaWRlc2hvdyI6Ijg1ODZhNzgifQ%3D%3D\" href='https:\/\/www.lichen.pl\/wp-content\/uploads\/2023\/09\/kongres-Parafia-Jutra-23.jpg'><img loading=\"lazy\" width=\"150\" height=\"150\" src=\"https:\/\/www.lichen.pl\/wp-content\/uploads\/2023\/09\/kongres-Parafia-Jutra-23-150x150.jpg\" class=\"attachment-thumbnail size-thumbnail\" alt=\"\" decoding=\"async\" srcset=\"https:\/\/www.lichen.pl\/wp-content\/uploads\/2023\/09\/kongres-Parafia-Jutra-23-150x150.jpg 150w, https:\/\/www.lichen.pl\/wp-content\/uploads\/2023\/09\/kongres-Parafia-Jutra-23-300x300.jpg 300w\" sizes=\"(max-width: 150px) 100vw, 150px\" \/><\/a>\n\t\t\t<\/div><\/figure><figure class='gallery-item'>\n\t\t\t<div class='gallery-icon landscape'>\n\t\t\t\t<a data-elementor-open-lightbox=\"yes\" data-elementor-lightbox-slideshow=\"8586a78\" data-elementor-lightbox-title=\"kongres Parafia Jutra (24)\" data-e-action-hash=\"#elementor-action%3Aaction%3Dlightbox%26settings%3DeyJpZCI6NTg2OTksInVybCI6Imh0dHBzOlwvXC93d3cubGljaGVuLnBsXC93cC1jb250ZW50XC91cGxvYWRzXC8yMDIzXC8wOVwva29uZ3Jlcy1QYXJhZmlhLUp1dHJhLTI0LmpwZyIsInNsaWRlc2hvdyI6Ijg1ODZhNzgifQ%3D%3D\" href='https:\/\/www.lichen.pl\/wp-content\/uploads\/2023\/09\/kongres-Parafia-Jutra-24.jpg'><img loading=\"lazy\" width=\"150\" height=\"150\" src=\"https:\/\/www.lichen.pl\/wp-content\/uploads\/2023\/09\/kongres-Parafia-Jutra-24-150x150.jpg\" class=\"attachment-thumbnail size-thumbnail\" alt=\"\" decoding=\"async\" srcset=\"https:\/\/www.lichen.pl\/wp-content\/uploads\/2023\/09\/kongres-Parafia-Jutra-24-150x150.jpg 150w, https:\/\/www.lichen.pl\/wp-content\/uploads\/2023\/09\/kongres-Parafia-Jutra-24-300x300.jpg 300w\" sizes=\"(max-width: 150px) 100vw, 150px\" \/><\/a>\n\t\t\t<\/div><\/figure><figure class='gallery-item'>\n\t\t\t<div class='gallery-icon landscape'>\n\t\t\t\t<a data-elementor-open-lightbox=\"yes\" data-elementor-lightbox-slideshow=\"8586a78\" data-elementor-lightbox-title=\"kongres Parafia Jutra (25)\" data-e-action-hash=\"#elementor-action%3Aaction%3Dlightbox%26settings%3DeyJpZCI6NTg3MDAsInVybCI6Imh0dHBzOlwvXC93d3cubGljaGVuLnBsXC93cC1jb250ZW50XC91cGxvYWRzXC8yMDIzXC8wOVwva29uZ3Jlcy1QYXJhZmlhLUp1dHJhLTI1LmpwZyIsInNsaWRlc2hvdyI6Ijg1ODZhNzgifQ%3D%3D\" href='https:\/\/www.lichen.pl\/wp-content\/uploads\/2023\/09\/kongres-Parafia-Jutra-25.jpg'><img loading=\"lazy\" width=\"150\" height=\"150\" src=\"https:\/\/www.lichen.pl\/wp-content\/uploads\/2023\/09\/kongres-Parafia-Jutra-25-150x150.jpg\" class=\"attachment-thumbnail size-thumbnail\" alt=\"\" decoding=\"async\" srcset=\"https:\/\/www.lichen.pl\/wp-content\/uploads\/2023\/09\/kongres-Parafia-Jutra-25-150x150.jpg 150w, https:\/\/www.lichen.pl\/wp-content\/uploads\/2023\/09\/kongres-Parafia-Jutra-25-300x300.jpg 300w\" sizes=\"(max-width: 150px) 100vw, 150px\" \/><\/a>\n\t\t\t<\/div><\/figure><figure class='gallery-item'>\n\t\t\t<div class='gallery-icon landscape'>\n\t\t\t\t<a data-elementor-open-lightbox=\"yes\" data-elementor-lightbox-slideshow=\"8586a78\" data-elementor-lightbox-title=\"kongres Parafia Jutra (26)\" data-e-action-hash=\"#elementor-action%3Aaction%3Dlightbox%26settings%3DeyJpZCI6NTg3MDEsInVybCI6Imh0dHBzOlwvXC93d3cubGljaGVuLnBsXC93cC1jb250ZW50XC91cGxvYWRzXC8yMDIzXC8wOVwva29uZ3Jlcy1QYXJhZmlhLUp1dHJhLTI2LmpwZyIsInNsaWRlc2hvdyI6Ijg1ODZhNzgifQ%3D%3D\" href='https:\/\/www.lichen.pl\/wp-content\/uploads\/2023\/09\/kongres-Parafia-Jutra-26.jpg'><img loading=\"lazy\" width=\"150\" height=\"150\" src=\"https:\/\/www.lichen.pl\/wp-content\/uploads\/2023\/09\/kongres-Parafia-Jutra-26-150x150.jpg\" class=\"attachment-thumbnail size-thumbnail\" alt=\"\" decoding=\"async\" srcset=\"https:\/\/www.lichen.pl\/wp-content\/uploads\/2023\/09\/kongres-Parafia-Jutra-26-150x150.jpg 150w, https:\/\/www.lichen.pl\/wp-content\/uploads\/2023\/09\/kongres-Parafia-Jutra-26-300x300.jpg 300w\" sizes=\"(max-width: 150px) 100vw, 150px\" \/><\/a>\n\t\t\t<\/div><\/figure><figure class='gallery-item'>\n\t\t\t<div class='gallery-icon landscape'>\n\t\t\t\t<a data-elementor-open-lightbox=\"yes\" data-elementor-lightbox-slideshow=\"8586a78\" data-elementor-lightbox-title=\"kongres Parafia Jutra (30)\" data-e-action-hash=\"#elementor-action%3Aaction%3Dlightbox%26settings%3DeyJpZCI6NTg3MDIsInVybCI6Imh0dHBzOlwvXC93d3cubGljaGVuLnBsXC93cC1jb250ZW50XC91cGxvYWRzXC8yMDIzXC8wOVwva29uZ3Jlcy1QYXJhZmlhLUp1dHJhLTMwLmpwZyIsInNsaWRlc2hvdyI6Ijg1ODZhNzgifQ%3D%3D\" href='https:\/\/www.lichen.pl\/wp-content\/uploads\/2023\/09\/kongres-Parafia-Jutra-30.jpg'><img loading=\"lazy\" width=\"150\" height=\"150\" src=\"https:\/\/www.lichen.pl\/wp-content\/uploads\/2023\/09\/kongres-Parafia-Jutra-30-150x150.jpg\" class=\"attachment-thumbnail size-thumbnail\" alt=\"\" decoding=\"async\" srcset=\"https:\/\/www.lichen.pl\/wp-content\/uploads\/2023\/09\/kongres-Parafia-Jutra-30-150x150.jpg 150w, https:\/\/www.lichen.pl\/wp-content\/uploads\/2023\/09\/kongres-Parafia-Jutra-30-300x300.jpg 300w\" sizes=\"(max-width: 150px) 100vw, 150px\" \/><\/a>\n\t\t\t<\/div><\/figure>\n\t\t<\/div>\n\t\t<\/div>\n\t\t\t\t\t\t<\/div>\n\t\t\t\t<\/div>\n\t\t\t\t<div class=\"elementor-element elementor-element-89f5c33 elementor-widget elementor-widget-text-editor\" data-id=\"89f5c33\" data-element_type=\"widget\" data-e-type=\"widget\" data-widget_type=\"text-editor.default\">\n\t\t\t\t<div class=\"elementor-widget-container\">\n\t\t\t\t\t\t\t\t\t<p><a href=\"https:\/\/www.lichen.pl\/it\/parafia-jutra\/\">Zapowied\u017a wydarzenia i program<\/a><\/p>\t\t\t\t\t\t\t\t<\/div>\n\t\t\t\t<\/div>\n\t\t\t\t\t<\/div>\n\t\t<\/div>\n\t\t\t\t\t<\/div>\n\t\t<\/section>\n\t\t\t\t<\/div>","protected":false},"excerpt":{"rendered":"<p>Duchowni i \u015bwieccy spotkali si\u0119 w liche\u0144skim sanktuarium, by podj\u0105\u0107 synodaln\u0105 refleksj\u0119 nad sytuacj\u0105 polskich parafii i wytyczy\u0107 kierunki ich odnowy. Okazj\u0105 do dyskusji i wsp\u00f3lnego poszukiwania rozwi\u0105za\u0144 jest II Kongres Teologii Praktycznej Parafia Jutra, kt\u00f3rego has\u0142o to: \u201eRazem odnawiajmy nasze parafie\u201d. Wydarzenie zgromadzi\u0142o ponad 150 os\u00f3b, przedstawicieli r\u00f3\u017cnych o\u015brodk\u00f3w naukowych, stowarzysze\u0144, parafii. W kongresie [&hellip;]<\/p>\n","protected":false},"author":5,"featured_media":58543,"comment_status":"closed","ping_status":"closed","sticky":false,"template":"","format":"standard","meta":{"footnotes":""},"categories":[1],"tags":[],"class_list":["post-58544","post","type-post","status-publish","format-standard","has-post-thumbnail","hentry","category-aktualnosci","wpbf-post"],"yoast_head":"<!-- This site is optimized with the Yoast SEO plugin v27.4 - https:\/\/yoast.com\/product\/yoast-seo-wordpress\/ -->\n<title>Szukaj\u0105 dr\u00f3g odnowy polskiej parafii - SANKTUARIUM W LICHENIU<\/title>\n<meta name=\"robots\" content=\"index, follow, max-snippet:-1, max-image-preview:large, max-video-preview:-1\" \/>\n<link rel=\"canonical\" href=\"https:\/\/www.lichen.pl\/it\/parafia-jutra-2\/\" \/>\n<meta property=\"og:locale\" content=\"it_IT\" \/>\n<meta property=\"og:type\" content=\"article\" \/>\n<meta property=\"og:title\" content=\"Szukaj\u0105 dr\u00f3g odnowy polskiej parafii - SANKTUARIUM W LICHENIU\" \/>\n<meta property=\"og:description\" content=\"Duchowni i \u015bwieccy spotkali si\u0119 w liche\u0144skim sanktuarium, by podj\u0105\u0107 synodaln\u0105 refleksj\u0119 nad sytuacj\u0105 polskich parafii i wytyczy\u0107 kierunki ich odnowy. Okazj\u0105 do dyskusji i wsp\u00f3lnego poszukiwania rozwi\u0105za\u0144 jest II Kongres Teologii Praktycznej Parafia Jutra, kt\u00f3rego has\u0142o to: \u201eRazem odnawiajmy nasze parafie\u201d. Wydarzenie zgromadzi\u0142o ponad 150 os\u00f3b, przedstawicieli r\u00f3\u017cnych o\u015brodk\u00f3w naukowych, stowarzysze\u0144, parafii. W kongresie [&hellip;]\" \/>\n<meta property=\"og:url\" content=\"https:\/\/www.lichen.pl\/it\/parafia-jutra-2\/\" \/>\n<meta property=\"og:site_name\" content=\"SANKTUARIUM W LICHENIU\" \/>\n<meta property=\"article:published_time\" content=\"2023-09-19T15:55:55+00:00\" \/>\n<meta property=\"article:modified_time\" content=\"2023-09-21T18:15:58+00:00\" \/>\n<meta property=\"og:image\" content=\"https:\/\/www.lichen.pl\/wp-content\/uploads\/2023\/09\/IMG_4709-1024x683.jpg\" \/>\n\t<meta property=\"og:image:width\" content=\"1024\" \/>\n\t<meta property=\"og:image:height\" content=\"683\" \/>\n\t<meta property=\"og:image:type\" content=\"image\/jpeg\" \/>\n<meta name=\"author\" content=\"Justyna Zacharek\" \/>\n<meta name=\"twitter:card\" content=\"summary_large_image\" \/>\n<meta name=\"twitter:label1\" content=\"Scritto da\" \/>\n\t<meta name=\"twitter:data1\" content=\"Justyna Zacharek\" \/>\n\t<meta name=\"twitter:label2\" content=\"Tempo di lettura stimato\" \/>\n\t<meta name=\"twitter:data2\" content=\"14 minuti\" \/>\n<script type=\"application\/ld+json\" class=\"yoast-schema-graph\">{\"@context\":\"https:\\\/\\\/schema.org\",\"@graph\":[{\"@type\":\"Article\",\"@id\":\"https:\\\/\\\/www.lichen.pl\\\/parafia-jutra-2\\\/#article\",\"isPartOf\":{\"@id\":\"https:\\\/\\\/www.lichen.pl\\\/parafia-jutra-2\\\/\"},\"author\":{\"name\":\"Justyna Zacharek\",\"@id\":\"https:\\\/\\\/www.lichen.pl\\\/fr\\\/#\\\/schema\\\/person\\\/9f57a1408d363022abd305da0323b703\"},\"headline\":\"Szukaj\u0105 dr\u00f3g odnowy polskiej parafii\",\"datePublished\":\"2023-09-19T15:55:55+00:00\",\"dateModified\":\"2023-09-21T18:15:58+00:00\",\"mainEntityOfPage\":{\"@id\":\"https:\\\/\\\/www.lichen.pl\\\/parafia-jutra-2\\\/\"},\"wordCount\":1195,\"image\":{\"@id\":\"https:\\\/\\\/www.lichen.pl\\\/parafia-jutra-2\\\/#primaryimage\"},\"thumbnailUrl\":\"https:\\\/\\\/www.lichen.pl\\\/wp-content\\\/uploads\\\/2023\\\/09\\\/IMG_4709.jpg\",\"articleSection\":[\"Aktualno\u015bci\"],\"inLanguage\":\"it-IT\"},{\"@type\":\"WebPage\",\"@id\":\"https:\\\/\\\/www.lichen.pl\\\/parafia-jutra-2\\\/\",\"url\":\"https:\\\/\\\/www.lichen.pl\\\/parafia-jutra-2\\\/\",\"name\":\"Szukaj\u0105 dr\u00f3g odnowy polskiej parafii - SANKTUARIUM W LICHENIU\",\"isPartOf\":{\"@id\":\"https:\\\/\\\/www.lichen.pl\\\/fr\\\/#website\"},\"primaryImageOfPage\":{\"@id\":\"https:\\\/\\\/www.lichen.pl\\\/parafia-jutra-2\\\/#primaryimage\"},\"image\":{\"@id\":\"https:\\\/\\\/www.lichen.pl\\\/parafia-jutra-2\\\/#primaryimage\"},\"thumbnailUrl\":\"https:\\\/\\\/www.lichen.pl\\\/wp-content\\\/uploads\\\/2023\\\/09\\\/IMG_4709.jpg\",\"datePublished\":\"2023-09-19T15:55:55+00:00\",\"dateModified\":\"2023-09-21T18:15:58+00:00\",\"author\":{\"@id\":\"https:\\\/\\\/www.lichen.pl\\\/fr\\\/#\\\/schema\\\/person\\\/9f57a1408d363022abd305da0323b703\"},\"breadcrumb\":{\"@id\":\"https:\\\/\\\/www.lichen.pl\\\/parafia-jutra-2\\\/#breadcrumb\"},\"inLanguage\":\"it-IT\",\"potentialAction\":[{\"@type\":\"ReadAction\",\"target\":[\"https:\\\/\\\/www.lichen.pl\\\/parafia-jutra-2\\\/\"]}]},{\"@type\":\"ImageObject\",\"inLanguage\":\"it-IT\",\"@id\":\"https:\\\/\\\/www.lichen.pl\\\/parafia-jutra-2\\\/#primaryimage\",\"url\":\"https:\\\/\\\/www.lichen.pl\\\/wp-content\\\/uploads\\\/2023\\\/09\\\/IMG_4709.jpg\",\"contentUrl\":\"https:\\\/\\\/www.lichen.pl\\\/wp-content\\\/uploads\\\/2023\\\/09\\\/IMG_4709.jpg\",\"width\":1920,\"height\":1280},{\"@type\":\"BreadcrumbList\",\"@id\":\"https:\\\/\\\/www.lichen.pl\\\/parafia-jutra-2\\\/#breadcrumb\",\"itemListElement\":[{\"@type\":\"ListItem\",\"position\":1,\"name\":\"Strona g\u0142\u00f3wna\",\"item\":\"https:\\\/\\\/www.lichen.pl\\\/\"},{\"@type\":\"ListItem\",\"position\":2,\"name\":\"Szukaj\u0105 dr\u00f3g odnowy polskiej parafii\"}]},{\"@type\":\"WebSite\",\"@id\":\"https:\\\/\\\/www.lichen.pl\\\/fr\\\/#website\",\"url\":\"https:\\\/\\\/www.lichen.pl\\\/fr\\\/\",\"name\":\"SANKTUARIUM W LICHENIU\",\"description\":\"MATKI BO\u017bEJ LICHE\u0143SKIEJ BOLESNEJ KR\u00d3LOWEJ POLSKI\",\"potentialAction\":[{\"@type\":\"SearchAction\",\"target\":{\"@type\":\"EntryPoint\",\"urlTemplate\":\"https:\\\/\\\/www.lichen.pl\\\/fr\\\/?s={search_term_string}\"},\"query-input\":{\"@type\":\"PropertyValueSpecification\",\"valueRequired\":true,\"valueName\":\"search_term_string\"}}],\"inLanguage\":\"it-IT\"},{\"@type\":\"Person\",\"@id\":\"https:\\\/\\\/www.lichen.pl\\\/fr\\\/#\\\/schema\\\/person\\\/9f57a1408d363022abd305da0323b703\",\"name\":\"Justyna Zacharek\",\"image\":{\"@type\":\"ImageObject\",\"inLanguage\":\"it-IT\",\"@id\":\"https:\\\/\\\/secure.gravatar.com\\\/avatar\\\/7be193626a4fb4d6a7d53a7686c3bbf938efff653c427e0182457b838e9d2c3b?s=96&d=retro&r=g\",\"url\":\"https:\\\/\\\/secure.gravatar.com\\\/avatar\\\/7be193626a4fb4d6a7d53a7686c3bbf938efff653c427e0182457b838e9d2c3b?s=96&d=retro&r=g\",\"contentUrl\":\"https:\\\/\\\/secure.gravatar.com\\\/avatar\\\/7be193626a4fb4d6a7d53a7686c3bbf938efff653c427e0182457b838e9d2c3b?s=96&d=retro&r=g\",\"caption\":\"Justyna Zacharek\"},\"url\":\"https:\\\/\\\/www.lichen.pl\\\/it\\\/author\\\/justyna\\\/\"}]}<\/script>\n<!-- \/ Yoast SEO plugin. -->","yoast_head_json":{"title":"Szukaj\u0105 dr\u00f3g odnowy polskiej parafii - SANKTUARIUM W LICHENIU","robots":{"index":"index","follow":"follow","max-snippet":"max-snippet:-1","max-image-preview":"max-image-preview:large","max-video-preview":"max-video-preview:-1"},"canonical":"https:\/\/www.lichen.pl\/it\/parafia-jutra-2\/","og_locale":"it_IT","og_type":"article","og_title":"Szukaj\u0105 dr\u00f3g odnowy polskiej parafii - SANKTUARIUM W LICHENIU","og_description":"Duchowni i \u015bwieccy spotkali si\u0119 w liche\u0144skim sanktuarium, by podj\u0105\u0107 synodaln\u0105 refleksj\u0119 nad sytuacj\u0105 polskich parafii i wytyczy\u0107 kierunki ich odnowy. Okazj\u0105 do dyskusji i wsp\u00f3lnego poszukiwania rozwi\u0105za\u0144 jest II Kongres Teologii Praktycznej Parafia Jutra, kt\u00f3rego has\u0142o to: \u201eRazem odnawiajmy nasze parafie\u201d. Wydarzenie zgromadzi\u0142o ponad 150 os\u00f3b, przedstawicieli r\u00f3\u017cnych o\u015brodk\u00f3w naukowych, stowarzysze\u0144, parafii. W kongresie [&hellip;]","og_url":"https:\/\/www.lichen.pl\/it\/parafia-jutra-2\/","og_site_name":"SANKTUARIUM W LICHENIU","article_published_time":"2023-09-19T15:55:55+00:00","article_modified_time":"2023-09-21T18:15:58+00:00","og_image":[{"width":1024,"height":683,"url":"https:\/\/www.lichen.pl\/wp-content\/uploads\/2023\/09\/IMG_4709-1024x683.jpg","type":"image\/jpeg"}],"author":"Justyna Zacharek","twitter_card":"summary_large_image","twitter_misc":{"Scritto da":"Justyna Zacharek","Tempo di lettura stimato":"14 minuti"},"schema":{"@context":"https:\/\/schema.org","@graph":[{"@type":"Article","@id":"https:\/\/www.lichen.pl\/parafia-jutra-2\/#article","isPartOf":{"@id":"https:\/\/www.lichen.pl\/parafia-jutra-2\/"},"author":{"name":"Justyna Zacharek","@id":"https:\/\/www.lichen.pl\/fr\/#\/schema\/person\/9f57a1408d363022abd305da0323b703"},"headline":"Szukaj\u0105 dr\u00f3g odnowy polskiej parafii","datePublished":"2023-09-19T15:55:55+00:00","dateModified":"2023-09-21T18:15:58+00:00","mainEntityOfPage":{"@id":"https:\/\/www.lichen.pl\/parafia-jutra-2\/"},"wordCount":1195,"image":{"@id":"https:\/\/www.lichen.pl\/parafia-jutra-2\/#primaryimage"},"thumbnailUrl":"https:\/\/www.lichen.pl\/wp-content\/uploads\/2023\/09\/IMG_4709.jpg","articleSection":["Aktualno\u015bci"],"inLanguage":"it-IT"},{"@type":"WebPage","@id":"https:\/\/www.lichen.pl\/parafia-jutra-2\/","url":"https:\/\/www.lichen.pl\/parafia-jutra-2\/","name":"Szukaj\u0105 dr\u00f3g odnowy polskiej parafii - SANKTUARIUM W LICHENIU","isPartOf":{"@id":"https:\/\/www.lichen.pl\/fr\/#website"},"primaryImageOfPage":{"@id":"https:\/\/www.lichen.pl\/parafia-jutra-2\/#primaryimage"},"image":{"@id":"https:\/\/www.lichen.pl\/parafia-jutra-2\/#primaryimage"},"thumbnailUrl":"https:\/\/www.lichen.pl\/wp-content\/uploads\/2023\/09\/IMG_4709.jpg","datePublished":"2023-09-19T15:55:55+00:00","dateModified":"2023-09-21T18:15:58+00:00","author":{"@id":"https:\/\/www.lichen.pl\/fr\/#\/schema\/person\/9f57a1408d363022abd305da0323b703"},"breadcrumb":{"@id":"https:\/\/www.lichen.pl\/parafia-jutra-2\/#breadcrumb"},"inLanguage":"it-IT","potentialAction":[{"@type":"ReadAction","target":["https:\/\/www.lichen.pl\/parafia-jutra-2\/"]}]},{"@type":"ImageObject","inLanguage":"it-IT","@id":"https:\/\/www.lichen.pl\/parafia-jutra-2\/#primaryimage","url":"https:\/\/www.lichen.pl\/wp-content\/uploads\/2023\/09\/IMG_4709.jpg","contentUrl":"https:\/\/www.lichen.pl\/wp-content\/uploads\/2023\/09\/IMG_4709.jpg","width":1920,"height":1280},{"@type":"BreadcrumbList","@id":"https:\/\/www.lichen.pl\/parafia-jutra-2\/#breadcrumb","itemListElement":[{"@type":"ListItem","position":1,"name":"Strona g\u0142\u00f3wna","item":"https:\/\/www.lichen.pl\/"},{"@type":"ListItem","position":2,"name":"Szukaj\u0105 dr\u00f3g odnowy polskiej parafii"}]},{"@type":"WebSite","@id":"https:\/\/www.lichen.pl\/fr\/#website","url":"https:\/\/www.lichen.pl\/fr\/","name":"SANTUARIO IN LICHENIA","description":"LA REGINA ADOLORATA DEL NOSTRO LICHENE DI POLONIA","potentialAction":[{"@type":"SearchAction","target":{"@type":"EntryPoint","urlTemplate":"https:\/\/www.lichen.pl\/fr\/?s={search_term_string}"},"query-input":{"@type":"PropertyValueSpecification","valueRequired":true,"valueName":"search_term_string"}}],"inLanguage":"it-IT"},{"@type":"Person","@id":"https:\/\/www.lichen.pl\/fr\/#\/schema\/person\/9f57a1408d363022abd305da0323b703","name":"Justyna Zacharek","image":{"@type":"ImageObject","inLanguage":"it-IT","@id":"https:\/\/secure.gravatar.com\/avatar\/7be193626a4fb4d6a7d53a7686c3bbf938efff653c427e0182457b838e9d2c3b?s=96&d=retro&r=g","url":"https:\/\/secure.gravatar.com\/avatar\/7be193626a4fb4d6a7d53a7686c3bbf938efff653c427e0182457b838e9d2c3b?s=96&d=retro&r=g","contentUrl":"https:\/\/secure.gravatar.com\/avatar\/7be193626a4fb4d6a7d53a7686c3bbf938efff653c427e0182457b838e9d2c3b?s=96&d=retro&r=g","caption":"Justyna Zacharek"},"url":"https:\/\/www.lichen.pl\/it\/author\/justyna\/"}]}},"_links":{"self":[{"href":"https:\/\/www.lichen.pl\/it\/wp-json\/wp\/v2\/posts\/58544","targetHints":{"allow":["GET"]}}],"collection":[{"href":"https:\/\/www.lichen.pl\/it\/wp-json\/wp\/v2\/posts"}],"about":[{"href":"https:\/\/www.lichen.pl\/it\/wp-json\/wp\/v2\/types\/post"}],"author":[{"embeddable":true,"href":"https:\/\/www.lichen.pl\/it\/wp-json\/wp\/v2\/users\/5"}],"replies":[{"embeddable":true,"href":"https:\/\/www.lichen.pl\/it\/wp-json\/wp\/v2\/comments?post=58544"}],"version-history":[{"count":10,"href":"https:\/\/www.lichen.pl\/it\/wp-json\/wp\/v2\/posts\/58544\/revisions"}],"predecessor-version":[{"id":58705,"href":"https:\/\/www.lichen.pl\/it\/wp-json\/wp\/v2\/posts\/58544\/revisions\/58705"}],"wp:featuredmedia":[{"embeddable":true,"href":"https:\/\/www.lichen.pl\/it\/wp-json\/wp\/v2\/media\/58543"}],"wp:attachment":[{"href":"https:\/\/www.lichen.pl\/it\/wp-json\/wp\/v2\/media?parent=58544"}],"wp:term":[{"taxonomy":"category","embeddable":true,"href":"https:\/\/www.lichen.pl\/it\/wp-json\/wp\/v2\/categories?post=58544"},{"taxonomy":"post_tag","embeddable":true,"href":"https:\/\/www.lichen.pl\/it\/wp-json\/wp\/v2\/tags?post=58544"}],"curies":[{"name":"wp","href":"https:\/\/api.w.org\/{rel}","templated":true}]}}