{"id":58591,"date":"2023-09-17T12:43:03","date_gmt":"2023-09-17T10:43:03","guid":{"rendered":"https:\/\/www.lichen.pl\/?p=58591"},"modified":"2023-09-20T19:17:55","modified_gmt":"2023-09-20T17:17:55","slug":"rodziny-marianow","status":"publish","type":"post","link":"https:\/\/www.lichen.pl\/it\/rodziny-marianow\/","title":{"rendered":"Spotkanie rodzin i przyjaci\u00f3\u0142 ksi\u0119\u017cy marian\u00f3w"},"content":{"rendered":"<div data-elementor-type=\"wp-post\" data-elementor-id=\"58591\" class=\"elementor elementor-58591\" data-elementor-post-type=\"post\">\n\t\t\t\t\t\t<section class=\"elementor-section elementor-top-section elementor-element elementor-element-fb04383 elementor-section-boxed elementor-section-height-default elementor-section-height-default\" data-id=\"fb04383\" data-element_type=\"section\" data-e-type=\"section\">\n\t\t\t\t\t\t<div class=\"elementor-container elementor-column-gap-default\">\n\t\t\t\t\t<div class=\"elementor-column elementor-col-100 elementor-top-column elementor-element elementor-element-391087e\" data-id=\"391087e\" data-element_type=\"column\" data-e-type=\"column\">\n\t\t\t<div class=\"elementor-widget-wrap elementor-element-populated\">\n\t\t\t\t\t\t<div class=\"elementor-element elementor-element-fabaebe elementor-widget elementor-widget-heading\" data-id=\"fabaebe\" data-element_type=\"widget\" data-e-type=\"widget\" data-widget_type=\"heading.default\">\n\t\t\t\t<div class=\"elementor-widget-container\">\n\t\t\t\t\t<h2 class=\"elementor-heading-title elementor-size-default\">Rodziny oraz przyjaciele ksi\u0119\u017cy i braci marian\u00f3w w miniony weekend (15-17 wrze\u015bnia) spotkali si\u0119 podczas dorocznego zjazdu w Sanktuarium Matki Bo\u017cej Liche\u0144skiej. Wydarzenie, w kt\u00f3rym wzi\u0119li udzia\u0142 bliscy dwudziestu czterech marian\u00f3w, \u0142\u0105cznie ponad 140 os\u00f3b, by\u0142o okazj\u0105 do wymiany do\u015bwiadcze\u0144, wsp\u00f3lnej modlitwy, ale tak\u017ce odpoczynku, zwiedzania sanktuarium i poznawania maria\u0144skiego zgromadzenia. Wyra\u017cano wdzi\u0119czno\u015b\u0107 za powo\u0142ania, kt\u00f3re B\u00f3g wzbudzi\u0142 w rodzinach i w\u015br\u00f3d przyjaci\u00f3\u0142 uczestnik\u00f3w, ale tak\u017ce modlono si\u0119 o nowe powo\u0142ania.<\/h2>\t\t\t\t<\/div>\n\t\t\t\t<\/div>\n\t\t\t\t\t<\/div>\n\t\t<\/div>\n\t\t\t\t\t<\/div>\n\t\t<\/section>\n\t\t\t\t<section class=\"elementor-section elementor-top-section elementor-element elementor-element-046a213 elementor-section-boxed elementor-section-height-default elementor-section-height-default\" data-id=\"046a213\" data-element_type=\"section\" data-e-type=\"section\">\n\t\t\t\t\t\t<div class=\"elementor-container elementor-column-gap-default\">\n\t\t\t\t\t<div class=\"elementor-column elementor-col-100 elementor-top-column elementor-element elementor-element-8cdf7ae\" data-id=\"8cdf7ae\" data-element_type=\"column\" data-e-type=\"column\">\n\t\t\t<div class=\"elementor-widget-wrap elementor-element-populated\">\n\t\t\t\t\t\t<div class=\"elementor-element elementor-element-93486a6 elementor-widget elementor-widget-text-editor\" data-id=\"93486a6\" data-element_type=\"widget\" data-e-type=\"widget\" data-widget_type=\"text-editor.default\">\n\t\t\t\t<div class=\"elementor-widget-container\">\n\t\t\t\t\t\t\t\t\t<p>Zjazd rozpocz\u0119\u0142a pi\u0105tkowa Msza \u015awi\u0119ta w bazylice, kt\u00f3rej przewodniczy\u0142 ks. S\u0142awomir Homoncik MIC, kustosz sanktuarium. Zakonnik dzi\u0119kowa\u0142 uczestnikom zjazdu za towarzyszenie w powo\u0142aniu cz\u0142onkom zgromadzenia. Podkre\u015bla\u0142, \u017ce modlitwa najbli\u017cszych, rodziny i przyjaci\u00f3\u0142 jest dla nich wa\u017cnym wsparciem.<\/p><p>\u2013 To wyraz wdzi\u0119czno\u015bci marian\u00f3w dla naszych rodzin. Mo\u017cemy podzi\u0119kowa\u0107 naszym bliskim za wszelkie wsparcie, kt\u00f3rego nam udzielili. Cz\u0119sto, przy r\u00f3\u017cnych okazjach, s\u0142yszymy od naszych bliskich, \u017ce si\u0119 za nas modl\u0105. Zamawiaj\u0105 Msze \u015awi\u0119te w naszej intencji, organizuj\u0105 wsparcie w ramach Apostolatu Margaretka \u2013 wyja\u015bnia\u0142 ks. Tomasz Sekulski MIC, wikariusz polskiej prowincji Zgromadzenia Ksi\u0119\u017cy Marian\u00f3w, kt\u00f3ry z uczestnikami modli\u0142 si\u0119 podczas po\u0142udniowej Mszy w sobot\u0119. \u2013 S\u0105 tu te\u017c bliscy naszych wsp\u00f3\u0142braci, kt\u00f3rzy ju\u017c zmarli. To bardzo wa\u017cne, \u017ce nadal czuj\u0105 nasze wsparcie, mog\u0105 na nas liczy\u0107. Czujemy si\u0119 kapelanami naszych bliskich, cz\u0119sto prosz\u0105 nas o Msze \u015awi\u0119te, b\u0142ogos\u0142awienie \u015blub\u00f3w, prowadzenie pogrzeb\u00f3w. B\u0119d\u0105c bra\u0107mi czy ksi\u0119\u017cmi odkrywamy, \u017ce nasza rodzina jest nam niejako powierzona do apostolstwa. Mamy im pos\u0142ugiwa\u0107, troszczy\u0107 si\u0119, gdy prze\u017cywaj\u0105 trudno\u015bci.<\/p>\t\t\t\t\t\t\t\t<\/div>\n\t\t\t\t<\/div>\n\t\t\t\t<div class=\"elementor-element elementor-element-04ad318 elementor-widget elementor-widget-image\" data-id=\"04ad318\" data-element_type=\"widget\" data-e-type=\"widget\" data-widget_type=\"image.default\">\n\t\t\t\t<div class=\"elementor-widget-container\">\n\t\t\t\t\t\t\t\t\t\t\t\t\t\t\t<img fetchpriority=\"high\" decoding=\"async\" width=\"1024\" height=\"683\" src=\"https:\/\/www.lichen.pl\/wp-content\/uploads\/2023\/09\/IMG_4370-1024x683.jpg\" class=\"attachment-large size-large wp-image-58592\" alt=\"\" srcset=\"https:\/\/www.lichen.pl\/wp-content\/uploads\/2023\/09\/IMG_4370-1024x683.jpg 1024w, https:\/\/www.lichen.pl\/wp-content\/uploads\/2023\/09\/IMG_4370-800x533.jpg 800w, https:\/\/www.lichen.pl\/wp-content\/uploads\/2023\/09\/IMG_4370-300x200.jpg 300w, https:\/\/www.lichen.pl\/wp-content\/uploads\/2023\/09\/IMG_4370-768x512.jpg 768w, https:\/\/www.lichen.pl\/wp-content\/uploads\/2023\/09\/IMG_4370-1536x1024.jpg 1536w, https:\/\/www.lichen.pl\/wp-content\/uploads\/2023\/09\/IMG_4370-2048x1365.jpg 2048w, https:\/\/www.lichen.pl\/wp-content\/uploads\/2023\/09\/IMG_4370-18x12.jpg 18w, https:\/\/www.lichen.pl\/wp-content\/uploads\/2023\/09\/IMG_4370.jpg 1920w\" sizes=\"(max-width: 1024px) 100vw, 1024px\" \/>\t\t\t\t\t\t\t\t\t\t\t\t\t\t\t<\/div>\n\t\t\t\t<\/div>\n\t\t\t\t<div class=\"elementor-element elementor-element-556fb71 elementor-widget elementor-widget-text-editor\" data-id=\"556fb71\" data-element_type=\"widget\" data-e-type=\"widget\" data-widget_type=\"text-editor.default\">\n\t\t\t\t<div class=\"elementor-widget-container\">\n\t\t\t\t\t\t\t\t\t<p>Historia spotka\u0144 ma ju\u017c ponad 30 lat. Organizuj\u0105c je w latach 90. ksi\u0119\u017ca zauwa\u017cyli, \u017ce rodziny zacz\u0119\u0142y nawi\u0105zywa\u0107 ze sob\u0105 kontakty i podtrzymywa\u0107 znajomo\u015b\u0107, odbywa\u0107 spotkania. Przyje\u017cd\u017cali nawzajem do swoich krewnych na uroczysto\u015bci pierwszych \u015blub\u00f3w czy \u015bwi\u0119ce\u0144. Zacz\u0119\u0142y nawi\u0105zywa\u0107 si\u0119 przyja\u017anie. Zakonnicy chcieli wi\u0119c da\u0107 okazj\u0119, by poszerzy\u0107 to grono. Najpierw stworzono spotkania regionalne, a nast\u0119pnie og\u00f3lnopolskie, kt\u00f3re odbywaj\u0105 si\u0119 w Licheniu, a na kt\u00f3rych bywa\u0142o nawet 200 os\u00f3b.<\/p><p>Ma\u0142gorzata i Jan, rodzina ks. Ignacego pos\u0142uguj\u0105cego w Warszawie, wzi\u0119li udzia\u0142 w zje\u017adzie 15. raz. \u2013 Pierwszy raz do liche\u0144skiego sanktuarium przyjechali\u015bmy z m\u0119\u017cem sami, tu\u017c po \u015blubie, w kwietniu 2006 roku. Staramy si\u0119 przyje\u017cd\u017ca\u0107 co roku, by modli\u0107 si\u0119, wyprasza\u0107 \u0142aski, ale te\u017c dzi\u0119kowa\u0107 za to, co otrzymali\u015bmy. Ka\u017cde z czw\u00f3rki naszych dzieci zosta\u0142o wymodlone w Licheniu. Czekamy co roku z ut\u0119sknieniem na ten wyjazd, na spotkanie z lud\u017ami, kt\u00f3rych tu poznali\u015bmy. Wracamy do \u201eDomu Matki\u201d, jak powiedzia\u0142 ksi\u0105dz kustosz \u2013 opowiadali.<\/p><p>Na kolejne spotkania z niecierpliwo\u015bci\u0105 tak\u017ce czekaj\u0105 pa\u0144stwo Marlena i Maciej. \u2013 Kontynuujemy tradycj\u0119 przyje\u017cd\u017cania po moich rodzicach, kt\u00f3rzy ju\u017c zmarli. M\u00f3j brat Piotr jest 25 lat ksi\u0119dzem, a my od 10 lat bierzemy udzia\u0142 w zjazdach. Poznali\u015bmy tutaj wielu znajomych. Mo\u017cemy te\u017c obserwowa\u0107, jak czas szybko biegnie, ksi\u0119\u017ca zmieniaj\u0105 swoje funkcje w zgromadzeniu \u2013 opowiada m\u0119\u017cczyzna.<\/p>\t\t\t\t\t\t\t\t<\/div>\n\t\t\t\t<\/div>\n\t\t\t\t<section class=\"elementor-section elementor-inner-section elementor-element elementor-element-c46cb56 elementor-section-boxed elementor-section-height-default elementor-section-height-default\" data-id=\"c46cb56\" data-element_type=\"section\" data-e-type=\"section\">\n\t\t\t\t\t\t<div class=\"elementor-container elementor-column-gap-default\">\n\t\t\t\t\t<div class=\"elementor-column elementor-col-50 elementor-inner-column elementor-element elementor-element-80cd2fc\" data-id=\"80cd2fc\" data-element_type=\"column\" data-e-type=\"column\">\n\t\t\t<div class=\"elementor-widget-wrap elementor-element-populated\">\n\t\t\t\t\t\t<div class=\"elementor-element elementor-element-bf148cd elementor-widget elementor-widget-image\" data-id=\"bf148cd\" data-element_type=\"widget\" data-e-type=\"widget\" data-widget_type=\"image.default\">\n\t\t\t\t<div class=\"elementor-widget-container\">\n\t\t\t\t\t\t\t\t\t\t\t\t\t\t\t<img decoding=\"async\" width=\"1024\" height=\"683\" src=\"https:\/\/www.lichen.pl\/wp-content\/uploads\/2023\/09\/IMG_4273-1024x683.jpg\" class=\"attachment-large size-large wp-image-58595\" alt=\"\" srcset=\"https:\/\/www.lichen.pl\/wp-content\/uploads\/2023\/09\/IMG_4273-1024x683.jpg 1024w, https:\/\/www.lichen.pl\/wp-content\/uploads\/2023\/09\/IMG_4273-800x533.jpg 800w, https:\/\/www.lichen.pl\/wp-content\/uploads\/2023\/09\/IMG_4273-300x200.jpg 300w, https:\/\/www.lichen.pl\/wp-content\/uploads\/2023\/09\/IMG_4273-768x512.jpg 768w, https:\/\/www.lichen.pl\/wp-content\/uploads\/2023\/09\/IMG_4273-1536x1024.jpg 1536w, https:\/\/www.lichen.pl\/wp-content\/uploads\/2023\/09\/IMG_4273-2048x1365.jpg 2048w, https:\/\/www.lichen.pl\/wp-content\/uploads\/2023\/09\/IMG_4273-18x12.jpg 18w, https:\/\/www.lichen.pl\/wp-content\/uploads\/2023\/09\/IMG_4273.jpg 1920w\" sizes=\"(max-width: 1024px) 100vw, 1024px\" \/>\t\t\t\t\t\t\t\t\t\t\t\t\t\t\t<\/div>\n\t\t\t\t<\/div>\n\t\t\t\t\t<\/div>\n\t\t<\/div>\n\t\t\t\t<div class=\"elementor-column elementor-col-50 elementor-inner-column elementor-element elementor-element-a84b742\" data-id=\"a84b742\" data-element_type=\"column\" data-e-type=\"column\">\n\t\t\t<div class=\"elementor-widget-wrap elementor-element-populated\">\n\t\t\t\t\t\t<div class=\"elementor-element elementor-element-3e749d6 elementor-widget elementor-widget-text-editor\" data-id=\"3e749d6\" data-element_type=\"widget\" data-e-type=\"widget\" data-widget_type=\"text-editor.default\">\n\t\t\t\t<div class=\"elementor-widget-container\">\n\t\t\t\t\t\t\t\t\t<p>W trakcie spotkania uczestnicy mieli okazj\u0119 pozna\u0107 lepiej Zgromadzenie Ksi\u0119\u017cy Marian\u00f3w i ich dzie\u0142a. Brat \u0141ukasz Latawiec opowiedzia\u0142 o swoim do\u015bwiadczeniu misji w afryka\u0144skiej Rwandzie.\u00a0 \u2013 To ca\u0142kiem inne \u017cycie, inne trudno\u015bci ni\u017c te, kt\u00f3rych do\u015bwiadczamy w Polsce \u2013 opowiada\u0142a z poruszeniem po zako\u0144czonym spotkaniu pani Ma\u0142gorzata. Bliscy ksi\u0119\u017cy marian\u00f3w w sobot\u0119 spotkali si\u0119 tak\u017ce z kustoszem sanktuarium, ks. S\u0142awomirem Homoncikiem. Wieczorem czeka\u0142a na nich niespodzianka \u00a0\u2013koncert Barbary Kaczor, wieloletniej organistki bazyliki liche\u0144skiej. Na pami\u0105tk\u0119 tegorocznego spotkania rodziny otrzyma\u0142y ikon\u0119 Matki Bo\u017cej Liche\u0144skiej.<\/p>\t\t\t\t\t\t\t\t<\/div>\n\t\t\t\t<\/div>\n\t\t\t\t\t<\/div>\n\t\t<\/div>\n\t\t\t\t\t<\/div>\n\t\t<\/section>\n\t\t\t\t\t<\/div>\n\t\t<\/div>\n\t\t\t\t\t<\/div>\n\t\t<\/section>\n\t\t\t\t<section class=\"elementor-section elementor-top-section elementor-element elementor-element-87ac589 elementor-section-boxed elementor-section-height-default elementor-section-height-default\" data-id=\"87ac589\" data-element_type=\"section\" data-e-type=\"section\">\n\t\t\t\t\t\t<div class=\"elementor-container elementor-column-gap-default\">\n\t\t\t\t\t<div class=\"elementor-column elementor-col-100 elementor-top-column elementor-element elementor-element-428f49f\" data-id=\"428f49f\" data-element_type=\"column\" data-e-type=\"column\">\n\t\t\t<div class=\"elementor-widget-wrap elementor-element-populated\">\n\t\t\t\t\t\t<div class=\"elementor-element elementor-element-4c4079c elementor-widget elementor-widget-image-gallery\" data-id=\"4c4079c\" data-element_type=\"widget\" data-e-type=\"widget\" data-widget_type=\"image-gallery.default\">\n\t\t\t\t<div class=\"elementor-widget-container\">\n\t\t\t\t\t\t\t<div class=\"elementor-image-gallery\">\n\t\t\t<div id='gallery-1' class='gallery galleryid-58591 gallery-columns-5 gallery-size-thumbnail'><figure class='gallery-item'>\n\t\t\t<div class='gallery-icon landscape'>\n\t\t\t\t<a data-elementor-open-lightbox=\"yes\" data-elementor-lightbox-slideshow=\"4c4079c\" data-elementor-lightbox-title=\"Zjazd Rodzin i Przyjaci\u00f3\u0142 Ksi\u0119\u017cy Marian\u00f3w (23)\" data-e-action-hash=\"#elementor-action%3Aaction%3Dlightbox%26settings%3DeyJpZCI6NTg2MjQsInVybCI6Imh0dHBzOlwvXC93d3cubGljaGVuLnBsXC93cC1jb250ZW50XC91cGxvYWRzXC8yMDIzXC8wOVwvWmphemQtUm9kemluLWktUHJ6eWphY2lvbC1Lc2llenktTWFyaWFub3ctMjMuanBnIiwic2xpZGVzaG93IjoiNGM0MDc5YyJ9\" href='https:\/\/www.lichen.pl\/wp-content\/uploads\/2023\/09\/Zjazd-Rodzin-i-Przyjaciol-Ksiezy-Marianow-23.jpg'><img width=\"150\" height=\"150\" src=\"https:\/\/www.lichen.pl\/wp-content\/uploads\/2023\/09\/Zjazd-Rodzin-i-Przyjaciol-Ksiezy-Marianow-23-150x150.jpg\" class=\"attachment-thumbnail size-thumbnail\" alt=\"\" decoding=\"async\" srcset=\"https:\/\/www.lichen.pl\/wp-content\/uploads\/2023\/09\/Zjazd-Rodzin-i-Przyjaciol-Ksiezy-Marianow-23-150x150.jpg 150w, https:\/\/www.lichen.pl\/wp-content\/uploads\/2023\/09\/Zjazd-Rodzin-i-Przyjaciol-Ksiezy-Marianow-23-300x300.jpg 300w\" sizes=\"(max-width: 150px) 100vw, 150px\" \/><\/a>\n\t\t\t<\/div><\/figure><figure class='gallery-item'>\n\t\t\t<div class='gallery-icon landscape'>\n\t\t\t\t<a data-elementor-open-lightbox=\"yes\" data-elementor-lightbox-slideshow=\"4c4079c\" data-elementor-lightbox-title=\"Zjazd Rodzin i Przyjaci\u00f3\u0142 Ksi\u0119\u017cy Marian\u00f3w (22)\" data-e-action-hash=\"#elementor-action%3Aaction%3Dlightbox%26settings%3DeyJpZCI6NTg2MjMsInVybCI6Imh0dHBzOlwvXC93d3cubGljaGVuLnBsXC93cC1jb250ZW50XC91cGxvYWRzXC8yMDIzXC8wOVwvWmphemQtUm9kemluLWktUHJ6eWphY2lvbC1Lc2llenktTWFyaWFub3ctMjIuanBnIiwic2xpZGVzaG93IjoiNGM0MDc5YyJ9\" href='https:\/\/www.lichen.pl\/wp-content\/uploads\/2023\/09\/Zjazd-Rodzin-i-Przyjaciol-Ksiezy-Marianow-22.jpg'><img loading=\"lazy\" width=\"150\" height=\"150\" src=\"https:\/\/www.lichen.pl\/wp-content\/uploads\/2023\/09\/Zjazd-Rodzin-i-Przyjaciol-Ksiezy-Marianow-22-150x150.jpg\" class=\"attachment-thumbnail size-thumbnail\" alt=\"\" decoding=\"async\" srcset=\"https:\/\/www.lichen.pl\/wp-content\/uploads\/2023\/09\/Zjazd-Rodzin-i-Przyjaciol-Ksiezy-Marianow-22-150x150.jpg 150w, https:\/\/www.lichen.pl\/wp-content\/uploads\/2023\/09\/Zjazd-Rodzin-i-Przyjaciol-Ksiezy-Marianow-22-300x300.jpg 300w\" sizes=\"(max-width: 150px) 100vw, 150px\" \/><\/a>\n\t\t\t<\/div><\/figure><figure class='gallery-item'>\n\t\t\t<div class='gallery-icon landscape'>\n\t\t\t\t<a data-elementor-open-lightbox=\"yes\" data-elementor-lightbox-slideshow=\"4c4079c\" data-elementor-lightbox-title=\"Zjazd Rodzin i Przyjaci\u00f3\u0142 Ksi\u0119\u017cy Marian\u00f3w (21)\" data-e-action-hash=\"#elementor-action%3Aaction%3Dlightbox%26settings%3DeyJpZCI6NTg2MjIsInVybCI6Imh0dHBzOlwvXC93d3cubGljaGVuLnBsXC93cC1jb250ZW50XC91cGxvYWRzXC8yMDIzXC8wOVwvWmphemQtUm9kemluLWktUHJ6eWphY2lvbC1Lc2llenktTWFyaWFub3ctMjEuanBnIiwic2xpZGVzaG93IjoiNGM0MDc5YyJ9\" href='https:\/\/www.lichen.pl\/wp-content\/uploads\/2023\/09\/Zjazd-Rodzin-i-Przyjaciol-Ksiezy-Marianow-21.jpg'><img loading=\"lazy\" width=\"150\" height=\"150\" src=\"https:\/\/www.lichen.pl\/wp-content\/uploads\/2023\/09\/Zjazd-Rodzin-i-Przyjaciol-Ksiezy-Marianow-21-150x150.jpg\" class=\"attachment-thumbnail size-thumbnail\" alt=\"\" decoding=\"async\" srcset=\"https:\/\/www.lichen.pl\/wp-content\/uploads\/2023\/09\/Zjazd-Rodzin-i-Przyjaciol-Ksiezy-Marianow-21-150x150.jpg 150w, https:\/\/www.lichen.pl\/wp-content\/uploads\/2023\/09\/Zjazd-Rodzin-i-Przyjaciol-Ksiezy-Marianow-21-300x300.jpg 300w\" sizes=\"(max-width: 150px) 100vw, 150px\" \/><\/a>\n\t\t\t<\/div><\/figure><figure class='gallery-item'>\n\t\t\t<div class='gallery-icon landscape'>\n\t\t\t\t<a data-elementor-open-lightbox=\"yes\" data-elementor-lightbox-slideshow=\"4c4079c\" data-elementor-lightbox-title=\"Zjazd Rodzin i Przyjaci\u00f3\u0142 Ksi\u0119\u017cy Marian\u00f3w (20)\" data-e-action-hash=\"#elementor-action%3Aaction%3Dlightbox%26settings%3DeyJpZCI6NTg2MjEsInVybCI6Imh0dHBzOlwvXC93d3cubGljaGVuLnBsXC93cC1jb250ZW50XC91cGxvYWRzXC8yMDIzXC8wOVwvWmphemQtUm9kemluLWktUHJ6eWphY2lvbC1Lc2llenktTWFyaWFub3ctMjAuanBnIiwic2xpZGVzaG93IjoiNGM0MDc5YyJ9\" href='https:\/\/www.lichen.pl\/wp-content\/uploads\/2023\/09\/Zjazd-Rodzin-i-Przyjaciol-Ksiezy-Marianow-20.jpg'><img loading=\"lazy\" width=\"150\" height=\"150\" src=\"https:\/\/www.lichen.pl\/wp-content\/uploads\/2023\/09\/Zjazd-Rodzin-i-Przyjaciol-Ksiezy-Marianow-20-150x150.jpg\" class=\"attachment-thumbnail size-thumbnail\" alt=\"\" decoding=\"async\" srcset=\"https:\/\/www.lichen.pl\/wp-content\/uploads\/2023\/09\/Zjazd-Rodzin-i-Przyjaciol-Ksiezy-Marianow-20-150x150.jpg 150w, https:\/\/www.lichen.pl\/wp-content\/uploads\/2023\/09\/Zjazd-Rodzin-i-Przyjaciol-Ksiezy-Marianow-20-300x300.jpg 300w\" sizes=\"(max-width: 150px) 100vw, 150px\" \/><\/a>\n\t\t\t<\/div><\/figure><figure class='gallery-item'>\n\t\t\t<div class='gallery-icon landscape'>\n\t\t\t\t<a data-elementor-open-lightbox=\"yes\" data-elementor-lightbox-slideshow=\"4c4079c\" data-elementor-lightbox-title=\"Zjazd Rodzin i Przyjaci\u00f3\u0142 Ksi\u0119\u017cy Marian\u00f3w (24)\" data-e-action-hash=\"#elementor-action%3Aaction%3Dlightbox%26settings%3DeyJpZCI6NTg2MjUsInVybCI6Imh0dHBzOlwvXC93d3cubGljaGVuLnBsXC93cC1jb250ZW50XC91cGxvYWRzXC8yMDIzXC8wOVwvWmphemQtUm9kemluLWktUHJ6eWphY2lvbC1Lc2llenktTWFyaWFub3ctMjQuanBnIiwic2xpZGVzaG93IjoiNGM0MDc5YyJ9\" href='https:\/\/www.lichen.pl\/wp-content\/uploads\/2023\/09\/Zjazd-Rodzin-i-Przyjaciol-Ksiezy-Marianow-24.jpg'><img loading=\"lazy\" width=\"150\" height=\"150\" src=\"https:\/\/www.lichen.pl\/wp-content\/uploads\/2023\/09\/Zjazd-Rodzin-i-Przyjaciol-Ksiezy-Marianow-24-150x150.jpg\" class=\"attachment-thumbnail size-thumbnail\" alt=\"\" decoding=\"async\" srcset=\"https:\/\/www.lichen.pl\/wp-content\/uploads\/2023\/09\/Zjazd-Rodzin-i-Przyjaciol-Ksiezy-Marianow-24-150x150.jpg 150w, https:\/\/www.lichen.pl\/wp-content\/uploads\/2023\/09\/Zjazd-Rodzin-i-Przyjaciol-Ksiezy-Marianow-24-300x300.jpg 300w\" sizes=\"(max-width: 150px) 100vw, 150px\" \/><\/a>\n\t\t\t<\/div><\/figure><figure class='gallery-item'>\n\t\t\t<div class='gallery-icon landscape'>\n\t\t\t\t<a data-elementor-open-lightbox=\"yes\" data-elementor-lightbox-slideshow=\"4c4079c\" data-elementor-lightbox-title=\"Zjazd Rodzin i Przyjaci\u00f3\u0142 Ksi\u0119\u017cy Marian\u00f3w (25)\" data-e-action-hash=\"#elementor-action%3Aaction%3Dlightbox%26settings%3DeyJpZCI6NTg2MjYsInVybCI6Imh0dHBzOlwvXC93d3cubGljaGVuLnBsXC93cC1jb250ZW50XC91cGxvYWRzXC8yMDIzXC8wOVwvWmphemQtUm9kemluLWktUHJ6eWphY2lvbC1Lc2llenktTWFyaWFub3ctMjUuanBnIiwic2xpZGVzaG93IjoiNGM0MDc5YyJ9\" href='https:\/\/www.lichen.pl\/wp-content\/uploads\/2023\/09\/Zjazd-Rodzin-i-Przyjaciol-Ksiezy-Marianow-25.jpg'><img loading=\"lazy\" width=\"150\" height=\"150\" src=\"https:\/\/www.lichen.pl\/wp-content\/uploads\/2023\/09\/Zjazd-Rodzin-i-Przyjaciol-Ksiezy-Marianow-25-150x150.jpg\" class=\"attachment-thumbnail size-thumbnail\" alt=\"\" decoding=\"async\" srcset=\"https:\/\/www.lichen.pl\/wp-content\/uploads\/2023\/09\/Zjazd-Rodzin-i-Przyjaciol-Ksiezy-Marianow-25-150x150.jpg 150w, https:\/\/www.lichen.pl\/wp-content\/uploads\/2023\/09\/Zjazd-Rodzin-i-Przyjaciol-Ksiezy-Marianow-25-300x300.jpg 300w\" sizes=\"(max-width: 150px) 100vw, 150px\" \/><\/a>\n\t\t\t<\/div><\/figure><figure class='gallery-item'>\n\t\t\t<div class='gallery-icon portrait'>\n\t\t\t\t<a data-elementor-open-lightbox=\"yes\" data-elementor-lightbox-slideshow=\"4c4079c\" data-elementor-lightbox-title=\"Zjazd Rodzin i Przyjaci\u00f3\u0142 Ksi\u0119\u017cy Marian\u00f3w (26)\" data-e-action-hash=\"#elementor-action%3Aaction%3Dlightbox%26settings%3DeyJpZCI6NTg2MjcsInVybCI6Imh0dHBzOlwvXC93d3cubGljaGVuLnBsXC93cC1jb250ZW50XC91cGxvYWRzXC8yMDIzXC8wOVwvWmphemQtUm9kemluLWktUHJ6eWphY2lvbC1Lc2llenktTWFyaWFub3ctMjYuanBnIiwic2xpZGVzaG93IjoiNGM0MDc5YyJ9\" href='https:\/\/www.lichen.pl\/wp-content\/uploads\/2023\/09\/Zjazd-Rodzin-i-Przyjaciol-Ksiezy-Marianow-26.jpg'><img loading=\"lazy\" width=\"150\" height=\"150\" src=\"https:\/\/www.lichen.pl\/wp-content\/uploads\/2023\/09\/Zjazd-Rodzin-i-Przyjaciol-Ksiezy-Marianow-26-150x150.jpg\" class=\"attachment-thumbnail size-thumbnail\" alt=\"\" decoding=\"async\" srcset=\"https:\/\/www.lichen.pl\/wp-content\/uploads\/2023\/09\/Zjazd-Rodzin-i-Przyjaciol-Ksiezy-Marianow-26-150x150.jpg 150w, https:\/\/www.lichen.pl\/wp-content\/uploads\/2023\/09\/Zjazd-Rodzin-i-Przyjaciol-Ksiezy-Marianow-26-300x300.jpg 300w\" sizes=\"(max-width: 150px) 100vw, 150px\" \/><\/a>\n\t\t\t<\/div><\/figure><figure class='gallery-item'>\n\t\t\t<div class='gallery-icon portrait'>\n\t\t\t\t<a data-elementor-open-lightbox=\"yes\" data-elementor-lightbox-slideshow=\"4c4079c\" data-elementor-lightbox-title=\"Zjazd Rodzin i Przyjaci\u00f3\u0142 Ksi\u0119\u017cy Marian\u00f3w (27)\" data-e-action-hash=\"#elementor-action%3Aaction%3Dlightbox%26settings%3DeyJpZCI6NTg2MjgsInVybCI6Imh0dHBzOlwvXC93d3cubGljaGVuLnBsXC93cC1jb250ZW50XC91cGxvYWRzXC8yMDIzXC8wOVwvWmphemQtUm9kemluLWktUHJ6eWphY2lvbC1Lc2llenktTWFyaWFub3ctMjcuanBnIiwic2xpZGVzaG93IjoiNGM0MDc5YyJ9\" href='https:\/\/www.lichen.pl\/wp-content\/uploads\/2023\/09\/Zjazd-Rodzin-i-Przyjaciol-Ksiezy-Marianow-27.jpg'><img loading=\"lazy\" width=\"150\" height=\"150\" src=\"https:\/\/www.lichen.pl\/wp-content\/uploads\/2023\/09\/Zjazd-Rodzin-i-Przyjaciol-Ksiezy-Marianow-27-150x150.jpg\" class=\"attachment-thumbnail size-thumbnail\" alt=\"\" decoding=\"async\" srcset=\"https:\/\/www.lichen.pl\/wp-content\/uploads\/2023\/09\/Zjazd-Rodzin-i-Przyjaciol-Ksiezy-Marianow-27-150x150.jpg 150w, https:\/\/www.lichen.pl\/wp-content\/uploads\/2023\/09\/Zjazd-Rodzin-i-Przyjaciol-Ksiezy-Marianow-27-300x300.jpg 300w\" sizes=\"(max-width: 150px) 100vw, 150px\" \/><\/a>\n\t\t\t<\/div><\/figure><figure class='gallery-item'>\n\t\t\t<div class='gallery-icon landscape'>\n\t\t\t\t<a data-elementor-open-lightbox=\"yes\" data-elementor-lightbox-slideshow=\"4c4079c\" data-elementor-lightbox-title=\"Zjazd Rodzin i Przyjaci\u00f3\u0142 Ksi\u0119\u017cy Marian\u00f3w (28)\" data-e-action-hash=\"#elementor-action%3Aaction%3Dlightbox%26settings%3DeyJpZCI6NTg2MjksInVybCI6Imh0dHBzOlwvXC93d3cubGljaGVuLnBsXC93cC1jb250ZW50XC91cGxvYWRzXC8yMDIzXC8wOVwvWmphemQtUm9kemluLWktUHJ6eWphY2lvbC1Lc2llenktTWFyaWFub3ctMjguanBnIiwic2xpZGVzaG93IjoiNGM0MDc5YyJ9\" href='https:\/\/www.lichen.pl\/wp-content\/uploads\/2023\/09\/Zjazd-Rodzin-i-Przyjaciol-Ksiezy-Marianow-28.jpg'><img loading=\"lazy\" width=\"150\" height=\"150\" src=\"https:\/\/www.lichen.pl\/wp-content\/uploads\/2023\/09\/Zjazd-Rodzin-i-Przyjaciol-Ksiezy-Marianow-28-150x150.jpg\" class=\"attachment-thumbnail size-thumbnail\" alt=\"\" decoding=\"async\" srcset=\"https:\/\/www.lichen.pl\/wp-content\/uploads\/2023\/09\/Zjazd-Rodzin-i-Przyjaciol-Ksiezy-Marianow-28-150x150.jpg 150w, https:\/\/www.lichen.pl\/wp-content\/uploads\/2023\/09\/Zjazd-Rodzin-i-Przyjaciol-Ksiezy-Marianow-28-300x300.jpg 300w\" sizes=\"(max-width: 150px) 100vw, 150px\" \/><\/a>\n\t\t\t<\/div><\/figure><figure class='gallery-item'>\n\t\t\t<div class='gallery-icon portrait'>\n\t\t\t\t<a data-elementor-open-lightbox=\"yes\" data-elementor-lightbox-slideshow=\"4c4079c\" data-elementor-lightbox-title=\"Zjazd Rodzin i Przyjaci\u00f3\u0142 Ksi\u0119\u017cy Marian\u00f3w (4)\" data-e-action-hash=\"#elementor-action%3Aaction%3Dlightbox%26settings%3DeyJpZCI6NTg2MDUsInVybCI6Imh0dHBzOlwvXC93d3cubGljaGVuLnBsXC93cC1jb250ZW50XC91cGxvYWRzXC8yMDIzXC8wOVwvWmphemQtUm9kemluLWktUHJ6eWphY2lvbC1Lc2llenktTWFyaWFub3ctNC5qcGciLCJzbGlkZXNob3ciOiI0YzQwNzljIn0%3D\" href='https:\/\/www.lichen.pl\/wp-content\/uploads\/2023\/09\/Zjazd-Rodzin-i-Przyjaciol-Ksiezy-Marianow-4.jpg'><img loading=\"lazy\" width=\"150\" height=\"150\" src=\"https:\/\/www.lichen.pl\/wp-content\/uploads\/2023\/09\/Zjazd-Rodzin-i-Przyjaciol-Ksiezy-Marianow-4-150x150.jpg\" class=\"attachment-thumbnail size-thumbnail\" alt=\"\" decoding=\"async\" srcset=\"https:\/\/www.lichen.pl\/wp-content\/uploads\/2023\/09\/Zjazd-Rodzin-i-Przyjaciol-Ksiezy-Marianow-4-150x150.jpg 150w, https:\/\/www.lichen.pl\/wp-content\/uploads\/2023\/09\/Zjazd-Rodzin-i-Przyjaciol-Ksiezy-Marianow-4-300x300.jpg 300w\" sizes=\"(max-width: 150px) 100vw, 150px\" \/><\/a>\n\t\t\t<\/div><\/figure><figure class='gallery-item'>\n\t\t\t<div class='gallery-icon landscape'>\n\t\t\t\t<a data-elementor-open-lightbox=\"yes\" data-elementor-lightbox-slideshow=\"4c4079c\" data-elementor-lightbox-title=\"Zjazd Rodzin i Przyjaci\u00f3\u0142 Ksi\u0119\u017cy Marian\u00f3w (5)\" data-e-action-hash=\"#elementor-action%3Aaction%3Dlightbox%26settings%3DeyJpZCI6NTg2MDYsInVybCI6Imh0dHBzOlwvXC93d3cubGljaGVuLnBsXC93cC1jb250ZW50XC91cGxvYWRzXC8yMDIzXC8wOVwvWmphemQtUm9kemluLWktUHJ6eWphY2lvbC1Lc2llenktTWFyaWFub3ctNS5qcGciLCJzbGlkZXNob3ciOiI0YzQwNzljIn0%3D\" href='https:\/\/www.lichen.pl\/wp-content\/uploads\/2023\/09\/Zjazd-Rodzin-i-Przyjaciol-Ksiezy-Marianow-5.jpg'><img loading=\"lazy\" width=\"150\" height=\"150\" src=\"https:\/\/www.lichen.pl\/wp-content\/uploads\/2023\/09\/Zjazd-Rodzin-i-Przyjaciol-Ksiezy-Marianow-5-150x150.jpg\" class=\"attachment-thumbnail size-thumbnail\" alt=\"\" decoding=\"async\" srcset=\"https:\/\/www.lichen.pl\/wp-content\/uploads\/2023\/09\/Zjazd-Rodzin-i-Przyjaciol-Ksiezy-Marianow-5-150x150.jpg 150w, https:\/\/www.lichen.pl\/wp-content\/uploads\/2023\/09\/Zjazd-Rodzin-i-Przyjaciol-Ksiezy-Marianow-5-300x300.jpg 300w\" sizes=\"(max-width: 150px) 100vw, 150px\" \/><\/a>\n\t\t\t<\/div><\/figure><figure class='gallery-item'>\n\t\t\t<div class='gallery-icon portrait'>\n\t\t\t\t<a data-elementor-open-lightbox=\"yes\" data-elementor-lightbox-slideshow=\"4c4079c\" data-elementor-lightbox-title=\"Zjazd Rodzin i Przyjaci\u00f3\u0142 Ksi\u0119\u017cy Marian\u00f3w (3)\" data-e-action-hash=\"#elementor-action%3Aaction%3Dlightbox%26settings%3DeyJpZCI6NTg2MDQsInVybCI6Imh0dHBzOlwvXC93d3cubGljaGVuLnBsXC93cC1jb250ZW50XC91cGxvYWRzXC8yMDIzXC8wOVwvWmphemQtUm9kemluLWktUHJ6eWphY2lvbC1Lc2llenktTWFyaWFub3ctMy5qcGciLCJzbGlkZXNob3ciOiI0YzQwNzljIn0%3D\" href='https:\/\/www.lichen.pl\/wp-content\/uploads\/2023\/09\/Zjazd-Rodzin-i-Przyjaciol-Ksiezy-Marianow-3.jpg'><img loading=\"lazy\" width=\"150\" height=\"150\" src=\"https:\/\/www.lichen.pl\/wp-content\/uploads\/2023\/09\/Zjazd-Rodzin-i-Przyjaciol-Ksiezy-Marianow-3-150x150.jpg\" class=\"attachment-thumbnail size-thumbnail\" alt=\"\" decoding=\"async\" srcset=\"https:\/\/www.lichen.pl\/wp-content\/uploads\/2023\/09\/Zjazd-Rodzin-i-Przyjaciol-Ksiezy-Marianow-3-150x150.jpg 150w, https:\/\/www.lichen.pl\/wp-content\/uploads\/2023\/09\/Zjazd-Rodzin-i-Przyjaciol-Ksiezy-Marianow-3-300x300.jpg 300w\" sizes=\"(max-width: 150px) 100vw, 150px\" \/><\/a>\n\t\t\t<\/div><\/figure><figure class='gallery-item'>\n\t\t\t<div class='gallery-icon portrait'>\n\t\t\t\t<a data-elementor-open-lightbox=\"yes\" data-elementor-lightbox-slideshow=\"4c4079c\" data-elementor-lightbox-title=\"Zjazd Rodzin i Przyjaci\u00f3\u0142 Ksi\u0119\u017cy Marian\u00f3w (6)\" data-e-action-hash=\"#elementor-action%3Aaction%3Dlightbox%26settings%3DeyJpZCI6NTg2MDcsInVybCI6Imh0dHBzOlwvXC93d3cubGljaGVuLnBsXC93cC1jb250ZW50XC91cGxvYWRzXC8yMDIzXC8wOVwvWmphemQtUm9kemluLWktUHJ6eWphY2lvbC1Lc2llenktTWFyaWFub3ctNi5qcGciLCJzbGlkZXNob3ciOiI0YzQwNzljIn0%3D\" href='https:\/\/www.lichen.pl\/wp-content\/uploads\/2023\/09\/Zjazd-Rodzin-i-Przyjaciol-Ksiezy-Marianow-6.jpg'><img loading=\"lazy\" width=\"150\" height=\"150\" src=\"https:\/\/www.lichen.pl\/wp-content\/uploads\/2023\/09\/Zjazd-Rodzin-i-Przyjaciol-Ksiezy-Marianow-6-150x150.jpg\" class=\"attachment-thumbnail size-thumbnail\" alt=\"\" decoding=\"async\" srcset=\"https:\/\/www.lichen.pl\/wp-content\/uploads\/2023\/09\/Zjazd-Rodzin-i-Przyjaciol-Ksiezy-Marianow-6-150x150.jpg 150w, https:\/\/www.lichen.pl\/wp-content\/uploads\/2023\/09\/Zjazd-Rodzin-i-Przyjaciol-Ksiezy-Marianow-6-300x300.jpg 300w\" sizes=\"(max-width: 150px) 100vw, 150px\" \/><\/a>\n\t\t\t<\/div><\/figure><figure class='gallery-item'>\n\t\t\t<div class='gallery-icon landscape'>\n\t\t\t\t<a data-elementor-open-lightbox=\"yes\" data-elementor-lightbox-slideshow=\"4c4079c\" data-elementor-lightbox-title=\"Zjazd Rodzin i Przyjaci\u00f3\u0142 Ksi\u0119\u017cy Marian\u00f3w (7)\" data-e-action-hash=\"#elementor-action%3Aaction%3Dlightbox%26settings%3DeyJpZCI6NTg2MDgsInVybCI6Imh0dHBzOlwvXC93d3cubGljaGVuLnBsXC93cC1jb250ZW50XC91cGxvYWRzXC8yMDIzXC8wOVwvWmphemQtUm9kemluLWktUHJ6eWphY2lvbC1Lc2llenktTWFyaWFub3ctNy5qcGciLCJzbGlkZXNob3ciOiI0YzQwNzljIn0%3D\" href='https:\/\/www.lichen.pl\/wp-content\/uploads\/2023\/09\/Zjazd-Rodzin-i-Przyjaciol-Ksiezy-Marianow-7.jpg'><img loading=\"lazy\" width=\"150\" height=\"150\" src=\"https:\/\/www.lichen.pl\/wp-content\/uploads\/2023\/09\/Zjazd-Rodzin-i-Przyjaciol-Ksiezy-Marianow-7-150x150.jpg\" class=\"attachment-thumbnail size-thumbnail\" alt=\"\" decoding=\"async\" srcset=\"https:\/\/www.lichen.pl\/wp-content\/uploads\/2023\/09\/Zjazd-Rodzin-i-Przyjaciol-Ksiezy-Marianow-7-150x150.jpg 150w, https:\/\/www.lichen.pl\/wp-content\/uploads\/2023\/09\/Zjazd-Rodzin-i-Przyjaciol-Ksiezy-Marianow-7-300x300.jpg 300w\" sizes=\"(max-width: 150px) 100vw, 150px\" \/><\/a>\n\t\t\t<\/div><\/figure><figure class='gallery-item'>\n\t\t\t<div class='gallery-icon landscape'>\n\t\t\t\t<a data-elementor-open-lightbox=\"yes\" data-elementor-lightbox-slideshow=\"4c4079c\" data-elementor-lightbox-title=\"Zjazd Rodzin i Przyjaci\u00f3\u0142 Ksi\u0119\u017cy Marian\u00f3w (8)\" data-e-action-hash=\"#elementor-action%3Aaction%3Dlightbox%26settings%3DeyJpZCI6NTg2MDksInVybCI6Imh0dHBzOlwvXC93d3cubGljaGVuLnBsXC93cC1jb250ZW50XC91cGxvYWRzXC8yMDIzXC8wOVwvWmphemQtUm9kemluLWktUHJ6eWphY2lvbC1Lc2llenktTWFyaWFub3ctOC5qcGciLCJzbGlkZXNob3ciOiI0YzQwNzljIn0%3D\" href='https:\/\/www.lichen.pl\/wp-content\/uploads\/2023\/09\/Zjazd-Rodzin-i-Przyjaciol-Ksiezy-Marianow-8.jpg'><img loading=\"lazy\" width=\"150\" height=\"150\" src=\"https:\/\/www.lichen.pl\/wp-content\/uploads\/2023\/09\/Zjazd-Rodzin-i-Przyjaciol-Ksiezy-Marianow-8-150x150.jpg\" class=\"attachment-thumbnail size-thumbnail\" alt=\"\" decoding=\"async\" srcset=\"https:\/\/www.lichen.pl\/wp-content\/uploads\/2023\/09\/Zjazd-Rodzin-i-Przyjaciol-Ksiezy-Marianow-8-150x150.jpg 150w, https:\/\/www.lichen.pl\/wp-content\/uploads\/2023\/09\/Zjazd-Rodzin-i-Przyjaciol-Ksiezy-Marianow-8-300x300.jpg 300w\" sizes=\"(max-width: 150px) 100vw, 150px\" \/><\/a>\n\t\t\t<\/div><\/figure><figure class='gallery-item'>\n\t\t\t<div class='gallery-icon landscape'>\n\t\t\t\t<a data-elementor-open-lightbox=\"yes\" data-elementor-lightbox-slideshow=\"4c4079c\" data-elementor-lightbox-title=\"Zjazd Rodzin i Przyjaci\u00f3\u0142 Ksi\u0119\u017cy Marian\u00f3w (9)\" data-e-action-hash=\"#elementor-action%3Aaction%3Dlightbox%26settings%3DeyJpZCI6NTg2MTAsInVybCI6Imh0dHBzOlwvXC93d3cubGljaGVuLnBsXC93cC1jb250ZW50XC91cGxvYWRzXC8yMDIzXC8wOVwvWmphemQtUm9kemluLWktUHJ6eWphY2lvbC1Lc2llenktTWFyaWFub3ctOS5qcGciLCJzbGlkZXNob3ciOiI0YzQwNzljIn0%3D\" href='https:\/\/www.lichen.pl\/wp-content\/uploads\/2023\/09\/Zjazd-Rodzin-i-Przyjaciol-Ksiezy-Marianow-9.jpg'><img loading=\"lazy\" width=\"150\" height=\"150\" src=\"https:\/\/www.lichen.pl\/wp-content\/uploads\/2023\/09\/Zjazd-Rodzin-i-Przyjaciol-Ksiezy-Marianow-9-150x150.jpg\" class=\"attachment-thumbnail size-thumbnail\" alt=\"\" decoding=\"async\" srcset=\"https:\/\/www.lichen.pl\/wp-content\/uploads\/2023\/09\/Zjazd-Rodzin-i-Przyjaciol-Ksiezy-Marianow-9-150x150.jpg 150w, https:\/\/www.lichen.pl\/wp-content\/uploads\/2023\/09\/Zjazd-Rodzin-i-Przyjaciol-Ksiezy-Marianow-9-300x300.jpg 300w\" sizes=\"(max-width: 150px) 100vw, 150px\" \/><\/a>\n\t\t\t<\/div><\/figure><figure class='gallery-item'>\n\t\t\t<div class='gallery-icon portrait'>\n\t\t\t\t<a data-elementor-open-lightbox=\"yes\" data-elementor-lightbox-slideshow=\"4c4079c\" data-elementor-lightbox-title=\"Zjazd Rodzin i Przyjaci\u00f3\u0142 Ksi\u0119\u017cy Marian\u00f3w (18)\" data-e-action-hash=\"#elementor-action%3Aaction%3Dlightbox%26settings%3DeyJpZCI6NTg2MTksInVybCI6Imh0dHBzOlwvXC93d3cubGljaGVuLnBsXC93cC1jb250ZW50XC91cGxvYWRzXC8yMDIzXC8wOVwvWmphemQtUm9kemluLWktUHJ6eWphY2lvbC1Lc2llenktTWFyaWFub3ctMTguanBnIiwic2xpZGVzaG93IjoiNGM0MDc5YyJ9\" href='https:\/\/www.lichen.pl\/wp-content\/uploads\/2023\/09\/Zjazd-Rodzin-i-Przyjaciol-Ksiezy-Marianow-18.jpg'><img loading=\"lazy\" width=\"150\" height=\"150\" src=\"https:\/\/www.lichen.pl\/wp-content\/uploads\/2023\/09\/Zjazd-Rodzin-i-Przyjaciol-Ksiezy-Marianow-18-150x150.jpg\" class=\"attachment-thumbnail size-thumbnail\" alt=\"\" decoding=\"async\" srcset=\"https:\/\/www.lichen.pl\/wp-content\/uploads\/2023\/09\/Zjazd-Rodzin-i-Przyjaciol-Ksiezy-Marianow-18-150x150.jpg 150w, https:\/\/www.lichen.pl\/wp-content\/uploads\/2023\/09\/Zjazd-Rodzin-i-Przyjaciol-Ksiezy-Marianow-18-300x300.jpg 300w\" sizes=\"(max-width: 150px) 100vw, 150px\" \/><\/a>\n\t\t\t<\/div><\/figure><figure class='gallery-item'>\n\t\t\t<div class='gallery-icon landscape'>\n\t\t\t\t<a data-elementor-open-lightbox=\"yes\" data-elementor-lightbox-slideshow=\"4c4079c\" data-elementor-lightbox-title=\"Zjazd Rodzin i Przyjaci\u00f3\u0142 Ksi\u0119\u017cy Marian\u00f3w (10)\" data-e-action-hash=\"#elementor-action%3Aaction%3Dlightbox%26settings%3DeyJpZCI6NTg2MTEsInVybCI6Imh0dHBzOlwvXC93d3cubGljaGVuLnBsXC93cC1jb250ZW50XC91cGxvYWRzXC8yMDIzXC8wOVwvWmphemQtUm9kemluLWktUHJ6eWphY2lvbC1Lc2llenktTWFyaWFub3ctMTAuanBnIiwic2xpZGVzaG93IjoiNGM0MDc5YyJ9\" href='https:\/\/www.lichen.pl\/wp-content\/uploads\/2023\/09\/Zjazd-Rodzin-i-Przyjaciol-Ksiezy-Marianow-10.jpg'><img loading=\"lazy\" width=\"150\" height=\"150\" src=\"https:\/\/www.lichen.pl\/wp-content\/uploads\/2023\/09\/Zjazd-Rodzin-i-Przyjaciol-Ksiezy-Marianow-10-150x150.jpg\" class=\"attachment-thumbnail size-thumbnail\" alt=\"\" decoding=\"async\" srcset=\"https:\/\/www.lichen.pl\/wp-content\/uploads\/2023\/09\/Zjazd-Rodzin-i-Przyjaciol-Ksiezy-Marianow-10-150x150.jpg 150w, https:\/\/www.lichen.pl\/wp-content\/uploads\/2023\/09\/Zjazd-Rodzin-i-Przyjaciol-Ksiezy-Marianow-10-300x300.jpg 300w\" sizes=\"(max-width: 150px) 100vw, 150px\" \/><\/a>\n\t\t\t<\/div><\/figure><figure class='gallery-item'>\n\t\t\t<div class='gallery-icon landscape'>\n\t\t\t\t<a data-elementor-open-lightbox=\"yes\" data-elementor-lightbox-slideshow=\"4c4079c\" data-elementor-lightbox-title=\"Zjazd Rodzin i Przyjaci\u00f3\u0142 Ksi\u0119\u017cy Marian\u00f3w (11)\" data-e-action-hash=\"#elementor-action%3Aaction%3Dlightbox%26settings%3DeyJpZCI6NTg2MTIsInVybCI6Imh0dHBzOlwvXC93d3cubGljaGVuLnBsXC93cC1jb250ZW50XC91cGxvYWRzXC8yMDIzXC8wOVwvWmphemQtUm9kemluLWktUHJ6eWphY2lvbC1Lc2llenktTWFyaWFub3ctMTEuanBnIiwic2xpZGVzaG93IjoiNGM0MDc5YyJ9\" href='https:\/\/www.lichen.pl\/wp-content\/uploads\/2023\/09\/Zjazd-Rodzin-i-Przyjaciol-Ksiezy-Marianow-11.jpg'><img loading=\"lazy\" width=\"150\" height=\"150\" src=\"https:\/\/www.lichen.pl\/wp-content\/uploads\/2023\/09\/Zjazd-Rodzin-i-Przyjaciol-Ksiezy-Marianow-11-150x150.jpg\" class=\"attachment-thumbnail size-thumbnail\" alt=\"\" decoding=\"async\" srcset=\"https:\/\/www.lichen.pl\/wp-content\/uploads\/2023\/09\/Zjazd-Rodzin-i-Przyjaciol-Ksiezy-Marianow-11-150x150.jpg 150w, https:\/\/www.lichen.pl\/wp-content\/uploads\/2023\/09\/Zjazd-Rodzin-i-Przyjaciol-Ksiezy-Marianow-11-300x300.jpg 300w\" sizes=\"(max-width: 150px) 100vw, 150px\" \/><\/a>\n\t\t\t<\/div><\/figure><figure class='gallery-item'>\n\t\t\t<div class='gallery-icon landscape'>\n\t\t\t\t<a data-elementor-open-lightbox=\"yes\" data-elementor-lightbox-slideshow=\"4c4079c\" data-elementor-lightbox-title=\"Zjazd Rodzin i Przyjaci\u00f3\u0142 Ksi\u0119\u017cy Marian\u00f3w (12)\" data-e-action-hash=\"#elementor-action%3Aaction%3Dlightbox%26settings%3DeyJpZCI6NTg2MTMsInVybCI6Imh0dHBzOlwvXC93d3cubGljaGVuLnBsXC93cC1jb250ZW50XC91cGxvYWRzXC8yMDIzXC8wOVwvWmphemQtUm9kemluLWktUHJ6eWphY2lvbC1Lc2llenktTWFyaWFub3ctMTIuanBnIiwic2xpZGVzaG93IjoiNGM0MDc5YyJ9\" href='https:\/\/www.lichen.pl\/wp-content\/uploads\/2023\/09\/Zjazd-Rodzin-i-Przyjaciol-Ksiezy-Marianow-12.jpg'><img loading=\"lazy\" width=\"150\" height=\"150\" src=\"https:\/\/www.lichen.pl\/wp-content\/uploads\/2023\/09\/Zjazd-Rodzin-i-Przyjaciol-Ksiezy-Marianow-12-150x150.jpg\" class=\"attachment-thumbnail size-thumbnail\" alt=\"\" decoding=\"async\" srcset=\"https:\/\/www.lichen.pl\/wp-content\/uploads\/2023\/09\/Zjazd-Rodzin-i-Przyjaciol-Ksiezy-Marianow-12-150x150.jpg 150w, https:\/\/www.lichen.pl\/wp-content\/uploads\/2023\/09\/Zjazd-Rodzin-i-Przyjaciol-Ksiezy-Marianow-12-300x300.jpg 300w\" sizes=\"(max-width: 150px) 100vw, 150px\" \/><\/a>\n\t\t\t<\/div><\/figure><figure class='gallery-item'>\n\t\t\t<div class='gallery-icon landscape'>\n\t\t\t\t<a data-elementor-open-lightbox=\"yes\" data-elementor-lightbox-slideshow=\"4c4079c\" data-elementor-lightbox-title=\"Zjazd Rodzin i Przyjaci\u00f3\u0142 Ksi\u0119\u017cy Marian\u00f3w (13)\" data-e-action-hash=\"#elementor-action%3Aaction%3Dlightbox%26settings%3DeyJpZCI6NTg2MTQsInVybCI6Imh0dHBzOlwvXC93d3cubGljaGVuLnBsXC93cC1jb250ZW50XC91cGxvYWRzXC8yMDIzXC8wOVwvWmphemQtUm9kemluLWktUHJ6eWphY2lvbC1Lc2llenktTWFyaWFub3ctMTMuanBnIiwic2xpZGVzaG93IjoiNGM0MDc5YyJ9\" href='https:\/\/www.lichen.pl\/wp-content\/uploads\/2023\/09\/Zjazd-Rodzin-i-Przyjaciol-Ksiezy-Marianow-13.jpg'><img loading=\"lazy\" width=\"150\" height=\"150\" src=\"https:\/\/www.lichen.pl\/wp-content\/uploads\/2023\/09\/Zjazd-Rodzin-i-Przyjaciol-Ksiezy-Marianow-13-150x150.jpg\" class=\"attachment-thumbnail size-thumbnail\" alt=\"\" decoding=\"async\" srcset=\"https:\/\/www.lichen.pl\/wp-content\/uploads\/2023\/09\/Zjazd-Rodzin-i-Przyjaciol-Ksiezy-Marianow-13-150x150.jpg 150w, https:\/\/www.lichen.pl\/wp-content\/uploads\/2023\/09\/Zjazd-Rodzin-i-Przyjaciol-Ksiezy-Marianow-13-300x300.jpg 300w\" sizes=\"(max-width: 150px) 100vw, 150px\" \/><\/a>\n\t\t\t<\/div><\/figure><figure class='gallery-item'>\n\t\t\t<div class='gallery-icon landscape'>\n\t\t\t\t<a data-elementor-open-lightbox=\"yes\" data-elementor-lightbox-slideshow=\"4c4079c\" data-elementor-lightbox-title=\"Zjazd Rodzin i Przyjaci\u00f3\u0142 Ksi\u0119\u017cy Marian\u00f3w (1)\" data-e-action-hash=\"#elementor-action%3Aaction%3Dlightbox%26settings%3DeyJpZCI6NTg2MDMsInVybCI6Imh0dHBzOlwvXC93d3cubGljaGVuLnBsXC93cC1jb250ZW50XC91cGxvYWRzXC8yMDIzXC8wOVwvWmphemQtUm9kemluLWktUHJ6eWphY2lvbC1Lc2llenktTWFyaWFub3ctMS5qcGciLCJzbGlkZXNob3ciOiI0YzQwNzljIn0%3D\" href='https:\/\/www.lichen.pl\/wp-content\/uploads\/2023\/09\/Zjazd-Rodzin-i-Przyjaciol-Ksiezy-Marianow-1.jpg'><img loading=\"lazy\" width=\"150\" height=\"150\" src=\"https:\/\/www.lichen.pl\/wp-content\/uploads\/2023\/09\/Zjazd-Rodzin-i-Przyjaciol-Ksiezy-Marianow-1-150x150.jpg\" class=\"attachment-thumbnail size-thumbnail\" alt=\"\" decoding=\"async\" srcset=\"https:\/\/www.lichen.pl\/wp-content\/uploads\/2023\/09\/Zjazd-Rodzin-i-Przyjaciol-Ksiezy-Marianow-1-150x150.jpg 150w, https:\/\/www.lichen.pl\/wp-content\/uploads\/2023\/09\/Zjazd-Rodzin-i-Przyjaciol-Ksiezy-Marianow-1-300x300.jpg 300w\" sizes=\"(max-width: 150px) 100vw, 150px\" \/><\/a>\n\t\t\t<\/div><\/figure><figure class='gallery-item'>\n\t\t\t<div class='gallery-icon landscape'>\n\t\t\t\t<a data-elementor-open-lightbox=\"yes\" data-elementor-lightbox-slideshow=\"4c4079c\" data-elementor-lightbox-title=\"Zjazd Rodzin i Przyjaci\u00f3\u0142 Ksi\u0119\u017cy Marian\u00f3w (14)\" data-e-action-hash=\"#elementor-action%3Aaction%3Dlightbox%26settings%3DeyJpZCI6NTg2MTUsInVybCI6Imh0dHBzOlwvXC93d3cubGljaGVuLnBsXC93cC1jb250ZW50XC91cGxvYWRzXC8yMDIzXC8wOVwvWmphemQtUm9kemluLWktUHJ6eWphY2lvbC1Lc2llenktTWFyaWFub3ctMTQuanBnIiwic2xpZGVzaG93IjoiNGM0MDc5YyJ9\" href='https:\/\/www.lichen.pl\/wp-content\/uploads\/2023\/09\/Zjazd-Rodzin-i-Przyjaciol-Ksiezy-Marianow-14.jpg'><img loading=\"lazy\" width=\"150\" height=\"150\" src=\"https:\/\/www.lichen.pl\/wp-content\/uploads\/2023\/09\/Zjazd-Rodzin-i-Przyjaciol-Ksiezy-Marianow-14-150x150.jpg\" class=\"attachment-thumbnail size-thumbnail\" alt=\"\" decoding=\"async\" srcset=\"https:\/\/www.lichen.pl\/wp-content\/uploads\/2023\/09\/Zjazd-Rodzin-i-Przyjaciol-Ksiezy-Marianow-14-150x150.jpg 150w, https:\/\/www.lichen.pl\/wp-content\/uploads\/2023\/09\/Zjazd-Rodzin-i-Przyjaciol-Ksiezy-Marianow-14-300x300.jpg 300w\" sizes=\"(max-width: 150px) 100vw, 150px\" \/><\/a>\n\t\t\t<\/div><\/figure><figure class='gallery-item'>\n\t\t\t<div class='gallery-icon landscape'>\n\t\t\t\t<a data-elementor-open-lightbox=\"yes\" data-elementor-lightbox-slideshow=\"4c4079c\" data-elementor-lightbox-title=\"Zjazd Rodzin i Przyjaci\u00f3\u0142 Ksi\u0119\u017cy Marian\u00f3w (15)\" data-e-action-hash=\"#elementor-action%3Aaction%3Dlightbox%26settings%3DeyJpZCI6NTg2MTYsInVybCI6Imh0dHBzOlwvXC93d3cubGljaGVuLnBsXC93cC1jb250ZW50XC91cGxvYWRzXC8yMDIzXC8wOVwvWmphemQtUm9kemluLWktUHJ6eWphY2lvbC1Lc2llenktTWFyaWFub3ctMTUuanBnIiwic2xpZGVzaG93IjoiNGM0MDc5YyJ9\" href='https:\/\/www.lichen.pl\/wp-content\/uploads\/2023\/09\/Zjazd-Rodzin-i-Przyjaciol-Ksiezy-Marianow-15.jpg'><img loading=\"lazy\" width=\"150\" height=\"150\" src=\"https:\/\/www.lichen.pl\/wp-content\/uploads\/2023\/09\/Zjazd-Rodzin-i-Przyjaciol-Ksiezy-Marianow-15-150x150.jpg\" class=\"attachment-thumbnail size-thumbnail\" alt=\"\" decoding=\"async\" srcset=\"https:\/\/www.lichen.pl\/wp-content\/uploads\/2023\/09\/Zjazd-Rodzin-i-Przyjaciol-Ksiezy-Marianow-15-150x150.jpg 150w, https:\/\/www.lichen.pl\/wp-content\/uploads\/2023\/09\/Zjazd-Rodzin-i-Przyjaciol-Ksiezy-Marianow-15-300x300.jpg 300w\" sizes=\"(max-width: 150px) 100vw, 150px\" \/><\/a>\n\t\t\t<\/div><\/figure><figure class='gallery-item'>\n\t\t\t<div class='gallery-icon landscape'>\n\t\t\t\t<a data-elementor-open-lightbox=\"yes\" data-elementor-lightbox-slideshow=\"4c4079c\" data-elementor-lightbox-title=\"Zjazd Rodzin i Przyjaci\u00f3\u0142 Ksi\u0119\u017cy Marian\u00f3w (16)\" data-e-action-hash=\"#elementor-action%3Aaction%3Dlightbox%26settings%3DeyJpZCI6NTg2MTcsInVybCI6Imh0dHBzOlwvXC93d3cubGljaGVuLnBsXC93cC1jb250ZW50XC91cGxvYWRzXC8yMDIzXC8wOVwvWmphemQtUm9kemluLWktUHJ6eWphY2lvbC1Lc2llenktTWFyaWFub3ctMTYuanBnIiwic2xpZGVzaG93IjoiNGM0MDc5YyJ9\" href='https:\/\/www.lichen.pl\/wp-content\/uploads\/2023\/09\/Zjazd-Rodzin-i-Przyjaciol-Ksiezy-Marianow-16.jpg'><img loading=\"lazy\" width=\"150\" height=\"150\" src=\"https:\/\/www.lichen.pl\/wp-content\/uploads\/2023\/09\/Zjazd-Rodzin-i-Przyjaciol-Ksiezy-Marianow-16-150x150.jpg\" class=\"attachment-thumbnail size-thumbnail\" alt=\"\" decoding=\"async\" srcset=\"https:\/\/www.lichen.pl\/wp-content\/uploads\/2023\/09\/Zjazd-Rodzin-i-Przyjaciol-Ksiezy-Marianow-16-150x150.jpg 150w, https:\/\/www.lichen.pl\/wp-content\/uploads\/2023\/09\/Zjazd-Rodzin-i-Przyjaciol-Ksiezy-Marianow-16-300x300.jpg 300w\" sizes=\"(max-width: 150px) 100vw, 150px\" \/><\/a>\n\t\t\t<\/div><\/figure><figure class='gallery-item'>\n\t\t\t<div class='gallery-icon landscape'>\n\t\t\t\t<a data-elementor-open-lightbox=\"yes\" data-elementor-lightbox-slideshow=\"4c4079c\" data-elementor-lightbox-title=\"Zjazd Rodzin i Przyjaci\u00f3\u0142 Ksi\u0119\u017cy Marian\u00f3w (17)\" data-e-action-hash=\"#elementor-action%3Aaction%3Dlightbox%26settings%3DeyJpZCI6NTg2MTgsInVybCI6Imh0dHBzOlwvXC93d3cubGljaGVuLnBsXC93cC1jb250ZW50XC91cGxvYWRzXC8yMDIzXC8wOVwvWmphemQtUm9kemluLWktUHJ6eWphY2lvbC1Lc2llenktTWFyaWFub3ctMTcuanBnIiwic2xpZGVzaG93IjoiNGM0MDc5YyJ9\" href='https:\/\/www.lichen.pl\/wp-content\/uploads\/2023\/09\/Zjazd-Rodzin-i-Przyjaciol-Ksiezy-Marianow-17.jpg'><img loading=\"lazy\" width=\"150\" height=\"150\" src=\"https:\/\/www.lichen.pl\/wp-content\/uploads\/2023\/09\/Zjazd-Rodzin-i-Przyjaciol-Ksiezy-Marianow-17-150x150.jpg\" class=\"attachment-thumbnail size-thumbnail\" alt=\"\" decoding=\"async\" srcset=\"https:\/\/www.lichen.pl\/wp-content\/uploads\/2023\/09\/Zjazd-Rodzin-i-Przyjaciol-Ksiezy-Marianow-17-150x150.jpg 150w, https:\/\/www.lichen.pl\/wp-content\/uploads\/2023\/09\/Zjazd-Rodzin-i-Przyjaciol-Ksiezy-Marianow-17-300x300.jpg 300w\" sizes=\"(max-width: 150px) 100vw, 150px\" \/><\/a>\n\t\t\t<\/div><\/figure><figure class='gallery-item'>\n\t\t\t<div class='gallery-icon landscape'>\n\t\t\t\t<a data-elementor-open-lightbox=\"yes\" data-elementor-lightbox-slideshow=\"4c4079c\" data-elementor-lightbox-title=\"Zjazd Rodzin i Przyjaci\u00f3\u0142 Ksi\u0119\u017cy Marian\u00f3w (19)\" data-e-action-hash=\"#elementor-action%3Aaction%3Dlightbox%26settings%3DeyJpZCI6NTg2MjAsInVybCI6Imh0dHBzOlwvXC93d3cubGljaGVuLnBsXC93cC1jb250ZW50XC91cGxvYWRzXC8yMDIzXC8wOVwvWmphemQtUm9kemluLWktUHJ6eWphY2lvbC1Lc2llenktTWFyaWFub3ctMTkuanBnIiwic2xpZGVzaG93IjoiNGM0MDc5YyJ9\" href='https:\/\/www.lichen.pl\/wp-content\/uploads\/2023\/09\/Zjazd-Rodzin-i-Przyjaciol-Ksiezy-Marianow-19.jpg'><img loading=\"lazy\" width=\"150\" height=\"150\" src=\"https:\/\/www.lichen.pl\/wp-content\/uploads\/2023\/09\/Zjazd-Rodzin-i-Przyjaciol-Ksiezy-Marianow-19-150x150.jpg\" class=\"attachment-thumbnail size-thumbnail\" alt=\"\" decoding=\"async\" srcset=\"https:\/\/www.lichen.pl\/wp-content\/uploads\/2023\/09\/Zjazd-Rodzin-i-Przyjaciol-Ksiezy-Marianow-19-150x150.jpg 150w, https:\/\/www.lichen.pl\/wp-content\/uploads\/2023\/09\/Zjazd-Rodzin-i-Przyjaciol-Ksiezy-Marianow-19-300x300.jpg 300w\" sizes=\"(max-width: 150px) 100vw, 150px\" \/><\/a>\n\t\t\t<\/div><\/figure><figure class='gallery-item'>\n\t\t\t<div class='gallery-icon portrait'>\n\t\t\t\t<a data-elementor-open-lightbox=\"yes\" data-elementor-lightbox-slideshow=\"4c4079c\" data-elementor-lightbox-title=\"Zjazd Rodzin i Przyjaci\u00f3\u0142 Ksi\u0119\u017cy Marian\u00f3w (29)\" data-e-action-hash=\"#elementor-action%3Aaction%3Dlightbox%26settings%3DeyJpZCI6NTg2MzAsInVybCI6Imh0dHBzOlwvXC93d3cubGljaGVuLnBsXC93cC1jb250ZW50XC91cGxvYWRzXC8yMDIzXC8wOVwvWmphemQtUm9kemluLWktUHJ6eWphY2lvbC1Lc2llenktTWFyaWFub3ctMjkuanBnIiwic2xpZGVzaG93IjoiNGM0MDc5YyJ9\" href='https:\/\/www.lichen.pl\/wp-content\/uploads\/2023\/09\/Zjazd-Rodzin-i-Przyjaciol-Ksiezy-Marianow-29.jpg'><img loading=\"lazy\" width=\"150\" height=\"150\" src=\"https:\/\/www.lichen.pl\/wp-content\/uploads\/2023\/09\/Zjazd-Rodzin-i-Przyjaciol-Ksiezy-Marianow-29-150x150.jpg\" class=\"attachment-thumbnail size-thumbnail\" alt=\"\" decoding=\"async\" srcset=\"https:\/\/www.lichen.pl\/wp-content\/uploads\/2023\/09\/Zjazd-Rodzin-i-Przyjaciol-Ksiezy-Marianow-29-150x150.jpg 150w, https:\/\/www.lichen.pl\/wp-content\/uploads\/2023\/09\/Zjazd-Rodzin-i-Przyjaciol-Ksiezy-Marianow-29-300x300.jpg 300w\" sizes=\"(max-width: 150px) 100vw, 150px\" \/><\/a>\n\t\t\t<\/div><\/figure><figure class='gallery-item'>\n\t\t\t<div class='gallery-icon landscape'>\n\t\t\t\t<a data-elementor-open-lightbox=\"yes\" data-elementor-lightbox-slideshow=\"4c4079c\" data-elementor-lightbox-title=\"Zjazd Rodzin i Przyjaci\u00f3\u0142 Ksi\u0119\u017cy Marian\u00f3w (30)\" data-e-action-hash=\"#elementor-action%3Aaction%3Dlightbox%26settings%3DeyJpZCI6NTg2MzEsInVybCI6Imh0dHBzOlwvXC93d3cubGljaGVuLnBsXC93cC1jb250ZW50XC91cGxvYWRzXC8yMDIzXC8wOVwvWmphemQtUm9kemluLWktUHJ6eWphY2lvbC1Lc2llenktTWFyaWFub3ctMzAuanBnIiwic2xpZGVzaG93IjoiNGM0MDc5YyJ9\" href='https:\/\/www.lichen.pl\/wp-content\/uploads\/2023\/09\/Zjazd-Rodzin-i-Przyjaciol-Ksiezy-Marianow-30.jpg'><img loading=\"lazy\" width=\"150\" height=\"150\" src=\"https:\/\/www.lichen.pl\/wp-content\/uploads\/2023\/09\/Zjazd-Rodzin-i-Przyjaciol-Ksiezy-Marianow-30-150x150.jpg\" class=\"attachment-thumbnail size-thumbnail\" alt=\"\" decoding=\"async\" srcset=\"https:\/\/www.lichen.pl\/wp-content\/uploads\/2023\/09\/Zjazd-Rodzin-i-Przyjaciol-Ksiezy-Marianow-30-150x150.jpg 150w, https:\/\/www.lichen.pl\/wp-content\/uploads\/2023\/09\/Zjazd-Rodzin-i-Przyjaciol-Ksiezy-Marianow-30-300x300.jpg 300w\" sizes=\"(max-width: 150px) 100vw, 150px\" \/><\/a>\n\t\t\t<\/div><\/figure><figure class='gallery-item'>\n\t\t\t<div class='gallery-icon landscape'>\n\t\t\t\t<a data-elementor-open-lightbox=\"yes\" data-elementor-lightbox-slideshow=\"4c4079c\" data-elementor-lightbox-title=\"Zjazd Rodzin i Przyjaci\u00f3\u0142 Ksi\u0119\u017cy Marian\u00f3w (31)\" data-e-action-hash=\"#elementor-action%3Aaction%3Dlightbox%26settings%3DeyJpZCI6NTg2MzIsInVybCI6Imh0dHBzOlwvXC93d3cubGljaGVuLnBsXC93cC1jb250ZW50XC91cGxvYWRzXC8yMDIzXC8wOVwvWmphemQtUm9kemluLWktUHJ6eWphY2lvbC1Lc2llenktTWFyaWFub3ctMzEuanBnIiwic2xpZGVzaG93IjoiNGM0MDc5YyJ9\" href='https:\/\/www.lichen.pl\/wp-content\/uploads\/2023\/09\/Zjazd-Rodzin-i-Przyjaciol-Ksiezy-Marianow-31.jpg'><img loading=\"lazy\" width=\"150\" height=\"150\" src=\"https:\/\/www.lichen.pl\/wp-content\/uploads\/2023\/09\/Zjazd-Rodzin-i-Przyjaciol-Ksiezy-Marianow-31-150x150.jpg\" class=\"attachment-thumbnail size-thumbnail\" alt=\"\" decoding=\"async\" srcset=\"https:\/\/www.lichen.pl\/wp-content\/uploads\/2023\/09\/Zjazd-Rodzin-i-Przyjaciol-Ksiezy-Marianow-31-150x150.jpg 150w, https:\/\/www.lichen.pl\/wp-content\/uploads\/2023\/09\/Zjazd-Rodzin-i-Przyjaciol-Ksiezy-Marianow-31-300x300.jpg 300w\" sizes=\"(max-width: 150px) 100vw, 150px\" \/><\/a>\n\t\t\t<\/div><\/figure><figure class='gallery-item'>\n\t\t\t<div class='gallery-icon landscape'>\n\t\t\t\t<a data-elementor-open-lightbox=\"yes\" data-elementor-lightbox-slideshow=\"4c4079c\" data-elementor-lightbox-title=\"Zjazd Rodzin i Przyjaci\u00f3\u0142 Ksi\u0119\u017cy Marian\u00f3w (32)\" data-e-action-hash=\"#elementor-action%3Aaction%3Dlightbox%26settings%3DeyJpZCI6NTg2MzMsInVybCI6Imh0dHBzOlwvXC93d3cubGljaGVuLnBsXC93cC1jb250ZW50XC91cGxvYWRzXC8yMDIzXC8wOVwvWmphemQtUm9kemluLWktUHJ6eWphY2lvbC1Lc2llenktTWFyaWFub3ctMzIuanBnIiwic2xpZGVzaG93IjoiNGM0MDc5YyJ9\" href='https:\/\/www.lichen.pl\/wp-content\/uploads\/2023\/09\/Zjazd-Rodzin-i-Przyjaciol-Ksiezy-Marianow-32.jpg'><img loading=\"lazy\" width=\"150\" height=\"150\" src=\"https:\/\/www.lichen.pl\/wp-content\/uploads\/2023\/09\/Zjazd-Rodzin-i-Przyjaciol-Ksiezy-Marianow-32-150x150.jpg\" class=\"attachment-thumbnail size-thumbnail\" alt=\"\" decoding=\"async\" srcset=\"https:\/\/www.lichen.pl\/wp-content\/uploads\/2023\/09\/Zjazd-Rodzin-i-Przyjaciol-Ksiezy-Marianow-32-150x150.jpg 150w, https:\/\/www.lichen.pl\/wp-content\/uploads\/2023\/09\/Zjazd-Rodzin-i-Przyjaciol-Ksiezy-Marianow-32-300x300.jpg 300w\" sizes=\"(max-width: 150px) 100vw, 150px\" \/><\/a>\n\t\t\t<\/div><\/figure><figure class='gallery-item'>\n\t\t\t<div class='gallery-icon landscape'>\n\t\t\t\t<a data-elementor-open-lightbox=\"yes\" data-elementor-lightbox-slideshow=\"4c4079c\" data-elementor-lightbox-title=\"Zjazd Rodzin i Przyjaci\u00f3\u0142 Ksi\u0119\u017cy Marian\u00f3w (33)\" data-e-action-hash=\"#elementor-action%3Aaction%3Dlightbox%26settings%3DeyJpZCI6NTg2MzQsInVybCI6Imh0dHBzOlwvXC93d3cubGljaGVuLnBsXC93cC1jb250ZW50XC91cGxvYWRzXC8yMDIzXC8wOVwvWmphemQtUm9kemluLWktUHJ6eWphY2lvbC1Lc2llenktTWFyaWFub3ctMzMuanBnIiwic2xpZGVzaG93IjoiNGM0MDc5YyJ9\" href='https:\/\/www.lichen.pl\/wp-content\/uploads\/2023\/09\/Zjazd-Rodzin-i-Przyjaciol-Ksiezy-Marianow-33.jpg'><img loading=\"lazy\" width=\"150\" height=\"150\" src=\"https:\/\/www.lichen.pl\/wp-content\/uploads\/2023\/09\/Zjazd-Rodzin-i-Przyjaciol-Ksiezy-Marianow-33-150x150.jpg\" class=\"attachment-thumbnail size-thumbnail\" alt=\"\" decoding=\"async\" srcset=\"https:\/\/www.lichen.pl\/wp-content\/uploads\/2023\/09\/Zjazd-Rodzin-i-Przyjaciol-Ksiezy-Marianow-33-150x150.jpg 150w, https:\/\/www.lichen.pl\/wp-content\/uploads\/2023\/09\/Zjazd-Rodzin-i-Przyjaciol-Ksiezy-Marianow-33-300x300.jpg 300w\" sizes=\"(max-width: 150px) 100vw, 150px\" \/><\/a>\n\t\t\t<\/div><\/figure><figure class='gallery-item'>\n\t\t\t<div class='gallery-icon landscape'>\n\t\t\t\t<a data-elementor-open-lightbox=\"yes\" data-elementor-lightbox-slideshow=\"4c4079c\" data-elementor-lightbox-title=\"Zjazd Rodzin i Przyjaci\u00f3\u0142 Ksi\u0119\u017cy Marian\u00f3w (34)\" data-e-action-hash=\"#elementor-action%3Aaction%3Dlightbox%26settings%3DeyJpZCI6NTg2MzUsInVybCI6Imh0dHBzOlwvXC93d3cubGljaGVuLnBsXC93cC1jb250ZW50XC91cGxvYWRzXC8yMDIzXC8wOVwvWmphemQtUm9kemluLWktUHJ6eWphY2lvbC1Lc2llenktTWFyaWFub3ctMzQuanBnIiwic2xpZGVzaG93IjoiNGM0MDc5YyJ9\" href='https:\/\/www.lichen.pl\/wp-content\/uploads\/2023\/09\/Zjazd-Rodzin-i-Przyjaciol-Ksiezy-Marianow-34.jpg'><img loading=\"lazy\" width=\"150\" height=\"150\" src=\"https:\/\/www.lichen.pl\/wp-content\/uploads\/2023\/09\/Zjazd-Rodzin-i-Przyjaciol-Ksiezy-Marianow-34-150x150.jpg\" class=\"attachment-thumbnail size-thumbnail\" alt=\"\" decoding=\"async\" srcset=\"https:\/\/www.lichen.pl\/wp-content\/uploads\/2023\/09\/Zjazd-Rodzin-i-Przyjaciol-Ksiezy-Marianow-34-150x150.jpg 150w, https:\/\/www.lichen.pl\/wp-content\/uploads\/2023\/09\/Zjazd-Rodzin-i-Przyjaciol-Ksiezy-Marianow-34-300x300.jpg 300w\" sizes=\"(max-width: 150px) 100vw, 150px\" \/><\/a>\n\t\t\t<\/div><\/figure><figure class='gallery-item'>\n\t\t\t<div class='gallery-icon landscape'>\n\t\t\t\t<a data-elementor-open-lightbox=\"yes\" data-elementor-lightbox-slideshow=\"4c4079c\" data-elementor-lightbox-title=\"Zjazd Rodzin i Przyjaci\u00f3\u0142 Ksi\u0119\u017cy Marian\u00f3w (35)\" data-e-action-hash=\"#elementor-action%3Aaction%3Dlightbox%26settings%3DeyJpZCI6NTg2MzYsInVybCI6Imh0dHBzOlwvXC93d3cubGljaGVuLnBsXC93cC1jb250ZW50XC91cGxvYWRzXC8yMDIzXC8wOVwvWmphemQtUm9kemluLWktUHJ6eWphY2lvbC1Lc2llenktTWFyaWFub3ctMzUuanBnIiwic2xpZGVzaG93IjoiNGM0MDc5YyJ9\" href='https:\/\/www.lichen.pl\/wp-content\/uploads\/2023\/09\/Zjazd-Rodzin-i-Przyjaciol-Ksiezy-Marianow-35.jpg'><img loading=\"lazy\" width=\"150\" height=\"150\" src=\"https:\/\/www.lichen.pl\/wp-content\/uploads\/2023\/09\/Zjazd-Rodzin-i-Przyjaciol-Ksiezy-Marianow-35-150x150.jpg\" class=\"attachment-thumbnail size-thumbnail\" alt=\"\" decoding=\"async\" srcset=\"https:\/\/www.lichen.pl\/wp-content\/uploads\/2023\/09\/Zjazd-Rodzin-i-Przyjaciol-Ksiezy-Marianow-35-150x150.jpg 150w, https:\/\/www.lichen.pl\/wp-content\/uploads\/2023\/09\/Zjazd-Rodzin-i-Przyjaciol-Ksiezy-Marianow-35-300x300.jpg 300w\" sizes=\"(max-width: 150px) 100vw, 150px\" \/><\/a>\n\t\t\t<\/div><\/figure><figure class='gallery-item'>\n\t\t\t<div class='gallery-icon portrait'>\n\t\t\t\t<a data-elementor-open-lightbox=\"yes\" data-elementor-lightbox-slideshow=\"4c4079c\" data-elementor-lightbox-title=\"Zjazd Rodzin i Przyjaci\u00f3\u0142 Ksi\u0119\u017cy Marian\u00f3w (36)\" data-e-action-hash=\"#elementor-action%3Aaction%3Dlightbox%26settings%3DeyJpZCI6NTg2MzcsInVybCI6Imh0dHBzOlwvXC93d3cubGljaGVuLnBsXC93cC1jb250ZW50XC91cGxvYWRzXC8yMDIzXC8wOVwvWmphemQtUm9kemluLWktUHJ6eWphY2lvbC1Lc2llenktTWFyaWFub3ctMzYuanBnIiwic2xpZGVzaG93IjoiNGM0MDc5YyJ9\" href='https:\/\/www.lichen.pl\/wp-content\/uploads\/2023\/09\/Zjazd-Rodzin-i-Przyjaciol-Ksiezy-Marianow-36.jpg'><img loading=\"lazy\" width=\"150\" height=\"150\" src=\"https:\/\/www.lichen.pl\/wp-content\/uploads\/2023\/09\/Zjazd-Rodzin-i-Przyjaciol-Ksiezy-Marianow-36-150x150.jpg\" class=\"attachment-thumbnail size-thumbnail\" alt=\"\" decoding=\"async\" srcset=\"https:\/\/www.lichen.pl\/wp-content\/uploads\/2023\/09\/Zjazd-Rodzin-i-Przyjaciol-Ksiezy-Marianow-36-150x150.jpg 150w, https:\/\/www.lichen.pl\/wp-content\/uploads\/2023\/09\/Zjazd-Rodzin-i-Przyjaciol-Ksiezy-Marianow-36-300x300.jpg 300w\" sizes=\"(max-width: 150px) 100vw, 150px\" \/><\/a>\n\t\t\t<\/div><\/figure>\n\t\t<\/div>\n\t\t<\/div>\n\t\t\t\t\t\t<\/div>\n\t\t\t\t<\/div>\n\t\t\t\t\t<\/div>\n\t\t<\/div>\n\t\t\t\t\t<\/div>\n\t\t<\/section>\n\t\t\t\t<\/div>","protected":false},"excerpt":{"rendered":"<p>Rodziny oraz przyjaciele ksi\u0119\u017cy i braci marian\u00f3w w miniony weekend (15-17 wrze\u015bnia) spotkali si\u0119 podczas dorocznego zjazdu w Sanktuarium Matki Bo\u017cej Liche\u0144skiej. Wydarzenie, w kt\u00f3rym wzi\u0119li udzia\u0142 bliscy dwudziestu czterech marian\u00f3w, \u0142\u0105cznie ponad 140 os\u00f3b, by\u0142o okazj\u0105 do wymiany do\u015bwiadcze\u0144, wsp\u00f3lnej modlitwy, ale tak\u017ce odpoczynku, zwiedzania sanktuarium i poznawania maria\u0144skiego zgromadzenia. Wyra\u017cano wdzi\u0119czno\u015b\u0107 za powo\u0142ania, [&hellip;]<\/p>\n","protected":false},"author":5,"featured_media":58592,"comment_status":"closed","ping_status":"closed","sticky":false,"template":"","format":"standard","meta":{"footnotes":""},"categories":[1],"tags":[],"class_list":["post-58591","post","type-post","status-publish","format-standard","has-post-thumbnail","hentry","category-aktualnosci","wpbf-post"],"yoast_head":"<!-- This site is optimized with the Yoast SEO plugin v27.4 - https:\/\/yoast.com\/product\/yoast-seo-wordpress\/ -->\n<title>Spotkanie rodzin i przyjaci\u00f3\u0142 ksi\u0119\u017cy marian\u00f3w - SANKTUARIUM W LICHENIU<\/title>\n<meta name=\"robots\" content=\"index, follow, max-snippet:-1, max-image-preview:large, max-video-preview:-1\" \/>\n<link rel=\"canonical\" href=\"https:\/\/www.lichen.pl\/it\/rodziny-marianow\/\" \/>\n<meta property=\"og:locale\" content=\"it_IT\" \/>\n<meta property=\"og:type\" content=\"article\" \/>\n<meta property=\"og:title\" content=\"Spotkanie rodzin i przyjaci\u00f3\u0142 ksi\u0119\u017cy marian\u00f3w - SANKTUARIUM W LICHENIU\" \/>\n<meta property=\"og:description\" content=\"Rodziny oraz przyjaciele ksi\u0119\u017cy i braci marian\u00f3w w miniony weekend (15-17 wrze\u015bnia) spotkali si\u0119 podczas dorocznego zjazdu w Sanktuarium Matki Bo\u017cej Liche\u0144skiej. Wydarzenie, w kt\u00f3rym wzi\u0119li udzia\u0142 bliscy dwudziestu czterech marian\u00f3w, \u0142\u0105cznie ponad 140 os\u00f3b, by\u0142o okazj\u0105 do wymiany do\u015bwiadcze\u0144, wsp\u00f3lnej modlitwy, ale tak\u017ce odpoczynku, zwiedzania sanktuarium i poznawania maria\u0144skiego zgromadzenia. Wyra\u017cano wdzi\u0119czno\u015b\u0107 za powo\u0142ania, [&hellip;]\" \/>\n<meta property=\"og:url\" content=\"https:\/\/www.lichen.pl\/it\/rodziny-marianow\/\" \/>\n<meta property=\"og:site_name\" content=\"SANKTUARIUM W LICHENIU\" \/>\n<meta property=\"article:published_time\" content=\"2023-09-17T10:43:03+00:00\" \/>\n<meta property=\"article:modified_time\" content=\"2023-09-20T17:17:55+00:00\" \/>\n<meta property=\"og:image\" content=\"https:\/\/www.lichen.pl\/wp-content\/uploads\/2023\/09\/IMG_4370-1024x683.jpg\" \/>\n\t<meta property=\"og:image:width\" content=\"1024\" \/>\n\t<meta property=\"og:image:height\" content=\"683\" \/>\n\t<meta property=\"og:image:type\" content=\"image\/jpeg\" \/>\n<meta name=\"author\" content=\"Justyna Zacharek\" \/>\n<meta name=\"twitter:card\" content=\"summary_large_image\" \/>\n<meta name=\"twitter:label1\" content=\"Scritto da\" \/>\n\t<meta name=\"twitter:data1\" content=\"Justyna Zacharek\" \/>\n\t<meta name=\"twitter:label2\" content=\"Tempo di lettura stimato\" \/>\n\t<meta name=\"twitter:data2\" content=\"11 minuti\" \/>\n<script type=\"application\/ld+json\" class=\"yoast-schema-graph\">{\"@context\":\"https:\\\/\\\/schema.org\",\"@graph\":[{\"@type\":\"Article\",\"@id\":\"https:\\\/\\\/www.lichen.pl\\\/rodziny-marianow\\\/#article\",\"isPartOf\":{\"@id\":\"https:\\\/\\\/www.lichen.pl\\\/rodziny-marianow\\\/\"},\"author\":{\"name\":\"Justyna Zacharek\",\"@id\":\"https:\\\/\\\/www.lichen.pl\\\/fr\\\/#\\\/schema\\\/person\\\/9f57a1408d363022abd305da0323b703\"},\"headline\":\"Spotkanie rodzin i przyjaci\u00f3\u0142 ksi\u0119\u017cy marian\u00f3w\",\"datePublished\":\"2023-09-17T10:43:03+00:00\",\"dateModified\":\"2023-09-20T17:17:55+00:00\",\"mainEntityOfPage\":{\"@id\":\"https:\\\/\\\/www.lichen.pl\\\/rodziny-marianow\\\/\"},\"wordCount\":655,\"image\":{\"@id\":\"https:\\\/\\\/www.lichen.pl\\\/rodziny-marianow\\\/#primaryimage\"},\"thumbnailUrl\":\"https:\\\/\\\/www.lichen.pl\\\/wp-content\\\/uploads\\\/2023\\\/09\\\/IMG_4370.jpg\",\"articleSection\":[\"Aktualno\u015bci\"],\"inLanguage\":\"it-IT\"},{\"@type\":\"WebPage\",\"@id\":\"https:\\\/\\\/www.lichen.pl\\\/rodziny-marianow\\\/\",\"url\":\"https:\\\/\\\/www.lichen.pl\\\/rodziny-marianow\\\/\",\"name\":\"Spotkanie rodzin i przyjaci\u00f3\u0142 ksi\u0119\u017cy marian\u00f3w - SANKTUARIUM W LICHENIU\",\"isPartOf\":{\"@id\":\"https:\\\/\\\/www.lichen.pl\\\/fr\\\/#website\"},\"primaryImageOfPage\":{\"@id\":\"https:\\\/\\\/www.lichen.pl\\\/rodziny-marianow\\\/#primaryimage\"},\"image\":{\"@id\":\"https:\\\/\\\/www.lichen.pl\\\/rodziny-marianow\\\/#primaryimage\"},\"thumbnailUrl\":\"https:\\\/\\\/www.lichen.pl\\\/wp-content\\\/uploads\\\/2023\\\/09\\\/IMG_4370.jpg\",\"datePublished\":\"2023-09-17T10:43:03+00:00\",\"dateModified\":\"2023-09-20T17:17:55+00:00\",\"author\":{\"@id\":\"https:\\\/\\\/www.lichen.pl\\\/fr\\\/#\\\/schema\\\/person\\\/9f57a1408d363022abd305da0323b703\"},\"breadcrumb\":{\"@id\":\"https:\\\/\\\/www.lichen.pl\\\/rodziny-marianow\\\/#breadcrumb\"},\"inLanguage\":\"it-IT\",\"potentialAction\":[{\"@type\":\"ReadAction\",\"target\":[\"https:\\\/\\\/www.lichen.pl\\\/rodziny-marianow\\\/\"]}]},{\"@type\":\"ImageObject\",\"inLanguage\":\"it-IT\",\"@id\":\"https:\\\/\\\/www.lichen.pl\\\/rodziny-marianow\\\/#primaryimage\",\"url\":\"https:\\\/\\\/www.lichen.pl\\\/wp-content\\\/uploads\\\/2023\\\/09\\\/IMG_4370.jpg\",\"contentUrl\":\"https:\\\/\\\/www.lichen.pl\\\/wp-content\\\/uploads\\\/2023\\\/09\\\/IMG_4370.jpg\",\"width\":1920,\"height\":1280},{\"@type\":\"BreadcrumbList\",\"@id\":\"https:\\\/\\\/www.lichen.pl\\\/rodziny-marianow\\\/#breadcrumb\",\"itemListElement\":[{\"@type\":\"ListItem\",\"position\":1,\"name\":\"Strona g\u0142\u00f3wna\",\"item\":\"https:\\\/\\\/www.lichen.pl\\\/\"},{\"@type\":\"ListItem\",\"position\":2,\"name\":\"Spotkanie rodzin i przyjaci\u00f3\u0142 ksi\u0119\u017cy marian\u00f3w\"}]},{\"@type\":\"WebSite\",\"@id\":\"https:\\\/\\\/www.lichen.pl\\\/fr\\\/#website\",\"url\":\"https:\\\/\\\/www.lichen.pl\\\/fr\\\/\",\"name\":\"SANKTUARIUM W LICHENIU\",\"description\":\"MATKI BO\u017bEJ LICHE\u0143SKIEJ BOLESNEJ KR\u00d3LOWEJ POLSKI\",\"potentialAction\":[{\"@type\":\"SearchAction\",\"target\":{\"@type\":\"EntryPoint\",\"urlTemplate\":\"https:\\\/\\\/www.lichen.pl\\\/fr\\\/?s={search_term_string}\"},\"query-input\":{\"@type\":\"PropertyValueSpecification\",\"valueRequired\":true,\"valueName\":\"search_term_string\"}}],\"inLanguage\":\"it-IT\"},{\"@type\":\"Person\",\"@id\":\"https:\\\/\\\/www.lichen.pl\\\/fr\\\/#\\\/schema\\\/person\\\/9f57a1408d363022abd305da0323b703\",\"name\":\"Justyna Zacharek\",\"image\":{\"@type\":\"ImageObject\",\"inLanguage\":\"it-IT\",\"@id\":\"https:\\\/\\\/secure.gravatar.com\\\/avatar\\\/7be193626a4fb4d6a7d53a7686c3bbf938efff653c427e0182457b838e9d2c3b?s=96&d=retro&r=g\",\"url\":\"https:\\\/\\\/secure.gravatar.com\\\/avatar\\\/7be193626a4fb4d6a7d53a7686c3bbf938efff653c427e0182457b838e9d2c3b?s=96&d=retro&r=g\",\"contentUrl\":\"https:\\\/\\\/secure.gravatar.com\\\/avatar\\\/7be193626a4fb4d6a7d53a7686c3bbf938efff653c427e0182457b838e9d2c3b?s=96&d=retro&r=g\",\"caption\":\"Justyna Zacharek\"},\"url\":\"https:\\\/\\\/www.lichen.pl\\\/it\\\/author\\\/justyna\\\/\"}]}<\/script>\n<!-- \/ Yoast SEO plugin. -->","yoast_head_json":{"title":"Spotkanie rodzin i przyjaci\u00f3\u0142 ksi\u0119\u017cy marian\u00f3w - SANKTUARIUM W LICHENIU","robots":{"index":"index","follow":"follow","max-snippet":"max-snippet:-1","max-image-preview":"max-image-preview:large","max-video-preview":"max-video-preview:-1"},"canonical":"https:\/\/www.lichen.pl\/it\/rodziny-marianow\/","og_locale":"it_IT","og_type":"article","og_title":"Spotkanie rodzin i przyjaci\u00f3\u0142 ksi\u0119\u017cy marian\u00f3w - SANKTUARIUM W LICHENIU","og_description":"Rodziny oraz przyjaciele ksi\u0119\u017cy i braci marian\u00f3w w miniony weekend (15-17 wrze\u015bnia) spotkali si\u0119 podczas dorocznego zjazdu w Sanktuarium Matki Bo\u017cej Liche\u0144skiej. Wydarzenie, w kt\u00f3rym wzi\u0119li udzia\u0142 bliscy dwudziestu czterech marian\u00f3w, \u0142\u0105cznie ponad 140 os\u00f3b, by\u0142o okazj\u0105 do wymiany do\u015bwiadcze\u0144, wsp\u00f3lnej modlitwy, ale tak\u017ce odpoczynku, zwiedzania sanktuarium i poznawania maria\u0144skiego zgromadzenia. Wyra\u017cano wdzi\u0119czno\u015b\u0107 za powo\u0142ania, [&hellip;]","og_url":"https:\/\/www.lichen.pl\/it\/rodziny-marianow\/","og_site_name":"SANKTUARIUM W LICHENIU","article_published_time":"2023-09-17T10:43:03+00:00","article_modified_time":"2023-09-20T17:17:55+00:00","og_image":[{"width":1024,"height":683,"url":"https:\/\/www.lichen.pl\/wp-content\/uploads\/2023\/09\/IMG_4370-1024x683.jpg","type":"image\/jpeg"}],"author":"Justyna Zacharek","twitter_card":"summary_large_image","twitter_misc":{"Scritto da":"Justyna Zacharek","Tempo di lettura stimato":"11 minuti"},"schema":{"@context":"https:\/\/schema.org","@graph":[{"@type":"Article","@id":"https:\/\/www.lichen.pl\/rodziny-marianow\/#article","isPartOf":{"@id":"https:\/\/www.lichen.pl\/rodziny-marianow\/"},"author":{"name":"Justyna Zacharek","@id":"https:\/\/www.lichen.pl\/fr\/#\/schema\/person\/9f57a1408d363022abd305da0323b703"},"headline":"Spotkanie rodzin i przyjaci\u00f3\u0142 ksi\u0119\u017cy marian\u00f3w","datePublished":"2023-09-17T10:43:03+00:00","dateModified":"2023-09-20T17:17:55+00:00","mainEntityOfPage":{"@id":"https:\/\/www.lichen.pl\/rodziny-marianow\/"},"wordCount":655,"image":{"@id":"https:\/\/www.lichen.pl\/rodziny-marianow\/#primaryimage"},"thumbnailUrl":"https:\/\/www.lichen.pl\/wp-content\/uploads\/2023\/09\/IMG_4370.jpg","articleSection":["Aktualno\u015bci"],"inLanguage":"it-IT"},{"@type":"WebPage","@id":"https:\/\/www.lichen.pl\/rodziny-marianow\/","url":"https:\/\/www.lichen.pl\/rodziny-marianow\/","name":"Spotkanie rodzin i przyjaci\u00f3\u0142 ksi\u0119\u017cy marian\u00f3w - SANKTUARIUM W LICHENIU","isPartOf":{"@id":"https:\/\/www.lichen.pl\/fr\/#website"},"primaryImageOfPage":{"@id":"https:\/\/www.lichen.pl\/rodziny-marianow\/#primaryimage"},"image":{"@id":"https:\/\/www.lichen.pl\/rodziny-marianow\/#primaryimage"},"thumbnailUrl":"https:\/\/www.lichen.pl\/wp-content\/uploads\/2023\/09\/IMG_4370.jpg","datePublished":"2023-09-17T10:43:03+00:00","dateModified":"2023-09-20T17:17:55+00:00","author":{"@id":"https:\/\/www.lichen.pl\/fr\/#\/schema\/person\/9f57a1408d363022abd305da0323b703"},"breadcrumb":{"@id":"https:\/\/www.lichen.pl\/rodziny-marianow\/#breadcrumb"},"inLanguage":"it-IT","potentialAction":[{"@type":"ReadAction","target":["https:\/\/www.lichen.pl\/rodziny-marianow\/"]}]},{"@type":"ImageObject","inLanguage":"it-IT","@id":"https:\/\/www.lichen.pl\/rodziny-marianow\/#primaryimage","url":"https:\/\/www.lichen.pl\/wp-content\/uploads\/2023\/09\/IMG_4370.jpg","contentUrl":"https:\/\/www.lichen.pl\/wp-content\/uploads\/2023\/09\/IMG_4370.jpg","width":1920,"height":1280},{"@type":"BreadcrumbList","@id":"https:\/\/www.lichen.pl\/rodziny-marianow\/#breadcrumb","itemListElement":[{"@type":"ListItem","position":1,"name":"Strona g\u0142\u00f3wna","item":"https:\/\/www.lichen.pl\/"},{"@type":"ListItem","position":2,"name":"Spotkanie rodzin i przyjaci\u00f3\u0142 ksi\u0119\u017cy marian\u00f3w"}]},{"@type":"WebSite","@id":"https:\/\/www.lichen.pl\/fr\/#website","url":"https:\/\/www.lichen.pl\/fr\/","name":"SANTUARIO IN LICHENIA","description":"LA REGINA ADOLORATA DEL NOSTRO LICHENE DI POLONIA","potentialAction":[{"@type":"SearchAction","target":{"@type":"EntryPoint","urlTemplate":"https:\/\/www.lichen.pl\/fr\/?s={search_term_string}"},"query-input":{"@type":"PropertyValueSpecification","valueRequired":true,"valueName":"search_term_string"}}],"inLanguage":"it-IT"},{"@type":"Person","@id":"https:\/\/www.lichen.pl\/fr\/#\/schema\/person\/9f57a1408d363022abd305da0323b703","name":"Justyna Zacharek","image":{"@type":"ImageObject","inLanguage":"it-IT","@id":"https:\/\/secure.gravatar.com\/avatar\/7be193626a4fb4d6a7d53a7686c3bbf938efff653c427e0182457b838e9d2c3b?s=96&d=retro&r=g","url":"https:\/\/secure.gravatar.com\/avatar\/7be193626a4fb4d6a7d53a7686c3bbf938efff653c427e0182457b838e9d2c3b?s=96&d=retro&r=g","contentUrl":"https:\/\/secure.gravatar.com\/avatar\/7be193626a4fb4d6a7d53a7686c3bbf938efff653c427e0182457b838e9d2c3b?s=96&d=retro&r=g","caption":"Justyna Zacharek"},"url":"https:\/\/www.lichen.pl\/it\/author\/justyna\/"}]}},"_links":{"self":[{"href":"https:\/\/www.lichen.pl\/it\/wp-json\/wp\/v2\/posts\/58591","targetHints":{"allow":["GET"]}}],"collection":[{"href":"https:\/\/www.lichen.pl\/it\/wp-json\/wp\/v2\/posts"}],"about":[{"href":"https:\/\/www.lichen.pl\/it\/wp-json\/wp\/v2\/types\/post"}],"author":[{"embeddable":true,"href":"https:\/\/www.lichen.pl\/it\/wp-json\/wp\/v2\/users\/5"}],"replies":[{"embeddable":true,"href":"https:\/\/www.lichen.pl\/it\/wp-json\/wp\/v2\/comments?post=58591"}],"version-history":[{"count":7,"href":"https:\/\/www.lichen.pl\/it\/wp-json\/wp\/v2\/posts\/58591\/revisions"}],"predecessor-version":[{"id":58640,"href":"https:\/\/www.lichen.pl\/it\/wp-json\/wp\/v2\/posts\/58591\/revisions\/58640"}],"wp:featuredmedia":[{"embeddable":true,"href":"https:\/\/www.lichen.pl\/it\/wp-json\/wp\/v2\/media\/58592"}],"wp:attachment":[{"href":"https:\/\/www.lichen.pl\/it\/wp-json\/wp\/v2\/media?parent=58591"}],"wp:term":[{"taxonomy":"category","embeddable":true,"href":"https:\/\/www.lichen.pl\/it\/wp-json\/wp\/v2\/categories?post=58591"},{"taxonomy":"post_tag","embeddable":true,"href":"https:\/\/www.lichen.pl\/it\/wp-json\/wp\/v2\/tags?post=58591"}],"curies":[{"name":"wp","href":"https:\/\/api.w.org\/{rel}","templated":true}]}}