{"id":58849,"date":"2023-09-24T16:41:07","date_gmt":"2023-09-24T14:41:07","guid":{"rendered":"https:\/\/www.lichen.pl\/?p=58849"},"modified":"2023-09-26T17:17:40","modified_gmt":"2023-09-26T15:17:40","slug":"171-rocznica-powstania-sanktuarium","status":"publish","type":"post","link":"https:\/\/www.lichen.pl\/it\/171-rocznica-powstania-sanktuarium\/","title":{"rendered":"171. rocznica powstania sanktuarium"},"content":{"rendered":"<div data-elementor-type=\"wp-post\" data-elementor-id=\"58849\" class=\"elementor elementor-58849\" data-elementor-post-type=\"post\">\n\t\t\t\t\t\t<section class=\"elementor-section elementor-top-section elementor-element elementor-element-c95af13 elementor-section-boxed elementor-section-height-default elementor-section-height-default\" data-id=\"c95af13\" data-element_type=\"section\" data-e-type=\"section\">\n\t\t\t\t\t\t<div class=\"elementor-container elementor-column-gap-default\">\n\t\t\t\t\t<div class=\"elementor-column elementor-col-100 elementor-top-column elementor-element elementor-element-9235f22\" data-id=\"9235f22\" data-element_type=\"column\" data-e-type=\"column\">\n\t\t\t<div class=\"elementor-widget-wrap elementor-element-populated\">\n\t\t\t\t\t\t<div class=\"elementor-element elementor-element-5069b1a elementor-widget elementor-widget-heading\" data-id=\"5069b1a\" data-element_type=\"widget\" data-e-type=\"widget\" data-widget_type=\"heading.default\">\n\t\t\t\t<div class=\"elementor-widget-container\">\n\t\t\t\t\t<h2 class=\"elementor-heading-title elementor-size-default\">W niedziel\u0119, 24 wrze\u015bnia w liche\u0144skiej bazylice \u015bwi\u0119towano 171. rocznic\u0119 powstania sanktuarium. Za moment ten uznawany jest dzie\u0144 przeniesienia \u0142askami s\u0142yn\u0105cego obrazu Matki Bo\u017cej z lasu gr\u0105bli\u0144skiego do kaplicy w Licheniu Starym.\n<\/h2>\t\t\t\t<\/div>\n\t\t\t\t<\/div>\n\t\t\t\t\t<\/div>\n\t\t<\/div>\n\t\t\t\t\t<\/div>\n\t\t<\/section>\n\t\t\t\t<section class=\"elementor-section elementor-top-section elementor-element elementor-element-94c8cc6 elementor-section-boxed elementor-section-height-default elementor-section-height-default\" data-id=\"94c8cc6\" data-element_type=\"section\" data-e-type=\"section\">\n\t\t\t\t\t\t<div class=\"elementor-container elementor-column-gap-default\">\n\t\t\t\t\t<div class=\"elementor-column elementor-col-100 elementor-top-column elementor-element elementor-element-c52ab54\" data-id=\"c52ab54\" data-element_type=\"column\" data-e-type=\"column\">\n\t\t\t<div class=\"elementor-widget-wrap elementor-element-populated\">\n\t\t\t\t\t\t<div class=\"elementor-element elementor-element-cdba23e elementor-widget elementor-widget-text-editor\" data-id=\"cdba23e\" data-element_type=\"widget\" data-e-type=\"widget\" data-widget_type=\"text-editor.default\">\n\t\t\t\t<div class=\"elementor-widget-container\">\n\t\t\t\t\t\t\t\t\t<p>Ostatnia wrze\u015bniowa niedziela by\u0142a okazj\u0105 do dzi\u0119kczynienia za ponad 170 lat istnienia liche\u0144skiego sanktuarium. Do objawie\u0144 Matki Bo\u017cej w swojej homilii podczas g\u0142\u00f3wnej Mszy \u015awi\u0119tej nawi\u0105za\u0142 ks. S\u0142awomir Homoncik MIC, kustosz sanktuarium. W Eucharystii wzi\u0119\u0142o udzia\u0142 kilka tysi\u0119cy pielgrzym\u00f3w. Wielu z nich podkre\u015bla, \u017ce znajduj\u0105 tutaj spok\u00f3j. \u2013 Przyje\u017cd\u017cam do Lichenia, \u017ceby si\u0119 wyciszy\u0107, szukam spokoju i wyciszenia. Zawsze kojarzy nam jaka\u015b intencja \u2013 opowiada pani Ma\u0142gorzata, kt\u00f3ra przyjecha\u0142a z kole\u017cank\u0105 spod Gniezna.<\/p><p>\u2013 Przyjechali\u015bmy modli\u0107 si\u0119 za nasz\u0105 rodzin\u0119, dzi\u0119kowa\u0107 za otrzymane \u0142aski. Chcemy sp\u0119dzi\u0107 tutaj niedziel\u0119 te\u017c odpoczywaj\u0105c. To pi\u0119kne miejsce, warto tu przyjecha\u0107 \u2013 opowiada\u0142a rodzina, kt\u00f3ra przyjecha\u0142a do sanktuarium z Ostrowa Wielkopolskiego. Sanktuarium jest dla nich miejscem szczeg\u00f3lnie bliskim. Kilka lat temu jedna z pa\u0144 postanowi\u0142a wraz z nie\u017cyj\u0105cym ju\u017c m\u0119\u017cem, przyjecha\u0107 do Lichenia, by w\u0142a\u015bnie tutaj obchodzi\u0107 swoj\u0105 40. rocznic\u0119 \u015blubu.<\/p>\t\t\t\t\t\t\t\t<\/div>\n\t\t\t\t<\/div>\n\t\t\t\t\t<\/div>\n\t\t<\/div>\n\t\t\t\t\t<\/div>\n\t\t<\/section>\n\t\t\t\t<section class=\"elementor-section elementor-top-section elementor-element elementor-element-75b96ba elementor-section-boxed elementor-section-height-default elementor-section-height-default\" data-id=\"75b96ba\" data-element_type=\"section\" data-e-type=\"section\">\n\t\t\t\t\t\t<div class=\"elementor-container elementor-column-gap-default\">\n\t\t\t\t\t<div class=\"elementor-column elementor-col-100 elementor-top-column elementor-element elementor-element-1176fc1\" data-id=\"1176fc1\" data-element_type=\"column\" data-e-type=\"column\">\n\t\t\t<div class=\"elementor-widget-wrap elementor-element-populated\">\n\t\t\t\t\t\t<div class=\"elementor-element elementor-element-7093812 elementor-widget elementor-widget-image-gallery\" data-id=\"7093812\" data-element_type=\"widget\" data-e-type=\"widget\" data-widget_type=\"image-gallery.default\">\n\t\t\t\t<div class=\"elementor-widget-container\">\n\t\t\t\t\t\t\t<div class=\"elementor-image-gallery\">\n\t\t\t<div id='gallery-1' class='gallery galleryid-58849 gallery-columns-7 gallery-size-thumbnail'><figure class='gallery-item'>\n\t\t\t<div class='gallery-icon landscape'>\n\t\t\t\t<a data-elementor-open-lightbox=\"yes\" data-elementor-lightbox-slideshow=\"7093812\" data-elementor-lightbox-title=\"IMG_5241\" data-e-action-hash=\"#elementor-action%3Aaction%3Dlightbox%26settings%3DeyJpZCI6NTg4NjMsInVybCI6Imh0dHBzOlwvXC93d3cubGljaGVuLnBsXC93cC1jb250ZW50XC91cGxvYWRzXC8yMDIzXC8wOVwvSU1HXzUyNDEuanBnIiwic2xpZGVzaG93IjoiNzA5MzgxMiJ9\" href='https:\/\/www.lichen.pl\/wp-content\/uploads\/2023\/09\/IMG_5241.jpg'><img decoding=\"async\" width=\"150\" height=\"150\" src=\"https:\/\/www.lichen.pl\/wp-content\/uploads\/2023\/09\/IMG_5241-150x150.jpg\" class=\"attachment-thumbnail size-thumbnail\" alt=\"\" srcset=\"https:\/\/www.lichen.pl\/wp-content\/uploads\/2023\/09\/IMG_5241-150x150.jpg 150w, https:\/\/www.lichen.pl\/wp-content\/uploads\/2023\/09\/IMG_5241-300x300.jpg 300w\" sizes=\"(max-width: 150px) 100vw, 150px\" \/><\/a>\n\t\t\t<\/div><\/figure><figure class='gallery-item'>\n\t\t\t<div class='gallery-icon landscape'>\n\t\t\t\t<a data-elementor-open-lightbox=\"yes\" data-elementor-lightbox-slideshow=\"7093812\" data-elementor-lightbox-title=\"IMG_5243\" data-e-action-hash=\"#elementor-action%3Aaction%3Dlightbox%26settings%3DeyJpZCI6NTg4NjEsInVybCI6Imh0dHBzOlwvXC93d3cubGljaGVuLnBsXC93cC1jb250ZW50XC91cGxvYWRzXC8yMDIzXC8wOVwvSU1HXzUyNDMuanBnIiwic2xpZGVzaG93IjoiNzA5MzgxMiJ9\" href='https:\/\/www.lichen.pl\/wp-content\/uploads\/2023\/09\/IMG_5243.jpg'><img decoding=\"async\" width=\"150\" height=\"150\" src=\"https:\/\/www.lichen.pl\/wp-content\/uploads\/2023\/09\/IMG_5243-150x150.jpg\" class=\"attachment-thumbnail size-thumbnail\" alt=\"\" srcset=\"https:\/\/www.lichen.pl\/wp-content\/uploads\/2023\/09\/IMG_5243-150x150.jpg 150w, https:\/\/www.lichen.pl\/wp-content\/uploads\/2023\/09\/IMG_5243-300x300.jpg 300w\" sizes=\"(max-width: 150px) 100vw, 150px\" \/><\/a>\n\t\t\t<\/div><\/figure><figure class='gallery-item'>\n\t\t\t<div class='gallery-icon landscape'>\n\t\t\t\t<a data-elementor-open-lightbox=\"yes\" data-elementor-lightbox-slideshow=\"7093812\" data-elementor-lightbox-title=\"IMG_5270\" data-e-action-hash=\"#elementor-action%3Aaction%3Dlightbox%26settings%3DeyJpZCI6NTg4NTMsInVybCI6Imh0dHBzOlwvXC93d3cubGljaGVuLnBsXC93cC1jb250ZW50XC91cGxvYWRzXC8yMDIzXC8wOVwvSU1HXzUyNzAuanBnIiwic2xpZGVzaG93IjoiNzA5MzgxMiJ9\" href='https:\/\/www.lichen.pl\/wp-content\/uploads\/2023\/09\/IMG_5270.jpg'><img decoding=\"async\" width=\"150\" height=\"150\" src=\"https:\/\/www.lichen.pl\/wp-content\/uploads\/2023\/09\/IMG_5270-150x150.jpg\" class=\"attachment-thumbnail size-thumbnail\" alt=\"\" srcset=\"https:\/\/www.lichen.pl\/wp-content\/uploads\/2023\/09\/IMG_5270-150x150.jpg 150w, https:\/\/www.lichen.pl\/wp-content\/uploads\/2023\/09\/IMG_5270-300x300.jpg 300w\" sizes=\"(max-width: 150px) 100vw, 150px\" \/><\/a>\n\t\t\t<\/div><\/figure><figure class='gallery-item'>\n\t\t\t<div class='gallery-icon landscape'>\n\t\t\t\t<a data-elementor-open-lightbox=\"yes\" data-elementor-lightbox-slideshow=\"7093812\" data-elementor-lightbox-title=\"IMG_5268\" data-e-action-hash=\"#elementor-action%3Aaction%3Dlightbox%26settings%3DeyJpZCI6NTg4NTQsInVybCI6Imh0dHBzOlwvXC93d3cubGljaGVuLnBsXC93cC1jb250ZW50XC91cGxvYWRzXC8yMDIzXC8wOVwvSU1HXzUyNjguanBnIiwic2xpZGVzaG93IjoiNzA5MzgxMiJ9\" href='https:\/\/www.lichen.pl\/wp-content\/uploads\/2023\/09\/IMG_5268.jpg'><img loading=\"lazy\" decoding=\"async\" width=\"150\" height=\"150\" src=\"https:\/\/www.lichen.pl\/wp-content\/uploads\/2023\/09\/IMG_5268-150x150.jpg\" class=\"attachment-thumbnail size-thumbnail\" alt=\"\" srcset=\"https:\/\/www.lichen.pl\/wp-content\/uploads\/2023\/09\/IMG_5268-150x150.jpg 150w, https:\/\/www.lichen.pl\/wp-content\/uploads\/2023\/09\/IMG_5268-300x300.jpg 300w\" sizes=\"(max-width: 150px) 100vw, 150px\" \/><\/a>\n\t\t\t<\/div><\/figure><figure class='gallery-item'>\n\t\t\t<div class='gallery-icon portrait'>\n\t\t\t\t<a data-elementor-open-lightbox=\"yes\" data-elementor-lightbox-slideshow=\"7093812\" data-elementor-lightbox-title=\"IMG_5242\" data-e-action-hash=\"#elementor-action%3Aaction%3Dlightbox%26settings%3DeyJpZCI6NTg4NjIsInVybCI6Imh0dHBzOlwvXC93d3cubGljaGVuLnBsXC93cC1jb250ZW50XC91cGxvYWRzXC8yMDIzXC8wOVwvSU1HXzUyNDIuanBnIiwic2xpZGVzaG93IjoiNzA5MzgxMiJ9\" href='https:\/\/www.lichen.pl\/wp-content\/uploads\/2023\/09\/IMG_5242.jpg'><img loading=\"lazy\" decoding=\"async\" width=\"150\" height=\"150\" src=\"https:\/\/www.lichen.pl\/wp-content\/uploads\/2023\/09\/IMG_5242-150x150.jpg\" class=\"attachment-thumbnail size-thumbnail\" alt=\"\" srcset=\"https:\/\/www.lichen.pl\/wp-content\/uploads\/2023\/09\/IMG_5242-150x150.jpg 150w, https:\/\/www.lichen.pl\/wp-content\/uploads\/2023\/09\/IMG_5242-300x300.jpg 300w\" sizes=\"(max-width: 150px) 100vw, 150px\" \/><\/a>\n\t\t\t<\/div><\/figure><figure class='gallery-item'>\n\t\t\t<div class='gallery-icon portrait'>\n\t\t\t\t<a data-elementor-open-lightbox=\"yes\" data-elementor-lightbox-slideshow=\"7093812\" data-elementor-lightbox-title=\"IMG_5244\" data-e-action-hash=\"#elementor-action%3Aaction%3Dlightbox%26settings%3DeyJpZCI6NTg4NjAsInVybCI6Imh0dHBzOlwvXC93d3cubGljaGVuLnBsXC93cC1jb250ZW50XC91cGxvYWRzXC8yMDIzXC8wOVwvSU1HXzUyNDQuanBnIiwic2xpZGVzaG93IjoiNzA5MzgxMiJ9\" href='https:\/\/www.lichen.pl\/wp-content\/uploads\/2023\/09\/IMG_5244.jpg'><img loading=\"lazy\" decoding=\"async\" width=\"150\" height=\"150\" src=\"https:\/\/www.lichen.pl\/wp-content\/uploads\/2023\/09\/IMG_5244-150x150.jpg\" class=\"attachment-thumbnail size-thumbnail\" alt=\"\" srcset=\"https:\/\/www.lichen.pl\/wp-content\/uploads\/2023\/09\/IMG_5244-150x150.jpg 150w, https:\/\/www.lichen.pl\/wp-content\/uploads\/2023\/09\/IMG_5244-300x300.jpg 300w\" sizes=\"(max-width: 150px) 100vw, 150px\" \/><\/a>\n\t\t\t<\/div><\/figure><figure class='gallery-item'>\n\t\t\t<div class='gallery-icon landscape'>\n\t\t\t\t<a data-elementor-open-lightbox=\"yes\" data-elementor-lightbox-slideshow=\"7093812\" data-elementor-lightbox-title=\"IMG_5271\" data-e-action-hash=\"#elementor-action%3Aaction%3Dlightbox%26settings%3DeyJpZCI6NTg4NTIsInVybCI6Imh0dHBzOlwvXC93d3cubGljaGVuLnBsXC93cC1jb250ZW50XC91cGxvYWRzXC8yMDIzXC8wOVwvSU1HXzUyNzEuanBnIiwic2xpZGVzaG93IjoiNzA5MzgxMiJ9\" href='https:\/\/www.lichen.pl\/wp-content\/uploads\/2023\/09\/IMG_5271.jpg'><img loading=\"lazy\" decoding=\"async\" width=\"150\" height=\"150\" src=\"https:\/\/www.lichen.pl\/wp-content\/uploads\/2023\/09\/IMG_5271-150x150.jpg\" class=\"attachment-thumbnail size-thumbnail\" alt=\"\" srcset=\"https:\/\/www.lichen.pl\/wp-content\/uploads\/2023\/09\/IMG_5271-150x150.jpg 150w, https:\/\/www.lichen.pl\/wp-content\/uploads\/2023\/09\/IMG_5271-300x300.jpg 300w\" sizes=\"(max-width: 150px) 100vw, 150px\" \/><\/a>\n\t\t\t<\/div><\/figure><figure class='gallery-item'>\n\t\t\t<div class='gallery-icon landscape'>\n\t\t\t\t<a data-elementor-open-lightbox=\"yes\" data-elementor-lightbox-slideshow=\"7093812\" data-elementor-lightbox-title=\"IMG_5246\" data-e-action-hash=\"#elementor-action%3Aaction%3Dlightbox%26settings%3DeyJpZCI6NTg4NTksInVybCI6Imh0dHBzOlwvXC93d3cubGljaGVuLnBsXC93cC1jb250ZW50XC91cGxvYWRzXC8yMDIzXC8wOVwvSU1HXzUyNDYuanBnIiwic2xpZGVzaG93IjoiNzA5MzgxMiJ9\" href='https:\/\/www.lichen.pl\/wp-content\/uploads\/2023\/09\/IMG_5246.jpg'><img loading=\"lazy\" decoding=\"async\" width=\"150\" height=\"150\" src=\"https:\/\/www.lichen.pl\/wp-content\/uploads\/2023\/09\/IMG_5246-150x150.jpg\" class=\"attachment-thumbnail size-thumbnail\" alt=\"\" srcset=\"https:\/\/www.lichen.pl\/wp-content\/uploads\/2023\/09\/IMG_5246-150x150.jpg 150w, https:\/\/www.lichen.pl\/wp-content\/uploads\/2023\/09\/IMG_5246-300x300.jpg 300w\" sizes=\"(max-width: 150px) 100vw, 150px\" \/><\/a>\n\t\t\t<\/div><\/figure><figure class='gallery-item'>\n\t\t\t<div class='gallery-icon landscape'>\n\t\t\t\t<a data-elementor-open-lightbox=\"yes\" data-elementor-lightbox-slideshow=\"7093812\" data-elementor-lightbox-title=\"IMG_5247\" data-e-action-hash=\"#elementor-action%3Aaction%3Dlightbox%26settings%3DeyJpZCI6NTg4NTgsInVybCI6Imh0dHBzOlwvXC93d3cubGljaGVuLnBsXC93cC1jb250ZW50XC91cGxvYWRzXC8yMDIzXC8wOVwvSU1HXzUyNDcuanBnIiwic2xpZGVzaG93IjoiNzA5MzgxMiJ9\" href='https:\/\/www.lichen.pl\/wp-content\/uploads\/2023\/09\/IMG_5247.jpg'><img loading=\"lazy\" decoding=\"async\" width=\"150\" height=\"150\" src=\"https:\/\/www.lichen.pl\/wp-content\/uploads\/2023\/09\/IMG_5247-150x150.jpg\" class=\"attachment-thumbnail size-thumbnail\" alt=\"\" srcset=\"https:\/\/www.lichen.pl\/wp-content\/uploads\/2023\/09\/IMG_5247-150x150.jpg 150w, https:\/\/www.lichen.pl\/wp-content\/uploads\/2023\/09\/IMG_5247-300x300.jpg 300w\" sizes=\"(max-width: 150px) 100vw, 150px\" \/><\/a>\n\t\t\t<\/div><\/figure><figure class='gallery-item'>\n\t\t\t<div class='gallery-icon landscape'>\n\t\t\t\t<a data-elementor-open-lightbox=\"yes\" data-elementor-lightbox-slideshow=\"7093812\" data-elementor-lightbox-title=\"IMG_5255\" data-e-action-hash=\"#elementor-action%3Aaction%3Dlightbox%26settings%3DeyJpZCI6NTg4NTcsInVybCI6Imh0dHBzOlwvXC93d3cubGljaGVuLnBsXC93cC1jb250ZW50XC91cGxvYWRzXC8yMDIzXC8wOVwvSU1HXzUyNTUuanBnIiwic2xpZGVzaG93IjoiNzA5MzgxMiJ9\" href='https:\/\/www.lichen.pl\/wp-content\/uploads\/2023\/09\/IMG_5255.jpg'><img loading=\"lazy\" decoding=\"async\" width=\"150\" height=\"150\" src=\"https:\/\/www.lichen.pl\/wp-content\/uploads\/2023\/09\/IMG_5255-150x150.jpg\" class=\"attachment-thumbnail size-thumbnail\" alt=\"\" srcset=\"https:\/\/www.lichen.pl\/wp-content\/uploads\/2023\/09\/IMG_5255-150x150.jpg 150w, https:\/\/www.lichen.pl\/wp-content\/uploads\/2023\/09\/IMG_5255-300x300.jpg 300w\" sizes=\"(max-width: 150px) 100vw, 150px\" \/><\/a>\n\t\t\t<\/div><\/figure><figure class='gallery-item'>\n\t\t\t<div class='gallery-icon landscape'>\n\t\t\t\t<a data-elementor-open-lightbox=\"yes\" data-elementor-lightbox-slideshow=\"7093812\" data-elementor-lightbox-title=\"IMG_5260\" data-e-action-hash=\"#elementor-action%3Aaction%3Dlightbox%26settings%3DeyJpZCI6NTg4NTYsInVybCI6Imh0dHBzOlwvXC93d3cubGljaGVuLnBsXC93cC1jb250ZW50XC91cGxvYWRzXC8yMDIzXC8wOVwvSU1HXzUyNjAuanBnIiwic2xpZGVzaG93IjoiNzA5MzgxMiJ9\" href='https:\/\/www.lichen.pl\/wp-content\/uploads\/2023\/09\/IMG_5260.jpg'><img loading=\"lazy\" decoding=\"async\" width=\"150\" height=\"150\" src=\"https:\/\/www.lichen.pl\/wp-content\/uploads\/2023\/09\/IMG_5260-150x150.jpg\" class=\"attachment-thumbnail size-thumbnail\" alt=\"\" srcset=\"https:\/\/www.lichen.pl\/wp-content\/uploads\/2023\/09\/IMG_5260-150x150.jpg 150w, https:\/\/www.lichen.pl\/wp-content\/uploads\/2023\/09\/IMG_5260-300x300.jpg 300w\" sizes=\"(max-width: 150px) 100vw, 150px\" \/><\/a>\n\t\t\t<\/div><\/figure><figure class='gallery-item'>\n\t\t\t<div class='gallery-icon landscape'>\n\t\t\t\t<a data-elementor-open-lightbox=\"yes\" data-elementor-lightbox-slideshow=\"7093812\" data-elementor-lightbox-title=\"IMG_5263\" data-e-action-hash=\"#elementor-action%3Aaction%3Dlightbox%26settings%3DeyJpZCI6NTg4NTUsInVybCI6Imh0dHBzOlwvXC93d3cubGljaGVuLnBsXC93cC1jb250ZW50XC91cGxvYWRzXC8yMDIzXC8wOVwvSU1HXzUyNjMuanBnIiwic2xpZGVzaG93IjoiNzA5MzgxMiJ9\" href='https:\/\/www.lichen.pl\/wp-content\/uploads\/2023\/09\/IMG_5263.jpg'><img loading=\"lazy\" decoding=\"async\" width=\"150\" height=\"150\" src=\"https:\/\/www.lichen.pl\/wp-content\/uploads\/2023\/09\/IMG_5263-150x150.jpg\" class=\"attachment-thumbnail size-thumbnail\" alt=\"\" srcset=\"https:\/\/www.lichen.pl\/wp-content\/uploads\/2023\/09\/IMG_5263-150x150.jpg 150w, https:\/\/www.lichen.pl\/wp-content\/uploads\/2023\/09\/IMG_5263-300x300.jpg 300w\" sizes=\"(max-width: 150px) 100vw, 150px\" \/><\/a>\n\t\t\t<\/div><\/figure><figure class='gallery-item'>\n\t\t\t<div class='gallery-icon landscape'>\n\t\t\t\t<a data-elementor-open-lightbox=\"yes\" data-elementor-lightbox-slideshow=\"7093812\" data-elementor-lightbox-title=\"IMG_5275\" data-e-action-hash=\"#elementor-action%3Aaction%3Dlightbox%26settings%3DeyJpZCI6NTg4NTEsInVybCI6Imh0dHBzOlwvXC93d3cubGljaGVuLnBsXC93cC1jb250ZW50XC91cGxvYWRzXC8yMDIzXC8wOVwvSU1HXzUyNzUuanBnIiwic2xpZGVzaG93IjoiNzA5MzgxMiJ9\" href='https:\/\/www.lichen.pl\/wp-content\/uploads\/2023\/09\/IMG_5275.jpg'><img loading=\"lazy\" decoding=\"async\" width=\"150\" height=\"150\" src=\"https:\/\/www.lichen.pl\/wp-content\/uploads\/2023\/09\/IMG_5275-150x150.jpg\" class=\"attachment-thumbnail size-thumbnail\" alt=\"\" srcset=\"https:\/\/www.lichen.pl\/wp-content\/uploads\/2023\/09\/IMG_5275-150x150.jpg 150w, https:\/\/www.lichen.pl\/wp-content\/uploads\/2023\/09\/IMG_5275-300x300.jpg 300w\" sizes=\"(max-width: 150px) 100vw, 150px\" \/><\/a>\n\t\t\t<\/div><\/figure><figure class='gallery-item'>\n\t\t\t<div class='gallery-icon landscape'>\n\t\t\t\t<a data-elementor-open-lightbox=\"yes\" data-elementor-lightbox-slideshow=\"7093812\" data-elementor-lightbox-title=\"IMG_5286\" data-e-action-hash=\"#elementor-action%3Aaction%3Dlightbox%26settings%3DeyJpZCI6NTg4NTAsInVybCI6Imh0dHBzOlwvXC93d3cubGljaGVuLnBsXC93cC1jb250ZW50XC91cGxvYWRzXC8yMDIzXC8wOVwvSU1HXzUyODYuanBnIiwic2xpZGVzaG93IjoiNzA5MzgxMiJ9\" href='https:\/\/www.lichen.pl\/wp-content\/uploads\/2023\/09\/IMG_5286.jpg'><img loading=\"lazy\" decoding=\"async\" width=\"150\" height=\"150\" src=\"https:\/\/www.lichen.pl\/wp-content\/uploads\/2023\/09\/IMG_5286-150x150.jpg\" class=\"attachment-thumbnail size-thumbnail\" alt=\"\" srcset=\"https:\/\/www.lichen.pl\/wp-content\/uploads\/2023\/09\/IMG_5286-150x150.jpg 150w, https:\/\/www.lichen.pl\/wp-content\/uploads\/2023\/09\/IMG_5286-300x300.jpg 300w\" sizes=\"(max-width: 150px) 100vw, 150px\" \/><\/a>\n\t\t\t<\/div><\/figure>\n\t\t<\/div>\n\t\t<\/div>\n\t\t\t\t\t\t<\/div>\n\t\t\t\t<\/div>\n\t\t\t\t<div class=\"elementor-element elementor-element-fad64e5 elementor-widget elementor-widget-text-editor\" data-id=\"fad64e5\" data-element_type=\"widget\" data-e-type=\"widget\" data-widget_type=\"text-editor.default\">\n\t\t\t\t<div class=\"elementor-widget-container\">\n\t\t\t\t\t\t\t\t\t<p>Pocz\u0105tki liche\u0144skiego sanktuarium si\u0119gaj\u0105 po\u0142owy XIX wieku. Wi\u0105\u017c\u0105 si\u0119 z objawieniami Matki Bo\u017cej, kt\u00f3re mia\u0142y miejsce w oddalonym o ok. 2 kilometry lesie gr\u0105bli\u0144skim. W maju 1850 roku pasterz Miko\u0142aj Sikatka by\u0142 tam \u015bwiadkiem objawie\u0144 Matki Bo\u017cej. Zgodnie z przekazem, Maryja nawo\u0142ywa\u0142a do nawr\u00f3cenia, pokuty i modlitwy. Zapowiedzia\u0142a tak\u017ce epidemi\u0119 cholery, kt\u00f3ra niebawem dotar\u0142a do Wielkopolski.<\/p>\n<p>\u201eOd kilku lat w parafii Liche\u0144 znajdowa\u0142 si\u0119 w borze, pod wsi\u0105 Gr\u0105blin, obraz Matki Boskiej, na so\u015bnie przybity przez jednego z parafian tutejszych, ju\u017c zmar\u0142ego. W tym\u017ce boru, w blisko\u015bci obrazu, pasterz byd\u0142a z pomienionej wsi, od dw\u00f3ch lat mia\u0142 widywa\u0107 osob\u0119 nieznan\u0105, jakoby z innego \u015bwiata, kt\u00f3ra za po\u015brednictwem tego\u017c pasterza stara\u0142a si\u0119 zach\u0119ca\u0107 lud tutejszy do prawdziwej pokuty, odmiany dotychczasowego, z wielu miar nagannego \u017cycia, z poleceniem zebrania na trzy Msze \u015bw. ja\u0142mu\u017cny z ca\u0142ej parafii, na uproszenie od Boga odwr\u00f3cenia wisz\u0105cych kar i chor\u00f3b nad wyst\u0119pnymi \u2026\u201d \u2013 czytamy w raporcie ks. Floriana Kosi\u0144skiego, \u00f3wczesnego proboszcza liche\u0144skiego z 5 listopada 1852 r. Dokument na temat nadzwyczajnych wydarze\u0144 zosta\u0142 sporz\u0105dzony dla w\u0142adz ko\u015bcielnych w Kaliszu i jest najstarszym \u017ar\u00f3d\u0142em historycznym potwierdzaj\u0105cym fakt objawie\u0144 i relacjonuj\u0105cym ich tre\u015b\u0107.<\/p>\n<p>Decyzj\u0105 konsystorza biskupiego w Kaliszu obraz zosta\u0142 przeniesiony 29 wrze\u015bnia 1852 r. z lasu do kaplicy cmentarnej w Licheniu, pe\u0142ni\u0105cej w\u00f3wczas funkcj\u0119 \u015bwi\u0105tyni parafialnej. Uroczysto\u015b\u0107 zgromadzi\u0142a wielu wiernych. Wzi\u0119\u0142y w niej udzia\u0142 w\u0142adze duchowe, cywilne i wojskowe. Wydarzenie to da\u0142o pocz\u0105tek liche\u0144skiemu sanktuarium i rozpocz\u0119\u0142o nowy etap \u017cycia parafii, odt\u0105d ju\u017c \u015bci\u015ble zwi\u0105zany ze czci\u0105 Matki Bo\u017cej Liche\u0144skiej. Pi\u0119\u0107 lat p\u00f3\u017aniej, w 1857 roku cudowny obraz przeniesiono do nowej murowanej \u015bwi\u0105tyni pw. \u015bw. Doroty, sk\u0105d po 149 latach zosta\u0142 przeniesiony do bazyliki.<\/p>\n<p><\/p>\t\t\t\t\t\t\t\t<\/div>\n\t\t\t\t<\/div>\n\t\t\t\t\t<\/div>\n\t\t<\/div>\n\t\t\t\t\t<\/div>\n\t\t<\/section>\n\t\t\t\t<\/div>","protected":false},"excerpt":{"rendered":"<p>W niedziel\u0119, 24 wrze\u015bnia w liche\u0144skiej bazylice \u015bwi\u0119towano 171. rocznic\u0119 powstania sanktuarium. Za moment ten uznawany jest dzie\u0144 przeniesienia \u0142askami s\u0142yn\u0105cego obrazu Matki Bo\u017cej z lasu gr\u0105bli\u0144skiego do kaplicy w Licheniu Starym. Ostatnia wrze\u015bniowa niedziela by\u0142a okazj\u0105 do dzi\u0119kczynienia za ponad 170 lat istnienia liche\u0144skiego sanktuarium. Do objawie\u0144 Matki Bo\u017cej w swojej homilii podczas g\u0142\u00f3wnej [&hellip;]<\/p>\n","protected":false},"author":5,"featured_media":58854,"comment_status":"closed","ping_status":"closed","sticky":false,"template":"","format":"standard","meta":{"footnotes":""},"categories":[1],"tags":[],"class_list":["post-58849","post","type-post","status-publish","format-standard","has-post-thumbnail","hentry","category-aktualnosci","wpbf-post"],"yoast_head":"<!-- This site is optimized with the Yoast SEO plugin v27.4 - https:\/\/yoast.com\/product\/yoast-seo-wordpress\/ -->\n<title>171. rocznica powstania sanktuarium - SANKTUARIUM W LICHENIU<\/title>\n<meta name=\"robots\" content=\"index, follow, max-snippet:-1, max-image-preview:large, max-video-preview:-1\" \/>\n<link rel=\"canonical\" href=\"https:\/\/www.lichen.pl\/it\/171-rocznica-powstania-sanktuarium\/\" \/>\n<meta property=\"og:locale\" content=\"it_IT\" \/>\n<meta property=\"og:type\" content=\"article\" \/>\n<meta property=\"og:title\" content=\"171. rocznica powstania sanktuarium - SANKTUARIUM W LICHENIU\" \/>\n<meta property=\"og:description\" content=\"W niedziel\u0119, 24 wrze\u015bnia w liche\u0144skiej bazylice \u015bwi\u0119towano 171. rocznic\u0119 powstania sanktuarium. Za moment ten uznawany jest dzie\u0144 przeniesienia \u0142askami s\u0142yn\u0105cego obrazu Matki Bo\u017cej z lasu gr\u0105bli\u0144skiego do kaplicy w Licheniu Starym. Ostatnia wrze\u015bniowa niedziela by\u0142a okazj\u0105 do dzi\u0119kczynienia za ponad 170 lat istnienia liche\u0144skiego sanktuarium. Do objawie\u0144 Matki Bo\u017cej w swojej homilii podczas g\u0142\u00f3wnej [&hellip;]\" \/>\n<meta property=\"og:url\" content=\"https:\/\/www.lichen.pl\/it\/171-rocznica-powstania-sanktuarium\/\" \/>\n<meta property=\"og:site_name\" content=\"SANKTUARIUM W LICHENIU\" \/>\n<meta property=\"article:published_time\" content=\"2023-09-24T14:41:07+00:00\" \/>\n<meta property=\"article:modified_time\" content=\"2023-09-26T15:17:40+00:00\" \/>\n<meta property=\"og:image\" content=\"https:\/\/www.lichen.pl\/wp-content\/uploads\/2023\/09\/IMG_5268-1024x683.jpg\" \/>\n\t<meta property=\"og:image:width\" content=\"1024\" \/>\n\t<meta property=\"og:image:height\" content=\"683\" \/>\n\t<meta property=\"og:image:type\" content=\"image\/jpeg\" \/>\n<meta name=\"author\" content=\"Justyna Zacharek\" \/>\n<meta name=\"twitter:card\" content=\"summary_large_image\" \/>\n<meta name=\"twitter:label1\" content=\"Scritto da\" \/>\n\t<meta name=\"twitter:data1\" content=\"Justyna Zacharek\" \/>\n\t<meta name=\"twitter:label2\" content=\"Tempo di lettura stimato\" \/>\n\t<meta name=\"twitter:data2\" content=\"6 minuti\" \/>\n<script type=\"application\/ld+json\" class=\"yoast-schema-graph\">{\"@context\":\"https:\\\/\\\/schema.org\",\"@graph\":[{\"@type\":\"Article\",\"@id\":\"https:\\\/\\\/www.lichen.pl\\\/171-rocznica-powstania-sanktuarium\\\/#article\",\"isPartOf\":{\"@id\":\"https:\\\/\\\/www.lichen.pl\\\/171-rocznica-powstania-sanktuarium\\\/\"},\"author\":{\"name\":\"Justyna Zacharek\",\"@id\":\"https:\\\/\\\/www.lichen.pl\\\/fr\\\/#\\\/schema\\\/person\\\/9f57a1408d363022abd305da0323b703\"},\"headline\":\"171. rocznica powstania sanktuarium\",\"datePublished\":\"2023-09-24T14:41:07+00:00\",\"dateModified\":\"2023-09-26T15:17:40+00:00\",\"mainEntityOfPage\":{\"@id\":\"https:\\\/\\\/www.lichen.pl\\\/171-rocznica-powstania-sanktuarium\\\/\"},\"wordCount\":529,\"image\":{\"@id\":\"https:\\\/\\\/www.lichen.pl\\\/171-rocznica-powstania-sanktuarium\\\/#primaryimage\"},\"thumbnailUrl\":\"https:\\\/\\\/www.lichen.pl\\\/wp-content\\\/uploads\\\/2023\\\/09\\\/IMG_5268.jpg\",\"articleSection\":[\"Aktualno\u015bci\"],\"inLanguage\":\"it-IT\"},{\"@type\":\"WebPage\",\"@id\":\"https:\\\/\\\/www.lichen.pl\\\/171-rocznica-powstania-sanktuarium\\\/\",\"url\":\"https:\\\/\\\/www.lichen.pl\\\/171-rocznica-powstania-sanktuarium\\\/\",\"name\":\"171. rocznica powstania sanktuarium - SANKTUARIUM W LICHENIU\",\"isPartOf\":{\"@id\":\"https:\\\/\\\/www.lichen.pl\\\/fr\\\/#website\"},\"primaryImageOfPage\":{\"@id\":\"https:\\\/\\\/www.lichen.pl\\\/171-rocznica-powstania-sanktuarium\\\/#primaryimage\"},\"image\":{\"@id\":\"https:\\\/\\\/www.lichen.pl\\\/171-rocznica-powstania-sanktuarium\\\/#primaryimage\"},\"thumbnailUrl\":\"https:\\\/\\\/www.lichen.pl\\\/wp-content\\\/uploads\\\/2023\\\/09\\\/IMG_5268.jpg\",\"datePublished\":\"2023-09-24T14:41:07+00:00\",\"dateModified\":\"2023-09-26T15:17:40+00:00\",\"author\":{\"@id\":\"https:\\\/\\\/www.lichen.pl\\\/fr\\\/#\\\/schema\\\/person\\\/9f57a1408d363022abd305da0323b703\"},\"breadcrumb\":{\"@id\":\"https:\\\/\\\/www.lichen.pl\\\/171-rocznica-powstania-sanktuarium\\\/#breadcrumb\"},\"inLanguage\":\"it-IT\",\"potentialAction\":[{\"@type\":\"ReadAction\",\"target\":[\"https:\\\/\\\/www.lichen.pl\\\/171-rocznica-powstania-sanktuarium\\\/\"]}]},{\"@type\":\"ImageObject\",\"inLanguage\":\"it-IT\",\"@id\":\"https:\\\/\\\/www.lichen.pl\\\/171-rocznica-powstania-sanktuarium\\\/#primaryimage\",\"url\":\"https:\\\/\\\/www.lichen.pl\\\/wp-content\\\/uploads\\\/2023\\\/09\\\/IMG_5268.jpg\",\"contentUrl\":\"https:\\\/\\\/www.lichen.pl\\\/wp-content\\\/uploads\\\/2023\\\/09\\\/IMG_5268.jpg\",\"width\":1920,\"height\":1280},{\"@type\":\"BreadcrumbList\",\"@id\":\"https:\\\/\\\/www.lichen.pl\\\/171-rocznica-powstania-sanktuarium\\\/#breadcrumb\",\"itemListElement\":[{\"@type\":\"ListItem\",\"position\":1,\"name\":\"Strona g\u0142\u00f3wna\",\"item\":\"https:\\\/\\\/www.lichen.pl\\\/\"},{\"@type\":\"ListItem\",\"position\":2,\"name\":\"171. rocznica powstania sanktuarium\"}]},{\"@type\":\"WebSite\",\"@id\":\"https:\\\/\\\/www.lichen.pl\\\/fr\\\/#website\",\"url\":\"https:\\\/\\\/www.lichen.pl\\\/fr\\\/\",\"name\":\"SANKTUARIUM W LICHENIU\",\"description\":\"MATKI BO\u017bEJ LICHE\u0143SKIEJ BOLESNEJ KR\u00d3LOWEJ POLSKI\",\"potentialAction\":[{\"@type\":\"SearchAction\",\"target\":{\"@type\":\"EntryPoint\",\"urlTemplate\":\"https:\\\/\\\/www.lichen.pl\\\/fr\\\/?s={search_term_string}\"},\"query-input\":{\"@type\":\"PropertyValueSpecification\",\"valueRequired\":true,\"valueName\":\"search_term_string\"}}],\"inLanguage\":\"it-IT\"},{\"@type\":\"Person\",\"@id\":\"https:\\\/\\\/www.lichen.pl\\\/fr\\\/#\\\/schema\\\/person\\\/9f57a1408d363022abd305da0323b703\",\"name\":\"Justyna Zacharek\",\"image\":{\"@type\":\"ImageObject\",\"inLanguage\":\"it-IT\",\"@id\":\"https:\\\/\\\/secure.gravatar.com\\\/avatar\\\/7be193626a4fb4d6a7d53a7686c3bbf938efff653c427e0182457b838e9d2c3b?s=96&d=retro&r=g\",\"url\":\"https:\\\/\\\/secure.gravatar.com\\\/avatar\\\/7be193626a4fb4d6a7d53a7686c3bbf938efff653c427e0182457b838e9d2c3b?s=96&d=retro&r=g\",\"contentUrl\":\"https:\\\/\\\/secure.gravatar.com\\\/avatar\\\/7be193626a4fb4d6a7d53a7686c3bbf938efff653c427e0182457b838e9d2c3b?s=96&d=retro&r=g\",\"caption\":\"Justyna Zacharek\"},\"url\":\"https:\\\/\\\/www.lichen.pl\\\/it\\\/author\\\/justyna\\\/\"}]}<\/script>\n<!-- \/ Yoast SEO plugin. -->","yoast_head_json":{"title":"171. rocznica powstania sanktuarium - SANKTUARIUM W LICHENIU","robots":{"index":"index","follow":"follow","max-snippet":"max-snippet:-1","max-image-preview":"max-image-preview:large","max-video-preview":"max-video-preview:-1"},"canonical":"https:\/\/www.lichen.pl\/it\/171-rocznica-powstania-sanktuarium\/","og_locale":"it_IT","og_type":"article","og_title":"171. rocznica powstania sanktuarium - SANKTUARIUM W LICHENIU","og_description":"W niedziel\u0119, 24 wrze\u015bnia w liche\u0144skiej bazylice \u015bwi\u0119towano 171. rocznic\u0119 powstania sanktuarium. Za moment ten uznawany jest dzie\u0144 przeniesienia \u0142askami s\u0142yn\u0105cego obrazu Matki Bo\u017cej z lasu gr\u0105bli\u0144skiego do kaplicy w Licheniu Starym. Ostatnia wrze\u015bniowa niedziela by\u0142a okazj\u0105 do dzi\u0119kczynienia za ponad 170 lat istnienia liche\u0144skiego sanktuarium. Do objawie\u0144 Matki Bo\u017cej w swojej homilii podczas g\u0142\u00f3wnej [&hellip;]","og_url":"https:\/\/www.lichen.pl\/it\/171-rocznica-powstania-sanktuarium\/","og_site_name":"SANKTUARIUM W LICHENIU","article_published_time":"2023-09-24T14:41:07+00:00","article_modified_time":"2023-09-26T15:17:40+00:00","og_image":[{"width":1024,"height":683,"url":"https:\/\/www.lichen.pl\/wp-content\/uploads\/2023\/09\/IMG_5268-1024x683.jpg","type":"image\/jpeg"}],"author":"Justyna Zacharek","twitter_card":"summary_large_image","twitter_misc":{"Scritto da":"Justyna Zacharek","Tempo di lettura stimato":"6 minuti"},"schema":{"@context":"https:\/\/schema.org","@graph":[{"@type":"Article","@id":"https:\/\/www.lichen.pl\/171-rocznica-powstania-sanktuarium\/#article","isPartOf":{"@id":"https:\/\/www.lichen.pl\/171-rocznica-powstania-sanktuarium\/"},"author":{"name":"Justyna Zacharek","@id":"https:\/\/www.lichen.pl\/fr\/#\/schema\/person\/9f57a1408d363022abd305da0323b703"},"headline":"171. rocznica powstania sanktuarium","datePublished":"2023-09-24T14:41:07+00:00","dateModified":"2023-09-26T15:17:40+00:00","mainEntityOfPage":{"@id":"https:\/\/www.lichen.pl\/171-rocznica-powstania-sanktuarium\/"},"wordCount":529,"image":{"@id":"https:\/\/www.lichen.pl\/171-rocznica-powstania-sanktuarium\/#primaryimage"},"thumbnailUrl":"https:\/\/www.lichen.pl\/wp-content\/uploads\/2023\/09\/IMG_5268.jpg","articleSection":["Aktualno\u015bci"],"inLanguage":"it-IT"},{"@type":"WebPage","@id":"https:\/\/www.lichen.pl\/171-rocznica-powstania-sanktuarium\/","url":"https:\/\/www.lichen.pl\/171-rocznica-powstania-sanktuarium\/","name":"171. rocznica powstania sanktuarium - SANKTUARIUM W LICHENIU","isPartOf":{"@id":"https:\/\/www.lichen.pl\/fr\/#website"},"primaryImageOfPage":{"@id":"https:\/\/www.lichen.pl\/171-rocznica-powstania-sanktuarium\/#primaryimage"},"image":{"@id":"https:\/\/www.lichen.pl\/171-rocznica-powstania-sanktuarium\/#primaryimage"},"thumbnailUrl":"https:\/\/www.lichen.pl\/wp-content\/uploads\/2023\/09\/IMG_5268.jpg","datePublished":"2023-09-24T14:41:07+00:00","dateModified":"2023-09-26T15:17:40+00:00","author":{"@id":"https:\/\/www.lichen.pl\/fr\/#\/schema\/person\/9f57a1408d363022abd305da0323b703"},"breadcrumb":{"@id":"https:\/\/www.lichen.pl\/171-rocznica-powstania-sanktuarium\/#breadcrumb"},"inLanguage":"it-IT","potentialAction":[{"@type":"ReadAction","target":["https:\/\/www.lichen.pl\/171-rocznica-powstania-sanktuarium\/"]}]},{"@type":"ImageObject","inLanguage":"it-IT","@id":"https:\/\/www.lichen.pl\/171-rocznica-powstania-sanktuarium\/#primaryimage","url":"https:\/\/www.lichen.pl\/wp-content\/uploads\/2023\/09\/IMG_5268.jpg","contentUrl":"https:\/\/www.lichen.pl\/wp-content\/uploads\/2023\/09\/IMG_5268.jpg","width":1920,"height":1280},{"@type":"BreadcrumbList","@id":"https:\/\/www.lichen.pl\/171-rocznica-powstania-sanktuarium\/#breadcrumb","itemListElement":[{"@type":"ListItem","position":1,"name":"Strona g\u0142\u00f3wna","item":"https:\/\/www.lichen.pl\/"},{"@type":"ListItem","position":2,"name":"171. rocznica powstania sanktuarium"}]},{"@type":"WebSite","@id":"https:\/\/www.lichen.pl\/fr\/#website","url":"https:\/\/www.lichen.pl\/fr\/","name":"SANTUARIO IN LICHENIA","description":"LA REGINA ADOLORATA DEL NOSTRO LICHENE DI POLONIA","potentialAction":[{"@type":"SearchAction","target":{"@type":"EntryPoint","urlTemplate":"https:\/\/www.lichen.pl\/fr\/?s={search_term_string}"},"query-input":{"@type":"PropertyValueSpecification","valueRequired":true,"valueName":"search_term_string"}}],"inLanguage":"it-IT"},{"@type":"Person","@id":"https:\/\/www.lichen.pl\/fr\/#\/schema\/person\/9f57a1408d363022abd305da0323b703","name":"Justyna Zacharek","image":{"@type":"ImageObject","inLanguage":"it-IT","@id":"https:\/\/secure.gravatar.com\/avatar\/7be193626a4fb4d6a7d53a7686c3bbf938efff653c427e0182457b838e9d2c3b?s=96&d=retro&r=g","url":"https:\/\/secure.gravatar.com\/avatar\/7be193626a4fb4d6a7d53a7686c3bbf938efff653c427e0182457b838e9d2c3b?s=96&d=retro&r=g","contentUrl":"https:\/\/secure.gravatar.com\/avatar\/7be193626a4fb4d6a7d53a7686c3bbf938efff653c427e0182457b838e9d2c3b?s=96&d=retro&r=g","caption":"Justyna Zacharek"},"url":"https:\/\/www.lichen.pl\/it\/author\/justyna\/"}]}},"_links":{"self":[{"href":"https:\/\/www.lichen.pl\/it\/wp-json\/wp\/v2\/posts\/58849","targetHints":{"allow":["GET"]}}],"collection":[{"href":"https:\/\/www.lichen.pl\/it\/wp-json\/wp\/v2\/posts"}],"about":[{"href":"https:\/\/www.lichen.pl\/it\/wp-json\/wp\/v2\/types\/post"}],"author":[{"embeddable":true,"href":"https:\/\/www.lichen.pl\/it\/wp-json\/wp\/v2\/users\/5"}],"replies":[{"embeddable":true,"href":"https:\/\/www.lichen.pl\/it\/wp-json\/wp\/v2\/comments?post=58849"}],"version-history":[{"count":7,"href":"https:\/\/www.lichen.pl\/it\/wp-json\/wp\/v2\/posts\/58849\/revisions"}],"predecessor-version":[{"id":58871,"href":"https:\/\/www.lichen.pl\/it\/wp-json\/wp\/v2\/posts\/58849\/revisions\/58871"}],"wp:featuredmedia":[{"embeddable":true,"href":"https:\/\/www.lichen.pl\/it\/wp-json\/wp\/v2\/media\/58854"}],"wp:attachment":[{"href":"https:\/\/www.lichen.pl\/it\/wp-json\/wp\/v2\/media?parent=58849"}],"wp:term":[{"taxonomy":"category","embeddable":true,"href":"https:\/\/www.lichen.pl\/it\/wp-json\/wp\/v2\/categories?post=58849"},{"taxonomy":"post_tag","embeddable":true,"href":"https:\/\/www.lichen.pl\/it\/wp-json\/wp\/v2\/tags?post=58849"}],"curies":[{"name":"wp","href":"https:\/\/api.w.org\/{rel}","templated":true}]}}