{"id":59115,"date":"2023-09-27T13:09:49","date_gmt":"2023-09-27T11:09:49","guid":{"rendered":"https:\/\/www.lichen.pl\/?p=59115"},"modified":"2023-10-02T13:14:43","modified_gmt":"2023-10-02T11:14:43","slug":"rekolekcje-maryjne-kryzys","status":"publish","type":"post","link":"https:\/\/www.lichen.pl\/it\/rekolekcje-maryjne-kryzys\/","title":{"rendered":"Maryja &#8211; Patronka ludzkich kryzys\u00f3w"},"content":{"rendered":"<div data-elementor-type=\"wp-post\" data-elementor-id=\"59115\" class=\"elementor elementor-59115\" data-elementor-post-type=\"post\">\n\t\t\t\t\t\t<section class=\"elementor-section elementor-top-section elementor-element elementor-element-ab5118a elementor-section-boxed elementor-section-height-default elementor-section-height-default\" data-id=\"ab5118a\" data-element_type=\"section\" data-e-type=\"section\">\n\t\t\t\t\t\t<div class=\"elementor-container elementor-column-gap-default\">\n\t\t\t\t\t<div class=\"elementor-column elementor-col-100 elementor-top-column elementor-element elementor-element-c322e9b\" data-id=\"c322e9b\" data-element_type=\"column\" data-e-type=\"column\">\n\t\t\t<div class=\"elementor-widget-wrap elementor-element-populated\">\n\t\t\t\t\t\t<div class=\"elementor-element elementor-element-ceaeb56 elementor-widget elementor-widget-text-editor\" data-id=\"ceaeb56\" data-element_type=\"widget\" data-e-type=\"widget\" data-widget_type=\"text-editor.default\">\n\t\t\t\t<div class=\"elementor-widget-container\">\n\t\t\t\t\t\t\t\t\t<div class=\"xdj266r x11i5rnm xat24cr x1mh8g0r x1vvkbs x126k92a\"><div dir=\"auto\"><strong>\u201dMaryja \u2013 patronka ludzkich kryzys\u00f3w\u201d to temat rekolekcji maryjnych, jakie odby\u0142y si\u0119 w miniony weekend w sanktuarium. Wydarzenie skierowane by\u0142o do os\u00f3b prze\u017cywaj\u0105cych \u017cyciowe trudno\u015bci.<\/strong><\/div><\/div>\t\t\t\t\t\t\t\t<\/div>\n\t\t\t\t<\/div>\n\t\t\t\t<section class=\"elementor-section elementor-inner-section elementor-element elementor-element-38023aa elementor-section-boxed elementor-section-height-default elementor-section-height-default\" data-id=\"38023aa\" data-element_type=\"section\" data-e-type=\"section\">\n\t\t\t\t\t\t<div class=\"elementor-container elementor-column-gap-default\">\n\t\t\t\t\t<div class=\"elementor-column elementor-col-50 elementor-inner-column elementor-element elementor-element-b6e12a4\" data-id=\"b6e12a4\" data-element_type=\"column\" data-e-type=\"column\">\n\t\t\t<div class=\"elementor-widget-wrap elementor-element-populated\">\n\t\t\t\t\t\t<div class=\"elementor-element elementor-element-ca488e0 elementor-widget elementor-widget-image\" data-id=\"ca488e0\" data-element_type=\"widget\" data-e-type=\"widget\" data-widget_type=\"image.default\">\n\t\t\t\t<div class=\"elementor-widget-container\">\n\t\t\t\t\t\t\t\t\t\t\t\t\t\t\t<img fetchpriority=\"high\" decoding=\"async\" width=\"1024\" height=\"683\" src=\"https:\/\/www.lichen.pl\/wp-content\/uploads\/2023\/10\/rekolekcje-maryjne-wrzesien-23-1024x683.jpg\" class=\"attachment-large size-large wp-image-59116\" alt=\"\" srcset=\"https:\/\/www.lichen.pl\/wp-content\/uploads\/2023\/10\/rekolekcje-maryjne-wrzesien-23-1024x683.jpg 1024w, https:\/\/www.lichen.pl\/wp-content\/uploads\/2023\/10\/rekolekcje-maryjne-wrzesien-23-800x533.jpg 800w, https:\/\/www.lichen.pl\/wp-content\/uploads\/2023\/10\/rekolekcje-maryjne-wrzesien-23-300x200.jpg 300w, https:\/\/www.lichen.pl\/wp-content\/uploads\/2023\/10\/rekolekcje-maryjne-wrzesien-23-768x512.jpg 768w, https:\/\/www.lichen.pl\/wp-content\/uploads\/2023\/10\/rekolekcje-maryjne-wrzesien-23-1536x1024.jpg 1536w, https:\/\/www.lichen.pl\/wp-content\/uploads\/2023\/10\/rekolekcje-maryjne-wrzesien-23-18x12.jpg 18w, https:\/\/www.lichen.pl\/wp-content\/uploads\/2023\/10\/rekolekcje-maryjne-wrzesien-23.jpg 1920w\" sizes=\"(max-width: 1024px) 100vw, 1024px\" \/>\t\t\t\t\t\t\t\t\t\t\t\t\t\t\t<\/div>\n\t\t\t\t<\/div>\n\t\t\t\t\t<\/div>\n\t\t<\/div>\n\t\t\t\t<div class=\"elementor-column elementor-col-50 elementor-inner-column elementor-element elementor-element-c9196ab\" data-id=\"c9196ab\" data-element_type=\"column\" data-e-type=\"column\">\n\t\t\t<div class=\"elementor-widget-wrap elementor-element-populated\">\n\t\t\t\t\t\t<div class=\"elementor-element elementor-element-888abe6 elementor-widget elementor-widget-text-editor\" data-id=\"888abe6\" data-element_type=\"widget\" data-e-type=\"widget\" data-widget_type=\"text-editor.default\">\n\t\t\t\t<div class=\"elementor-widget-container\">\n\t\t\t\t\t\t\t\t\t<div class=\"xdj266r x11i5rnm xat24cr x1mh8g0r x1vvkbs x126k92a\"><div dir=\"auto\">Uczestnicy zostali zaproszeni, by powierzy\u0107 swoje troski Matce Bo\u017cej, kt\u00f3ra najbezpieczniejsz\u0105 z dr\u00f3g prowadzi do swojego Syna, Jezusa Chrystusa. Rekolekcje poprowadzi\u0142 ks. Janusz Kumala MIC, dyrektor Centrum Formacji Maryjnej.<\/div><\/div><div class=\"x11i5rnm xat24cr x1mh8g0r x1vvkbs xtlvy1s x126k92a\"><div dir=\"auto\">&#8211; Przechodz\u0119 w \u017cyciu pewne kryzysy. Oczekiwa\u0142am, \u017ce tutaj uzyskam \u015bwiat\u0142o od Pana Boga, kt\u00f3re pomo\u017ce mi je przej\u015b\u0107, nakieruje na rozwi\u0105zania &#8211; opowiada\u0142a pani Magda z Barlina w wojew\u00f3dztwie kujawsko-pomorskim &#8211; W czasie rekolekcji odczuwa\u0142am wielki spo\u00f3k\u00f3j. S\u0142owa prowadz\u0105cego nape\u0142nia\u0142y mnie nadziej\u0105 i u\u015bwiadamia\u0142y wa\u017cne rzeczy, np. to, \u017ce B\u00f3g mnie kocha. Us\u0142ysza\u0142am o fundamencie, \u017ce B\u00f3g jest zawsze przy mnie i pragnie mojego szcz\u0119\u015bcia.<\/div><\/div>\t\t\t\t\t\t\t\t<\/div>\n\t\t\t\t<\/div>\n\t\t\t\t\t<\/div>\n\t\t<\/div>\n\t\t\t\t\t<\/div>\n\t\t<\/section>\n\t\t\t\t<div class=\"elementor-element elementor-element-d6d09c4 elementor-widget elementor-widget-text-editor\" data-id=\"d6d09c4\" data-element_type=\"widget\" data-e-type=\"widget\" data-widget_type=\"text-editor.default\">\n\t\t\t\t<div class=\"elementor-widget-container\">\n\t\t\t\t\t\t\t\t\t<div class=\"xdj266r x11i5rnm xat24cr x1mh8g0r x1vvkbs x126k92a\">\u00a0<\/div><div class=\"x11i5rnm xat24cr x1mh8g0r x1vvkbs xtlvy1s x126k92a\"><div dir=\"auto\">Wi\u0119cej temat\u00f3w rekolekcji maryjnych na stronie: maryja.pl.<\/div><div dir=\"auto\">Zapisy pod numerem telefonu 667 877 788.<\/div><\/div>\t\t\t\t\t\t\t\t<\/div>\n\t\t\t\t<\/div>\n\t\t\t\t<div class=\"elementor-element elementor-element-d56c072 elementor-widget elementor-widget-image\" data-id=\"d56c072\" data-element_type=\"widget\" data-e-type=\"widget\" data-widget_type=\"image.default\">\n\t\t\t\t<div class=\"elementor-widget-container\">\n\t\t\t\t\t\t\t\t\t\t\t\t\t\t\t<img decoding=\"async\" width=\"1024\" height=\"683\" src=\"https:\/\/www.lichen.pl\/wp-content\/uploads\/2023\/10\/Rekolekcje-maryjne-1024x683.jpg\" class=\"attachment-large size-large wp-image-59117\" alt=\"\" srcset=\"https:\/\/www.lichen.pl\/wp-content\/uploads\/2023\/10\/Rekolekcje-maryjne-1024x683.jpg 1024w, https:\/\/www.lichen.pl\/wp-content\/uploads\/2023\/10\/Rekolekcje-maryjne-800x533.jpg 800w, https:\/\/www.lichen.pl\/wp-content\/uploads\/2023\/10\/Rekolekcje-maryjne-300x200.jpg 300w, https:\/\/www.lichen.pl\/wp-content\/uploads\/2023\/10\/Rekolekcje-maryjne-768x512.jpg 768w, https:\/\/www.lichen.pl\/wp-content\/uploads\/2023\/10\/Rekolekcje-maryjne-1536x1024.jpg 1536w, https:\/\/www.lichen.pl\/wp-content\/uploads\/2023\/10\/Rekolekcje-maryjne-18x12.jpg 18w, https:\/\/www.lichen.pl\/wp-content\/uploads\/2023\/10\/Rekolekcje-maryjne.jpg 1920w\" sizes=\"(max-width: 1024px) 100vw, 1024px\" \/>\t\t\t\t\t\t\t\t\t\t\t\t\t\t\t<\/div>\n\t\t\t\t<\/div>\n\t\t\t\t\t<\/div>\n\t\t<\/div>\n\t\t\t\t\t<\/div>\n\t\t<\/section>\n\t\t\t\t<\/div>","protected":false},"excerpt":{"rendered":"<p>\u201dMaryja \u2013 patronka ludzkich kryzys\u00f3w\u201d to temat rekolekcji maryjnych, jakie odby\u0142y si\u0119 w miniony weekend w sanktuarium. Wydarzenie skierowane by\u0142o do os\u00f3b prze\u017cywaj\u0105cych \u017cyciowe trudno\u015bci. Uczestnicy zostali zaproszeni, by powierzy\u0107 swoje troski Matce Bo\u017cej, kt\u00f3ra najbezpieczniejsz\u0105 z dr\u00f3g prowadzi do swojego Syna, Jezusa Chrystusa. Rekolekcje poprowadzi\u0142 ks. Janusz Kumala MIC, dyrektor Centrum Formacji Maryjnej.- Przechodz\u0119 [&hellip;]<\/p>\n","protected":false},"author":5,"featured_media":59117,"comment_status":"closed","ping_status":"closed","sticky":false,"template":"","format":"standard","meta":{"footnotes":""},"categories":[1],"tags":[],"class_list":["post-59115","post","type-post","status-publish","format-standard","has-post-thumbnail","hentry","category-aktualnosci","wpbf-post"],"yoast_head":"<!-- This site is optimized with the Yoast SEO plugin v27.4 - https:\/\/yoast.com\/product\/yoast-seo-wordpress\/ -->\n<title>Maryja - Patronka ludzkich kryzys\u00f3w - SANKTUARIUM W LICHENIU<\/title>\n<meta name=\"robots\" content=\"index, follow, max-snippet:-1, max-image-preview:large, max-video-preview:-1\" \/>\n<link rel=\"canonical\" href=\"https:\/\/www.lichen.pl\/it\/rekolekcje-maryjne-kryzys\/\" \/>\n<meta property=\"og:locale\" content=\"it_IT\" \/>\n<meta property=\"og:type\" content=\"article\" \/>\n<meta property=\"og:title\" content=\"Maryja - Patronka ludzkich kryzys\u00f3w - SANKTUARIUM W LICHENIU\" \/>\n<meta property=\"og:description\" content=\"\u201dMaryja \u2013 patronka ludzkich kryzys\u00f3w\u201d to temat rekolekcji maryjnych, jakie odby\u0142y si\u0119 w miniony weekend w sanktuarium. Wydarzenie skierowane by\u0142o do os\u00f3b prze\u017cywaj\u0105cych \u017cyciowe trudno\u015bci. Uczestnicy zostali zaproszeni, by powierzy\u0107 swoje troski Matce Bo\u017cej, kt\u00f3ra najbezpieczniejsz\u0105 z dr\u00f3g prowadzi do swojego Syna, Jezusa Chrystusa. Rekolekcje poprowadzi\u0142 ks. Janusz Kumala MIC, dyrektor Centrum Formacji Maryjnej.- Przechodz\u0119 [&hellip;]\" \/>\n<meta property=\"og:url\" content=\"https:\/\/www.lichen.pl\/it\/rekolekcje-maryjne-kryzys\/\" \/>\n<meta property=\"og:site_name\" content=\"SANKTUARIUM W LICHENIU\" \/>\n<meta property=\"article:published_time\" content=\"2023-09-27T11:09:49+00:00\" \/>\n<meta property=\"article:modified_time\" content=\"2023-10-02T11:14:43+00:00\" \/>\n<meta property=\"og:image\" content=\"https:\/\/www.lichen.pl\/wp-content\/uploads\/2023\/10\/Rekolekcje-maryjne.jpg\" \/>\n\t<meta property=\"og:image:width\" content=\"1920\" \/>\n\t<meta property=\"og:image:height\" content=\"1280\" \/>\n\t<meta property=\"og:image:type\" content=\"image\/jpeg\" \/>\n<meta name=\"author\" content=\"Justyna Zacharek\" \/>\n<meta name=\"twitter:card\" content=\"summary_large_image\" \/>\n<meta name=\"twitter:label1\" content=\"Scritto da\" \/>\n\t<meta name=\"twitter:data1\" content=\"Justyna Zacharek\" \/>\n\t<meta name=\"twitter:label2\" content=\"Tempo di lettura stimato\" \/>\n\t<meta name=\"twitter:data2\" content=\"2 minuti\" \/>\n<script type=\"application\/ld+json\" class=\"yoast-schema-graph\">{\"@context\":\"https:\\\/\\\/schema.org\",\"@graph\":[{\"@type\":\"Article\",\"@id\":\"https:\\\/\\\/www.lichen.pl\\\/rekolekcje-maryjne-kryzys\\\/#article\",\"isPartOf\":{\"@id\":\"https:\\\/\\\/www.lichen.pl\\\/rekolekcje-maryjne-kryzys\\\/\"},\"author\":{\"name\":\"Justyna Zacharek\",\"@id\":\"https:\\\/\\\/www.lichen.pl\\\/fr\\\/#\\\/schema\\\/person\\\/9f57a1408d363022abd305da0323b703\"},\"headline\":\"Maryja &#8211; Patronka ludzkich kryzys\u00f3w\",\"datePublished\":\"2023-09-27T11:09:49+00:00\",\"dateModified\":\"2023-10-02T11:14:43+00:00\",\"mainEntityOfPage\":{\"@id\":\"https:\\\/\\\/www.lichen.pl\\\/rekolekcje-maryjne-kryzys\\\/\"},\"wordCount\":171,\"image\":{\"@id\":\"https:\\\/\\\/www.lichen.pl\\\/rekolekcje-maryjne-kryzys\\\/#primaryimage\"},\"thumbnailUrl\":\"https:\\\/\\\/www.lichen.pl\\\/wp-content\\\/uploads\\\/2023\\\/10\\\/Rekolekcje-maryjne.jpg\",\"articleSection\":[\"Aktualno\u015bci\"],\"inLanguage\":\"it-IT\"},{\"@type\":\"WebPage\",\"@id\":\"https:\\\/\\\/www.lichen.pl\\\/rekolekcje-maryjne-kryzys\\\/\",\"url\":\"https:\\\/\\\/www.lichen.pl\\\/rekolekcje-maryjne-kryzys\\\/\",\"name\":\"Maryja - Patronka ludzkich kryzys\u00f3w - SANKTUARIUM W LICHENIU\",\"isPartOf\":{\"@id\":\"https:\\\/\\\/www.lichen.pl\\\/fr\\\/#website\"},\"primaryImageOfPage\":{\"@id\":\"https:\\\/\\\/www.lichen.pl\\\/rekolekcje-maryjne-kryzys\\\/#primaryimage\"},\"image\":{\"@id\":\"https:\\\/\\\/www.lichen.pl\\\/rekolekcje-maryjne-kryzys\\\/#primaryimage\"},\"thumbnailUrl\":\"https:\\\/\\\/www.lichen.pl\\\/wp-content\\\/uploads\\\/2023\\\/10\\\/Rekolekcje-maryjne.jpg\",\"datePublished\":\"2023-09-27T11:09:49+00:00\",\"dateModified\":\"2023-10-02T11:14:43+00:00\",\"author\":{\"@id\":\"https:\\\/\\\/www.lichen.pl\\\/fr\\\/#\\\/schema\\\/person\\\/9f57a1408d363022abd305da0323b703\"},\"breadcrumb\":{\"@id\":\"https:\\\/\\\/www.lichen.pl\\\/rekolekcje-maryjne-kryzys\\\/#breadcrumb\"},\"inLanguage\":\"it-IT\",\"potentialAction\":[{\"@type\":\"ReadAction\",\"target\":[\"https:\\\/\\\/www.lichen.pl\\\/rekolekcje-maryjne-kryzys\\\/\"]}]},{\"@type\":\"ImageObject\",\"inLanguage\":\"it-IT\",\"@id\":\"https:\\\/\\\/www.lichen.pl\\\/rekolekcje-maryjne-kryzys\\\/#primaryimage\",\"url\":\"https:\\\/\\\/www.lichen.pl\\\/wp-content\\\/uploads\\\/2023\\\/10\\\/Rekolekcje-maryjne.jpg\",\"contentUrl\":\"https:\\\/\\\/www.lichen.pl\\\/wp-content\\\/uploads\\\/2023\\\/10\\\/Rekolekcje-maryjne.jpg\",\"width\":1920,\"height\":1280},{\"@type\":\"BreadcrumbList\",\"@id\":\"https:\\\/\\\/www.lichen.pl\\\/rekolekcje-maryjne-kryzys\\\/#breadcrumb\",\"itemListElement\":[{\"@type\":\"ListItem\",\"position\":1,\"name\":\"Strona g\u0142\u00f3wna\",\"item\":\"https:\\\/\\\/www.lichen.pl\\\/\"},{\"@type\":\"ListItem\",\"position\":2,\"name\":\"Maryja &#8211; Patronka ludzkich kryzys\u00f3w\"}]},{\"@type\":\"WebSite\",\"@id\":\"https:\\\/\\\/www.lichen.pl\\\/fr\\\/#website\",\"url\":\"https:\\\/\\\/www.lichen.pl\\\/fr\\\/\",\"name\":\"SANKTUARIUM W LICHENIU\",\"description\":\"MATKI BO\u017bEJ LICHE\u0143SKIEJ BOLESNEJ KR\u00d3LOWEJ POLSKI\",\"potentialAction\":[{\"@type\":\"SearchAction\",\"target\":{\"@type\":\"EntryPoint\",\"urlTemplate\":\"https:\\\/\\\/www.lichen.pl\\\/fr\\\/?s={search_term_string}\"},\"query-input\":{\"@type\":\"PropertyValueSpecification\",\"valueRequired\":true,\"valueName\":\"search_term_string\"}}],\"inLanguage\":\"it-IT\"},{\"@type\":\"Person\",\"@id\":\"https:\\\/\\\/www.lichen.pl\\\/fr\\\/#\\\/schema\\\/person\\\/9f57a1408d363022abd305da0323b703\",\"name\":\"Justyna Zacharek\",\"image\":{\"@type\":\"ImageObject\",\"inLanguage\":\"it-IT\",\"@id\":\"https:\\\/\\\/secure.gravatar.com\\\/avatar\\\/7be193626a4fb4d6a7d53a7686c3bbf938efff653c427e0182457b838e9d2c3b?s=96&d=retro&r=g\",\"url\":\"https:\\\/\\\/secure.gravatar.com\\\/avatar\\\/7be193626a4fb4d6a7d53a7686c3bbf938efff653c427e0182457b838e9d2c3b?s=96&d=retro&r=g\",\"contentUrl\":\"https:\\\/\\\/secure.gravatar.com\\\/avatar\\\/7be193626a4fb4d6a7d53a7686c3bbf938efff653c427e0182457b838e9d2c3b?s=96&d=retro&r=g\",\"caption\":\"Justyna Zacharek\"},\"url\":\"https:\\\/\\\/www.lichen.pl\\\/it\\\/author\\\/justyna\\\/\"}]}<\/script>\n<!-- \/ Yoast SEO plugin. -->","yoast_head_json":{"title":"Maryja - Patronka ludzkich kryzys\u00f3w - SANKTUARIUM W LICHENIU","robots":{"index":"index","follow":"follow","max-snippet":"max-snippet:-1","max-image-preview":"max-image-preview:large","max-video-preview":"max-video-preview:-1"},"canonical":"https:\/\/www.lichen.pl\/it\/rekolekcje-maryjne-kryzys\/","og_locale":"it_IT","og_type":"article","og_title":"Maryja - Patronka ludzkich kryzys\u00f3w - SANKTUARIUM W LICHENIU","og_description":"\u201dMaryja \u2013 patronka ludzkich kryzys\u00f3w\u201d to temat rekolekcji maryjnych, jakie odby\u0142y si\u0119 w miniony weekend w sanktuarium. Wydarzenie skierowane by\u0142o do os\u00f3b prze\u017cywaj\u0105cych \u017cyciowe trudno\u015bci. Uczestnicy zostali zaproszeni, by powierzy\u0107 swoje troski Matce Bo\u017cej, kt\u00f3ra najbezpieczniejsz\u0105 z dr\u00f3g prowadzi do swojego Syna, Jezusa Chrystusa. Rekolekcje poprowadzi\u0142 ks. Janusz Kumala MIC, dyrektor Centrum Formacji Maryjnej.- Przechodz\u0119 [&hellip;]","og_url":"https:\/\/www.lichen.pl\/it\/rekolekcje-maryjne-kryzys\/","og_site_name":"SANKTUARIUM W LICHENIU","article_published_time":"2023-09-27T11:09:49+00:00","article_modified_time":"2023-10-02T11:14:43+00:00","og_image":[{"width":1920,"height":1280,"url":"https:\/\/www.lichen.pl\/wp-content\/uploads\/2023\/10\/Rekolekcje-maryjne.jpg","type":"image\/jpeg"}],"author":"Justyna Zacharek","twitter_card":"summary_large_image","twitter_misc":{"Scritto da":"Justyna Zacharek","Tempo di lettura stimato":"2 minuti"},"schema":{"@context":"https:\/\/schema.org","@graph":[{"@type":"Article","@id":"https:\/\/www.lichen.pl\/rekolekcje-maryjne-kryzys\/#article","isPartOf":{"@id":"https:\/\/www.lichen.pl\/rekolekcje-maryjne-kryzys\/"},"author":{"name":"Justyna Zacharek","@id":"https:\/\/www.lichen.pl\/fr\/#\/schema\/person\/9f57a1408d363022abd305da0323b703"},"headline":"Maryja &#8211; Patronka ludzkich kryzys\u00f3w","datePublished":"2023-09-27T11:09:49+00:00","dateModified":"2023-10-02T11:14:43+00:00","mainEntityOfPage":{"@id":"https:\/\/www.lichen.pl\/rekolekcje-maryjne-kryzys\/"},"wordCount":171,"image":{"@id":"https:\/\/www.lichen.pl\/rekolekcje-maryjne-kryzys\/#primaryimage"},"thumbnailUrl":"https:\/\/www.lichen.pl\/wp-content\/uploads\/2023\/10\/Rekolekcje-maryjne.jpg","articleSection":["Aktualno\u015bci"],"inLanguage":"it-IT"},{"@type":"WebPage","@id":"https:\/\/www.lichen.pl\/rekolekcje-maryjne-kryzys\/","url":"https:\/\/www.lichen.pl\/rekolekcje-maryjne-kryzys\/","name":"Maryja - Patronka ludzkich kryzys\u00f3w - SANKTUARIUM W LICHENIU","isPartOf":{"@id":"https:\/\/www.lichen.pl\/fr\/#website"},"primaryImageOfPage":{"@id":"https:\/\/www.lichen.pl\/rekolekcje-maryjne-kryzys\/#primaryimage"},"image":{"@id":"https:\/\/www.lichen.pl\/rekolekcje-maryjne-kryzys\/#primaryimage"},"thumbnailUrl":"https:\/\/www.lichen.pl\/wp-content\/uploads\/2023\/10\/Rekolekcje-maryjne.jpg","datePublished":"2023-09-27T11:09:49+00:00","dateModified":"2023-10-02T11:14:43+00:00","author":{"@id":"https:\/\/www.lichen.pl\/fr\/#\/schema\/person\/9f57a1408d363022abd305da0323b703"},"breadcrumb":{"@id":"https:\/\/www.lichen.pl\/rekolekcje-maryjne-kryzys\/#breadcrumb"},"inLanguage":"it-IT","potentialAction":[{"@type":"ReadAction","target":["https:\/\/www.lichen.pl\/rekolekcje-maryjne-kryzys\/"]}]},{"@type":"ImageObject","inLanguage":"it-IT","@id":"https:\/\/www.lichen.pl\/rekolekcje-maryjne-kryzys\/#primaryimage","url":"https:\/\/www.lichen.pl\/wp-content\/uploads\/2023\/10\/Rekolekcje-maryjne.jpg","contentUrl":"https:\/\/www.lichen.pl\/wp-content\/uploads\/2023\/10\/Rekolekcje-maryjne.jpg","width":1920,"height":1280},{"@type":"BreadcrumbList","@id":"https:\/\/www.lichen.pl\/rekolekcje-maryjne-kryzys\/#breadcrumb","itemListElement":[{"@type":"ListItem","position":1,"name":"Strona g\u0142\u00f3wna","item":"https:\/\/www.lichen.pl\/"},{"@type":"ListItem","position":2,"name":"Maryja &#8211; Patronka ludzkich kryzys\u00f3w"}]},{"@type":"WebSite","@id":"https:\/\/www.lichen.pl\/fr\/#website","url":"https:\/\/www.lichen.pl\/fr\/","name":"SANTUARIO IN LICHENIA","description":"LA REGINA ADOLORATA DEL NOSTRO LICHENE DI POLONIA","potentialAction":[{"@type":"SearchAction","target":{"@type":"EntryPoint","urlTemplate":"https:\/\/www.lichen.pl\/fr\/?s={search_term_string}"},"query-input":{"@type":"PropertyValueSpecification","valueRequired":true,"valueName":"search_term_string"}}],"inLanguage":"it-IT"},{"@type":"Person","@id":"https:\/\/www.lichen.pl\/fr\/#\/schema\/person\/9f57a1408d363022abd305da0323b703","name":"Justyna Zacharek","image":{"@type":"ImageObject","inLanguage":"it-IT","@id":"https:\/\/secure.gravatar.com\/avatar\/7be193626a4fb4d6a7d53a7686c3bbf938efff653c427e0182457b838e9d2c3b?s=96&d=retro&r=g","url":"https:\/\/secure.gravatar.com\/avatar\/7be193626a4fb4d6a7d53a7686c3bbf938efff653c427e0182457b838e9d2c3b?s=96&d=retro&r=g","contentUrl":"https:\/\/secure.gravatar.com\/avatar\/7be193626a4fb4d6a7d53a7686c3bbf938efff653c427e0182457b838e9d2c3b?s=96&d=retro&r=g","caption":"Justyna Zacharek"},"url":"https:\/\/www.lichen.pl\/it\/author\/justyna\/"}]}},"_links":{"self":[{"href":"https:\/\/www.lichen.pl\/it\/wp-json\/wp\/v2\/posts\/59115","targetHints":{"allow":["GET"]}}],"collection":[{"href":"https:\/\/www.lichen.pl\/it\/wp-json\/wp\/v2\/posts"}],"about":[{"href":"https:\/\/www.lichen.pl\/it\/wp-json\/wp\/v2\/types\/post"}],"author":[{"embeddable":true,"href":"https:\/\/www.lichen.pl\/it\/wp-json\/wp\/v2\/users\/5"}],"replies":[{"embeddable":true,"href":"https:\/\/www.lichen.pl\/it\/wp-json\/wp\/v2\/comments?post=59115"}],"version-history":[{"count":4,"href":"https:\/\/www.lichen.pl\/it\/wp-json\/wp\/v2\/posts\/59115\/revisions"}],"predecessor-version":[{"id":59121,"href":"https:\/\/www.lichen.pl\/it\/wp-json\/wp\/v2\/posts\/59115\/revisions\/59121"}],"wp:featuredmedia":[{"embeddable":true,"href":"https:\/\/www.lichen.pl\/it\/wp-json\/wp\/v2\/media\/59117"}],"wp:attachment":[{"href":"https:\/\/www.lichen.pl\/it\/wp-json\/wp\/v2\/media?parent=59115"}],"wp:term":[{"taxonomy":"category","embeddable":true,"href":"https:\/\/www.lichen.pl\/it\/wp-json\/wp\/v2\/categories?post=59115"},{"taxonomy":"post_tag","embeddable":true,"href":"https:\/\/www.lichen.pl\/it\/wp-json\/wp\/v2\/tags?post=59115"}],"curies":[{"name":"wp","href":"https:\/\/api.w.org\/{rel}","templated":true}]}}