{"id":59158,"date":"2023-10-03T15:09:30","date_gmt":"2023-10-03T13:09:30","guid":{"rendered":"https:\/\/www.lichen.pl\/?p=59158"},"modified":"2023-10-03T21:36:58","modified_gmt":"2023-10-03T19:36:58","slug":"rozaniec-szkola-milosci-kosciola","status":"publish","type":"post","link":"https:\/\/www.lichen.pl\/it\/rozaniec-szkola-milosci-kosciola\/","title":{"rendered":"R\u00f3\u017caniec szko\u0142\u0105 mi\u0142o\u015bci Ko\u015bcio\u0142a &#8211; rekolekcje maryjne"},"content":{"rendered":"<div data-elementor-type=\"wp-post\" data-elementor-id=\"59158\" class=\"elementor elementor-59158\" data-elementor-post-type=\"post\">\n\t\t\t\t\t\t<section class=\"elementor-section elementor-top-section elementor-element elementor-element-e1f22cb elementor-section-boxed elementor-section-height-default elementor-section-height-default\" data-id=\"e1f22cb\" data-element_type=\"section\" data-e-type=\"section\">\n\t\t\t\t\t\t<div class=\"elementor-container elementor-column-gap-default\">\n\t\t\t\t\t<div class=\"elementor-column elementor-col-100 elementor-top-column elementor-element elementor-element-63b020a\" data-id=\"63b020a\" data-element_type=\"column\" data-e-type=\"column\">\n\t\t\t<div class=\"elementor-widget-wrap elementor-element-populated\">\n\t\t\t\t\t\t<div class=\"elementor-element elementor-element-b11e969 elementor-widget elementor-widget-text-editor\" data-id=\"b11e969\" data-element_type=\"widget\" data-e-type=\"widget\" data-widget_type=\"text-editor.default\">\n\t\t\t\t<div class=\"elementor-widget-container\">\n\t\t\t\t\t\t\t\t\t<p><span style=\"color: #000000;\"><strong>Siedemna\u015bcie os\u00f3b pog\u0142\u0119bia\u0142o swoj\u0105 duchowo\u015b\u0107 przez uczestnictwo we Mszy \u015bw., modlitw\u0119 i konferencje podczas rekolekcji r\u00f3\u017ca\u0144cowych w Sanktuarium Matki Bo\u017cej Liche\u0144skiej w dniach 29 wrze\u015bnia-1 pa\u017adziernika.<\/strong><\/span><\/p>\t\t\t\t\t\t\t\t<\/div>\n\t\t\t\t<\/div>\n\t\t\t\t<div class=\"elementor-element elementor-element-770ee89 elementor-widget elementor-widget-image\" data-id=\"770ee89\" data-element_type=\"widget\" data-e-type=\"widget\" data-widget_type=\"image.default\">\n\t\t\t\t<div class=\"elementor-widget-container\">\n\t\t\t\t\t\t\t\t\t\t\t\t\t\t\t<img fetchpriority=\"high\" decoding=\"async\" width=\"1024\" height=\"538\" src=\"https:\/\/www.lichen.pl\/wp-content\/uploads\/2023\/10\/IMG_3028-Pano-1024x538.jpg\" class=\"attachment-large size-large wp-image-59163\" alt=\"\" srcset=\"https:\/\/www.lichen.pl\/wp-content\/uploads\/2023\/10\/IMG_3028-Pano-1024x538.jpg 1024w, https:\/\/www.lichen.pl\/wp-content\/uploads\/2023\/10\/IMG_3028-Pano-800x420.jpg 800w, https:\/\/www.lichen.pl\/wp-content\/uploads\/2023\/10\/IMG_3028-Pano-300x157.jpg 300w, https:\/\/www.lichen.pl\/wp-content\/uploads\/2023\/10\/IMG_3028-Pano-768x403.jpg 768w, https:\/\/www.lichen.pl\/wp-content\/uploads\/2023\/10\/IMG_3028-Pano-1536x806.jpg 1536w, https:\/\/www.lichen.pl\/wp-content\/uploads\/2023\/10\/IMG_3028-Pano-18x9.jpg 18w, https:\/\/www.lichen.pl\/wp-content\/uploads\/2023\/10\/IMG_3028-Pano.jpg 1920w\" sizes=\"(max-width: 1024px) 100vw, 1024px\" \/>\t\t\t\t\t\t\t\t\t\t\t\t\t\t\t<\/div>\n\t\t\t\t<\/div>\n\t\t\t\t<div class=\"elementor-element elementor-element-a219f12 elementor-widget elementor-widget-text-editor\" data-id=\"a219f12\" data-element_type=\"widget\" data-e-type=\"widget\" data-widget_type=\"text-editor.default\">\n\t\t\t\t<div class=\"elementor-widget-container\">\n\t\t\t\t\t\t\t\t\t<p><span style=\"color: #000000;\">Ks. Janusz Kumala MIC, dyrektor Centrum Formacji Maryjnej, kt\u00f3ry przewodniczy\u0142 rekolekcjom, zach\u0119ca\u0142, by modlitwa r\u00f3\u017ca\u0144cowa by\u0142a szko\u0142\u0105 chrze\u015bcija\u0144skiej duchowo\u015bci, umacnia\u0142a wi\u0119\u017a z Panem Bogiem i relacje z drugim cz\u0142owiekiem. Zaznaczy\u0142 tak\u017ce, \u017ce fundamentem Ko\u015bcio\u0142a jest Chrystus, kt\u00f3ry o niego dba, ale to nie zwalnia wiernych z aktywnej obecno\u015bci we wsp\u00f3lnocie i odpowiedzialno\u015bci za Ko\u015bci\u00f3\u0142. Podczas rekolekcji uczestnicy rozwa\u017cali tajemnice Ko\u015bcio\u0142a, Chrystusa i Maryi. Troska o wsp\u00f3lnot\u0119 wierz\u0105cych powinna rozpoczyna\u0107 si\u0119 od dbania o pi\u0119kno w\u0142asnego serca oraz najbli\u017cszych. Marianin wyja\u015bni\u0142, \u017ce mi\u0142o\u015b\u0107 do Ko\u015bcio\u0142a wyra\u017ca si\u0119 poprzez oddawanie czci \u015bwi\u0119tym, inspirowaniem si\u0119 ich postaw\u0105, poprzez modlitw\u0119 za dusze zmar\u0142ych, a tak\u017ce na\u015bladowanie Maryi, kt\u00f3ra pokazuje, jakim wierz\u0105cy maj\u0105 by\u0107 Ko\u015bcio\u0142em.<\/span><\/p>\n<p><span style=\"color: #000000;\">Maryja i liche\u0144skie sanktuarium s\u0105 bardzo bliskie sercu pani Wioletty, kt\u00f3ra przyjecha\u0142a na rekolekcje wraz z nastoletnim synem. \u2013 Przyjecha\u0142am tu, by wi\u0119cej czasu po\u015bwi\u0119ci\u0107 Bogu i Maryi, ale tak\u017ce wyciszy\u0107 si\u0119 i zastanowi\u0107 nad swoim \u017cyciem. Pami\u0119tam sytuacj\u0119, kiedy uczestniczy\u0142y\u015bmy z moj\u0105 mam\u0105 we Mszy \u015bw. w ko\u015bciele \u015bw. Doroty. Po komunii \u015bwi\u0119tej kto\u015b mam\u0119 popchn\u0105\u0142, a jej okulary spad\u0142y i po\u0142ama\u0142y si\u0119. Od tego czasu mama nie nosi\u0142a ju\u017c okular\u00f3w, a jej wada wzroku ust\u0105pi\u0142a \u2013 opowiedzia\u0142a pani Wioletta z Mogilna. \u2013 Kocham Pana Boga, przyje\u017cd\u017camy do liche\u0144skiego sanktuarium r\u00f3wnie\u017c rodzinnie \u2013 dodaje.<\/span><\/p>\t\t\t\t\t\t\t\t<\/div>\n\t\t\t\t<\/div>\n\t\t\t\t<div class=\"elementor-element elementor-element-bfaa957 elementor-widget-divider--view-line elementor-widget elementor-widget-divider\" data-id=\"bfaa957\" data-element_type=\"widget\" data-e-type=\"widget\" data-widget_type=\"divider.default\">\n\t\t\t\t<div class=\"elementor-widget-container\">\n\t\t\t\t\t\t\t<div class=\"elementor-divider\">\n\t\t\t<span class=\"elementor-divider-separator\">\n\t\t\t\t\t\t<\/span>\n\t\t<\/div>\n\t\t\t\t\t\t<\/div>\n\t\t\t\t<\/div>\n\t\t\t\t<div class=\"elementor-element elementor-element-0d74f13 elementor-widget elementor-widget-gallery\" data-id=\"0d74f13\" data-element_type=\"widget\" data-e-type=\"widget\" data-settings=\"{&quot;lazyload&quot;:&quot;yes&quot;,&quot;gallery_layout&quot;:&quot;grid&quot;,&quot;columns&quot;:4,&quot;columns_tablet&quot;:2,&quot;columns_mobile&quot;:1,&quot;gap&quot;:{&quot;unit&quot;:&quot;px&quot;,&quot;size&quot;:10,&quot;sizes&quot;:[]},&quot;gap_tablet&quot;:{&quot;unit&quot;:&quot;px&quot;,&quot;size&quot;:10,&quot;sizes&quot;:[]},&quot;gap_mobile&quot;:{&quot;unit&quot;:&quot;px&quot;,&quot;size&quot;:10,&quot;sizes&quot;:[]},&quot;link_to&quot;:&quot;file&quot;,&quot;aspect_ratio&quot;:&quot;3:2&quot;,&quot;overlay_background&quot;:&quot;yes&quot;,&quot;content_hover_animation&quot;:&quot;fade-in&quot;}\" data-widget_type=\"gallery.default\">\n\t\t\t\t<div class=\"elementor-widget-container\">\n\t\t\t\t\t\t\t<div class=\"elementor-gallery__container\">\n\t\t\t\t\t\t\t<a class=\"e-gallery-item elementor-gallery-item elementor-animated-content\" href=\"https:\/\/www.lichen.pl\/wp-content\/uploads\/2023\/10\/IMG_3025.jpg\" data-elementor-open-lightbox=\"yes\" data-elementor-lightbox-slideshow=\"0d74f13\" data-elementor-lightbox-title=\"IMG_3025\" data-e-action-hash=\"#elementor-action%3Aaction%3Dlightbox%26settings%3DeyJpZCI6NTkxNjIsInVybCI6Imh0dHBzOlwvXC93d3cubGljaGVuLnBsXC93cC1jb250ZW50XC91cGxvYWRzXC8yMDIzXC8xMFwvSU1HXzMwMjUuanBnIiwic2xpZGVzaG93IjoiMGQ3NGYxMyJ9\">\n\t\t\t\t\t<div class=\"e-gallery-image elementor-gallery-item__image\" data-thumbnail=\"https:\/\/www.lichen.pl\/wp-content\/uploads\/2023\/10\/IMG_3025-300x225.jpg\" data-width=\"300\" data-height=\"225\" aria-label=\"\" role=\"img\" ><\/div>\n\t\t\t\t\t\t\t\t\t\t\t<div class=\"elementor-gallery-item__overlay\"><\/div>\n\t\t\t\t\t\t\t\t\t\t\t\t\t\t<\/a>\n\t\t\t\t\t\t\t<a class=\"e-gallery-item elementor-gallery-item elementor-animated-content\" href=\"https:\/\/www.lichen.pl\/wp-content\/uploads\/2023\/10\/IMG_3023.jpg\" data-elementor-open-lightbox=\"yes\" data-elementor-lightbox-slideshow=\"0d74f13\" data-elementor-lightbox-title=\"IMG_3023\" data-e-action-hash=\"#elementor-action%3Aaction%3Dlightbox%26settings%3DeyJpZCI6NTkxNjEsInVybCI6Imh0dHBzOlwvXC93d3cubGljaGVuLnBsXC93cC1jb250ZW50XC91cGxvYWRzXC8yMDIzXC8xMFwvSU1HXzMwMjMuanBnIiwic2xpZGVzaG93IjoiMGQ3NGYxMyJ9\">\n\t\t\t\t\t<div class=\"e-gallery-image elementor-gallery-item__image\" data-thumbnail=\"https:\/\/www.lichen.pl\/wp-content\/uploads\/2023\/10\/IMG_3023-225x300.jpg\" data-width=\"225\" data-height=\"300\" aria-label=\"\" role=\"img\" ><\/div>\n\t\t\t\t\t\t\t\t\t\t\t<div class=\"elementor-gallery-item__overlay\"><\/div>\n\t\t\t\t\t\t\t\t\t\t\t\t\t\t<\/a>\n\t\t\t\t\t\t\t<a class=\"e-gallery-item elementor-gallery-item elementor-animated-content\" href=\"https:\/\/www.lichen.pl\/wp-content\/uploads\/2023\/10\/IMG_3021.jpg\" data-elementor-open-lightbox=\"yes\" data-elementor-lightbox-slideshow=\"0d74f13\" data-elementor-lightbox-title=\"IMG_3021\" data-e-action-hash=\"#elementor-action%3Aaction%3Dlightbox%26settings%3DeyJpZCI6NTkxNTksInVybCI6Imh0dHBzOlwvXC93d3cubGljaGVuLnBsXC93cC1jb250ZW50XC91cGxvYWRzXC8yMDIzXC8xMFwvSU1HXzMwMjEuanBnIiwic2xpZGVzaG93IjoiMGQ3NGYxMyJ9\">\n\t\t\t\t\t<div class=\"e-gallery-image elementor-gallery-item__image\" data-thumbnail=\"https:\/\/www.lichen.pl\/wp-content\/uploads\/2023\/10\/IMG_3021-225x300.jpg\" data-width=\"225\" data-height=\"300\" aria-label=\"\" role=\"img\" ><\/div>\n\t\t\t\t\t\t\t\t\t\t\t<div class=\"elementor-gallery-item__overlay\"><\/div>\n\t\t\t\t\t\t\t\t\t\t\t\t\t\t<\/a>\n\t\t\t\t\t\t\t<a class=\"e-gallery-item elementor-gallery-item elementor-animated-content\" href=\"https:\/\/www.lichen.pl\/wp-content\/uploads\/2023\/10\/IMG_3022.jpg\" data-elementor-open-lightbox=\"yes\" data-elementor-lightbox-slideshow=\"0d74f13\" data-elementor-lightbox-title=\"IMG_3022\" data-e-action-hash=\"#elementor-action%3Aaction%3Dlightbox%26settings%3DeyJpZCI6NTkxNjAsInVybCI6Imh0dHBzOlwvXC93d3cubGljaGVuLnBsXC93cC1jb250ZW50XC91cGxvYWRzXC8yMDIzXC8xMFwvSU1HXzMwMjIuanBnIiwic2xpZGVzaG93IjoiMGQ3NGYxMyJ9\">\n\t\t\t\t\t<div class=\"e-gallery-image elementor-gallery-item__image\" data-thumbnail=\"https:\/\/www.lichen.pl\/wp-content\/uploads\/2023\/10\/IMG_3022-300x225.jpg\" data-width=\"300\" data-height=\"225\" aria-label=\"\" role=\"img\" ><\/div>\n\t\t\t\t\t\t\t\t\t\t\t<div class=\"elementor-gallery-item__overlay\"><\/div>\n\t\t\t\t\t\t\t\t\t\t\t\t\t\t<\/a>\n\t\t\t\t\t<\/div>\n\t\t\t\t\t<\/div>\n\t\t\t\t<\/div>\n\t\t\t\t\t<\/div>\n\t\t<\/div>\n\t\t\t\t\t<\/div>\n\t\t<\/section>\n\t\t\t\t<\/div>","protected":false},"excerpt":{"rendered":"<p>Siedemna\u015bcie os\u00f3b pog\u0142\u0119bia\u0142o swoj\u0105 duchowo\u015b\u0107 przez uczestnictwo we Mszy \u015bw., modlitw\u0119 i konferencje podczas rekolekcji r\u00f3\u017ca\u0144cowych w Sanktuarium Matki Bo\u017cej Liche\u0144skiej w dniach 29 wrze\u015bnia-1 pa\u017adziernika. Ks. Janusz Kumala MIC, dyrektor Centrum Formacji Maryjnej, kt\u00f3ry przewodniczy\u0142 rekolekcjom, zach\u0119ca\u0142, by modlitwa r\u00f3\u017ca\u0144cowa by\u0142a szko\u0142\u0105 chrze\u015bcija\u0144skiej duchowo\u015bci, umacnia\u0142a wi\u0119\u017a z Panem Bogiem i relacje z drugim cz\u0142owiekiem. [&hellip;]<\/p>\n","protected":false},"author":6,"featured_media":59163,"comment_status":"closed","ping_status":"closed","sticky":false,"template":"","format":"standard","meta":{"footnotes":""},"categories":[1],"tags":[],"class_list":["post-59158","post","type-post","status-publish","format-standard","has-post-thumbnail","hentry","category-aktualnosci","wpbf-post"],"yoast_head":"<!-- This site is optimized with the Yoast SEO plugin v27.4 - https:\/\/yoast.com\/product\/yoast-seo-wordpress\/ -->\n<title>R\u00f3\u017caniec szko\u0142\u0105 mi\u0142o\u015bci Ko\u015bcio\u0142a - rekolekcje maryjne - SANKTUARIUM W LICHENIU<\/title>\n<meta name=\"robots\" content=\"index, follow, max-snippet:-1, max-image-preview:large, max-video-preview:-1\" \/>\n<link rel=\"canonical\" href=\"https:\/\/www.lichen.pl\/it\/rozaniec-szkola-milosci-kosciola\/\" \/>\n<meta property=\"og:locale\" content=\"it_IT\" \/>\n<meta property=\"og:type\" content=\"article\" \/>\n<meta property=\"og:title\" content=\"R\u00f3\u017caniec szko\u0142\u0105 mi\u0142o\u015bci Ko\u015bcio\u0142a - rekolekcje maryjne - SANKTUARIUM W LICHENIU\" \/>\n<meta property=\"og:description\" content=\"Siedemna\u015bcie os\u00f3b pog\u0142\u0119bia\u0142o swoj\u0105 duchowo\u015b\u0107 przez uczestnictwo we Mszy \u015bw., modlitw\u0119 i konferencje podczas rekolekcji r\u00f3\u017ca\u0144cowych w Sanktuarium Matki Bo\u017cej Liche\u0144skiej w dniach 29 wrze\u015bnia-1 pa\u017adziernika. Ks. Janusz Kumala MIC, dyrektor Centrum Formacji Maryjnej, kt\u00f3ry przewodniczy\u0142 rekolekcjom, zach\u0119ca\u0142, by modlitwa r\u00f3\u017ca\u0144cowa by\u0142a szko\u0142\u0105 chrze\u015bcija\u0144skiej duchowo\u015bci, umacnia\u0142a wi\u0119\u017a z Panem Bogiem i relacje z drugim cz\u0142owiekiem. [&hellip;]\" \/>\n<meta property=\"og:url\" content=\"https:\/\/www.lichen.pl\/it\/rozaniec-szkola-milosci-kosciola\/\" \/>\n<meta property=\"og:site_name\" content=\"SANKTUARIUM W LICHENIU\" \/>\n<meta property=\"article:published_time\" content=\"2023-10-03T13:09:30+00:00\" \/>\n<meta property=\"article:modified_time\" content=\"2023-10-03T19:36:58+00:00\" \/>\n<meta property=\"og:image\" content=\"https:\/\/www.lichen.pl\/wp-content\/uploads\/2023\/10\/IMG_3028-Pano.jpg\" \/>\n\t<meta property=\"og:image:width\" content=\"1920\" \/>\n\t<meta property=\"og:image:height\" content=\"1008\" \/>\n\t<meta property=\"og:image:type\" content=\"image\/jpeg\" \/>\n<meta name=\"author\" content=\"AMELIA SIUDA-KOSZELA\" \/>\n<meta name=\"twitter:card\" content=\"summary_large_image\" \/>\n<meta name=\"twitter:label1\" content=\"Scritto da\" \/>\n\t<meta name=\"twitter:data1\" content=\"AMELIA SIUDA-KOSZELA\" \/>\n\t<meta name=\"twitter:label2\" content=\"Tempo di lettura stimato\" \/>\n\t<meta name=\"twitter:data2\" content=\"2 minuti\" \/>\n<script type=\"application\/ld+json\" class=\"yoast-schema-graph\">{\"@context\":\"https:\\\/\\\/schema.org\",\"@graph\":[{\"@type\":\"Article\",\"@id\":\"https:\\\/\\\/www.lichen.pl\\\/rozaniec-szkola-milosci-kosciola\\\/#article\",\"isPartOf\":{\"@id\":\"https:\\\/\\\/www.lichen.pl\\\/rozaniec-szkola-milosci-kosciola\\\/\"},\"author\":{\"name\":\"AMELIA SIUDA-KOSZELA\",\"@id\":\"https:\\\/\\\/www.lichen.pl\\\/fr\\\/#\\\/schema\\\/person\\\/70bf824c102f176cf976b0d90af0d62a\"},\"headline\":\"R\u00f3\u017caniec szko\u0142\u0105 mi\u0142o\u015bci Ko\u015bcio\u0142a &#8211; rekolekcje maryjne\",\"datePublished\":\"2023-10-03T13:09:30+00:00\",\"dateModified\":\"2023-10-03T19:36:58+00:00\",\"mainEntityOfPage\":{\"@id\":\"https:\\\/\\\/www.lichen.pl\\\/rozaniec-szkola-milosci-kosciola\\\/\"},\"wordCount\":312,\"image\":{\"@id\":\"https:\\\/\\\/www.lichen.pl\\\/rozaniec-szkola-milosci-kosciola\\\/#primaryimage\"},\"thumbnailUrl\":\"https:\\\/\\\/www.lichen.pl\\\/wp-content\\\/uploads\\\/2023\\\/10\\\/IMG_3028-Pano.jpg\",\"articleSection\":[\"Aktualno\u015bci\"],\"inLanguage\":\"it-IT\"},{\"@type\":\"WebPage\",\"@id\":\"https:\\\/\\\/www.lichen.pl\\\/rozaniec-szkola-milosci-kosciola\\\/\",\"url\":\"https:\\\/\\\/www.lichen.pl\\\/rozaniec-szkola-milosci-kosciola\\\/\",\"name\":\"R\u00f3\u017caniec szko\u0142\u0105 mi\u0142o\u015bci Ko\u015bcio\u0142a - rekolekcje maryjne - SANKTUARIUM W LICHENIU\",\"isPartOf\":{\"@id\":\"https:\\\/\\\/www.lichen.pl\\\/fr\\\/#website\"},\"primaryImageOfPage\":{\"@id\":\"https:\\\/\\\/www.lichen.pl\\\/rozaniec-szkola-milosci-kosciola\\\/#primaryimage\"},\"image\":{\"@id\":\"https:\\\/\\\/www.lichen.pl\\\/rozaniec-szkola-milosci-kosciola\\\/#primaryimage\"},\"thumbnailUrl\":\"https:\\\/\\\/www.lichen.pl\\\/wp-content\\\/uploads\\\/2023\\\/10\\\/IMG_3028-Pano.jpg\",\"datePublished\":\"2023-10-03T13:09:30+00:00\",\"dateModified\":\"2023-10-03T19:36:58+00:00\",\"author\":{\"@id\":\"https:\\\/\\\/www.lichen.pl\\\/fr\\\/#\\\/schema\\\/person\\\/70bf824c102f176cf976b0d90af0d62a\"},\"breadcrumb\":{\"@id\":\"https:\\\/\\\/www.lichen.pl\\\/rozaniec-szkola-milosci-kosciola\\\/#breadcrumb\"},\"inLanguage\":\"it-IT\",\"potentialAction\":[{\"@type\":\"ReadAction\",\"target\":[\"https:\\\/\\\/www.lichen.pl\\\/rozaniec-szkola-milosci-kosciola\\\/\"]}]},{\"@type\":\"ImageObject\",\"inLanguage\":\"it-IT\",\"@id\":\"https:\\\/\\\/www.lichen.pl\\\/rozaniec-szkola-milosci-kosciola\\\/#primaryimage\",\"url\":\"https:\\\/\\\/www.lichen.pl\\\/wp-content\\\/uploads\\\/2023\\\/10\\\/IMG_3028-Pano.jpg\",\"contentUrl\":\"https:\\\/\\\/www.lichen.pl\\\/wp-content\\\/uploads\\\/2023\\\/10\\\/IMG_3028-Pano.jpg\",\"width\":1920,\"height\":1008},{\"@type\":\"BreadcrumbList\",\"@id\":\"https:\\\/\\\/www.lichen.pl\\\/rozaniec-szkola-milosci-kosciola\\\/#breadcrumb\",\"itemListElement\":[{\"@type\":\"ListItem\",\"position\":1,\"name\":\"Strona g\u0142\u00f3wna\",\"item\":\"https:\\\/\\\/www.lichen.pl\\\/\"},{\"@type\":\"ListItem\",\"position\":2,\"name\":\"R\u00f3\u017caniec szko\u0142\u0105 mi\u0142o\u015bci Ko\u015bcio\u0142a &#8211; rekolekcje maryjne\"}]},{\"@type\":\"WebSite\",\"@id\":\"https:\\\/\\\/www.lichen.pl\\\/fr\\\/#website\",\"url\":\"https:\\\/\\\/www.lichen.pl\\\/fr\\\/\",\"name\":\"SANKTUARIUM W LICHENIU\",\"description\":\"MATKI BO\u017bEJ LICHE\u0143SKIEJ BOLESNEJ KR\u00d3LOWEJ POLSKI\",\"potentialAction\":[{\"@type\":\"SearchAction\",\"target\":{\"@type\":\"EntryPoint\",\"urlTemplate\":\"https:\\\/\\\/www.lichen.pl\\\/fr\\\/?s={search_term_string}\"},\"query-input\":{\"@type\":\"PropertyValueSpecification\",\"valueRequired\":true,\"valueName\":\"search_term_string\"}}],\"inLanguage\":\"it-IT\"},{\"@type\":\"Person\",\"@id\":\"https:\\\/\\\/www.lichen.pl\\\/fr\\\/#\\\/schema\\\/person\\\/70bf824c102f176cf976b0d90af0d62a\",\"name\":\"AMELIA SIUDA-KOSZELA\",\"image\":{\"@type\":\"ImageObject\",\"inLanguage\":\"it-IT\",\"@id\":\"https:\\\/\\\/secure.gravatar.com\\\/avatar\\\/a0f9a92186ab02fb8db116f5388e3bc7280dd7bd01565c5d6b7ceb07ff27d6d9?s=96&d=retro&r=g\",\"url\":\"https:\\\/\\\/secure.gravatar.com\\\/avatar\\\/a0f9a92186ab02fb8db116f5388e3bc7280dd7bd01565c5d6b7ceb07ff27d6d9?s=96&d=retro&r=g\",\"contentUrl\":\"https:\\\/\\\/secure.gravatar.com\\\/avatar\\\/a0f9a92186ab02fb8db116f5388e3bc7280dd7bd01565c5d6b7ceb07ff27d6d9?s=96&d=retro&r=g\",\"caption\":\"AMELIA SIUDA-KOSZELA\"},\"url\":\"https:\\\/\\\/www.lichen.pl\\\/it\\\/author\\\/amelia\\\/\"}]}<\/script>\n<!-- \/ Yoast SEO plugin. -->","yoast_head_json":{"title":"R\u00f3\u017caniec szko\u0142\u0105 mi\u0142o\u015bci Ko\u015bcio\u0142a - rekolekcje maryjne - SANKTUARIUM W LICHENIU","robots":{"index":"index","follow":"follow","max-snippet":"max-snippet:-1","max-image-preview":"max-image-preview:large","max-video-preview":"max-video-preview:-1"},"canonical":"https:\/\/www.lichen.pl\/it\/rozaniec-szkola-milosci-kosciola\/","og_locale":"it_IT","og_type":"article","og_title":"R\u00f3\u017caniec szko\u0142\u0105 mi\u0142o\u015bci Ko\u015bcio\u0142a - rekolekcje maryjne - SANKTUARIUM W LICHENIU","og_description":"Siedemna\u015bcie os\u00f3b pog\u0142\u0119bia\u0142o swoj\u0105 duchowo\u015b\u0107 przez uczestnictwo we Mszy \u015bw., modlitw\u0119 i konferencje podczas rekolekcji r\u00f3\u017ca\u0144cowych w Sanktuarium Matki Bo\u017cej Liche\u0144skiej w dniach 29 wrze\u015bnia-1 pa\u017adziernika. Ks. Janusz Kumala MIC, dyrektor Centrum Formacji Maryjnej, kt\u00f3ry przewodniczy\u0142 rekolekcjom, zach\u0119ca\u0142, by modlitwa r\u00f3\u017ca\u0144cowa by\u0142a szko\u0142\u0105 chrze\u015bcija\u0144skiej duchowo\u015bci, umacnia\u0142a wi\u0119\u017a z Panem Bogiem i relacje z drugim cz\u0142owiekiem. [&hellip;]","og_url":"https:\/\/www.lichen.pl\/it\/rozaniec-szkola-milosci-kosciola\/","og_site_name":"SANKTUARIUM W LICHENIU","article_published_time":"2023-10-03T13:09:30+00:00","article_modified_time":"2023-10-03T19:36:58+00:00","og_image":[{"width":1920,"height":1008,"url":"https:\/\/www.lichen.pl\/wp-content\/uploads\/2023\/10\/IMG_3028-Pano.jpg","type":"image\/jpeg"}],"author":"AMELIA SIUDA-KOSZELA","twitter_card":"summary_large_image","twitter_misc":{"Scritto da":"AMELIA SIUDA-KOSZELA","Tempo di lettura stimato":"2 minuti"},"schema":{"@context":"https:\/\/schema.org","@graph":[{"@type":"Article","@id":"https:\/\/www.lichen.pl\/rozaniec-szkola-milosci-kosciola\/#article","isPartOf":{"@id":"https:\/\/www.lichen.pl\/rozaniec-szkola-milosci-kosciola\/"},"author":{"name":"AMELIA SIUDA-KOSZELA","@id":"https:\/\/www.lichen.pl\/fr\/#\/schema\/person\/70bf824c102f176cf976b0d90af0d62a"},"headline":"R\u00f3\u017caniec szko\u0142\u0105 mi\u0142o\u015bci Ko\u015bcio\u0142a &#8211; rekolekcje maryjne","datePublished":"2023-10-03T13:09:30+00:00","dateModified":"2023-10-03T19:36:58+00:00","mainEntityOfPage":{"@id":"https:\/\/www.lichen.pl\/rozaniec-szkola-milosci-kosciola\/"},"wordCount":312,"image":{"@id":"https:\/\/www.lichen.pl\/rozaniec-szkola-milosci-kosciola\/#primaryimage"},"thumbnailUrl":"https:\/\/www.lichen.pl\/wp-content\/uploads\/2023\/10\/IMG_3028-Pano.jpg","articleSection":["Aktualno\u015bci"],"inLanguage":"it-IT"},{"@type":"WebPage","@id":"https:\/\/www.lichen.pl\/rozaniec-szkola-milosci-kosciola\/","url":"https:\/\/www.lichen.pl\/rozaniec-szkola-milosci-kosciola\/","name":"R\u00f3\u017caniec szko\u0142\u0105 mi\u0142o\u015bci Ko\u015bcio\u0142a - rekolekcje maryjne - SANKTUARIUM W LICHENIU","isPartOf":{"@id":"https:\/\/www.lichen.pl\/fr\/#website"},"primaryImageOfPage":{"@id":"https:\/\/www.lichen.pl\/rozaniec-szkola-milosci-kosciola\/#primaryimage"},"image":{"@id":"https:\/\/www.lichen.pl\/rozaniec-szkola-milosci-kosciola\/#primaryimage"},"thumbnailUrl":"https:\/\/www.lichen.pl\/wp-content\/uploads\/2023\/10\/IMG_3028-Pano.jpg","datePublished":"2023-10-03T13:09:30+00:00","dateModified":"2023-10-03T19:36:58+00:00","author":{"@id":"https:\/\/www.lichen.pl\/fr\/#\/schema\/person\/70bf824c102f176cf976b0d90af0d62a"},"breadcrumb":{"@id":"https:\/\/www.lichen.pl\/rozaniec-szkola-milosci-kosciola\/#breadcrumb"},"inLanguage":"it-IT","potentialAction":[{"@type":"ReadAction","target":["https:\/\/www.lichen.pl\/rozaniec-szkola-milosci-kosciola\/"]}]},{"@type":"ImageObject","inLanguage":"it-IT","@id":"https:\/\/www.lichen.pl\/rozaniec-szkola-milosci-kosciola\/#primaryimage","url":"https:\/\/www.lichen.pl\/wp-content\/uploads\/2023\/10\/IMG_3028-Pano.jpg","contentUrl":"https:\/\/www.lichen.pl\/wp-content\/uploads\/2023\/10\/IMG_3028-Pano.jpg","width":1920,"height":1008},{"@type":"BreadcrumbList","@id":"https:\/\/www.lichen.pl\/rozaniec-szkola-milosci-kosciola\/#breadcrumb","itemListElement":[{"@type":"ListItem","position":1,"name":"Strona g\u0142\u00f3wna","item":"https:\/\/www.lichen.pl\/"},{"@type":"ListItem","position":2,"name":"R\u00f3\u017caniec szko\u0142\u0105 mi\u0142o\u015bci Ko\u015bcio\u0142a &#8211; rekolekcje maryjne"}]},{"@type":"WebSite","@id":"https:\/\/www.lichen.pl\/fr\/#website","url":"https:\/\/www.lichen.pl\/fr\/","name":"SANTUARIO IN LICHENIA","description":"LA REGINA ADOLORATA DEL NOSTRO LICHENE DI POLONIA","potentialAction":[{"@type":"SearchAction","target":{"@type":"EntryPoint","urlTemplate":"https:\/\/www.lichen.pl\/fr\/?s={search_term_string}"},"query-input":{"@type":"PropertyValueSpecification","valueRequired":true,"valueName":"search_term_string"}}],"inLanguage":"it-IT"},{"@type":"Person","@id":"https:\/\/www.lichen.pl\/fr\/#\/schema\/person\/70bf824c102f176cf976b0d90af0d62a","name":"AMELIA SIUDA-KOSZELA","image":{"@type":"ImageObject","inLanguage":"it-IT","@id":"https:\/\/secure.gravatar.com\/avatar\/a0f9a92186ab02fb8db116f5388e3bc7280dd7bd01565c5d6b7ceb07ff27d6d9?s=96&d=retro&r=g","url":"https:\/\/secure.gravatar.com\/avatar\/a0f9a92186ab02fb8db116f5388e3bc7280dd7bd01565c5d6b7ceb07ff27d6d9?s=96&d=retro&r=g","contentUrl":"https:\/\/secure.gravatar.com\/avatar\/a0f9a92186ab02fb8db116f5388e3bc7280dd7bd01565c5d6b7ceb07ff27d6d9?s=96&d=retro&r=g","caption":"AMELIA SIUDA-KOSZELA"},"url":"https:\/\/www.lichen.pl\/it\/author\/amelia\/"}]}},"_links":{"self":[{"href":"https:\/\/www.lichen.pl\/it\/wp-json\/wp\/v2\/posts\/59158","targetHints":{"allow":["GET"]}}],"collection":[{"href":"https:\/\/www.lichen.pl\/it\/wp-json\/wp\/v2\/posts"}],"about":[{"href":"https:\/\/www.lichen.pl\/it\/wp-json\/wp\/v2\/types\/post"}],"author":[{"embeddable":true,"href":"https:\/\/www.lichen.pl\/it\/wp-json\/wp\/v2\/users\/6"}],"replies":[{"embeddable":true,"href":"https:\/\/www.lichen.pl\/it\/wp-json\/wp\/v2\/comments?post=59158"}],"version-history":[{"count":8,"href":"https:\/\/www.lichen.pl\/it\/wp-json\/wp\/v2\/posts\/59158\/revisions"}],"predecessor-version":[{"id":59175,"href":"https:\/\/www.lichen.pl\/it\/wp-json\/wp\/v2\/posts\/59158\/revisions\/59175"}],"wp:featuredmedia":[{"embeddable":true,"href":"https:\/\/www.lichen.pl\/it\/wp-json\/wp\/v2\/media\/59163"}],"wp:attachment":[{"href":"https:\/\/www.lichen.pl\/it\/wp-json\/wp\/v2\/media?parent=59158"}],"wp:term":[{"taxonomy":"category","embeddable":true,"href":"https:\/\/www.lichen.pl\/it\/wp-json\/wp\/v2\/categories?post=59158"},{"taxonomy":"post_tag","embeddable":true,"href":"https:\/\/www.lichen.pl\/it\/wp-json\/wp\/v2\/tags?post=59158"}],"curies":[{"name":"wp","href":"https:\/\/api.w.org\/{rel}","templated":true}]}}