{"id":61085,"date":"2023-11-11T19:18:44","date_gmt":"2023-11-11T18:18:44","guid":{"rendered":"https:\/\/www.lichen.pl\/?p=61085"},"modified":"2023-11-14T12:24:06","modified_gmt":"2023-11-14T11:24:06","slug":"zmarl-najstarszy-marianin-w-polsce","status":"publish","type":"post","link":"https:\/\/www.lichen.pl\/it\/zmarl-najstarszy-marianin-w-polsce\/","title":{"rendered":"Zmar\u0142 najstarszy marianin w Polsce"},"content":{"rendered":"<div data-elementor-type=\"wp-post\" data-elementor-id=\"61085\" class=\"elementor elementor-61085\" data-elementor-post-type=\"post\">\n\t\t\t\t\t\t<section class=\"elementor-section elementor-top-section elementor-element elementor-element-db27c59 elementor-section-boxed elementor-section-height-default elementor-section-height-default\" data-id=\"db27c59\" data-element_type=\"section\" data-e-type=\"section\">\n\t\t\t\t\t\t<div class=\"elementor-container elementor-column-gap-default\">\n\t\t\t\t\t<div class=\"elementor-column elementor-col-100 elementor-top-column elementor-element elementor-element-84c0038\" data-id=\"84c0038\" data-element_type=\"column\" data-e-type=\"column\">\n\t\t\t<div class=\"elementor-widget-wrap elementor-element-populated\">\n\t\t\t\t\t\t<div class=\"elementor-element elementor-element-3d971db elementor-widget elementor-widget-heading\" data-id=\"3d971db\" data-element_type=\"widget\" data-e-type=\"widget\" data-widget_type=\"heading.default\">\n\t\t\t\t<div class=\"elementor-widget-container\">\n\t\t\t\t\t<h2 class=\"elementor-heading-title elementor-size-default\">11 listopada 2023 roku, zmar\u0142 po po\u0142udniu w domu zakonnym w Licheniu najstarszy cz\u0142onek Zgromadzenia Ksi\u0119\u017cy Marian\u00f3w, \u015bp. Ks. Franciszek Bieniasz MIC. \u017by\u0142 lat 98, w Zgromadzeniu 70, w kap\u0142a\u0144stwie 63.\u00a0 Uroczysto\u015bci pogrzebowe odb\u0119d\u0105 w ko\u015bciele parafialnym pw. \u015aw. Doroty w Licheniu Starym we wtorek 14 listopada 2023 roku i b\u0119d\u0105 transmitowane w mediach sanktuaryjnych.<\/h2>\t\t\t\t<\/div>\n\t\t\t\t<\/div>\n\t\t\t\t\t<\/div>\n\t\t<\/div>\n\t\t\t\t\t<\/div>\n\t\t<\/section>\n\t\t\t\t<section class=\"elementor-section elementor-top-section elementor-element elementor-element-7bd7e48 elementor-section-boxed elementor-section-height-default elementor-section-height-default\" data-id=\"7bd7e48\" data-element_type=\"section\" data-e-type=\"section\">\n\t\t\t\t\t\t<div class=\"elementor-container elementor-column-gap-default\">\n\t\t\t\t\t<div class=\"elementor-column elementor-col-100 elementor-top-column elementor-element elementor-element-306c749\" data-id=\"306c749\" data-element_type=\"column\" data-e-type=\"column\">\n\t\t\t<div class=\"elementor-widget-wrap elementor-element-populated\">\n\t\t\t\t\t\t<div class=\"elementor-element elementor-element-1df0de7 elementor-widget elementor-widget-image\" data-id=\"1df0de7\" data-element_type=\"widget\" data-e-type=\"widget\" data-widget_type=\"image.default\">\n\t\t\t\t<div class=\"elementor-widget-container\">\n\t\t\t\t\t\t\t\t\t\t\t\t\t\t\t<img fetchpriority=\"high\" decoding=\"async\" width=\"1024\" height=\"681\" src=\"https:\/\/www.lichen.pl\/wp-content\/uploads\/2023\/11\/ks.-Franciszek-Bieniasz-1024x681.jpg\" class=\"attachment-large size-large wp-image-61088\" alt=\"\" srcset=\"https:\/\/www.lichen.pl\/wp-content\/uploads\/2023\/11\/ks.-Franciszek-Bieniasz-1024x681.jpg 1024w, https:\/\/www.lichen.pl\/wp-content\/uploads\/2023\/11\/ks.-Franciszek-Bieniasz-800x532.jpg 800w, https:\/\/www.lichen.pl\/wp-content\/uploads\/2023\/11\/ks.-Franciszek-Bieniasz-300x200.jpg 300w, https:\/\/www.lichen.pl\/wp-content\/uploads\/2023\/11\/ks.-Franciszek-Bieniasz-768x511.jpg 768w, https:\/\/www.lichen.pl\/wp-content\/uploads\/2023\/11\/ks.-Franciszek-Bieniasz-18x12.jpg 18w, https:\/\/www.lichen.pl\/wp-content\/uploads\/2023\/11\/ks.-Franciszek-Bieniasz.jpg 1154w\" sizes=\"(max-width: 1024px) 100vw, 1024px\" \/>\t\t\t\t\t\t\t\t\t\t\t\t\t\t\t<\/div>\n\t\t\t\t<\/div>\n\t\t\t\t<div class=\"elementor-element elementor-element-8de3562 elementor-widget elementor-widget-text-editor\" data-id=\"8de3562\" data-element_type=\"widget\" data-e-type=\"widget\" data-widget_type=\"text-editor.default\">\n\t\t\t\t<div class=\"elementor-widget-container\">\n\t\t\t\t\t\t\t\t\t<div class=\"cell\"><div class=\"block-text block-text--gray-dark block-text--medium\">Ks. Franciszek Maciej Bieniasz urodzi\u0142 si\u0119 24 maja 1925 roku w Krzemienicy, pow. \u0141a\u0144cut, woj. Podkarpackie, diec. przemyska. Do Zgromadzenia zosta\u0142 przyj\u0119ty w 1953 r i skierowany do nowicjatu w Sk\u00f3rcu, tam te\u017c 4 pa\u017adziernika 1954 r. z\u0142o\u017cy\u0142 I \u015bluby. W latach 1954-6 uko\u0144czy\u0142 studia filozofii w naszym WSD \u00f3wcze\u015bnie deportowanym do Gietrzwa\u0142du. Podczas przerwy w studiach w roku 1956-7 pe\u0142ni\u0142 obowi\u0105zki zakrystiana w Grudzi\u0105dzu przy ko\u015bciele rektoralnym pw. \u015bw. Franciszka Ksawerego. W roku 1957-8 uko\u0144czy\u0142 w Warszawie I rok teologii. W lipcu 1958 r. otrzyma\u0142 zgod\u0119 od prze\u0142o\u017conego prowincji\u00a0 na wyjazd do Anglii celem odwiedzin swojego brata. Za zgod\u0105 prze\u0142o\u017conych tam pozosta\u0142, kontynuuj\u0105c studia teologii u ojc\u00f3w benedyktyn\u00f3w w Bellmont Abbey. Profesj\u0119 wieczyst\u0105 z\u0142o\u017cy\u0142 4 pa\u017adziernika 1959 r. w Hereford i tam\u017ce 11 wrze\u015bnia 1960 r. przyj\u0105\u0142 \u015bwi\u0119cenia kap\u0142a\u0144skie z r\u0105k ks. bpa J. Petit. W Anglii przyj\u0105\u0142 obywatelstwo brytyjskie.<\/div><\/div><div class=\"cell\"><div class=\"block-text block-text--gray\"><div><p>W latach 1969-75 by\u0142 III radnym i prze\u0142o\u017conym w Fawley Court. W latach 1981-86 by\u0142 prowincjalnym duszpasterzem powo\u0142a\u0144 i ponownie prze\u0142o\u017conym domu w Fawley Court.<br \/>W 1986 r. poprosi\u0142 o przyjazd do Polski z pragnieniem podj\u0119cia tymczasowej pracy w naszej Prowincji. Zosta\u0142 w\u00f3wczas skierowany do pracy w sanktuarium MB Liche\u0144skiej. W pa\u017adzierniku 1987 r. z\u0142o\u017cy\u0142 podanie o przeniesienie do Prowincji Polskiej na sta\u0142e. Prze\u0142o\u017cony Prowincji Angielskiej wyrazi\u0142 zgod\u0119 na pi\u0119cioletni okres pracy w naszej Prowincji. W kwietniu 1989 r. Konsulat Generalny w Londynie powiadomi\u0142, \u017ce w\u0142adze polskie wyrazi\u0142y zgod\u0119 na osiedlenie si\u0119 ks. Franciszka w Polsce, jako cudzoziemca. W 1992 r. ponownie poprosi\u0142 ks. Genera\u0142a o przeniesienie na sta\u0142e do Prowincji Polskiej. Uzyska\u0142 przeniesienie datowane 18 maja 1992 r. W latach 1993-2001 przeniesiony do Lublina, zosta\u0142 ojcem duchownym i spowiednikiem w naszym WSD (1993-97), a nast\u0119pnie spowiednikiem naszych alumn\u00f3w (1997-2001). W roku 1994 wskutek upadku dozna\u0142 kontuzji kolana i by\u0142 poddany bolesnej kuracji ortopedycznej. Podczas pobytu w Lublinie nale\u017ca\u0142 do Prowincjalnej Komisji ds. Formacji (w latach 2001-2006); opr\u00f3cz pracy duszpasterskiej zlecono mu zorganizowanie parku w cz\u0119\u015bci klasztornego ogrodu. W roku 2006 ponownie zosta\u0142 przeniesiony do Lichenia i skierowany do pracy w sanktuarium Matki Bo\u017cej. W Licheniu przez lata spe\u0142nia\u0142 ofiarnie pos\u0142ug\u0119 spowiednika, nawet w\u00f3wczas, gdy porusza\u0107 si\u0119 m\u00f3g\u0142 tylko na samobie\u017cnym w\u00f3zku inwalidzkim. Choroba zmusi\u0142a go ostatecznie do rezygnacji i z tej formy zaanga\u017cowania, przykuwaj\u0105c na kilka lat do \u0142\u00f3\u017cka. Zmar\u0142 w domu zakonnym w Licheniu po po\u0142udniu 11 listopada 2023 roku.<\/p><p>Pogrzeb ks. Franciszka Bieniasza b\u0119dzie mia\u0142 miejsce 14 listopada 2023 roku.<br \/>o godzinie 12:45 \u2013 wyprowadzenie z kaplicy<br \/>o godzinie 13:00 \u2013 r\u00f3\u017caniec<br \/>o godzinie 13:30 \u2013 Msza \u015bw.<br \/>Nast\u0119pnie cia\u0142o naszego Wsp\u00f3\u0142brata zostanie nast\u0119pnie z\u0142o\u017cone na maria\u0144skiej kwaterze cmentarza parafialnego w Licheniu.<\/p><p>Transmisja na kanale Sanktuarium na YouTube, www.lichen.pl oraz na stronie Sanktuarium na Facebooku.<\/p><\/div><\/div><\/div>\t\t\t\t\t\t\t\t<\/div>\n\t\t\t\t<\/div>\n\t\t\t\t\t<\/div>\n\t\t<\/div>\n\t\t\t\t\t<\/div>\n\t\t<\/section>\n\t\t\t\t<section class=\"elementor-section elementor-top-section elementor-element elementor-element-7409dbc elementor-section-boxed elementor-section-height-default elementor-section-height-default\" data-id=\"7409dbc\" data-element_type=\"section\" data-e-type=\"section\">\n\t\t\t\t\t\t<div class=\"elementor-container elementor-column-gap-default\">\n\t\t\t\t\t<div class=\"elementor-column elementor-col-100 elementor-top-column elementor-element elementor-element-9757135\" data-id=\"9757135\" data-element_type=\"column\" data-e-type=\"column\">\n\t\t\t<div class=\"elementor-widget-wrap elementor-element-populated\">\n\t\t\t\t\t\t<div class=\"elementor-element elementor-element-243b213 elementor-widget elementor-widget-text-editor\" data-id=\"243b213\" data-element_type=\"widget\" data-e-type=\"widget\" data-widget_type=\"text-editor.default\">\n\t\t\t\t<div class=\"elementor-widget-container\">\n\t\t\t\t\t\t\t\t\t<p>Wywiad z ks. Franciszkiem Bieniaszem MIC przeprowadzony dla &#8220;Pielgrzyma Liche\u0144skiego&#8221;<\/p>\t\t\t\t\t\t\t\t<\/div>\n\t\t\t\t<\/div>\n\t\t\t\t<div class=\"elementor-element elementor-element-df914e9 elementor-widget elementor-widget-image-gallery\" data-id=\"df914e9\" data-element_type=\"widget\" data-e-type=\"widget\" data-widget_type=\"image-gallery.default\">\n\t\t\t\t<div class=\"elementor-widget-container\">\n\t\t\t\t\t\t\t<div class=\"elementor-image-gallery\">\n\t\t\t<div id='gallery-1' class='gallery galleryid-61085 gallery-columns-2 gallery-size-medium_large'><figure class='gallery-item'>\n\t\t\t<div class='gallery-icon portrait'>\n\t\t\t\t<a data-elementor-open-lightbox=\"yes\" data-elementor-lightbox-slideshow=\"df914e9\" data-elementor-lightbox-title=\"Wywiad z ks. Bieniaszem str1\" data-e-action-hash=\"#elementor-action%3Aaction%3Dlightbox%26settings%3DeyJpZCI6NjEyNzMsInVybCI6Imh0dHBzOlwvXC93d3cubGljaGVuLnBsXC93cC1jb250ZW50XC91cGxvYWRzXC8yMDIzXC8xMVwvV3l3aWFkLXotQmllbmlhc3plbTEucG5nIiwic2xpZGVzaG93IjoiZGY5MTRlOSJ9\" href='https:\/\/www.lichen.pl\/wp-content\/uploads\/2023\/11\/Wywiad-z-Bieniaszem1.png'><img width=\"707\" height=\"911\" src=\"https:\/\/www.lichen.pl\/wp-content\/uploads\/2023\/11\/Wywiad-z-Bieniaszem1.png\" class=\"attachment-medium_large size-medium_large\" alt=\"\" decoding=\"async\" srcset=\"https:\/\/www.lichen.pl\/wp-content\/uploads\/2023\/11\/Wywiad-z-Bieniaszem1.png 707w, https:\/\/www.lichen.pl\/wp-content\/uploads\/2023\/11\/Wywiad-z-Bieniaszem1-233x300.png 233w, https:\/\/www.lichen.pl\/wp-content\/uploads\/2023\/11\/Wywiad-z-Bieniaszem1-9x12.png 9w\" sizes=\"(max-width: 707px) 100vw, 707px\" \/><\/a>\n\t\t\t<\/div><\/figure><figure class='gallery-item'>\n\t\t\t<div class='gallery-icon portrait'>\n\t\t\t\t<a data-elementor-open-lightbox=\"yes\" data-elementor-lightbox-slideshow=\"df914e9\" data-elementor-lightbox-title=\"Wywiad z ks. Bieniaszem str2\" data-e-action-hash=\"#elementor-action%3Aaction%3Dlightbox%26settings%3DeyJpZCI6NjEyNzQsInVybCI6Imh0dHBzOlwvXC93d3cubGljaGVuLnBsXC93cC1jb250ZW50XC91cGxvYWRzXC8yMDIzXC8xMVwvV3l3aWFkLXotQmllbmlhc3plbTIucG5nIiwic2xpZGVzaG93IjoiZGY5MTRlOSJ9\" href='https:\/\/www.lichen.pl\/wp-content\/uploads\/2023\/11\/Wywiad-z-Bieniaszem2.png'><img width=\"717\" height=\"905\" src=\"https:\/\/www.lichen.pl\/wp-content\/uploads\/2023\/11\/Wywiad-z-Bieniaszem2.png\" class=\"attachment-medium_large size-medium_large\" alt=\"\" decoding=\"async\" srcset=\"https:\/\/www.lichen.pl\/wp-content\/uploads\/2023\/11\/Wywiad-z-Bieniaszem2.png 717w, https:\/\/www.lichen.pl\/wp-content\/uploads\/2023\/11\/Wywiad-z-Bieniaszem2-238x300.png 238w, https:\/\/www.lichen.pl\/wp-content\/uploads\/2023\/11\/Wywiad-z-Bieniaszem2-10x12.png 10w\" sizes=\"(max-width: 717px) 100vw, 717px\" \/><\/a>\n\t\t\t<\/div><\/figure>\n\t\t<\/div>\n\t\t<\/div>\n\t\t\t\t\t\t<\/div>\n\t\t\t\t<\/div>\n\t\t\t\t\t<\/div>\n\t\t<\/div>\n\t\t\t\t\t<\/div>\n\t\t<\/section>\n\t\t\t\t<\/div>","protected":false},"excerpt":{"rendered":"<p>11 listopada 2023 roku, zmar\u0142 po po\u0142udniu w domu zakonnym w Licheniu najstarszy cz\u0142onek Zgromadzenia Ksi\u0119\u017cy Marian\u00f3w, \u015bp. Ks. Franciszek Bieniasz MIC. \u017by\u0142 lat 98, w Zgromadzeniu 70, w kap\u0142a\u0144stwie 63.\u00a0 Uroczysto\u015bci pogrzebowe odb\u0119d\u0105 w ko\u015bciele parafialnym pw. \u015aw. Doroty w Licheniu Starym we wtorek 14 listopada 2023 roku i b\u0119d\u0105 transmitowane w mediach sanktuaryjnych. [&hellip;]<\/p>\n","protected":false},"author":5,"featured_media":61086,"comment_status":"closed","ping_status":"closed","sticky":false,"template":"","format":"standard","meta":{"footnotes":""},"categories":[1],"tags":[],"class_list":["post-61085","post","type-post","status-publish","format-standard","has-post-thumbnail","hentry","category-aktualnosci","wpbf-post"],"yoast_head":"<!-- This site is optimized with the Yoast SEO plugin v27.4 - https:\/\/yoast.com\/product\/yoast-seo-wordpress\/ -->\n<title>Zmar\u0142 najstarszy marianin w Polsce - SANKTUARIUM W LICHENIU<\/title>\n<meta name=\"robots\" content=\"index, follow, max-snippet:-1, max-image-preview:large, max-video-preview:-1\" \/>\n<link rel=\"canonical\" href=\"https:\/\/www.lichen.pl\/it\/zmarl-najstarszy-marianin-w-polsce\/\" \/>\n<meta property=\"og:locale\" content=\"it_IT\" \/>\n<meta property=\"og:type\" content=\"article\" \/>\n<meta property=\"og:title\" content=\"Zmar\u0142 najstarszy marianin w Polsce - SANKTUARIUM W LICHENIU\" \/>\n<meta property=\"og:description\" content=\"11 listopada 2023 roku, zmar\u0142 po po\u0142udniu w domu zakonnym w Licheniu najstarszy cz\u0142onek Zgromadzenia Ksi\u0119\u017cy Marian\u00f3w, \u015bp. Ks. Franciszek Bieniasz MIC. \u017by\u0142 lat 98, w Zgromadzeniu 70, w kap\u0142a\u0144stwie 63.\u00a0 Uroczysto\u015bci pogrzebowe odb\u0119d\u0105 w ko\u015bciele parafialnym pw. \u015aw. Doroty w Licheniu Starym we wtorek 14 listopada 2023 roku i b\u0119d\u0105 transmitowane w mediach sanktuaryjnych. [&hellip;]\" \/>\n<meta property=\"og:url\" content=\"https:\/\/www.lichen.pl\/it\/zmarl-najstarszy-marianin-w-polsce\/\" \/>\n<meta property=\"og:site_name\" content=\"SANKTUARIUM W LICHENIU\" \/>\n<meta property=\"article:published_time\" content=\"2023-11-11T18:18:44+00:00\" \/>\n<meta property=\"article:modified_time\" content=\"2023-11-14T11:24:06+00:00\" \/>\n<meta property=\"og:image\" content=\"https:\/\/www.lichen.pl\/wp-content\/uploads\/2023\/11\/ks.-Bieniasz.jpg\" \/>\n\t<meta property=\"og:image:width\" content=\"886\" \/>\n\t<meta property=\"og:image:height\" content=\"510\" \/>\n\t<meta property=\"og:image:type\" content=\"image\/jpeg\" \/>\n<meta name=\"author\" content=\"Justyna Zacharek\" \/>\n<meta name=\"twitter:card\" content=\"summary_large_image\" \/>\n<meta name=\"twitter:label1\" content=\"Scritto da\" \/>\n\t<meta name=\"twitter:data1\" content=\"Justyna Zacharek\" \/>\n\t<meta name=\"twitter:label2\" content=\"Tempo di lettura stimato\" \/>\n\t<meta name=\"twitter:data2\" content=\"4 minuti\" \/>\n<script type=\"application\/ld+json\" class=\"yoast-schema-graph\">{\"@context\":\"https:\\\/\\\/schema.org\",\"@graph\":[{\"@type\":\"Article\",\"@id\":\"https:\\\/\\\/www.lichen.pl\\\/zmarl-najstarszy-marianin-w-polsce\\\/#article\",\"isPartOf\":{\"@id\":\"https:\\\/\\\/www.lichen.pl\\\/zmarl-najstarszy-marianin-w-polsce\\\/\"},\"author\":{\"name\":\"Justyna Zacharek\",\"@id\":\"https:\\\/\\\/www.lichen.pl\\\/fr\\\/#\\\/schema\\\/person\\\/9f57a1408d363022abd305da0323b703\"},\"headline\":\"Zmar\u0142 najstarszy marianin w Polsce\",\"datePublished\":\"2023-11-11T18:18:44+00:00\",\"dateModified\":\"2023-11-14T11:24:06+00:00\",\"mainEntityOfPage\":{\"@id\":\"https:\\\/\\\/www.lichen.pl\\\/zmarl-najstarszy-marianin-w-polsce\\\/\"},\"wordCount\":559,\"image\":{\"@id\":\"https:\\\/\\\/www.lichen.pl\\\/zmarl-najstarszy-marianin-w-polsce\\\/#primaryimage\"},\"thumbnailUrl\":\"https:\\\/\\\/www.lichen.pl\\\/wp-content\\\/uploads\\\/2023\\\/11\\\/ks.-Bieniasz.jpg\",\"articleSection\":[\"Aktualno\u015bci\"],\"inLanguage\":\"it-IT\"},{\"@type\":\"WebPage\",\"@id\":\"https:\\\/\\\/www.lichen.pl\\\/zmarl-najstarszy-marianin-w-polsce\\\/\",\"url\":\"https:\\\/\\\/www.lichen.pl\\\/zmarl-najstarszy-marianin-w-polsce\\\/\",\"name\":\"Zmar\u0142 najstarszy marianin w Polsce - SANKTUARIUM W LICHENIU\",\"isPartOf\":{\"@id\":\"https:\\\/\\\/www.lichen.pl\\\/fr\\\/#website\"},\"primaryImageOfPage\":{\"@id\":\"https:\\\/\\\/www.lichen.pl\\\/zmarl-najstarszy-marianin-w-polsce\\\/#primaryimage\"},\"image\":{\"@id\":\"https:\\\/\\\/www.lichen.pl\\\/zmarl-najstarszy-marianin-w-polsce\\\/#primaryimage\"},\"thumbnailUrl\":\"https:\\\/\\\/www.lichen.pl\\\/wp-content\\\/uploads\\\/2023\\\/11\\\/ks.-Bieniasz.jpg\",\"datePublished\":\"2023-11-11T18:18:44+00:00\",\"dateModified\":\"2023-11-14T11:24:06+00:00\",\"author\":{\"@id\":\"https:\\\/\\\/www.lichen.pl\\\/fr\\\/#\\\/schema\\\/person\\\/9f57a1408d363022abd305da0323b703\"},\"breadcrumb\":{\"@id\":\"https:\\\/\\\/www.lichen.pl\\\/zmarl-najstarszy-marianin-w-polsce\\\/#breadcrumb\"},\"inLanguage\":\"it-IT\",\"potentialAction\":[{\"@type\":\"ReadAction\",\"target\":[\"https:\\\/\\\/www.lichen.pl\\\/zmarl-najstarszy-marianin-w-polsce\\\/\"]}]},{\"@type\":\"ImageObject\",\"inLanguage\":\"it-IT\",\"@id\":\"https:\\\/\\\/www.lichen.pl\\\/zmarl-najstarszy-marianin-w-polsce\\\/#primaryimage\",\"url\":\"https:\\\/\\\/www.lichen.pl\\\/wp-content\\\/uploads\\\/2023\\\/11\\\/ks.-Bieniasz.jpg\",\"contentUrl\":\"https:\\\/\\\/www.lichen.pl\\\/wp-content\\\/uploads\\\/2023\\\/11\\\/ks.-Bieniasz.jpg\",\"width\":886,\"height\":510,\"caption\":\"SONY DSC\"},{\"@type\":\"BreadcrumbList\",\"@id\":\"https:\\\/\\\/www.lichen.pl\\\/zmarl-najstarszy-marianin-w-polsce\\\/#breadcrumb\",\"itemListElement\":[{\"@type\":\"ListItem\",\"position\":1,\"name\":\"Strona g\u0142\u00f3wna\",\"item\":\"https:\\\/\\\/www.lichen.pl\\\/\"},{\"@type\":\"ListItem\",\"position\":2,\"name\":\"Zmar\u0142 najstarszy marianin w Polsce\"}]},{\"@type\":\"WebSite\",\"@id\":\"https:\\\/\\\/www.lichen.pl\\\/fr\\\/#website\",\"url\":\"https:\\\/\\\/www.lichen.pl\\\/fr\\\/\",\"name\":\"SANKTUARIUM W LICHENIU\",\"description\":\"MATKI BO\u017bEJ LICHE\u0143SKIEJ BOLESNEJ KR\u00d3LOWEJ POLSKI\",\"potentialAction\":[{\"@type\":\"SearchAction\",\"target\":{\"@type\":\"EntryPoint\",\"urlTemplate\":\"https:\\\/\\\/www.lichen.pl\\\/fr\\\/?s={search_term_string}\"},\"query-input\":{\"@type\":\"PropertyValueSpecification\",\"valueRequired\":true,\"valueName\":\"search_term_string\"}}],\"inLanguage\":\"it-IT\"},{\"@type\":\"Person\",\"@id\":\"https:\\\/\\\/www.lichen.pl\\\/fr\\\/#\\\/schema\\\/person\\\/9f57a1408d363022abd305da0323b703\",\"name\":\"Justyna Zacharek\",\"image\":{\"@type\":\"ImageObject\",\"inLanguage\":\"it-IT\",\"@id\":\"https:\\\/\\\/secure.gravatar.com\\\/avatar\\\/7be193626a4fb4d6a7d53a7686c3bbf938efff653c427e0182457b838e9d2c3b?s=96&d=retro&r=g\",\"url\":\"https:\\\/\\\/secure.gravatar.com\\\/avatar\\\/7be193626a4fb4d6a7d53a7686c3bbf938efff653c427e0182457b838e9d2c3b?s=96&d=retro&r=g\",\"contentUrl\":\"https:\\\/\\\/secure.gravatar.com\\\/avatar\\\/7be193626a4fb4d6a7d53a7686c3bbf938efff653c427e0182457b838e9d2c3b?s=96&d=retro&r=g\",\"caption\":\"Justyna Zacharek\"},\"url\":\"https:\\\/\\\/www.lichen.pl\\\/it\\\/author\\\/justyna\\\/\"}]}<\/script>\n<!-- \/ Yoast SEO plugin. -->","yoast_head_json":{"title":"Zmar\u0142 najstarszy marianin w Polsce - SANKTUARIUM W LICHENIU","robots":{"index":"index","follow":"follow","max-snippet":"max-snippet:-1","max-image-preview":"max-image-preview:large","max-video-preview":"max-video-preview:-1"},"canonical":"https:\/\/www.lichen.pl\/it\/zmarl-najstarszy-marianin-w-polsce\/","og_locale":"it_IT","og_type":"article","og_title":"Zmar\u0142 najstarszy marianin w Polsce - SANKTUARIUM W LICHENIU","og_description":"11 listopada 2023 roku, zmar\u0142 po po\u0142udniu w domu zakonnym w Licheniu najstarszy cz\u0142onek Zgromadzenia Ksi\u0119\u017cy Marian\u00f3w, \u015bp. Ks. Franciszek Bieniasz MIC. \u017by\u0142 lat 98, w Zgromadzeniu 70, w kap\u0142a\u0144stwie 63.\u00a0 Uroczysto\u015bci pogrzebowe odb\u0119d\u0105 w ko\u015bciele parafialnym pw. \u015aw. Doroty w Licheniu Starym we wtorek 14 listopada 2023 roku i b\u0119d\u0105 transmitowane w mediach sanktuaryjnych. [&hellip;]","og_url":"https:\/\/www.lichen.pl\/it\/zmarl-najstarszy-marianin-w-polsce\/","og_site_name":"SANKTUARIUM W LICHENIU","article_published_time":"2023-11-11T18:18:44+00:00","article_modified_time":"2023-11-14T11:24:06+00:00","og_image":[{"width":886,"height":510,"url":"https:\/\/www.lichen.pl\/wp-content\/uploads\/2023\/11\/ks.-Bieniasz.jpg","type":"image\/jpeg"}],"author":"Justyna Zacharek","twitter_card":"summary_large_image","twitter_misc":{"Scritto da":"Justyna Zacharek","Tempo di lettura stimato":"4 minuti"},"schema":{"@context":"https:\/\/schema.org","@graph":[{"@type":"Article","@id":"https:\/\/www.lichen.pl\/zmarl-najstarszy-marianin-w-polsce\/#article","isPartOf":{"@id":"https:\/\/www.lichen.pl\/zmarl-najstarszy-marianin-w-polsce\/"},"author":{"name":"Justyna Zacharek","@id":"https:\/\/www.lichen.pl\/fr\/#\/schema\/person\/9f57a1408d363022abd305da0323b703"},"headline":"Zmar\u0142 najstarszy marianin w Polsce","datePublished":"2023-11-11T18:18:44+00:00","dateModified":"2023-11-14T11:24:06+00:00","mainEntityOfPage":{"@id":"https:\/\/www.lichen.pl\/zmarl-najstarszy-marianin-w-polsce\/"},"wordCount":559,"image":{"@id":"https:\/\/www.lichen.pl\/zmarl-najstarszy-marianin-w-polsce\/#primaryimage"},"thumbnailUrl":"https:\/\/www.lichen.pl\/wp-content\/uploads\/2023\/11\/ks.-Bieniasz.jpg","articleSection":["Aktualno\u015bci"],"inLanguage":"it-IT"},{"@type":"WebPage","@id":"https:\/\/www.lichen.pl\/zmarl-najstarszy-marianin-w-polsce\/","url":"https:\/\/www.lichen.pl\/zmarl-najstarszy-marianin-w-polsce\/","name":"Zmar\u0142 najstarszy marianin w Polsce - SANKTUARIUM W LICHENIU","isPartOf":{"@id":"https:\/\/www.lichen.pl\/fr\/#website"},"primaryImageOfPage":{"@id":"https:\/\/www.lichen.pl\/zmarl-najstarszy-marianin-w-polsce\/#primaryimage"},"image":{"@id":"https:\/\/www.lichen.pl\/zmarl-najstarszy-marianin-w-polsce\/#primaryimage"},"thumbnailUrl":"https:\/\/www.lichen.pl\/wp-content\/uploads\/2023\/11\/ks.-Bieniasz.jpg","datePublished":"2023-11-11T18:18:44+00:00","dateModified":"2023-11-14T11:24:06+00:00","author":{"@id":"https:\/\/www.lichen.pl\/fr\/#\/schema\/person\/9f57a1408d363022abd305da0323b703"},"breadcrumb":{"@id":"https:\/\/www.lichen.pl\/zmarl-najstarszy-marianin-w-polsce\/#breadcrumb"},"inLanguage":"it-IT","potentialAction":[{"@type":"ReadAction","target":["https:\/\/www.lichen.pl\/zmarl-najstarszy-marianin-w-polsce\/"]}]},{"@type":"ImageObject","inLanguage":"it-IT","@id":"https:\/\/www.lichen.pl\/zmarl-najstarszy-marianin-w-polsce\/#primaryimage","url":"https:\/\/www.lichen.pl\/wp-content\/uploads\/2023\/11\/ks.-Bieniasz.jpg","contentUrl":"https:\/\/www.lichen.pl\/wp-content\/uploads\/2023\/11\/ks.-Bieniasz.jpg","width":886,"height":510,"caption":"SONY DSC"},{"@type":"BreadcrumbList","@id":"https:\/\/www.lichen.pl\/zmarl-najstarszy-marianin-w-polsce\/#breadcrumb","itemListElement":[{"@type":"ListItem","position":1,"name":"Strona g\u0142\u00f3wna","item":"https:\/\/www.lichen.pl\/"},{"@type":"ListItem","position":2,"name":"Zmar\u0142 najstarszy marianin w Polsce"}]},{"@type":"WebSite","@id":"https:\/\/www.lichen.pl\/fr\/#website","url":"https:\/\/www.lichen.pl\/fr\/","name":"SANTUARIO IN LICHENIA","description":"LA REGINA ADOLORATA DEL NOSTRO LICHENE DI POLONIA","potentialAction":[{"@type":"SearchAction","target":{"@type":"EntryPoint","urlTemplate":"https:\/\/www.lichen.pl\/fr\/?s={search_term_string}"},"query-input":{"@type":"PropertyValueSpecification","valueRequired":true,"valueName":"search_term_string"}}],"inLanguage":"it-IT"},{"@type":"Person","@id":"https:\/\/www.lichen.pl\/fr\/#\/schema\/person\/9f57a1408d363022abd305da0323b703","name":"Justyna Zacharek","image":{"@type":"ImageObject","inLanguage":"it-IT","@id":"https:\/\/secure.gravatar.com\/avatar\/7be193626a4fb4d6a7d53a7686c3bbf938efff653c427e0182457b838e9d2c3b?s=96&d=retro&r=g","url":"https:\/\/secure.gravatar.com\/avatar\/7be193626a4fb4d6a7d53a7686c3bbf938efff653c427e0182457b838e9d2c3b?s=96&d=retro&r=g","contentUrl":"https:\/\/secure.gravatar.com\/avatar\/7be193626a4fb4d6a7d53a7686c3bbf938efff653c427e0182457b838e9d2c3b?s=96&d=retro&r=g","caption":"Justyna Zacharek"},"url":"https:\/\/www.lichen.pl\/it\/author\/justyna\/"}]}},"_links":{"self":[{"href":"https:\/\/www.lichen.pl\/it\/wp-json\/wp\/v2\/posts\/61085","targetHints":{"allow":["GET"]}}],"collection":[{"href":"https:\/\/www.lichen.pl\/it\/wp-json\/wp\/v2\/posts"}],"about":[{"href":"https:\/\/www.lichen.pl\/it\/wp-json\/wp\/v2\/types\/post"}],"author":[{"embeddable":true,"href":"https:\/\/www.lichen.pl\/it\/wp-json\/wp\/v2\/users\/5"}],"replies":[{"embeddable":true,"href":"https:\/\/www.lichen.pl\/it\/wp-json\/wp\/v2\/comments?post=61085"}],"version-history":[{"count":13,"href":"https:\/\/www.lichen.pl\/it\/wp-json\/wp\/v2\/posts\/61085\/revisions"}],"predecessor-version":[{"id":61280,"href":"https:\/\/www.lichen.pl\/it\/wp-json\/wp\/v2\/posts\/61085\/revisions\/61280"}],"wp:featuredmedia":[{"embeddable":true,"href":"https:\/\/www.lichen.pl\/it\/wp-json\/wp\/v2\/media\/61086"}],"wp:attachment":[{"href":"https:\/\/www.lichen.pl\/it\/wp-json\/wp\/v2\/media?parent=61085"}],"wp:term":[{"taxonomy":"category","embeddable":true,"href":"https:\/\/www.lichen.pl\/it\/wp-json\/wp\/v2\/categories?post=61085"},{"taxonomy":"post_tag","embeddable":true,"href":"https:\/\/www.lichen.pl\/it\/wp-json\/wp\/v2\/tags?post=61085"}],"curies":[{"name":"wp","href":"https:\/\/api.w.org\/{rel}","templated":true}]}}