{"id":78631,"date":"2024-12-23T18:23:16","date_gmt":"2024-12-23T17:23:16","guid":{"rendered":"https:\/\/www.lichen.pl\/?p=78631"},"modified":"2024-12-23T18:25:09","modified_gmt":"2024-12-23T17:25:09","slug":"lichen-mlodych-i-modlitwa-uwielbienia-ze-schola-ichtis","status":"publish","type":"post","link":"https:\/\/www.lichen.pl\/it\/lichen-mlodych-i-modlitwa-uwielbienia-ze-schola-ichtis\/","title":{"rendered":"&#8220;Liche\u0144 M\u0142odych&#8221; i modlitwa uwielbienia ze schol\u0105 &#8220;Ichtis&#8221;"},"content":{"rendered":"<div data-elementor-type=\"wp-post\" data-elementor-id=\"78631\" class=\"elementor elementor-78631\" data-elementor-post-type=\"post\">\n\t\t\t\t\t\t<section class=\"elementor-section elementor-top-section elementor-element elementor-element-5a5bb8d elementor-section-boxed elementor-section-height-default elementor-section-height-default\" data-id=\"5a5bb8d\" data-element_type=\"section\" data-e-type=\"section\">\n\t\t\t\t\t\t<div class=\"elementor-container elementor-column-gap-default\">\n\t\t\t\t\t<div class=\"elementor-column elementor-col-100 elementor-top-column elementor-element elementor-element-ffdf173\" data-id=\"ffdf173\" data-element_type=\"column\" data-e-type=\"column\">\n\t\t\t<div class=\"elementor-widget-wrap elementor-element-populated\">\n\t\t\t\t\t\t<div class=\"elementor-element elementor-element-b1448b3 elementor-widget elementor-widget-heading\" data-id=\"b1448b3\" data-element_type=\"widget\" data-e-type=\"widget\" data-widget_type=\"heading.default\">\n\t\t\t\t<div class=\"elementor-widget-container\">\n\t\t\t\t\t<h2 class=\"elementor-heading-title elementor-size-default\">Spotkanie z cyklu \u201eLiche\u0144 M\u0142odych\u201d \u2013 czas rado\u015bci, modlitwy i wsp\u00f3lnoty<\/h2>\t\t\t\t<\/div>\n\t\t\t\t<\/div>\n\t\t\t\t\t<\/div>\n\t\t<\/div>\n\t\t\t\t\t<\/div>\n\t\t<\/section>\n\t\t\t\t<section class=\"elementor-section elementor-top-section elementor-element elementor-element-d309936 elementor-section-boxed elementor-section-height-default elementor-section-height-default\" data-id=\"d309936\" data-element_type=\"section\" data-e-type=\"section\">\n\t\t\t\t\t\t<div class=\"elementor-container elementor-column-gap-default\">\n\t\t\t\t\t<div class=\"elementor-column elementor-col-100 elementor-top-column elementor-element elementor-element-0b8b2ad\" data-id=\"0b8b2ad\" data-element_type=\"column\" data-e-type=\"column\">\n\t\t\t<div class=\"elementor-widget-wrap elementor-element-populated\">\n\t\t\t\t\t\t<div class=\"elementor-element elementor-element-171751a elementor-widget elementor-widget-text-editor\" data-id=\"171751a\" data-element_type=\"widget\" data-e-type=\"widget\" data-widget_type=\"text-editor.default\">\n\t\t\t\t<div class=\"elementor-widget-container\">\n\t\t\t\t\t\t\t\t\t<h3><a name=\"_GoBack\"><\/a> W sanktuarium Matki Bo\u017cej Liche\u0144skiej, w niedziel\u0119, 22 grudnia, odby\u0142o si\u0119 kolejne spotkanie z cyklu \u201eZ m\u0142odymi i dla m\u0142odych\u201d. By\u0142 to czas, w kt\u00f3rym m\u0142odzie\u017c mog\u0142a na nowo odkrywa\u0107 obecno\u015b\u0107 Boga w swoim \u017cyciu, modli\u0107 si\u0119, \u015bpiewa\u0107 i dzieli\u0107 rado\u015bci\u0105 z bycia we wsp\u00f3lnocie.<\/h3>\t\t\t\t\t\t\t\t<\/div>\n\t\t\t\t<\/div>\n\t\t\t\t\t<\/div>\n\t\t<\/div>\n\t\t\t\t\t<\/div>\n\t\t<\/section>\n\t\t\t\t<section class=\"elementor-section elementor-top-section elementor-element elementor-element-d517681 elementor-section-boxed elementor-section-height-default elementor-section-height-default\" data-id=\"d517681\" data-element_type=\"section\" data-e-type=\"section\">\n\t\t\t\t\t\t<div class=\"elementor-container elementor-column-gap-default\">\n\t\t\t\t\t<div class=\"elementor-column elementor-col-100 elementor-top-column elementor-element elementor-element-5427db2\" data-id=\"5427db2\" data-element_type=\"column\" data-e-type=\"column\">\n\t\t\t<div class=\"elementor-widget-wrap elementor-element-populated\">\n\t\t\t\t\t\t<div class=\"elementor-element elementor-element-a37352c elementor-widget elementor-widget-text-editor\" data-id=\"a37352c\" data-element_type=\"widget\" data-e-type=\"widget\" data-widget_type=\"text-editor.default\">\n\t\t\t\t<div class=\"elementor-widget-container\">\n\t\t\t\t\t\t\t\t\t<p><span style=\"color: #000000;\">Spotkanie rozpocz\u0119to o godz. 16:00 uroczyst\u0105 Msz\u0105 \u015awi\u0119t\u0105. W homilii skierowanej do m\u0142odych ks. Pawe\u0142 Skonieczny MIC przypomnia\u0142, \u017ce spotkanie z Bogiem zawsze o\u017cywia i dodaje dynamizmu. Odwo\u0142uj\u0105c si\u0119 do biblijnej sceny nawiedzenia \u015bw. El\u017cbiety przez Maryj\u0119, marianin podkre\u015bli\u0142, i\u017c rado\u015b\u0107 z Bo\u017cej obecno\u015bci porusza nas do dzia\u0142ania:<\/span><\/p><p><span style=\"color: #000000;\">\u201eMaryja, kt\u00f3ra do\u015bwiadczy\u0142a Boga, nie zostaje w miejscu \u2013 z po\u015bpiechem idzie do El\u017cbiety, by podzieli\u0107 si\u0119 dobr\u0105 nowin\u0105 i swoj\u0105 rado\u015bci\u0105. B\u00f3g jest \u017cyciem, dynamik\u0105, mi\u0142o\u015bci\u0105. Kiedy Go spotykamy, nasze serce zaczyna ta\u0144czy\u0107 \u2013 tak jak \u015bw. Jan Chrzciciel w \u0142onie matki\u201d.<\/span><\/p><p><span style=\"color: #000000;\">Przekaz, kt\u00f3ry p\u0142yn\u0105\u0142 z homilii, zach\u0119ca\u0142 do wyra\u017cania wiary ca\u0142ym sob\u0105, w\u0142\u0105czaj\u0105c w to tak\u017ce ekspresj\u0119 ruchu: \u201eB\u00f3g ta\u0144czy \u2013 Jego mi\u0142o\u015b\u0107 porusza nas do dzia\u0142ania, rado\u015bci i otwarto\u015bci na drugiego cz\u0142owieka. Chrze\u015bcijanin to cz\u0142owiek pe\u0142en \u017cycia, kt\u00f3ry czerpie z Boga rado\u015b\u0107 i si\u0142\u0119 do dzia\u0142ania\u201d. To spos\u00f3b oddawania czci Panu, jaki charakteryzuje m\u0142odego cz\u0142owieka prowadzonego przez swoj\u0105 wiar\u0119.<\/span><\/p>\t\t\t\t\t\t\t\t<\/div>\n\t\t\t\t<\/div>\n\t\t\t\t\t<\/div>\n\t\t<\/div>\n\t\t\t\t\t<\/div>\n\t\t<\/section>\n\t\t\t\t<section class=\"elementor-section elementor-top-section elementor-element elementor-element-932f99d elementor-section-boxed elementor-section-height-default elementor-section-height-default\" data-id=\"932f99d\" data-element_type=\"section\" data-e-type=\"section\">\n\t\t\t\t\t\t<div class=\"elementor-container elementor-column-gap-default\">\n\t\t\t\t\t<div class=\"elementor-column elementor-col-100 elementor-top-column elementor-element elementor-element-8187427\" data-id=\"8187427\" data-element_type=\"column\" data-e-type=\"column\">\n\t\t\t<div class=\"elementor-widget-wrap elementor-element-populated\">\n\t\t\t\t\t\t<div class=\"elementor-element elementor-element-93aa785 elementor-widget elementor-widget-heading\" data-id=\"93aa785\" data-element_type=\"widget\" data-e-type=\"widget\" data-widget_type=\"heading.default\">\n\t\t\t\t<div class=\"elementor-widget-container\">\n\t\t\t\t\t<h2 class=\"elementor-heading-title elementor-size-default\">\u201eB\u00f3g jest \u017cyciem, dynamik\u0105, mi\u0142o\u015bci\u0105. Kiedy Go spotykamy, nasze serce zaczyna ta\u0144czy\u0107\u201d<\/h2>\t\t\t\t<\/div>\n\t\t\t\t<\/div>\n\t\t\t\t\t<\/div>\n\t\t<\/div>\n\t\t\t\t\t<\/div>\n\t\t<\/section>\n\t\t\t\t<section class=\"elementor-section elementor-top-section elementor-element elementor-element-d6fea0f elementor-section-boxed elementor-section-height-default elementor-section-height-default\" data-id=\"d6fea0f\" data-element_type=\"section\" data-e-type=\"section\">\n\t\t\t\t\t\t<div class=\"elementor-container elementor-column-gap-default\">\n\t\t\t\t\t<div class=\"elementor-column elementor-col-100 elementor-top-column elementor-element elementor-element-abc989d\" data-id=\"abc989d\" data-element_type=\"column\" data-e-type=\"column\">\n\t\t\t<div class=\"elementor-widget-wrap elementor-element-populated\">\n\t\t\t\t\t\t<div class=\"elementor-element elementor-element-e7b0cf9 elementor-widget elementor-widget-text-editor\" data-id=\"e7b0cf9\" data-element_type=\"widget\" data-e-type=\"widget\" data-widget_type=\"text-editor.default\">\n\t\t\t\t<div class=\"elementor-widget-container\">\n\t\t\t\t\t\t\t\t\t<p><span style=\"color: #000000;\">Po Mszy \u015bw. m\u0142odzie\u017c oraz zgromadzeni w liche\u0144skiej bazylice wierni uczestniczyli w adoracji Naj\u015bwi\u0119tszego sakramentu. Modlitw\u0119 uwielbienia poprowadzi\u0142a schola \u201eIchtis\u201d. W atmosferze \u015bpiewu, modlitwy i refleksji mo\u017cna by\u0142o na nowo do\u015bwiadczy\u0107 Bo\u017cej mi\u0142o\u015bci. To by\u0142a okazja do g\u0142\u0119bokiego przygotowania si\u0119 do \u015bwi\u0105t Bo\u017cego Narodzenia.<\/span><\/p><p><span style=\"color: #000000;\">Spotkania z cyklu \u201eLiche\u0144 M\u0142odych\u201d to wydarzenia, kt\u00f3re staj\u0105 si\u0119 dla m\u0142odych przestrzeni\u0105 do\u015bwiadczania \u017cywej wiary. To czas, w kt\u00f3rym modlitwa przeplata si\u0119 z rado\u015bci\u0105 bycia razem, a w sercach rodzi si\u0119 pragnienie g\u0142\u0119bszej relacji z Bogiem.<\/span><\/p><p><span style=\"color: #000000;\">Serdecznie zapraszamy na kolejne spotkania \u2013 wi\u0119cej informacji mo\u017cna znale\u017a\u0107 na Instagramie @lichenmlodych. Niech Bo\u017ca rado\u015b\u0107 i dynamika wiary towarzysz\u0105 nam ka\u017cdego dnia, a szczeg\u00f3lnie teraz, w okresie Bo\u017cego Narodzenia!<\/span><\/p>\t\t\t\t\t\t\t\t<\/div>\n\t\t\t\t<\/div>\n\t\t\t\t\t<\/div>\n\t\t<\/div>\n\t\t\t\t\t<\/div>\n\t\t<\/section>\n\t\t\t\t<section class=\"elementor-section elementor-top-section elementor-element elementor-element-d0d1c58 elementor-section-boxed elementor-section-height-default elementor-section-height-default\" data-id=\"d0d1c58\" data-element_type=\"section\" data-e-type=\"section\">\n\t\t\t\t\t\t<div class=\"elementor-container elementor-column-gap-default\">\n\t\t\t\t\t<div class=\"elementor-column elementor-col-100 elementor-top-column elementor-element elementor-element-d211827\" data-id=\"d211827\" data-element_type=\"column\" data-e-type=\"column\">\n\t\t\t<div class=\"elementor-widget-wrap elementor-element-populated\">\n\t\t\t\t\t\t<div class=\"elementor-element elementor-element-20b6859 elementor-widget elementor-widget-gallery\" data-id=\"20b6859\" data-element_type=\"widget\" data-e-type=\"widget\" data-settings=\"{&quot;lazyload&quot;:&quot;yes&quot;,&quot;gallery_layout&quot;:&quot;grid&quot;,&quot;columns&quot;:4,&quot;columns_tablet&quot;:2,&quot;columns_mobile&quot;:1,&quot;gap&quot;:{&quot;unit&quot;:&quot;px&quot;,&quot;size&quot;:10,&quot;sizes&quot;:[]},&quot;gap_tablet&quot;:{&quot;unit&quot;:&quot;px&quot;,&quot;size&quot;:10,&quot;sizes&quot;:[]},&quot;gap_mobile&quot;:{&quot;unit&quot;:&quot;px&quot;,&quot;size&quot;:10,&quot;sizes&quot;:[]},&quot;link_to&quot;:&quot;file&quot;,&quot;aspect_ratio&quot;:&quot;3:2&quot;,&quot;overlay_background&quot;:&quot;yes&quot;,&quot;content_hover_animation&quot;:&quot;fade-in&quot;}\" data-widget_type=\"gallery.default\">\n\t\t\t\t<div class=\"elementor-widget-container\">\n\t\t\t\t\t\t\t<div class=\"elementor-gallery__container\">\n\t\t\t\t\t\t\t<a class=\"e-gallery-item elementor-gallery-item elementor-animated-content\" href=\"https:\/\/www.lichen.pl\/wp-content\/uploads\/2024\/12\/Uwielbienie-15.jpg\" data-elementor-open-lightbox=\"yes\" data-elementor-lightbox-slideshow=\"20b6859\" data-elementor-lightbox-title=\"Uwielbienie (15)\" data-e-action-hash=\"#elementor-action%3Aaction%3Dlightbox%26settings%3DeyJpZCI6Nzg2MzcsInVybCI6Imh0dHBzOlwvXC93d3cubGljaGVuLnBsXC93cC1jb250ZW50XC91cGxvYWRzXC8yMDI0XC8xMlwvVXdpZWxiaWVuaWUtMTUuanBnIiwic2xpZGVzaG93IjoiMjBiNjg1OSJ9\">\n\t\t\t\t\t<div class=\"e-gallery-image elementor-gallery-item__image\" data-thumbnail=\"https:\/\/www.lichen.pl\/wp-content\/uploads\/2024\/12\/Uwielbienie-15-300x200.jpg\" data-width=\"300\" data-height=\"200\" aria-label=\"\" role=\"img\" ><\/div>\n\t\t\t\t\t\t\t\t\t\t\t<div class=\"elementor-gallery-item__overlay\"><\/div>\n\t\t\t\t\t\t\t\t\t\t\t\t\t\t<\/a>\n\t\t\t\t\t\t\t<a class=\"e-gallery-item elementor-gallery-item elementor-animated-content\" href=\"https:\/\/www.lichen.pl\/wp-content\/uploads\/2024\/12\/Uwielbienie-1.jpg\" data-elementor-open-lightbox=\"yes\" data-elementor-lightbox-slideshow=\"20b6859\" data-elementor-lightbox-title=\"Uwielbienie (1)\" data-e-action-hash=\"#elementor-action%3Aaction%3Dlightbox%26settings%3DeyJpZCI6Nzg2MzIsInVybCI6Imh0dHBzOlwvXC93d3cubGljaGVuLnBsXC93cC1jb250ZW50XC91cGxvYWRzXC8yMDI0XC8xMlwvVXdpZWxiaWVuaWUtMS5qcGciLCJzbGlkZXNob3ciOiIyMGI2ODU5In0%3D\">\n\t\t\t\t\t<div class=\"e-gallery-image elementor-gallery-item__image\" data-thumbnail=\"https:\/\/www.lichen.pl\/wp-content\/uploads\/2024\/12\/Uwielbienie-1-300x200.jpg\" data-width=\"300\" data-height=\"200\" aria-label=\"\" role=\"img\" ><\/div>\n\t\t\t\t\t\t\t\t\t\t\t<div class=\"elementor-gallery-item__overlay\"><\/div>\n\t\t\t\t\t\t\t\t\t\t\t\t\t\t<\/a>\n\t\t\t\t\t\t\t<a class=\"e-gallery-item elementor-gallery-item elementor-animated-content\" href=\"https:\/\/www.lichen.pl\/wp-content\/uploads\/2024\/12\/Uwielbienie-7.jpg\" data-elementor-open-lightbox=\"yes\" data-elementor-lightbox-slideshow=\"20b6859\" data-elementor-lightbox-title=\"Uwielbienie (7)\" data-e-action-hash=\"#elementor-action%3Aaction%3Dlightbox%26settings%3DeyJpZCI6Nzg2MzMsInVybCI6Imh0dHBzOlwvXC93d3cubGljaGVuLnBsXC93cC1jb250ZW50XC91cGxvYWRzXC8yMDI0XC8xMlwvVXdpZWxiaWVuaWUtNy5qcGciLCJzbGlkZXNob3ciOiIyMGI2ODU5In0%3D\">\n\t\t\t\t\t<div class=\"e-gallery-image elementor-gallery-item__image\" data-thumbnail=\"https:\/\/www.lichen.pl\/wp-content\/uploads\/2024\/12\/Uwielbienie-7-300x200.jpg\" data-width=\"300\" data-height=\"200\" aria-label=\"\" role=\"img\" ><\/div>\n\t\t\t\t\t\t\t\t\t\t\t<div class=\"elementor-gallery-item__overlay\"><\/div>\n\t\t\t\t\t\t\t\t\t\t\t\t\t\t<\/a>\n\t\t\t\t\t\t\t<a class=\"e-gallery-item elementor-gallery-item elementor-animated-content\" href=\"https:\/\/www.lichen.pl\/wp-content\/uploads\/2024\/12\/Uwielbienie-8.jpg\" data-elementor-open-lightbox=\"yes\" data-elementor-lightbox-slideshow=\"20b6859\" data-elementor-lightbox-title=\"Uwielbienie (8)\" data-e-action-hash=\"#elementor-action%3Aaction%3Dlightbox%26settings%3DeyJpZCI6Nzg2MzQsInVybCI6Imh0dHBzOlwvXC93d3cubGljaGVuLnBsXC93cC1jb250ZW50XC91cGxvYWRzXC8yMDI0XC8xMlwvVXdpZWxiaWVuaWUtOC5qcGciLCJzbGlkZXNob3ciOiIyMGI2ODU5In0%3D\">\n\t\t\t\t\t<div class=\"e-gallery-image elementor-gallery-item__image\" data-thumbnail=\"https:\/\/www.lichen.pl\/wp-content\/uploads\/2024\/12\/Uwielbienie-8-300x200.jpg\" data-width=\"300\" data-height=\"200\" aria-label=\"\" role=\"img\" ><\/div>\n\t\t\t\t\t\t\t\t\t\t\t<div class=\"elementor-gallery-item__overlay\"><\/div>\n\t\t\t\t\t\t\t\t\t\t\t\t\t\t<\/a>\n\t\t\t\t\t\t\t<a class=\"e-gallery-item elementor-gallery-item elementor-animated-content\" href=\"https:\/\/www.lichen.pl\/wp-content\/uploads\/2024\/12\/Uwielbienie-11.jpg\" data-elementor-open-lightbox=\"yes\" data-elementor-lightbox-slideshow=\"20b6859\" data-elementor-lightbox-title=\"Uwielbienie (11)\" data-e-action-hash=\"#elementor-action%3Aaction%3Dlightbox%26settings%3DeyJpZCI6Nzg2MzYsInVybCI6Imh0dHBzOlwvXC93d3cubGljaGVuLnBsXC93cC1jb250ZW50XC91cGxvYWRzXC8yMDI0XC8xMlwvVXdpZWxiaWVuaWUtMTEuanBnIiwic2xpZGVzaG93IjoiMjBiNjg1OSJ9\">\n\t\t\t\t\t<div class=\"e-gallery-image elementor-gallery-item__image\" data-thumbnail=\"https:\/\/www.lichen.pl\/wp-content\/uploads\/2024\/12\/Uwielbienie-11-300x200.jpg\" data-width=\"300\" data-height=\"200\" aria-label=\"\" role=\"img\" ><\/div>\n\t\t\t\t\t\t\t\t\t\t\t<div class=\"elementor-gallery-item__overlay\"><\/div>\n\t\t\t\t\t\t\t\t\t\t\t\t\t\t<\/a>\n\t\t\t\t\t\t\t<a class=\"e-gallery-item elementor-gallery-item elementor-animated-content\" href=\"https:\/\/www.lichen.pl\/wp-content\/uploads\/2024\/12\/Uwielbienie-9.jpg\" data-elementor-open-lightbox=\"yes\" data-elementor-lightbox-slideshow=\"20b6859\" data-elementor-lightbox-title=\"Uwielbienie (9)\" data-e-action-hash=\"#elementor-action%3Aaction%3Dlightbox%26settings%3DeyJpZCI6Nzg2MzUsInVybCI6Imh0dHBzOlwvXC93d3cubGljaGVuLnBsXC93cC1jb250ZW50XC91cGxvYWRzXC8yMDI0XC8xMlwvVXdpZWxiaWVuaWUtOS5qcGciLCJzbGlkZXNob3ciOiIyMGI2ODU5In0%3D\">\n\t\t\t\t\t<div class=\"e-gallery-image elementor-gallery-item__image\" data-thumbnail=\"https:\/\/www.lichen.pl\/wp-content\/uploads\/2024\/12\/Uwielbienie-9-300x200.jpg\" data-width=\"300\" data-height=\"200\" aria-label=\"\" role=\"img\" ><\/div>\n\t\t\t\t\t\t\t\t\t\t\t<div class=\"elementor-gallery-item__overlay\"><\/div>\n\t\t\t\t\t\t\t\t\t\t\t\t\t\t<\/a>\n\t\t\t\t\t\t\t<a class=\"e-gallery-item elementor-gallery-item elementor-animated-content\" href=\"https:\/\/www.lichen.pl\/wp-content\/uploads\/2024\/12\/Uwielbienie-17.jpg\" data-elementor-open-lightbox=\"yes\" data-elementor-lightbox-slideshow=\"20b6859\" data-elementor-lightbox-title=\"Uwielbienie (17)\" data-e-action-hash=\"#elementor-action%3Aaction%3Dlightbox%26settings%3DeyJpZCI6Nzg2MzgsInVybCI6Imh0dHBzOlwvXC93d3cubGljaGVuLnBsXC93cC1jb250ZW50XC91cGxvYWRzXC8yMDI0XC8xMlwvVXdpZWxiaWVuaWUtMTcuanBnIiwic2xpZGVzaG93IjoiMjBiNjg1OSJ9\">\n\t\t\t\t\t<div class=\"e-gallery-image elementor-gallery-item__image\" data-thumbnail=\"https:\/\/www.lichen.pl\/wp-content\/uploads\/2024\/12\/Uwielbienie-17-300x200.jpg\" data-width=\"300\" data-height=\"200\" aria-label=\"\" role=\"img\" ><\/div>\n\t\t\t\t\t\t\t\t\t\t\t<div class=\"elementor-gallery-item__overlay\"><\/div>\n\t\t\t\t\t\t\t\t\t\t\t\t\t\t<\/a>\n\t\t\t\t\t\t\t<a class=\"e-gallery-item elementor-gallery-item elementor-animated-content\" href=\"https:\/\/www.lichen.pl\/wp-content\/uploads\/2024\/12\/Uwielbienie-18.jpg\" data-elementor-open-lightbox=\"yes\" data-elementor-lightbox-slideshow=\"20b6859\" data-elementor-lightbox-title=\"Uwielbienie (18)\" data-e-action-hash=\"#elementor-action%3Aaction%3Dlightbox%26settings%3DeyJpZCI6Nzg2MzksInVybCI6Imh0dHBzOlwvXC93d3cubGljaGVuLnBsXC93cC1jb250ZW50XC91cGxvYWRzXC8yMDI0XC8xMlwvVXdpZWxiaWVuaWUtMTguanBnIiwic2xpZGVzaG93IjoiMjBiNjg1OSJ9\">\n\t\t\t\t\t<div class=\"e-gallery-image elementor-gallery-item__image\" data-thumbnail=\"https:\/\/www.lichen.pl\/wp-content\/uploads\/2024\/12\/Uwielbienie-18-300x200.jpg\" data-width=\"300\" data-height=\"200\" aria-label=\"\" role=\"img\" ><\/div>\n\t\t\t\t\t\t\t\t\t\t\t<div class=\"elementor-gallery-item__overlay\"><\/div>\n\t\t\t\t\t\t\t\t\t\t\t\t\t\t<\/a>\n\t\t\t\t\t\t\t<a class=\"e-gallery-item elementor-gallery-item elementor-animated-content\" href=\"https:\/\/www.lichen.pl\/wp-content\/uploads\/2024\/12\/Uwielbienie-19.jpg\" data-elementor-open-lightbox=\"yes\" data-elementor-lightbox-slideshow=\"20b6859\" data-elementor-lightbox-title=\"Uwielbienie (19)\" data-e-action-hash=\"#elementor-action%3Aaction%3Dlightbox%26settings%3DeyJpZCI6Nzg2NDAsInVybCI6Imh0dHBzOlwvXC93d3cubGljaGVuLnBsXC93cC1jb250ZW50XC91cGxvYWRzXC8yMDI0XC8xMlwvVXdpZWxiaWVuaWUtMTkuanBnIiwic2xpZGVzaG93IjoiMjBiNjg1OSJ9\">\n\t\t\t\t\t<div class=\"e-gallery-image elementor-gallery-item__image\" data-thumbnail=\"https:\/\/www.lichen.pl\/wp-content\/uploads\/2024\/12\/Uwielbienie-19-300x200.jpg\" data-width=\"300\" data-height=\"200\" aria-label=\"\" role=\"img\" ><\/div>\n\t\t\t\t\t\t\t\t\t\t\t<div class=\"elementor-gallery-item__overlay\"><\/div>\n\t\t\t\t\t\t\t\t\t\t\t\t\t\t<\/a>\n\t\t\t\t\t\t\t<a class=\"e-gallery-item elementor-gallery-item elementor-animated-content\" href=\"https:\/\/www.lichen.pl\/wp-content\/uploads\/2024\/12\/Uwielbienie-28.jpg\" data-elementor-open-lightbox=\"yes\" data-elementor-lightbox-slideshow=\"20b6859\" data-elementor-lightbox-title=\"Uwielbienie (28)\" data-e-action-hash=\"#elementor-action%3Aaction%3Dlightbox%26settings%3DeyJpZCI6Nzg2NDEsInVybCI6Imh0dHBzOlwvXC93d3cubGljaGVuLnBsXC93cC1jb250ZW50XC91cGxvYWRzXC8yMDI0XC8xMlwvVXdpZWxiaWVuaWUtMjguanBnIiwic2xpZGVzaG93IjoiMjBiNjg1OSJ9\">\n\t\t\t\t\t<div class=\"e-gallery-image elementor-gallery-item__image\" data-thumbnail=\"https:\/\/www.lichen.pl\/wp-content\/uploads\/2024\/12\/Uwielbienie-28-300x200.jpg\" data-width=\"300\" data-height=\"200\" aria-label=\"\" role=\"img\" ><\/div>\n\t\t\t\t\t\t\t\t\t\t\t<div class=\"elementor-gallery-item__overlay\"><\/div>\n\t\t\t\t\t\t\t\t\t\t\t\t\t\t<\/a>\n\t\t\t\t\t\t\t<a class=\"e-gallery-item elementor-gallery-item elementor-animated-content\" href=\"https:\/\/www.lichen.pl\/wp-content\/uploads\/2024\/12\/Uwielbienie-31.jpg\" data-elementor-open-lightbox=\"yes\" data-elementor-lightbox-slideshow=\"20b6859\" data-elementor-lightbox-title=\"Uwielbienie (31)\" data-e-action-hash=\"#elementor-action%3Aaction%3Dlightbox%26settings%3DeyJpZCI6Nzg2NDIsInVybCI6Imh0dHBzOlwvXC93d3cubGljaGVuLnBsXC93cC1jb250ZW50XC91cGxvYWRzXC8yMDI0XC8xMlwvVXdpZWxiaWVuaWUtMzEuanBnIiwic2xpZGVzaG93IjoiMjBiNjg1OSJ9\">\n\t\t\t\t\t<div class=\"e-gallery-image elementor-gallery-item__image\" data-thumbnail=\"https:\/\/www.lichen.pl\/wp-content\/uploads\/2024\/12\/Uwielbienie-31-300x200.jpg\" data-width=\"300\" data-height=\"200\" aria-label=\"\" role=\"img\" ><\/div>\n\t\t\t\t\t\t\t\t\t\t\t<div class=\"elementor-gallery-item__overlay\"><\/div>\n\t\t\t\t\t\t\t\t\t\t\t\t\t\t<\/a>\n\t\t\t\t\t\t\t<a class=\"e-gallery-item elementor-gallery-item elementor-animated-content\" href=\"https:\/\/www.lichen.pl\/wp-content\/uploads\/2024\/12\/Uwielbienie-36.jpg\" data-elementor-open-lightbox=\"yes\" data-elementor-lightbox-slideshow=\"20b6859\" data-elementor-lightbox-title=\"Uwielbienie (36)\" data-e-action-hash=\"#elementor-action%3Aaction%3Dlightbox%26settings%3DeyJpZCI6Nzg2NDMsInVybCI6Imh0dHBzOlwvXC93d3cubGljaGVuLnBsXC93cC1jb250ZW50XC91cGxvYWRzXC8yMDI0XC8xMlwvVXdpZWxiaWVuaWUtMzYuanBnIiwic2xpZGVzaG93IjoiMjBiNjg1OSJ9\">\n\t\t\t\t\t<div class=\"e-gallery-image elementor-gallery-item__image\" data-thumbnail=\"https:\/\/www.lichen.pl\/wp-content\/uploads\/2024\/12\/Uwielbienie-36-300x200.jpg\" data-width=\"300\" data-height=\"200\" aria-label=\"\" role=\"img\" ><\/div>\n\t\t\t\t\t\t\t\t\t\t\t<div class=\"elementor-gallery-item__overlay\"><\/div>\n\t\t\t\t\t\t\t\t\t\t\t\t\t\t<\/a>\n\t\t\t\t\t<\/div>\n\t\t\t\t\t<\/div>\n\t\t\t\t<\/div>\n\t\t\t\t\t<\/div>\n\t\t<\/div>\n\t\t\t\t\t<\/div>\n\t\t<\/section>\n\t\t\t\t<\/div>","protected":false},"excerpt":{"rendered":"<p>Spotkanie z cyklu \u201eLiche\u0144 M\u0142odych\u201d \u2013 czas rado\u015bci, modlitwy i wsp\u00f3lnoty W sanktuarium Matki Bo\u017cej Liche\u0144skiej, w niedziel\u0119, 22 grudnia, odby\u0142o si\u0119 kolejne spotkanie z cyklu \u201eZ m\u0142odymi i dla m\u0142odych\u201d. By\u0142 to czas, w kt\u00f3rym m\u0142odzie\u017c mog\u0142a na nowo odkrywa\u0107 obecno\u015b\u0107 Boga w swoim \u017cyciu, modli\u0107 si\u0119, \u015bpiewa\u0107 i dzieli\u0107 rado\u015bci\u0105 z bycia we [&hellip;]<\/p>\n","protected":false},"author":8,"featured_media":78643,"comment_status":"closed","ping_status":"closed","sticky":false,"template":"","format":"standard","meta":{"footnotes":""},"categories":[1],"tags":[],"class_list":["post-78631","post","type-post","status-publish","format-standard","has-post-thumbnail","hentry","category-aktualnosci","wpbf-post"],"yoast_head":"<!-- This site is optimized with the Yoast SEO plugin v27.4 - https:\/\/yoast.com\/product\/yoast-seo-wordpress\/ -->\n<title>&quot;Liche\u0144 M\u0142odych&quot; i modlitwa uwielbienia ze schol\u0105 &quot;Ichtis&quot; - SANKTUARIUM W LICHENIU<\/title>\n<meta name=\"robots\" content=\"index, follow, max-snippet:-1, max-image-preview:large, max-video-preview:-1\" \/>\n<link rel=\"canonical\" href=\"https:\/\/www.lichen.pl\/it\/lichen-mlodych-i-modlitwa-uwielbienia-ze-schola-ichtis\/\" \/>\n<meta property=\"og:locale\" content=\"it_IT\" \/>\n<meta property=\"og:type\" content=\"article\" \/>\n<meta property=\"og:title\" content=\"&quot;Liche\u0144 M\u0142odych&quot; i modlitwa uwielbienia ze schol\u0105 &quot;Ichtis&quot; - SANKTUARIUM W LICHENIU\" \/>\n<meta property=\"og:description\" content=\"Spotkanie z cyklu \u201eLiche\u0144 M\u0142odych\u201d \u2013 czas rado\u015bci, modlitwy i wsp\u00f3lnoty W sanktuarium Matki Bo\u017cej Liche\u0144skiej, w niedziel\u0119, 22 grudnia, odby\u0142o si\u0119 kolejne spotkanie z cyklu \u201eZ m\u0142odymi i dla m\u0142odych\u201d. By\u0142 to czas, w kt\u00f3rym m\u0142odzie\u017c mog\u0142a na nowo odkrywa\u0107 obecno\u015b\u0107 Boga w swoim \u017cyciu, modli\u0107 si\u0119, \u015bpiewa\u0107 i dzieli\u0107 rado\u015bci\u0105 z bycia we [&hellip;]\" \/>\n<meta property=\"og:url\" content=\"https:\/\/www.lichen.pl\/it\/lichen-mlodych-i-modlitwa-uwielbienia-ze-schola-ichtis\/\" \/>\n<meta property=\"og:site_name\" content=\"SANKTUARIUM W LICHENIU\" \/>\n<meta property=\"article:published_time\" content=\"2024-12-23T17:23:16+00:00\" \/>\n<meta property=\"article:modified_time\" content=\"2024-12-23T17:25:09+00:00\" \/>\n<meta property=\"og:image\" content=\"https:\/\/www.lichen.pl\/wp-content\/uploads\/2024\/12\/Uwielbienie-36-1024x683.jpg\" \/>\n\t<meta property=\"og:image:width\" content=\"1024\" \/>\n\t<meta property=\"og:image:height\" content=\"683\" \/>\n\t<meta property=\"og:image:type\" content=\"image\/jpeg\" \/>\n<meta name=\"author\" content=\"Biuro Prasowe\" \/>\n<meta name=\"twitter:card\" content=\"summary_large_image\" \/>\n<meta name=\"twitter:label1\" content=\"Scritto da\" \/>\n\t<meta name=\"twitter:data1\" content=\"Biuro Prasowe\" \/>\n\t<meta name=\"twitter:label2\" content=\"Tempo di lettura stimato\" \/>\n\t<meta name=\"twitter:data2\" content=\"2 minuti\" \/>\n<script type=\"application\/ld+json\" class=\"yoast-schema-graph\">{\"@context\":\"https:\\\/\\\/schema.org\",\"@graph\":[{\"@type\":\"Article\",\"@id\":\"https:\\\/\\\/www.lichen.pl\\\/lichen-mlodych-i-modlitwa-uwielbienia-ze-schola-ichtis\\\/#article\",\"isPartOf\":{\"@id\":\"https:\\\/\\\/www.lichen.pl\\\/lichen-mlodych-i-modlitwa-uwielbienia-ze-schola-ichtis\\\/\"},\"author\":{\"name\":\"Biuro Prasowe\",\"@id\":\"https:\\\/\\\/www.lichen.pl\\\/fr\\\/#\\\/schema\\\/person\\\/682b5cfa2f8a664a298ed0bc19782a02\"},\"headline\":\"&#8220;Liche\u0144 M\u0142odych&#8221; i modlitwa uwielbienia ze schol\u0105 &#8220;Ichtis&#8221;\",\"datePublished\":\"2024-12-23T17:23:16+00:00\",\"dateModified\":\"2024-12-23T17:25:09+00:00\",\"mainEntityOfPage\":{\"@id\":\"https:\\\/\\\/www.lichen.pl\\\/lichen-mlodych-i-modlitwa-uwielbienia-ze-schola-ichtis\\\/\"},\"wordCount\":420,\"image\":{\"@id\":\"https:\\\/\\\/www.lichen.pl\\\/lichen-mlodych-i-modlitwa-uwielbienia-ze-schola-ichtis\\\/#primaryimage\"},\"thumbnailUrl\":\"https:\\\/\\\/www.lichen.pl\\\/wp-content\\\/uploads\\\/2024\\\/12\\\/Uwielbienie-36.jpg\",\"articleSection\":[\"Aktualno\u015bci\"],\"inLanguage\":\"it-IT\"},{\"@type\":\"WebPage\",\"@id\":\"https:\\\/\\\/www.lichen.pl\\\/lichen-mlodych-i-modlitwa-uwielbienia-ze-schola-ichtis\\\/\",\"url\":\"https:\\\/\\\/www.lichen.pl\\\/lichen-mlodych-i-modlitwa-uwielbienia-ze-schola-ichtis\\\/\",\"name\":\"\\\"Liche\u0144 M\u0142odych\\\" i modlitwa uwielbienia ze schol\u0105 \\\"Ichtis\\\" - SANKTUARIUM W LICHENIU\",\"isPartOf\":{\"@id\":\"https:\\\/\\\/www.lichen.pl\\\/fr\\\/#website\"},\"primaryImageOfPage\":{\"@id\":\"https:\\\/\\\/www.lichen.pl\\\/lichen-mlodych-i-modlitwa-uwielbienia-ze-schola-ichtis\\\/#primaryimage\"},\"image\":{\"@id\":\"https:\\\/\\\/www.lichen.pl\\\/lichen-mlodych-i-modlitwa-uwielbienia-ze-schola-ichtis\\\/#primaryimage\"},\"thumbnailUrl\":\"https:\\\/\\\/www.lichen.pl\\\/wp-content\\\/uploads\\\/2024\\\/12\\\/Uwielbienie-36.jpg\",\"datePublished\":\"2024-12-23T17:23:16+00:00\",\"dateModified\":\"2024-12-23T17:25:09+00:00\",\"author\":{\"@id\":\"https:\\\/\\\/www.lichen.pl\\\/fr\\\/#\\\/schema\\\/person\\\/682b5cfa2f8a664a298ed0bc19782a02\"},\"breadcrumb\":{\"@id\":\"https:\\\/\\\/www.lichen.pl\\\/lichen-mlodych-i-modlitwa-uwielbienia-ze-schola-ichtis\\\/#breadcrumb\"},\"inLanguage\":\"it-IT\",\"potentialAction\":[{\"@type\":\"ReadAction\",\"target\":[\"https:\\\/\\\/www.lichen.pl\\\/lichen-mlodych-i-modlitwa-uwielbienia-ze-schola-ichtis\\\/\"]}]},{\"@type\":\"ImageObject\",\"inLanguage\":\"it-IT\",\"@id\":\"https:\\\/\\\/www.lichen.pl\\\/lichen-mlodych-i-modlitwa-uwielbienia-ze-schola-ichtis\\\/#primaryimage\",\"url\":\"https:\\\/\\\/www.lichen.pl\\\/wp-content\\\/uploads\\\/2024\\\/12\\\/Uwielbienie-36.jpg\",\"contentUrl\":\"https:\\\/\\\/www.lichen.pl\\\/wp-content\\\/uploads\\\/2024\\\/12\\\/Uwielbienie-36.jpg\",\"width\":5898,\"height\":3932},{\"@type\":\"BreadcrumbList\",\"@id\":\"https:\\\/\\\/www.lichen.pl\\\/lichen-mlodych-i-modlitwa-uwielbienia-ze-schola-ichtis\\\/#breadcrumb\",\"itemListElement\":[{\"@type\":\"ListItem\",\"position\":1,\"name\":\"Strona g\u0142\u00f3wna\",\"item\":\"https:\\\/\\\/www.lichen.pl\\\/\"},{\"@type\":\"ListItem\",\"position\":2,\"name\":\"&#8220;Liche\u0144 M\u0142odych&#8221; i modlitwa uwielbienia ze schol\u0105 &#8220;Ichtis&#8221;\"}]},{\"@type\":\"WebSite\",\"@id\":\"https:\\\/\\\/www.lichen.pl\\\/fr\\\/#website\",\"url\":\"https:\\\/\\\/www.lichen.pl\\\/fr\\\/\",\"name\":\"SANKTUARIUM W LICHENIU\",\"description\":\"MATKI BO\u017bEJ LICHE\u0143SKIEJ BOLESNEJ KR\u00d3LOWEJ POLSKI\",\"potentialAction\":[{\"@type\":\"SearchAction\",\"target\":{\"@type\":\"EntryPoint\",\"urlTemplate\":\"https:\\\/\\\/www.lichen.pl\\\/fr\\\/?s={search_term_string}\"},\"query-input\":{\"@type\":\"PropertyValueSpecification\",\"valueRequired\":true,\"valueName\":\"search_term_string\"}}],\"inLanguage\":\"it-IT\"},{\"@type\":\"Person\",\"@id\":\"https:\\\/\\\/www.lichen.pl\\\/fr\\\/#\\\/schema\\\/person\\\/682b5cfa2f8a664a298ed0bc19782a02\",\"name\":\"Biuro Prasowe\",\"image\":{\"@type\":\"ImageObject\",\"inLanguage\":\"it-IT\",\"@id\":\"https:\\\/\\\/secure.gravatar.com\\\/avatar\\\/07fa3449d37670fd38888cb2e3db27aa13df245d811ec65206e44888f202bb53?s=96&d=retro&r=g\",\"url\":\"https:\\\/\\\/secure.gravatar.com\\\/avatar\\\/07fa3449d37670fd38888cb2e3db27aa13df245d811ec65206e44888f202bb53?s=96&d=retro&r=g\",\"contentUrl\":\"https:\\\/\\\/secure.gravatar.com\\\/avatar\\\/07fa3449d37670fd38888cb2e3db27aa13df245d811ec65206e44888f202bb53?s=96&d=retro&r=g\",\"caption\":\"Biuro Prasowe\"},\"sameAs\":[\"http:\\\/\\\/www.lichen.pl\"],\"url\":\"https:\\\/\\\/www.lichen.pl\\\/it\\\/author\\\/biuro-prasowe\\\/\"}]}<\/script>\n<!-- \/ Yoast SEO plugin. -->","yoast_head_json":{"title":"\"Liche\u0144 M\u0142odych\" i modlitwa uwielbienia ze schol\u0105 \"Ichtis\" - SANKTUARIUM W LICHENIU","robots":{"index":"index","follow":"follow","max-snippet":"max-snippet:-1","max-image-preview":"max-image-preview:large","max-video-preview":"max-video-preview:-1"},"canonical":"https:\/\/www.lichen.pl\/it\/lichen-mlodych-i-modlitwa-uwielbienia-ze-schola-ichtis\/","og_locale":"it_IT","og_type":"article","og_title":"\"Liche\u0144 M\u0142odych\" i modlitwa uwielbienia ze schol\u0105 \"Ichtis\" - SANKTUARIUM W LICHENIU","og_description":"Spotkanie z cyklu \u201eLiche\u0144 M\u0142odych\u201d \u2013 czas rado\u015bci, modlitwy i wsp\u00f3lnoty W sanktuarium Matki Bo\u017cej Liche\u0144skiej, w niedziel\u0119, 22 grudnia, odby\u0142o si\u0119 kolejne spotkanie z cyklu \u201eZ m\u0142odymi i dla m\u0142odych\u201d. By\u0142 to czas, w kt\u00f3rym m\u0142odzie\u017c mog\u0142a na nowo odkrywa\u0107 obecno\u015b\u0107 Boga w swoim \u017cyciu, modli\u0107 si\u0119, \u015bpiewa\u0107 i dzieli\u0107 rado\u015bci\u0105 z bycia we [&hellip;]","og_url":"https:\/\/www.lichen.pl\/it\/lichen-mlodych-i-modlitwa-uwielbienia-ze-schola-ichtis\/","og_site_name":"SANKTUARIUM W LICHENIU","article_published_time":"2024-12-23T17:23:16+00:00","article_modified_time":"2024-12-23T17:25:09+00:00","og_image":[{"width":1024,"height":683,"url":"https:\/\/www.lichen.pl\/wp-content\/uploads\/2024\/12\/Uwielbienie-36-1024x683.jpg","type":"image\/jpeg"}],"author":"Biuro Prasowe","twitter_card":"summary_large_image","twitter_misc":{"Scritto da":"Biuro Prasowe","Tempo di lettura stimato":"2 minuti"},"schema":{"@context":"https:\/\/schema.org","@graph":[{"@type":"Article","@id":"https:\/\/www.lichen.pl\/lichen-mlodych-i-modlitwa-uwielbienia-ze-schola-ichtis\/#article","isPartOf":{"@id":"https:\/\/www.lichen.pl\/lichen-mlodych-i-modlitwa-uwielbienia-ze-schola-ichtis\/"},"author":{"name":"Biuro Prasowe","@id":"https:\/\/www.lichen.pl\/fr\/#\/schema\/person\/682b5cfa2f8a664a298ed0bc19782a02"},"headline":"&#8220;Liche\u0144 M\u0142odych&#8221; i modlitwa uwielbienia ze schol\u0105 &#8220;Ichtis&#8221;","datePublished":"2024-12-23T17:23:16+00:00","dateModified":"2024-12-23T17:25:09+00:00","mainEntityOfPage":{"@id":"https:\/\/www.lichen.pl\/lichen-mlodych-i-modlitwa-uwielbienia-ze-schola-ichtis\/"},"wordCount":420,"image":{"@id":"https:\/\/www.lichen.pl\/lichen-mlodych-i-modlitwa-uwielbienia-ze-schola-ichtis\/#primaryimage"},"thumbnailUrl":"https:\/\/www.lichen.pl\/wp-content\/uploads\/2024\/12\/Uwielbienie-36.jpg","articleSection":["Aktualno\u015bci"],"inLanguage":"it-IT"},{"@type":"WebPage","@id":"https:\/\/www.lichen.pl\/lichen-mlodych-i-modlitwa-uwielbienia-ze-schola-ichtis\/","url":"https:\/\/www.lichen.pl\/lichen-mlodych-i-modlitwa-uwielbienia-ze-schola-ichtis\/","name":"\"Liche\u0144 M\u0142odych\" i modlitwa uwielbienia ze schol\u0105 \"Ichtis\" - SANKTUARIUM W LICHENIU","isPartOf":{"@id":"https:\/\/www.lichen.pl\/fr\/#website"},"primaryImageOfPage":{"@id":"https:\/\/www.lichen.pl\/lichen-mlodych-i-modlitwa-uwielbienia-ze-schola-ichtis\/#primaryimage"},"image":{"@id":"https:\/\/www.lichen.pl\/lichen-mlodych-i-modlitwa-uwielbienia-ze-schola-ichtis\/#primaryimage"},"thumbnailUrl":"https:\/\/www.lichen.pl\/wp-content\/uploads\/2024\/12\/Uwielbienie-36.jpg","datePublished":"2024-12-23T17:23:16+00:00","dateModified":"2024-12-23T17:25:09+00:00","author":{"@id":"https:\/\/www.lichen.pl\/fr\/#\/schema\/person\/682b5cfa2f8a664a298ed0bc19782a02"},"breadcrumb":{"@id":"https:\/\/www.lichen.pl\/lichen-mlodych-i-modlitwa-uwielbienia-ze-schola-ichtis\/#breadcrumb"},"inLanguage":"it-IT","potentialAction":[{"@type":"ReadAction","target":["https:\/\/www.lichen.pl\/lichen-mlodych-i-modlitwa-uwielbienia-ze-schola-ichtis\/"]}]},{"@type":"ImageObject","inLanguage":"it-IT","@id":"https:\/\/www.lichen.pl\/lichen-mlodych-i-modlitwa-uwielbienia-ze-schola-ichtis\/#primaryimage","url":"https:\/\/www.lichen.pl\/wp-content\/uploads\/2024\/12\/Uwielbienie-36.jpg","contentUrl":"https:\/\/www.lichen.pl\/wp-content\/uploads\/2024\/12\/Uwielbienie-36.jpg","width":5898,"height":3932},{"@type":"BreadcrumbList","@id":"https:\/\/www.lichen.pl\/lichen-mlodych-i-modlitwa-uwielbienia-ze-schola-ichtis\/#breadcrumb","itemListElement":[{"@type":"ListItem","position":1,"name":"Strona g\u0142\u00f3wna","item":"https:\/\/www.lichen.pl\/"},{"@type":"ListItem","position":2,"name":"&#8220;Liche\u0144 M\u0142odych&#8221; i modlitwa uwielbienia ze schol\u0105 &#8220;Ichtis&#8221;"}]},{"@type":"WebSite","@id":"https:\/\/www.lichen.pl\/fr\/#website","url":"https:\/\/www.lichen.pl\/fr\/","name":"SANTUARIO IN LICHENIA","description":"LA REGINA ADOLORATA DEL NOSTRO LICHENE DI POLONIA","potentialAction":[{"@type":"SearchAction","target":{"@type":"EntryPoint","urlTemplate":"https:\/\/www.lichen.pl\/fr\/?s={search_term_string}"},"query-input":{"@type":"PropertyValueSpecification","valueRequired":true,"valueName":"search_term_string"}}],"inLanguage":"it-IT"},{"@type":"Person","@id":"https:\/\/www.lichen.pl\/fr\/#\/schema\/person\/682b5cfa2f8a664a298ed0bc19782a02","name":"Biuro Prasowe","image":{"@type":"ImageObject","inLanguage":"it-IT","@id":"https:\/\/secure.gravatar.com\/avatar\/07fa3449d37670fd38888cb2e3db27aa13df245d811ec65206e44888f202bb53?s=96&d=retro&r=g","url":"https:\/\/secure.gravatar.com\/avatar\/07fa3449d37670fd38888cb2e3db27aa13df245d811ec65206e44888f202bb53?s=96&d=retro&r=g","contentUrl":"https:\/\/secure.gravatar.com\/avatar\/07fa3449d37670fd38888cb2e3db27aa13df245d811ec65206e44888f202bb53?s=96&d=retro&r=g","caption":"Biuro Prasowe"},"sameAs":["http:\/\/www.lichen.pl"],"url":"https:\/\/www.lichen.pl\/it\/author\/biuro-prasowe\/"}]}},"_links":{"self":[{"href":"https:\/\/www.lichen.pl\/it\/wp-json\/wp\/v2\/posts\/78631","targetHints":{"allow":["GET"]}}],"collection":[{"href":"https:\/\/www.lichen.pl\/it\/wp-json\/wp\/v2\/posts"}],"about":[{"href":"https:\/\/www.lichen.pl\/it\/wp-json\/wp\/v2\/types\/post"}],"author":[{"embeddable":true,"href":"https:\/\/www.lichen.pl\/it\/wp-json\/wp\/v2\/users\/8"}],"replies":[{"embeddable":true,"href":"https:\/\/www.lichen.pl\/it\/wp-json\/wp\/v2\/comments?post=78631"}],"version-history":[{"count":3,"href":"https:\/\/www.lichen.pl\/it\/wp-json\/wp\/v2\/posts\/78631\/revisions"}],"predecessor-version":[{"id":78646,"href":"https:\/\/www.lichen.pl\/it\/wp-json\/wp\/v2\/posts\/78631\/revisions\/78646"}],"wp:featuredmedia":[{"embeddable":true,"href":"https:\/\/www.lichen.pl\/it\/wp-json\/wp\/v2\/media\/78643"}],"wp:attachment":[{"href":"https:\/\/www.lichen.pl\/it\/wp-json\/wp\/v2\/media?parent=78631"}],"wp:term":[{"taxonomy":"category","embeddable":true,"href":"https:\/\/www.lichen.pl\/it\/wp-json\/wp\/v2\/categories?post=78631"},{"taxonomy":"post_tag","embeddable":true,"href":"https:\/\/www.lichen.pl\/it\/wp-json\/wp\/v2\/tags?post=78631"}],"curies":[{"name":"wp","href":"https:\/\/api.w.org\/{rel}","templated":true}]}}