{"id":78672,"date":"2024-12-25T11:47:07","date_gmt":"2024-12-25T10:47:07","guid":{"rendered":"https:\/\/www.lichen.pl\/?p=78672"},"modified":"2024-12-25T11:55:48","modified_gmt":"2024-12-25T10:55:48","slug":"blogoslawiony-swiat-bozego-narodzenia","status":"publish","type":"post","link":"https:\/\/www.lichen.pl\/it\/blogoslawiony-swiat-bozego-narodzenia\/","title":{"rendered":"B\u0142ogos\u0142awionych \u015bwi\u0105t Bo\u017cego Narodzenia"},"content":{"rendered":"<div data-elementor-type=\"wp-post\" data-elementor-id=\"78672\" class=\"elementor elementor-78672\" data-elementor-post-type=\"post\">\n\t\t\t\t\t\t<section class=\"elementor-section elementor-top-section elementor-element elementor-element-b2a92b6 elementor-section-boxed elementor-section-height-default elementor-section-height-default\" data-id=\"b2a92b6\" data-element_type=\"section\" data-e-type=\"section\">\n\t\t\t\t\t\t<div class=\"elementor-container elementor-column-gap-default\">\n\t\t\t\t\t<div class=\"elementor-column elementor-col-100 elementor-top-column elementor-element elementor-element-370a7e8\" data-id=\"370a7e8\" data-element_type=\"column\" data-e-type=\"column\">\n\t\t\t<div class=\"elementor-widget-wrap elementor-element-populated\">\n\t\t\t\t\t\t<div class=\"elementor-element elementor-element-a73e6f5 elementor-widget elementor-widget-text-editor\" data-id=\"a73e6f5\" data-element_type=\"widget\" data-e-type=\"widget\" data-widget_type=\"text-editor.default\">\n\t\t\t\t<div class=\"elementor-widget-container\">\n\t\t\t\t\t\t\t\t\t<h3 style=\"text-align: center;\"><span style=\"color: #000000;\">Drodzy Pielgrzymi, Darczy\u0144cy, Ofiarodawcy i Przyjaciele sanktuarium Matki Bo\u017cej\u00a0<\/span><span style=\"color: #000000;\">Liche\u0144skiej.<\/span><\/h3>\t\t\t\t\t\t\t\t<\/div>\n\t\t\t\t<\/div>\n\t\t\t\t<div class=\"elementor-element elementor-element-24dc6b4 elementor-widget elementor-widget-text-editor\" data-id=\"24dc6b4\" data-element_type=\"widget\" data-e-type=\"widget\" data-widget_type=\"text-editor.default\">\n\t\t\t\t<div class=\"elementor-widget-container\">\n\t\t\t\t\t\t\t\t\t<p><span style=\"color: #000000;\">W tym wyj\u0105tkowym czasie Bo\u017cego Narodzenia pragniemy z\u0142o\u017cy\u0107 Wam najserdeczniejsze <\/span><span style=\"color: #000000;\">\u017cyczenia! <\/span><span style=\"color: #000000;\">Dzisiejsze \u017cyczenia p\u0142yn\u0105 do Was prosto z serca. Sk\u0142ada je ks. kustosz S\u0142awomir Homoncik <\/span><span style=\"color: #000000;\">MIC i ks. prze\u0142o\u017cony domu zakonnego Adam Stankiewicz MIC, do kt\u00f3rych przy\u0142\u0105czaj\u0105 si\u0119 <\/span><span style=\"color: #000000;\">pracownicy sanktuarium. Chcemy przekaza\u0107 Wam nasz\u0105 wdzi\u0119czno\u015b\u0107 i zapewni\u0107 o <\/span><span style=\"color: #000000;\">modlitewnej pami\u0119ci. <\/span><span style=\"color: #000000;\">Niech narodzony Chrystus przyniesie Wam pok\u00f3j, rado\u015b\u0107 i nadziej\u0119 na ka\u017cdy dzie\u0144. Niech <\/span><span style=\"color: #000000;\">Wasze serca wype\u0142ni Jego \u015bwiat\u0142o, a w Waszych domach kr\u00f3luj\u0105 mi\u0142o\u015b\u0107 i harmonia.&nbsp; <\/span><span style=\"color: #000000;\">Do \u017cycze\u0144 do\u0142\u0105czamy kol\u0119d\u0119 za\u015bpiewan\u0105 przez ca\u0142\u0105 wsp\u00f3lnot\u0119 pracownik\u00f3w sanktuarium \u2013 <\/span><span style=\"color: #000000;\">niech b\u0119dzie naszym muzycznym wyrazem blisko\u015bci z Wami i serdeczno\u015bci.&nbsp; <\/span><span style=\"color: #000000;\">Zapraszamy Was do wsp\u00f3lnej modlitwy \u2013 zar\u00f3wno tych, kt\u00f3rzy odwiedzaj\u0105 nasze <\/span><span style=\"color: #000000;\">sanktuarium <\/span><span style=\"color: #000000;\">osobi\u015bcie, jak i tych, kt\u00f3rzy pozostaj\u0105 z nami w duchowej \u0142\u0105czno\u015bci. <\/span><span style=\"color: #000000;\">B\u0142ogos\u0142awionych \u015bwi\u0105t Bo\u017cego Narodzenia!&nbsp;<\/span><\/p>\t\t\t\t\t\t\t\t<\/div>\n\t\t\t\t<\/div>\n\t\t\t\t\t<\/div>\n\t\t<\/div>\n\t\t\t\t\t<\/div>\n\t\t<\/section>\n\t\t\t\t<section class=\"elementor-section elementor-top-section elementor-element elementor-element-2615351 elementor-section-boxed elementor-section-height-default elementor-section-height-default\" data-id=\"2615351\" data-element_type=\"section\" data-e-type=\"section\">\n\t\t\t\t\t\t<div class=\"elementor-container elementor-column-gap-default\">\n\t\t\t\t\t<div class=\"elementor-column elementor-col-100 elementor-top-column elementor-element elementor-element-6e2a441\" data-id=\"6e2a441\" data-element_type=\"column\" data-e-type=\"column\">\n\t\t\t<div class=\"elementor-widget-wrap elementor-element-populated\">\n\t\t\t\t\t\t<div class=\"elementor-element elementor-element-b8e6b6d elementor-widget elementor-widget-facebook-embed\" data-id=\"b8e6b6d\" data-element_type=\"widget\" data-e-type=\"widget\" data-widget_type=\"facebook-embed.default\">\n\t\t\t\t<div class=\"elementor-widget-container\">\n\t\t\t\t\t<div style=\"min-height: 1px\" class=\"elementor-facebook-widget fb-post\" data-href=\"https:\/\/www.facebook.com\/SanktuariumLichen\/videos\/583363207889789\" data-show-text=\"false\"><\/div>\t\t\t\t<\/div>\n\t\t\t\t<\/div>\n\t\t\t\t\t<\/div>\n\t\t<\/div>\n\t\t\t\t\t<\/div>\n\t\t<\/section>\n\t\t\t\t<section class=\"elementor-section elementor-top-section elementor-element elementor-element-2e2fbc4 elementor-section-boxed elementor-section-height-default elementor-section-height-default\" data-id=\"2e2fbc4\" data-element_type=\"section\" data-e-type=\"section\">\n\t\t\t\t\t\t<div class=\"elementor-container elementor-column-gap-default\">\n\t\t\t\t\t<div class=\"elementor-column elementor-col-100 elementor-top-column elementor-element elementor-element-ac96835\" data-id=\"ac96835\" data-element_type=\"column\" data-e-type=\"column\">\n\t\t\t<div class=\"elementor-widget-wrap\">\n\t\t\t\t\t\t\t<\/div>\n\t\t<\/div>\n\t\t\t\t\t<\/div>\n\t\t<\/section>\n\t\t\t\t<\/div>","protected":false},"excerpt":{"rendered":"<p>Drodzy Pielgrzymi, Darczy\u0144cy, Ofiarodawcy i Przyjaciele sanktuarium Matki Bo\u017cej\u00a0Liche\u0144skiej. W tym wyj\u0105tkowym czasie Bo\u017cego Narodzenia pragniemy z\u0142o\u017cy\u0107 Wam najserdeczniejsze \u017cyczenia! Dzisiejsze \u017cyczenia p\u0142yn\u0105 do Was prosto z serca. Sk\u0142ada je ks. kustosz S\u0142awomir Homoncik MIC i ks. prze\u0142o\u017cony domu zakonnego Adam Stankiewicz MIC, do kt\u00f3rych przy\u0142\u0105czaj\u0105 si\u0119 pracownicy sanktuarium. Chcemy przekaza\u0107 Wam nasz\u0105 wdzi\u0119czno\u015b\u0107 i [&hellip;]<\/p>\n","protected":false},"author":8,"featured_media":78013,"comment_status":"closed","ping_status":"closed","sticky":false,"template":"","format":"standard","meta":{"footnotes":""},"categories":[1],"tags":[],"class_list":["post-78672","post","type-post","status-publish","format-standard","has-post-thumbnail","hentry","category-aktualnosci","wpbf-post"],"yoast_head":"<!-- This site is optimized with the Yoast SEO plugin v27.4 - https:\/\/yoast.com\/product\/yoast-seo-wordpress\/ -->\n<title>B\u0142ogos\u0142awionych \u015bwi\u0105t Bo\u017cego Narodzenia - SANKTUARIUM W LICHENIU<\/title>\n<meta name=\"robots\" content=\"index, follow, max-snippet:-1, max-image-preview:large, max-video-preview:-1\" \/>\n<link rel=\"canonical\" href=\"https:\/\/www.lichen.pl\/it\/blogoslawiony-swiat-bozego-narodzenia\/\" \/>\n<meta property=\"og:locale\" content=\"it_IT\" \/>\n<meta property=\"og:type\" content=\"article\" \/>\n<meta property=\"og:title\" content=\"B\u0142ogos\u0142awionych \u015bwi\u0105t Bo\u017cego Narodzenia - SANKTUARIUM W LICHENIU\" \/>\n<meta property=\"og:description\" content=\"Drodzy Pielgrzymi, Darczy\u0144cy, Ofiarodawcy i Przyjaciele sanktuarium Matki Bo\u017cej\u00a0Liche\u0144skiej. W tym wyj\u0105tkowym czasie Bo\u017cego Narodzenia pragniemy z\u0142o\u017cy\u0107 Wam najserdeczniejsze \u017cyczenia! Dzisiejsze \u017cyczenia p\u0142yn\u0105 do Was prosto z serca. Sk\u0142ada je ks. kustosz S\u0142awomir Homoncik MIC i ks. prze\u0142o\u017cony domu zakonnego Adam Stankiewicz MIC, do kt\u00f3rych przy\u0142\u0105czaj\u0105 si\u0119 pracownicy sanktuarium. Chcemy przekaza\u0107 Wam nasz\u0105 wdzi\u0119czno\u015b\u0107 i [&hellip;]\" \/>\n<meta property=\"og:url\" content=\"https:\/\/www.lichen.pl\/it\/blogoslawiony-swiat-bozego-narodzenia\/\" \/>\n<meta property=\"og:site_name\" content=\"SANKTUARIUM W LICHENIU\" \/>\n<meta property=\"article:published_time\" content=\"2024-12-25T10:47:07+00:00\" \/>\n<meta property=\"article:modified_time\" content=\"2024-12-25T10:55:48+00:00\" \/>\n<meta property=\"og:image\" content=\"https:\/\/www.lichen.pl\/wp-content\/uploads\/2024\/12\/spotkanie-oplatkowe-23.jpg\" \/>\n\t<meta property=\"og:image:width\" content=\"1600\" \/>\n\t<meta property=\"og:image:height\" content=\"1012\" \/>\n\t<meta property=\"og:image:type\" content=\"image\/jpeg\" \/>\n<meta name=\"author\" content=\"Biuro Prasowe\" \/>\n<meta name=\"twitter:card\" content=\"summary_large_image\" \/>\n<meta name=\"twitter:label1\" content=\"Scritto da\" \/>\n\t<meta name=\"twitter:data1\" content=\"Biuro Prasowe\" \/>\n\t<meta name=\"twitter:label2\" content=\"Tempo di lettura stimato\" \/>\n\t<meta name=\"twitter:data2\" content=\"1 minuto\" \/>\n<script type=\"application\/ld+json\" class=\"yoast-schema-graph\">{\"@context\":\"https:\\\/\\\/schema.org\",\"@graph\":[{\"@type\":\"Article\",\"@id\":\"https:\\\/\\\/www.lichen.pl\\\/blogoslawiony-swiat-bozego-narodzenia\\\/#article\",\"isPartOf\":{\"@id\":\"https:\\\/\\\/www.lichen.pl\\\/blogoslawiony-swiat-bozego-narodzenia\\\/\"},\"author\":{\"name\":\"Biuro Prasowe\",\"@id\":\"https:\\\/\\\/www.lichen.pl\\\/fr\\\/#\\\/schema\\\/person\\\/682b5cfa2f8a664a298ed0bc19782a02\"},\"headline\":\"B\u0142ogos\u0142awionych \u015bwi\u0105t Bo\u017cego Narodzenia\",\"datePublished\":\"2024-12-25T10:47:07+00:00\",\"dateModified\":\"2024-12-25T10:55:48+00:00\",\"mainEntityOfPage\":{\"@id\":\"https:\\\/\\\/www.lichen.pl\\\/blogoslawiony-swiat-bozego-narodzenia\\\/\"},\"wordCount\":183,\"image\":{\"@id\":\"https:\\\/\\\/www.lichen.pl\\\/blogoslawiony-swiat-bozego-narodzenia\\\/#primaryimage\"},\"thumbnailUrl\":\"https:\\\/\\\/www.lichen.pl\\\/wp-content\\\/uploads\\\/2024\\\/12\\\/spotkanie-oplatkowe-23.jpg\",\"articleSection\":[\"Aktualno\u015bci\"],\"inLanguage\":\"it-IT\"},{\"@type\":\"WebPage\",\"@id\":\"https:\\\/\\\/www.lichen.pl\\\/blogoslawiony-swiat-bozego-narodzenia\\\/\",\"url\":\"https:\\\/\\\/www.lichen.pl\\\/blogoslawiony-swiat-bozego-narodzenia\\\/\",\"name\":\"B\u0142ogos\u0142awionych \u015bwi\u0105t Bo\u017cego Narodzenia - SANKTUARIUM W LICHENIU\",\"isPartOf\":{\"@id\":\"https:\\\/\\\/www.lichen.pl\\\/fr\\\/#website\"},\"primaryImageOfPage\":{\"@id\":\"https:\\\/\\\/www.lichen.pl\\\/blogoslawiony-swiat-bozego-narodzenia\\\/#primaryimage\"},\"image\":{\"@id\":\"https:\\\/\\\/www.lichen.pl\\\/blogoslawiony-swiat-bozego-narodzenia\\\/#primaryimage\"},\"thumbnailUrl\":\"https:\\\/\\\/www.lichen.pl\\\/wp-content\\\/uploads\\\/2024\\\/12\\\/spotkanie-oplatkowe-23.jpg\",\"datePublished\":\"2024-12-25T10:47:07+00:00\",\"dateModified\":\"2024-12-25T10:55:48+00:00\",\"author\":{\"@id\":\"https:\\\/\\\/www.lichen.pl\\\/fr\\\/#\\\/schema\\\/person\\\/682b5cfa2f8a664a298ed0bc19782a02\"},\"breadcrumb\":{\"@id\":\"https:\\\/\\\/www.lichen.pl\\\/blogoslawiony-swiat-bozego-narodzenia\\\/#breadcrumb\"},\"inLanguage\":\"it-IT\",\"potentialAction\":[{\"@type\":\"ReadAction\",\"target\":[\"https:\\\/\\\/www.lichen.pl\\\/blogoslawiony-swiat-bozego-narodzenia\\\/\"]}]},{\"@type\":\"ImageObject\",\"inLanguage\":\"it-IT\",\"@id\":\"https:\\\/\\\/www.lichen.pl\\\/blogoslawiony-swiat-bozego-narodzenia\\\/#primaryimage\",\"url\":\"https:\\\/\\\/www.lichen.pl\\\/wp-content\\\/uploads\\\/2024\\\/12\\\/spotkanie-oplatkowe-23.jpg\",\"contentUrl\":\"https:\\\/\\\/www.lichen.pl\\\/wp-content\\\/uploads\\\/2024\\\/12\\\/spotkanie-oplatkowe-23.jpg\",\"width\":1600,\"height\":1012},{\"@type\":\"BreadcrumbList\",\"@id\":\"https:\\\/\\\/www.lichen.pl\\\/blogoslawiony-swiat-bozego-narodzenia\\\/#breadcrumb\",\"itemListElement\":[{\"@type\":\"ListItem\",\"position\":1,\"name\":\"Strona g\u0142\u00f3wna\",\"item\":\"https:\\\/\\\/www.lichen.pl\\\/\"},{\"@type\":\"ListItem\",\"position\":2,\"name\":\"B\u0142ogos\u0142awionych \u015bwi\u0105t Bo\u017cego Narodzenia\"}]},{\"@type\":\"WebSite\",\"@id\":\"https:\\\/\\\/www.lichen.pl\\\/fr\\\/#website\",\"url\":\"https:\\\/\\\/www.lichen.pl\\\/fr\\\/\",\"name\":\"SANKTUARIUM W LICHENIU\",\"description\":\"MATKI BO\u017bEJ LICHE\u0143SKIEJ BOLESNEJ KR\u00d3LOWEJ POLSKI\",\"potentialAction\":[{\"@type\":\"SearchAction\",\"target\":{\"@type\":\"EntryPoint\",\"urlTemplate\":\"https:\\\/\\\/www.lichen.pl\\\/fr\\\/?s={search_term_string}\"},\"query-input\":{\"@type\":\"PropertyValueSpecification\",\"valueRequired\":true,\"valueName\":\"search_term_string\"}}],\"inLanguage\":\"it-IT\"},{\"@type\":\"Person\",\"@id\":\"https:\\\/\\\/www.lichen.pl\\\/fr\\\/#\\\/schema\\\/person\\\/682b5cfa2f8a664a298ed0bc19782a02\",\"name\":\"Biuro Prasowe\",\"image\":{\"@type\":\"ImageObject\",\"inLanguage\":\"it-IT\",\"@id\":\"https:\\\/\\\/secure.gravatar.com\\\/avatar\\\/07fa3449d37670fd38888cb2e3db27aa13df245d811ec65206e44888f202bb53?s=96&d=retro&r=g\",\"url\":\"https:\\\/\\\/secure.gravatar.com\\\/avatar\\\/07fa3449d37670fd38888cb2e3db27aa13df245d811ec65206e44888f202bb53?s=96&d=retro&r=g\",\"contentUrl\":\"https:\\\/\\\/secure.gravatar.com\\\/avatar\\\/07fa3449d37670fd38888cb2e3db27aa13df245d811ec65206e44888f202bb53?s=96&d=retro&r=g\",\"caption\":\"Biuro Prasowe\"},\"sameAs\":[\"http:\\\/\\\/www.lichen.pl\"],\"url\":\"https:\\\/\\\/www.lichen.pl\\\/it\\\/author\\\/biuro-prasowe\\\/\"}]}<\/script>\n<!-- \/ Yoast SEO plugin. -->","yoast_head_json":{"title":"B\u0142ogos\u0142awionych \u015bwi\u0105t Bo\u017cego Narodzenia - SANKTUARIUM W LICHENIU","robots":{"index":"index","follow":"follow","max-snippet":"max-snippet:-1","max-image-preview":"max-image-preview:large","max-video-preview":"max-video-preview:-1"},"canonical":"https:\/\/www.lichen.pl\/it\/blogoslawiony-swiat-bozego-narodzenia\/","og_locale":"it_IT","og_type":"article","og_title":"B\u0142ogos\u0142awionych \u015bwi\u0105t Bo\u017cego Narodzenia - SANKTUARIUM W LICHENIU","og_description":"Drodzy Pielgrzymi, Darczy\u0144cy, Ofiarodawcy i Przyjaciele sanktuarium Matki Bo\u017cej\u00a0Liche\u0144skiej. W tym wyj\u0105tkowym czasie Bo\u017cego Narodzenia pragniemy z\u0142o\u017cy\u0107 Wam najserdeczniejsze \u017cyczenia! Dzisiejsze \u017cyczenia p\u0142yn\u0105 do Was prosto z serca. Sk\u0142ada je ks. kustosz S\u0142awomir Homoncik MIC i ks. prze\u0142o\u017cony domu zakonnego Adam Stankiewicz MIC, do kt\u00f3rych przy\u0142\u0105czaj\u0105 si\u0119 pracownicy sanktuarium. Chcemy przekaza\u0107 Wam nasz\u0105 wdzi\u0119czno\u015b\u0107 i [&hellip;]","og_url":"https:\/\/www.lichen.pl\/it\/blogoslawiony-swiat-bozego-narodzenia\/","og_site_name":"SANKTUARIUM W LICHENIU","article_published_time":"2024-12-25T10:47:07+00:00","article_modified_time":"2024-12-25T10:55:48+00:00","og_image":[{"width":1600,"height":1012,"url":"https:\/\/www.lichen.pl\/wp-content\/uploads\/2024\/12\/spotkanie-oplatkowe-23.jpg","type":"image\/jpeg"}],"author":"Biuro Prasowe","twitter_card":"summary_large_image","twitter_misc":{"Scritto da":"Biuro Prasowe","Tempo di lettura stimato":"1 minuto"},"schema":{"@context":"https:\/\/schema.org","@graph":[{"@type":"Article","@id":"https:\/\/www.lichen.pl\/blogoslawiony-swiat-bozego-narodzenia\/#article","isPartOf":{"@id":"https:\/\/www.lichen.pl\/blogoslawiony-swiat-bozego-narodzenia\/"},"author":{"name":"Biuro Prasowe","@id":"https:\/\/www.lichen.pl\/fr\/#\/schema\/person\/682b5cfa2f8a664a298ed0bc19782a02"},"headline":"B\u0142ogos\u0142awionych \u015bwi\u0105t Bo\u017cego Narodzenia","datePublished":"2024-12-25T10:47:07+00:00","dateModified":"2024-12-25T10:55:48+00:00","mainEntityOfPage":{"@id":"https:\/\/www.lichen.pl\/blogoslawiony-swiat-bozego-narodzenia\/"},"wordCount":183,"image":{"@id":"https:\/\/www.lichen.pl\/blogoslawiony-swiat-bozego-narodzenia\/#primaryimage"},"thumbnailUrl":"https:\/\/www.lichen.pl\/wp-content\/uploads\/2024\/12\/spotkanie-oplatkowe-23.jpg","articleSection":["Aktualno\u015bci"],"inLanguage":"it-IT"},{"@type":"WebPage","@id":"https:\/\/www.lichen.pl\/blogoslawiony-swiat-bozego-narodzenia\/","url":"https:\/\/www.lichen.pl\/blogoslawiony-swiat-bozego-narodzenia\/","name":"B\u0142ogos\u0142awionych \u015bwi\u0105t Bo\u017cego Narodzenia - SANKTUARIUM W LICHENIU","isPartOf":{"@id":"https:\/\/www.lichen.pl\/fr\/#website"},"primaryImageOfPage":{"@id":"https:\/\/www.lichen.pl\/blogoslawiony-swiat-bozego-narodzenia\/#primaryimage"},"image":{"@id":"https:\/\/www.lichen.pl\/blogoslawiony-swiat-bozego-narodzenia\/#primaryimage"},"thumbnailUrl":"https:\/\/www.lichen.pl\/wp-content\/uploads\/2024\/12\/spotkanie-oplatkowe-23.jpg","datePublished":"2024-12-25T10:47:07+00:00","dateModified":"2024-12-25T10:55:48+00:00","author":{"@id":"https:\/\/www.lichen.pl\/fr\/#\/schema\/person\/682b5cfa2f8a664a298ed0bc19782a02"},"breadcrumb":{"@id":"https:\/\/www.lichen.pl\/blogoslawiony-swiat-bozego-narodzenia\/#breadcrumb"},"inLanguage":"it-IT","potentialAction":[{"@type":"ReadAction","target":["https:\/\/www.lichen.pl\/blogoslawiony-swiat-bozego-narodzenia\/"]}]},{"@type":"ImageObject","inLanguage":"it-IT","@id":"https:\/\/www.lichen.pl\/blogoslawiony-swiat-bozego-narodzenia\/#primaryimage","url":"https:\/\/www.lichen.pl\/wp-content\/uploads\/2024\/12\/spotkanie-oplatkowe-23.jpg","contentUrl":"https:\/\/www.lichen.pl\/wp-content\/uploads\/2024\/12\/spotkanie-oplatkowe-23.jpg","width":1600,"height":1012},{"@type":"BreadcrumbList","@id":"https:\/\/www.lichen.pl\/blogoslawiony-swiat-bozego-narodzenia\/#breadcrumb","itemListElement":[{"@type":"ListItem","position":1,"name":"Strona g\u0142\u00f3wna","item":"https:\/\/www.lichen.pl\/"},{"@type":"ListItem","position":2,"name":"B\u0142ogos\u0142awionych \u015bwi\u0105t Bo\u017cego Narodzenia"}]},{"@type":"WebSite","@id":"https:\/\/www.lichen.pl\/fr\/#website","url":"https:\/\/www.lichen.pl\/fr\/","name":"SANTUARIO IN LICHENIA","description":"LA REGINA ADOLORATA DEL NOSTRO LICHENE DI POLONIA","potentialAction":[{"@type":"SearchAction","target":{"@type":"EntryPoint","urlTemplate":"https:\/\/www.lichen.pl\/fr\/?s={search_term_string}"},"query-input":{"@type":"PropertyValueSpecification","valueRequired":true,"valueName":"search_term_string"}}],"inLanguage":"it-IT"},{"@type":"Person","@id":"https:\/\/www.lichen.pl\/fr\/#\/schema\/person\/682b5cfa2f8a664a298ed0bc19782a02","name":"Biuro Prasowe","image":{"@type":"ImageObject","inLanguage":"it-IT","@id":"https:\/\/secure.gravatar.com\/avatar\/07fa3449d37670fd38888cb2e3db27aa13df245d811ec65206e44888f202bb53?s=96&d=retro&r=g","url":"https:\/\/secure.gravatar.com\/avatar\/07fa3449d37670fd38888cb2e3db27aa13df245d811ec65206e44888f202bb53?s=96&d=retro&r=g","contentUrl":"https:\/\/secure.gravatar.com\/avatar\/07fa3449d37670fd38888cb2e3db27aa13df245d811ec65206e44888f202bb53?s=96&d=retro&r=g","caption":"Biuro Prasowe"},"sameAs":["http:\/\/www.lichen.pl"],"url":"https:\/\/www.lichen.pl\/it\/author\/biuro-prasowe\/"}]}},"_links":{"self":[{"href":"https:\/\/www.lichen.pl\/it\/wp-json\/wp\/v2\/posts\/78672","targetHints":{"allow":["GET"]}}],"collection":[{"href":"https:\/\/www.lichen.pl\/it\/wp-json\/wp\/v2\/posts"}],"about":[{"href":"https:\/\/www.lichen.pl\/it\/wp-json\/wp\/v2\/types\/post"}],"author":[{"embeddable":true,"href":"https:\/\/www.lichen.pl\/it\/wp-json\/wp\/v2\/users\/8"}],"replies":[{"embeddable":true,"href":"https:\/\/www.lichen.pl\/it\/wp-json\/wp\/v2\/comments?post=78672"}],"version-history":[{"count":13,"href":"https:\/\/www.lichen.pl\/it\/wp-json\/wp\/v2\/posts\/78672\/revisions"}],"predecessor-version":[{"id":78686,"href":"https:\/\/www.lichen.pl\/it\/wp-json\/wp\/v2\/posts\/78672\/revisions\/78686"}],"wp:featuredmedia":[{"embeddable":true,"href":"https:\/\/www.lichen.pl\/it\/wp-json\/wp\/v2\/media\/78013"}],"wp:attachment":[{"href":"https:\/\/www.lichen.pl\/it\/wp-json\/wp\/v2\/media?parent=78672"}],"wp:term":[{"taxonomy":"category","embeddable":true,"href":"https:\/\/www.lichen.pl\/it\/wp-json\/wp\/v2\/categories?post=78672"},{"taxonomy":"post_tag","embeddable":true,"href":"https:\/\/www.lichen.pl\/it\/wp-json\/wp\/v2\/tags?post=78672"}],"curies":[{"name":"wp","href":"https:\/\/api.w.org\/{rel}","templated":true}]}}