{"id":78722,"date":"2024-12-26T18:05:28","date_gmt":"2024-12-26T17:05:28","guid":{"rendered":"https:\/\/www.lichen.pl\/?p=78722"},"modified":"2024-12-26T18:06:41","modified_gmt":"2024-12-26T17:06:41","slug":"ii-dzien-swiat-narodzenia-panskiego-wspomnienie-sw-szczepana","status":"publish","type":"post","link":"https:\/\/www.lichen.pl\/it\/ii-dzien-swiat-narodzenia-panskiego-wspomnienie-sw-szczepana\/","title":{"rendered":"II dzie\u0144 \u015bwi\u0105t Narodzenia Pa\u0144skiego \u2013 wspomnienie \u015bw. Szczepana"},"content":{"rendered":"<div data-elementor-type=\"wp-post\" data-elementor-id=\"78722\" class=\"elementor elementor-78722\" data-elementor-post-type=\"post\">\n\t\t\t\t\t\t<section class=\"elementor-section elementor-top-section elementor-element elementor-element-51d720c elementor-section-boxed elementor-section-height-default elementor-section-height-default\" data-id=\"51d720c\" data-element_type=\"section\" data-e-type=\"section\">\n\t\t\t\t\t\t<div class=\"elementor-container elementor-column-gap-default\">\n\t\t\t\t\t<div class=\"elementor-column elementor-col-100 elementor-top-column elementor-element elementor-element-681822a\" data-id=\"681822a\" data-element_type=\"column\" data-e-type=\"column\">\n\t\t\t<div class=\"elementor-widget-wrap elementor-element-populated\">\n\t\t\t\t\t\t<div class=\"elementor-element elementor-element-e584fdf elementor-widget elementor-widget-text-editor\" data-id=\"e584fdf\" data-element_type=\"widget\" data-e-type=\"widget\" data-widget_type=\"text-editor.default\">\n\t\t\t\t<div class=\"elementor-widget-container\">\n\t\t\t\t\t\t\t\t\t<h2>W drugi dzie\u0144 \u015bwi\u0105t Bo\u017cego Narodzenia po\u0142udniowej Mszy \u015bw. sprawowanej przed<br \/>cudownym obrazem Matki Bo\u017cej Liche\u0144skiej przewodniczy\u0142 ks. Adam Stankiewicz MIC, prze\u0142o\u017cony domu zakonnego liche\u0144skiej wsp\u00f3lnoty ksi\u0119\u017cy i braci marian\u00f3w. Dzisiaj obchodzimy liturgiczne wspomnienie pierwszego m\u0119czennika za wiar\u0119 \u2013 \u015bw. Szczepana. Na pami\u0105tk\u0119 tego wydarzenia kap\u0142ani sprawuj\u0105cy ofiar\u0119 Mszy \u015bw. ubieraj\u0105 czerwone ornaty.<\/h2>\t\t\t\t\t\t\t\t<\/div>\n\t\t\t\t<\/div>\n\t\t\t\t\t<\/div>\n\t\t<\/div>\n\t\t\t\t\t<\/div>\n\t\t<\/section>\n\t\t\t\t<section class=\"elementor-section elementor-top-section elementor-element elementor-element-c7aa140 elementor-section-boxed elementor-section-height-default elementor-section-height-default\" data-id=\"c7aa140\" data-element_type=\"section\" data-e-type=\"section\">\n\t\t\t\t\t\t<div class=\"elementor-container elementor-column-gap-default\">\n\t\t\t\t\t<div class=\"elementor-column elementor-col-100 elementor-top-column elementor-element elementor-element-14a99cd\" data-id=\"14a99cd\" data-element_type=\"column\" data-e-type=\"column\">\n\t\t\t<div class=\"elementor-widget-wrap elementor-element-populated\">\n\t\t\t\t\t\t<div class=\"elementor-element elementor-element-e549160 elementor-widget elementor-widget-text-editor\" data-id=\"e549160\" data-element_type=\"widget\" data-e-type=\"widget\" data-widget_type=\"text-editor.default\">\n\t\t\t\t<div class=\"elementor-widget-container\">\n\t\t\t\t\t\t\t\t\t<p><span style=\"color: #000000;\">Ksi\u0105dz Adam Stankiewicz MIC w g\u0142oszonym do wiernych s\u0142owie zwraca\u0142 uwag\u0119 na fakt, \u017ce\u00a0<\/span><span style=\"color: #000000;\">obchodzone wczoraj uroczy\u015bcie \u015bwi\u0119ta Bo\u017cego Narodzenia dzisiaj zapraszaj\u0105 do wyj\u0105tkowej\u00a0<\/span><span style=\"color: #000000;\">refleksji dotycz\u0105cej wiary. Zauwa\u017cy\u0142, \u017ce \u015bwi\u0119ta Narodzenia Pa\u0144skiego mo\u017cna obchodzi\u0107,\u00a0<\/span><span style=\"color: #000000;\">skupiaj\u0105c si\u0119 wy\u0142\u0105cznie na tradycji, tak jak zostali\u015bmy nauczeni i wychowani: kilkana\u015bcie\u00a0<\/span><span style=\"color: #000000;\">potraw, choinka, Pasterka, pok\u0142on ma\u0142emu Dzieci\u0105tku w \u017c\u0142obie. Podkre\u015bli\u0142 jednak, \u017ce te\u00a0<\/span><span style=\"color: #000000;\">wszystkie \u015bwi\u0105teczne zwyczaje i tradycje s\u0105 wa\u017cne o tyle, o ile wyp\u0142ywaj\u0105 z g\u0142\u0119bi serca i\u00a0<\/span><span style=\"color: #000000;\">prze\u017cywanej wiary.<\/span><\/p>\t\t\t\t\t\t\t\t<\/div>\n\t\t\t\t<\/div>\n\t\t\t\t\t<\/div>\n\t\t<\/div>\n\t\t\t\t\t<\/div>\n\t\t<\/section>\n\t\t\t\t<section class=\"elementor-section elementor-top-section elementor-element elementor-element-c4cd8f9 elementor-section-boxed elementor-section-height-default elementor-section-height-default\" data-id=\"c4cd8f9\" data-element_type=\"section\" data-e-type=\"section\">\n\t\t\t\t\t\t<div class=\"elementor-container elementor-column-gap-default\">\n\t\t\t\t\t<div class=\"elementor-column elementor-col-100 elementor-top-column elementor-element elementor-element-94b91fc\" data-id=\"94b91fc\" data-element_type=\"column\" data-e-type=\"column\">\n\t\t\t<div class=\"elementor-widget-wrap elementor-element-populated\">\n\t\t\t\t\t\t<div class=\"elementor-element elementor-element-03e90cc elementor-widget elementor-widget-image\" data-id=\"03e90cc\" data-element_type=\"widget\" data-e-type=\"widget\" data-widget_type=\"image.default\">\n\t\t\t\t<div class=\"elementor-widget-container\">\n\t\t\t\t\t\t\t\t\t\t\t\t\t\t\t<img fetchpriority=\"high\" decoding=\"async\" width=\"1024\" height=\"683\" src=\"https:\/\/www.lichen.pl\/wp-content\/uploads\/2024\/12\/IMG_5564-Poprawione-Szum-1024x683.jpg\" class=\"attachment-large size-large wp-image-78723\" alt=\"\" srcset=\"https:\/\/www.lichen.pl\/wp-content\/uploads\/2024\/12\/IMG_5564-Poprawione-Szum-1024x683.jpg 1024w, https:\/\/www.lichen.pl\/wp-content\/uploads\/2024\/12\/IMG_5564-Poprawione-Szum-800x533.jpg 800w, https:\/\/www.lichen.pl\/wp-content\/uploads\/2024\/12\/IMG_5564-Poprawione-Szum-300x200.jpg 300w, https:\/\/www.lichen.pl\/wp-content\/uploads\/2024\/12\/IMG_5564-Poprawione-Szum-768x512.jpg 768w, https:\/\/www.lichen.pl\/wp-content\/uploads\/2024\/12\/IMG_5564-Poprawione-Szum-1536x1024.jpg 1536w, https:\/\/www.lichen.pl\/wp-content\/uploads\/2024\/12\/IMG_5564-Poprawione-Szum-2048x1365.jpg 2048w, https:\/\/www.lichen.pl\/wp-content\/uploads\/2024\/12\/IMG_5564-Poprawione-Szum-18x12.jpg 18w, https:\/\/www.lichen.pl\/wp-content\/uploads\/2024\/12\/IMG_5564-Poprawione-Szum.jpg 1920w\" sizes=\"(max-width: 1024px) 100vw, 1024px\" \/>\t\t\t\t\t\t\t\t\t\t\t\t\t\t\t<\/div>\n\t\t\t\t<\/div>\n\t\t\t\t<div class=\"elementor-element elementor-element-48dad61 elementor-widget elementor-widget-heading\" data-id=\"48dad61\" data-element_type=\"widget\" data-e-type=\"widget\" data-widget_type=\"heading.default\">\n\t\t\t\t<div class=\"elementor-widget-container\">\n\t\t\t\t\t<h2 class=\"elementor-heading-title elementor-size-default\">Czy wierz\u0119 w mi\u0142o\u015b\u0107 ofiarowywan\u0105 mi przez Boga?<\/h2>\t\t\t\t<\/div>\n\t\t\t\t<\/div>\n\t\t\t\t\t<\/div>\n\t\t<\/div>\n\t\t\t\t\t<\/div>\n\t\t<\/section>\n\t\t\t\t<section class=\"elementor-section elementor-top-section elementor-element elementor-element-4dabf3a elementor-section-boxed elementor-section-height-default elementor-section-height-default\" data-id=\"4dabf3a\" data-element_type=\"section\" data-e-type=\"section\">\n\t\t\t\t\t\t<div class=\"elementor-container elementor-column-gap-default\">\n\t\t\t\t\t<div class=\"elementor-column elementor-col-100 elementor-top-column elementor-element elementor-element-b2089d6\" data-id=\"b2089d6\" data-element_type=\"column\" data-e-type=\"column\">\n\t\t\t<div class=\"elementor-widget-wrap elementor-element-populated\">\n\t\t\t\t\t\t<div class=\"elementor-element elementor-element-15be78d elementor-widget elementor-widget-text-editor\" data-id=\"15be78d\" data-element_type=\"widget\" data-e-type=\"widget\" data-widget_type=\"text-editor.default\">\n\t\t\t\t<div class=\"elementor-widget-container\">\n\t\t\t\t\t\t\t\t\t<p><span style=\"color: #000000;\">W homilii kap\u0142an zach\u0119ca\u0142, by zada\u0107 sobie pytanie: kogo odnajduj\u0119 w szopie betlejemskiej? I\u00a0<\/span><span style=\"color: #000000;\">odpowiedzie\u0107 sobie na pytanie postawione przez Jezusa: czy wierz\u0119 w Jego mi\u0142o\u015b\u0107? Czy poza\u00a0<\/span><span style=\"color: #000000;\">ca\u0142\u0105 otoczk\u0105 \u015bwi\u0105t, dostrzegamy \u017cywego Boga \u2013 Tego, kt\u00f3ry wci\u0105\u017c przychodzi i m\u00f3wi:<\/span><br \/><span style=\"color: #000000;\">\u201ekocham ci\u0119\u201d? Ksi\u0105dz Adam Stankiewicz MIC akcentowa\u0142, \u017ce B\u00f3g pierwszy ukocha\u0142\u00a0<\/span><span style=\"color: #000000;\">cz\u0142owieka odwieczn\u0105 mi\u0142o\u015bci\u0105. \u2013 \u201eB\u00f3g da\u0142 nam tak wiele, a oczekuje ma\u0142o. Da\u0142 nam swojego\u00a0<\/span><span style=\"color: #000000;\">Syna, w Nim mi\u0142o\u015b\u0107, a od nas oczekuje tylko naszego serca\u201d. B\u00f3g zechcia\u0142 dla nas sta\u0107 si\u0119\u00a0<\/span><span style=\"color: #000000;\">Cz\u0142owiekiem i przychodzi na \u015bwiat z mi\u0142o\u015bci do cz\u0142owieka, zostawiaj\u0105c niebieski tron.\u00a0<\/span><span style=\"color: #000000;\">Marianin wyja\u015bnia, \u017ce uwierzy\u0107 w mi\u0142o\u015b\u0107 to ka\u017cdego dnia stawia\u0107 Pana Boga na pierwszym\u00a0<\/span><span style=\"color: #000000;\">miejscu w swoim \u017cyciu. Wyznawanie wiary ma si\u0119 odbywa\u0107 nie tyle ustami, co konkretnymi\u00a0<\/span><span style=\"color: #000000;\">czynami.<\/span><\/p>\t\t\t\t\t\t\t\t<\/div>\n\t\t\t\t<\/div>\n\t\t\t\t\t<\/div>\n\t\t<\/div>\n\t\t\t\t\t<\/div>\n\t\t<\/section>\n\t\t\t\t<section class=\"elementor-section elementor-top-section elementor-element elementor-element-e8353e0 elementor-section-boxed elementor-section-height-default elementor-section-height-default\" data-id=\"e8353e0\" data-element_type=\"section\" data-e-type=\"section\">\n\t\t\t\t\t\t<div class=\"elementor-container elementor-column-gap-default\">\n\t\t\t\t\t<div class=\"elementor-column elementor-col-100 elementor-top-column elementor-element elementor-element-653d78e\" data-id=\"653d78e\" data-element_type=\"column\" data-e-type=\"column\">\n\t\t\t<div class=\"elementor-widget-wrap elementor-element-populated\">\n\t\t\t\t\t\t<div class=\"elementor-element elementor-element-d47547b elementor-widget elementor-widget-heading\" data-id=\"d47547b\" data-element_type=\"widget\" data-e-type=\"widget\" data-widget_type=\"heading.default\">\n\t\t\t\t<div class=\"elementor-widget-container\">\n\t\t\t\t\t<h2 class=\"elementor-heading-title elementor-size-default\">\u015awi\u0119ty Szczepan \u2013 \u015bwiadek wiary<\/h2>\t\t\t\t<\/div>\n\t\t\t\t<\/div>\n\t\t\t\t\t<\/div>\n\t\t<\/div>\n\t\t\t\t\t<\/div>\n\t\t<\/section>\n\t\t\t\t<section class=\"elementor-section elementor-top-section elementor-element elementor-element-dfef8ac elementor-section-boxed elementor-section-height-default elementor-section-height-default\" data-id=\"dfef8ac\" data-element_type=\"section\" data-e-type=\"section\">\n\t\t\t\t\t\t<div class=\"elementor-container elementor-column-gap-default\">\n\t\t\t\t\t<div class=\"elementor-column elementor-col-100 elementor-top-column elementor-element elementor-element-56bf30b\" data-id=\"56bf30b\" data-element_type=\"column\" data-e-type=\"column\">\n\t\t\t<div class=\"elementor-widget-wrap elementor-element-populated\">\n\t\t\t\t\t\t<div class=\"elementor-element elementor-element-9aec10f elementor-widget elementor-widget-text-editor\" data-id=\"9aec10f\" data-element_type=\"widget\" data-e-type=\"widget\" data-widget_type=\"text-editor.default\">\n\t\t\t\t<div class=\"elementor-widget-container\">\n\t\t\t\t\t\t\t\t\t<p><span style=\"color: #000000;\">Odczytany dzisiaj fragment Dziej\u00f3w Apostolskich stanowi wskaz\u00f3wk\u0119, w jaki spos\u00f3b\u00a0<\/span><span style=\"color: #000000;\">pog\u0142\u0119bia\u0107 w sobie wiar\u0119. Zgromadzeni w liche\u0144skiej bazylice wierni us\u0142yszeli, by przygl\u0105da\u0107\u00a0<\/span><span style=\"color: #000000;\">si\u0119 \u015bw. Szczepanowi, kt\u00f3ry by\u0142 cz\u0142owiekiem pe\u0142nym \u0142aski i Ducha \u015awi\u0119tego, i jak on chcie\u0107\u00a0<\/span><span style=\"color: #000000;\">posi\u0105\u015b\u0107 \u017cyw\u0105 wiar\u0119. Trzeba na pierwszym miejscu zatroszczy\u0107 si\u0119 o \u017cyw\u0105 relacj\u0119 z Jezusem i\u00a0<\/span><span style=\"color: #000000; font-family: var( --e-global-typography-text-font-family ), aleo;\">trwa\u0107 w stanie \u0142aski. Ponadto \u015bw. Szczepan by\u0142 pe\u0142en m\u0105dro\u015bci Boga, karmi\u0142 si\u0119 Bo\u017cym\u00a0<\/span><span style=\"color: #000000; font-family: var( --e-global-typography-text-font-family ), aleo;\">s\u0142owem. Jego przyk\u0142ad zach\u0119ca, by si\u0119 w nie zag\u0142\u0119bia\u0107 i tam szuka\u0107 Bo\u017cej odpowiedzi na\u00a0<\/span><span style=\"color: #000000; font-family: var( --e-global-typography-text-font-family ), aleo;\">zadawane pytania. \u015awi\u0119ty Szczepan, modl\u0105c si\u0119 za nieprzyjaci\u00f3\u0142, by\u0142 r\u00f3wnie\u017c cz\u0142owiekiem\u00a0<\/span><span style=\"color: #000000; font-family: var( --e-global-typography-text-font-family ), aleo;\">pe\u0142nym modlitwy na wz\u00f3r jego Mistrza, Jezusa Chrystusa. Skazany na ukamienowanie,\u00a0<\/span><span style=\"color: #000000; font-family: var( --e-global-typography-text-font-family ), aleo;\">osuwaj\u0105c si\u0119 ju\u017c na ziemi\u0119, jeszcze modli\u0142 si\u0119 za swoich wrog\u00f3w. Postaw\u0105 swoj\u0105 zach\u0119ca, by\u00a0<\/span><span style=\"color: #000000; font-family: var( --e-global-typography-text-font-family ), aleo;\">nie oddawa\u0107 z\u0142em na z\u0142o, ale czyni\u0107 dobro. Ksi\u0105dz Adam Stankiewicz MIC, przygl\u0105daj\u0105c si\u0119\u00a0<\/span><span style=\"color: #000000; font-family: var( --e-global-typography-text-font-family ), aleo;\">postawie pierwszego m\u0119czennika, poleca wiernym, by jak \u015bw. Szczepan modlitw\u0119 uczynili\u00a0<\/span><span style=\"color: #000000; font-family: var( --e-global-typography-text-font-family ), aleo;\">filarem \u017cycia wiar\u0105.<\/span><\/p>\t\t\t\t\t\t\t\t<\/div>\n\t\t\t\t<\/div>\n\t\t\t\t\t<\/div>\n\t\t<\/div>\n\t\t\t\t\t<\/div>\n\t\t<\/section>\n\t\t\t\t<section class=\"elementor-section elementor-top-section elementor-element elementor-element-dfcb600 elementor-section-boxed elementor-section-height-default elementor-section-height-default\" data-id=\"dfcb600\" data-element_type=\"section\" data-e-type=\"section\">\n\t\t\t\t\t\t<div class=\"elementor-container elementor-column-gap-default\">\n\t\t\t\t\t<div class=\"elementor-column elementor-col-100 elementor-top-column elementor-element elementor-element-e89085b\" data-id=\"e89085b\" data-element_type=\"column\" data-e-type=\"column\">\n\t\t\t<div class=\"elementor-widget-wrap elementor-element-populated\">\n\t\t\t\t\t\t<div class=\"elementor-element elementor-element-5cb2d00 elementor-widget elementor-widget-heading\" data-id=\"5cb2d00\" data-element_type=\"widget\" data-e-type=\"widget\" data-widget_type=\"heading.default\">\n\t\t\t\t<div class=\"elementor-widget-container\">\n\t\t\t\t\t<h2 class=\"elementor-heading-title elementor-size-default\">Pob\u0142ogos\u0142awienie owsa<\/h2>\t\t\t\t<\/div>\n\t\t\t\t<\/div>\n\t\t\t\t\t<\/div>\n\t\t<\/div>\n\t\t\t\t\t<\/div>\n\t\t<\/section>\n\t\t\t\t<section class=\"elementor-section elementor-top-section elementor-element elementor-element-e0024a1 elementor-section-boxed elementor-section-height-default elementor-section-height-default\" data-id=\"e0024a1\" data-element_type=\"section\" data-e-type=\"section\">\n\t\t\t\t\t\t<div class=\"elementor-container elementor-column-gap-default\">\n\t\t\t\t\t<div class=\"elementor-column elementor-col-100 elementor-top-column elementor-element elementor-element-c845c4e\" data-id=\"c845c4e\" data-element_type=\"column\" data-e-type=\"column\">\n\t\t\t<div class=\"elementor-widget-wrap elementor-element-populated\">\n\t\t\t\t\t\t<div class=\"elementor-element elementor-element-c670a1a elementor-widget elementor-widget-text-editor\" data-id=\"c670a1a\" data-element_type=\"widget\" data-e-type=\"widget\" data-widget_type=\"text-editor.default\">\n\t\t\t\t<div class=\"elementor-widget-container\">\n\t\t\t\t\t\t\t\t\t<p><span style=\"color: #000000;\">Zgodnie z dawnym zwyczajem pob\u0142ogos\u0142awiono dzisiaj owies, aby s\u0142u\u017cy\u0142 zwierz\u0119tom\u00a0<\/span><span style=\"color: #000000;\">domowym za pokarm i lekarstwo. Za wstawiennictwem \u015bw. Szczepana proszono, aby\u00a0<\/span><span style=\"color: #000000;\">podawany w chorobie, przywraca\u0142 im zdrowie, a zasiany na wiosn\u0119 na polach, przynosi\u0142 plon\u00a0<\/span><span style=\"color: #000000;\">obfity. Wierni mogli zabra\u0107 ze sob\u0105 przygotowane i pob\u0142ogos\u0142awione woreczki z owsem do\u00a0<\/span><span style=\"color: #000000;\">swoich dom\u00f3w.<\/span><\/p>\t\t\t\t\t\t\t\t<\/div>\n\t\t\t\t<\/div>\n\t\t\t\t\t<\/div>\n\t\t<\/div>\n\t\t\t\t\t<\/div>\n\t\t<\/section>\n\t\t\t\t<section class=\"elementor-section elementor-top-section elementor-element elementor-element-03eff1d elementor-section-boxed elementor-section-height-default elementor-section-height-default\" data-id=\"03eff1d\" data-element_type=\"section\" data-e-type=\"section\">\n\t\t\t\t\t\t<div class=\"elementor-container elementor-column-gap-default\">\n\t\t\t\t\t<div class=\"elementor-column elementor-col-100 elementor-top-column elementor-element elementor-element-1f1bae1\" data-id=\"1f1bae1\" data-element_type=\"column\" data-e-type=\"column\">\n\t\t\t<div class=\"elementor-widget-wrap elementor-element-populated\">\n\t\t\t\t\t\t<div class=\"elementor-element elementor-element-4f92a85 elementor-widget elementor-widget-image-gallery\" data-id=\"4f92a85\" data-element_type=\"widget\" data-e-type=\"widget\" data-widget_type=\"image-gallery.default\">\n\t\t\t\t<div class=\"elementor-widget-container\">\n\t\t\t\t\t\t\t<div class=\"elementor-image-gallery\">\n\t\t\t<div id='gallery-1' class='gallery galleryid-78722 gallery-columns-4 gallery-size-medium_large'><figure class='gallery-item'>\n\t\t\t<div class='gallery-icon landscape'>\n\t\t\t\t<a data-elementor-open-lightbox=\"yes\" data-elementor-lightbox-slideshow=\"4f92a85\" data-elementor-lightbox-title=\"II DZIEN SWIAT (1)\" data-e-action-hash=\"#elementor-action%3Aaction%3Dlightbox%26settings%3DeyJpZCI6Nzg3MjQsInVybCI6Imh0dHBzOlwvXC93d3cubGljaGVuLnBsXC93cC1jb250ZW50XC91cGxvYWRzXC8yMDI0XC8xMlwvSUktRFpJRU4tU1dJQVQtMS5qcGciLCJzbGlkZXNob3ciOiI0ZjkyYTg1In0%3D\" href='https:\/\/www.lichen.pl\/wp-content\/uploads\/2024\/12\/II-DZIEN-SWIAT-1.jpg'><img width=\"768\" height=\"512\" src=\"https:\/\/www.lichen.pl\/wp-content\/uploads\/2024\/12\/II-DZIEN-SWIAT-1-768x512.jpg\" class=\"attachment-medium_large size-medium_large\" alt=\"\" decoding=\"async\" srcset=\"https:\/\/www.lichen.pl\/wp-content\/uploads\/2024\/12\/II-DZIEN-SWIAT-1-768x512.jpg 768w, https:\/\/www.lichen.pl\/wp-content\/uploads\/2024\/12\/II-DZIEN-SWIAT-1-800x533.jpg 800w, https:\/\/www.lichen.pl\/wp-content\/uploads\/2024\/12\/II-DZIEN-SWIAT-1-300x200.jpg 300w, https:\/\/www.lichen.pl\/wp-content\/uploads\/2024\/12\/II-DZIEN-SWIAT-1-1024x683.jpg 1024w, https:\/\/www.lichen.pl\/wp-content\/uploads\/2024\/12\/II-DZIEN-SWIAT-1-1536x1024.jpg 1536w, https:\/\/www.lichen.pl\/wp-content\/uploads\/2024\/12\/II-DZIEN-SWIAT-1-2048x1365.jpg 2048w, https:\/\/www.lichen.pl\/wp-content\/uploads\/2024\/12\/II-DZIEN-SWIAT-1-18x12.jpg 18w, https:\/\/www.lichen.pl\/wp-content\/uploads\/2024\/12\/II-DZIEN-SWIAT-1.jpg 1920w\" sizes=\"(max-width: 768px) 100vw, 768px\" \/><\/a>\n\t\t\t<\/div><\/figure><figure class='gallery-item'>\n\t\t\t<div class='gallery-icon landscape'>\n\t\t\t\t<a data-elementor-open-lightbox=\"yes\" data-elementor-lightbox-slideshow=\"4f92a85\" data-elementor-lightbox-title=\"II DZIEN SWIAT (2)\" data-e-action-hash=\"#elementor-action%3Aaction%3Dlightbox%26settings%3DeyJpZCI6Nzg3MjUsInVybCI6Imh0dHBzOlwvXC93d3cubGljaGVuLnBsXC93cC1jb250ZW50XC91cGxvYWRzXC8yMDI0XC8xMlwvSUktRFpJRU4tU1dJQVQtMi5qcGciLCJzbGlkZXNob3ciOiI0ZjkyYTg1In0%3D\" href='https:\/\/www.lichen.pl\/wp-content\/uploads\/2024\/12\/II-DZIEN-SWIAT-2.jpg'><img width=\"768\" height=\"512\" src=\"https:\/\/www.lichen.pl\/wp-content\/uploads\/2024\/12\/II-DZIEN-SWIAT-2-768x512.jpg\" class=\"attachment-medium_large size-medium_large\" alt=\"\" decoding=\"async\" srcset=\"https:\/\/www.lichen.pl\/wp-content\/uploads\/2024\/12\/II-DZIEN-SWIAT-2-768x512.jpg 768w, https:\/\/www.lichen.pl\/wp-content\/uploads\/2024\/12\/II-DZIEN-SWIAT-2-800x533.jpg 800w, https:\/\/www.lichen.pl\/wp-content\/uploads\/2024\/12\/II-DZIEN-SWIAT-2-300x200.jpg 300w, https:\/\/www.lichen.pl\/wp-content\/uploads\/2024\/12\/II-DZIEN-SWIAT-2-1024x683.jpg 1024w, https:\/\/www.lichen.pl\/wp-content\/uploads\/2024\/12\/II-DZIEN-SWIAT-2-1536x1024.jpg 1536w, https:\/\/www.lichen.pl\/wp-content\/uploads\/2024\/12\/II-DZIEN-SWIAT-2-2048x1365.jpg 2048w, https:\/\/www.lichen.pl\/wp-content\/uploads\/2024\/12\/II-DZIEN-SWIAT-2-18x12.jpg 18w, https:\/\/www.lichen.pl\/wp-content\/uploads\/2024\/12\/II-DZIEN-SWIAT-2.jpg 1920w\" sizes=\"(max-width: 768px) 100vw, 768px\" \/><\/a>\n\t\t\t<\/div><\/figure><figure class='gallery-item'>\n\t\t\t<div class='gallery-icon landscape'>\n\t\t\t\t<a data-elementor-open-lightbox=\"yes\" data-elementor-lightbox-slideshow=\"4f92a85\" data-elementor-lightbox-title=\"II DZIEN SWIAT (3)\" data-e-action-hash=\"#elementor-action%3Aaction%3Dlightbox%26settings%3DeyJpZCI6Nzg3MjYsInVybCI6Imh0dHBzOlwvXC93d3cubGljaGVuLnBsXC93cC1jb250ZW50XC91cGxvYWRzXC8yMDI0XC8xMlwvSUktRFpJRU4tU1dJQVQtMy5qcGciLCJzbGlkZXNob3ciOiI0ZjkyYTg1In0%3D\" href='https:\/\/www.lichen.pl\/wp-content\/uploads\/2024\/12\/II-DZIEN-SWIAT-3.jpg'><img loading=\"lazy\" width=\"768\" height=\"512\" src=\"https:\/\/www.lichen.pl\/wp-content\/uploads\/2024\/12\/II-DZIEN-SWIAT-3-768x512.jpg\" class=\"attachment-medium_large size-medium_large\" alt=\"\" decoding=\"async\" srcset=\"https:\/\/www.lichen.pl\/wp-content\/uploads\/2024\/12\/II-DZIEN-SWIAT-3-768x512.jpg 768w, https:\/\/www.lichen.pl\/wp-content\/uploads\/2024\/12\/II-DZIEN-SWIAT-3-800x534.jpg 800w, https:\/\/www.lichen.pl\/wp-content\/uploads\/2024\/12\/II-DZIEN-SWIAT-3-300x200.jpg 300w, https:\/\/www.lichen.pl\/wp-content\/uploads\/2024\/12\/II-DZIEN-SWIAT-3-1024x683.jpg 1024w, https:\/\/www.lichen.pl\/wp-content\/uploads\/2024\/12\/II-DZIEN-SWIAT-3-1536x1024.jpg 1536w, https:\/\/www.lichen.pl\/wp-content\/uploads\/2024\/12\/II-DZIEN-SWIAT-3-2048x1365.jpg 2048w, https:\/\/www.lichen.pl\/wp-content\/uploads\/2024\/12\/II-DZIEN-SWIAT-3-18x12.jpg 18w, https:\/\/www.lichen.pl\/wp-content\/uploads\/2024\/12\/II-DZIEN-SWIAT-3.jpg 1600w\" sizes=\"(max-width: 768px) 100vw, 768px\" \/><\/a>\n\t\t\t<\/div><\/figure><figure class='gallery-item'>\n\t\t\t<div class='gallery-icon landscape'>\n\t\t\t\t<a data-elementor-open-lightbox=\"yes\" data-elementor-lightbox-slideshow=\"4f92a85\" data-elementor-lightbox-title=\"II DZIEN SWIAT (4)\" data-e-action-hash=\"#elementor-action%3Aaction%3Dlightbox%26settings%3DeyJpZCI6Nzg3MjcsInVybCI6Imh0dHBzOlwvXC93d3cubGljaGVuLnBsXC93cC1jb250ZW50XC91cGxvYWRzXC8yMDI0XC8xMlwvSUktRFpJRU4tU1dJQVQtNC5qcGciLCJzbGlkZXNob3ciOiI0ZjkyYTg1In0%3D\" href='https:\/\/www.lichen.pl\/wp-content\/uploads\/2024\/12\/II-DZIEN-SWIAT-4.jpg'><img loading=\"lazy\" width=\"768\" height=\"512\" src=\"https:\/\/www.lichen.pl\/wp-content\/uploads\/2024\/12\/II-DZIEN-SWIAT-4-768x512.jpg\" class=\"attachment-medium_large size-medium_large\" alt=\"\" decoding=\"async\" srcset=\"https:\/\/www.lichen.pl\/wp-content\/uploads\/2024\/12\/II-DZIEN-SWIAT-4-768x512.jpg 768w, https:\/\/www.lichen.pl\/wp-content\/uploads\/2024\/12\/II-DZIEN-SWIAT-4-800x534.jpg 800w, https:\/\/www.lichen.pl\/wp-content\/uploads\/2024\/12\/II-DZIEN-SWIAT-4-300x200.jpg 300w, https:\/\/www.lichen.pl\/wp-content\/uploads\/2024\/12\/II-DZIEN-SWIAT-4-1024x683.jpg 1024w, https:\/\/www.lichen.pl\/wp-content\/uploads\/2024\/12\/II-DZIEN-SWIAT-4-1536x1024.jpg 1536w, https:\/\/www.lichen.pl\/wp-content\/uploads\/2024\/12\/II-DZIEN-SWIAT-4-2048x1365.jpg 2048w, https:\/\/www.lichen.pl\/wp-content\/uploads\/2024\/12\/II-DZIEN-SWIAT-4-18x12.jpg 18w, https:\/\/www.lichen.pl\/wp-content\/uploads\/2024\/12\/II-DZIEN-SWIAT-4.jpg 1600w\" sizes=\"(max-width: 768px) 100vw, 768px\" \/><\/a>\n\t\t\t<\/div><\/figure><figure class='gallery-item'>\n\t\t\t<div class='gallery-icon landscape'>\n\t\t\t\t<a data-elementor-open-lightbox=\"yes\" data-elementor-lightbox-slideshow=\"4f92a85\" data-elementor-lightbox-title=\"II DZIEN SWIAT (5)\" data-e-action-hash=\"#elementor-action%3Aaction%3Dlightbox%26settings%3DeyJpZCI6Nzg3MjgsInVybCI6Imh0dHBzOlwvXC93d3cubGljaGVuLnBsXC93cC1jb250ZW50XC91cGxvYWRzXC8yMDI0XC8xMlwvSUktRFpJRU4tU1dJQVQtNS5qcGciLCJzbGlkZXNob3ciOiI0ZjkyYTg1In0%3D\" href='https:\/\/www.lichen.pl\/wp-content\/uploads\/2024\/12\/II-DZIEN-SWIAT-5.jpg'><img loading=\"lazy\" width=\"768\" height=\"512\" src=\"https:\/\/www.lichen.pl\/wp-content\/uploads\/2024\/12\/II-DZIEN-SWIAT-5-768x512.jpg\" class=\"attachment-medium_large size-medium_large\" alt=\"\" decoding=\"async\" srcset=\"https:\/\/www.lichen.pl\/wp-content\/uploads\/2024\/12\/II-DZIEN-SWIAT-5-768x512.jpg 768w, https:\/\/www.lichen.pl\/wp-content\/uploads\/2024\/12\/II-DZIEN-SWIAT-5-800x534.jpg 800w, https:\/\/www.lichen.pl\/wp-content\/uploads\/2024\/12\/II-DZIEN-SWIAT-5-300x200.jpg 300w, https:\/\/www.lichen.pl\/wp-content\/uploads\/2024\/12\/II-DZIEN-SWIAT-5-1024x683.jpg 1024w, https:\/\/www.lichen.pl\/wp-content\/uploads\/2024\/12\/II-DZIEN-SWIAT-5-1536x1024.jpg 1536w, https:\/\/www.lichen.pl\/wp-content\/uploads\/2024\/12\/II-DZIEN-SWIAT-5-2048x1365.jpg 2048w, https:\/\/www.lichen.pl\/wp-content\/uploads\/2024\/12\/II-DZIEN-SWIAT-5-18x12.jpg 18w, https:\/\/www.lichen.pl\/wp-content\/uploads\/2024\/12\/II-DZIEN-SWIAT-5.jpg 1600w\" sizes=\"(max-width: 768px) 100vw, 768px\" \/><\/a>\n\t\t\t<\/div><\/figure><figure class='gallery-item'>\n\t\t\t<div class='gallery-icon landscape'>\n\t\t\t\t<a data-elementor-open-lightbox=\"yes\" data-elementor-lightbox-slideshow=\"4f92a85\" data-elementor-lightbox-title=\"II DZIEN SWIAT (6)\" data-e-action-hash=\"#elementor-action%3Aaction%3Dlightbox%26settings%3DeyJpZCI6Nzg3MjksInVybCI6Imh0dHBzOlwvXC93d3cubGljaGVuLnBsXC93cC1jb250ZW50XC91cGxvYWRzXC8yMDI0XC8xMlwvSUktRFpJRU4tU1dJQVQtNi5qcGciLCJzbGlkZXNob3ciOiI0ZjkyYTg1In0%3D\" href='https:\/\/www.lichen.pl\/wp-content\/uploads\/2024\/12\/II-DZIEN-SWIAT-6.jpg'><img loading=\"lazy\" width=\"768\" height=\"512\" src=\"https:\/\/www.lichen.pl\/wp-content\/uploads\/2024\/12\/II-DZIEN-SWIAT-6-768x512.jpg\" class=\"attachment-medium_large size-medium_large\" alt=\"\" decoding=\"async\" srcset=\"https:\/\/www.lichen.pl\/wp-content\/uploads\/2024\/12\/II-DZIEN-SWIAT-6-768x512.jpg 768w, https:\/\/www.lichen.pl\/wp-content\/uploads\/2024\/12\/II-DZIEN-SWIAT-6-800x534.jpg 800w, https:\/\/www.lichen.pl\/wp-content\/uploads\/2024\/12\/II-DZIEN-SWIAT-6-300x200.jpg 300w, https:\/\/www.lichen.pl\/wp-content\/uploads\/2024\/12\/II-DZIEN-SWIAT-6-1024x683.jpg 1024w, https:\/\/www.lichen.pl\/wp-content\/uploads\/2024\/12\/II-DZIEN-SWIAT-6-1536x1024.jpg 1536w, https:\/\/www.lichen.pl\/wp-content\/uploads\/2024\/12\/II-DZIEN-SWIAT-6-2048x1365.jpg 2048w, https:\/\/www.lichen.pl\/wp-content\/uploads\/2024\/12\/II-DZIEN-SWIAT-6-18x12.jpg 18w, https:\/\/www.lichen.pl\/wp-content\/uploads\/2024\/12\/II-DZIEN-SWIAT-6.jpg 1600w\" sizes=\"(max-width: 768px) 100vw, 768px\" \/><\/a>\n\t\t\t<\/div><\/figure><figure class='gallery-item'>\n\t\t\t<div class='gallery-icon landscape'>\n\t\t\t\t<a data-elementor-open-lightbox=\"yes\" data-elementor-lightbox-slideshow=\"4f92a85\" data-elementor-lightbox-title=\"II DZIEN SWIAT (7)\" data-e-action-hash=\"#elementor-action%3Aaction%3Dlightbox%26settings%3DeyJpZCI6Nzg3MzAsInVybCI6Imh0dHBzOlwvXC93d3cubGljaGVuLnBsXC93cC1jb250ZW50XC91cGxvYWRzXC8yMDI0XC8xMlwvSUktRFpJRU4tU1dJQVQtNy5qcGciLCJzbGlkZXNob3ciOiI0ZjkyYTg1In0%3D\" href='https:\/\/www.lichen.pl\/wp-content\/uploads\/2024\/12\/II-DZIEN-SWIAT-7.jpg'><img loading=\"lazy\" width=\"768\" height=\"512\" src=\"https:\/\/www.lichen.pl\/wp-content\/uploads\/2024\/12\/II-DZIEN-SWIAT-7-768x512.jpg\" class=\"attachment-medium_large size-medium_large\" alt=\"\" decoding=\"async\" srcset=\"https:\/\/www.lichen.pl\/wp-content\/uploads\/2024\/12\/II-DZIEN-SWIAT-7-768x512.jpg 768w, https:\/\/www.lichen.pl\/wp-content\/uploads\/2024\/12\/II-DZIEN-SWIAT-7-800x533.jpg 800w, https:\/\/www.lichen.pl\/wp-content\/uploads\/2024\/12\/II-DZIEN-SWIAT-7-300x200.jpg 300w, https:\/\/www.lichen.pl\/wp-content\/uploads\/2024\/12\/II-DZIEN-SWIAT-7-1024x683.jpg 1024w, https:\/\/www.lichen.pl\/wp-content\/uploads\/2024\/12\/II-DZIEN-SWIAT-7-1536x1024.jpg 1536w, https:\/\/www.lichen.pl\/wp-content\/uploads\/2024\/12\/II-DZIEN-SWIAT-7-2048x1365.jpg 2048w, https:\/\/www.lichen.pl\/wp-content\/uploads\/2024\/12\/II-DZIEN-SWIAT-7-18x12.jpg 18w, https:\/\/www.lichen.pl\/wp-content\/uploads\/2024\/12\/II-DZIEN-SWIAT-7.jpg 1920w\" sizes=\"(max-width: 768px) 100vw, 768px\" \/><\/a>\n\t\t\t<\/div><\/figure><figure class='gallery-item'>\n\t\t\t<div class='gallery-icon landscape'>\n\t\t\t\t<a data-elementor-open-lightbox=\"yes\" data-elementor-lightbox-slideshow=\"4f92a85\" data-elementor-lightbox-title=\"II DZIEN SWIAT (8)\" data-e-action-hash=\"#elementor-action%3Aaction%3Dlightbox%26settings%3DeyJpZCI6Nzg3MzEsInVybCI6Imh0dHBzOlwvXC93d3cubGljaGVuLnBsXC93cC1jb250ZW50XC91cGxvYWRzXC8yMDI0XC8xMlwvSUktRFpJRU4tU1dJQVQtOC5qcGciLCJzbGlkZXNob3ciOiI0ZjkyYTg1In0%3D\" href='https:\/\/www.lichen.pl\/wp-content\/uploads\/2024\/12\/II-DZIEN-SWIAT-8.jpg'><img loading=\"lazy\" width=\"768\" height=\"512\" src=\"https:\/\/www.lichen.pl\/wp-content\/uploads\/2024\/12\/II-DZIEN-SWIAT-8-768x512.jpg\" class=\"attachment-medium_large size-medium_large\" alt=\"\" decoding=\"async\" srcset=\"https:\/\/www.lichen.pl\/wp-content\/uploads\/2024\/12\/II-DZIEN-SWIAT-8-768x512.jpg 768w, https:\/\/www.lichen.pl\/wp-content\/uploads\/2024\/12\/II-DZIEN-SWIAT-8-800x533.jpg 800w, https:\/\/www.lichen.pl\/wp-content\/uploads\/2024\/12\/II-DZIEN-SWIAT-8-300x200.jpg 300w, https:\/\/www.lichen.pl\/wp-content\/uploads\/2024\/12\/II-DZIEN-SWIAT-8-1024x683.jpg 1024w, https:\/\/www.lichen.pl\/wp-content\/uploads\/2024\/12\/II-DZIEN-SWIAT-8-1536x1024.jpg 1536w, https:\/\/www.lichen.pl\/wp-content\/uploads\/2024\/12\/II-DZIEN-SWIAT-8-2048x1365.jpg 2048w, https:\/\/www.lichen.pl\/wp-content\/uploads\/2024\/12\/II-DZIEN-SWIAT-8-18x12.jpg 18w, https:\/\/www.lichen.pl\/wp-content\/uploads\/2024\/12\/II-DZIEN-SWIAT-8.jpg 1920w\" sizes=\"(max-width: 768px) 100vw, 768px\" \/><\/a>\n\t\t\t<\/div><\/figure><figure class='gallery-item'>\n\t\t\t<div class='gallery-icon landscape'>\n\t\t\t\t<a data-elementor-open-lightbox=\"yes\" data-elementor-lightbox-slideshow=\"4f92a85\" data-elementor-lightbox-title=\"II DZIEN SWIAT (9)\" data-e-action-hash=\"#elementor-action%3Aaction%3Dlightbox%26settings%3DeyJpZCI6Nzg3MzIsInVybCI6Imh0dHBzOlwvXC93d3cubGljaGVuLnBsXC93cC1jb250ZW50XC91cGxvYWRzXC8yMDI0XC8xMlwvSUktRFpJRU4tU1dJQVQtOS5qcGciLCJzbGlkZXNob3ciOiI0ZjkyYTg1In0%3D\" href='https:\/\/www.lichen.pl\/wp-content\/uploads\/2024\/12\/II-DZIEN-SWIAT-9.jpg'><img loading=\"lazy\" width=\"768\" height=\"512\" src=\"https:\/\/www.lichen.pl\/wp-content\/uploads\/2024\/12\/II-DZIEN-SWIAT-9-768x512.jpg\" class=\"attachment-medium_large size-medium_large\" alt=\"\" decoding=\"async\" srcset=\"https:\/\/www.lichen.pl\/wp-content\/uploads\/2024\/12\/II-DZIEN-SWIAT-9-768x512.jpg 768w, https:\/\/www.lichen.pl\/wp-content\/uploads\/2024\/12\/II-DZIEN-SWIAT-9-800x533.jpg 800w, https:\/\/www.lichen.pl\/wp-content\/uploads\/2024\/12\/II-DZIEN-SWIAT-9-300x200.jpg 300w, https:\/\/www.lichen.pl\/wp-content\/uploads\/2024\/12\/II-DZIEN-SWIAT-9-1024x683.jpg 1024w, https:\/\/www.lichen.pl\/wp-content\/uploads\/2024\/12\/II-DZIEN-SWIAT-9-1536x1024.jpg 1536w, https:\/\/www.lichen.pl\/wp-content\/uploads\/2024\/12\/II-DZIEN-SWIAT-9-2048x1365.jpg 2048w, https:\/\/www.lichen.pl\/wp-content\/uploads\/2024\/12\/II-DZIEN-SWIAT-9-18x12.jpg 18w, https:\/\/www.lichen.pl\/wp-content\/uploads\/2024\/12\/II-DZIEN-SWIAT-9.jpg 1920w\" sizes=\"(max-width: 768px) 100vw, 768px\" \/><\/a>\n\t\t\t<\/div><\/figure><figure class='gallery-item'>\n\t\t\t<div class='gallery-icon landscape'>\n\t\t\t\t<a data-elementor-open-lightbox=\"yes\" data-elementor-lightbox-slideshow=\"4f92a85\" data-elementor-lightbox-title=\"II DZIEN SWIAT (10)\" data-e-action-hash=\"#elementor-action%3Aaction%3Dlightbox%26settings%3DeyJpZCI6Nzg3MzMsInVybCI6Imh0dHBzOlwvXC93d3cubGljaGVuLnBsXC93cC1jb250ZW50XC91cGxvYWRzXC8yMDI0XC8xMlwvSUktRFpJRU4tU1dJQVQtMTAuanBnIiwic2xpZGVzaG93IjoiNGY5MmE4NSJ9\" href='https:\/\/www.lichen.pl\/wp-content\/uploads\/2024\/12\/II-DZIEN-SWIAT-10.jpg'><img loading=\"lazy\" width=\"768\" height=\"512\" src=\"https:\/\/www.lichen.pl\/wp-content\/uploads\/2024\/12\/II-DZIEN-SWIAT-10-768x512.jpg\" class=\"attachment-medium_large size-medium_large\" alt=\"\" decoding=\"async\" srcset=\"https:\/\/www.lichen.pl\/wp-content\/uploads\/2024\/12\/II-DZIEN-SWIAT-10-768x512.jpg 768w, https:\/\/www.lichen.pl\/wp-content\/uploads\/2024\/12\/II-DZIEN-SWIAT-10-800x533.jpg 800w, https:\/\/www.lichen.pl\/wp-content\/uploads\/2024\/12\/II-DZIEN-SWIAT-10-300x200.jpg 300w, https:\/\/www.lichen.pl\/wp-content\/uploads\/2024\/12\/II-DZIEN-SWIAT-10-1024x683.jpg 1024w, https:\/\/www.lichen.pl\/wp-content\/uploads\/2024\/12\/II-DZIEN-SWIAT-10-1536x1024.jpg 1536w, https:\/\/www.lichen.pl\/wp-content\/uploads\/2024\/12\/II-DZIEN-SWIAT-10-2048x1365.jpg 2048w, https:\/\/www.lichen.pl\/wp-content\/uploads\/2024\/12\/II-DZIEN-SWIAT-10-18x12.jpg 18w, https:\/\/www.lichen.pl\/wp-content\/uploads\/2024\/12\/II-DZIEN-SWIAT-10.jpg 1920w\" sizes=\"(max-width: 768px) 100vw, 768px\" \/><\/a>\n\t\t\t<\/div><\/figure><figure class='gallery-item'>\n\t\t\t<div class='gallery-icon landscape'>\n\t\t\t\t<a data-elementor-open-lightbox=\"yes\" data-elementor-lightbox-slideshow=\"4f92a85\" data-elementor-lightbox-title=\"II DZIEN SWIAT (11)\" data-e-action-hash=\"#elementor-action%3Aaction%3Dlightbox%26settings%3DeyJpZCI6Nzg3MzQsInVybCI6Imh0dHBzOlwvXC93d3cubGljaGVuLnBsXC93cC1jb250ZW50XC91cGxvYWRzXC8yMDI0XC8xMlwvSUktRFpJRU4tU1dJQVQtMTEuanBnIiwic2xpZGVzaG93IjoiNGY5MmE4NSJ9\" href='https:\/\/www.lichen.pl\/wp-content\/uploads\/2024\/12\/II-DZIEN-SWIAT-11.jpg'><img loading=\"lazy\" width=\"768\" height=\"512\" src=\"https:\/\/www.lichen.pl\/wp-content\/uploads\/2024\/12\/II-DZIEN-SWIAT-11-768x512.jpg\" class=\"attachment-medium_large size-medium_large\" alt=\"\" decoding=\"async\" srcset=\"https:\/\/www.lichen.pl\/wp-content\/uploads\/2024\/12\/II-DZIEN-SWIAT-11-768x512.jpg 768w, https:\/\/www.lichen.pl\/wp-content\/uploads\/2024\/12\/II-DZIEN-SWIAT-11-800x533.jpg 800w, https:\/\/www.lichen.pl\/wp-content\/uploads\/2024\/12\/II-DZIEN-SWIAT-11-300x200.jpg 300w, https:\/\/www.lichen.pl\/wp-content\/uploads\/2024\/12\/II-DZIEN-SWIAT-11-1024x683.jpg 1024w, https:\/\/www.lichen.pl\/wp-content\/uploads\/2024\/12\/II-DZIEN-SWIAT-11-1536x1024.jpg 1536w, https:\/\/www.lichen.pl\/wp-content\/uploads\/2024\/12\/II-DZIEN-SWIAT-11-2048x1365.jpg 2048w, https:\/\/www.lichen.pl\/wp-content\/uploads\/2024\/12\/II-DZIEN-SWIAT-11-18x12.jpg 18w, https:\/\/www.lichen.pl\/wp-content\/uploads\/2024\/12\/II-DZIEN-SWIAT-11.jpg 1920w\" sizes=\"(max-width: 768px) 100vw, 768px\" \/><\/a>\n\t\t\t<\/div><\/figure><figure class='gallery-item'>\n\t\t\t<div class='gallery-icon landscape'>\n\t\t\t\t<a data-elementor-open-lightbox=\"yes\" data-elementor-lightbox-slideshow=\"4f92a85\" data-elementor-lightbox-title=\"II DZIEN SWIAT (12)\" data-e-action-hash=\"#elementor-action%3Aaction%3Dlightbox%26settings%3DeyJpZCI6Nzg3MzUsInVybCI6Imh0dHBzOlwvXC93d3cubGljaGVuLnBsXC93cC1jb250ZW50XC91cGxvYWRzXC8yMDI0XC8xMlwvSUktRFpJRU4tU1dJQVQtMTIuanBnIiwic2xpZGVzaG93IjoiNGY5MmE4NSJ9\" href='https:\/\/www.lichen.pl\/wp-content\/uploads\/2024\/12\/II-DZIEN-SWIAT-12.jpg'><img loading=\"lazy\" width=\"768\" height=\"512\" src=\"https:\/\/www.lichen.pl\/wp-content\/uploads\/2024\/12\/II-DZIEN-SWIAT-12-768x512.jpg\" class=\"attachment-medium_large size-medium_large\" alt=\"\" decoding=\"async\" srcset=\"https:\/\/www.lichen.pl\/wp-content\/uploads\/2024\/12\/II-DZIEN-SWIAT-12-768x512.jpg 768w, https:\/\/www.lichen.pl\/wp-content\/uploads\/2024\/12\/II-DZIEN-SWIAT-12-800x533.jpg 800w, https:\/\/www.lichen.pl\/wp-content\/uploads\/2024\/12\/II-DZIEN-SWIAT-12-300x200.jpg 300w, https:\/\/www.lichen.pl\/wp-content\/uploads\/2024\/12\/II-DZIEN-SWIAT-12-1024x683.jpg 1024w, https:\/\/www.lichen.pl\/wp-content\/uploads\/2024\/12\/II-DZIEN-SWIAT-12-1536x1024.jpg 1536w, https:\/\/www.lichen.pl\/wp-content\/uploads\/2024\/12\/II-DZIEN-SWIAT-12-2048x1365.jpg 2048w, https:\/\/www.lichen.pl\/wp-content\/uploads\/2024\/12\/II-DZIEN-SWIAT-12-18x12.jpg 18w, https:\/\/www.lichen.pl\/wp-content\/uploads\/2024\/12\/II-DZIEN-SWIAT-12.jpg 1920w\" sizes=\"(max-width: 768px) 100vw, 768px\" \/><\/a>\n\t\t\t<\/div><\/figure>\n\t\t<\/div>\n\t\t<\/div>\n\t\t\t\t\t\t<\/div>\n\t\t\t\t<\/div>\n\t\t\t\t\t<\/div>\n\t\t<\/div>\n\t\t\t\t\t<\/div>\n\t\t<\/section>\n\t\t\t\t<\/div>","protected":false},"excerpt":{"rendered":"<p>W drugi dzie\u0144 \u015bwi\u0105t Bo\u017cego Narodzenia po\u0142udniowej Mszy \u015bw. sprawowanej przedcudownym obrazem Matki Bo\u017cej Liche\u0144skiej przewodniczy\u0142 ks. Adam Stankiewicz MIC, prze\u0142o\u017cony domu zakonnego liche\u0144skiej wsp\u00f3lnoty ksi\u0119\u017cy i braci marian\u00f3w. Dzisiaj obchodzimy liturgiczne wspomnienie pierwszego m\u0119czennika za wiar\u0119 \u2013 \u015bw. Szczepana. Na pami\u0105tk\u0119 tego wydarzenia kap\u0142ani sprawuj\u0105cy ofiar\u0119 Mszy \u015bw. ubieraj\u0105 czerwone ornaty. Ksi\u0105dz Adam Stankiewicz [&hellip;]<\/p>\n","protected":false},"author":8,"featured_media":78735,"comment_status":"closed","ping_status":"closed","sticky":false,"template":"","format":"standard","meta":{"footnotes":""},"categories":[1],"tags":[],"class_list":["post-78722","post","type-post","status-publish","format-standard","has-post-thumbnail","hentry","category-aktualnosci","wpbf-post"],"yoast_head":"<!-- This site is optimized with the Yoast SEO plugin v27.4 - https:\/\/yoast.com\/product\/yoast-seo-wordpress\/ -->\n<title>II dzie\u0144 \u015bwi\u0105t Narodzenia Pa\u0144skiego \u2013 wspomnienie \u015bw. Szczepana - SANKTUARIUM W LICHENIU<\/title>\n<meta name=\"robots\" content=\"index, follow, max-snippet:-1, max-image-preview:large, max-video-preview:-1\" \/>\n<link rel=\"canonical\" href=\"https:\/\/www.lichen.pl\/it\/ii-dzien-swiat-narodzenia-panskiego-wspomnienie-sw-szczepana\/\" \/>\n<meta property=\"og:locale\" content=\"it_IT\" \/>\n<meta property=\"og:type\" content=\"article\" \/>\n<meta property=\"og:title\" content=\"II dzie\u0144 \u015bwi\u0105t Narodzenia Pa\u0144skiego \u2013 wspomnienie \u015bw. Szczepana - SANKTUARIUM W LICHENIU\" \/>\n<meta property=\"og:description\" content=\"W drugi dzie\u0144 \u015bwi\u0105t Bo\u017cego Narodzenia po\u0142udniowej Mszy \u015bw. sprawowanej przedcudownym obrazem Matki Bo\u017cej Liche\u0144skiej przewodniczy\u0142 ks. Adam Stankiewicz MIC, prze\u0142o\u017cony domu zakonnego liche\u0144skiej wsp\u00f3lnoty ksi\u0119\u017cy i braci marian\u00f3w. Dzisiaj obchodzimy liturgiczne wspomnienie pierwszego m\u0119czennika za wiar\u0119 \u2013 \u015bw. Szczepana. Na pami\u0105tk\u0119 tego wydarzenia kap\u0142ani sprawuj\u0105cy ofiar\u0119 Mszy \u015bw. ubieraj\u0105 czerwone ornaty. Ksi\u0105dz Adam Stankiewicz [&hellip;]\" \/>\n<meta property=\"og:url\" content=\"https:\/\/www.lichen.pl\/it\/ii-dzien-swiat-narodzenia-panskiego-wspomnienie-sw-szczepana\/\" \/>\n<meta property=\"og:site_name\" content=\"SANKTUARIUM W LICHENIU\" \/>\n<meta property=\"article:published_time\" content=\"2024-12-26T17:05:28+00:00\" \/>\n<meta property=\"article:modified_time\" content=\"2024-12-26T17:06:41+00:00\" \/>\n<meta property=\"og:image\" content=\"https:\/\/www.lichen.pl\/wp-content\/uploads\/2024\/12\/II-DZIEN-SWIAT-12-1024x683.jpg\" \/>\n\t<meta property=\"og:image:width\" content=\"1024\" \/>\n\t<meta property=\"og:image:height\" content=\"683\" \/>\n\t<meta property=\"og:image:type\" content=\"image\/jpeg\" \/>\n<meta name=\"author\" content=\"Biuro Prasowe\" \/>\n<meta name=\"twitter:card\" content=\"summary_large_image\" \/>\n<meta name=\"twitter:label1\" content=\"Scritto da\" \/>\n\t<meta name=\"twitter:data1\" content=\"Biuro Prasowe\" \/>\n\t<meta name=\"twitter:label2\" content=\"Tempo di lettura stimato\" \/>\n\t<meta name=\"twitter:data2\" content=\"6 minuti\" \/>\n<script type=\"application\/ld+json\" class=\"yoast-schema-graph\">{\"@context\":\"https:\\\/\\\/schema.org\",\"@graph\":[{\"@type\":\"Article\",\"@id\":\"https:\\\/\\\/www.lichen.pl\\\/ii-dzien-swiat-narodzenia-panskiego-wspomnienie-sw-szczepana\\\/#article\",\"isPartOf\":{\"@id\":\"https:\\\/\\\/www.lichen.pl\\\/ii-dzien-swiat-narodzenia-panskiego-wspomnienie-sw-szczepana\\\/\"},\"author\":{\"name\":\"Biuro Prasowe\",\"@id\":\"https:\\\/\\\/www.lichen.pl\\\/fr\\\/#\\\/schema\\\/person\\\/682b5cfa2f8a664a298ed0bc19782a02\"},\"headline\":\"II dzie\u0144 \u015bwi\u0105t Narodzenia Pa\u0144skiego \u2013 wspomnienie \u015bw. Szczepana\",\"datePublished\":\"2024-12-26T17:05:28+00:00\",\"dateModified\":\"2024-12-26T17:06:41+00:00\",\"mainEntityOfPage\":{\"@id\":\"https:\\\/\\\/www.lichen.pl\\\/ii-dzien-swiat-narodzenia-panskiego-wspomnienie-sw-szczepana\\\/\"},\"wordCount\":580,\"image\":{\"@id\":\"https:\\\/\\\/www.lichen.pl\\\/ii-dzien-swiat-narodzenia-panskiego-wspomnienie-sw-szczepana\\\/#primaryimage\"},\"thumbnailUrl\":\"https:\\\/\\\/www.lichen.pl\\\/wp-content\\\/uploads\\\/2024\\\/12\\\/II-DZIEN-SWIAT-12.jpg\",\"articleSection\":[\"Aktualno\u015bci\"],\"inLanguage\":\"it-IT\"},{\"@type\":\"WebPage\",\"@id\":\"https:\\\/\\\/www.lichen.pl\\\/ii-dzien-swiat-narodzenia-panskiego-wspomnienie-sw-szczepana\\\/\",\"url\":\"https:\\\/\\\/www.lichen.pl\\\/ii-dzien-swiat-narodzenia-panskiego-wspomnienie-sw-szczepana\\\/\",\"name\":\"II dzie\u0144 \u015bwi\u0105t Narodzenia Pa\u0144skiego \u2013 wspomnienie \u015bw. Szczepana - SANKTUARIUM W LICHENIU\",\"isPartOf\":{\"@id\":\"https:\\\/\\\/www.lichen.pl\\\/fr\\\/#website\"},\"primaryImageOfPage\":{\"@id\":\"https:\\\/\\\/www.lichen.pl\\\/ii-dzien-swiat-narodzenia-panskiego-wspomnienie-sw-szczepana\\\/#primaryimage\"},\"image\":{\"@id\":\"https:\\\/\\\/www.lichen.pl\\\/ii-dzien-swiat-narodzenia-panskiego-wspomnienie-sw-szczepana\\\/#primaryimage\"},\"thumbnailUrl\":\"https:\\\/\\\/www.lichen.pl\\\/wp-content\\\/uploads\\\/2024\\\/12\\\/II-DZIEN-SWIAT-12.jpg\",\"datePublished\":\"2024-12-26T17:05:28+00:00\",\"dateModified\":\"2024-12-26T17:06:41+00:00\",\"author\":{\"@id\":\"https:\\\/\\\/www.lichen.pl\\\/fr\\\/#\\\/schema\\\/person\\\/682b5cfa2f8a664a298ed0bc19782a02\"},\"breadcrumb\":{\"@id\":\"https:\\\/\\\/www.lichen.pl\\\/ii-dzien-swiat-narodzenia-panskiego-wspomnienie-sw-szczepana\\\/#breadcrumb\"},\"inLanguage\":\"it-IT\",\"potentialAction\":[{\"@type\":\"ReadAction\",\"target\":[\"https:\\\/\\\/www.lichen.pl\\\/ii-dzien-swiat-narodzenia-panskiego-wspomnienie-sw-szczepana\\\/\"]}]},{\"@type\":\"ImageObject\",\"inLanguage\":\"it-IT\",\"@id\":\"https:\\\/\\\/www.lichen.pl\\\/ii-dzien-swiat-narodzenia-panskiego-wspomnienie-sw-szczepana\\\/#primaryimage\",\"url\":\"https:\\\/\\\/www.lichen.pl\\\/wp-content\\\/uploads\\\/2024\\\/12\\\/II-DZIEN-SWIAT-12.jpg\",\"contentUrl\":\"https:\\\/\\\/www.lichen.pl\\\/wp-content\\\/uploads\\\/2024\\\/12\\\/II-DZIEN-SWIAT-12.jpg\",\"width\":1920,\"height\":1280},{\"@type\":\"BreadcrumbList\",\"@id\":\"https:\\\/\\\/www.lichen.pl\\\/ii-dzien-swiat-narodzenia-panskiego-wspomnienie-sw-szczepana\\\/#breadcrumb\",\"itemListElement\":[{\"@type\":\"ListItem\",\"position\":1,\"name\":\"Strona g\u0142\u00f3wna\",\"item\":\"https:\\\/\\\/www.lichen.pl\\\/\"},{\"@type\":\"ListItem\",\"position\":2,\"name\":\"II dzie\u0144 \u015bwi\u0105t Narodzenia Pa\u0144skiego \u2013 wspomnienie \u015bw. Szczepana\"}]},{\"@type\":\"WebSite\",\"@id\":\"https:\\\/\\\/www.lichen.pl\\\/fr\\\/#website\",\"url\":\"https:\\\/\\\/www.lichen.pl\\\/fr\\\/\",\"name\":\"SANKTUARIUM W LICHENIU\",\"description\":\"MATKI BO\u017bEJ LICHE\u0143SKIEJ BOLESNEJ KR\u00d3LOWEJ POLSKI\",\"potentialAction\":[{\"@type\":\"SearchAction\",\"target\":{\"@type\":\"EntryPoint\",\"urlTemplate\":\"https:\\\/\\\/www.lichen.pl\\\/fr\\\/?s={search_term_string}\"},\"query-input\":{\"@type\":\"PropertyValueSpecification\",\"valueRequired\":true,\"valueName\":\"search_term_string\"}}],\"inLanguage\":\"it-IT\"},{\"@type\":\"Person\",\"@id\":\"https:\\\/\\\/www.lichen.pl\\\/fr\\\/#\\\/schema\\\/person\\\/682b5cfa2f8a664a298ed0bc19782a02\",\"name\":\"Biuro Prasowe\",\"image\":{\"@type\":\"ImageObject\",\"inLanguage\":\"it-IT\",\"@id\":\"https:\\\/\\\/secure.gravatar.com\\\/avatar\\\/07fa3449d37670fd38888cb2e3db27aa13df245d811ec65206e44888f202bb53?s=96&d=retro&r=g\",\"url\":\"https:\\\/\\\/secure.gravatar.com\\\/avatar\\\/07fa3449d37670fd38888cb2e3db27aa13df245d811ec65206e44888f202bb53?s=96&d=retro&r=g\",\"contentUrl\":\"https:\\\/\\\/secure.gravatar.com\\\/avatar\\\/07fa3449d37670fd38888cb2e3db27aa13df245d811ec65206e44888f202bb53?s=96&d=retro&r=g\",\"caption\":\"Biuro Prasowe\"},\"sameAs\":[\"http:\\\/\\\/www.lichen.pl\"],\"url\":\"https:\\\/\\\/www.lichen.pl\\\/it\\\/author\\\/biuro-prasowe\\\/\"}]}<\/script>\n<!-- \/ Yoast SEO plugin. -->","yoast_head_json":{"title":"II dzie\u0144 \u015bwi\u0105t Narodzenia Pa\u0144skiego \u2013 wspomnienie \u015bw. Szczepana - SANKTUARIUM W LICHENIU","robots":{"index":"index","follow":"follow","max-snippet":"max-snippet:-1","max-image-preview":"max-image-preview:large","max-video-preview":"max-video-preview:-1"},"canonical":"https:\/\/www.lichen.pl\/it\/ii-dzien-swiat-narodzenia-panskiego-wspomnienie-sw-szczepana\/","og_locale":"it_IT","og_type":"article","og_title":"II dzie\u0144 \u015bwi\u0105t Narodzenia Pa\u0144skiego \u2013 wspomnienie \u015bw. Szczepana - SANKTUARIUM W LICHENIU","og_description":"W drugi dzie\u0144 \u015bwi\u0105t Bo\u017cego Narodzenia po\u0142udniowej Mszy \u015bw. sprawowanej przedcudownym obrazem Matki Bo\u017cej Liche\u0144skiej przewodniczy\u0142 ks. Adam Stankiewicz MIC, prze\u0142o\u017cony domu zakonnego liche\u0144skiej wsp\u00f3lnoty ksi\u0119\u017cy i braci marian\u00f3w. Dzisiaj obchodzimy liturgiczne wspomnienie pierwszego m\u0119czennika za wiar\u0119 \u2013 \u015bw. Szczepana. Na pami\u0105tk\u0119 tego wydarzenia kap\u0142ani sprawuj\u0105cy ofiar\u0119 Mszy \u015bw. ubieraj\u0105 czerwone ornaty. Ksi\u0105dz Adam Stankiewicz [&hellip;]","og_url":"https:\/\/www.lichen.pl\/it\/ii-dzien-swiat-narodzenia-panskiego-wspomnienie-sw-szczepana\/","og_site_name":"SANKTUARIUM W LICHENIU","article_published_time":"2024-12-26T17:05:28+00:00","article_modified_time":"2024-12-26T17:06:41+00:00","og_image":[{"width":1024,"height":683,"url":"https:\/\/www.lichen.pl\/wp-content\/uploads\/2024\/12\/II-DZIEN-SWIAT-12-1024x683.jpg","type":"image\/jpeg"}],"author":"Biuro Prasowe","twitter_card":"summary_large_image","twitter_misc":{"Scritto da":"Biuro Prasowe","Tempo di lettura stimato":"6 minuti"},"schema":{"@context":"https:\/\/schema.org","@graph":[{"@type":"Article","@id":"https:\/\/www.lichen.pl\/ii-dzien-swiat-narodzenia-panskiego-wspomnienie-sw-szczepana\/#article","isPartOf":{"@id":"https:\/\/www.lichen.pl\/ii-dzien-swiat-narodzenia-panskiego-wspomnienie-sw-szczepana\/"},"author":{"name":"Biuro Prasowe","@id":"https:\/\/www.lichen.pl\/fr\/#\/schema\/person\/682b5cfa2f8a664a298ed0bc19782a02"},"headline":"II dzie\u0144 \u015bwi\u0105t Narodzenia Pa\u0144skiego \u2013 wspomnienie \u015bw. Szczepana","datePublished":"2024-12-26T17:05:28+00:00","dateModified":"2024-12-26T17:06:41+00:00","mainEntityOfPage":{"@id":"https:\/\/www.lichen.pl\/ii-dzien-swiat-narodzenia-panskiego-wspomnienie-sw-szczepana\/"},"wordCount":580,"image":{"@id":"https:\/\/www.lichen.pl\/ii-dzien-swiat-narodzenia-panskiego-wspomnienie-sw-szczepana\/#primaryimage"},"thumbnailUrl":"https:\/\/www.lichen.pl\/wp-content\/uploads\/2024\/12\/II-DZIEN-SWIAT-12.jpg","articleSection":["Aktualno\u015bci"],"inLanguage":"it-IT"},{"@type":"WebPage","@id":"https:\/\/www.lichen.pl\/ii-dzien-swiat-narodzenia-panskiego-wspomnienie-sw-szczepana\/","url":"https:\/\/www.lichen.pl\/ii-dzien-swiat-narodzenia-panskiego-wspomnienie-sw-szczepana\/","name":"II dzie\u0144 \u015bwi\u0105t Narodzenia Pa\u0144skiego \u2013 wspomnienie \u015bw. Szczepana - SANKTUARIUM W LICHENIU","isPartOf":{"@id":"https:\/\/www.lichen.pl\/fr\/#website"},"primaryImageOfPage":{"@id":"https:\/\/www.lichen.pl\/ii-dzien-swiat-narodzenia-panskiego-wspomnienie-sw-szczepana\/#primaryimage"},"image":{"@id":"https:\/\/www.lichen.pl\/ii-dzien-swiat-narodzenia-panskiego-wspomnienie-sw-szczepana\/#primaryimage"},"thumbnailUrl":"https:\/\/www.lichen.pl\/wp-content\/uploads\/2024\/12\/II-DZIEN-SWIAT-12.jpg","datePublished":"2024-12-26T17:05:28+00:00","dateModified":"2024-12-26T17:06:41+00:00","author":{"@id":"https:\/\/www.lichen.pl\/fr\/#\/schema\/person\/682b5cfa2f8a664a298ed0bc19782a02"},"breadcrumb":{"@id":"https:\/\/www.lichen.pl\/ii-dzien-swiat-narodzenia-panskiego-wspomnienie-sw-szczepana\/#breadcrumb"},"inLanguage":"it-IT","potentialAction":[{"@type":"ReadAction","target":["https:\/\/www.lichen.pl\/ii-dzien-swiat-narodzenia-panskiego-wspomnienie-sw-szczepana\/"]}]},{"@type":"ImageObject","inLanguage":"it-IT","@id":"https:\/\/www.lichen.pl\/ii-dzien-swiat-narodzenia-panskiego-wspomnienie-sw-szczepana\/#primaryimage","url":"https:\/\/www.lichen.pl\/wp-content\/uploads\/2024\/12\/II-DZIEN-SWIAT-12.jpg","contentUrl":"https:\/\/www.lichen.pl\/wp-content\/uploads\/2024\/12\/II-DZIEN-SWIAT-12.jpg","width":1920,"height":1280},{"@type":"BreadcrumbList","@id":"https:\/\/www.lichen.pl\/ii-dzien-swiat-narodzenia-panskiego-wspomnienie-sw-szczepana\/#breadcrumb","itemListElement":[{"@type":"ListItem","position":1,"name":"Strona g\u0142\u00f3wna","item":"https:\/\/www.lichen.pl\/"},{"@type":"ListItem","position":2,"name":"II dzie\u0144 \u015bwi\u0105t Narodzenia Pa\u0144skiego \u2013 wspomnienie \u015bw. Szczepana"}]},{"@type":"WebSite","@id":"https:\/\/www.lichen.pl\/fr\/#website","url":"https:\/\/www.lichen.pl\/fr\/","name":"SANTUARIO IN LICHENIA","description":"LA REGINA ADOLORATA DEL NOSTRO LICHENE DI POLONIA","potentialAction":[{"@type":"SearchAction","target":{"@type":"EntryPoint","urlTemplate":"https:\/\/www.lichen.pl\/fr\/?s={search_term_string}"},"query-input":{"@type":"PropertyValueSpecification","valueRequired":true,"valueName":"search_term_string"}}],"inLanguage":"it-IT"},{"@type":"Person","@id":"https:\/\/www.lichen.pl\/fr\/#\/schema\/person\/682b5cfa2f8a664a298ed0bc19782a02","name":"Biuro Prasowe","image":{"@type":"ImageObject","inLanguage":"it-IT","@id":"https:\/\/secure.gravatar.com\/avatar\/07fa3449d37670fd38888cb2e3db27aa13df245d811ec65206e44888f202bb53?s=96&d=retro&r=g","url":"https:\/\/secure.gravatar.com\/avatar\/07fa3449d37670fd38888cb2e3db27aa13df245d811ec65206e44888f202bb53?s=96&d=retro&r=g","contentUrl":"https:\/\/secure.gravatar.com\/avatar\/07fa3449d37670fd38888cb2e3db27aa13df245d811ec65206e44888f202bb53?s=96&d=retro&r=g","caption":"Biuro Prasowe"},"sameAs":["http:\/\/www.lichen.pl"],"url":"https:\/\/www.lichen.pl\/it\/author\/biuro-prasowe\/"}]}},"_links":{"self":[{"href":"https:\/\/www.lichen.pl\/it\/wp-json\/wp\/v2\/posts\/78722","targetHints":{"allow":["GET"]}}],"collection":[{"href":"https:\/\/www.lichen.pl\/it\/wp-json\/wp\/v2\/posts"}],"about":[{"href":"https:\/\/www.lichen.pl\/it\/wp-json\/wp\/v2\/types\/post"}],"author":[{"embeddable":true,"href":"https:\/\/www.lichen.pl\/it\/wp-json\/wp\/v2\/users\/8"}],"replies":[{"embeddable":true,"href":"https:\/\/www.lichen.pl\/it\/wp-json\/wp\/v2\/comments?post=78722"}],"version-history":[{"count":4,"href":"https:\/\/www.lichen.pl\/it\/wp-json\/wp\/v2\/posts\/78722\/revisions"}],"predecessor-version":[{"id":78739,"href":"https:\/\/www.lichen.pl\/it\/wp-json\/wp\/v2\/posts\/78722\/revisions\/78739"}],"wp:featuredmedia":[{"embeddable":true,"href":"https:\/\/www.lichen.pl\/it\/wp-json\/wp\/v2\/media\/78735"}],"wp:attachment":[{"href":"https:\/\/www.lichen.pl\/it\/wp-json\/wp\/v2\/media?parent=78722"}],"wp:term":[{"taxonomy":"category","embeddable":true,"href":"https:\/\/www.lichen.pl\/it\/wp-json\/wp\/v2\/categories?post=78722"},{"taxonomy":"post_tag","embeddable":true,"href":"https:\/\/www.lichen.pl\/it\/wp-json\/wp\/v2\/tags?post=78722"}],"curies":[{"name":"wp","href":"https:\/\/api.w.org\/{rel}","templated":true}]}}