{"id":81281,"date":"2025-04-02T20:32:25","date_gmt":"2025-04-02T18:32:25","guid":{"rendered":"https:\/\/www.lichen.pl\/?p=81281"},"modified":"2025-04-02T20:34:21","modified_gmt":"2025-04-02T18:34:21","slug":"lichen-zjazd-szkol-im-jana-pawla-ii-w-20-rocznice-smierci-papieza","status":"publish","type":"post","link":"https:\/\/www.lichen.pl\/it\/lichen-zjazd-szkol-im-jana-pawla-ii-w-20-rocznice-smierci-papieza\/","title":{"rendered":"Liche\u0144 \u2013 zjazd szk\u00f3\u0142 im. Jana Paw\u0142a II w 20. rocznic\u0119 \u015bmierci Papie\u017ca"},"content":{"rendered":"<div data-elementor-type=\"wp-post\" data-elementor-id=\"81281\" class=\"elementor elementor-81281\" data-elementor-post-type=\"post\">\n\t\t\t\t\t\t<section class=\"elementor-section elementor-top-section elementor-element elementor-element-d864a20 elementor-section-boxed elementor-section-height-default elementor-section-height-default\" data-id=\"d864a20\" data-element_type=\"section\" data-e-type=\"section\">\n\t\t\t\t\t\t<div class=\"elementor-container elementor-column-gap-default\">\n\t\t\t\t\t<div class=\"elementor-column elementor-col-100 elementor-top-column elementor-element elementor-element-9e31b64\" data-id=\"9e31b64\" data-element_type=\"column\" data-e-type=\"column\">\n\t\t\t<div class=\"elementor-widget-wrap elementor-element-populated\">\n\t\t\t\t\t\t<div class=\"elementor-element elementor-element-10f2b15 elementor-widget elementor-widget-text-editor\" data-id=\"10f2b15\" data-element_type=\"widget\" data-e-type=\"widget\" data-widget_type=\"text-editor.default\">\n\t\t\t\t<div class=\"elementor-widget-container\">\n\t\t\t\t\t\t\t\t\t<h2>W 20. rocznic\u0119 \u015bmierci Papie\u017ca Polaka odby\u0142a si\u0119 uroczysta Msza \u015bw. z udzia\u0142em szk\u00f3\u0142 nosz\u0105cych imi\u0119 \u015bw. Jana Paw\u0142a II. Jego obecno\u015b\u0107 w Licheniu do dzisiaj jest szczeg\u00f3lnym znakiem mi\u0142o\u015bci do Ojczyzny.<\/h2>\t\t\t\t\t\t\t\t<\/div>\n\t\t\t\t<\/div>\n\t\t\t\t\t<\/div>\n\t\t<\/div>\n\t\t\t\t\t<\/div>\n\t\t<\/section>\n\t\t\t\t<section class=\"elementor-section elementor-top-section elementor-element elementor-element-5e72943 elementor-section-boxed elementor-section-height-default elementor-section-height-default\" data-id=\"5e72943\" data-element_type=\"section\" data-e-type=\"section\">\n\t\t\t\t\t\t<div class=\"elementor-container elementor-column-gap-default\">\n\t\t\t\t\t<div class=\"elementor-column elementor-col-100 elementor-top-column elementor-element elementor-element-813f4b9\" data-id=\"813f4b9\" data-element_type=\"column\" data-e-type=\"column\">\n\t\t\t<div class=\"elementor-widget-wrap elementor-element-populated\">\n\t\t\t\t\t\t<div class=\"elementor-element elementor-element-2436e4e elementor-widget elementor-widget-text-editor\" data-id=\"2436e4e\" data-element_type=\"widget\" data-e-type=\"widget\" data-widget_type=\"text-editor.default\">\n\t\t\t\t<div class=\"elementor-widget-container\">\n\t\t\t\t\t\t\t\t\t<p><span style=\"color: #000000;\">Jan Pawe\u0142 II do Lichenia pielgrzymowa\u0142 w 1999 r. Na spotkanie z nim przyby\u0142o\u00a0<\/span><span style=\"color: #000000;\">w\u00f3wczas oko\u0142o 200\u00a0tys. os\u00f3b. Jak m\u00f3wi\u0142: \u201ePragn\u0105\u0142em zobaczy\u0107 to miejsce, kt\u00f3re\u00a0<\/span><span style=\"color: #000000;\">Matka Naj\u015bwi\u0119tsza bardzo umi\u0142owa\u0142a\u201d.<\/span><\/p>\t\t\t\t\t\t\t\t<\/div>\n\t\t\t\t<\/div>\n\t\t\t\t\t<\/div>\n\t\t<\/div>\n\t\t\t\t\t<\/div>\n\t\t<\/section>\n\t\t\t\t<section class=\"elementor-section elementor-top-section elementor-element elementor-element-c1251e3 elementor-section-boxed elementor-section-height-default elementor-section-height-default\" data-id=\"c1251e3\" data-element_type=\"section\" data-e-type=\"section\">\n\t\t\t\t\t\t<div class=\"elementor-container elementor-column-gap-default\">\n\t\t\t\t\t<div class=\"elementor-column elementor-col-100 elementor-top-column elementor-element elementor-element-3f616ea\" data-id=\"3f616ea\" data-element_type=\"column\" data-e-type=\"column\">\n\t\t\t<div class=\"elementor-widget-wrap elementor-element-populated\">\n\t\t\t\t\t\t<div class=\"elementor-element elementor-element-fb99537 elementor-widget elementor-widget-text-editor\" data-id=\"fb99537\" data-element_type=\"widget\" data-e-type=\"widget\" data-widget_type=\"text-editor.default\">\n\t\t\t\t<div class=\"elementor-widget-container\">\n\t\t\t\t\t\t\t\t\t<p><span style=\"color: #000000;\">20. rocznic\u0119 \u015bmierci Papie\u017ca w liche\u0144skim sanktuarium uroczy\u015bcie obchodzono wraz\u00a0<\/span><span style=\"color: #000000;\">ze szko\u0142ami nosz\u0105cymi jego imi\u0119. O godzinie 12:00 rozpocz\u0119\u0142a si\u0119 Msza \u015bw.\u00a0<\/span><span style=\"color: #000000;\">upami\u0119tniaj\u0105ca Jana Paw\u0142a II, podczas kt\u00f3rej obecne by\u0142y poczty sztandarowe szk\u00f3\u0142,\u00a0<\/span><span style=\"color: #000000;\">m\u0142odzie\u017c i nauczyciele z Wilczyna, Kazimierza Biskupiego, Gniezna, Che\u0142miec,\u00a0<\/span><span style=\"color: #000000;\">Boguszyc, \u017bychlina. Pos\u0142ug\u0119 muzyczn\u0105 pe\u0142ni\u0142a schola ze Szko\u0142y Podstawowej im.\u00a0<\/span><span style=\"color: #000000;\">Miko\u0142aja Kopernika w Sadlnie.<\/span><\/p>\t\t\t\t\t\t\t\t<\/div>\n\t\t\t\t<\/div>\n\t\t\t\t\t<\/div>\n\t\t<\/div>\n\t\t\t\t\t<\/div>\n\t\t<\/section>\n\t\t\t\t<section class=\"elementor-section elementor-top-section elementor-element elementor-element-65b1ccd elementor-section-boxed elementor-section-height-default elementor-section-height-default\" data-id=\"65b1ccd\" data-element_type=\"section\" data-e-type=\"section\">\n\t\t\t\t\t\t<div class=\"elementor-container elementor-column-gap-default\">\n\t\t\t\t\t<div class=\"elementor-column elementor-col-100 elementor-top-column elementor-element elementor-element-5701dc4\" data-id=\"5701dc4\" data-element_type=\"column\" data-e-type=\"column\">\n\t\t\t<div class=\"elementor-widget-wrap elementor-element-populated\">\n\t\t\t\t\t\t<div class=\"elementor-element elementor-element-8858f62 elementor-widget elementor-widget-image\" data-id=\"8858f62\" data-element_type=\"widget\" data-e-type=\"widget\" data-widget_type=\"image.default\">\n\t\t\t\t<div class=\"elementor-widget-container\">\n\t\t\t\t\t\t\t\t\t\t\t\t\t\t\t<img fetchpriority=\"high\" decoding=\"async\" width=\"1024\" height=\"683\" src=\"https:\/\/www.lichen.pl\/wp-content\/uploads\/2025\/04\/Zjazd_szkol_Jana_Pawla_II-1-1024x683.jpg\" class=\"attachment-large size-large wp-image-81282\" alt=\"\" srcset=\"https:\/\/www.lichen.pl\/wp-content\/uploads\/2025\/04\/Zjazd_szkol_Jana_Pawla_II-1-1024x683.jpg 1024w, https:\/\/www.lichen.pl\/wp-content\/uploads\/2025\/04\/Zjazd_szkol_Jana_Pawla_II-1-300x200.jpg 300w, https:\/\/www.lichen.pl\/wp-content\/uploads\/2025\/04\/Zjazd_szkol_Jana_Pawla_II-1-768x512.jpg 768w, https:\/\/www.lichen.pl\/wp-content\/uploads\/2025\/04\/Zjazd_szkol_Jana_Pawla_II-1-1536x1024.jpg 1536w, https:\/\/www.lichen.pl\/wp-content\/uploads\/2025\/04\/Zjazd_szkol_Jana_Pawla_II-1-2048x1365.jpg 2048w, https:\/\/www.lichen.pl\/wp-content\/uploads\/2025\/04\/Zjazd_szkol_Jana_Pawla_II-1-18x12.jpg 18w, https:\/\/www.lichen.pl\/wp-content\/uploads\/2025\/04\/Zjazd_szkol_Jana_Pawla_II-1-800x533.jpg 800w, https:\/\/www.lichen.pl\/wp-content\/uploads\/2025\/04\/Zjazd_szkol_Jana_Pawla_II-1.jpg 1920w\" sizes=\"(max-width: 1024px) 100vw, 1024px\" \/>\t\t\t\t\t\t\t\t\t\t\t\t\t\t\t<\/div>\n\t\t\t\t<\/div>\n\t\t\t\t\t<\/div>\n\t\t<\/div>\n\t\t\t\t\t<\/div>\n\t\t<\/section>\n\t\t\t\t<section class=\"elementor-section elementor-top-section elementor-element elementor-element-13ce078 elementor-section-boxed elementor-section-height-default elementor-section-height-default\" data-id=\"13ce078\" data-element_type=\"section\" data-e-type=\"section\">\n\t\t\t\t\t\t<div class=\"elementor-container elementor-column-gap-default\">\n\t\t\t\t\t<div class=\"elementor-column elementor-col-100 elementor-top-column elementor-element elementor-element-84851a1\" data-id=\"84851a1\" data-element_type=\"column\" data-e-type=\"column\">\n\t\t\t<div class=\"elementor-widget-wrap elementor-element-populated\">\n\t\t\t\t\t\t<div class=\"elementor-element elementor-element-09b0022 elementor-widget elementor-widget-text-editor\" data-id=\"09b0022\" data-element_type=\"widget\" data-e-type=\"widget\" data-widget_type=\"text-editor.default\">\n\t\t\t\t<div class=\"elementor-widget-container\">\n\t\t\t\t\t\t\t\t\t<p><span style=\"color: #000000;\">Homili\u0119 wyg\u0142osi\u0142 kustosz sanktuarium ks. S\u0142awomir Homoncik MIC. Wspominaj\u0105c\u00a0<\/span><span style=\"color: #000000;\">Papie\u017ca, m\u00f3wi\u0142: <em>\u201eS\u0105 osoby, kt\u00f3re z pewno\u015bci\u0105 pami\u0119taj\u0105, jak w dniu \u015bmierci Papie\u017ca\u00a0<\/em><\/span><em><span style=\"color: #000000;\">na chwil\u0119 zamar\u0142o \u017cycie codzienne. Niewa\u017cne by\u0142y sprawy, telefony, jakie\u015b wa\u015bnie,\u00a0<\/span><span style=\"color: #000000;\">nawet kibice ro\u017cnych klub\u00f3w, kt\u00f3rzy zazwyczaj nie pa\u0142ali do siebie mi\u0142o\u015bci\u0105, potrafili\u00a0<\/span><span style=\"color: #000000;\">si\u0119 ze sob\u0105 spotka\u0107 i dzi\u0119kowa\u0107 za dar \u015bw. Jana Paw\u0142a II\u201d.<\/span><\/em><\/p>\t\t\t\t\t\t\t\t<\/div>\n\t\t\t\t<\/div>\n\t\t\t\t\t<\/div>\n\t\t<\/div>\n\t\t\t\t\t<\/div>\n\t\t<\/section>\n\t\t\t\t<section class=\"elementor-section elementor-top-section elementor-element elementor-element-9f83005 elementor-section-boxed elementor-section-height-default elementor-section-height-default\" data-id=\"9f83005\" data-element_type=\"section\" data-e-type=\"section\">\n\t\t\t\t\t\t<div class=\"elementor-container elementor-column-gap-default\">\n\t\t\t\t\t<div class=\"elementor-column elementor-col-100 elementor-top-column elementor-element elementor-element-11daa96\" data-id=\"11daa96\" data-element_type=\"column\" data-e-type=\"column\">\n\t\t\t<div class=\"elementor-widget-wrap elementor-element-populated\">\n\t\t\t\t\t\t<div class=\"elementor-element elementor-element-fed7678 elementor-widget elementor-widget-text-editor\" data-id=\"fed7678\" data-element_type=\"widget\" data-e-type=\"widget\" data-widget_type=\"text-editor.default\">\n\t\t\t\t<div class=\"elementor-widget-container\">\n\t\t\t\t\t\t\t\t\t<p><span style=\"color: #000000;\">Po Mszy \u015bw. ka\u017cda grupa mia\u0142a mo\u017cliwo\u015b\u0107 zwiedzenia muzeum im. ks. J\u00f3zefa\u00a0<\/span><span style=\"color: #000000;\">Jarz\u0119bowskiego oraz apartament\u00f3w papieskich, w kt\u00f3rych przebywa\u0142 przez dwie\u00a0<\/span><span style=\"color: #000000;\">noce Jan Pawe\u0142 II.<\/span><\/p>\t\t\t\t\t\t\t\t<\/div>\n\t\t\t\t<\/div>\n\t\t\t\t\t<\/div>\n\t\t<\/div>\n\t\t\t\t\t<\/div>\n\t\t<\/section>\n\t\t\t\t<section class=\"elementor-section elementor-top-section elementor-element elementor-element-cf0c0da elementor-section-boxed elementor-section-height-default elementor-section-height-default\" data-id=\"cf0c0da\" data-element_type=\"section\" data-e-type=\"section\">\n\t\t\t\t\t\t<div class=\"elementor-container elementor-column-gap-default\">\n\t\t\t\t\t<div class=\"elementor-column elementor-col-100 elementor-top-column elementor-element elementor-element-26b2f3b\" data-id=\"26b2f3b\" data-element_type=\"column\" data-e-type=\"column\">\n\t\t\t<div class=\"elementor-widget-wrap elementor-element-populated\">\n\t\t\t\t\t\t<div class=\"elementor-element elementor-element-5c8ea08 elementor-widget__width-initial elementor-widget elementor-widget-text-editor\" data-id=\"5c8ea08\" data-element_type=\"widget\" data-e-type=\"widget\" data-widget_type=\"text-editor.default\">\n\t\t\t\t<div class=\"elementor-widget-container\">\n\t\t\t\t\t\t\t\t\t<p style=\"padding-left: 40px;\"><em><span style=\"color: #000000;\">\u201eWsp\u00f3lna modlitwa i wspomnienie historii Papie\u017ca by\u0142o bardzo cennym&nbsp;<\/span><span style=\"color: #000000;\">do\u015bwiadczeniem. Zwiedzili\u015bmy apartamenty papieskie. Gdy weszli\u015bmy tam,&nbsp;<\/span><span style=\"color: #000000;\">poczuli\u015bmy jego obecno\u015b\u0107. Podczas ogl\u0105dania filmu z pobytu Papie\u017ca w Licheniu,&nbsp;<\/span><\/em><span style=\"color: #000000;\"><em>czuli\u015bmy, jakby przy nas by\u0142\u201d<\/em> \u2013 m\u00f3wili uczniowie szko\u0142y podstawowej w&nbsp;<\/span><span style=\"color: #000000;\">Boguszycach.<\/span><\/p>\t\t\t\t\t\t\t\t<\/div>\n\t\t\t\t<\/div>\n\t\t\t\t\t<\/div>\n\t\t<\/div>\n\t\t\t\t\t<\/div>\n\t\t<\/section>\n\t\t\t\t<section class=\"elementor-section elementor-top-section elementor-element elementor-element-30d91d7 elementor-section-boxed elementor-section-height-default elementor-section-height-default\" data-id=\"30d91d7\" data-element_type=\"section\" data-e-type=\"section\">\n\t\t\t\t\t\t<div class=\"elementor-container elementor-column-gap-default\">\n\t\t\t\t\t<div class=\"elementor-column elementor-col-100 elementor-top-column elementor-element elementor-element-b32f9ab\" data-id=\"b32f9ab\" data-element_type=\"column\" data-e-type=\"column\">\n\t\t\t<div class=\"elementor-widget-wrap elementor-element-populated\">\n\t\t\t\t\t\t<div class=\"elementor-element elementor-element-a49c530 elementor-widget elementor-widget-text-editor\" data-id=\"a49c530\" data-element_type=\"widget\" data-e-type=\"widget\" data-widget_type=\"text-editor.default\">\n\t\t\t\t<div class=\"elementor-widget-container\">\n\t\t\t\t\t\t\t\t\t<p><span style=\"color: #000000;\">Jan Pawe\u0142 II wci\u0105\u017c ma wp\u0142yw na nasze spo\u0142ecze\u0144stwo i kultur\u0119. <em>\u201eMy\u015bl\u0119, \u017ce to\u00a0<\/em><\/span><em><span style=\"color: #000000;\">spo\u0142ecze\u0144stwo, kt\u00f3re \u017cy\u0142o za czas\u00f3w Jana Paw\u0142a II, by\u0142o pod jego wielkim wp\u0142ywem.\u00a0<\/span><span style=\"color: #000000;\">Nasza szko\u0142a przyj\u0119\u0142a za motto: \u00abMusicie od siebie wymaga cho\u0107by inni nie\u00a0<\/span><span style=\"color: #000000;\">wymagali\u00bb i my\u015bl\u0119, \u017ce to jest bardzo aktualne w dzisiejszych czasach, gdy m\u0142odzie\u017c\u00a0<\/span><\/em><span style=\"color: #000000; font-family: var( --e-global-typography-text-font-family ), aleo;\"><em>odchodzi od poczucia spe\u0142nienia, wi\u0119c powinni zwr\u00f3ci\u0107 na to uwag\u0119\u201d<\/em> \u2013 m\u00f3wi\u0142a pani\u00a0<\/span><span style=\"color: #000000; font-family: var( --e-global-typography-text-font-family ), aleo;\">Katarzyna Juskowiak \u2013 dyrektor szko\u0142y podstawowej im. Jana Paw\u0142a II Che\u0142mcach.<\/span><\/p>\t\t\t\t\t\t\t\t<\/div>\n\t\t\t\t<\/div>\n\t\t\t\t\t<\/div>\n\t\t<\/div>\n\t\t\t\t\t<\/div>\n\t\t<\/section>\n\t\t\t\t<section class=\"elementor-section elementor-top-section elementor-element elementor-element-6b5ca9d elementor-section-boxed elementor-section-height-default elementor-section-height-default\" data-id=\"6b5ca9d\" data-element_type=\"section\" data-e-type=\"section\">\n\t\t\t\t\t\t<div class=\"elementor-container elementor-column-gap-default\">\n\t\t\t\t\t<div class=\"elementor-column elementor-col-100 elementor-top-column elementor-element elementor-element-44b1e76\" data-id=\"44b1e76\" data-element_type=\"column\" data-e-type=\"column\">\n\t\t\t<div class=\"elementor-widget-wrap elementor-element-populated\">\n\t\t\t\t\t\t<div class=\"elementor-element elementor-element-953040d elementor-widget elementor-widget-image-gallery\" data-id=\"953040d\" data-element_type=\"widget\" data-e-type=\"widget\" data-widget_type=\"image-gallery.default\">\n\t\t\t\t<div class=\"elementor-widget-container\">\n\t\t\t\t\t\t\t<div class=\"elementor-image-gallery\">\n\t\t\t<div id='gallery-1' class='gallery galleryid-81281 gallery-columns-4 gallery-size-medium'><figure class='gallery-item'>\n\t\t\t<div class='gallery-icon landscape'>\n\t\t\t\t<a data-elementor-open-lightbox=\"yes\" data-elementor-lightbox-slideshow=\"953040d\" data-elementor-lightbox-title=\"Zjazd_szkol_Jana_Pawla_II (2)\" data-e-action-hash=\"#elementor-action%3Aaction%3Dlightbox%26settings%3DeyJpZCI6ODEyODMsInVybCI6Imh0dHBzOlwvXC93d3cubGljaGVuLnBsXC93cC1jb250ZW50XC91cGxvYWRzXC8yMDI1XC8wNFwvWmphemRfc3prb2xfSmFuYV9QYXdsYV9JSS0yLmpwZyIsInNsaWRlc2hvdyI6Ijk1MzA0MGQifQ%3D%3D\" href='https:\/\/www.lichen.pl\/wp-content\/uploads\/2025\/04\/Zjazd_szkol_Jana_Pawla_II-2.jpg'><img width=\"300\" height=\"200\" src=\"https:\/\/www.lichen.pl\/wp-content\/uploads\/2025\/04\/Zjazd_szkol_Jana_Pawla_II-2-300x200.jpg\" class=\"attachment-medium size-medium\" alt=\"\" decoding=\"async\" srcset=\"https:\/\/www.lichen.pl\/wp-content\/uploads\/2025\/04\/Zjazd_szkol_Jana_Pawla_II-2-300x200.jpg 300w, https:\/\/www.lichen.pl\/wp-content\/uploads\/2025\/04\/Zjazd_szkol_Jana_Pawla_II-2-1024x683.jpg 1024w, https:\/\/www.lichen.pl\/wp-content\/uploads\/2025\/04\/Zjazd_szkol_Jana_Pawla_II-2-768x512.jpg 768w, https:\/\/www.lichen.pl\/wp-content\/uploads\/2025\/04\/Zjazd_szkol_Jana_Pawla_II-2-1536x1024.jpg 1536w, https:\/\/www.lichen.pl\/wp-content\/uploads\/2025\/04\/Zjazd_szkol_Jana_Pawla_II-2-2048x1365.jpg 2048w, https:\/\/www.lichen.pl\/wp-content\/uploads\/2025\/04\/Zjazd_szkol_Jana_Pawla_II-2-18x12.jpg 18w, https:\/\/www.lichen.pl\/wp-content\/uploads\/2025\/04\/Zjazd_szkol_Jana_Pawla_II-2-800x533.jpg 800w, https:\/\/www.lichen.pl\/wp-content\/uploads\/2025\/04\/Zjazd_szkol_Jana_Pawla_II-2.jpg 1920w\" sizes=\"(max-width: 300px) 100vw, 300px\" \/><\/a>\n\t\t\t<\/div><\/figure><figure class='gallery-item'>\n\t\t\t<div class='gallery-icon landscape'>\n\t\t\t\t<a data-elementor-open-lightbox=\"yes\" data-elementor-lightbox-slideshow=\"953040d\" data-elementor-lightbox-title=\"Zjazd_szkol_Jana_Pawla_II (3)\" data-e-action-hash=\"#elementor-action%3Aaction%3Dlightbox%26settings%3DeyJpZCI6ODEyODQsInVybCI6Imh0dHBzOlwvXC93d3cubGljaGVuLnBsXC93cC1jb250ZW50XC91cGxvYWRzXC8yMDI1XC8wNFwvWmphemRfc3prb2xfSmFuYV9QYXdsYV9JSS0zLmpwZyIsInNsaWRlc2hvdyI6Ijk1MzA0MGQifQ%3D%3D\" href='https:\/\/www.lichen.pl\/wp-content\/uploads\/2025\/04\/Zjazd_szkol_Jana_Pawla_II-3.jpg'><img width=\"300\" height=\"200\" src=\"https:\/\/www.lichen.pl\/wp-content\/uploads\/2025\/04\/Zjazd_szkol_Jana_Pawla_II-3-300x200.jpg\" class=\"attachment-medium size-medium\" alt=\"\" decoding=\"async\" srcset=\"https:\/\/www.lichen.pl\/wp-content\/uploads\/2025\/04\/Zjazd_szkol_Jana_Pawla_II-3-300x200.jpg 300w, https:\/\/www.lichen.pl\/wp-content\/uploads\/2025\/04\/Zjazd_szkol_Jana_Pawla_II-3-1024x683.jpg 1024w, https:\/\/www.lichen.pl\/wp-content\/uploads\/2025\/04\/Zjazd_szkol_Jana_Pawla_II-3-768x512.jpg 768w, https:\/\/www.lichen.pl\/wp-content\/uploads\/2025\/04\/Zjazd_szkol_Jana_Pawla_II-3-1536x1024.jpg 1536w, https:\/\/www.lichen.pl\/wp-content\/uploads\/2025\/04\/Zjazd_szkol_Jana_Pawla_II-3-2048x1365.jpg 2048w, https:\/\/www.lichen.pl\/wp-content\/uploads\/2025\/04\/Zjazd_szkol_Jana_Pawla_II-3-18x12.jpg 18w, https:\/\/www.lichen.pl\/wp-content\/uploads\/2025\/04\/Zjazd_szkol_Jana_Pawla_II-3-800x533.jpg 800w, https:\/\/www.lichen.pl\/wp-content\/uploads\/2025\/04\/Zjazd_szkol_Jana_Pawla_II-3.jpg 1920w\" sizes=\"(max-width: 300px) 100vw, 300px\" \/><\/a>\n\t\t\t<\/div><\/figure><figure class='gallery-item'>\n\t\t\t<div class='gallery-icon landscape'>\n\t\t\t\t<a data-elementor-open-lightbox=\"yes\" data-elementor-lightbox-slideshow=\"953040d\" data-elementor-lightbox-title=\"Zjazd_szkol_Jana_Pawla_II (4)\" data-e-action-hash=\"#elementor-action%3Aaction%3Dlightbox%26settings%3DeyJpZCI6ODEyODUsInVybCI6Imh0dHBzOlwvXC93d3cubGljaGVuLnBsXC93cC1jb250ZW50XC91cGxvYWRzXC8yMDI1XC8wNFwvWmphemRfc3prb2xfSmFuYV9QYXdsYV9JSS00LmpwZyIsInNsaWRlc2hvdyI6Ijk1MzA0MGQifQ%3D%3D\" href='https:\/\/www.lichen.pl\/wp-content\/uploads\/2025\/04\/Zjazd_szkol_Jana_Pawla_II-4.jpg'><img loading=\"lazy\" width=\"300\" height=\"200\" src=\"https:\/\/www.lichen.pl\/wp-content\/uploads\/2025\/04\/Zjazd_szkol_Jana_Pawla_II-4-300x200.jpg\" class=\"attachment-medium size-medium\" alt=\"\" decoding=\"async\" srcset=\"https:\/\/www.lichen.pl\/wp-content\/uploads\/2025\/04\/Zjazd_szkol_Jana_Pawla_II-4-300x200.jpg 300w, https:\/\/www.lichen.pl\/wp-content\/uploads\/2025\/04\/Zjazd_szkol_Jana_Pawla_II-4-1024x683.jpg 1024w, https:\/\/www.lichen.pl\/wp-content\/uploads\/2025\/04\/Zjazd_szkol_Jana_Pawla_II-4-768x512.jpg 768w, https:\/\/www.lichen.pl\/wp-content\/uploads\/2025\/04\/Zjazd_szkol_Jana_Pawla_II-4-1536x1024.jpg 1536w, https:\/\/www.lichen.pl\/wp-content\/uploads\/2025\/04\/Zjazd_szkol_Jana_Pawla_II-4-2048x1365.jpg 2048w, https:\/\/www.lichen.pl\/wp-content\/uploads\/2025\/04\/Zjazd_szkol_Jana_Pawla_II-4-18x12.jpg 18w, https:\/\/www.lichen.pl\/wp-content\/uploads\/2025\/04\/Zjazd_szkol_Jana_Pawla_II-4-800x533.jpg 800w, https:\/\/www.lichen.pl\/wp-content\/uploads\/2025\/04\/Zjazd_szkol_Jana_Pawla_II-4.jpg 1920w\" sizes=\"(max-width: 300px) 100vw, 300px\" \/><\/a>\n\t\t\t<\/div><\/figure><figure class='gallery-item'>\n\t\t\t<div class='gallery-icon landscape'>\n\t\t\t\t<a data-elementor-open-lightbox=\"yes\" data-elementor-lightbox-slideshow=\"953040d\" data-elementor-lightbox-title=\"Zjazd_szkol_Jana_Pawla_II (5)\" data-e-action-hash=\"#elementor-action%3Aaction%3Dlightbox%26settings%3DeyJpZCI6ODEyODYsInVybCI6Imh0dHBzOlwvXC93d3cubGljaGVuLnBsXC93cC1jb250ZW50XC91cGxvYWRzXC8yMDI1XC8wNFwvWmphemRfc3prb2xfSmFuYV9QYXdsYV9JSS01LmpwZyIsInNsaWRlc2hvdyI6Ijk1MzA0MGQifQ%3D%3D\" href='https:\/\/www.lichen.pl\/wp-content\/uploads\/2025\/04\/Zjazd_szkol_Jana_Pawla_II-5.jpg'><img loading=\"lazy\" width=\"300\" height=\"200\" src=\"https:\/\/www.lichen.pl\/wp-content\/uploads\/2025\/04\/Zjazd_szkol_Jana_Pawla_II-5-300x200.jpg\" class=\"attachment-medium size-medium\" alt=\"\" decoding=\"async\" srcset=\"https:\/\/www.lichen.pl\/wp-content\/uploads\/2025\/04\/Zjazd_szkol_Jana_Pawla_II-5-300x200.jpg 300w, https:\/\/www.lichen.pl\/wp-content\/uploads\/2025\/04\/Zjazd_szkol_Jana_Pawla_II-5-1024x683.jpg 1024w, https:\/\/www.lichen.pl\/wp-content\/uploads\/2025\/04\/Zjazd_szkol_Jana_Pawla_II-5-768x512.jpg 768w, https:\/\/www.lichen.pl\/wp-content\/uploads\/2025\/04\/Zjazd_szkol_Jana_Pawla_II-5-1536x1024.jpg 1536w, https:\/\/www.lichen.pl\/wp-content\/uploads\/2025\/04\/Zjazd_szkol_Jana_Pawla_II-5-2048x1365.jpg 2048w, https:\/\/www.lichen.pl\/wp-content\/uploads\/2025\/04\/Zjazd_szkol_Jana_Pawla_II-5-18x12.jpg 18w, https:\/\/www.lichen.pl\/wp-content\/uploads\/2025\/04\/Zjazd_szkol_Jana_Pawla_II-5-800x533.jpg 800w, https:\/\/www.lichen.pl\/wp-content\/uploads\/2025\/04\/Zjazd_szkol_Jana_Pawla_II-5.jpg 1920w\" sizes=\"(max-width: 300px) 100vw, 300px\" \/><\/a>\n\t\t\t<\/div><\/figure><figure class='gallery-item'>\n\t\t\t<div class='gallery-icon landscape'>\n\t\t\t\t<a data-elementor-open-lightbox=\"yes\" data-elementor-lightbox-slideshow=\"953040d\" data-elementor-lightbox-title=\"Zjazd_szkol_Jana_Pawla_II (8)\" data-e-action-hash=\"#elementor-action%3Aaction%3Dlightbox%26settings%3DeyJpZCI6ODEyODcsInVybCI6Imh0dHBzOlwvXC93d3cubGljaGVuLnBsXC93cC1jb250ZW50XC91cGxvYWRzXC8yMDI1XC8wNFwvWmphemRfc3prb2xfSmFuYV9QYXdsYV9JSS04LmpwZyIsInNsaWRlc2hvdyI6Ijk1MzA0MGQifQ%3D%3D\" href='https:\/\/www.lichen.pl\/wp-content\/uploads\/2025\/04\/Zjazd_szkol_Jana_Pawla_II-8.jpg'><img loading=\"lazy\" width=\"300\" height=\"200\" src=\"https:\/\/www.lichen.pl\/wp-content\/uploads\/2025\/04\/Zjazd_szkol_Jana_Pawla_II-8-300x200.jpg\" class=\"attachment-medium size-medium\" alt=\"\" decoding=\"async\" srcset=\"https:\/\/www.lichen.pl\/wp-content\/uploads\/2025\/04\/Zjazd_szkol_Jana_Pawla_II-8-300x200.jpg 300w, https:\/\/www.lichen.pl\/wp-content\/uploads\/2025\/04\/Zjazd_szkol_Jana_Pawla_II-8-1024x683.jpg 1024w, https:\/\/www.lichen.pl\/wp-content\/uploads\/2025\/04\/Zjazd_szkol_Jana_Pawla_II-8-768x512.jpg 768w, https:\/\/www.lichen.pl\/wp-content\/uploads\/2025\/04\/Zjazd_szkol_Jana_Pawla_II-8-1536x1024.jpg 1536w, https:\/\/www.lichen.pl\/wp-content\/uploads\/2025\/04\/Zjazd_szkol_Jana_Pawla_II-8-2048x1365.jpg 2048w, https:\/\/www.lichen.pl\/wp-content\/uploads\/2025\/04\/Zjazd_szkol_Jana_Pawla_II-8-18x12.jpg 18w, https:\/\/www.lichen.pl\/wp-content\/uploads\/2025\/04\/Zjazd_szkol_Jana_Pawla_II-8-800x533.jpg 800w, https:\/\/www.lichen.pl\/wp-content\/uploads\/2025\/04\/Zjazd_szkol_Jana_Pawla_II-8.jpg 1920w\" sizes=\"(max-width: 300px) 100vw, 300px\" \/><\/a>\n\t\t\t<\/div><\/figure><figure class='gallery-item'>\n\t\t\t<div class='gallery-icon landscape'>\n\t\t\t\t<a data-elementor-open-lightbox=\"yes\" data-elementor-lightbox-slideshow=\"953040d\" data-elementor-lightbox-title=\"Zjazd_szkol_Jana_Pawla_II (9)\" data-e-action-hash=\"#elementor-action%3Aaction%3Dlightbox%26settings%3DeyJpZCI6ODEyODgsInVybCI6Imh0dHBzOlwvXC93d3cubGljaGVuLnBsXC93cC1jb250ZW50XC91cGxvYWRzXC8yMDI1XC8wNFwvWmphemRfc3prb2xfSmFuYV9QYXdsYV9JSS05LmpwZyIsInNsaWRlc2hvdyI6Ijk1MzA0MGQifQ%3D%3D\" href='https:\/\/www.lichen.pl\/wp-content\/uploads\/2025\/04\/Zjazd_szkol_Jana_Pawla_II-9.jpg'><img loading=\"lazy\" width=\"300\" height=\"200\" src=\"https:\/\/www.lichen.pl\/wp-content\/uploads\/2025\/04\/Zjazd_szkol_Jana_Pawla_II-9-300x200.jpg\" class=\"attachment-medium size-medium\" alt=\"\" decoding=\"async\" srcset=\"https:\/\/www.lichen.pl\/wp-content\/uploads\/2025\/04\/Zjazd_szkol_Jana_Pawla_II-9-300x200.jpg 300w, https:\/\/www.lichen.pl\/wp-content\/uploads\/2025\/04\/Zjazd_szkol_Jana_Pawla_II-9-1024x683.jpg 1024w, https:\/\/www.lichen.pl\/wp-content\/uploads\/2025\/04\/Zjazd_szkol_Jana_Pawla_II-9-768x512.jpg 768w, https:\/\/www.lichen.pl\/wp-content\/uploads\/2025\/04\/Zjazd_szkol_Jana_Pawla_II-9-1536x1024.jpg 1536w, https:\/\/www.lichen.pl\/wp-content\/uploads\/2025\/04\/Zjazd_szkol_Jana_Pawla_II-9-2048x1365.jpg 2048w, https:\/\/www.lichen.pl\/wp-content\/uploads\/2025\/04\/Zjazd_szkol_Jana_Pawla_II-9-18x12.jpg 18w, https:\/\/www.lichen.pl\/wp-content\/uploads\/2025\/04\/Zjazd_szkol_Jana_Pawla_II-9-800x533.jpg 800w, https:\/\/www.lichen.pl\/wp-content\/uploads\/2025\/04\/Zjazd_szkol_Jana_Pawla_II-9.jpg 1920w\" sizes=\"(max-width: 300px) 100vw, 300px\" \/><\/a>\n\t\t\t<\/div><\/figure><figure class='gallery-item'>\n\t\t\t<div class='gallery-icon landscape'>\n\t\t\t\t<a data-elementor-open-lightbox=\"yes\" data-elementor-lightbox-slideshow=\"953040d\" data-elementor-lightbox-title=\"Zjazd_szkol_Jana_Pawla_II (10)\" data-e-action-hash=\"#elementor-action%3Aaction%3Dlightbox%26settings%3DeyJpZCI6ODEyODksInVybCI6Imh0dHBzOlwvXC93d3cubGljaGVuLnBsXC93cC1jb250ZW50XC91cGxvYWRzXC8yMDI1XC8wNFwvWmphemRfc3prb2xfSmFuYV9QYXdsYV9JSS0xMC5qcGciLCJzbGlkZXNob3ciOiI5NTMwNDBkIn0%3D\" href='https:\/\/www.lichen.pl\/wp-content\/uploads\/2025\/04\/Zjazd_szkol_Jana_Pawla_II-10.jpg'><img loading=\"lazy\" width=\"300\" height=\"200\" src=\"https:\/\/www.lichen.pl\/wp-content\/uploads\/2025\/04\/Zjazd_szkol_Jana_Pawla_II-10-300x200.jpg\" class=\"attachment-medium size-medium\" alt=\"\" decoding=\"async\" srcset=\"https:\/\/www.lichen.pl\/wp-content\/uploads\/2025\/04\/Zjazd_szkol_Jana_Pawla_II-10-300x200.jpg 300w, https:\/\/www.lichen.pl\/wp-content\/uploads\/2025\/04\/Zjazd_szkol_Jana_Pawla_II-10-1024x683.jpg 1024w, https:\/\/www.lichen.pl\/wp-content\/uploads\/2025\/04\/Zjazd_szkol_Jana_Pawla_II-10-768x512.jpg 768w, https:\/\/www.lichen.pl\/wp-content\/uploads\/2025\/04\/Zjazd_szkol_Jana_Pawla_II-10-1536x1024.jpg 1536w, https:\/\/www.lichen.pl\/wp-content\/uploads\/2025\/04\/Zjazd_szkol_Jana_Pawla_II-10-2048x1365.jpg 2048w, https:\/\/www.lichen.pl\/wp-content\/uploads\/2025\/04\/Zjazd_szkol_Jana_Pawla_II-10-18x12.jpg 18w, https:\/\/www.lichen.pl\/wp-content\/uploads\/2025\/04\/Zjazd_szkol_Jana_Pawla_II-10-800x533.jpg 800w, https:\/\/www.lichen.pl\/wp-content\/uploads\/2025\/04\/Zjazd_szkol_Jana_Pawla_II-10.jpg 1920w\" sizes=\"(max-width: 300px) 100vw, 300px\" \/><\/a>\n\t\t\t<\/div><\/figure><figure class='gallery-item'>\n\t\t\t<div class='gallery-icon landscape'>\n\t\t\t\t<a data-elementor-open-lightbox=\"yes\" data-elementor-lightbox-slideshow=\"953040d\" data-elementor-lightbox-title=\"Zjazd_szkol_Jana_Pawla_II (11)\" data-e-action-hash=\"#elementor-action%3Aaction%3Dlightbox%26settings%3DeyJpZCI6ODEyOTAsInVybCI6Imh0dHBzOlwvXC93d3cubGljaGVuLnBsXC93cC1jb250ZW50XC91cGxvYWRzXC8yMDI1XC8wNFwvWmphemRfc3prb2xfSmFuYV9QYXdsYV9JSS0xMS5qcGciLCJzbGlkZXNob3ciOiI5NTMwNDBkIn0%3D\" href='https:\/\/www.lichen.pl\/wp-content\/uploads\/2025\/04\/Zjazd_szkol_Jana_Pawla_II-11.jpg'><img loading=\"lazy\" width=\"300\" height=\"200\" src=\"https:\/\/www.lichen.pl\/wp-content\/uploads\/2025\/04\/Zjazd_szkol_Jana_Pawla_II-11-300x200.jpg\" class=\"attachment-medium size-medium\" alt=\"\" decoding=\"async\" srcset=\"https:\/\/www.lichen.pl\/wp-content\/uploads\/2025\/04\/Zjazd_szkol_Jana_Pawla_II-11-300x200.jpg 300w, https:\/\/www.lichen.pl\/wp-content\/uploads\/2025\/04\/Zjazd_szkol_Jana_Pawla_II-11-1024x683.jpg 1024w, https:\/\/www.lichen.pl\/wp-content\/uploads\/2025\/04\/Zjazd_szkol_Jana_Pawla_II-11-768x512.jpg 768w, https:\/\/www.lichen.pl\/wp-content\/uploads\/2025\/04\/Zjazd_szkol_Jana_Pawla_II-11-1536x1024.jpg 1536w, https:\/\/www.lichen.pl\/wp-content\/uploads\/2025\/04\/Zjazd_szkol_Jana_Pawla_II-11-2048x1365.jpg 2048w, https:\/\/www.lichen.pl\/wp-content\/uploads\/2025\/04\/Zjazd_szkol_Jana_Pawla_II-11-18x12.jpg 18w, https:\/\/www.lichen.pl\/wp-content\/uploads\/2025\/04\/Zjazd_szkol_Jana_Pawla_II-11-800x533.jpg 800w, https:\/\/www.lichen.pl\/wp-content\/uploads\/2025\/04\/Zjazd_szkol_Jana_Pawla_II-11.jpg 1920w\" sizes=\"(max-width: 300px) 100vw, 300px\" \/><\/a>\n\t\t\t<\/div><\/figure><figure class='gallery-item'>\n\t\t\t<div class='gallery-icon landscape'>\n\t\t\t\t<a data-elementor-open-lightbox=\"yes\" data-elementor-lightbox-slideshow=\"953040d\" data-elementor-lightbox-title=\"Zjazd_szkol_Jana_Pawla_II (14)\" data-e-action-hash=\"#elementor-action%3Aaction%3Dlightbox%26settings%3DeyJpZCI6ODEyOTEsInVybCI6Imh0dHBzOlwvXC93d3cubGljaGVuLnBsXC93cC1jb250ZW50XC91cGxvYWRzXC8yMDI1XC8wNFwvWmphemRfc3prb2xfSmFuYV9QYXdsYV9JSS0xNC5qcGciLCJzbGlkZXNob3ciOiI5NTMwNDBkIn0%3D\" href='https:\/\/www.lichen.pl\/wp-content\/uploads\/2025\/04\/Zjazd_szkol_Jana_Pawla_II-14.jpg'><img loading=\"lazy\" width=\"300\" height=\"200\" src=\"https:\/\/www.lichen.pl\/wp-content\/uploads\/2025\/04\/Zjazd_szkol_Jana_Pawla_II-14-300x200.jpg\" class=\"attachment-medium size-medium\" alt=\"\" decoding=\"async\" srcset=\"https:\/\/www.lichen.pl\/wp-content\/uploads\/2025\/04\/Zjazd_szkol_Jana_Pawla_II-14-300x200.jpg 300w, https:\/\/www.lichen.pl\/wp-content\/uploads\/2025\/04\/Zjazd_szkol_Jana_Pawla_II-14-1024x683.jpg 1024w, https:\/\/www.lichen.pl\/wp-content\/uploads\/2025\/04\/Zjazd_szkol_Jana_Pawla_II-14-768x512.jpg 768w, https:\/\/www.lichen.pl\/wp-content\/uploads\/2025\/04\/Zjazd_szkol_Jana_Pawla_II-14-1536x1024.jpg 1536w, https:\/\/www.lichen.pl\/wp-content\/uploads\/2025\/04\/Zjazd_szkol_Jana_Pawla_II-14-2048x1365.jpg 2048w, https:\/\/www.lichen.pl\/wp-content\/uploads\/2025\/04\/Zjazd_szkol_Jana_Pawla_II-14-18x12.jpg 18w, https:\/\/www.lichen.pl\/wp-content\/uploads\/2025\/04\/Zjazd_szkol_Jana_Pawla_II-14-800x533.jpg 800w, https:\/\/www.lichen.pl\/wp-content\/uploads\/2025\/04\/Zjazd_szkol_Jana_Pawla_II-14.jpg 1920w\" sizes=\"(max-width: 300px) 100vw, 300px\" \/><\/a>\n\t\t\t<\/div><\/figure><figure class='gallery-item'>\n\t\t\t<div class='gallery-icon landscape'>\n\t\t\t\t<a data-elementor-open-lightbox=\"yes\" data-elementor-lightbox-slideshow=\"953040d\" data-elementor-lightbox-title=\"Zjazd_szkol_Jana_Pawla_II (15)\" data-e-action-hash=\"#elementor-action%3Aaction%3Dlightbox%26settings%3DeyJpZCI6ODEyOTIsInVybCI6Imh0dHBzOlwvXC93d3cubGljaGVuLnBsXC93cC1jb250ZW50XC91cGxvYWRzXC8yMDI1XC8wNFwvWmphemRfc3prb2xfSmFuYV9QYXdsYV9JSS0xNS5qcGciLCJzbGlkZXNob3ciOiI5NTMwNDBkIn0%3D\" href='https:\/\/www.lichen.pl\/wp-content\/uploads\/2025\/04\/Zjazd_szkol_Jana_Pawla_II-15.jpg'><img loading=\"lazy\" width=\"300\" height=\"200\" src=\"https:\/\/www.lichen.pl\/wp-content\/uploads\/2025\/04\/Zjazd_szkol_Jana_Pawla_II-15-300x200.jpg\" class=\"attachment-medium size-medium\" alt=\"\" decoding=\"async\" srcset=\"https:\/\/www.lichen.pl\/wp-content\/uploads\/2025\/04\/Zjazd_szkol_Jana_Pawla_II-15-300x200.jpg 300w, https:\/\/www.lichen.pl\/wp-content\/uploads\/2025\/04\/Zjazd_szkol_Jana_Pawla_II-15-1024x683.jpg 1024w, https:\/\/www.lichen.pl\/wp-content\/uploads\/2025\/04\/Zjazd_szkol_Jana_Pawla_II-15-768x512.jpg 768w, https:\/\/www.lichen.pl\/wp-content\/uploads\/2025\/04\/Zjazd_szkol_Jana_Pawla_II-15-1536x1024.jpg 1536w, https:\/\/www.lichen.pl\/wp-content\/uploads\/2025\/04\/Zjazd_szkol_Jana_Pawla_II-15-2048x1365.jpg 2048w, https:\/\/www.lichen.pl\/wp-content\/uploads\/2025\/04\/Zjazd_szkol_Jana_Pawla_II-15-18x12.jpg 18w, https:\/\/www.lichen.pl\/wp-content\/uploads\/2025\/04\/Zjazd_szkol_Jana_Pawla_II-15-800x533.jpg 800w, https:\/\/www.lichen.pl\/wp-content\/uploads\/2025\/04\/Zjazd_szkol_Jana_Pawla_II-15.jpg 1920w\" sizes=\"(max-width: 300px) 100vw, 300px\" \/><\/a>\n\t\t\t<\/div><\/figure><figure class='gallery-item'>\n\t\t\t<div class='gallery-icon landscape'>\n\t\t\t\t<a data-elementor-open-lightbox=\"yes\" data-elementor-lightbox-slideshow=\"953040d\" data-elementor-lightbox-title=\"Zjazd_szkol_Jana_Pawla_II (19)\" data-e-action-hash=\"#elementor-action%3Aaction%3Dlightbox%26settings%3DeyJpZCI6ODEyOTUsInVybCI6Imh0dHBzOlwvXC93d3cubGljaGVuLnBsXC93cC1jb250ZW50XC91cGxvYWRzXC8yMDI1XC8wNFwvWmphemRfc3prb2xfSmFuYV9QYXdsYV9JSS0xOS5qcGciLCJzbGlkZXNob3ciOiI5NTMwNDBkIn0%3D\" href='https:\/\/www.lichen.pl\/wp-content\/uploads\/2025\/04\/Zjazd_szkol_Jana_Pawla_II-19.jpg'><img loading=\"lazy\" width=\"300\" height=\"200\" src=\"https:\/\/www.lichen.pl\/wp-content\/uploads\/2025\/04\/Zjazd_szkol_Jana_Pawla_II-19-300x200.jpg\" class=\"attachment-medium size-medium\" alt=\"\" decoding=\"async\" srcset=\"https:\/\/www.lichen.pl\/wp-content\/uploads\/2025\/04\/Zjazd_szkol_Jana_Pawla_II-19-300x200.jpg 300w, https:\/\/www.lichen.pl\/wp-content\/uploads\/2025\/04\/Zjazd_szkol_Jana_Pawla_II-19-1024x683.jpg 1024w, https:\/\/www.lichen.pl\/wp-content\/uploads\/2025\/04\/Zjazd_szkol_Jana_Pawla_II-19-768x512.jpg 768w, https:\/\/www.lichen.pl\/wp-content\/uploads\/2025\/04\/Zjazd_szkol_Jana_Pawla_II-19-1536x1024.jpg 1536w, https:\/\/www.lichen.pl\/wp-content\/uploads\/2025\/04\/Zjazd_szkol_Jana_Pawla_II-19-2048x1365.jpg 2048w, https:\/\/www.lichen.pl\/wp-content\/uploads\/2025\/04\/Zjazd_szkol_Jana_Pawla_II-19-18x12.jpg 18w, https:\/\/www.lichen.pl\/wp-content\/uploads\/2025\/04\/Zjazd_szkol_Jana_Pawla_II-19-800x533.jpg 800w\" sizes=\"(max-width: 300px) 100vw, 300px\" \/><\/a>\n\t\t\t<\/div><\/figure><figure class='gallery-item'>\n\t\t\t<div class='gallery-icon landscape'>\n\t\t\t\t<a data-elementor-open-lightbox=\"yes\" data-elementor-lightbox-slideshow=\"953040d\" data-elementor-lightbox-title=\"Zjazd_szkol_Jana_Pawla_II (16)\" data-e-action-hash=\"#elementor-action%3Aaction%3Dlightbox%26settings%3DeyJpZCI6ODEyOTMsInVybCI6Imh0dHBzOlwvXC93d3cubGljaGVuLnBsXC93cC1jb250ZW50XC91cGxvYWRzXC8yMDI1XC8wNFwvWmphemRfc3prb2xfSmFuYV9QYXdsYV9JSS0xNi5qcGciLCJzbGlkZXNob3ciOiI5NTMwNDBkIn0%3D\" href='https:\/\/www.lichen.pl\/wp-content\/uploads\/2025\/04\/Zjazd_szkol_Jana_Pawla_II-16.jpg'><img loading=\"lazy\" width=\"300\" height=\"200\" src=\"https:\/\/www.lichen.pl\/wp-content\/uploads\/2025\/04\/Zjazd_szkol_Jana_Pawla_II-16-300x200.jpg\" class=\"attachment-medium size-medium\" alt=\"\" decoding=\"async\" srcset=\"https:\/\/www.lichen.pl\/wp-content\/uploads\/2025\/04\/Zjazd_szkol_Jana_Pawla_II-16-300x200.jpg 300w, https:\/\/www.lichen.pl\/wp-content\/uploads\/2025\/04\/Zjazd_szkol_Jana_Pawla_II-16-1024x683.jpg 1024w, https:\/\/www.lichen.pl\/wp-content\/uploads\/2025\/04\/Zjazd_szkol_Jana_Pawla_II-16-768x512.jpg 768w, https:\/\/www.lichen.pl\/wp-content\/uploads\/2025\/04\/Zjazd_szkol_Jana_Pawla_II-16-1536x1024.jpg 1536w, https:\/\/www.lichen.pl\/wp-content\/uploads\/2025\/04\/Zjazd_szkol_Jana_Pawla_II-16-2048x1365.jpg 2048w, https:\/\/www.lichen.pl\/wp-content\/uploads\/2025\/04\/Zjazd_szkol_Jana_Pawla_II-16-18x12.jpg 18w, https:\/\/www.lichen.pl\/wp-content\/uploads\/2025\/04\/Zjazd_szkol_Jana_Pawla_II-16-800x533.jpg 800w\" sizes=\"(max-width: 300px) 100vw, 300px\" \/><\/a>\n\t\t\t<\/div><\/figure><figure class='gallery-item'>\n\t\t\t<div class='gallery-icon landscape'>\n\t\t\t\t<a data-elementor-open-lightbox=\"yes\" data-elementor-lightbox-slideshow=\"953040d\" data-elementor-lightbox-title=\"Zjazd_szkol_Jana_Pawla_II (17)\" data-e-action-hash=\"#elementor-action%3Aaction%3Dlightbox%26settings%3DeyJpZCI6ODEyOTQsInVybCI6Imh0dHBzOlwvXC93d3cubGljaGVuLnBsXC93cC1jb250ZW50XC91cGxvYWRzXC8yMDI1XC8wNFwvWmphemRfc3prb2xfSmFuYV9QYXdsYV9JSS0xNy5qcGciLCJzbGlkZXNob3ciOiI5NTMwNDBkIn0%3D\" href='https:\/\/www.lichen.pl\/wp-content\/uploads\/2025\/04\/Zjazd_szkol_Jana_Pawla_II-17.jpg'><img loading=\"lazy\" width=\"300\" height=\"200\" src=\"https:\/\/www.lichen.pl\/wp-content\/uploads\/2025\/04\/Zjazd_szkol_Jana_Pawla_II-17-300x200.jpg\" class=\"attachment-medium size-medium\" alt=\"\" decoding=\"async\" srcset=\"https:\/\/www.lichen.pl\/wp-content\/uploads\/2025\/04\/Zjazd_szkol_Jana_Pawla_II-17-300x200.jpg 300w, https:\/\/www.lichen.pl\/wp-content\/uploads\/2025\/04\/Zjazd_szkol_Jana_Pawla_II-17-1024x683.jpg 1024w, https:\/\/www.lichen.pl\/wp-content\/uploads\/2025\/04\/Zjazd_szkol_Jana_Pawla_II-17-768x512.jpg 768w, https:\/\/www.lichen.pl\/wp-content\/uploads\/2025\/04\/Zjazd_szkol_Jana_Pawla_II-17-1536x1024.jpg 1536w, https:\/\/www.lichen.pl\/wp-content\/uploads\/2025\/04\/Zjazd_szkol_Jana_Pawla_II-17-2048x1365.jpg 2048w, https:\/\/www.lichen.pl\/wp-content\/uploads\/2025\/04\/Zjazd_szkol_Jana_Pawla_II-17-18x12.jpg 18w, https:\/\/www.lichen.pl\/wp-content\/uploads\/2025\/04\/Zjazd_szkol_Jana_Pawla_II-17-800x533.jpg 800w\" sizes=\"(max-width: 300px) 100vw, 300px\" \/><\/a>\n\t\t\t<\/div><\/figure><figure class='gallery-item'>\n\t\t\t<div class='gallery-icon landscape'>\n\t\t\t\t<a data-elementor-open-lightbox=\"yes\" data-elementor-lightbox-slideshow=\"953040d\" data-elementor-lightbox-title=\"Zjazd_szkol_Jana_Pawla_II (18,5)\" data-e-action-hash=\"#elementor-action%3Aaction%3Dlightbox%26settings%3DeyJpZCI6ODEzMDYsInVybCI6Imh0dHBzOlwvXC93d3cubGljaGVuLnBsXC93cC1jb250ZW50XC91cGxvYWRzXC8yMDI1XC8wNFwvWmphemRfc3prb2xfSmFuYV9QYXdsYV9JSS0xODUuanBnIiwic2xpZGVzaG93IjoiOTUzMDQwZCJ9\" href='https:\/\/www.lichen.pl\/wp-content\/uploads\/2025\/04\/Zjazd_szkol_Jana_Pawla_II-185.jpg'><img loading=\"lazy\" width=\"300\" height=\"200\" src=\"https:\/\/www.lichen.pl\/wp-content\/uploads\/2025\/04\/Zjazd_szkol_Jana_Pawla_II-185-300x200.jpg\" class=\"attachment-medium size-medium\" alt=\"\" decoding=\"async\" srcset=\"https:\/\/www.lichen.pl\/wp-content\/uploads\/2025\/04\/Zjazd_szkol_Jana_Pawla_II-185-300x200.jpg 300w, https:\/\/www.lichen.pl\/wp-content\/uploads\/2025\/04\/Zjazd_szkol_Jana_Pawla_II-185-1024x683.jpg 1024w, https:\/\/www.lichen.pl\/wp-content\/uploads\/2025\/04\/Zjazd_szkol_Jana_Pawla_II-185-768x512.jpg 768w, https:\/\/www.lichen.pl\/wp-content\/uploads\/2025\/04\/Zjazd_szkol_Jana_Pawla_II-185-1536x1024.jpg 1536w, https:\/\/www.lichen.pl\/wp-content\/uploads\/2025\/04\/Zjazd_szkol_Jana_Pawla_II-185-2048x1365.jpg 2048w, https:\/\/www.lichen.pl\/wp-content\/uploads\/2025\/04\/Zjazd_szkol_Jana_Pawla_II-185-18x12.jpg 18w, https:\/\/www.lichen.pl\/wp-content\/uploads\/2025\/04\/Zjazd_szkol_Jana_Pawla_II-185-800x533.jpg 800w, https:\/\/www.lichen.pl\/wp-content\/uploads\/2025\/04\/Zjazd_szkol_Jana_Pawla_II-185.jpg 1920w\" sizes=\"(max-width: 300px) 100vw, 300px\" \/><\/a>\n\t\t\t<\/div><\/figure><figure class='gallery-item'>\n\t\t\t<div class='gallery-icon landscape'>\n\t\t\t\t<a data-elementor-open-lightbox=\"yes\" data-elementor-lightbox-slideshow=\"953040d\" data-elementor-lightbox-title=\"Zjazd_szkol_Jana_Pawla_II (20)\" data-e-action-hash=\"#elementor-action%3Aaction%3Dlightbox%26settings%3DeyJpZCI6ODEyOTYsInVybCI6Imh0dHBzOlwvXC93d3cubGljaGVuLnBsXC93cC1jb250ZW50XC91cGxvYWRzXC8yMDI1XC8wNFwvWmphemRfc3prb2xfSmFuYV9QYXdsYV9JSS0yMC5qcGciLCJzbGlkZXNob3ciOiI5NTMwNDBkIn0%3D\" href='https:\/\/www.lichen.pl\/wp-content\/uploads\/2025\/04\/Zjazd_szkol_Jana_Pawla_II-20.jpg'><img loading=\"lazy\" width=\"300\" height=\"200\" src=\"https:\/\/www.lichen.pl\/wp-content\/uploads\/2025\/04\/Zjazd_szkol_Jana_Pawla_II-20-300x200.jpg\" class=\"attachment-medium size-medium\" alt=\"\" decoding=\"async\" srcset=\"https:\/\/www.lichen.pl\/wp-content\/uploads\/2025\/04\/Zjazd_szkol_Jana_Pawla_II-20-300x200.jpg 300w, https:\/\/www.lichen.pl\/wp-content\/uploads\/2025\/04\/Zjazd_szkol_Jana_Pawla_II-20-1024x683.jpg 1024w, https:\/\/www.lichen.pl\/wp-content\/uploads\/2025\/04\/Zjazd_szkol_Jana_Pawla_II-20-768x512.jpg 768w, https:\/\/www.lichen.pl\/wp-content\/uploads\/2025\/04\/Zjazd_szkol_Jana_Pawla_II-20-1536x1024.jpg 1536w, https:\/\/www.lichen.pl\/wp-content\/uploads\/2025\/04\/Zjazd_szkol_Jana_Pawla_II-20-2048x1365.jpg 2048w, https:\/\/www.lichen.pl\/wp-content\/uploads\/2025\/04\/Zjazd_szkol_Jana_Pawla_II-20-18x12.jpg 18w, https:\/\/www.lichen.pl\/wp-content\/uploads\/2025\/04\/Zjazd_szkol_Jana_Pawla_II-20-800x533.jpg 800w\" sizes=\"(max-width: 300px) 100vw, 300px\" \/><\/a>\n\t\t\t<\/div><\/figure><figure class='gallery-item'>\n\t\t\t<div class='gallery-icon landscape'>\n\t\t\t\t<a data-elementor-open-lightbox=\"yes\" data-elementor-lightbox-slideshow=\"953040d\" data-elementor-lightbox-title=\"Zjazd_szkol_Jana_Pawla_II (21)\" data-e-action-hash=\"#elementor-action%3Aaction%3Dlightbox%26settings%3DeyJpZCI6ODEyOTcsInVybCI6Imh0dHBzOlwvXC93d3cubGljaGVuLnBsXC93cC1jb250ZW50XC91cGxvYWRzXC8yMDI1XC8wNFwvWmphemRfc3prb2xfSmFuYV9QYXdsYV9JSS0yMS5qcGciLCJzbGlkZXNob3ciOiI5NTMwNDBkIn0%3D\" href='https:\/\/www.lichen.pl\/wp-content\/uploads\/2025\/04\/Zjazd_szkol_Jana_Pawla_II-21.jpg'><img loading=\"lazy\" width=\"300\" height=\"200\" src=\"https:\/\/www.lichen.pl\/wp-content\/uploads\/2025\/04\/Zjazd_szkol_Jana_Pawla_II-21-300x200.jpg\" class=\"attachment-medium size-medium\" alt=\"\" decoding=\"async\" srcset=\"https:\/\/www.lichen.pl\/wp-content\/uploads\/2025\/04\/Zjazd_szkol_Jana_Pawla_II-21-300x200.jpg 300w, https:\/\/www.lichen.pl\/wp-content\/uploads\/2025\/04\/Zjazd_szkol_Jana_Pawla_II-21-1024x683.jpg 1024w, https:\/\/www.lichen.pl\/wp-content\/uploads\/2025\/04\/Zjazd_szkol_Jana_Pawla_II-21-768x512.jpg 768w, https:\/\/www.lichen.pl\/wp-content\/uploads\/2025\/04\/Zjazd_szkol_Jana_Pawla_II-21-1536x1024.jpg 1536w, https:\/\/www.lichen.pl\/wp-content\/uploads\/2025\/04\/Zjazd_szkol_Jana_Pawla_II-21-2048x1365.jpg 2048w, https:\/\/www.lichen.pl\/wp-content\/uploads\/2025\/04\/Zjazd_szkol_Jana_Pawla_II-21-18x12.jpg 18w, https:\/\/www.lichen.pl\/wp-content\/uploads\/2025\/04\/Zjazd_szkol_Jana_Pawla_II-21-800x533.jpg 800w\" sizes=\"(max-width: 300px) 100vw, 300px\" \/><\/a>\n\t\t\t<\/div><\/figure><figure class='gallery-item'>\n\t\t\t<div class='gallery-icon landscape'>\n\t\t\t\t<a data-elementor-open-lightbox=\"yes\" data-elementor-lightbox-slideshow=\"953040d\" data-elementor-lightbox-title=\"Zjazd_szkol_Jana_Pawla_II (23)\" data-e-action-hash=\"#elementor-action%3Aaction%3Dlightbox%26settings%3DeyJpZCI6ODEyOTgsInVybCI6Imh0dHBzOlwvXC93d3cubGljaGVuLnBsXC93cC1jb250ZW50XC91cGxvYWRzXC8yMDI1XC8wNFwvWmphemRfc3prb2xfSmFuYV9QYXdsYV9JSS0yMy5qcGciLCJzbGlkZXNob3ciOiI5NTMwNDBkIn0%3D\" href='https:\/\/www.lichen.pl\/wp-content\/uploads\/2025\/04\/Zjazd_szkol_Jana_Pawla_II-23.jpg'><img loading=\"lazy\" width=\"300\" height=\"200\" src=\"https:\/\/www.lichen.pl\/wp-content\/uploads\/2025\/04\/Zjazd_szkol_Jana_Pawla_II-23-300x200.jpg\" class=\"attachment-medium size-medium\" alt=\"\" decoding=\"async\" srcset=\"https:\/\/www.lichen.pl\/wp-content\/uploads\/2025\/04\/Zjazd_szkol_Jana_Pawla_II-23-300x200.jpg 300w, https:\/\/www.lichen.pl\/wp-content\/uploads\/2025\/04\/Zjazd_szkol_Jana_Pawla_II-23-1024x683.jpg 1024w, https:\/\/www.lichen.pl\/wp-content\/uploads\/2025\/04\/Zjazd_szkol_Jana_Pawla_II-23-768x512.jpg 768w, https:\/\/www.lichen.pl\/wp-content\/uploads\/2025\/04\/Zjazd_szkol_Jana_Pawla_II-23-1536x1024.jpg 1536w, https:\/\/www.lichen.pl\/wp-content\/uploads\/2025\/04\/Zjazd_szkol_Jana_Pawla_II-23-2048x1365.jpg 2048w, https:\/\/www.lichen.pl\/wp-content\/uploads\/2025\/04\/Zjazd_szkol_Jana_Pawla_II-23-18x12.jpg 18w, https:\/\/www.lichen.pl\/wp-content\/uploads\/2025\/04\/Zjazd_szkol_Jana_Pawla_II-23-800x533.jpg 800w\" sizes=\"(max-width: 300px) 100vw, 300px\" \/><\/a>\n\t\t\t<\/div><\/figure><figure class='gallery-item'>\n\t\t\t<div class='gallery-icon landscape'>\n\t\t\t\t<a data-elementor-open-lightbox=\"yes\" data-elementor-lightbox-slideshow=\"953040d\" data-elementor-lightbox-title=\"Zjazd_szkol_Jana_Pawla_II (25)\" data-e-action-hash=\"#elementor-action%3Aaction%3Dlightbox%26settings%3DeyJpZCI6ODEyOTksInVybCI6Imh0dHBzOlwvXC93d3cubGljaGVuLnBsXC93cC1jb250ZW50XC91cGxvYWRzXC8yMDI1XC8wNFwvWmphemRfc3prb2xfSmFuYV9QYXdsYV9JSS0yNS5qcGciLCJzbGlkZXNob3ciOiI5NTMwNDBkIn0%3D\" href='https:\/\/www.lichen.pl\/wp-content\/uploads\/2025\/04\/Zjazd_szkol_Jana_Pawla_II-25.jpg'><img loading=\"lazy\" width=\"300\" height=\"200\" src=\"https:\/\/www.lichen.pl\/wp-content\/uploads\/2025\/04\/Zjazd_szkol_Jana_Pawla_II-25-300x200.jpg\" class=\"attachment-medium size-medium\" alt=\"\" decoding=\"async\" srcset=\"https:\/\/www.lichen.pl\/wp-content\/uploads\/2025\/04\/Zjazd_szkol_Jana_Pawla_II-25-300x200.jpg 300w, https:\/\/www.lichen.pl\/wp-content\/uploads\/2025\/04\/Zjazd_szkol_Jana_Pawla_II-25-1024x683.jpg 1024w, https:\/\/www.lichen.pl\/wp-content\/uploads\/2025\/04\/Zjazd_szkol_Jana_Pawla_II-25-768x512.jpg 768w, https:\/\/www.lichen.pl\/wp-content\/uploads\/2025\/04\/Zjazd_szkol_Jana_Pawla_II-25-1536x1024.jpg 1536w, https:\/\/www.lichen.pl\/wp-content\/uploads\/2025\/04\/Zjazd_szkol_Jana_Pawla_II-25-2048x1365.jpg 2048w, https:\/\/www.lichen.pl\/wp-content\/uploads\/2025\/04\/Zjazd_szkol_Jana_Pawla_II-25-18x12.jpg 18w, https:\/\/www.lichen.pl\/wp-content\/uploads\/2025\/04\/Zjazd_szkol_Jana_Pawla_II-25-800x533.jpg 800w\" sizes=\"(max-width: 300px) 100vw, 300px\" \/><\/a>\n\t\t\t<\/div><\/figure><figure class='gallery-item'>\n\t\t\t<div class='gallery-icon landscape'>\n\t\t\t\t<a data-elementor-open-lightbox=\"yes\" data-elementor-lightbox-slideshow=\"953040d\" data-elementor-lightbox-title=\"Zjazd_szkol_Jana_Pawla_II (26)\" data-e-action-hash=\"#elementor-action%3Aaction%3Dlightbox%26settings%3DeyJpZCI6ODEzMDAsInVybCI6Imh0dHBzOlwvXC93d3cubGljaGVuLnBsXC93cC1jb250ZW50XC91cGxvYWRzXC8yMDI1XC8wNFwvWmphemRfc3prb2xfSmFuYV9QYXdsYV9JSS0yNi5qcGciLCJzbGlkZXNob3ciOiI5NTMwNDBkIn0%3D\" href='https:\/\/www.lichen.pl\/wp-content\/uploads\/2025\/04\/Zjazd_szkol_Jana_Pawla_II-26.jpg'><img loading=\"lazy\" width=\"300\" height=\"200\" src=\"https:\/\/www.lichen.pl\/wp-content\/uploads\/2025\/04\/Zjazd_szkol_Jana_Pawla_II-26-300x200.jpg\" class=\"attachment-medium size-medium\" alt=\"\" decoding=\"async\" srcset=\"https:\/\/www.lichen.pl\/wp-content\/uploads\/2025\/04\/Zjazd_szkol_Jana_Pawla_II-26-300x200.jpg 300w, https:\/\/www.lichen.pl\/wp-content\/uploads\/2025\/04\/Zjazd_szkol_Jana_Pawla_II-26-1024x683.jpg 1024w, https:\/\/www.lichen.pl\/wp-content\/uploads\/2025\/04\/Zjazd_szkol_Jana_Pawla_II-26-768x512.jpg 768w, https:\/\/www.lichen.pl\/wp-content\/uploads\/2025\/04\/Zjazd_szkol_Jana_Pawla_II-26-1536x1024.jpg 1536w, https:\/\/www.lichen.pl\/wp-content\/uploads\/2025\/04\/Zjazd_szkol_Jana_Pawla_II-26-2048x1365.jpg 2048w, https:\/\/www.lichen.pl\/wp-content\/uploads\/2025\/04\/Zjazd_szkol_Jana_Pawla_II-26-18x12.jpg 18w, https:\/\/www.lichen.pl\/wp-content\/uploads\/2025\/04\/Zjazd_szkol_Jana_Pawla_II-26-800x533.jpg 800w\" sizes=\"(max-width: 300px) 100vw, 300px\" \/><\/a>\n\t\t\t<\/div><\/figure><figure class='gallery-item'>\n\t\t\t<div class='gallery-icon landscape'>\n\t\t\t\t<a data-elementor-open-lightbox=\"yes\" data-elementor-lightbox-slideshow=\"953040d\" data-elementor-lightbox-title=\"Zjazd_szkol_Jana_Pawla_II (27)\" data-e-action-hash=\"#elementor-action%3Aaction%3Dlightbox%26settings%3DeyJpZCI6ODEzMDEsInVybCI6Imh0dHBzOlwvXC93d3cubGljaGVuLnBsXC93cC1jb250ZW50XC91cGxvYWRzXC8yMDI1XC8wNFwvWmphemRfc3prb2xfSmFuYV9QYXdsYV9JSS0yNy5qcGciLCJzbGlkZXNob3ciOiI5NTMwNDBkIn0%3D\" href='https:\/\/www.lichen.pl\/wp-content\/uploads\/2025\/04\/Zjazd_szkol_Jana_Pawla_II-27.jpg'><img loading=\"lazy\" width=\"300\" height=\"200\" src=\"https:\/\/www.lichen.pl\/wp-content\/uploads\/2025\/04\/Zjazd_szkol_Jana_Pawla_II-27-300x200.jpg\" class=\"attachment-medium size-medium\" alt=\"\" decoding=\"async\" srcset=\"https:\/\/www.lichen.pl\/wp-content\/uploads\/2025\/04\/Zjazd_szkol_Jana_Pawla_II-27-300x200.jpg 300w, https:\/\/www.lichen.pl\/wp-content\/uploads\/2025\/04\/Zjazd_szkol_Jana_Pawla_II-27-1024x683.jpg 1024w, https:\/\/www.lichen.pl\/wp-content\/uploads\/2025\/04\/Zjazd_szkol_Jana_Pawla_II-27-768x512.jpg 768w, https:\/\/www.lichen.pl\/wp-content\/uploads\/2025\/04\/Zjazd_szkol_Jana_Pawla_II-27-1536x1024.jpg 1536w, https:\/\/www.lichen.pl\/wp-content\/uploads\/2025\/04\/Zjazd_szkol_Jana_Pawla_II-27-2048x1365.jpg 2048w, https:\/\/www.lichen.pl\/wp-content\/uploads\/2025\/04\/Zjazd_szkol_Jana_Pawla_II-27-18x12.jpg 18w, https:\/\/www.lichen.pl\/wp-content\/uploads\/2025\/04\/Zjazd_szkol_Jana_Pawla_II-27-800x533.jpg 800w\" sizes=\"(max-width: 300px) 100vw, 300px\" \/><\/a>\n\t\t\t<\/div><\/figure><figure class='gallery-item'>\n\t\t\t<div class='gallery-icon landscape'>\n\t\t\t\t<a data-elementor-open-lightbox=\"yes\" data-elementor-lightbox-slideshow=\"953040d\" data-elementor-lightbox-title=\"Zjazd_szkol_Jana_Pawla_II (28)\" data-e-action-hash=\"#elementor-action%3Aaction%3Dlightbox%26settings%3DeyJpZCI6ODEzMDIsInVybCI6Imh0dHBzOlwvXC93d3cubGljaGVuLnBsXC93cC1jb250ZW50XC91cGxvYWRzXC8yMDI1XC8wNFwvWmphemRfc3prb2xfSmFuYV9QYXdsYV9JSS0yOC5qcGciLCJzbGlkZXNob3ciOiI5NTMwNDBkIn0%3D\" href='https:\/\/www.lichen.pl\/wp-content\/uploads\/2025\/04\/Zjazd_szkol_Jana_Pawla_II-28.jpg'><img loading=\"lazy\" width=\"300\" height=\"200\" src=\"https:\/\/www.lichen.pl\/wp-content\/uploads\/2025\/04\/Zjazd_szkol_Jana_Pawla_II-28-300x200.jpg\" class=\"attachment-medium size-medium\" alt=\"\" decoding=\"async\" srcset=\"https:\/\/www.lichen.pl\/wp-content\/uploads\/2025\/04\/Zjazd_szkol_Jana_Pawla_II-28-300x200.jpg 300w, https:\/\/www.lichen.pl\/wp-content\/uploads\/2025\/04\/Zjazd_szkol_Jana_Pawla_II-28-1024x683.jpg 1024w, https:\/\/www.lichen.pl\/wp-content\/uploads\/2025\/04\/Zjazd_szkol_Jana_Pawla_II-28-768x512.jpg 768w, https:\/\/www.lichen.pl\/wp-content\/uploads\/2025\/04\/Zjazd_szkol_Jana_Pawla_II-28-1536x1024.jpg 1536w, https:\/\/www.lichen.pl\/wp-content\/uploads\/2025\/04\/Zjazd_szkol_Jana_Pawla_II-28-2048x1365.jpg 2048w, https:\/\/www.lichen.pl\/wp-content\/uploads\/2025\/04\/Zjazd_szkol_Jana_Pawla_II-28-18x12.jpg 18w, https:\/\/www.lichen.pl\/wp-content\/uploads\/2025\/04\/Zjazd_szkol_Jana_Pawla_II-28-800x533.jpg 800w\" sizes=\"(max-width: 300px) 100vw, 300px\" \/><\/a>\n\t\t\t<\/div><\/figure><figure class='gallery-item'>\n\t\t\t<div class='gallery-icon landscape'>\n\t\t\t\t<a data-elementor-open-lightbox=\"yes\" data-elementor-lightbox-slideshow=\"953040d\" data-elementor-lightbox-title=\"Zjazd_szkol_Jana_Pawla_II (29)\" data-e-action-hash=\"#elementor-action%3Aaction%3Dlightbox%26settings%3DeyJpZCI6ODEzMDMsInVybCI6Imh0dHBzOlwvXC93d3cubGljaGVuLnBsXC93cC1jb250ZW50XC91cGxvYWRzXC8yMDI1XC8wNFwvWmphemRfc3prb2xfSmFuYV9QYXdsYV9JSS0yOS5qcGciLCJzbGlkZXNob3ciOiI5NTMwNDBkIn0%3D\" href='https:\/\/www.lichen.pl\/wp-content\/uploads\/2025\/04\/Zjazd_szkol_Jana_Pawla_II-29.jpg'><img loading=\"lazy\" width=\"300\" height=\"200\" src=\"https:\/\/www.lichen.pl\/wp-content\/uploads\/2025\/04\/Zjazd_szkol_Jana_Pawla_II-29-300x200.jpg\" class=\"attachment-medium size-medium\" alt=\"\" decoding=\"async\" srcset=\"https:\/\/www.lichen.pl\/wp-content\/uploads\/2025\/04\/Zjazd_szkol_Jana_Pawla_II-29-300x200.jpg 300w, https:\/\/www.lichen.pl\/wp-content\/uploads\/2025\/04\/Zjazd_szkol_Jana_Pawla_II-29-1024x683.jpg 1024w, https:\/\/www.lichen.pl\/wp-content\/uploads\/2025\/04\/Zjazd_szkol_Jana_Pawla_II-29-768x512.jpg 768w, https:\/\/www.lichen.pl\/wp-content\/uploads\/2025\/04\/Zjazd_szkol_Jana_Pawla_II-29-1536x1024.jpg 1536w, https:\/\/www.lichen.pl\/wp-content\/uploads\/2025\/04\/Zjazd_szkol_Jana_Pawla_II-29-2048x1365.jpg 2048w, https:\/\/www.lichen.pl\/wp-content\/uploads\/2025\/04\/Zjazd_szkol_Jana_Pawla_II-29-18x12.jpg 18w, https:\/\/www.lichen.pl\/wp-content\/uploads\/2025\/04\/Zjazd_szkol_Jana_Pawla_II-29-800x533.jpg 800w\" sizes=\"(max-width: 300px) 100vw, 300px\" \/><\/a>\n\t\t\t<\/div><\/figure><figure class='gallery-item'>\n\t\t\t<div class='gallery-icon landscape'>\n\t\t\t\t<a data-elementor-open-lightbox=\"yes\" data-elementor-lightbox-slideshow=\"953040d\" data-elementor-lightbox-title=\"Zjazd_szkol_Jana_Pawla_II (30)\" data-e-action-hash=\"#elementor-action%3Aaction%3Dlightbox%26settings%3DeyJpZCI6ODEzMDQsInVybCI6Imh0dHBzOlwvXC93d3cubGljaGVuLnBsXC93cC1jb250ZW50XC91cGxvYWRzXC8yMDI1XC8wNFwvWmphemRfc3prb2xfSmFuYV9QYXdsYV9JSS0zMC5qcGciLCJzbGlkZXNob3ciOiI5NTMwNDBkIn0%3D\" href='https:\/\/www.lichen.pl\/wp-content\/uploads\/2025\/04\/Zjazd_szkol_Jana_Pawla_II-30.jpg'><img loading=\"lazy\" width=\"300\" height=\"200\" src=\"https:\/\/www.lichen.pl\/wp-content\/uploads\/2025\/04\/Zjazd_szkol_Jana_Pawla_II-30-300x200.jpg\" class=\"attachment-medium size-medium\" alt=\"\" decoding=\"async\" srcset=\"https:\/\/www.lichen.pl\/wp-content\/uploads\/2025\/04\/Zjazd_szkol_Jana_Pawla_II-30-300x200.jpg 300w, https:\/\/www.lichen.pl\/wp-content\/uploads\/2025\/04\/Zjazd_szkol_Jana_Pawla_II-30-1024x683.jpg 1024w, https:\/\/www.lichen.pl\/wp-content\/uploads\/2025\/04\/Zjazd_szkol_Jana_Pawla_II-30-768x512.jpg 768w, https:\/\/www.lichen.pl\/wp-content\/uploads\/2025\/04\/Zjazd_szkol_Jana_Pawla_II-30-1536x1024.jpg 1536w, https:\/\/www.lichen.pl\/wp-content\/uploads\/2025\/04\/Zjazd_szkol_Jana_Pawla_II-30-2048x1365.jpg 2048w, https:\/\/www.lichen.pl\/wp-content\/uploads\/2025\/04\/Zjazd_szkol_Jana_Pawla_II-30-18x12.jpg 18w, https:\/\/www.lichen.pl\/wp-content\/uploads\/2025\/04\/Zjazd_szkol_Jana_Pawla_II-30-800x533.jpg 800w\" sizes=\"(max-width: 300px) 100vw, 300px\" \/><\/a>\n\t\t\t<\/div><\/figure><figure class='gallery-item'>\n\t\t\t<div class='gallery-icon landscape'>\n\t\t\t\t<a data-elementor-open-lightbox=\"yes\" data-elementor-lightbox-slideshow=\"953040d\" data-elementor-lightbox-title=\"Zjazd_szkol_Jana_Pawla_II (31)\" data-e-action-hash=\"#elementor-action%3Aaction%3Dlightbox%26settings%3DeyJpZCI6ODEzMDUsInVybCI6Imh0dHBzOlwvXC93d3cubGljaGVuLnBsXC93cC1jb250ZW50XC91cGxvYWRzXC8yMDI1XC8wNFwvWmphemRfc3prb2xfSmFuYV9QYXdsYV9JSS0zMS5qcGciLCJzbGlkZXNob3ciOiI5NTMwNDBkIn0%3D\" href='https:\/\/www.lichen.pl\/wp-content\/uploads\/2025\/04\/Zjazd_szkol_Jana_Pawla_II-31.jpg'><img loading=\"lazy\" width=\"300\" height=\"200\" src=\"https:\/\/www.lichen.pl\/wp-content\/uploads\/2025\/04\/Zjazd_szkol_Jana_Pawla_II-31-300x200.jpg\" class=\"attachment-medium size-medium\" alt=\"\" decoding=\"async\" srcset=\"https:\/\/www.lichen.pl\/wp-content\/uploads\/2025\/04\/Zjazd_szkol_Jana_Pawla_II-31-300x200.jpg 300w, https:\/\/www.lichen.pl\/wp-content\/uploads\/2025\/04\/Zjazd_szkol_Jana_Pawla_II-31-1024x683.jpg 1024w, https:\/\/www.lichen.pl\/wp-content\/uploads\/2025\/04\/Zjazd_szkol_Jana_Pawla_II-31-768x512.jpg 768w, https:\/\/www.lichen.pl\/wp-content\/uploads\/2025\/04\/Zjazd_szkol_Jana_Pawla_II-31-1536x1024.jpg 1536w, https:\/\/www.lichen.pl\/wp-content\/uploads\/2025\/04\/Zjazd_szkol_Jana_Pawla_II-31-2048x1365.jpg 2048w, https:\/\/www.lichen.pl\/wp-content\/uploads\/2025\/04\/Zjazd_szkol_Jana_Pawla_II-31-18x12.jpg 18w, https:\/\/www.lichen.pl\/wp-content\/uploads\/2025\/04\/Zjazd_szkol_Jana_Pawla_II-31-800x533.jpg 800w, https:\/\/www.lichen.pl\/wp-content\/uploads\/2025\/04\/Zjazd_szkol_Jana_Pawla_II-31.jpg 1920w\" sizes=\"(max-width: 300px) 100vw, 300px\" \/><\/a>\n\t\t\t<\/div><\/figure>\n\t\t<\/div>\n\t\t<\/div>\n\t\t\t\t\t\t<\/div>\n\t\t\t\t<\/div>\n\t\t\t\t\t<\/div>\n\t\t<\/div>\n\t\t\t\t\t<\/div>\n\t\t<\/section>\n\t\t\t\t<\/div>","protected":false},"excerpt":{"rendered":"<p>W 20. rocznic\u0119 \u015bmierci Papie\u017ca Polaka odby\u0142a si\u0119 uroczysta Msza \u015bw. z udzia\u0142em szk\u00f3\u0142 nosz\u0105cych imi\u0119 \u015bw. Jana Paw\u0142a II. Jego obecno\u015b\u0107 w Licheniu do dzisiaj jest szczeg\u00f3lnym znakiem mi\u0142o\u015bci do Ojczyzny. Jan Pawe\u0142 II do Lichenia pielgrzymowa\u0142 w 1999 r. Na spotkanie z nim przyby\u0142o\u00a0w\u00f3wczas oko\u0142o 200\u00a0tys. os\u00f3b. Jak m\u00f3wi\u0142: \u201ePragn\u0105\u0142em zobaczy\u0107 to miejsce, [&hellip;]<\/p>\n","protected":false},"author":8,"featured_media":81283,"comment_status":"closed","ping_status":"closed","sticky":false,"template":"","format":"standard","meta":{"footnotes":""},"categories":[1],"tags":[],"class_list":["post-81281","post","type-post","status-publish","format-standard","has-post-thumbnail","hentry","category-aktualnosci","wpbf-post"],"yoast_head":"<!-- This site is optimized with the Yoast SEO plugin v27.5 - https:\/\/yoast.com\/product\/yoast-seo-wordpress\/ -->\n<title>Liche\u0144 \u2013 zjazd szk\u00f3\u0142 im. Jana Paw\u0142a II w 20. rocznic\u0119 \u015bmierci Papie\u017ca - SANKTUARIUM W LICHENIU<\/title>\n<meta name=\"robots\" content=\"index, follow, max-snippet:-1, max-image-preview:large, max-video-preview:-1\" \/>\n<link rel=\"canonical\" href=\"https:\/\/www.lichen.pl\/it\/lichen-zjazd-szkol-im-jana-pawla-ii-w-20-rocznice-smierci-papieza\/\" \/>\n<meta property=\"og:locale\" content=\"it_IT\" \/>\n<meta property=\"og:type\" content=\"article\" \/>\n<meta property=\"og:title\" content=\"Liche\u0144 \u2013 zjazd szk\u00f3\u0142 im. Jana Paw\u0142a II w 20. rocznic\u0119 \u015bmierci Papie\u017ca - SANKTUARIUM W LICHENIU\" \/>\n<meta property=\"og:description\" content=\"W 20. rocznic\u0119 \u015bmierci Papie\u017ca Polaka odby\u0142a si\u0119 uroczysta Msza \u015bw. z udzia\u0142em szk\u00f3\u0142 nosz\u0105cych imi\u0119 \u015bw. Jana Paw\u0142a II. Jego obecno\u015b\u0107 w Licheniu do dzisiaj jest szczeg\u00f3lnym znakiem mi\u0142o\u015bci do Ojczyzny. Jan Pawe\u0142 II do Lichenia pielgrzymowa\u0142 w 1999 r. Na spotkanie z nim przyby\u0142o\u00a0w\u00f3wczas oko\u0142o 200\u00a0tys. os\u00f3b. Jak m\u00f3wi\u0142: \u201ePragn\u0105\u0142em zobaczy\u0107 to miejsce, [&hellip;]\" \/>\n<meta property=\"og:url\" content=\"https:\/\/www.lichen.pl\/it\/lichen-zjazd-szkol-im-jana-pawla-ii-w-20-rocznice-smierci-papieza\/\" \/>\n<meta property=\"og:site_name\" content=\"SANKTUARIUM W LICHENIU\" \/>\n<meta property=\"article:published_time\" content=\"2025-04-02T18:32:25+00:00\" \/>\n<meta property=\"article:modified_time\" content=\"2025-04-02T18:34:21+00:00\" \/>\n<meta property=\"og:image\" content=\"https:\/\/www.lichen.pl\/wp-content\/uploads\/2025\/04\/Zjazd_szkol_Jana_Pawla_II-2-1024x683.jpg\" \/>\n\t<meta property=\"og:image:width\" content=\"1024\" \/>\n\t<meta property=\"og:image:height\" content=\"683\" \/>\n\t<meta property=\"og:image:type\" content=\"image\/jpeg\" \/>\n<meta name=\"author\" content=\"Biuro Prasowe\" \/>\n<meta name=\"twitter:card\" content=\"summary_large_image\" \/>\n<meta name=\"twitter:label1\" content=\"Scritto da\" \/>\n\t<meta name=\"twitter:data1\" content=\"Biuro Prasowe\" \/>\n\t<meta name=\"twitter:label2\" content=\"Tempo di lettura stimato\" \/>\n\t<meta name=\"twitter:data2\" content=\"7 minuti\" \/>\n<script type=\"application\/ld+json\" class=\"yoast-schema-graph\">{\"@context\":\"https:\\\/\\\/schema.org\",\"@graph\":[{\"@type\":\"Article\",\"@id\":\"https:\\\/\\\/www.lichen.pl\\\/lichen-zjazd-szkol-im-jana-pawla-ii-w-20-rocznice-smierci-papieza\\\/#article\",\"isPartOf\":{\"@id\":\"https:\\\/\\\/www.lichen.pl\\\/lichen-zjazd-szkol-im-jana-pawla-ii-w-20-rocznice-smierci-papieza\\\/\"},\"author\":{\"name\":\"Biuro Prasowe\",\"@id\":\"https:\\\/\\\/www.lichen.pl\\\/fr\\\/#\\\/schema\\\/person\\\/682b5cfa2f8a664a298ed0bc19782a02\"},\"headline\":\"Liche\u0144 \u2013 zjazd szk\u00f3\u0142 im. Jana Paw\u0142a II w 20. rocznic\u0119 \u015bmierci Papie\u017ca\",\"datePublished\":\"2025-04-02T18:32:25+00:00\",\"dateModified\":\"2025-04-02T18:34:21+00:00\",\"mainEntityOfPage\":{\"@id\":\"https:\\\/\\\/www.lichen.pl\\\/lichen-zjazd-szkol-im-jana-pawla-ii-w-20-rocznice-smierci-papieza\\\/\"},\"wordCount\":426,\"image\":{\"@id\":\"https:\\\/\\\/www.lichen.pl\\\/lichen-zjazd-szkol-im-jana-pawla-ii-w-20-rocznice-smierci-papieza\\\/#primaryimage\"},\"thumbnailUrl\":\"https:\\\/\\\/www.lichen.pl\\\/wp-content\\\/uploads\\\/2025\\\/04\\\/Zjazd_szkol_Jana_Pawla_II-2.jpg\",\"articleSection\":[\"Aktualno\u015bci\"],\"inLanguage\":\"it-IT\"},{\"@type\":\"WebPage\",\"@id\":\"https:\\\/\\\/www.lichen.pl\\\/lichen-zjazd-szkol-im-jana-pawla-ii-w-20-rocznice-smierci-papieza\\\/\",\"url\":\"https:\\\/\\\/www.lichen.pl\\\/lichen-zjazd-szkol-im-jana-pawla-ii-w-20-rocznice-smierci-papieza\\\/\",\"name\":\"Liche\u0144 \u2013 zjazd szk\u00f3\u0142 im. Jana Paw\u0142a II w 20. rocznic\u0119 \u015bmierci Papie\u017ca - SANKTUARIUM W LICHENIU\",\"isPartOf\":{\"@id\":\"https:\\\/\\\/www.lichen.pl\\\/fr\\\/#website\"},\"primaryImageOfPage\":{\"@id\":\"https:\\\/\\\/www.lichen.pl\\\/lichen-zjazd-szkol-im-jana-pawla-ii-w-20-rocznice-smierci-papieza\\\/#primaryimage\"},\"image\":{\"@id\":\"https:\\\/\\\/www.lichen.pl\\\/lichen-zjazd-szkol-im-jana-pawla-ii-w-20-rocznice-smierci-papieza\\\/#primaryimage\"},\"thumbnailUrl\":\"https:\\\/\\\/www.lichen.pl\\\/wp-content\\\/uploads\\\/2025\\\/04\\\/Zjazd_szkol_Jana_Pawla_II-2.jpg\",\"datePublished\":\"2025-04-02T18:32:25+00:00\",\"dateModified\":\"2025-04-02T18:34:21+00:00\",\"author\":{\"@id\":\"https:\\\/\\\/www.lichen.pl\\\/fr\\\/#\\\/schema\\\/person\\\/682b5cfa2f8a664a298ed0bc19782a02\"},\"breadcrumb\":{\"@id\":\"https:\\\/\\\/www.lichen.pl\\\/lichen-zjazd-szkol-im-jana-pawla-ii-w-20-rocznice-smierci-papieza\\\/#breadcrumb\"},\"inLanguage\":\"it-IT\",\"potentialAction\":[{\"@type\":\"ReadAction\",\"target\":[\"https:\\\/\\\/www.lichen.pl\\\/lichen-zjazd-szkol-im-jana-pawla-ii-w-20-rocznice-smierci-papieza\\\/\"]}]},{\"@type\":\"ImageObject\",\"inLanguage\":\"it-IT\",\"@id\":\"https:\\\/\\\/www.lichen.pl\\\/lichen-zjazd-szkol-im-jana-pawla-ii-w-20-rocznice-smierci-papieza\\\/#primaryimage\",\"url\":\"https:\\\/\\\/www.lichen.pl\\\/wp-content\\\/uploads\\\/2025\\\/04\\\/Zjazd_szkol_Jana_Pawla_II-2.jpg\",\"contentUrl\":\"https:\\\/\\\/www.lichen.pl\\\/wp-content\\\/uploads\\\/2025\\\/04\\\/Zjazd_szkol_Jana_Pawla_II-2.jpg\",\"width\":1920,\"height\":1280},{\"@type\":\"BreadcrumbList\",\"@id\":\"https:\\\/\\\/www.lichen.pl\\\/lichen-zjazd-szkol-im-jana-pawla-ii-w-20-rocznice-smierci-papieza\\\/#breadcrumb\",\"itemListElement\":[{\"@type\":\"ListItem\",\"position\":1,\"name\":\"Strona g\u0142\u00f3wna\",\"item\":\"https:\\\/\\\/www.lichen.pl\\\/\"},{\"@type\":\"ListItem\",\"position\":2,\"name\":\"Liche\u0144 \u2013 zjazd szk\u00f3\u0142 im. Jana Paw\u0142a II w 20. rocznic\u0119 \u015bmierci Papie\u017ca\"}]},{\"@type\":\"WebSite\",\"@id\":\"https:\\\/\\\/www.lichen.pl\\\/fr\\\/#website\",\"url\":\"https:\\\/\\\/www.lichen.pl\\\/fr\\\/\",\"name\":\"SANKTUARIUM W LICHENIU\",\"description\":\"MATKI BO\u017bEJ LICHE\u0143SKIEJ BOLESNEJ KR\u00d3LOWEJ POLSKI\",\"potentialAction\":[{\"@type\":\"SearchAction\",\"target\":{\"@type\":\"EntryPoint\",\"urlTemplate\":\"https:\\\/\\\/www.lichen.pl\\\/fr\\\/?s={search_term_string}\"},\"query-input\":{\"@type\":\"PropertyValueSpecification\",\"valueRequired\":true,\"valueName\":\"search_term_string\"}}],\"inLanguage\":\"it-IT\"},{\"@type\":\"Person\",\"@id\":\"https:\\\/\\\/www.lichen.pl\\\/fr\\\/#\\\/schema\\\/person\\\/682b5cfa2f8a664a298ed0bc19782a02\",\"name\":\"Biuro Prasowe\",\"image\":{\"@type\":\"ImageObject\",\"inLanguage\":\"it-IT\",\"@id\":\"https:\\\/\\\/secure.gravatar.com\\\/avatar\\\/07fa3449d37670fd38888cb2e3db27aa13df245d811ec65206e44888f202bb53?s=96&d=retro&r=g\",\"url\":\"https:\\\/\\\/secure.gravatar.com\\\/avatar\\\/07fa3449d37670fd38888cb2e3db27aa13df245d811ec65206e44888f202bb53?s=96&d=retro&r=g\",\"contentUrl\":\"https:\\\/\\\/secure.gravatar.com\\\/avatar\\\/07fa3449d37670fd38888cb2e3db27aa13df245d811ec65206e44888f202bb53?s=96&d=retro&r=g\",\"caption\":\"Biuro Prasowe\"},\"sameAs\":[\"http:\\\/\\\/www.lichen.pl\"],\"url\":\"https:\\\/\\\/www.lichen.pl\\\/it\\\/author\\\/biuro-prasowe\\\/\"}]}<\/script>\n<!-- \/ Yoast SEO plugin. -->","yoast_head_json":{"title":"Liche\u0144 \u2013 zjazd szk\u00f3\u0142 im. Jana Paw\u0142a II w 20. rocznic\u0119 \u015bmierci Papie\u017ca - SANKTUARIUM W LICHENIU","robots":{"index":"index","follow":"follow","max-snippet":"max-snippet:-1","max-image-preview":"max-image-preview:large","max-video-preview":"max-video-preview:-1"},"canonical":"https:\/\/www.lichen.pl\/it\/lichen-zjazd-szkol-im-jana-pawla-ii-w-20-rocznice-smierci-papieza\/","og_locale":"it_IT","og_type":"article","og_title":"Liche\u0144 \u2013 zjazd szk\u00f3\u0142 im. Jana Paw\u0142a II w 20. rocznic\u0119 \u015bmierci Papie\u017ca - SANKTUARIUM W LICHENIU","og_description":"W 20. rocznic\u0119 \u015bmierci Papie\u017ca Polaka odby\u0142a si\u0119 uroczysta Msza \u015bw. z udzia\u0142em szk\u00f3\u0142 nosz\u0105cych imi\u0119 \u015bw. Jana Paw\u0142a II. Jego obecno\u015b\u0107 w Licheniu do dzisiaj jest szczeg\u00f3lnym znakiem mi\u0142o\u015bci do Ojczyzny. Jan Pawe\u0142 II do Lichenia pielgrzymowa\u0142 w 1999 r. Na spotkanie z nim przyby\u0142o\u00a0w\u00f3wczas oko\u0142o 200\u00a0tys. os\u00f3b. Jak m\u00f3wi\u0142: \u201ePragn\u0105\u0142em zobaczy\u0107 to miejsce, [&hellip;]","og_url":"https:\/\/www.lichen.pl\/it\/lichen-zjazd-szkol-im-jana-pawla-ii-w-20-rocznice-smierci-papieza\/","og_site_name":"SANKTUARIUM W LICHENIU","article_published_time":"2025-04-02T18:32:25+00:00","article_modified_time":"2025-04-02T18:34:21+00:00","og_image":[{"width":1024,"height":683,"url":"https:\/\/www.lichen.pl\/wp-content\/uploads\/2025\/04\/Zjazd_szkol_Jana_Pawla_II-2-1024x683.jpg","type":"image\/jpeg"}],"author":"Biuro Prasowe","twitter_card":"summary_large_image","twitter_misc":{"Scritto da":"Biuro Prasowe","Tempo di lettura stimato":"7 minuti"},"schema":{"@context":"https:\/\/schema.org","@graph":[{"@type":"Article","@id":"https:\/\/www.lichen.pl\/lichen-zjazd-szkol-im-jana-pawla-ii-w-20-rocznice-smierci-papieza\/#article","isPartOf":{"@id":"https:\/\/www.lichen.pl\/lichen-zjazd-szkol-im-jana-pawla-ii-w-20-rocznice-smierci-papieza\/"},"author":{"name":"Biuro Prasowe","@id":"https:\/\/www.lichen.pl\/fr\/#\/schema\/person\/682b5cfa2f8a664a298ed0bc19782a02"},"headline":"Liche\u0144 \u2013 zjazd szk\u00f3\u0142 im. Jana Paw\u0142a II w 20. rocznic\u0119 \u015bmierci Papie\u017ca","datePublished":"2025-04-02T18:32:25+00:00","dateModified":"2025-04-02T18:34:21+00:00","mainEntityOfPage":{"@id":"https:\/\/www.lichen.pl\/lichen-zjazd-szkol-im-jana-pawla-ii-w-20-rocznice-smierci-papieza\/"},"wordCount":426,"image":{"@id":"https:\/\/www.lichen.pl\/lichen-zjazd-szkol-im-jana-pawla-ii-w-20-rocznice-smierci-papieza\/#primaryimage"},"thumbnailUrl":"https:\/\/www.lichen.pl\/wp-content\/uploads\/2025\/04\/Zjazd_szkol_Jana_Pawla_II-2.jpg","articleSection":["Aktualno\u015bci"],"inLanguage":"it-IT"},{"@type":"WebPage","@id":"https:\/\/www.lichen.pl\/lichen-zjazd-szkol-im-jana-pawla-ii-w-20-rocznice-smierci-papieza\/","url":"https:\/\/www.lichen.pl\/lichen-zjazd-szkol-im-jana-pawla-ii-w-20-rocznice-smierci-papieza\/","name":"Liche\u0144 \u2013 zjazd szk\u00f3\u0142 im. Jana Paw\u0142a II w 20. rocznic\u0119 \u015bmierci Papie\u017ca - SANKTUARIUM W LICHENIU","isPartOf":{"@id":"https:\/\/www.lichen.pl\/fr\/#website"},"primaryImageOfPage":{"@id":"https:\/\/www.lichen.pl\/lichen-zjazd-szkol-im-jana-pawla-ii-w-20-rocznice-smierci-papieza\/#primaryimage"},"image":{"@id":"https:\/\/www.lichen.pl\/lichen-zjazd-szkol-im-jana-pawla-ii-w-20-rocznice-smierci-papieza\/#primaryimage"},"thumbnailUrl":"https:\/\/www.lichen.pl\/wp-content\/uploads\/2025\/04\/Zjazd_szkol_Jana_Pawla_II-2.jpg","datePublished":"2025-04-02T18:32:25+00:00","dateModified":"2025-04-02T18:34:21+00:00","author":{"@id":"https:\/\/www.lichen.pl\/fr\/#\/schema\/person\/682b5cfa2f8a664a298ed0bc19782a02"},"breadcrumb":{"@id":"https:\/\/www.lichen.pl\/lichen-zjazd-szkol-im-jana-pawla-ii-w-20-rocznice-smierci-papieza\/#breadcrumb"},"inLanguage":"it-IT","potentialAction":[{"@type":"ReadAction","target":["https:\/\/www.lichen.pl\/lichen-zjazd-szkol-im-jana-pawla-ii-w-20-rocznice-smierci-papieza\/"]}]},{"@type":"ImageObject","inLanguage":"it-IT","@id":"https:\/\/www.lichen.pl\/lichen-zjazd-szkol-im-jana-pawla-ii-w-20-rocznice-smierci-papieza\/#primaryimage","url":"https:\/\/www.lichen.pl\/wp-content\/uploads\/2025\/04\/Zjazd_szkol_Jana_Pawla_II-2.jpg","contentUrl":"https:\/\/www.lichen.pl\/wp-content\/uploads\/2025\/04\/Zjazd_szkol_Jana_Pawla_II-2.jpg","width":1920,"height":1280},{"@type":"BreadcrumbList","@id":"https:\/\/www.lichen.pl\/lichen-zjazd-szkol-im-jana-pawla-ii-w-20-rocznice-smierci-papieza\/#breadcrumb","itemListElement":[{"@type":"ListItem","position":1,"name":"Strona g\u0142\u00f3wna","item":"https:\/\/www.lichen.pl\/"},{"@type":"ListItem","position":2,"name":"Liche\u0144 \u2013 zjazd szk\u00f3\u0142 im. Jana Paw\u0142a II w 20. rocznic\u0119 \u015bmierci Papie\u017ca"}]},{"@type":"WebSite","@id":"https:\/\/www.lichen.pl\/fr\/#website","url":"https:\/\/www.lichen.pl\/fr\/","name":"SANTUARIO IN LICHENIA","description":"LA REGINA ADOLORATA DEL NOSTRO LICHENE DI POLONIA","potentialAction":[{"@type":"SearchAction","target":{"@type":"EntryPoint","urlTemplate":"https:\/\/www.lichen.pl\/fr\/?s={search_term_string}"},"query-input":{"@type":"PropertyValueSpecification","valueRequired":true,"valueName":"search_term_string"}}],"inLanguage":"it-IT"},{"@type":"Person","@id":"https:\/\/www.lichen.pl\/fr\/#\/schema\/person\/682b5cfa2f8a664a298ed0bc19782a02","name":"Biuro Prasowe","image":{"@type":"ImageObject","inLanguage":"it-IT","@id":"https:\/\/secure.gravatar.com\/avatar\/07fa3449d37670fd38888cb2e3db27aa13df245d811ec65206e44888f202bb53?s=96&d=retro&r=g","url":"https:\/\/secure.gravatar.com\/avatar\/07fa3449d37670fd38888cb2e3db27aa13df245d811ec65206e44888f202bb53?s=96&d=retro&r=g","contentUrl":"https:\/\/secure.gravatar.com\/avatar\/07fa3449d37670fd38888cb2e3db27aa13df245d811ec65206e44888f202bb53?s=96&d=retro&r=g","caption":"Biuro Prasowe"},"sameAs":["http:\/\/www.lichen.pl"],"url":"https:\/\/www.lichen.pl\/it\/author\/biuro-prasowe\/"}]}},"_links":{"self":[{"href":"https:\/\/www.lichen.pl\/it\/wp-json\/wp\/v2\/posts\/81281","targetHints":{"allow":["GET"]}}],"collection":[{"href":"https:\/\/www.lichen.pl\/it\/wp-json\/wp\/v2\/posts"}],"about":[{"href":"https:\/\/www.lichen.pl\/it\/wp-json\/wp\/v2\/types\/post"}],"author":[{"embeddable":true,"href":"https:\/\/www.lichen.pl\/it\/wp-json\/wp\/v2\/users\/8"}],"replies":[{"embeddable":true,"href":"https:\/\/www.lichen.pl\/it\/wp-json\/wp\/v2\/comments?post=81281"}],"version-history":[{"count":4,"href":"https:\/\/www.lichen.pl\/it\/wp-json\/wp\/v2\/posts\/81281\/revisions"}],"predecessor-version":[{"id":81310,"href":"https:\/\/www.lichen.pl\/it\/wp-json\/wp\/v2\/posts\/81281\/revisions\/81310"}],"wp:featuredmedia":[{"embeddable":true,"href":"https:\/\/www.lichen.pl\/it\/wp-json\/wp\/v2\/media\/81283"}],"wp:attachment":[{"href":"https:\/\/www.lichen.pl\/it\/wp-json\/wp\/v2\/media?parent=81281"}],"wp:term":[{"taxonomy":"category","embeddable":true,"href":"https:\/\/www.lichen.pl\/it\/wp-json\/wp\/v2\/categories?post=81281"},{"taxonomy":"post_tag","embeddable":true,"href":"https:\/\/www.lichen.pl\/it\/wp-json\/wp\/v2\/tags?post=81281"}],"curies":[{"name":"wp","href":"https:\/\/api.w.org\/{rel}","templated":true}]}}