{"id":90479,"date":"2025-10-13T08:54:49","date_gmt":"2025-10-13T06:54:49","guid":{"rendered":"https:\/\/www.lichen.pl\/?p=90479"},"modified":"2025-10-13T09:02:01","modified_gmt":"2025-10-13T07:02:01","slug":"z-malych-ziaren-wzrasta-wielkie-dobro-jubileuszowy-sanktuaryjny-dzien-nauczyciela","status":"publish","type":"post","link":"https:\/\/www.lichen.pl\/it\/z-malych-ziaren-wzrasta-wielkie-dobro-jubileuszowy-sanktuaryjny-dzien-nauczyciela\/","title":{"rendered":"Z ma\u0142ych ziaren wzrasta wielkie dobro \u2013 Jubileuszowy Sanktuaryjny Dzie\u0144 Nauczyciela"},"content":{"rendered":"<div data-elementor-type=\"wp-post\" data-elementor-id=\"90479\" class=\"elementor elementor-90479\" data-elementor-post-type=\"post\">\n\t\t\t\t\t\t<section class=\"elementor-section elementor-top-section elementor-element elementor-element-b27a6d5 elementor-section-boxed elementor-section-height-default elementor-section-height-default\" data-id=\"b27a6d5\" data-element_type=\"section\" data-e-type=\"section\">\n\t\t\t\t\t\t<div class=\"elementor-container elementor-column-gap-default\">\n\t\t\t\t\t<div class=\"elementor-column elementor-col-100 elementor-top-column elementor-element elementor-element-6ba6ec8\" data-id=\"6ba6ec8\" data-element_type=\"column\" data-e-type=\"column\">\n\t\t\t<div class=\"elementor-widget-wrap elementor-element-populated\">\n\t\t\t\t\t\t<div class=\"elementor-element elementor-element-4db24ca elementor-widget elementor-widget-text-editor\" data-id=\"4db24ca\" data-element_type=\"widget\" data-e-type=\"widget\" data-widget_type=\"text-editor.default\">\n\t\t\t\t<div class=\"elementor-widget-container\">\n\t\t\t\t\t\t\t\t\t<p style=\"padding-left: 40px;\"><em><strong><span style=\"color: #000000;\">\u201eDzisiaj s\u0105 tutaj po\u015br\u00f3d nas nauczyciele. My\u015bl\u0119, \u017ce nauczyciele mog\u0105 do\u015bwiadczy\u0107 czego\u015b niezwyk\u0142ego \u2013 w\u0142a\u015bnie takiego wzrostu, bo macie do czynienia, drodzy pedagodzy, wychowawcy i dyrektorzy szk\u00f3\u0142, z ziarnem w postaci dzieci. Ma\u0142ych dzieci, z kt\u00f3rych z czasem zaczyna wyrasta\u0107 co\u015b wielkiego. Co\u015b, co mo\u017ce si\u0119 rozwija\u0107. I to dzi\u0119ki wam\u201d.<\/span><\/strong><\/em><\/p>\t\t\t\t\t\t\t\t<\/div>\n\t\t\t\t<\/div>\n\t\t\t\t\t<\/div>\n\t\t<\/div>\n\t\t\t\t\t<\/div>\n\t\t<\/section>\n\t\t\t\t<section class=\"elementor-section elementor-top-section elementor-element elementor-element-f7cdb6d elementor-section-boxed elementor-section-height-default elementor-section-height-default\" data-id=\"f7cdb6d\" data-element_type=\"section\" data-e-type=\"section\">\n\t\t\t\t\t\t<div class=\"elementor-container elementor-column-gap-default\">\n\t\t\t\t\t<div class=\"elementor-column elementor-col-100 elementor-top-column elementor-element elementor-element-1601e8e\" data-id=\"1601e8e\" data-element_type=\"column\" data-e-type=\"column\">\n\t\t\t<div class=\"elementor-widget-wrap elementor-element-populated\">\n\t\t\t\t\t\t<div class=\"elementor-element elementor-element-6473ecb elementor-widget elementor-widget-text-editor\" data-id=\"6473ecb\" data-element_type=\"widget\" data-e-type=\"widget\" data-widget_type=\"text-editor.default\">\n\t\t\t\t<div class=\"elementor-widget-container\">\n\t\t\t\t\t\t\t\t\t<p><span style=\"color: #000000;\">Tymi s\u0142owami kustosz sanktuarium, ks. S\u0142awomir Homoncik MIC, zwr\u00f3ci\u0142 si\u0119 do zebranych podczas Mszy \u015bw. sprawowanej z okazji Dnia Edukacji Narodowej w bazylice liche\u0144skiej. W ten szczeg\u00f3lny dzie\u0144 \u2013 \u015bwi\u0119to wszystkich pedagog\u00f3w, wychowawc\u00f3w i pracownik\u00f3w o\u015bwiaty \u2013 do sanktuarium Matki Bo\u017cej Liche\u0144skiej przybyli wierni, w tym liczne grono nauczycieli, by wsp\u00f3lnie dzi\u0119kowa\u0107 za dar edukacji i codzienn\u0105 s\u0142u\u017cb\u0119 drugiemu cz\u0142owiekowi.<\/span><\/p>\t\t\t\t\t\t\t\t<\/div>\n\t\t\t\t<\/div>\n\t\t\t\t\t<\/div>\n\t\t<\/div>\n\t\t\t\t\t<\/div>\n\t\t<\/section>\n\t\t\t\t<section class=\"elementor-section elementor-top-section elementor-element elementor-element-04699d1 elementor-section-boxed elementor-section-height-default elementor-section-height-default\" data-id=\"04699d1\" data-element_type=\"section\" data-e-type=\"section\">\n\t\t\t\t\t\t<div class=\"elementor-container elementor-column-gap-default\">\n\t\t\t\t\t<div class=\"elementor-column elementor-col-100 elementor-top-column elementor-element elementor-element-42da758\" data-id=\"42da758\" data-element_type=\"column\" data-e-type=\"column\">\n\t\t\t<div class=\"elementor-widget-wrap elementor-element-populated\">\n\t\t\t\t\t\t<div class=\"elementor-element elementor-element-7afa49b elementor-widget elementor-widget-text-editor\" data-id=\"7afa49b\" data-element_type=\"widget\" data-e-type=\"widget\" data-widget_type=\"text-editor.default\">\n\t\t\t\t<div class=\"elementor-widget-container\">\n\t\t\t\t\t\t\t\t\t<p><span style=\"color: #000000;\">W homilii ks. Homoncik podkre\u015bli\u0142, \u017ce praca nauczyciela jest procesem wymagaj\u0105cym cierpliwo\u015bci i zaufania, podobnie jak troska o wzrost ma\u0142ego ziarna, kt\u00f3re dopiero z czasem wydaje plon. <strong>\u201eZ ma\u0142ych ziarenek, z drobnych ofiar ludzi, kt\u00f3rzy wrzucili do skarbonki co\u015b niewielkiego, dodaj\u0105c do tego sw\u00f3j wysi\u0142ek i codzienn\u0105 prac\u0119, zaczyna si\u0119 rozrasta\u0107 co\u015b wielkiego\u201d<\/strong> \u2013 m\u00f3wi\u0142, wskazuj\u0105c, \u017ce r\u00f3wnie\u017c w \u015bwiecie edukacji owoce pojawiaj\u0105 si\u0119 dzi\u0119ki wytrwa\u0142o\u015bci i mi\u0142o\u015bci.<\/span><\/p>\t\t\t\t\t\t\t\t<\/div>\n\t\t\t\t<\/div>\n\t\t\t\t\t<\/div>\n\t\t<\/div>\n\t\t\t\t\t<\/div>\n\t\t<\/section>\n\t\t\t\t<section class=\"elementor-section elementor-top-section elementor-element elementor-element-7b498a5 elementor-section-boxed elementor-section-height-default elementor-section-height-default\" data-id=\"7b498a5\" data-element_type=\"section\" data-e-type=\"section\">\n\t\t\t\t\t\t<div class=\"elementor-container elementor-column-gap-default\">\n\t\t\t\t\t<div class=\"elementor-column elementor-col-100 elementor-top-column elementor-element elementor-element-5875c0d\" data-id=\"5875c0d\" data-element_type=\"column\" data-e-type=\"column\">\n\t\t\t<div class=\"elementor-widget-wrap elementor-element-populated\">\n\t\t\t\t\t\t<div class=\"elementor-element elementor-element-0b83e77 elementor-widget elementor-widget-image\" data-id=\"0b83e77\" data-element_type=\"widget\" data-e-type=\"widget\" data-widget_type=\"image.default\">\n\t\t\t\t<div class=\"elementor-widget-container\">\n\t\t\t\t\t\t\t\t\t\t\t\t\t\t\t<img fetchpriority=\"high\" decoding=\"async\" width=\"1024\" height=\"683\" src=\"https:\/\/www.lichen.pl\/wp-content\/uploads\/2025\/10\/Dzien_edukacji_narodowej-19-1024x683.jpg\" class=\"attachment-large size-large wp-image-90481\" alt=\"\" srcset=\"https:\/\/www.lichen.pl\/wp-content\/uploads\/2025\/10\/Dzien_edukacji_narodowej-19-1024x683.jpg 1024w, https:\/\/www.lichen.pl\/wp-content\/uploads\/2025\/10\/Dzien_edukacji_narodowej-19-300x200.jpg 300w, https:\/\/www.lichen.pl\/wp-content\/uploads\/2025\/10\/Dzien_edukacji_narodowej-19-768x512.jpg 768w, https:\/\/www.lichen.pl\/wp-content\/uploads\/2025\/10\/Dzien_edukacji_narodowej-19-1536x1024.jpg 1536w, https:\/\/www.lichen.pl\/wp-content\/uploads\/2025\/10\/Dzien_edukacji_narodowej-19-2048x1365.jpg 2048w, https:\/\/www.lichen.pl\/wp-content\/uploads\/2025\/10\/Dzien_edukacji_narodowej-19-18x12.jpg 18w, https:\/\/www.lichen.pl\/wp-content\/uploads\/2025\/10\/Dzien_edukacji_narodowej-19-800x533.jpg 800w, https:\/\/www.lichen.pl\/wp-content\/uploads\/2025\/10\/Dzien_edukacji_narodowej-19.jpg 1920w\" sizes=\"(max-width: 1024px) 100vw, 1024px\" \/>\t\t\t\t\t\t\t\t\t\t\t\t\t\t\t<\/div>\n\t\t\t\t<\/div>\n\t\t\t\t\t<\/div>\n\t\t<\/div>\n\t\t\t\t\t<\/div>\n\t\t<\/section>\n\t\t\t\t<section class=\"elementor-section elementor-top-section elementor-element elementor-element-8434d83 elementor-section-boxed elementor-section-height-default elementor-section-height-default\" data-id=\"8434d83\" data-element_type=\"section\" data-e-type=\"section\">\n\t\t\t\t\t\t<div class=\"elementor-container elementor-column-gap-default\">\n\t\t\t\t\t<div class=\"elementor-column elementor-col-100 elementor-top-column elementor-element elementor-element-a18cac1\" data-id=\"a18cac1\" data-element_type=\"column\" data-e-type=\"column\">\n\t\t\t<div class=\"elementor-widget-wrap elementor-element-populated\">\n\t\t\t\t\t\t<div class=\"elementor-element elementor-element-38c3db4 elementor-widget elementor-widget-text-editor\" data-id=\"38c3db4\" data-element_type=\"widget\" data-e-type=\"widget\" data-widget_type=\"text-editor.default\">\n\t\t\t\t<div class=\"elementor-widget-container\">\n\t\t\t\t\t\t\t\t\t<p><span style=\"color: #000000;\">W liturgii uczestniczyli nauczyciele ze szk\u00f3\u0142 w Zakrzewku, Licheniu, , Sompolnie, \u017bychlinie, Anielewie,\u00a0<\/span><span style=\"color: #000000;\">Boguszycach, Sadlnie oraz szko\u0142y wokalnej Fama w Koninie. Pedagodzy zaanga\u017cowali si\u0119 w\u00a0<\/span><span style=\"color: #000000;\">przygotowanie liturgii Mszy \u015bw., a tak\u017ce przynie\u015bli dary o\u0142tarza: kwiaty \u2013 symbol ka\u017cdego cz\u0142owieka,\u00a0<\/span><span style=\"color: #000000;\">jubileuszowe \u015bwiece \u2013 znak rozpalonych serc, chleb, wino, winogrona i paten\u0119 z chlebem \u2013 symbole\u00a0<\/span><span style=\"color: #000000;\">codziennego trudu i ludzkiej pracy. Nauczyciele szko\u0142y w \u017bychlinie w procesji ponie\u015bli tekst hymnu\u00a0<\/span><span style=\"color: #000000;\">swojej szko\u0142y oraz statuetk\u0119 \u201eLolka\u201d przyznawan\u0105 za pracowito\u015b\u0107, dobro i umiej\u0119tno\u015b\u0107 wsp\u00f3\u0142pracy.\u00a0<\/span><span style=\"color: #000000;\">W\u015br\u00f3d dar\u00f3w znalaz\u0142 si\u0119 r\u00f3wnie\u017c akt zawierzenia Matce Bo\u017cej Liche\u0144skiej, odczytany nast\u0119pnie przez\u00a0<\/span><span style=\"color: #000000;\">przedstawicielk\u0119 nauczycieli:<\/span><\/p>\t\t\t\t\t\t\t\t<\/div>\n\t\t\t\t<\/div>\n\t\t\t\t\t<\/div>\n\t\t<\/div>\n\t\t\t\t\t<\/div>\n\t\t<\/section>\n\t\t\t\t<section class=\"elementor-section elementor-top-section elementor-element elementor-element-31a8625 elementor-section-boxed elementor-section-height-default elementor-section-height-default\" data-id=\"31a8625\" data-element_type=\"section\" data-e-type=\"section\">\n\t\t\t\t\t\t<div class=\"elementor-container elementor-column-gap-default\">\n\t\t\t\t\t<div class=\"elementor-column elementor-col-100 elementor-top-column elementor-element elementor-element-f7281c4\" data-id=\"f7281c4\" data-element_type=\"column\" data-e-type=\"column\">\n\t\t\t<div class=\"elementor-widget-wrap elementor-element-populated\">\n\t\t\t\t\t\t<div class=\"elementor-element elementor-element-e8c484e elementor-widget elementor-widget-text-editor\" data-id=\"e8c484e\" data-element_type=\"widget\" data-e-type=\"widget\" data-widget_type=\"text-editor.default\">\n\t\t\t\t<div class=\"elementor-widget-container\">\n\t\t\t\t\t\t\t\t\t<p style=\"text-align: center;\"><span style=\"color: #800000;\">Matko Bo\u017ca Liche\u0144ska, z pokor\u0105 i wiar\u0105 stajemy dzisiaj przed Tob\u0105, my \u2013 nauczyciele,<\/span><br \/><span style=\"color: #800000;\">wychowawcy, pracownicy o\u015bwiaty. Z sercami pe\u0142nymi oddania i mi\u0142o\u015bci pragniemy z\u0142o\u017cy\u0107<\/span><br \/><span style=\"color: #800000;\">w Twoje r\u0119ce nasze \u017cycie, nasz\u0105 prac\u0119 i misj\u0119, jak\u0105 pe\u0142nimy w s\u0142u\u017cbie kszta\u0142cenia i\u00a0<\/span><span style=\"color: #800000;\">wychowania dzieci i m\u0142odzie\u017cy.<\/span><\/p><p style=\"text-align: center;\"><span style=\"color: #800000;\">Tobie zawierzamy nasze zmagania i rado\u015bci, kt\u00f3re towarzysz\u0105 nam w codziennej pracy.<\/span><br \/><span style=\"color: #800000;\">Prosimy, prowad\u017a nas drogami Bo\u017cej m\u0105dro\u015bci, aby\u015bmy mogli skutecznie kszta\u0142towa\u0107<\/span><br \/><span style=\"color: #800000;\">umys\u0142y i serca naszych uczni\u00f3w. Upro\u015b nam si\u0142\u0119 do pokonywania trudno\u015bci oraz<\/span><br \/><span style=\"color: #800000;\">cierpliwo\u015b\u0107 w obliczu wyzwa\u0144, kt\u00f3re staj\u0105 na naszej drodze.<\/span><\/p><p style=\"text-align: center;\"><span style=\"color: #800000;\">Bolesna Kr\u00f3lowo Polski, Tobie powierzamy naszych uczni\u00f3w, kt\u00f3rych rodzice z zaufaniem<\/span><br \/><span style=\"color: #800000;\">oddali pod nasz\u0105 piecz\u0119. Na ka\u017cdym kroku otaczaj ich opiek\u0105, niech czuj\u0105 Twoj\u0105<\/span><br \/><span style=\"color: #800000;\">matczyn\u0105 obecno\u015b\u0107 w chwilach rado\u015bci i smutku. Prosimy, aby\u015b by\u0142a dla nich<\/span><br \/><span style=\"color: #800000;\">Przewodniczk\u0105 i pomaga\u0142a im odkrywa\u0107 talenty, rozwija\u0107 pasje oraz d\u0105\u017cy\u0107 do realizacji\u00a0<\/span><span style=\"color: #800000;\">marze\u0144.<\/span><\/p><p style=\"text-align: center;\"><span style=\"color: #800000;\">W \u0142\u0105czno\u015bci z naszymi kolegami i kole\u017cankami, modlimy si\u0119 o jedno\u015b\u0107\u00a0<\/span><span style=\"color: #800000;\">i wsp\u00f3\u0142prac\u0119 w naszej wsp\u00f3lnocie pracownik\u00f3w o\u015bwiaty. Niech nasze relacje b\u0119d\u0105 pe\u0142ne\u00a0<\/span><span style=\"color: #800000;\">zrozumienia, wzajemnego wsparcia i szacunku. Daj nam serca otwarte na potrzeby\u00a0<\/span><span style=\"color: #800000;\">innych, aby\u015bmy mogli wsp\u00f3lnie d\u0105\u017cy\u0107 do dobra naszych uczni\u00f3w, kt\u00f3rzy s\u0105 przysz\u0142o\u015bci\u0105\u00a0<\/span><span style=\"color: #800000;\">polskiego Narodu.<\/span><\/p><p style=\"text-align: center;\"><span style=\"color: #800000;\">Matko Bo\u017ca Liche\u0144ska, Tobie zawierzamy nasze marzenia o lepszej przysz\u0142o\u015bci, nie tylko<\/span><br \/><span style=\"color: #800000;\">dla nas, lecz tak\u017ce dla naszych rodzin i rodzin naszych uczni\u00f3w. Niech Twoja obecno\u015b\u0107 w<\/span><br \/><span style=\"color: #800000;\">naszych sercach nape\u0142nia nas pokojem, rado\u015bci\u0105 i nadziej\u0105. B\u0105d\u017a naszym wsparciem w<\/span><br \/><span style=\"color: #800000;\">ka\u017cdej chwili, aby\u015bmy mogli by\u0107 \u015bwiat\u0142em dla tych, do kt\u00f3rych zostali\u015bmy pos\u0142ani.<\/span><br \/><span style=\"color: #800000;\">Ufni w Twoj\u0105 opiek\u0119, sk\u0142adamy nasze plany i dzia\u0142ania w Twoje r\u0119ce, wierz\u0105c, \u017ce Ty<\/span><br \/><span style=\"color: #800000;\">zawsze b\u0119dziesz nas prowadzi\u0107 do Jezusa, \u017ar\u00f3d\u0142a wszelkiej m\u0105dro\u015bci\u00a0<\/span><span style=\"color: #800000;\">i mi\u0142o\u015bci. Amen.<\/span><\/p>\t\t\t\t\t\t\t\t<\/div>\n\t\t\t\t<\/div>\n\t\t\t\t\t<\/div>\n\t\t<\/div>\n\t\t\t\t\t<\/div>\n\t\t<\/section>\n\t\t\t\t<section class=\"elementor-section elementor-top-section elementor-element elementor-element-2d0a030 elementor-section-boxed elementor-section-height-default elementor-section-height-default\" data-id=\"2d0a030\" data-element_type=\"section\" data-e-type=\"section\">\n\t\t\t\t\t\t<div class=\"elementor-container elementor-column-gap-default\">\n\t\t\t\t\t<div class=\"elementor-column elementor-col-100 elementor-top-column elementor-element elementor-element-3613790\" data-id=\"3613790\" data-element_type=\"column\" data-e-type=\"column\">\n\t\t\t<div class=\"elementor-widget-wrap elementor-element-populated\">\n\t\t\t\t\t\t<div class=\"elementor-element elementor-element-65219bb elementor-widget elementor-widget-image\" data-id=\"65219bb\" data-element_type=\"widget\" data-e-type=\"widget\" data-widget_type=\"image.default\">\n\t\t\t\t<div class=\"elementor-widget-container\">\n\t\t\t\t\t\t\t\t\t\t\t\t\t\t\t<img decoding=\"async\" width=\"1024\" height=\"683\" src=\"https:\/\/www.lichen.pl\/wp-content\/uploads\/2025\/10\/Dzien_edukacji_narodowej-17-1024x683.jpg\" class=\"attachment-large size-large wp-image-90482\" alt=\"\" srcset=\"https:\/\/www.lichen.pl\/wp-content\/uploads\/2025\/10\/Dzien_edukacji_narodowej-17-1024x683.jpg 1024w, https:\/\/www.lichen.pl\/wp-content\/uploads\/2025\/10\/Dzien_edukacji_narodowej-17-300x200.jpg 300w, https:\/\/www.lichen.pl\/wp-content\/uploads\/2025\/10\/Dzien_edukacji_narodowej-17-768x512.jpg 768w, https:\/\/www.lichen.pl\/wp-content\/uploads\/2025\/10\/Dzien_edukacji_narodowej-17-1536x1024.jpg 1536w, https:\/\/www.lichen.pl\/wp-content\/uploads\/2025\/10\/Dzien_edukacji_narodowej-17-2048x1365.jpg 2048w, https:\/\/www.lichen.pl\/wp-content\/uploads\/2025\/10\/Dzien_edukacji_narodowej-17-18x12.jpg 18w, https:\/\/www.lichen.pl\/wp-content\/uploads\/2025\/10\/Dzien_edukacji_narodowej-17-800x533.jpg 800w, https:\/\/www.lichen.pl\/wp-content\/uploads\/2025\/10\/Dzien_edukacji_narodowej-17.jpg 1920w\" sizes=\"(max-width: 1024px) 100vw, 1024px\" \/>\t\t\t\t\t\t\t\t\t\t\t\t\t\t\t<\/div>\n\t\t\t\t<\/div>\n\t\t\t\t\t<\/div>\n\t\t<\/div>\n\t\t\t\t\t<\/div>\n\t\t<\/section>\n\t\t\t\t<section class=\"elementor-section elementor-top-section elementor-element elementor-element-95bab6c elementor-section-boxed elementor-section-height-default elementor-section-height-default\" data-id=\"95bab6c\" data-element_type=\"section\" data-e-type=\"section\">\n\t\t\t\t\t\t<div class=\"elementor-container elementor-column-gap-default\">\n\t\t\t\t\t<div class=\"elementor-column elementor-col-100 elementor-top-column elementor-element elementor-element-be02cce\" data-id=\"be02cce\" data-element_type=\"column\" data-e-type=\"column\">\n\t\t\t<div class=\"elementor-widget-wrap elementor-element-populated\">\n\t\t\t\t\t\t<div class=\"elementor-element elementor-element-f830348 elementor-widget elementor-widget-text-editor\" data-id=\"f830348\" data-element_type=\"widget\" data-e-type=\"widget\" data-widget_type=\"text-editor.default\">\n\t\t\t\t<div class=\"elementor-widget-container\">\n\t\t\t\t\t\t\t\t\t<p><span style=\"color: #000000;\">Po Eucharystii go\u015bcie zostali zaproszeni na wsp\u00f3lny obiad, kt\u00f3ry sta\u0142 si\u0119 okazj\u0105 do rozm\u00f3w i\u00a0<\/span><span style=\"color: #000000;\">\u015bwi\u0119towania. Kustosz podzi\u0119kowa\u0142 wszystkim przyby\u0142ym pracownikom o\u015bwiaty za obecno\u015b\u0107 i\u00a0<\/span><span style=\"color: #000000;\">codzienny trud: <em><strong>\u201eJeszcze raz chc\u0119 Wam podzi\u0119kowa\u0107. Wasza obecno\u015b\u0107 jest bardzo wa\u017cna\u201d.<\/strong><\/em><\/span><\/p>\t\t\t\t\t\t\t\t<\/div>\n\t\t\t\t<\/div>\n\t\t\t\t\t<\/div>\n\t\t<\/div>\n\t\t\t\t\t<\/div>\n\t\t<\/section>\n\t\t\t\t<section class=\"elementor-section elementor-top-section elementor-element elementor-element-a4cfd25 elementor-section-boxed elementor-section-height-default elementor-section-height-default\" data-id=\"a4cfd25\" data-element_type=\"section\" data-e-type=\"section\">\n\t\t\t\t\t\t<div class=\"elementor-container elementor-column-gap-default\">\n\t\t\t\t\t<div class=\"elementor-column elementor-col-100 elementor-top-column elementor-element elementor-element-410a1c9\" data-id=\"410a1c9\" data-element_type=\"column\" data-e-type=\"column\">\n\t\t\t<div class=\"elementor-widget-wrap elementor-element-populated\">\n\t\t\t\t\t\t<div class=\"elementor-element elementor-element-14a371a elementor-widget elementor-widget-text-editor\" data-id=\"14a371a\" data-element_type=\"widget\" data-e-type=\"widget\" data-widget_type=\"text-editor.default\">\n\t\t\t\t<div class=\"elementor-widget-container\">\n\t\t\t\t\t\t\t\t\t<p><span style=\"color: #000000;\">G\u0142os zabra\u0142 r\u00f3wnie\u017c zaproszony na uroczysto\u015b\u0107 zast\u0119pca Prezydenta Konina ds. spo\u0142ecznych pan\u00a0<\/span><span style=\"color: #000000;\">Witold Nowak, odpowiedzialny za sprawy o\u015bwiaty w mie\u015bcie. <em><strong>\u201eZa to, \u017ce jeste\u015bcie i wykonujecie swoj\u0105\u00a0<\/strong><\/em><\/span><em><strong><span style=\"color: #000000;\">pi\u0119kn\u0105 prac\u0119, chcia\u0142bym podzi\u0119kowa\u0107 wszystkim nauczycielom, kt\u00f3rzy tutaj s\u0105. Dzi\u0119kuj\u0119, \u017ce mog\u0119\u00a0<\/span><span style=\"color: #000000;\">dzi\u015b z Wami \u015bwi\u0119towa\u0107 Dzie\u0144 Edukacji Narodowej. Wszystkiego dobrego!\u201d.<\/span><\/strong><\/em><\/p>\t\t\t\t\t\t\t\t<\/div>\n\t\t\t\t<\/div>\n\t\t\t\t\t<\/div>\n\t\t<\/div>\n\t\t\t\t\t<\/div>\n\t\t<\/section>\n\t\t\t\t<section class=\"elementor-section elementor-top-section elementor-element elementor-element-5a0766c elementor-section-boxed elementor-section-height-default elementor-section-height-default\" data-id=\"5a0766c\" data-element_type=\"section\" data-e-type=\"section\">\n\t\t\t\t\t\t<div class=\"elementor-container elementor-column-gap-default\">\n\t\t\t\t\t<div class=\"elementor-column elementor-col-100 elementor-top-column elementor-element elementor-element-fcd1063\" data-id=\"fcd1063\" data-element_type=\"column\" data-e-type=\"column\">\n\t\t\t<div class=\"elementor-widget-wrap elementor-element-populated\">\n\t\t\t\t\t\t<div class=\"elementor-element elementor-element-e2213a5 elementor-widget elementor-widget-text-editor\" data-id=\"e2213a5\" data-element_type=\"widget\" data-e-type=\"widget\" data-widget_type=\"text-editor.default\">\n\t\t\t\t<div class=\"elementor-widget-container\">\n\t\t\t\t\t\t\t\t\t<p><span style=\"color: #000000;\">Jak powiedzia\u0142 ks. S\u0142awomir Homoncik, <em><strong>\u201e\u017cycie naprawd\u0119 inaczej wygl\u0105da, gdy potrafimy dzi\u0119kowa\u0107\u201d.<\/strong><\/em>\u00a0<\/span><span style=\"color: #000000;\">To zdanie \u2013 proste, ale g\u0142\u0119bokie \u2013 sta\u0142o si\u0119 pi\u0119knym podsumowaniem ca\u0142ego spotkania, poniewa\u017c\u00a0<\/span><span style=\"color: #000000;\">w\u0142a\u015bnie wdzi\u0119czno\u015b\u0107 i troska o drugiego cz\u0142owieka s\u0105 tym, co czyni edukacj\u0119 nie tylko zawodem, lecz i\u00a0<\/span><span style=\"color: #000000;\">powo\u0142aniem.<\/span><\/p>\t\t\t\t\t\t\t\t<\/div>\n\t\t\t\t<\/div>\n\t\t\t\t\t<\/div>\n\t\t<\/div>\n\t\t\t\t\t<\/div>\n\t\t<\/section>\n\t\t\t\t<section class=\"elementor-section elementor-top-section elementor-element elementor-element-625974e elementor-section-boxed elementor-section-height-default elementor-section-height-default\" data-id=\"625974e\" data-element_type=\"section\" data-e-type=\"section\">\n\t\t\t\t\t\t<div class=\"elementor-container elementor-column-gap-default\">\n\t\t\t\t\t<div class=\"elementor-column elementor-col-100 elementor-top-column elementor-element elementor-element-f2217f4\" data-id=\"f2217f4\" data-element_type=\"column\" data-e-type=\"column\">\n\t\t\t<div class=\"elementor-widget-wrap elementor-element-populated\">\n\t\t\t\t\t\t<div class=\"elementor-element elementor-element-6b67caf elementor-widget elementor-widget-image-gallery\" data-id=\"6b67caf\" data-element_type=\"widget\" data-e-type=\"widget\" data-widget_type=\"image-gallery.default\">\n\t\t\t\t<div class=\"elementor-widget-container\">\n\t\t\t\t\t\t\t<div class=\"elementor-image-gallery\">\n\t\t\t<div id='gallery-1' class='gallery galleryid-90479 gallery-columns-5 gallery-size-medium'><figure class='gallery-item'>\n\t\t\t<div class='gallery-icon landscape'>\n\t\t\t\t<a data-elementor-open-lightbox=\"yes\" data-elementor-lightbox-slideshow=\"6b67caf\" data-elementor-lightbox-title=\"Dzien_edukacji_narodowej (1)\" data-e-action-hash=\"#elementor-action%3Aaction%3Dlightbox%26settings%3DeyJpZCI6OTA0ODMsInVybCI6Imh0dHBzOlwvXC93d3cubGljaGVuLnBsXC93cC1jb250ZW50XC91cGxvYWRzXC8yMDI1XC8xMFwvRHppZW5fZWR1a2FjamlfbmFyb2Rvd2VqLTEuanBnIiwic2xpZGVzaG93IjoiNmI2N2NhZiJ9\" href='https:\/\/www.lichen.pl\/wp-content\/uploads\/2025\/10\/Dzien_edukacji_narodowej-1.jpg'><img width=\"300\" height=\"200\" src=\"https:\/\/www.lichen.pl\/wp-content\/uploads\/2025\/10\/Dzien_edukacji_narodowej-1-300x200.jpg\" class=\"attachment-medium size-medium\" alt=\"\" decoding=\"async\" srcset=\"https:\/\/www.lichen.pl\/wp-content\/uploads\/2025\/10\/Dzien_edukacji_narodowej-1-300x200.jpg 300w, https:\/\/www.lichen.pl\/wp-content\/uploads\/2025\/10\/Dzien_edukacji_narodowej-1-1024x683.jpg 1024w, https:\/\/www.lichen.pl\/wp-content\/uploads\/2025\/10\/Dzien_edukacji_narodowej-1-768x512.jpg 768w, https:\/\/www.lichen.pl\/wp-content\/uploads\/2025\/10\/Dzien_edukacji_narodowej-1-1536x1024.jpg 1536w, https:\/\/www.lichen.pl\/wp-content\/uploads\/2025\/10\/Dzien_edukacji_narodowej-1-2048x1365.jpg 2048w, https:\/\/www.lichen.pl\/wp-content\/uploads\/2025\/10\/Dzien_edukacji_narodowej-1-18x12.jpg 18w, https:\/\/www.lichen.pl\/wp-content\/uploads\/2025\/10\/Dzien_edukacji_narodowej-1-800x533.jpg 800w\" sizes=\"(max-width: 300px) 100vw, 300px\" \/><\/a>\n\t\t\t<\/div><\/figure><figure class='gallery-item'>\n\t\t\t<div class='gallery-icon landscape'>\n\t\t\t\t<a data-elementor-open-lightbox=\"yes\" data-elementor-lightbox-slideshow=\"6b67caf\" data-elementor-lightbox-title=\"Dzien_edukacji_narodowej (2)\" data-e-action-hash=\"#elementor-action%3Aaction%3Dlightbox%26settings%3DeyJpZCI6OTA0ODQsInVybCI6Imh0dHBzOlwvXC93d3cubGljaGVuLnBsXC93cC1jb250ZW50XC91cGxvYWRzXC8yMDI1XC8xMFwvRHppZW5fZWR1a2FjamlfbmFyb2Rvd2VqLTIuanBnIiwic2xpZGVzaG93IjoiNmI2N2NhZiJ9\" href='https:\/\/www.lichen.pl\/wp-content\/uploads\/2025\/10\/Dzien_edukacji_narodowej-2.jpg'><img loading=\"lazy\" width=\"300\" height=\"200\" src=\"https:\/\/www.lichen.pl\/wp-content\/uploads\/2025\/10\/Dzien_edukacji_narodowej-2-300x200.jpg\" class=\"attachment-medium size-medium\" alt=\"\" decoding=\"async\" srcset=\"https:\/\/www.lichen.pl\/wp-content\/uploads\/2025\/10\/Dzien_edukacji_narodowej-2-300x200.jpg 300w, https:\/\/www.lichen.pl\/wp-content\/uploads\/2025\/10\/Dzien_edukacji_narodowej-2-1024x683.jpg 1024w, https:\/\/www.lichen.pl\/wp-content\/uploads\/2025\/10\/Dzien_edukacji_narodowej-2-768x512.jpg 768w, https:\/\/www.lichen.pl\/wp-content\/uploads\/2025\/10\/Dzien_edukacji_narodowej-2-1536x1024.jpg 1536w, https:\/\/www.lichen.pl\/wp-content\/uploads\/2025\/10\/Dzien_edukacji_narodowej-2-2048x1365.jpg 2048w, https:\/\/www.lichen.pl\/wp-content\/uploads\/2025\/10\/Dzien_edukacji_narodowej-2-18x12.jpg 18w, https:\/\/www.lichen.pl\/wp-content\/uploads\/2025\/10\/Dzien_edukacji_narodowej-2-800x533.jpg 800w\" sizes=\"(max-width: 300px) 100vw, 300px\" \/><\/a>\n\t\t\t<\/div><\/figure><figure class='gallery-item'>\n\t\t\t<div class='gallery-icon landscape'>\n\t\t\t\t<a data-elementor-open-lightbox=\"yes\" data-elementor-lightbox-slideshow=\"6b67caf\" data-elementor-lightbox-title=\"Dzien_edukacji_narodowej (4)\" data-e-action-hash=\"#elementor-action%3Aaction%3Dlightbox%26settings%3DeyJpZCI6OTA0ODUsInVybCI6Imh0dHBzOlwvXC93d3cubGljaGVuLnBsXC93cC1jb250ZW50XC91cGxvYWRzXC8yMDI1XC8xMFwvRHppZW5fZWR1a2FjamlfbmFyb2Rvd2VqLTQuanBnIiwic2xpZGVzaG93IjoiNmI2N2NhZiJ9\" href='https:\/\/www.lichen.pl\/wp-content\/uploads\/2025\/10\/Dzien_edukacji_narodowej-4.jpg'><img loading=\"lazy\" width=\"300\" height=\"200\" src=\"https:\/\/www.lichen.pl\/wp-content\/uploads\/2025\/10\/Dzien_edukacji_narodowej-4-300x200.jpg\" class=\"attachment-medium size-medium\" alt=\"\" decoding=\"async\" srcset=\"https:\/\/www.lichen.pl\/wp-content\/uploads\/2025\/10\/Dzien_edukacji_narodowej-4-300x200.jpg 300w, https:\/\/www.lichen.pl\/wp-content\/uploads\/2025\/10\/Dzien_edukacji_narodowej-4-1024x683.jpg 1024w, https:\/\/www.lichen.pl\/wp-content\/uploads\/2025\/10\/Dzien_edukacji_narodowej-4-768x512.jpg 768w, https:\/\/www.lichen.pl\/wp-content\/uploads\/2025\/10\/Dzien_edukacji_narodowej-4-1536x1024.jpg 1536w, https:\/\/www.lichen.pl\/wp-content\/uploads\/2025\/10\/Dzien_edukacji_narodowej-4-2048x1365.jpg 2048w, https:\/\/www.lichen.pl\/wp-content\/uploads\/2025\/10\/Dzien_edukacji_narodowej-4-18x12.jpg 18w, https:\/\/www.lichen.pl\/wp-content\/uploads\/2025\/10\/Dzien_edukacji_narodowej-4-800x533.jpg 800w\" sizes=\"(max-width: 300px) 100vw, 300px\" \/><\/a>\n\t\t\t<\/div><\/figure><figure class='gallery-item'>\n\t\t\t<div class='gallery-icon landscape'>\n\t\t\t\t<a data-elementor-open-lightbox=\"yes\" data-elementor-lightbox-slideshow=\"6b67caf\" data-elementor-lightbox-title=\"Dzien_edukacji_narodowej (5)\" data-e-action-hash=\"#elementor-action%3Aaction%3Dlightbox%26settings%3DeyJpZCI6OTA0ODYsInVybCI6Imh0dHBzOlwvXC93d3cubGljaGVuLnBsXC93cC1jb250ZW50XC91cGxvYWRzXC8yMDI1XC8xMFwvRHppZW5fZWR1a2FjamlfbmFyb2Rvd2VqLTUuanBnIiwic2xpZGVzaG93IjoiNmI2N2NhZiJ9\" href='https:\/\/www.lichen.pl\/wp-content\/uploads\/2025\/10\/Dzien_edukacji_narodowej-5.jpg'><img loading=\"lazy\" width=\"300\" height=\"200\" src=\"https:\/\/www.lichen.pl\/wp-content\/uploads\/2025\/10\/Dzien_edukacji_narodowej-5-300x200.jpg\" class=\"attachment-medium size-medium\" alt=\"\" decoding=\"async\" srcset=\"https:\/\/www.lichen.pl\/wp-content\/uploads\/2025\/10\/Dzien_edukacji_narodowej-5-300x200.jpg 300w, https:\/\/www.lichen.pl\/wp-content\/uploads\/2025\/10\/Dzien_edukacji_narodowej-5-1024x683.jpg 1024w, https:\/\/www.lichen.pl\/wp-content\/uploads\/2025\/10\/Dzien_edukacji_narodowej-5-768x512.jpg 768w, https:\/\/www.lichen.pl\/wp-content\/uploads\/2025\/10\/Dzien_edukacji_narodowej-5-1536x1024.jpg 1536w, https:\/\/www.lichen.pl\/wp-content\/uploads\/2025\/10\/Dzien_edukacji_narodowej-5-2048x1365.jpg 2048w, https:\/\/www.lichen.pl\/wp-content\/uploads\/2025\/10\/Dzien_edukacji_narodowej-5-18x12.jpg 18w, https:\/\/www.lichen.pl\/wp-content\/uploads\/2025\/10\/Dzien_edukacji_narodowej-5-800x533.jpg 800w\" sizes=\"(max-width: 300px) 100vw, 300px\" \/><\/a>\n\t\t\t<\/div><\/figure><figure class='gallery-item'>\n\t\t\t<div class='gallery-icon landscape'>\n\t\t\t\t<a data-elementor-open-lightbox=\"yes\" data-elementor-lightbox-slideshow=\"6b67caf\" data-elementor-lightbox-title=\"Dzien_edukacji_narodowej (8)\" data-e-action-hash=\"#elementor-action%3Aaction%3Dlightbox%26settings%3DeyJpZCI6OTA0ODcsInVybCI6Imh0dHBzOlwvXC93d3cubGljaGVuLnBsXC93cC1jb250ZW50XC91cGxvYWRzXC8yMDI1XC8xMFwvRHppZW5fZWR1a2FjamlfbmFyb2Rvd2VqLTguanBnIiwic2xpZGVzaG93IjoiNmI2N2NhZiJ9\" href='https:\/\/www.lichen.pl\/wp-content\/uploads\/2025\/10\/Dzien_edukacji_narodowej-8.jpg'><img loading=\"lazy\" width=\"300\" height=\"200\" src=\"https:\/\/www.lichen.pl\/wp-content\/uploads\/2025\/10\/Dzien_edukacji_narodowej-8-300x200.jpg\" class=\"attachment-medium size-medium\" alt=\"\" decoding=\"async\" srcset=\"https:\/\/www.lichen.pl\/wp-content\/uploads\/2025\/10\/Dzien_edukacji_narodowej-8-300x200.jpg 300w, https:\/\/www.lichen.pl\/wp-content\/uploads\/2025\/10\/Dzien_edukacji_narodowej-8-1024x683.jpg 1024w, https:\/\/www.lichen.pl\/wp-content\/uploads\/2025\/10\/Dzien_edukacji_narodowej-8-768x512.jpg 768w, https:\/\/www.lichen.pl\/wp-content\/uploads\/2025\/10\/Dzien_edukacji_narodowej-8-1536x1024.jpg 1536w, https:\/\/www.lichen.pl\/wp-content\/uploads\/2025\/10\/Dzien_edukacji_narodowej-8-2048x1365.jpg 2048w, https:\/\/www.lichen.pl\/wp-content\/uploads\/2025\/10\/Dzien_edukacji_narodowej-8-18x12.jpg 18w, https:\/\/www.lichen.pl\/wp-content\/uploads\/2025\/10\/Dzien_edukacji_narodowej-8-800x533.jpg 800w\" sizes=\"(max-width: 300px) 100vw, 300px\" \/><\/a>\n\t\t\t<\/div><\/figure><figure class='gallery-item'>\n\t\t\t<div class='gallery-icon landscape'>\n\t\t\t\t<a data-elementor-open-lightbox=\"yes\" data-elementor-lightbox-slideshow=\"6b67caf\" data-elementor-lightbox-title=\"Dzien_edukacji_narodowej (9)\" data-e-action-hash=\"#elementor-action%3Aaction%3Dlightbox%26settings%3DeyJpZCI6OTA0ODgsInVybCI6Imh0dHBzOlwvXC93d3cubGljaGVuLnBsXC93cC1jb250ZW50XC91cGxvYWRzXC8yMDI1XC8xMFwvRHppZW5fZWR1a2FjamlfbmFyb2Rvd2VqLTkuanBnIiwic2xpZGVzaG93IjoiNmI2N2NhZiJ9\" href='https:\/\/www.lichen.pl\/wp-content\/uploads\/2025\/10\/Dzien_edukacji_narodowej-9.jpg'><img loading=\"lazy\" width=\"300\" height=\"200\" src=\"https:\/\/www.lichen.pl\/wp-content\/uploads\/2025\/10\/Dzien_edukacji_narodowej-9-300x200.jpg\" class=\"attachment-medium size-medium\" alt=\"\" decoding=\"async\" srcset=\"https:\/\/www.lichen.pl\/wp-content\/uploads\/2025\/10\/Dzien_edukacji_narodowej-9-300x200.jpg 300w, https:\/\/www.lichen.pl\/wp-content\/uploads\/2025\/10\/Dzien_edukacji_narodowej-9-1024x683.jpg 1024w, https:\/\/www.lichen.pl\/wp-content\/uploads\/2025\/10\/Dzien_edukacji_narodowej-9-768x512.jpg 768w, https:\/\/www.lichen.pl\/wp-content\/uploads\/2025\/10\/Dzien_edukacji_narodowej-9-1536x1024.jpg 1536w, https:\/\/www.lichen.pl\/wp-content\/uploads\/2025\/10\/Dzien_edukacji_narodowej-9-2048x1365.jpg 2048w, https:\/\/www.lichen.pl\/wp-content\/uploads\/2025\/10\/Dzien_edukacji_narodowej-9-18x12.jpg 18w, https:\/\/www.lichen.pl\/wp-content\/uploads\/2025\/10\/Dzien_edukacji_narodowej-9-800x533.jpg 800w\" sizes=\"(max-width: 300px) 100vw, 300px\" \/><\/a>\n\t\t\t<\/div><\/figure><figure class='gallery-item'>\n\t\t\t<div class='gallery-icon landscape'>\n\t\t\t\t<a data-elementor-open-lightbox=\"yes\" data-elementor-lightbox-slideshow=\"6b67caf\" data-elementor-lightbox-title=\"Dzien_edukacji_narodowej (10)\" data-e-action-hash=\"#elementor-action%3Aaction%3Dlightbox%26settings%3DeyJpZCI6OTA0ODksInVybCI6Imh0dHBzOlwvXC93d3cubGljaGVuLnBsXC93cC1jb250ZW50XC91cGxvYWRzXC8yMDI1XC8xMFwvRHppZW5fZWR1a2FjamlfbmFyb2Rvd2VqLTEwLmpwZyIsInNsaWRlc2hvdyI6IjZiNjdjYWYifQ%3D%3D\" href='https:\/\/www.lichen.pl\/wp-content\/uploads\/2025\/10\/Dzien_edukacji_narodowej-10.jpg'><img loading=\"lazy\" width=\"300\" height=\"200\" src=\"https:\/\/www.lichen.pl\/wp-content\/uploads\/2025\/10\/Dzien_edukacji_narodowej-10-300x200.jpg\" class=\"attachment-medium size-medium\" alt=\"\" decoding=\"async\" srcset=\"https:\/\/www.lichen.pl\/wp-content\/uploads\/2025\/10\/Dzien_edukacji_narodowej-10-300x200.jpg 300w, https:\/\/www.lichen.pl\/wp-content\/uploads\/2025\/10\/Dzien_edukacji_narodowej-10-1024x683.jpg 1024w, https:\/\/www.lichen.pl\/wp-content\/uploads\/2025\/10\/Dzien_edukacji_narodowej-10-768x512.jpg 768w, https:\/\/www.lichen.pl\/wp-content\/uploads\/2025\/10\/Dzien_edukacji_narodowej-10-1536x1024.jpg 1536w, https:\/\/www.lichen.pl\/wp-content\/uploads\/2025\/10\/Dzien_edukacji_narodowej-10-2048x1365.jpg 2048w, https:\/\/www.lichen.pl\/wp-content\/uploads\/2025\/10\/Dzien_edukacji_narodowej-10-18x12.jpg 18w, https:\/\/www.lichen.pl\/wp-content\/uploads\/2025\/10\/Dzien_edukacji_narodowej-10-800x533.jpg 800w\" sizes=\"(max-width: 300px) 100vw, 300px\" \/><\/a>\n\t\t\t<\/div><\/figure><figure class='gallery-item'>\n\t\t\t<div class='gallery-icon landscape'>\n\t\t\t\t<a data-elementor-open-lightbox=\"yes\" data-elementor-lightbox-slideshow=\"6b67caf\" data-elementor-lightbox-title=\"Dzien_edukacji_narodowej (11)\" data-e-action-hash=\"#elementor-action%3Aaction%3Dlightbox%26settings%3DeyJpZCI6OTA0OTAsInVybCI6Imh0dHBzOlwvXC93d3cubGljaGVuLnBsXC93cC1jb250ZW50XC91cGxvYWRzXC8yMDI1XC8xMFwvRHppZW5fZWR1a2FjamlfbmFyb2Rvd2VqLTExLmpwZyIsInNsaWRlc2hvdyI6IjZiNjdjYWYifQ%3D%3D\" href='https:\/\/www.lichen.pl\/wp-content\/uploads\/2025\/10\/Dzien_edukacji_narodowej-11.jpg'><img loading=\"lazy\" width=\"300\" height=\"200\" src=\"https:\/\/www.lichen.pl\/wp-content\/uploads\/2025\/10\/Dzien_edukacji_narodowej-11-300x200.jpg\" class=\"attachment-medium size-medium\" alt=\"\" decoding=\"async\" srcset=\"https:\/\/www.lichen.pl\/wp-content\/uploads\/2025\/10\/Dzien_edukacji_narodowej-11-300x200.jpg 300w, https:\/\/www.lichen.pl\/wp-content\/uploads\/2025\/10\/Dzien_edukacji_narodowej-11-1024x683.jpg 1024w, https:\/\/www.lichen.pl\/wp-content\/uploads\/2025\/10\/Dzien_edukacji_narodowej-11-768x512.jpg 768w, https:\/\/www.lichen.pl\/wp-content\/uploads\/2025\/10\/Dzien_edukacji_narodowej-11-1536x1024.jpg 1536w, https:\/\/www.lichen.pl\/wp-content\/uploads\/2025\/10\/Dzien_edukacji_narodowej-11-2048x1365.jpg 2048w, https:\/\/www.lichen.pl\/wp-content\/uploads\/2025\/10\/Dzien_edukacji_narodowej-11-18x12.jpg 18w, https:\/\/www.lichen.pl\/wp-content\/uploads\/2025\/10\/Dzien_edukacji_narodowej-11-800x533.jpg 800w, https:\/\/www.lichen.pl\/wp-content\/uploads\/2025\/10\/Dzien_edukacji_narodowej-11.jpg 1600w\" sizes=\"(max-width: 300px) 100vw, 300px\" \/><\/a>\n\t\t\t<\/div><\/figure><figure class='gallery-item'>\n\t\t\t<div class='gallery-icon landscape'>\n\t\t\t\t<a data-elementor-open-lightbox=\"yes\" data-elementor-lightbox-slideshow=\"6b67caf\" data-elementor-lightbox-title=\"Dzien_edukacji_narodowej (13)\" data-e-action-hash=\"#elementor-action%3Aaction%3Dlightbox%26settings%3DeyJpZCI6OTA0OTEsInVybCI6Imh0dHBzOlwvXC93d3cubGljaGVuLnBsXC93cC1jb250ZW50XC91cGxvYWRzXC8yMDI1XC8xMFwvRHppZW5fZWR1a2FjamlfbmFyb2Rvd2VqLTEzLmpwZyIsInNsaWRlc2hvdyI6IjZiNjdjYWYifQ%3D%3D\" href='https:\/\/www.lichen.pl\/wp-content\/uploads\/2025\/10\/Dzien_edukacji_narodowej-13.jpg'><img loading=\"lazy\" width=\"300\" height=\"200\" src=\"https:\/\/www.lichen.pl\/wp-content\/uploads\/2025\/10\/Dzien_edukacji_narodowej-13-300x200.jpg\" class=\"attachment-medium size-medium\" alt=\"\" decoding=\"async\" srcset=\"https:\/\/www.lichen.pl\/wp-content\/uploads\/2025\/10\/Dzien_edukacji_narodowej-13-300x200.jpg 300w, https:\/\/www.lichen.pl\/wp-content\/uploads\/2025\/10\/Dzien_edukacji_narodowej-13-1024x683.jpg 1024w, https:\/\/www.lichen.pl\/wp-content\/uploads\/2025\/10\/Dzien_edukacji_narodowej-13-768x512.jpg 768w, https:\/\/www.lichen.pl\/wp-content\/uploads\/2025\/10\/Dzien_edukacji_narodowej-13-1536x1024.jpg 1536w, https:\/\/www.lichen.pl\/wp-content\/uploads\/2025\/10\/Dzien_edukacji_narodowej-13-2048x1365.jpg 2048w, https:\/\/www.lichen.pl\/wp-content\/uploads\/2025\/10\/Dzien_edukacji_narodowej-13-18x12.jpg 18w, https:\/\/www.lichen.pl\/wp-content\/uploads\/2025\/10\/Dzien_edukacji_narodowej-13-800x533.jpg 800w, https:\/\/www.lichen.pl\/wp-content\/uploads\/2025\/10\/Dzien_edukacji_narodowej-13.jpg 1920w\" sizes=\"(max-width: 300px) 100vw, 300px\" \/><\/a>\n\t\t\t<\/div><\/figure><figure class='gallery-item'>\n\t\t\t<div class='gallery-icon landscape'>\n\t\t\t\t<a data-elementor-open-lightbox=\"yes\" data-elementor-lightbox-slideshow=\"6b67caf\" data-elementor-lightbox-title=\"Dzien_edukacji_narodowej (14)\" data-e-action-hash=\"#elementor-action%3Aaction%3Dlightbox%26settings%3DeyJpZCI6OTA0OTIsInVybCI6Imh0dHBzOlwvXC93d3cubGljaGVuLnBsXC93cC1jb250ZW50XC91cGxvYWRzXC8yMDI1XC8xMFwvRHppZW5fZWR1a2FjamlfbmFyb2Rvd2VqLTE0LmpwZyIsInNsaWRlc2hvdyI6IjZiNjdjYWYifQ%3D%3D\" href='https:\/\/www.lichen.pl\/wp-content\/uploads\/2025\/10\/Dzien_edukacji_narodowej-14.jpg'><img loading=\"lazy\" width=\"300\" height=\"200\" src=\"https:\/\/www.lichen.pl\/wp-content\/uploads\/2025\/10\/Dzien_edukacji_narodowej-14-300x200.jpg\" class=\"attachment-medium size-medium\" alt=\"\" decoding=\"async\" srcset=\"https:\/\/www.lichen.pl\/wp-content\/uploads\/2025\/10\/Dzien_edukacji_narodowej-14-300x200.jpg 300w, https:\/\/www.lichen.pl\/wp-content\/uploads\/2025\/10\/Dzien_edukacji_narodowej-14-1024x683.jpg 1024w, https:\/\/www.lichen.pl\/wp-content\/uploads\/2025\/10\/Dzien_edukacji_narodowej-14-768x512.jpg 768w, https:\/\/www.lichen.pl\/wp-content\/uploads\/2025\/10\/Dzien_edukacji_narodowej-14-1536x1024.jpg 1536w, https:\/\/www.lichen.pl\/wp-content\/uploads\/2025\/10\/Dzien_edukacji_narodowej-14-2048x1365.jpg 2048w, https:\/\/www.lichen.pl\/wp-content\/uploads\/2025\/10\/Dzien_edukacji_narodowej-14-18x12.jpg 18w, https:\/\/www.lichen.pl\/wp-content\/uploads\/2025\/10\/Dzien_edukacji_narodowej-14-800x533.jpg 800w\" sizes=\"(max-width: 300px) 100vw, 300px\" \/><\/a>\n\t\t\t<\/div><\/figure><figure class='gallery-item'>\n\t\t\t<div class='gallery-icon landscape'>\n\t\t\t\t<a data-elementor-open-lightbox=\"yes\" data-elementor-lightbox-slideshow=\"6b67caf\" data-elementor-lightbox-title=\"Dzien_edukacji_narodowej (15)\" data-e-action-hash=\"#elementor-action%3Aaction%3Dlightbox%26settings%3DeyJpZCI6OTA0OTMsInVybCI6Imh0dHBzOlwvXC93d3cubGljaGVuLnBsXC93cC1jb250ZW50XC91cGxvYWRzXC8yMDI1XC8xMFwvRHppZW5fZWR1a2FjamlfbmFyb2Rvd2VqLTE1LmpwZyIsInNsaWRlc2hvdyI6IjZiNjdjYWYifQ%3D%3D\" href='https:\/\/www.lichen.pl\/wp-content\/uploads\/2025\/10\/Dzien_edukacji_narodowej-15.jpg'><img loading=\"lazy\" width=\"300\" height=\"200\" src=\"https:\/\/www.lichen.pl\/wp-content\/uploads\/2025\/10\/Dzien_edukacji_narodowej-15-300x200.jpg\" class=\"attachment-medium size-medium\" alt=\"\" decoding=\"async\" srcset=\"https:\/\/www.lichen.pl\/wp-content\/uploads\/2025\/10\/Dzien_edukacji_narodowej-15-300x200.jpg 300w, https:\/\/www.lichen.pl\/wp-content\/uploads\/2025\/10\/Dzien_edukacji_narodowej-15-1024x683.jpg 1024w, https:\/\/www.lichen.pl\/wp-content\/uploads\/2025\/10\/Dzien_edukacji_narodowej-15-768x512.jpg 768w, https:\/\/www.lichen.pl\/wp-content\/uploads\/2025\/10\/Dzien_edukacji_narodowej-15-1536x1024.jpg 1536w, https:\/\/www.lichen.pl\/wp-content\/uploads\/2025\/10\/Dzien_edukacji_narodowej-15-2048x1365.jpg 2048w, https:\/\/www.lichen.pl\/wp-content\/uploads\/2025\/10\/Dzien_edukacji_narodowej-15-18x12.jpg 18w, https:\/\/www.lichen.pl\/wp-content\/uploads\/2025\/10\/Dzien_edukacji_narodowej-15-800x533.jpg 800w\" sizes=\"(max-width: 300px) 100vw, 300px\" \/><\/a>\n\t\t\t<\/div><\/figure><figure class='gallery-item'>\n\t\t\t<div class='gallery-icon landscape'>\n\t\t\t\t<a data-elementor-open-lightbox=\"yes\" data-elementor-lightbox-slideshow=\"6b67caf\" data-elementor-lightbox-title=\"Dzien_edukacji_narodowej (16)\" data-e-action-hash=\"#elementor-action%3Aaction%3Dlightbox%26settings%3DeyJpZCI6OTA0OTQsInVybCI6Imh0dHBzOlwvXC93d3cubGljaGVuLnBsXC93cC1jb250ZW50XC91cGxvYWRzXC8yMDI1XC8xMFwvRHppZW5fZWR1a2FjamlfbmFyb2Rvd2VqLTE2LmpwZyIsInNsaWRlc2hvdyI6IjZiNjdjYWYifQ%3D%3D\" href='https:\/\/www.lichen.pl\/wp-content\/uploads\/2025\/10\/Dzien_edukacji_narodowej-16.jpg'><img loading=\"lazy\" width=\"300\" height=\"200\" src=\"https:\/\/www.lichen.pl\/wp-content\/uploads\/2025\/10\/Dzien_edukacji_narodowej-16-300x200.jpg\" class=\"attachment-medium size-medium\" alt=\"\" decoding=\"async\" srcset=\"https:\/\/www.lichen.pl\/wp-content\/uploads\/2025\/10\/Dzien_edukacji_narodowej-16-300x200.jpg 300w, https:\/\/www.lichen.pl\/wp-content\/uploads\/2025\/10\/Dzien_edukacji_narodowej-16-1024x683.jpg 1024w, https:\/\/www.lichen.pl\/wp-content\/uploads\/2025\/10\/Dzien_edukacji_narodowej-16-768x512.jpg 768w, https:\/\/www.lichen.pl\/wp-content\/uploads\/2025\/10\/Dzien_edukacji_narodowej-16-1536x1024.jpg 1536w, https:\/\/www.lichen.pl\/wp-content\/uploads\/2025\/10\/Dzien_edukacji_narodowej-16-2048x1365.jpg 2048w, https:\/\/www.lichen.pl\/wp-content\/uploads\/2025\/10\/Dzien_edukacji_narodowej-16-18x12.jpg 18w, https:\/\/www.lichen.pl\/wp-content\/uploads\/2025\/10\/Dzien_edukacji_narodowej-16-800x533.jpg 800w\" sizes=\"(max-width: 300px) 100vw, 300px\" \/><\/a>\n\t\t\t<\/div><\/figure><figure class='gallery-item'>\n\t\t\t<div class='gallery-icon landscape'>\n\t\t\t\t<a data-elementor-open-lightbox=\"yes\" data-elementor-lightbox-slideshow=\"6b67caf\" data-elementor-lightbox-title=\"Dzien_edukacji_narodowej (18)\" data-e-action-hash=\"#elementor-action%3Aaction%3Dlightbox%26settings%3DeyJpZCI6OTA0OTUsInVybCI6Imh0dHBzOlwvXC93d3cubGljaGVuLnBsXC93cC1jb250ZW50XC91cGxvYWRzXC8yMDI1XC8xMFwvRHppZW5fZWR1a2FjamlfbmFyb2Rvd2VqLTE4LmpwZyIsInNsaWRlc2hvdyI6IjZiNjdjYWYifQ%3D%3D\" href='https:\/\/www.lichen.pl\/wp-content\/uploads\/2025\/10\/Dzien_edukacji_narodowej-18.jpg'><img loading=\"lazy\" width=\"300\" height=\"200\" src=\"https:\/\/www.lichen.pl\/wp-content\/uploads\/2025\/10\/Dzien_edukacji_narodowej-18-300x200.jpg\" class=\"attachment-medium size-medium\" alt=\"\" decoding=\"async\" srcset=\"https:\/\/www.lichen.pl\/wp-content\/uploads\/2025\/10\/Dzien_edukacji_narodowej-18-300x200.jpg 300w, https:\/\/www.lichen.pl\/wp-content\/uploads\/2025\/10\/Dzien_edukacji_narodowej-18-1024x683.jpg 1024w, https:\/\/www.lichen.pl\/wp-content\/uploads\/2025\/10\/Dzien_edukacji_narodowej-18-768x512.jpg 768w, https:\/\/www.lichen.pl\/wp-content\/uploads\/2025\/10\/Dzien_edukacji_narodowej-18-1536x1024.jpg 1536w, https:\/\/www.lichen.pl\/wp-content\/uploads\/2025\/10\/Dzien_edukacji_narodowej-18-2048x1365.jpg 2048w, https:\/\/www.lichen.pl\/wp-content\/uploads\/2025\/10\/Dzien_edukacji_narodowej-18-18x12.jpg 18w, https:\/\/www.lichen.pl\/wp-content\/uploads\/2025\/10\/Dzien_edukacji_narodowej-18-800x533.jpg 800w\" sizes=\"(max-width: 300px) 100vw, 300px\" \/><\/a>\n\t\t\t<\/div><\/figure><figure class='gallery-item'>\n\t\t\t<div class='gallery-icon landscape'>\n\t\t\t\t<a data-elementor-open-lightbox=\"yes\" data-elementor-lightbox-slideshow=\"6b67caf\" data-elementor-lightbox-title=\"Dzien_edukacji_narodowej (20)\" data-e-action-hash=\"#elementor-action%3Aaction%3Dlightbox%26settings%3DeyJpZCI6OTA0OTYsInVybCI6Imh0dHBzOlwvXC93d3cubGljaGVuLnBsXC93cC1jb250ZW50XC91cGxvYWRzXC8yMDI1XC8xMFwvRHppZW5fZWR1a2FjamlfbmFyb2Rvd2VqLTIwLmpwZyIsInNsaWRlc2hvdyI6IjZiNjdjYWYifQ%3D%3D\" href='https:\/\/www.lichen.pl\/wp-content\/uploads\/2025\/10\/Dzien_edukacji_narodowej-20.jpg'><img loading=\"lazy\" width=\"300\" height=\"200\" src=\"https:\/\/www.lichen.pl\/wp-content\/uploads\/2025\/10\/Dzien_edukacji_narodowej-20-300x200.jpg\" class=\"attachment-medium size-medium\" alt=\"\" decoding=\"async\" srcset=\"https:\/\/www.lichen.pl\/wp-content\/uploads\/2025\/10\/Dzien_edukacji_narodowej-20-300x200.jpg 300w, https:\/\/www.lichen.pl\/wp-content\/uploads\/2025\/10\/Dzien_edukacji_narodowej-20-1024x683.jpg 1024w, https:\/\/www.lichen.pl\/wp-content\/uploads\/2025\/10\/Dzien_edukacji_narodowej-20-768x512.jpg 768w, https:\/\/www.lichen.pl\/wp-content\/uploads\/2025\/10\/Dzien_edukacji_narodowej-20-1536x1024.jpg 1536w, https:\/\/www.lichen.pl\/wp-content\/uploads\/2025\/10\/Dzien_edukacji_narodowej-20-2048x1365.jpg 2048w, https:\/\/www.lichen.pl\/wp-content\/uploads\/2025\/10\/Dzien_edukacji_narodowej-20-18x12.jpg 18w, https:\/\/www.lichen.pl\/wp-content\/uploads\/2025\/10\/Dzien_edukacji_narodowej-20-800x533.jpg 800w\" sizes=\"(max-width: 300px) 100vw, 300px\" \/><\/a>\n\t\t\t<\/div><\/figure><figure class='gallery-item'>\n\t\t\t<div class='gallery-icon landscape'>\n\t\t\t\t<a data-elementor-open-lightbox=\"yes\" data-elementor-lightbox-slideshow=\"6b67caf\" data-elementor-lightbox-title=\"Dzien_edukacji_narodowej (21)\" data-e-action-hash=\"#elementor-action%3Aaction%3Dlightbox%26settings%3DeyJpZCI6OTA0OTcsInVybCI6Imh0dHBzOlwvXC93d3cubGljaGVuLnBsXC93cC1jb250ZW50XC91cGxvYWRzXC8yMDI1XC8xMFwvRHppZW5fZWR1a2FjamlfbmFyb2Rvd2VqLTIxLmpwZyIsInNsaWRlc2hvdyI6IjZiNjdjYWYifQ%3D%3D\" href='https:\/\/www.lichen.pl\/wp-content\/uploads\/2025\/10\/Dzien_edukacji_narodowej-21.jpg'><img loading=\"lazy\" width=\"300\" height=\"200\" src=\"https:\/\/www.lichen.pl\/wp-content\/uploads\/2025\/10\/Dzien_edukacji_narodowej-21-300x200.jpg\" class=\"attachment-medium size-medium\" alt=\"\" decoding=\"async\" srcset=\"https:\/\/www.lichen.pl\/wp-content\/uploads\/2025\/10\/Dzien_edukacji_narodowej-21-300x200.jpg 300w, https:\/\/www.lichen.pl\/wp-content\/uploads\/2025\/10\/Dzien_edukacji_narodowej-21-1024x683.jpg 1024w, https:\/\/www.lichen.pl\/wp-content\/uploads\/2025\/10\/Dzien_edukacji_narodowej-21-768x512.jpg 768w, https:\/\/www.lichen.pl\/wp-content\/uploads\/2025\/10\/Dzien_edukacji_narodowej-21-1536x1024.jpg 1536w, https:\/\/www.lichen.pl\/wp-content\/uploads\/2025\/10\/Dzien_edukacji_narodowej-21-2048x1365.jpg 2048w, https:\/\/www.lichen.pl\/wp-content\/uploads\/2025\/10\/Dzien_edukacji_narodowej-21-18x12.jpg 18w, https:\/\/www.lichen.pl\/wp-content\/uploads\/2025\/10\/Dzien_edukacji_narodowej-21-800x533.jpg 800w\" sizes=\"(max-width: 300px) 100vw, 300px\" \/><\/a>\n\t\t\t<\/div><\/figure><figure class='gallery-item'>\n\t\t\t<div class='gallery-icon landscape'>\n\t\t\t\t<a data-elementor-open-lightbox=\"yes\" data-elementor-lightbox-slideshow=\"6b67caf\" data-elementor-lightbox-title=\"Dzien_edukacji_narodowej (22)\" data-e-action-hash=\"#elementor-action%3Aaction%3Dlightbox%26settings%3DeyJpZCI6OTA0OTgsInVybCI6Imh0dHBzOlwvXC93d3cubGljaGVuLnBsXC93cC1jb250ZW50XC91cGxvYWRzXC8yMDI1XC8xMFwvRHppZW5fZWR1a2FjamlfbmFyb2Rvd2VqLTIyLmpwZyIsInNsaWRlc2hvdyI6IjZiNjdjYWYifQ%3D%3D\" href='https:\/\/www.lichen.pl\/wp-content\/uploads\/2025\/10\/Dzien_edukacji_narodowej-22.jpg'><img loading=\"lazy\" width=\"300\" height=\"200\" src=\"https:\/\/www.lichen.pl\/wp-content\/uploads\/2025\/10\/Dzien_edukacji_narodowej-22-300x200.jpg\" class=\"attachment-medium size-medium\" alt=\"\" decoding=\"async\" srcset=\"https:\/\/www.lichen.pl\/wp-content\/uploads\/2025\/10\/Dzien_edukacji_narodowej-22-300x200.jpg 300w, https:\/\/www.lichen.pl\/wp-content\/uploads\/2025\/10\/Dzien_edukacji_narodowej-22-1024x683.jpg 1024w, https:\/\/www.lichen.pl\/wp-content\/uploads\/2025\/10\/Dzien_edukacji_narodowej-22-768x512.jpg 768w, https:\/\/www.lichen.pl\/wp-content\/uploads\/2025\/10\/Dzien_edukacji_narodowej-22-1536x1024.jpg 1536w, https:\/\/www.lichen.pl\/wp-content\/uploads\/2025\/10\/Dzien_edukacji_narodowej-22-2048x1365.jpg 2048w, https:\/\/www.lichen.pl\/wp-content\/uploads\/2025\/10\/Dzien_edukacji_narodowej-22-18x12.jpg 18w, https:\/\/www.lichen.pl\/wp-content\/uploads\/2025\/10\/Dzien_edukacji_narodowej-22-800x533.jpg 800w\" sizes=\"(max-width: 300px) 100vw, 300px\" \/><\/a>\n\t\t\t<\/div><\/figure><figure class='gallery-item'>\n\t\t\t<div class='gallery-icon landscape'>\n\t\t\t\t<a data-elementor-open-lightbox=\"yes\" data-elementor-lightbox-slideshow=\"6b67caf\" data-elementor-lightbox-title=\"Dzien_edukacji_narodowej (23)\" data-e-action-hash=\"#elementor-action%3Aaction%3Dlightbox%26settings%3DeyJpZCI6OTA0OTksInVybCI6Imh0dHBzOlwvXC93d3cubGljaGVuLnBsXC93cC1jb250ZW50XC91cGxvYWRzXC8yMDI1XC8xMFwvRHppZW5fZWR1a2FjamlfbmFyb2Rvd2VqLTIzLmpwZyIsInNsaWRlc2hvdyI6IjZiNjdjYWYifQ%3D%3D\" href='https:\/\/www.lichen.pl\/wp-content\/uploads\/2025\/10\/Dzien_edukacji_narodowej-23.jpg'><img loading=\"lazy\" width=\"300\" height=\"200\" src=\"https:\/\/www.lichen.pl\/wp-content\/uploads\/2025\/10\/Dzien_edukacji_narodowej-23-300x200.jpg\" class=\"attachment-medium size-medium\" alt=\"\" decoding=\"async\" srcset=\"https:\/\/www.lichen.pl\/wp-content\/uploads\/2025\/10\/Dzien_edukacji_narodowej-23-300x200.jpg 300w, https:\/\/www.lichen.pl\/wp-content\/uploads\/2025\/10\/Dzien_edukacji_narodowej-23-1024x683.jpg 1024w, https:\/\/www.lichen.pl\/wp-content\/uploads\/2025\/10\/Dzien_edukacji_narodowej-23-768x512.jpg 768w, https:\/\/www.lichen.pl\/wp-content\/uploads\/2025\/10\/Dzien_edukacji_narodowej-23-1536x1024.jpg 1536w, https:\/\/www.lichen.pl\/wp-content\/uploads\/2025\/10\/Dzien_edukacji_narodowej-23-2048x1365.jpg 2048w, https:\/\/www.lichen.pl\/wp-content\/uploads\/2025\/10\/Dzien_edukacji_narodowej-23-18x12.jpg 18w, https:\/\/www.lichen.pl\/wp-content\/uploads\/2025\/10\/Dzien_edukacji_narodowej-23-800x533.jpg 800w\" sizes=\"(max-width: 300px) 100vw, 300px\" \/><\/a>\n\t\t\t<\/div><\/figure><figure class='gallery-item'>\n\t\t\t<div class='gallery-icon landscape'>\n\t\t\t\t<a data-elementor-open-lightbox=\"yes\" data-elementor-lightbox-slideshow=\"6b67caf\" data-elementor-lightbox-title=\"Dzien_edukacji_narodowej (25)\" data-e-action-hash=\"#elementor-action%3Aaction%3Dlightbox%26settings%3DeyJpZCI6OTA1MDAsInVybCI6Imh0dHBzOlwvXC93d3cubGljaGVuLnBsXC93cC1jb250ZW50XC91cGxvYWRzXC8yMDI1XC8xMFwvRHppZW5fZWR1a2FjamlfbmFyb2Rvd2VqLTI1LmpwZyIsInNsaWRlc2hvdyI6IjZiNjdjYWYifQ%3D%3D\" href='https:\/\/www.lichen.pl\/wp-content\/uploads\/2025\/10\/Dzien_edukacji_narodowej-25.jpg'><img loading=\"lazy\" width=\"300\" height=\"200\" src=\"https:\/\/www.lichen.pl\/wp-content\/uploads\/2025\/10\/Dzien_edukacji_narodowej-25-300x200.jpg\" class=\"attachment-medium size-medium\" alt=\"\" decoding=\"async\" srcset=\"https:\/\/www.lichen.pl\/wp-content\/uploads\/2025\/10\/Dzien_edukacji_narodowej-25-300x200.jpg 300w, https:\/\/www.lichen.pl\/wp-content\/uploads\/2025\/10\/Dzien_edukacji_narodowej-25-1024x683.jpg 1024w, https:\/\/www.lichen.pl\/wp-content\/uploads\/2025\/10\/Dzien_edukacji_narodowej-25-768x512.jpg 768w, https:\/\/www.lichen.pl\/wp-content\/uploads\/2025\/10\/Dzien_edukacji_narodowej-25-1536x1024.jpg 1536w, https:\/\/www.lichen.pl\/wp-content\/uploads\/2025\/10\/Dzien_edukacji_narodowej-25-2048x1365.jpg 2048w, https:\/\/www.lichen.pl\/wp-content\/uploads\/2025\/10\/Dzien_edukacji_narodowej-25-18x12.jpg 18w, https:\/\/www.lichen.pl\/wp-content\/uploads\/2025\/10\/Dzien_edukacji_narodowej-25-800x533.jpg 800w\" sizes=\"(max-width: 300px) 100vw, 300px\" \/><\/a>\n\t\t\t<\/div><\/figure><figure class='gallery-item'>\n\t\t\t<div class='gallery-icon landscape'>\n\t\t\t\t<a data-elementor-open-lightbox=\"yes\" data-elementor-lightbox-slideshow=\"6b67caf\" data-elementor-lightbox-title=\"Dzien_edukacji_narodowej (26)\" data-e-action-hash=\"#elementor-action%3Aaction%3Dlightbox%26settings%3DeyJpZCI6OTA1MDEsInVybCI6Imh0dHBzOlwvXC93d3cubGljaGVuLnBsXC93cC1jb250ZW50XC91cGxvYWRzXC8yMDI1XC8xMFwvRHppZW5fZWR1a2FjamlfbmFyb2Rvd2VqLTI2LmpwZyIsInNsaWRlc2hvdyI6IjZiNjdjYWYifQ%3D%3D\" href='https:\/\/www.lichen.pl\/wp-content\/uploads\/2025\/10\/Dzien_edukacji_narodowej-26.jpg'><img loading=\"lazy\" width=\"300\" height=\"200\" src=\"https:\/\/www.lichen.pl\/wp-content\/uploads\/2025\/10\/Dzien_edukacji_narodowej-26-300x200.jpg\" class=\"attachment-medium size-medium\" alt=\"\" decoding=\"async\" srcset=\"https:\/\/www.lichen.pl\/wp-content\/uploads\/2025\/10\/Dzien_edukacji_narodowej-26-300x200.jpg 300w, https:\/\/www.lichen.pl\/wp-content\/uploads\/2025\/10\/Dzien_edukacji_narodowej-26-1024x683.jpg 1024w, https:\/\/www.lichen.pl\/wp-content\/uploads\/2025\/10\/Dzien_edukacji_narodowej-26-768x512.jpg 768w, https:\/\/www.lichen.pl\/wp-content\/uploads\/2025\/10\/Dzien_edukacji_narodowej-26-1536x1024.jpg 1536w, https:\/\/www.lichen.pl\/wp-content\/uploads\/2025\/10\/Dzien_edukacji_narodowej-26-2048x1365.jpg 2048w, https:\/\/www.lichen.pl\/wp-content\/uploads\/2025\/10\/Dzien_edukacji_narodowej-26-18x12.jpg 18w, https:\/\/www.lichen.pl\/wp-content\/uploads\/2025\/10\/Dzien_edukacji_narodowej-26-800x533.jpg 800w, https:\/\/www.lichen.pl\/wp-content\/uploads\/2025\/10\/Dzien_edukacji_narodowej-26.jpg 1600w\" sizes=\"(max-width: 300px) 100vw, 300px\" \/><\/a>\n\t\t\t<\/div><\/figure><figure class='gallery-item'>\n\t\t\t<div class='gallery-icon landscape'>\n\t\t\t\t<a data-elementor-open-lightbox=\"yes\" data-elementor-lightbox-slideshow=\"6b67caf\" data-elementor-lightbox-title=\"Dzien_edukacji_narodowej (28)\" data-e-action-hash=\"#elementor-action%3Aaction%3Dlightbox%26settings%3DeyJpZCI6OTA1MDIsInVybCI6Imh0dHBzOlwvXC93d3cubGljaGVuLnBsXC93cC1jb250ZW50XC91cGxvYWRzXC8yMDI1XC8xMFwvRHppZW5fZWR1a2FjamlfbmFyb2Rvd2VqLTI4LmpwZyIsInNsaWRlc2hvdyI6IjZiNjdjYWYifQ%3D%3D\" href='https:\/\/www.lichen.pl\/wp-content\/uploads\/2025\/10\/Dzien_edukacji_narodowej-28.jpg'><img loading=\"lazy\" width=\"300\" height=\"200\" src=\"https:\/\/www.lichen.pl\/wp-content\/uploads\/2025\/10\/Dzien_edukacji_narodowej-28-300x200.jpg\" class=\"attachment-medium size-medium\" alt=\"\" decoding=\"async\" srcset=\"https:\/\/www.lichen.pl\/wp-content\/uploads\/2025\/10\/Dzien_edukacji_narodowej-28-300x200.jpg 300w, https:\/\/www.lichen.pl\/wp-content\/uploads\/2025\/10\/Dzien_edukacji_narodowej-28-1024x683.jpg 1024w, https:\/\/www.lichen.pl\/wp-content\/uploads\/2025\/10\/Dzien_edukacji_narodowej-28-768x512.jpg 768w, https:\/\/www.lichen.pl\/wp-content\/uploads\/2025\/10\/Dzien_edukacji_narodowej-28-1536x1024.jpg 1536w, https:\/\/www.lichen.pl\/wp-content\/uploads\/2025\/10\/Dzien_edukacji_narodowej-28-2048x1365.jpg 2048w, https:\/\/www.lichen.pl\/wp-content\/uploads\/2025\/10\/Dzien_edukacji_narodowej-28-18x12.jpg 18w, https:\/\/www.lichen.pl\/wp-content\/uploads\/2025\/10\/Dzien_edukacji_narodowej-28-800x533.jpg 800w, https:\/\/www.lichen.pl\/wp-content\/uploads\/2025\/10\/Dzien_edukacji_narodowej-28.jpg 1920w\" sizes=\"(max-width: 300px) 100vw, 300px\" \/><\/a>\n\t\t\t<\/div><\/figure>\n\t\t<\/div>\n\t\t<\/div>\n\t\t\t\t\t\t<\/div>\n\t\t\t\t<\/div>\n\t\t\t\t\t<\/div>\n\t\t<\/div>\n\t\t\t\t\t<\/div>\n\t\t<\/section>\n\t\t\t\t<\/div>","protected":false},"excerpt":{"rendered":"<p>\u201eDzisiaj s\u0105 tutaj po\u015br\u00f3d nas nauczyciele. My\u015bl\u0119, \u017ce nauczyciele mog\u0105 do\u015bwiadczy\u0107 czego\u015b niezwyk\u0142ego \u2013 w\u0142a\u015bnie takiego wzrostu, bo macie do czynienia, drodzy pedagodzy, wychowawcy i dyrektorzy szk\u00f3\u0142, z ziarnem w postaci dzieci. Ma\u0142ych dzieci, z kt\u00f3rych z czasem zaczyna wyrasta\u0107 co\u015b wielkiego. Co\u015b, co mo\u017ce si\u0119 rozwija\u0107. I to dzi\u0119ki wam\u201d. Tymi s\u0142owami kustosz sanktuarium, [&hellip;]<\/p>\n","protected":false},"author":8,"featured_media":90481,"comment_status":"closed","ping_status":"closed","sticky":false,"template":"","format":"standard","meta":{"footnotes":""},"categories":[1],"tags":[],"class_list":["post-90479","post","type-post","status-publish","format-standard","has-post-thumbnail","hentry","category-aktualnosci","wpbf-post"],"yoast_head":"<!-- This site is optimized with the Yoast SEO plugin v27.4 - https:\/\/yoast.com\/product\/yoast-seo-wordpress\/ -->\n<title>Z ma\u0142ych ziaren wzrasta wielkie dobro \u2013 Jubileuszowy Sanktuaryjny Dzie\u0144 Nauczyciela - SANKTUARIUM W LICHENIU<\/title>\n<meta name=\"robots\" content=\"index, follow, max-snippet:-1, max-image-preview:large, max-video-preview:-1\" \/>\n<link rel=\"canonical\" href=\"https:\/\/www.lichen.pl\/it\/z-malych-ziaren-wzrasta-wielkie-dobro-jubileuszowy-sanktuaryjny-dzien-nauczyciela\/\" \/>\n<meta property=\"og:locale\" content=\"it_IT\" \/>\n<meta property=\"og:type\" content=\"article\" \/>\n<meta property=\"og:title\" content=\"Z ma\u0142ych ziaren wzrasta wielkie dobro \u2013 Jubileuszowy Sanktuaryjny Dzie\u0144 Nauczyciela - SANKTUARIUM W LICHENIU\" \/>\n<meta property=\"og:description\" content=\"\u201eDzisiaj s\u0105 tutaj po\u015br\u00f3d nas nauczyciele. My\u015bl\u0119, \u017ce nauczyciele mog\u0105 do\u015bwiadczy\u0107 czego\u015b niezwyk\u0142ego \u2013 w\u0142a\u015bnie takiego wzrostu, bo macie do czynienia, drodzy pedagodzy, wychowawcy i dyrektorzy szk\u00f3\u0142, z ziarnem w postaci dzieci. Ma\u0142ych dzieci, z kt\u00f3rych z czasem zaczyna wyrasta\u0107 co\u015b wielkiego. Co\u015b, co mo\u017ce si\u0119 rozwija\u0107. I to dzi\u0119ki wam\u201d. Tymi s\u0142owami kustosz sanktuarium, [&hellip;]\" \/>\n<meta property=\"og:url\" content=\"https:\/\/www.lichen.pl\/it\/z-malych-ziaren-wzrasta-wielkie-dobro-jubileuszowy-sanktuaryjny-dzien-nauczyciela\/\" \/>\n<meta property=\"og:site_name\" content=\"SANKTUARIUM W LICHENIU\" \/>\n<meta property=\"article:published_time\" content=\"2025-10-13T06:54:49+00:00\" \/>\n<meta property=\"article:modified_time\" content=\"2025-10-13T07:02:01+00:00\" \/>\n<meta property=\"og:image\" content=\"https:\/\/www.lichen.pl\/wp-content\/uploads\/2025\/10\/Dzien_edukacji_narodowej-19-1024x683.jpg\" \/>\n\t<meta property=\"og:image:width\" content=\"1024\" \/>\n\t<meta property=\"og:image:height\" content=\"683\" \/>\n\t<meta property=\"og:image:type\" content=\"image\/jpeg\" \/>\n<meta name=\"author\" content=\"Biuro Prasowe\" \/>\n<meta name=\"twitter:card\" content=\"summary_large_image\" \/>\n<meta name=\"twitter:label1\" content=\"Scritto da\" \/>\n\t<meta name=\"twitter:data1\" content=\"Biuro Prasowe\" \/>\n\t<meta name=\"twitter:label2\" content=\"Tempo di lettura stimato\" \/>\n\t<meta name=\"twitter:data2\" content=\"9 minuti\" \/>\n<script type=\"application\/ld+json\" class=\"yoast-schema-graph\">{\"@context\":\"https:\\\/\\\/schema.org\",\"@graph\":[{\"@type\":\"Article\",\"@id\":\"https:\\\/\\\/www.lichen.pl\\\/z-malych-ziaren-wzrasta-wielkie-dobro-jubileuszowy-sanktuaryjny-dzien-nauczyciela\\\/#article\",\"isPartOf\":{\"@id\":\"https:\\\/\\\/www.lichen.pl\\\/z-malych-ziaren-wzrasta-wielkie-dobro-jubileuszowy-sanktuaryjny-dzien-nauczyciela\\\/\"},\"author\":{\"name\":\"Biuro Prasowe\",\"@id\":\"https:\\\/\\\/www.lichen.pl\\\/fr\\\/#\\\/schema\\\/person\\\/682b5cfa2f8a664a298ed0bc19782a02\"},\"headline\":\"Z ma\u0142ych ziaren wzrasta wielkie dobro \u2013 Jubileuszowy Sanktuaryjny Dzie\u0144 Nauczyciela\",\"datePublished\":\"2025-10-13T06:54:49+00:00\",\"dateModified\":\"2025-10-13T07:02:01+00:00\",\"mainEntityOfPage\":{\"@id\":\"https:\\\/\\\/www.lichen.pl\\\/z-malych-ziaren-wzrasta-wielkie-dobro-jubileuszowy-sanktuaryjny-dzien-nauczyciela\\\/\"},\"wordCount\":833,\"image\":{\"@id\":\"https:\\\/\\\/www.lichen.pl\\\/z-malych-ziaren-wzrasta-wielkie-dobro-jubileuszowy-sanktuaryjny-dzien-nauczyciela\\\/#primaryimage\"},\"thumbnailUrl\":\"https:\\\/\\\/www.lichen.pl\\\/wp-content\\\/uploads\\\/2025\\\/10\\\/Dzien_edukacji_narodowej-19.jpg\",\"articleSection\":[\"Aktualno\u015bci\"],\"inLanguage\":\"it-IT\"},{\"@type\":\"WebPage\",\"@id\":\"https:\\\/\\\/www.lichen.pl\\\/z-malych-ziaren-wzrasta-wielkie-dobro-jubileuszowy-sanktuaryjny-dzien-nauczyciela\\\/\",\"url\":\"https:\\\/\\\/www.lichen.pl\\\/z-malych-ziaren-wzrasta-wielkie-dobro-jubileuszowy-sanktuaryjny-dzien-nauczyciela\\\/\",\"name\":\"Z ma\u0142ych ziaren wzrasta wielkie dobro \u2013 Jubileuszowy Sanktuaryjny Dzie\u0144 Nauczyciela - SANKTUARIUM W LICHENIU\",\"isPartOf\":{\"@id\":\"https:\\\/\\\/www.lichen.pl\\\/fr\\\/#website\"},\"primaryImageOfPage\":{\"@id\":\"https:\\\/\\\/www.lichen.pl\\\/z-malych-ziaren-wzrasta-wielkie-dobro-jubileuszowy-sanktuaryjny-dzien-nauczyciela\\\/#primaryimage\"},\"image\":{\"@id\":\"https:\\\/\\\/www.lichen.pl\\\/z-malych-ziaren-wzrasta-wielkie-dobro-jubileuszowy-sanktuaryjny-dzien-nauczyciela\\\/#primaryimage\"},\"thumbnailUrl\":\"https:\\\/\\\/www.lichen.pl\\\/wp-content\\\/uploads\\\/2025\\\/10\\\/Dzien_edukacji_narodowej-19.jpg\",\"datePublished\":\"2025-10-13T06:54:49+00:00\",\"dateModified\":\"2025-10-13T07:02:01+00:00\",\"author\":{\"@id\":\"https:\\\/\\\/www.lichen.pl\\\/fr\\\/#\\\/schema\\\/person\\\/682b5cfa2f8a664a298ed0bc19782a02\"},\"breadcrumb\":{\"@id\":\"https:\\\/\\\/www.lichen.pl\\\/z-malych-ziaren-wzrasta-wielkie-dobro-jubileuszowy-sanktuaryjny-dzien-nauczyciela\\\/#breadcrumb\"},\"inLanguage\":\"it-IT\",\"potentialAction\":[{\"@type\":\"ReadAction\",\"target\":[\"https:\\\/\\\/www.lichen.pl\\\/z-malych-ziaren-wzrasta-wielkie-dobro-jubileuszowy-sanktuaryjny-dzien-nauczyciela\\\/\"]}]},{\"@type\":\"ImageObject\",\"inLanguage\":\"it-IT\",\"@id\":\"https:\\\/\\\/www.lichen.pl\\\/z-malych-ziaren-wzrasta-wielkie-dobro-jubileuszowy-sanktuaryjny-dzien-nauczyciela\\\/#primaryimage\",\"url\":\"https:\\\/\\\/www.lichen.pl\\\/wp-content\\\/uploads\\\/2025\\\/10\\\/Dzien_edukacji_narodowej-19.jpg\",\"contentUrl\":\"https:\\\/\\\/www.lichen.pl\\\/wp-content\\\/uploads\\\/2025\\\/10\\\/Dzien_edukacji_narodowej-19.jpg\",\"width\":1920,\"height\":1280},{\"@type\":\"BreadcrumbList\",\"@id\":\"https:\\\/\\\/www.lichen.pl\\\/z-malych-ziaren-wzrasta-wielkie-dobro-jubileuszowy-sanktuaryjny-dzien-nauczyciela\\\/#breadcrumb\",\"itemListElement\":[{\"@type\":\"ListItem\",\"position\":1,\"name\":\"Strona g\u0142\u00f3wna\",\"item\":\"https:\\\/\\\/www.lichen.pl\\\/\"},{\"@type\":\"ListItem\",\"position\":2,\"name\":\"Z ma\u0142ych ziaren wzrasta wielkie dobro \u2013 Jubileuszowy Sanktuaryjny Dzie\u0144 Nauczyciela\"}]},{\"@type\":\"WebSite\",\"@id\":\"https:\\\/\\\/www.lichen.pl\\\/fr\\\/#website\",\"url\":\"https:\\\/\\\/www.lichen.pl\\\/fr\\\/\",\"name\":\"SANKTUARIUM W LICHENIU\",\"description\":\"MATKI BO\u017bEJ LICHE\u0143SKIEJ BOLESNEJ KR\u00d3LOWEJ POLSKI\",\"potentialAction\":[{\"@type\":\"SearchAction\",\"target\":{\"@type\":\"EntryPoint\",\"urlTemplate\":\"https:\\\/\\\/www.lichen.pl\\\/fr\\\/?s={search_term_string}\"},\"query-input\":{\"@type\":\"PropertyValueSpecification\",\"valueRequired\":true,\"valueName\":\"search_term_string\"}}],\"inLanguage\":\"it-IT\"},{\"@type\":\"Person\",\"@id\":\"https:\\\/\\\/www.lichen.pl\\\/fr\\\/#\\\/schema\\\/person\\\/682b5cfa2f8a664a298ed0bc19782a02\",\"name\":\"Biuro Prasowe\",\"image\":{\"@type\":\"ImageObject\",\"inLanguage\":\"it-IT\",\"@id\":\"https:\\\/\\\/secure.gravatar.com\\\/avatar\\\/07fa3449d37670fd38888cb2e3db27aa13df245d811ec65206e44888f202bb53?s=96&d=retro&r=g\",\"url\":\"https:\\\/\\\/secure.gravatar.com\\\/avatar\\\/07fa3449d37670fd38888cb2e3db27aa13df245d811ec65206e44888f202bb53?s=96&d=retro&r=g\",\"contentUrl\":\"https:\\\/\\\/secure.gravatar.com\\\/avatar\\\/07fa3449d37670fd38888cb2e3db27aa13df245d811ec65206e44888f202bb53?s=96&d=retro&r=g\",\"caption\":\"Biuro Prasowe\"},\"sameAs\":[\"http:\\\/\\\/www.lichen.pl\"],\"url\":\"https:\\\/\\\/www.lichen.pl\\\/it\\\/author\\\/biuro-prasowe\\\/\"}]}<\/script>\n<!-- \/ Yoast SEO plugin. -->","yoast_head_json":{"title":"Z ma\u0142ych ziaren wzrasta wielkie dobro \u2013 Jubileuszowy Sanktuaryjny Dzie\u0144 Nauczyciela - SANKTUARIUM W LICHENIU","robots":{"index":"index","follow":"follow","max-snippet":"max-snippet:-1","max-image-preview":"max-image-preview:large","max-video-preview":"max-video-preview:-1"},"canonical":"https:\/\/www.lichen.pl\/it\/z-malych-ziaren-wzrasta-wielkie-dobro-jubileuszowy-sanktuaryjny-dzien-nauczyciela\/","og_locale":"it_IT","og_type":"article","og_title":"Z ma\u0142ych ziaren wzrasta wielkie dobro \u2013 Jubileuszowy Sanktuaryjny Dzie\u0144 Nauczyciela - SANKTUARIUM W LICHENIU","og_description":"\u201eDzisiaj s\u0105 tutaj po\u015br\u00f3d nas nauczyciele. My\u015bl\u0119, \u017ce nauczyciele mog\u0105 do\u015bwiadczy\u0107 czego\u015b niezwyk\u0142ego \u2013 w\u0142a\u015bnie takiego wzrostu, bo macie do czynienia, drodzy pedagodzy, wychowawcy i dyrektorzy szk\u00f3\u0142, z ziarnem w postaci dzieci. Ma\u0142ych dzieci, z kt\u00f3rych z czasem zaczyna wyrasta\u0107 co\u015b wielkiego. Co\u015b, co mo\u017ce si\u0119 rozwija\u0107. I to dzi\u0119ki wam\u201d. Tymi s\u0142owami kustosz sanktuarium, [&hellip;]","og_url":"https:\/\/www.lichen.pl\/it\/z-malych-ziaren-wzrasta-wielkie-dobro-jubileuszowy-sanktuaryjny-dzien-nauczyciela\/","og_site_name":"SANKTUARIUM W LICHENIU","article_published_time":"2025-10-13T06:54:49+00:00","article_modified_time":"2025-10-13T07:02:01+00:00","og_image":[{"width":1024,"height":683,"url":"https:\/\/www.lichen.pl\/wp-content\/uploads\/2025\/10\/Dzien_edukacji_narodowej-19-1024x683.jpg","type":"image\/jpeg"}],"author":"Biuro Prasowe","twitter_card":"summary_large_image","twitter_misc":{"Scritto da":"Biuro Prasowe","Tempo di lettura stimato":"9 minuti"},"schema":{"@context":"https:\/\/schema.org","@graph":[{"@type":"Article","@id":"https:\/\/www.lichen.pl\/z-malych-ziaren-wzrasta-wielkie-dobro-jubileuszowy-sanktuaryjny-dzien-nauczyciela\/#article","isPartOf":{"@id":"https:\/\/www.lichen.pl\/z-malych-ziaren-wzrasta-wielkie-dobro-jubileuszowy-sanktuaryjny-dzien-nauczyciela\/"},"author":{"name":"Biuro Prasowe","@id":"https:\/\/www.lichen.pl\/fr\/#\/schema\/person\/682b5cfa2f8a664a298ed0bc19782a02"},"headline":"Z ma\u0142ych ziaren wzrasta wielkie dobro \u2013 Jubileuszowy Sanktuaryjny Dzie\u0144 Nauczyciela","datePublished":"2025-10-13T06:54:49+00:00","dateModified":"2025-10-13T07:02:01+00:00","mainEntityOfPage":{"@id":"https:\/\/www.lichen.pl\/z-malych-ziaren-wzrasta-wielkie-dobro-jubileuszowy-sanktuaryjny-dzien-nauczyciela\/"},"wordCount":833,"image":{"@id":"https:\/\/www.lichen.pl\/z-malych-ziaren-wzrasta-wielkie-dobro-jubileuszowy-sanktuaryjny-dzien-nauczyciela\/#primaryimage"},"thumbnailUrl":"https:\/\/www.lichen.pl\/wp-content\/uploads\/2025\/10\/Dzien_edukacji_narodowej-19.jpg","articleSection":["Aktualno\u015bci"],"inLanguage":"it-IT"},{"@type":"WebPage","@id":"https:\/\/www.lichen.pl\/z-malych-ziaren-wzrasta-wielkie-dobro-jubileuszowy-sanktuaryjny-dzien-nauczyciela\/","url":"https:\/\/www.lichen.pl\/z-malych-ziaren-wzrasta-wielkie-dobro-jubileuszowy-sanktuaryjny-dzien-nauczyciela\/","name":"Z ma\u0142ych ziaren wzrasta wielkie dobro \u2013 Jubileuszowy Sanktuaryjny Dzie\u0144 Nauczyciela - SANKTUARIUM W LICHENIU","isPartOf":{"@id":"https:\/\/www.lichen.pl\/fr\/#website"},"primaryImageOfPage":{"@id":"https:\/\/www.lichen.pl\/z-malych-ziaren-wzrasta-wielkie-dobro-jubileuszowy-sanktuaryjny-dzien-nauczyciela\/#primaryimage"},"image":{"@id":"https:\/\/www.lichen.pl\/z-malych-ziaren-wzrasta-wielkie-dobro-jubileuszowy-sanktuaryjny-dzien-nauczyciela\/#primaryimage"},"thumbnailUrl":"https:\/\/www.lichen.pl\/wp-content\/uploads\/2025\/10\/Dzien_edukacji_narodowej-19.jpg","datePublished":"2025-10-13T06:54:49+00:00","dateModified":"2025-10-13T07:02:01+00:00","author":{"@id":"https:\/\/www.lichen.pl\/fr\/#\/schema\/person\/682b5cfa2f8a664a298ed0bc19782a02"},"breadcrumb":{"@id":"https:\/\/www.lichen.pl\/z-malych-ziaren-wzrasta-wielkie-dobro-jubileuszowy-sanktuaryjny-dzien-nauczyciela\/#breadcrumb"},"inLanguage":"it-IT","potentialAction":[{"@type":"ReadAction","target":["https:\/\/www.lichen.pl\/z-malych-ziaren-wzrasta-wielkie-dobro-jubileuszowy-sanktuaryjny-dzien-nauczyciela\/"]}]},{"@type":"ImageObject","inLanguage":"it-IT","@id":"https:\/\/www.lichen.pl\/z-malych-ziaren-wzrasta-wielkie-dobro-jubileuszowy-sanktuaryjny-dzien-nauczyciela\/#primaryimage","url":"https:\/\/www.lichen.pl\/wp-content\/uploads\/2025\/10\/Dzien_edukacji_narodowej-19.jpg","contentUrl":"https:\/\/www.lichen.pl\/wp-content\/uploads\/2025\/10\/Dzien_edukacji_narodowej-19.jpg","width":1920,"height":1280},{"@type":"BreadcrumbList","@id":"https:\/\/www.lichen.pl\/z-malych-ziaren-wzrasta-wielkie-dobro-jubileuszowy-sanktuaryjny-dzien-nauczyciela\/#breadcrumb","itemListElement":[{"@type":"ListItem","position":1,"name":"Strona g\u0142\u00f3wna","item":"https:\/\/www.lichen.pl\/"},{"@type":"ListItem","position":2,"name":"Z ma\u0142ych ziaren wzrasta wielkie dobro \u2013 Jubileuszowy Sanktuaryjny Dzie\u0144 Nauczyciela"}]},{"@type":"WebSite","@id":"https:\/\/www.lichen.pl\/fr\/#website","url":"https:\/\/www.lichen.pl\/fr\/","name":"SANTUARIO IN LICHENIA","description":"LA REGINA ADOLORATA DEL NOSTRO LICHENE DI POLONIA","potentialAction":[{"@type":"SearchAction","target":{"@type":"EntryPoint","urlTemplate":"https:\/\/www.lichen.pl\/fr\/?s={search_term_string}"},"query-input":{"@type":"PropertyValueSpecification","valueRequired":true,"valueName":"search_term_string"}}],"inLanguage":"it-IT"},{"@type":"Person","@id":"https:\/\/www.lichen.pl\/fr\/#\/schema\/person\/682b5cfa2f8a664a298ed0bc19782a02","name":"Biuro Prasowe","image":{"@type":"ImageObject","inLanguage":"it-IT","@id":"https:\/\/secure.gravatar.com\/avatar\/07fa3449d37670fd38888cb2e3db27aa13df245d811ec65206e44888f202bb53?s=96&d=retro&r=g","url":"https:\/\/secure.gravatar.com\/avatar\/07fa3449d37670fd38888cb2e3db27aa13df245d811ec65206e44888f202bb53?s=96&d=retro&r=g","contentUrl":"https:\/\/secure.gravatar.com\/avatar\/07fa3449d37670fd38888cb2e3db27aa13df245d811ec65206e44888f202bb53?s=96&d=retro&r=g","caption":"Biuro Prasowe"},"sameAs":["http:\/\/www.lichen.pl"],"url":"https:\/\/www.lichen.pl\/it\/author\/biuro-prasowe\/"}]}},"_links":{"self":[{"href":"https:\/\/www.lichen.pl\/it\/wp-json\/wp\/v2\/posts\/90479","targetHints":{"allow":["GET"]}}],"collection":[{"href":"https:\/\/www.lichen.pl\/it\/wp-json\/wp\/v2\/posts"}],"about":[{"href":"https:\/\/www.lichen.pl\/it\/wp-json\/wp\/v2\/types\/post"}],"author":[{"embeddable":true,"href":"https:\/\/www.lichen.pl\/it\/wp-json\/wp\/v2\/users\/8"}],"replies":[{"embeddable":true,"href":"https:\/\/www.lichen.pl\/it\/wp-json\/wp\/v2\/comments?post=90479"}],"version-history":[{"count":6,"href":"https:\/\/www.lichen.pl\/it\/wp-json\/wp\/v2\/posts\/90479\/revisions"}],"predecessor-version":[{"id":90510,"href":"https:\/\/www.lichen.pl\/it\/wp-json\/wp\/v2\/posts\/90479\/revisions\/90510"}],"wp:featuredmedia":[{"embeddable":true,"href":"https:\/\/www.lichen.pl\/it\/wp-json\/wp\/v2\/media\/90481"}],"wp:attachment":[{"href":"https:\/\/www.lichen.pl\/it\/wp-json\/wp\/v2\/media?parent=90479"}],"wp:term":[{"taxonomy":"category","embeddable":true,"href":"https:\/\/www.lichen.pl\/it\/wp-json\/wp\/v2\/categories?post=90479"},{"taxonomy":"post_tag","embeddable":true,"href":"https:\/\/www.lichen.pl\/it\/wp-json\/wp\/v2\/tags?post=90479"}],"curies":[{"name":"wp","href":"https:\/\/api.w.org\/{rel}","templated":true}]}}