{"id":9382,"date":"2021-02-21T08:12:56","date_gmt":"2021-02-21T08:12:56","guid":{"rendered":"http:\/\/www.lichen.pl\/?p=9382"},"modified":"2021-05-25T12:01:36","modified_gmt":"2021-05-25T12:01:36","slug":"wielkopostne-rekolekcje-internetowe","status":"publish","type":"post","link":"https:\/\/www.lichen.pl\/it\/wielkopostne-rekolekcje-internetowe\/","title":{"rendered":"Ritiro quaresimale su Internet"},"content":{"rendered":"<div data-elementor-type=\"wp-post\" data-elementor-id=\"9382\" class=\"elementor elementor-9382\" data-elementor-post-type=\"post\">\n\t\t\t\t\t\t<section class=\"elementor-section elementor-top-section elementor-element elementor-element-1dac933a elementor-section-boxed elementor-section-height-default elementor-section-height-default\" data-id=\"1dac933a\" data-element_type=\"section\" data-e-type=\"section\">\n\t\t\t\t\t\t<div class=\"elementor-container elementor-column-gap-default\">\n\t\t\t\t\t<div class=\"elementor-column elementor-col-100 elementor-top-column elementor-element elementor-element-59e6df5c\" data-id=\"59e6df5c\" data-element_type=\"column\" data-e-type=\"column\">\n\t\t\t<div class=\"elementor-widget-wrap elementor-element-populated\">\n\t\t\t\t\t\t<section class=\"elementor-section elementor-inner-section elementor-element elementor-element-f73b8e8 elementor-section-boxed elementor-section-height-default elementor-section-height-default\" data-id=\"f73b8e8\" data-element_type=\"section\" data-e-type=\"section\">\n\t\t\t\t\t\t<div class=\"elementor-container elementor-column-gap-narrow\">\n\t\t\t\t\t<div class=\"elementor-column elementor-col-100 elementor-inner-column elementor-element elementor-element-492815c\" data-id=\"492815c\" data-element_type=\"column\" data-e-type=\"column\">\n\t\t\t<div class=\"elementor-widget-wrap elementor-element-populated\">\n\t\t\t\t\t\t<div class=\"elementor-element elementor-element-94d492a elementor-widget elementor-widget-heading\" data-id=\"94d492a\" data-element_type=\"widget\" data-e-type=\"widget\" data-widget_type=\"heading.default\">\n\t\t\t\t<div class=\"elementor-widget-container\">\n\t\t\t\t\t<h1 class=\"elementor-heading-title elementor-size-default\">I Padri Mariani vi invitano a partecipare al ritiro quaresimale online &quot;Chiavi della libert\u00e0 umana&quot;.<\/h1>\t\t\t\t<\/div>\n\t\t\t\t<\/div>\n\t\t\t\t\t<\/div>\n\t\t<\/div>\n\t\t\t\t\t<\/div>\n\t\t<\/section>\n\t\t\t\t<div class=\"elementor-element elementor-element-67d76808 elementor-widget elementor-widget-text-editor\" data-id=\"67d76808\" data-element_type=\"widget\" data-e-type=\"widget\" data-widget_type=\"text-editor.default\">\n\t\t\t\t<div class=\"elementor-widget-container\">\n\t\t\t\t\t\t\t\t\t<p>Le considerazioni saranno guidate da p. Jaros\u0142aw Hybza, MIC.<br \/>A partire da 19:00 a partire dalla prossima domenica 21 febbraio fino a mercoled\u00ec 24 febbraio compresi.<\/p><p>Argomenti delle singole giornate di ritiro:<br \/>21 febbraio (domenica) - Relazione con Ges\u00f9<br \/>22 febbraio (luned\u00ec) - Perdono<br \/>23 febbraio (marted\u00ec) - Rinuncia al male<br \/>24 febbraio (mercoled\u00ec) - Riconoscimento dell&#039;autorit\u00e0 di Ges\u00f9<\/p><p>Vi invitiamo ad unirvi alla preghiera comune:<\/p><p>www.lichen.pl<\/p><p>www.facebook.com\/SanktuariumLichen<\/p><p>www.youtube.com\/Santuario di Nostra Signora del Lichene<\/p><p>Ti invitiamo!<\/p>\t\t\t\t\t\t\t\t<\/div>\n\t\t\t\t<\/div>\n\t\t\t\t<div class=\"elementor-element elementor-element-0ebe477 elementor-widget-divider--view-line elementor-widget elementor-widget-divider\" data-id=\"0ebe477\" data-element_type=\"widget\" data-e-type=\"widget\" data-widget_type=\"divider.default\">\n\t\t\t\t<div class=\"elementor-widget-container\">\n\t\t\t\t\t\t\t<div class=\"elementor-divider\">\n\t\t\t<span class=\"elementor-divider-separator\">\n\t\t\t\t\t\t<\/span>\n\t\t<\/div>\n\t\t\t\t\t\t<\/div>\n\t\t\t\t<\/div>\n\t\t\t\t<section class=\"elementor-section elementor-inner-section elementor-element elementor-element-d2933fe elementor-section-boxed elementor-section-height-default elementor-section-height-default\" data-id=\"d2933fe\" data-element_type=\"section\" data-e-type=\"section\">\n\t\t\t\t\t\t<div class=\"elementor-container elementor-column-gap-default\">\n\t\t\t\t\t<div class=\"elementor-column elementor-col-100 elementor-inner-column elementor-element elementor-element-f928eff\" data-id=\"f928eff\" data-element_type=\"column\" data-e-type=\"column\">\n\t\t\t<div class=\"elementor-widget-wrap elementor-element-populated\">\n\t\t\t\t\t\t<div class=\"elementor-element elementor-element-8a49bcf elementor-widget elementor-widget-image\" data-id=\"8a49bcf\" data-element_type=\"widget\" data-e-type=\"widget\" data-widget_type=\"image.default\">\n\t\t\t\t<div class=\"elementor-widget-container\">\n\t\t\t\t\t\t\t\t\t\t\t\t<figure class=\"wp-caption\">\n\t\t\t\t\t\t\t\t\t\t<img fetchpriority=\"high\" decoding=\"async\" width=\"905\" height=\"1280\" src=\"https:\/\/www.lichen.pl\/wp-content\/uploads\/2021\/05\/rekolekcje-wielkopostne-A4.jpg\" class=\"attachment-full size-full wp-image-9384\" alt=\"Rekolekcje Wielkopostne\" srcset=\"https:\/\/www.lichen.pl\/wp-content\/uploads\/2021\/05\/rekolekcje-wielkopostne-A4.jpg 905w, https:\/\/www.lichen.pl\/wp-content\/uploads\/2021\/05\/rekolekcje-wielkopostne-A4-800x1131.jpg 800w, https:\/\/www.lichen.pl\/wp-content\/uploads\/2021\/05\/rekolekcje-wielkopostne-A4-212x300.jpg 212w, https:\/\/www.lichen.pl\/wp-content\/uploads\/2021\/05\/rekolekcje-wielkopostne-A4-724x1024.jpg 724w, https:\/\/www.lichen.pl\/wp-content\/uploads\/2021\/05\/rekolekcje-wielkopostne-A4-768x1086.jpg 768w, https:\/\/www.lichen.pl\/wp-content\/uploads\/2021\/05\/rekolekcje-wielkopostne-A4-1086x1536.jpg 1086w, https:\/\/www.lichen.pl\/wp-content\/uploads\/2021\/05\/rekolekcje-wielkopostne-A4-1448x2048.jpg 1448w\" sizes=\"(max-width: 905px) 100vw, 905px\" \/>\t\t\t\t\t\t\t\t\t\t\t<figcaption class=\"widget-image-caption wp-caption-text\">Piano di ritiro quaresimale<\/figcaption>\n\t\t\t\t\t\t\t\t\t\t<\/figure>\n\t\t\t\t\t\t\t\t\t<\/div>\n\t\t\t\t<\/div>\n\t\t\t\t\t<\/div>\n\t\t<\/div>\n\t\t\t\t\t<\/div>\n\t\t<\/section>\n\t\t\t\t\t<\/div>\n\t\t<\/div>\n\t\t\t\t\t<\/div>\n\t\t<\/section>\n\t\t\t\t<\/div>","protected":false},"excerpt":{"rendered":"<p>Ksi\u0119\u017ca marianie zapraszaj\u0105 do udzia\u0142u w internetowych Rekolekcjach Wielkopostnych \u201eKlucze do wolno\u015bci cz\u0142owieka\u201d. Rozwa\u017cania poprowadzi ks. Jaros\u0142aw Hybza MIC. Pocz\u0105tek o godz. 19.00 pocz\u0105wszy od najbli\u017cszej niedzieli 21 lutego, do \u015brody 24 lutego w\u0142\u0105cznie. Tematyka poszczeg\u00f3lnych dni rekolekcyjnych: 21 lutego (niedziela) &#8211; Relacja z Jezusem 22 lutego (poniedzia\u0142ek) &#8211; Przebaczenie 23 lutego (wtorek)\u2013 Wyrzeczenie si\u0119 [&hellip;]<\/p>\n","protected":false},"author":4,"featured_media":9384,"comment_status":"open","ping_status":"open","sticky":false,"template":"","format":"standard","meta":{"footnotes":""},"categories":[1],"tags":[],"class_list":["post-9382","post","type-post","status-publish","format-standard","has-post-thumbnail","hentry","category-aktualnosci","wpbf-post"],"yoast_head":"<!-- This site is optimized with the Yoast SEO plugin v27.4 - https:\/\/yoast.com\/product\/yoast-seo-wordpress\/ -->\n<title>Wielkopostne rekolekcje internetowe - SANKTUARIUM W LICHENIU<\/title>\n<meta name=\"robots\" content=\"index, follow, max-snippet:-1, max-image-preview:large, max-video-preview:-1\" \/>\n<link rel=\"canonical\" href=\"http:\/\/www.lichen.pl\/it\/wielkopostne-rekolekcje-internetowe\/\" \/>\n<meta property=\"og:locale\" content=\"it_IT\" \/>\n<meta property=\"og:type\" content=\"article\" \/>\n<meta property=\"og:title\" content=\"Wielkopostne rekolekcje internetowe - SANKTUARIUM W LICHENIU\" \/>\n<meta property=\"og:description\" content=\"Ksi\u0119\u017ca marianie zapraszaj\u0105 do udzia\u0142u w internetowych Rekolekcjach Wielkopostnych \u201eKlucze do wolno\u015bci cz\u0142owieka\u201d. Rozwa\u017cania poprowadzi ks. Jaros\u0142aw Hybza MIC. Pocz\u0105tek o godz. 19.00 pocz\u0105wszy od najbli\u017cszej niedzieli 21 lutego, do \u015brody 24 lutego w\u0142\u0105cznie. Tematyka poszczeg\u00f3lnych dni rekolekcyjnych: 21 lutego (niedziela) &#8211; Relacja z Jezusem 22 lutego (poniedzia\u0142ek) &#8211; Przebaczenie 23 lutego (wtorek)\u2013 Wyrzeczenie si\u0119 [&hellip;]\" \/>\n<meta property=\"og:url\" content=\"http:\/\/www.lichen.pl\/it\/wielkopostne-rekolekcje-internetowe\/\" \/>\n<meta property=\"og:site_name\" content=\"SANKTUARIUM W LICHENIU\" \/>\n<meta property=\"article:published_time\" content=\"2021-02-21T08:12:56+00:00\" \/>\n<meta property=\"article:modified_time\" content=\"2021-05-25T12:01:36+00:00\" \/>\n<meta property=\"og:image\" content=\"http:\/\/www.lichen.pl\/wp-content\/uploads\/2021\/05\/rekolekcje-wielkopostne-A4.jpg\" \/>\n\t<meta property=\"og:image:width\" content=\"905\" \/>\n\t<meta property=\"og:image:height\" content=\"1280\" \/>\n\t<meta property=\"og:image:type\" content=\"image\/jpeg\" \/>\n<meta name=\"author\" content=\"ROBERT ADAMCZYK\" \/>\n<meta name=\"twitter:card\" content=\"summary_large_image\" \/>\n<meta name=\"twitter:label1\" content=\"Scritto da\" \/>\n\t<meta name=\"twitter:data1\" content=\"ROBERT ADAMCZYK\" \/>\n\t<meta name=\"twitter:label2\" content=\"Tempo di lettura stimato\" \/>\n\t<meta name=\"twitter:data2\" content=\"1 minuto\" \/>\n<script type=\"application\/ld+json\" class=\"yoast-schema-graph\">{\"@context\":\"https:\\\/\\\/schema.org\",\"@graph\":[{\"@type\":\"Article\",\"@id\":\"http:\\\/\\\/www.lichen.pl\\\/en\\\/wielkopostne-rekolekcje-internetowe\\\/#article\",\"isPartOf\":{\"@id\":\"http:\\\/\\\/www.lichen.pl\\\/en\\\/wielkopostne-rekolekcje-internetowe\\\/\"},\"author\":{\"name\":\"ROBERT ADAMCZYK\",\"@id\":\"https:\\\/\\\/www.lichen.pl\\\/fr\\\/#\\\/schema\\\/person\\\/c06cd926b95870cc59f18d6ee6e33da5\"},\"headline\":\"Wielkopostne rekolekcje internetowe\",\"datePublished\":\"2021-02-21T08:12:56+00:00\",\"dateModified\":\"2021-05-25T12:01:36+00:00\",\"mainEntityOfPage\":{\"@id\":\"http:\\\/\\\/www.lichen.pl\\\/en\\\/wielkopostne-rekolekcje-internetowe\\\/\"},\"wordCount\":101,\"commentCount\":0,\"image\":{\"@id\":\"http:\\\/\\\/www.lichen.pl\\\/en\\\/wielkopostne-rekolekcje-internetowe\\\/#primaryimage\"},\"thumbnailUrl\":\"https:\\\/\\\/www.lichen.pl\\\/wp-content\\\/uploads\\\/2021\\\/05\\\/rekolekcje-wielkopostne-A4.jpg\",\"articleSection\":[\"Aktualno\u015bci\"],\"inLanguage\":\"it-IT\",\"potentialAction\":[{\"@type\":\"CommentAction\",\"name\":\"Comment\",\"target\":[\"http:\\\/\\\/www.lichen.pl\\\/en\\\/wielkopostne-rekolekcje-internetowe\\\/#respond\"]}]},{\"@type\":\"WebPage\",\"@id\":\"http:\\\/\\\/www.lichen.pl\\\/en\\\/wielkopostne-rekolekcje-internetowe\\\/\",\"url\":\"http:\\\/\\\/www.lichen.pl\\\/en\\\/wielkopostne-rekolekcje-internetowe\\\/\",\"name\":\"Wielkopostne rekolekcje internetowe - SANKTUARIUM W LICHENIU\",\"isPartOf\":{\"@id\":\"https:\\\/\\\/www.lichen.pl\\\/fr\\\/#website\"},\"primaryImageOfPage\":{\"@id\":\"http:\\\/\\\/www.lichen.pl\\\/en\\\/wielkopostne-rekolekcje-internetowe\\\/#primaryimage\"},\"image\":{\"@id\":\"http:\\\/\\\/www.lichen.pl\\\/en\\\/wielkopostne-rekolekcje-internetowe\\\/#primaryimage\"},\"thumbnailUrl\":\"https:\\\/\\\/www.lichen.pl\\\/wp-content\\\/uploads\\\/2021\\\/05\\\/rekolekcje-wielkopostne-A4.jpg\",\"datePublished\":\"2021-02-21T08:12:56+00:00\",\"dateModified\":\"2021-05-25T12:01:36+00:00\",\"author\":{\"@id\":\"https:\\\/\\\/www.lichen.pl\\\/fr\\\/#\\\/schema\\\/person\\\/c06cd926b95870cc59f18d6ee6e33da5\"},\"breadcrumb\":{\"@id\":\"http:\\\/\\\/www.lichen.pl\\\/en\\\/wielkopostne-rekolekcje-internetowe\\\/#breadcrumb\"},\"inLanguage\":\"it-IT\",\"potentialAction\":[{\"@type\":\"ReadAction\",\"target\":[\"http:\\\/\\\/www.lichen.pl\\\/en\\\/wielkopostne-rekolekcje-internetowe\\\/\"]}]},{\"@type\":\"ImageObject\",\"inLanguage\":\"it-IT\",\"@id\":\"http:\\\/\\\/www.lichen.pl\\\/en\\\/wielkopostne-rekolekcje-internetowe\\\/#primaryimage\",\"url\":\"https:\\\/\\\/www.lichen.pl\\\/wp-content\\\/uploads\\\/2021\\\/05\\\/rekolekcje-wielkopostne-A4.jpg\",\"contentUrl\":\"https:\\\/\\\/www.lichen.pl\\\/wp-content\\\/uploads\\\/2021\\\/05\\\/rekolekcje-wielkopostne-A4.jpg\",\"width\":905,\"height\":1280,\"caption\":\"Rekolekcje Wielkopostne\"},{\"@type\":\"BreadcrumbList\",\"@id\":\"http:\\\/\\\/www.lichen.pl\\\/en\\\/wielkopostne-rekolekcje-internetowe\\\/#breadcrumb\",\"itemListElement\":[{\"@type\":\"ListItem\",\"position\":1,\"name\":\"Strona g\u0142\u00f3wna\",\"item\":\"https:\\\/\\\/www.lichen.pl\\\/\"},{\"@type\":\"ListItem\",\"position\":2,\"name\":\"Wielkopostne rekolekcje internetowe\"}]},{\"@type\":\"WebSite\",\"@id\":\"https:\\\/\\\/www.lichen.pl\\\/fr\\\/#website\",\"url\":\"https:\\\/\\\/www.lichen.pl\\\/fr\\\/\",\"name\":\"SANKTUARIUM W LICHENIU\",\"description\":\"MATKI BO\u017bEJ LICHE\u0143SKIEJ BOLESNEJ KR\u00d3LOWEJ POLSKI\",\"potentialAction\":[{\"@type\":\"SearchAction\",\"target\":{\"@type\":\"EntryPoint\",\"urlTemplate\":\"https:\\\/\\\/www.lichen.pl\\\/fr\\\/?s={search_term_string}\"},\"query-input\":{\"@type\":\"PropertyValueSpecification\",\"valueRequired\":true,\"valueName\":\"search_term_string\"}}],\"inLanguage\":\"it-IT\"},{\"@type\":\"Person\",\"@id\":\"https:\\\/\\\/www.lichen.pl\\\/fr\\\/#\\\/schema\\\/person\\\/c06cd926b95870cc59f18d6ee6e33da5\",\"name\":\"ROBERT ADAMCZYK\",\"image\":{\"@type\":\"ImageObject\",\"inLanguage\":\"it-IT\",\"@id\":\"https:\\\/\\\/secure.gravatar.com\\\/avatar\\\/53c330430596e73552f4c356c2e47c209ff8f6352a5106011c9b6abcce5e00df?s=96&d=retro&r=g\",\"url\":\"https:\\\/\\\/secure.gravatar.com\\\/avatar\\\/53c330430596e73552f4c356c2e47c209ff8f6352a5106011c9b6abcce5e00df?s=96&d=retro&r=g\",\"contentUrl\":\"https:\\\/\\\/secure.gravatar.com\\\/avatar\\\/53c330430596e73552f4c356c2e47c209ff8f6352a5106011c9b6abcce5e00df?s=96&d=retro&r=g\",\"caption\":\"ROBERT ADAMCZYK\"},\"url\":\"https:\\\/\\\/www.lichen.pl\\\/it\\\/author\\\/press\\\/\"}]}<\/script>\n<!-- \/ Yoast SEO plugin. -->","yoast_head_json":{"title":"Wielkopostne rekolekcje internetowe - SANKTUARIUM W LICHENIU","robots":{"index":"index","follow":"follow","max-snippet":"max-snippet:-1","max-image-preview":"max-image-preview:large","max-video-preview":"max-video-preview:-1"},"canonical":"http:\/\/www.lichen.pl\/it\/wielkopostne-rekolekcje-internetowe\/","og_locale":"it_IT","og_type":"article","og_title":"Wielkopostne rekolekcje internetowe - SANKTUARIUM W LICHENIU","og_description":"Ksi\u0119\u017ca marianie zapraszaj\u0105 do udzia\u0142u w internetowych Rekolekcjach Wielkopostnych \u201eKlucze do wolno\u015bci cz\u0142owieka\u201d. Rozwa\u017cania poprowadzi ks. Jaros\u0142aw Hybza MIC. Pocz\u0105tek o godz. 19.00 pocz\u0105wszy od najbli\u017cszej niedzieli 21 lutego, do \u015brody 24 lutego w\u0142\u0105cznie. Tematyka poszczeg\u00f3lnych dni rekolekcyjnych: 21 lutego (niedziela) &#8211; Relacja z Jezusem 22 lutego (poniedzia\u0142ek) &#8211; Przebaczenie 23 lutego (wtorek)\u2013 Wyrzeczenie si\u0119 [&hellip;]","og_url":"http:\/\/www.lichen.pl\/it\/wielkopostne-rekolekcje-internetowe\/","og_site_name":"SANKTUARIUM W LICHENIU","article_published_time":"2021-02-21T08:12:56+00:00","article_modified_time":"2021-05-25T12:01:36+00:00","og_image":[{"width":905,"height":1280,"url":"http:\/\/www.lichen.pl\/wp-content\/uploads\/2021\/05\/rekolekcje-wielkopostne-A4.jpg","type":"image\/jpeg"}],"author":"ROBERT ADAMCZYK","twitter_card":"summary_large_image","twitter_misc":{"Scritto da":"ROBERT ADAMCZYK","Tempo di lettura stimato":"1 minuto"},"schema":{"@context":"https:\/\/schema.org","@graph":[{"@type":"Article","@id":"http:\/\/www.lichen.pl\/en\/wielkopostne-rekolekcje-internetowe\/#article","isPartOf":{"@id":"http:\/\/www.lichen.pl\/en\/wielkopostne-rekolekcje-internetowe\/"},"author":{"name":"ROBERT ADAMCZYK","@id":"https:\/\/www.lichen.pl\/fr\/#\/schema\/person\/c06cd926b95870cc59f18d6ee6e33da5"},"headline":"Wielkopostne rekolekcje internetowe","datePublished":"2021-02-21T08:12:56+00:00","dateModified":"2021-05-25T12:01:36+00:00","mainEntityOfPage":{"@id":"http:\/\/www.lichen.pl\/en\/wielkopostne-rekolekcje-internetowe\/"},"wordCount":101,"commentCount":0,"image":{"@id":"http:\/\/www.lichen.pl\/en\/wielkopostne-rekolekcje-internetowe\/#primaryimage"},"thumbnailUrl":"https:\/\/www.lichen.pl\/wp-content\/uploads\/2021\/05\/rekolekcje-wielkopostne-A4.jpg","articleSection":["Aktualno\u015bci"],"inLanguage":"it-IT","potentialAction":[{"@type":"CommentAction","name":"Comment","target":["http:\/\/www.lichen.pl\/en\/wielkopostne-rekolekcje-internetowe\/#respond"]}]},{"@type":"WebPage","@id":"http:\/\/www.lichen.pl\/en\/wielkopostne-rekolekcje-internetowe\/","url":"http:\/\/www.lichen.pl\/en\/wielkopostne-rekolekcje-internetowe\/","name":"Wielkopostne rekolekcje internetowe - SANKTUARIUM W LICHENIU","isPartOf":{"@id":"https:\/\/www.lichen.pl\/fr\/#website"},"primaryImageOfPage":{"@id":"http:\/\/www.lichen.pl\/en\/wielkopostne-rekolekcje-internetowe\/#primaryimage"},"image":{"@id":"http:\/\/www.lichen.pl\/en\/wielkopostne-rekolekcje-internetowe\/#primaryimage"},"thumbnailUrl":"https:\/\/www.lichen.pl\/wp-content\/uploads\/2021\/05\/rekolekcje-wielkopostne-A4.jpg","datePublished":"2021-02-21T08:12:56+00:00","dateModified":"2021-05-25T12:01:36+00:00","author":{"@id":"https:\/\/www.lichen.pl\/fr\/#\/schema\/person\/c06cd926b95870cc59f18d6ee6e33da5"},"breadcrumb":{"@id":"http:\/\/www.lichen.pl\/en\/wielkopostne-rekolekcje-internetowe\/#breadcrumb"},"inLanguage":"it-IT","potentialAction":[{"@type":"ReadAction","target":["http:\/\/www.lichen.pl\/en\/wielkopostne-rekolekcje-internetowe\/"]}]},{"@type":"ImageObject","inLanguage":"it-IT","@id":"http:\/\/www.lichen.pl\/en\/wielkopostne-rekolekcje-internetowe\/#primaryimage","url":"https:\/\/www.lichen.pl\/wp-content\/uploads\/2021\/05\/rekolekcje-wielkopostne-A4.jpg","contentUrl":"https:\/\/www.lichen.pl\/wp-content\/uploads\/2021\/05\/rekolekcje-wielkopostne-A4.jpg","width":905,"height":1280,"caption":"Rekolekcje Wielkopostne"},{"@type":"BreadcrumbList","@id":"http:\/\/www.lichen.pl\/en\/wielkopostne-rekolekcje-internetowe\/#breadcrumb","itemListElement":[{"@type":"ListItem","position":1,"name":"Strona g\u0142\u00f3wna","item":"https:\/\/www.lichen.pl\/"},{"@type":"ListItem","position":2,"name":"Wielkopostne rekolekcje internetowe"}]},{"@type":"WebSite","@id":"https:\/\/www.lichen.pl\/fr\/#website","url":"https:\/\/www.lichen.pl\/fr\/","name":"SANTUARIO IN LICHENIA","description":"LA REGINA ADOLORATA DEL NOSTRO LICHENE DI POLONIA","potentialAction":[{"@type":"SearchAction","target":{"@type":"EntryPoint","urlTemplate":"https:\/\/www.lichen.pl\/fr\/?s={search_term_string}"},"query-input":{"@type":"PropertyValueSpecification","valueRequired":true,"valueName":"search_term_string"}}],"inLanguage":"it-IT"},{"@type":"Person","@id":"https:\/\/www.lichen.pl\/fr\/#\/schema\/person\/c06cd926b95870cc59f18d6ee6e33da5","name":"ROBERT ADAMCZYK","image":{"@type":"ImageObject","inLanguage":"it-IT","@id":"https:\/\/secure.gravatar.com\/avatar\/53c330430596e73552f4c356c2e47c209ff8f6352a5106011c9b6abcce5e00df?s=96&d=retro&r=g","url":"https:\/\/secure.gravatar.com\/avatar\/53c330430596e73552f4c356c2e47c209ff8f6352a5106011c9b6abcce5e00df?s=96&d=retro&r=g","contentUrl":"https:\/\/secure.gravatar.com\/avatar\/53c330430596e73552f4c356c2e47c209ff8f6352a5106011c9b6abcce5e00df?s=96&d=retro&r=g","caption":"ROBERT ADAMCZYK"},"url":"https:\/\/www.lichen.pl\/it\/author\/press\/"}]}},"_links":{"self":[{"href":"https:\/\/www.lichen.pl\/it\/wp-json\/wp\/v2\/posts\/9382","targetHints":{"allow":["GET"]}}],"collection":[{"href":"https:\/\/www.lichen.pl\/it\/wp-json\/wp\/v2\/posts"}],"about":[{"href":"https:\/\/www.lichen.pl\/it\/wp-json\/wp\/v2\/types\/post"}],"author":[{"embeddable":true,"href":"https:\/\/www.lichen.pl\/it\/wp-json\/wp\/v2\/users\/4"}],"replies":[{"embeddable":true,"href":"https:\/\/www.lichen.pl\/it\/wp-json\/wp\/v2\/comments?post=9382"}],"version-history":[{"count":26,"href":"https:\/\/www.lichen.pl\/it\/wp-json\/wp\/v2\/posts\/9382\/revisions"}],"predecessor-version":[{"id":9504,"href":"https:\/\/www.lichen.pl\/it\/wp-json\/wp\/v2\/posts\/9382\/revisions\/9504"}],"wp:featuredmedia":[{"embeddable":true,"href":"https:\/\/www.lichen.pl\/it\/wp-json\/wp\/v2\/media\/9384"}],"wp:attachment":[{"href":"https:\/\/www.lichen.pl\/it\/wp-json\/wp\/v2\/media?parent=9382"}],"wp:term":[{"taxonomy":"category","embeddable":true,"href":"https:\/\/www.lichen.pl\/it\/wp-json\/wp\/v2\/categories?post=9382"},{"taxonomy":"post_tag","embeddable":true,"href":"https:\/\/www.lichen.pl\/it\/wp-json\/wp\/v2\/tags?post=9382"}],"curies":[{"name":"wp","href":"https:\/\/api.w.org\/{rel}","templated":true}]}}