{"id":9727,"date":"2021-05-23T11:30:13","date_gmt":"2021-05-23T11:30:13","guid":{"rendered":"http:\/\/www.lichen.pl\/?p=9727"},"modified":"2021-06-17T08:04:25","modified_gmt":"2021-06-17T08:04:25","slug":"spowiedz-generalna","status":"publish","type":"post","link":"https:\/\/www.lichen.pl\/it\/spowiedz-generalna\/","title":{"rendered":"Ritiro in preparazione alla confessione generale, 20-23 maggio"},"content":{"rendered":"<div data-elementor-type=\"wp-post\" data-elementor-id=\"9727\" class=\"elementor elementor-9727\" data-elementor-post-type=\"post\">\n\t\t\t\t\t\t<section class=\"elementor-section elementor-top-section elementor-element elementor-element-635fcede elementor-section-boxed elementor-section-height-default elementor-section-height-default\" data-id=\"635fcede\" data-element_type=\"section\" data-e-type=\"section\">\n\t\t\t\t\t\t<div class=\"elementor-container elementor-column-gap-default\">\n\t\t\t\t\t<div class=\"elementor-column elementor-col-100 elementor-top-column elementor-element elementor-element-4c6327af\" data-id=\"4c6327af\" data-element_type=\"column\" data-e-type=\"column\">\n\t\t\t<div class=\"elementor-widget-wrap elementor-element-populated\">\n\t\t\t\t\t\t<div class=\"elementor-element elementor-element-2117d07d elementor-drop-cap-yes elementor-drop-cap-view-default elementor-widget elementor-widget-text-editor\" data-id=\"2117d07d\" data-element_type=\"widget\" data-e-type=\"widget\" data-settings=\"{&quot;drop_cap&quot;:&quot;yes&quot;}\" data-widget_type=\"text-editor.default\">\n\t\t\t\t<div class=\"elementor-widget-container\">\n\t\t\t\t\t\t\t\t\t<p>Un altro ritiro in preparazione alla confessione generale si \u00e8 concluso nel Santuario Mariano di Liche\u0144 Stary. Durante l&#039;incontro, da gioved\u00ec 20 maggio a domenica 23 maggio, hanno partecipato 20 persone provenienti da tutta la Polonia.<\/p><p>La signora Marzena G\u00f3rka di Zgierz \u00e8 venuta a Liche\u0144 con suo marito Waldemar. Ha saputo del ritiro seguendo il profilo Facebook del santuario dei licheni. Dopo aver appreso il programma dell&#039;incontro, ha deciso di iscriversi per prendervi parte: \u00abHo sempre voluto sapere se \u00e8 una confessione generale, come si differenzia da questa confessione regolarmente praticata in parrocchia, qual \u00e8 il segreto che sta in questo, fare una buona confessione di tutta la tua vita\u00bb. La partecipante ha ammesso di essere stata un po&#039; spaventata all&#039;inizio, ma l&#039;atmosfera prevalente del ritiro ha fatto sparire rapidamente lo stress: - \u201cSono piacevolmente sorpresa perch\u00e9 la confessione \u00e8 stata fatta in modo &quot;amichevole&quot;, con grande preoccupazione. All&#039;inizio c&#039;era lo stress, ma dopo un po&#039; \u00e8 stato neutralizzato dal prete. Devo dire che era ben organizzato e ben gestito.&quot;<\/p><p>Gli insegnamenti di ritiro sono stati preparati da p. Adam Stankiewicz, MIC, vicecustode del santuario dei licheni. La signora Marzena ha sottolineato che sono stati importanti ed estremamente utili per i partecipanti, perch\u00e9 il sacerdote ha esposto ai partecipanti molti contenuti su come opera Satana nella vita umana. \u201cGrazie a questi suggerimenti, siamo stati in grado di imparare come evitare le insidie di Satana. Grazie a questo, abbiamo potuto prepararci per una buona e fruttuosa esperienza di confessione\u00bb.<\/p><p>Il partecipante al ritiro incoraggia anche a prendere parte a questo tipo di incontri - per chiudere alcune tappe della propria vita, per rinascere di nuovo alla vita nella fede, per accostarsi con maturit\u00e0 alla propria vita spirituale, nonch\u00e9 al tema della salvezza, per un rapporto con Dio, da vivere nella verit\u00e0.<\/p><p>Il prossimo ritiro in preparazione alla confessione generale a Liche\u0144 avr\u00e0 luogo il 27-30 maggio. Informazioni dettagliate possono essere ottenute presso l&#039;Ufficio Servizi Pellegrini chiamando il 63 270 81 42.<\/p><p>Lichen Stary, 23 maggio 2021<\/p>\t\t\t\t\t\t\t\t<\/div>\n\t\t\t\t<\/div>\n\t\t\t\t<div class=\"elementor-element elementor-element-0b4a6c4 elementor-widget-divider--view-line elementor-widget elementor-widget-divider\" data-id=\"0b4a6c4\" data-element_type=\"widget\" data-e-type=\"widget\" data-widget_type=\"divider.default\">\n\t\t\t\t<div class=\"elementor-widget-container\">\n\t\t\t\t\t\t\t<div class=\"elementor-divider\">\n\t\t\t<span class=\"elementor-divider-separator\">\n\t\t\t\t\t\t<\/span>\n\t\t<\/div>\n\t\t\t\t\t\t<\/div>\n\t\t\t\t<\/div>\n\t\t\t\t\t<\/div>\n\t\t<\/div>\n\t\t\t\t\t<\/div>\n\t\t<\/section>\n\t\t\t\t<\/div>","protected":false},"excerpt":{"rendered":"<p>W Sanktuarium Maryjnym w Licheniu Starym zako\u0144czy\u0142a si\u0119 kolejna tura rekolekcji przygotowuj\u0105cych do spowiedzi generalnej. W trakcie spotkania, od czwartku 20 maja do niedzieli 23 maja, wzi\u0119\u0142o udzia\u0142 20 os\u00f3b z ca\u0142ej Polski. Pani Marzena G\u00f3rka ze Zgierza przyjecha\u0142a do Lichenia wraz ze swoim m\u0119\u017cem Waldemarem. O rekolekcjach dowiedzia\u0142a si\u0119 \u015bledz\u0105c facebookowy profil liche\u0144skiego sanktuarium. [&hellip;]<\/p>\n","protected":false},"author":4,"featured_media":9728,"comment_status":"open","ping_status":"open","sticky":false,"template":"","format":"standard","meta":{"footnotes":""},"categories":[1],"tags":[],"class_list":["post-9727","post","type-post","status-publish","format-standard","has-post-thumbnail","hentry","category-aktualnosci","wpbf-post"],"yoast_head":"<!-- This site is optimized with the Yoast SEO plugin v27.4 - https:\/\/yoast.com\/product\/yoast-seo-wordpress\/ -->\n<title>Rekolekcje przygotowuj\u0105ce do spowiedzi generalnej, 20-23 maja - SANKTUARIUM W LICHENIU<\/title>\n<meta name=\"robots\" content=\"index, follow, max-snippet:-1, max-image-preview:large, max-video-preview:-1\" \/>\n<link rel=\"canonical\" href=\"https:\/\/www.lichen.pl\/it\/spowiedz-generalna\/\" \/>\n<meta property=\"og:locale\" content=\"it_IT\" \/>\n<meta property=\"og:type\" content=\"article\" \/>\n<meta property=\"og:title\" content=\"Rekolekcje przygotowuj\u0105ce do spowiedzi generalnej, 20-23 maja - SANKTUARIUM W LICHENIU\" \/>\n<meta property=\"og:description\" content=\"W Sanktuarium Maryjnym w Licheniu Starym zako\u0144czy\u0142a si\u0119 kolejna tura rekolekcji przygotowuj\u0105cych do spowiedzi generalnej. W trakcie spotkania, od czwartku 20 maja do niedzieli 23 maja, wzi\u0119\u0142o udzia\u0142 20 os\u00f3b z ca\u0142ej Polski. Pani Marzena G\u00f3rka ze Zgierza przyjecha\u0142a do Lichenia wraz ze swoim m\u0119\u017cem Waldemarem. O rekolekcjach dowiedzia\u0142a si\u0119 \u015bledz\u0105c facebookowy profil liche\u0144skiego sanktuarium. [&hellip;]\" \/>\n<meta property=\"og:url\" content=\"https:\/\/www.lichen.pl\/it\/spowiedz-generalna\/\" \/>\n<meta property=\"og:site_name\" content=\"SANKTUARIUM W LICHENIU\" \/>\n<meta property=\"article:published_time\" content=\"2021-05-23T11:30:13+00:00\" \/>\n<meta property=\"article:modified_time\" content=\"2021-06-17T08:04:25+00:00\" \/>\n<meta property=\"og:image\" content=\"https:\/\/www.lichen.pl\/wp-content\/uploads\/2021\/05\/20210523_090109-scaled.jpg\" \/>\n\t<meta property=\"og:image:width\" content=\"1920\" \/>\n\t<meta property=\"og:image:height\" content=\"1440\" \/>\n\t<meta property=\"og:image:type\" content=\"image\/jpeg\" \/>\n<meta name=\"author\" content=\"ROBERT ADAMCZYK\" \/>\n<meta name=\"twitter:card\" content=\"summary_large_image\" \/>\n<meta name=\"twitter:label1\" content=\"Scritto da\" \/>\n\t<meta name=\"twitter:data1\" content=\"ROBERT ADAMCZYK\" \/>\n\t<meta name=\"twitter:label2\" content=\"Tempo di lettura stimato\" \/>\n\t<meta name=\"twitter:data2\" content=\"2 minuti\" \/>\n<script type=\"application\/ld+json\" class=\"yoast-schema-graph\">{\"@context\":\"https:\\\/\\\/schema.org\",\"@graph\":[{\"@type\":\"Article\",\"@id\":\"https:\\\/\\\/www.lichen.pl\\\/spowiedz-generalna\\\/#article\",\"isPartOf\":{\"@id\":\"https:\\\/\\\/www.lichen.pl\\\/spowiedz-generalna\\\/\"},\"author\":{\"name\":\"ROBERT ADAMCZYK\",\"@id\":\"https:\\\/\\\/www.lichen.pl\\\/fr\\\/#\\\/schema\\\/person\\\/c06cd926b95870cc59f18d6ee6e33da5\"},\"headline\":\"Rekolekcje przygotowuj\u0105ce do spowiedzi generalnej, 20-23 maja\",\"datePublished\":\"2021-05-23T11:30:13+00:00\",\"dateModified\":\"2021-06-17T08:04:25+00:00\",\"mainEntityOfPage\":{\"@id\":\"https:\\\/\\\/www.lichen.pl\\\/spowiedz-generalna\\\/\"},\"wordCount\":359,\"commentCount\":0,\"image\":{\"@id\":\"https:\\\/\\\/www.lichen.pl\\\/spowiedz-generalna\\\/#primaryimage\"},\"thumbnailUrl\":\"https:\\\/\\\/www.lichen.pl\\\/wp-content\\\/uploads\\\/2021\\\/05\\\/20210523_090109-scaled.jpg\",\"articleSection\":[\"Aktualno\u015bci\"],\"inLanguage\":\"it-IT\",\"potentialAction\":[{\"@type\":\"CommentAction\",\"name\":\"Comment\",\"target\":[\"https:\\\/\\\/www.lichen.pl\\\/spowiedz-generalna\\\/#respond\"]}]},{\"@type\":\"WebPage\",\"@id\":\"https:\\\/\\\/www.lichen.pl\\\/spowiedz-generalna\\\/\",\"url\":\"https:\\\/\\\/www.lichen.pl\\\/spowiedz-generalna\\\/\",\"name\":\"Rekolekcje przygotowuj\u0105ce do spowiedzi generalnej, 20-23 maja - SANKTUARIUM W LICHENIU\",\"isPartOf\":{\"@id\":\"https:\\\/\\\/www.lichen.pl\\\/fr\\\/#website\"},\"primaryImageOfPage\":{\"@id\":\"https:\\\/\\\/www.lichen.pl\\\/spowiedz-generalna\\\/#primaryimage\"},\"image\":{\"@id\":\"https:\\\/\\\/www.lichen.pl\\\/spowiedz-generalna\\\/#primaryimage\"},\"thumbnailUrl\":\"https:\\\/\\\/www.lichen.pl\\\/wp-content\\\/uploads\\\/2021\\\/05\\\/20210523_090109-scaled.jpg\",\"datePublished\":\"2021-05-23T11:30:13+00:00\",\"dateModified\":\"2021-06-17T08:04:25+00:00\",\"author\":{\"@id\":\"https:\\\/\\\/www.lichen.pl\\\/fr\\\/#\\\/schema\\\/person\\\/c06cd926b95870cc59f18d6ee6e33da5\"},\"breadcrumb\":{\"@id\":\"https:\\\/\\\/www.lichen.pl\\\/spowiedz-generalna\\\/#breadcrumb\"},\"inLanguage\":\"it-IT\",\"potentialAction\":[{\"@type\":\"ReadAction\",\"target\":[\"https:\\\/\\\/www.lichen.pl\\\/spowiedz-generalna\\\/\"]}]},{\"@type\":\"ImageObject\",\"inLanguage\":\"it-IT\",\"@id\":\"https:\\\/\\\/www.lichen.pl\\\/spowiedz-generalna\\\/#primaryimage\",\"url\":\"https:\\\/\\\/www.lichen.pl\\\/wp-content\\\/uploads\\\/2021\\\/05\\\/20210523_090109-scaled.jpg\",\"contentUrl\":\"https:\\\/\\\/www.lichen.pl\\\/wp-content\\\/uploads\\\/2021\\\/05\\\/20210523_090109-scaled.jpg\",\"width\":1920,\"height\":1440},{\"@type\":\"BreadcrumbList\",\"@id\":\"https:\\\/\\\/www.lichen.pl\\\/spowiedz-generalna\\\/#breadcrumb\",\"itemListElement\":[{\"@type\":\"ListItem\",\"position\":1,\"name\":\"Strona g\u0142\u00f3wna\",\"item\":\"https:\\\/\\\/www.lichen.pl\\\/\"},{\"@type\":\"ListItem\",\"position\":2,\"name\":\"Rekolekcje przygotowuj\u0105ce do spowiedzi generalnej, 20-23 maja\"}]},{\"@type\":\"WebSite\",\"@id\":\"https:\\\/\\\/www.lichen.pl\\\/fr\\\/#website\",\"url\":\"https:\\\/\\\/www.lichen.pl\\\/fr\\\/\",\"name\":\"SANKTUARIUM W LICHENIU\",\"description\":\"MATKI BO\u017bEJ LICHE\u0143SKIEJ BOLESNEJ KR\u00d3LOWEJ POLSKI\",\"potentialAction\":[{\"@type\":\"SearchAction\",\"target\":{\"@type\":\"EntryPoint\",\"urlTemplate\":\"https:\\\/\\\/www.lichen.pl\\\/fr\\\/?s={search_term_string}\"},\"query-input\":{\"@type\":\"PropertyValueSpecification\",\"valueRequired\":true,\"valueName\":\"search_term_string\"}}],\"inLanguage\":\"it-IT\"},{\"@type\":\"Person\",\"@id\":\"https:\\\/\\\/www.lichen.pl\\\/fr\\\/#\\\/schema\\\/person\\\/c06cd926b95870cc59f18d6ee6e33da5\",\"name\":\"ROBERT ADAMCZYK\",\"image\":{\"@type\":\"ImageObject\",\"inLanguage\":\"it-IT\",\"@id\":\"https:\\\/\\\/secure.gravatar.com\\\/avatar\\\/53c330430596e73552f4c356c2e47c209ff8f6352a5106011c9b6abcce5e00df?s=96&d=retro&r=g\",\"url\":\"https:\\\/\\\/secure.gravatar.com\\\/avatar\\\/53c330430596e73552f4c356c2e47c209ff8f6352a5106011c9b6abcce5e00df?s=96&d=retro&r=g\",\"contentUrl\":\"https:\\\/\\\/secure.gravatar.com\\\/avatar\\\/53c330430596e73552f4c356c2e47c209ff8f6352a5106011c9b6abcce5e00df?s=96&d=retro&r=g\",\"caption\":\"ROBERT ADAMCZYK\"},\"url\":\"https:\\\/\\\/www.lichen.pl\\\/it\\\/author\\\/press\\\/\"}]}<\/script>\n<!-- \/ Yoast SEO plugin. -->","yoast_head_json":{"title":"Rekolekcje przygotowuj\u0105ce do spowiedzi generalnej, 20-23 maja - SANKTUARIUM W LICHENIU","robots":{"index":"index","follow":"follow","max-snippet":"max-snippet:-1","max-image-preview":"max-image-preview:large","max-video-preview":"max-video-preview:-1"},"canonical":"https:\/\/www.lichen.pl\/it\/spowiedz-generalna\/","og_locale":"it_IT","og_type":"article","og_title":"Rekolekcje przygotowuj\u0105ce do spowiedzi generalnej, 20-23 maja - SANKTUARIUM W LICHENIU","og_description":"W Sanktuarium Maryjnym w Licheniu Starym zako\u0144czy\u0142a si\u0119 kolejna tura rekolekcji przygotowuj\u0105cych do spowiedzi generalnej. W trakcie spotkania, od czwartku 20 maja do niedzieli 23 maja, wzi\u0119\u0142o udzia\u0142 20 os\u00f3b z ca\u0142ej Polski. Pani Marzena G\u00f3rka ze Zgierza przyjecha\u0142a do Lichenia wraz ze swoim m\u0119\u017cem Waldemarem. O rekolekcjach dowiedzia\u0142a si\u0119 \u015bledz\u0105c facebookowy profil liche\u0144skiego sanktuarium. [&hellip;]","og_url":"https:\/\/www.lichen.pl\/it\/spowiedz-generalna\/","og_site_name":"SANKTUARIUM W LICHENIU","article_published_time":"2021-05-23T11:30:13+00:00","article_modified_time":"2021-06-17T08:04:25+00:00","og_image":[{"width":1920,"height":1440,"url":"https:\/\/www.lichen.pl\/wp-content\/uploads\/2021\/05\/20210523_090109-scaled.jpg","type":"image\/jpeg"}],"author":"ROBERT ADAMCZYK","twitter_card":"summary_large_image","twitter_misc":{"Scritto da":"ROBERT ADAMCZYK","Tempo di lettura stimato":"2 minuti"},"schema":{"@context":"https:\/\/schema.org","@graph":[{"@type":"Article","@id":"https:\/\/www.lichen.pl\/spowiedz-generalna\/#article","isPartOf":{"@id":"https:\/\/www.lichen.pl\/spowiedz-generalna\/"},"author":{"name":"ROBERT ADAMCZYK","@id":"https:\/\/www.lichen.pl\/fr\/#\/schema\/person\/c06cd926b95870cc59f18d6ee6e33da5"},"headline":"Rekolekcje przygotowuj\u0105ce do spowiedzi generalnej, 20-23 maja","datePublished":"2021-05-23T11:30:13+00:00","dateModified":"2021-06-17T08:04:25+00:00","mainEntityOfPage":{"@id":"https:\/\/www.lichen.pl\/spowiedz-generalna\/"},"wordCount":359,"commentCount":0,"image":{"@id":"https:\/\/www.lichen.pl\/spowiedz-generalna\/#primaryimage"},"thumbnailUrl":"https:\/\/www.lichen.pl\/wp-content\/uploads\/2021\/05\/20210523_090109-scaled.jpg","articleSection":["Aktualno\u015bci"],"inLanguage":"it-IT","potentialAction":[{"@type":"CommentAction","name":"Comment","target":["https:\/\/www.lichen.pl\/spowiedz-generalna\/#respond"]}]},{"@type":"WebPage","@id":"https:\/\/www.lichen.pl\/spowiedz-generalna\/","url":"https:\/\/www.lichen.pl\/spowiedz-generalna\/","name":"Rekolekcje przygotowuj\u0105ce do spowiedzi generalnej, 20-23 maja - SANKTUARIUM W LICHENIU","isPartOf":{"@id":"https:\/\/www.lichen.pl\/fr\/#website"},"primaryImageOfPage":{"@id":"https:\/\/www.lichen.pl\/spowiedz-generalna\/#primaryimage"},"image":{"@id":"https:\/\/www.lichen.pl\/spowiedz-generalna\/#primaryimage"},"thumbnailUrl":"https:\/\/www.lichen.pl\/wp-content\/uploads\/2021\/05\/20210523_090109-scaled.jpg","datePublished":"2021-05-23T11:30:13+00:00","dateModified":"2021-06-17T08:04:25+00:00","author":{"@id":"https:\/\/www.lichen.pl\/fr\/#\/schema\/person\/c06cd926b95870cc59f18d6ee6e33da5"},"breadcrumb":{"@id":"https:\/\/www.lichen.pl\/spowiedz-generalna\/#breadcrumb"},"inLanguage":"it-IT","potentialAction":[{"@type":"ReadAction","target":["https:\/\/www.lichen.pl\/spowiedz-generalna\/"]}]},{"@type":"ImageObject","inLanguage":"it-IT","@id":"https:\/\/www.lichen.pl\/spowiedz-generalna\/#primaryimage","url":"https:\/\/www.lichen.pl\/wp-content\/uploads\/2021\/05\/20210523_090109-scaled.jpg","contentUrl":"https:\/\/www.lichen.pl\/wp-content\/uploads\/2021\/05\/20210523_090109-scaled.jpg","width":1920,"height":1440},{"@type":"BreadcrumbList","@id":"https:\/\/www.lichen.pl\/spowiedz-generalna\/#breadcrumb","itemListElement":[{"@type":"ListItem","position":1,"name":"Strona g\u0142\u00f3wna","item":"https:\/\/www.lichen.pl\/"},{"@type":"ListItem","position":2,"name":"Rekolekcje przygotowuj\u0105ce do spowiedzi generalnej, 20-23 maja"}]},{"@type":"WebSite","@id":"https:\/\/www.lichen.pl\/fr\/#website","url":"https:\/\/www.lichen.pl\/fr\/","name":"SANTUARIO IN LICHENIA","description":"LA REGINA ADOLORATA DEL NOSTRO LICHENE DI POLONIA","potentialAction":[{"@type":"SearchAction","target":{"@type":"EntryPoint","urlTemplate":"https:\/\/www.lichen.pl\/fr\/?s={search_term_string}"},"query-input":{"@type":"PropertyValueSpecification","valueRequired":true,"valueName":"search_term_string"}}],"inLanguage":"it-IT"},{"@type":"Person","@id":"https:\/\/www.lichen.pl\/fr\/#\/schema\/person\/c06cd926b95870cc59f18d6ee6e33da5","name":"ROBERT ADAMCZYK","image":{"@type":"ImageObject","inLanguage":"it-IT","@id":"https:\/\/secure.gravatar.com\/avatar\/53c330430596e73552f4c356c2e47c209ff8f6352a5106011c9b6abcce5e00df?s=96&d=retro&r=g","url":"https:\/\/secure.gravatar.com\/avatar\/53c330430596e73552f4c356c2e47c209ff8f6352a5106011c9b6abcce5e00df?s=96&d=retro&r=g","contentUrl":"https:\/\/secure.gravatar.com\/avatar\/53c330430596e73552f4c356c2e47c209ff8f6352a5106011c9b6abcce5e00df?s=96&d=retro&r=g","caption":"ROBERT ADAMCZYK"},"url":"https:\/\/www.lichen.pl\/it\/author\/press\/"}]}},"_links":{"self":[{"href":"https:\/\/www.lichen.pl\/it\/wp-json\/wp\/v2\/posts\/9727","targetHints":{"allow":["GET"]}}],"collection":[{"href":"https:\/\/www.lichen.pl\/it\/wp-json\/wp\/v2\/posts"}],"about":[{"href":"https:\/\/www.lichen.pl\/it\/wp-json\/wp\/v2\/types\/post"}],"author":[{"embeddable":true,"href":"https:\/\/www.lichen.pl\/it\/wp-json\/wp\/v2\/users\/4"}],"replies":[{"embeddable":true,"href":"https:\/\/www.lichen.pl\/it\/wp-json\/wp\/v2\/comments?post=9727"}],"version-history":[{"count":13,"href":"https:\/\/www.lichen.pl\/it\/wp-json\/wp\/v2\/posts\/9727\/revisions"}],"predecessor-version":[{"id":14203,"href":"https:\/\/www.lichen.pl\/it\/wp-json\/wp\/v2\/posts\/9727\/revisions\/14203"}],"wp:featuredmedia":[{"embeddable":true,"href":"https:\/\/www.lichen.pl\/it\/wp-json\/wp\/v2\/media\/9728"}],"wp:attachment":[{"href":"https:\/\/www.lichen.pl\/it\/wp-json\/wp\/v2\/media?parent=9727"}],"wp:term":[{"taxonomy":"category","embeddable":true,"href":"https:\/\/www.lichen.pl\/it\/wp-json\/wp\/v2\/categories?post=9727"},{"taxonomy":"post_tag","embeddable":true,"href":"https:\/\/www.lichen.pl\/it\/wp-json\/wp\/v2\/tags?post=9727"}],"curies":[{"name":"wp","href":"https:\/\/api.w.org\/{rel}","templated":true}]}}