{"id":9746,"date":"2021-05-31T14:00:12","date_gmt":"2021-05-31T14:00:12","guid":{"rendered":"http:\/\/www.lichen.pl\/?p=9746"},"modified":"2021-06-07T08:09:36","modified_gmt":"2021-06-07T08:09:36","slug":"mazowsze-i-perly-muzyki-sakralnej-w-licheniu","status":"publish","type":"post","link":"https:\/\/www.lichen.pl\/it\/mazowsze-i-perly-muzyki-sakralnej-w-licheniu\/","title":{"rendered":"&quot;Perle di Musica Sacra&quot; - concerto nella basilica di Liche\u0144"},"content":{"rendered":"<div data-elementor-type=\"wp-post\" data-elementor-id=\"9746\" class=\"elementor elementor-9746\" data-elementor-post-type=\"post\">\n\t\t\t\t\t\t<section class=\"elementor-section elementor-top-section elementor-element elementor-element-18ee4e3 elementor-section-boxed elementor-section-height-default elementor-section-height-default\" data-id=\"18ee4e3\" data-element_type=\"section\" data-e-type=\"section\">\n\t\t\t\t\t\t<div class=\"elementor-container elementor-column-gap-default\">\n\t\t\t\t\t<div class=\"elementor-column elementor-col-100 elementor-top-column elementor-element elementor-element-27382598\" data-id=\"27382598\" data-element_type=\"column\" data-e-type=\"column\">\n\t\t\t<div class=\"elementor-widget-wrap elementor-element-populated\">\n\t\t\t\t\t\t<div class=\"elementor-element elementor-element-bbcd84e elementor-widget elementor-widget-heading\" data-id=\"bbcd84e\" data-element_type=\"widget\" data-e-type=\"widget\" data-widget_type=\"heading.default\">\n\t\t\t\t<div class=\"elementor-widget-container\">\n\t\t\t\t\t<h2 class=\"elementor-heading-title elementor-size-default\">Nella festa della Santissima Trinit\u00e0, il 30 maggio, la basilica di Liche\u0144 ha ospitato il Coro e l&#039;Orchestra dell&#039;Ensemble Nazionale di Canto e Danza &quot;Mazowsze&quot; Tadeusz Sygiety\u0144ski. Sotto la direzione del maestro Jacek Boniecki, gli artisti hanno accompagnato la messa di mezzogiorno con la loro musica e, dopo la liturgia, hanno regalato al pubblico un concerto straordinario.<\/h2>\t\t\t\t<\/div>\n\t\t\t\t<\/div>\n\t\t\t\t<div class=\"elementor-element elementor-element-90b9ce1 elementor-widget elementor-widget-text-editor\" data-id=\"90b9ce1\" data-element_type=\"widget\" data-e-type=\"widget\" data-widget_type=\"text-editor.default\">\n\t\t\t\t<div class=\"elementor-widget-container\">\n\t\t\t\t\t\t\t\t\t<p>La Santa Messa principale nella basilica \u00e8 stata celebrata alle 12.00 sotto la guida di p. Bogus\u0142aw Bindy, MIC, superiore della comunit\u00e0 lichenica dei sacerdoti e fratelli Mariani. L&#039;essenza della festa di ieri \u00e8 stata presentata ai presenti prima della liturgia dal vice-curatore del santuario, p. Adam Stankiewicz, microfono: <i>\u201cLa fede in un Dio su tre \u00e8 uno degli elementi pi\u00f9 specifici del cristianesimo. Nessun&#039;altra religione rivendica questo mistero. L&#039;esistenza della Santissima Trinit\u00e0 \u00e8 un dogma della nostra fede. Con la sola ragione umana, non arriveremmo a questa verit\u00e0. Ce lo ha rivelato Ges\u00f9 Cristo\u00bb.<\/i><\/p>\t\t\t\t\t\t\t\t<\/div>\n\t\t\t\t<\/div>\n\t\t\t\t<section class=\"elementor-section elementor-inner-section elementor-element elementor-element-bf0a32d elementor-section-boxed elementor-section-height-default elementor-section-height-default\" data-id=\"bf0a32d\" data-element_type=\"section\" data-e-type=\"section\">\n\t\t\t\t\t\t<div class=\"elementor-container elementor-column-gap-default\">\n\t\t\t\t\t<div class=\"elementor-column elementor-col-50 elementor-inner-column elementor-element elementor-element-7bd26e5\" data-id=\"7bd26e5\" data-element_type=\"column\" data-e-type=\"column\">\n\t\t\t<div class=\"elementor-widget-wrap elementor-element-populated\">\n\t\t\t\t\t\t<div class=\"elementor-element elementor-element-6940064 elementor-widget elementor-widget-image\" data-id=\"6940064\" data-element_type=\"widget\" data-e-type=\"widget\" data-widget_type=\"image.default\">\n\t\t\t\t<div class=\"elementor-widget-container\">\n\t\t\t\t\t\t\t\t\t\t\t\t<figure class=\"wp-caption\">\n\t\t\t\t\t\t\t\t\t\t<img fetchpriority=\"high\" decoding=\"async\" width=\"286\" height=\"300\" src=\"https:\/\/www.lichen.pl\/wp-content\/uploads\/2021\/05\/Msza-31-maja-2021-ks.-Boguslaw-Binda-MIC-e1622828162446-286x300.jpg\" class=\"attachment-medium size-medium wp-image-10562\" alt=\"Msza \u015awi\u0119ta 31 maja 2021 ks. Bogus\u0142aw Binda MIC\" srcset=\"https:\/\/www.lichen.pl\/wp-content\/uploads\/2021\/05\/Msza-31-maja-2021-ks.-Boguslaw-Binda-MIC-e1622828162446-286x300.jpg 286w, https:\/\/www.lichen.pl\/wp-content\/uploads\/2021\/05\/Msza-31-maja-2021-ks.-Boguslaw-Binda-MIC-e1622828162446.jpg 633w\" sizes=\"(max-width: 286px) 100vw, 286px\" \/>\t\t\t\t\t\t\t\t\t\t\t<figcaption class=\"widget-image-caption wp-caption-text\">Fr. Bogus\u0142aw Binda, MIC <\/figcaption>\n\t\t\t\t\t\t\t\t\t\t<\/figure>\n\t\t\t\t\t\t\t\t\t<\/div>\n\t\t\t\t<\/div>\n\t\t\t\t<div class=\"elementor-element elementor-element-2790c87 elementor-widget elementor-widget-image\" data-id=\"2790c87\" data-element_type=\"widget\" data-e-type=\"widget\" data-widget_type=\"image.default\">\n\t\t\t\t<div class=\"elementor-widget-container\">\n\t\t\t\t\t\t\t\t\t\t\t\t<figure class=\"wp-caption\">\n\t\t\t\t\t\t\t\t\t\t<img decoding=\"async\" width=\"200\" height=\"300\" src=\"https:\/\/www.lichen.pl\/wp-content\/uploads\/2021\/05\/Msza-31-maja-2021-1-200x300.jpg\" class=\"attachment-medium size-medium wp-image-10571\" alt=\"Msza 31 maja 2021 1\" srcset=\"https:\/\/www.lichen.pl\/wp-content\/uploads\/2021\/05\/Msza-31-maja-2021-1-200x300.jpg 200w, https:\/\/www.lichen.pl\/wp-content\/uploads\/2021\/05\/Msza-31-maja-2021-1-800x1200.jpg 800w, https:\/\/www.lichen.pl\/wp-content\/uploads\/2021\/05\/Msza-31-maja-2021-1-682x1024.jpg 682w, https:\/\/www.lichen.pl\/wp-content\/uploads\/2021\/05\/Msza-31-maja-2021-1-768x1152.jpg 768w, https:\/\/www.lichen.pl\/wp-content\/uploads\/2021\/05\/Msza-31-maja-2021-1-1024x1536.jpg 1024w, https:\/\/www.lichen.pl\/wp-content\/uploads\/2021\/05\/Msza-31-maja-2021-1.jpg 853w\" sizes=\"(max-width: 200px) 100vw, 200px\" \/>\t\t\t\t\t\t\t\t\t\t\t<figcaption class=\"widget-image-caption wp-caption-text\">Basilica, Solennit\u00e0 della Santissima Trinit\u00e0, 30 maggio 2021<\/figcaption>\n\t\t\t\t\t\t\t\t\t\t<\/figure>\n\t\t\t\t\t\t\t\t\t<\/div>\n\t\t\t\t<\/div>\n\t\t\t\t\t<\/div>\n\t\t<\/div>\n\t\t\t\t<div class=\"elementor-column elementor-col-50 elementor-inner-column elementor-element elementor-element-4a81911\" data-id=\"4a81911\" data-element_type=\"column\" data-e-type=\"column\">\n\t\t\t<div class=\"elementor-widget-wrap elementor-element-populated\">\n\t\t\t\t\t\t<div class=\"elementor-element elementor-element-671368a elementor-widget elementor-widget-text-editor\" data-id=\"671368a\" data-element_type=\"widget\" data-e-type=\"widget\" data-widget_type=\"text-editor.default\">\n\t\t\t\t<div class=\"elementor-widget-container\">\n\t\t\t\t\t\t\t\t\t<p>Nell&#039;omelia pronunciata da p. Binda ha incoraggiato l&#039;espressione delle parole del segno della santa croce, riflettendo sul loro significato. - <em>La Parola di Dio rivela la Santissima Trinit\u00e0 operante nella storia per noi e per la nostra salvezza. Questa storia continua nella vita di tutti. L&#039;Eucaristia di oggi \u00e8 un incontro con il Padre, il Figlio e lo Spirito Santo. Ogni volta che facciamo il segno della santa croce, \u00e8 per ricordarci il nostro battesimo<\/em>.<\/p><p>In altre parole, la Mariana ha assicurato che: <em>- la misura dell&#039;amore \u00e8 Amore senza misura. Dio non si stanca mai di noi. Per lui non sei uno schiavo, ma un bambino che, come ogni genitore, ama.<\/em><\/p><p><em>- Voglio che tu sappia che tutto ci\u00f2 che ti separa da Dio Padre pu\u00f2 essere perdonato nell&#039;oceano dell&#039;amore misericordioso. Voglio che comprendiate che siete una parte unica del Suo Corpo - la Chiesa - una comunit\u00e0 in cui siamo stati incorporati attraverso il Santo Battesimo. La nostra vita quotidiana richiede che diamo una testimonianza. Non siamo in grado di farlo da soli. Possiamo vedere quanto sia difficile per noi. Lo Spirito Santo, essendo dono del Padre e del Figlio, vive in ciascuno di noi - voglio essere sperimentato ora della sua sapienza, potenza e della presenza vera, autentica di Dio in me. Il Mistero della Santissima Trinit\u00e0 \u00e8 una chiamata e un compito per noi per imparare a costruire correttamente le nostre relazioni, il legame con Dio e gli altri<\/em> disse il monaco.<\/p>\t\t\t\t\t\t\t\t<\/div>\n\t\t\t\t<\/div>\n\t\t\t\t<div class=\"elementor-element elementor-element-4deb83a elementor-widget-divider--view-line elementor-widget elementor-widget-divider\" data-id=\"4deb83a\" data-element_type=\"widget\" data-e-type=\"widget\" data-widget_type=\"divider.default\">\n\t\t\t\t<div class=\"elementor-widget-container\">\n\t\t\t\t\t\t\t<div class=\"elementor-divider\">\n\t\t\t<span class=\"elementor-divider-separator\">\n\t\t\t\t\t\t<\/span>\n\t\t<\/div>\n\t\t\t\t\t\t<\/div>\n\t\t\t\t<\/div>\n\t\t\t\t\t<\/div>\n\t\t<\/div>\n\t\t\t\t\t<\/div>\n\t\t<\/section>\n\t\t\t\t<div class=\"elementor-element elementor-element-ea51916 elementor-widget elementor-widget-heading\" data-id=\"ea51916\" data-element_type=\"widget\" data-e-type=\"widget\" data-widget_type=\"heading.default\">\n\t\t\t\t<div class=\"elementor-widget-container\">\n\t\t\t\t\t<h2 class=\"elementor-heading-title elementor-size-default\">Dopo molti mesi di lavoro nella quiete delle sale prove, senza contatti con il pubblico e senza concerti via Internet, l&#039;ultima domenica di maggio &quot;Mazowsze&quot; ha avuto l&#039;opportunit\u00e0 di esibirsi dal vivo davanti al pubblico. Durante la Santa Messa solenne, tra gli altri, &quot;Messa dell&#039;Incoronazione&quot; di WA Mozart o il famoso &quot;Hallelujah&quot; dall&#039;Oratorio &quot;Messiah&quot; di GF Handel.<\/h2>\t\t\t\t<\/div>\n\t\t\t\t<\/div>\n\t\t\t\t<section class=\"elementor-section elementor-inner-section elementor-element elementor-element-dc5be4f elementor-section-boxed elementor-section-height-default elementor-section-height-default\" data-id=\"dc5be4f\" data-element_type=\"section\" data-e-type=\"section\">\n\t\t\t\t\t\t<div class=\"elementor-container elementor-column-gap-default\">\n\t\t\t\t\t<div class=\"elementor-column elementor-col-50 elementor-inner-column elementor-element elementor-element-a1c9372\" data-id=\"a1c9372\" data-element_type=\"column\" data-e-type=\"column\">\n\t\t\t<div class=\"elementor-widget-wrap elementor-element-populated\">\n\t\t\t\t\t\t<div class=\"elementor-element elementor-element-13b82ee elementor-widget elementor-widget-text-editor\" data-id=\"13b82ee\" data-element_type=\"widget\" data-e-type=\"widget\" data-widget_type=\"text-editor.default\">\n\t\t\t\t<div class=\"elementor-widget-container\">\n\t\t\t\t\t\t\t\t\t<p>Il concerto si \u00e8 aperto con i dodici movimenti del Gloria di Antonio Vivaldi. Il pubblico ha anche avuto l&#039;opportunit\u00e0 di ascoltare, tra gli altri &quot;Preghiera alla Madre di Dio&quot; con musica di p. Jan \u017bukowski, scritto sulle parole di Juliusz S\u0142owacki e inserito nel repertorio di &quot;Mazowsze&quot; durante la pandemia &quot;Agnus Dei&quot; di Georges. C&#039;era anche il suono della Laudate Dominum di Charles Gounod, mai eseguita da Mazowsze, che ha avuto la sua prima a Liche\u0144. Il concerto \u00e8 stato condotto dal maestro Jacek Boniecki, che ha ricordato le precedenti visite di Mazowsze a Liche\u0144. Nel 1999, sui gradini della basilica, ancora in costruzione, l&#039;ensemble ha salutato con i suoi canti Papa Giovanni Paolo II durante il VII Pellegrinaggio del Santo Padre in Polonia. Due anni fa, l&#039;ensemble ha celebrato il 70\u00b0 anniversario della sua presenza al Santuario con i Padri Mariani di Liche\u0144. \u201cOgnuno di questi soggiorni qui, sia artistici che di preghiera, ha provocato una riflessione ed \u00e8 stato in momenti speciali. Oggi vogliamo pensare al futuro, nel contesto degli eventi che hanno toccato il mondo intero e che, forse, Dio non voglia, hanno determinato un cambiamento in ogni spazio. Oggi Mazovia vuole cantare di gioia e chiedere a Dio che questa disgrazia che ha toccato il mondo passi&quot;. - ha detto il direttore del gruppo, il M\u00b0 Jacek Boniecki. Il coro \u00e8 stato preparato per il concerto da Miros\u0142aw Ziomek.<\/p>\t\t\t\t\t\t\t\t<\/div>\n\t\t\t\t<\/div>\n\t\t\t\t\t<\/div>\n\t\t<\/div>\n\t\t\t\t<div class=\"elementor-column elementor-col-50 elementor-inner-column elementor-element elementor-element-7cc33a0\" data-id=\"7cc33a0\" data-element_type=\"column\" data-e-type=\"column\">\n\t\t\t<div class=\"elementor-widget-wrap elementor-element-populated\">\n\t\t\t\t\t\t<div class=\"elementor-element elementor-element-1b68278 elementor-widget elementor-widget-image\" data-id=\"1b68278\" data-element_type=\"widget\" data-e-type=\"widget\" data-widget_type=\"image.default\">\n\t\t\t\t<div class=\"elementor-widget-container\">\n\t\t\t\t\t\t\t\t\t\t\t\t<figure class=\"wp-caption\">\n\t\t\t\t\t\t\t\t\t\t<img decoding=\"async\" width=\"683\" height=\"1024\" src=\"https:\/\/www.lichen.pl\/wp-content\/uploads\/2021\/05\/MAzowsze-2-683x1024.jpg\" class=\"attachment-large size-large wp-image-10576\" alt=\"\" srcset=\"https:\/\/www.lichen.pl\/wp-content\/uploads\/2021\/05\/MAzowsze-2-683x1024.jpg 683w, https:\/\/www.lichen.pl\/wp-content\/uploads\/2021\/05\/MAzowsze-2-800x1199.jpg 800w, https:\/\/www.lichen.pl\/wp-content\/uploads\/2021\/05\/MAzowsze-2-200x300.jpg 200w, https:\/\/www.lichen.pl\/wp-content\/uploads\/2021\/05\/MAzowsze-2-768x1152.jpg 768w, https:\/\/www.lichen.pl\/wp-content\/uploads\/2021\/05\/MAzowsze-2-1024x1536.jpg 1024w, https:\/\/www.lichen.pl\/wp-content\/uploads\/2021\/05\/MAzowsze-2.jpg 854w\" sizes=\"(max-width: 683px) 100vw, 683px\" \/>\t\t\t\t\t\t\t\t\t\t\t<figcaption class=\"widget-image-caption wp-caption-text\">Coro e Orchestra dell&#039;Ensemble Nazionale di Canto e Danza &quot;Mazowsze&quot;, basilica, 30 maggio 2021<\/figcaption>\n\t\t\t\t\t\t\t\t\t\t<\/figure>\n\t\t\t\t\t\t\t\t\t<\/div>\n\t\t\t\t<\/div>\n\t\t\t\t\t<\/div>\n\t\t<\/div>\n\t\t\t\t\t<\/div>\n\t\t<\/section>\n\t\t\t\t<div class=\"elementor-element elementor-element-179c504 elementor-widget elementor-widget-spacer\" data-id=\"179c504\" data-element_type=\"widget\" data-e-type=\"widget\" data-widget_type=\"spacer.default\">\n\t\t\t\t<div class=\"elementor-widget-container\">\n\t\t\t\t\t\t\t<div class=\"elementor-spacer\">\n\t\t\t<div class=\"elementor-spacer-inner\"><\/div>\n\t\t<\/div>\n\t\t\t\t\t\t<\/div>\n\t\t\t\t<\/div>\n\t\t\t\t<div class=\"elementor-element elementor-element-786ef79 elementor-widget elementor-widget-gallery\" data-id=\"786ef79\" data-element_type=\"widget\" data-e-type=\"widget\" data-settings=\"{&quot;lazyload&quot;:&quot;yes&quot;,&quot;gallery_layout&quot;:&quot;grid&quot;,&quot;columns&quot;:4,&quot;columns_tablet&quot;:2,&quot;columns_mobile&quot;:1,&quot;gap&quot;:{&quot;unit&quot;:&quot;px&quot;,&quot;size&quot;:10,&quot;sizes&quot;:[]},&quot;gap_tablet&quot;:{&quot;unit&quot;:&quot;px&quot;,&quot;size&quot;:10,&quot;sizes&quot;:[]},&quot;gap_mobile&quot;:{&quot;unit&quot;:&quot;px&quot;,&quot;size&quot;:10,&quot;sizes&quot;:[]},&quot;link_to&quot;:&quot;file&quot;,&quot;aspect_ratio&quot;:&quot;3:2&quot;,&quot;overlay_background&quot;:&quot;yes&quot;,&quot;content_hover_animation&quot;:&quot;fade-in&quot;}\" data-widget_type=\"gallery.default\">\n\t\t\t\t<div class=\"elementor-widget-container\">\n\t\t\t\t\t\t\t<div class=\"elementor-gallery__container\">\n\t\t\t\t\t\t\t<a class=\"e-gallery-item elementor-gallery-item elementor-animated-content\" href=\"https:\/\/www.lichen.pl\/wp-content\/uploads\/2021\/05\/LICHEN-PERLY-FB-EVENT.png\" data-elementor-open-lightbox=\"yes\" data-elementor-lightbox-slideshow=\"786ef79\" data-elementor-lightbox-title=\"LICHE\u0143-PER\u0141Y-FB-EVENT\" data-e-action-hash=\"#elementor-action%3Aaction%3Dlightbox%26settings%3DeyJpZCI6OTc0OCwidXJsIjoiaHR0cHM6XC9cL3d3dy5saWNoZW4ucGxcL3dwLWNvbnRlbnRcL3VwbG9hZHNcLzIwMjFcLzA1XC9MSUNIRU4tUEVSTFktRkItRVZFTlQucG5nIiwic2xpZGVzaG93IjoiNzg2ZWY3OSJ9\">\n\t\t\t\t\t<div class=\"e-gallery-image elementor-gallery-item__image\" data-thumbnail=\"https:\/\/www.lichen.pl\/wp-content\/uploads\/2021\/05\/LICHEN-PERLY-FB-EVENT-300x157.png\" data-width=\"300\" data-height=\"157\" aria-label=\"\" role=\"img\" ><\/div>\n\t\t\t\t\t\t\t\t\t\t\t<div class=\"elementor-gallery-item__overlay\"><\/div>\n\t\t\t\t\t\t\t\t\t\t\t\t\t\t<\/a>\n\t\t\t\t\t\t\t<a class=\"e-gallery-item elementor-gallery-item elementor-animated-content\" href=\"https:\/\/www.lichen.pl\/wp-content\/uploads\/2021\/05\/Mazowsze.jpg\" data-elementor-open-lightbox=\"yes\" data-elementor-lightbox-slideshow=\"786ef79\" data-elementor-lightbox-title=\"Mazowsze\" data-e-action-hash=\"#elementor-action%3Aaction%3Dlightbox%26settings%3DeyJpZCI6MTA2MDEsInVybCI6Imh0dHBzOlwvXC93d3cubGljaGVuLnBsXC93cC1jb250ZW50XC91cGxvYWRzXC8yMDIxXC8wNVwvTWF6b3dzemUuanBnIiwic2xpZGVzaG93IjoiNzg2ZWY3OSJ9\">\n\t\t\t\t\t<div class=\"e-gallery-image elementor-gallery-item__image\" data-thumbnail=\"https:\/\/www.lichen.pl\/wp-content\/uploads\/2021\/05\/Mazowsze-300x200.jpg\" data-width=\"300\" data-height=\"200\" aria-label=\"\" role=\"img\" ><\/div>\n\t\t\t\t\t\t\t\t\t\t\t<div class=\"elementor-gallery-item__overlay\"><\/div>\n\t\t\t\t\t\t\t\t\t\t\t\t\t\t<\/a>\n\t\t\t\t\t\t\t<a class=\"e-gallery-item elementor-gallery-item elementor-animated-content\" href=\"https:\/\/www.lichen.pl\/wp-content\/uploads\/2021\/05\/MAzowsze-2.jpg\" data-elementor-open-lightbox=\"yes\" data-elementor-lightbox-slideshow=\"786ef79\" data-elementor-lightbox-title=\"MAzowsze, bazylika 3. maja 2021\" data-e-action-hash=\"#elementor-action%3Aaction%3Dlightbox%26settings%3DeyJpZCI6MTA1NzYsInVybCI6Imh0dHBzOlwvXC93d3cubGljaGVuLnBsXC93cC1jb250ZW50XC91cGxvYWRzXC8yMDIxXC8wNVwvTUF6b3dzemUtMi5qcGciLCJzbGlkZXNob3ciOiI3ODZlZjc5In0%3D\">\n\t\t\t\t\t<div class=\"e-gallery-image elementor-gallery-item__image\" data-thumbnail=\"https:\/\/www.lichen.pl\/wp-content\/uploads\/2021\/05\/MAzowsze-2-200x300.jpg\" data-width=\"200\" data-height=\"300\" aria-label=\"\" role=\"img\" ><\/div>\n\t\t\t\t\t\t\t\t\t\t\t<div class=\"elementor-gallery-item__overlay\"><\/div>\n\t\t\t\t\t\t\t\t\t\t\t\t\t\t<\/a>\n\t\t\t\t\t\t\t<a class=\"e-gallery-item elementor-gallery-item elementor-animated-content\" href=\"https:\/\/www.lichen.pl\/wp-content\/uploads\/2021\/05\/MAzowsze-3.jpg\" data-elementor-open-lightbox=\"yes\" data-elementor-lightbox-slideshow=\"786ef79\" data-elementor-lightbox-title=\"MAzowsze 3\" data-e-action-hash=\"#elementor-action%3Aaction%3Dlightbox%26settings%3DeyJpZCI6MTA1ODYsInVybCI6Imh0dHBzOlwvXC93d3cubGljaGVuLnBsXC93cC1jb250ZW50XC91cGxvYWRzXC8yMDIxXC8wNVwvTUF6b3dzemUtMy5qcGciLCJzbGlkZXNob3ciOiI3ODZlZjc5In0%3D\">\n\t\t\t\t\t<div class=\"e-gallery-image elementor-gallery-item__image\" data-thumbnail=\"https:\/\/www.lichen.pl\/wp-content\/uploads\/2021\/05\/MAzowsze-3-200x300.jpg\" data-width=\"200\" data-height=\"300\" aria-label=\"\" role=\"img\" ><\/div>\n\t\t\t\t\t\t\t\t\t\t\t<div class=\"elementor-gallery-item__overlay\"><\/div>\n\t\t\t\t\t\t\t\t\t\t\t\t\t\t<\/a>\n\t\t\t\t\t\t\t<a class=\"e-gallery-item elementor-gallery-item elementor-animated-content\" href=\"https:\/\/www.lichen.pl\/wp-content\/uploads\/2021\/05\/MAzowsze-4.jpg\" data-elementor-open-lightbox=\"yes\" data-elementor-lightbox-slideshow=\"786ef79\" data-elementor-lightbox-title=\"MAzowsze 4\" data-e-action-hash=\"#elementor-action%3Aaction%3Dlightbox%26settings%3DeyJpZCI6MTA1OTEsInVybCI6Imh0dHBzOlwvXC93d3cubGljaGVuLnBsXC93cC1jb250ZW50XC91cGxvYWRzXC8yMDIxXC8wNVwvTUF6b3dzemUtNC5qcGciLCJzbGlkZXNob3ciOiI3ODZlZjc5In0%3D\">\n\t\t\t\t\t<div class=\"e-gallery-image elementor-gallery-item__image\" data-thumbnail=\"https:\/\/www.lichen.pl\/wp-content\/uploads\/2021\/05\/MAzowsze-4-300x200.jpg\" data-width=\"300\" data-height=\"200\" aria-label=\"\" role=\"img\" ><\/div>\n\t\t\t\t\t\t\t\t\t\t\t<div class=\"elementor-gallery-item__overlay\"><\/div>\n\t\t\t\t\t\t\t\t\t\t\t\t\t\t<\/a>\n\t\t\t\t\t\t\t<a class=\"e-gallery-item elementor-gallery-item elementor-animated-content\" href=\"https:\/\/www.lichen.pl\/wp-content\/uploads\/2021\/05\/MAzowsze-5.jpg\" data-elementor-open-lightbox=\"yes\" data-elementor-lightbox-slideshow=\"786ef79\" data-elementor-lightbox-title=\"MAzowsze 5\" data-e-action-hash=\"#elementor-action%3Aaction%3Dlightbox%26settings%3DeyJpZCI6MTA1OTYsInVybCI6Imh0dHBzOlwvXC93d3cubGljaGVuLnBsXC93cC1jb250ZW50XC91cGxvYWRzXC8yMDIxXC8wNVwvTUF6b3dzemUtNS5qcGciLCJzbGlkZXNob3ciOiI3ODZlZjc5In0%3D\">\n\t\t\t\t\t<div class=\"e-gallery-image elementor-gallery-item__image\" data-thumbnail=\"https:\/\/www.lichen.pl\/wp-content\/uploads\/2021\/05\/MAzowsze-5-200x300.jpg\" data-width=\"200\" data-height=\"300\" aria-label=\"\" role=\"img\" ><\/div>\n\t\t\t\t\t\t\t\t\t\t\t<div class=\"elementor-gallery-item__overlay\"><\/div>\n\t\t\t\t\t\t\t\t\t\t\t\t\t\t<\/a>\n\t\t\t\t\t\t\t<a class=\"e-gallery-item elementor-gallery-item elementor-animated-content\" href=\"https:\/\/www.lichen.pl\/wp-content\/uploads\/2021\/05\/MAzowsze-1.jpg\" data-elementor-open-lightbox=\"yes\" data-elementor-lightbox-slideshow=\"786ef79\" data-elementor-lightbox-title=\"MAzowsze 1\" data-e-action-hash=\"#elementor-action%3Aaction%3Dlightbox%26settings%3DeyJpZCI6MTA1ODEsInVybCI6Imh0dHBzOlwvXC93d3cubGljaGVuLnBsXC93cC1jb250ZW50XC91cGxvYWRzXC8yMDIxXC8wNVwvTUF6b3dzemUtMS5qcGciLCJzbGlkZXNob3ciOiI3ODZlZjc5In0%3D\">\n\t\t\t\t\t<div class=\"e-gallery-image elementor-gallery-item__image\" data-thumbnail=\"https:\/\/www.lichen.pl\/wp-content\/uploads\/2021\/05\/MAzowsze-1-300x200.jpg\" data-width=\"300\" data-height=\"200\" aria-label=\"\" role=\"img\" ><\/div>\n\t\t\t\t\t\t\t\t\t\t\t<div class=\"elementor-gallery-item__overlay\"><\/div>\n\t\t\t\t\t\t\t\t\t\t\t\t\t\t<\/a>\n\t\t\t\t\t<\/div>\n\t\t\t\t\t<\/div>\n\t\t\t\t<\/div>\n\t\t\t\t<div class=\"elementor-element elementor-element-28a6703 elementor-widget-divider--view-line elementor-widget elementor-widget-divider\" data-id=\"28a6703\" data-element_type=\"widget\" data-e-type=\"widget\" data-widget_type=\"divider.default\">\n\t\t\t\t<div class=\"elementor-widget-container\">\n\t\t\t\t\t\t\t<div class=\"elementor-divider\">\n\t\t\t<span class=\"elementor-divider-separator\">\n\t\t\t\t\t\t<\/span>\n\t\t<\/div>\n\t\t\t\t\t\t<\/div>\n\t\t\t\t<\/div>\n\t\t\t\t\t<\/div>\n\t\t<\/div>\n\t\t\t\t\t<\/div>\n\t\t<\/section>\n\t\t\t\t<\/div>","protected":false},"excerpt":{"rendered":"<p>W uroczysto\u015b\u0107 Naj\u015bwi\u0119tszej Tr\u00f3jcy, 30 maja liche\u0144ska bazylika go\u015bci\u0142a Ch\u00f3r i Orkiestr\u0119 Pa\u0144stwowego Zespo\u0142u Pie\u015bni i Ta\u0144ca \u201eMazowsze\u201d im. Tadeusza Sygiety\u0144skiego. Pod batut\u0105 Maestro Jacka Bonieckiego arty\u015bci towarzyszyli swoj\u0105 muzyk\u0105 po\u0142udniowej Mszy \u015awi\u0119tej, a po liturgii uraczyli zebranych niezwyk\u0142ym koncertem. G\u0142\u00f3wna Msza \u015awi\u0119ta w bazylice zosta\u0142a odprawiona o godzinie 12.00 pod przewodnictwem ks. Bogus\u0142awa Bindy [&hellip;]<\/p>\n","protected":false},"author":4,"featured_media":10581,"comment_status":"open","ping_status":"open","sticky":false,"template":"","format":"standard","meta":{"footnotes":""},"categories":[1],"tags":[],"class_list":["post-9746","post","type-post","status-publish","format-standard","has-post-thumbnail","hentry","category-aktualnosci","wpbf-post"],"yoast_head":"<!-- This site is optimized with the Yoast SEO plugin v27.4 - https:\/\/yoast.com\/product\/yoast-seo-wordpress\/ -->\n<title>&quot;Per\u0142y muzyki sakralnej&quot; - koncert w liche\u0144skiej bazylice - SANKTUARIUM W LICHENIU<\/title>\n<meta name=\"robots\" content=\"index, follow, max-snippet:-1, max-image-preview:large, max-video-preview:-1\" \/>\n<link rel=\"canonical\" href=\"http:\/\/www.lichen.pl\/it\/mazowsze-i-perly-muzyki-sakralnej-w-licheniu\/\" \/>\n<meta property=\"og:locale\" content=\"it_IT\" \/>\n<meta property=\"og:type\" content=\"article\" \/>\n<meta property=\"og:title\" content=\"&quot;Per\u0142y muzyki sakralnej&quot; - koncert w liche\u0144skiej bazylice - SANKTUARIUM W LICHENIU\" \/>\n<meta property=\"og:description\" content=\"W uroczysto\u015b\u0107 Naj\u015bwi\u0119tszej Tr\u00f3jcy, 30 maja liche\u0144ska bazylika go\u015bci\u0142a Ch\u00f3r i Orkiestr\u0119 Pa\u0144stwowego Zespo\u0142u Pie\u015bni i Ta\u0144ca \u201eMazowsze\u201d im. Tadeusza Sygiety\u0144skiego. Pod batut\u0105 Maestro Jacka Bonieckiego arty\u015bci towarzyszyli swoj\u0105 muzyk\u0105 po\u0142udniowej Mszy \u015awi\u0119tej, a po liturgii uraczyli zebranych niezwyk\u0142ym koncertem. G\u0142\u00f3wna Msza \u015awi\u0119ta w bazylice zosta\u0142a odprawiona o godzinie 12.00 pod przewodnictwem ks. Bogus\u0142awa Bindy [&hellip;]\" \/>\n<meta property=\"og:url\" content=\"http:\/\/www.lichen.pl\/it\/mazowsze-i-perly-muzyki-sakralnej-w-licheniu\/\" \/>\n<meta property=\"og:site_name\" content=\"SANKTUARIUM W LICHENIU\" \/>\n<meta property=\"article:published_time\" content=\"2021-05-31T14:00:12+00:00\" \/>\n<meta property=\"article:modified_time\" content=\"2021-06-07T08:09:36+00:00\" \/>\n<meta property=\"og:image\" content=\"http:\/\/www.lichen.pl\/wp-content\/uploads\/2021\/05\/MAzowsze-1.jpg\" \/>\n\t<meta property=\"og:image:width\" content=\"1333\" \/>\n\t<meta property=\"og:image:height\" content=\"889\" \/>\n\t<meta property=\"og:image:type\" content=\"image\/jpeg\" \/>\n<meta name=\"author\" content=\"ROBERT ADAMCZYK\" \/>\n<meta name=\"twitter:card\" content=\"summary_large_image\" \/>\n<meta name=\"twitter:label1\" content=\"Scritto da\" \/>\n\t<meta name=\"twitter:data1\" content=\"ROBERT ADAMCZYK\" \/>\n\t<meta name=\"twitter:label2\" content=\"Tempo di lettura stimato\" \/>\n\t<meta name=\"twitter:data2\" content=\"4 minuti\" \/>\n<script type=\"application\/ld+json\" class=\"yoast-schema-graph\">{\"@context\":\"https:\\\/\\\/schema.org\",\"@graph\":[{\"@type\":\"Article\",\"@id\":\"http:\\\/\\\/www.lichen.pl\\\/de\\\/mazowsze-i-perly-muzyki-sakralnej-w-licheniu\\\/#article\",\"isPartOf\":{\"@id\":\"http:\\\/\\\/www.lichen.pl\\\/de\\\/mazowsze-i-perly-muzyki-sakralnej-w-licheniu\\\/\"},\"author\":{\"name\":\"ROBERT ADAMCZYK\",\"@id\":\"https:\\\/\\\/www.lichen.pl\\\/fr\\\/#\\\/schema\\\/person\\\/c06cd926b95870cc59f18d6ee6e33da5\"},\"headline\":\"&#8220;Per\u0142y muzyki sakralnej&#8221; &#8211; koncert w liche\u0144skiej bazylice\",\"datePublished\":\"2021-05-31T14:00:12+00:00\",\"dateModified\":\"2021-06-07T08:09:36+00:00\",\"mainEntityOfPage\":{\"@id\":\"http:\\\/\\\/www.lichen.pl\\\/de\\\/mazowsze-i-perly-muzyki-sakralnej-w-licheniu\\\/\"},\"wordCount\":729,\"commentCount\":0,\"image\":{\"@id\":\"http:\\\/\\\/www.lichen.pl\\\/de\\\/mazowsze-i-perly-muzyki-sakralnej-w-licheniu\\\/#primaryimage\"},\"thumbnailUrl\":\"https:\\\/\\\/www.lichen.pl\\\/wp-content\\\/uploads\\\/2021\\\/05\\\/MAzowsze-1.jpg\",\"articleSection\":[\"Aktualno\u015bci\"],\"inLanguage\":\"it-IT\",\"potentialAction\":[{\"@type\":\"CommentAction\",\"name\":\"Comment\",\"target\":[\"http:\\\/\\\/www.lichen.pl\\\/de\\\/mazowsze-i-perly-muzyki-sakralnej-w-licheniu\\\/#respond\"]}]},{\"@type\":\"WebPage\",\"@id\":\"http:\\\/\\\/www.lichen.pl\\\/de\\\/mazowsze-i-perly-muzyki-sakralnej-w-licheniu\\\/\",\"url\":\"http:\\\/\\\/www.lichen.pl\\\/de\\\/mazowsze-i-perly-muzyki-sakralnej-w-licheniu\\\/\",\"name\":\"\\\"Per\u0142y muzyki sakralnej\\\" - koncert w liche\u0144skiej bazylice - SANKTUARIUM W LICHENIU\",\"isPartOf\":{\"@id\":\"https:\\\/\\\/www.lichen.pl\\\/fr\\\/#website\"},\"primaryImageOfPage\":{\"@id\":\"http:\\\/\\\/www.lichen.pl\\\/de\\\/mazowsze-i-perly-muzyki-sakralnej-w-licheniu\\\/#primaryimage\"},\"image\":{\"@id\":\"http:\\\/\\\/www.lichen.pl\\\/de\\\/mazowsze-i-perly-muzyki-sakralnej-w-licheniu\\\/#primaryimage\"},\"thumbnailUrl\":\"https:\\\/\\\/www.lichen.pl\\\/wp-content\\\/uploads\\\/2021\\\/05\\\/MAzowsze-1.jpg\",\"datePublished\":\"2021-05-31T14:00:12+00:00\",\"dateModified\":\"2021-06-07T08:09:36+00:00\",\"author\":{\"@id\":\"https:\\\/\\\/www.lichen.pl\\\/fr\\\/#\\\/schema\\\/person\\\/c06cd926b95870cc59f18d6ee6e33da5\"},\"breadcrumb\":{\"@id\":\"http:\\\/\\\/www.lichen.pl\\\/de\\\/mazowsze-i-perly-muzyki-sakralnej-w-licheniu\\\/#breadcrumb\"},\"inLanguage\":\"it-IT\",\"potentialAction\":[{\"@type\":\"ReadAction\",\"target\":[\"http:\\\/\\\/www.lichen.pl\\\/de\\\/mazowsze-i-perly-muzyki-sakralnej-w-licheniu\\\/\"]}]},{\"@type\":\"ImageObject\",\"inLanguage\":\"it-IT\",\"@id\":\"http:\\\/\\\/www.lichen.pl\\\/de\\\/mazowsze-i-perly-muzyki-sakralnej-w-licheniu\\\/#primaryimage\",\"url\":\"https:\\\/\\\/www.lichen.pl\\\/wp-content\\\/uploads\\\/2021\\\/05\\\/MAzowsze-1.jpg\",\"contentUrl\":\"https:\\\/\\\/www.lichen.pl\\\/wp-content\\\/uploads\\\/2021\\\/05\\\/MAzowsze-1.jpg\",\"width\":1333,\"height\":889,\"caption\":\"Mazowsze, bazylika 30 maja 2021\"},{\"@type\":\"BreadcrumbList\",\"@id\":\"http:\\\/\\\/www.lichen.pl\\\/de\\\/mazowsze-i-perly-muzyki-sakralnej-w-licheniu\\\/#breadcrumb\",\"itemListElement\":[{\"@type\":\"ListItem\",\"position\":1,\"name\":\"Strona g\u0142\u00f3wna\",\"item\":\"https:\\\/\\\/www.lichen.pl\\\/\"},{\"@type\":\"ListItem\",\"position\":2,\"name\":\"&#8220;Per\u0142y muzyki sakralnej&#8221; &#8211; koncert w liche\u0144skiej bazylice\"}]},{\"@type\":\"WebSite\",\"@id\":\"https:\\\/\\\/www.lichen.pl\\\/fr\\\/#website\",\"url\":\"https:\\\/\\\/www.lichen.pl\\\/fr\\\/\",\"name\":\"SANKTUARIUM W LICHENIU\",\"description\":\"MATKI BO\u017bEJ LICHE\u0143SKIEJ BOLESNEJ KR\u00d3LOWEJ POLSKI\",\"potentialAction\":[{\"@type\":\"SearchAction\",\"target\":{\"@type\":\"EntryPoint\",\"urlTemplate\":\"https:\\\/\\\/www.lichen.pl\\\/fr\\\/?s={search_term_string}\"},\"query-input\":{\"@type\":\"PropertyValueSpecification\",\"valueRequired\":true,\"valueName\":\"search_term_string\"}}],\"inLanguage\":\"it-IT\"},{\"@type\":\"Person\",\"@id\":\"https:\\\/\\\/www.lichen.pl\\\/fr\\\/#\\\/schema\\\/person\\\/c06cd926b95870cc59f18d6ee6e33da5\",\"name\":\"ROBERT ADAMCZYK\",\"image\":{\"@type\":\"ImageObject\",\"inLanguage\":\"it-IT\",\"@id\":\"https:\\\/\\\/secure.gravatar.com\\\/avatar\\\/53c330430596e73552f4c356c2e47c209ff8f6352a5106011c9b6abcce5e00df?s=96&d=retro&r=g\",\"url\":\"https:\\\/\\\/secure.gravatar.com\\\/avatar\\\/53c330430596e73552f4c356c2e47c209ff8f6352a5106011c9b6abcce5e00df?s=96&d=retro&r=g\",\"contentUrl\":\"https:\\\/\\\/secure.gravatar.com\\\/avatar\\\/53c330430596e73552f4c356c2e47c209ff8f6352a5106011c9b6abcce5e00df?s=96&d=retro&r=g\",\"caption\":\"ROBERT ADAMCZYK\"},\"url\":\"https:\\\/\\\/www.lichen.pl\\\/it\\\/author\\\/press\\\/\"}]}<\/script>\n<!-- \/ Yoast SEO plugin. -->","yoast_head_json":{"title":"\"Per\u0142y muzyki sakralnej\" - koncert w liche\u0144skiej bazylice - SANKTUARIUM W LICHENIU","robots":{"index":"index","follow":"follow","max-snippet":"max-snippet:-1","max-image-preview":"max-image-preview:large","max-video-preview":"max-video-preview:-1"},"canonical":"http:\/\/www.lichen.pl\/it\/mazowsze-i-perly-muzyki-sakralnej-w-licheniu\/","og_locale":"it_IT","og_type":"article","og_title":"\"Per\u0142y muzyki sakralnej\" - koncert w liche\u0144skiej bazylice - SANKTUARIUM W LICHENIU","og_description":"W uroczysto\u015b\u0107 Naj\u015bwi\u0119tszej Tr\u00f3jcy, 30 maja liche\u0144ska bazylika go\u015bci\u0142a Ch\u00f3r i Orkiestr\u0119 Pa\u0144stwowego Zespo\u0142u Pie\u015bni i Ta\u0144ca \u201eMazowsze\u201d im. Tadeusza Sygiety\u0144skiego. Pod batut\u0105 Maestro Jacka Bonieckiego arty\u015bci towarzyszyli swoj\u0105 muzyk\u0105 po\u0142udniowej Mszy \u015awi\u0119tej, a po liturgii uraczyli zebranych niezwyk\u0142ym koncertem. G\u0142\u00f3wna Msza \u015awi\u0119ta w bazylice zosta\u0142a odprawiona o godzinie 12.00 pod przewodnictwem ks. Bogus\u0142awa Bindy [&hellip;]","og_url":"http:\/\/www.lichen.pl\/it\/mazowsze-i-perly-muzyki-sakralnej-w-licheniu\/","og_site_name":"SANKTUARIUM W LICHENIU","article_published_time":"2021-05-31T14:00:12+00:00","article_modified_time":"2021-06-07T08:09:36+00:00","og_image":[{"width":1333,"height":889,"url":"http:\/\/www.lichen.pl\/wp-content\/uploads\/2021\/05\/MAzowsze-1.jpg","type":"image\/jpeg"}],"author":"ROBERT ADAMCZYK","twitter_card":"summary_large_image","twitter_misc":{"Scritto da":"ROBERT ADAMCZYK","Tempo di lettura stimato":"4 minuti"},"schema":{"@context":"https:\/\/schema.org","@graph":[{"@type":"Article","@id":"http:\/\/www.lichen.pl\/de\/mazowsze-i-perly-muzyki-sakralnej-w-licheniu\/#article","isPartOf":{"@id":"http:\/\/www.lichen.pl\/de\/mazowsze-i-perly-muzyki-sakralnej-w-licheniu\/"},"author":{"name":"ROBERT ADAMCZYK","@id":"https:\/\/www.lichen.pl\/fr\/#\/schema\/person\/c06cd926b95870cc59f18d6ee6e33da5"},"headline":"&#8220;Per\u0142y muzyki sakralnej&#8221; &#8211; koncert w liche\u0144skiej bazylice","datePublished":"2021-05-31T14:00:12+00:00","dateModified":"2021-06-07T08:09:36+00:00","mainEntityOfPage":{"@id":"http:\/\/www.lichen.pl\/de\/mazowsze-i-perly-muzyki-sakralnej-w-licheniu\/"},"wordCount":729,"commentCount":0,"image":{"@id":"http:\/\/www.lichen.pl\/de\/mazowsze-i-perly-muzyki-sakralnej-w-licheniu\/#primaryimage"},"thumbnailUrl":"https:\/\/www.lichen.pl\/wp-content\/uploads\/2021\/05\/MAzowsze-1.jpg","articleSection":["Aktualno\u015bci"],"inLanguage":"it-IT","potentialAction":[{"@type":"CommentAction","name":"Comment","target":["http:\/\/www.lichen.pl\/de\/mazowsze-i-perly-muzyki-sakralnej-w-licheniu\/#respond"]}]},{"@type":"WebPage","@id":"http:\/\/www.lichen.pl\/de\/mazowsze-i-perly-muzyki-sakralnej-w-licheniu\/","url":"http:\/\/www.lichen.pl\/de\/mazowsze-i-perly-muzyki-sakralnej-w-licheniu\/","name":"\"Per\u0142y muzyki sakralnej\" - koncert w liche\u0144skiej bazylice - SANKTUARIUM W LICHENIU","isPartOf":{"@id":"https:\/\/www.lichen.pl\/fr\/#website"},"primaryImageOfPage":{"@id":"http:\/\/www.lichen.pl\/de\/mazowsze-i-perly-muzyki-sakralnej-w-licheniu\/#primaryimage"},"image":{"@id":"http:\/\/www.lichen.pl\/de\/mazowsze-i-perly-muzyki-sakralnej-w-licheniu\/#primaryimage"},"thumbnailUrl":"https:\/\/www.lichen.pl\/wp-content\/uploads\/2021\/05\/MAzowsze-1.jpg","datePublished":"2021-05-31T14:00:12+00:00","dateModified":"2021-06-07T08:09:36+00:00","author":{"@id":"https:\/\/www.lichen.pl\/fr\/#\/schema\/person\/c06cd926b95870cc59f18d6ee6e33da5"},"breadcrumb":{"@id":"http:\/\/www.lichen.pl\/de\/mazowsze-i-perly-muzyki-sakralnej-w-licheniu\/#breadcrumb"},"inLanguage":"it-IT","potentialAction":[{"@type":"ReadAction","target":["http:\/\/www.lichen.pl\/de\/mazowsze-i-perly-muzyki-sakralnej-w-licheniu\/"]}]},{"@type":"ImageObject","inLanguage":"it-IT","@id":"http:\/\/www.lichen.pl\/de\/mazowsze-i-perly-muzyki-sakralnej-w-licheniu\/#primaryimage","url":"https:\/\/www.lichen.pl\/wp-content\/uploads\/2021\/05\/MAzowsze-1.jpg","contentUrl":"https:\/\/www.lichen.pl\/wp-content\/uploads\/2021\/05\/MAzowsze-1.jpg","width":1333,"height":889,"caption":"Mazowsze, bazylika 30 maja 2021"},{"@type":"BreadcrumbList","@id":"http:\/\/www.lichen.pl\/de\/mazowsze-i-perly-muzyki-sakralnej-w-licheniu\/#breadcrumb","itemListElement":[{"@type":"ListItem","position":1,"name":"Strona g\u0142\u00f3wna","item":"https:\/\/www.lichen.pl\/"},{"@type":"ListItem","position":2,"name":"&#8220;Per\u0142y muzyki sakralnej&#8221; &#8211; koncert w liche\u0144skiej bazylice"}]},{"@type":"WebSite","@id":"https:\/\/www.lichen.pl\/fr\/#website","url":"https:\/\/www.lichen.pl\/fr\/","name":"SANTUARIO IN LICHENIA","description":"LA REGINA ADOLORATA DEL NOSTRO LICHENE DI POLONIA","potentialAction":[{"@type":"SearchAction","target":{"@type":"EntryPoint","urlTemplate":"https:\/\/www.lichen.pl\/fr\/?s={search_term_string}"},"query-input":{"@type":"PropertyValueSpecification","valueRequired":true,"valueName":"search_term_string"}}],"inLanguage":"it-IT"},{"@type":"Person","@id":"https:\/\/www.lichen.pl\/fr\/#\/schema\/person\/c06cd926b95870cc59f18d6ee6e33da5","name":"ROBERT ADAMCZYK","image":{"@type":"ImageObject","inLanguage":"it-IT","@id":"https:\/\/secure.gravatar.com\/avatar\/53c330430596e73552f4c356c2e47c209ff8f6352a5106011c9b6abcce5e00df?s=96&d=retro&r=g","url":"https:\/\/secure.gravatar.com\/avatar\/53c330430596e73552f4c356c2e47c209ff8f6352a5106011c9b6abcce5e00df?s=96&d=retro&r=g","contentUrl":"https:\/\/secure.gravatar.com\/avatar\/53c330430596e73552f4c356c2e47c209ff8f6352a5106011c9b6abcce5e00df?s=96&d=retro&r=g","caption":"ROBERT ADAMCZYK"},"url":"https:\/\/www.lichen.pl\/it\/author\/press\/"}]}},"_links":{"self":[{"href":"https:\/\/www.lichen.pl\/it\/wp-json\/wp\/v2\/posts\/9746","targetHints":{"allow":["GET"]}}],"collection":[{"href":"https:\/\/www.lichen.pl\/it\/wp-json\/wp\/v2\/posts"}],"about":[{"href":"https:\/\/www.lichen.pl\/it\/wp-json\/wp\/v2\/types\/post"}],"author":[{"embeddable":true,"href":"https:\/\/www.lichen.pl\/it\/wp-json\/wp\/v2\/users\/4"}],"replies":[{"embeddable":true,"href":"https:\/\/www.lichen.pl\/it\/wp-json\/wp\/v2\/comments?post=9746"}],"version-history":[{"count":31,"href":"https:\/\/www.lichen.pl\/it\/wp-json\/wp\/v2\/posts\/9746\/revisions"}],"predecessor-version":[{"id":10808,"href":"https:\/\/www.lichen.pl\/it\/wp-json\/wp\/v2\/posts\/9746\/revisions\/10808"}],"wp:featuredmedia":[{"embeddable":true,"href":"https:\/\/www.lichen.pl\/it\/wp-json\/wp\/v2\/media\/10581"}],"wp:attachment":[{"href":"https:\/\/www.lichen.pl\/it\/wp-json\/wp\/v2\/media?parent=9746"}],"wp:term":[{"taxonomy":"category","embeddable":true,"href":"https:\/\/www.lichen.pl\/it\/wp-json\/wp\/v2\/categories?post=9746"},{"taxonomy":"post_tag","embeddable":true,"href":"https:\/\/www.lichen.pl\/it\/wp-json\/wp\/v2\/tags?post=9746"}],"curies":[{"name":"wp","href":"https:\/\/api.w.org\/{rel}","templated":true}]}}